{"id":478010,"date":"2014-01-24T08:19:11","date_gmt":"2014-01-24T09:19:11","guid":{"rendered":"http:\/\/www.eldigitaldeasturias.com\/noticias\/?p=478010"},"modified":"2014-01-24T08:19:11","modified_gmt":"2014-01-24T09:19:11","slug":"el-particular-viaje-hacia-el-turista-espanol-de-un-autobus-del-pais-de-moda","status":"publish","type":"post","link":"https:\/\/www.eldigitaldeasturias.com\/noticias\/el-particular-viaje-hacia-el-turista-espanol-de-un-autobus-del-pais-de-moda\/","title":{"rendered":"El particular viaje hacia el turista espa\u00f1ol de un autob\u00fas del pa\u00eds \u00abde moda\u00bb"},"content":{"rendered":"<p><img loading=\"lazy\" decoding=\"async\" class=\"alignleft size-medium wp-image-478011\" alt=\"5871477w\" src=\"https:\/\/www.eldigitaldeasturias.com\/noticias\/wp-content\/uploads\/2014\/01\/5871477w-360x239.jpg\" width=\"360\" height=\"239\" \/>Madrid, 23 ene (EFE).- Emulando a aquella pel\u00edcula que Guillermo Casanova hizo en 2003 bas\u00e1ndose en un cuento de Juan Jos\u00e9 Morosoli, \u00abEl viaje hacia el mar\u00bb, un autob\u00fas efectuar\u00e1 un particular recorrido por las carreteras espa\u00f1olas acercando los atractivos de Uruguay, el \u00abpa\u00eds de moda\u00bb, a potenciales turistas.<\/p>\n<p>Durante un acto celebrado hoy en el marco de la Feria Internacional de Turismo (Fitur) de Madrid, el Ministerio de Turismo y Deporte de Uruguay present\u00f3 una de sus grandes apuestas con vistas a la captaci\u00f3n de clientes en 2014.<\/p>\n<p>Bajo el eslogan \u00abUruguay +Cerca\u00bb, el Gobierno del pa\u00eds suramericano ha dise\u00f1ado un autob\u00fas de 13,8 metros de largo y 4,7 metros de ancho que albergar\u00e1 informaci\u00f3n e im\u00e1genes de destinos diversos y catas de productos gastron\u00f3micos t\u00edpicos, entre otros atractivos, y que recorrer\u00e1 diez ciudades espa\u00f1olas.<\/p>\n<p>La ministra de Turismo y Deporte de Uruguay, Liliam Kechichi\u00e1n, coincidi\u00f3 con el embajador de ese pa\u00eds en Espa\u00f1a, Francisco Bustillo, en que se trata de una naci\u00f3n que \u00abse ha puesto de moda\u00bb y que eso tambi\u00e9n repercute en el sector tur\u00edstico.<\/p>\n<p>\u00abEste a\u00f1o hemos recibido una cifra cercana a los tres millones de turistas\u00bb, destac\u00f3 Kechichi\u00e1n, quien record\u00f3 que la poblaci\u00f3n de todo Uruguay alcanza esa misma cantidad y apunt\u00f3 que los ingresos por turismo se han cuadruplicado en la \u00faltima d\u00e9cada.<\/p>\n<p>En el evento celebrado hoy, y al que tambi\u00e9n asistieron el director nacional de Turismo, Benjam\u00edn Liberoff, y el presidente del grupo Globalia, Juan Jos\u00e9 Hidalgo, se premi\u00f3 a la agencia Efe, a la aerol\u00ednea Air Europa y al grupo Hosteltur por su contribuci\u00f3n a ese sector de la econom\u00eda uruguaya con la entrega de una hoja postal con las efigies de los integrantes de la selecci\u00f3n \u00abceleste\u00bb en el Mundial de Sud\u00e1frica 2010.<\/p>\n<p>Si en la pel\u00edcula de Casanova, un grupo de vecinos de un pueblo del interior uruguayo abordaba una furgoneta para divisar un mar desconocido por ellos, el autob\u00fas que el Gobierno de ese pa\u00eds har\u00e1 circular por Madrid, Sevilla, M\u00e1laga, Valencia, Barcelona, Zaragoza, Bilbao, A Coru\u00f1a, Santiago de Compostela y Vigo servir\u00e1 para que los ciudadanos espa\u00f1oles conozcan m\u00e1s ese destino.<\/p>\n<p>Pese a que Uruguay se ha hecho mundialmente famoso por la aprobaci\u00f3n reciente de leyes que \u00abreconocen derechos\u00bb, en palabras de Kechichi\u00e1n, entre ellos el comercio legal de marihuana, neg\u00f3 rotundamente que esta vaya a convertirse en \u00abproducto tur\u00edstico\u00bb.<\/p>\n<p>\u00abNo es legalizar, sino regularla, para sacar de enmedio al narcotraficante. En la ley se ha explicitado que no se va a vender a residentes y bajo ning\u00fan concepto se convertir\u00e1 en producto tur\u00edstico\u00bb, aclar\u00f3.<\/p>\n<p>El turismo rural y de naturaleza, la potenciaci\u00f3n de las v\u00edas n\u00e1uticas, la inclusi\u00f3n de Uruguay en los circuitos de ferias y convenciones y la explotaci\u00f3n de la cercan\u00eda con Brasil, pa\u00eds que este a\u00f1o celebra el Mundial de f\u00fatbol fueron otros de los aspectos destacados por la delegaci\u00f3n uruguaya durante su presentaci\u00f3n de hoy.<\/p>\n<p>La Feria Internacional de Turismo (Fitur) se celebra en Madrid desde el 22 al 26 de enero en el Recinto Ferial Ifema.<\/p>\n","protected":false},"excerpt":{"rendered":"<p>Madrid, 23 ene (EFE).- Emulando a aquella pel\u00edcula que Guillermo Casanova hizo en 2003 bas\u00e1ndose en un cuento de Juan Jos\u00e9 Morosoli, \u00abEl viaje hacia el mar\u00bb, un autob\u00fas efectuar\u00e1 un particular recorrido por las carreteras espa\u00f1olas acercando los atractivos de Uruguay, el \u00abpa\u00eds de moda\u00bb, a potenciales turistas. Durante un acto celebrado hoy en [&hellip;]<\/p>\n","protected":false},"author":1,"featured_media":0,"comment_status":"closed","ping_status":"open","sticky":false,"template":"","format":"standard","meta":{"footnotes":""},"categories":[148],"tags":[],"class_list":["post-478010","post","type-post","status-publish","format-standard","hentry","category-turismo"],"aioseo_notices":[],"aioseo_head":"\n\t\t<!-- All in One SEO Pro 4.9.6.2 - aioseo.com -->\n\t<meta name=\"description\" content=\"Madrid, 23 ene (EFE).- Emulando a aquella pel\u00edcula que Guillermo Casanova hizo en 2003 bas\u00e1ndose en un cuento de Juan Jos\u00e9 Morosoli, &quot;El viaje hacia el mar&quot;, un autob\u00fas efectuar\u00e1 un particular recorrido por las carreteras espa\u00f1olas acercando los atractivos de Uruguay, el &quot;pa\u00eds de moda&quot;, a potenciales turistas. Durante un acto celebrado hoy en\" \/>\n\t<meta name=\"robots\" content=\"max-image-preview:large\" \/>\n\t<meta name=\"author\" content=\"El Digital de Asturias\"\/>\n\t<meta name=\"google-site-verification\" content=\"UA-38556648-1\" \/>\n\t<meta name=\"msvalidate.01\" content=\"7dfe9f3f1b24437ab69f4f2559babe99\" \/>\n\t<meta name=\"keywords\" content=\"turismo\" \/>\n\t<link rel=\"canonical\" href=\"https:\/\/www.eldigitaldeasturias.com\/noticias\/el-particular-viaje-hacia-el-turista-espanol-de-un-autobus-del-pais-de-moda\/\" \/>\n\t<meta name=\"generator\" content=\"All in One SEO Pro (AIOSEO) 4.9.6.2\" \/>\n\t\t<meta property=\"og:locale\" content=\"es_ES\" \/>\n\t\t<meta property=\"og:site_name\" content=\"El Digital de Asturias\" \/>\n\t\t<meta property=\"og:type\" content=\"article\" \/>\n\t\t<meta property=\"og:title\" content=\"El particular viaje hacia el turista espa\u00f1ol de un autob\u00fas del pa\u00eds \u00abde moda\u00bb - El Digital de Asturias\" \/>\n\t\t<meta property=\"og:description\" content=\"Madrid, 23 ene (EFE).- Emulando a aquella pel\u00edcula que Guillermo Casanova hizo en 2003 bas\u00e1ndose en un cuento de Juan Jos\u00e9 Morosoli, &quot;El viaje hacia el mar&quot;, un autob\u00fas efectuar\u00e1 un particular recorrido por las carreteras espa\u00f1olas acercando los atractivos de Uruguay, el &quot;pa\u00eds de moda&quot;, a potenciales turistas. Durante un acto celebrado hoy en\" \/>\n\t\t<meta property=\"og:url\" content=\"https:\/\/www.eldigitaldeasturias.com\/noticias\/el-particular-viaje-hacia-el-turista-espanol-de-un-autobus-del-pais-de-moda\/\" \/>\n\t\t<meta property=\"article:tag\" content=\"turismo\" \/>\n\t\t<meta property=\"article:published_time\" content=\"2014-01-24T09:19:11+00:00\" \/>\n\t\t<meta property=\"article:modified_time\" content=\"2014-01-24T09:19:11+00:00\" \/>\n\t\t<meta property=\"article:publisher\" content=\"https:\/\/facebook.com\/eldigitaldeasturias\" \/>\n\t\t<meta name=\"twitter:card\" content=\"summary_large_image\" \/>\n\t\t<meta name=\"twitter:title\" content=\"El particular viaje hacia el turista espa\u00f1ol de un autob\u00fas del pa\u00eds \u00abde moda\u00bb - El Digital de Asturias\" \/>\n\t\t<meta name=\"twitter:description\" content=\"Madrid, 23 ene (EFE).- Emulando a aquella pel\u00edcula que Guillermo Casanova hizo en 2003 bas\u00e1ndose en un cuento de Juan Jos\u00e9 Morosoli, &quot;El viaje hacia el mar&quot;, un autob\u00fas efectuar\u00e1 un particular recorrido por las carreteras espa\u00f1olas acercando los atractivos de Uruguay, el &quot;pa\u00eds de moda&quot;, a potenciales turistas. Durante un acto celebrado hoy en\" \/>\n\t\t<meta name=\"twitter:label1\" content=\"Escrito por\" \/>\n\t\t<meta name=\"twitter:data1\" content=\"El Digital de Asturias\" \/>\n\t\t<meta name=\"twitter:label2\" content=\"Tiempo de lectura estimado\" \/>\n\t\t<meta name=\"twitter:data2\" content=\"3 minutos\" \/>\n\t\t<script type=\"application\/ld+json\" class=\"aioseo-schema\">\n\t\t\t{\"@context\":\"https:\\\/\\\/schema.org\",\"@graph\":[{\"@type\":\"BlogPosting\",\"@id\":\"https:\\\/\\\/www.eldigitaldeasturias.com\\\/noticias\\\/el-particular-viaje-hacia-el-turista-espanol-de-un-autobus-del-pais-de-moda\\\/#blogposting\",\"name\":\"El particular viaje hacia el turista espa\\u00f1ol de un autob\\u00fas del pa\\u00eds \\u00abde moda\\u00bb - El Digital de Asturias\",\"headline\":\"El particular viaje hacia el turista espa\\u00f1ol de un autob\\u00fas del pa\\u00eds \\u00abde moda\\u00bb\",\"author\":{\"@id\":\"https:\\\/\\\/www.eldigitaldeasturias.com\\\/noticias\\\/author\\\/admin\\\/#author\"},\"publisher\":{\"@id\":\"https:\\\/\\\/www.eldigitaldeasturias.com\\\/noticias\\\/#organization\"},\"image\":{\"@type\":\"ImageObject\",\"url\":\"http:\\\/\\\/www.eldigitaldeasturias.com\\\/noticias\\\/wp-content\\\/uploads\\\/2014\\\/01\\\/5871477w-360x239.jpg\",\"@id\":\"https:\\\/\\\/www.eldigitaldeasturias.com\\\/noticias\\\/el-particular-viaje-hacia-el-turista-espanol-de-un-autobus-del-pais-de-moda\\\/#articleImage\"},\"datePublished\":\"2014-01-24T08:19:11+01:00\",\"dateModified\":\"2014-01-24T08:19:11+01:00\",\"inLanguage\":\"es-ES\",\"mainEntityOfPage\":{\"@id\":\"https:\\\/\\\/www.eldigitaldeasturias.com\\\/noticias\\\/el-particular-viaje-hacia-el-turista-espanol-de-un-autobus-del-pais-de-moda\\\/#webpage\"},\"isPartOf\":{\"@id\":\"https:\\\/\\\/www.eldigitaldeasturias.com\\\/noticias\\\/el-particular-viaje-hacia-el-turista-espanol-de-un-autobus-del-pais-de-moda\\\/#webpage\"},\"articleSection\":\"Turismo\"},{\"@type\":\"BreadcrumbList\",\"@id\":\"https:\\\/\\\/www.eldigitaldeasturias.com\\\/noticias\\\/el-particular-viaje-hacia-el-turista-espanol-de-un-autobus-del-pais-de-moda\\\/#breadcrumblist\",\"itemListElement\":[{\"@type\":\"ListItem\",\"@id\":\"https:\\\/\\\/www.eldigitaldeasturias.com\\\/noticias#listItem\",\"position\":1,\"name\":\"Home\",\"item\":\"https:\\\/\\\/www.eldigitaldeasturias.com\\\/noticias\",\"nextItem\":{\"@type\":\"ListItem\",\"@id\":\"https:\\\/\\\/www.eldigitaldeasturias.com\\\/noticias\\\/category\\\/turismo\\\/#listItem\",\"name\":\"Turismo\"}},{\"@type\":\"ListItem\",\"@id\":\"https:\\\/\\\/www.eldigitaldeasturias.com\\\/noticias\\\/category\\\/turismo\\\/#listItem\",\"position\":2,\"name\":\"Turismo\",\"item\":\"https:\\\/\\\/www.eldigitaldeasturias.com\\\/noticias\\\/category\\\/turismo\\\/\",\"nextItem\":{\"@type\":\"ListItem\",\"@id\":\"https:\\\/\\\/www.eldigitaldeasturias.com\\\/noticias\\\/el-particular-viaje-hacia-el-turista-espanol-de-un-autobus-del-pais-de-moda\\\/#listItem\",\"name\":\"El particular viaje hacia el turista espa\\u00f1ol de un autob\\u00fas del pa\\u00eds \\u00abde moda\\u00bb\"},\"previousItem\":{\"@type\":\"ListItem\",\"@id\":\"https:\\\/\\\/www.eldigitaldeasturias.com\\\/noticias#listItem\",\"name\":\"Home\"}},{\"@type\":\"ListItem\",\"@id\":\"https:\\\/\\\/www.eldigitaldeasturias.com\\\/noticias\\\/el-particular-viaje-hacia-el-turista-espanol-de-un-autobus-del-pais-de-moda\\\/#listItem\",\"position\":3,\"name\":\"El particular viaje hacia el turista espa\\u00f1ol de un autob\\u00fas del pa\\u00eds \\u00abde moda\\u00bb\",\"previousItem\":{\"@type\":\"ListItem\",\"@id\":\"https:\\\/\\\/www.eldigitaldeasturias.com\\\/noticias\\\/category\\\/turismo\\\/#listItem\",\"name\":\"Turismo\"}}]},{\"@type\":\"Organization\",\"@id\":\"https:\\\/\\\/www.eldigitaldeasturias.com\\\/noticias\\\/#organization\",\"name\":\"El Digital de Asturias\",\"description\":\"Hemeroteca\",\"url\":\"https:\\\/\\\/www.eldigitaldeasturias.com\\\/noticias\\\/\",\"email\":\"info@eldigitaldeasturias.com\",\"telephone\":\"+34652131393\",\"logo\":{\"@type\":\"ImageObject\",\"url\":\"https:\\\/\\\/www.eldigitaldeasturias.com\\\/noticias\\\/wp-content\\\/uploads\\\/2020\\\/12\\\/EDA.jpg\",\"@id\":\"https:\\\/\\\/www.eldigitaldeasturias.com\\\/noticias\\\/el-particular-viaje-hacia-el-turista-espanol-de-un-autobus-del-pais-de-moda\\\/#organizationLogo\",\"width\":649,\"height\":297},\"image\":{\"@id\":\"https:\\\/\\\/www.eldigitaldeasturias.com\\\/noticias\\\/el-particular-viaje-hacia-el-turista-espanol-de-un-autobus-del-pais-de-moda\\\/#organizationLogo\"},\"sameAs\":[\"https:\\\/\\\/facebook.com\\\/eldigitaldeasturias\",\"https:\\\/\\\/www.youtube.com\\\/channel\\\/UCZP-2wLEB9Rv6erhFmqVnvg\"],\"address\":{\"@id\":\"https:\\\/\\\/www.eldigitaldeasturias.com\\\/noticias\\\/#postaladdress\",\"@type\":\"PostalAddress\",\"streetAddress\":\"san antonio 4,\",\"postalCode\":\"33430\",\"addressLocality\":\"Cand\\u00e1s\",\"addressRegion\":\"Asturias\",\"addressCountry\":\"ES\"}},{\"@type\":\"Person\",\"@id\":\"https:\\\/\\\/www.eldigitaldeasturias.com\\\/noticias\\\/author\\\/admin\\\/#author\",\"url\":\"https:\\\/\\\/www.eldigitaldeasturias.com\\\/noticias\\\/author\\\/admin\\\/\",\"name\":\"El Digital de Asturias\",\"image\":{\"@type\":\"ImageObject\",\"@id\":\"https:\\\/\\\/www.eldigitaldeasturias.com\\\/noticias\\\/el-particular-viaje-hacia-el-turista-espanol-de-un-autobus-del-pais-de-moda\\\/#authorImage\",\"url\":\"https:\\\/\\\/www.eldigitaldeasturias.com\\\/noticias\\\/wp-content\\\/litespeed\\\/avatar\\\/18677e78aa0546b92d9dbf31ec7d7668.jpg?ver=1776685526\",\"width\":96,\"height\":96,\"caption\":\"El Digital de Asturias\"}},{\"@type\":\"WebPage\",\"@id\":\"https:\\\/\\\/www.eldigitaldeasturias.com\\\/noticias\\\/el-particular-viaje-hacia-el-turista-espanol-de-un-autobus-del-pais-de-moda\\\/#webpage\",\"url\":\"https:\\\/\\\/www.eldigitaldeasturias.com\\\/noticias\\\/el-particular-viaje-hacia-el-turista-espanol-de-un-autobus-del-pais-de-moda\\\/\",\"name\":\"El particular viaje hacia el turista espa\\u00f1ol de un autob\\u00fas del pa\\u00eds \\u00abde moda\\u00bb - El Digital de Asturias\",\"description\":\"Madrid, 23 ene (EFE).- Emulando a aquella pel\\u00edcula que Guillermo Casanova hizo en 2003 bas\\u00e1ndose en un cuento de Juan Jos\\u00e9 Morosoli, \\\"El viaje hacia el mar\\\", un autob\\u00fas efectuar\\u00e1 un particular recorrido por las carreteras espa\\u00f1olas acercando los atractivos de Uruguay, el \\\"pa\\u00eds de moda\\\", a potenciales turistas. Durante un acto celebrado hoy en\",\"inLanguage\":\"es-ES\",\"isPartOf\":{\"@id\":\"https:\\\/\\\/www.eldigitaldeasturias.com\\\/noticias\\\/#website\"},\"breadcrumb\":{\"@id\":\"https:\\\/\\\/www.eldigitaldeasturias.com\\\/noticias\\\/el-particular-viaje-hacia-el-turista-espanol-de-un-autobus-del-pais-de-moda\\\/#breadcrumblist\"},\"author\":{\"@id\":\"https:\\\/\\\/www.eldigitaldeasturias.com\\\/noticias\\\/author\\\/admin\\\/#author\"},\"creator\":{\"@id\":\"https:\\\/\\\/www.eldigitaldeasturias.com\\\/noticias\\\/author\\\/admin\\\/#author\"},\"datePublished\":\"2014-01-24T08:19:11+01:00\",\"dateModified\":\"2014-01-24T08:19:11+01:00\"},{\"@type\":\"WebSite\",\"@id\":\"https:\\\/\\\/www.eldigitaldeasturias.com\\\/noticias\\\/#website\",\"url\":\"https:\\\/\\\/www.eldigitaldeasturias.com\\\/noticias\\\/\",\"name\":\"El Digital de Asturias - Diario de actualidad y noticias\",\"alternateName\":\"El Digital de Asturias - Diario de actualidad y noticias\",\"description\":\"Hemeroteca\",\"inLanguage\":\"es-ES\",\"publisher\":{\"@id\":\"https:\\\/\\\/www.eldigitaldeasturias.com\\\/noticias\\\/#organization\"}}]}\n\t\t<\/script>\n\t\t<!-- All in One SEO Pro -->\r\n\t\t<title>El particular viaje hacia el turista espa\u00f1ol de un autob\u00fas del pa\u00eds \u00abde moda\u00bb - El Digital de Asturias<\/title>\n\n","aioseo_head_json":{"title":"El particular viaje hacia el turista espa\u00f1ol de un autob\u00fas del pa\u00eds \u00abde moda\u00bb - El Digital de Asturias","description":"Madrid, 23 ene (EFE).- Emulando a aquella pel\u00edcula que Guillermo Casanova hizo en 2003 bas\u00e1ndose en un cuento de Juan Jos\u00e9 Morosoli, \"El viaje hacia el mar\", un autob\u00fas efectuar\u00e1 un particular recorrido por las carreteras espa\u00f1olas acercando los atractivos de Uruguay, el \"pa\u00eds de moda\", a potenciales turistas. Durante un acto celebrado hoy en","canonical_url":"https:\/\/www.eldigitaldeasturias.com\/noticias\/el-particular-viaje-hacia-el-turista-espanol-de-un-autobus-del-pais-de-moda\/","robots":"max-image-preview:large","keywords":"turismo","webmasterTools":{"google-site-verification":"UA-38556648-1","msvalidate.01":"7dfe9f3f1b24437ab69f4f2559babe99","miscellaneous":""},"schema":{"@context":"https:\/\/schema.org","@graph":[{"@type":"BlogPosting","@id":"https:\/\/www.eldigitaldeasturias.com\/noticias\/el-particular-viaje-hacia-el-turista-espanol-de-un-autobus-del-pais-de-moda\/#blogposting","name":"El particular viaje hacia el turista espa\u00f1ol de un autob\u00fas del pa\u00eds \u00abde moda\u00bb - El Digital de Asturias","headline":"El particular viaje hacia el turista espa\u00f1ol de un autob\u00fas del pa\u00eds \u00abde moda\u00bb","author":{"@id":"https:\/\/www.eldigitaldeasturias.com\/noticias\/author\/admin\/#author"},"publisher":{"@id":"https:\/\/www.eldigitaldeasturias.com\/noticias\/#organization"},"image":{"@type":"ImageObject","url":"http:\/\/www.eldigitaldeasturias.com\/noticias\/wp-content\/uploads\/2014\/01\/5871477w-360x239.jpg","@id":"https:\/\/www.eldigitaldeasturias.com\/noticias\/el-particular-viaje-hacia-el-turista-espanol-de-un-autobus-del-pais-de-moda\/#articleImage"},"datePublished":"2014-01-24T08:19:11+01:00","dateModified":"2014-01-24T08:19:11+01:00","inLanguage":"es-ES","mainEntityOfPage":{"@id":"https:\/\/www.eldigitaldeasturias.com\/noticias\/el-particular-viaje-hacia-el-turista-espanol-de-un-autobus-del-pais-de-moda\/#webpage"},"isPartOf":{"@id":"https:\/\/www.eldigitaldeasturias.com\/noticias\/el-particular-viaje-hacia-el-turista-espanol-de-un-autobus-del-pais-de-moda\/#webpage"},"articleSection":"Turismo"},{"@type":"BreadcrumbList","@id":"https:\/\/www.eldigitaldeasturias.com\/noticias\/el-particular-viaje-hacia-el-turista-espanol-de-un-autobus-del-pais-de-moda\/#breadcrumblist","itemListElement":[{"@type":"ListItem","@id":"https:\/\/www.eldigitaldeasturias.com\/noticias#listItem","position":1,"name":"Home","item":"https:\/\/www.eldigitaldeasturias.com\/noticias","nextItem":{"@type":"ListItem","@id":"https:\/\/www.eldigitaldeasturias.com\/noticias\/category\/turismo\/#listItem","name":"Turismo"}},{"@type":"ListItem","@id":"https:\/\/www.eldigitaldeasturias.com\/noticias\/category\/turismo\/#listItem","position":2,"name":"Turismo","item":"https:\/\/www.eldigitaldeasturias.com\/noticias\/category\/turismo\/","nextItem":{"@type":"ListItem","@id":"https:\/\/www.eldigitaldeasturias.com\/noticias\/el-particular-viaje-hacia-el-turista-espanol-de-un-autobus-del-pais-de-moda\/#listItem","name":"El particular viaje hacia el turista espa\u00f1ol de un autob\u00fas del pa\u00eds \u00abde moda\u00bb"},"previousItem":{"@type":"ListItem","@id":"https:\/\/www.eldigitaldeasturias.com\/noticias#listItem","name":"Home"}},{"@type":"ListItem","@id":"https:\/\/www.eldigitaldeasturias.com\/noticias\/el-particular-viaje-hacia-el-turista-espanol-de-un-autobus-del-pais-de-moda\/#listItem","position":3,"name":"El particular viaje hacia el turista espa\u00f1ol de un autob\u00fas del pa\u00eds \u00abde moda\u00bb","previousItem":{"@type":"ListItem","@id":"https:\/\/www.eldigitaldeasturias.com\/noticias\/category\/turismo\/#listItem","name":"Turismo"}}]},{"@type":"Organization","@id":"https:\/\/www.eldigitaldeasturias.com\/noticias\/#organization","name":"El Digital de Asturias","description":"Hemeroteca","url":"https:\/\/www.eldigitaldeasturias.com\/noticias\/","email":"info@eldigitaldeasturias.com","telephone":"+34652131393","logo":{"@type":"ImageObject","url":"https:\/\/www.eldigitaldeasturias.com\/noticias\/wp-content\/uploads\/2020\/12\/EDA.jpg","@id":"https:\/\/www.eldigitaldeasturias.com\/noticias\/el-particular-viaje-hacia-el-turista-espanol-de-un-autobus-del-pais-de-moda\/#organizationLogo","width":649,"height":297},"image":{"@id":"https:\/\/www.eldigitaldeasturias.com\/noticias\/el-particular-viaje-hacia-el-turista-espanol-de-un-autobus-del-pais-de-moda\/#organizationLogo"},"sameAs":["https:\/\/facebook.com\/eldigitaldeasturias","https:\/\/www.youtube.com\/channel\/UCZP-2wLEB9Rv6erhFmqVnvg"],"address":{"@id":"https:\/\/www.eldigitaldeasturias.com\/noticias\/#postaladdress","@type":"PostalAddress","streetAddress":"san antonio 4,","postalCode":"33430","addressLocality":"Cand\u00e1s","addressRegion":"Asturias","addressCountry":"ES"}},{"@type":"Person","@id":"https:\/\/www.eldigitaldeasturias.com\/noticias\/author\/admin\/#author","url":"https:\/\/www.eldigitaldeasturias.com\/noticias\/author\/admin\/","name":"El Digital de Asturias","image":{"@type":"ImageObject","@id":"https:\/\/www.eldigitaldeasturias.com\/noticias\/el-particular-viaje-hacia-el-turista-espanol-de-un-autobus-del-pais-de-moda\/#authorImage","url":"https:\/\/www.eldigitaldeasturias.com\/noticias\/wp-content\/litespeed\/avatar\/18677e78aa0546b92d9dbf31ec7d7668.jpg?ver=1776685526","width":96,"height":96,"caption":"El Digital de Asturias"}},{"@type":"WebPage","@id":"https:\/\/www.eldigitaldeasturias.com\/noticias\/el-particular-viaje-hacia-el-turista-espanol-de-un-autobus-del-pais-de-moda\/#webpage","url":"https:\/\/www.eldigitaldeasturias.com\/noticias\/el-particular-viaje-hacia-el-turista-espanol-de-un-autobus-del-pais-de-moda\/","name":"El particular viaje hacia el turista espa\u00f1ol de un autob\u00fas del pa\u00eds \u00abde moda\u00bb - El Digital de Asturias","description":"Madrid, 23 ene (EFE).- Emulando a aquella pel\u00edcula que Guillermo Casanova hizo en 2003 bas\u00e1ndose en un cuento de Juan Jos\u00e9 Morosoli, \"El viaje hacia el mar\", un autob\u00fas efectuar\u00e1 un particular recorrido por las carreteras espa\u00f1olas acercando los atractivos de Uruguay, el \"pa\u00eds de moda\", a potenciales turistas. Durante un acto celebrado hoy en","inLanguage":"es-ES","isPartOf":{"@id":"https:\/\/www.eldigitaldeasturias.com\/noticias\/#website"},"breadcrumb":{"@id":"https:\/\/www.eldigitaldeasturias.com\/noticias\/el-particular-viaje-hacia-el-turista-espanol-de-un-autobus-del-pais-de-moda\/#breadcrumblist"},"author":{"@id":"https:\/\/www.eldigitaldeasturias.com\/noticias\/author\/admin\/#author"},"creator":{"@id":"https:\/\/www.eldigitaldeasturias.com\/noticias\/author\/admin\/#author"},"datePublished":"2014-01-24T08:19:11+01:00","dateModified":"2014-01-24T08:19:11+01:00"},{"@type":"WebSite","@id":"https:\/\/www.eldigitaldeasturias.com\/noticias\/#website","url":"https:\/\/www.eldigitaldeasturias.com\/noticias\/","name":"El Digital de Asturias - Diario de actualidad y noticias","alternateName":"El Digital de Asturias - Diario de actualidad y noticias","description":"Hemeroteca","inLanguage":"es-ES","publisher":{"@id":"https:\/\/www.eldigitaldeasturias.com\/noticias\/#organization"}}]},"og:locale":"es_ES","og:site_name":"El Digital de Asturias","og:type":"article","og:title":"El particular viaje hacia el turista espa\u00f1ol de un autob\u00fas del pa\u00eds \u00abde moda\u00bb - El Digital de Asturias","og:description":"Madrid, 23 ene (EFE).- Emulando a aquella pel\u00edcula que Guillermo Casanova hizo en 2003 bas\u00e1ndose en un cuento de Juan Jos\u00e9 Morosoli, &quot;El viaje hacia el mar&quot;, un autob\u00fas efectuar\u00e1 un particular recorrido por las carreteras espa\u00f1olas acercando los atractivos de Uruguay, el &quot;pa\u00eds de moda&quot;, a potenciales turistas. Durante un acto celebrado hoy en","og:url":"https:\/\/www.eldigitaldeasturias.com\/noticias\/el-particular-viaje-hacia-el-turista-espanol-de-un-autobus-del-pais-de-moda\/","article:tag":["turismo"],"article:published_time":"2014-01-24T09:19:11+00:00","article:modified_time":"2014-01-24T09:19:11+00:00","article:publisher":"https:\/\/facebook.com\/eldigitaldeasturias","twitter:card":"summary_large_image","twitter:title":"El particular viaje hacia el turista espa\u00f1ol de un autob\u00fas del pa\u00eds \u00abde moda\u00bb - El Digital de Asturias","twitter:description":"Madrid, 23 ene (EFE).- Emulando a aquella pel\u00edcula que Guillermo Casanova hizo en 2003 bas\u00e1ndose en un cuento de Juan Jos\u00e9 Morosoli, &quot;El viaje hacia el mar&quot;, un autob\u00fas efectuar\u00e1 un particular recorrido por las carreteras espa\u00f1olas acercando los atractivos de Uruguay, el &quot;pa\u00eds de moda&quot;, a potenciales turistas. Durante un acto celebrado hoy en","twitter:label1":"Escrito por","twitter:data1":"El Digital de Asturias","twitter:label2":"Tiempo de lectura estimado","twitter:data2":"3 minutos"},"aioseo_meta_data":{"post_id":"478010","title":null,"description":null,"keywords":null,"keyphrases":null,"primary_term":null,"canonical_url":null,"og_title":null,"og_description":null,"og_object_type":"default","og_image_type":"default","og_image_url":null,"og_image_width":null,"og_image_height":null,"og_image_custom_url":null,"og_image_custom_fields":null,"og_video":null,"og_custom_url":null,"og_article_section":null,"og_article_tags":null,"twitter_use_og":true,"twitter_card":"default","twitter_image_type":"default","twitter_image_url":null,"twitter_image_custom_url":null,"twitter_image_custom_fields":null,"twitter_title":null,"twitter_description":null,"schema":{"blockGraphs":[],"customGraphs":[],"default":{"data":{"Article":[],"Course":[],"Dataset":[],"FAQPage":[],"Movie":[],"Person":[],"Product":[],"ProductReview":[],"Car":[],"Recipe":[],"Service":[],"SoftwareApplication":[],"WebPage":[]},"graphName":"","isEnabled":true},"graphs":[],"defaultGraph":"","defaultPostTypeGraph":""},"schema_type":null,"schema_type_options":null,"pillar_content":false,"robots_default":true,"robots_noindex":false,"robots_noarchive":false,"robots_nosnippet":false,"robots_nofollow":false,"robots_noimageindex":false,"robots_noodp":false,"robots_notranslate":false,"robots_max_snippet":null,"robots_max_videopreview":null,"robots_max_imagepreview":"none","priority":null,"frequency":null,"local_seo":null,"seo_analyzer_scan_date":"2025-08-26 02:51:53","breadcrumb_settings":null,"limit_modified_date":false,"open_ai":null,"ai":null,"created":"2020-11-14 22:53:47","updated":"2025-08-26 02:51:53"},"aioseo_breadcrumb":"<div class=\"aioseo-breadcrumbs\"><span class=\"aioseo-breadcrumb\">\n\t<a href=\"https:\/\/www.eldigitaldeasturias.com\/noticias\" title=\"Home\">Home<\/a>\n<\/span><span class=\"aioseo-breadcrumb-separator\">\u2013<\/span><span class=\"aioseo-breadcrumb\">\n\t<a href=\"https:\/\/www.eldigitaldeasturias.com\/noticias\/category\/turismo\/\" title=\"Turismo\">Turismo<\/a>\n<\/span><span class=\"aioseo-breadcrumb-separator\">\u2013<\/span><span class=\"aioseo-breadcrumb\">\n\t<a href=\"https:\/\/www.eldigitaldeasturias.com\/noticias\/el-particular-viaje-hacia-el-turista-espanol-de-un-autobus-del-pais-de-moda\/\" title=\"El particular viaje hacia el turista espa\u00f1ol de un autob\u00fas del pa\u00eds \u00abde moda\u00bb\">El particular viaje hacia el turista espa\u00f1ol de un autob\u00fas del pa\u00eds \u00abde moda\u00bb<\/a>\n<\/span><\/div>","aioseo_breadcrumb_json":[{"label":"Home","link":"https:\/\/www.eldigitaldeasturias.com\/noticias"},{"label":"Turismo","link":"https:\/\/www.eldigitaldeasturias.com\/noticias\/category\/turismo\/"},{"label":"El particular viaje hacia el turista espa\u00f1ol de un autob\u00fas del pa\u00eds \u00abde moda\u00bb","link":"https:\/\/www.eldigitaldeasturias.com\/noticias\/el-particular-viaje-hacia-el-turista-espanol-de-un-autobus-del-pais-de-moda\/"}],"_links":{"self":[{"href":"https:\/\/www.eldigitaldeasturias.com\/noticias\/wp-json\/wp\/v2\/posts\/478010","targetHints":{"allow":["GET"]}}],"collection":[{"href":"https:\/\/www.eldigitaldeasturias.com\/noticias\/wp-json\/wp\/v2\/posts"}],"about":[{"href":"https:\/\/www.eldigitaldeasturias.com\/noticias\/wp-json\/wp\/v2\/types\/post"}],"author":[{"embeddable":true,"href":"https:\/\/www.eldigitaldeasturias.com\/noticias\/wp-json\/wp\/v2\/users\/1"}],"replies":[{"embeddable":true,"href":"https:\/\/www.eldigitaldeasturias.com\/noticias\/wp-json\/wp\/v2\/comments?post=478010"}],"version-history":[{"count":0,"href":"https:\/\/www.eldigitaldeasturias.com\/noticias\/wp-json\/wp\/v2\/posts\/478010\/revisions"}],"wp:attachment":[{"href":"https:\/\/www.eldigitaldeasturias.com\/noticias\/wp-json\/wp\/v2\/media?parent=478010"}],"wp:term":[{"taxonomy":"category","embeddable":true,"href":"https:\/\/www.eldigitaldeasturias.com\/noticias\/wp-json\/wp\/v2\/categories?post=478010"},{"taxonomy":"post_tag","embeddable":true,"href":"https:\/\/www.eldigitaldeasturias.com\/noticias\/wp-json\/wp\/v2\/tags?post=478010"}],"curies":[{"name":"wp","href":"https:\/\/api.w.org\/{rel}","templated":true}]}}