{"id":478007,"date":"2014-01-24T08:17:46","date_gmt":"2014-01-24T09:17:46","guid":{"rendered":"http:\/\/www.eldigitaldeasturias.com\/noticias\/?p=478007"},"modified":"2014-01-24T08:17:46","modified_gmt":"2014-01-24T09:17:46","slug":"ban-ki-moon-alaba-el-ejemplo-sentado-por-la-ue-con-su-propuesta-energetica","status":"publish","type":"post","link":"https:\/\/www.eldigitaldeasturias.com\/noticias\/ban-ki-moon-alaba-el-ejemplo-sentado-por-la-ue-con-su-propuesta-energetica\/","title":{"rendered":"Ban Ki-moon alaba el ejemplo sentado por la UE con su propuesta energ\u00e9tica"},"content":{"rendered":"<p><img loading=\"lazy\" decoding=\"async\" class=\"alignleft size-medium wp-image-478008\" alt=\"5871497w\" src=\"https:\/\/www.eldigitaldeasturias.com\/noticias\/wp-content\/uploads\/2014\/01\/5871497w-360x239.jpg\" width=\"360\" height=\"239\" \/>Davos (Suiza), 23 ene (EFE).- El secretario general de la ONU, Ban Ki-moon, asegur\u00f3 hoy que la Comisi\u00f3n Europea (CE) ha marcado \u00abel camino que todos deben seguir\u00bb con su objetivo de recorte del 40% en las emisiones de gases de efecto invernadero y de meta vinculante a escala europea del 27% para las energ\u00edas renovables en 2030.<\/p>\n<p>\u00abEs un mensaje muy positivo. Espero que sea imitado por todos los pa\u00edses\u00bb, dijo al intervenir en un panel sobre cambio clim\u00e1tico en el Foro Econ\u00f3mico Mundial, que se inaugur\u00f3 el martes en la localidad suiza de Davos y se clausura este s\u00e1bado.<\/p>\n<p>En esa l\u00ednea, pidi\u00f3 a los l\u00edderes de Gobiernos y de la sociedad civil que acudan a la cumbre de septiembre en Nueva York \u00abcon anuncios valientes\u00bb, porque el alcance de un acuerdo global requiere \u00abse\u00f1ales claras\u00bb, y esa cita aspira a ser \u00abuna plataforma visible para que aquellos que est\u00e9n dispuestos a liderar puedan hacerlo\u00bb.<\/p>\n<p>El presidente de la CE, Jos\u00e9 Manuel Durao Barroso, que anunci\u00f3 ayer en Bruselas ese paquete de medidas, estim\u00f3 hoy que la UE \u00absigue siendo pionera en la acci\u00f3n contra el cambio clim\u00e1tico\u00bb, y defini\u00f3 2014 como el a\u00f1o en que es necesario actuar.<\/p>\n<p>\u00ab2014 es el a\u00f1o, por el encuentro en Nueva York y la conferencia en Per\u00fa. Y si queremos estar preparados para la conferencia de Par\u00eds (en 2015), tenemos que comenzar ahora, porque es un problema tan complejo que no podemos confiar en la sabidur\u00eda de los l\u00edderes reuni\u00e9ndose a \u00faltima hora\u00bb, opin\u00f3 el representante de la UE.<\/p>\n<p>Ese nivel de ambici\u00f3n, seg\u00fan Barroso, redunda en el beneficio econ\u00f3mico de los interesados y no es incompatible con el crecimiento econ\u00f3mico: \u00aben los \u00faltimos 20 a\u00f1os, las emisiones de gases con efecto invernadero han ca\u00eddo un 18 por ciento, y el PIB ha crecido un 45 por ciento\u00bb.<\/p>\n<p>\u00abLa UE ha enviado una se\u00f1al al resto del mundo. (&#8230;) Sinceramente espero que (el resto de pa\u00edses) est\u00e9n con nosotros con la misma ambici\u00f3n y determinaci\u00f3n\u00bb, porque la lucha contra el cambio clim\u00e1tico, seg\u00fan subray\u00f3 Barroso, \u00abno es una opci\u00f3n, es una obligaci\u00f3n\u00bb.<\/p>\n","protected":false},"excerpt":{"rendered":"<p>Davos (Suiza), 23 ene (EFE).- El secretario general de la ONU, Ban Ki-moon, asegur\u00f3 hoy que la Comisi\u00f3n Europea (CE) ha marcado \u00abel camino que todos deben seguir\u00bb con su objetivo de recorte del 40% en las emisiones de gases de efecto invernadero y de meta vinculante a escala europea del 27% para las energ\u00edas [&hellip;]<\/p>\n","protected":false},"author":1,"featured_media":1132184,"comment_status":"closed","ping_status":"open","sticky":false,"template":"","format":"standard","meta":{"footnotes":""},"categories":[1],"tags":[],"class_list":["post-478007","post","type-post","status-publish","format-standard","has-post-thumbnail","hentry","category-actualidad"],"aioseo_notices":[],"aioseo_head":"\n\t\t<!-- All in One SEO Pro 5.0.1 - aioseo.com -->\n\t<meta name=\"description\" content=\"Davos (Suiza), 23 ene (EFE).- El secretario general de la ONU, Ban Ki-moon, asegur\u00f3 hoy que la Comisi\u00f3n Europea (CE) ha marcado &quot;el camino que todos deben seguir&quot; con su objetivo de recorte del 40% en las emisiones de gases de efecto invernadero y de meta vinculante a escala europea del 27% para las energ\u00edas\" \/>\n\t<meta name=\"robots\" content=\"max-image-preview:large\" \/>\n\t<meta name=\"author\" content=\"El Digital de Asturias\"\/>\n\t<meta name=\"google-site-verification\" content=\"UA-38556648-1\" \/>\n\t<meta name=\"msvalidate.01\" content=\"7dfe9f3f1b24437ab69f4f2559babe99\" \/>\n\t<meta name=\"keywords\" content=\"actualidad\" \/>\n\t<link rel=\"canonical\" href=\"https:\/\/www.eldigitaldeasturias.com\/noticias\/ban-ki-moon-alaba-el-ejemplo-sentado-por-la-ue-con-su-propuesta-energetica\/\" \/>\n\t<meta name=\"generator\" content=\"All in One SEO Pro (AIOSEO) 5.0.1\" \/>\n\t\t<meta property=\"og:locale\" content=\"es_ES\" \/>\n\t\t<meta property=\"og:site_name\" content=\"El Digital de Asturias\" \/>\n\t\t<meta property=\"og:type\" content=\"article\" \/>\n\t\t<meta property=\"og:title\" content=\"Ban Ki-moon alaba el ejemplo sentado por la UE con su propuesta energ\u00e9tica - El Digital de Asturias\" \/>\n\t\t<meta property=\"og:description\" content=\"Davos (Suiza), 23 ene (EFE).- El secretario general de la ONU, Ban Ki-moon, asegur\u00f3 hoy que la Comisi\u00f3n Europea (CE) ha marcado &quot;el camino que todos deben seguir&quot; con su objetivo de recorte del 40% en las emisiones de gases de efecto invernadero y de meta vinculante a escala europea del 27% para las energ\u00edas\" \/>\n\t\t<meta property=\"og:url\" content=\"https:\/\/www.eldigitaldeasturias.com\/noticias\/ban-ki-moon-alaba-el-ejemplo-sentado-por-la-ue-con-su-propuesta-energetica\/\" \/>\n\t\t<meta property=\"og:image\" content=\"https:\/\/www.eldigitaldeasturias.com\/noticias\/wp-content\/uploads\/2026\/06\/Contenidos.jpg\" \/>\n\t\t<meta property=\"og:image:secure_url\" content=\"https:\/\/www.eldigitaldeasturias.com\/noticias\/wp-content\/uploads\/2026\/06\/Contenidos.jpg\" \/>\n\t\t<meta property=\"og:image:width\" content=\"1265\" \/>\n\t\t<meta property=\"og:image:height\" content=\"697\" \/>\n\t\t<meta property=\"article:tag\" content=\"actualidad\" \/>\n\t\t<meta property=\"article:published_time\" content=\"2014-01-24T09:17:46+00:00\" \/>\n\t\t<meta property=\"article:modified_time\" content=\"2014-01-24T09:17:46+00:00\" \/>\n\t\t<meta property=\"article:publisher\" content=\"https:\/\/facebook.com\/eldigitaldeasturias\" \/>\n\t\t<meta name=\"twitter:card\" content=\"summary_large_image\" \/>\n\t\t<meta name=\"twitter:title\" content=\"Ban Ki-moon alaba el ejemplo sentado por la UE con su propuesta energ\u00e9tica - El Digital de Asturias\" \/>\n\t\t<meta name=\"twitter:description\" content=\"Davos (Suiza), 23 ene (EFE).- El secretario general de la ONU, Ban Ki-moon, asegur\u00f3 hoy que la Comisi\u00f3n Europea (CE) ha marcado &quot;el camino que todos deben seguir&quot; con su objetivo de recorte del 40% en las emisiones de gases de efecto invernadero y de meta vinculante a escala europea del 27% para las energ\u00edas\" \/>\n\t\t<meta name=\"twitter:image\" content=\"https:\/\/www.eldigitaldeasturias.com\/noticias\/wp-content\/uploads\/2026\/06\/Contenidos.jpg\" \/>\n\t\t<meta name=\"twitter:label1\" content=\"Escrito por\" \/>\n\t\t<meta name=\"twitter:data1\" content=\"El Digital de Asturias\" \/>\n\t\t<meta name=\"twitter:label2\" content=\"Tiempo de lectura estimado\" \/>\n\t\t<meta name=\"twitter:data2\" content=\"2 minutos\" \/>\n\t\t<script type=\"application\/ld+json\" class=\"aioseo-schema\">\n\t\t\t{\"@context\":\"https:\\\/\\\/schema.org\",\"@graph\":[{\"@type\":\"BlogPosting\",\"@id\":\"https:\\\/\\\/www.eldigitaldeasturias.com\\\/noticias\\\/ban-ki-moon-alaba-el-ejemplo-sentado-por-la-ue-con-su-propuesta-energetica\\\/#blogposting\",\"name\":\"Ban Ki-moon alaba el ejemplo sentado por la UE con su propuesta energ\\u00e9tica - El Digital de Asturias\",\"headline\":\"Ban Ki-moon alaba el ejemplo sentado por la UE con su propuesta energ\\u00e9tica\",\"author\":{\"@id\":\"https:\\\/\\\/www.eldigitaldeasturias.com\\\/noticias\\\/author\\\/admin\\\/#author\"},\"publisher\":{\"@id\":\"https:\\\/\\\/www.eldigitaldeasturias.com\\\/noticias\\\/#organization\"},\"image\":{\"@type\":\"ImageObject\",\"url\":\"https:\\\/\\\/www.eldigitaldeasturias.com\\\/noticias\\\/wp-content\\\/uploads\\\/2026\\\/06\\\/Contenidos.jpg\",\"width\":1265,\"height\":697,\"caption\":\"Contenidos\"},\"datePublished\":\"2014-01-24T08:17:46+01:00\",\"dateModified\":\"2014-01-24T08:17:46+01:00\",\"inLanguage\":\"es-ES\",\"mainEntityOfPage\":{\"@id\":\"https:\\\/\\\/www.eldigitaldeasturias.com\\\/noticias\\\/ban-ki-moon-alaba-el-ejemplo-sentado-por-la-ue-con-su-propuesta-energetica\\\/#webpage\"},\"isPartOf\":{\"@id\":\"https:\\\/\\\/www.eldigitaldeasturias.com\\\/noticias\\\/ban-ki-moon-alaba-el-ejemplo-sentado-por-la-ue-con-su-propuesta-energetica\\\/#webpage\"},\"articleSection\":\"Actualidad\"},{\"@type\":\"BreadcrumbList\",\"@id\":\"https:\\\/\\\/www.eldigitaldeasturias.com\\\/noticias\\\/ban-ki-moon-alaba-el-ejemplo-sentado-por-la-ue-con-su-propuesta-energetica\\\/#breadcrumblist\",\"itemListElement\":[{\"@type\":\"ListItem\",\"@id\":\"https:\\\/\\\/www.eldigitaldeasturias.com\\\/noticias#listItem\",\"position\":1,\"name\":\"Home\",\"item\":\"https:\\\/\\\/www.eldigitaldeasturias.com\\\/noticias\",\"nextItem\":{\"@type\":\"ListItem\",\"@id\":\"https:\\\/\\\/www.eldigitaldeasturias.com\\\/noticias\\\/category\\\/actualidad\\\/#listItem\",\"name\":\"Actualidad\"}},{\"@type\":\"ListItem\",\"@id\":\"https:\\\/\\\/www.eldigitaldeasturias.com\\\/noticias\\\/category\\\/actualidad\\\/#listItem\",\"position\":2,\"name\":\"Actualidad\",\"item\":\"https:\\\/\\\/www.eldigitaldeasturias.com\\\/noticias\\\/category\\\/actualidad\\\/\",\"nextItem\":{\"@type\":\"ListItem\",\"@id\":\"https:\\\/\\\/www.eldigitaldeasturias.com\\\/noticias\\\/ban-ki-moon-alaba-el-ejemplo-sentado-por-la-ue-con-su-propuesta-energetica\\\/#listItem\",\"name\":\"Ban Ki-moon alaba el ejemplo sentado por la UE con su propuesta energ\\u00e9tica\"},\"previousItem\":{\"@type\":\"ListItem\",\"@id\":\"https:\\\/\\\/www.eldigitaldeasturias.com\\\/noticias#listItem\",\"name\":\"Home\"}},{\"@type\":\"ListItem\",\"@id\":\"https:\\\/\\\/www.eldigitaldeasturias.com\\\/noticias\\\/ban-ki-moon-alaba-el-ejemplo-sentado-por-la-ue-con-su-propuesta-energetica\\\/#listItem\",\"position\":3,\"name\":\"Ban Ki-moon alaba el ejemplo sentado por la UE con su propuesta energ\\u00e9tica\",\"previousItem\":{\"@type\":\"ListItem\",\"@id\":\"https:\\\/\\\/www.eldigitaldeasturias.com\\\/noticias\\\/category\\\/actualidad\\\/#listItem\",\"name\":\"Actualidad\"}}]},{\"@type\":\"Organization\",\"@id\":\"https:\\\/\\\/www.eldigitaldeasturias.com\\\/noticias\\\/#organization\",\"name\":\"El Digital de Asturias\",\"description\":\"Hemeroteca\",\"url\":\"https:\\\/\\\/www.eldigitaldeasturias.com\\\/noticias\\\/\",\"email\":\"info@eldigitaldeasturias.com\",\"telephone\":\"+34652131393\",\"logo\":{\"@type\":\"ImageObject\",\"url\":\"https:\\\/\\\/www.eldigitaldeasturias.com\\\/noticias\\\/wp-content\\\/uploads\\\/2020\\\/12\\\/EDA.jpg\",\"@id\":\"https:\\\/\\\/www.eldigitaldeasturias.com\\\/noticias\\\/ban-ki-moon-alaba-el-ejemplo-sentado-por-la-ue-con-su-propuesta-energetica\\\/#organizationLogo\"},\"image\":{\"@id\":\"https:\\\/\\\/www.eldigitaldeasturias.com\\\/noticias\\\/ban-ki-moon-alaba-el-ejemplo-sentado-por-la-ue-con-su-propuesta-energetica\\\/#organizationLogo\"},\"sameAs\":[\"https:\\\/\\\/facebook.com\\\/eldigitaldeasturias\",\"https:\\\/\\\/www.youtube.com\\\/channel\\\/UCZP-2wLEB9Rv6erhFmqVnvg\"],\"address\":{\"@id\":\"https:\\\/\\\/www.eldigitaldeasturias.com\\\/noticias\\\/#postaladdress\",\"@type\":\"PostalAddress\",\"streetAddress\":\"san antonio 4\",\"postalCode\":\"33430\",\"addressLocality\":\"Cand\\u00e1s\",\"addressRegion\":\"Asturias\",\"addressCountry\":\"ES\"}},{\"@type\":\"Person\",\"@id\":\"https:\\\/\\\/www.eldigitaldeasturias.com\\\/noticias\\\/author\\\/admin\\\/#author\",\"url\":\"https:\\\/\\\/www.eldigitaldeasturias.com\\\/noticias\\\/author\\\/admin\\\/\",\"name\":\"El Digital de Asturias\",\"image\":{\"@type\":\"ImageObject\",\"@id\":\"https:\\\/\\\/www.eldigitaldeasturias.com\\\/noticias\\\/ban-ki-moon-alaba-el-ejemplo-sentado-por-la-ue-con-su-propuesta-energetica\\\/#authorImage\",\"url\":\"https:\\\/\\\/secure.gravatar.com\\\/avatar\\\/df2aeffc32bcd13f8d26072ef8a91b623d677766deac7f97ca815868cd41bf5e?s=96&d=mm&r=g\",\"width\":96,\"height\":96,\"caption\":\"El Digital de Asturias\"}},{\"@type\":\"WebPage\",\"@id\":\"https:\\\/\\\/www.eldigitaldeasturias.com\\\/noticias\\\/ban-ki-moon-alaba-el-ejemplo-sentado-por-la-ue-con-su-propuesta-energetica\\\/#webpage\",\"url\":\"https:\\\/\\\/www.eldigitaldeasturias.com\\\/noticias\\\/ban-ki-moon-alaba-el-ejemplo-sentado-por-la-ue-con-su-propuesta-energetica\\\/\",\"name\":\"Ban Ki-moon alaba el ejemplo sentado por la UE con su propuesta energ\\u00e9tica - El Digital de Asturias\",\"description\":\"Davos (Suiza), 23 ene (EFE).- El secretario general de la ONU, Ban Ki-moon, asegur\\u00f3 hoy que la Comisi\\u00f3n Europea (CE) ha marcado \\\"el camino que todos deben seguir\\\" con su objetivo de recorte del 40% en las emisiones de gases de efecto invernadero y de meta vinculante a escala europea del 27% para las energ\\u00edas\",\"inLanguage\":\"es-ES\",\"isPartOf\":{\"@id\":\"https:\\\/\\\/www.eldigitaldeasturias.com\\\/noticias\\\/#website\"},\"breadcrumb\":{\"@id\":\"https:\\\/\\\/www.eldigitaldeasturias.com\\\/noticias\\\/ban-ki-moon-alaba-el-ejemplo-sentado-por-la-ue-con-su-propuesta-energetica\\\/#breadcrumblist\"},\"author\":{\"@id\":\"https:\\\/\\\/www.eldigitaldeasturias.com\\\/noticias\\\/author\\\/admin\\\/#author\"},\"creator\":{\"@id\":\"https:\\\/\\\/www.eldigitaldeasturias.com\\\/noticias\\\/author\\\/admin\\\/#author\"},\"image\":{\"@type\":\"ImageObject\",\"url\":\"https:\\\/\\\/www.eldigitaldeasturias.com\\\/noticias\\\/wp-content\\\/uploads\\\/2026\\\/06\\\/Contenidos.jpg\",\"@id\":\"https:\\\/\\\/www.eldigitaldeasturias.com\\\/noticias\\\/ban-ki-moon-alaba-el-ejemplo-sentado-por-la-ue-con-su-propuesta-energetica\\\/#mainImage\",\"width\":1265,\"height\":697,\"caption\":\"Contenidos\"},\"primaryImageOfPage\":{\"@id\":\"https:\\\/\\\/www.eldigitaldeasturias.com\\\/noticias\\\/ban-ki-moon-alaba-el-ejemplo-sentado-por-la-ue-con-su-propuesta-energetica\\\/#mainImage\"},\"datePublished\":\"2014-01-24T08:17:46+01:00\",\"dateModified\":\"2014-01-24T08:17:46+01:00\"},{\"@type\":\"WebSite\",\"@id\":\"https:\\\/\\\/www.eldigitaldeasturias.com\\\/noticias\\\/#website\",\"url\":\"https:\\\/\\\/www.eldigitaldeasturias.com\\\/noticias\\\/\",\"name\":\"El Digital de Asturias - Diario de actualidad y noticias\",\"alternateName\":\"El Digital de Asturias - Diario de actualidad y noticias\",\"description\":\"Hemeroteca\",\"inLanguage\":\"es-ES\",\"publisher\":{\"@id\":\"https:\\\/\\\/www.eldigitaldeasturias.com\\\/noticias\\\/#organization\"}}]}\n\t\t<\/script>\n\t\t<!-- All in One SEO Pro -->\r\n\t\t<title>Ban Ki-moon alaba el ejemplo sentado por la UE con su propuesta energ\u00e9tica - El Digital de Asturias<\/title>\n\n","aioseo_head_json":{"title":"Ban Ki-moon alaba el ejemplo sentado por la UE con su propuesta energ\u00e9tica - El Digital de Asturias","description":"Davos (Suiza), 23 ene (EFE).- El secretario general de la ONU, Ban Ki-moon, asegur\u00f3 hoy que la Comisi\u00f3n Europea (CE) ha marcado \"el camino que todos deben seguir\" con su objetivo de recorte del 40% en las emisiones de gases de efecto invernadero y de meta vinculante a escala europea del 27% para las energ\u00edas","canonical_url":"https:\/\/www.eldigitaldeasturias.com\/noticias\/ban-ki-moon-alaba-el-ejemplo-sentado-por-la-ue-con-su-propuesta-energetica\/","robots":"max-image-preview:large","keywords":"actualidad","webmasterTools":{"google-site-verification":"UA-38556648-1","msvalidate.01":"7dfe9f3f1b24437ab69f4f2559babe99","miscellaneous":""},"schema":{"@context":"https:\/\/schema.org","@graph":[{"@type":"BlogPosting","@id":"https:\/\/www.eldigitaldeasturias.com\/noticias\/ban-ki-moon-alaba-el-ejemplo-sentado-por-la-ue-con-su-propuesta-energetica\/#blogposting","name":"Ban Ki-moon alaba el ejemplo sentado por la UE con su propuesta energ\u00e9tica - El Digital de Asturias","headline":"Ban Ki-moon alaba el ejemplo sentado por la UE con su propuesta energ\u00e9tica","author":{"@id":"https:\/\/www.eldigitaldeasturias.com\/noticias\/author\/admin\/#author"},"publisher":{"@id":"https:\/\/www.eldigitaldeasturias.com\/noticias\/#organization"},"image":{"@type":"ImageObject","url":"https:\/\/www.eldigitaldeasturias.com\/noticias\/wp-content\/uploads\/2026\/06\/Contenidos.jpg","width":1265,"height":697,"caption":"Contenidos"},"datePublished":"2014-01-24T08:17:46+01:00","dateModified":"2014-01-24T08:17:46+01:00","inLanguage":"es-ES","mainEntityOfPage":{"@id":"https:\/\/www.eldigitaldeasturias.com\/noticias\/ban-ki-moon-alaba-el-ejemplo-sentado-por-la-ue-con-su-propuesta-energetica\/#webpage"},"isPartOf":{"@id":"https:\/\/www.eldigitaldeasturias.com\/noticias\/ban-ki-moon-alaba-el-ejemplo-sentado-por-la-ue-con-su-propuesta-energetica\/#webpage"},"articleSection":"Actualidad"},{"@type":"BreadcrumbList","@id":"https:\/\/www.eldigitaldeasturias.com\/noticias\/ban-ki-moon-alaba-el-ejemplo-sentado-por-la-ue-con-su-propuesta-energetica\/#breadcrumblist","itemListElement":[{"@type":"ListItem","@id":"https:\/\/www.eldigitaldeasturias.com\/noticias#listItem","position":1,"name":"Home","item":"https:\/\/www.eldigitaldeasturias.com\/noticias","nextItem":{"@type":"ListItem","@id":"https:\/\/www.eldigitaldeasturias.com\/noticias\/category\/actualidad\/#listItem","name":"Actualidad"}},{"@type":"ListItem","@id":"https:\/\/www.eldigitaldeasturias.com\/noticias\/category\/actualidad\/#listItem","position":2,"name":"Actualidad","item":"https:\/\/www.eldigitaldeasturias.com\/noticias\/category\/actualidad\/","nextItem":{"@type":"ListItem","@id":"https:\/\/www.eldigitaldeasturias.com\/noticias\/ban-ki-moon-alaba-el-ejemplo-sentado-por-la-ue-con-su-propuesta-energetica\/#listItem","name":"Ban Ki-moon alaba el ejemplo sentado por la UE con su propuesta energ\u00e9tica"},"previousItem":{"@type":"ListItem","@id":"https:\/\/www.eldigitaldeasturias.com\/noticias#listItem","name":"Home"}},{"@type":"ListItem","@id":"https:\/\/www.eldigitaldeasturias.com\/noticias\/ban-ki-moon-alaba-el-ejemplo-sentado-por-la-ue-con-su-propuesta-energetica\/#listItem","position":3,"name":"Ban Ki-moon alaba el ejemplo sentado por la UE con su propuesta energ\u00e9tica","previousItem":{"@type":"ListItem","@id":"https:\/\/www.eldigitaldeasturias.com\/noticias\/category\/actualidad\/#listItem","name":"Actualidad"}}]},{"@type":"Organization","@id":"https:\/\/www.eldigitaldeasturias.com\/noticias\/#organization","name":"El Digital de Asturias","description":"Hemeroteca","url":"https:\/\/www.eldigitaldeasturias.com\/noticias\/","email":"info@eldigitaldeasturias.com","telephone":"+34652131393","logo":{"@type":"ImageObject","url":"https:\/\/www.eldigitaldeasturias.com\/noticias\/wp-content\/uploads\/2020\/12\/EDA.jpg","@id":"https:\/\/www.eldigitaldeasturias.com\/noticias\/ban-ki-moon-alaba-el-ejemplo-sentado-por-la-ue-con-su-propuesta-energetica\/#organizationLogo"},"image":{"@id":"https:\/\/www.eldigitaldeasturias.com\/noticias\/ban-ki-moon-alaba-el-ejemplo-sentado-por-la-ue-con-su-propuesta-energetica\/#organizationLogo"},"sameAs":["https:\/\/facebook.com\/eldigitaldeasturias","https:\/\/www.youtube.com\/channel\/UCZP-2wLEB9Rv6erhFmqVnvg"],"address":{"@id":"https:\/\/www.eldigitaldeasturias.com\/noticias\/#postaladdress","@type":"PostalAddress","streetAddress":"san antonio 4","postalCode":"33430","addressLocality":"Cand\u00e1s","addressRegion":"Asturias","addressCountry":"ES"}},{"@type":"Person","@id":"https:\/\/www.eldigitaldeasturias.com\/noticias\/author\/admin\/#author","url":"https:\/\/www.eldigitaldeasturias.com\/noticias\/author\/admin\/","name":"El Digital de Asturias","image":{"@type":"ImageObject","@id":"https:\/\/www.eldigitaldeasturias.com\/noticias\/ban-ki-moon-alaba-el-ejemplo-sentado-por-la-ue-con-su-propuesta-energetica\/#authorImage","url":"https:\/\/secure.gravatar.com\/avatar\/df2aeffc32bcd13f8d26072ef8a91b623d677766deac7f97ca815868cd41bf5e?s=96&d=mm&r=g","width":96,"height":96,"caption":"El Digital de Asturias"}},{"@type":"WebPage","@id":"https:\/\/www.eldigitaldeasturias.com\/noticias\/ban-ki-moon-alaba-el-ejemplo-sentado-por-la-ue-con-su-propuesta-energetica\/#webpage","url":"https:\/\/www.eldigitaldeasturias.com\/noticias\/ban-ki-moon-alaba-el-ejemplo-sentado-por-la-ue-con-su-propuesta-energetica\/","name":"Ban Ki-moon alaba el ejemplo sentado por la UE con su propuesta energ\u00e9tica - El Digital de Asturias","description":"Davos (Suiza), 23 ene (EFE).- El secretario general de la ONU, Ban Ki-moon, asegur\u00f3 hoy que la Comisi\u00f3n Europea (CE) ha marcado \"el camino que todos deben seguir\" con su objetivo de recorte del 40% en las emisiones de gases de efecto invernadero y de meta vinculante a escala europea del 27% para las energ\u00edas","inLanguage":"es-ES","isPartOf":{"@id":"https:\/\/www.eldigitaldeasturias.com\/noticias\/#website"},"breadcrumb":{"@id":"https:\/\/www.eldigitaldeasturias.com\/noticias\/ban-ki-moon-alaba-el-ejemplo-sentado-por-la-ue-con-su-propuesta-energetica\/#breadcrumblist"},"author":{"@id":"https:\/\/www.eldigitaldeasturias.com\/noticias\/author\/admin\/#author"},"creator":{"@id":"https:\/\/www.eldigitaldeasturias.com\/noticias\/author\/admin\/#author"},"image":{"@type":"ImageObject","url":"https:\/\/www.eldigitaldeasturias.com\/noticias\/wp-content\/uploads\/2026\/06\/Contenidos.jpg","@id":"https:\/\/www.eldigitaldeasturias.com\/noticias\/ban-ki-moon-alaba-el-ejemplo-sentado-por-la-ue-con-su-propuesta-energetica\/#mainImage","width":1265,"height":697,"caption":"Contenidos"},"primaryImageOfPage":{"@id":"https:\/\/www.eldigitaldeasturias.com\/noticias\/ban-ki-moon-alaba-el-ejemplo-sentado-por-la-ue-con-su-propuesta-energetica\/#mainImage"},"datePublished":"2014-01-24T08:17:46+01:00","dateModified":"2014-01-24T08:17:46+01:00"},{"@type":"WebSite","@id":"https:\/\/www.eldigitaldeasturias.com\/noticias\/#website","url":"https:\/\/www.eldigitaldeasturias.com\/noticias\/","name":"El Digital de Asturias - Diario de actualidad y noticias","alternateName":"El Digital de Asturias - Diario de actualidad y noticias","description":"Hemeroteca","inLanguage":"es-ES","publisher":{"@id":"https:\/\/www.eldigitaldeasturias.com\/noticias\/#organization"}}]},"og:locale":"es_ES","og:site_name":"El Digital de Asturias","og:type":"article","og:title":"Ban Ki-moon alaba el ejemplo sentado por la UE con su propuesta energ\u00e9tica - El Digital de Asturias","og:description":"Davos (Suiza), 23 ene (EFE).- El secretario general de la ONU, Ban Ki-moon, asegur\u00f3 hoy que la Comisi\u00f3n Europea (CE) ha marcado &quot;el camino que todos deben seguir&quot; con su objetivo de recorte del 40% en las emisiones de gases de efecto invernadero y de meta vinculante a escala europea del 27% para las energ\u00edas","og:url":"https:\/\/www.eldigitaldeasturias.com\/noticias\/ban-ki-moon-alaba-el-ejemplo-sentado-por-la-ue-con-su-propuesta-energetica\/","og:image":"https:\/\/www.eldigitaldeasturias.com\/noticias\/wp-content\/uploads\/2026\/06\/Contenidos.jpg","og:image:secure_url":"https:\/\/www.eldigitaldeasturias.com\/noticias\/wp-content\/uploads\/2026\/06\/Contenidos.jpg","og:image:width":1265,"og:image:height":697,"article:tag":["actualidad"],"article:published_time":"2014-01-24T09:17:46+00:00","article:modified_time":"2014-01-24T09:17:46+00:00","article:publisher":"https:\/\/facebook.com\/eldigitaldeasturias","twitter:card":"summary_large_image","twitter:title":"Ban Ki-moon alaba el ejemplo sentado por la UE con su propuesta energ\u00e9tica - El Digital de Asturias","twitter:description":"Davos (Suiza), 23 ene (EFE).- El secretario general de la ONU, Ban Ki-moon, asegur\u00f3 hoy que la Comisi\u00f3n Europea (CE) ha marcado &quot;el camino que todos deben seguir&quot; con su objetivo de recorte del 40% en las emisiones de gases de efecto invernadero y de meta vinculante a escala europea del 27% para las energ\u00edas","twitter:image":"https:\/\/www.eldigitaldeasturias.com\/noticias\/wp-content\/uploads\/2026\/06\/Contenidos.jpg","twitter:label1":"Escrito por","twitter:data1":"El Digital de Asturias","twitter:label2":"Tiempo de lectura estimado","twitter:data2":"2 minutos"},"aioseo_meta_data":{"post_id":"478007","title":null,"description":null,"keywords":null,"keyphrases":null,"primary_term":null,"canonical_url":null,"og_title":null,"og_description":null,"og_object_type":"default","og_image_type":"default","og_image_url":null,"og_image_width":null,"og_image_height":null,"og_image_custom_url":null,"og_image_custom_fields":null,"og_video":null,"og_custom_url":null,"og_article_section":null,"og_article_tags":null,"twitter_use_og":true,"twitter_card":"default","twitter_image_type":"default","twitter_image_url":null,"twitter_image_custom_url":null,"twitter_image_custom_fields":null,"twitter_title":null,"twitter_description":null,"schema":{"blockGraphs":[],"customGraphs":[],"default":{"data":{"Article":[],"Course":[],"Dataset":[],"FAQPage":[],"Movie":[],"Person":[],"Product":[],"ProductReview":[],"Car":[],"Recipe":[],"Service":[],"SoftwareApplication":[],"WebPage":[]},"graphName":"","isEnabled":true},"graphs":[],"defaultGraph":"","defaultPostTypeGraph":""},"schema_type":null,"schema_type_options":null,"pillar_content":false,"robots_default":true,"robots_noindex":false,"robots_noarchive":false,"robots_nosnippet":false,"robots_nofollow":false,"robots_noimageindex":false,"robots_noodp":false,"robots_notranslate":false,"robots_max_snippet":null,"robots_max_videopreview":null,"robots_max_imagepreview":"none","priority":null,"frequency":null,"local_seo":null,"seo_analyzer_scan_date":"2026-06-01 20:13:55","breadcrumb_settings":null,"limit_modified_date":false,"open_ai":null,"ai":null,"created":"2020-11-14 22:53:47","updated":"2026-06-01 20:13:55","focus_keyword":null,"additional_keywords":null,"truseo_locale":null},"aioseo_breadcrumb":"<div class=\"aioseo-breadcrumbs\"><span class=\"aioseo-breadcrumb\">\n\t<a href=\"https:\/\/www.eldigitaldeasturias.com\/noticias\" title=\"Home\">Home<\/a>\n<\/span><span class=\"aioseo-breadcrumb-separator\">\u2013<\/span><span class=\"aioseo-breadcrumb\">\n\t<a href=\"https:\/\/www.eldigitaldeasturias.com\/noticias\/category\/actualidad\/\" title=\"Actualidad\">Actualidad<\/a>\n<\/span><span class=\"aioseo-breadcrumb-separator\">\u2013<\/span><span class=\"aioseo-breadcrumb\">\n\t<a href=\"https:\/\/www.eldigitaldeasturias.com\/noticias\/ban-ki-moon-alaba-el-ejemplo-sentado-por-la-ue-con-su-propuesta-energetica\/\" title=\"Ban Ki-moon alaba el ejemplo sentado por la UE con su propuesta energ\u00e9tica\">Ban Ki-moon alaba el ejemplo sentado por la UE con su propuesta energ\u00e9tica<\/a>\n<\/span><\/div>","aioseo_breadcrumb_json":[{"label":"Home","link":"https:\/\/www.eldigitaldeasturias.com\/noticias"},{"label":"Actualidad","link":"https:\/\/www.eldigitaldeasturias.com\/noticias\/category\/actualidad\/"},{"label":"Ban Ki-moon alaba el ejemplo sentado por la UE con su propuesta energ\u00e9tica","link":"https:\/\/www.eldigitaldeasturias.com\/noticias\/ban-ki-moon-alaba-el-ejemplo-sentado-por-la-ue-con-su-propuesta-energetica\/"}],"_links":{"self":[{"href":"https:\/\/www.eldigitaldeasturias.com\/noticias\/wp-json\/wp\/v2\/posts\/478007","targetHints":{"allow":["GET"]}}],"collection":[{"href":"https:\/\/www.eldigitaldeasturias.com\/noticias\/wp-json\/wp\/v2\/posts"}],"about":[{"href":"https:\/\/www.eldigitaldeasturias.com\/noticias\/wp-json\/wp\/v2\/types\/post"}],"author":[{"embeddable":true,"href":"https:\/\/www.eldigitaldeasturias.com\/noticias\/wp-json\/wp\/v2\/users\/1"}],"replies":[{"embeddable":true,"href":"https:\/\/www.eldigitaldeasturias.com\/noticias\/wp-json\/wp\/v2\/comments?post=478007"}],"version-history":[{"count":0,"href":"https:\/\/www.eldigitaldeasturias.com\/noticias\/wp-json\/wp\/v2\/posts\/478007\/revisions"}],"wp:featuredmedia":[{"embeddable":true,"href":"https:\/\/www.eldigitaldeasturias.com\/noticias\/wp-json\/wp\/v2\/media\/1132184"}],"wp:attachment":[{"href":"https:\/\/www.eldigitaldeasturias.com\/noticias\/wp-json\/wp\/v2\/media?parent=478007"}],"wp:term":[{"taxonomy":"category","embeddable":true,"href":"https:\/\/www.eldigitaldeasturias.com\/noticias\/wp-json\/wp\/v2\/categories?post=478007"},{"taxonomy":"post_tag","embeddable":true,"href":"https:\/\/www.eldigitaldeasturias.com\/noticias\/wp-json\/wp\/v2\/tags?post=478007"}],"curies":[{"name":"wp","href":"https:\/\/api.w.org\/{rel}","templated":true}]}}