{"id":478001,"date":"2014-01-24T08:14:54","date_gmt":"2014-01-24T09:14:54","guid":{"rendered":"http:\/\/www.eldigitaldeasturias.com\/noticias\/?p=478001"},"modified":"2014-01-24T08:14:54","modified_gmt":"2014-01-24T09:14:54","slug":"el-fmi-vuelve-a-iran-para-revisar-su-economia-tras-dos-anos-de-ausencia","status":"publish","type":"post","link":"https:\/\/www.eldigitaldeasturias.com\/noticias\/el-fmi-vuelve-a-iran-para-revisar-su-economia-tras-dos-anos-de-ausencia\/","title":{"rendered":"El FMI vuelve a Ir\u00e1n para revisar su econom\u00eda tras dos a\u00f1os de ausencia"},"content":{"rendered":"<p><img loading=\"lazy\" decoding=\"async\" class=\"alignleft size-medium wp-image-478002\" alt=\"5871484w\" src=\"https:\/\/www.eldigitaldeasturias.com\/noticias\/wp-content\/uploads\/2014\/01\/5871484w-360x256.jpg\" width=\"360\" height=\"256\" \/>Washington, 23 ene (EFE).- Una misi\u00f3n del Fondo Monetario Internacional (FMI) viajar\u00e1 a Teher\u00e1n el pr\u00f3ximo 25 de enero para revisar la situaci\u00f3n econ\u00f3mica en Ir\u00e1n, dos a\u00f1os despu\u00e9s de su \u00faltima visita, anunci\u00f3 hoy el organismo internacional.<\/p>\n<p>\u00abEl foco general de esta consulta del Art\u00edculo IV (como se denomina en el Fondo las revisiones anuales de sus pa\u00edses miembros) estar\u00e1 enfocado en restaurar la estabilidad econ\u00f3mica y comenzar a encarar la prolongadas debilidades en el marco pol\u00edtico y de estructura econ\u00f3mica\u00bb, afirm\u00f3 William Murray, portavoz adjunto del FMI, en una rueda de prensa.<\/p>\n<p>Los t\u00e9cnicos de la instituci\u00f3n dirigida por Christine Lagarde podr\u00e1n as\u00ed evaluar de cerca las cuentas p\u00fablicas y la situaci\u00f3n econ\u00f3mica de Ir\u00e1n, despu\u00e9s de las sanciones econ\u00f3micas impuestas por la comunidad internacional por su programa nuclear, que han tenido un fuerte impacto en los ingresos petroleros y el valor de la moneda local, el rial.<\/p>\n<p>La \u00faltima visita del FMI a Ir\u00e1n para una revisi\u00f3n completa de la econom\u00eda se produjo en julio de 2011.<\/p>\n","protected":false},"excerpt":{"rendered":"<p>Washington, 23 ene (EFE).- Una misi\u00f3n del Fondo Monetario Internacional (FMI) viajar\u00e1 a Teher\u00e1n el pr\u00f3ximo 25 de enero para revisar la situaci\u00f3n econ\u00f3mica en Ir\u00e1n, dos a\u00f1os despu\u00e9s de su \u00faltima visita, anunci\u00f3 hoy el organismo internacional. \u00abEl foco general de esta consulta del Art\u00edculo IV (como se denomina en el Fondo las revisiones [&hellip;]<\/p>\n","protected":false},"author":1,"featured_media":1132184,"comment_status":"closed","ping_status":"open","sticky":false,"template":"","format":"standard","meta":{"footnotes":""},"categories":[1],"tags":[],"class_list":["post-478001","post","type-post","status-publish","format-standard","has-post-thumbnail","hentry","category-actualidad"],"aioseo_notices":[],"aioseo_head":"\n\t\t<!-- All in One SEO Pro 5.0.1 - aioseo.com -->\n\t<meta name=\"description\" content=\"Washington, 23 ene (EFE).- Una misi\u00f3n del Fondo Monetario Internacional (FMI) viajar\u00e1 a Teher\u00e1n el pr\u00f3ximo 25 de enero para revisar la situaci\u00f3n econ\u00f3mica en Ir\u00e1n, dos a\u00f1os despu\u00e9s de su \u00faltima visita, anunci\u00f3 hoy el organismo internacional. &quot;El foco general de esta consulta del Art\u00edculo IV (como se denomina en el Fondo las revisiones\" \/>\n\t<meta name=\"robots\" content=\"max-image-preview:large\" \/>\n\t<meta name=\"author\" content=\"El Digital de Asturias\"\/>\n\t<meta name=\"google-site-verification\" content=\"UA-38556648-1\" \/>\n\t<meta name=\"msvalidate.01\" content=\"7dfe9f3f1b24437ab69f4f2559babe99\" \/>\n\t<meta name=\"keywords\" content=\"actualidad\" \/>\n\t<link rel=\"canonical\" href=\"https:\/\/www.eldigitaldeasturias.com\/noticias\/el-fmi-vuelve-a-iran-para-revisar-su-economia-tras-dos-anos-de-ausencia\/\" \/>\n\t<meta name=\"generator\" content=\"All in One SEO Pro (AIOSEO) 5.0.1\" \/>\n\t\t<meta property=\"og:locale\" content=\"es_ES\" \/>\n\t\t<meta property=\"og:site_name\" content=\"El Digital de Asturias\" \/>\n\t\t<meta property=\"og:type\" content=\"article\" \/>\n\t\t<meta property=\"og:title\" content=\"El FMI vuelve a Ir\u00e1n para revisar su econom\u00eda tras dos a\u00f1os de ausencia - El Digital de Asturias\" \/>\n\t\t<meta property=\"og:description\" content=\"Washington, 23 ene (EFE).- Una misi\u00f3n del Fondo Monetario Internacional (FMI) viajar\u00e1 a Teher\u00e1n el pr\u00f3ximo 25 de enero para revisar la situaci\u00f3n econ\u00f3mica en Ir\u00e1n, dos a\u00f1os despu\u00e9s de su \u00faltima visita, anunci\u00f3 hoy el organismo internacional. &quot;El foco general de esta consulta del Art\u00edculo IV (como se denomina en el Fondo las revisiones\" \/>\n\t\t<meta property=\"og:url\" content=\"https:\/\/www.eldigitaldeasturias.com\/noticias\/el-fmi-vuelve-a-iran-para-revisar-su-economia-tras-dos-anos-de-ausencia\/\" \/>\n\t\t<meta property=\"og:image\" content=\"https:\/\/www.eldigitaldeasturias.com\/noticias\/wp-content\/uploads\/2026\/06\/Contenidos.jpg\" \/>\n\t\t<meta property=\"og:image:secure_url\" content=\"https:\/\/www.eldigitaldeasturias.com\/noticias\/wp-content\/uploads\/2026\/06\/Contenidos.jpg\" \/>\n\t\t<meta property=\"og:image:width\" content=\"1265\" \/>\n\t\t<meta property=\"og:image:height\" content=\"697\" \/>\n\t\t<meta property=\"article:tag\" content=\"actualidad\" \/>\n\t\t<meta property=\"article:published_time\" content=\"2014-01-24T09:14:54+00:00\" \/>\n\t\t<meta property=\"article:modified_time\" content=\"2014-01-24T09:14:54+00:00\" \/>\n\t\t<meta property=\"article:publisher\" content=\"https:\/\/facebook.com\/eldigitaldeasturias\" \/>\n\t\t<meta name=\"twitter:card\" content=\"summary_large_image\" \/>\n\t\t<meta name=\"twitter:title\" content=\"El FMI vuelve a Ir\u00e1n para revisar su econom\u00eda tras dos a\u00f1os de ausencia - El Digital de Asturias\" \/>\n\t\t<meta name=\"twitter:description\" content=\"Washington, 23 ene (EFE).- Una misi\u00f3n del Fondo Monetario Internacional (FMI) viajar\u00e1 a Teher\u00e1n el pr\u00f3ximo 25 de enero para revisar la situaci\u00f3n econ\u00f3mica en Ir\u00e1n, dos a\u00f1os despu\u00e9s de su \u00faltima visita, anunci\u00f3 hoy el organismo internacional. &quot;El foco general de esta consulta del Art\u00edculo IV (como se denomina en el Fondo las revisiones\" \/>\n\t\t<meta name=\"twitter:image\" content=\"https:\/\/www.eldigitaldeasturias.com\/noticias\/wp-content\/uploads\/2026\/06\/Contenidos.jpg\" \/>\n\t\t<meta name=\"twitter:label1\" content=\"Escrito por\" \/>\n\t\t<meta name=\"twitter:data1\" content=\"El Digital de Asturias\" \/>\n\t\t<meta name=\"twitter:label2\" content=\"Tiempo de lectura estimado\" \/>\n\t\t<meta name=\"twitter:data2\" content=\"1 minuto\" \/>\n\t\t<script type=\"application\/ld+json\" class=\"aioseo-schema\">\n\t\t\t{\"@context\":\"https:\\\/\\\/schema.org\",\"@graph\":[{\"@type\":\"BlogPosting\",\"@id\":\"https:\\\/\\\/www.eldigitaldeasturias.com\\\/noticias\\\/el-fmi-vuelve-a-iran-para-revisar-su-economia-tras-dos-anos-de-ausencia\\\/#blogposting\",\"name\":\"El FMI vuelve a Ir\\u00e1n para revisar su econom\\u00eda tras dos a\\u00f1os de ausencia - El Digital de Asturias\",\"headline\":\"El FMI vuelve a Ir\\u00e1n para revisar su econom\\u00eda tras dos a\\u00f1os de ausencia\",\"author\":{\"@id\":\"https:\\\/\\\/www.eldigitaldeasturias.com\\\/noticias\\\/author\\\/admin\\\/#author\"},\"publisher\":{\"@id\":\"https:\\\/\\\/www.eldigitaldeasturias.com\\\/noticias\\\/#organization\"},\"image\":{\"@type\":\"ImageObject\",\"url\":\"https:\\\/\\\/www.eldigitaldeasturias.com\\\/noticias\\\/wp-content\\\/uploads\\\/2026\\\/06\\\/Contenidos.jpg\",\"width\":1265,\"height\":697,\"caption\":\"Contenidos\"},\"datePublished\":\"2014-01-24T08:14:54+01:00\",\"dateModified\":\"2014-01-24T08:14:54+01:00\",\"inLanguage\":\"es-ES\",\"mainEntityOfPage\":{\"@id\":\"https:\\\/\\\/www.eldigitaldeasturias.com\\\/noticias\\\/el-fmi-vuelve-a-iran-para-revisar-su-economia-tras-dos-anos-de-ausencia\\\/#webpage\"},\"isPartOf\":{\"@id\":\"https:\\\/\\\/www.eldigitaldeasturias.com\\\/noticias\\\/el-fmi-vuelve-a-iran-para-revisar-su-economia-tras-dos-anos-de-ausencia\\\/#webpage\"},\"articleSection\":\"Actualidad\"},{\"@type\":\"BreadcrumbList\",\"@id\":\"https:\\\/\\\/www.eldigitaldeasturias.com\\\/noticias\\\/el-fmi-vuelve-a-iran-para-revisar-su-economia-tras-dos-anos-de-ausencia\\\/#breadcrumblist\",\"itemListElement\":[{\"@type\":\"ListItem\",\"@id\":\"https:\\\/\\\/www.eldigitaldeasturias.com\\\/noticias#listItem\",\"position\":1,\"name\":\"Home\",\"item\":\"https:\\\/\\\/www.eldigitaldeasturias.com\\\/noticias\",\"nextItem\":{\"@type\":\"ListItem\",\"@id\":\"https:\\\/\\\/www.eldigitaldeasturias.com\\\/noticias\\\/category\\\/actualidad\\\/#listItem\",\"name\":\"Actualidad\"}},{\"@type\":\"ListItem\",\"@id\":\"https:\\\/\\\/www.eldigitaldeasturias.com\\\/noticias\\\/category\\\/actualidad\\\/#listItem\",\"position\":2,\"name\":\"Actualidad\",\"item\":\"https:\\\/\\\/www.eldigitaldeasturias.com\\\/noticias\\\/category\\\/actualidad\\\/\",\"nextItem\":{\"@type\":\"ListItem\",\"@id\":\"https:\\\/\\\/www.eldigitaldeasturias.com\\\/noticias\\\/el-fmi-vuelve-a-iran-para-revisar-su-economia-tras-dos-anos-de-ausencia\\\/#listItem\",\"name\":\"El FMI vuelve a Ir\\u00e1n para revisar su econom\\u00eda tras dos a\\u00f1os de ausencia\"},\"previousItem\":{\"@type\":\"ListItem\",\"@id\":\"https:\\\/\\\/www.eldigitaldeasturias.com\\\/noticias#listItem\",\"name\":\"Home\"}},{\"@type\":\"ListItem\",\"@id\":\"https:\\\/\\\/www.eldigitaldeasturias.com\\\/noticias\\\/el-fmi-vuelve-a-iran-para-revisar-su-economia-tras-dos-anos-de-ausencia\\\/#listItem\",\"position\":3,\"name\":\"El FMI vuelve a Ir\\u00e1n para revisar su econom\\u00eda tras dos a\\u00f1os de ausencia\",\"previousItem\":{\"@type\":\"ListItem\",\"@id\":\"https:\\\/\\\/www.eldigitaldeasturias.com\\\/noticias\\\/category\\\/actualidad\\\/#listItem\",\"name\":\"Actualidad\"}}]},{\"@type\":\"Organization\",\"@id\":\"https:\\\/\\\/www.eldigitaldeasturias.com\\\/noticias\\\/#organization\",\"name\":\"El Digital de Asturias\",\"description\":\"Hemeroteca\",\"url\":\"https:\\\/\\\/www.eldigitaldeasturias.com\\\/noticias\\\/\",\"email\":\"info@eldigitaldeasturias.com\",\"telephone\":\"+34652131393\",\"logo\":{\"@type\":\"ImageObject\",\"url\":\"https:\\\/\\\/www.eldigitaldeasturias.com\\\/noticias\\\/wp-content\\\/uploads\\\/2020\\\/12\\\/EDA.jpg\",\"@id\":\"https:\\\/\\\/www.eldigitaldeasturias.com\\\/noticias\\\/el-fmi-vuelve-a-iran-para-revisar-su-economia-tras-dos-anos-de-ausencia\\\/#organizationLogo\"},\"image\":{\"@id\":\"https:\\\/\\\/www.eldigitaldeasturias.com\\\/noticias\\\/el-fmi-vuelve-a-iran-para-revisar-su-economia-tras-dos-anos-de-ausencia\\\/#organizationLogo\"},\"sameAs\":[\"https:\\\/\\\/facebook.com\\\/eldigitaldeasturias\",\"https:\\\/\\\/www.youtube.com\\\/channel\\\/UCZP-2wLEB9Rv6erhFmqVnvg\"],\"address\":{\"@id\":\"https:\\\/\\\/www.eldigitaldeasturias.com\\\/noticias\\\/#postaladdress\",\"@type\":\"PostalAddress\",\"streetAddress\":\"san antonio 4\",\"postalCode\":\"33430\",\"addressLocality\":\"Cand\\u00e1s\",\"addressRegion\":\"Asturias\",\"addressCountry\":\"ES\"}},{\"@type\":\"Person\",\"@id\":\"https:\\\/\\\/www.eldigitaldeasturias.com\\\/noticias\\\/author\\\/admin\\\/#author\",\"url\":\"https:\\\/\\\/www.eldigitaldeasturias.com\\\/noticias\\\/author\\\/admin\\\/\",\"name\":\"El Digital de Asturias\",\"image\":{\"@type\":\"ImageObject\",\"@id\":\"https:\\\/\\\/www.eldigitaldeasturias.com\\\/noticias\\\/el-fmi-vuelve-a-iran-para-revisar-su-economia-tras-dos-anos-de-ausencia\\\/#authorImage\",\"url\":\"https:\\\/\\\/secure.gravatar.com\\\/avatar\\\/df2aeffc32bcd13f8d26072ef8a91b623d677766deac7f97ca815868cd41bf5e?s=96&d=mm&r=g\",\"width\":96,\"height\":96,\"caption\":\"El Digital de Asturias\"}},{\"@type\":\"WebPage\",\"@id\":\"https:\\\/\\\/www.eldigitaldeasturias.com\\\/noticias\\\/el-fmi-vuelve-a-iran-para-revisar-su-economia-tras-dos-anos-de-ausencia\\\/#webpage\",\"url\":\"https:\\\/\\\/www.eldigitaldeasturias.com\\\/noticias\\\/el-fmi-vuelve-a-iran-para-revisar-su-economia-tras-dos-anos-de-ausencia\\\/\",\"name\":\"El FMI vuelve a Ir\\u00e1n para revisar su econom\\u00eda tras dos a\\u00f1os de ausencia - El Digital de Asturias\",\"description\":\"Washington, 23 ene (EFE).- Una misi\\u00f3n del Fondo Monetario Internacional (FMI) viajar\\u00e1 a Teher\\u00e1n el pr\\u00f3ximo 25 de enero para revisar la situaci\\u00f3n econ\\u00f3mica en Ir\\u00e1n, dos a\\u00f1os despu\\u00e9s de su \\u00faltima visita, anunci\\u00f3 hoy el organismo internacional. \\\"El foco general de esta consulta del Art\\u00edculo IV (como se denomina en el Fondo las revisiones\",\"inLanguage\":\"es-ES\",\"isPartOf\":{\"@id\":\"https:\\\/\\\/www.eldigitaldeasturias.com\\\/noticias\\\/#website\"},\"breadcrumb\":{\"@id\":\"https:\\\/\\\/www.eldigitaldeasturias.com\\\/noticias\\\/el-fmi-vuelve-a-iran-para-revisar-su-economia-tras-dos-anos-de-ausencia\\\/#breadcrumblist\"},\"author\":{\"@id\":\"https:\\\/\\\/www.eldigitaldeasturias.com\\\/noticias\\\/author\\\/admin\\\/#author\"},\"creator\":{\"@id\":\"https:\\\/\\\/www.eldigitaldeasturias.com\\\/noticias\\\/author\\\/admin\\\/#author\"},\"image\":{\"@type\":\"ImageObject\",\"url\":\"https:\\\/\\\/www.eldigitaldeasturias.com\\\/noticias\\\/wp-content\\\/uploads\\\/2026\\\/06\\\/Contenidos.jpg\",\"@id\":\"https:\\\/\\\/www.eldigitaldeasturias.com\\\/noticias\\\/el-fmi-vuelve-a-iran-para-revisar-su-economia-tras-dos-anos-de-ausencia\\\/#mainImage\",\"width\":1265,\"height\":697,\"caption\":\"Contenidos\"},\"primaryImageOfPage\":{\"@id\":\"https:\\\/\\\/www.eldigitaldeasturias.com\\\/noticias\\\/el-fmi-vuelve-a-iran-para-revisar-su-economia-tras-dos-anos-de-ausencia\\\/#mainImage\"},\"datePublished\":\"2014-01-24T08:14:54+01:00\",\"dateModified\":\"2014-01-24T08:14:54+01:00\"},{\"@type\":\"WebSite\",\"@id\":\"https:\\\/\\\/www.eldigitaldeasturias.com\\\/noticias\\\/#website\",\"url\":\"https:\\\/\\\/www.eldigitaldeasturias.com\\\/noticias\\\/\",\"name\":\"El Digital de Asturias - Diario de actualidad y noticias\",\"alternateName\":\"El Digital de Asturias - Diario de actualidad y noticias\",\"description\":\"Hemeroteca\",\"inLanguage\":\"es-ES\",\"publisher\":{\"@id\":\"https:\\\/\\\/www.eldigitaldeasturias.com\\\/noticias\\\/#organization\"}}]}\n\t\t<\/script>\n\t\t<!-- All in One SEO Pro -->\r\n\t\t<title>El FMI vuelve a Ir\u00e1n para revisar su econom\u00eda tras dos a\u00f1os de ausencia - El Digital de Asturias<\/title>\n\n","aioseo_head_json":{"title":"El FMI vuelve a Ir\u00e1n para revisar su econom\u00eda tras dos a\u00f1os de ausencia - El Digital de Asturias","description":"Washington, 23 ene (EFE).- Una misi\u00f3n del Fondo Monetario Internacional (FMI) viajar\u00e1 a Teher\u00e1n el pr\u00f3ximo 25 de enero para revisar la situaci\u00f3n econ\u00f3mica en Ir\u00e1n, dos a\u00f1os despu\u00e9s de su \u00faltima visita, anunci\u00f3 hoy el organismo internacional. \"El foco general de esta consulta del Art\u00edculo IV (como se denomina en el Fondo las revisiones","canonical_url":"https:\/\/www.eldigitaldeasturias.com\/noticias\/el-fmi-vuelve-a-iran-para-revisar-su-economia-tras-dos-anos-de-ausencia\/","robots":"max-image-preview:large","keywords":"actualidad","webmasterTools":{"google-site-verification":"UA-38556648-1","msvalidate.01":"7dfe9f3f1b24437ab69f4f2559babe99","miscellaneous":""},"schema":{"@context":"https:\/\/schema.org","@graph":[{"@type":"BlogPosting","@id":"https:\/\/www.eldigitaldeasturias.com\/noticias\/el-fmi-vuelve-a-iran-para-revisar-su-economia-tras-dos-anos-de-ausencia\/#blogposting","name":"El FMI vuelve a Ir\u00e1n para revisar su econom\u00eda tras dos a\u00f1os de ausencia - El Digital de Asturias","headline":"El FMI vuelve a Ir\u00e1n para revisar su econom\u00eda tras dos a\u00f1os de ausencia","author":{"@id":"https:\/\/www.eldigitaldeasturias.com\/noticias\/author\/admin\/#author"},"publisher":{"@id":"https:\/\/www.eldigitaldeasturias.com\/noticias\/#organization"},"image":{"@type":"ImageObject","url":"https:\/\/www.eldigitaldeasturias.com\/noticias\/wp-content\/uploads\/2026\/06\/Contenidos.jpg","width":1265,"height":697,"caption":"Contenidos"},"datePublished":"2014-01-24T08:14:54+01:00","dateModified":"2014-01-24T08:14:54+01:00","inLanguage":"es-ES","mainEntityOfPage":{"@id":"https:\/\/www.eldigitaldeasturias.com\/noticias\/el-fmi-vuelve-a-iran-para-revisar-su-economia-tras-dos-anos-de-ausencia\/#webpage"},"isPartOf":{"@id":"https:\/\/www.eldigitaldeasturias.com\/noticias\/el-fmi-vuelve-a-iran-para-revisar-su-economia-tras-dos-anos-de-ausencia\/#webpage"},"articleSection":"Actualidad"},{"@type":"BreadcrumbList","@id":"https:\/\/www.eldigitaldeasturias.com\/noticias\/el-fmi-vuelve-a-iran-para-revisar-su-economia-tras-dos-anos-de-ausencia\/#breadcrumblist","itemListElement":[{"@type":"ListItem","@id":"https:\/\/www.eldigitaldeasturias.com\/noticias#listItem","position":1,"name":"Home","item":"https:\/\/www.eldigitaldeasturias.com\/noticias","nextItem":{"@type":"ListItem","@id":"https:\/\/www.eldigitaldeasturias.com\/noticias\/category\/actualidad\/#listItem","name":"Actualidad"}},{"@type":"ListItem","@id":"https:\/\/www.eldigitaldeasturias.com\/noticias\/category\/actualidad\/#listItem","position":2,"name":"Actualidad","item":"https:\/\/www.eldigitaldeasturias.com\/noticias\/category\/actualidad\/","nextItem":{"@type":"ListItem","@id":"https:\/\/www.eldigitaldeasturias.com\/noticias\/el-fmi-vuelve-a-iran-para-revisar-su-economia-tras-dos-anos-de-ausencia\/#listItem","name":"El FMI vuelve a Ir\u00e1n para revisar su econom\u00eda tras dos a\u00f1os de ausencia"},"previousItem":{"@type":"ListItem","@id":"https:\/\/www.eldigitaldeasturias.com\/noticias#listItem","name":"Home"}},{"@type":"ListItem","@id":"https:\/\/www.eldigitaldeasturias.com\/noticias\/el-fmi-vuelve-a-iran-para-revisar-su-economia-tras-dos-anos-de-ausencia\/#listItem","position":3,"name":"El FMI vuelve a Ir\u00e1n para revisar su econom\u00eda tras dos a\u00f1os de ausencia","previousItem":{"@type":"ListItem","@id":"https:\/\/www.eldigitaldeasturias.com\/noticias\/category\/actualidad\/#listItem","name":"Actualidad"}}]},{"@type":"Organization","@id":"https:\/\/www.eldigitaldeasturias.com\/noticias\/#organization","name":"El Digital de Asturias","description":"Hemeroteca","url":"https:\/\/www.eldigitaldeasturias.com\/noticias\/","email":"info@eldigitaldeasturias.com","telephone":"+34652131393","logo":{"@type":"ImageObject","url":"https:\/\/www.eldigitaldeasturias.com\/noticias\/wp-content\/uploads\/2020\/12\/EDA.jpg","@id":"https:\/\/www.eldigitaldeasturias.com\/noticias\/el-fmi-vuelve-a-iran-para-revisar-su-economia-tras-dos-anos-de-ausencia\/#organizationLogo"},"image":{"@id":"https:\/\/www.eldigitaldeasturias.com\/noticias\/el-fmi-vuelve-a-iran-para-revisar-su-economia-tras-dos-anos-de-ausencia\/#organizationLogo"},"sameAs":["https:\/\/facebook.com\/eldigitaldeasturias","https:\/\/www.youtube.com\/channel\/UCZP-2wLEB9Rv6erhFmqVnvg"],"address":{"@id":"https:\/\/www.eldigitaldeasturias.com\/noticias\/#postaladdress","@type":"PostalAddress","streetAddress":"san antonio 4","postalCode":"33430","addressLocality":"Cand\u00e1s","addressRegion":"Asturias","addressCountry":"ES"}},{"@type":"Person","@id":"https:\/\/www.eldigitaldeasturias.com\/noticias\/author\/admin\/#author","url":"https:\/\/www.eldigitaldeasturias.com\/noticias\/author\/admin\/","name":"El Digital de Asturias","image":{"@type":"ImageObject","@id":"https:\/\/www.eldigitaldeasturias.com\/noticias\/el-fmi-vuelve-a-iran-para-revisar-su-economia-tras-dos-anos-de-ausencia\/#authorImage","url":"https:\/\/secure.gravatar.com\/avatar\/df2aeffc32bcd13f8d26072ef8a91b623d677766deac7f97ca815868cd41bf5e?s=96&d=mm&r=g","width":96,"height":96,"caption":"El Digital de Asturias"}},{"@type":"WebPage","@id":"https:\/\/www.eldigitaldeasturias.com\/noticias\/el-fmi-vuelve-a-iran-para-revisar-su-economia-tras-dos-anos-de-ausencia\/#webpage","url":"https:\/\/www.eldigitaldeasturias.com\/noticias\/el-fmi-vuelve-a-iran-para-revisar-su-economia-tras-dos-anos-de-ausencia\/","name":"El FMI vuelve a Ir\u00e1n para revisar su econom\u00eda tras dos a\u00f1os de ausencia - El Digital de Asturias","description":"Washington, 23 ene (EFE).- Una misi\u00f3n del Fondo Monetario Internacional (FMI) viajar\u00e1 a Teher\u00e1n el pr\u00f3ximo 25 de enero para revisar la situaci\u00f3n econ\u00f3mica en Ir\u00e1n, dos a\u00f1os despu\u00e9s de su \u00faltima visita, anunci\u00f3 hoy el organismo internacional. \"El foco general de esta consulta del Art\u00edculo IV (como se denomina en el Fondo las revisiones","inLanguage":"es-ES","isPartOf":{"@id":"https:\/\/www.eldigitaldeasturias.com\/noticias\/#website"},"breadcrumb":{"@id":"https:\/\/www.eldigitaldeasturias.com\/noticias\/el-fmi-vuelve-a-iran-para-revisar-su-economia-tras-dos-anos-de-ausencia\/#breadcrumblist"},"author":{"@id":"https:\/\/www.eldigitaldeasturias.com\/noticias\/author\/admin\/#author"},"creator":{"@id":"https:\/\/www.eldigitaldeasturias.com\/noticias\/author\/admin\/#author"},"image":{"@type":"ImageObject","url":"https:\/\/www.eldigitaldeasturias.com\/noticias\/wp-content\/uploads\/2026\/06\/Contenidos.jpg","@id":"https:\/\/www.eldigitaldeasturias.com\/noticias\/el-fmi-vuelve-a-iran-para-revisar-su-economia-tras-dos-anos-de-ausencia\/#mainImage","width":1265,"height":697,"caption":"Contenidos"},"primaryImageOfPage":{"@id":"https:\/\/www.eldigitaldeasturias.com\/noticias\/el-fmi-vuelve-a-iran-para-revisar-su-economia-tras-dos-anos-de-ausencia\/#mainImage"},"datePublished":"2014-01-24T08:14:54+01:00","dateModified":"2014-01-24T08:14:54+01:00"},{"@type":"WebSite","@id":"https:\/\/www.eldigitaldeasturias.com\/noticias\/#website","url":"https:\/\/www.eldigitaldeasturias.com\/noticias\/","name":"El Digital de Asturias - Diario de actualidad y noticias","alternateName":"El Digital de Asturias - Diario de actualidad y noticias","description":"Hemeroteca","inLanguage":"es-ES","publisher":{"@id":"https:\/\/www.eldigitaldeasturias.com\/noticias\/#organization"}}]},"og:locale":"es_ES","og:site_name":"El Digital de Asturias","og:type":"article","og:title":"El FMI vuelve a Ir\u00e1n para revisar su econom\u00eda tras dos a\u00f1os de ausencia - El Digital de Asturias","og:description":"Washington, 23 ene (EFE).- Una misi\u00f3n del Fondo Monetario Internacional (FMI) viajar\u00e1 a Teher\u00e1n el pr\u00f3ximo 25 de enero para revisar la situaci\u00f3n econ\u00f3mica en Ir\u00e1n, dos a\u00f1os despu\u00e9s de su \u00faltima visita, anunci\u00f3 hoy el organismo internacional. &quot;El foco general de esta consulta del Art\u00edculo IV (como se denomina en el Fondo las revisiones","og:url":"https:\/\/www.eldigitaldeasturias.com\/noticias\/el-fmi-vuelve-a-iran-para-revisar-su-economia-tras-dos-anos-de-ausencia\/","og:image":"https:\/\/www.eldigitaldeasturias.com\/noticias\/wp-content\/uploads\/2026\/06\/Contenidos.jpg","og:image:secure_url":"https:\/\/www.eldigitaldeasturias.com\/noticias\/wp-content\/uploads\/2026\/06\/Contenidos.jpg","og:image:width":1265,"og:image:height":697,"article:tag":["actualidad"],"article:published_time":"2014-01-24T09:14:54+00:00","article:modified_time":"2014-01-24T09:14:54+00:00","article:publisher":"https:\/\/facebook.com\/eldigitaldeasturias","twitter:card":"summary_large_image","twitter:title":"El FMI vuelve a Ir\u00e1n para revisar su econom\u00eda tras dos a\u00f1os de ausencia - El Digital de Asturias","twitter:description":"Washington, 23 ene (EFE).- Una misi\u00f3n del Fondo Monetario Internacional (FMI) viajar\u00e1 a Teher\u00e1n el pr\u00f3ximo 25 de enero para revisar la situaci\u00f3n econ\u00f3mica en Ir\u00e1n, dos a\u00f1os despu\u00e9s de su \u00faltima visita, anunci\u00f3 hoy el organismo internacional. &quot;El foco general de esta consulta del Art\u00edculo IV (como se denomina en el Fondo las revisiones","twitter:image":"https:\/\/www.eldigitaldeasturias.com\/noticias\/wp-content\/uploads\/2026\/06\/Contenidos.jpg","twitter:label1":"Escrito por","twitter:data1":"El Digital de Asturias","twitter:label2":"Tiempo de lectura estimado","twitter:data2":"1 minuto"},"aioseo_meta_data":{"post_id":"478001","title":null,"description":null,"keywords":null,"keyphrases":null,"primary_term":null,"canonical_url":null,"og_title":null,"og_description":null,"og_object_type":"default","og_image_type":"default","og_image_url":null,"og_image_width":null,"og_image_height":null,"og_image_custom_url":null,"og_image_custom_fields":null,"og_video":null,"og_custom_url":null,"og_article_section":null,"og_article_tags":null,"twitter_use_og":true,"twitter_card":"default","twitter_image_type":"default","twitter_image_url":null,"twitter_image_custom_url":null,"twitter_image_custom_fields":null,"twitter_title":null,"twitter_description":null,"schema":{"blockGraphs":[],"customGraphs":[],"default":{"data":{"Article":[],"Course":[],"Dataset":[],"FAQPage":[],"Movie":[],"Person":[],"Product":[],"ProductReview":[],"Car":[],"Recipe":[],"Service":[],"SoftwareApplication":[],"WebPage":[]},"graphName":"","isEnabled":true},"graphs":[],"defaultGraph":"","defaultPostTypeGraph":""},"schema_type":null,"schema_type_options":null,"pillar_content":false,"robots_default":true,"robots_noindex":false,"robots_noarchive":false,"robots_nosnippet":false,"robots_nofollow":false,"robots_noimageindex":false,"robots_noodp":false,"robots_notranslate":false,"robots_max_snippet":null,"robots_max_videopreview":null,"robots_max_imagepreview":"none","priority":null,"frequency":null,"local_seo":null,"seo_analyzer_scan_date":"2026-06-01 20:11:51","breadcrumb_settings":null,"limit_modified_date":false,"open_ai":null,"ai":null,"created":"2020-11-14 22:53:47","updated":"2026-06-01 20:11:51","focus_keyword":null,"additional_keywords":null,"truseo_locale":null},"aioseo_breadcrumb":"<div class=\"aioseo-breadcrumbs\"><span class=\"aioseo-breadcrumb\">\n\t<a href=\"https:\/\/www.eldigitaldeasturias.com\/noticias\" title=\"Home\">Home<\/a>\n<\/span><span class=\"aioseo-breadcrumb-separator\">\u2013<\/span><span class=\"aioseo-breadcrumb\">\n\t<a href=\"https:\/\/www.eldigitaldeasturias.com\/noticias\/category\/actualidad\/\" title=\"Actualidad\">Actualidad<\/a>\n<\/span><span class=\"aioseo-breadcrumb-separator\">\u2013<\/span><span class=\"aioseo-breadcrumb\">\n\t<a href=\"https:\/\/www.eldigitaldeasturias.com\/noticias\/el-fmi-vuelve-a-iran-para-revisar-su-economia-tras-dos-anos-de-ausencia\/\" title=\"El FMI vuelve a Ir\u00e1n para revisar su econom\u00eda tras dos a\u00f1os de ausencia\">El FMI vuelve a Ir\u00e1n para revisar su econom\u00eda tras dos a\u00f1os de ausencia<\/a>\n<\/span><\/div>","aioseo_breadcrumb_json":[{"label":"Home","link":"https:\/\/www.eldigitaldeasturias.com\/noticias"},{"label":"Actualidad","link":"https:\/\/www.eldigitaldeasturias.com\/noticias\/category\/actualidad\/"},{"label":"El FMI vuelve a Ir\u00e1n para revisar su econom\u00eda tras dos a\u00f1os de ausencia","link":"https:\/\/www.eldigitaldeasturias.com\/noticias\/el-fmi-vuelve-a-iran-para-revisar-su-economia-tras-dos-anos-de-ausencia\/"}],"_links":{"self":[{"href":"https:\/\/www.eldigitaldeasturias.com\/noticias\/wp-json\/wp\/v2\/posts\/478001","targetHints":{"allow":["GET"]}}],"collection":[{"href":"https:\/\/www.eldigitaldeasturias.com\/noticias\/wp-json\/wp\/v2\/posts"}],"about":[{"href":"https:\/\/www.eldigitaldeasturias.com\/noticias\/wp-json\/wp\/v2\/types\/post"}],"author":[{"embeddable":true,"href":"https:\/\/www.eldigitaldeasturias.com\/noticias\/wp-json\/wp\/v2\/users\/1"}],"replies":[{"embeddable":true,"href":"https:\/\/www.eldigitaldeasturias.com\/noticias\/wp-json\/wp\/v2\/comments?post=478001"}],"version-history":[{"count":0,"href":"https:\/\/www.eldigitaldeasturias.com\/noticias\/wp-json\/wp\/v2\/posts\/478001\/revisions"}],"wp:featuredmedia":[{"embeddable":true,"href":"https:\/\/www.eldigitaldeasturias.com\/noticias\/wp-json\/wp\/v2\/media\/1132184"}],"wp:attachment":[{"href":"https:\/\/www.eldigitaldeasturias.com\/noticias\/wp-json\/wp\/v2\/media?parent=478001"}],"wp:term":[{"taxonomy":"category","embeddable":true,"href":"https:\/\/www.eldigitaldeasturias.com\/noticias\/wp-json\/wp\/v2\/categories?post=478001"},{"taxonomy":"post_tag","embeddable":true,"href":"https:\/\/www.eldigitaldeasturias.com\/noticias\/wp-json\/wp\/v2\/tags?post=478001"}],"curies":[{"name":"wp","href":"https:\/\/api.w.org\/{rel}","templated":true}]}}