{"id":477984,"date":"2014-01-24T08:03:46","date_gmt":"2014-01-24T09:03:46","guid":{"rendered":"http:\/\/www.eldigitaldeasturias.com\/noticias\/?p=477984"},"modified":"2014-01-24T08:03:46","modified_gmt":"2014-01-24T09:03:46","slug":"sanidad-se-compromete-a-impulsar-la-mejora-de-la-calidad-en-la-gestion-de-ong","status":"publish","type":"post","link":"https:\/\/www.eldigitaldeasturias.com\/noticias\/sanidad-se-compromete-a-impulsar-la-mejora-de-la-calidad-en-la-gestion-de-ong\/","title":{"rendered":"Sanidad se compromete a impulsar la mejora de la calidad en la gesti\u00f3n de ONG"},"content":{"rendered":"<p><img loading=\"lazy\" decoding=\"async\" class=\"alignleft size-medium wp-image-477985\" alt=\"5871387w\" src=\"https:\/\/www.eldigitaldeasturias.com\/noticias\/wp-content\/uploads\/2014\/01\/5871387w-218x320.jpg\" width=\"218\" height=\"320\" \/>Madrid, 23 ene (EFE).- El Ministerio de Sanidad, Servicios Sociales e Igualdad se ha comprometido hoy a impulsar el desarrollo de procedimientos de calidad que contribuyan a la modernizaci\u00f3n de la gesti\u00f3n de las ONG.<\/p>\n<p>Lo ha hecho a trav\u00e9s del acuerdo firmado por el secretario de Estado de Servicios Sociales e Igualdad, Juan Manuel Moreno, y los representantes del Instituto para la Calidad de las ONG (ICONG) que persigue mejorar y modernizar la gesti\u00f3n de las organizaciones.<\/p>\n<p>Moreno ha subrayado que el convenio suscrito se centra en la implantaci\u00f3n de sistemas de gesti\u00f3n de la calidad de los servicios basados en la Norma ONG de Calidad, as\u00ed como en la formulaci\u00f3n de propuestas respecto a posibles actuaciones de futuro, ha informado el Ministerio en un comunicado.<\/p>\n<p>A trav\u00e9s de este convenio, Sanidad proporcionar\u00e1 apoyo institucional y asesoramiento a las ONG para conseguir estos objetivos.<\/p>\n<p>Moreno ha expresado su deseo de que el ICONG se convierta en un referente en el \u00e1mbito de la gesti\u00f3n de calidad y sirva para mostrar \u00abel alto grado de compromiso que asumen las organizaciones con las personas a las que atienden y con la sociedad en general\u00bb.<\/p>\n<p>En este sentido, ha afirmado que \u00abes m\u00e1s necesario que nunca\u00bb dar visibilidad a la transparencia y el \u00abbuen hacer\u00bb de las ONG, y sensibilizar sobre \u00abla gran labor de ayuda\u00bb que llevan a cabo.<\/p>\n<p>Moreno ha agradecido el trabajo altruista de las 29.000 entidades que operan en Espa\u00f1a en el \u00e1mbito del Tercer Sector de Acci\u00f3n Social y a sus integrantes -cerca de 1,5 millones de voluntarios y trabajadores- que prestan servicios de apoyo directo a m\u00e1s de cinco millones de personas.<\/p>\n","protected":false},"excerpt":{"rendered":"<p>Madrid, 23 ene (EFE).- El Ministerio de Sanidad, Servicios Sociales e Igualdad se ha comprometido hoy a impulsar el desarrollo de procedimientos de calidad que contribuyan a la modernizaci\u00f3n de la gesti\u00f3n de las ONG. Lo ha hecho a trav\u00e9s del acuerdo firmado por el secretario de Estado de Servicios Sociales e Igualdad, Juan Manuel [&hellip;]<\/p>\n","protected":false},"author":1,"featured_media":1132184,"comment_status":"closed","ping_status":"open","sticky":false,"template":"","format":"standard","meta":{"footnotes":""},"categories":[1],"tags":[],"class_list":["post-477984","post","type-post","status-publish","format-standard","has-post-thumbnail","hentry","category-actualidad"],"aioseo_notices":[],"aioseo_head":"\n\t\t<!-- All in One SEO Pro 5.0.1 - aioseo.com -->\n\t<meta name=\"description\" content=\"Madrid, 23 ene (EFE).- El Ministerio de Sanidad, Servicios Sociales e Igualdad se ha comprometido hoy a impulsar el desarrollo de procedimientos de calidad que contribuyan a la modernizaci\u00f3n de la gesti\u00f3n de las ONG. Lo ha hecho a trav\u00e9s del acuerdo firmado por el secretario de Estado de Servicios Sociales e Igualdad, Juan Manuel\" \/>\n\t<meta name=\"robots\" content=\"max-image-preview:large\" \/>\n\t<meta name=\"author\" content=\"El Digital de Asturias\"\/>\n\t<meta name=\"google-site-verification\" content=\"UA-38556648-1\" \/>\n\t<meta name=\"msvalidate.01\" content=\"7dfe9f3f1b24437ab69f4f2559babe99\" \/>\n\t<meta name=\"keywords\" content=\"actualidad\" \/>\n\t<link rel=\"canonical\" href=\"https:\/\/www.eldigitaldeasturias.com\/noticias\/sanidad-se-compromete-a-impulsar-la-mejora-de-la-calidad-en-la-gestion-de-ong\/\" \/>\n\t<meta name=\"generator\" content=\"All in One SEO Pro (AIOSEO) 5.0.1\" \/>\n\t\t<meta property=\"og:locale\" content=\"es_ES\" \/>\n\t\t<meta property=\"og:site_name\" content=\"El Digital de Asturias\" \/>\n\t\t<meta property=\"og:type\" content=\"article\" \/>\n\t\t<meta property=\"og:title\" content=\"Sanidad se compromete a impulsar la mejora de la calidad en la gesti\u00f3n de ONG - El Digital de Asturias\" \/>\n\t\t<meta property=\"og:description\" content=\"Madrid, 23 ene (EFE).- El Ministerio de Sanidad, Servicios Sociales e Igualdad se ha comprometido hoy a impulsar el desarrollo de procedimientos de calidad que contribuyan a la modernizaci\u00f3n de la gesti\u00f3n de las ONG. Lo ha hecho a trav\u00e9s del acuerdo firmado por el secretario de Estado de Servicios Sociales e Igualdad, Juan Manuel\" \/>\n\t\t<meta property=\"og:url\" content=\"https:\/\/www.eldigitaldeasturias.com\/noticias\/sanidad-se-compromete-a-impulsar-la-mejora-de-la-calidad-en-la-gestion-de-ong\/\" \/>\n\t\t<meta property=\"og:image\" content=\"https:\/\/www.eldigitaldeasturias.com\/noticias\/wp-content\/uploads\/2026\/06\/Contenidos.jpg\" \/>\n\t\t<meta property=\"og:image:secure_url\" content=\"https:\/\/www.eldigitaldeasturias.com\/noticias\/wp-content\/uploads\/2026\/06\/Contenidos.jpg\" \/>\n\t\t<meta property=\"og:image:width\" content=\"1265\" \/>\n\t\t<meta property=\"og:image:height\" content=\"697\" \/>\n\t\t<meta property=\"article:tag\" content=\"actualidad\" \/>\n\t\t<meta property=\"article:published_time\" content=\"2014-01-24T09:03:46+00:00\" \/>\n\t\t<meta property=\"article:modified_time\" content=\"2014-01-24T09:03:46+00:00\" \/>\n\t\t<meta property=\"article:publisher\" content=\"https:\/\/facebook.com\/eldigitaldeasturias\" \/>\n\t\t<meta name=\"twitter:card\" content=\"summary_large_image\" \/>\n\t\t<meta name=\"twitter:title\" content=\"Sanidad se compromete a impulsar la mejora de la calidad en la gesti\u00f3n de ONG - El Digital de Asturias\" \/>\n\t\t<meta name=\"twitter:description\" content=\"Madrid, 23 ene (EFE).- El Ministerio de Sanidad, Servicios Sociales e Igualdad se ha comprometido hoy a impulsar el desarrollo de procedimientos de calidad que contribuyan a la modernizaci\u00f3n de la gesti\u00f3n de las ONG. Lo ha hecho a trav\u00e9s del acuerdo firmado por el secretario de Estado de Servicios Sociales e Igualdad, Juan Manuel\" \/>\n\t\t<meta name=\"twitter:image\" content=\"https:\/\/www.eldigitaldeasturias.com\/noticias\/wp-content\/uploads\/2026\/06\/Contenidos.jpg\" \/>\n\t\t<meta name=\"twitter:label1\" content=\"Escrito por\" \/>\n\t\t<meta name=\"twitter:data1\" content=\"El Digital de Asturias\" \/>\n\t\t<meta name=\"twitter:label2\" content=\"Tiempo de lectura estimado\" \/>\n\t\t<meta name=\"twitter:data2\" content=\"1 minuto\" \/>\n\t\t<script type=\"application\/ld+json\" class=\"aioseo-schema\">\n\t\t\t{\"@context\":\"https:\\\/\\\/schema.org\",\"@graph\":[{\"@type\":\"BlogPosting\",\"@id\":\"https:\\\/\\\/www.eldigitaldeasturias.com\\\/noticias\\\/sanidad-se-compromete-a-impulsar-la-mejora-de-la-calidad-en-la-gestion-de-ong\\\/#blogposting\",\"name\":\"Sanidad se compromete a impulsar la mejora de la calidad en la gesti\\u00f3n de ONG - El Digital de Asturias\",\"headline\":\"Sanidad se compromete a impulsar la mejora de la calidad en la gesti\\u00f3n de ONG\",\"author\":{\"@id\":\"https:\\\/\\\/www.eldigitaldeasturias.com\\\/noticias\\\/author\\\/admin\\\/#author\"},\"publisher\":{\"@id\":\"https:\\\/\\\/www.eldigitaldeasturias.com\\\/noticias\\\/#organization\"},\"image\":{\"@type\":\"ImageObject\",\"url\":\"https:\\\/\\\/www.eldigitaldeasturias.com\\\/noticias\\\/wp-content\\\/uploads\\\/2026\\\/06\\\/Contenidos.jpg\",\"width\":1265,\"height\":697,\"caption\":\"Contenidos\"},\"datePublished\":\"2014-01-24T08:03:46+01:00\",\"dateModified\":\"2014-01-24T08:03:46+01:00\",\"inLanguage\":\"es-ES\",\"mainEntityOfPage\":{\"@id\":\"https:\\\/\\\/www.eldigitaldeasturias.com\\\/noticias\\\/sanidad-se-compromete-a-impulsar-la-mejora-de-la-calidad-en-la-gestion-de-ong\\\/#webpage\"},\"isPartOf\":{\"@id\":\"https:\\\/\\\/www.eldigitaldeasturias.com\\\/noticias\\\/sanidad-se-compromete-a-impulsar-la-mejora-de-la-calidad-en-la-gestion-de-ong\\\/#webpage\"},\"articleSection\":\"Actualidad\"},{\"@type\":\"BreadcrumbList\",\"@id\":\"https:\\\/\\\/www.eldigitaldeasturias.com\\\/noticias\\\/sanidad-se-compromete-a-impulsar-la-mejora-de-la-calidad-en-la-gestion-de-ong\\\/#breadcrumblist\",\"itemListElement\":[{\"@type\":\"ListItem\",\"@id\":\"https:\\\/\\\/www.eldigitaldeasturias.com\\\/noticias#listItem\",\"position\":1,\"name\":\"Home\",\"item\":\"https:\\\/\\\/www.eldigitaldeasturias.com\\\/noticias\",\"nextItem\":{\"@type\":\"ListItem\",\"@id\":\"https:\\\/\\\/www.eldigitaldeasturias.com\\\/noticias\\\/category\\\/actualidad\\\/#listItem\",\"name\":\"Actualidad\"}},{\"@type\":\"ListItem\",\"@id\":\"https:\\\/\\\/www.eldigitaldeasturias.com\\\/noticias\\\/category\\\/actualidad\\\/#listItem\",\"position\":2,\"name\":\"Actualidad\",\"item\":\"https:\\\/\\\/www.eldigitaldeasturias.com\\\/noticias\\\/category\\\/actualidad\\\/\",\"nextItem\":{\"@type\":\"ListItem\",\"@id\":\"https:\\\/\\\/www.eldigitaldeasturias.com\\\/noticias\\\/sanidad-se-compromete-a-impulsar-la-mejora-de-la-calidad-en-la-gestion-de-ong\\\/#listItem\",\"name\":\"Sanidad se compromete a impulsar la mejora de la calidad en la gesti\\u00f3n de ONG\"},\"previousItem\":{\"@type\":\"ListItem\",\"@id\":\"https:\\\/\\\/www.eldigitaldeasturias.com\\\/noticias#listItem\",\"name\":\"Home\"}},{\"@type\":\"ListItem\",\"@id\":\"https:\\\/\\\/www.eldigitaldeasturias.com\\\/noticias\\\/sanidad-se-compromete-a-impulsar-la-mejora-de-la-calidad-en-la-gestion-de-ong\\\/#listItem\",\"position\":3,\"name\":\"Sanidad se compromete a impulsar la mejora de la calidad en la gesti\\u00f3n de ONG\",\"previousItem\":{\"@type\":\"ListItem\",\"@id\":\"https:\\\/\\\/www.eldigitaldeasturias.com\\\/noticias\\\/category\\\/actualidad\\\/#listItem\",\"name\":\"Actualidad\"}}]},{\"@type\":\"Organization\",\"@id\":\"https:\\\/\\\/www.eldigitaldeasturias.com\\\/noticias\\\/#organization\",\"name\":\"El Digital de Asturias\",\"description\":\"Hemeroteca\",\"url\":\"https:\\\/\\\/www.eldigitaldeasturias.com\\\/noticias\\\/\",\"email\":\"info@eldigitaldeasturias.com\",\"telephone\":\"+34652131393\",\"logo\":{\"@type\":\"ImageObject\",\"url\":\"https:\\\/\\\/www.eldigitaldeasturias.com\\\/noticias\\\/wp-content\\\/uploads\\\/2020\\\/12\\\/EDA.jpg\",\"@id\":\"https:\\\/\\\/www.eldigitaldeasturias.com\\\/noticias\\\/sanidad-se-compromete-a-impulsar-la-mejora-de-la-calidad-en-la-gestion-de-ong\\\/#organizationLogo\"},\"image\":{\"@id\":\"https:\\\/\\\/www.eldigitaldeasturias.com\\\/noticias\\\/sanidad-se-compromete-a-impulsar-la-mejora-de-la-calidad-en-la-gestion-de-ong\\\/#organizationLogo\"},\"sameAs\":[\"https:\\\/\\\/facebook.com\\\/eldigitaldeasturias\",\"https:\\\/\\\/www.youtube.com\\\/channel\\\/UCZP-2wLEB9Rv6erhFmqVnvg\"],\"address\":{\"@id\":\"https:\\\/\\\/www.eldigitaldeasturias.com\\\/noticias\\\/#postaladdress\",\"@type\":\"PostalAddress\",\"streetAddress\":\"san antonio 4\",\"postalCode\":\"33430\",\"addressLocality\":\"Cand\\u00e1s\",\"addressRegion\":\"Asturias\",\"addressCountry\":\"ES\"}},{\"@type\":\"Person\",\"@id\":\"https:\\\/\\\/www.eldigitaldeasturias.com\\\/noticias\\\/author\\\/admin\\\/#author\",\"url\":\"https:\\\/\\\/www.eldigitaldeasturias.com\\\/noticias\\\/author\\\/admin\\\/\",\"name\":\"El Digital de Asturias\",\"image\":{\"@type\":\"ImageObject\",\"@id\":\"https:\\\/\\\/www.eldigitaldeasturias.com\\\/noticias\\\/sanidad-se-compromete-a-impulsar-la-mejora-de-la-calidad-en-la-gestion-de-ong\\\/#authorImage\",\"url\":\"https:\\\/\\\/secure.gravatar.com\\\/avatar\\\/df2aeffc32bcd13f8d26072ef8a91b623d677766deac7f97ca815868cd41bf5e?s=96&d=mm&r=g\",\"width\":96,\"height\":96,\"caption\":\"El Digital de Asturias\"}},{\"@type\":\"WebPage\",\"@id\":\"https:\\\/\\\/www.eldigitaldeasturias.com\\\/noticias\\\/sanidad-se-compromete-a-impulsar-la-mejora-de-la-calidad-en-la-gestion-de-ong\\\/#webpage\",\"url\":\"https:\\\/\\\/www.eldigitaldeasturias.com\\\/noticias\\\/sanidad-se-compromete-a-impulsar-la-mejora-de-la-calidad-en-la-gestion-de-ong\\\/\",\"name\":\"Sanidad se compromete a impulsar la mejora de la calidad en la gesti\\u00f3n de ONG - El Digital de Asturias\",\"description\":\"Madrid, 23 ene (EFE).- El Ministerio de Sanidad, Servicios Sociales e Igualdad se ha comprometido hoy a impulsar el desarrollo de procedimientos de calidad que contribuyan a la modernizaci\\u00f3n de la gesti\\u00f3n de las ONG. Lo ha hecho a trav\\u00e9s del acuerdo firmado por el secretario de Estado de Servicios Sociales e Igualdad, Juan Manuel\",\"inLanguage\":\"es-ES\",\"isPartOf\":{\"@id\":\"https:\\\/\\\/www.eldigitaldeasturias.com\\\/noticias\\\/#website\"},\"breadcrumb\":{\"@id\":\"https:\\\/\\\/www.eldigitaldeasturias.com\\\/noticias\\\/sanidad-se-compromete-a-impulsar-la-mejora-de-la-calidad-en-la-gestion-de-ong\\\/#breadcrumblist\"},\"author\":{\"@id\":\"https:\\\/\\\/www.eldigitaldeasturias.com\\\/noticias\\\/author\\\/admin\\\/#author\"},\"creator\":{\"@id\":\"https:\\\/\\\/www.eldigitaldeasturias.com\\\/noticias\\\/author\\\/admin\\\/#author\"},\"image\":{\"@type\":\"ImageObject\",\"url\":\"https:\\\/\\\/www.eldigitaldeasturias.com\\\/noticias\\\/wp-content\\\/uploads\\\/2026\\\/06\\\/Contenidos.jpg\",\"@id\":\"https:\\\/\\\/www.eldigitaldeasturias.com\\\/noticias\\\/sanidad-se-compromete-a-impulsar-la-mejora-de-la-calidad-en-la-gestion-de-ong\\\/#mainImage\",\"width\":1265,\"height\":697,\"caption\":\"Contenidos\"},\"primaryImageOfPage\":{\"@id\":\"https:\\\/\\\/www.eldigitaldeasturias.com\\\/noticias\\\/sanidad-se-compromete-a-impulsar-la-mejora-de-la-calidad-en-la-gestion-de-ong\\\/#mainImage\"},\"datePublished\":\"2014-01-24T08:03:46+01:00\",\"dateModified\":\"2014-01-24T08:03:46+01:00\"},{\"@type\":\"WebSite\",\"@id\":\"https:\\\/\\\/www.eldigitaldeasturias.com\\\/noticias\\\/#website\",\"url\":\"https:\\\/\\\/www.eldigitaldeasturias.com\\\/noticias\\\/\",\"name\":\"El Digital de Asturias - Diario de actualidad y noticias\",\"alternateName\":\"El Digital de Asturias - Diario de actualidad y noticias\",\"description\":\"Hemeroteca\",\"inLanguage\":\"es-ES\",\"publisher\":{\"@id\":\"https:\\\/\\\/www.eldigitaldeasturias.com\\\/noticias\\\/#organization\"}}]}\n\t\t<\/script>\n\t\t<!-- All in One SEO Pro -->\r\n\t\t<title>Sanidad se compromete a impulsar la mejora de la calidad en la gesti\u00f3n de ONG - El Digital de Asturias<\/title>\n\n","aioseo_head_json":{"title":"Sanidad se compromete a impulsar la mejora de la calidad en la gesti\u00f3n de ONG - El Digital de Asturias","description":"Madrid, 23 ene (EFE).- El Ministerio de Sanidad, Servicios Sociales e Igualdad se ha comprometido hoy a impulsar el desarrollo de procedimientos de calidad que contribuyan a la modernizaci\u00f3n de la gesti\u00f3n de las ONG. Lo ha hecho a trav\u00e9s del acuerdo firmado por el secretario de Estado de Servicios Sociales e Igualdad, Juan Manuel","canonical_url":"https:\/\/www.eldigitaldeasturias.com\/noticias\/sanidad-se-compromete-a-impulsar-la-mejora-de-la-calidad-en-la-gestion-de-ong\/","robots":"max-image-preview:large","keywords":"actualidad","webmasterTools":{"google-site-verification":"UA-38556648-1","msvalidate.01":"7dfe9f3f1b24437ab69f4f2559babe99","miscellaneous":""},"schema":{"@context":"https:\/\/schema.org","@graph":[{"@type":"BlogPosting","@id":"https:\/\/www.eldigitaldeasturias.com\/noticias\/sanidad-se-compromete-a-impulsar-la-mejora-de-la-calidad-en-la-gestion-de-ong\/#blogposting","name":"Sanidad se compromete a impulsar la mejora de la calidad en la gesti\u00f3n de ONG - El Digital de Asturias","headline":"Sanidad se compromete a impulsar la mejora de la calidad en la gesti\u00f3n de ONG","author":{"@id":"https:\/\/www.eldigitaldeasturias.com\/noticias\/author\/admin\/#author"},"publisher":{"@id":"https:\/\/www.eldigitaldeasturias.com\/noticias\/#organization"},"image":{"@type":"ImageObject","url":"https:\/\/www.eldigitaldeasturias.com\/noticias\/wp-content\/uploads\/2026\/06\/Contenidos.jpg","width":1265,"height":697,"caption":"Contenidos"},"datePublished":"2014-01-24T08:03:46+01:00","dateModified":"2014-01-24T08:03:46+01:00","inLanguage":"es-ES","mainEntityOfPage":{"@id":"https:\/\/www.eldigitaldeasturias.com\/noticias\/sanidad-se-compromete-a-impulsar-la-mejora-de-la-calidad-en-la-gestion-de-ong\/#webpage"},"isPartOf":{"@id":"https:\/\/www.eldigitaldeasturias.com\/noticias\/sanidad-se-compromete-a-impulsar-la-mejora-de-la-calidad-en-la-gestion-de-ong\/#webpage"},"articleSection":"Actualidad"},{"@type":"BreadcrumbList","@id":"https:\/\/www.eldigitaldeasturias.com\/noticias\/sanidad-se-compromete-a-impulsar-la-mejora-de-la-calidad-en-la-gestion-de-ong\/#breadcrumblist","itemListElement":[{"@type":"ListItem","@id":"https:\/\/www.eldigitaldeasturias.com\/noticias#listItem","position":1,"name":"Home","item":"https:\/\/www.eldigitaldeasturias.com\/noticias","nextItem":{"@type":"ListItem","@id":"https:\/\/www.eldigitaldeasturias.com\/noticias\/category\/actualidad\/#listItem","name":"Actualidad"}},{"@type":"ListItem","@id":"https:\/\/www.eldigitaldeasturias.com\/noticias\/category\/actualidad\/#listItem","position":2,"name":"Actualidad","item":"https:\/\/www.eldigitaldeasturias.com\/noticias\/category\/actualidad\/","nextItem":{"@type":"ListItem","@id":"https:\/\/www.eldigitaldeasturias.com\/noticias\/sanidad-se-compromete-a-impulsar-la-mejora-de-la-calidad-en-la-gestion-de-ong\/#listItem","name":"Sanidad se compromete a impulsar la mejora de la calidad en la gesti\u00f3n de ONG"},"previousItem":{"@type":"ListItem","@id":"https:\/\/www.eldigitaldeasturias.com\/noticias#listItem","name":"Home"}},{"@type":"ListItem","@id":"https:\/\/www.eldigitaldeasturias.com\/noticias\/sanidad-se-compromete-a-impulsar-la-mejora-de-la-calidad-en-la-gestion-de-ong\/#listItem","position":3,"name":"Sanidad se compromete a impulsar la mejora de la calidad en la gesti\u00f3n de ONG","previousItem":{"@type":"ListItem","@id":"https:\/\/www.eldigitaldeasturias.com\/noticias\/category\/actualidad\/#listItem","name":"Actualidad"}}]},{"@type":"Organization","@id":"https:\/\/www.eldigitaldeasturias.com\/noticias\/#organization","name":"El Digital de Asturias","description":"Hemeroteca","url":"https:\/\/www.eldigitaldeasturias.com\/noticias\/","email":"info@eldigitaldeasturias.com","telephone":"+34652131393","logo":{"@type":"ImageObject","url":"https:\/\/www.eldigitaldeasturias.com\/noticias\/wp-content\/uploads\/2020\/12\/EDA.jpg","@id":"https:\/\/www.eldigitaldeasturias.com\/noticias\/sanidad-se-compromete-a-impulsar-la-mejora-de-la-calidad-en-la-gestion-de-ong\/#organizationLogo"},"image":{"@id":"https:\/\/www.eldigitaldeasturias.com\/noticias\/sanidad-se-compromete-a-impulsar-la-mejora-de-la-calidad-en-la-gestion-de-ong\/#organizationLogo"},"sameAs":["https:\/\/facebook.com\/eldigitaldeasturias","https:\/\/www.youtube.com\/channel\/UCZP-2wLEB9Rv6erhFmqVnvg"],"address":{"@id":"https:\/\/www.eldigitaldeasturias.com\/noticias\/#postaladdress","@type":"PostalAddress","streetAddress":"san antonio 4","postalCode":"33430","addressLocality":"Cand\u00e1s","addressRegion":"Asturias","addressCountry":"ES"}},{"@type":"Person","@id":"https:\/\/www.eldigitaldeasturias.com\/noticias\/author\/admin\/#author","url":"https:\/\/www.eldigitaldeasturias.com\/noticias\/author\/admin\/","name":"El Digital de Asturias","image":{"@type":"ImageObject","@id":"https:\/\/www.eldigitaldeasturias.com\/noticias\/sanidad-se-compromete-a-impulsar-la-mejora-de-la-calidad-en-la-gestion-de-ong\/#authorImage","url":"https:\/\/secure.gravatar.com\/avatar\/df2aeffc32bcd13f8d26072ef8a91b623d677766deac7f97ca815868cd41bf5e?s=96&d=mm&r=g","width":96,"height":96,"caption":"El Digital de Asturias"}},{"@type":"WebPage","@id":"https:\/\/www.eldigitaldeasturias.com\/noticias\/sanidad-se-compromete-a-impulsar-la-mejora-de-la-calidad-en-la-gestion-de-ong\/#webpage","url":"https:\/\/www.eldigitaldeasturias.com\/noticias\/sanidad-se-compromete-a-impulsar-la-mejora-de-la-calidad-en-la-gestion-de-ong\/","name":"Sanidad se compromete a impulsar la mejora de la calidad en la gesti\u00f3n de ONG - El Digital de Asturias","description":"Madrid, 23 ene (EFE).- El Ministerio de Sanidad, Servicios Sociales e Igualdad se ha comprometido hoy a impulsar el desarrollo de procedimientos de calidad que contribuyan a la modernizaci\u00f3n de la gesti\u00f3n de las ONG. Lo ha hecho a trav\u00e9s del acuerdo firmado por el secretario de Estado de Servicios Sociales e Igualdad, Juan Manuel","inLanguage":"es-ES","isPartOf":{"@id":"https:\/\/www.eldigitaldeasturias.com\/noticias\/#website"},"breadcrumb":{"@id":"https:\/\/www.eldigitaldeasturias.com\/noticias\/sanidad-se-compromete-a-impulsar-la-mejora-de-la-calidad-en-la-gestion-de-ong\/#breadcrumblist"},"author":{"@id":"https:\/\/www.eldigitaldeasturias.com\/noticias\/author\/admin\/#author"},"creator":{"@id":"https:\/\/www.eldigitaldeasturias.com\/noticias\/author\/admin\/#author"},"image":{"@type":"ImageObject","url":"https:\/\/www.eldigitaldeasturias.com\/noticias\/wp-content\/uploads\/2026\/06\/Contenidos.jpg","@id":"https:\/\/www.eldigitaldeasturias.com\/noticias\/sanidad-se-compromete-a-impulsar-la-mejora-de-la-calidad-en-la-gestion-de-ong\/#mainImage","width":1265,"height":697,"caption":"Contenidos"},"primaryImageOfPage":{"@id":"https:\/\/www.eldigitaldeasturias.com\/noticias\/sanidad-se-compromete-a-impulsar-la-mejora-de-la-calidad-en-la-gestion-de-ong\/#mainImage"},"datePublished":"2014-01-24T08:03:46+01:00","dateModified":"2014-01-24T08:03:46+01:00"},{"@type":"WebSite","@id":"https:\/\/www.eldigitaldeasturias.com\/noticias\/#website","url":"https:\/\/www.eldigitaldeasturias.com\/noticias\/","name":"El Digital de Asturias - Diario de actualidad y noticias","alternateName":"El Digital de Asturias - Diario de actualidad y noticias","description":"Hemeroteca","inLanguage":"es-ES","publisher":{"@id":"https:\/\/www.eldigitaldeasturias.com\/noticias\/#organization"}}]},"og:locale":"es_ES","og:site_name":"El Digital de Asturias","og:type":"article","og:title":"Sanidad se compromete a impulsar la mejora de la calidad en la gesti\u00f3n de ONG - El Digital de Asturias","og:description":"Madrid, 23 ene (EFE).- El Ministerio de Sanidad, Servicios Sociales e Igualdad se ha comprometido hoy a impulsar el desarrollo de procedimientos de calidad que contribuyan a la modernizaci\u00f3n de la gesti\u00f3n de las ONG. Lo ha hecho a trav\u00e9s del acuerdo firmado por el secretario de Estado de Servicios Sociales e Igualdad, Juan Manuel","og:url":"https:\/\/www.eldigitaldeasturias.com\/noticias\/sanidad-se-compromete-a-impulsar-la-mejora-de-la-calidad-en-la-gestion-de-ong\/","og:image":"https:\/\/www.eldigitaldeasturias.com\/noticias\/wp-content\/uploads\/2026\/06\/Contenidos.jpg","og:image:secure_url":"https:\/\/www.eldigitaldeasturias.com\/noticias\/wp-content\/uploads\/2026\/06\/Contenidos.jpg","og:image:width":1265,"og:image:height":697,"article:tag":["actualidad"],"article:published_time":"2014-01-24T09:03:46+00:00","article:modified_time":"2014-01-24T09:03:46+00:00","article:publisher":"https:\/\/facebook.com\/eldigitaldeasturias","twitter:card":"summary_large_image","twitter:title":"Sanidad se compromete a impulsar la mejora de la calidad en la gesti\u00f3n de ONG - El Digital de Asturias","twitter:description":"Madrid, 23 ene (EFE).- El Ministerio de Sanidad, Servicios Sociales e Igualdad se ha comprometido hoy a impulsar el desarrollo de procedimientos de calidad que contribuyan a la modernizaci\u00f3n de la gesti\u00f3n de las ONG. Lo ha hecho a trav\u00e9s del acuerdo firmado por el secretario de Estado de Servicios Sociales e Igualdad, Juan Manuel","twitter:image":"https:\/\/www.eldigitaldeasturias.com\/noticias\/wp-content\/uploads\/2026\/06\/Contenidos.jpg","twitter:label1":"Escrito por","twitter:data1":"El Digital de Asturias","twitter:label2":"Tiempo de lectura estimado","twitter:data2":"1 minuto"},"aioseo_meta_data":{"post_id":"477984","title":null,"description":null,"keywords":null,"keyphrases":null,"primary_term":null,"canonical_url":null,"og_title":null,"og_description":null,"og_object_type":"default","og_image_type":"default","og_image_url":null,"og_image_width":null,"og_image_height":null,"og_image_custom_url":null,"og_image_custom_fields":null,"og_video":null,"og_custom_url":null,"og_article_section":null,"og_article_tags":null,"twitter_use_og":true,"twitter_card":"default","twitter_image_type":"default","twitter_image_url":null,"twitter_image_custom_url":null,"twitter_image_custom_fields":null,"twitter_title":null,"twitter_description":null,"schema":{"blockGraphs":[],"customGraphs":[],"default":{"data":{"Article":[],"Course":[],"Dataset":[],"FAQPage":[],"Movie":[],"Person":[],"Product":[],"ProductReview":[],"Car":[],"Recipe":[],"Service":[],"SoftwareApplication":[],"WebPage":[]},"graphName":"","isEnabled":true},"graphs":[],"defaultGraph":"","defaultPostTypeGraph":""},"schema_type":null,"schema_type_options":null,"pillar_content":false,"robots_default":true,"robots_noindex":false,"robots_noarchive":false,"robots_nosnippet":false,"robots_nofollow":false,"robots_noimageindex":false,"robots_noodp":false,"robots_notranslate":false,"robots_max_snippet":null,"robots_max_videopreview":null,"robots_max_imagepreview":"none","priority":null,"frequency":null,"local_seo":null,"seo_analyzer_scan_date":"2026-06-01 20:09:32","breadcrumb_settings":null,"limit_modified_date":false,"open_ai":null,"ai":null,"created":"2020-11-14 22:53:47","updated":"2026-06-01 20:09:32","focus_keyword":null,"additional_keywords":null,"truseo_locale":null},"aioseo_breadcrumb":"<div class=\"aioseo-breadcrumbs\"><span class=\"aioseo-breadcrumb\">\n\t<a href=\"https:\/\/www.eldigitaldeasturias.com\/noticias\" title=\"Home\">Home<\/a>\n<\/span><span class=\"aioseo-breadcrumb-separator\">\u2013<\/span><span class=\"aioseo-breadcrumb\">\n\t<a href=\"https:\/\/www.eldigitaldeasturias.com\/noticias\/category\/actualidad\/\" title=\"Actualidad\">Actualidad<\/a>\n<\/span><span class=\"aioseo-breadcrumb-separator\">\u2013<\/span><span class=\"aioseo-breadcrumb\">\n\t<a href=\"https:\/\/www.eldigitaldeasturias.com\/noticias\/sanidad-se-compromete-a-impulsar-la-mejora-de-la-calidad-en-la-gestion-de-ong\/\" title=\"Sanidad se compromete a impulsar la mejora de la calidad en la gesti\u00f3n de ONG\">Sanidad se compromete a impulsar la mejora de la calidad en la gesti\u00f3n de ONG<\/a>\n<\/span><\/div>","aioseo_breadcrumb_json":[{"label":"Home","link":"https:\/\/www.eldigitaldeasturias.com\/noticias"},{"label":"Actualidad","link":"https:\/\/www.eldigitaldeasturias.com\/noticias\/category\/actualidad\/"},{"label":"Sanidad se compromete a impulsar la mejora de la calidad en la gesti\u00f3n de ONG","link":"https:\/\/www.eldigitaldeasturias.com\/noticias\/sanidad-se-compromete-a-impulsar-la-mejora-de-la-calidad-en-la-gestion-de-ong\/"}],"_links":{"self":[{"href":"https:\/\/www.eldigitaldeasturias.com\/noticias\/wp-json\/wp\/v2\/posts\/477984","targetHints":{"allow":["GET"]}}],"collection":[{"href":"https:\/\/www.eldigitaldeasturias.com\/noticias\/wp-json\/wp\/v2\/posts"}],"about":[{"href":"https:\/\/www.eldigitaldeasturias.com\/noticias\/wp-json\/wp\/v2\/types\/post"}],"author":[{"embeddable":true,"href":"https:\/\/www.eldigitaldeasturias.com\/noticias\/wp-json\/wp\/v2\/users\/1"}],"replies":[{"embeddable":true,"href":"https:\/\/www.eldigitaldeasturias.com\/noticias\/wp-json\/wp\/v2\/comments?post=477984"}],"version-history":[{"count":0,"href":"https:\/\/www.eldigitaldeasturias.com\/noticias\/wp-json\/wp\/v2\/posts\/477984\/revisions"}],"wp:featuredmedia":[{"embeddable":true,"href":"https:\/\/www.eldigitaldeasturias.com\/noticias\/wp-json\/wp\/v2\/media\/1132184"}],"wp:attachment":[{"href":"https:\/\/www.eldigitaldeasturias.com\/noticias\/wp-json\/wp\/v2\/media?parent=477984"}],"wp:term":[{"taxonomy":"category","embeddable":true,"href":"https:\/\/www.eldigitaldeasturias.com\/noticias\/wp-json\/wp\/v2\/categories?post=477984"},{"taxonomy":"post_tag","embeddable":true,"href":"https:\/\/www.eldigitaldeasturias.com\/noticias\/wp-json\/wp\/v2\/tags?post=477984"}],"curies":[{"name":"wp","href":"https:\/\/api.w.org\/{rel}","templated":true}]}}