{"id":477958,"date":"2014-01-24T07:42:08","date_gmt":"2014-01-24T08:42:08","guid":{"rendered":"http:\/\/www.eldigitaldeasturias.com\/noticias\/?p=477958"},"modified":"2014-01-24T07:42:08","modified_gmt":"2014-01-24T08:42:08","slug":"tajani-pide-especial-esfuerzo-para-resolver-el-conflicto-del-canal-de-panama","status":"publish","type":"post","link":"https:\/\/www.eldigitaldeasturias.com\/noticias\/tajani-pide-especial-esfuerzo-para-resolver-el-conflicto-del-canal-de-panama\/","title":{"rendered":"Tajani pide \u00abespecial esfuerzo\u00bb para resolver el conflicto del Canal de Panam\u00e1"},"content":{"rendered":"<p><img loading=\"lazy\" decoding=\"async\" class=\"alignleft size-medium wp-image-477959\" alt=\"5870657w\" src=\"https:\/\/www.eldigitaldeasturias.com\/noticias\/wp-content\/uploads\/2014\/01\/5870657w-360x239.jpg\" width=\"360\" height=\"239\" \/>Bruselas, 23 ene (EFE).- El vicepresidente de la Comisi\u00f3n Europea (CE) Antonio Tajani pidi\u00f3 hoy un \u00abespecial esfuerzo\u00bb al consorcio de empresas europeas que trabaja en la ampliaci\u00f3n del Canal de Panam\u00e1 para resolver el conflicto en torno a los sobrecostes del proyecto, un gesto que espera que sea correspondido por todas las partes.<\/p>\n<p>\u00abHago un llamamiento para que el esp\u00edritu de negociaci\u00f3n constructivo que se ha creado recientemente se mantenga y que las \u00faltimas diferencias se resuelvan. He pedido en este sentido un especial esfuerzo a las empresas europeas del consorcio (Grupo Unidos por el Canal) y conf\u00edo en que ser\u00e1 correspondido por todos los actores\u00bb, afirm\u00f3 Tajani en declaraciones a los medios.<\/p>\n<p>El vicepresidente de la CE y responsable de Industria reuni\u00f3 hoy en Bruselas a representantes de los Gobiernos de Espa\u00f1a, Italia y B\u00e9lgica, as\u00ed como delegados de las empresas que conforman el consorcio, la espa\u00f1ola Sacyr, la italiana Impregilo y la belga Jan de Nul.<\/p>\n<p>\u00abEl motivo de la reuni\u00f3n era esclarecer los hechos e identificar v\u00edas para resolver las divergencias entre las partes\u00bb, dijo Tajani, quien explic\u00f3 que durante el encuentro se ha repasado la situaci\u00f3n de la disputa.<\/p>\n<p>Tajani reconoci\u00f3 que existe un \u00abproblema financiero, y estamos trabajando para resolver el problema\u00bb, aunque no quiso adelantar m\u00e1s detalles sobre qu\u00e9 posibles soluciones podr\u00edan ponerse sobre la mesa.<\/p>\n<p>Preguntado por el papel que el Banco Europeo de Inversiones (BEI) podr\u00eda jugar para facilitar la resoluci\u00f3n del conflicto, Tajani declin\u00f3 hacer comentarios \u00absobre c\u00f3mo se est\u00e1 trabajando\u00bb, pero insisti\u00f3 en que la soluci\u00f3n estar\u00e1 \u00abdentro del contrato\u00bb.<\/p>\n<p>El BEI concedi\u00f3 en 2008 un cr\u00e9dito de 500 millones de euros a la Autoridad del Canal de Panam\u00e1 (ACP), por lo que cabr\u00eda la posibilidad de conceder nuevos fondos si la gestora presentase una solicitud en este sentido, indicaron fuentes comunitarias.<\/p>\n<p>Tajani se\u00f1al\u00f3 tambi\u00e9n la importancia de que los actores europeos implicados \u00abhablen con una sola voz en el exterior\u00bb y se mostr\u00f3 dispuesto a \u00abentrar en contacto con el Gobierno de Panam\u00e1\u00bb para tratar de facilitar un entendimiento entre las partes.<\/p>\n<p>\u00abCreo que puede ser \u00fatil que haya un encuentro para abordar cuestiones de inter\u00e9s mutuo independientemente de la resoluci\u00f3n concreta de esta divergencia entre las partes, conforme al contrato y a las leyes de Panam\u00e1\u00bb, dijo.<\/p>\n<p>El vicepresidente de la CE constat\u00f3 que las obras est\u00e1n ya \u00abmuy avanzadas, al 70 %\u00bb, por lo que recalc\u00f3 la importancia de que se contin\u00faen los trabajos.<\/p>\n<p>Adem\u00e1s, Tajani se refiri\u00f3 a unas declaraciones del presidente paname\u00f1o, Ricardo Martinelli, quien mostr\u00f3 su esperanza en que se alcance un acuerdo, lo que a su juicio es \u00abla soluci\u00f3n m\u00e1s razonable\u00bb.<\/p>\n<p>El presidente paname\u00f1o \u00abtiene raz\u00f3n\u00bb al decir \u00abque lo mas sensato es que acabe la obra quien la empez\u00f3\u00bb, a\u00f1adi\u00f3 Tajani.<\/p>\n<p>\u00abMe parece un mensaje positivo, estoy de acuerdo con \u00e9l tambi\u00e9n cuando habla de que es necesario trabajar dentro del marco del contrato\u00bb, incidi\u00f3 el vicepresidente comunitario.<\/p>\n<p>En la reuni\u00f3n celebrada esta ma\u00f1ana en Bruselas estuvieron presentes Daniel Calleja, representante para latinoam\u00e9rica del Banco Europeo de Inversiones (BEI), el secretario de Estado de Infraestructuras, Transporte y Vivienda, Rafael Catal\u00e1, y sus hom\u00f3logos italiano y belga.<\/p>\n<p>Tambi\u00e9n asisti\u00f3 un representante del Servicio de Acci\u00f3n Exterior de la UE (SEAE), los embajadores de los tres pa\u00edses afectados ante la UE, delegados de las tres empresas y de los gobiernos regionales belgas de Flandes y Valonia.<\/p>\n","protected":false},"excerpt":{"rendered":"<p>Bruselas, 23 ene (EFE).- El vicepresidente de la Comisi\u00f3n Europea (CE) Antonio Tajani pidi\u00f3 hoy un \u00abespecial esfuerzo\u00bb al consorcio de empresas europeas que trabaja en la ampliaci\u00f3n del Canal de Panam\u00e1 para resolver el conflicto en torno a los sobrecostes del proyecto, un gesto que espera que sea correspondido por todas las partes. \u00abHago [&hellip;]<\/p>\n","protected":false},"author":1,"featured_media":1132184,"comment_status":"closed","ping_status":"open","sticky":false,"template":"","format":"standard","meta":{"footnotes":""},"categories":[1],"tags":[],"class_list":["post-477958","post","type-post","status-publish","format-standard","has-post-thumbnail","hentry","category-actualidad"],"aioseo_notices":[],"aioseo_head":"\n\t\t<!-- All in One SEO Pro 5.0.1 - aioseo.com -->\n\t<meta name=\"description\" content=\"Bruselas, 23 ene (EFE).- El vicepresidente de la Comisi\u00f3n Europea (CE) Antonio Tajani pidi\u00f3 hoy un &quot;especial esfuerzo&quot; al consorcio de empresas europeas que trabaja en la ampliaci\u00f3n del Canal de Panam\u00e1 para resolver el conflicto en torno a los sobrecostes del proyecto, un gesto que espera que sea correspondido por todas las partes. &quot;Hago\" \/>\n\t<meta name=\"robots\" content=\"max-image-preview:large\" \/>\n\t<meta name=\"author\" content=\"El Digital de Asturias\"\/>\n\t<meta name=\"google-site-verification\" content=\"UA-38556648-1\" \/>\n\t<meta name=\"msvalidate.01\" content=\"7dfe9f3f1b24437ab69f4f2559babe99\" \/>\n\t<meta name=\"keywords\" content=\"actualidad\" \/>\n\t<link rel=\"canonical\" href=\"https:\/\/www.eldigitaldeasturias.com\/noticias\/tajani-pide-especial-esfuerzo-para-resolver-el-conflicto-del-canal-de-panama\/\" \/>\n\t<meta name=\"generator\" content=\"All in One SEO Pro (AIOSEO) 5.0.1\" \/>\n\t\t<meta property=\"og:locale\" content=\"es_ES\" \/>\n\t\t<meta property=\"og:site_name\" content=\"El Digital de Asturias\" \/>\n\t\t<meta property=\"og:type\" content=\"article\" \/>\n\t\t<meta property=\"og:title\" content=\"Tajani pide \u00abespecial esfuerzo\u00bb para resolver el conflicto del Canal de Panam\u00e1 - El Digital de Asturias\" \/>\n\t\t<meta property=\"og:description\" content=\"Bruselas, 23 ene (EFE).- El vicepresidente de la Comisi\u00f3n Europea (CE) Antonio Tajani pidi\u00f3 hoy un &quot;especial esfuerzo&quot; al consorcio de empresas europeas que trabaja en la ampliaci\u00f3n del Canal de Panam\u00e1 para resolver el conflicto en torno a los sobrecostes del proyecto, un gesto que espera que sea correspondido por todas las partes. &quot;Hago\" \/>\n\t\t<meta property=\"og:url\" content=\"https:\/\/www.eldigitaldeasturias.com\/noticias\/tajani-pide-especial-esfuerzo-para-resolver-el-conflicto-del-canal-de-panama\/\" \/>\n\t\t<meta property=\"og:image\" content=\"https:\/\/www.eldigitaldeasturias.com\/noticias\/wp-content\/uploads\/2026\/06\/Contenidos.jpg\" \/>\n\t\t<meta property=\"og:image:secure_url\" content=\"https:\/\/www.eldigitaldeasturias.com\/noticias\/wp-content\/uploads\/2026\/06\/Contenidos.jpg\" \/>\n\t\t<meta property=\"og:image:width\" content=\"1265\" \/>\n\t\t<meta property=\"og:image:height\" content=\"697\" \/>\n\t\t<meta property=\"article:tag\" content=\"actualidad\" \/>\n\t\t<meta property=\"article:published_time\" content=\"2014-01-24T08:42:08+00:00\" \/>\n\t\t<meta property=\"article:modified_time\" content=\"2014-01-24T08:42:08+00:00\" \/>\n\t\t<meta property=\"article:publisher\" content=\"https:\/\/facebook.com\/eldigitaldeasturias\" \/>\n\t\t<meta name=\"twitter:card\" content=\"summary_large_image\" \/>\n\t\t<meta name=\"twitter:title\" content=\"Tajani pide \u00abespecial esfuerzo\u00bb para resolver el conflicto del Canal de Panam\u00e1 - El Digital de Asturias\" \/>\n\t\t<meta name=\"twitter:description\" content=\"Bruselas, 23 ene (EFE).- El vicepresidente de la Comisi\u00f3n Europea (CE) Antonio Tajani pidi\u00f3 hoy un &quot;especial esfuerzo&quot; al consorcio de empresas europeas que trabaja en la ampliaci\u00f3n del Canal de Panam\u00e1 para resolver el conflicto en torno a los sobrecostes del proyecto, un gesto que espera que sea correspondido por todas las partes. &quot;Hago\" \/>\n\t\t<meta name=\"twitter:image\" content=\"https:\/\/www.eldigitaldeasturias.com\/noticias\/wp-content\/uploads\/2026\/06\/Contenidos.jpg\" \/>\n\t\t<meta name=\"twitter:label1\" content=\"Escrito por\" \/>\n\t\t<meta name=\"twitter:data1\" content=\"El Digital de Asturias\" \/>\n\t\t<meta name=\"twitter:label2\" content=\"Tiempo de lectura estimado\" \/>\n\t\t<meta name=\"twitter:data2\" content=\"3 minutos\" \/>\n\t\t<script type=\"application\/ld+json\" class=\"aioseo-schema\">\n\t\t\t{\"@context\":\"https:\\\/\\\/schema.org\",\"@graph\":[{\"@type\":\"BlogPosting\",\"@id\":\"https:\\\/\\\/www.eldigitaldeasturias.com\\\/noticias\\\/tajani-pide-especial-esfuerzo-para-resolver-el-conflicto-del-canal-de-panama\\\/#blogposting\",\"name\":\"Tajani pide \\u00abespecial esfuerzo\\u00bb para resolver el conflicto del Canal de Panam\\u00e1 - El Digital de Asturias\",\"headline\":\"Tajani pide \\u00abespecial esfuerzo\\u00bb para resolver el conflicto del Canal de Panam\\u00e1\",\"author\":{\"@id\":\"https:\\\/\\\/www.eldigitaldeasturias.com\\\/noticias\\\/author\\\/admin\\\/#author\"},\"publisher\":{\"@id\":\"https:\\\/\\\/www.eldigitaldeasturias.com\\\/noticias\\\/#organization\"},\"image\":{\"@type\":\"ImageObject\",\"url\":\"https:\\\/\\\/www.eldigitaldeasturias.com\\\/noticias\\\/wp-content\\\/uploads\\\/2026\\\/06\\\/Contenidos.jpg\",\"width\":1265,\"height\":697,\"caption\":\"Contenidos\"},\"datePublished\":\"2014-01-24T07:42:08+01:00\",\"dateModified\":\"2014-01-24T07:42:08+01:00\",\"inLanguage\":\"es-ES\",\"mainEntityOfPage\":{\"@id\":\"https:\\\/\\\/www.eldigitaldeasturias.com\\\/noticias\\\/tajani-pide-especial-esfuerzo-para-resolver-el-conflicto-del-canal-de-panama\\\/#webpage\"},\"isPartOf\":{\"@id\":\"https:\\\/\\\/www.eldigitaldeasturias.com\\\/noticias\\\/tajani-pide-especial-esfuerzo-para-resolver-el-conflicto-del-canal-de-panama\\\/#webpage\"},\"articleSection\":\"Actualidad\"},{\"@type\":\"BreadcrumbList\",\"@id\":\"https:\\\/\\\/www.eldigitaldeasturias.com\\\/noticias\\\/tajani-pide-especial-esfuerzo-para-resolver-el-conflicto-del-canal-de-panama\\\/#breadcrumblist\",\"itemListElement\":[{\"@type\":\"ListItem\",\"@id\":\"https:\\\/\\\/www.eldigitaldeasturias.com\\\/noticias#listItem\",\"position\":1,\"name\":\"Home\",\"item\":\"https:\\\/\\\/www.eldigitaldeasturias.com\\\/noticias\",\"nextItem\":{\"@type\":\"ListItem\",\"@id\":\"https:\\\/\\\/www.eldigitaldeasturias.com\\\/noticias\\\/category\\\/actualidad\\\/#listItem\",\"name\":\"Actualidad\"}},{\"@type\":\"ListItem\",\"@id\":\"https:\\\/\\\/www.eldigitaldeasturias.com\\\/noticias\\\/category\\\/actualidad\\\/#listItem\",\"position\":2,\"name\":\"Actualidad\",\"item\":\"https:\\\/\\\/www.eldigitaldeasturias.com\\\/noticias\\\/category\\\/actualidad\\\/\",\"nextItem\":{\"@type\":\"ListItem\",\"@id\":\"https:\\\/\\\/www.eldigitaldeasturias.com\\\/noticias\\\/tajani-pide-especial-esfuerzo-para-resolver-el-conflicto-del-canal-de-panama\\\/#listItem\",\"name\":\"Tajani pide \\u00abespecial esfuerzo\\u00bb para resolver el conflicto del Canal de Panam\\u00e1\"},\"previousItem\":{\"@type\":\"ListItem\",\"@id\":\"https:\\\/\\\/www.eldigitaldeasturias.com\\\/noticias#listItem\",\"name\":\"Home\"}},{\"@type\":\"ListItem\",\"@id\":\"https:\\\/\\\/www.eldigitaldeasturias.com\\\/noticias\\\/tajani-pide-especial-esfuerzo-para-resolver-el-conflicto-del-canal-de-panama\\\/#listItem\",\"position\":3,\"name\":\"Tajani pide \\u00abespecial esfuerzo\\u00bb para resolver el conflicto del Canal de Panam\\u00e1\",\"previousItem\":{\"@type\":\"ListItem\",\"@id\":\"https:\\\/\\\/www.eldigitaldeasturias.com\\\/noticias\\\/category\\\/actualidad\\\/#listItem\",\"name\":\"Actualidad\"}}]},{\"@type\":\"Organization\",\"@id\":\"https:\\\/\\\/www.eldigitaldeasturias.com\\\/noticias\\\/#organization\",\"name\":\"El Digital de Asturias\",\"description\":\"Hemeroteca\",\"url\":\"https:\\\/\\\/www.eldigitaldeasturias.com\\\/noticias\\\/\",\"email\":\"info@eldigitaldeasturias.com\",\"telephone\":\"+34652131393\",\"logo\":{\"@type\":\"ImageObject\",\"url\":\"https:\\\/\\\/www.eldigitaldeasturias.com\\\/noticias\\\/wp-content\\\/uploads\\\/2020\\\/12\\\/EDA.jpg\",\"@id\":\"https:\\\/\\\/www.eldigitaldeasturias.com\\\/noticias\\\/tajani-pide-especial-esfuerzo-para-resolver-el-conflicto-del-canal-de-panama\\\/#organizationLogo\"},\"image\":{\"@id\":\"https:\\\/\\\/www.eldigitaldeasturias.com\\\/noticias\\\/tajani-pide-especial-esfuerzo-para-resolver-el-conflicto-del-canal-de-panama\\\/#organizationLogo\"},\"sameAs\":[\"https:\\\/\\\/facebook.com\\\/eldigitaldeasturias\",\"https:\\\/\\\/www.youtube.com\\\/channel\\\/UCZP-2wLEB9Rv6erhFmqVnvg\"],\"address\":{\"@id\":\"https:\\\/\\\/www.eldigitaldeasturias.com\\\/noticias\\\/#postaladdress\",\"@type\":\"PostalAddress\",\"streetAddress\":\"san antonio 4\",\"postalCode\":\"33430\",\"addressLocality\":\"Cand\\u00e1s\",\"addressRegion\":\"Asturias\",\"addressCountry\":\"ES\"}},{\"@type\":\"Person\",\"@id\":\"https:\\\/\\\/www.eldigitaldeasturias.com\\\/noticias\\\/author\\\/admin\\\/#author\",\"url\":\"https:\\\/\\\/www.eldigitaldeasturias.com\\\/noticias\\\/author\\\/admin\\\/\",\"name\":\"El Digital de Asturias\",\"image\":{\"@type\":\"ImageObject\",\"@id\":\"https:\\\/\\\/www.eldigitaldeasturias.com\\\/noticias\\\/tajani-pide-especial-esfuerzo-para-resolver-el-conflicto-del-canal-de-panama\\\/#authorImage\",\"url\":\"https:\\\/\\\/secure.gravatar.com\\\/avatar\\\/df2aeffc32bcd13f8d26072ef8a91b623d677766deac7f97ca815868cd41bf5e?s=96&d=mm&r=g\",\"width\":96,\"height\":96,\"caption\":\"El Digital de Asturias\"}},{\"@type\":\"WebPage\",\"@id\":\"https:\\\/\\\/www.eldigitaldeasturias.com\\\/noticias\\\/tajani-pide-especial-esfuerzo-para-resolver-el-conflicto-del-canal-de-panama\\\/#webpage\",\"url\":\"https:\\\/\\\/www.eldigitaldeasturias.com\\\/noticias\\\/tajani-pide-especial-esfuerzo-para-resolver-el-conflicto-del-canal-de-panama\\\/\",\"name\":\"Tajani pide \\u00abespecial esfuerzo\\u00bb para resolver el conflicto del Canal de Panam\\u00e1 - El Digital de Asturias\",\"description\":\"Bruselas, 23 ene (EFE).- El vicepresidente de la Comisi\\u00f3n Europea (CE) Antonio Tajani pidi\\u00f3 hoy un \\\"especial esfuerzo\\\" al consorcio de empresas europeas que trabaja en la ampliaci\\u00f3n del Canal de Panam\\u00e1 para resolver el conflicto en torno a los sobrecostes del proyecto, un gesto que espera que sea correspondido por todas las partes. \\\"Hago\",\"inLanguage\":\"es-ES\",\"isPartOf\":{\"@id\":\"https:\\\/\\\/www.eldigitaldeasturias.com\\\/noticias\\\/#website\"},\"breadcrumb\":{\"@id\":\"https:\\\/\\\/www.eldigitaldeasturias.com\\\/noticias\\\/tajani-pide-especial-esfuerzo-para-resolver-el-conflicto-del-canal-de-panama\\\/#breadcrumblist\"},\"author\":{\"@id\":\"https:\\\/\\\/www.eldigitaldeasturias.com\\\/noticias\\\/author\\\/admin\\\/#author\"},\"creator\":{\"@id\":\"https:\\\/\\\/www.eldigitaldeasturias.com\\\/noticias\\\/author\\\/admin\\\/#author\"},\"image\":{\"@type\":\"ImageObject\",\"url\":\"https:\\\/\\\/www.eldigitaldeasturias.com\\\/noticias\\\/wp-content\\\/uploads\\\/2026\\\/06\\\/Contenidos.jpg\",\"@id\":\"https:\\\/\\\/www.eldigitaldeasturias.com\\\/noticias\\\/tajani-pide-especial-esfuerzo-para-resolver-el-conflicto-del-canal-de-panama\\\/#mainImage\",\"width\":1265,\"height\":697,\"caption\":\"Contenidos\"},\"primaryImageOfPage\":{\"@id\":\"https:\\\/\\\/www.eldigitaldeasturias.com\\\/noticias\\\/tajani-pide-especial-esfuerzo-para-resolver-el-conflicto-del-canal-de-panama\\\/#mainImage\"},\"datePublished\":\"2014-01-24T07:42:08+01:00\",\"dateModified\":\"2014-01-24T07:42:08+01:00\"},{\"@type\":\"WebSite\",\"@id\":\"https:\\\/\\\/www.eldigitaldeasturias.com\\\/noticias\\\/#website\",\"url\":\"https:\\\/\\\/www.eldigitaldeasturias.com\\\/noticias\\\/\",\"name\":\"El Digital de Asturias - Diario de actualidad y noticias\",\"alternateName\":\"El Digital de Asturias - Diario de actualidad y noticias\",\"description\":\"Hemeroteca\",\"inLanguage\":\"es-ES\",\"publisher\":{\"@id\":\"https:\\\/\\\/www.eldigitaldeasturias.com\\\/noticias\\\/#organization\"}}]}\n\t\t<\/script>\n\t\t<!-- All in One SEO Pro -->\r\n\t\t<title>Tajani pide \u00abespecial esfuerzo\u00bb para resolver el conflicto del Canal de Panam\u00e1 - El Digital de Asturias<\/title>\n\n","aioseo_head_json":{"title":"Tajani pide \u00abespecial esfuerzo\u00bb para resolver el conflicto del Canal de Panam\u00e1 - El Digital de Asturias","description":"Bruselas, 23 ene (EFE).- El vicepresidente de la Comisi\u00f3n Europea (CE) Antonio Tajani pidi\u00f3 hoy un \"especial esfuerzo\" al consorcio de empresas europeas que trabaja en la ampliaci\u00f3n del Canal de Panam\u00e1 para resolver el conflicto en torno a los sobrecostes del proyecto, un gesto que espera que sea correspondido por todas las partes. \"Hago","canonical_url":"https:\/\/www.eldigitaldeasturias.com\/noticias\/tajani-pide-especial-esfuerzo-para-resolver-el-conflicto-del-canal-de-panama\/","robots":"max-image-preview:large","keywords":"actualidad","webmasterTools":{"google-site-verification":"UA-38556648-1","msvalidate.01":"7dfe9f3f1b24437ab69f4f2559babe99","miscellaneous":""},"schema":{"@context":"https:\/\/schema.org","@graph":[{"@type":"BlogPosting","@id":"https:\/\/www.eldigitaldeasturias.com\/noticias\/tajani-pide-especial-esfuerzo-para-resolver-el-conflicto-del-canal-de-panama\/#blogposting","name":"Tajani pide \u00abespecial esfuerzo\u00bb para resolver el conflicto del Canal de Panam\u00e1 - El Digital de Asturias","headline":"Tajani pide \u00abespecial esfuerzo\u00bb para resolver el conflicto del Canal de Panam\u00e1","author":{"@id":"https:\/\/www.eldigitaldeasturias.com\/noticias\/author\/admin\/#author"},"publisher":{"@id":"https:\/\/www.eldigitaldeasturias.com\/noticias\/#organization"},"image":{"@type":"ImageObject","url":"https:\/\/www.eldigitaldeasturias.com\/noticias\/wp-content\/uploads\/2026\/06\/Contenidos.jpg","width":1265,"height":697,"caption":"Contenidos"},"datePublished":"2014-01-24T07:42:08+01:00","dateModified":"2014-01-24T07:42:08+01:00","inLanguage":"es-ES","mainEntityOfPage":{"@id":"https:\/\/www.eldigitaldeasturias.com\/noticias\/tajani-pide-especial-esfuerzo-para-resolver-el-conflicto-del-canal-de-panama\/#webpage"},"isPartOf":{"@id":"https:\/\/www.eldigitaldeasturias.com\/noticias\/tajani-pide-especial-esfuerzo-para-resolver-el-conflicto-del-canal-de-panama\/#webpage"},"articleSection":"Actualidad"},{"@type":"BreadcrumbList","@id":"https:\/\/www.eldigitaldeasturias.com\/noticias\/tajani-pide-especial-esfuerzo-para-resolver-el-conflicto-del-canal-de-panama\/#breadcrumblist","itemListElement":[{"@type":"ListItem","@id":"https:\/\/www.eldigitaldeasturias.com\/noticias#listItem","position":1,"name":"Home","item":"https:\/\/www.eldigitaldeasturias.com\/noticias","nextItem":{"@type":"ListItem","@id":"https:\/\/www.eldigitaldeasturias.com\/noticias\/category\/actualidad\/#listItem","name":"Actualidad"}},{"@type":"ListItem","@id":"https:\/\/www.eldigitaldeasturias.com\/noticias\/category\/actualidad\/#listItem","position":2,"name":"Actualidad","item":"https:\/\/www.eldigitaldeasturias.com\/noticias\/category\/actualidad\/","nextItem":{"@type":"ListItem","@id":"https:\/\/www.eldigitaldeasturias.com\/noticias\/tajani-pide-especial-esfuerzo-para-resolver-el-conflicto-del-canal-de-panama\/#listItem","name":"Tajani pide \u00abespecial esfuerzo\u00bb para resolver el conflicto del Canal de Panam\u00e1"},"previousItem":{"@type":"ListItem","@id":"https:\/\/www.eldigitaldeasturias.com\/noticias#listItem","name":"Home"}},{"@type":"ListItem","@id":"https:\/\/www.eldigitaldeasturias.com\/noticias\/tajani-pide-especial-esfuerzo-para-resolver-el-conflicto-del-canal-de-panama\/#listItem","position":3,"name":"Tajani pide \u00abespecial esfuerzo\u00bb para resolver el conflicto del Canal de Panam\u00e1","previousItem":{"@type":"ListItem","@id":"https:\/\/www.eldigitaldeasturias.com\/noticias\/category\/actualidad\/#listItem","name":"Actualidad"}}]},{"@type":"Organization","@id":"https:\/\/www.eldigitaldeasturias.com\/noticias\/#organization","name":"El Digital de Asturias","description":"Hemeroteca","url":"https:\/\/www.eldigitaldeasturias.com\/noticias\/","email":"info@eldigitaldeasturias.com","telephone":"+34652131393","logo":{"@type":"ImageObject","url":"https:\/\/www.eldigitaldeasturias.com\/noticias\/wp-content\/uploads\/2020\/12\/EDA.jpg","@id":"https:\/\/www.eldigitaldeasturias.com\/noticias\/tajani-pide-especial-esfuerzo-para-resolver-el-conflicto-del-canal-de-panama\/#organizationLogo"},"image":{"@id":"https:\/\/www.eldigitaldeasturias.com\/noticias\/tajani-pide-especial-esfuerzo-para-resolver-el-conflicto-del-canal-de-panama\/#organizationLogo"},"sameAs":["https:\/\/facebook.com\/eldigitaldeasturias","https:\/\/www.youtube.com\/channel\/UCZP-2wLEB9Rv6erhFmqVnvg"],"address":{"@id":"https:\/\/www.eldigitaldeasturias.com\/noticias\/#postaladdress","@type":"PostalAddress","streetAddress":"san antonio 4","postalCode":"33430","addressLocality":"Cand\u00e1s","addressRegion":"Asturias","addressCountry":"ES"}},{"@type":"Person","@id":"https:\/\/www.eldigitaldeasturias.com\/noticias\/author\/admin\/#author","url":"https:\/\/www.eldigitaldeasturias.com\/noticias\/author\/admin\/","name":"El Digital de Asturias","image":{"@type":"ImageObject","@id":"https:\/\/www.eldigitaldeasturias.com\/noticias\/tajani-pide-especial-esfuerzo-para-resolver-el-conflicto-del-canal-de-panama\/#authorImage","url":"https:\/\/secure.gravatar.com\/avatar\/df2aeffc32bcd13f8d26072ef8a91b623d677766deac7f97ca815868cd41bf5e?s=96&d=mm&r=g","width":96,"height":96,"caption":"El Digital de Asturias"}},{"@type":"WebPage","@id":"https:\/\/www.eldigitaldeasturias.com\/noticias\/tajani-pide-especial-esfuerzo-para-resolver-el-conflicto-del-canal-de-panama\/#webpage","url":"https:\/\/www.eldigitaldeasturias.com\/noticias\/tajani-pide-especial-esfuerzo-para-resolver-el-conflicto-del-canal-de-panama\/","name":"Tajani pide \u00abespecial esfuerzo\u00bb para resolver el conflicto del Canal de Panam\u00e1 - El Digital de Asturias","description":"Bruselas, 23 ene (EFE).- El vicepresidente de la Comisi\u00f3n Europea (CE) Antonio Tajani pidi\u00f3 hoy un \"especial esfuerzo\" al consorcio de empresas europeas que trabaja en la ampliaci\u00f3n del Canal de Panam\u00e1 para resolver el conflicto en torno a los sobrecostes del proyecto, un gesto que espera que sea correspondido por todas las partes. \"Hago","inLanguage":"es-ES","isPartOf":{"@id":"https:\/\/www.eldigitaldeasturias.com\/noticias\/#website"},"breadcrumb":{"@id":"https:\/\/www.eldigitaldeasturias.com\/noticias\/tajani-pide-especial-esfuerzo-para-resolver-el-conflicto-del-canal-de-panama\/#breadcrumblist"},"author":{"@id":"https:\/\/www.eldigitaldeasturias.com\/noticias\/author\/admin\/#author"},"creator":{"@id":"https:\/\/www.eldigitaldeasturias.com\/noticias\/author\/admin\/#author"},"image":{"@type":"ImageObject","url":"https:\/\/www.eldigitaldeasturias.com\/noticias\/wp-content\/uploads\/2026\/06\/Contenidos.jpg","@id":"https:\/\/www.eldigitaldeasturias.com\/noticias\/tajani-pide-especial-esfuerzo-para-resolver-el-conflicto-del-canal-de-panama\/#mainImage","width":1265,"height":697,"caption":"Contenidos"},"primaryImageOfPage":{"@id":"https:\/\/www.eldigitaldeasturias.com\/noticias\/tajani-pide-especial-esfuerzo-para-resolver-el-conflicto-del-canal-de-panama\/#mainImage"},"datePublished":"2014-01-24T07:42:08+01:00","dateModified":"2014-01-24T07:42:08+01:00"},{"@type":"WebSite","@id":"https:\/\/www.eldigitaldeasturias.com\/noticias\/#website","url":"https:\/\/www.eldigitaldeasturias.com\/noticias\/","name":"El Digital de Asturias - Diario de actualidad y noticias","alternateName":"El Digital de Asturias - Diario de actualidad y noticias","description":"Hemeroteca","inLanguage":"es-ES","publisher":{"@id":"https:\/\/www.eldigitaldeasturias.com\/noticias\/#organization"}}]},"og:locale":"es_ES","og:site_name":"El Digital de Asturias","og:type":"article","og:title":"Tajani pide \u00abespecial esfuerzo\u00bb para resolver el conflicto del Canal de Panam\u00e1 - El Digital de Asturias","og:description":"Bruselas, 23 ene (EFE).- El vicepresidente de la Comisi\u00f3n Europea (CE) Antonio Tajani pidi\u00f3 hoy un &quot;especial esfuerzo&quot; al consorcio de empresas europeas que trabaja en la ampliaci\u00f3n del Canal de Panam\u00e1 para resolver el conflicto en torno a los sobrecostes del proyecto, un gesto que espera que sea correspondido por todas las partes. &quot;Hago","og:url":"https:\/\/www.eldigitaldeasturias.com\/noticias\/tajani-pide-especial-esfuerzo-para-resolver-el-conflicto-del-canal-de-panama\/","og:image":"https:\/\/www.eldigitaldeasturias.com\/noticias\/wp-content\/uploads\/2026\/06\/Contenidos.jpg","og:image:secure_url":"https:\/\/www.eldigitaldeasturias.com\/noticias\/wp-content\/uploads\/2026\/06\/Contenidos.jpg","og:image:width":1265,"og:image:height":697,"article:tag":["actualidad"],"article:published_time":"2014-01-24T08:42:08+00:00","article:modified_time":"2014-01-24T08:42:08+00:00","article:publisher":"https:\/\/facebook.com\/eldigitaldeasturias","twitter:card":"summary_large_image","twitter:title":"Tajani pide \u00abespecial esfuerzo\u00bb para resolver el conflicto del Canal de Panam\u00e1 - El Digital de Asturias","twitter:description":"Bruselas, 23 ene (EFE).- El vicepresidente de la Comisi\u00f3n Europea (CE) Antonio Tajani pidi\u00f3 hoy un &quot;especial esfuerzo&quot; al consorcio de empresas europeas que trabaja en la ampliaci\u00f3n del Canal de Panam\u00e1 para resolver el conflicto en torno a los sobrecostes del proyecto, un gesto que espera que sea correspondido por todas las partes. &quot;Hago","twitter:image":"https:\/\/www.eldigitaldeasturias.com\/noticias\/wp-content\/uploads\/2026\/06\/Contenidos.jpg","twitter:label1":"Escrito por","twitter:data1":"El Digital de Asturias","twitter:label2":"Tiempo de lectura estimado","twitter:data2":"3 minutos"},"aioseo_meta_data":{"post_id":"477958","title":null,"description":null,"keywords":null,"keyphrases":null,"primary_term":null,"canonical_url":null,"og_title":null,"og_description":null,"og_object_type":"default","og_image_type":"default","og_image_url":null,"og_image_width":null,"og_image_height":null,"og_image_custom_url":null,"og_image_custom_fields":null,"og_video":null,"og_custom_url":null,"og_article_section":null,"og_article_tags":null,"twitter_use_og":true,"twitter_card":"default","twitter_image_type":"default","twitter_image_url":null,"twitter_image_custom_url":null,"twitter_image_custom_fields":null,"twitter_title":null,"twitter_description":null,"schema":{"blockGraphs":[],"customGraphs":[],"default":{"data":{"Article":[],"Course":[],"Dataset":[],"FAQPage":[],"Movie":[],"Person":[],"Product":[],"ProductReview":[],"Car":[],"Recipe":[],"Service":[],"SoftwareApplication":[],"WebPage":[]},"graphName":"","isEnabled":true},"graphs":[],"defaultGraph":"","defaultPostTypeGraph":""},"schema_type":null,"schema_type_options":null,"pillar_content":false,"robots_default":true,"robots_noindex":false,"robots_noarchive":false,"robots_nosnippet":false,"robots_nofollow":false,"robots_noimageindex":false,"robots_noodp":false,"robots_notranslate":false,"robots_max_snippet":null,"robots_max_videopreview":null,"robots_max_imagepreview":"none","priority":null,"frequency":null,"local_seo":null,"seo_analyzer_scan_date":"2026-06-01 20:05:07","breadcrumb_settings":null,"limit_modified_date":false,"open_ai":null,"ai":null,"created":"2020-11-14 22:53:47","updated":"2026-06-01 20:05:07","focus_keyword":null,"additional_keywords":null,"truseo_locale":null},"aioseo_breadcrumb":"<div class=\"aioseo-breadcrumbs\"><span class=\"aioseo-breadcrumb\">\n\t<a href=\"https:\/\/www.eldigitaldeasturias.com\/noticias\" title=\"Home\">Home<\/a>\n<\/span><span class=\"aioseo-breadcrumb-separator\">\u2013<\/span><span class=\"aioseo-breadcrumb\">\n\t<a href=\"https:\/\/www.eldigitaldeasturias.com\/noticias\/category\/actualidad\/\" title=\"Actualidad\">Actualidad<\/a>\n<\/span><span class=\"aioseo-breadcrumb-separator\">\u2013<\/span><span class=\"aioseo-breadcrumb\">\n\t<a href=\"https:\/\/www.eldigitaldeasturias.com\/noticias\/tajani-pide-especial-esfuerzo-para-resolver-el-conflicto-del-canal-de-panama\/\" title=\"Tajani pide \u00abespecial esfuerzo\u00bb para resolver el conflicto del Canal de Panam\u00e1\">Tajani pide \u00abespecial esfuerzo\u00bb para resolver el conflicto del Canal de Panam\u00e1<\/a>\n<\/span><\/div>","aioseo_breadcrumb_json":[{"label":"Home","link":"https:\/\/www.eldigitaldeasturias.com\/noticias"},{"label":"Actualidad","link":"https:\/\/www.eldigitaldeasturias.com\/noticias\/category\/actualidad\/"},{"label":"Tajani pide \u00abespecial esfuerzo\u00bb para resolver el conflicto del Canal de Panam\u00e1","link":"https:\/\/www.eldigitaldeasturias.com\/noticias\/tajani-pide-especial-esfuerzo-para-resolver-el-conflicto-del-canal-de-panama\/"}],"_links":{"self":[{"href":"https:\/\/www.eldigitaldeasturias.com\/noticias\/wp-json\/wp\/v2\/posts\/477958","targetHints":{"allow":["GET"]}}],"collection":[{"href":"https:\/\/www.eldigitaldeasturias.com\/noticias\/wp-json\/wp\/v2\/posts"}],"about":[{"href":"https:\/\/www.eldigitaldeasturias.com\/noticias\/wp-json\/wp\/v2\/types\/post"}],"author":[{"embeddable":true,"href":"https:\/\/www.eldigitaldeasturias.com\/noticias\/wp-json\/wp\/v2\/users\/1"}],"replies":[{"embeddable":true,"href":"https:\/\/www.eldigitaldeasturias.com\/noticias\/wp-json\/wp\/v2\/comments?post=477958"}],"version-history":[{"count":0,"href":"https:\/\/www.eldigitaldeasturias.com\/noticias\/wp-json\/wp\/v2\/posts\/477958\/revisions"}],"wp:featuredmedia":[{"embeddable":true,"href":"https:\/\/www.eldigitaldeasturias.com\/noticias\/wp-json\/wp\/v2\/media\/1132184"}],"wp:attachment":[{"href":"https:\/\/www.eldigitaldeasturias.com\/noticias\/wp-json\/wp\/v2\/media?parent=477958"}],"wp:term":[{"taxonomy":"category","embeddable":true,"href":"https:\/\/www.eldigitaldeasturias.com\/noticias\/wp-json\/wp\/v2\/categories?post=477958"},{"taxonomy":"post_tag","embeddable":true,"href":"https:\/\/www.eldigitaldeasturias.com\/noticias\/wp-json\/wp\/v2\/tags?post=477958"}],"curies":[{"name":"wp","href":"https:\/\/api.w.org\/{rel}","templated":true}]}}