{"id":477936,"date":"2014-01-24T07:06:29","date_gmt":"2014-01-24T08:06:29","guid":{"rendered":"http:\/\/www.eldigitaldeasturias.com\/noticias\/?p=477936"},"modified":"2014-01-24T07:06:29","modified_gmt":"2014-01-24T08:06:29","slug":"la-asociacion-pro-derechos-humanos-pide-la-supresion-de-los-cies-de-inmediato","status":"publish","type":"post","link":"https:\/\/www.eldigitaldeasturias.com\/noticias\/la-asociacion-pro-derechos-humanos-pide-la-supresion-de-los-cies-de-inmediato\/","title":{"rendered":"La Asociaci\u00f3n Pro Derechos Humanos pide la supresi\u00f3n de los CIES de inmediato"},"content":{"rendered":"<p><img loading=\"lazy\" decoding=\"async\" class=\"alignleft size-medium wp-image-477937\" alt=\"5871047w\" src=\"https:\/\/www.eldigitaldeasturias.com\/noticias\/wp-content\/uploads\/2014\/01\/5871047w-226x320.jpg\" width=\"226\" height=\"320\" \/>Madrid, 23 ene (EFE).- La Asociaci\u00f3n Pro Derechos Humanos en Espa\u00f1a (APDHE) ha solicitado al ministro del Interior, Jorge Fern\u00e1ndez D\u00edaz, la supresi\u00f3n de inmediato de los Centros de Internamiento de Extranjeros (CIES).<\/p>\n<p>El presidente de la APDHE, Jacinto Lara, ha hecho esta petici\u00f3n en una carta dirigida al ministro, ante las \u00abirregularidades\u00bb de estos centros en materia de derechos humanos.<\/p>\n<p>En la misiva, la APDHE rechaza \u00abel limbo jur\u00eddico\u00bb en el que se mantiene a los internos, la \u00abdeficiente\u00bb gesti\u00f3n policial, la \u00abfalta de transparencia\u00bb y la \u00abineficacia\u00bb de estos centros, las condiciones \u00abinfrahumanas\u00bb de sus instalaciones, las decisiones \u00abarbitrarias\u00bb de la direcci\u00f3n de estos espacios y los \u00abmalos tratos\u00bb a los internos.<\/p>\n<p>Para la asociaci\u00f3n, los CIES son \u00abilegales\u00bb, contravienen el derecho internacional, privan de libertad a una gran mayor\u00eda de internos a los que se imputa una infracci\u00f3n administrativa y tienen \u00abun marcado car\u00e1cter discriminatorio\u00bb.<\/p>\n<p>La carta de la APDHE est\u00e1 motivada por la \u00abgravedad\u00bb de los incidentes ocurridos el pasado mes de diciembre en los CIES de Madrid y Barcelona.<\/p>\n<p>El fiscal jefe de Madrid, Jos\u00e9 Javier Polo, present\u00f3 el pasado 10 de diciembre una denuncia penal en un Juzgado de Instrucci\u00f3n por un presunto delito de lesiones cometido por tres polic\u00edas adscritos al CIE de Madrid a uno de los internos.<\/p>\n<p>El 31 de diciembre de 2013 y 1 de enero de 2014, un interno del CIE de Barcelona interpuso una denuncia en el Juzgado de guardia que motiv\u00f3 una investigaci\u00f3n de dos Juzgados de Instrucci\u00f3n, que puso de manifiesto una serie de deficiencias en el centro.<\/p>\n","protected":false},"excerpt":{"rendered":"<p>Madrid, 23 ene (EFE).- La Asociaci\u00f3n Pro Derechos Humanos en Espa\u00f1a (APDHE) ha solicitado al ministro del Interior, Jorge Fern\u00e1ndez D\u00edaz, la supresi\u00f3n de inmediato de los Centros de Internamiento de Extranjeros (CIES). El presidente de la APDHE, Jacinto Lara, ha hecho esta petici\u00f3n en una carta dirigida al ministro, ante las \u00abirregularidades\u00bb de estos [&hellip;]<\/p>\n","protected":false},"author":1,"featured_media":1132184,"comment_status":"closed","ping_status":"open","sticky":false,"template":"","format":"standard","meta":{"footnotes":""},"categories":[1],"tags":[],"class_list":["post-477936","post","type-post","status-publish","format-standard","has-post-thumbnail","hentry","category-actualidad"],"aioseo_notices":[],"aioseo_head":"\n\t\t<!-- All in One SEO Pro 5.0.1 - aioseo.com -->\n\t<meta name=\"description\" content=\"Madrid, 23 ene (EFE).- La Asociaci\u00f3n Pro Derechos Humanos en Espa\u00f1a (APDHE) ha solicitado al ministro del Interior, Jorge Fern\u00e1ndez D\u00edaz, la supresi\u00f3n de inmediato de los Centros de Internamiento de Extranjeros (CIES). El presidente de la APDHE, Jacinto Lara, ha hecho esta petici\u00f3n en una carta dirigida al ministro, ante las &quot;irregularidades&quot; de estos\" \/>\n\t<meta name=\"robots\" content=\"max-image-preview:large\" \/>\n\t<meta name=\"author\" content=\"El Digital de Asturias\"\/>\n\t<meta name=\"google-site-verification\" content=\"UA-38556648-1\" \/>\n\t<meta name=\"msvalidate.01\" content=\"7dfe9f3f1b24437ab69f4f2559babe99\" \/>\n\t<meta name=\"keywords\" content=\"actualidad\" \/>\n\t<link rel=\"canonical\" href=\"https:\/\/www.eldigitaldeasturias.com\/noticias\/la-asociacion-pro-derechos-humanos-pide-la-supresion-de-los-cies-de-inmediato\/\" \/>\n\t<meta name=\"generator\" content=\"All in One SEO Pro (AIOSEO) 5.0.1\" \/>\n\t\t<meta property=\"og:locale\" content=\"es_ES\" \/>\n\t\t<meta property=\"og:site_name\" content=\"El Digital de Asturias\" \/>\n\t\t<meta property=\"og:type\" content=\"article\" \/>\n\t\t<meta property=\"og:title\" content=\"La Asociaci\u00f3n Pro Derechos Humanos pide la supresi\u00f3n de los CIES de inmediato - El Digital de Asturias\" \/>\n\t\t<meta property=\"og:description\" content=\"Madrid, 23 ene (EFE).- La Asociaci\u00f3n Pro Derechos Humanos en Espa\u00f1a (APDHE) ha solicitado al ministro del Interior, Jorge Fern\u00e1ndez D\u00edaz, la supresi\u00f3n de inmediato de los Centros de Internamiento de Extranjeros (CIES). El presidente de la APDHE, Jacinto Lara, ha hecho esta petici\u00f3n en una carta dirigida al ministro, ante las &quot;irregularidades&quot; de estos\" \/>\n\t\t<meta property=\"og:url\" content=\"https:\/\/www.eldigitaldeasturias.com\/noticias\/la-asociacion-pro-derechos-humanos-pide-la-supresion-de-los-cies-de-inmediato\/\" \/>\n\t\t<meta property=\"og:image\" content=\"https:\/\/www.eldigitaldeasturias.com\/noticias\/wp-content\/uploads\/2026\/06\/Contenidos.jpg\" \/>\n\t\t<meta property=\"og:image:secure_url\" content=\"https:\/\/www.eldigitaldeasturias.com\/noticias\/wp-content\/uploads\/2026\/06\/Contenidos.jpg\" \/>\n\t\t<meta property=\"og:image:width\" content=\"1265\" \/>\n\t\t<meta property=\"og:image:height\" content=\"697\" \/>\n\t\t<meta property=\"article:tag\" content=\"actualidad\" \/>\n\t\t<meta property=\"article:published_time\" content=\"2014-01-24T08:06:29+00:00\" \/>\n\t\t<meta property=\"article:modified_time\" content=\"2014-01-24T08:06:29+00:00\" \/>\n\t\t<meta property=\"article:publisher\" content=\"https:\/\/facebook.com\/eldigitaldeasturias\" \/>\n\t\t<meta name=\"twitter:card\" content=\"summary_large_image\" \/>\n\t\t<meta name=\"twitter:title\" content=\"La Asociaci\u00f3n Pro Derechos Humanos pide la supresi\u00f3n de los CIES de inmediato - El Digital de Asturias\" \/>\n\t\t<meta name=\"twitter:description\" content=\"Madrid, 23 ene (EFE).- La Asociaci\u00f3n Pro Derechos Humanos en Espa\u00f1a (APDHE) ha solicitado al ministro del Interior, Jorge Fern\u00e1ndez D\u00edaz, la supresi\u00f3n de inmediato de los Centros de Internamiento de Extranjeros (CIES). El presidente de la APDHE, Jacinto Lara, ha hecho esta petici\u00f3n en una carta dirigida al ministro, ante las &quot;irregularidades&quot; de estos\" \/>\n\t\t<meta name=\"twitter:image\" content=\"https:\/\/www.eldigitaldeasturias.com\/noticias\/wp-content\/uploads\/2026\/06\/Contenidos.jpg\" \/>\n\t\t<meta name=\"twitter:label1\" content=\"Escrito por\" \/>\n\t\t<meta name=\"twitter:data1\" content=\"El Digital de Asturias\" \/>\n\t\t<meta name=\"twitter:label2\" content=\"Tiempo de lectura estimado\" \/>\n\t\t<meta name=\"twitter:data2\" content=\"1 minuto\" \/>\n\t\t<script type=\"application\/ld+json\" class=\"aioseo-schema\">\n\t\t\t{\"@context\":\"https:\\\/\\\/schema.org\",\"@graph\":[{\"@type\":\"BlogPosting\",\"@id\":\"https:\\\/\\\/www.eldigitaldeasturias.com\\\/noticias\\\/la-asociacion-pro-derechos-humanos-pide-la-supresion-de-los-cies-de-inmediato\\\/#blogposting\",\"name\":\"La Asociaci\\u00f3n Pro Derechos Humanos pide la supresi\\u00f3n de los CIES de inmediato - El Digital de Asturias\",\"headline\":\"La Asociaci\\u00f3n Pro Derechos Humanos pide la supresi\\u00f3n de los CIES de inmediato\",\"author\":{\"@id\":\"https:\\\/\\\/www.eldigitaldeasturias.com\\\/noticias\\\/author\\\/admin\\\/#author\"},\"publisher\":{\"@id\":\"https:\\\/\\\/www.eldigitaldeasturias.com\\\/noticias\\\/#organization\"},\"image\":{\"@type\":\"ImageObject\",\"url\":\"https:\\\/\\\/www.eldigitaldeasturias.com\\\/noticias\\\/wp-content\\\/uploads\\\/2026\\\/06\\\/Contenidos.jpg\",\"width\":1265,\"height\":697,\"caption\":\"Contenidos\"},\"datePublished\":\"2014-01-24T07:06:29+01:00\",\"dateModified\":\"2014-01-24T07:06:29+01:00\",\"inLanguage\":\"es-ES\",\"mainEntityOfPage\":{\"@id\":\"https:\\\/\\\/www.eldigitaldeasturias.com\\\/noticias\\\/la-asociacion-pro-derechos-humanos-pide-la-supresion-de-los-cies-de-inmediato\\\/#webpage\"},\"isPartOf\":{\"@id\":\"https:\\\/\\\/www.eldigitaldeasturias.com\\\/noticias\\\/la-asociacion-pro-derechos-humanos-pide-la-supresion-de-los-cies-de-inmediato\\\/#webpage\"},\"articleSection\":\"Actualidad\"},{\"@type\":\"BreadcrumbList\",\"@id\":\"https:\\\/\\\/www.eldigitaldeasturias.com\\\/noticias\\\/la-asociacion-pro-derechos-humanos-pide-la-supresion-de-los-cies-de-inmediato\\\/#breadcrumblist\",\"itemListElement\":[{\"@type\":\"ListItem\",\"@id\":\"https:\\\/\\\/www.eldigitaldeasturias.com\\\/noticias#listItem\",\"position\":1,\"name\":\"Home\",\"item\":\"https:\\\/\\\/www.eldigitaldeasturias.com\\\/noticias\",\"nextItem\":{\"@type\":\"ListItem\",\"@id\":\"https:\\\/\\\/www.eldigitaldeasturias.com\\\/noticias\\\/category\\\/actualidad\\\/#listItem\",\"name\":\"Actualidad\"}},{\"@type\":\"ListItem\",\"@id\":\"https:\\\/\\\/www.eldigitaldeasturias.com\\\/noticias\\\/category\\\/actualidad\\\/#listItem\",\"position\":2,\"name\":\"Actualidad\",\"item\":\"https:\\\/\\\/www.eldigitaldeasturias.com\\\/noticias\\\/category\\\/actualidad\\\/\",\"nextItem\":{\"@type\":\"ListItem\",\"@id\":\"https:\\\/\\\/www.eldigitaldeasturias.com\\\/noticias\\\/la-asociacion-pro-derechos-humanos-pide-la-supresion-de-los-cies-de-inmediato\\\/#listItem\",\"name\":\"La Asociaci\\u00f3n Pro Derechos Humanos pide la supresi\\u00f3n de los CIES de inmediato\"},\"previousItem\":{\"@type\":\"ListItem\",\"@id\":\"https:\\\/\\\/www.eldigitaldeasturias.com\\\/noticias#listItem\",\"name\":\"Home\"}},{\"@type\":\"ListItem\",\"@id\":\"https:\\\/\\\/www.eldigitaldeasturias.com\\\/noticias\\\/la-asociacion-pro-derechos-humanos-pide-la-supresion-de-los-cies-de-inmediato\\\/#listItem\",\"position\":3,\"name\":\"La Asociaci\\u00f3n Pro Derechos Humanos pide la supresi\\u00f3n de los CIES de inmediato\",\"previousItem\":{\"@type\":\"ListItem\",\"@id\":\"https:\\\/\\\/www.eldigitaldeasturias.com\\\/noticias\\\/category\\\/actualidad\\\/#listItem\",\"name\":\"Actualidad\"}}]},{\"@type\":\"Organization\",\"@id\":\"https:\\\/\\\/www.eldigitaldeasturias.com\\\/noticias\\\/#organization\",\"name\":\"El Digital de Asturias\",\"description\":\"Hemeroteca\",\"url\":\"https:\\\/\\\/www.eldigitaldeasturias.com\\\/noticias\\\/\",\"email\":\"info@eldigitaldeasturias.com\",\"telephone\":\"+34652131393\",\"logo\":{\"@type\":\"ImageObject\",\"url\":\"https:\\\/\\\/www.eldigitaldeasturias.com\\\/noticias\\\/wp-content\\\/uploads\\\/2020\\\/12\\\/EDA.jpg\",\"@id\":\"https:\\\/\\\/www.eldigitaldeasturias.com\\\/noticias\\\/la-asociacion-pro-derechos-humanos-pide-la-supresion-de-los-cies-de-inmediato\\\/#organizationLogo\"},\"image\":{\"@id\":\"https:\\\/\\\/www.eldigitaldeasturias.com\\\/noticias\\\/la-asociacion-pro-derechos-humanos-pide-la-supresion-de-los-cies-de-inmediato\\\/#organizationLogo\"},\"sameAs\":[\"https:\\\/\\\/facebook.com\\\/eldigitaldeasturias\",\"https:\\\/\\\/www.youtube.com\\\/channel\\\/UCZP-2wLEB9Rv6erhFmqVnvg\"],\"address\":{\"@id\":\"https:\\\/\\\/www.eldigitaldeasturias.com\\\/noticias\\\/#postaladdress\",\"@type\":\"PostalAddress\",\"streetAddress\":\"san antonio 4\",\"postalCode\":\"33430\",\"addressLocality\":\"Cand\\u00e1s\",\"addressRegion\":\"Asturias\",\"addressCountry\":\"ES\"}},{\"@type\":\"Person\",\"@id\":\"https:\\\/\\\/www.eldigitaldeasturias.com\\\/noticias\\\/author\\\/admin\\\/#author\",\"url\":\"https:\\\/\\\/www.eldigitaldeasturias.com\\\/noticias\\\/author\\\/admin\\\/\",\"name\":\"El Digital de Asturias\",\"image\":{\"@type\":\"ImageObject\",\"@id\":\"https:\\\/\\\/www.eldigitaldeasturias.com\\\/noticias\\\/la-asociacion-pro-derechos-humanos-pide-la-supresion-de-los-cies-de-inmediato\\\/#authorImage\",\"url\":\"https:\\\/\\\/secure.gravatar.com\\\/avatar\\\/df2aeffc32bcd13f8d26072ef8a91b623d677766deac7f97ca815868cd41bf5e?s=96&d=mm&r=g\",\"width\":96,\"height\":96,\"caption\":\"El Digital de Asturias\"}},{\"@type\":\"WebPage\",\"@id\":\"https:\\\/\\\/www.eldigitaldeasturias.com\\\/noticias\\\/la-asociacion-pro-derechos-humanos-pide-la-supresion-de-los-cies-de-inmediato\\\/#webpage\",\"url\":\"https:\\\/\\\/www.eldigitaldeasturias.com\\\/noticias\\\/la-asociacion-pro-derechos-humanos-pide-la-supresion-de-los-cies-de-inmediato\\\/\",\"name\":\"La Asociaci\\u00f3n Pro Derechos Humanos pide la supresi\\u00f3n de los CIES de inmediato - El Digital de Asturias\",\"description\":\"Madrid, 23 ene (EFE).- La Asociaci\\u00f3n Pro Derechos Humanos en Espa\\u00f1a (APDHE) ha solicitado al ministro del Interior, Jorge Fern\\u00e1ndez D\\u00edaz, la supresi\\u00f3n de inmediato de los Centros de Internamiento de Extranjeros (CIES). El presidente de la APDHE, Jacinto Lara, ha hecho esta petici\\u00f3n en una carta dirigida al ministro, ante las \\\"irregularidades\\\" de estos\",\"inLanguage\":\"es-ES\",\"isPartOf\":{\"@id\":\"https:\\\/\\\/www.eldigitaldeasturias.com\\\/noticias\\\/#website\"},\"breadcrumb\":{\"@id\":\"https:\\\/\\\/www.eldigitaldeasturias.com\\\/noticias\\\/la-asociacion-pro-derechos-humanos-pide-la-supresion-de-los-cies-de-inmediato\\\/#breadcrumblist\"},\"author\":{\"@id\":\"https:\\\/\\\/www.eldigitaldeasturias.com\\\/noticias\\\/author\\\/admin\\\/#author\"},\"creator\":{\"@id\":\"https:\\\/\\\/www.eldigitaldeasturias.com\\\/noticias\\\/author\\\/admin\\\/#author\"},\"image\":{\"@type\":\"ImageObject\",\"url\":\"https:\\\/\\\/www.eldigitaldeasturias.com\\\/noticias\\\/wp-content\\\/uploads\\\/2026\\\/06\\\/Contenidos.jpg\",\"@id\":\"https:\\\/\\\/www.eldigitaldeasturias.com\\\/noticias\\\/la-asociacion-pro-derechos-humanos-pide-la-supresion-de-los-cies-de-inmediato\\\/#mainImage\",\"width\":1265,\"height\":697,\"caption\":\"Contenidos\"},\"primaryImageOfPage\":{\"@id\":\"https:\\\/\\\/www.eldigitaldeasturias.com\\\/noticias\\\/la-asociacion-pro-derechos-humanos-pide-la-supresion-de-los-cies-de-inmediato\\\/#mainImage\"},\"datePublished\":\"2014-01-24T07:06:29+01:00\",\"dateModified\":\"2014-01-24T07:06:29+01:00\"},{\"@type\":\"WebSite\",\"@id\":\"https:\\\/\\\/www.eldigitaldeasturias.com\\\/noticias\\\/#website\",\"url\":\"https:\\\/\\\/www.eldigitaldeasturias.com\\\/noticias\\\/\",\"name\":\"El Digital de Asturias - Diario de actualidad y noticias\",\"alternateName\":\"El Digital de Asturias - Diario de actualidad y noticias\",\"description\":\"Hemeroteca\",\"inLanguage\":\"es-ES\",\"publisher\":{\"@id\":\"https:\\\/\\\/www.eldigitaldeasturias.com\\\/noticias\\\/#organization\"}}]}\n\t\t<\/script>\n\t\t<!-- All in One SEO Pro -->\r\n\t\t<title>La Asociaci\u00f3n Pro Derechos Humanos pide la supresi\u00f3n de los CIES de inmediato - El Digital de Asturias<\/title>\n\n","aioseo_head_json":{"title":"La Asociaci\u00f3n Pro Derechos Humanos pide la supresi\u00f3n de los CIES de inmediato - El Digital de Asturias","description":"Madrid, 23 ene (EFE).- La Asociaci\u00f3n Pro Derechos Humanos en Espa\u00f1a (APDHE) ha solicitado al ministro del Interior, Jorge Fern\u00e1ndez D\u00edaz, la supresi\u00f3n de inmediato de los Centros de Internamiento de Extranjeros (CIES). El presidente de la APDHE, Jacinto Lara, ha hecho esta petici\u00f3n en una carta dirigida al ministro, ante las \"irregularidades\" de estos","canonical_url":"https:\/\/www.eldigitaldeasturias.com\/noticias\/la-asociacion-pro-derechos-humanos-pide-la-supresion-de-los-cies-de-inmediato\/","robots":"max-image-preview:large","keywords":"actualidad","webmasterTools":{"google-site-verification":"UA-38556648-1","msvalidate.01":"7dfe9f3f1b24437ab69f4f2559babe99","miscellaneous":""},"schema":{"@context":"https:\/\/schema.org","@graph":[{"@type":"BlogPosting","@id":"https:\/\/www.eldigitaldeasturias.com\/noticias\/la-asociacion-pro-derechos-humanos-pide-la-supresion-de-los-cies-de-inmediato\/#blogposting","name":"La Asociaci\u00f3n Pro Derechos Humanos pide la supresi\u00f3n de los CIES de inmediato - El Digital de Asturias","headline":"La Asociaci\u00f3n Pro Derechos Humanos pide la supresi\u00f3n de los CIES de inmediato","author":{"@id":"https:\/\/www.eldigitaldeasturias.com\/noticias\/author\/admin\/#author"},"publisher":{"@id":"https:\/\/www.eldigitaldeasturias.com\/noticias\/#organization"},"image":{"@type":"ImageObject","url":"https:\/\/www.eldigitaldeasturias.com\/noticias\/wp-content\/uploads\/2026\/06\/Contenidos.jpg","width":1265,"height":697,"caption":"Contenidos"},"datePublished":"2014-01-24T07:06:29+01:00","dateModified":"2014-01-24T07:06:29+01:00","inLanguage":"es-ES","mainEntityOfPage":{"@id":"https:\/\/www.eldigitaldeasturias.com\/noticias\/la-asociacion-pro-derechos-humanos-pide-la-supresion-de-los-cies-de-inmediato\/#webpage"},"isPartOf":{"@id":"https:\/\/www.eldigitaldeasturias.com\/noticias\/la-asociacion-pro-derechos-humanos-pide-la-supresion-de-los-cies-de-inmediato\/#webpage"},"articleSection":"Actualidad"},{"@type":"BreadcrumbList","@id":"https:\/\/www.eldigitaldeasturias.com\/noticias\/la-asociacion-pro-derechos-humanos-pide-la-supresion-de-los-cies-de-inmediato\/#breadcrumblist","itemListElement":[{"@type":"ListItem","@id":"https:\/\/www.eldigitaldeasturias.com\/noticias#listItem","position":1,"name":"Home","item":"https:\/\/www.eldigitaldeasturias.com\/noticias","nextItem":{"@type":"ListItem","@id":"https:\/\/www.eldigitaldeasturias.com\/noticias\/category\/actualidad\/#listItem","name":"Actualidad"}},{"@type":"ListItem","@id":"https:\/\/www.eldigitaldeasturias.com\/noticias\/category\/actualidad\/#listItem","position":2,"name":"Actualidad","item":"https:\/\/www.eldigitaldeasturias.com\/noticias\/category\/actualidad\/","nextItem":{"@type":"ListItem","@id":"https:\/\/www.eldigitaldeasturias.com\/noticias\/la-asociacion-pro-derechos-humanos-pide-la-supresion-de-los-cies-de-inmediato\/#listItem","name":"La Asociaci\u00f3n Pro Derechos Humanos pide la supresi\u00f3n de los CIES de inmediato"},"previousItem":{"@type":"ListItem","@id":"https:\/\/www.eldigitaldeasturias.com\/noticias#listItem","name":"Home"}},{"@type":"ListItem","@id":"https:\/\/www.eldigitaldeasturias.com\/noticias\/la-asociacion-pro-derechos-humanos-pide-la-supresion-de-los-cies-de-inmediato\/#listItem","position":3,"name":"La Asociaci\u00f3n Pro Derechos Humanos pide la supresi\u00f3n de los CIES de inmediato","previousItem":{"@type":"ListItem","@id":"https:\/\/www.eldigitaldeasturias.com\/noticias\/category\/actualidad\/#listItem","name":"Actualidad"}}]},{"@type":"Organization","@id":"https:\/\/www.eldigitaldeasturias.com\/noticias\/#organization","name":"El Digital de Asturias","description":"Hemeroteca","url":"https:\/\/www.eldigitaldeasturias.com\/noticias\/","email":"info@eldigitaldeasturias.com","telephone":"+34652131393","logo":{"@type":"ImageObject","url":"https:\/\/www.eldigitaldeasturias.com\/noticias\/wp-content\/uploads\/2020\/12\/EDA.jpg","@id":"https:\/\/www.eldigitaldeasturias.com\/noticias\/la-asociacion-pro-derechos-humanos-pide-la-supresion-de-los-cies-de-inmediato\/#organizationLogo"},"image":{"@id":"https:\/\/www.eldigitaldeasturias.com\/noticias\/la-asociacion-pro-derechos-humanos-pide-la-supresion-de-los-cies-de-inmediato\/#organizationLogo"},"sameAs":["https:\/\/facebook.com\/eldigitaldeasturias","https:\/\/www.youtube.com\/channel\/UCZP-2wLEB9Rv6erhFmqVnvg"],"address":{"@id":"https:\/\/www.eldigitaldeasturias.com\/noticias\/#postaladdress","@type":"PostalAddress","streetAddress":"san antonio 4","postalCode":"33430","addressLocality":"Cand\u00e1s","addressRegion":"Asturias","addressCountry":"ES"}},{"@type":"Person","@id":"https:\/\/www.eldigitaldeasturias.com\/noticias\/author\/admin\/#author","url":"https:\/\/www.eldigitaldeasturias.com\/noticias\/author\/admin\/","name":"El Digital de Asturias","image":{"@type":"ImageObject","@id":"https:\/\/www.eldigitaldeasturias.com\/noticias\/la-asociacion-pro-derechos-humanos-pide-la-supresion-de-los-cies-de-inmediato\/#authorImage","url":"https:\/\/secure.gravatar.com\/avatar\/df2aeffc32bcd13f8d26072ef8a91b623d677766deac7f97ca815868cd41bf5e?s=96&d=mm&r=g","width":96,"height":96,"caption":"El Digital de Asturias"}},{"@type":"WebPage","@id":"https:\/\/www.eldigitaldeasturias.com\/noticias\/la-asociacion-pro-derechos-humanos-pide-la-supresion-de-los-cies-de-inmediato\/#webpage","url":"https:\/\/www.eldigitaldeasturias.com\/noticias\/la-asociacion-pro-derechos-humanos-pide-la-supresion-de-los-cies-de-inmediato\/","name":"La Asociaci\u00f3n Pro Derechos Humanos pide la supresi\u00f3n de los CIES de inmediato - El Digital de Asturias","description":"Madrid, 23 ene (EFE).- La Asociaci\u00f3n Pro Derechos Humanos en Espa\u00f1a (APDHE) ha solicitado al ministro del Interior, Jorge Fern\u00e1ndez D\u00edaz, la supresi\u00f3n de inmediato de los Centros de Internamiento de Extranjeros (CIES). El presidente de la APDHE, Jacinto Lara, ha hecho esta petici\u00f3n en una carta dirigida al ministro, ante las \"irregularidades\" de estos","inLanguage":"es-ES","isPartOf":{"@id":"https:\/\/www.eldigitaldeasturias.com\/noticias\/#website"},"breadcrumb":{"@id":"https:\/\/www.eldigitaldeasturias.com\/noticias\/la-asociacion-pro-derechos-humanos-pide-la-supresion-de-los-cies-de-inmediato\/#breadcrumblist"},"author":{"@id":"https:\/\/www.eldigitaldeasturias.com\/noticias\/author\/admin\/#author"},"creator":{"@id":"https:\/\/www.eldigitaldeasturias.com\/noticias\/author\/admin\/#author"},"image":{"@type":"ImageObject","url":"https:\/\/www.eldigitaldeasturias.com\/noticias\/wp-content\/uploads\/2026\/06\/Contenidos.jpg","@id":"https:\/\/www.eldigitaldeasturias.com\/noticias\/la-asociacion-pro-derechos-humanos-pide-la-supresion-de-los-cies-de-inmediato\/#mainImage","width":1265,"height":697,"caption":"Contenidos"},"primaryImageOfPage":{"@id":"https:\/\/www.eldigitaldeasturias.com\/noticias\/la-asociacion-pro-derechos-humanos-pide-la-supresion-de-los-cies-de-inmediato\/#mainImage"},"datePublished":"2014-01-24T07:06:29+01:00","dateModified":"2014-01-24T07:06:29+01:00"},{"@type":"WebSite","@id":"https:\/\/www.eldigitaldeasturias.com\/noticias\/#website","url":"https:\/\/www.eldigitaldeasturias.com\/noticias\/","name":"El Digital de Asturias - Diario de actualidad y noticias","alternateName":"El Digital de Asturias - Diario de actualidad y noticias","description":"Hemeroteca","inLanguage":"es-ES","publisher":{"@id":"https:\/\/www.eldigitaldeasturias.com\/noticias\/#organization"}}]},"og:locale":"es_ES","og:site_name":"El Digital de Asturias","og:type":"article","og:title":"La Asociaci\u00f3n Pro Derechos Humanos pide la supresi\u00f3n de los CIES de inmediato - El Digital de Asturias","og:description":"Madrid, 23 ene (EFE).- La Asociaci\u00f3n Pro Derechos Humanos en Espa\u00f1a (APDHE) ha solicitado al ministro del Interior, Jorge Fern\u00e1ndez D\u00edaz, la supresi\u00f3n de inmediato de los Centros de Internamiento de Extranjeros (CIES). El presidente de la APDHE, Jacinto Lara, ha hecho esta petici\u00f3n en una carta dirigida al ministro, ante las &quot;irregularidades&quot; de estos","og:url":"https:\/\/www.eldigitaldeasturias.com\/noticias\/la-asociacion-pro-derechos-humanos-pide-la-supresion-de-los-cies-de-inmediato\/","og:image":"https:\/\/www.eldigitaldeasturias.com\/noticias\/wp-content\/uploads\/2026\/06\/Contenidos.jpg","og:image:secure_url":"https:\/\/www.eldigitaldeasturias.com\/noticias\/wp-content\/uploads\/2026\/06\/Contenidos.jpg","og:image:width":1265,"og:image:height":697,"article:tag":["actualidad"],"article:published_time":"2014-01-24T08:06:29+00:00","article:modified_time":"2014-01-24T08:06:29+00:00","article:publisher":"https:\/\/facebook.com\/eldigitaldeasturias","twitter:card":"summary_large_image","twitter:title":"La Asociaci\u00f3n Pro Derechos Humanos pide la supresi\u00f3n de los CIES de inmediato - El Digital de Asturias","twitter:description":"Madrid, 23 ene (EFE).- La Asociaci\u00f3n Pro Derechos Humanos en Espa\u00f1a (APDHE) ha solicitado al ministro del Interior, Jorge Fern\u00e1ndez D\u00edaz, la supresi\u00f3n de inmediato de los Centros de Internamiento de Extranjeros (CIES). El presidente de la APDHE, Jacinto Lara, ha hecho esta petici\u00f3n en una carta dirigida al ministro, ante las &quot;irregularidades&quot; de estos","twitter:image":"https:\/\/www.eldigitaldeasturias.com\/noticias\/wp-content\/uploads\/2026\/06\/Contenidos.jpg","twitter:label1":"Escrito por","twitter:data1":"El Digital de Asturias","twitter:label2":"Tiempo de lectura estimado","twitter:data2":"1 minuto"},"aioseo_meta_data":{"post_id":"477936","title":null,"description":null,"keywords":null,"keyphrases":null,"primary_term":null,"canonical_url":null,"og_title":null,"og_description":null,"og_object_type":"default","og_image_type":"default","og_image_url":null,"og_image_width":null,"og_image_height":null,"og_image_custom_url":null,"og_image_custom_fields":null,"og_video":null,"og_custom_url":null,"og_article_section":null,"og_article_tags":null,"twitter_use_og":true,"twitter_card":"default","twitter_image_type":"default","twitter_image_url":null,"twitter_image_custom_url":null,"twitter_image_custom_fields":null,"twitter_title":null,"twitter_description":null,"schema":{"blockGraphs":[],"customGraphs":[],"default":{"data":{"Article":[],"Course":[],"Dataset":[],"FAQPage":[],"Movie":[],"Person":[],"Product":[],"ProductReview":[],"Car":[],"Recipe":[],"Service":[],"SoftwareApplication":[],"WebPage":[]},"graphName":"","isEnabled":true},"graphs":[],"defaultGraph":"","defaultPostTypeGraph":""},"schema_type":null,"schema_type_options":null,"pillar_content":false,"robots_default":true,"robots_noindex":false,"robots_noarchive":false,"robots_nosnippet":false,"robots_nofollow":false,"robots_noimageindex":false,"robots_noodp":false,"robots_notranslate":false,"robots_max_snippet":null,"robots_max_videopreview":null,"robots_max_imagepreview":"none","priority":null,"frequency":null,"local_seo":null,"seo_analyzer_scan_date":"2026-06-01 20:00:52","breadcrumb_settings":null,"limit_modified_date":false,"open_ai":null,"ai":null,"created":"2020-11-14 22:53:47","updated":"2026-06-01 20:00:52","focus_keyword":null,"additional_keywords":null,"truseo_locale":null},"aioseo_breadcrumb":"<div class=\"aioseo-breadcrumbs\"><span class=\"aioseo-breadcrumb\">\n\t<a href=\"https:\/\/www.eldigitaldeasturias.com\/noticias\" title=\"Home\">Home<\/a>\n<\/span><span class=\"aioseo-breadcrumb-separator\">\u2013<\/span><span class=\"aioseo-breadcrumb\">\n\t<a href=\"https:\/\/www.eldigitaldeasturias.com\/noticias\/category\/actualidad\/\" title=\"Actualidad\">Actualidad<\/a>\n<\/span><span class=\"aioseo-breadcrumb-separator\">\u2013<\/span><span class=\"aioseo-breadcrumb\">\n\t<a href=\"https:\/\/www.eldigitaldeasturias.com\/noticias\/la-asociacion-pro-derechos-humanos-pide-la-supresion-de-los-cies-de-inmediato\/\" title=\"La Asociaci\u00f3n Pro Derechos Humanos pide la supresi\u00f3n de los CIES de inmediato\">La Asociaci\u00f3n Pro Derechos Humanos pide la supresi\u00f3n de los CIES de inmediato<\/a>\n<\/span><\/div>","aioseo_breadcrumb_json":[{"label":"Home","link":"https:\/\/www.eldigitaldeasturias.com\/noticias"},{"label":"Actualidad","link":"https:\/\/www.eldigitaldeasturias.com\/noticias\/category\/actualidad\/"},{"label":"La Asociaci\u00f3n Pro Derechos Humanos pide la supresi\u00f3n de los CIES de inmediato","link":"https:\/\/www.eldigitaldeasturias.com\/noticias\/la-asociacion-pro-derechos-humanos-pide-la-supresion-de-los-cies-de-inmediato\/"}],"_links":{"self":[{"href":"https:\/\/www.eldigitaldeasturias.com\/noticias\/wp-json\/wp\/v2\/posts\/477936","targetHints":{"allow":["GET"]}}],"collection":[{"href":"https:\/\/www.eldigitaldeasturias.com\/noticias\/wp-json\/wp\/v2\/posts"}],"about":[{"href":"https:\/\/www.eldigitaldeasturias.com\/noticias\/wp-json\/wp\/v2\/types\/post"}],"author":[{"embeddable":true,"href":"https:\/\/www.eldigitaldeasturias.com\/noticias\/wp-json\/wp\/v2\/users\/1"}],"replies":[{"embeddable":true,"href":"https:\/\/www.eldigitaldeasturias.com\/noticias\/wp-json\/wp\/v2\/comments?post=477936"}],"version-history":[{"count":0,"href":"https:\/\/www.eldigitaldeasturias.com\/noticias\/wp-json\/wp\/v2\/posts\/477936\/revisions"}],"wp:featuredmedia":[{"embeddable":true,"href":"https:\/\/www.eldigitaldeasturias.com\/noticias\/wp-json\/wp\/v2\/media\/1132184"}],"wp:attachment":[{"href":"https:\/\/www.eldigitaldeasturias.com\/noticias\/wp-json\/wp\/v2\/media?parent=477936"}],"wp:term":[{"taxonomy":"category","embeddable":true,"href":"https:\/\/www.eldigitaldeasturias.com\/noticias\/wp-json\/wp\/v2\/categories?post=477936"},{"taxonomy":"post_tag","embeddable":true,"href":"https:\/\/www.eldigitaldeasturias.com\/noticias\/wp-json\/wp\/v2\/tags?post=477936"}],"curies":[{"name":"wp","href":"https:\/\/api.w.org\/{rel}","templated":true}]}}