{"id":477933,"date":"2014-01-24T07:04:43","date_gmt":"2014-01-24T08:04:43","guid":{"rendered":"http:\/\/www.eldigitaldeasturias.com\/noticias\/?p=477933"},"modified":"2014-01-24T07:04:43","modified_gmt":"2014-01-24T08:04:43","slug":"airbus-logra-un-contrato-con-francia-para-la-gestion-de-satelites-militares","status":"publish","type":"post","link":"https:\/\/www.eldigitaldeasturias.com\/noticias\/airbus-logra-un-contrato-con-francia-para-la-gestion-de-satelites-militares\/","title":{"rendered":"Airbus logra un contrato con Francia para la gesti\u00f3n de sat\u00e9lites militares"},"content":{"rendered":"<p><img loading=\"lazy\" decoding=\"async\" class=\"alignleft size-medium wp-image-477934\" alt=\"5871084w\" src=\"https:\/\/www.eldigitaldeasturias.com\/noticias\/wp-content\/uploads\/2014\/01\/5871084w-245x320.jpg\" width=\"245\" height=\"320\" \/>Par\u00eds, 23 ene (EFE).- La nueva filial de actividades espaciales y de defensa de Airbus anunci\u00f3 hoy que ha conseguido un contrato para la gesti\u00f3n en tierra de los futuros sat\u00e9lites de observaci\u00f3n militar MUSIS, que incluye el mantenimiento durante un periodo de 12 a\u00f1os.<\/p>\n<p>Airbus Defence and Space indic\u00f3 hoy en un comunicado que este contrato, suscrito con la Direcci\u00f3n General del Armamento de Francia (DGA), que lo cifr\u00f3 en un monto m\u00e1ximo \u00abdel orden de 300 millones de euros\u00bb, es la continuaci\u00f3n del que ya logr\u00f3 en 2010 (con su nombre de entonces, Astrium) para la fabricaci\u00f3n de los sat\u00e9lites del programa MUSIS.<\/p>\n<p>El segmento del control desde el suelo de esos sat\u00e9lites, que sustituir\u00e1n progresivamente a los del programa Helios en actividad actualmente, permitir\u00e1 programar comandos para enviarlos a los MUSIS, as\u00ed como recibir, generar, distribuir y almacenar las im\u00e1genes que capten.<\/p>\n<p>Adem\u00e1s, permitir\u00e1 que las fuerzas armadas francesas dispongan de \u00abtodos los sensores de sat\u00e9lites de observaci\u00f3n actuales y futuros\u00bb, destac\u00f3 la filial del grupo Airbus (antiguo EADS).<\/p>\n<p>El director de los negocios espaciales de esta divisi\u00f3n, Fran\u00e7ois Auque, afirm\u00f3 que \u00abhemos obtenido este contrato gracias a la excelencia tecnol\u00f3gica y a la fiabilidad de Space Systems que actualmente est\u00e1 experimentando una competencia especialmente intensa en los principales mercados institucionales\u00bb.<\/p>\n","protected":false},"excerpt":{"rendered":"<p>Par\u00eds, 23 ene (EFE).- La nueva filial de actividades espaciales y de defensa de Airbus anunci\u00f3 hoy que ha conseguido un contrato para la gesti\u00f3n en tierra de los futuros sat\u00e9lites de observaci\u00f3n militar MUSIS, que incluye el mantenimiento durante un periodo de 12 a\u00f1os. Airbus Defence and Space indic\u00f3 hoy en un comunicado que [&hellip;]<\/p>\n","protected":false},"author":1,"featured_media":1132184,"comment_status":"closed","ping_status":"open","sticky":false,"template":"","format":"standard","meta":{"footnotes":""},"categories":[1],"tags":[],"class_list":["post-477933","post","type-post","status-publish","format-standard","has-post-thumbnail","hentry","category-actualidad"],"aioseo_notices":[],"aioseo_head":"\n\t\t<!-- All in One SEO Pro 5.0.1 - aioseo.com -->\n\t<meta name=\"description\" content=\"Par\u00eds, 23 ene (EFE).- La nueva filial de actividades espaciales y de defensa de Airbus anunci\u00f3 hoy que ha conseguido un contrato para la gesti\u00f3n en tierra de los futuros sat\u00e9lites de observaci\u00f3n militar MUSIS, que incluye el mantenimiento durante un periodo de 12 a\u00f1os. Airbus Defence and Space indic\u00f3 hoy en un comunicado que\" \/>\n\t<meta name=\"robots\" content=\"max-image-preview:large\" \/>\n\t<meta name=\"author\" content=\"El Digital de Asturias\"\/>\n\t<meta name=\"google-site-verification\" content=\"UA-38556648-1\" \/>\n\t<meta name=\"msvalidate.01\" content=\"7dfe9f3f1b24437ab69f4f2559babe99\" \/>\n\t<meta name=\"keywords\" content=\"actualidad\" \/>\n\t<link rel=\"canonical\" href=\"https:\/\/www.eldigitaldeasturias.com\/noticias\/airbus-logra-un-contrato-con-francia-para-la-gestion-de-satelites-militares\/\" \/>\n\t<meta name=\"generator\" content=\"All in One SEO Pro (AIOSEO) 5.0.1\" \/>\n\t\t<meta property=\"og:locale\" content=\"es_ES\" \/>\n\t\t<meta property=\"og:site_name\" content=\"El Digital de Asturias\" \/>\n\t\t<meta property=\"og:type\" content=\"article\" \/>\n\t\t<meta property=\"og:title\" content=\"Airbus logra un contrato con Francia para la gesti\u00f3n de sat\u00e9lites militares - El Digital de Asturias\" \/>\n\t\t<meta property=\"og:description\" content=\"Par\u00eds, 23 ene (EFE).- La nueva filial de actividades espaciales y de defensa de Airbus anunci\u00f3 hoy que ha conseguido un contrato para la gesti\u00f3n en tierra de los futuros sat\u00e9lites de observaci\u00f3n militar MUSIS, que incluye el mantenimiento durante un periodo de 12 a\u00f1os. Airbus Defence and Space indic\u00f3 hoy en un comunicado que\" \/>\n\t\t<meta property=\"og:url\" content=\"https:\/\/www.eldigitaldeasturias.com\/noticias\/airbus-logra-un-contrato-con-francia-para-la-gestion-de-satelites-militares\/\" \/>\n\t\t<meta property=\"og:image\" content=\"https:\/\/www.eldigitaldeasturias.com\/noticias\/wp-content\/uploads\/2026\/06\/Contenidos.jpg\" \/>\n\t\t<meta property=\"og:image:secure_url\" content=\"https:\/\/www.eldigitaldeasturias.com\/noticias\/wp-content\/uploads\/2026\/06\/Contenidos.jpg\" \/>\n\t\t<meta property=\"og:image:width\" content=\"1265\" \/>\n\t\t<meta property=\"og:image:height\" content=\"697\" \/>\n\t\t<meta property=\"article:tag\" content=\"actualidad\" \/>\n\t\t<meta property=\"article:published_time\" content=\"2014-01-24T08:04:43+00:00\" \/>\n\t\t<meta property=\"article:modified_time\" content=\"2014-01-24T08:04:43+00:00\" \/>\n\t\t<meta property=\"article:publisher\" content=\"https:\/\/facebook.com\/eldigitaldeasturias\" \/>\n\t\t<meta name=\"twitter:card\" content=\"summary_large_image\" \/>\n\t\t<meta name=\"twitter:title\" content=\"Airbus logra un contrato con Francia para la gesti\u00f3n de sat\u00e9lites militares - El Digital de Asturias\" \/>\n\t\t<meta name=\"twitter:description\" content=\"Par\u00eds, 23 ene (EFE).- La nueva filial de actividades espaciales y de defensa de Airbus anunci\u00f3 hoy que ha conseguido un contrato para la gesti\u00f3n en tierra de los futuros sat\u00e9lites de observaci\u00f3n militar MUSIS, que incluye el mantenimiento durante un periodo de 12 a\u00f1os. Airbus Defence and Space indic\u00f3 hoy en un comunicado que\" \/>\n\t\t<meta name=\"twitter:image\" content=\"https:\/\/www.eldigitaldeasturias.com\/noticias\/wp-content\/uploads\/2026\/06\/Contenidos.jpg\" \/>\n\t\t<meta name=\"twitter:label1\" content=\"Escrito por\" \/>\n\t\t<meta name=\"twitter:data1\" content=\"El Digital de Asturias\" \/>\n\t\t<meta name=\"twitter:label2\" content=\"Tiempo de lectura estimado\" \/>\n\t\t<meta name=\"twitter:data2\" content=\"1 minuto\" \/>\n\t\t<script type=\"application\/ld+json\" class=\"aioseo-schema\">\n\t\t\t{\"@context\":\"https:\\\/\\\/schema.org\",\"@graph\":[{\"@type\":\"BlogPosting\",\"@id\":\"https:\\\/\\\/www.eldigitaldeasturias.com\\\/noticias\\\/airbus-logra-un-contrato-con-francia-para-la-gestion-de-satelites-militares\\\/#blogposting\",\"name\":\"Airbus logra un contrato con Francia para la gesti\\u00f3n de sat\\u00e9lites militares - El Digital de Asturias\",\"headline\":\"Airbus logra un contrato con Francia para la gesti\\u00f3n de sat\\u00e9lites militares\",\"author\":{\"@id\":\"https:\\\/\\\/www.eldigitaldeasturias.com\\\/noticias\\\/author\\\/admin\\\/#author\"},\"publisher\":{\"@id\":\"https:\\\/\\\/www.eldigitaldeasturias.com\\\/noticias\\\/#organization\"},\"image\":{\"@type\":\"ImageObject\",\"url\":\"https:\\\/\\\/www.eldigitaldeasturias.com\\\/noticias\\\/wp-content\\\/uploads\\\/2026\\\/06\\\/Contenidos.jpg\",\"width\":1265,\"height\":697,\"caption\":\"Contenidos\"},\"datePublished\":\"2014-01-24T07:04:43+01:00\",\"dateModified\":\"2014-01-24T07:04:43+01:00\",\"inLanguage\":\"es-ES\",\"mainEntityOfPage\":{\"@id\":\"https:\\\/\\\/www.eldigitaldeasturias.com\\\/noticias\\\/airbus-logra-un-contrato-con-francia-para-la-gestion-de-satelites-militares\\\/#webpage\"},\"isPartOf\":{\"@id\":\"https:\\\/\\\/www.eldigitaldeasturias.com\\\/noticias\\\/airbus-logra-un-contrato-con-francia-para-la-gestion-de-satelites-militares\\\/#webpage\"},\"articleSection\":\"Actualidad\"},{\"@type\":\"BreadcrumbList\",\"@id\":\"https:\\\/\\\/www.eldigitaldeasturias.com\\\/noticias\\\/airbus-logra-un-contrato-con-francia-para-la-gestion-de-satelites-militares\\\/#breadcrumblist\",\"itemListElement\":[{\"@type\":\"ListItem\",\"@id\":\"https:\\\/\\\/www.eldigitaldeasturias.com\\\/noticias#listItem\",\"position\":1,\"name\":\"Home\",\"item\":\"https:\\\/\\\/www.eldigitaldeasturias.com\\\/noticias\",\"nextItem\":{\"@type\":\"ListItem\",\"@id\":\"https:\\\/\\\/www.eldigitaldeasturias.com\\\/noticias\\\/category\\\/actualidad\\\/#listItem\",\"name\":\"Actualidad\"}},{\"@type\":\"ListItem\",\"@id\":\"https:\\\/\\\/www.eldigitaldeasturias.com\\\/noticias\\\/category\\\/actualidad\\\/#listItem\",\"position\":2,\"name\":\"Actualidad\",\"item\":\"https:\\\/\\\/www.eldigitaldeasturias.com\\\/noticias\\\/category\\\/actualidad\\\/\",\"nextItem\":{\"@type\":\"ListItem\",\"@id\":\"https:\\\/\\\/www.eldigitaldeasturias.com\\\/noticias\\\/airbus-logra-un-contrato-con-francia-para-la-gestion-de-satelites-militares\\\/#listItem\",\"name\":\"Airbus logra un contrato con Francia para la gesti\\u00f3n de sat\\u00e9lites militares\"},\"previousItem\":{\"@type\":\"ListItem\",\"@id\":\"https:\\\/\\\/www.eldigitaldeasturias.com\\\/noticias#listItem\",\"name\":\"Home\"}},{\"@type\":\"ListItem\",\"@id\":\"https:\\\/\\\/www.eldigitaldeasturias.com\\\/noticias\\\/airbus-logra-un-contrato-con-francia-para-la-gestion-de-satelites-militares\\\/#listItem\",\"position\":3,\"name\":\"Airbus logra un contrato con Francia para la gesti\\u00f3n de sat\\u00e9lites militares\",\"previousItem\":{\"@type\":\"ListItem\",\"@id\":\"https:\\\/\\\/www.eldigitaldeasturias.com\\\/noticias\\\/category\\\/actualidad\\\/#listItem\",\"name\":\"Actualidad\"}}]},{\"@type\":\"Organization\",\"@id\":\"https:\\\/\\\/www.eldigitaldeasturias.com\\\/noticias\\\/#organization\",\"name\":\"El Digital de Asturias\",\"description\":\"Hemeroteca\",\"url\":\"https:\\\/\\\/www.eldigitaldeasturias.com\\\/noticias\\\/\",\"email\":\"info@eldigitaldeasturias.com\",\"telephone\":\"+34652131393\",\"logo\":{\"@type\":\"ImageObject\",\"url\":\"https:\\\/\\\/www.eldigitaldeasturias.com\\\/noticias\\\/wp-content\\\/uploads\\\/2020\\\/12\\\/EDA.jpg\",\"@id\":\"https:\\\/\\\/www.eldigitaldeasturias.com\\\/noticias\\\/airbus-logra-un-contrato-con-francia-para-la-gestion-de-satelites-militares\\\/#organizationLogo\"},\"image\":{\"@id\":\"https:\\\/\\\/www.eldigitaldeasturias.com\\\/noticias\\\/airbus-logra-un-contrato-con-francia-para-la-gestion-de-satelites-militares\\\/#organizationLogo\"},\"sameAs\":[\"https:\\\/\\\/facebook.com\\\/eldigitaldeasturias\",\"https:\\\/\\\/www.youtube.com\\\/channel\\\/UCZP-2wLEB9Rv6erhFmqVnvg\"],\"address\":{\"@id\":\"https:\\\/\\\/www.eldigitaldeasturias.com\\\/noticias\\\/#postaladdress\",\"@type\":\"PostalAddress\",\"streetAddress\":\"san antonio 4\",\"postalCode\":\"33430\",\"addressLocality\":\"Cand\\u00e1s\",\"addressRegion\":\"Asturias\",\"addressCountry\":\"ES\"}},{\"@type\":\"Person\",\"@id\":\"https:\\\/\\\/www.eldigitaldeasturias.com\\\/noticias\\\/author\\\/admin\\\/#author\",\"url\":\"https:\\\/\\\/www.eldigitaldeasturias.com\\\/noticias\\\/author\\\/admin\\\/\",\"name\":\"El Digital de Asturias\",\"image\":{\"@type\":\"ImageObject\",\"@id\":\"https:\\\/\\\/www.eldigitaldeasturias.com\\\/noticias\\\/airbus-logra-un-contrato-con-francia-para-la-gestion-de-satelites-militares\\\/#authorImage\",\"url\":\"https:\\\/\\\/secure.gravatar.com\\\/avatar\\\/df2aeffc32bcd13f8d26072ef8a91b623d677766deac7f97ca815868cd41bf5e?s=96&d=mm&r=g\",\"width\":96,\"height\":96,\"caption\":\"El Digital de Asturias\"}},{\"@type\":\"WebPage\",\"@id\":\"https:\\\/\\\/www.eldigitaldeasturias.com\\\/noticias\\\/airbus-logra-un-contrato-con-francia-para-la-gestion-de-satelites-militares\\\/#webpage\",\"url\":\"https:\\\/\\\/www.eldigitaldeasturias.com\\\/noticias\\\/airbus-logra-un-contrato-con-francia-para-la-gestion-de-satelites-militares\\\/\",\"name\":\"Airbus logra un contrato con Francia para la gesti\\u00f3n de sat\\u00e9lites militares - El Digital de Asturias\",\"description\":\"Par\\u00eds, 23 ene (EFE).- La nueva filial de actividades espaciales y de defensa de Airbus anunci\\u00f3 hoy que ha conseguido un contrato para la gesti\\u00f3n en tierra de los futuros sat\\u00e9lites de observaci\\u00f3n militar MUSIS, que incluye el mantenimiento durante un periodo de 12 a\\u00f1os. Airbus Defence and Space indic\\u00f3 hoy en un comunicado que\",\"inLanguage\":\"es-ES\",\"isPartOf\":{\"@id\":\"https:\\\/\\\/www.eldigitaldeasturias.com\\\/noticias\\\/#website\"},\"breadcrumb\":{\"@id\":\"https:\\\/\\\/www.eldigitaldeasturias.com\\\/noticias\\\/airbus-logra-un-contrato-con-francia-para-la-gestion-de-satelites-militares\\\/#breadcrumblist\"},\"author\":{\"@id\":\"https:\\\/\\\/www.eldigitaldeasturias.com\\\/noticias\\\/author\\\/admin\\\/#author\"},\"creator\":{\"@id\":\"https:\\\/\\\/www.eldigitaldeasturias.com\\\/noticias\\\/author\\\/admin\\\/#author\"},\"image\":{\"@type\":\"ImageObject\",\"url\":\"https:\\\/\\\/www.eldigitaldeasturias.com\\\/noticias\\\/wp-content\\\/uploads\\\/2026\\\/06\\\/Contenidos.jpg\",\"@id\":\"https:\\\/\\\/www.eldigitaldeasturias.com\\\/noticias\\\/airbus-logra-un-contrato-con-francia-para-la-gestion-de-satelites-militares\\\/#mainImage\",\"width\":1265,\"height\":697,\"caption\":\"Contenidos\"},\"primaryImageOfPage\":{\"@id\":\"https:\\\/\\\/www.eldigitaldeasturias.com\\\/noticias\\\/airbus-logra-un-contrato-con-francia-para-la-gestion-de-satelites-militares\\\/#mainImage\"},\"datePublished\":\"2014-01-24T07:04:43+01:00\",\"dateModified\":\"2014-01-24T07:04:43+01:00\"},{\"@type\":\"WebSite\",\"@id\":\"https:\\\/\\\/www.eldigitaldeasturias.com\\\/noticias\\\/#website\",\"url\":\"https:\\\/\\\/www.eldigitaldeasturias.com\\\/noticias\\\/\",\"name\":\"El Digital de Asturias - Diario de actualidad y noticias\",\"alternateName\":\"El Digital de Asturias - Diario de actualidad y noticias\",\"description\":\"Hemeroteca\",\"inLanguage\":\"es-ES\",\"publisher\":{\"@id\":\"https:\\\/\\\/www.eldigitaldeasturias.com\\\/noticias\\\/#organization\"}}]}\n\t\t<\/script>\n\t\t<!-- All in One SEO Pro -->\r\n\t\t<title>Airbus logra un contrato con Francia para la gesti\u00f3n de sat\u00e9lites militares - El Digital de Asturias<\/title>\n\n","aioseo_head_json":{"title":"Airbus logra un contrato con Francia para la gesti\u00f3n de sat\u00e9lites militares - El Digital de Asturias","description":"Par\u00eds, 23 ene (EFE).- La nueva filial de actividades espaciales y de defensa de Airbus anunci\u00f3 hoy que ha conseguido un contrato para la gesti\u00f3n en tierra de los futuros sat\u00e9lites de observaci\u00f3n militar MUSIS, que incluye el mantenimiento durante un periodo de 12 a\u00f1os. Airbus Defence and Space indic\u00f3 hoy en un comunicado que","canonical_url":"https:\/\/www.eldigitaldeasturias.com\/noticias\/airbus-logra-un-contrato-con-francia-para-la-gestion-de-satelites-militares\/","robots":"max-image-preview:large","keywords":"actualidad","webmasterTools":{"google-site-verification":"UA-38556648-1","msvalidate.01":"7dfe9f3f1b24437ab69f4f2559babe99","miscellaneous":""},"schema":{"@context":"https:\/\/schema.org","@graph":[{"@type":"BlogPosting","@id":"https:\/\/www.eldigitaldeasturias.com\/noticias\/airbus-logra-un-contrato-con-francia-para-la-gestion-de-satelites-militares\/#blogposting","name":"Airbus logra un contrato con Francia para la gesti\u00f3n de sat\u00e9lites militares - El Digital de Asturias","headline":"Airbus logra un contrato con Francia para la gesti\u00f3n de sat\u00e9lites militares","author":{"@id":"https:\/\/www.eldigitaldeasturias.com\/noticias\/author\/admin\/#author"},"publisher":{"@id":"https:\/\/www.eldigitaldeasturias.com\/noticias\/#organization"},"image":{"@type":"ImageObject","url":"https:\/\/www.eldigitaldeasturias.com\/noticias\/wp-content\/uploads\/2026\/06\/Contenidos.jpg","width":1265,"height":697,"caption":"Contenidos"},"datePublished":"2014-01-24T07:04:43+01:00","dateModified":"2014-01-24T07:04:43+01:00","inLanguage":"es-ES","mainEntityOfPage":{"@id":"https:\/\/www.eldigitaldeasturias.com\/noticias\/airbus-logra-un-contrato-con-francia-para-la-gestion-de-satelites-militares\/#webpage"},"isPartOf":{"@id":"https:\/\/www.eldigitaldeasturias.com\/noticias\/airbus-logra-un-contrato-con-francia-para-la-gestion-de-satelites-militares\/#webpage"},"articleSection":"Actualidad"},{"@type":"BreadcrumbList","@id":"https:\/\/www.eldigitaldeasturias.com\/noticias\/airbus-logra-un-contrato-con-francia-para-la-gestion-de-satelites-militares\/#breadcrumblist","itemListElement":[{"@type":"ListItem","@id":"https:\/\/www.eldigitaldeasturias.com\/noticias#listItem","position":1,"name":"Home","item":"https:\/\/www.eldigitaldeasturias.com\/noticias","nextItem":{"@type":"ListItem","@id":"https:\/\/www.eldigitaldeasturias.com\/noticias\/category\/actualidad\/#listItem","name":"Actualidad"}},{"@type":"ListItem","@id":"https:\/\/www.eldigitaldeasturias.com\/noticias\/category\/actualidad\/#listItem","position":2,"name":"Actualidad","item":"https:\/\/www.eldigitaldeasturias.com\/noticias\/category\/actualidad\/","nextItem":{"@type":"ListItem","@id":"https:\/\/www.eldigitaldeasturias.com\/noticias\/airbus-logra-un-contrato-con-francia-para-la-gestion-de-satelites-militares\/#listItem","name":"Airbus logra un contrato con Francia para la gesti\u00f3n de sat\u00e9lites militares"},"previousItem":{"@type":"ListItem","@id":"https:\/\/www.eldigitaldeasturias.com\/noticias#listItem","name":"Home"}},{"@type":"ListItem","@id":"https:\/\/www.eldigitaldeasturias.com\/noticias\/airbus-logra-un-contrato-con-francia-para-la-gestion-de-satelites-militares\/#listItem","position":3,"name":"Airbus logra un contrato con Francia para la gesti\u00f3n de sat\u00e9lites militares","previousItem":{"@type":"ListItem","@id":"https:\/\/www.eldigitaldeasturias.com\/noticias\/category\/actualidad\/#listItem","name":"Actualidad"}}]},{"@type":"Organization","@id":"https:\/\/www.eldigitaldeasturias.com\/noticias\/#organization","name":"El Digital de Asturias","description":"Hemeroteca","url":"https:\/\/www.eldigitaldeasturias.com\/noticias\/","email":"info@eldigitaldeasturias.com","telephone":"+34652131393","logo":{"@type":"ImageObject","url":"https:\/\/www.eldigitaldeasturias.com\/noticias\/wp-content\/uploads\/2020\/12\/EDA.jpg","@id":"https:\/\/www.eldigitaldeasturias.com\/noticias\/airbus-logra-un-contrato-con-francia-para-la-gestion-de-satelites-militares\/#organizationLogo"},"image":{"@id":"https:\/\/www.eldigitaldeasturias.com\/noticias\/airbus-logra-un-contrato-con-francia-para-la-gestion-de-satelites-militares\/#organizationLogo"},"sameAs":["https:\/\/facebook.com\/eldigitaldeasturias","https:\/\/www.youtube.com\/channel\/UCZP-2wLEB9Rv6erhFmqVnvg"],"address":{"@id":"https:\/\/www.eldigitaldeasturias.com\/noticias\/#postaladdress","@type":"PostalAddress","streetAddress":"san antonio 4","postalCode":"33430","addressLocality":"Cand\u00e1s","addressRegion":"Asturias","addressCountry":"ES"}},{"@type":"Person","@id":"https:\/\/www.eldigitaldeasturias.com\/noticias\/author\/admin\/#author","url":"https:\/\/www.eldigitaldeasturias.com\/noticias\/author\/admin\/","name":"El Digital de Asturias","image":{"@type":"ImageObject","@id":"https:\/\/www.eldigitaldeasturias.com\/noticias\/airbus-logra-un-contrato-con-francia-para-la-gestion-de-satelites-militares\/#authorImage","url":"https:\/\/secure.gravatar.com\/avatar\/df2aeffc32bcd13f8d26072ef8a91b623d677766deac7f97ca815868cd41bf5e?s=96&d=mm&r=g","width":96,"height":96,"caption":"El Digital de Asturias"}},{"@type":"WebPage","@id":"https:\/\/www.eldigitaldeasturias.com\/noticias\/airbus-logra-un-contrato-con-francia-para-la-gestion-de-satelites-militares\/#webpage","url":"https:\/\/www.eldigitaldeasturias.com\/noticias\/airbus-logra-un-contrato-con-francia-para-la-gestion-de-satelites-militares\/","name":"Airbus logra un contrato con Francia para la gesti\u00f3n de sat\u00e9lites militares - El Digital de Asturias","description":"Par\u00eds, 23 ene (EFE).- La nueva filial de actividades espaciales y de defensa de Airbus anunci\u00f3 hoy que ha conseguido un contrato para la gesti\u00f3n en tierra de los futuros sat\u00e9lites de observaci\u00f3n militar MUSIS, que incluye el mantenimiento durante un periodo de 12 a\u00f1os. Airbus Defence and Space indic\u00f3 hoy en un comunicado que","inLanguage":"es-ES","isPartOf":{"@id":"https:\/\/www.eldigitaldeasturias.com\/noticias\/#website"},"breadcrumb":{"@id":"https:\/\/www.eldigitaldeasturias.com\/noticias\/airbus-logra-un-contrato-con-francia-para-la-gestion-de-satelites-militares\/#breadcrumblist"},"author":{"@id":"https:\/\/www.eldigitaldeasturias.com\/noticias\/author\/admin\/#author"},"creator":{"@id":"https:\/\/www.eldigitaldeasturias.com\/noticias\/author\/admin\/#author"},"image":{"@type":"ImageObject","url":"https:\/\/www.eldigitaldeasturias.com\/noticias\/wp-content\/uploads\/2026\/06\/Contenidos.jpg","@id":"https:\/\/www.eldigitaldeasturias.com\/noticias\/airbus-logra-un-contrato-con-francia-para-la-gestion-de-satelites-militares\/#mainImage","width":1265,"height":697,"caption":"Contenidos"},"primaryImageOfPage":{"@id":"https:\/\/www.eldigitaldeasturias.com\/noticias\/airbus-logra-un-contrato-con-francia-para-la-gestion-de-satelites-militares\/#mainImage"},"datePublished":"2014-01-24T07:04:43+01:00","dateModified":"2014-01-24T07:04:43+01:00"},{"@type":"WebSite","@id":"https:\/\/www.eldigitaldeasturias.com\/noticias\/#website","url":"https:\/\/www.eldigitaldeasturias.com\/noticias\/","name":"El Digital de Asturias - Diario de actualidad y noticias","alternateName":"El Digital de Asturias - Diario de actualidad y noticias","description":"Hemeroteca","inLanguage":"es-ES","publisher":{"@id":"https:\/\/www.eldigitaldeasturias.com\/noticias\/#organization"}}]},"og:locale":"es_ES","og:site_name":"El Digital de Asturias","og:type":"article","og:title":"Airbus logra un contrato con Francia para la gesti\u00f3n de sat\u00e9lites militares - El Digital de Asturias","og:description":"Par\u00eds, 23 ene (EFE).- La nueva filial de actividades espaciales y de defensa de Airbus anunci\u00f3 hoy que ha conseguido un contrato para la gesti\u00f3n en tierra de los futuros sat\u00e9lites de observaci\u00f3n militar MUSIS, que incluye el mantenimiento durante un periodo de 12 a\u00f1os. Airbus Defence and Space indic\u00f3 hoy en un comunicado que","og:url":"https:\/\/www.eldigitaldeasturias.com\/noticias\/airbus-logra-un-contrato-con-francia-para-la-gestion-de-satelites-militares\/","og:image":"https:\/\/www.eldigitaldeasturias.com\/noticias\/wp-content\/uploads\/2026\/06\/Contenidos.jpg","og:image:secure_url":"https:\/\/www.eldigitaldeasturias.com\/noticias\/wp-content\/uploads\/2026\/06\/Contenidos.jpg","og:image:width":1265,"og:image:height":697,"article:tag":["actualidad"],"article:published_time":"2014-01-24T08:04:43+00:00","article:modified_time":"2014-01-24T08:04:43+00:00","article:publisher":"https:\/\/facebook.com\/eldigitaldeasturias","twitter:card":"summary_large_image","twitter:title":"Airbus logra un contrato con Francia para la gesti\u00f3n de sat\u00e9lites militares - El Digital de Asturias","twitter:description":"Par\u00eds, 23 ene (EFE).- La nueva filial de actividades espaciales y de defensa de Airbus anunci\u00f3 hoy que ha conseguido un contrato para la gesti\u00f3n en tierra de los futuros sat\u00e9lites de observaci\u00f3n militar MUSIS, que incluye el mantenimiento durante un periodo de 12 a\u00f1os. Airbus Defence and Space indic\u00f3 hoy en un comunicado que","twitter:image":"https:\/\/www.eldigitaldeasturias.com\/noticias\/wp-content\/uploads\/2026\/06\/Contenidos.jpg","twitter:label1":"Escrito por","twitter:data1":"El Digital de Asturias","twitter:label2":"Tiempo de lectura estimado","twitter:data2":"1 minuto"},"aioseo_meta_data":{"post_id":"477933","title":null,"description":null,"keywords":null,"keyphrases":null,"primary_term":null,"canonical_url":null,"og_title":null,"og_description":null,"og_object_type":"default","og_image_type":"default","og_image_url":null,"og_image_width":null,"og_image_height":null,"og_image_custom_url":null,"og_image_custom_fields":null,"og_video":null,"og_custom_url":null,"og_article_section":null,"og_article_tags":null,"twitter_use_og":true,"twitter_card":"default","twitter_image_type":"default","twitter_image_url":null,"twitter_image_custom_url":null,"twitter_image_custom_fields":null,"twitter_title":null,"twitter_description":null,"schema":{"blockGraphs":[],"customGraphs":[],"default":{"data":{"Article":[],"Course":[],"Dataset":[],"FAQPage":[],"Movie":[],"Person":[],"Product":[],"ProductReview":[],"Car":[],"Recipe":[],"Service":[],"SoftwareApplication":[],"WebPage":[]},"graphName":"","isEnabled":true},"graphs":[],"defaultGraph":"","defaultPostTypeGraph":""},"schema_type":null,"schema_type_options":null,"pillar_content":false,"robots_default":true,"robots_noindex":false,"robots_noarchive":false,"robots_nosnippet":false,"robots_nofollow":false,"robots_noimageindex":false,"robots_noodp":false,"robots_notranslate":false,"robots_max_snippet":null,"robots_max_videopreview":null,"robots_max_imagepreview":"none","priority":null,"frequency":null,"local_seo":null,"seo_analyzer_scan_date":"2026-06-01 20:00:51","breadcrumb_settings":null,"limit_modified_date":false,"open_ai":null,"ai":null,"created":"2020-11-14 22:53:47","updated":"2026-06-01 20:00:51","focus_keyword":null,"additional_keywords":null,"truseo_locale":null},"aioseo_breadcrumb":"<div class=\"aioseo-breadcrumbs\"><span class=\"aioseo-breadcrumb\">\n\t<a href=\"https:\/\/www.eldigitaldeasturias.com\/noticias\" title=\"Home\">Home<\/a>\n<\/span><span class=\"aioseo-breadcrumb-separator\">\u2013<\/span><span class=\"aioseo-breadcrumb\">\n\t<a href=\"https:\/\/www.eldigitaldeasturias.com\/noticias\/category\/actualidad\/\" title=\"Actualidad\">Actualidad<\/a>\n<\/span><span class=\"aioseo-breadcrumb-separator\">\u2013<\/span><span class=\"aioseo-breadcrumb\">\n\t<a href=\"https:\/\/www.eldigitaldeasturias.com\/noticias\/airbus-logra-un-contrato-con-francia-para-la-gestion-de-satelites-militares\/\" title=\"Airbus logra un contrato con Francia para la gesti\u00f3n de sat\u00e9lites militares\">Airbus logra un contrato con Francia para la gesti\u00f3n de sat\u00e9lites militares<\/a>\n<\/span><\/div>","aioseo_breadcrumb_json":[{"label":"Home","link":"https:\/\/www.eldigitaldeasturias.com\/noticias"},{"label":"Actualidad","link":"https:\/\/www.eldigitaldeasturias.com\/noticias\/category\/actualidad\/"},{"label":"Airbus logra un contrato con Francia para la gesti\u00f3n de sat\u00e9lites militares","link":"https:\/\/www.eldigitaldeasturias.com\/noticias\/airbus-logra-un-contrato-con-francia-para-la-gestion-de-satelites-militares\/"}],"_links":{"self":[{"href":"https:\/\/www.eldigitaldeasturias.com\/noticias\/wp-json\/wp\/v2\/posts\/477933","targetHints":{"allow":["GET"]}}],"collection":[{"href":"https:\/\/www.eldigitaldeasturias.com\/noticias\/wp-json\/wp\/v2\/posts"}],"about":[{"href":"https:\/\/www.eldigitaldeasturias.com\/noticias\/wp-json\/wp\/v2\/types\/post"}],"author":[{"embeddable":true,"href":"https:\/\/www.eldigitaldeasturias.com\/noticias\/wp-json\/wp\/v2\/users\/1"}],"replies":[{"embeddable":true,"href":"https:\/\/www.eldigitaldeasturias.com\/noticias\/wp-json\/wp\/v2\/comments?post=477933"}],"version-history":[{"count":0,"href":"https:\/\/www.eldigitaldeasturias.com\/noticias\/wp-json\/wp\/v2\/posts\/477933\/revisions"}],"wp:featuredmedia":[{"embeddable":true,"href":"https:\/\/www.eldigitaldeasturias.com\/noticias\/wp-json\/wp\/v2\/media\/1132184"}],"wp:attachment":[{"href":"https:\/\/www.eldigitaldeasturias.com\/noticias\/wp-json\/wp\/v2\/media?parent=477933"}],"wp:term":[{"taxonomy":"category","embeddable":true,"href":"https:\/\/www.eldigitaldeasturias.com\/noticias\/wp-json\/wp\/v2\/categories?post=477933"},{"taxonomy":"post_tag","embeddable":true,"href":"https:\/\/www.eldigitaldeasturias.com\/noticias\/wp-json\/wp\/v2\/tags?post=477933"}],"curies":[{"name":"wp","href":"https:\/\/api.w.org\/{rel}","templated":true}]}}