{"id":477914,"date":"2014-01-24T06:56:22","date_gmt":"2014-01-24T07:56:22","guid":{"rendered":"http:\/\/www.eldigitaldeasturias.com\/noticias\/?p=477914"},"modified":"2014-01-24T06:56:22","modified_gmt":"2014-01-24T07:56:22","slug":"oscar-lopez-avisa-de-que-la-legislatura-esta-perdida-en-materia-de-empleo","status":"publish","type":"post","link":"https:\/\/www.eldigitaldeasturias.com\/noticias\/oscar-lopez-avisa-de-que-la-legislatura-esta-perdida-en-materia-de-empleo\/","title":{"rendered":"\u00d3scar L\u00f3pez avisa de que la legislatura \u00abest\u00e1 perdida en materia de empleo\u00bb"},"content":{"rendered":"<p><img loading=\"lazy\" decoding=\"async\" class=\"alignleft size-medium wp-image-477915\" alt=\"5871020w\" src=\"https:\/\/www.eldigitaldeasturias.com\/noticias\/wp-content\/uploads\/2014\/01\/5871020w-360x223.jpg\" width=\"360\" height=\"223\" \/>Le\u00f3n, 23 ene (EFE).- El secretario de Organizaci\u00f3n del PSOE, \u00d3scar L\u00f3pez, ha denunciado hoy que \u00abla legislatura est\u00e1 perdida en materia de empleo\u00bb y ha acusado al Gobierno de no haber sabido liderar \u00abuna gran cruzada contra el paro\u00bb.<\/p>\n<p>L\u00f3pez ha a\u00f1adido que cuando Mariano Rajoy lleg\u00f3 al Gobierno \u00abs\u00f3lo hizo dos cosas: recortar cientos de millones de empleo en pol\u00edticas activas de empleo y hacer un reforma laboral nefasta\u00bb.<\/p>\n<p>Ha recalcado que el paro es el \u00abgran drama\u00bb de Espa\u00f1a aunque hayan mejorado los datos macroecon\u00f3micos, porque la econom\u00eda real no presenta s\u00edntomas de mejor\u00eda.<\/p>\n<p>L\u00f3pez tambi\u00e9n ha pedido prudencia al presidente del Gobierno, Mariano Rajoy, cuando habla de recuperaci\u00f3n econ\u00f3mica, y ha recordado que cuando asumi\u00f3 el poder el \u00edndice de paro era del 21 por ciento y las previsiones apuntan a que la legislatura concluir\u00e1 con un 24 por ciento de desempleo.<\/p>\n<p>\u00abHa sido una legislatura perdida en materia de empleo\u00bb, ha opinado.<\/p>\n<p>Adem\u00e1s de menos gente trabajando, L\u00f3pez ha manifestado que los que lo hacen tienen peores condiciones y menor salario por la \u00abnefasta\u00bb reforma laboral que ha \u00abquebrado\u00bb las relaciones laborales en Espa\u00f1a y ha dejado a los trabajadores \u00absin derechos\u00bb.<\/p>\n<p>L\u00f3pez ha hecho estas declaraciones en la sede de su partido en Villablino (Le\u00f3n), donde se ha reunido con trabajadores del sector minero.<\/p>\n<p>Los datos de la Encuesta de Poblaci\u00f3n Activa (EPA) publicada hoy por el Instituto Nacional de Estad\u00edstica reflejan que el n\u00famero de parados baj\u00f3 en 69.000 personas en 2013, hasta 5.896.300, y la tasa de desempleo se situ\u00f3 en el 26,03 % de la poblaci\u00f3n activa, lo que supone la primera ca\u00edda anual del total de parados desde 2007, aunque el a\u00f1o pasado todav\u00eda se sigui\u00f3 destruyendo empleo.<\/p>\n<p>En concreto, el a\u00f1o cerr\u00f3 con 198.900 ocupados menos, con lo que el total de trabajadores retrocedi\u00f3 a 16.758.200 personas y la tasa de actividad se situ\u00f3 en el 59,43 % de la poblaci\u00f3n activa, seg\u00fan la EPA.<\/p>\n","protected":false},"excerpt":{"rendered":"<p>Le\u00f3n, 23 ene (EFE).- El secretario de Organizaci\u00f3n del PSOE, \u00d3scar L\u00f3pez, ha denunciado hoy que \u00abla legislatura est\u00e1 perdida en materia de empleo\u00bb y ha acusado al Gobierno de no haber sabido liderar \u00abuna gran cruzada contra el paro\u00bb. L\u00f3pez ha a\u00f1adido que cuando Mariano Rajoy lleg\u00f3 al Gobierno \u00abs\u00f3lo hizo dos cosas: recortar [&hellip;]<\/p>\n","protected":false},"author":1,"featured_media":1132184,"comment_status":"closed","ping_status":"open","sticky":false,"template":"","format":"standard","meta":{"footnotes":""},"categories":[1],"tags":[],"class_list":["post-477914","post","type-post","status-publish","format-standard","has-post-thumbnail","hentry","category-actualidad"],"aioseo_notices":[],"aioseo_head":"\n\t\t<!-- All in One SEO Pro 5.0.1 - aioseo.com -->\n\t<meta name=\"description\" content=\"Le\u00f3n, 23 ene (EFE).- El secretario de Organizaci\u00f3n del PSOE, \u00d3scar L\u00f3pez, ha denunciado hoy que &quot;la legislatura est\u00e1 perdida en materia de empleo&quot; y ha acusado al Gobierno de no haber sabido liderar &quot;una gran cruzada contra el paro&quot;. L\u00f3pez ha a\u00f1adido que cuando Mariano Rajoy lleg\u00f3 al Gobierno &quot;s\u00f3lo hizo dos cosas: recortar\" \/>\n\t<meta name=\"robots\" content=\"max-image-preview:large\" \/>\n\t<meta name=\"author\" content=\"El Digital de Asturias\"\/>\n\t<meta name=\"google-site-verification\" content=\"UA-38556648-1\" \/>\n\t<meta name=\"msvalidate.01\" content=\"7dfe9f3f1b24437ab69f4f2559babe99\" \/>\n\t<meta name=\"keywords\" content=\"actualidad\" \/>\n\t<link rel=\"canonical\" href=\"https:\/\/www.eldigitaldeasturias.com\/noticias\/oscar-lopez-avisa-de-que-la-legislatura-esta-perdida-en-materia-de-empleo\/\" \/>\n\t<meta name=\"generator\" content=\"All in One SEO Pro (AIOSEO) 5.0.1\" \/>\n\t\t<meta property=\"og:locale\" content=\"es_ES\" \/>\n\t\t<meta property=\"og:site_name\" content=\"El Digital de Asturias\" \/>\n\t\t<meta property=\"og:type\" content=\"article\" \/>\n\t\t<meta property=\"og:title\" content=\"\u00d3scar L\u00f3pez avisa de que la legislatura \u00abest\u00e1 perdida en materia de empleo\u00bb - El Digital de Asturias\" \/>\n\t\t<meta property=\"og:description\" content=\"Le\u00f3n, 23 ene (EFE).- El secretario de Organizaci\u00f3n del PSOE, \u00d3scar L\u00f3pez, ha denunciado hoy que &quot;la legislatura est\u00e1 perdida en materia de empleo&quot; y ha acusado al Gobierno de no haber sabido liderar &quot;una gran cruzada contra el paro&quot;. L\u00f3pez ha a\u00f1adido que cuando Mariano Rajoy lleg\u00f3 al Gobierno &quot;s\u00f3lo hizo dos cosas: recortar\" \/>\n\t\t<meta property=\"og:url\" content=\"https:\/\/www.eldigitaldeasturias.com\/noticias\/oscar-lopez-avisa-de-que-la-legislatura-esta-perdida-en-materia-de-empleo\/\" \/>\n\t\t<meta property=\"og:image\" content=\"https:\/\/www.eldigitaldeasturias.com\/noticias\/wp-content\/uploads\/2026\/06\/Contenidos.jpg\" \/>\n\t\t<meta property=\"og:image:secure_url\" content=\"https:\/\/www.eldigitaldeasturias.com\/noticias\/wp-content\/uploads\/2026\/06\/Contenidos.jpg\" \/>\n\t\t<meta property=\"og:image:width\" content=\"1265\" \/>\n\t\t<meta property=\"og:image:height\" content=\"697\" \/>\n\t\t<meta property=\"article:tag\" content=\"actualidad\" \/>\n\t\t<meta property=\"article:published_time\" content=\"2014-01-24T07:56:22+00:00\" \/>\n\t\t<meta property=\"article:modified_time\" content=\"2014-01-24T07:56:22+00:00\" \/>\n\t\t<meta property=\"article:publisher\" content=\"https:\/\/facebook.com\/eldigitaldeasturias\" \/>\n\t\t<meta name=\"twitter:card\" content=\"summary_large_image\" \/>\n\t\t<meta name=\"twitter:title\" content=\"\u00d3scar L\u00f3pez avisa de que la legislatura \u00abest\u00e1 perdida en materia de empleo\u00bb - El Digital de Asturias\" \/>\n\t\t<meta name=\"twitter:description\" content=\"Le\u00f3n, 23 ene (EFE).- El secretario de Organizaci\u00f3n del PSOE, \u00d3scar L\u00f3pez, ha denunciado hoy que &quot;la legislatura est\u00e1 perdida en materia de empleo&quot; y ha acusado al Gobierno de no haber sabido liderar &quot;una gran cruzada contra el paro&quot;. L\u00f3pez ha a\u00f1adido que cuando Mariano Rajoy lleg\u00f3 al Gobierno &quot;s\u00f3lo hizo dos cosas: recortar\" \/>\n\t\t<meta name=\"twitter:image\" content=\"https:\/\/www.eldigitaldeasturias.com\/noticias\/wp-content\/uploads\/2026\/06\/Contenidos.jpg\" \/>\n\t\t<meta name=\"twitter:label1\" content=\"Escrito por\" \/>\n\t\t<meta name=\"twitter:data1\" content=\"El Digital de Asturias\" \/>\n\t\t<meta name=\"twitter:label2\" content=\"Tiempo de lectura estimado\" \/>\n\t\t<meta name=\"twitter:data2\" content=\"2 minutos\" \/>\n\t\t<script type=\"application\/ld+json\" class=\"aioseo-schema\">\n\t\t\t{\"@context\":\"https:\\\/\\\/schema.org\",\"@graph\":[{\"@type\":\"BlogPosting\",\"@id\":\"https:\\\/\\\/www.eldigitaldeasturias.com\\\/noticias\\\/oscar-lopez-avisa-de-que-la-legislatura-esta-perdida-en-materia-de-empleo\\\/#blogposting\",\"name\":\"\\u00d3scar L\\u00f3pez avisa de que la legislatura \\u00abest\\u00e1 perdida en materia de empleo\\u00bb - El Digital de Asturias\",\"headline\":\"\\u00d3scar L\\u00f3pez avisa de que la legislatura \\u00abest\\u00e1 perdida en materia de empleo\\u00bb\",\"author\":{\"@id\":\"https:\\\/\\\/www.eldigitaldeasturias.com\\\/noticias\\\/author\\\/admin\\\/#author\"},\"publisher\":{\"@id\":\"https:\\\/\\\/www.eldigitaldeasturias.com\\\/noticias\\\/#organization\"},\"image\":{\"@type\":\"ImageObject\",\"url\":\"https:\\\/\\\/www.eldigitaldeasturias.com\\\/noticias\\\/wp-content\\\/uploads\\\/2026\\\/06\\\/Contenidos.jpg\",\"width\":1265,\"height\":697,\"caption\":\"Contenidos\"},\"datePublished\":\"2014-01-24T06:56:22+01:00\",\"dateModified\":\"2014-01-24T06:56:22+01:00\",\"inLanguage\":\"es-ES\",\"mainEntityOfPage\":{\"@id\":\"https:\\\/\\\/www.eldigitaldeasturias.com\\\/noticias\\\/oscar-lopez-avisa-de-que-la-legislatura-esta-perdida-en-materia-de-empleo\\\/#webpage\"},\"isPartOf\":{\"@id\":\"https:\\\/\\\/www.eldigitaldeasturias.com\\\/noticias\\\/oscar-lopez-avisa-de-que-la-legislatura-esta-perdida-en-materia-de-empleo\\\/#webpage\"},\"articleSection\":\"Actualidad\"},{\"@type\":\"BreadcrumbList\",\"@id\":\"https:\\\/\\\/www.eldigitaldeasturias.com\\\/noticias\\\/oscar-lopez-avisa-de-que-la-legislatura-esta-perdida-en-materia-de-empleo\\\/#breadcrumblist\",\"itemListElement\":[{\"@type\":\"ListItem\",\"@id\":\"https:\\\/\\\/www.eldigitaldeasturias.com\\\/noticias#listItem\",\"position\":1,\"name\":\"Home\",\"item\":\"https:\\\/\\\/www.eldigitaldeasturias.com\\\/noticias\",\"nextItem\":{\"@type\":\"ListItem\",\"@id\":\"https:\\\/\\\/www.eldigitaldeasturias.com\\\/noticias\\\/category\\\/actualidad\\\/#listItem\",\"name\":\"Actualidad\"}},{\"@type\":\"ListItem\",\"@id\":\"https:\\\/\\\/www.eldigitaldeasturias.com\\\/noticias\\\/category\\\/actualidad\\\/#listItem\",\"position\":2,\"name\":\"Actualidad\",\"item\":\"https:\\\/\\\/www.eldigitaldeasturias.com\\\/noticias\\\/category\\\/actualidad\\\/\",\"nextItem\":{\"@type\":\"ListItem\",\"@id\":\"https:\\\/\\\/www.eldigitaldeasturias.com\\\/noticias\\\/oscar-lopez-avisa-de-que-la-legislatura-esta-perdida-en-materia-de-empleo\\\/#listItem\",\"name\":\"\\u00d3scar L\\u00f3pez avisa de que la legislatura \\u00abest\\u00e1 perdida en materia de empleo\\u00bb\"},\"previousItem\":{\"@type\":\"ListItem\",\"@id\":\"https:\\\/\\\/www.eldigitaldeasturias.com\\\/noticias#listItem\",\"name\":\"Home\"}},{\"@type\":\"ListItem\",\"@id\":\"https:\\\/\\\/www.eldigitaldeasturias.com\\\/noticias\\\/oscar-lopez-avisa-de-que-la-legislatura-esta-perdida-en-materia-de-empleo\\\/#listItem\",\"position\":3,\"name\":\"\\u00d3scar L\\u00f3pez avisa de que la legislatura \\u00abest\\u00e1 perdida en materia de empleo\\u00bb\",\"previousItem\":{\"@type\":\"ListItem\",\"@id\":\"https:\\\/\\\/www.eldigitaldeasturias.com\\\/noticias\\\/category\\\/actualidad\\\/#listItem\",\"name\":\"Actualidad\"}}]},{\"@type\":\"Organization\",\"@id\":\"https:\\\/\\\/www.eldigitaldeasturias.com\\\/noticias\\\/#organization\",\"name\":\"El Digital de Asturias\",\"description\":\"Hemeroteca\",\"url\":\"https:\\\/\\\/www.eldigitaldeasturias.com\\\/noticias\\\/\",\"email\":\"info@eldigitaldeasturias.com\",\"telephone\":\"+34652131393\",\"logo\":{\"@type\":\"ImageObject\",\"url\":\"https:\\\/\\\/www.eldigitaldeasturias.com\\\/noticias\\\/wp-content\\\/uploads\\\/2020\\\/12\\\/EDA.jpg\",\"@id\":\"https:\\\/\\\/www.eldigitaldeasturias.com\\\/noticias\\\/oscar-lopez-avisa-de-que-la-legislatura-esta-perdida-en-materia-de-empleo\\\/#organizationLogo\"},\"image\":{\"@id\":\"https:\\\/\\\/www.eldigitaldeasturias.com\\\/noticias\\\/oscar-lopez-avisa-de-que-la-legislatura-esta-perdida-en-materia-de-empleo\\\/#organizationLogo\"},\"sameAs\":[\"https:\\\/\\\/facebook.com\\\/eldigitaldeasturias\",\"https:\\\/\\\/www.youtube.com\\\/channel\\\/UCZP-2wLEB9Rv6erhFmqVnvg\"],\"address\":{\"@id\":\"https:\\\/\\\/www.eldigitaldeasturias.com\\\/noticias\\\/#postaladdress\",\"@type\":\"PostalAddress\",\"streetAddress\":\"san antonio 4\",\"postalCode\":\"33430\",\"addressLocality\":\"Cand\\u00e1s\",\"addressRegion\":\"Asturias\",\"addressCountry\":\"ES\"}},{\"@type\":\"Person\",\"@id\":\"https:\\\/\\\/www.eldigitaldeasturias.com\\\/noticias\\\/author\\\/admin\\\/#author\",\"url\":\"https:\\\/\\\/www.eldigitaldeasturias.com\\\/noticias\\\/author\\\/admin\\\/\",\"name\":\"El Digital de Asturias\",\"image\":{\"@type\":\"ImageObject\",\"@id\":\"https:\\\/\\\/www.eldigitaldeasturias.com\\\/noticias\\\/oscar-lopez-avisa-de-que-la-legislatura-esta-perdida-en-materia-de-empleo\\\/#authorImage\",\"url\":\"https:\\\/\\\/secure.gravatar.com\\\/avatar\\\/df2aeffc32bcd13f8d26072ef8a91b623d677766deac7f97ca815868cd41bf5e?s=96&d=mm&r=g\",\"width\":96,\"height\":96,\"caption\":\"El Digital de Asturias\"}},{\"@type\":\"WebPage\",\"@id\":\"https:\\\/\\\/www.eldigitaldeasturias.com\\\/noticias\\\/oscar-lopez-avisa-de-que-la-legislatura-esta-perdida-en-materia-de-empleo\\\/#webpage\",\"url\":\"https:\\\/\\\/www.eldigitaldeasturias.com\\\/noticias\\\/oscar-lopez-avisa-de-que-la-legislatura-esta-perdida-en-materia-de-empleo\\\/\",\"name\":\"\\u00d3scar L\\u00f3pez avisa de que la legislatura \\u00abest\\u00e1 perdida en materia de empleo\\u00bb - El Digital de Asturias\",\"description\":\"Le\\u00f3n, 23 ene (EFE).- El secretario de Organizaci\\u00f3n del PSOE, \\u00d3scar L\\u00f3pez, ha denunciado hoy que \\\"la legislatura est\\u00e1 perdida en materia de empleo\\\" y ha acusado al Gobierno de no haber sabido liderar \\\"una gran cruzada contra el paro\\\". L\\u00f3pez ha a\\u00f1adido que cuando Mariano Rajoy lleg\\u00f3 al Gobierno \\\"s\\u00f3lo hizo dos cosas: recortar\",\"inLanguage\":\"es-ES\",\"isPartOf\":{\"@id\":\"https:\\\/\\\/www.eldigitaldeasturias.com\\\/noticias\\\/#website\"},\"breadcrumb\":{\"@id\":\"https:\\\/\\\/www.eldigitaldeasturias.com\\\/noticias\\\/oscar-lopez-avisa-de-que-la-legislatura-esta-perdida-en-materia-de-empleo\\\/#breadcrumblist\"},\"author\":{\"@id\":\"https:\\\/\\\/www.eldigitaldeasturias.com\\\/noticias\\\/author\\\/admin\\\/#author\"},\"creator\":{\"@id\":\"https:\\\/\\\/www.eldigitaldeasturias.com\\\/noticias\\\/author\\\/admin\\\/#author\"},\"image\":{\"@type\":\"ImageObject\",\"url\":\"https:\\\/\\\/www.eldigitaldeasturias.com\\\/noticias\\\/wp-content\\\/uploads\\\/2026\\\/06\\\/Contenidos.jpg\",\"@id\":\"https:\\\/\\\/www.eldigitaldeasturias.com\\\/noticias\\\/oscar-lopez-avisa-de-que-la-legislatura-esta-perdida-en-materia-de-empleo\\\/#mainImage\",\"width\":1265,\"height\":697,\"caption\":\"Contenidos\"},\"primaryImageOfPage\":{\"@id\":\"https:\\\/\\\/www.eldigitaldeasturias.com\\\/noticias\\\/oscar-lopez-avisa-de-que-la-legislatura-esta-perdida-en-materia-de-empleo\\\/#mainImage\"},\"datePublished\":\"2014-01-24T06:56:22+01:00\",\"dateModified\":\"2014-01-24T06:56:22+01:00\"},{\"@type\":\"WebSite\",\"@id\":\"https:\\\/\\\/www.eldigitaldeasturias.com\\\/noticias\\\/#website\",\"url\":\"https:\\\/\\\/www.eldigitaldeasturias.com\\\/noticias\\\/\",\"name\":\"El Digital de Asturias - Diario de actualidad y noticias\",\"alternateName\":\"El Digital de Asturias - Diario de actualidad y noticias\",\"description\":\"Hemeroteca\",\"inLanguage\":\"es-ES\",\"publisher\":{\"@id\":\"https:\\\/\\\/www.eldigitaldeasturias.com\\\/noticias\\\/#organization\"}}]}\n\t\t<\/script>\n\t\t<!-- All in One SEO Pro -->\r\n\t\t<title>\u00d3scar L\u00f3pez avisa de que la legislatura \u00abest\u00e1 perdida en materia de empleo\u00bb - El Digital de Asturias<\/title>\n\n","aioseo_head_json":{"title":"\u00d3scar L\u00f3pez avisa de que la legislatura \u00abest\u00e1 perdida en materia de empleo\u00bb - El Digital de Asturias","description":"Le\u00f3n, 23 ene (EFE).- El secretario de Organizaci\u00f3n del PSOE, \u00d3scar L\u00f3pez, ha denunciado hoy que \"la legislatura est\u00e1 perdida en materia de empleo\" y ha acusado al Gobierno de no haber sabido liderar \"una gran cruzada contra el paro\". L\u00f3pez ha a\u00f1adido que cuando Mariano Rajoy lleg\u00f3 al Gobierno \"s\u00f3lo hizo dos cosas: recortar","canonical_url":"https:\/\/www.eldigitaldeasturias.com\/noticias\/oscar-lopez-avisa-de-que-la-legislatura-esta-perdida-en-materia-de-empleo\/","robots":"max-image-preview:large","keywords":"actualidad","webmasterTools":{"google-site-verification":"UA-38556648-1","msvalidate.01":"7dfe9f3f1b24437ab69f4f2559babe99","miscellaneous":""},"schema":{"@context":"https:\/\/schema.org","@graph":[{"@type":"BlogPosting","@id":"https:\/\/www.eldigitaldeasturias.com\/noticias\/oscar-lopez-avisa-de-que-la-legislatura-esta-perdida-en-materia-de-empleo\/#blogposting","name":"\u00d3scar L\u00f3pez avisa de que la legislatura \u00abest\u00e1 perdida en materia de empleo\u00bb - El Digital de Asturias","headline":"\u00d3scar L\u00f3pez avisa de que la legislatura \u00abest\u00e1 perdida en materia de empleo\u00bb","author":{"@id":"https:\/\/www.eldigitaldeasturias.com\/noticias\/author\/admin\/#author"},"publisher":{"@id":"https:\/\/www.eldigitaldeasturias.com\/noticias\/#organization"},"image":{"@type":"ImageObject","url":"https:\/\/www.eldigitaldeasturias.com\/noticias\/wp-content\/uploads\/2026\/06\/Contenidos.jpg","width":1265,"height":697,"caption":"Contenidos"},"datePublished":"2014-01-24T06:56:22+01:00","dateModified":"2014-01-24T06:56:22+01:00","inLanguage":"es-ES","mainEntityOfPage":{"@id":"https:\/\/www.eldigitaldeasturias.com\/noticias\/oscar-lopez-avisa-de-que-la-legislatura-esta-perdida-en-materia-de-empleo\/#webpage"},"isPartOf":{"@id":"https:\/\/www.eldigitaldeasturias.com\/noticias\/oscar-lopez-avisa-de-que-la-legislatura-esta-perdida-en-materia-de-empleo\/#webpage"},"articleSection":"Actualidad"},{"@type":"BreadcrumbList","@id":"https:\/\/www.eldigitaldeasturias.com\/noticias\/oscar-lopez-avisa-de-que-la-legislatura-esta-perdida-en-materia-de-empleo\/#breadcrumblist","itemListElement":[{"@type":"ListItem","@id":"https:\/\/www.eldigitaldeasturias.com\/noticias#listItem","position":1,"name":"Home","item":"https:\/\/www.eldigitaldeasturias.com\/noticias","nextItem":{"@type":"ListItem","@id":"https:\/\/www.eldigitaldeasturias.com\/noticias\/category\/actualidad\/#listItem","name":"Actualidad"}},{"@type":"ListItem","@id":"https:\/\/www.eldigitaldeasturias.com\/noticias\/category\/actualidad\/#listItem","position":2,"name":"Actualidad","item":"https:\/\/www.eldigitaldeasturias.com\/noticias\/category\/actualidad\/","nextItem":{"@type":"ListItem","@id":"https:\/\/www.eldigitaldeasturias.com\/noticias\/oscar-lopez-avisa-de-que-la-legislatura-esta-perdida-en-materia-de-empleo\/#listItem","name":"\u00d3scar L\u00f3pez avisa de que la legislatura \u00abest\u00e1 perdida en materia de empleo\u00bb"},"previousItem":{"@type":"ListItem","@id":"https:\/\/www.eldigitaldeasturias.com\/noticias#listItem","name":"Home"}},{"@type":"ListItem","@id":"https:\/\/www.eldigitaldeasturias.com\/noticias\/oscar-lopez-avisa-de-que-la-legislatura-esta-perdida-en-materia-de-empleo\/#listItem","position":3,"name":"\u00d3scar L\u00f3pez avisa de que la legislatura \u00abest\u00e1 perdida en materia de empleo\u00bb","previousItem":{"@type":"ListItem","@id":"https:\/\/www.eldigitaldeasturias.com\/noticias\/category\/actualidad\/#listItem","name":"Actualidad"}}]},{"@type":"Organization","@id":"https:\/\/www.eldigitaldeasturias.com\/noticias\/#organization","name":"El Digital de Asturias","description":"Hemeroteca","url":"https:\/\/www.eldigitaldeasturias.com\/noticias\/","email":"info@eldigitaldeasturias.com","telephone":"+34652131393","logo":{"@type":"ImageObject","url":"https:\/\/www.eldigitaldeasturias.com\/noticias\/wp-content\/uploads\/2020\/12\/EDA.jpg","@id":"https:\/\/www.eldigitaldeasturias.com\/noticias\/oscar-lopez-avisa-de-que-la-legislatura-esta-perdida-en-materia-de-empleo\/#organizationLogo"},"image":{"@id":"https:\/\/www.eldigitaldeasturias.com\/noticias\/oscar-lopez-avisa-de-que-la-legislatura-esta-perdida-en-materia-de-empleo\/#organizationLogo"},"sameAs":["https:\/\/facebook.com\/eldigitaldeasturias","https:\/\/www.youtube.com\/channel\/UCZP-2wLEB9Rv6erhFmqVnvg"],"address":{"@id":"https:\/\/www.eldigitaldeasturias.com\/noticias\/#postaladdress","@type":"PostalAddress","streetAddress":"san antonio 4","postalCode":"33430","addressLocality":"Cand\u00e1s","addressRegion":"Asturias","addressCountry":"ES"}},{"@type":"Person","@id":"https:\/\/www.eldigitaldeasturias.com\/noticias\/author\/admin\/#author","url":"https:\/\/www.eldigitaldeasturias.com\/noticias\/author\/admin\/","name":"El Digital de Asturias","image":{"@type":"ImageObject","@id":"https:\/\/www.eldigitaldeasturias.com\/noticias\/oscar-lopez-avisa-de-que-la-legislatura-esta-perdida-en-materia-de-empleo\/#authorImage","url":"https:\/\/secure.gravatar.com\/avatar\/df2aeffc32bcd13f8d26072ef8a91b623d677766deac7f97ca815868cd41bf5e?s=96&d=mm&r=g","width":96,"height":96,"caption":"El Digital de Asturias"}},{"@type":"WebPage","@id":"https:\/\/www.eldigitaldeasturias.com\/noticias\/oscar-lopez-avisa-de-que-la-legislatura-esta-perdida-en-materia-de-empleo\/#webpage","url":"https:\/\/www.eldigitaldeasturias.com\/noticias\/oscar-lopez-avisa-de-que-la-legislatura-esta-perdida-en-materia-de-empleo\/","name":"\u00d3scar L\u00f3pez avisa de que la legislatura \u00abest\u00e1 perdida en materia de empleo\u00bb - El Digital de Asturias","description":"Le\u00f3n, 23 ene (EFE).- El secretario de Organizaci\u00f3n del PSOE, \u00d3scar L\u00f3pez, ha denunciado hoy que \"la legislatura est\u00e1 perdida en materia de empleo\" y ha acusado al Gobierno de no haber sabido liderar \"una gran cruzada contra el paro\". L\u00f3pez ha a\u00f1adido que cuando Mariano Rajoy lleg\u00f3 al Gobierno \"s\u00f3lo hizo dos cosas: recortar","inLanguage":"es-ES","isPartOf":{"@id":"https:\/\/www.eldigitaldeasturias.com\/noticias\/#website"},"breadcrumb":{"@id":"https:\/\/www.eldigitaldeasturias.com\/noticias\/oscar-lopez-avisa-de-que-la-legislatura-esta-perdida-en-materia-de-empleo\/#breadcrumblist"},"author":{"@id":"https:\/\/www.eldigitaldeasturias.com\/noticias\/author\/admin\/#author"},"creator":{"@id":"https:\/\/www.eldigitaldeasturias.com\/noticias\/author\/admin\/#author"},"image":{"@type":"ImageObject","url":"https:\/\/www.eldigitaldeasturias.com\/noticias\/wp-content\/uploads\/2026\/06\/Contenidos.jpg","@id":"https:\/\/www.eldigitaldeasturias.com\/noticias\/oscar-lopez-avisa-de-que-la-legislatura-esta-perdida-en-materia-de-empleo\/#mainImage","width":1265,"height":697,"caption":"Contenidos"},"primaryImageOfPage":{"@id":"https:\/\/www.eldigitaldeasturias.com\/noticias\/oscar-lopez-avisa-de-que-la-legislatura-esta-perdida-en-materia-de-empleo\/#mainImage"},"datePublished":"2014-01-24T06:56:22+01:00","dateModified":"2014-01-24T06:56:22+01:00"},{"@type":"WebSite","@id":"https:\/\/www.eldigitaldeasturias.com\/noticias\/#website","url":"https:\/\/www.eldigitaldeasturias.com\/noticias\/","name":"El Digital de Asturias - Diario de actualidad y noticias","alternateName":"El Digital de Asturias - Diario de actualidad y noticias","description":"Hemeroteca","inLanguage":"es-ES","publisher":{"@id":"https:\/\/www.eldigitaldeasturias.com\/noticias\/#organization"}}]},"og:locale":"es_ES","og:site_name":"El Digital de Asturias","og:type":"article","og:title":"\u00d3scar L\u00f3pez avisa de que la legislatura \u00abest\u00e1 perdida en materia de empleo\u00bb - El Digital de Asturias","og:description":"Le\u00f3n, 23 ene (EFE).- El secretario de Organizaci\u00f3n del PSOE, \u00d3scar L\u00f3pez, ha denunciado hoy que &quot;la legislatura est\u00e1 perdida en materia de empleo&quot; y ha acusado al Gobierno de no haber sabido liderar &quot;una gran cruzada contra el paro&quot;. L\u00f3pez ha a\u00f1adido que cuando Mariano Rajoy lleg\u00f3 al Gobierno &quot;s\u00f3lo hizo dos cosas: recortar","og:url":"https:\/\/www.eldigitaldeasturias.com\/noticias\/oscar-lopez-avisa-de-que-la-legislatura-esta-perdida-en-materia-de-empleo\/","og:image":"https:\/\/www.eldigitaldeasturias.com\/noticias\/wp-content\/uploads\/2026\/06\/Contenidos.jpg","og:image:secure_url":"https:\/\/www.eldigitaldeasturias.com\/noticias\/wp-content\/uploads\/2026\/06\/Contenidos.jpg","og:image:width":1265,"og:image:height":697,"article:tag":["actualidad"],"article:published_time":"2014-01-24T07:56:22+00:00","article:modified_time":"2014-01-24T07:56:22+00:00","article:publisher":"https:\/\/facebook.com\/eldigitaldeasturias","twitter:card":"summary_large_image","twitter:title":"\u00d3scar L\u00f3pez avisa de que la legislatura \u00abest\u00e1 perdida en materia de empleo\u00bb - El Digital de Asturias","twitter:description":"Le\u00f3n, 23 ene (EFE).- El secretario de Organizaci\u00f3n del PSOE, \u00d3scar L\u00f3pez, ha denunciado hoy que &quot;la legislatura est\u00e1 perdida en materia de empleo&quot; y ha acusado al Gobierno de no haber sabido liderar &quot;una gran cruzada contra el paro&quot;. L\u00f3pez ha a\u00f1adido que cuando Mariano Rajoy lleg\u00f3 al Gobierno &quot;s\u00f3lo hizo dos cosas: recortar","twitter:image":"https:\/\/www.eldigitaldeasturias.com\/noticias\/wp-content\/uploads\/2026\/06\/Contenidos.jpg","twitter:label1":"Escrito por","twitter:data1":"El Digital de Asturias","twitter:label2":"Tiempo de lectura estimado","twitter:data2":"2 minutos"},"aioseo_meta_data":{"post_id":"477914","title":null,"description":null,"keywords":null,"keyphrases":null,"primary_term":null,"canonical_url":null,"og_title":null,"og_description":null,"og_object_type":"default","og_image_type":"default","og_image_url":null,"og_image_width":null,"og_image_height":null,"og_image_custom_url":null,"og_image_custom_fields":null,"og_video":null,"og_custom_url":null,"og_article_section":null,"og_article_tags":null,"twitter_use_og":true,"twitter_card":"default","twitter_image_type":"default","twitter_image_url":null,"twitter_image_custom_url":null,"twitter_image_custom_fields":null,"twitter_title":null,"twitter_description":null,"schema":{"blockGraphs":[],"customGraphs":[],"default":{"data":{"Article":[],"Course":[],"Dataset":[],"FAQPage":[],"Movie":[],"Person":[],"Product":[],"ProductReview":[],"Car":[],"Recipe":[],"Service":[],"SoftwareApplication":[],"WebPage":[]},"graphName":"","isEnabled":true},"graphs":[],"defaultGraph":"","defaultPostTypeGraph":""},"schema_type":null,"schema_type_options":null,"pillar_content":false,"robots_default":true,"robots_noindex":false,"robots_noarchive":false,"robots_nosnippet":false,"robots_nofollow":false,"robots_noimageindex":false,"robots_noodp":false,"robots_notranslate":false,"robots_max_snippet":null,"robots_max_videopreview":null,"robots_max_imagepreview":"none","priority":null,"frequency":null,"local_seo":null,"seo_analyzer_scan_date":"2026-06-01 19:56:56","breadcrumb_settings":null,"limit_modified_date":false,"open_ai":null,"ai":null,"created":"2020-11-14 22:53:47","updated":"2026-06-01 19:56:56","focus_keyword":null,"additional_keywords":null,"truseo_locale":null},"aioseo_breadcrumb":"<div class=\"aioseo-breadcrumbs\"><span class=\"aioseo-breadcrumb\">\n\t<a href=\"https:\/\/www.eldigitaldeasturias.com\/noticias\" title=\"Home\">Home<\/a>\n<\/span><span class=\"aioseo-breadcrumb-separator\">\u2013<\/span><span class=\"aioseo-breadcrumb\">\n\t<a href=\"https:\/\/www.eldigitaldeasturias.com\/noticias\/category\/actualidad\/\" title=\"Actualidad\">Actualidad<\/a>\n<\/span><span class=\"aioseo-breadcrumb-separator\">\u2013<\/span><span class=\"aioseo-breadcrumb\">\n\t<a href=\"https:\/\/www.eldigitaldeasturias.com\/noticias\/oscar-lopez-avisa-de-que-la-legislatura-esta-perdida-en-materia-de-empleo\/\" title=\"\u00d3scar L\u00f3pez avisa de que la legislatura \u00abest\u00e1 perdida en materia de empleo\u00bb\">\u00d3scar L\u00f3pez avisa de que la legislatura \u00abest\u00e1 perdida en materia de empleo\u00bb<\/a>\n<\/span><\/div>","aioseo_breadcrumb_json":[{"label":"Home","link":"https:\/\/www.eldigitaldeasturias.com\/noticias"},{"label":"Actualidad","link":"https:\/\/www.eldigitaldeasturias.com\/noticias\/category\/actualidad\/"},{"label":"\u00d3scar L\u00f3pez avisa de que la legislatura \u00abest\u00e1 perdida en materia de empleo\u00bb","link":"https:\/\/www.eldigitaldeasturias.com\/noticias\/oscar-lopez-avisa-de-que-la-legislatura-esta-perdida-en-materia-de-empleo\/"}],"_links":{"self":[{"href":"https:\/\/www.eldigitaldeasturias.com\/noticias\/wp-json\/wp\/v2\/posts\/477914","targetHints":{"allow":["GET"]}}],"collection":[{"href":"https:\/\/www.eldigitaldeasturias.com\/noticias\/wp-json\/wp\/v2\/posts"}],"about":[{"href":"https:\/\/www.eldigitaldeasturias.com\/noticias\/wp-json\/wp\/v2\/types\/post"}],"author":[{"embeddable":true,"href":"https:\/\/www.eldigitaldeasturias.com\/noticias\/wp-json\/wp\/v2\/users\/1"}],"replies":[{"embeddable":true,"href":"https:\/\/www.eldigitaldeasturias.com\/noticias\/wp-json\/wp\/v2\/comments?post=477914"}],"version-history":[{"count":0,"href":"https:\/\/www.eldigitaldeasturias.com\/noticias\/wp-json\/wp\/v2\/posts\/477914\/revisions"}],"wp:featuredmedia":[{"embeddable":true,"href":"https:\/\/www.eldigitaldeasturias.com\/noticias\/wp-json\/wp\/v2\/media\/1132184"}],"wp:attachment":[{"href":"https:\/\/www.eldigitaldeasturias.com\/noticias\/wp-json\/wp\/v2\/media?parent=477914"}],"wp:term":[{"taxonomy":"category","embeddable":true,"href":"https:\/\/www.eldigitaldeasturias.com\/noticias\/wp-json\/wp\/v2\/categories?post=477914"},{"taxonomy":"post_tag","embeddable":true,"href":"https:\/\/www.eldigitaldeasturias.com\/noticias\/wp-json\/wp\/v2\/tags?post=477914"}],"curies":[{"name":"wp","href":"https:\/\/api.w.org\/{rel}","templated":true}]}}