{"id":477899,"date":"2014-01-24T06:39:40","date_gmt":"2014-01-24T07:39:40","guid":{"rendered":"http:\/\/www.eldigitaldeasturias.com\/noticias\/?p=477899"},"modified":"2014-01-24T06:39:40","modified_gmt":"2014-01-24T07:39:40","slug":"gonzalez-de-lara-nuevo-presidente-de-la-patronal-andaluza-con-apoyo-del-93-por-ciento","status":"publish","type":"post","link":"https:\/\/www.eldigitaldeasturias.com\/noticias\/gonzalez-de-lara-nuevo-presidente-de-la-patronal-andaluza-con-apoyo-del-93-por-ciento\/","title":{"rendered":"Gonz\u00e1lez de Lara, nuevo presidente de la patronal andaluza con apoyo del 93 por ciento"},"content":{"rendered":"<p><img loading=\"lazy\" decoding=\"async\" class=\"alignleft size-medium wp-image-477900\" alt=\"5870956w\" src=\"https:\/\/www.eldigitaldeasturias.com\/noticias\/wp-content\/uploads\/2014\/01\/5870956w-360x217.jpg\" width=\"360\" height=\"217\" \/>Sevilla, 23 ene (EFE).- El presidente de la patronal malague\u00f1a, Javier Gonz\u00e1lez de Lara, ha sido elegido al frente de la Confederaci\u00f3n de Empresarios de Andaluc\u00eda en la asamblea celebrada hoy, en la que ha obtenido un respaldo del 93 por ciento, con 234 votos a favor de los 251 emitidos, 15 en blanco y dos nulos.<\/p>\n<p>Gonz\u00e1lez de Lara releva en el cargo a Santiago Herrero, que ha permanecido tres mandatos en la presidencia y est\u00e1 vinculado a la CEA desde su constituci\u00f3n hace 35 a\u00f1os.<\/p>\n<p>Tras la votaci\u00f3n tendr\u00e1 lugar la toma de posesi\u00f3n del presidente de la CEA, en la que participar\u00e1n el presidente de la patronal CEOE, Juan Rosell, y el presidente saliente, Santiago Herrero.<\/p>\n<p>A diferencia de otras asambleas electorales, en esta ocasi\u00f3n la CEA ha optado por un car\u00e1cter puramente empresarial y no ha invitado a representantes de las instituciones, ni los partidos ni de los sindicatos, salvo a miembros del Cuerpo Consular, Colegios Profesionales y Rectores por sus estrechas vinculaciones con el mundo empresarial.<\/p>\n","protected":false},"excerpt":{"rendered":"<p>Sevilla, 23 ene (EFE).- El presidente de la patronal malague\u00f1a, Javier Gonz\u00e1lez de Lara, ha sido elegido al frente de la Confederaci\u00f3n de Empresarios de Andaluc\u00eda en la asamblea celebrada hoy, en la que ha obtenido un respaldo del 93 por ciento, con 234 votos a favor de los 251 emitidos, 15 en blanco y [&hellip;]<\/p>\n","protected":false},"author":1,"featured_media":1132184,"comment_status":"closed","ping_status":"open","sticky":false,"template":"","format":"standard","meta":{"footnotes":""},"categories":[1],"tags":[],"class_list":["post-477899","post","type-post","status-publish","format-standard","has-post-thumbnail","hentry","category-actualidad"],"aioseo_notices":[],"aioseo_head":"\n\t\t<!-- All in One SEO Pro 5.0.1 - aioseo.com -->\n\t<meta name=\"description\" content=\"Sevilla, 23 ene (EFE).- El presidente de la patronal malague\u00f1a, Javier Gonz\u00e1lez de Lara, ha sido elegido al frente de la Confederaci\u00f3n de Empresarios de Andaluc\u00eda en la asamblea celebrada hoy, en la que ha obtenido un respaldo del 93 por ciento, con 234 votos a favor de los 251 emitidos, 15 en blanco y\" \/>\n\t<meta name=\"robots\" content=\"max-image-preview:large\" \/>\n\t<meta name=\"author\" content=\"El Digital de Asturias\"\/>\n\t<meta name=\"google-site-verification\" content=\"UA-38556648-1\" \/>\n\t<meta name=\"msvalidate.01\" content=\"7dfe9f3f1b24437ab69f4f2559babe99\" \/>\n\t<meta name=\"keywords\" content=\"actualidad\" \/>\n\t<link rel=\"canonical\" href=\"https:\/\/www.eldigitaldeasturias.com\/noticias\/gonzalez-de-lara-nuevo-presidente-de-la-patronal-andaluza-con-apoyo-del-93-por-ciento\/\" \/>\n\t<meta name=\"generator\" content=\"All in One SEO Pro (AIOSEO) 5.0.1\" \/>\n\t\t<meta property=\"og:locale\" content=\"es_ES\" \/>\n\t\t<meta property=\"og:site_name\" content=\"El Digital de Asturias\" \/>\n\t\t<meta property=\"og:type\" content=\"article\" \/>\n\t\t<meta property=\"og:title\" content=\"Gonz\u00e1lez de Lara, nuevo presidente de la patronal andaluza con apoyo del 93 por ciento - El Digital de Asturias\" \/>\n\t\t<meta property=\"og:description\" content=\"Sevilla, 23 ene (EFE).- El presidente de la patronal malague\u00f1a, Javier Gonz\u00e1lez de Lara, ha sido elegido al frente de la Confederaci\u00f3n de Empresarios de Andaluc\u00eda en la asamblea celebrada hoy, en la que ha obtenido un respaldo del 93 por ciento, con 234 votos a favor de los 251 emitidos, 15 en blanco y\" \/>\n\t\t<meta property=\"og:url\" content=\"https:\/\/www.eldigitaldeasturias.com\/noticias\/gonzalez-de-lara-nuevo-presidente-de-la-patronal-andaluza-con-apoyo-del-93-por-ciento\/\" \/>\n\t\t<meta property=\"og:image\" content=\"https:\/\/www.eldigitaldeasturias.com\/noticias\/wp-content\/uploads\/2026\/06\/Contenidos.jpg\" \/>\n\t\t<meta property=\"og:image:secure_url\" content=\"https:\/\/www.eldigitaldeasturias.com\/noticias\/wp-content\/uploads\/2026\/06\/Contenidos.jpg\" \/>\n\t\t<meta property=\"og:image:width\" content=\"1265\" \/>\n\t\t<meta property=\"og:image:height\" content=\"697\" \/>\n\t\t<meta property=\"article:tag\" content=\"actualidad\" \/>\n\t\t<meta property=\"article:published_time\" content=\"2014-01-24T07:39:40+00:00\" \/>\n\t\t<meta property=\"article:modified_time\" content=\"2014-01-24T07:39:40+00:00\" \/>\n\t\t<meta property=\"article:publisher\" content=\"https:\/\/facebook.com\/eldigitaldeasturias\" \/>\n\t\t<meta name=\"twitter:card\" content=\"summary_large_image\" \/>\n\t\t<meta name=\"twitter:title\" content=\"Gonz\u00e1lez de Lara, nuevo presidente de la patronal andaluza con apoyo del 93 por ciento - El Digital de Asturias\" \/>\n\t\t<meta name=\"twitter:description\" content=\"Sevilla, 23 ene (EFE).- El presidente de la patronal malague\u00f1a, Javier Gonz\u00e1lez de Lara, ha sido elegido al frente de la Confederaci\u00f3n de Empresarios de Andaluc\u00eda en la asamblea celebrada hoy, en la que ha obtenido un respaldo del 93 por ciento, con 234 votos a favor de los 251 emitidos, 15 en blanco y\" \/>\n\t\t<meta name=\"twitter:image\" content=\"https:\/\/www.eldigitaldeasturias.com\/noticias\/wp-content\/uploads\/2026\/06\/Contenidos.jpg\" \/>\n\t\t<meta name=\"twitter:label1\" content=\"Escrito por\" \/>\n\t\t<meta name=\"twitter:data1\" content=\"El Digital de Asturias\" \/>\n\t\t<meta name=\"twitter:label2\" content=\"Tiempo de lectura estimado\" \/>\n\t\t<meta name=\"twitter:data2\" content=\"1 minuto\" \/>\n\t\t<script type=\"application\/ld+json\" class=\"aioseo-schema\">\n\t\t\t{\"@context\":\"https:\\\/\\\/schema.org\",\"@graph\":[{\"@type\":\"BlogPosting\",\"@id\":\"https:\\\/\\\/www.eldigitaldeasturias.com\\\/noticias\\\/gonzalez-de-lara-nuevo-presidente-de-la-patronal-andaluza-con-apoyo-del-93-por-ciento\\\/#blogposting\",\"name\":\"Gonz\\u00e1lez de Lara, nuevo presidente de la patronal andaluza con apoyo del 93 por ciento - El Digital de Asturias\",\"headline\":\"Gonz\\u00e1lez de Lara, nuevo presidente de la patronal andaluza con apoyo del 93 por ciento\",\"author\":{\"@id\":\"https:\\\/\\\/www.eldigitaldeasturias.com\\\/noticias\\\/author\\\/admin\\\/#author\"},\"publisher\":{\"@id\":\"https:\\\/\\\/www.eldigitaldeasturias.com\\\/noticias\\\/#organization\"},\"image\":{\"@type\":\"ImageObject\",\"url\":\"https:\\\/\\\/www.eldigitaldeasturias.com\\\/noticias\\\/wp-content\\\/uploads\\\/2026\\\/06\\\/Contenidos.jpg\",\"width\":1265,\"height\":697,\"caption\":\"Contenidos\"},\"datePublished\":\"2014-01-24T06:39:40+01:00\",\"dateModified\":\"2014-01-24T06:39:40+01:00\",\"inLanguage\":\"es-ES\",\"mainEntityOfPage\":{\"@id\":\"https:\\\/\\\/www.eldigitaldeasturias.com\\\/noticias\\\/gonzalez-de-lara-nuevo-presidente-de-la-patronal-andaluza-con-apoyo-del-93-por-ciento\\\/#webpage\"},\"isPartOf\":{\"@id\":\"https:\\\/\\\/www.eldigitaldeasturias.com\\\/noticias\\\/gonzalez-de-lara-nuevo-presidente-de-la-patronal-andaluza-con-apoyo-del-93-por-ciento\\\/#webpage\"},\"articleSection\":\"Actualidad\"},{\"@type\":\"BreadcrumbList\",\"@id\":\"https:\\\/\\\/www.eldigitaldeasturias.com\\\/noticias\\\/gonzalez-de-lara-nuevo-presidente-de-la-patronal-andaluza-con-apoyo-del-93-por-ciento\\\/#breadcrumblist\",\"itemListElement\":[{\"@type\":\"ListItem\",\"@id\":\"https:\\\/\\\/www.eldigitaldeasturias.com\\\/noticias#listItem\",\"position\":1,\"name\":\"Home\",\"item\":\"https:\\\/\\\/www.eldigitaldeasturias.com\\\/noticias\",\"nextItem\":{\"@type\":\"ListItem\",\"@id\":\"https:\\\/\\\/www.eldigitaldeasturias.com\\\/noticias\\\/category\\\/actualidad\\\/#listItem\",\"name\":\"Actualidad\"}},{\"@type\":\"ListItem\",\"@id\":\"https:\\\/\\\/www.eldigitaldeasturias.com\\\/noticias\\\/category\\\/actualidad\\\/#listItem\",\"position\":2,\"name\":\"Actualidad\",\"item\":\"https:\\\/\\\/www.eldigitaldeasturias.com\\\/noticias\\\/category\\\/actualidad\\\/\",\"nextItem\":{\"@type\":\"ListItem\",\"@id\":\"https:\\\/\\\/www.eldigitaldeasturias.com\\\/noticias\\\/gonzalez-de-lara-nuevo-presidente-de-la-patronal-andaluza-con-apoyo-del-93-por-ciento\\\/#listItem\",\"name\":\"Gonz\\u00e1lez de Lara, nuevo presidente de la patronal andaluza con apoyo del 93 por ciento\"},\"previousItem\":{\"@type\":\"ListItem\",\"@id\":\"https:\\\/\\\/www.eldigitaldeasturias.com\\\/noticias#listItem\",\"name\":\"Home\"}},{\"@type\":\"ListItem\",\"@id\":\"https:\\\/\\\/www.eldigitaldeasturias.com\\\/noticias\\\/gonzalez-de-lara-nuevo-presidente-de-la-patronal-andaluza-con-apoyo-del-93-por-ciento\\\/#listItem\",\"position\":3,\"name\":\"Gonz\\u00e1lez de Lara, nuevo presidente de la patronal andaluza con apoyo del 93 por ciento\",\"previousItem\":{\"@type\":\"ListItem\",\"@id\":\"https:\\\/\\\/www.eldigitaldeasturias.com\\\/noticias\\\/category\\\/actualidad\\\/#listItem\",\"name\":\"Actualidad\"}}]},{\"@type\":\"Organization\",\"@id\":\"https:\\\/\\\/www.eldigitaldeasturias.com\\\/noticias\\\/#organization\",\"name\":\"El Digital de Asturias\",\"description\":\"Hemeroteca\",\"url\":\"https:\\\/\\\/www.eldigitaldeasturias.com\\\/noticias\\\/\",\"email\":\"info@eldigitaldeasturias.com\",\"telephone\":\"+34652131393\",\"logo\":{\"@type\":\"ImageObject\",\"url\":\"https:\\\/\\\/www.eldigitaldeasturias.com\\\/noticias\\\/wp-content\\\/uploads\\\/2020\\\/12\\\/EDA.jpg\",\"@id\":\"https:\\\/\\\/www.eldigitaldeasturias.com\\\/noticias\\\/gonzalez-de-lara-nuevo-presidente-de-la-patronal-andaluza-con-apoyo-del-93-por-ciento\\\/#organizationLogo\"},\"image\":{\"@id\":\"https:\\\/\\\/www.eldigitaldeasturias.com\\\/noticias\\\/gonzalez-de-lara-nuevo-presidente-de-la-patronal-andaluza-con-apoyo-del-93-por-ciento\\\/#organizationLogo\"},\"sameAs\":[\"https:\\\/\\\/facebook.com\\\/eldigitaldeasturias\",\"https:\\\/\\\/www.youtube.com\\\/channel\\\/UCZP-2wLEB9Rv6erhFmqVnvg\"],\"address\":{\"@id\":\"https:\\\/\\\/www.eldigitaldeasturias.com\\\/noticias\\\/#postaladdress\",\"@type\":\"PostalAddress\",\"streetAddress\":\"san antonio 4\",\"postalCode\":\"33430\",\"addressLocality\":\"Cand\\u00e1s\",\"addressRegion\":\"Asturias\",\"addressCountry\":\"ES\"}},{\"@type\":\"Person\",\"@id\":\"https:\\\/\\\/www.eldigitaldeasturias.com\\\/noticias\\\/author\\\/admin\\\/#author\",\"url\":\"https:\\\/\\\/www.eldigitaldeasturias.com\\\/noticias\\\/author\\\/admin\\\/\",\"name\":\"El Digital de Asturias\",\"image\":{\"@type\":\"ImageObject\",\"@id\":\"https:\\\/\\\/www.eldigitaldeasturias.com\\\/noticias\\\/gonzalez-de-lara-nuevo-presidente-de-la-patronal-andaluza-con-apoyo-del-93-por-ciento\\\/#authorImage\",\"url\":\"https:\\\/\\\/secure.gravatar.com\\\/avatar\\\/df2aeffc32bcd13f8d26072ef8a91b623d677766deac7f97ca815868cd41bf5e?s=96&d=mm&r=g\",\"width\":96,\"height\":96,\"caption\":\"El Digital de Asturias\"}},{\"@type\":\"WebPage\",\"@id\":\"https:\\\/\\\/www.eldigitaldeasturias.com\\\/noticias\\\/gonzalez-de-lara-nuevo-presidente-de-la-patronal-andaluza-con-apoyo-del-93-por-ciento\\\/#webpage\",\"url\":\"https:\\\/\\\/www.eldigitaldeasturias.com\\\/noticias\\\/gonzalez-de-lara-nuevo-presidente-de-la-patronal-andaluza-con-apoyo-del-93-por-ciento\\\/\",\"name\":\"Gonz\\u00e1lez de Lara, nuevo presidente de la patronal andaluza con apoyo del 93 por ciento - El Digital de Asturias\",\"description\":\"Sevilla, 23 ene (EFE).- El presidente de la patronal malague\\u00f1a, Javier Gonz\\u00e1lez de Lara, ha sido elegido al frente de la Confederaci\\u00f3n de Empresarios de Andaluc\\u00eda en la asamblea celebrada hoy, en la que ha obtenido un respaldo del 93 por ciento, con 234 votos a favor de los 251 emitidos, 15 en blanco y\",\"inLanguage\":\"es-ES\",\"isPartOf\":{\"@id\":\"https:\\\/\\\/www.eldigitaldeasturias.com\\\/noticias\\\/#website\"},\"breadcrumb\":{\"@id\":\"https:\\\/\\\/www.eldigitaldeasturias.com\\\/noticias\\\/gonzalez-de-lara-nuevo-presidente-de-la-patronal-andaluza-con-apoyo-del-93-por-ciento\\\/#breadcrumblist\"},\"author\":{\"@id\":\"https:\\\/\\\/www.eldigitaldeasturias.com\\\/noticias\\\/author\\\/admin\\\/#author\"},\"creator\":{\"@id\":\"https:\\\/\\\/www.eldigitaldeasturias.com\\\/noticias\\\/author\\\/admin\\\/#author\"},\"image\":{\"@type\":\"ImageObject\",\"url\":\"https:\\\/\\\/www.eldigitaldeasturias.com\\\/noticias\\\/wp-content\\\/uploads\\\/2026\\\/06\\\/Contenidos.jpg\",\"@id\":\"https:\\\/\\\/www.eldigitaldeasturias.com\\\/noticias\\\/gonzalez-de-lara-nuevo-presidente-de-la-patronal-andaluza-con-apoyo-del-93-por-ciento\\\/#mainImage\",\"width\":1265,\"height\":697,\"caption\":\"Contenidos\"},\"primaryImageOfPage\":{\"@id\":\"https:\\\/\\\/www.eldigitaldeasturias.com\\\/noticias\\\/gonzalez-de-lara-nuevo-presidente-de-la-patronal-andaluza-con-apoyo-del-93-por-ciento\\\/#mainImage\"},\"datePublished\":\"2014-01-24T06:39:40+01:00\",\"dateModified\":\"2014-01-24T06:39:40+01:00\"},{\"@type\":\"WebSite\",\"@id\":\"https:\\\/\\\/www.eldigitaldeasturias.com\\\/noticias\\\/#website\",\"url\":\"https:\\\/\\\/www.eldigitaldeasturias.com\\\/noticias\\\/\",\"name\":\"El Digital de Asturias - Diario de actualidad y noticias\",\"alternateName\":\"El Digital de Asturias - Diario de actualidad y noticias\",\"description\":\"Hemeroteca\",\"inLanguage\":\"es-ES\",\"publisher\":{\"@id\":\"https:\\\/\\\/www.eldigitaldeasturias.com\\\/noticias\\\/#organization\"}}]}\n\t\t<\/script>\n\t\t<!-- All in One SEO Pro -->\r\n\t\t<title>Gonz\u00e1lez de Lara, nuevo presidente de la patronal andaluza con apoyo del 93 por ciento - El Digital de Asturias<\/title>\n\n","aioseo_head_json":{"title":"Gonz\u00e1lez de Lara, nuevo presidente de la patronal andaluza con apoyo del 93 por ciento - El Digital de Asturias","description":"Sevilla, 23 ene (EFE).- El presidente de la patronal malague\u00f1a, Javier Gonz\u00e1lez de Lara, ha sido elegido al frente de la Confederaci\u00f3n de Empresarios de Andaluc\u00eda en la asamblea celebrada hoy, en la que ha obtenido un respaldo del 93 por ciento, con 234 votos a favor de los 251 emitidos, 15 en blanco y","canonical_url":"https:\/\/www.eldigitaldeasturias.com\/noticias\/gonzalez-de-lara-nuevo-presidente-de-la-patronal-andaluza-con-apoyo-del-93-por-ciento\/","robots":"max-image-preview:large","keywords":"actualidad","webmasterTools":{"google-site-verification":"UA-38556648-1","msvalidate.01":"7dfe9f3f1b24437ab69f4f2559babe99","miscellaneous":""},"schema":{"@context":"https:\/\/schema.org","@graph":[{"@type":"BlogPosting","@id":"https:\/\/www.eldigitaldeasturias.com\/noticias\/gonzalez-de-lara-nuevo-presidente-de-la-patronal-andaluza-con-apoyo-del-93-por-ciento\/#blogposting","name":"Gonz\u00e1lez de Lara, nuevo presidente de la patronal andaluza con apoyo del 93 por ciento - El Digital de Asturias","headline":"Gonz\u00e1lez de Lara, nuevo presidente de la patronal andaluza con apoyo del 93 por ciento","author":{"@id":"https:\/\/www.eldigitaldeasturias.com\/noticias\/author\/admin\/#author"},"publisher":{"@id":"https:\/\/www.eldigitaldeasturias.com\/noticias\/#organization"},"image":{"@type":"ImageObject","url":"https:\/\/www.eldigitaldeasturias.com\/noticias\/wp-content\/uploads\/2026\/06\/Contenidos.jpg","width":1265,"height":697,"caption":"Contenidos"},"datePublished":"2014-01-24T06:39:40+01:00","dateModified":"2014-01-24T06:39:40+01:00","inLanguage":"es-ES","mainEntityOfPage":{"@id":"https:\/\/www.eldigitaldeasturias.com\/noticias\/gonzalez-de-lara-nuevo-presidente-de-la-patronal-andaluza-con-apoyo-del-93-por-ciento\/#webpage"},"isPartOf":{"@id":"https:\/\/www.eldigitaldeasturias.com\/noticias\/gonzalez-de-lara-nuevo-presidente-de-la-patronal-andaluza-con-apoyo-del-93-por-ciento\/#webpage"},"articleSection":"Actualidad"},{"@type":"BreadcrumbList","@id":"https:\/\/www.eldigitaldeasturias.com\/noticias\/gonzalez-de-lara-nuevo-presidente-de-la-patronal-andaluza-con-apoyo-del-93-por-ciento\/#breadcrumblist","itemListElement":[{"@type":"ListItem","@id":"https:\/\/www.eldigitaldeasturias.com\/noticias#listItem","position":1,"name":"Home","item":"https:\/\/www.eldigitaldeasturias.com\/noticias","nextItem":{"@type":"ListItem","@id":"https:\/\/www.eldigitaldeasturias.com\/noticias\/category\/actualidad\/#listItem","name":"Actualidad"}},{"@type":"ListItem","@id":"https:\/\/www.eldigitaldeasturias.com\/noticias\/category\/actualidad\/#listItem","position":2,"name":"Actualidad","item":"https:\/\/www.eldigitaldeasturias.com\/noticias\/category\/actualidad\/","nextItem":{"@type":"ListItem","@id":"https:\/\/www.eldigitaldeasturias.com\/noticias\/gonzalez-de-lara-nuevo-presidente-de-la-patronal-andaluza-con-apoyo-del-93-por-ciento\/#listItem","name":"Gonz\u00e1lez de Lara, nuevo presidente de la patronal andaluza con apoyo del 93 por ciento"},"previousItem":{"@type":"ListItem","@id":"https:\/\/www.eldigitaldeasturias.com\/noticias#listItem","name":"Home"}},{"@type":"ListItem","@id":"https:\/\/www.eldigitaldeasturias.com\/noticias\/gonzalez-de-lara-nuevo-presidente-de-la-patronal-andaluza-con-apoyo-del-93-por-ciento\/#listItem","position":3,"name":"Gonz\u00e1lez de Lara, nuevo presidente de la patronal andaluza con apoyo del 93 por ciento","previousItem":{"@type":"ListItem","@id":"https:\/\/www.eldigitaldeasturias.com\/noticias\/category\/actualidad\/#listItem","name":"Actualidad"}}]},{"@type":"Organization","@id":"https:\/\/www.eldigitaldeasturias.com\/noticias\/#organization","name":"El Digital de Asturias","description":"Hemeroteca","url":"https:\/\/www.eldigitaldeasturias.com\/noticias\/","email":"info@eldigitaldeasturias.com","telephone":"+34652131393","logo":{"@type":"ImageObject","url":"https:\/\/www.eldigitaldeasturias.com\/noticias\/wp-content\/uploads\/2020\/12\/EDA.jpg","@id":"https:\/\/www.eldigitaldeasturias.com\/noticias\/gonzalez-de-lara-nuevo-presidente-de-la-patronal-andaluza-con-apoyo-del-93-por-ciento\/#organizationLogo"},"image":{"@id":"https:\/\/www.eldigitaldeasturias.com\/noticias\/gonzalez-de-lara-nuevo-presidente-de-la-patronal-andaluza-con-apoyo-del-93-por-ciento\/#organizationLogo"},"sameAs":["https:\/\/facebook.com\/eldigitaldeasturias","https:\/\/www.youtube.com\/channel\/UCZP-2wLEB9Rv6erhFmqVnvg"],"address":{"@id":"https:\/\/www.eldigitaldeasturias.com\/noticias\/#postaladdress","@type":"PostalAddress","streetAddress":"san antonio 4","postalCode":"33430","addressLocality":"Cand\u00e1s","addressRegion":"Asturias","addressCountry":"ES"}},{"@type":"Person","@id":"https:\/\/www.eldigitaldeasturias.com\/noticias\/author\/admin\/#author","url":"https:\/\/www.eldigitaldeasturias.com\/noticias\/author\/admin\/","name":"El Digital de Asturias","image":{"@type":"ImageObject","@id":"https:\/\/www.eldigitaldeasturias.com\/noticias\/gonzalez-de-lara-nuevo-presidente-de-la-patronal-andaluza-con-apoyo-del-93-por-ciento\/#authorImage","url":"https:\/\/secure.gravatar.com\/avatar\/df2aeffc32bcd13f8d26072ef8a91b623d677766deac7f97ca815868cd41bf5e?s=96&d=mm&r=g","width":96,"height":96,"caption":"El Digital de Asturias"}},{"@type":"WebPage","@id":"https:\/\/www.eldigitaldeasturias.com\/noticias\/gonzalez-de-lara-nuevo-presidente-de-la-patronal-andaluza-con-apoyo-del-93-por-ciento\/#webpage","url":"https:\/\/www.eldigitaldeasturias.com\/noticias\/gonzalez-de-lara-nuevo-presidente-de-la-patronal-andaluza-con-apoyo-del-93-por-ciento\/","name":"Gonz\u00e1lez de Lara, nuevo presidente de la patronal andaluza con apoyo del 93 por ciento - El Digital de Asturias","description":"Sevilla, 23 ene (EFE).- El presidente de la patronal malague\u00f1a, Javier Gonz\u00e1lez de Lara, ha sido elegido al frente de la Confederaci\u00f3n de Empresarios de Andaluc\u00eda en la asamblea celebrada hoy, en la que ha obtenido un respaldo del 93 por ciento, con 234 votos a favor de los 251 emitidos, 15 en blanco y","inLanguage":"es-ES","isPartOf":{"@id":"https:\/\/www.eldigitaldeasturias.com\/noticias\/#website"},"breadcrumb":{"@id":"https:\/\/www.eldigitaldeasturias.com\/noticias\/gonzalez-de-lara-nuevo-presidente-de-la-patronal-andaluza-con-apoyo-del-93-por-ciento\/#breadcrumblist"},"author":{"@id":"https:\/\/www.eldigitaldeasturias.com\/noticias\/author\/admin\/#author"},"creator":{"@id":"https:\/\/www.eldigitaldeasturias.com\/noticias\/author\/admin\/#author"},"image":{"@type":"ImageObject","url":"https:\/\/www.eldigitaldeasturias.com\/noticias\/wp-content\/uploads\/2026\/06\/Contenidos.jpg","@id":"https:\/\/www.eldigitaldeasturias.com\/noticias\/gonzalez-de-lara-nuevo-presidente-de-la-patronal-andaluza-con-apoyo-del-93-por-ciento\/#mainImage","width":1265,"height":697,"caption":"Contenidos"},"primaryImageOfPage":{"@id":"https:\/\/www.eldigitaldeasturias.com\/noticias\/gonzalez-de-lara-nuevo-presidente-de-la-patronal-andaluza-con-apoyo-del-93-por-ciento\/#mainImage"},"datePublished":"2014-01-24T06:39:40+01:00","dateModified":"2014-01-24T06:39:40+01:00"},{"@type":"WebSite","@id":"https:\/\/www.eldigitaldeasturias.com\/noticias\/#website","url":"https:\/\/www.eldigitaldeasturias.com\/noticias\/","name":"El Digital de Asturias - Diario de actualidad y noticias","alternateName":"El Digital de Asturias - Diario de actualidad y noticias","description":"Hemeroteca","inLanguage":"es-ES","publisher":{"@id":"https:\/\/www.eldigitaldeasturias.com\/noticias\/#organization"}}]},"og:locale":"es_ES","og:site_name":"El Digital de Asturias","og:type":"article","og:title":"Gonz\u00e1lez de Lara, nuevo presidente de la patronal andaluza con apoyo del 93 por ciento - El Digital de Asturias","og:description":"Sevilla, 23 ene (EFE).- El presidente de la patronal malague\u00f1a, Javier Gonz\u00e1lez de Lara, ha sido elegido al frente de la Confederaci\u00f3n de Empresarios de Andaluc\u00eda en la asamblea celebrada hoy, en la que ha obtenido un respaldo del 93 por ciento, con 234 votos a favor de los 251 emitidos, 15 en blanco y","og:url":"https:\/\/www.eldigitaldeasturias.com\/noticias\/gonzalez-de-lara-nuevo-presidente-de-la-patronal-andaluza-con-apoyo-del-93-por-ciento\/","og:image":"https:\/\/www.eldigitaldeasturias.com\/noticias\/wp-content\/uploads\/2026\/06\/Contenidos.jpg","og:image:secure_url":"https:\/\/www.eldigitaldeasturias.com\/noticias\/wp-content\/uploads\/2026\/06\/Contenidos.jpg","og:image:width":1265,"og:image:height":697,"article:tag":["actualidad"],"article:published_time":"2014-01-24T07:39:40+00:00","article:modified_time":"2014-01-24T07:39:40+00:00","article:publisher":"https:\/\/facebook.com\/eldigitaldeasturias","twitter:card":"summary_large_image","twitter:title":"Gonz\u00e1lez de Lara, nuevo presidente de la patronal andaluza con apoyo del 93 por ciento - El Digital de Asturias","twitter:description":"Sevilla, 23 ene (EFE).- El presidente de la patronal malague\u00f1a, Javier Gonz\u00e1lez de Lara, ha sido elegido al frente de la Confederaci\u00f3n de Empresarios de Andaluc\u00eda en la asamblea celebrada hoy, en la que ha obtenido un respaldo del 93 por ciento, con 234 votos a favor de los 251 emitidos, 15 en blanco y","twitter:image":"https:\/\/www.eldigitaldeasturias.com\/noticias\/wp-content\/uploads\/2026\/06\/Contenidos.jpg","twitter:label1":"Escrito por","twitter:data1":"El Digital de Asturias","twitter:label2":"Tiempo de lectura estimado","twitter:data2":"1 minuto"},"aioseo_meta_data":{"post_id":"477899","title":null,"description":null,"keywords":null,"keyphrases":null,"primary_term":null,"canonical_url":null,"og_title":null,"og_description":null,"og_object_type":"default","og_image_type":"default","og_image_url":null,"og_image_width":null,"og_image_height":null,"og_image_custom_url":null,"og_image_custom_fields":null,"og_video":null,"og_custom_url":null,"og_article_section":null,"og_article_tags":null,"twitter_use_og":true,"twitter_card":"default","twitter_image_type":"default","twitter_image_url":null,"twitter_image_custom_url":null,"twitter_image_custom_fields":null,"twitter_title":null,"twitter_description":null,"schema":{"blockGraphs":[],"customGraphs":[],"default":{"data":{"Article":[],"Course":[],"Dataset":[],"FAQPage":[],"Movie":[],"Person":[],"Product":[],"ProductReview":[],"Car":[],"Recipe":[],"Service":[],"SoftwareApplication":[],"WebPage":[]},"graphName":"","isEnabled":true},"graphs":[],"defaultGraph":"","defaultPostTypeGraph":""},"schema_type":null,"schema_type_options":null,"pillar_content":false,"robots_default":true,"robots_noindex":false,"robots_noarchive":false,"robots_nosnippet":false,"robots_nofollow":false,"robots_noimageindex":false,"robots_noodp":false,"robots_notranslate":false,"robots_max_snippet":null,"robots_max_videopreview":null,"robots_max_imagepreview":"none","priority":null,"frequency":null,"local_seo":null,"seo_analyzer_scan_date":"2026-06-01 19:55:22","breadcrumb_settings":null,"limit_modified_date":false,"open_ai":null,"ai":null,"created":"2020-11-14 22:53:47","updated":"2026-06-01 19:55:22","focus_keyword":null,"additional_keywords":null,"truseo_locale":null},"aioseo_breadcrumb":"<div class=\"aioseo-breadcrumbs\"><span class=\"aioseo-breadcrumb\">\n\t<a href=\"https:\/\/www.eldigitaldeasturias.com\/noticias\" title=\"Home\">Home<\/a>\n<\/span><span class=\"aioseo-breadcrumb-separator\">\u2013<\/span><span class=\"aioseo-breadcrumb\">\n\t<a href=\"https:\/\/www.eldigitaldeasturias.com\/noticias\/category\/actualidad\/\" title=\"Actualidad\">Actualidad<\/a>\n<\/span><span class=\"aioseo-breadcrumb-separator\">\u2013<\/span><span class=\"aioseo-breadcrumb\">\n\t<a href=\"https:\/\/www.eldigitaldeasturias.com\/noticias\/gonzalez-de-lara-nuevo-presidente-de-la-patronal-andaluza-con-apoyo-del-93-por-ciento\/\" title=\"Gonz\u00e1lez de Lara, nuevo presidente de la patronal andaluza con apoyo del 93 por ciento\">Gonz\u00e1lez de Lara, nuevo presidente de la patronal andaluza con apoyo del 93 por ciento<\/a>\n<\/span><\/div>","aioseo_breadcrumb_json":[{"label":"Home","link":"https:\/\/www.eldigitaldeasturias.com\/noticias"},{"label":"Actualidad","link":"https:\/\/www.eldigitaldeasturias.com\/noticias\/category\/actualidad\/"},{"label":"Gonz\u00e1lez de Lara, nuevo presidente de la patronal andaluza con apoyo del 93 por ciento","link":"https:\/\/www.eldigitaldeasturias.com\/noticias\/gonzalez-de-lara-nuevo-presidente-de-la-patronal-andaluza-con-apoyo-del-93-por-ciento\/"}],"_links":{"self":[{"href":"https:\/\/www.eldigitaldeasturias.com\/noticias\/wp-json\/wp\/v2\/posts\/477899","targetHints":{"allow":["GET"]}}],"collection":[{"href":"https:\/\/www.eldigitaldeasturias.com\/noticias\/wp-json\/wp\/v2\/posts"}],"about":[{"href":"https:\/\/www.eldigitaldeasturias.com\/noticias\/wp-json\/wp\/v2\/types\/post"}],"author":[{"embeddable":true,"href":"https:\/\/www.eldigitaldeasturias.com\/noticias\/wp-json\/wp\/v2\/users\/1"}],"replies":[{"embeddable":true,"href":"https:\/\/www.eldigitaldeasturias.com\/noticias\/wp-json\/wp\/v2\/comments?post=477899"}],"version-history":[{"count":0,"href":"https:\/\/www.eldigitaldeasturias.com\/noticias\/wp-json\/wp\/v2\/posts\/477899\/revisions"}],"wp:featuredmedia":[{"embeddable":true,"href":"https:\/\/www.eldigitaldeasturias.com\/noticias\/wp-json\/wp\/v2\/media\/1132184"}],"wp:attachment":[{"href":"https:\/\/www.eldigitaldeasturias.com\/noticias\/wp-json\/wp\/v2\/media?parent=477899"}],"wp:term":[{"taxonomy":"category","embeddable":true,"href":"https:\/\/www.eldigitaldeasturias.com\/noticias\/wp-json\/wp\/v2\/categories?post=477899"},{"taxonomy":"post_tag","embeddable":true,"href":"https:\/\/www.eldigitaldeasturias.com\/noticias\/wp-json\/wp\/v2\/tags?post=477899"}],"curies":[{"name":"wp","href":"https:\/\/api.w.org\/{rel}","templated":true}]}}