{"id":477896,"date":"2014-01-24T06:38:12","date_gmt":"2014-01-24T07:38:12","guid":{"rendered":"http:\/\/www.eldigitaldeasturias.com\/noticias\/?p=477896"},"modified":"2014-01-24T06:38:12","modified_gmt":"2014-01-24T07:38:12","slug":"canal-de-panama-y-consorcio-dialogaran-hasta-1-de-febrero-en-busca-solucion","status":"publish","type":"post","link":"https:\/\/www.eldigitaldeasturias.com\/noticias\/canal-de-panama-y-consorcio-dialogaran-hasta-1-de-febrero-en-busca-solucion\/","title":{"rendered":"Canal de Panam\u00e1 y consorcio dialogar\u00e1n hasta 1 de febrero en busca soluci\u00f3n"},"content":{"rendered":"<p><img loading=\"lazy\" decoding=\"async\" class=\"alignleft size-medium wp-image-477897\" alt=\"5870959w\" src=\"https:\/\/www.eldigitaldeasturias.com\/noticias\/wp-content\/uploads\/2014\/01\/5870959w-360x248.jpg\" width=\"360\" height=\"248\" \/>Panam\u00e1, 23 ene (EFE).- El Grupo Unidos por el Canal (GUPC) inform\u00f3 hoy de que acord\u00f3 con la Autoridad del Canal de Panam\u00e1 (ACP) mantener conversaciones \u00aben principio\u00bb hasta el pr\u00f3ximo 1 de febrero en busca de una soluci\u00f3n al conflicto contractual que amenaza la ampliaci\u00f3n de la v\u00eda interoce\u00e1nica.<\/p>\n<p>El GUPC, liderado por la espa\u00f1ola Sacyr y la italiana Impregilo, reclama m\u00e1s de 1.600 millones de d\u00f3lares en \u00absobrecostes\u00bb que han dejado a las empresas sin liquidez para continuar con la construcci\u00f3n del tercer juego de esclusas, un proyecto que seg\u00fan el contratista lleva casi 70 % de ejecuci\u00f3n.<\/p>\n<p>En un comunicado difundido este jueves en la capital paname\u00f1a, el consorcio dijo que la fecha del 1 de febrero forma parte de un \u00abprotocolo de negociaci\u00f3n\u00bb acordado por las partes, del que no da detalles.<\/p>\n<p>\u00abEl protocolo prev\u00e9 el desarrollo de discusiones acerca de soluciones completas, incluyendo la propuesta de cofinanciamiento que involucra a ACP, GUPC y a la aseguradora Zurich\u00bb, garante del proyecto, indic\u00f3 el consorcio sin m\u00e1s precisiones.<\/p>\n<p>Por medio de este protocolo, \u00ablas partes acordaron continuar el di\u00e1logo, en principio, hasta el 1 de febrero de 2014 con el fin de encontrar una soluci\u00f3n a largo plazo al cofinanciamiento y, as\u00ed, conseguir la finalizaci\u00f3n de la obra\u00bb, a\u00f1adi\u00f3 la misiva.<\/p>\n<p>Representantes de la ACP, incluido su administrador, Jorge Quijano, del GUPC y de Zurich, se reunieron el pasado martes por primera vez desde que el consorcio lanz\u00f3 en diciembre un preaviso de suspensi\u00f3n de las obras de ampliaci\u00f3n a partir del pasado 20 de enero, que finalmente no se concret\u00f3 dadas las negociaciones.<\/p>\n<p>En esa cita, que se prolong\u00f3 toda la jornada y fue a puerta cerrada, Zurich plante\u00f3 una propuesta cuyos t\u00e9rminos no han trascendido en Panam\u00e1 pero que Quijano asever\u00f3 \u00abpuede dar una soluci\u00f3n a largo plazo\u00bb al conflicto contractual.<\/p>\n<p>Zurich custodia la fianza de 600 millones de d\u00f3lares que deposit\u00f3 el GUPC para desarrollar el proyecto del tercer juego de esclusas en 2009, cuando gan\u00f3 la licitaci\u00f3n para su dise\u00f1o y construcci\u00f3n por su oferta de 3.118 millones de d\u00f3lares, por debajo del precio m\u00e1ximo establecido por la ACP de 3.481 millones de d\u00f3lares.<\/p>\n<p>\u00abEn la reuni\u00f3n realiza el martes (&#8230;) GUPC propuso un protocolo de negociaci\u00f3n provisional, al igual que un nuevo concepto de cofinanciamiento, como parte de sus continuos esfuerzos para llevar adelante el proyecto a pesar de las condiciones imprevistas que ha presentado la obra\u00bb, indic\u00f3 el comunicado.<\/p>\n<p>Se espera que las tres partes se vuelvan a sentar a negociar el pr\u00f3ximo lunes, aunque la fecha a\u00fan debe ser confirmada.<\/p>\n<p>La Autoridad del Canal ha dicho que ha pagado a GUPC 2.831 millones de d\u00f3lares, 784 en anticipos reembolsables, adem\u00e1s de al menos 160 millones en costos adicionales.<\/p>\n<p>La ACP afirma que el consorcio ha reducido en los \u00faltimos dos meses en m\u00e1s de 70 % el ritmo de trabajo, lo que tilda de violaci\u00f3n al contrato, mientras que la ministra paname\u00f1a del Trabajo, Alma Cort\u00e9s, dijo el martes pasado que \u00ablas obras de ampliaci\u00f3n mantienen m\u00e1s de un 90 % de paralizaci\u00f3n\u00bb.<\/p>\n","protected":false},"excerpt":{"rendered":"<p>Panam\u00e1, 23 ene (EFE).- El Grupo Unidos por el Canal (GUPC) inform\u00f3 hoy de que acord\u00f3 con la Autoridad del Canal de Panam\u00e1 (ACP) mantener conversaciones \u00aben principio\u00bb hasta el pr\u00f3ximo 1 de febrero en busca de una soluci\u00f3n al conflicto contractual que amenaza la ampliaci\u00f3n de la v\u00eda interoce\u00e1nica. El GUPC, liderado por la [&hellip;]<\/p>\n","protected":false},"author":1,"featured_media":1132184,"comment_status":"closed","ping_status":"open","sticky":false,"template":"","format":"standard","meta":{"footnotes":""},"categories":[1],"tags":[],"class_list":["post-477896","post","type-post","status-publish","format-standard","has-post-thumbnail","hentry","category-actualidad"],"aioseo_notices":[],"aioseo_head":"\n\t\t<!-- All in One SEO Pro 5.0.1 - aioseo.com -->\n\t<meta name=\"description\" content=\"Panam\u00e1, 23 ene (EFE).- El Grupo Unidos por el Canal (GUPC) inform\u00f3 hoy de que acord\u00f3 con la Autoridad del Canal de Panam\u00e1 (ACP) mantener conversaciones &quot;en principio&quot; hasta el pr\u00f3ximo 1 de febrero en busca de una soluci\u00f3n al conflicto contractual que amenaza la ampliaci\u00f3n de la v\u00eda interoce\u00e1nica. El GUPC, liderado por la\" \/>\n\t<meta name=\"robots\" content=\"max-image-preview:large\" \/>\n\t<meta name=\"author\" content=\"El Digital de Asturias\"\/>\n\t<meta name=\"google-site-verification\" content=\"UA-38556648-1\" \/>\n\t<meta name=\"msvalidate.01\" content=\"7dfe9f3f1b24437ab69f4f2559babe99\" \/>\n\t<meta name=\"keywords\" content=\"actualidad\" \/>\n\t<link rel=\"canonical\" href=\"https:\/\/www.eldigitaldeasturias.com\/noticias\/canal-de-panama-y-consorcio-dialogaran-hasta-1-de-febrero-en-busca-solucion\/\" \/>\n\t<meta name=\"generator\" content=\"All in One SEO Pro (AIOSEO) 5.0.1\" \/>\n\t\t<meta property=\"og:locale\" content=\"es_ES\" \/>\n\t\t<meta property=\"og:site_name\" content=\"El Digital de Asturias\" \/>\n\t\t<meta property=\"og:type\" content=\"article\" \/>\n\t\t<meta property=\"og:title\" content=\"Canal de Panam\u00e1 y consorcio dialogar\u00e1n hasta 1 de febrero en busca soluci\u00f3n - El Digital de Asturias\" \/>\n\t\t<meta property=\"og:description\" content=\"Panam\u00e1, 23 ene (EFE).- El Grupo Unidos por el Canal (GUPC) inform\u00f3 hoy de que acord\u00f3 con la Autoridad del Canal de Panam\u00e1 (ACP) mantener conversaciones &quot;en principio&quot; hasta el pr\u00f3ximo 1 de febrero en busca de una soluci\u00f3n al conflicto contractual que amenaza la ampliaci\u00f3n de la v\u00eda interoce\u00e1nica. El GUPC, liderado por la\" \/>\n\t\t<meta property=\"og:url\" content=\"https:\/\/www.eldigitaldeasturias.com\/noticias\/canal-de-panama-y-consorcio-dialogaran-hasta-1-de-febrero-en-busca-solucion\/\" \/>\n\t\t<meta property=\"og:image\" content=\"https:\/\/www.eldigitaldeasturias.com\/noticias\/wp-content\/uploads\/2026\/06\/Contenidos.jpg\" \/>\n\t\t<meta property=\"og:image:secure_url\" content=\"https:\/\/www.eldigitaldeasturias.com\/noticias\/wp-content\/uploads\/2026\/06\/Contenidos.jpg\" \/>\n\t\t<meta property=\"og:image:width\" content=\"1265\" \/>\n\t\t<meta property=\"og:image:height\" content=\"697\" \/>\n\t\t<meta property=\"article:tag\" content=\"actualidad\" \/>\n\t\t<meta property=\"article:published_time\" content=\"2014-01-24T07:38:12+00:00\" \/>\n\t\t<meta property=\"article:modified_time\" content=\"2014-01-24T07:38:12+00:00\" \/>\n\t\t<meta property=\"article:publisher\" content=\"https:\/\/facebook.com\/eldigitaldeasturias\" \/>\n\t\t<meta name=\"twitter:card\" content=\"summary_large_image\" \/>\n\t\t<meta name=\"twitter:title\" content=\"Canal de Panam\u00e1 y consorcio dialogar\u00e1n hasta 1 de febrero en busca soluci\u00f3n - El Digital de Asturias\" \/>\n\t\t<meta name=\"twitter:description\" content=\"Panam\u00e1, 23 ene (EFE).- El Grupo Unidos por el Canal (GUPC) inform\u00f3 hoy de que acord\u00f3 con la Autoridad del Canal de Panam\u00e1 (ACP) mantener conversaciones &quot;en principio&quot; hasta el pr\u00f3ximo 1 de febrero en busca de una soluci\u00f3n al conflicto contractual que amenaza la ampliaci\u00f3n de la v\u00eda interoce\u00e1nica. El GUPC, liderado por la\" \/>\n\t\t<meta name=\"twitter:image\" content=\"https:\/\/www.eldigitaldeasturias.com\/noticias\/wp-content\/uploads\/2026\/06\/Contenidos.jpg\" \/>\n\t\t<meta name=\"twitter:label1\" content=\"Escrito por\" \/>\n\t\t<meta name=\"twitter:data1\" content=\"El Digital de Asturias\" \/>\n\t\t<meta name=\"twitter:label2\" content=\"Tiempo de lectura estimado\" \/>\n\t\t<meta name=\"twitter:data2\" content=\"3 minutos\" \/>\n\t\t<script type=\"application\/ld+json\" class=\"aioseo-schema\">\n\t\t\t{\"@context\":\"https:\\\/\\\/schema.org\",\"@graph\":[{\"@type\":\"BlogPosting\",\"@id\":\"https:\\\/\\\/www.eldigitaldeasturias.com\\\/noticias\\\/canal-de-panama-y-consorcio-dialogaran-hasta-1-de-febrero-en-busca-solucion\\\/#blogposting\",\"name\":\"Canal de Panam\\u00e1 y consorcio dialogar\\u00e1n hasta 1 de febrero en busca soluci\\u00f3n - El Digital de Asturias\",\"headline\":\"Canal de Panam\\u00e1 y consorcio dialogar\\u00e1n hasta 1 de febrero en busca soluci\\u00f3n\",\"author\":{\"@id\":\"https:\\\/\\\/www.eldigitaldeasturias.com\\\/noticias\\\/author\\\/admin\\\/#author\"},\"publisher\":{\"@id\":\"https:\\\/\\\/www.eldigitaldeasturias.com\\\/noticias\\\/#organization\"},\"image\":{\"@type\":\"ImageObject\",\"url\":\"https:\\\/\\\/www.eldigitaldeasturias.com\\\/noticias\\\/wp-content\\\/uploads\\\/2026\\\/06\\\/Contenidos.jpg\",\"width\":1265,\"height\":697,\"caption\":\"Contenidos\"},\"datePublished\":\"2014-01-24T06:38:12+01:00\",\"dateModified\":\"2014-01-24T06:38:12+01:00\",\"inLanguage\":\"es-ES\",\"mainEntityOfPage\":{\"@id\":\"https:\\\/\\\/www.eldigitaldeasturias.com\\\/noticias\\\/canal-de-panama-y-consorcio-dialogaran-hasta-1-de-febrero-en-busca-solucion\\\/#webpage\"},\"isPartOf\":{\"@id\":\"https:\\\/\\\/www.eldigitaldeasturias.com\\\/noticias\\\/canal-de-panama-y-consorcio-dialogaran-hasta-1-de-febrero-en-busca-solucion\\\/#webpage\"},\"articleSection\":\"Actualidad\"},{\"@type\":\"BreadcrumbList\",\"@id\":\"https:\\\/\\\/www.eldigitaldeasturias.com\\\/noticias\\\/canal-de-panama-y-consorcio-dialogaran-hasta-1-de-febrero-en-busca-solucion\\\/#breadcrumblist\",\"itemListElement\":[{\"@type\":\"ListItem\",\"@id\":\"https:\\\/\\\/www.eldigitaldeasturias.com\\\/noticias#listItem\",\"position\":1,\"name\":\"Home\",\"item\":\"https:\\\/\\\/www.eldigitaldeasturias.com\\\/noticias\",\"nextItem\":{\"@type\":\"ListItem\",\"@id\":\"https:\\\/\\\/www.eldigitaldeasturias.com\\\/noticias\\\/category\\\/actualidad\\\/#listItem\",\"name\":\"Actualidad\"}},{\"@type\":\"ListItem\",\"@id\":\"https:\\\/\\\/www.eldigitaldeasturias.com\\\/noticias\\\/category\\\/actualidad\\\/#listItem\",\"position\":2,\"name\":\"Actualidad\",\"item\":\"https:\\\/\\\/www.eldigitaldeasturias.com\\\/noticias\\\/category\\\/actualidad\\\/\",\"nextItem\":{\"@type\":\"ListItem\",\"@id\":\"https:\\\/\\\/www.eldigitaldeasturias.com\\\/noticias\\\/canal-de-panama-y-consorcio-dialogaran-hasta-1-de-febrero-en-busca-solucion\\\/#listItem\",\"name\":\"Canal de Panam\\u00e1 y consorcio dialogar\\u00e1n hasta 1 de febrero en busca soluci\\u00f3n\"},\"previousItem\":{\"@type\":\"ListItem\",\"@id\":\"https:\\\/\\\/www.eldigitaldeasturias.com\\\/noticias#listItem\",\"name\":\"Home\"}},{\"@type\":\"ListItem\",\"@id\":\"https:\\\/\\\/www.eldigitaldeasturias.com\\\/noticias\\\/canal-de-panama-y-consorcio-dialogaran-hasta-1-de-febrero-en-busca-solucion\\\/#listItem\",\"position\":3,\"name\":\"Canal de Panam\\u00e1 y consorcio dialogar\\u00e1n hasta 1 de febrero en busca soluci\\u00f3n\",\"previousItem\":{\"@type\":\"ListItem\",\"@id\":\"https:\\\/\\\/www.eldigitaldeasturias.com\\\/noticias\\\/category\\\/actualidad\\\/#listItem\",\"name\":\"Actualidad\"}}]},{\"@type\":\"Organization\",\"@id\":\"https:\\\/\\\/www.eldigitaldeasturias.com\\\/noticias\\\/#organization\",\"name\":\"El Digital de Asturias\",\"description\":\"Hemeroteca\",\"url\":\"https:\\\/\\\/www.eldigitaldeasturias.com\\\/noticias\\\/\",\"email\":\"info@eldigitaldeasturias.com\",\"telephone\":\"+34652131393\",\"logo\":{\"@type\":\"ImageObject\",\"url\":\"https:\\\/\\\/www.eldigitaldeasturias.com\\\/noticias\\\/wp-content\\\/uploads\\\/2020\\\/12\\\/EDA.jpg\",\"@id\":\"https:\\\/\\\/www.eldigitaldeasturias.com\\\/noticias\\\/canal-de-panama-y-consorcio-dialogaran-hasta-1-de-febrero-en-busca-solucion\\\/#organizationLogo\"},\"image\":{\"@id\":\"https:\\\/\\\/www.eldigitaldeasturias.com\\\/noticias\\\/canal-de-panama-y-consorcio-dialogaran-hasta-1-de-febrero-en-busca-solucion\\\/#organizationLogo\"},\"sameAs\":[\"https:\\\/\\\/facebook.com\\\/eldigitaldeasturias\",\"https:\\\/\\\/www.youtube.com\\\/channel\\\/UCZP-2wLEB9Rv6erhFmqVnvg\"],\"address\":{\"@id\":\"https:\\\/\\\/www.eldigitaldeasturias.com\\\/noticias\\\/#postaladdress\",\"@type\":\"PostalAddress\",\"streetAddress\":\"san antonio 4\",\"postalCode\":\"33430\",\"addressLocality\":\"Cand\\u00e1s\",\"addressRegion\":\"Asturias\",\"addressCountry\":\"ES\"}},{\"@type\":\"Person\",\"@id\":\"https:\\\/\\\/www.eldigitaldeasturias.com\\\/noticias\\\/author\\\/admin\\\/#author\",\"url\":\"https:\\\/\\\/www.eldigitaldeasturias.com\\\/noticias\\\/author\\\/admin\\\/\",\"name\":\"El Digital de Asturias\",\"image\":{\"@type\":\"ImageObject\",\"@id\":\"https:\\\/\\\/www.eldigitaldeasturias.com\\\/noticias\\\/canal-de-panama-y-consorcio-dialogaran-hasta-1-de-febrero-en-busca-solucion\\\/#authorImage\",\"url\":\"https:\\\/\\\/secure.gravatar.com\\\/avatar\\\/df2aeffc32bcd13f8d26072ef8a91b623d677766deac7f97ca815868cd41bf5e?s=96&d=mm&r=g\",\"width\":96,\"height\":96,\"caption\":\"El Digital de Asturias\"}},{\"@type\":\"WebPage\",\"@id\":\"https:\\\/\\\/www.eldigitaldeasturias.com\\\/noticias\\\/canal-de-panama-y-consorcio-dialogaran-hasta-1-de-febrero-en-busca-solucion\\\/#webpage\",\"url\":\"https:\\\/\\\/www.eldigitaldeasturias.com\\\/noticias\\\/canal-de-panama-y-consorcio-dialogaran-hasta-1-de-febrero-en-busca-solucion\\\/\",\"name\":\"Canal de Panam\\u00e1 y consorcio dialogar\\u00e1n hasta 1 de febrero en busca soluci\\u00f3n - El Digital de Asturias\",\"description\":\"Panam\\u00e1, 23 ene (EFE).- El Grupo Unidos por el Canal (GUPC) inform\\u00f3 hoy de que acord\\u00f3 con la Autoridad del Canal de Panam\\u00e1 (ACP) mantener conversaciones \\\"en principio\\\" hasta el pr\\u00f3ximo 1 de febrero en busca de una soluci\\u00f3n al conflicto contractual que amenaza la ampliaci\\u00f3n de la v\\u00eda interoce\\u00e1nica. El GUPC, liderado por la\",\"inLanguage\":\"es-ES\",\"isPartOf\":{\"@id\":\"https:\\\/\\\/www.eldigitaldeasturias.com\\\/noticias\\\/#website\"},\"breadcrumb\":{\"@id\":\"https:\\\/\\\/www.eldigitaldeasturias.com\\\/noticias\\\/canal-de-panama-y-consorcio-dialogaran-hasta-1-de-febrero-en-busca-solucion\\\/#breadcrumblist\"},\"author\":{\"@id\":\"https:\\\/\\\/www.eldigitaldeasturias.com\\\/noticias\\\/author\\\/admin\\\/#author\"},\"creator\":{\"@id\":\"https:\\\/\\\/www.eldigitaldeasturias.com\\\/noticias\\\/author\\\/admin\\\/#author\"},\"image\":{\"@type\":\"ImageObject\",\"url\":\"https:\\\/\\\/www.eldigitaldeasturias.com\\\/noticias\\\/wp-content\\\/uploads\\\/2026\\\/06\\\/Contenidos.jpg\",\"@id\":\"https:\\\/\\\/www.eldigitaldeasturias.com\\\/noticias\\\/canal-de-panama-y-consorcio-dialogaran-hasta-1-de-febrero-en-busca-solucion\\\/#mainImage\",\"width\":1265,\"height\":697,\"caption\":\"Contenidos\"},\"primaryImageOfPage\":{\"@id\":\"https:\\\/\\\/www.eldigitaldeasturias.com\\\/noticias\\\/canal-de-panama-y-consorcio-dialogaran-hasta-1-de-febrero-en-busca-solucion\\\/#mainImage\"},\"datePublished\":\"2014-01-24T06:38:12+01:00\",\"dateModified\":\"2014-01-24T06:38:12+01:00\"},{\"@type\":\"WebSite\",\"@id\":\"https:\\\/\\\/www.eldigitaldeasturias.com\\\/noticias\\\/#website\",\"url\":\"https:\\\/\\\/www.eldigitaldeasturias.com\\\/noticias\\\/\",\"name\":\"El Digital de Asturias - Diario de actualidad y noticias\",\"alternateName\":\"El Digital de Asturias - Diario de actualidad y noticias\",\"description\":\"Hemeroteca\",\"inLanguage\":\"es-ES\",\"publisher\":{\"@id\":\"https:\\\/\\\/www.eldigitaldeasturias.com\\\/noticias\\\/#organization\"}}]}\n\t\t<\/script>\n\t\t<!-- All in One SEO Pro -->\r\n\t\t<title>Canal de Panam\u00e1 y consorcio dialogar\u00e1n hasta 1 de febrero en busca soluci\u00f3n - El Digital de Asturias<\/title>\n\n","aioseo_head_json":{"title":"Canal de Panam\u00e1 y consorcio dialogar\u00e1n hasta 1 de febrero en busca soluci\u00f3n - El Digital de Asturias","description":"Panam\u00e1, 23 ene (EFE).- El Grupo Unidos por el Canal (GUPC) inform\u00f3 hoy de que acord\u00f3 con la Autoridad del Canal de Panam\u00e1 (ACP) mantener conversaciones \"en principio\" hasta el pr\u00f3ximo 1 de febrero en busca de una soluci\u00f3n al conflicto contractual que amenaza la ampliaci\u00f3n de la v\u00eda interoce\u00e1nica. El GUPC, liderado por la","canonical_url":"https:\/\/www.eldigitaldeasturias.com\/noticias\/canal-de-panama-y-consorcio-dialogaran-hasta-1-de-febrero-en-busca-solucion\/","robots":"max-image-preview:large","keywords":"actualidad","webmasterTools":{"google-site-verification":"UA-38556648-1","msvalidate.01":"7dfe9f3f1b24437ab69f4f2559babe99","miscellaneous":""},"schema":{"@context":"https:\/\/schema.org","@graph":[{"@type":"BlogPosting","@id":"https:\/\/www.eldigitaldeasturias.com\/noticias\/canal-de-panama-y-consorcio-dialogaran-hasta-1-de-febrero-en-busca-solucion\/#blogposting","name":"Canal de Panam\u00e1 y consorcio dialogar\u00e1n hasta 1 de febrero en busca soluci\u00f3n - El Digital de Asturias","headline":"Canal de Panam\u00e1 y consorcio dialogar\u00e1n hasta 1 de febrero en busca soluci\u00f3n","author":{"@id":"https:\/\/www.eldigitaldeasturias.com\/noticias\/author\/admin\/#author"},"publisher":{"@id":"https:\/\/www.eldigitaldeasturias.com\/noticias\/#organization"},"image":{"@type":"ImageObject","url":"https:\/\/www.eldigitaldeasturias.com\/noticias\/wp-content\/uploads\/2026\/06\/Contenidos.jpg","width":1265,"height":697,"caption":"Contenidos"},"datePublished":"2014-01-24T06:38:12+01:00","dateModified":"2014-01-24T06:38:12+01:00","inLanguage":"es-ES","mainEntityOfPage":{"@id":"https:\/\/www.eldigitaldeasturias.com\/noticias\/canal-de-panama-y-consorcio-dialogaran-hasta-1-de-febrero-en-busca-solucion\/#webpage"},"isPartOf":{"@id":"https:\/\/www.eldigitaldeasturias.com\/noticias\/canal-de-panama-y-consorcio-dialogaran-hasta-1-de-febrero-en-busca-solucion\/#webpage"},"articleSection":"Actualidad"},{"@type":"BreadcrumbList","@id":"https:\/\/www.eldigitaldeasturias.com\/noticias\/canal-de-panama-y-consorcio-dialogaran-hasta-1-de-febrero-en-busca-solucion\/#breadcrumblist","itemListElement":[{"@type":"ListItem","@id":"https:\/\/www.eldigitaldeasturias.com\/noticias#listItem","position":1,"name":"Home","item":"https:\/\/www.eldigitaldeasturias.com\/noticias","nextItem":{"@type":"ListItem","@id":"https:\/\/www.eldigitaldeasturias.com\/noticias\/category\/actualidad\/#listItem","name":"Actualidad"}},{"@type":"ListItem","@id":"https:\/\/www.eldigitaldeasturias.com\/noticias\/category\/actualidad\/#listItem","position":2,"name":"Actualidad","item":"https:\/\/www.eldigitaldeasturias.com\/noticias\/category\/actualidad\/","nextItem":{"@type":"ListItem","@id":"https:\/\/www.eldigitaldeasturias.com\/noticias\/canal-de-panama-y-consorcio-dialogaran-hasta-1-de-febrero-en-busca-solucion\/#listItem","name":"Canal de Panam\u00e1 y consorcio dialogar\u00e1n hasta 1 de febrero en busca soluci\u00f3n"},"previousItem":{"@type":"ListItem","@id":"https:\/\/www.eldigitaldeasturias.com\/noticias#listItem","name":"Home"}},{"@type":"ListItem","@id":"https:\/\/www.eldigitaldeasturias.com\/noticias\/canal-de-panama-y-consorcio-dialogaran-hasta-1-de-febrero-en-busca-solucion\/#listItem","position":3,"name":"Canal de Panam\u00e1 y consorcio dialogar\u00e1n hasta 1 de febrero en busca soluci\u00f3n","previousItem":{"@type":"ListItem","@id":"https:\/\/www.eldigitaldeasturias.com\/noticias\/category\/actualidad\/#listItem","name":"Actualidad"}}]},{"@type":"Organization","@id":"https:\/\/www.eldigitaldeasturias.com\/noticias\/#organization","name":"El Digital de Asturias","description":"Hemeroteca","url":"https:\/\/www.eldigitaldeasturias.com\/noticias\/","email":"info@eldigitaldeasturias.com","telephone":"+34652131393","logo":{"@type":"ImageObject","url":"https:\/\/www.eldigitaldeasturias.com\/noticias\/wp-content\/uploads\/2020\/12\/EDA.jpg","@id":"https:\/\/www.eldigitaldeasturias.com\/noticias\/canal-de-panama-y-consorcio-dialogaran-hasta-1-de-febrero-en-busca-solucion\/#organizationLogo"},"image":{"@id":"https:\/\/www.eldigitaldeasturias.com\/noticias\/canal-de-panama-y-consorcio-dialogaran-hasta-1-de-febrero-en-busca-solucion\/#organizationLogo"},"sameAs":["https:\/\/facebook.com\/eldigitaldeasturias","https:\/\/www.youtube.com\/channel\/UCZP-2wLEB9Rv6erhFmqVnvg"],"address":{"@id":"https:\/\/www.eldigitaldeasturias.com\/noticias\/#postaladdress","@type":"PostalAddress","streetAddress":"san antonio 4","postalCode":"33430","addressLocality":"Cand\u00e1s","addressRegion":"Asturias","addressCountry":"ES"}},{"@type":"Person","@id":"https:\/\/www.eldigitaldeasturias.com\/noticias\/author\/admin\/#author","url":"https:\/\/www.eldigitaldeasturias.com\/noticias\/author\/admin\/","name":"El Digital de Asturias","image":{"@type":"ImageObject","@id":"https:\/\/www.eldigitaldeasturias.com\/noticias\/canal-de-panama-y-consorcio-dialogaran-hasta-1-de-febrero-en-busca-solucion\/#authorImage","url":"https:\/\/secure.gravatar.com\/avatar\/df2aeffc32bcd13f8d26072ef8a91b623d677766deac7f97ca815868cd41bf5e?s=96&d=mm&r=g","width":96,"height":96,"caption":"El Digital de Asturias"}},{"@type":"WebPage","@id":"https:\/\/www.eldigitaldeasturias.com\/noticias\/canal-de-panama-y-consorcio-dialogaran-hasta-1-de-febrero-en-busca-solucion\/#webpage","url":"https:\/\/www.eldigitaldeasturias.com\/noticias\/canal-de-panama-y-consorcio-dialogaran-hasta-1-de-febrero-en-busca-solucion\/","name":"Canal de Panam\u00e1 y consorcio dialogar\u00e1n hasta 1 de febrero en busca soluci\u00f3n - El Digital de Asturias","description":"Panam\u00e1, 23 ene (EFE).- El Grupo Unidos por el Canal (GUPC) inform\u00f3 hoy de que acord\u00f3 con la Autoridad del Canal de Panam\u00e1 (ACP) mantener conversaciones \"en principio\" hasta el pr\u00f3ximo 1 de febrero en busca de una soluci\u00f3n al conflicto contractual que amenaza la ampliaci\u00f3n de la v\u00eda interoce\u00e1nica. El GUPC, liderado por la","inLanguage":"es-ES","isPartOf":{"@id":"https:\/\/www.eldigitaldeasturias.com\/noticias\/#website"},"breadcrumb":{"@id":"https:\/\/www.eldigitaldeasturias.com\/noticias\/canal-de-panama-y-consorcio-dialogaran-hasta-1-de-febrero-en-busca-solucion\/#breadcrumblist"},"author":{"@id":"https:\/\/www.eldigitaldeasturias.com\/noticias\/author\/admin\/#author"},"creator":{"@id":"https:\/\/www.eldigitaldeasturias.com\/noticias\/author\/admin\/#author"},"image":{"@type":"ImageObject","url":"https:\/\/www.eldigitaldeasturias.com\/noticias\/wp-content\/uploads\/2026\/06\/Contenidos.jpg","@id":"https:\/\/www.eldigitaldeasturias.com\/noticias\/canal-de-panama-y-consorcio-dialogaran-hasta-1-de-febrero-en-busca-solucion\/#mainImage","width":1265,"height":697,"caption":"Contenidos"},"primaryImageOfPage":{"@id":"https:\/\/www.eldigitaldeasturias.com\/noticias\/canal-de-panama-y-consorcio-dialogaran-hasta-1-de-febrero-en-busca-solucion\/#mainImage"},"datePublished":"2014-01-24T06:38:12+01:00","dateModified":"2014-01-24T06:38:12+01:00"},{"@type":"WebSite","@id":"https:\/\/www.eldigitaldeasturias.com\/noticias\/#website","url":"https:\/\/www.eldigitaldeasturias.com\/noticias\/","name":"El Digital de Asturias - Diario de actualidad y noticias","alternateName":"El Digital de Asturias - Diario de actualidad y noticias","description":"Hemeroteca","inLanguage":"es-ES","publisher":{"@id":"https:\/\/www.eldigitaldeasturias.com\/noticias\/#organization"}}]},"og:locale":"es_ES","og:site_name":"El Digital de Asturias","og:type":"article","og:title":"Canal de Panam\u00e1 y consorcio dialogar\u00e1n hasta 1 de febrero en busca soluci\u00f3n - El Digital de Asturias","og:description":"Panam\u00e1, 23 ene (EFE).- El Grupo Unidos por el Canal (GUPC) inform\u00f3 hoy de que acord\u00f3 con la Autoridad del Canal de Panam\u00e1 (ACP) mantener conversaciones &quot;en principio&quot; hasta el pr\u00f3ximo 1 de febrero en busca de una soluci\u00f3n al conflicto contractual que amenaza la ampliaci\u00f3n de la v\u00eda interoce\u00e1nica. El GUPC, liderado por la","og:url":"https:\/\/www.eldigitaldeasturias.com\/noticias\/canal-de-panama-y-consorcio-dialogaran-hasta-1-de-febrero-en-busca-solucion\/","og:image":"https:\/\/www.eldigitaldeasturias.com\/noticias\/wp-content\/uploads\/2026\/06\/Contenidos.jpg","og:image:secure_url":"https:\/\/www.eldigitaldeasturias.com\/noticias\/wp-content\/uploads\/2026\/06\/Contenidos.jpg","og:image:width":1265,"og:image:height":697,"article:tag":["actualidad"],"article:published_time":"2014-01-24T07:38:12+00:00","article:modified_time":"2014-01-24T07:38:12+00:00","article:publisher":"https:\/\/facebook.com\/eldigitaldeasturias","twitter:card":"summary_large_image","twitter:title":"Canal de Panam\u00e1 y consorcio dialogar\u00e1n hasta 1 de febrero en busca soluci\u00f3n - El Digital de Asturias","twitter:description":"Panam\u00e1, 23 ene (EFE).- El Grupo Unidos por el Canal (GUPC) inform\u00f3 hoy de que acord\u00f3 con la Autoridad del Canal de Panam\u00e1 (ACP) mantener conversaciones &quot;en principio&quot; hasta el pr\u00f3ximo 1 de febrero en busca de una soluci\u00f3n al conflicto contractual que amenaza la ampliaci\u00f3n de la v\u00eda interoce\u00e1nica. El GUPC, liderado por la","twitter:image":"https:\/\/www.eldigitaldeasturias.com\/noticias\/wp-content\/uploads\/2026\/06\/Contenidos.jpg","twitter:label1":"Escrito por","twitter:data1":"El Digital de Asturias","twitter:label2":"Tiempo de lectura estimado","twitter:data2":"3 minutos"},"aioseo_meta_data":{"post_id":"477896","title":null,"description":null,"keywords":null,"keyphrases":null,"primary_term":null,"canonical_url":null,"og_title":null,"og_description":null,"og_object_type":"default","og_image_type":"default","og_image_url":null,"og_image_width":null,"og_image_height":null,"og_image_custom_url":null,"og_image_custom_fields":null,"og_video":null,"og_custom_url":null,"og_article_section":null,"og_article_tags":null,"twitter_use_og":true,"twitter_card":"default","twitter_image_type":"default","twitter_image_url":null,"twitter_image_custom_url":null,"twitter_image_custom_fields":null,"twitter_title":null,"twitter_description":null,"schema":{"blockGraphs":[],"customGraphs":[],"default":{"data":{"Article":[],"Course":[],"Dataset":[],"FAQPage":[],"Movie":[],"Person":[],"Product":[],"ProductReview":[],"Car":[],"Recipe":[],"Service":[],"SoftwareApplication":[],"WebPage":[]},"graphName":"","isEnabled":true},"graphs":[],"defaultGraph":"","defaultPostTypeGraph":""},"schema_type":null,"schema_type_options":null,"pillar_content":false,"robots_default":true,"robots_noindex":false,"robots_noarchive":false,"robots_nosnippet":false,"robots_nofollow":false,"robots_noimageindex":false,"robots_noodp":false,"robots_notranslate":false,"robots_max_snippet":null,"robots_max_videopreview":null,"robots_max_imagepreview":"none","priority":null,"frequency":null,"local_seo":null,"seo_analyzer_scan_date":"2026-06-01 19:55:21","breadcrumb_settings":null,"limit_modified_date":false,"open_ai":null,"ai":null,"created":"2020-11-14 22:53:47","updated":"2026-06-01 19:55:21","focus_keyword":null,"additional_keywords":null,"truseo_locale":null},"aioseo_breadcrumb":"<div class=\"aioseo-breadcrumbs\"><span class=\"aioseo-breadcrumb\">\n\t<a href=\"https:\/\/www.eldigitaldeasturias.com\/noticias\" title=\"Home\">Home<\/a>\n<\/span><span class=\"aioseo-breadcrumb-separator\">\u2013<\/span><span class=\"aioseo-breadcrumb\">\n\t<a href=\"https:\/\/www.eldigitaldeasturias.com\/noticias\/category\/actualidad\/\" title=\"Actualidad\">Actualidad<\/a>\n<\/span><span class=\"aioseo-breadcrumb-separator\">\u2013<\/span><span class=\"aioseo-breadcrumb\">\n\t<a href=\"https:\/\/www.eldigitaldeasturias.com\/noticias\/canal-de-panama-y-consorcio-dialogaran-hasta-1-de-febrero-en-busca-solucion\/\" title=\"Canal de Panam\u00e1 y consorcio dialogar\u00e1n hasta 1 de febrero en busca soluci\u00f3n\">Canal de Panam\u00e1 y consorcio dialogar\u00e1n hasta 1 de febrero en busca soluci\u00f3n<\/a>\n<\/span><\/div>","aioseo_breadcrumb_json":[{"label":"Home","link":"https:\/\/www.eldigitaldeasturias.com\/noticias"},{"label":"Actualidad","link":"https:\/\/www.eldigitaldeasturias.com\/noticias\/category\/actualidad\/"},{"label":"Canal de Panam\u00e1 y consorcio dialogar\u00e1n hasta 1 de febrero en busca soluci\u00f3n","link":"https:\/\/www.eldigitaldeasturias.com\/noticias\/canal-de-panama-y-consorcio-dialogaran-hasta-1-de-febrero-en-busca-solucion\/"}],"_links":{"self":[{"href":"https:\/\/www.eldigitaldeasturias.com\/noticias\/wp-json\/wp\/v2\/posts\/477896","targetHints":{"allow":["GET"]}}],"collection":[{"href":"https:\/\/www.eldigitaldeasturias.com\/noticias\/wp-json\/wp\/v2\/posts"}],"about":[{"href":"https:\/\/www.eldigitaldeasturias.com\/noticias\/wp-json\/wp\/v2\/types\/post"}],"author":[{"embeddable":true,"href":"https:\/\/www.eldigitaldeasturias.com\/noticias\/wp-json\/wp\/v2\/users\/1"}],"replies":[{"embeddable":true,"href":"https:\/\/www.eldigitaldeasturias.com\/noticias\/wp-json\/wp\/v2\/comments?post=477896"}],"version-history":[{"count":0,"href":"https:\/\/www.eldigitaldeasturias.com\/noticias\/wp-json\/wp\/v2\/posts\/477896\/revisions"}],"wp:featuredmedia":[{"embeddable":true,"href":"https:\/\/www.eldigitaldeasturias.com\/noticias\/wp-json\/wp\/v2\/media\/1132184"}],"wp:attachment":[{"href":"https:\/\/www.eldigitaldeasturias.com\/noticias\/wp-json\/wp\/v2\/media?parent=477896"}],"wp:term":[{"taxonomy":"category","embeddable":true,"href":"https:\/\/www.eldigitaldeasturias.com\/noticias\/wp-json\/wp\/v2\/categories?post=477896"},{"taxonomy":"post_tag","embeddable":true,"href":"https:\/\/www.eldigitaldeasturias.com\/noticias\/wp-json\/wp\/v2\/tags?post=477896"}],"curies":[{"name":"wp","href":"https:\/\/api.w.org\/{rel}","templated":true}]}}