{"id":477874,"date":"2014-01-24T06:19:50","date_gmt":"2014-01-24T07:19:50","guid":{"rendered":"http:\/\/www.eldigitaldeasturias.com\/noticias\/?p=477874"},"modified":"2014-01-24T06:19:50","modified_gmt":"2014-01-24T07:19:50","slug":"dimite-el-ministro-de-interior-rumano-por-mala-gestion-en-el-rescate-de-un-avion-accidentado","status":"publish","type":"post","link":"https:\/\/www.eldigitaldeasturias.com\/noticias\/dimite-el-ministro-de-interior-rumano-por-mala-gestion-en-el-rescate-de-un-avion-accidentado\/","title":{"rendered":"Dimite el ministro de Interior rumano por mala gesti\u00f3n en el rescate de un avi\u00f3n accidentado"},"content":{"rendered":"<p><img loading=\"lazy\" decoding=\"async\" class=\"alignleft size-medium wp-image-477875\" alt=\"5870858w\" src=\"https:\/\/www.eldigitaldeasturias.com\/noticias\/wp-content\/uploads\/2014\/01\/5870858w-360x295.jpg\" width=\"360\" height=\"295\" \/>Bucarest, 23 ene (EFE).- El ministro rumano del Interior, Radu Stroe, dimiti\u00f3 hoy por la mala gesti\u00f3n del rescate de las v\u00edctimas de un accidente de avi\u00f3n, que esperaron durante seis horas a los equipos de rescate, tiempo durante el que una persona muri\u00f3 de fr\u00edo.<\/p>\n<p>\u00abSiento que esta tragedia haya sucedido durante mi mandato\u00bb, declar\u00f3 Stroe ante la prensa, tras reconocer que el problema fue la localizaci\u00f3n de las v\u00edctimas.<\/p>\n<p>La descoordinaci\u00f3n de los distintos departamentos de varios ministerios y la aver\u00eda de una antena de GPS propiedad del Ministerio de Defensa que habr\u00eda facilitado la localizaci\u00f3n del punto exacto del siniestro, provoc\u00f3 que los equipos de rescate tardaran casi seis horas en llegar a las v\u00edctimas.<\/p>\n<p>El avi\u00f3n, en el que viajaban siete personas de un equipo m\u00e9dico, se estrell\u00f3 en un bosque en el centro de Ruman\u00eda, en un \u00e1rea cubierta por una capa de 30 cent\u00edmetros de nieve.<\/p>\n<p>El piloto falleci\u00f3 debido a las heridas sufridas en el accidente antes de que llegaran los equipos de socorro, que no pudieron hacer nada por una estudiante de medicina que sufr\u00eda un avanzado estado de hipotermia y que muri\u00f3 poco despu\u00e9s.<\/p>\n","protected":false},"excerpt":{"rendered":"<p>Bucarest, 23 ene (EFE).- El ministro rumano del Interior, Radu Stroe, dimiti\u00f3 hoy por la mala gesti\u00f3n del rescate de las v\u00edctimas de un accidente de avi\u00f3n, que esperaron durante seis horas a los equipos de rescate, tiempo durante el que una persona muri\u00f3 de fr\u00edo. \u00abSiento que esta tragedia haya sucedido durante mi mandato\u00bb, [&hellip;]<\/p>\n","protected":false},"author":1,"featured_media":1132184,"comment_status":"closed","ping_status":"open","sticky":false,"template":"","format":"standard","meta":{"footnotes":""},"categories":[1],"tags":[],"class_list":["post-477874","post","type-post","status-publish","format-standard","has-post-thumbnail","hentry","category-actualidad"],"aioseo_notices":[],"aioseo_head":"\n\t\t<!-- All in One SEO Pro 5.0.1 - aioseo.com -->\n\t<meta name=\"description\" content=\"Bucarest, 23 ene (EFE).- El ministro rumano del Interior, Radu Stroe, dimiti\u00f3 hoy por la mala gesti\u00f3n del rescate de las v\u00edctimas de un accidente de avi\u00f3n, que esperaron durante seis horas a los equipos de rescate, tiempo durante el que una persona muri\u00f3 de fr\u00edo. &quot;Siento que esta tragedia haya sucedido durante mi mandato&quot;,\" \/>\n\t<meta name=\"robots\" content=\"max-image-preview:large\" \/>\n\t<meta name=\"author\" content=\"El Digital de Asturias\"\/>\n\t<meta name=\"google-site-verification\" content=\"UA-38556648-1\" \/>\n\t<meta name=\"msvalidate.01\" content=\"7dfe9f3f1b24437ab69f4f2559babe99\" \/>\n\t<meta name=\"keywords\" content=\"actualidad\" \/>\n\t<link rel=\"canonical\" href=\"https:\/\/www.eldigitaldeasturias.com\/noticias\/dimite-el-ministro-de-interior-rumano-por-mala-gestion-en-el-rescate-de-un-avion-accidentado\/\" \/>\n\t<meta name=\"generator\" content=\"All in One SEO Pro (AIOSEO) 5.0.1\" \/>\n\t\t<meta property=\"og:locale\" content=\"es_ES\" \/>\n\t\t<meta property=\"og:site_name\" content=\"El Digital de Asturias\" \/>\n\t\t<meta property=\"og:type\" content=\"article\" \/>\n\t\t<meta property=\"og:title\" content=\"Dimite el ministro de Interior rumano por mala gesti\u00f3n en el rescate de un avi\u00f3n accidentado - El Digital de Asturias\" \/>\n\t\t<meta property=\"og:description\" content=\"Bucarest, 23 ene (EFE).- El ministro rumano del Interior, Radu Stroe, dimiti\u00f3 hoy por la mala gesti\u00f3n del rescate de las v\u00edctimas de un accidente de avi\u00f3n, que esperaron durante seis horas a los equipos de rescate, tiempo durante el que una persona muri\u00f3 de fr\u00edo. &quot;Siento que esta tragedia haya sucedido durante mi mandato&quot;,\" \/>\n\t\t<meta property=\"og:url\" content=\"https:\/\/www.eldigitaldeasturias.com\/noticias\/dimite-el-ministro-de-interior-rumano-por-mala-gestion-en-el-rescate-de-un-avion-accidentado\/\" \/>\n\t\t<meta property=\"og:image\" content=\"https:\/\/www.eldigitaldeasturias.com\/noticias\/wp-content\/uploads\/2026\/06\/Contenidos.jpg\" \/>\n\t\t<meta property=\"og:image:secure_url\" content=\"https:\/\/www.eldigitaldeasturias.com\/noticias\/wp-content\/uploads\/2026\/06\/Contenidos.jpg\" \/>\n\t\t<meta property=\"og:image:width\" content=\"1265\" \/>\n\t\t<meta property=\"og:image:height\" content=\"697\" \/>\n\t\t<meta property=\"article:tag\" content=\"actualidad\" \/>\n\t\t<meta property=\"article:published_time\" content=\"2014-01-24T07:19:50+00:00\" \/>\n\t\t<meta property=\"article:modified_time\" content=\"2014-01-24T07:19:50+00:00\" \/>\n\t\t<meta property=\"article:publisher\" content=\"https:\/\/facebook.com\/eldigitaldeasturias\" \/>\n\t\t<meta name=\"twitter:card\" content=\"summary_large_image\" \/>\n\t\t<meta name=\"twitter:title\" content=\"Dimite el ministro de Interior rumano por mala gesti\u00f3n en el rescate de un avi\u00f3n accidentado - El Digital de Asturias\" \/>\n\t\t<meta name=\"twitter:description\" content=\"Bucarest, 23 ene (EFE).- El ministro rumano del Interior, Radu Stroe, dimiti\u00f3 hoy por la mala gesti\u00f3n del rescate de las v\u00edctimas de un accidente de avi\u00f3n, que esperaron durante seis horas a los equipos de rescate, tiempo durante el que una persona muri\u00f3 de fr\u00edo. &quot;Siento que esta tragedia haya sucedido durante mi mandato&quot;,\" \/>\n\t\t<meta name=\"twitter:image\" content=\"https:\/\/www.eldigitaldeasturias.com\/noticias\/wp-content\/uploads\/2026\/06\/Contenidos.jpg\" \/>\n\t\t<meta name=\"twitter:label1\" content=\"Escrito por\" \/>\n\t\t<meta name=\"twitter:data1\" content=\"El Digital de Asturias\" \/>\n\t\t<meta name=\"twitter:label2\" content=\"Tiempo de lectura estimado\" \/>\n\t\t<meta name=\"twitter:data2\" content=\"1 minuto\" \/>\n\t\t<script type=\"application\/ld+json\" class=\"aioseo-schema\">\n\t\t\t{\"@context\":\"https:\\\/\\\/schema.org\",\"@graph\":[{\"@type\":\"BlogPosting\",\"@id\":\"https:\\\/\\\/www.eldigitaldeasturias.com\\\/noticias\\\/dimite-el-ministro-de-interior-rumano-por-mala-gestion-en-el-rescate-de-un-avion-accidentado\\\/#blogposting\",\"name\":\"Dimite el ministro de Interior rumano por mala gesti\\u00f3n en el rescate de un avi\\u00f3n accidentado - El Digital de Asturias\",\"headline\":\"Dimite el ministro de Interior rumano por mala gesti\\u00f3n en el rescate de un avi\\u00f3n accidentado\",\"author\":{\"@id\":\"https:\\\/\\\/www.eldigitaldeasturias.com\\\/noticias\\\/author\\\/admin\\\/#author\"},\"publisher\":{\"@id\":\"https:\\\/\\\/www.eldigitaldeasturias.com\\\/noticias\\\/#organization\"},\"image\":{\"@type\":\"ImageObject\",\"url\":\"https:\\\/\\\/www.eldigitaldeasturias.com\\\/noticias\\\/wp-content\\\/uploads\\\/2026\\\/06\\\/Contenidos.jpg\",\"width\":1265,\"height\":697,\"caption\":\"Contenidos\"},\"datePublished\":\"2014-01-24T06:19:50+01:00\",\"dateModified\":\"2014-01-24T06:19:50+01:00\",\"inLanguage\":\"es-ES\",\"mainEntityOfPage\":{\"@id\":\"https:\\\/\\\/www.eldigitaldeasturias.com\\\/noticias\\\/dimite-el-ministro-de-interior-rumano-por-mala-gestion-en-el-rescate-de-un-avion-accidentado\\\/#webpage\"},\"isPartOf\":{\"@id\":\"https:\\\/\\\/www.eldigitaldeasturias.com\\\/noticias\\\/dimite-el-ministro-de-interior-rumano-por-mala-gestion-en-el-rescate-de-un-avion-accidentado\\\/#webpage\"},\"articleSection\":\"Actualidad\"},{\"@type\":\"BreadcrumbList\",\"@id\":\"https:\\\/\\\/www.eldigitaldeasturias.com\\\/noticias\\\/dimite-el-ministro-de-interior-rumano-por-mala-gestion-en-el-rescate-de-un-avion-accidentado\\\/#breadcrumblist\",\"itemListElement\":[{\"@type\":\"ListItem\",\"@id\":\"https:\\\/\\\/www.eldigitaldeasturias.com\\\/noticias#listItem\",\"position\":1,\"name\":\"Home\",\"item\":\"https:\\\/\\\/www.eldigitaldeasturias.com\\\/noticias\",\"nextItem\":{\"@type\":\"ListItem\",\"@id\":\"https:\\\/\\\/www.eldigitaldeasturias.com\\\/noticias\\\/category\\\/actualidad\\\/#listItem\",\"name\":\"Actualidad\"}},{\"@type\":\"ListItem\",\"@id\":\"https:\\\/\\\/www.eldigitaldeasturias.com\\\/noticias\\\/category\\\/actualidad\\\/#listItem\",\"position\":2,\"name\":\"Actualidad\",\"item\":\"https:\\\/\\\/www.eldigitaldeasturias.com\\\/noticias\\\/category\\\/actualidad\\\/\",\"nextItem\":{\"@type\":\"ListItem\",\"@id\":\"https:\\\/\\\/www.eldigitaldeasturias.com\\\/noticias\\\/dimite-el-ministro-de-interior-rumano-por-mala-gestion-en-el-rescate-de-un-avion-accidentado\\\/#listItem\",\"name\":\"Dimite el ministro de Interior rumano por mala gesti\\u00f3n en el rescate de un avi\\u00f3n accidentado\"},\"previousItem\":{\"@type\":\"ListItem\",\"@id\":\"https:\\\/\\\/www.eldigitaldeasturias.com\\\/noticias#listItem\",\"name\":\"Home\"}},{\"@type\":\"ListItem\",\"@id\":\"https:\\\/\\\/www.eldigitaldeasturias.com\\\/noticias\\\/dimite-el-ministro-de-interior-rumano-por-mala-gestion-en-el-rescate-de-un-avion-accidentado\\\/#listItem\",\"position\":3,\"name\":\"Dimite el ministro de Interior rumano por mala gesti\\u00f3n en el rescate de un avi\\u00f3n accidentado\",\"previousItem\":{\"@type\":\"ListItem\",\"@id\":\"https:\\\/\\\/www.eldigitaldeasturias.com\\\/noticias\\\/category\\\/actualidad\\\/#listItem\",\"name\":\"Actualidad\"}}]},{\"@type\":\"Organization\",\"@id\":\"https:\\\/\\\/www.eldigitaldeasturias.com\\\/noticias\\\/#organization\",\"name\":\"El Digital de Asturias\",\"description\":\"Hemeroteca\",\"url\":\"https:\\\/\\\/www.eldigitaldeasturias.com\\\/noticias\\\/\",\"email\":\"info@eldigitaldeasturias.com\",\"telephone\":\"+34652131393\",\"logo\":{\"@type\":\"ImageObject\",\"url\":\"https:\\\/\\\/www.eldigitaldeasturias.com\\\/noticias\\\/wp-content\\\/uploads\\\/2020\\\/12\\\/EDA.jpg\",\"@id\":\"https:\\\/\\\/www.eldigitaldeasturias.com\\\/noticias\\\/dimite-el-ministro-de-interior-rumano-por-mala-gestion-en-el-rescate-de-un-avion-accidentado\\\/#organizationLogo\"},\"image\":{\"@id\":\"https:\\\/\\\/www.eldigitaldeasturias.com\\\/noticias\\\/dimite-el-ministro-de-interior-rumano-por-mala-gestion-en-el-rescate-de-un-avion-accidentado\\\/#organizationLogo\"},\"sameAs\":[\"https:\\\/\\\/facebook.com\\\/eldigitaldeasturias\",\"https:\\\/\\\/www.youtube.com\\\/channel\\\/UCZP-2wLEB9Rv6erhFmqVnvg\"],\"address\":{\"@id\":\"https:\\\/\\\/www.eldigitaldeasturias.com\\\/noticias\\\/#postaladdress\",\"@type\":\"PostalAddress\",\"streetAddress\":\"san antonio 4\",\"postalCode\":\"33430\",\"addressLocality\":\"Cand\\u00e1s\",\"addressRegion\":\"Asturias\",\"addressCountry\":\"ES\"}},{\"@type\":\"Person\",\"@id\":\"https:\\\/\\\/www.eldigitaldeasturias.com\\\/noticias\\\/author\\\/admin\\\/#author\",\"url\":\"https:\\\/\\\/www.eldigitaldeasturias.com\\\/noticias\\\/author\\\/admin\\\/\",\"name\":\"El Digital de Asturias\",\"image\":{\"@type\":\"ImageObject\",\"@id\":\"https:\\\/\\\/www.eldigitaldeasturias.com\\\/noticias\\\/dimite-el-ministro-de-interior-rumano-por-mala-gestion-en-el-rescate-de-un-avion-accidentado\\\/#authorImage\",\"url\":\"https:\\\/\\\/secure.gravatar.com\\\/avatar\\\/df2aeffc32bcd13f8d26072ef8a91b623d677766deac7f97ca815868cd41bf5e?s=96&d=mm&r=g\",\"width\":96,\"height\":96,\"caption\":\"El Digital de Asturias\"}},{\"@type\":\"WebPage\",\"@id\":\"https:\\\/\\\/www.eldigitaldeasturias.com\\\/noticias\\\/dimite-el-ministro-de-interior-rumano-por-mala-gestion-en-el-rescate-de-un-avion-accidentado\\\/#webpage\",\"url\":\"https:\\\/\\\/www.eldigitaldeasturias.com\\\/noticias\\\/dimite-el-ministro-de-interior-rumano-por-mala-gestion-en-el-rescate-de-un-avion-accidentado\\\/\",\"name\":\"Dimite el ministro de Interior rumano por mala gesti\\u00f3n en el rescate de un avi\\u00f3n accidentado - El Digital de Asturias\",\"description\":\"Bucarest, 23 ene (EFE).- El ministro rumano del Interior, Radu Stroe, dimiti\\u00f3 hoy por la mala gesti\\u00f3n del rescate de las v\\u00edctimas de un accidente de avi\\u00f3n, que esperaron durante seis horas a los equipos de rescate, tiempo durante el que una persona muri\\u00f3 de fr\\u00edo. \\\"Siento que esta tragedia haya sucedido durante mi mandato\\\",\",\"inLanguage\":\"es-ES\",\"isPartOf\":{\"@id\":\"https:\\\/\\\/www.eldigitaldeasturias.com\\\/noticias\\\/#website\"},\"breadcrumb\":{\"@id\":\"https:\\\/\\\/www.eldigitaldeasturias.com\\\/noticias\\\/dimite-el-ministro-de-interior-rumano-por-mala-gestion-en-el-rescate-de-un-avion-accidentado\\\/#breadcrumblist\"},\"author\":{\"@id\":\"https:\\\/\\\/www.eldigitaldeasturias.com\\\/noticias\\\/author\\\/admin\\\/#author\"},\"creator\":{\"@id\":\"https:\\\/\\\/www.eldigitaldeasturias.com\\\/noticias\\\/author\\\/admin\\\/#author\"},\"image\":{\"@type\":\"ImageObject\",\"url\":\"https:\\\/\\\/www.eldigitaldeasturias.com\\\/noticias\\\/wp-content\\\/uploads\\\/2026\\\/06\\\/Contenidos.jpg\",\"@id\":\"https:\\\/\\\/www.eldigitaldeasturias.com\\\/noticias\\\/dimite-el-ministro-de-interior-rumano-por-mala-gestion-en-el-rescate-de-un-avion-accidentado\\\/#mainImage\",\"width\":1265,\"height\":697,\"caption\":\"Contenidos\"},\"primaryImageOfPage\":{\"@id\":\"https:\\\/\\\/www.eldigitaldeasturias.com\\\/noticias\\\/dimite-el-ministro-de-interior-rumano-por-mala-gestion-en-el-rescate-de-un-avion-accidentado\\\/#mainImage\"},\"datePublished\":\"2014-01-24T06:19:50+01:00\",\"dateModified\":\"2014-01-24T06:19:50+01:00\"},{\"@type\":\"WebSite\",\"@id\":\"https:\\\/\\\/www.eldigitaldeasturias.com\\\/noticias\\\/#website\",\"url\":\"https:\\\/\\\/www.eldigitaldeasturias.com\\\/noticias\\\/\",\"name\":\"El Digital de Asturias - Diario de actualidad y noticias\",\"alternateName\":\"El Digital de Asturias - Diario de actualidad y noticias\",\"description\":\"Hemeroteca\",\"inLanguage\":\"es-ES\",\"publisher\":{\"@id\":\"https:\\\/\\\/www.eldigitaldeasturias.com\\\/noticias\\\/#organization\"}}]}\n\t\t<\/script>\n\t\t<!-- All in One SEO Pro -->\r\n\t\t<title>Dimite el ministro de Interior rumano por mala gesti\u00f3n en el rescate de un avi\u00f3n accidentado - El Digital de Asturias<\/title>\n\n","aioseo_head_json":{"title":"Dimite el ministro de Interior rumano por mala gesti\u00f3n en el rescate de un avi\u00f3n accidentado - El Digital de Asturias","description":"Bucarest, 23 ene (EFE).- El ministro rumano del Interior, Radu Stroe, dimiti\u00f3 hoy por la mala gesti\u00f3n del rescate de las v\u00edctimas de un accidente de avi\u00f3n, que esperaron durante seis horas a los equipos de rescate, tiempo durante el que una persona muri\u00f3 de fr\u00edo. \"Siento que esta tragedia haya sucedido durante mi mandato\",","canonical_url":"https:\/\/www.eldigitaldeasturias.com\/noticias\/dimite-el-ministro-de-interior-rumano-por-mala-gestion-en-el-rescate-de-un-avion-accidentado\/","robots":"max-image-preview:large","keywords":"actualidad","webmasterTools":{"google-site-verification":"UA-38556648-1","msvalidate.01":"7dfe9f3f1b24437ab69f4f2559babe99","miscellaneous":""},"schema":{"@context":"https:\/\/schema.org","@graph":[{"@type":"BlogPosting","@id":"https:\/\/www.eldigitaldeasturias.com\/noticias\/dimite-el-ministro-de-interior-rumano-por-mala-gestion-en-el-rescate-de-un-avion-accidentado\/#blogposting","name":"Dimite el ministro de Interior rumano por mala gesti\u00f3n en el rescate de un avi\u00f3n accidentado - El Digital de Asturias","headline":"Dimite el ministro de Interior rumano por mala gesti\u00f3n en el rescate de un avi\u00f3n accidentado","author":{"@id":"https:\/\/www.eldigitaldeasturias.com\/noticias\/author\/admin\/#author"},"publisher":{"@id":"https:\/\/www.eldigitaldeasturias.com\/noticias\/#organization"},"image":{"@type":"ImageObject","url":"https:\/\/www.eldigitaldeasturias.com\/noticias\/wp-content\/uploads\/2026\/06\/Contenidos.jpg","width":1265,"height":697,"caption":"Contenidos"},"datePublished":"2014-01-24T06:19:50+01:00","dateModified":"2014-01-24T06:19:50+01:00","inLanguage":"es-ES","mainEntityOfPage":{"@id":"https:\/\/www.eldigitaldeasturias.com\/noticias\/dimite-el-ministro-de-interior-rumano-por-mala-gestion-en-el-rescate-de-un-avion-accidentado\/#webpage"},"isPartOf":{"@id":"https:\/\/www.eldigitaldeasturias.com\/noticias\/dimite-el-ministro-de-interior-rumano-por-mala-gestion-en-el-rescate-de-un-avion-accidentado\/#webpage"},"articleSection":"Actualidad"},{"@type":"BreadcrumbList","@id":"https:\/\/www.eldigitaldeasturias.com\/noticias\/dimite-el-ministro-de-interior-rumano-por-mala-gestion-en-el-rescate-de-un-avion-accidentado\/#breadcrumblist","itemListElement":[{"@type":"ListItem","@id":"https:\/\/www.eldigitaldeasturias.com\/noticias#listItem","position":1,"name":"Home","item":"https:\/\/www.eldigitaldeasturias.com\/noticias","nextItem":{"@type":"ListItem","@id":"https:\/\/www.eldigitaldeasturias.com\/noticias\/category\/actualidad\/#listItem","name":"Actualidad"}},{"@type":"ListItem","@id":"https:\/\/www.eldigitaldeasturias.com\/noticias\/category\/actualidad\/#listItem","position":2,"name":"Actualidad","item":"https:\/\/www.eldigitaldeasturias.com\/noticias\/category\/actualidad\/","nextItem":{"@type":"ListItem","@id":"https:\/\/www.eldigitaldeasturias.com\/noticias\/dimite-el-ministro-de-interior-rumano-por-mala-gestion-en-el-rescate-de-un-avion-accidentado\/#listItem","name":"Dimite el ministro de Interior rumano por mala gesti\u00f3n en el rescate de un avi\u00f3n accidentado"},"previousItem":{"@type":"ListItem","@id":"https:\/\/www.eldigitaldeasturias.com\/noticias#listItem","name":"Home"}},{"@type":"ListItem","@id":"https:\/\/www.eldigitaldeasturias.com\/noticias\/dimite-el-ministro-de-interior-rumano-por-mala-gestion-en-el-rescate-de-un-avion-accidentado\/#listItem","position":3,"name":"Dimite el ministro de Interior rumano por mala gesti\u00f3n en el rescate de un avi\u00f3n accidentado","previousItem":{"@type":"ListItem","@id":"https:\/\/www.eldigitaldeasturias.com\/noticias\/category\/actualidad\/#listItem","name":"Actualidad"}}]},{"@type":"Organization","@id":"https:\/\/www.eldigitaldeasturias.com\/noticias\/#organization","name":"El Digital de Asturias","description":"Hemeroteca","url":"https:\/\/www.eldigitaldeasturias.com\/noticias\/","email":"info@eldigitaldeasturias.com","telephone":"+34652131393","logo":{"@type":"ImageObject","url":"https:\/\/www.eldigitaldeasturias.com\/noticias\/wp-content\/uploads\/2020\/12\/EDA.jpg","@id":"https:\/\/www.eldigitaldeasturias.com\/noticias\/dimite-el-ministro-de-interior-rumano-por-mala-gestion-en-el-rescate-de-un-avion-accidentado\/#organizationLogo"},"image":{"@id":"https:\/\/www.eldigitaldeasturias.com\/noticias\/dimite-el-ministro-de-interior-rumano-por-mala-gestion-en-el-rescate-de-un-avion-accidentado\/#organizationLogo"},"sameAs":["https:\/\/facebook.com\/eldigitaldeasturias","https:\/\/www.youtube.com\/channel\/UCZP-2wLEB9Rv6erhFmqVnvg"],"address":{"@id":"https:\/\/www.eldigitaldeasturias.com\/noticias\/#postaladdress","@type":"PostalAddress","streetAddress":"san antonio 4","postalCode":"33430","addressLocality":"Cand\u00e1s","addressRegion":"Asturias","addressCountry":"ES"}},{"@type":"Person","@id":"https:\/\/www.eldigitaldeasturias.com\/noticias\/author\/admin\/#author","url":"https:\/\/www.eldigitaldeasturias.com\/noticias\/author\/admin\/","name":"El Digital de Asturias","image":{"@type":"ImageObject","@id":"https:\/\/www.eldigitaldeasturias.com\/noticias\/dimite-el-ministro-de-interior-rumano-por-mala-gestion-en-el-rescate-de-un-avion-accidentado\/#authorImage","url":"https:\/\/secure.gravatar.com\/avatar\/df2aeffc32bcd13f8d26072ef8a91b623d677766deac7f97ca815868cd41bf5e?s=96&d=mm&r=g","width":96,"height":96,"caption":"El Digital de Asturias"}},{"@type":"WebPage","@id":"https:\/\/www.eldigitaldeasturias.com\/noticias\/dimite-el-ministro-de-interior-rumano-por-mala-gestion-en-el-rescate-de-un-avion-accidentado\/#webpage","url":"https:\/\/www.eldigitaldeasturias.com\/noticias\/dimite-el-ministro-de-interior-rumano-por-mala-gestion-en-el-rescate-de-un-avion-accidentado\/","name":"Dimite el ministro de Interior rumano por mala gesti\u00f3n en el rescate de un avi\u00f3n accidentado - El Digital de Asturias","description":"Bucarest, 23 ene (EFE).- El ministro rumano del Interior, Radu Stroe, dimiti\u00f3 hoy por la mala gesti\u00f3n del rescate de las v\u00edctimas de un accidente de avi\u00f3n, que esperaron durante seis horas a los equipos de rescate, tiempo durante el que una persona muri\u00f3 de fr\u00edo. \"Siento que esta tragedia haya sucedido durante mi mandato\",","inLanguage":"es-ES","isPartOf":{"@id":"https:\/\/www.eldigitaldeasturias.com\/noticias\/#website"},"breadcrumb":{"@id":"https:\/\/www.eldigitaldeasturias.com\/noticias\/dimite-el-ministro-de-interior-rumano-por-mala-gestion-en-el-rescate-de-un-avion-accidentado\/#breadcrumblist"},"author":{"@id":"https:\/\/www.eldigitaldeasturias.com\/noticias\/author\/admin\/#author"},"creator":{"@id":"https:\/\/www.eldigitaldeasturias.com\/noticias\/author\/admin\/#author"},"image":{"@type":"ImageObject","url":"https:\/\/www.eldigitaldeasturias.com\/noticias\/wp-content\/uploads\/2026\/06\/Contenidos.jpg","@id":"https:\/\/www.eldigitaldeasturias.com\/noticias\/dimite-el-ministro-de-interior-rumano-por-mala-gestion-en-el-rescate-de-un-avion-accidentado\/#mainImage","width":1265,"height":697,"caption":"Contenidos"},"primaryImageOfPage":{"@id":"https:\/\/www.eldigitaldeasturias.com\/noticias\/dimite-el-ministro-de-interior-rumano-por-mala-gestion-en-el-rescate-de-un-avion-accidentado\/#mainImage"},"datePublished":"2014-01-24T06:19:50+01:00","dateModified":"2014-01-24T06:19:50+01:00"},{"@type":"WebSite","@id":"https:\/\/www.eldigitaldeasturias.com\/noticias\/#website","url":"https:\/\/www.eldigitaldeasturias.com\/noticias\/","name":"El Digital de Asturias - Diario de actualidad y noticias","alternateName":"El Digital de Asturias - Diario de actualidad y noticias","description":"Hemeroteca","inLanguage":"es-ES","publisher":{"@id":"https:\/\/www.eldigitaldeasturias.com\/noticias\/#organization"}}]},"og:locale":"es_ES","og:site_name":"El Digital de Asturias","og:type":"article","og:title":"Dimite el ministro de Interior rumano por mala gesti\u00f3n en el rescate de un avi\u00f3n accidentado - El Digital de Asturias","og:description":"Bucarest, 23 ene (EFE).- El ministro rumano del Interior, Radu Stroe, dimiti\u00f3 hoy por la mala gesti\u00f3n del rescate de las v\u00edctimas de un accidente de avi\u00f3n, que esperaron durante seis horas a los equipos de rescate, tiempo durante el que una persona muri\u00f3 de fr\u00edo. &quot;Siento que esta tragedia haya sucedido durante mi mandato&quot;,","og:url":"https:\/\/www.eldigitaldeasturias.com\/noticias\/dimite-el-ministro-de-interior-rumano-por-mala-gestion-en-el-rescate-de-un-avion-accidentado\/","og:image":"https:\/\/www.eldigitaldeasturias.com\/noticias\/wp-content\/uploads\/2026\/06\/Contenidos.jpg","og:image:secure_url":"https:\/\/www.eldigitaldeasturias.com\/noticias\/wp-content\/uploads\/2026\/06\/Contenidos.jpg","og:image:width":1265,"og:image:height":697,"article:tag":["actualidad"],"article:published_time":"2014-01-24T07:19:50+00:00","article:modified_time":"2014-01-24T07:19:50+00:00","article:publisher":"https:\/\/facebook.com\/eldigitaldeasturias","twitter:card":"summary_large_image","twitter:title":"Dimite el ministro de Interior rumano por mala gesti\u00f3n en el rescate de un avi\u00f3n accidentado - El Digital de Asturias","twitter:description":"Bucarest, 23 ene (EFE).- El ministro rumano del Interior, Radu Stroe, dimiti\u00f3 hoy por la mala gesti\u00f3n del rescate de las v\u00edctimas de un accidente de avi\u00f3n, que esperaron durante seis horas a los equipos de rescate, tiempo durante el que una persona muri\u00f3 de fr\u00edo. &quot;Siento que esta tragedia haya sucedido durante mi mandato&quot;,","twitter:image":"https:\/\/www.eldigitaldeasturias.com\/noticias\/wp-content\/uploads\/2026\/06\/Contenidos.jpg","twitter:label1":"Escrito por","twitter:data1":"El Digital de Asturias","twitter:label2":"Tiempo de lectura estimado","twitter:data2":"1 minuto"},"aioseo_meta_data":{"post_id":"477874","title":null,"description":null,"keywords":null,"keyphrases":null,"primary_term":null,"canonical_url":null,"og_title":null,"og_description":null,"og_object_type":"default","og_image_type":"default","og_image_url":null,"og_image_width":null,"og_image_height":null,"og_image_custom_url":null,"og_image_custom_fields":null,"og_video":null,"og_custom_url":null,"og_article_section":null,"og_article_tags":null,"twitter_use_og":true,"twitter_card":"default","twitter_image_type":"default","twitter_image_url":null,"twitter_image_custom_url":null,"twitter_image_custom_fields":null,"twitter_title":null,"twitter_description":null,"schema":{"blockGraphs":[],"customGraphs":[],"default":{"data":{"Article":[],"Course":[],"Dataset":[],"FAQPage":[],"Movie":[],"Person":[],"Product":[],"ProductReview":[],"Car":[],"Recipe":[],"Service":[],"SoftwareApplication":[],"WebPage":[]},"graphName":"","isEnabled":true},"graphs":[],"defaultGraph":"","defaultPostTypeGraph":""},"schema_type":null,"schema_type_options":null,"pillar_content":false,"robots_default":true,"robots_noindex":false,"robots_noarchive":false,"robots_nosnippet":false,"robots_nofollow":false,"robots_noimageindex":false,"robots_noodp":false,"robots_notranslate":false,"robots_max_snippet":null,"robots_max_videopreview":null,"robots_max_imagepreview":"none","priority":null,"frequency":null,"local_seo":null,"seo_analyzer_scan_date":"2026-06-01 19:51:03","breadcrumb_settings":null,"limit_modified_date":false,"open_ai":null,"ai":null,"created":"2020-11-14 22:53:47","updated":"2026-06-01 19:51:03","focus_keyword":null,"additional_keywords":null,"truseo_locale":null},"aioseo_breadcrumb":"<div class=\"aioseo-breadcrumbs\"><span class=\"aioseo-breadcrumb\">\n\t<a href=\"https:\/\/www.eldigitaldeasturias.com\/noticias\" title=\"Home\">Home<\/a>\n<\/span><span class=\"aioseo-breadcrumb-separator\">\u2013<\/span><span class=\"aioseo-breadcrumb\">\n\t<a href=\"https:\/\/www.eldigitaldeasturias.com\/noticias\/category\/actualidad\/\" title=\"Actualidad\">Actualidad<\/a>\n<\/span><span class=\"aioseo-breadcrumb-separator\">\u2013<\/span><span class=\"aioseo-breadcrumb\">\n\t<a href=\"https:\/\/www.eldigitaldeasturias.com\/noticias\/dimite-el-ministro-de-interior-rumano-por-mala-gestion-en-el-rescate-de-un-avion-accidentado\/\" title=\"Dimite el ministro de Interior rumano por mala gesti\u00f3n en el rescate de un avi\u00f3n accidentado\">Dimite el ministro de Interior rumano por mala gesti\u00f3n en el rescate de un avi\u00f3n accidentado<\/a>\n<\/span><\/div>","aioseo_breadcrumb_json":[{"label":"Home","link":"https:\/\/www.eldigitaldeasturias.com\/noticias"},{"label":"Actualidad","link":"https:\/\/www.eldigitaldeasturias.com\/noticias\/category\/actualidad\/"},{"label":"Dimite el ministro de Interior rumano por mala gesti\u00f3n en el rescate de un avi\u00f3n accidentado","link":"https:\/\/www.eldigitaldeasturias.com\/noticias\/dimite-el-ministro-de-interior-rumano-por-mala-gestion-en-el-rescate-de-un-avion-accidentado\/"}],"_links":{"self":[{"href":"https:\/\/www.eldigitaldeasturias.com\/noticias\/wp-json\/wp\/v2\/posts\/477874","targetHints":{"allow":["GET"]}}],"collection":[{"href":"https:\/\/www.eldigitaldeasturias.com\/noticias\/wp-json\/wp\/v2\/posts"}],"about":[{"href":"https:\/\/www.eldigitaldeasturias.com\/noticias\/wp-json\/wp\/v2\/types\/post"}],"author":[{"embeddable":true,"href":"https:\/\/www.eldigitaldeasturias.com\/noticias\/wp-json\/wp\/v2\/users\/1"}],"replies":[{"embeddable":true,"href":"https:\/\/www.eldigitaldeasturias.com\/noticias\/wp-json\/wp\/v2\/comments?post=477874"}],"version-history":[{"count":0,"href":"https:\/\/www.eldigitaldeasturias.com\/noticias\/wp-json\/wp\/v2\/posts\/477874\/revisions"}],"wp:featuredmedia":[{"embeddable":true,"href":"https:\/\/www.eldigitaldeasturias.com\/noticias\/wp-json\/wp\/v2\/media\/1132184"}],"wp:attachment":[{"href":"https:\/\/www.eldigitaldeasturias.com\/noticias\/wp-json\/wp\/v2\/media?parent=477874"}],"wp:term":[{"taxonomy":"category","embeddable":true,"href":"https:\/\/www.eldigitaldeasturias.com\/noticias\/wp-json\/wp\/v2\/categories?post=477874"},{"taxonomy":"post_tag","embeddable":true,"href":"https:\/\/www.eldigitaldeasturias.com\/noticias\/wp-json\/wp\/v2\/tags?post=477874"}],"curies":[{"name":"wp","href":"https:\/\/api.w.org\/{rel}","templated":true}]}}