{"id":477871,"date":"2014-01-24T06:18:00","date_gmt":"2014-01-24T07:18:00","guid":{"rendered":"http:\/\/www.eldigitaldeasturias.com\/noticias\/?p=477871"},"modified":"2014-01-24T06:18:01","modified_gmt":"2014-01-24T07:18:01","slug":"merkel-advierte-de-que-europa-es-casi-una-cuestion-interna-del-gobierno-aleman","status":"publish","type":"post","link":"https:\/\/www.eldigitaldeasturias.com\/noticias\/merkel-advierte-de-que-europa-es-casi-una-cuestion-interna-del-gobierno-aleman\/","title":{"rendered":"Merkel advierte de que Europa es \u00abcasi una cuesti\u00f3n interna\u00bb del Gobierno alem\u00e1n"},"content":{"rendered":"<p><img loading=\"lazy\" decoding=\"async\" class=\"alignleft size-medium wp-image-477872\" alt=\"5870864w\" src=\"https:\/\/www.eldigitaldeasturias.com\/noticias\/wp-content\/uploads\/2014\/01\/5870864w-360x239.jpg\" width=\"360\" height=\"239\" \/>Berl\u00edn, 23 ene (EFE).- La canciller Angela Merkel advirti\u00f3 hoy de que la pol\u00edtica de la UE se ha convertido en \u00abcasi una cuesti\u00f3n interna\u00bb para Alemania, al tiempo que se comprometi\u00f3 a centrar sus esfuerzos ante los comicios europeos en combatir las corrientes populistas y euroesc\u00e9pticas.<\/p>\n<p>\u00abA Alemania s\u00f3lo le va bien cuando le va bien a Europa\u00bb, enfatiz\u00f3 Merkel tras presidir un consejo de ministros extraordinario de dos d\u00edas centrado en fijar las l\u00edneas maestras de la legislatura que arranc\u00f3 con su investidura, a finales de diciembre.<\/p>\n<p>La canciller repiti\u00f3 as\u00ed una frase que, como admiti\u00f3, ha sido su m\u00e1xima durante toda la crisis de la eurozona y ratific\u00f3 su fidelidad a lo que define como \u00abpol\u00edtica social de mercado\u00bb o se\u00f1a de identidad de su Uni\u00f3n Cristianodem\u00f3crata (CDU).<\/p>\n<p>Sobre el l\u00edder del Partido Socialdem\u00f3crata (SPD), vicecanciller y ministro de Econom\u00eda y Energ\u00eda, Sigmar Gabriel, con quien compareci\u00f3 ante los medios, Merkel afirm\u00f3: \u00abSeremos rivales en la campa\u00f1a, porque es natural que as\u00ed sea\u00bb.<\/p>\n<p>\u00abEllo no quita que ambos estemos comprometidos a gobernar juntos los cuatro a\u00f1os de la legislatura\u00bb, a\u00f1adi\u00f3 la canciller, as\u00ed como que los dos principales partidos alemanes compartan el objetivo com\u00fan de concentrar esfuerzos frente a los movimientos antieuropeos.<\/p>\n<p>\u00abDefenderemos juntos Europa\u00bb, a\u00f1adi\u00f3 por su parte Gabriel, convencido de que Berl\u00edn no puede \u00abdejar el gran proyecto que es Europa en manos de aquellos que pretenden destruirlo. Hay muchas formaciones antieuropeas y ultraderechistas en marcha\u00bb.<\/p>\n<p>Por encima de las diferencias y de esa \u00abconfrontaci\u00f3n natural\u00bb que se producir\u00e1 entre la CDU y el SPD en campa\u00f1a, tanto ante los comicios europeos del 25 de mayo como en las sucesivas elecciones regionales que se avecinan, Merkel y Gabriel insistieron en los intereses compartidos, tanto en la UE como en pol\u00edtica interna.<\/p>\n<p>La canciller y su vicecanciller comparecieron as\u00ed como paladines de la lucha contra el populismo, sin hacer referencia a los pol\u00e9micos proyectos sobre la inmigraci\u00f3n lanzados por el tercer partido en la coalici\u00f3n de gobierno, la Uni\u00f3n Socialcristiana de Baviera (CSU).<\/p>\n<p>Frente a los pronunciamientos de Merkel y Gabriel, esta formaci\u00f3n b\u00e1vara, hermanada a la CDU, representa las proclamas m\u00e1s derechistas del espectro parlamentario alem\u00e1n, rayano en lo que en otros pa\u00edses son contenidos propios del populismo.<\/p>\n<p>A escala interna, el gran proyecto de la legislatura es, dijo Merkel, lograr una transici\u00f3n energ\u00e9tica -con el cierre gradual de las plantas at\u00f3micas hasta el desarrollo de las renovables- que garantice el suministro, no dispare la factura el\u00e9ctrica y sea, a la vez, ecol\u00f3gica.<\/p>\n<p>La canciller aludi\u00f3 as\u00ed a uno de los aspectos m\u00e1s controvertidos del paquete energ\u00e9tico -la reducci\u00f3n de las subvenciones a las renovables-, foco de las cr\u00edticas por parte de la oposici\u00f3n pero que el Gobierno defiende como necesario para frenar los costes del consumo.<\/p>\n<p>En esa tarea deber\u00e1 centrarse Gabriel, aunque la canciller dej\u00f3 claro que ella es quien toma las decisiones \u00aben todos los \u00e1mbitos\u00bb, incluidos los ministerios clave que dirige el SPD: Econom\u00eda, Exteriores y Trabajo.<\/p>\n<p>La canciller marc\u00f3 la l\u00ednea en la pol\u00edtica exterior alemana en su primera gran coalici\u00f3n y seguir\u00e1 haci\u00e9ndolo en esta legislatura -entonces, como ahora, con el socialdem\u00f3crata Frank-Walter Steinmeier como ministro-.<\/p>\n<p>Al igual que se propone aplacar a los consorcios del sector frente a la transici\u00f3n energ\u00e9tica que dirigir\u00e1 Gabriel, Merkel imprimir\u00e1 el sello de la CDU en la reforma de las pensiones encomendada a la ministra de Trabajo, Andrea Nahles.<\/p>\n<p>Entre otros puntos, la reforma de las jubilaciones posibilitar\u00e1 el retiro a los 63 a\u00f1os a quienes hayan cotizado durante 45 a\u00f1os, as\u00ed como una serie de mejoras para las madres con hijos nacidos antes de 1992 y subidas en las pensiones de invalidez.<\/p>\n<p>El coste de este paquete se estima en 60.000 millones de euros hasta 2020, sin que est\u00e9 claro de d\u00f3nde saldr\u00e1n y teniendo en cuenta que al frente de Finanzas sigue Wolfgang Sch\u00e4uble, el hombre fuerte de Merkel en la anterior legislatura y estandarte de la austeridad.<\/p>\n<p>Gemma Casadevall<\/p>\n","protected":false},"excerpt":{"rendered":"<p>Berl\u00edn, 23 ene (EFE).- La canciller Angela Merkel advirti\u00f3 hoy de que la pol\u00edtica de la UE se ha convertido en \u00abcasi una cuesti\u00f3n interna\u00bb para Alemania, al tiempo que se comprometi\u00f3 a centrar sus esfuerzos ante los comicios europeos en combatir las corrientes populistas y euroesc\u00e9pticas. \u00abA Alemania s\u00f3lo le va bien cuando le [&hellip;]<\/p>\n","protected":false},"author":1,"featured_media":1132184,"comment_status":"closed","ping_status":"open","sticky":false,"template":"","format":"standard","meta":{"footnotes":""},"categories":[1],"tags":[],"class_list":["post-477871","post","type-post","status-publish","format-standard","has-post-thumbnail","hentry","category-actualidad"],"aioseo_notices":[],"aioseo_head":"\n\t\t<!-- All in One SEO Pro 5.0.1 - aioseo.com -->\n\t<meta name=\"description\" content=\"Berl\u00edn, 23 ene (EFE).- La canciller Angela Merkel advirti\u00f3 hoy de que la pol\u00edtica de la UE se ha convertido en &quot;casi una cuesti\u00f3n interna&quot; para Alemania, al tiempo que se comprometi\u00f3 a centrar sus esfuerzos ante los comicios europeos en combatir las corrientes populistas y euroesc\u00e9pticas. &quot;A Alemania s\u00f3lo le va bien cuando le\" \/>\n\t<meta name=\"robots\" content=\"max-image-preview:large\" \/>\n\t<meta name=\"author\" content=\"El Digital de Asturias\"\/>\n\t<meta name=\"google-site-verification\" content=\"UA-38556648-1\" \/>\n\t<meta name=\"msvalidate.01\" content=\"7dfe9f3f1b24437ab69f4f2559babe99\" \/>\n\t<meta name=\"keywords\" content=\"actualidad\" \/>\n\t<link rel=\"canonical\" href=\"https:\/\/www.eldigitaldeasturias.com\/noticias\/merkel-advierte-de-que-europa-es-casi-una-cuestion-interna-del-gobierno-aleman\/\" \/>\n\t<meta name=\"generator\" content=\"All in One SEO Pro (AIOSEO) 5.0.1\" \/>\n\t\t<meta property=\"og:locale\" content=\"es_ES\" \/>\n\t\t<meta property=\"og:site_name\" content=\"El Digital de Asturias\" \/>\n\t\t<meta property=\"og:type\" content=\"article\" \/>\n\t\t<meta property=\"og:title\" content=\"Merkel advierte de que Europa es \u00abcasi una cuesti\u00f3n interna\u00bb del Gobierno alem\u00e1n - El Digital de Asturias\" \/>\n\t\t<meta property=\"og:description\" content=\"Berl\u00edn, 23 ene (EFE).- La canciller Angela Merkel advirti\u00f3 hoy de que la pol\u00edtica de la UE se ha convertido en &quot;casi una cuesti\u00f3n interna&quot; para Alemania, al tiempo que se comprometi\u00f3 a centrar sus esfuerzos ante los comicios europeos en combatir las corrientes populistas y euroesc\u00e9pticas. &quot;A Alemania s\u00f3lo le va bien cuando le\" \/>\n\t\t<meta property=\"og:url\" content=\"https:\/\/www.eldigitaldeasturias.com\/noticias\/merkel-advierte-de-que-europa-es-casi-una-cuestion-interna-del-gobierno-aleman\/\" \/>\n\t\t<meta property=\"og:image\" content=\"https:\/\/www.eldigitaldeasturias.com\/noticias\/wp-content\/uploads\/2026\/06\/Contenidos.jpg\" \/>\n\t\t<meta property=\"og:image:secure_url\" content=\"https:\/\/www.eldigitaldeasturias.com\/noticias\/wp-content\/uploads\/2026\/06\/Contenidos.jpg\" \/>\n\t\t<meta property=\"og:image:width\" content=\"1265\" \/>\n\t\t<meta property=\"og:image:height\" content=\"697\" \/>\n\t\t<meta property=\"article:tag\" content=\"actualidad\" \/>\n\t\t<meta property=\"article:published_time\" content=\"2014-01-24T07:18:00+00:00\" \/>\n\t\t<meta property=\"article:modified_time\" content=\"2014-01-24T07:18:01+00:00\" \/>\n\t\t<meta property=\"article:publisher\" content=\"https:\/\/facebook.com\/eldigitaldeasturias\" \/>\n\t\t<meta name=\"twitter:card\" content=\"summary_large_image\" \/>\n\t\t<meta name=\"twitter:title\" content=\"Merkel advierte de que Europa es \u00abcasi una cuesti\u00f3n interna\u00bb del Gobierno alem\u00e1n - El Digital de Asturias\" \/>\n\t\t<meta name=\"twitter:description\" content=\"Berl\u00edn, 23 ene (EFE).- La canciller Angela Merkel advirti\u00f3 hoy de que la pol\u00edtica de la UE se ha convertido en &quot;casi una cuesti\u00f3n interna&quot; para Alemania, al tiempo que se comprometi\u00f3 a centrar sus esfuerzos ante los comicios europeos en combatir las corrientes populistas y euroesc\u00e9pticas. &quot;A Alemania s\u00f3lo le va bien cuando le\" \/>\n\t\t<meta name=\"twitter:image\" content=\"https:\/\/www.eldigitaldeasturias.com\/noticias\/wp-content\/uploads\/2026\/06\/Contenidos.jpg\" \/>\n\t\t<meta name=\"twitter:label1\" content=\"Escrito por\" \/>\n\t\t<meta name=\"twitter:data1\" content=\"El Digital de Asturias\" \/>\n\t\t<meta name=\"twitter:label2\" content=\"Tiempo de lectura estimado\" \/>\n\t\t<meta name=\"twitter:data2\" content=\"4 minutos\" \/>\n\t\t<script type=\"application\/ld+json\" class=\"aioseo-schema\">\n\t\t\t{\"@context\":\"https:\\\/\\\/schema.org\",\"@graph\":[{\"@type\":\"BlogPosting\",\"@id\":\"https:\\\/\\\/www.eldigitaldeasturias.com\\\/noticias\\\/merkel-advierte-de-que-europa-es-casi-una-cuestion-interna-del-gobierno-aleman\\\/#blogposting\",\"name\":\"Merkel advierte de que Europa es \\u00abcasi una cuesti\\u00f3n interna\\u00bb del Gobierno alem\\u00e1n - El Digital de Asturias\",\"headline\":\"Merkel advierte de que Europa es \\u00abcasi una cuesti\\u00f3n interna\\u00bb del Gobierno alem\\u00e1n\",\"author\":{\"@id\":\"https:\\\/\\\/www.eldigitaldeasturias.com\\\/noticias\\\/author\\\/admin\\\/#author\"},\"publisher\":{\"@id\":\"https:\\\/\\\/www.eldigitaldeasturias.com\\\/noticias\\\/#organization\"},\"image\":{\"@type\":\"ImageObject\",\"url\":\"https:\\\/\\\/www.eldigitaldeasturias.com\\\/noticias\\\/wp-content\\\/uploads\\\/2026\\\/06\\\/Contenidos.jpg\",\"width\":1265,\"height\":697,\"caption\":\"Contenidos\"},\"datePublished\":\"2014-01-24T06:18:00+01:00\",\"dateModified\":\"2014-01-24T06:18:01+01:00\",\"inLanguage\":\"es-ES\",\"mainEntityOfPage\":{\"@id\":\"https:\\\/\\\/www.eldigitaldeasturias.com\\\/noticias\\\/merkel-advierte-de-que-europa-es-casi-una-cuestion-interna-del-gobierno-aleman\\\/#webpage\"},\"isPartOf\":{\"@id\":\"https:\\\/\\\/www.eldigitaldeasturias.com\\\/noticias\\\/merkel-advierte-de-que-europa-es-casi-una-cuestion-interna-del-gobierno-aleman\\\/#webpage\"},\"articleSection\":\"Actualidad\"},{\"@type\":\"BreadcrumbList\",\"@id\":\"https:\\\/\\\/www.eldigitaldeasturias.com\\\/noticias\\\/merkel-advierte-de-que-europa-es-casi-una-cuestion-interna-del-gobierno-aleman\\\/#breadcrumblist\",\"itemListElement\":[{\"@type\":\"ListItem\",\"@id\":\"https:\\\/\\\/www.eldigitaldeasturias.com\\\/noticias#listItem\",\"position\":1,\"name\":\"Home\",\"item\":\"https:\\\/\\\/www.eldigitaldeasturias.com\\\/noticias\",\"nextItem\":{\"@type\":\"ListItem\",\"@id\":\"https:\\\/\\\/www.eldigitaldeasturias.com\\\/noticias\\\/category\\\/actualidad\\\/#listItem\",\"name\":\"Actualidad\"}},{\"@type\":\"ListItem\",\"@id\":\"https:\\\/\\\/www.eldigitaldeasturias.com\\\/noticias\\\/category\\\/actualidad\\\/#listItem\",\"position\":2,\"name\":\"Actualidad\",\"item\":\"https:\\\/\\\/www.eldigitaldeasturias.com\\\/noticias\\\/category\\\/actualidad\\\/\",\"nextItem\":{\"@type\":\"ListItem\",\"@id\":\"https:\\\/\\\/www.eldigitaldeasturias.com\\\/noticias\\\/merkel-advierte-de-que-europa-es-casi-una-cuestion-interna-del-gobierno-aleman\\\/#listItem\",\"name\":\"Merkel advierte de que Europa es \\u00abcasi una cuesti\\u00f3n interna\\u00bb del Gobierno alem\\u00e1n\"},\"previousItem\":{\"@type\":\"ListItem\",\"@id\":\"https:\\\/\\\/www.eldigitaldeasturias.com\\\/noticias#listItem\",\"name\":\"Home\"}},{\"@type\":\"ListItem\",\"@id\":\"https:\\\/\\\/www.eldigitaldeasturias.com\\\/noticias\\\/merkel-advierte-de-que-europa-es-casi-una-cuestion-interna-del-gobierno-aleman\\\/#listItem\",\"position\":3,\"name\":\"Merkel advierte de que Europa es \\u00abcasi una cuesti\\u00f3n interna\\u00bb del Gobierno alem\\u00e1n\",\"previousItem\":{\"@type\":\"ListItem\",\"@id\":\"https:\\\/\\\/www.eldigitaldeasturias.com\\\/noticias\\\/category\\\/actualidad\\\/#listItem\",\"name\":\"Actualidad\"}}]},{\"@type\":\"Organization\",\"@id\":\"https:\\\/\\\/www.eldigitaldeasturias.com\\\/noticias\\\/#organization\",\"name\":\"El Digital de Asturias\",\"description\":\"Hemeroteca\",\"url\":\"https:\\\/\\\/www.eldigitaldeasturias.com\\\/noticias\\\/\",\"email\":\"info@eldigitaldeasturias.com\",\"telephone\":\"+34652131393\",\"logo\":{\"@type\":\"ImageObject\",\"url\":\"https:\\\/\\\/www.eldigitaldeasturias.com\\\/noticias\\\/wp-content\\\/uploads\\\/2020\\\/12\\\/EDA.jpg\",\"@id\":\"https:\\\/\\\/www.eldigitaldeasturias.com\\\/noticias\\\/merkel-advierte-de-que-europa-es-casi-una-cuestion-interna-del-gobierno-aleman\\\/#organizationLogo\"},\"image\":{\"@id\":\"https:\\\/\\\/www.eldigitaldeasturias.com\\\/noticias\\\/merkel-advierte-de-que-europa-es-casi-una-cuestion-interna-del-gobierno-aleman\\\/#organizationLogo\"},\"sameAs\":[\"https:\\\/\\\/facebook.com\\\/eldigitaldeasturias\",\"https:\\\/\\\/www.youtube.com\\\/channel\\\/UCZP-2wLEB9Rv6erhFmqVnvg\"],\"address\":{\"@id\":\"https:\\\/\\\/www.eldigitaldeasturias.com\\\/noticias\\\/#postaladdress\",\"@type\":\"PostalAddress\",\"streetAddress\":\"san antonio 4\",\"postalCode\":\"33430\",\"addressLocality\":\"Cand\\u00e1s\",\"addressRegion\":\"Asturias\",\"addressCountry\":\"ES\"}},{\"@type\":\"Person\",\"@id\":\"https:\\\/\\\/www.eldigitaldeasturias.com\\\/noticias\\\/author\\\/admin\\\/#author\",\"url\":\"https:\\\/\\\/www.eldigitaldeasturias.com\\\/noticias\\\/author\\\/admin\\\/\",\"name\":\"El Digital de Asturias\",\"image\":{\"@type\":\"ImageObject\",\"@id\":\"https:\\\/\\\/www.eldigitaldeasturias.com\\\/noticias\\\/merkel-advierte-de-que-europa-es-casi-una-cuestion-interna-del-gobierno-aleman\\\/#authorImage\",\"url\":\"https:\\\/\\\/secure.gravatar.com\\\/avatar\\\/df2aeffc32bcd13f8d26072ef8a91b623d677766deac7f97ca815868cd41bf5e?s=96&d=mm&r=g\",\"width\":96,\"height\":96,\"caption\":\"El Digital de Asturias\"}},{\"@type\":\"WebPage\",\"@id\":\"https:\\\/\\\/www.eldigitaldeasturias.com\\\/noticias\\\/merkel-advierte-de-que-europa-es-casi-una-cuestion-interna-del-gobierno-aleman\\\/#webpage\",\"url\":\"https:\\\/\\\/www.eldigitaldeasturias.com\\\/noticias\\\/merkel-advierte-de-que-europa-es-casi-una-cuestion-interna-del-gobierno-aleman\\\/\",\"name\":\"Merkel advierte de que Europa es \\u00abcasi una cuesti\\u00f3n interna\\u00bb del Gobierno alem\\u00e1n - El Digital de Asturias\",\"description\":\"Berl\\u00edn, 23 ene (EFE).- La canciller Angela Merkel advirti\\u00f3 hoy de que la pol\\u00edtica de la UE se ha convertido en \\\"casi una cuesti\\u00f3n interna\\\" para Alemania, al tiempo que se comprometi\\u00f3 a centrar sus esfuerzos ante los comicios europeos en combatir las corrientes populistas y euroesc\\u00e9pticas. \\\"A Alemania s\\u00f3lo le va bien cuando le\",\"inLanguage\":\"es-ES\",\"isPartOf\":{\"@id\":\"https:\\\/\\\/www.eldigitaldeasturias.com\\\/noticias\\\/#website\"},\"breadcrumb\":{\"@id\":\"https:\\\/\\\/www.eldigitaldeasturias.com\\\/noticias\\\/merkel-advierte-de-que-europa-es-casi-una-cuestion-interna-del-gobierno-aleman\\\/#breadcrumblist\"},\"author\":{\"@id\":\"https:\\\/\\\/www.eldigitaldeasturias.com\\\/noticias\\\/author\\\/admin\\\/#author\"},\"creator\":{\"@id\":\"https:\\\/\\\/www.eldigitaldeasturias.com\\\/noticias\\\/author\\\/admin\\\/#author\"},\"image\":{\"@type\":\"ImageObject\",\"url\":\"https:\\\/\\\/www.eldigitaldeasturias.com\\\/noticias\\\/wp-content\\\/uploads\\\/2026\\\/06\\\/Contenidos.jpg\",\"@id\":\"https:\\\/\\\/www.eldigitaldeasturias.com\\\/noticias\\\/merkel-advierte-de-que-europa-es-casi-una-cuestion-interna-del-gobierno-aleman\\\/#mainImage\",\"width\":1265,\"height\":697,\"caption\":\"Contenidos\"},\"primaryImageOfPage\":{\"@id\":\"https:\\\/\\\/www.eldigitaldeasturias.com\\\/noticias\\\/merkel-advierte-de-que-europa-es-casi-una-cuestion-interna-del-gobierno-aleman\\\/#mainImage\"},\"datePublished\":\"2014-01-24T06:18:00+01:00\",\"dateModified\":\"2014-01-24T06:18:01+01:00\"},{\"@type\":\"WebSite\",\"@id\":\"https:\\\/\\\/www.eldigitaldeasturias.com\\\/noticias\\\/#website\",\"url\":\"https:\\\/\\\/www.eldigitaldeasturias.com\\\/noticias\\\/\",\"name\":\"El Digital de Asturias - Diario de actualidad y noticias\",\"alternateName\":\"El Digital de Asturias - Diario de actualidad y noticias\",\"description\":\"Hemeroteca\",\"inLanguage\":\"es-ES\",\"publisher\":{\"@id\":\"https:\\\/\\\/www.eldigitaldeasturias.com\\\/noticias\\\/#organization\"}}]}\n\t\t<\/script>\n\t\t<!-- All in One SEO Pro -->\r\n\t\t<title>Merkel advierte de que Europa es \u00abcasi una cuesti\u00f3n interna\u00bb del Gobierno alem\u00e1n - El Digital de Asturias<\/title>\n\n","aioseo_head_json":{"title":"Merkel advierte de que Europa es \u00abcasi una cuesti\u00f3n interna\u00bb del Gobierno alem\u00e1n - El Digital de Asturias","description":"Berl\u00edn, 23 ene (EFE).- La canciller Angela Merkel advirti\u00f3 hoy de que la pol\u00edtica de la UE se ha convertido en \"casi una cuesti\u00f3n interna\" para Alemania, al tiempo que se comprometi\u00f3 a centrar sus esfuerzos ante los comicios europeos en combatir las corrientes populistas y euroesc\u00e9pticas. \"A Alemania s\u00f3lo le va bien cuando le","canonical_url":"https:\/\/www.eldigitaldeasturias.com\/noticias\/merkel-advierte-de-que-europa-es-casi-una-cuestion-interna-del-gobierno-aleman\/","robots":"max-image-preview:large","keywords":"actualidad","webmasterTools":{"google-site-verification":"UA-38556648-1","msvalidate.01":"7dfe9f3f1b24437ab69f4f2559babe99","miscellaneous":""},"schema":{"@context":"https:\/\/schema.org","@graph":[{"@type":"BlogPosting","@id":"https:\/\/www.eldigitaldeasturias.com\/noticias\/merkel-advierte-de-que-europa-es-casi-una-cuestion-interna-del-gobierno-aleman\/#blogposting","name":"Merkel advierte de que Europa es \u00abcasi una cuesti\u00f3n interna\u00bb del Gobierno alem\u00e1n - El Digital de Asturias","headline":"Merkel advierte de que Europa es \u00abcasi una cuesti\u00f3n interna\u00bb del Gobierno alem\u00e1n","author":{"@id":"https:\/\/www.eldigitaldeasturias.com\/noticias\/author\/admin\/#author"},"publisher":{"@id":"https:\/\/www.eldigitaldeasturias.com\/noticias\/#organization"},"image":{"@type":"ImageObject","url":"https:\/\/www.eldigitaldeasturias.com\/noticias\/wp-content\/uploads\/2026\/06\/Contenidos.jpg","width":1265,"height":697,"caption":"Contenidos"},"datePublished":"2014-01-24T06:18:00+01:00","dateModified":"2014-01-24T06:18:01+01:00","inLanguage":"es-ES","mainEntityOfPage":{"@id":"https:\/\/www.eldigitaldeasturias.com\/noticias\/merkel-advierte-de-que-europa-es-casi-una-cuestion-interna-del-gobierno-aleman\/#webpage"},"isPartOf":{"@id":"https:\/\/www.eldigitaldeasturias.com\/noticias\/merkel-advierte-de-que-europa-es-casi-una-cuestion-interna-del-gobierno-aleman\/#webpage"},"articleSection":"Actualidad"},{"@type":"BreadcrumbList","@id":"https:\/\/www.eldigitaldeasturias.com\/noticias\/merkel-advierte-de-que-europa-es-casi-una-cuestion-interna-del-gobierno-aleman\/#breadcrumblist","itemListElement":[{"@type":"ListItem","@id":"https:\/\/www.eldigitaldeasturias.com\/noticias#listItem","position":1,"name":"Home","item":"https:\/\/www.eldigitaldeasturias.com\/noticias","nextItem":{"@type":"ListItem","@id":"https:\/\/www.eldigitaldeasturias.com\/noticias\/category\/actualidad\/#listItem","name":"Actualidad"}},{"@type":"ListItem","@id":"https:\/\/www.eldigitaldeasturias.com\/noticias\/category\/actualidad\/#listItem","position":2,"name":"Actualidad","item":"https:\/\/www.eldigitaldeasturias.com\/noticias\/category\/actualidad\/","nextItem":{"@type":"ListItem","@id":"https:\/\/www.eldigitaldeasturias.com\/noticias\/merkel-advierte-de-que-europa-es-casi-una-cuestion-interna-del-gobierno-aleman\/#listItem","name":"Merkel advierte de que Europa es \u00abcasi una cuesti\u00f3n interna\u00bb del Gobierno alem\u00e1n"},"previousItem":{"@type":"ListItem","@id":"https:\/\/www.eldigitaldeasturias.com\/noticias#listItem","name":"Home"}},{"@type":"ListItem","@id":"https:\/\/www.eldigitaldeasturias.com\/noticias\/merkel-advierte-de-que-europa-es-casi-una-cuestion-interna-del-gobierno-aleman\/#listItem","position":3,"name":"Merkel advierte de que Europa es \u00abcasi una cuesti\u00f3n interna\u00bb del Gobierno alem\u00e1n","previousItem":{"@type":"ListItem","@id":"https:\/\/www.eldigitaldeasturias.com\/noticias\/category\/actualidad\/#listItem","name":"Actualidad"}}]},{"@type":"Organization","@id":"https:\/\/www.eldigitaldeasturias.com\/noticias\/#organization","name":"El Digital de Asturias","description":"Hemeroteca","url":"https:\/\/www.eldigitaldeasturias.com\/noticias\/","email":"info@eldigitaldeasturias.com","telephone":"+34652131393","logo":{"@type":"ImageObject","url":"https:\/\/www.eldigitaldeasturias.com\/noticias\/wp-content\/uploads\/2020\/12\/EDA.jpg","@id":"https:\/\/www.eldigitaldeasturias.com\/noticias\/merkel-advierte-de-que-europa-es-casi-una-cuestion-interna-del-gobierno-aleman\/#organizationLogo"},"image":{"@id":"https:\/\/www.eldigitaldeasturias.com\/noticias\/merkel-advierte-de-que-europa-es-casi-una-cuestion-interna-del-gobierno-aleman\/#organizationLogo"},"sameAs":["https:\/\/facebook.com\/eldigitaldeasturias","https:\/\/www.youtube.com\/channel\/UCZP-2wLEB9Rv6erhFmqVnvg"],"address":{"@id":"https:\/\/www.eldigitaldeasturias.com\/noticias\/#postaladdress","@type":"PostalAddress","streetAddress":"san antonio 4","postalCode":"33430","addressLocality":"Cand\u00e1s","addressRegion":"Asturias","addressCountry":"ES"}},{"@type":"Person","@id":"https:\/\/www.eldigitaldeasturias.com\/noticias\/author\/admin\/#author","url":"https:\/\/www.eldigitaldeasturias.com\/noticias\/author\/admin\/","name":"El Digital de Asturias","image":{"@type":"ImageObject","@id":"https:\/\/www.eldigitaldeasturias.com\/noticias\/merkel-advierte-de-que-europa-es-casi-una-cuestion-interna-del-gobierno-aleman\/#authorImage","url":"https:\/\/secure.gravatar.com\/avatar\/df2aeffc32bcd13f8d26072ef8a91b623d677766deac7f97ca815868cd41bf5e?s=96&d=mm&r=g","width":96,"height":96,"caption":"El Digital de Asturias"}},{"@type":"WebPage","@id":"https:\/\/www.eldigitaldeasturias.com\/noticias\/merkel-advierte-de-que-europa-es-casi-una-cuestion-interna-del-gobierno-aleman\/#webpage","url":"https:\/\/www.eldigitaldeasturias.com\/noticias\/merkel-advierte-de-que-europa-es-casi-una-cuestion-interna-del-gobierno-aleman\/","name":"Merkel advierte de que Europa es \u00abcasi una cuesti\u00f3n interna\u00bb del Gobierno alem\u00e1n - El Digital de Asturias","description":"Berl\u00edn, 23 ene (EFE).- La canciller Angela Merkel advirti\u00f3 hoy de que la pol\u00edtica de la UE se ha convertido en \"casi una cuesti\u00f3n interna\" para Alemania, al tiempo que se comprometi\u00f3 a centrar sus esfuerzos ante los comicios europeos en combatir las corrientes populistas y euroesc\u00e9pticas. \"A Alemania s\u00f3lo le va bien cuando le","inLanguage":"es-ES","isPartOf":{"@id":"https:\/\/www.eldigitaldeasturias.com\/noticias\/#website"},"breadcrumb":{"@id":"https:\/\/www.eldigitaldeasturias.com\/noticias\/merkel-advierte-de-que-europa-es-casi-una-cuestion-interna-del-gobierno-aleman\/#breadcrumblist"},"author":{"@id":"https:\/\/www.eldigitaldeasturias.com\/noticias\/author\/admin\/#author"},"creator":{"@id":"https:\/\/www.eldigitaldeasturias.com\/noticias\/author\/admin\/#author"},"image":{"@type":"ImageObject","url":"https:\/\/www.eldigitaldeasturias.com\/noticias\/wp-content\/uploads\/2026\/06\/Contenidos.jpg","@id":"https:\/\/www.eldigitaldeasturias.com\/noticias\/merkel-advierte-de-que-europa-es-casi-una-cuestion-interna-del-gobierno-aleman\/#mainImage","width":1265,"height":697,"caption":"Contenidos"},"primaryImageOfPage":{"@id":"https:\/\/www.eldigitaldeasturias.com\/noticias\/merkel-advierte-de-que-europa-es-casi-una-cuestion-interna-del-gobierno-aleman\/#mainImage"},"datePublished":"2014-01-24T06:18:00+01:00","dateModified":"2014-01-24T06:18:01+01:00"},{"@type":"WebSite","@id":"https:\/\/www.eldigitaldeasturias.com\/noticias\/#website","url":"https:\/\/www.eldigitaldeasturias.com\/noticias\/","name":"El Digital de Asturias - Diario de actualidad y noticias","alternateName":"El Digital de Asturias - Diario de actualidad y noticias","description":"Hemeroteca","inLanguage":"es-ES","publisher":{"@id":"https:\/\/www.eldigitaldeasturias.com\/noticias\/#organization"}}]},"og:locale":"es_ES","og:site_name":"El Digital de Asturias","og:type":"article","og:title":"Merkel advierte de que Europa es \u00abcasi una cuesti\u00f3n interna\u00bb del Gobierno alem\u00e1n - El Digital de Asturias","og:description":"Berl\u00edn, 23 ene (EFE).- La canciller Angela Merkel advirti\u00f3 hoy de que la pol\u00edtica de la UE se ha convertido en &quot;casi una cuesti\u00f3n interna&quot; para Alemania, al tiempo que se comprometi\u00f3 a centrar sus esfuerzos ante los comicios europeos en combatir las corrientes populistas y euroesc\u00e9pticas. &quot;A Alemania s\u00f3lo le va bien cuando le","og:url":"https:\/\/www.eldigitaldeasturias.com\/noticias\/merkel-advierte-de-que-europa-es-casi-una-cuestion-interna-del-gobierno-aleman\/","og:image":"https:\/\/www.eldigitaldeasturias.com\/noticias\/wp-content\/uploads\/2026\/06\/Contenidos.jpg","og:image:secure_url":"https:\/\/www.eldigitaldeasturias.com\/noticias\/wp-content\/uploads\/2026\/06\/Contenidos.jpg","og:image:width":1265,"og:image:height":697,"article:tag":["actualidad"],"article:published_time":"2014-01-24T07:18:00+00:00","article:modified_time":"2014-01-24T07:18:01+00:00","article:publisher":"https:\/\/facebook.com\/eldigitaldeasturias","twitter:card":"summary_large_image","twitter:title":"Merkel advierte de que Europa es \u00abcasi una cuesti\u00f3n interna\u00bb del Gobierno alem\u00e1n - El Digital de Asturias","twitter:description":"Berl\u00edn, 23 ene (EFE).- La canciller Angela Merkel advirti\u00f3 hoy de que la pol\u00edtica de la UE se ha convertido en &quot;casi una cuesti\u00f3n interna&quot; para Alemania, al tiempo que se comprometi\u00f3 a centrar sus esfuerzos ante los comicios europeos en combatir las corrientes populistas y euroesc\u00e9pticas. &quot;A Alemania s\u00f3lo le va bien cuando le","twitter:image":"https:\/\/www.eldigitaldeasturias.com\/noticias\/wp-content\/uploads\/2026\/06\/Contenidos.jpg","twitter:label1":"Escrito por","twitter:data1":"El Digital de Asturias","twitter:label2":"Tiempo de lectura estimado","twitter:data2":"4 minutos"},"aioseo_meta_data":{"post_id":"477871","title":null,"description":null,"keywords":null,"keyphrases":null,"primary_term":null,"canonical_url":null,"og_title":null,"og_description":null,"og_object_type":"default","og_image_type":"default","og_image_url":null,"og_image_width":null,"og_image_height":null,"og_image_custom_url":null,"og_image_custom_fields":null,"og_video":null,"og_custom_url":null,"og_article_section":null,"og_article_tags":null,"twitter_use_og":true,"twitter_card":"default","twitter_image_type":"default","twitter_image_url":null,"twitter_image_custom_url":null,"twitter_image_custom_fields":null,"twitter_title":null,"twitter_description":null,"schema":{"blockGraphs":[],"customGraphs":[],"default":{"data":{"Article":[],"Course":[],"Dataset":[],"FAQPage":[],"Movie":[],"Person":[],"Product":[],"ProductReview":[],"Car":[],"Recipe":[],"Service":[],"SoftwareApplication":[],"WebPage":[]},"graphName":"","isEnabled":true},"graphs":[],"defaultGraph":"","defaultPostTypeGraph":""},"schema_type":null,"schema_type_options":null,"pillar_content":false,"robots_default":true,"robots_noindex":false,"robots_noarchive":false,"robots_nosnippet":false,"robots_nofollow":false,"robots_noimageindex":false,"robots_noodp":false,"robots_notranslate":false,"robots_max_snippet":null,"robots_max_videopreview":null,"robots_max_imagepreview":"none","priority":null,"frequency":null,"local_seo":null,"seo_analyzer_scan_date":"2026-06-01 19:51:02","breadcrumb_settings":null,"limit_modified_date":false,"open_ai":null,"ai":null,"created":"2020-11-14 22:53:47","updated":"2026-06-01 19:51:02","focus_keyword":null,"additional_keywords":null,"truseo_locale":null},"aioseo_breadcrumb":"<div class=\"aioseo-breadcrumbs\"><span class=\"aioseo-breadcrumb\">\n\t<a href=\"https:\/\/www.eldigitaldeasturias.com\/noticias\" title=\"Home\">Home<\/a>\n<\/span><span class=\"aioseo-breadcrumb-separator\">\u2013<\/span><span class=\"aioseo-breadcrumb\">\n\t<a href=\"https:\/\/www.eldigitaldeasturias.com\/noticias\/category\/actualidad\/\" title=\"Actualidad\">Actualidad<\/a>\n<\/span><span class=\"aioseo-breadcrumb-separator\">\u2013<\/span><span class=\"aioseo-breadcrumb\">\n\t<a href=\"https:\/\/www.eldigitaldeasturias.com\/noticias\/merkel-advierte-de-que-europa-es-casi-una-cuestion-interna-del-gobierno-aleman\/\" title=\"Merkel advierte de que Europa es \u00abcasi una cuesti\u00f3n interna\u00bb del Gobierno alem\u00e1n\">Merkel advierte de que Europa es \u00abcasi una cuesti\u00f3n interna\u00bb del Gobierno alem\u00e1n<\/a>\n<\/span><\/div>","aioseo_breadcrumb_json":[{"label":"Home","link":"https:\/\/www.eldigitaldeasturias.com\/noticias"},{"label":"Actualidad","link":"https:\/\/www.eldigitaldeasturias.com\/noticias\/category\/actualidad\/"},{"label":"Merkel advierte de que Europa es \u00abcasi una cuesti\u00f3n interna\u00bb del Gobierno alem\u00e1n","link":"https:\/\/www.eldigitaldeasturias.com\/noticias\/merkel-advierte-de-que-europa-es-casi-una-cuestion-interna-del-gobierno-aleman\/"}],"_links":{"self":[{"href":"https:\/\/www.eldigitaldeasturias.com\/noticias\/wp-json\/wp\/v2\/posts\/477871","targetHints":{"allow":["GET"]}}],"collection":[{"href":"https:\/\/www.eldigitaldeasturias.com\/noticias\/wp-json\/wp\/v2\/posts"}],"about":[{"href":"https:\/\/www.eldigitaldeasturias.com\/noticias\/wp-json\/wp\/v2\/types\/post"}],"author":[{"embeddable":true,"href":"https:\/\/www.eldigitaldeasturias.com\/noticias\/wp-json\/wp\/v2\/users\/1"}],"replies":[{"embeddable":true,"href":"https:\/\/www.eldigitaldeasturias.com\/noticias\/wp-json\/wp\/v2\/comments?post=477871"}],"version-history":[{"count":0,"href":"https:\/\/www.eldigitaldeasturias.com\/noticias\/wp-json\/wp\/v2\/posts\/477871\/revisions"}],"wp:featuredmedia":[{"embeddable":true,"href":"https:\/\/www.eldigitaldeasturias.com\/noticias\/wp-json\/wp\/v2\/media\/1132184"}],"wp:attachment":[{"href":"https:\/\/www.eldigitaldeasturias.com\/noticias\/wp-json\/wp\/v2\/media?parent=477871"}],"wp:term":[{"taxonomy":"category","embeddable":true,"href":"https:\/\/www.eldigitaldeasturias.com\/noticias\/wp-json\/wp\/v2\/categories?post=477871"},{"taxonomy":"post_tag","embeddable":true,"href":"https:\/\/www.eldigitaldeasturias.com\/noticias\/wp-json\/wp\/v2\/tags?post=477871"}],"curies":[{"name":"wp","href":"https:\/\/api.w.org\/{rel}","templated":true}]}}