{"id":477868,"date":"2014-01-24T05:53:56","date_gmt":"2014-01-24T06:53:56","guid":{"rendered":"http:\/\/www.eldigitaldeasturias.com\/noticias\/?p=477868"},"modified":"2014-01-24T05:53:56","modified_gmt":"2014-01-24T06:53:56","slug":"valcarcel-denuncia-la-crueldad-de-las-cargas-policiales-en-kiev","status":"publish","type":"post","link":"https:\/\/www.eldigitaldeasturias.com\/noticias\/valcarcel-denuncia-la-crueldad-de-las-cargas-policiales-en-kiev\/","title":{"rendered":"Valc\u00e1rcel denuncia la \u00abcrueldad\u00bb de las cargas policiales en Kiev"},"content":{"rendered":"<p><img loading=\"lazy\" decoding=\"async\" class=\"alignleft size-medium wp-image-477869\" alt=\"5870841w\" src=\"https:\/\/www.eldigitaldeasturias.com\/noticias\/wp-content\/uploads\/2014\/01\/5870841w-360x240.jpg\" width=\"360\" height=\"240\" \/>Kiev, 23 ene (EFE).- El presidente del Comit\u00e9 de las Regiones de la UE, Ram\u00f3n Luis Valc\u00e1rcel, denunci\u00f3 hoy la crueldad de las cargas policiales en Kiev y asegur\u00f3 que el Gobierno ucraniano act\u00faa contra la voluntad de su pueblo.<\/p>\n<p>\u00abLas autoridades utilizan m\u00e9todos de aut\u00e9ntica crueldad, como se ha podido observar por la virulencia de las cargas policiales\u00bb, dijo a Efe Valc\u00e1rcel en la sede de la Uni\u00f3n Europea en la capital ucraniana.<\/p>\n<p>El pol\u00edtico espa\u00f1ol, presidente tambi\u00e9n de la comunidad aut\u00f3noma de Murcia, hizo estas declaraciones tras reunirse con la hija de la encarcelada ex primera ministra ucraniana, Yulia Timoshenko.<\/p>\n<p>\u00abHemos venido a lanzar un mensaje de solidaridad con los que protestan (&#8230;) contra un Gobierno que act\u00faa contra corriente, contra la voluntad de los ucranianos y contra la opini\u00f3n p\u00fablica\u00bb, subray\u00f3.<\/p>\n<p>Valc\u00e1rcel reconoci\u00f3 que las perspectivas de \u00e9xito de unas negociaciones entre gobierno y oposici\u00f3n son \u00abcomplicadas\u00bb, aunque subray\u00f3 que el di\u00e1logo \u00abno s\u00f3lo es posible, sino deseable\u00bb.<\/p>\n<p>En relaci\u00f3n con la situaci\u00f3n de Timoshenko, que cumple siete a\u00f1os de c\u00e1rcel por abuso de poder, Valc\u00e1rcel asegur\u00f3 que la UE exige su inmediata liberaci\u00f3n.<\/p>\n<p>\u00abEs evidente que el restablecimiento de los derechos humanos pasa inexorablemente por la liberaci\u00f3n de los presos pol\u00edticos y, de manera muy especial, de Yulia Timoshenko, que es un ejemplo de integridad y por lo tanto debe ser puesta inmediatamente en libertad\u00bb, coment\u00f3.<\/p>\n<p>Yevguenia Timoshenko expuso hoy a Valc\u00e1rcel la situaci\u00f3n de su madre, que est\u00e1 ingresada en un hospital desde mayo de 2012 aquejada de una hernia discal, y el callej\u00f3n sin salida en el que se encuentra Ucrania debido a las leyes dictatoriales promulgadas por el presidente ucraniano, V\u00edktor Yanuk\u00f3vich.<\/p>\n<p>En relaci\u00f3n con el Acuerdo de Asociaci\u00f3n con Ucrania, cuyo rechazo por el Gobierno desat\u00f3 las protestas antigubernamentales hace m\u00e1s de dos meses, Valc\u00e1rcel advirti\u00f3 que \u00absi no se firma ese acuerdo es evidente que perder\u00e1n m\u00e1s lo ucranianos que nadie\u00bb.<\/p>\n<p>Los manifestantes y la polic\u00eda antidisturbios acordaron hoy suspender provisionalmente en sus hostilidades hasta conocer el resultado de las negociaciones de hoy entre los l\u00edderes opositores y Yanuk\u00f3vich.<\/p>\n<p>Las protestas antigubernamentales, que arrancaron en noviembre por la decisi\u00f3n del Gobierno de suspender la firma de un Acuerdo de Asociaci\u00f3n con la UE, desembocaron el domingo pasado en des\u00f3rdenes tras la aprobaci\u00f3n de un paquete de leyes que la oposici\u00f3n considera que allanan el camino para un Estado policial como el bielorruso.<\/p>\n","protected":false},"excerpt":{"rendered":"<p>Kiev, 23 ene (EFE).- El presidente del Comit\u00e9 de las Regiones de la UE, Ram\u00f3n Luis Valc\u00e1rcel, denunci\u00f3 hoy la crueldad de las cargas policiales en Kiev y asegur\u00f3 que el Gobierno ucraniano act\u00faa contra la voluntad de su pueblo. \u00abLas autoridades utilizan m\u00e9todos de aut\u00e9ntica crueldad, como se ha podido observar por la virulencia [&hellip;]<\/p>\n","protected":false},"author":1,"featured_media":1132184,"comment_status":"closed","ping_status":"open","sticky":false,"template":"","format":"standard","meta":{"footnotes":""},"categories":[1],"tags":[],"class_list":["post-477868","post","type-post","status-publish","format-standard","has-post-thumbnail","hentry","category-actualidad"],"aioseo_notices":[],"aioseo_head":"\n\t\t<!-- All in One SEO Pro 5.0.1 - aioseo.com -->\n\t<meta name=\"description\" content=\"Kiev, 23 ene (EFE).- El presidente del Comit\u00e9 de las Regiones de la UE, Ram\u00f3n Luis Valc\u00e1rcel, denunci\u00f3 hoy la crueldad de las cargas policiales en Kiev y asegur\u00f3 que el Gobierno ucraniano act\u00faa contra la voluntad de su pueblo. &quot;Las autoridades utilizan m\u00e9todos de aut\u00e9ntica crueldad, como se ha podido observar por la virulencia\" \/>\n\t<meta name=\"robots\" content=\"max-image-preview:large\" \/>\n\t<meta name=\"author\" content=\"El Digital de Asturias\"\/>\n\t<meta name=\"google-site-verification\" content=\"UA-38556648-1\" \/>\n\t<meta name=\"msvalidate.01\" content=\"7dfe9f3f1b24437ab69f4f2559babe99\" \/>\n\t<meta name=\"keywords\" content=\"actualidad\" \/>\n\t<link rel=\"canonical\" href=\"https:\/\/www.eldigitaldeasturias.com\/noticias\/valcarcel-denuncia-la-crueldad-de-las-cargas-policiales-en-kiev\/\" \/>\n\t<meta name=\"generator\" content=\"All in One SEO Pro (AIOSEO) 5.0.1\" \/>\n\t\t<meta property=\"og:locale\" content=\"es_ES\" \/>\n\t\t<meta property=\"og:site_name\" content=\"El Digital de Asturias\" \/>\n\t\t<meta property=\"og:type\" content=\"article\" \/>\n\t\t<meta property=\"og:title\" content=\"Valc\u00e1rcel denuncia la \u00abcrueldad\u00bb de las cargas policiales en Kiev - El Digital de Asturias\" \/>\n\t\t<meta property=\"og:description\" content=\"Kiev, 23 ene (EFE).- El presidente del Comit\u00e9 de las Regiones de la UE, Ram\u00f3n Luis Valc\u00e1rcel, denunci\u00f3 hoy la crueldad de las cargas policiales en Kiev y asegur\u00f3 que el Gobierno ucraniano act\u00faa contra la voluntad de su pueblo. &quot;Las autoridades utilizan m\u00e9todos de aut\u00e9ntica crueldad, como se ha podido observar por la virulencia\" \/>\n\t\t<meta property=\"og:url\" content=\"https:\/\/www.eldigitaldeasturias.com\/noticias\/valcarcel-denuncia-la-crueldad-de-las-cargas-policiales-en-kiev\/\" \/>\n\t\t<meta property=\"og:image\" content=\"https:\/\/www.eldigitaldeasturias.com\/noticias\/wp-content\/uploads\/2026\/06\/Contenidos.jpg\" \/>\n\t\t<meta property=\"og:image:secure_url\" content=\"https:\/\/www.eldigitaldeasturias.com\/noticias\/wp-content\/uploads\/2026\/06\/Contenidos.jpg\" \/>\n\t\t<meta property=\"og:image:width\" content=\"1265\" \/>\n\t\t<meta property=\"og:image:height\" content=\"697\" \/>\n\t\t<meta property=\"article:tag\" content=\"actualidad\" \/>\n\t\t<meta property=\"article:published_time\" content=\"2014-01-24T06:53:56+00:00\" \/>\n\t\t<meta property=\"article:modified_time\" content=\"2014-01-24T06:53:56+00:00\" \/>\n\t\t<meta property=\"article:publisher\" content=\"https:\/\/facebook.com\/eldigitaldeasturias\" \/>\n\t\t<meta name=\"twitter:card\" content=\"summary_large_image\" \/>\n\t\t<meta name=\"twitter:title\" content=\"Valc\u00e1rcel denuncia la \u00abcrueldad\u00bb de las cargas policiales en Kiev - El Digital de Asturias\" \/>\n\t\t<meta name=\"twitter:description\" content=\"Kiev, 23 ene (EFE).- El presidente del Comit\u00e9 de las Regiones de la UE, Ram\u00f3n Luis Valc\u00e1rcel, denunci\u00f3 hoy la crueldad de las cargas policiales en Kiev y asegur\u00f3 que el Gobierno ucraniano act\u00faa contra la voluntad de su pueblo. &quot;Las autoridades utilizan m\u00e9todos de aut\u00e9ntica crueldad, como se ha podido observar por la virulencia\" \/>\n\t\t<meta name=\"twitter:image\" content=\"https:\/\/www.eldigitaldeasturias.com\/noticias\/wp-content\/uploads\/2026\/06\/Contenidos.jpg\" \/>\n\t\t<meta name=\"twitter:label1\" content=\"Escrito por\" \/>\n\t\t<meta name=\"twitter:data1\" content=\"El Digital de Asturias\" \/>\n\t\t<meta name=\"twitter:label2\" content=\"Tiempo de lectura estimado\" \/>\n\t\t<meta name=\"twitter:data2\" content=\"2 minutos\" \/>\n\t\t<script type=\"application\/ld+json\" class=\"aioseo-schema\">\n\t\t\t{\"@context\":\"https:\\\/\\\/schema.org\",\"@graph\":[{\"@type\":\"BlogPosting\",\"@id\":\"https:\\\/\\\/www.eldigitaldeasturias.com\\\/noticias\\\/valcarcel-denuncia-la-crueldad-de-las-cargas-policiales-en-kiev\\\/#blogposting\",\"name\":\"Valc\\u00e1rcel denuncia la \\u00abcrueldad\\u00bb de las cargas policiales en Kiev - El Digital de Asturias\",\"headline\":\"Valc\\u00e1rcel denuncia la \\u00abcrueldad\\u00bb de las cargas policiales en Kiev\",\"author\":{\"@id\":\"https:\\\/\\\/www.eldigitaldeasturias.com\\\/noticias\\\/author\\\/admin\\\/#author\"},\"publisher\":{\"@id\":\"https:\\\/\\\/www.eldigitaldeasturias.com\\\/noticias\\\/#organization\"},\"image\":{\"@type\":\"ImageObject\",\"url\":\"https:\\\/\\\/www.eldigitaldeasturias.com\\\/noticias\\\/wp-content\\\/uploads\\\/2026\\\/06\\\/Contenidos.jpg\",\"width\":1265,\"height\":697,\"caption\":\"Contenidos\"},\"datePublished\":\"2014-01-24T05:53:56+01:00\",\"dateModified\":\"2014-01-24T05:53:56+01:00\",\"inLanguage\":\"es-ES\",\"mainEntityOfPage\":{\"@id\":\"https:\\\/\\\/www.eldigitaldeasturias.com\\\/noticias\\\/valcarcel-denuncia-la-crueldad-de-las-cargas-policiales-en-kiev\\\/#webpage\"},\"isPartOf\":{\"@id\":\"https:\\\/\\\/www.eldigitaldeasturias.com\\\/noticias\\\/valcarcel-denuncia-la-crueldad-de-las-cargas-policiales-en-kiev\\\/#webpage\"},\"articleSection\":\"Actualidad\"},{\"@type\":\"BreadcrumbList\",\"@id\":\"https:\\\/\\\/www.eldigitaldeasturias.com\\\/noticias\\\/valcarcel-denuncia-la-crueldad-de-las-cargas-policiales-en-kiev\\\/#breadcrumblist\",\"itemListElement\":[{\"@type\":\"ListItem\",\"@id\":\"https:\\\/\\\/www.eldigitaldeasturias.com\\\/noticias#listItem\",\"position\":1,\"name\":\"Home\",\"item\":\"https:\\\/\\\/www.eldigitaldeasturias.com\\\/noticias\",\"nextItem\":{\"@type\":\"ListItem\",\"@id\":\"https:\\\/\\\/www.eldigitaldeasturias.com\\\/noticias\\\/category\\\/actualidad\\\/#listItem\",\"name\":\"Actualidad\"}},{\"@type\":\"ListItem\",\"@id\":\"https:\\\/\\\/www.eldigitaldeasturias.com\\\/noticias\\\/category\\\/actualidad\\\/#listItem\",\"position\":2,\"name\":\"Actualidad\",\"item\":\"https:\\\/\\\/www.eldigitaldeasturias.com\\\/noticias\\\/category\\\/actualidad\\\/\",\"nextItem\":{\"@type\":\"ListItem\",\"@id\":\"https:\\\/\\\/www.eldigitaldeasturias.com\\\/noticias\\\/valcarcel-denuncia-la-crueldad-de-las-cargas-policiales-en-kiev\\\/#listItem\",\"name\":\"Valc\\u00e1rcel denuncia la \\u00abcrueldad\\u00bb de las cargas policiales en Kiev\"},\"previousItem\":{\"@type\":\"ListItem\",\"@id\":\"https:\\\/\\\/www.eldigitaldeasturias.com\\\/noticias#listItem\",\"name\":\"Home\"}},{\"@type\":\"ListItem\",\"@id\":\"https:\\\/\\\/www.eldigitaldeasturias.com\\\/noticias\\\/valcarcel-denuncia-la-crueldad-de-las-cargas-policiales-en-kiev\\\/#listItem\",\"position\":3,\"name\":\"Valc\\u00e1rcel denuncia la \\u00abcrueldad\\u00bb de las cargas policiales en Kiev\",\"previousItem\":{\"@type\":\"ListItem\",\"@id\":\"https:\\\/\\\/www.eldigitaldeasturias.com\\\/noticias\\\/category\\\/actualidad\\\/#listItem\",\"name\":\"Actualidad\"}}]},{\"@type\":\"Organization\",\"@id\":\"https:\\\/\\\/www.eldigitaldeasturias.com\\\/noticias\\\/#organization\",\"name\":\"El Digital de Asturias\",\"description\":\"Hemeroteca\",\"url\":\"https:\\\/\\\/www.eldigitaldeasturias.com\\\/noticias\\\/\",\"email\":\"info@eldigitaldeasturias.com\",\"telephone\":\"+34652131393\",\"logo\":{\"@type\":\"ImageObject\",\"url\":\"https:\\\/\\\/www.eldigitaldeasturias.com\\\/noticias\\\/wp-content\\\/uploads\\\/2020\\\/12\\\/EDA.jpg\",\"@id\":\"https:\\\/\\\/www.eldigitaldeasturias.com\\\/noticias\\\/valcarcel-denuncia-la-crueldad-de-las-cargas-policiales-en-kiev\\\/#organizationLogo\"},\"image\":{\"@id\":\"https:\\\/\\\/www.eldigitaldeasturias.com\\\/noticias\\\/valcarcel-denuncia-la-crueldad-de-las-cargas-policiales-en-kiev\\\/#organizationLogo\"},\"sameAs\":[\"https:\\\/\\\/facebook.com\\\/eldigitaldeasturias\",\"https:\\\/\\\/www.youtube.com\\\/channel\\\/UCZP-2wLEB9Rv6erhFmqVnvg\"],\"address\":{\"@id\":\"https:\\\/\\\/www.eldigitaldeasturias.com\\\/noticias\\\/#postaladdress\",\"@type\":\"PostalAddress\",\"streetAddress\":\"san antonio 4\",\"postalCode\":\"33430\",\"addressLocality\":\"Cand\\u00e1s\",\"addressRegion\":\"Asturias\",\"addressCountry\":\"ES\"}},{\"@type\":\"Person\",\"@id\":\"https:\\\/\\\/www.eldigitaldeasturias.com\\\/noticias\\\/author\\\/admin\\\/#author\",\"url\":\"https:\\\/\\\/www.eldigitaldeasturias.com\\\/noticias\\\/author\\\/admin\\\/\",\"name\":\"El Digital de Asturias\",\"image\":{\"@type\":\"ImageObject\",\"@id\":\"https:\\\/\\\/www.eldigitaldeasturias.com\\\/noticias\\\/valcarcel-denuncia-la-crueldad-de-las-cargas-policiales-en-kiev\\\/#authorImage\",\"url\":\"https:\\\/\\\/secure.gravatar.com\\\/avatar\\\/df2aeffc32bcd13f8d26072ef8a91b623d677766deac7f97ca815868cd41bf5e?s=96&d=mm&r=g\",\"width\":96,\"height\":96,\"caption\":\"El Digital de Asturias\"}},{\"@type\":\"WebPage\",\"@id\":\"https:\\\/\\\/www.eldigitaldeasturias.com\\\/noticias\\\/valcarcel-denuncia-la-crueldad-de-las-cargas-policiales-en-kiev\\\/#webpage\",\"url\":\"https:\\\/\\\/www.eldigitaldeasturias.com\\\/noticias\\\/valcarcel-denuncia-la-crueldad-de-las-cargas-policiales-en-kiev\\\/\",\"name\":\"Valc\\u00e1rcel denuncia la \\u00abcrueldad\\u00bb de las cargas policiales en Kiev - El Digital de Asturias\",\"description\":\"Kiev, 23 ene (EFE).- El presidente del Comit\\u00e9 de las Regiones de la UE, Ram\\u00f3n Luis Valc\\u00e1rcel, denunci\\u00f3 hoy la crueldad de las cargas policiales en Kiev y asegur\\u00f3 que el Gobierno ucraniano act\\u00faa contra la voluntad de su pueblo. \\\"Las autoridades utilizan m\\u00e9todos de aut\\u00e9ntica crueldad, como se ha podido observar por la virulencia\",\"inLanguage\":\"es-ES\",\"isPartOf\":{\"@id\":\"https:\\\/\\\/www.eldigitaldeasturias.com\\\/noticias\\\/#website\"},\"breadcrumb\":{\"@id\":\"https:\\\/\\\/www.eldigitaldeasturias.com\\\/noticias\\\/valcarcel-denuncia-la-crueldad-de-las-cargas-policiales-en-kiev\\\/#breadcrumblist\"},\"author\":{\"@id\":\"https:\\\/\\\/www.eldigitaldeasturias.com\\\/noticias\\\/author\\\/admin\\\/#author\"},\"creator\":{\"@id\":\"https:\\\/\\\/www.eldigitaldeasturias.com\\\/noticias\\\/author\\\/admin\\\/#author\"},\"image\":{\"@type\":\"ImageObject\",\"url\":\"https:\\\/\\\/www.eldigitaldeasturias.com\\\/noticias\\\/wp-content\\\/uploads\\\/2026\\\/06\\\/Contenidos.jpg\",\"@id\":\"https:\\\/\\\/www.eldigitaldeasturias.com\\\/noticias\\\/valcarcel-denuncia-la-crueldad-de-las-cargas-policiales-en-kiev\\\/#mainImage\",\"width\":1265,\"height\":697,\"caption\":\"Contenidos\"},\"primaryImageOfPage\":{\"@id\":\"https:\\\/\\\/www.eldigitaldeasturias.com\\\/noticias\\\/valcarcel-denuncia-la-crueldad-de-las-cargas-policiales-en-kiev\\\/#mainImage\"},\"datePublished\":\"2014-01-24T05:53:56+01:00\",\"dateModified\":\"2014-01-24T05:53:56+01:00\"},{\"@type\":\"WebSite\",\"@id\":\"https:\\\/\\\/www.eldigitaldeasturias.com\\\/noticias\\\/#website\",\"url\":\"https:\\\/\\\/www.eldigitaldeasturias.com\\\/noticias\\\/\",\"name\":\"El Digital de Asturias - Diario de actualidad y noticias\",\"alternateName\":\"El Digital de Asturias - Diario de actualidad y noticias\",\"description\":\"Hemeroteca\",\"inLanguage\":\"es-ES\",\"publisher\":{\"@id\":\"https:\\\/\\\/www.eldigitaldeasturias.com\\\/noticias\\\/#organization\"}}]}\n\t\t<\/script>\n\t\t<!-- All in One SEO Pro -->\r\n\t\t<title>Valc\u00e1rcel denuncia la \u00abcrueldad\u00bb de las cargas policiales en Kiev - El Digital de Asturias<\/title>\n\n","aioseo_head_json":{"title":"Valc\u00e1rcel denuncia la \u00abcrueldad\u00bb de las cargas policiales en Kiev - El Digital de Asturias","description":"Kiev, 23 ene (EFE).- El presidente del Comit\u00e9 de las Regiones de la UE, Ram\u00f3n Luis Valc\u00e1rcel, denunci\u00f3 hoy la crueldad de las cargas policiales en Kiev y asegur\u00f3 que el Gobierno ucraniano act\u00faa contra la voluntad de su pueblo. \"Las autoridades utilizan m\u00e9todos de aut\u00e9ntica crueldad, como se ha podido observar por la virulencia","canonical_url":"https:\/\/www.eldigitaldeasturias.com\/noticias\/valcarcel-denuncia-la-crueldad-de-las-cargas-policiales-en-kiev\/","robots":"max-image-preview:large","keywords":"actualidad","webmasterTools":{"google-site-verification":"UA-38556648-1","msvalidate.01":"7dfe9f3f1b24437ab69f4f2559babe99","miscellaneous":""},"schema":{"@context":"https:\/\/schema.org","@graph":[{"@type":"BlogPosting","@id":"https:\/\/www.eldigitaldeasturias.com\/noticias\/valcarcel-denuncia-la-crueldad-de-las-cargas-policiales-en-kiev\/#blogposting","name":"Valc\u00e1rcel denuncia la \u00abcrueldad\u00bb de las cargas policiales en Kiev - El Digital de Asturias","headline":"Valc\u00e1rcel denuncia la \u00abcrueldad\u00bb de las cargas policiales en Kiev","author":{"@id":"https:\/\/www.eldigitaldeasturias.com\/noticias\/author\/admin\/#author"},"publisher":{"@id":"https:\/\/www.eldigitaldeasturias.com\/noticias\/#organization"},"image":{"@type":"ImageObject","url":"https:\/\/www.eldigitaldeasturias.com\/noticias\/wp-content\/uploads\/2026\/06\/Contenidos.jpg","width":1265,"height":697,"caption":"Contenidos"},"datePublished":"2014-01-24T05:53:56+01:00","dateModified":"2014-01-24T05:53:56+01:00","inLanguage":"es-ES","mainEntityOfPage":{"@id":"https:\/\/www.eldigitaldeasturias.com\/noticias\/valcarcel-denuncia-la-crueldad-de-las-cargas-policiales-en-kiev\/#webpage"},"isPartOf":{"@id":"https:\/\/www.eldigitaldeasturias.com\/noticias\/valcarcel-denuncia-la-crueldad-de-las-cargas-policiales-en-kiev\/#webpage"},"articleSection":"Actualidad"},{"@type":"BreadcrumbList","@id":"https:\/\/www.eldigitaldeasturias.com\/noticias\/valcarcel-denuncia-la-crueldad-de-las-cargas-policiales-en-kiev\/#breadcrumblist","itemListElement":[{"@type":"ListItem","@id":"https:\/\/www.eldigitaldeasturias.com\/noticias#listItem","position":1,"name":"Home","item":"https:\/\/www.eldigitaldeasturias.com\/noticias","nextItem":{"@type":"ListItem","@id":"https:\/\/www.eldigitaldeasturias.com\/noticias\/category\/actualidad\/#listItem","name":"Actualidad"}},{"@type":"ListItem","@id":"https:\/\/www.eldigitaldeasturias.com\/noticias\/category\/actualidad\/#listItem","position":2,"name":"Actualidad","item":"https:\/\/www.eldigitaldeasturias.com\/noticias\/category\/actualidad\/","nextItem":{"@type":"ListItem","@id":"https:\/\/www.eldigitaldeasturias.com\/noticias\/valcarcel-denuncia-la-crueldad-de-las-cargas-policiales-en-kiev\/#listItem","name":"Valc\u00e1rcel denuncia la \u00abcrueldad\u00bb de las cargas policiales en Kiev"},"previousItem":{"@type":"ListItem","@id":"https:\/\/www.eldigitaldeasturias.com\/noticias#listItem","name":"Home"}},{"@type":"ListItem","@id":"https:\/\/www.eldigitaldeasturias.com\/noticias\/valcarcel-denuncia-la-crueldad-de-las-cargas-policiales-en-kiev\/#listItem","position":3,"name":"Valc\u00e1rcel denuncia la \u00abcrueldad\u00bb de las cargas policiales en Kiev","previousItem":{"@type":"ListItem","@id":"https:\/\/www.eldigitaldeasturias.com\/noticias\/category\/actualidad\/#listItem","name":"Actualidad"}}]},{"@type":"Organization","@id":"https:\/\/www.eldigitaldeasturias.com\/noticias\/#organization","name":"El Digital de Asturias","description":"Hemeroteca","url":"https:\/\/www.eldigitaldeasturias.com\/noticias\/","email":"info@eldigitaldeasturias.com","telephone":"+34652131393","logo":{"@type":"ImageObject","url":"https:\/\/www.eldigitaldeasturias.com\/noticias\/wp-content\/uploads\/2020\/12\/EDA.jpg","@id":"https:\/\/www.eldigitaldeasturias.com\/noticias\/valcarcel-denuncia-la-crueldad-de-las-cargas-policiales-en-kiev\/#organizationLogo"},"image":{"@id":"https:\/\/www.eldigitaldeasturias.com\/noticias\/valcarcel-denuncia-la-crueldad-de-las-cargas-policiales-en-kiev\/#organizationLogo"},"sameAs":["https:\/\/facebook.com\/eldigitaldeasturias","https:\/\/www.youtube.com\/channel\/UCZP-2wLEB9Rv6erhFmqVnvg"],"address":{"@id":"https:\/\/www.eldigitaldeasturias.com\/noticias\/#postaladdress","@type":"PostalAddress","streetAddress":"san antonio 4","postalCode":"33430","addressLocality":"Cand\u00e1s","addressRegion":"Asturias","addressCountry":"ES"}},{"@type":"Person","@id":"https:\/\/www.eldigitaldeasturias.com\/noticias\/author\/admin\/#author","url":"https:\/\/www.eldigitaldeasturias.com\/noticias\/author\/admin\/","name":"El Digital de Asturias","image":{"@type":"ImageObject","@id":"https:\/\/www.eldigitaldeasturias.com\/noticias\/valcarcel-denuncia-la-crueldad-de-las-cargas-policiales-en-kiev\/#authorImage","url":"https:\/\/secure.gravatar.com\/avatar\/df2aeffc32bcd13f8d26072ef8a91b623d677766deac7f97ca815868cd41bf5e?s=96&d=mm&r=g","width":96,"height":96,"caption":"El Digital de Asturias"}},{"@type":"WebPage","@id":"https:\/\/www.eldigitaldeasturias.com\/noticias\/valcarcel-denuncia-la-crueldad-de-las-cargas-policiales-en-kiev\/#webpage","url":"https:\/\/www.eldigitaldeasturias.com\/noticias\/valcarcel-denuncia-la-crueldad-de-las-cargas-policiales-en-kiev\/","name":"Valc\u00e1rcel denuncia la \u00abcrueldad\u00bb de las cargas policiales en Kiev - El Digital de Asturias","description":"Kiev, 23 ene (EFE).- El presidente del Comit\u00e9 de las Regiones de la UE, Ram\u00f3n Luis Valc\u00e1rcel, denunci\u00f3 hoy la crueldad de las cargas policiales en Kiev y asegur\u00f3 que el Gobierno ucraniano act\u00faa contra la voluntad de su pueblo. \"Las autoridades utilizan m\u00e9todos de aut\u00e9ntica crueldad, como se ha podido observar por la virulencia","inLanguage":"es-ES","isPartOf":{"@id":"https:\/\/www.eldigitaldeasturias.com\/noticias\/#website"},"breadcrumb":{"@id":"https:\/\/www.eldigitaldeasturias.com\/noticias\/valcarcel-denuncia-la-crueldad-de-las-cargas-policiales-en-kiev\/#breadcrumblist"},"author":{"@id":"https:\/\/www.eldigitaldeasturias.com\/noticias\/author\/admin\/#author"},"creator":{"@id":"https:\/\/www.eldigitaldeasturias.com\/noticias\/author\/admin\/#author"},"image":{"@type":"ImageObject","url":"https:\/\/www.eldigitaldeasturias.com\/noticias\/wp-content\/uploads\/2026\/06\/Contenidos.jpg","@id":"https:\/\/www.eldigitaldeasturias.com\/noticias\/valcarcel-denuncia-la-crueldad-de-las-cargas-policiales-en-kiev\/#mainImage","width":1265,"height":697,"caption":"Contenidos"},"primaryImageOfPage":{"@id":"https:\/\/www.eldigitaldeasturias.com\/noticias\/valcarcel-denuncia-la-crueldad-de-las-cargas-policiales-en-kiev\/#mainImage"},"datePublished":"2014-01-24T05:53:56+01:00","dateModified":"2014-01-24T05:53:56+01:00"},{"@type":"WebSite","@id":"https:\/\/www.eldigitaldeasturias.com\/noticias\/#website","url":"https:\/\/www.eldigitaldeasturias.com\/noticias\/","name":"El Digital de Asturias - Diario de actualidad y noticias","alternateName":"El Digital de Asturias - Diario de actualidad y noticias","description":"Hemeroteca","inLanguage":"es-ES","publisher":{"@id":"https:\/\/www.eldigitaldeasturias.com\/noticias\/#organization"}}]},"og:locale":"es_ES","og:site_name":"El Digital de Asturias","og:type":"article","og:title":"Valc\u00e1rcel denuncia la \u00abcrueldad\u00bb de las cargas policiales en Kiev - El Digital de Asturias","og:description":"Kiev, 23 ene (EFE).- El presidente del Comit\u00e9 de las Regiones de la UE, Ram\u00f3n Luis Valc\u00e1rcel, denunci\u00f3 hoy la crueldad de las cargas policiales en Kiev y asegur\u00f3 que el Gobierno ucraniano act\u00faa contra la voluntad de su pueblo. &quot;Las autoridades utilizan m\u00e9todos de aut\u00e9ntica crueldad, como se ha podido observar por la virulencia","og:url":"https:\/\/www.eldigitaldeasturias.com\/noticias\/valcarcel-denuncia-la-crueldad-de-las-cargas-policiales-en-kiev\/","og:image":"https:\/\/www.eldigitaldeasturias.com\/noticias\/wp-content\/uploads\/2026\/06\/Contenidos.jpg","og:image:secure_url":"https:\/\/www.eldigitaldeasturias.com\/noticias\/wp-content\/uploads\/2026\/06\/Contenidos.jpg","og:image:width":1265,"og:image:height":697,"article:tag":["actualidad"],"article:published_time":"2014-01-24T06:53:56+00:00","article:modified_time":"2014-01-24T06:53:56+00:00","article:publisher":"https:\/\/facebook.com\/eldigitaldeasturias","twitter:card":"summary_large_image","twitter:title":"Valc\u00e1rcel denuncia la \u00abcrueldad\u00bb de las cargas policiales en Kiev - El Digital de Asturias","twitter:description":"Kiev, 23 ene (EFE).- El presidente del Comit\u00e9 de las Regiones de la UE, Ram\u00f3n Luis Valc\u00e1rcel, denunci\u00f3 hoy la crueldad de las cargas policiales en Kiev y asegur\u00f3 que el Gobierno ucraniano act\u00faa contra la voluntad de su pueblo. &quot;Las autoridades utilizan m\u00e9todos de aut\u00e9ntica crueldad, como se ha podido observar por la virulencia","twitter:image":"https:\/\/www.eldigitaldeasturias.com\/noticias\/wp-content\/uploads\/2026\/06\/Contenidos.jpg","twitter:label1":"Escrito por","twitter:data1":"El Digital de Asturias","twitter:label2":"Tiempo de lectura estimado","twitter:data2":"2 minutos"},"aioseo_meta_data":{"post_id":"477868","title":null,"description":null,"keywords":null,"keyphrases":null,"primary_term":null,"canonical_url":null,"og_title":null,"og_description":null,"og_object_type":"default","og_image_type":"default","og_image_url":null,"og_image_width":null,"og_image_height":null,"og_image_custom_url":null,"og_image_custom_fields":null,"og_video":null,"og_custom_url":null,"og_article_section":null,"og_article_tags":null,"twitter_use_og":true,"twitter_card":"default","twitter_image_type":"default","twitter_image_url":null,"twitter_image_custom_url":null,"twitter_image_custom_fields":null,"twitter_title":null,"twitter_description":null,"schema":{"blockGraphs":[],"customGraphs":[],"default":{"data":{"Article":[],"Course":[],"Dataset":[],"FAQPage":[],"Movie":[],"Person":[],"Product":[],"ProductReview":[],"Car":[],"Recipe":[],"Service":[],"SoftwareApplication":[],"WebPage":[]},"graphName":"","isEnabled":true},"graphs":[],"defaultGraph":"","defaultPostTypeGraph":""},"schema_type":null,"schema_type_options":null,"pillar_content":false,"robots_default":true,"robots_noindex":false,"robots_noarchive":false,"robots_nosnippet":false,"robots_nofollow":false,"robots_noimageindex":false,"robots_noodp":false,"robots_notranslate":false,"robots_max_snippet":null,"robots_max_videopreview":null,"robots_max_imagepreview":"none","priority":null,"frequency":null,"local_seo":null,"seo_analyzer_scan_date":"2026-06-01 19:49:05","breadcrumb_settings":null,"limit_modified_date":false,"open_ai":null,"ai":null,"created":"2020-11-14 22:53:47","updated":"2026-06-01 19:49:05","focus_keyword":null,"additional_keywords":null,"truseo_locale":null},"aioseo_breadcrumb":"<div class=\"aioseo-breadcrumbs\"><span class=\"aioseo-breadcrumb\">\n\t<a href=\"https:\/\/www.eldigitaldeasturias.com\/noticias\" title=\"Home\">Home<\/a>\n<\/span><span class=\"aioseo-breadcrumb-separator\">\u2013<\/span><span class=\"aioseo-breadcrumb\">\n\t<a href=\"https:\/\/www.eldigitaldeasturias.com\/noticias\/category\/actualidad\/\" title=\"Actualidad\">Actualidad<\/a>\n<\/span><span class=\"aioseo-breadcrumb-separator\">\u2013<\/span><span class=\"aioseo-breadcrumb\">\n\t<a href=\"https:\/\/www.eldigitaldeasturias.com\/noticias\/valcarcel-denuncia-la-crueldad-de-las-cargas-policiales-en-kiev\/\" title=\"Valc\u00e1rcel denuncia la \u00abcrueldad\u00bb de las cargas policiales en Kiev\">Valc\u00e1rcel denuncia la \u00abcrueldad\u00bb de las cargas policiales en Kiev<\/a>\n<\/span><\/div>","aioseo_breadcrumb_json":[{"label":"Home","link":"https:\/\/www.eldigitaldeasturias.com\/noticias"},{"label":"Actualidad","link":"https:\/\/www.eldigitaldeasturias.com\/noticias\/category\/actualidad\/"},{"label":"Valc\u00e1rcel denuncia la \u00abcrueldad\u00bb de las cargas policiales en Kiev","link":"https:\/\/www.eldigitaldeasturias.com\/noticias\/valcarcel-denuncia-la-crueldad-de-las-cargas-policiales-en-kiev\/"}],"_links":{"self":[{"href":"https:\/\/www.eldigitaldeasturias.com\/noticias\/wp-json\/wp\/v2\/posts\/477868","targetHints":{"allow":["GET"]}}],"collection":[{"href":"https:\/\/www.eldigitaldeasturias.com\/noticias\/wp-json\/wp\/v2\/posts"}],"about":[{"href":"https:\/\/www.eldigitaldeasturias.com\/noticias\/wp-json\/wp\/v2\/types\/post"}],"author":[{"embeddable":true,"href":"https:\/\/www.eldigitaldeasturias.com\/noticias\/wp-json\/wp\/v2\/users\/1"}],"replies":[{"embeddable":true,"href":"https:\/\/www.eldigitaldeasturias.com\/noticias\/wp-json\/wp\/v2\/comments?post=477868"}],"version-history":[{"count":0,"href":"https:\/\/www.eldigitaldeasturias.com\/noticias\/wp-json\/wp\/v2\/posts\/477868\/revisions"}],"wp:featuredmedia":[{"embeddable":true,"href":"https:\/\/www.eldigitaldeasturias.com\/noticias\/wp-json\/wp\/v2\/media\/1132184"}],"wp:attachment":[{"href":"https:\/\/www.eldigitaldeasturias.com\/noticias\/wp-json\/wp\/v2\/media?parent=477868"}],"wp:term":[{"taxonomy":"category","embeddable":true,"href":"https:\/\/www.eldigitaldeasturias.com\/noticias\/wp-json\/wp\/v2\/categories?post=477868"},{"taxonomy":"post_tag","embeddable":true,"href":"https:\/\/www.eldigitaldeasturias.com\/noticias\/wp-json\/wp\/v2\/tags?post=477868"}],"curies":[{"name":"wp","href":"https:\/\/api.w.org\/{rel}","templated":true}]}}