{"id":477858,"date":"2014-01-24T04:34:58","date_gmt":"2014-01-24T05:34:58","guid":{"rendered":"http:\/\/www.eldigitaldeasturias.com\/noticias\/?p=477858"},"modified":"2014-01-24T04:34:58","modified_gmt":"2014-01-24T05:34:58","slug":"balaidos-acoge-una-final-por-la-permanencia","status":"publish","type":"post","link":"https:\/\/www.eldigitaldeasturias.com\/noticias\/balaidos-acoge-una-final-por-la-permanencia\/","title":{"rendered":"Bala\u00eddos acoge una \u00abfinal\u00bb por la permanencia"},"content":{"rendered":"<p><img loading=\"lazy\" decoding=\"async\" class=\"alignleft size-medium wp-image-477859\" alt=\"5870742w\" src=\"https:\/\/www.eldigitaldeasturias.com\/noticias\/wp-content\/uploads\/2014\/01\/5870742w-360x178.jpg\" width=\"360\" height=\"178\" \/>Vigo\/Sevilla, 23 ene (EFE).- Bala\u00eddos acoge este viernes un trascendental encuentro para el futuro del Celta de Vigo y el Betis, dos equipos inmersos en la lucha por eludir el descenso, aunque el choque tiene m\u00e1s tintes de \u00abfinal\u00bb para el equipo verdiblanco, colista de la liga BBVA con tan s\u00f3lo once puntos.<\/p>\n<p>Tras desaprovechar ante el Espanyol una nueva ocasi\u00f3n para encadenar dos triunfos consecutivos, el Celta vuelve a verse al borde del abismo, con tan s\u00f3lo tres puntos de ventaja sobre los equipos que cierran la zona de descenso, Valladolid y Rayo Vallecano.<\/p>\n<p>Una delicada situaci\u00f3n que se agravar\u00eda en caso de derrota ante un Betis que llegar\u00e1 a Vigo con nuevo entrenador, despu\u00e9s de que el argentino Gabriel Humberto Calder\u00f3n sustituyese a principios de semana al cesado Juan Carlos Garrido, quien anteriormente hab\u00eda relevado en el cargo a Pepe Mel.<\/p>\n<p>En el vestuario celeste nadie oculta la importancia de los puntos en juego, ya que ganar supondr\u00eda dejar medio hundido a un rival directo, pues el Celta alejar\u00eda al conjunto verdiblanco a once puntos y se asegurar\u00eda el \u00abgol-average\u00bb particular.<\/p>\n<p>Para este importante choque, Luis Enrique pierde por sanci\u00f3n al centrocampista internacional argentino Augusto Fern\u00e1ndez, quien vio en Cornell\u00e1-El Prat su quinta tarjeta amarilla.<\/p>\n<p>La buena noticia para el t\u00e9cnico celeste es que el capit\u00e1n Borja Oubi\u00f1a ya est\u00e1 recuperado del esguince que sufri\u00f3 el mi\u00e9rcoles en su tobillo izquierdo y no se perder\u00e1 el trascendental duelo, por lo que su entrenador no se ver\u00e1 obligado a adelantar la posici\u00f3n del central Andreu Font\u00e1s.<\/p>\n<p>En el resto de los puestos, salvo la entrada de Alex L\u00f3pez por el sancionado Augusto, no se esperan novedades respecto al once que el t\u00e9cnico asturiano aline\u00f3 frente al Espanyol el pasado fin de semana, aunque no est\u00e1 descartado que Nolito entre por el chileno Orellana.<\/p>\n<p>El Real Betis Balompi\u00e9 llega a Bala\u00eddos en busca de su primer milagro -o victoria- a domicilio en la actual temporada, lo que permitir\u00eda abrigar esperanzas de salvaci\u00f3n, con la visita a un rival tambi\u00e9n con apuros en la clasificaci\u00f3n.<\/p>\n<p>El club verdiblanco ha recurrido a un nuevo revulsivo para enmendar la ca\u00f3tica situaci\u00f3n deportiva, con el fichaje del nuevo t\u00e9cnico, Gabriel Humberto Calder\u00f3n, ex jugador verdiblanco, que suple a Juan Carlos Garrido.<\/p>\n<p>La din\u00e1mica negativa del equipo es el principal adversario del conjunto verdiblanco que buscar\u00e1 ante el Celta de Vigo un triunfo que se considera imprescindible y bals\u00e1mico para el estado an\u00edmico de la plantilla.<\/p>\n<p>Los b\u00e9ticos quieren asirse a las estad\u00edsticas en el feudo c\u00e9ltico en la \u00faltima d\u00e9cada, con tres derrotas y dos victorias, la m\u00e1s reciente la de la pasada campa\u00f1a (0-1).<\/p>\n<p>No obstante, Bala\u00eddos es un feudo esquivo a los intereses del equipo del \u00abmanque pierda\u00bb por cuanto en los 23 enfrentamientos, en la primera divisi\u00f3n, el saldo refleja doce derrotas -la \u00faltima dos a uno en la liga 2006\/07-, cinco empates y seis triunfos.<\/p>\n<p>Para este encuentro Calder\u00f3n tiene las bajas del delantero Manuel Jes\u00fas V\u00e1zquez \u00abChuli\u00bb, con un traumatismo en al cabeza del peron\u00e9 derecho, que se produjo en un choque con Paulao, y el defensa Perquis, con sigue con su plan de recuperaci\u00f3n, mientras que tampoco viajan el nigeriano Nosa y el uruguayo Braian Rodr\u00edguez.<\/p>\n<p>Alineaciones probables:<\/p>\n<p>Celta: Yoel; Hugo Mallo, Cabral, Font\u00e1s, Jonny; Borja Oubi\u00f1a, Alex L\u00f3pez, Krohn-Dehli; Rafinha, Orellana o Nolito y Charles.<\/p>\n<p>Real Betis: Sara, Chica, Paulao, Amaya, Nacho; Lolo Reyes, Matilla, Verd\u00fa, Baptistao, Jorge Molina y Rub\u00e9n Castro.<\/p>\n<p>Estadio: Bala\u00eddos (21.00 horas)<\/p>\n<p>\u00c1rbitro: Hern\u00e1ndez Hern\u00e1ndez (colegio canario).<\/p>\n<p>Hora: 21:00 (20:00 GMT).<\/p>\n","protected":false},"excerpt":{"rendered":"<p>Vigo\/Sevilla, 23 ene (EFE).- Bala\u00eddos acoge este viernes un trascendental encuentro para el futuro del Celta de Vigo y el Betis, dos equipos inmersos en la lucha por eludir el descenso, aunque el choque tiene m\u00e1s tintes de \u00abfinal\u00bb para el equipo verdiblanco, colista de la liga BBVA con tan s\u00f3lo once puntos. Tras desaprovechar [&hellip;]<\/p>\n","protected":false},"author":1,"featured_media":1132184,"comment_status":"closed","ping_status":"open","sticky":false,"template":"","format":"standard","meta":{"footnotes":""},"categories":[1],"tags":[],"class_list":["post-477858","post","type-post","status-publish","format-standard","has-post-thumbnail","hentry","category-actualidad"],"aioseo_notices":[],"aioseo_head":"\n\t\t<!-- All in One SEO Pro 5.0.1 - aioseo.com -->\n\t<meta name=\"description\" content=\"Vigo\/Sevilla, 23 ene (EFE).- Bala\u00eddos acoge este viernes un trascendental encuentro para el futuro del Celta de Vigo y el Betis, dos equipos inmersos en la lucha por eludir el descenso, aunque el choque tiene m\u00e1s tintes de &quot;final&quot; para el equipo verdiblanco, colista de la liga BBVA con tan s\u00f3lo once puntos. Tras desaprovechar\" \/>\n\t<meta name=\"robots\" content=\"max-image-preview:large\" \/>\n\t<meta name=\"author\" content=\"El Digital de Asturias\"\/>\n\t<meta name=\"google-site-verification\" content=\"UA-38556648-1\" \/>\n\t<meta name=\"msvalidate.01\" content=\"7dfe9f3f1b24437ab69f4f2559babe99\" \/>\n\t<meta name=\"keywords\" content=\"actualidad\" \/>\n\t<link rel=\"canonical\" href=\"https:\/\/www.eldigitaldeasturias.com\/noticias\/balaidos-acoge-una-final-por-la-permanencia\/\" \/>\n\t<meta name=\"generator\" content=\"All in One SEO Pro (AIOSEO) 5.0.1\" \/>\n\t\t<meta property=\"og:locale\" content=\"es_ES\" \/>\n\t\t<meta property=\"og:site_name\" content=\"El Digital de Asturias\" \/>\n\t\t<meta property=\"og:type\" content=\"article\" \/>\n\t\t<meta property=\"og:title\" content=\"Bala\u00eddos acoge una \u00abfinal\u00bb por la permanencia - El Digital de Asturias\" \/>\n\t\t<meta property=\"og:description\" content=\"Vigo\/Sevilla, 23 ene (EFE).- Bala\u00eddos acoge este viernes un trascendental encuentro para el futuro del Celta de Vigo y el Betis, dos equipos inmersos en la lucha por eludir el descenso, aunque el choque tiene m\u00e1s tintes de &quot;final&quot; para el equipo verdiblanco, colista de la liga BBVA con tan s\u00f3lo once puntos. Tras desaprovechar\" \/>\n\t\t<meta property=\"og:url\" content=\"https:\/\/www.eldigitaldeasturias.com\/noticias\/balaidos-acoge-una-final-por-la-permanencia\/\" \/>\n\t\t<meta property=\"og:image\" content=\"https:\/\/www.eldigitaldeasturias.com\/noticias\/wp-content\/uploads\/2026\/06\/Contenidos.jpg\" \/>\n\t\t<meta property=\"og:image:secure_url\" content=\"https:\/\/www.eldigitaldeasturias.com\/noticias\/wp-content\/uploads\/2026\/06\/Contenidos.jpg\" \/>\n\t\t<meta property=\"og:image:width\" content=\"1265\" \/>\n\t\t<meta property=\"og:image:height\" content=\"697\" \/>\n\t\t<meta property=\"article:tag\" content=\"actualidad\" \/>\n\t\t<meta property=\"article:published_time\" content=\"2014-01-24T05:34:58+00:00\" \/>\n\t\t<meta property=\"article:modified_time\" content=\"2014-01-24T05:34:58+00:00\" \/>\n\t\t<meta property=\"article:publisher\" content=\"https:\/\/facebook.com\/eldigitaldeasturias\" \/>\n\t\t<meta name=\"twitter:card\" content=\"summary_large_image\" \/>\n\t\t<meta name=\"twitter:title\" content=\"Bala\u00eddos acoge una \u00abfinal\u00bb por la permanencia - El Digital de Asturias\" \/>\n\t\t<meta name=\"twitter:description\" content=\"Vigo\/Sevilla, 23 ene (EFE).- Bala\u00eddos acoge este viernes un trascendental encuentro para el futuro del Celta de Vigo y el Betis, dos equipos inmersos en la lucha por eludir el descenso, aunque el choque tiene m\u00e1s tintes de &quot;final&quot; para el equipo verdiblanco, colista de la liga BBVA con tan s\u00f3lo once puntos. Tras desaprovechar\" \/>\n\t\t<meta name=\"twitter:image\" content=\"https:\/\/www.eldigitaldeasturias.com\/noticias\/wp-content\/uploads\/2026\/06\/Contenidos.jpg\" \/>\n\t\t<meta name=\"twitter:label1\" content=\"Escrito por\" \/>\n\t\t<meta name=\"twitter:data1\" content=\"El Digital de Asturias\" \/>\n\t\t<meta name=\"twitter:label2\" content=\"Tiempo de lectura estimado\" \/>\n\t\t<meta name=\"twitter:data2\" content=\"3 minutos\" \/>\n\t\t<script type=\"application\/ld+json\" class=\"aioseo-schema\">\n\t\t\t{\"@context\":\"https:\\\/\\\/schema.org\",\"@graph\":[{\"@type\":\"BlogPosting\",\"@id\":\"https:\\\/\\\/www.eldigitaldeasturias.com\\\/noticias\\\/balaidos-acoge-una-final-por-la-permanencia\\\/#blogposting\",\"name\":\"Bala\\u00eddos acoge una \\u00abfinal\\u00bb por la permanencia - El Digital de Asturias\",\"headline\":\"Bala\\u00eddos acoge una \\u00abfinal\\u00bb por la permanencia\",\"author\":{\"@id\":\"https:\\\/\\\/www.eldigitaldeasturias.com\\\/noticias\\\/author\\\/admin\\\/#author\"},\"publisher\":{\"@id\":\"https:\\\/\\\/www.eldigitaldeasturias.com\\\/noticias\\\/#organization\"},\"image\":{\"@type\":\"ImageObject\",\"url\":\"https:\\\/\\\/www.eldigitaldeasturias.com\\\/noticias\\\/wp-content\\\/uploads\\\/2026\\\/06\\\/Contenidos.jpg\",\"width\":1265,\"height\":697,\"caption\":\"Contenidos\"},\"datePublished\":\"2014-01-24T04:34:58+01:00\",\"dateModified\":\"2014-01-24T04:34:58+01:00\",\"inLanguage\":\"es-ES\",\"mainEntityOfPage\":{\"@id\":\"https:\\\/\\\/www.eldigitaldeasturias.com\\\/noticias\\\/balaidos-acoge-una-final-por-la-permanencia\\\/#webpage\"},\"isPartOf\":{\"@id\":\"https:\\\/\\\/www.eldigitaldeasturias.com\\\/noticias\\\/balaidos-acoge-una-final-por-la-permanencia\\\/#webpage\"},\"articleSection\":\"Actualidad\"},{\"@type\":\"BreadcrumbList\",\"@id\":\"https:\\\/\\\/www.eldigitaldeasturias.com\\\/noticias\\\/balaidos-acoge-una-final-por-la-permanencia\\\/#breadcrumblist\",\"itemListElement\":[{\"@type\":\"ListItem\",\"@id\":\"https:\\\/\\\/www.eldigitaldeasturias.com\\\/noticias#listItem\",\"position\":1,\"name\":\"Home\",\"item\":\"https:\\\/\\\/www.eldigitaldeasturias.com\\\/noticias\",\"nextItem\":{\"@type\":\"ListItem\",\"@id\":\"https:\\\/\\\/www.eldigitaldeasturias.com\\\/noticias\\\/category\\\/actualidad\\\/#listItem\",\"name\":\"Actualidad\"}},{\"@type\":\"ListItem\",\"@id\":\"https:\\\/\\\/www.eldigitaldeasturias.com\\\/noticias\\\/category\\\/actualidad\\\/#listItem\",\"position\":2,\"name\":\"Actualidad\",\"item\":\"https:\\\/\\\/www.eldigitaldeasturias.com\\\/noticias\\\/category\\\/actualidad\\\/\",\"nextItem\":{\"@type\":\"ListItem\",\"@id\":\"https:\\\/\\\/www.eldigitaldeasturias.com\\\/noticias\\\/balaidos-acoge-una-final-por-la-permanencia\\\/#listItem\",\"name\":\"Bala\\u00eddos acoge una \\u00abfinal\\u00bb por la permanencia\"},\"previousItem\":{\"@type\":\"ListItem\",\"@id\":\"https:\\\/\\\/www.eldigitaldeasturias.com\\\/noticias#listItem\",\"name\":\"Home\"}},{\"@type\":\"ListItem\",\"@id\":\"https:\\\/\\\/www.eldigitaldeasturias.com\\\/noticias\\\/balaidos-acoge-una-final-por-la-permanencia\\\/#listItem\",\"position\":3,\"name\":\"Bala\\u00eddos acoge una \\u00abfinal\\u00bb por la permanencia\",\"previousItem\":{\"@type\":\"ListItem\",\"@id\":\"https:\\\/\\\/www.eldigitaldeasturias.com\\\/noticias\\\/category\\\/actualidad\\\/#listItem\",\"name\":\"Actualidad\"}}]},{\"@type\":\"Organization\",\"@id\":\"https:\\\/\\\/www.eldigitaldeasturias.com\\\/noticias\\\/#organization\",\"name\":\"El Digital de Asturias\",\"description\":\"Hemeroteca\",\"url\":\"https:\\\/\\\/www.eldigitaldeasturias.com\\\/noticias\\\/\",\"email\":\"info@eldigitaldeasturias.com\",\"telephone\":\"+34652131393\",\"logo\":{\"@type\":\"ImageObject\",\"url\":\"https:\\\/\\\/www.eldigitaldeasturias.com\\\/noticias\\\/wp-content\\\/uploads\\\/2020\\\/12\\\/EDA.jpg\",\"@id\":\"https:\\\/\\\/www.eldigitaldeasturias.com\\\/noticias\\\/balaidos-acoge-una-final-por-la-permanencia\\\/#organizationLogo\"},\"image\":{\"@id\":\"https:\\\/\\\/www.eldigitaldeasturias.com\\\/noticias\\\/balaidos-acoge-una-final-por-la-permanencia\\\/#organizationLogo\"},\"sameAs\":[\"https:\\\/\\\/facebook.com\\\/eldigitaldeasturias\",\"https:\\\/\\\/www.youtube.com\\\/channel\\\/UCZP-2wLEB9Rv6erhFmqVnvg\"],\"address\":{\"@id\":\"https:\\\/\\\/www.eldigitaldeasturias.com\\\/noticias\\\/#postaladdress\",\"@type\":\"PostalAddress\",\"streetAddress\":\"san antonio 4\",\"postalCode\":\"33430\",\"addressLocality\":\"Cand\\u00e1s\",\"addressRegion\":\"Asturias\",\"addressCountry\":\"ES\"}},{\"@type\":\"Person\",\"@id\":\"https:\\\/\\\/www.eldigitaldeasturias.com\\\/noticias\\\/author\\\/admin\\\/#author\",\"url\":\"https:\\\/\\\/www.eldigitaldeasturias.com\\\/noticias\\\/author\\\/admin\\\/\",\"name\":\"El Digital de Asturias\",\"image\":{\"@type\":\"ImageObject\",\"@id\":\"https:\\\/\\\/www.eldigitaldeasturias.com\\\/noticias\\\/balaidos-acoge-una-final-por-la-permanencia\\\/#authorImage\",\"url\":\"https:\\\/\\\/secure.gravatar.com\\\/avatar\\\/df2aeffc32bcd13f8d26072ef8a91b623d677766deac7f97ca815868cd41bf5e?s=96&d=mm&r=g\",\"width\":96,\"height\":96,\"caption\":\"El Digital de Asturias\"}},{\"@type\":\"WebPage\",\"@id\":\"https:\\\/\\\/www.eldigitaldeasturias.com\\\/noticias\\\/balaidos-acoge-una-final-por-la-permanencia\\\/#webpage\",\"url\":\"https:\\\/\\\/www.eldigitaldeasturias.com\\\/noticias\\\/balaidos-acoge-una-final-por-la-permanencia\\\/\",\"name\":\"Bala\\u00eddos acoge una \\u00abfinal\\u00bb por la permanencia - El Digital de Asturias\",\"description\":\"Vigo\\\/Sevilla, 23 ene (EFE).- Bala\\u00eddos acoge este viernes un trascendental encuentro para el futuro del Celta de Vigo y el Betis, dos equipos inmersos en la lucha por eludir el descenso, aunque el choque tiene m\\u00e1s tintes de \\\"final\\\" para el equipo verdiblanco, colista de la liga BBVA con tan s\\u00f3lo once puntos. Tras desaprovechar\",\"inLanguage\":\"es-ES\",\"isPartOf\":{\"@id\":\"https:\\\/\\\/www.eldigitaldeasturias.com\\\/noticias\\\/#website\"},\"breadcrumb\":{\"@id\":\"https:\\\/\\\/www.eldigitaldeasturias.com\\\/noticias\\\/balaidos-acoge-una-final-por-la-permanencia\\\/#breadcrumblist\"},\"author\":{\"@id\":\"https:\\\/\\\/www.eldigitaldeasturias.com\\\/noticias\\\/author\\\/admin\\\/#author\"},\"creator\":{\"@id\":\"https:\\\/\\\/www.eldigitaldeasturias.com\\\/noticias\\\/author\\\/admin\\\/#author\"},\"image\":{\"@type\":\"ImageObject\",\"url\":\"https:\\\/\\\/www.eldigitaldeasturias.com\\\/noticias\\\/wp-content\\\/uploads\\\/2026\\\/06\\\/Contenidos.jpg\",\"@id\":\"https:\\\/\\\/www.eldigitaldeasturias.com\\\/noticias\\\/balaidos-acoge-una-final-por-la-permanencia\\\/#mainImage\",\"width\":1265,\"height\":697,\"caption\":\"Contenidos\"},\"primaryImageOfPage\":{\"@id\":\"https:\\\/\\\/www.eldigitaldeasturias.com\\\/noticias\\\/balaidos-acoge-una-final-por-la-permanencia\\\/#mainImage\"},\"datePublished\":\"2014-01-24T04:34:58+01:00\",\"dateModified\":\"2014-01-24T04:34:58+01:00\"},{\"@type\":\"WebSite\",\"@id\":\"https:\\\/\\\/www.eldigitaldeasturias.com\\\/noticias\\\/#website\",\"url\":\"https:\\\/\\\/www.eldigitaldeasturias.com\\\/noticias\\\/\",\"name\":\"El Digital de Asturias - Diario de actualidad y noticias\",\"alternateName\":\"El Digital de Asturias - Diario de actualidad y noticias\",\"description\":\"Hemeroteca\",\"inLanguage\":\"es-ES\",\"publisher\":{\"@id\":\"https:\\\/\\\/www.eldigitaldeasturias.com\\\/noticias\\\/#organization\"}}]}\n\t\t<\/script>\n\t\t<!-- All in One SEO Pro -->\r\n\t\t<title>Bala\u00eddos acoge una \u00abfinal\u00bb por la permanencia - El Digital de Asturias<\/title>\n\n","aioseo_head_json":{"title":"Bala\u00eddos acoge una \u00abfinal\u00bb por la permanencia - El Digital de Asturias","description":"Vigo\/Sevilla, 23 ene (EFE).- Bala\u00eddos acoge este viernes un trascendental encuentro para el futuro del Celta de Vigo y el Betis, dos equipos inmersos en la lucha por eludir el descenso, aunque el choque tiene m\u00e1s tintes de \"final\" para el equipo verdiblanco, colista de la liga BBVA con tan s\u00f3lo once puntos. Tras desaprovechar","canonical_url":"https:\/\/www.eldigitaldeasturias.com\/noticias\/balaidos-acoge-una-final-por-la-permanencia\/","robots":"max-image-preview:large","keywords":"actualidad","webmasterTools":{"google-site-verification":"UA-38556648-1","msvalidate.01":"7dfe9f3f1b24437ab69f4f2559babe99","miscellaneous":""},"schema":{"@context":"https:\/\/schema.org","@graph":[{"@type":"BlogPosting","@id":"https:\/\/www.eldigitaldeasturias.com\/noticias\/balaidos-acoge-una-final-por-la-permanencia\/#blogposting","name":"Bala\u00eddos acoge una \u00abfinal\u00bb por la permanencia - El Digital de Asturias","headline":"Bala\u00eddos acoge una \u00abfinal\u00bb por la permanencia","author":{"@id":"https:\/\/www.eldigitaldeasturias.com\/noticias\/author\/admin\/#author"},"publisher":{"@id":"https:\/\/www.eldigitaldeasturias.com\/noticias\/#organization"},"image":{"@type":"ImageObject","url":"https:\/\/www.eldigitaldeasturias.com\/noticias\/wp-content\/uploads\/2026\/06\/Contenidos.jpg","width":1265,"height":697,"caption":"Contenidos"},"datePublished":"2014-01-24T04:34:58+01:00","dateModified":"2014-01-24T04:34:58+01:00","inLanguage":"es-ES","mainEntityOfPage":{"@id":"https:\/\/www.eldigitaldeasturias.com\/noticias\/balaidos-acoge-una-final-por-la-permanencia\/#webpage"},"isPartOf":{"@id":"https:\/\/www.eldigitaldeasturias.com\/noticias\/balaidos-acoge-una-final-por-la-permanencia\/#webpage"},"articleSection":"Actualidad"},{"@type":"BreadcrumbList","@id":"https:\/\/www.eldigitaldeasturias.com\/noticias\/balaidos-acoge-una-final-por-la-permanencia\/#breadcrumblist","itemListElement":[{"@type":"ListItem","@id":"https:\/\/www.eldigitaldeasturias.com\/noticias#listItem","position":1,"name":"Home","item":"https:\/\/www.eldigitaldeasturias.com\/noticias","nextItem":{"@type":"ListItem","@id":"https:\/\/www.eldigitaldeasturias.com\/noticias\/category\/actualidad\/#listItem","name":"Actualidad"}},{"@type":"ListItem","@id":"https:\/\/www.eldigitaldeasturias.com\/noticias\/category\/actualidad\/#listItem","position":2,"name":"Actualidad","item":"https:\/\/www.eldigitaldeasturias.com\/noticias\/category\/actualidad\/","nextItem":{"@type":"ListItem","@id":"https:\/\/www.eldigitaldeasturias.com\/noticias\/balaidos-acoge-una-final-por-la-permanencia\/#listItem","name":"Bala\u00eddos acoge una \u00abfinal\u00bb por la permanencia"},"previousItem":{"@type":"ListItem","@id":"https:\/\/www.eldigitaldeasturias.com\/noticias#listItem","name":"Home"}},{"@type":"ListItem","@id":"https:\/\/www.eldigitaldeasturias.com\/noticias\/balaidos-acoge-una-final-por-la-permanencia\/#listItem","position":3,"name":"Bala\u00eddos acoge una \u00abfinal\u00bb por la permanencia","previousItem":{"@type":"ListItem","@id":"https:\/\/www.eldigitaldeasturias.com\/noticias\/category\/actualidad\/#listItem","name":"Actualidad"}}]},{"@type":"Organization","@id":"https:\/\/www.eldigitaldeasturias.com\/noticias\/#organization","name":"El Digital de Asturias","description":"Hemeroteca","url":"https:\/\/www.eldigitaldeasturias.com\/noticias\/","email":"info@eldigitaldeasturias.com","telephone":"+34652131393","logo":{"@type":"ImageObject","url":"https:\/\/www.eldigitaldeasturias.com\/noticias\/wp-content\/uploads\/2020\/12\/EDA.jpg","@id":"https:\/\/www.eldigitaldeasturias.com\/noticias\/balaidos-acoge-una-final-por-la-permanencia\/#organizationLogo"},"image":{"@id":"https:\/\/www.eldigitaldeasturias.com\/noticias\/balaidos-acoge-una-final-por-la-permanencia\/#organizationLogo"},"sameAs":["https:\/\/facebook.com\/eldigitaldeasturias","https:\/\/www.youtube.com\/channel\/UCZP-2wLEB9Rv6erhFmqVnvg"],"address":{"@id":"https:\/\/www.eldigitaldeasturias.com\/noticias\/#postaladdress","@type":"PostalAddress","streetAddress":"san antonio 4","postalCode":"33430","addressLocality":"Cand\u00e1s","addressRegion":"Asturias","addressCountry":"ES"}},{"@type":"Person","@id":"https:\/\/www.eldigitaldeasturias.com\/noticias\/author\/admin\/#author","url":"https:\/\/www.eldigitaldeasturias.com\/noticias\/author\/admin\/","name":"El Digital de Asturias","image":{"@type":"ImageObject","@id":"https:\/\/www.eldigitaldeasturias.com\/noticias\/balaidos-acoge-una-final-por-la-permanencia\/#authorImage","url":"https:\/\/secure.gravatar.com\/avatar\/df2aeffc32bcd13f8d26072ef8a91b623d677766deac7f97ca815868cd41bf5e?s=96&d=mm&r=g","width":96,"height":96,"caption":"El Digital de Asturias"}},{"@type":"WebPage","@id":"https:\/\/www.eldigitaldeasturias.com\/noticias\/balaidos-acoge-una-final-por-la-permanencia\/#webpage","url":"https:\/\/www.eldigitaldeasturias.com\/noticias\/balaidos-acoge-una-final-por-la-permanencia\/","name":"Bala\u00eddos acoge una \u00abfinal\u00bb por la permanencia - El Digital de Asturias","description":"Vigo\/Sevilla, 23 ene (EFE).- Bala\u00eddos acoge este viernes un trascendental encuentro para el futuro del Celta de Vigo y el Betis, dos equipos inmersos en la lucha por eludir el descenso, aunque el choque tiene m\u00e1s tintes de \"final\" para el equipo verdiblanco, colista de la liga BBVA con tan s\u00f3lo once puntos. Tras desaprovechar","inLanguage":"es-ES","isPartOf":{"@id":"https:\/\/www.eldigitaldeasturias.com\/noticias\/#website"},"breadcrumb":{"@id":"https:\/\/www.eldigitaldeasturias.com\/noticias\/balaidos-acoge-una-final-por-la-permanencia\/#breadcrumblist"},"author":{"@id":"https:\/\/www.eldigitaldeasturias.com\/noticias\/author\/admin\/#author"},"creator":{"@id":"https:\/\/www.eldigitaldeasturias.com\/noticias\/author\/admin\/#author"},"image":{"@type":"ImageObject","url":"https:\/\/www.eldigitaldeasturias.com\/noticias\/wp-content\/uploads\/2026\/06\/Contenidos.jpg","@id":"https:\/\/www.eldigitaldeasturias.com\/noticias\/balaidos-acoge-una-final-por-la-permanencia\/#mainImage","width":1265,"height":697,"caption":"Contenidos"},"primaryImageOfPage":{"@id":"https:\/\/www.eldigitaldeasturias.com\/noticias\/balaidos-acoge-una-final-por-la-permanencia\/#mainImage"},"datePublished":"2014-01-24T04:34:58+01:00","dateModified":"2014-01-24T04:34:58+01:00"},{"@type":"WebSite","@id":"https:\/\/www.eldigitaldeasturias.com\/noticias\/#website","url":"https:\/\/www.eldigitaldeasturias.com\/noticias\/","name":"El Digital de Asturias - Diario de actualidad y noticias","alternateName":"El Digital de Asturias - Diario de actualidad y noticias","description":"Hemeroteca","inLanguage":"es-ES","publisher":{"@id":"https:\/\/www.eldigitaldeasturias.com\/noticias\/#organization"}}]},"og:locale":"es_ES","og:site_name":"El Digital de Asturias","og:type":"article","og:title":"Bala\u00eddos acoge una \u00abfinal\u00bb por la permanencia - El Digital de Asturias","og:description":"Vigo\/Sevilla, 23 ene (EFE).- Bala\u00eddos acoge este viernes un trascendental encuentro para el futuro del Celta de Vigo y el Betis, dos equipos inmersos en la lucha por eludir el descenso, aunque el choque tiene m\u00e1s tintes de &quot;final&quot; para el equipo verdiblanco, colista de la liga BBVA con tan s\u00f3lo once puntos. Tras desaprovechar","og:url":"https:\/\/www.eldigitaldeasturias.com\/noticias\/balaidos-acoge-una-final-por-la-permanencia\/","og:image":"https:\/\/www.eldigitaldeasturias.com\/noticias\/wp-content\/uploads\/2026\/06\/Contenidos.jpg","og:image:secure_url":"https:\/\/www.eldigitaldeasturias.com\/noticias\/wp-content\/uploads\/2026\/06\/Contenidos.jpg","og:image:width":1265,"og:image:height":697,"article:tag":["actualidad"],"article:published_time":"2014-01-24T05:34:58+00:00","article:modified_time":"2014-01-24T05:34:58+00:00","article:publisher":"https:\/\/facebook.com\/eldigitaldeasturias","twitter:card":"summary_large_image","twitter:title":"Bala\u00eddos acoge una \u00abfinal\u00bb por la permanencia - El Digital de Asturias","twitter:description":"Vigo\/Sevilla, 23 ene (EFE).- Bala\u00eddos acoge este viernes un trascendental encuentro para el futuro del Celta de Vigo y el Betis, dos equipos inmersos en la lucha por eludir el descenso, aunque el choque tiene m\u00e1s tintes de &quot;final&quot; para el equipo verdiblanco, colista de la liga BBVA con tan s\u00f3lo once puntos. Tras desaprovechar","twitter:image":"https:\/\/www.eldigitaldeasturias.com\/noticias\/wp-content\/uploads\/2026\/06\/Contenidos.jpg","twitter:label1":"Escrito por","twitter:data1":"El Digital de Asturias","twitter:label2":"Tiempo de lectura estimado","twitter:data2":"3 minutos"},"aioseo_meta_data":{"post_id":"477858","title":null,"description":null,"keywords":null,"keyphrases":null,"primary_term":null,"canonical_url":null,"og_title":null,"og_description":null,"og_object_type":"default","og_image_type":"default","og_image_url":null,"og_image_width":null,"og_image_height":null,"og_image_custom_url":null,"og_image_custom_fields":null,"og_video":null,"og_custom_url":null,"og_article_section":null,"og_article_tags":null,"twitter_use_og":true,"twitter_card":"default","twitter_image_type":"default","twitter_image_url":null,"twitter_image_custom_url":null,"twitter_image_custom_fields":null,"twitter_title":null,"twitter_description":null,"schema":{"blockGraphs":[],"customGraphs":[],"default":{"data":{"Article":[],"Course":[],"Dataset":[],"FAQPage":[],"Movie":[],"Person":[],"Product":[],"ProductReview":[],"Car":[],"Recipe":[],"Service":[],"SoftwareApplication":[],"WebPage":[]},"graphName":"","isEnabled":true},"graphs":[],"defaultGraph":"","defaultPostTypeGraph":""},"schema_type":null,"schema_type_options":null,"pillar_content":false,"robots_default":true,"robots_noindex":false,"robots_noarchive":false,"robots_nosnippet":false,"robots_nofollow":false,"robots_noimageindex":false,"robots_noodp":false,"robots_notranslate":false,"robots_max_snippet":null,"robots_max_videopreview":null,"robots_max_imagepreview":"none","priority":null,"frequency":null,"local_seo":null,"seo_analyzer_scan_date":"2026-06-01 19:49:03","breadcrumb_settings":null,"limit_modified_date":false,"open_ai":null,"ai":null,"created":"2020-11-14 22:53:46","updated":"2026-06-01 19:49:03","focus_keyword":null,"additional_keywords":null,"truseo_locale":null},"aioseo_breadcrumb":"<div class=\"aioseo-breadcrumbs\"><span class=\"aioseo-breadcrumb\">\n\t<a href=\"https:\/\/www.eldigitaldeasturias.com\/noticias\" title=\"Home\">Home<\/a>\n<\/span><span class=\"aioseo-breadcrumb-separator\">\u2013<\/span><span class=\"aioseo-breadcrumb\">\n\t<a href=\"https:\/\/www.eldigitaldeasturias.com\/noticias\/category\/actualidad\/\" title=\"Actualidad\">Actualidad<\/a>\n<\/span><span class=\"aioseo-breadcrumb-separator\">\u2013<\/span><span class=\"aioseo-breadcrumb\">\n\t<a href=\"https:\/\/www.eldigitaldeasturias.com\/noticias\/balaidos-acoge-una-final-por-la-permanencia\/\" title=\"Bala\u00eddos acoge una \u00abfinal\u00bb por la permanencia\">Bala\u00eddos acoge una \u00abfinal\u00bb por la permanencia<\/a>\n<\/span><\/div>","aioseo_breadcrumb_json":[{"label":"Home","link":"https:\/\/www.eldigitaldeasturias.com\/noticias"},{"label":"Actualidad","link":"https:\/\/www.eldigitaldeasturias.com\/noticias\/category\/actualidad\/"},{"label":"Bala\u00eddos acoge una \u00abfinal\u00bb por la permanencia","link":"https:\/\/www.eldigitaldeasturias.com\/noticias\/balaidos-acoge-una-final-por-la-permanencia\/"}],"_links":{"self":[{"href":"https:\/\/www.eldigitaldeasturias.com\/noticias\/wp-json\/wp\/v2\/posts\/477858","targetHints":{"allow":["GET"]}}],"collection":[{"href":"https:\/\/www.eldigitaldeasturias.com\/noticias\/wp-json\/wp\/v2\/posts"}],"about":[{"href":"https:\/\/www.eldigitaldeasturias.com\/noticias\/wp-json\/wp\/v2\/types\/post"}],"author":[{"embeddable":true,"href":"https:\/\/www.eldigitaldeasturias.com\/noticias\/wp-json\/wp\/v2\/users\/1"}],"replies":[{"embeddable":true,"href":"https:\/\/www.eldigitaldeasturias.com\/noticias\/wp-json\/wp\/v2\/comments?post=477858"}],"version-history":[{"count":0,"href":"https:\/\/www.eldigitaldeasturias.com\/noticias\/wp-json\/wp\/v2\/posts\/477858\/revisions"}],"wp:featuredmedia":[{"embeddable":true,"href":"https:\/\/www.eldigitaldeasturias.com\/noticias\/wp-json\/wp\/v2\/media\/1132184"}],"wp:attachment":[{"href":"https:\/\/www.eldigitaldeasturias.com\/noticias\/wp-json\/wp\/v2\/media?parent=477858"}],"wp:term":[{"taxonomy":"category","embeddable":true,"href":"https:\/\/www.eldigitaldeasturias.com\/noticias\/wp-json\/wp\/v2\/categories?post=477858"},{"taxonomy":"post_tag","embeddable":true,"href":"https:\/\/www.eldigitaldeasturias.com\/noticias\/wp-json\/wp\/v2\/tags?post=477858"}],"curies":[{"name":"wp","href":"https:\/\/api.w.org\/{rel}","templated":true}]}}