{"id":477849,"date":"2014-01-24T04:28:10","date_gmt":"2014-01-24T05:28:10","guid":{"rendered":"http:\/\/www.eldigitaldeasturias.com\/noticias\/?p=477849"},"modified":"2014-01-24T04:28:10","modified_gmt":"2014-01-24T05:28:10","slug":"muere-un-yihadista-palestino-en-emboscada-del-ejercito-libanes","status":"publish","type":"post","link":"https:\/\/www.eldigitaldeasturias.com\/noticias\/muere-un-yihadista-palestino-en-emboscada-del-ejercito-libanes\/","title":{"rendered":"Muere un yihadista palestino en emboscada del Ej\u00e9rcito liban\u00e9s"},"content":{"rendered":"<p><img loading=\"lazy\" decoding=\"async\" class=\"alignleft size-medium wp-image-477850\" alt=\"5870727w\" src=\"https:\/\/www.eldigitaldeasturias.com\/noticias\/wp-content\/uploads\/2014\/01\/5870727w-360x240.jpg\" width=\"360\" height=\"240\" \/>Beirut, 23 ene (EFE).- Un miembro de las Brigadas Abdal\u00e1 al Azam, vinculadas a Al Qaeda y autoras de recientes atentados en el L\u00edbano, fue abatido durante una emboscada de las fuerzas libanesas en el este del L\u00edbano, inform\u00f3 hoy el Ej\u00e9rcito.<\/p>\n<p>El fallecido es el palestino Ibrahim Abdel Moti, m\u00e1s conocido como Abi Jaafar, que manten\u00eda contactos tambi\u00e9n con el Estado Isl\u00e1mico de Irak y del Levante, que combate en Siria.<\/p>\n<p>El ej\u00e9rcito estableci\u00f3 ayer por la tarde un control en el valle de la Bekaa para detener a Jaafar, que dispar\u00f3 a los soldados para intentar huir pero fue herido y capturado.<\/p>\n<p>El miliciano fue trasladado al hospital, donde muri\u00f3 horas m\u00e1s tarde, mientras que otro sospechoso que se encontraba con \u00e9l en el momento del incidente logr\u00f3 escapar.<\/p>\n<p>Jafaar ten\u00eda v\u00ednculos con el Estado Isl\u00e1mico de Irak y del Levante y introduc\u00eda en el L\u00edbano a suicidas.<\/p>\n<p>Las Brigadas Abdal\u00e1 al Azzam -que deben su nombre a uno de los fundadores de Al Qaeda y mentor de Osama Bin Laden-, se atribuyeron, entre otros, el doble atentado suicida contra la Embajada de Ir\u00e1n en Beirut el pasado 19 de noviembre, que caus\u00f3 24 muertos y 147 heridos.<\/p>\n<p>El jefe de dichas brigadas, el saud\u00ed Majed el Majed, fue arrestado por el Ej\u00e9rcito liban\u00e9s el pasado 26 de diciembre y muri\u00f3 bajo custodia el 4 de enero a causa de su mal estado de salud.<\/p>\n","protected":false},"excerpt":{"rendered":"<p>Beirut, 23 ene (EFE).- Un miembro de las Brigadas Abdal\u00e1 al Azam, vinculadas a Al Qaeda y autoras de recientes atentados en el L\u00edbano, fue abatido durante una emboscada de las fuerzas libanesas en el este del L\u00edbano, inform\u00f3 hoy el Ej\u00e9rcito. El fallecido es el palestino Ibrahim Abdel Moti, m\u00e1s conocido como Abi Jaafar, [&hellip;]<\/p>\n","protected":false},"author":1,"featured_media":1132184,"comment_status":"closed","ping_status":"open","sticky":false,"template":"","format":"standard","meta":{"footnotes":""},"categories":[1],"tags":[],"class_list":["post-477849","post","type-post","status-publish","format-standard","has-post-thumbnail","hentry","category-actualidad"],"aioseo_notices":[],"aioseo_head":"\n\t\t<!-- All in One SEO Pro 5.0.1 - aioseo.com -->\n\t<meta name=\"description\" content=\"Beirut, 23 ene (EFE).- Un miembro de las Brigadas Abdal\u00e1 al Azam, vinculadas a Al Qaeda y autoras de recientes atentados en el L\u00edbano, fue abatido durante una emboscada de las fuerzas libanesas en el este del L\u00edbano, inform\u00f3 hoy el Ej\u00e9rcito. El fallecido es el palestino Ibrahim Abdel Moti, m\u00e1s conocido como Abi Jaafar,\" \/>\n\t<meta name=\"robots\" content=\"max-image-preview:large\" \/>\n\t<meta name=\"author\" content=\"El Digital de Asturias\"\/>\n\t<meta name=\"google-site-verification\" content=\"UA-38556648-1\" \/>\n\t<meta name=\"msvalidate.01\" content=\"7dfe9f3f1b24437ab69f4f2559babe99\" \/>\n\t<meta name=\"keywords\" content=\"actualidad\" \/>\n\t<link rel=\"canonical\" href=\"https:\/\/www.eldigitaldeasturias.com\/noticias\/muere-un-yihadista-palestino-en-emboscada-del-ejercito-libanes\/\" \/>\n\t<meta name=\"generator\" content=\"All in One SEO Pro (AIOSEO) 5.0.1\" \/>\n\t\t<meta property=\"og:locale\" content=\"es_ES\" \/>\n\t\t<meta property=\"og:site_name\" content=\"El Digital de Asturias\" \/>\n\t\t<meta property=\"og:type\" content=\"article\" \/>\n\t\t<meta property=\"og:title\" content=\"Muere un yihadista palestino en emboscada del Ej\u00e9rcito liban\u00e9s - El Digital de Asturias\" \/>\n\t\t<meta property=\"og:description\" content=\"Beirut, 23 ene (EFE).- Un miembro de las Brigadas Abdal\u00e1 al Azam, vinculadas a Al Qaeda y autoras de recientes atentados en el L\u00edbano, fue abatido durante una emboscada de las fuerzas libanesas en el este del L\u00edbano, inform\u00f3 hoy el Ej\u00e9rcito. El fallecido es el palestino Ibrahim Abdel Moti, m\u00e1s conocido como Abi Jaafar,\" \/>\n\t\t<meta property=\"og:url\" content=\"https:\/\/www.eldigitaldeasturias.com\/noticias\/muere-un-yihadista-palestino-en-emboscada-del-ejercito-libanes\/\" \/>\n\t\t<meta property=\"og:image\" content=\"https:\/\/www.eldigitaldeasturias.com\/noticias\/wp-content\/uploads\/2026\/06\/Contenidos.jpg\" \/>\n\t\t<meta property=\"og:image:secure_url\" content=\"https:\/\/www.eldigitaldeasturias.com\/noticias\/wp-content\/uploads\/2026\/06\/Contenidos.jpg\" \/>\n\t\t<meta property=\"og:image:width\" content=\"1265\" \/>\n\t\t<meta property=\"og:image:height\" content=\"697\" \/>\n\t\t<meta property=\"article:tag\" content=\"actualidad\" \/>\n\t\t<meta property=\"article:published_time\" content=\"2014-01-24T05:28:10+00:00\" \/>\n\t\t<meta property=\"article:modified_time\" content=\"2014-01-24T05:28:10+00:00\" \/>\n\t\t<meta property=\"article:publisher\" content=\"https:\/\/facebook.com\/eldigitaldeasturias\" \/>\n\t\t<meta name=\"twitter:card\" content=\"summary_large_image\" \/>\n\t\t<meta name=\"twitter:title\" content=\"Muere un yihadista palestino en emboscada del Ej\u00e9rcito liban\u00e9s - El Digital de Asturias\" \/>\n\t\t<meta name=\"twitter:description\" content=\"Beirut, 23 ene (EFE).- Un miembro de las Brigadas Abdal\u00e1 al Azam, vinculadas a Al Qaeda y autoras de recientes atentados en el L\u00edbano, fue abatido durante una emboscada de las fuerzas libanesas en el este del L\u00edbano, inform\u00f3 hoy el Ej\u00e9rcito. El fallecido es el palestino Ibrahim Abdel Moti, m\u00e1s conocido como Abi Jaafar,\" \/>\n\t\t<meta name=\"twitter:image\" content=\"https:\/\/www.eldigitaldeasturias.com\/noticias\/wp-content\/uploads\/2026\/06\/Contenidos.jpg\" \/>\n\t\t<meta name=\"twitter:label1\" content=\"Escrito por\" \/>\n\t\t<meta name=\"twitter:data1\" content=\"El Digital de Asturias\" \/>\n\t\t<meta name=\"twitter:label2\" content=\"Tiempo de lectura estimado\" \/>\n\t\t<meta name=\"twitter:data2\" content=\"1 minuto\" \/>\n\t\t<script type=\"application\/ld+json\" class=\"aioseo-schema\">\n\t\t\t{\"@context\":\"https:\\\/\\\/schema.org\",\"@graph\":[{\"@type\":\"BlogPosting\",\"@id\":\"https:\\\/\\\/www.eldigitaldeasturias.com\\\/noticias\\\/muere-un-yihadista-palestino-en-emboscada-del-ejercito-libanes\\\/#blogposting\",\"name\":\"Muere un yihadista palestino en emboscada del Ej\\u00e9rcito liban\\u00e9s - El Digital de Asturias\",\"headline\":\"Muere un yihadista palestino en emboscada del Ej\\u00e9rcito liban\\u00e9s\",\"author\":{\"@id\":\"https:\\\/\\\/www.eldigitaldeasturias.com\\\/noticias\\\/author\\\/admin\\\/#author\"},\"publisher\":{\"@id\":\"https:\\\/\\\/www.eldigitaldeasturias.com\\\/noticias\\\/#organization\"},\"image\":{\"@type\":\"ImageObject\",\"url\":\"https:\\\/\\\/www.eldigitaldeasturias.com\\\/noticias\\\/wp-content\\\/uploads\\\/2026\\\/06\\\/Contenidos.jpg\",\"width\":1265,\"height\":697,\"caption\":\"Contenidos\"},\"datePublished\":\"2014-01-24T04:28:10+01:00\",\"dateModified\":\"2014-01-24T04:28:10+01:00\",\"inLanguage\":\"es-ES\",\"mainEntityOfPage\":{\"@id\":\"https:\\\/\\\/www.eldigitaldeasturias.com\\\/noticias\\\/muere-un-yihadista-palestino-en-emboscada-del-ejercito-libanes\\\/#webpage\"},\"isPartOf\":{\"@id\":\"https:\\\/\\\/www.eldigitaldeasturias.com\\\/noticias\\\/muere-un-yihadista-palestino-en-emboscada-del-ejercito-libanes\\\/#webpage\"},\"articleSection\":\"Actualidad\"},{\"@type\":\"BreadcrumbList\",\"@id\":\"https:\\\/\\\/www.eldigitaldeasturias.com\\\/noticias\\\/muere-un-yihadista-palestino-en-emboscada-del-ejercito-libanes\\\/#breadcrumblist\",\"itemListElement\":[{\"@type\":\"ListItem\",\"@id\":\"https:\\\/\\\/www.eldigitaldeasturias.com\\\/noticias#listItem\",\"position\":1,\"name\":\"Home\",\"item\":\"https:\\\/\\\/www.eldigitaldeasturias.com\\\/noticias\",\"nextItem\":{\"@type\":\"ListItem\",\"@id\":\"https:\\\/\\\/www.eldigitaldeasturias.com\\\/noticias\\\/category\\\/actualidad\\\/#listItem\",\"name\":\"Actualidad\"}},{\"@type\":\"ListItem\",\"@id\":\"https:\\\/\\\/www.eldigitaldeasturias.com\\\/noticias\\\/category\\\/actualidad\\\/#listItem\",\"position\":2,\"name\":\"Actualidad\",\"item\":\"https:\\\/\\\/www.eldigitaldeasturias.com\\\/noticias\\\/category\\\/actualidad\\\/\",\"nextItem\":{\"@type\":\"ListItem\",\"@id\":\"https:\\\/\\\/www.eldigitaldeasturias.com\\\/noticias\\\/muere-un-yihadista-palestino-en-emboscada-del-ejercito-libanes\\\/#listItem\",\"name\":\"Muere un yihadista palestino en emboscada del Ej\\u00e9rcito liban\\u00e9s\"},\"previousItem\":{\"@type\":\"ListItem\",\"@id\":\"https:\\\/\\\/www.eldigitaldeasturias.com\\\/noticias#listItem\",\"name\":\"Home\"}},{\"@type\":\"ListItem\",\"@id\":\"https:\\\/\\\/www.eldigitaldeasturias.com\\\/noticias\\\/muere-un-yihadista-palestino-en-emboscada-del-ejercito-libanes\\\/#listItem\",\"position\":3,\"name\":\"Muere un yihadista palestino en emboscada del Ej\\u00e9rcito liban\\u00e9s\",\"previousItem\":{\"@type\":\"ListItem\",\"@id\":\"https:\\\/\\\/www.eldigitaldeasturias.com\\\/noticias\\\/category\\\/actualidad\\\/#listItem\",\"name\":\"Actualidad\"}}]},{\"@type\":\"Organization\",\"@id\":\"https:\\\/\\\/www.eldigitaldeasturias.com\\\/noticias\\\/#organization\",\"name\":\"El Digital de Asturias\",\"description\":\"Hemeroteca\",\"url\":\"https:\\\/\\\/www.eldigitaldeasturias.com\\\/noticias\\\/\",\"email\":\"info@eldigitaldeasturias.com\",\"telephone\":\"+34652131393\",\"logo\":{\"@type\":\"ImageObject\",\"url\":\"https:\\\/\\\/www.eldigitaldeasturias.com\\\/noticias\\\/wp-content\\\/uploads\\\/2020\\\/12\\\/EDA.jpg\",\"@id\":\"https:\\\/\\\/www.eldigitaldeasturias.com\\\/noticias\\\/muere-un-yihadista-palestino-en-emboscada-del-ejercito-libanes\\\/#organizationLogo\"},\"image\":{\"@id\":\"https:\\\/\\\/www.eldigitaldeasturias.com\\\/noticias\\\/muere-un-yihadista-palestino-en-emboscada-del-ejercito-libanes\\\/#organizationLogo\"},\"sameAs\":[\"https:\\\/\\\/facebook.com\\\/eldigitaldeasturias\",\"https:\\\/\\\/www.youtube.com\\\/channel\\\/UCZP-2wLEB9Rv6erhFmqVnvg\"],\"address\":{\"@id\":\"https:\\\/\\\/www.eldigitaldeasturias.com\\\/noticias\\\/#postaladdress\",\"@type\":\"PostalAddress\",\"streetAddress\":\"san antonio 4\",\"postalCode\":\"33430\",\"addressLocality\":\"Cand\\u00e1s\",\"addressRegion\":\"Asturias\",\"addressCountry\":\"ES\"}},{\"@type\":\"Person\",\"@id\":\"https:\\\/\\\/www.eldigitaldeasturias.com\\\/noticias\\\/author\\\/admin\\\/#author\",\"url\":\"https:\\\/\\\/www.eldigitaldeasturias.com\\\/noticias\\\/author\\\/admin\\\/\",\"name\":\"El Digital de Asturias\",\"image\":{\"@type\":\"ImageObject\",\"@id\":\"https:\\\/\\\/www.eldigitaldeasturias.com\\\/noticias\\\/muere-un-yihadista-palestino-en-emboscada-del-ejercito-libanes\\\/#authorImage\",\"url\":\"https:\\\/\\\/secure.gravatar.com\\\/avatar\\\/df2aeffc32bcd13f8d26072ef8a91b623d677766deac7f97ca815868cd41bf5e?s=96&d=mm&r=g\",\"width\":96,\"height\":96,\"caption\":\"El Digital de Asturias\"}},{\"@type\":\"WebPage\",\"@id\":\"https:\\\/\\\/www.eldigitaldeasturias.com\\\/noticias\\\/muere-un-yihadista-palestino-en-emboscada-del-ejercito-libanes\\\/#webpage\",\"url\":\"https:\\\/\\\/www.eldigitaldeasturias.com\\\/noticias\\\/muere-un-yihadista-palestino-en-emboscada-del-ejercito-libanes\\\/\",\"name\":\"Muere un yihadista palestino en emboscada del Ej\\u00e9rcito liban\\u00e9s - El Digital de Asturias\",\"description\":\"Beirut, 23 ene (EFE).- Un miembro de las Brigadas Abdal\\u00e1 al Azam, vinculadas a Al Qaeda y autoras de recientes atentados en el L\\u00edbano, fue abatido durante una emboscada de las fuerzas libanesas en el este del L\\u00edbano, inform\\u00f3 hoy el Ej\\u00e9rcito. El fallecido es el palestino Ibrahim Abdel Moti, m\\u00e1s conocido como Abi Jaafar,\",\"inLanguage\":\"es-ES\",\"isPartOf\":{\"@id\":\"https:\\\/\\\/www.eldigitaldeasturias.com\\\/noticias\\\/#website\"},\"breadcrumb\":{\"@id\":\"https:\\\/\\\/www.eldigitaldeasturias.com\\\/noticias\\\/muere-un-yihadista-palestino-en-emboscada-del-ejercito-libanes\\\/#breadcrumblist\"},\"author\":{\"@id\":\"https:\\\/\\\/www.eldigitaldeasturias.com\\\/noticias\\\/author\\\/admin\\\/#author\"},\"creator\":{\"@id\":\"https:\\\/\\\/www.eldigitaldeasturias.com\\\/noticias\\\/author\\\/admin\\\/#author\"},\"image\":{\"@type\":\"ImageObject\",\"url\":\"https:\\\/\\\/www.eldigitaldeasturias.com\\\/noticias\\\/wp-content\\\/uploads\\\/2026\\\/06\\\/Contenidos.jpg\",\"@id\":\"https:\\\/\\\/www.eldigitaldeasturias.com\\\/noticias\\\/muere-un-yihadista-palestino-en-emboscada-del-ejercito-libanes\\\/#mainImage\",\"width\":1265,\"height\":697,\"caption\":\"Contenidos\"},\"primaryImageOfPage\":{\"@id\":\"https:\\\/\\\/www.eldigitaldeasturias.com\\\/noticias\\\/muere-un-yihadista-palestino-en-emboscada-del-ejercito-libanes\\\/#mainImage\"},\"datePublished\":\"2014-01-24T04:28:10+01:00\",\"dateModified\":\"2014-01-24T04:28:10+01:00\"},{\"@type\":\"WebSite\",\"@id\":\"https:\\\/\\\/www.eldigitaldeasturias.com\\\/noticias\\\/#website\",\"url\":\"https:\\\/\\\/www.eldigitaldeasturias.com\\\/noticias\\\/\",\"name\":\"El Digital de Asturias - Diario de actualidad y noticias\",\"alternateName\":\"El Digital de Asturias - Diario de actualidad y noticias\",\"description\":\"Hemeroteca\",\"inLanguage\":\"es-ES\",\"publisher\":{\"@id\":\"https:\\\/\\\/www.eldigitaldeasturias.com\\\/noticias\\\/#organization\"}}]}\n\t\t<\/script>\n\t\t<!-- All in One SEO Pro -->\r\n\t\t<title>Muere un yihadista palestino en emboscada del Ej\u00e9rcito liban\u00e9s - El Digital de Asturias<\/title>\n\n","aioseo_head_json":{"title":"Muere un yihadista palestino en emboscada del Ej\u00e9rcito liban\u00e9s - El Digital de Asturias","description":"Beirut, 23 ene (EFE).- Un miembro de las Brigadas Abdal\u00e1 al Azam, vinculadas a Al Qaeda y autoras de recientes atentados en el L\u00edbano, fue abatido durante una emboscada de las fuerzas libanesas en el este del L\u00edbano, inform\u00f3 hoy el Ej\u00e9rcito. El fallecido es el palestino Ibrahim Abdel Moti, m\u00e1s conocido como Abi Jaafar,","canonical_url":"https:\/\/www.eldigitaldeasturias.com\/noticias\/muere-un-yihadista-palestino-en-emboscada-del-ejercito-libanes\/","robots":"max-image-preview:large","keywords":"actualidad","webmasterTools":{"google-site-verification":"UA-38556648-1","msvalidate.01":"7dfe9f3f1b24437ab69f4f2559babe99","miscellaneous":""},"schema":{"@context":"https:\/\/schema.org","@graph":[{"@type":"BlogPosting","@id":"https:\/\/www.eldigitaldeasturias.com\/noticias\/muere-un-yihadista-palestino-en-emboscada-del-ejercito-libanes\/#blogposting","name":"Muere un yihadista palestino en emboscada del Ej\u00e9rcito liban\u00e9s - El Digital de Asturias","headline":"Muere un yihadista palestino en emboscada del Ej\u00e9rcito liban\u00e9s","author":{"@id":"https:\/\/www.eldigitaldeasturias.com\/noticias\/author\/admin\/#author"},"publisher":{"@id":"https:\/\/www.eldigitaldeasturias.com\/noticias\/#organization"},"image":{"@type":"ImageObject","url":"https:\/\/www.eldigitaldeasturias.com\/noticias\/wp-content\/uploads\/2026\/06\/Contenidos.jpg","width":1265,"height":697,"caption":"Contenidos"},"datePublished":"2014-01-24T04:28:10+01:00","dateModified":"2014-01-24T04:28:10+01:00","inLanguage":"es-ES","mainEntityOfPage":{"@id":"https:\/\/www.eldigitaldeasturias.com\/noticias\/muere-un-yihadista-palestino-en-emboscada-del-ejercito-libanes\/#webpage"},"isPartOf":{"@id":"https:\/\/www.eldigitaldeasturias.com\/noticias\/muere-un-yihadista-palestino-en-emboscada-del-ejercito-libanes\/#webpage"},"articleSection":"Actualidad"},{"@type":"BreadcrumbList","@id":"https:\/\/www.eldigitaldeasturias.com\/noticias\/muere-un-yihadista-palestino-en-emboscada-del-ejercito-libanes\/#breadcrumblist","itemListElement":[{"@type":"ListItem","@id":"https:\/\/www.eldigitaldeasturias.com\/noticias#listItem","position":1,"name":"Home","item":"https:\/\/www.eldigitaldeasturias.com\/noticias","nextItem":{"@type":"ListItem","@id":"https:\/\/www.eldigitaldeasturias.com\/noticias\/category\/actualidad\/#listItem","name":"Actualidad"}},{"@type":"ListItem","@id":"https:\/\/www.eldigitaldeasturias.com\/noticias\/category\/actualidad\/#listItem","position":2,"name":"Actualidad","item":"https:\/\/www.eldigitaldeasturias.com\/noticias\/category\/actualidad\/","nextItem":{"@type":"ListItem","@id":"https:\/\/www.eldigitaldeasturias.com\/noticias\/muere-un-yihadista-palestino-en-emboscada-del-ejercito-libanes\/#listItem","name":"Muere un yihadista palestino en emboscada del Ej\u00e9rcito liban\u00e9s"},"previousItem":{"@type":"ListItem","@id":"https:\/\/www.eldigitaldeasturias.com\/noticias#listItem","name":"Home"}},{"@type":"ListItem","@id":"https:\/\/www.eldigitaldeasturias.com\/noticias\/muere-un-yihadista-palestino-en-emboscada-del-ejercito-libanes\/#listItem","position":3,"name":"Muere un yihadista palestino en emboscada del Ej\u00e9rcito liban\u00e9s","previousItem":{"@type":"ListItem","@id":"https:\/\/www.eldigitaldeasturias.com\/noticias\/category\/actualidad\/#listItem","name":"Actualidad"}}]},{"@type":"Organization","@id":"https:\/\/www.eldigitaldeasturias.com\/noticias\/#organization","name":"El Digital de Asturias","description":"Hemeroteca","url":"https:\/\/www.eldigitaldeasturias.com\/noticias\/","email":"info@eldigitaldeasturias.com","telephone":"+34652131393","logo":{"@type":"ImageObject","url":"https:\/\/www.eldigitaldeasturias.com\/noticias\/wp-content\/uploads\/2020\/12\/EDA.jpg","@id":"https:\/\/www.eldigitaldeasturias.com\/noticias\/muere-un-yihadista-palestino-en-emboscada-del-ejercito-libanes\/#organizationLogo"},"image":{"@id":"https:\/\/www.eldigitaldeasturias.com\/noticias\/muere-un-yihadista-palestino-en-emboscada-del-ejercito-libanes\/#organizationLogo"},"sameAs":["https:\/\/facebook.com\/eldigitaldeasturias","https:\/\/www.youtube.com\/channel\/UCZP-2wLEB9Rv6erhFmqVnvg"],"address":{"@id":"https:\/\/www.eldigitaldeasturias.com\/noticias\/#postaladdress","@type":"PostalAddress","streetAddress":"san antonio 4","postalCode":"33430","addressLocality":"Cand\u00e1s","addressRegion":"Asturias","addressCountry":"ES"}},{"@type":"Person","@id":"https:\/\/www.eldigitaldeasturias.com\/noticias\/author\/admin\/#author","url":"https:\/\/www.eldigitaldeasturias.com\/noticias\/author\/admin\/","name":"El Digital de Asturias","image":{"@type":"ImageObject","@id":"https:\/\/www.eldigitaldeasturias.com\/noticias\/muere-un-yihadista-palestino-en-emboscada-del-ejercito-libanes\/#authorImage","url":"https:\/\/secure.gravatar.com\/avatar\/df2aeffc32bcd13f8d26072ef8a91b623d677766deac7f97ca815868cd41bf5e?s=96&d=mm&r=g","width":96,"height":96,"caption":"El Digital de Asturias"}},{"@type":"WebPage","@id":"https:\/\/www.eldigitaldeasturias.com\/noticias\/muere-un-yihadista-palestino-en-emboscada-del-ejercito-libanes\/#webpage","url":"https:\/\/www.eldigitaldeasturias.com\/noticias\/muere-un-yihadista-palestino-en-emboscada-del-ejercito-libanes\/","name":"Muere un yihadista palestino en emboscada del Ej\u00e9rcito liban\u00e9s - El Digital de Asturias","description":"Beirut, 23 ene (EFE).- Un miembro de las Brigadas Abdal\u00e1 al Azam, vinculadas a Al Qaeda y autoras de recientes atentados en el L\u00edbano, fue abatido durante una emboscada de las fuerzas libanesas en el este del L\u00edbano, inform\u00f3 hoy el Ej\u00e9rcito. El fallecido es el palestino Ibrahim Abdel Moti, m\u00e1s conocido como Abi Jaafar,","inLanguage":"es-ES","isPartOf":{"@id":"https:\/\/www.eldigitaldeasturias.com\/noticias\/#website"},"breadcrumb":{"@id":"https:\/\/www.eldigitaldeasturias.com\/noticias\/muere-un-yihadista-palestino-en-emboscada-del-ejercito-libanes\/#breadcrumblist"},"author":{"@id":"https:\/\/www.eldigitaldeasturias.com\/noticias\/author\/admin\/#author"},"creator":{"@id":"https:\/\/www.eldigitaldeasturias.com\/noticias\/author\/admin\/#author"},"image":{"@type":"ImageObject","url":"https:\/\/www.eldigitaldeasturias.com\/noticias\/wp-content\/uploads\/2026\/06\/Contenidos.jpg","@id":"https:\/\/www.eldigitaldeasturias.com\/noticias\/muere-un-yihadista-palestino-en-emboscada-del-ejercito-libanes\/#mainImage","width":1265,"height":697,"caption":"Contenidos"},"primaryImageOfPage":{"@id":"https:\/\/www.eldigitaldeasturias.com\/noticias\/muere-un-yihadista-palestino-en-emboscada-del-ejercito-libanes\/#mainImage"},"datePublished":"2014-01-24T04:28:10+01:00","dateModified":"2014-01-24T04:28:10+01:00"},{"@type":"WebSite","@id":"https:\/\/www.eldigitaldeasturias.com\/noticias\/#website","url":"https:\/\/www.eldigitaldeasturias.com\/noticias\/","name":"El Digital de Asturias - Diario de actualidad y noticias","alternateName":"El Digital de Asturias - Diario de actualidad y noticias","description":"Hemeroteca","inLanguage":"es-ES","publisher":{"@id":"https:\/\/www.eldigitaldeasturias.com\/noticias\/#organization"}}]},"og:locale":"es_ES","og:site_name":"El Digital de Asturias","og:type":"article","og:title":"Muere un yihadista palestino en emboscada del Ej\u00e9rcito liban\u00e9s - El Digital de Asturias","og:description":"Beirut, 23 ene (EFE).- Un miembro de las Brigadas Abdal\u00e1 al Azam, vinculadas a Al Qaeda y autoras de recientes atentados en el L\u00edbano, fue abatido durante una emboscada de las fuerzas libanesas en el este del L\u00edbano, inform\u00f3 hoy el Ej\u00e9rcito. El fallecido es el palestino Ibrahim Abdel Moti, m\u00e1s conocido como Abi Jaafar,","og:url":"https:\/\/www.eldigitaldeasturias.com\/noticias\/muere-un-yihadista-palestino-en-emboscada-del-ejercito-libanes\/","og:image":"https:\/\/www.eldigitaldeasturias.com\/noticias\/wp-content\/uploads\/2026\/06\/Contenidos.jpg","og:image:secure_url":"https:\/\/www.eldigitaldeasturias.com\/noticias\/wp-content\/uploads\/2026\/06\/Contenidos.jpg","og:image:width":1265,"og:image:height":697,"article:tag":["actualidad"],"article:published_time":"2014-01-24T05:28:10+00:00","article:modified_time":"2014-01-24T05:28:10+00:00","article:publisher":"https:\/\/facebook.com\/eldigitaldeasturias","twitter:card":"summary_large_image","twitter:title":"Muere un yihadista palestino en emboscada del Ej\u00e9rcito liban\u00e9s - El Digital de Asturias","twitter:description":"Beirut, 23 ene (EFE).- Un miembro de las Brigadas Abdal\u00e1 al Azam, vinculadas a Al Qaeda y autoras de recientes atentados en el L\u00edbano, fue abatido durante una emboscada de las fuerzas libanesas en el este del L\u00edbano, inform\u00f3 hoy el Ej\u00e9rcito. El fallecido es el palestino Ibrahim Abdel Moti, m\u00e1s conocido como Abi Jaafar,","twitter:image":"https:\/\/www.eldigitaldeasturias.com\/noticias\/wp-content\/uploads\/2026\/06\/Contenidos.jpg","twitter:label1":"Escrito por","twitter:data1":"El Digital de Asturias","twitter:label2":"Tiempo de lectura estimado","twitter:data2":"1 minuto"},"aioseo_meta_data":{"post_id":"477849","title":null,"description":null,"keywords":null,"keyphrases":null,"primary_term":null,"canonical_url":null,"og_title":null,"og_description":null,"og_object_type":"default","og_image_type":"default","og_image_url":null,"og_image_width":null,"og_image_height":null,"og_image_custom_url":null,"og_image_custom_fields":null,"og_video":null,"og_custom_url":null,"og_article_section":null,"og_article_tags":null,"twitter_use_og":true,"twitter_card":"default","twitter_image_type":"default","twitter_image_url":null,"twitter_image_custom_url":null,"twitter_image_custom_fields":null,"twitter_title":null,"twitter_description":null,"schema":{"blockGraphs":[],"customGraphs":[],"default":{"data":{"Article":[],"Course":[],"Dataset":[],"FAQPage":[],"Movie":[],"Person":[],"Product":[],"ProductReview":[],"Car":[],"Recipe":[],"Service":[],"SoftwareApplication":[],"WebPage":[]},"graphName":"","isEnabled":true},"graphs":[],"defaultGraph":"","defaultPostTypeGraph":""},"schema_type":null,"schema_type_options":null,"pillar_content":false,"robots_default":true,"robots_noindex":false,"robots_noarchive":false,"robots_nosnippet":false,"robots_nofollow":false,"robots_noimageindex":false,"robots_noodp":false,"robots_notranslate":false,"robots_max_snippet":null,"robots_max_videopreview":null,"robots_max_imagepreview":"none","priority":null,"frequency":null,"local_seo":null,"seo_analyzer_scan_date":"2026-06-01 19:47:05","breadcrumb_settings":null,"limit_modified_date":false,"open_ai":null,"ai":null,"created":"2020-11-14 22:53:46","updated":"2026-06-01 19:47:05","focus_keyword":null,"additional_keywords":null,"truseo_locale":null},"aioseo_breadcrumb":"<div class=\"aioseo-breadcrumbs\"><span class=\"aioseo-breadcrumb\">\n\t<a href=\"https:\/\/www.eldigitaldeasturias.com\/noticias\" title=\"Home\">Home<\/a>\n<\/span><span class=\"aioseo-breadcrumb-separator\">\u2013<\/span><span class=\"aioseo-breadcrumb\">\n\t<a href=\"https:\/\/www.eldigitaldeasturias.com\/noticias\/category\/actualidad\/\" title=\"Actualidad\">Actualidad<\/a>\n<\/span><span class=\"aioseo-breadcrumb-separator\">\u2013<\/span><span class=\"aioseo-breadcrumb\">\n\t<a href=\"https:\/\/www.eldigitaldeasturias.com\/noticias\/muere-un-yihadista-palestino-en-emboscada-del-ejercito-libanes\/\" title=\"Muere un yihadista palestino en emboscada del Ej\u00e9rcito liban\u00e9s\">Muere un yihadista palestino en emboscada del Ej\u00e9rcito liban\u00e9s<\/a>\n<\/span><\/div>","aioseo_breadcrumb_json":[{"label":"Home","link":"https:\/\/www.eldigitaldeasturias.com\/noticias"},{"label":"Actualidad","link":"https:\/\/www.eldigitaldeasturias.com\/noticias\/category\/actualidad\/"},{"label":"Muere un yihadista palestino en emboscada del Ej\u00e9rcito liban\u00e9s","link":"https:\/\/www.eldigitaldeasturias.com\/noticias\/muere-un-yihadista-palestino-en-emboscada-del-ejercito-libanes\/"}],"_links":{"self":[{"href":"https:\/\/www.eldigitaldeasturias.com\/noticias\/wp-json\/wp\/v2\/posts\/477849","targetHints":{"allow":["GET"]}}],"collection":[{"href":"https:\/\/www.eldigitaldeasturias.com\/noticias\/wp-json\/wp\/v2\/posts"}],"about":[{"href":"https:\/\/www.eldigitaldeasturias.com\/noticias\/wp-json\/wp\/v2\/types\/post"}],"author":[{"embeddable":true,"href":"https:\/\/www.eldigitaldeasturias.com\/noticias\/wp-json\/wp\/v2\/users\/1"}],"replies":[{"embeddable":true,"href":"https:\/\/www.eldigitaldeasturias.com\/noticias\/wp-json\/wp\/v2\/comments?post=477849"}],"version-history":[{"count":0,"href":"https:\/\/www.eldigitaldeasturias.com\/noticias\/wp-json\/wp\/v2\/posts\/477849\/revisions"}],"wp:featuredmedia":[{"embeddable":true,"href":"https:\/\/www.eldigitaldeasturias.com\/noticias\/wp-json\/wp\/v2\/media\/1132184"}],"wp:attachment":[{"href":"https:\/\/www.eldigitaldeasturias.com\/noticias\/wp-json\/wp\/v2\/media?parent=477849"}],"wp:term":[{"taxonomy":"category","embeddable":true,"href":"https:\/\/www.eldigitaldeasturias.com\/noticias\/wp-json\/wp\/v2\/categories?post=477849"},{"taxonomy":"post_tag","embeddable":true,"href":"https:\/\/www.eldigitaldeasturias.com\/noticias\/wp-json\/wp\/v2\/tags?post=477849"}],"curies":[{"name":"wp","href":"https:\/\/api.w.org\/{rel}","templated":true}]}}