{"id":477840,"date":"2014-01-24T04:24:28","date_gmt":"2014-01-24T05:24:28","guid":{"rendered":"http:\/\/www.eldigitaldeasturias.com\/noticias\/?p=477840"},"modified":"2014-01-24T04:24:28","modified_gmt":"2014-01-24T05:24:28","slug":"la-vuelta-espera-el-si-de-nairo-quintana-para-completar-un-gran-cartel","status":"publish","type":"post","link":"https:\/\/www.eldigitaldeasturias.com\/noticias\/la-vuelta-espera-el-si-de-nairo-quintana-para-completar-un-gran-cartel\/","title":{"rendered":"La Vuelta espera el \u00abs\u00ed\u00bb de Nairo Quintana para completar \u00abun gran cartel\u00bb"},"content":{"rendered":"<p><img loading=\"lazy\" decoding=\"async\" class=\"alignleft size-medium wp-image-477841\" alt=\"5870711w\" src=\"https:\/\/www.eldigitaldeasturias.com\/noticias\/wp-content\/uploads\/2014\/01\/5870711w-360x202.jpg\" width=\"360\" height=\"202\" \/>Madrid, 23 ene (EFE).- Un \u00abs\u00ed\u00bb del colombiano Nairo Quintana a la Vuelta 2014 permitir\u00eda redondear \u00abun gran cartel\u00bb para la pr\u00f3xima edici\u00f3n, seg\u00fan afirm\u00f3 Javier Guill\u00e9n, director de la ronda espa\u00f1ola, en el acto de presentaci\u00f3n de las etapas asturianas celebrado en la Feria Internacional de Turismo (FITUR).<\/p>\n<p>\u00abDepende de su equipo, pero tenemos la esperanza de ver a Nairo en la Vuelta. Con la participaci\u00f3n prevista, con Contador, Valverde y \u00abPurito\u00bb, la presencia de un corredor como Nairo ser\u00eda una guinda a un gran pastel\u00bb, se\u00f1al\u00f3 esperanzado Guill\u00e9n.<\/p>\n<p>El recorrido de la edici\u00f3n 2014 ofrece abundante monta\u00f1a para los escaladores como Quintana, especialmente en la tercera jornada, que incluye las etapas de monta\u00f1a presentadas en FITUR, con los finales en Lagos de Covadonga y La Farrapona- Lagos de Somiedo.<\/p>\n<p>\u00abAsturias siempre aporta etapas m\u00edticas, tiene monta\u00f1a, que es lo m\u00e1s espectacular del ciclismo, tiene mar y no es casual que las principales etapas se concentren en la semana decisiva de carrera. Es dif\u00edcil concebir la Vuelta sin Asturias\u00bb, se\u00f1al\u00f3 Guill\u00e9n.<\/p>\n<p>El director de la Vuelta centr\u00f3 grandes esperanzas en las citas asturianas de la Vuelta 2014 que comenzar\u00e1 en Jerez de la Frontera el 23 de agosto y concluir\u00e1 en Santiago de Compostela el 14 de septiembre.<\/p>\n<p>Si el espect\u00e1culo est\u00e1 en la monta\u00f1a, Guill\u00e9n record\u00f3 la cita del 7 de septiembre con la etapa entre Oviedo y Lagos de Covadonga, y la posterior con final en la Farrapona, \u00abun etap\u00f3n, la m\u00e1s dura que puede haber, que ser\u00e1 la jornada reina\u00bb, seg\u00fan dijo Guill\u00e9n.<\/p>\n<p>Jos\u00e9 Ram\u00f3n Tuero, director general de Deportes del Gobierno de Asturias, destac\u00f3 en Fitur los acontecimientos deportivos que se celebrar\u00e1n en su comunidad en 2014, como el Campeonato Mundial de escalada, que tendr\u00e1 lugar en Gij\u00f3n entre el 8 y el 14 de septiembre.<\/p>\n","protected":false},"excerpt":{"rendered":"<p>Madrid, 23 ene (EFE).- Un \u00abs\u00ed\u00bb del colombiano Nairo Quintana a la Vuelta 2014 permitir\u00eda redondear \u00abun gran cartel\u00bb para la pr\u00f3xima edici\u00f3n, seg\u00fan afirm\u00f3 Javier Guill\u00e9n, director de la ronda espa\u00f1ola, en el acto de presentaci\u00f3n de las etapas asturianas celebrado en la Feria Internacional de Turismo (FITUR). \u00abDepende de su equipo, pero tenemos [&hellip;]<\/p>\n","protected":false},"author":1,"featured_media":1132184,"comment_status":"closed","ping_status":"open","sticky":false,"template":"","format":"standard","meta":{"footnotes":""},"categories":[1],"tags":[],"class_list":["post-477840","post","type-post","status-publish","format-standard","has-post-thumbnail","hentry","category-actualidad"],"aioseo_notices":[],"aioseo_head":"\n\t\t<!-- All in One SEO Pro 5.0.1 - aioseo.com -->\n\t<meta name=\"description\" content=\"Madrid, 23 ene (EFE).- Un &quot;s\u00ed&quot; del colombiano Nairo Quintana a la Vuelta 2014 permitir\u00eda redondear &quot;un gran cartel&quot; para la pr\u00f3xima edici\u00f3n, seg\u00fan afirm\u00f3 Javier Guill\u00e9n, director de la ronda espa\u00f1ola, en el acto de presentaci\u00f3n de las etapas asturianas celebrado en la Feria Internacional de Turismo (FITUR). &quot;Depende de su equipo, pero tenemos\" \/>\n\t<meta name=\"robots\" content=\"max-image-preview:large\" \/>\n\t<meta name=\"author\" content=\"El Digital de Asturias\"\/>\n\t<meta name=\"google-site-verification\" content=\"UA-38556648-1\" \/>\n\t<meta name=\"msvalidate.01\" content=\"7dfe9f3f1b24437ab69f4f2559babe99\" \/>\n\t<meta name=\"keywords\" content=\"actualidad\" \/>\n\t<link rel=\"canonical\" href=\"https:\/\/www.eldigitaldeasturias.com\/noticias\/la-vuelta-espera-el-si-de-nairo-quintana-para-completar-un-gran-cartel\/\" \/>\n\t<meta name=\"generator\" content=\"All in One SEO Pro (AIOSEO) 5.0.1\" \/>\n\t\t<meta property=\"og:locale\" content=\"es_ES\" \/>\n\t\t<meta property=\"og:site_name\" content=\"El Digital de Asturias\" \/>\n\t\t<meta property=\"og:type\" content=\"article\" \/>\n\t\t<meta property=\"og:title\" content=\"La Vuelta espera el \u00abs\u00ed\u00bb de Nairo Quintana para completar \u00abun gran cartel\u00bb - El Digital de Asturias\" \/>\n\t\t<meta property=\"og:description\" content=\"Madrid, 23 ene (EFE).- Un &quot;s\u00ed&quot; del colombiano Nairo Quintana a la Vuelta 2014 permitir\u00eda redondear &quot;un gran cartel&quot; para la pr\u00f3xima edici\u00f3n, seg\u00fan afirm\u00f3 Javier Guill\u00e9n, director de la ronda espa\u00f1ola, en el acto de presentaci\u00f3n de las etapas asturianas celebrado en la Feria Internacional de Turismo (FITUR). &quot;Depende de su equipo, pero tenemos\" \/>\n\t\t<meta property=\"og:url\" content=\"https:\/\/www.eldigitaldeasturias.com\/noticias\/la-vuelta-espera-el-si-de-nairo-quintana-para-completar-un-gran-cartel\/\" \/>\n\t\t<meta property=\"og:image\" content=\"https:\/\/www.eldigitaldeasturias.com\/noticias\/wp-content\/uploads\/2026\/06\/Contenidos.jpg\" \/>\n\t\t<meta property=\"og:image:secure_url\" content=\"https:\/\/www.eldigitaldeasturias.com\/noticias\/wp-content\/uploads\/2026\/06\/Contenidos.jpg\" \/>\n\t\t<meta property=\"og:image:width\" content=\"1265\" \/>\n\t\t<meta property=\"og:image:height\" content=\"697\" \/>\n\t\t<meta property=\"article:tag\" content=\"actualidad\" \/>\n\t\t<meta property=\"article:published_time\" content=\"2014-01-24T05:24:28+00:00\" \/>\n\t\t<meta property=\"article:modified_time\" content=\"2014-01-24T05:24:28+00:00\" \/>\n\t\t<meta property=\"article:publisher\" content=\"https:\/\/facebook.com\/eldigitaldeasturias\" \/>\n\t\t<meta name=\"twitter:card\" content=\"summary_large_image\" \/>\n\t\t<meta name=\"twitter:title\" content=\"La Vuelta espera el \u00abs\u00ed\u00bb de Nairo Quintana para completar \u00abun gran cartel\u00bb - El Digital de Asturias\" \/>\n\t\t<meta name=\"twitter:description\" content=\"Madrid, 23 ene (EFE).- Un &quot;s\u00ed&quot; del colombiano Nairo Quintana a la Vuelta 2014 permitir\u00eda redondear &quot;un gran cartel&quot; para la pr\u00f3xima edici\u00f3n, seg\u00fan afirm\u00f3 Javier Guill\u00e9n, director de la ronda espa\u00f1ola, en el acto de presentaci\u00f3n de las etapas asturianas celebrado en la Feria Internacional de Turismo (FITUR). &quot;Depende de su equipo, pero tenemos\" \/>\n\t\t<meta name=\"twitter:image\" content=\"https:\/\/www.eldigitaldeasturias.com\/noticias\/wp-content\/uploads\/2026\/06\/Contenidos.jpg\" \/>\n\t\t<meta name=\"twitter:label1\" content=\"Escrito por\" \/>\n\t\t<meta name=\"twitter:data1\" content=\"El Digital de Asturias\" \/>\n\t\t<meta name=\"twitter:label2\" content=\"Tiempo de lectura estimado\" \/>\n\t\t<meta name=\"twitter:data2\" content=\"2 minutos\" \/>\n\t\t<script type=\"application\/ld+json\" class=\"aioseo-schema\">\n\t\t\t{\"@context\":\"https:\\\/\\\/schema.org\",\"@graph\":[{\"@type\":\"BlogPosting\",\"@id\":\"https:\\\/\\\/www.eldigitaldeasturias.com\\\/noticias\\\/la-vuelta-espera-el-si-de-nairo-quintana-para-completar-un-gran-cartel\\\/#blogposting\",\"name\":\"La Vuelta espera el \\u00abs\\u00ed\\u00bb de Nairo Quintana para completar \\u00abun gran cartel\\u00bb - El Digital de Asturias\",\"headline\":\"La Vuelta espera el \\u00abs\\u00ed\\u00bb de Nairo Quintana para completar \\u00abun gran cartel\\u00bb\",\"author\":{\"@id\":\"https:\\\/\\\/www.eldigitaldeasturias.com\\\/noticias\\\/author\\\/admin\\\/#author\"},\"publisher\":{\"@id\":\"https:\\\/\\\/www.eldigitaldeasturias.com\\\/noticias\\\/#organization\"},\"image\":{\"@type\":\"ImageObject\",\"url\":\"https:\\\/\\\/www.eldigitaldeasturias.com\\\/noticias\\\/wp-content\\\/uploads\\\/2026\\\/06\\\/Contenidos.jpg\",\"width\":1265,\"height\":697,\"caption\":\"Contenidos\"},\"datePublished\":\"2014-01-24T04:24:28+01:00\",\"dateModified\":\"2014-01-24T04:24:28+01:00\",\"inLanguage\":\"es-ES\",\"mainEntityOfPage\":{\"@id\":\"https:\\\/\\\/www.eldigitaldeasturias.com\\\/noticias\\\/la-vuelta-espera-el-si-de-nairo-quintana-para-completar-un-gran-cartel\\\/#webpage\"},\"isPartOf\":{\"@id\":\"https:\\\/\\\/www.eldigitaldeasturias.com\\\/noticias\\\/la-vuelta-espera-el-si-de-nairo-quintana-para-completar-un-gran-cartel\\\/#webpage\"},\"articleSection\":\"Actualidad\"},{\"@type\":\"BreadcrumbList\",\"@id\":\"https:\\\/\\\/www.eldigitaldeasturias.com\\\/noticias\\\/la-vuelta-espera-el-si-de-nairo-quintana-para-completar-un-gran-cartel\\\/#breadcrumblist\",\"itemListElement\":[{\"@type\":\"ListItem\",\"@id\":\"https:\\\/\\\/www.eldigitaldeasturias.com\\\/noticias#listItem\",\"position\":1,\"name\":\"Home\",\"item\":\"https:\\\/\\\/www.eldigitaldeasturias.com\\\/noticias\",\"nextItem\":{\"@type\":\"ListItem\",\"@id\":\"https:\\\/\\\/www.eldigitaldeasturias.com\\\/noticias\\\/category\\\/actualidad\\\/#listItem\",\"name\":\"Actualidad\"}},{\"@type\":\"ListItem\",\"@id\":\"https:\\\/\\\/www.eldigitaldeasturias.com\\\/noticias\\\/category\\\/actualidad\\\/#listItem\",\"position\":2,\"name\":\"Actualidad\",\"item\":\"https:\\\/\\\/www.eldigitaldeasturias.com\\\/noticias\\\/category\\\/actualidad\\\/\",\"nextItem\":{\"@type\":\"ListItem\",\"@id\":\"https:\\\/\\\/www.eldigitaldeasturias.com\\\/noticias\\\/la-vuelta-espera-el-si-de-nairo-quintana-para-completar-un-gran-cartel\\\/#listItem\",\"name\":\"La Vuelta espera el \\u00abs\\u00ed\\u00bb de Nairo Quintana para completar \\u00abun gran cartel\\u00bb\"},\"previousItem\":{\"@type\":\"ListItem\",\"@id\":\"https:\\\/\\\/www.eldigitaldeasturias.com\\\/noticias#listItem\",\"name\":\"Home\"}},{\"@type\":\"ListItem\",\"@id\":\"https:\\\/\\\/www.eldigitaldeasturias.com\\\/noticias\\\/la-vuelta-espera-el-si-de-nairo-quintana-para-completar-un-gran-cartel\\\/#listItem\",\"position\":3,\"name\":\"La Vuelta espera el \\u00abs\\u00ed\\u00bb de Nairo Quintana para completar \\u00abun gran cartel\\u00bb\",\"previousItem\":{\"@type\":\"ListItem\",\"@id\":\"https:\\\/\\\/www.eldigitaldeasturias.com\\\/noticias\\\/category\\\/actualidad\\\/#listItem\",\"name\":\"Actualidad\"}}]},{\"@type\":\"Organization\",\"@id\":\"https:\\\/\\\/www.eldigitaldeasturias.com\\\/noticias\\\/#organization\",\"name\":\"El Digital de Asturias\",\"description\":\"Hemeroteca\",\"url\":\"https:\\\/\\\/www.eldigitaldeasturias.com\\\/noticias\\\/\",\"email\":\"info@eldigitaldeasturias.com\",\"telephone\":\"+34652131393\",\"logo\":{\"@type\":\"ImageObject\",\"url\":\"https:\\\/\\\/www.eldigitaldeasturias.com\\\/noticias\\\/wp-content\\\/uploads\\\/2020\\\/12\\\/EDA.jpg\",\"@id\":\"https:\\\/\\\/www.eldigitaldeasturias.com\\\/noticias\\\/la-vuelta-espera-el-si-de-nairo-quintana-para-completar-un-gran-cartel\\\/#organizationLogo\"},\"image\":{\"@id\":\"https:\\\/\\\/www.eldigitaldeasturias.com\\\/noticias\\\/la-vuelta-espera-el-si-de-nairo-quintana-para-completar-un-gran-cartel\\\/#organizationLogo\"},\"sameAs\":[\"https:\\\/\\\/facebook.com\\\/eldigitaldeasturias\",\"https:\\\/\\\/www.youtube.com\\\/channel\\\/UCZP-2wLEB9Rv6erhFmqVnvg\"],\"address\":{\"@id\":\"https:\\\/\\\/www.eldigitaldeasturias.com\\\/noticias\\\/#postaladdress\",\"@type\":\"PostalAddress\",\"streetAddress\":\"san antonio 4\",\"postalCode\":\"33430\",\"addressLocality\":\"Cand\\u00e1s\",\"addressRegion\":\"Asturias\",\"addressCountry\":\"ES\"}},{\"@type\":\"Person\",\"@id\":\"https:\\\/\\\/www.eldigitaldeasturias.com\\\/noticias\\\/author\\\/admin\\\/#author\",\"url\":\"https:\\\/\\\/www.eldigitaldeasturias.com\\\/noticias\\\/author\\\/admin\\\/\",\"name\":\"El Digital de Asturias\",\"image\":{\"@type\":\"ImageObject\",\"@id\":\"https:\\\/\\\/www.eldigitaldeasturias.com\\\/noticias\\\/la-vuelta-espera-el-si-de-nairo-quintana-para-completar-un-gran-cartel\\\/#authorImage\",\"url\":\"https:\\\/\\\/secure.gravatar.com\\\/avatar\\\/df2aeffc32bcd13f8d26072ef8a91b623d677766deac7f97ca815868cd41bf5e?s=96&d=mm&r=g\",\"width\":96,\"height\":96,\"caption\":\"El Digital de Asturias\"}},{\"@type\":\"WebPage\",\"@id\":\"https:\\\/\\\/www.eldigitaldeasturias.com\\\/noticias\\\/la-vuelta-espera-el-si-de-nairo-quintana-para-completar-un-gran-cartel\\\/#webpage\",\"url\":\"https:\\\/\\\/www.eldigitaldeasturias.com\\\/noticias\\\/la-vuelta-espera-el-si-de-nairo-quintana-para-completar-un-gran-cartel\\\/\",\"name\":\"La Vuelta espera el \\u00abs\\u00ed\\u00bb de Nairo Quintana para completar \\u00abun gran cartel\\u00bb - El Digital de Asturias\",\"description\":\"Madrid, 23 ene (EFE).- Un \\\"s\\u00ed\\\" del colombiano Nairo Quintana a la Vuelta 2014 permitir\\u00eda redondear \\\"un gran cartel\\\" para la pr\\u00f3xima edici\\u00f3n, seg\\u00fan afirm\\u00f3 Javier Guill\\u00e9n, director de la ronda espa\\u00f1ola, en el acto de presentaci\\u00f3n de las etapas asturianas celebrado en la Feria Internacional de Turismo (FITUR). \\\"Depende de su equipo, pero tenemos\",\"inLanguage\":\"es-ES\",\"isPartOf\":{\"@id\":\"https:\\\/\\\/www.eldigitaldeasturias.com\\\/noticias\\\/#website\"},\"breadcrumb\":{\"@id\":\"https:\\\/\\\/www.eldigitaldeasturias.com\\\/noticias\\\/la-vuelta-espera-el-si-de-nairo-quintana-para-completar-un-gran-cartel\\\/#breadcrumblist\"},\"author\":{\"@id\":\"https:\\\/\\\/www.eldigitaldeasturias.com\\\/noticias\\\/author\\\/admin\\\/#author\"},\"creator\":{\"@id\":\"https:\\\/\\\/www.eldigitaldeasturias.com\\\/noticias\\\/author\\\/admin\\\/#author\"},\"image\":{\"@type\":\"ImageObject\",\"url\":\"https:\\\/\\\/www.eldigitaldeasturias.com\\\/noticias\\\/wp-content\\\/uploads\\\/2026\\\/06\\\/Contenidos.jpg\",\"@id\":\"https:\\\/\\\/www.eldigitaldeasturias.com\\\/noticias\\\/la-vuelta-espera-el-si-de-nairo-quintana-para-completar-un-gran-cartel\\\/#mainImage\",\"width\":1265,\"height\":697,\"caption\":\"Contenidos\"},\"primaryImageOfPage\":{\"@id\":\"https:\\\/\\\/www.eldigitaldeasturias.com\\\/noticias\\\/la-vuelta-espera-el-si-de-nairo-quintana-para-completar-un-gran-cartel\\\/#mainImage\"},\"datePublished\":\"2014-01-24T04:24:28+01:00\",\"dateModified\":\"2014-01-24T04:24:28+01:00\"},{\"@type\":\"WebSite\",\"@id\":\"https:\\\/\\\/www.eldigitaldeasturias.com\\\/noticias\\\/#website\",\"url\":\"https:\\\/\\\/www.eldigitaldeasturias.com\\\/noticias\\\/\",\"name\":\"El Digital de Asturias - Diario de actualidad y noticias\",\"alternateName\":\"El Digital de Asturias - Diario de actualidad y noticias\",\"description\":\"Hemeroteca\",\"inLanguage\":\"es-ES\",\"publisher\":{\"@id\":\"https:\\\/\\\/www.eldigitaldeasturias.com\\\/noticias\\\/#organization\"}}]}\n\t\t<\/script>\n\t\t<!-- All in One SEO Pro -->\r\n\t\t<title>La Vuelta espera el \u00abs\u00ed\u00bb de Nairo Quintana para completar \u00abun gran cartel\u00bb - El Digital de Asturias<\/title>\n\n","aioseo_head_json":{"title":"La Vuelta espera el \u00abs\u00ed\u00bb de Nairo Quintana para completar \u00abun gran cartel\u00bb - El Digital de Asturias","description":"Madrid, 23 ene (EFE).- Un \"s\u00ed\" del colombiano Nairo Quintana a la Vuelta 2014 permitir\u00eda redondear \"un gran cartel\" para la pr\u00f3xima edici\u00f3n, seg\u00fan afirm\u00f3 Javier Guill\u00e9n, director de la ronda espa\u00f1ola, en el acto de presentaci\u00f3n de las etapas asturianas celebrado en la Feria Internacional de Turismo (FITUR). \"Depende de su equipo, pero tenemos","canonical_url":"https:\/\/www.eldigitaldeasturias.com\/noticias\/la-vuelta-espera-el-si-de-nairo-quintana-para-completar-un-gran-cartel\/","robots":"max-image-preview:large","keywords":"actualidad","webmasterTools":{"google-site-verification":"UA-38556648-1","msvalidate.01":"7dfe9f3f1b24437ab69f4f2559babe99","miscellaneous":""},"schema":{"@context":"https:\/\/schema.org","@graph":[{"@type":"BlogPosting","@id":"https:\/\/www.eldigitaldeasturias.com\/noticias\/la-vuelta-espera-el-si-de-nairo-quintana-para-completar-un-gran-cartel\/#blogposting","name":"La Vuelta espera el \u00abs\u00ed\u00bb de Nairo Quintana para completar \u00abun gran cartel\u00bb - El Digital de Asturias","headline":"La Vuelta espera el \u00abs\u00ed\u00bb de Nairo Quintana para completar \u00abun gran cartel\u00bb","author":{"@id":"https:\/\/www.eldigitaldeasturias.com\/noticias\/author\/admin\/#author"},"publisher":{"@id":"https:\/\/www.eldigitaldeasturias.com\/noticias\/#organization"},"image":{"@type":"ImageObject","url":"https:\/\/www.eldigitaldeasturias.com\/noticias\/wp-content\/uploads\/2026\/06\/Contenidos.jpg","width":1265,"height":697,"caption":"Contenidos"},"datePublished":"2014-01-24T04:24:28+01:00","dateModified":"2014-01-24T04:24:28+01:00","inLanguage":"es-ES","mainEntityOfPage":{"@id":"https:\/\/www.eldigitaldeasturias.com\/noticias\/la-vuelta-espera-el-si-de-nairo-quintana-para-completar-un-gran-cartel\/#webpage"},"isPartOf":{"@id":"https:\/\/www.eldigitaldeasturias.com\/noticias\/la-vuelta-espera-el-si-de-nairo-quintana-para-completar-un-gran-cartel\/#webpage"},"articleSection":"Actualidad"},{"@type":"BreadcrumbList","@id":"https:\/\/www.eldigitaldeasturias.com\/noticias\/la-vuelta-espera-el-si-de-nairo-quintana-para-completar-un-gran-cartel\/#breadcrumblist","itemListElement":[{"@type":"ListItem","@id":"https:\/\/www.eldigitaldeasturias.com\/noticias#listItem","position":1,"name":"Home","item":"https:\/\/www.eldigitaldeasturias.com\/noticias","nextItem":{"@type":"ListItem","@id":"https:\/\/www.eldigitaldeasturias.com\/noticias\/category\/actualidad\/#listItem","name":"Actualidad"}},{"@type":"ListItem","@id":"https:\/\/www.eldigitaldeasturias.com\/noticias\/category\/actualidad\/#listItem","position":2,"name":"Actualidad","item":"https:\/\/www.eldigitaldeasturias.com\/noticias\/category\/actualidad\/","nextItem":{"@type":"ListItem","@id":"https:\/\/www.eldigitaldeasturias.com\/noticias\/la-vuelta-espera-el-si-de-nairo-quintana-para-completar-un-gran-cartel\/#listItem","name":"La Vuelta espera el \u00abs\u00ed\u00bb de Nairo Quintana para completar \u00abun gran cartel\u00bb"},"previousItem":{"@type":"ListItem","@id":"https:\/\/www.eldigitaldeasturias.com\/noticias#listItem","name":"Home"}},{"@type":"ListItem","@id":"https:\/\/www.eldigitaldeasturias.com\/noticias\/la-vuelta-espera-el-si-de-nairo-quintana-para-completar-un-gran-cartel\/#listItem","position":3,"name":"La Vuelta espera el \u00abs\u00ed\u00bb de Nairo Quintana para completar \u00abun gran cartel\u00bb","previousItem":{"@type":"ListItem","@id":"https:\/\/www.eldigitaldeasturias.com\/noticias\/category\/actualidad\/#listItem","name":"Actualidad"}}]},{"@type":"Organization","@id":"https:\/\/www.eldigitaldeasturias.com\/noticias\/#organization","name":"El Digital de Asturias","description":"Hemeroteca","url":"https:\/\/www.eldigitaldeasturias.com\/noticias\/","email":"info@eldigitaldeasturias.com","telephone":"+34652131393","logo":{"@type":"ImageObject","url":"https:\/\/www.eldigitaldeasturias.com\/noticias\/wp-content\/uploads\/2020\/12\/EDA.jpg","@id":"https:\/\/www.eldigitaldeasturias.com\/noticias\/la-vuelta-espera-el-si-de-nairo-quintana-para-completar-un-gran-cartel\/#organizationLogo"},"image":{"@id":"https:\/\/www.eldigitaldeasturias.com\/noticias\/la-vuelta-espera-el-si-de-nairo-quintana-para-completar-un-gran-cartel\/#organizationLogo"},"sameAs":["https:\/\/facebook.com\/eldigitaldeasturias","https:\/\/www.youtube.com\/channel\/UCZP-2wLEB9Rv6erhFmqVnvg"],"address":{"@id":"https:\/\/www.eldigitaldeasturias.com\/noticias\/#postaladdress","@type":"PostalAddress","streetAddress":"san antonio 4","postalCode":"33430","addressLocality":"Cand\u00e1s","addressRegion":"Asturias","addressCountry":"ES"}},{"@type":"Person","@id":"https:\/\/www.eldigitaldeasturias.com\/noticias\/author\/admin\/#author","url":"https:\/\/www.eldigitaldeasturias.com\/noticias\/author\/admin\/","name":"El Digital de Asturias","image":{"@type":"ImageObject","@id":"https:\/\/www.eldigitaldeasturias.com\/noticias\/la-vuelta-espera-el-si-de-nairo-quintana-para-completar-un-gran-cartel\/#authorImage","url":"https:\/\/secure.gravatar.com\/avatar\/df2aeffc32bcd13f8d26072ef8a91b623d677766deac7f97ca815868cd41bf5e?s=96&d=mm&r=g","width":96,"height":96,"caption":"El Digital de Asturias"}},{"@type":"WebPage","@id":"https:\/\/www.eldigitaldeasturias.com\/noticias\/la-vuelta-espera-el-si-de-nairo-quintana-para-completar-un-gran-cartel\/#webpage","url":"https:\/\/www.eldigitaldeasturias.com\/noticias\/la-vuelta-espera-el-si-de-nairo-quintana-para-completar-un-gran-cartel\/","name":"La Vuelta espera el \u00abs\u00ed\u00bb de Nairo Quintana para completar \u00abun gran cartel\u00bb - El Digital de Asturias","description":"Madrid, 23 ene (EFE).- Un \"s\u00ed\" del colombiano Nairo Quintana a la Vuelta 2014 permitir\u00eda redondear \"un gran cartel\" para la pr\u00f3xima edici\u00f3n, seg\u00fan afirm\u00f3 Javier Guill\u00e9n, director de la ronda espa\u00f1ola, en el acto de presentaci\u00f3n de las etapas asturianas celebrado en la Feria Internacional de Turismo (FITUR). \"Depende de su equipo, pero tenemos","inLanguage":"es-ES","isPartOf":{"@id":"https:\/\/www.eldigitaldeasturias.com\/noticias\/#website"},"breadcrumb":{"@id":"https:\/\/www.eldigitaldeasturias.com\/noticias\/la-vuelta-espera-el-si-de-nairo-quintana-para-completar-un-gran-cartel\/#breadcrumblist"},"author":{"@id":"https:\/\/www.eldigitaldeasturias.com\/noticias\/author\/admin\/#author"},"creator":{"@id":"https:\/\/www.eldigitaldeasturias.com\/noticias\/author\/admin\/#author"},"image":{"@type":"ImageObject","url":"https:\/\/www.eldigitaldeasturias.com\/noticias\/wp-content\/uploads\/2026\/06\/Contenidos.jpg","@id":"https:\/\/www.eldigitaldeasturias.com\/noticias\/la-vuelta-espera-el-si-de-nairo-quintana-para-completar-un-gran-cartel\/#mainImage","width":1265,"height":697,"caption":"Contenidos"},"primaryImageOfPage":{"@id":"https:\/\/www.eldigitaldeasturias.com\/noticias\/la-vuelta-espera-el-si-de-nairo-quintana-para-completar-un-gran-cartel\/#mainImage"},"datePublished":"2014-01-24T04:24:28+01:00","dateModified":"2014-01-24T04:24:28+01:00"},{"@type":"WebSite","@id":"https:\/\/www.eldigitaldeasturias.com\/noticias\/#website","url":"https:\/\/www.eldigitaldeasturias.com\/noticias\/","name":"El Digital de Asturias - Diario de actualidad y noticias","alternateName":"El Digital de Asturias - Diario de actualidad y noticias","description":"Hemeroteca","inLanguage":"es-ES","publisher":{"@id":"https:\/\/www.eldigitaldeasturias.com\/noticias\/#organization"}}]},"og:locale":"es_ES","og:site_name":"El Digital de Asturias","og:type":"article","og:title":"La Vuelta espera el \u00abs\u00ed\u00bb de Nairo Quintana para completar \u00abun gran cartel\u00bb - El Digital de Asturias","og:description":"Madrid, 23 ene (EFE).- Un &quot;s\u00ed&quot; del colombiano Nairo Quintana a la Vuelta 2014 permitir\u00eda redondear &quot;un gran cartel&quot; para la pr\u00f3xima edici\u00f3n, seg\u00fan afirm\u00f3 Javier Guill\u00e9n, director de la ronda espa\u00f1ola, en el acto de presentaci\u00f3n de las etapas asturianas celebrado en la Feria Internacional de Turismo (FITUR). &quot;Depende de su equipo, pero tenemos","og:url":"https:\/\/www.eldigitaldeasturias.com\/noticias\/la-vuelta-espera-el-si-de-nairo-quintana-para-completar-un-gran-cartel\/","og:image":"https:\/\/www.eldigitaldeasturias.com\/noticias\/wp-content\/uploads\/2026\/06\/Contenidos.jpg","og:image:secure_url":"https:\/\/www.eldigitaldeasturias.com\/noticias\/wp-content\/uploads\/2026\/06\/Contenidos.jpg","og:image:width":1265,"og:image:height":697,"article:tag":["actualidad"],"article:published_time":"2014-01-24T05:24:28+00:00","article:modified_time":"2014-01-24T05:24:28+00:00","article:publisher":"https:\/\/facebook.com\/eldigitaldeasturias","twitter:card":"summary_large_image","twitter:title":"La Vuelta espera el \u00abs\u00ed\u00bb de Nairo Quintana para completar \u00abun gran cartel\u00bb - El Digital de Asturias","twitter:description":"Madrid, 23 ene (EFE).- Un &quot;s\u00ed&quot; del colombiano Nairo Quintana a la Vuelta 2014 permitir\u00eda redondear &quot;un gran cartel&quot; para la pr\u00f3xima edici\u00f3n, seg\u00fan afirm\u00f3 Javier Guill\u00e9n, director de la ronda espa\u00f1ola, en el acto de presentaci\u00f3n de las etapas asturianas celebrado en la Feria Internacional de Turismo (FITUR). &quot;Depende de su equipo, pero tenemos","twitter:image":"https:\/\/www.eldigitaldeasturias.com\/noticias\/wp-content\/uploads\/2026\/06\/Contenidos.jpg","twitter:label1":"Escrito por","twitter:data1":"El Digital de Asturias","twitter:label2":"Tiempo de lectura estimado","twitter:data2":"2 minutos"},"aioseo_meta_data":{"post_id":"477840","title":null,"description":null,"keywords":null,"keyphrases":null,"primary_term":null,"canonical_url":null,"og_title":null,"og_description":null,"og_object_type":"default","og_image_type":"default","og_image_url":null,"og_image_width":null,"og_image_height":null,"og_image_custom_url":null,"og_image_custom_fields":null,"og_video":null,"og_custom_url":null,"og_article_section":null,"og_article_tags":null,"twitter_use_og":true,"twitter_card":"default","twitter_image_type":"default","twitter_image_url":null,"twitter_image_custom_url":null,"twitter_image_custom_fields":null,"twitter_title":null,"twitter_description":null,"schema":{"blockGraphs":[],"customGraphs":[],"default":{"data":{"Article":[],"Course":[],"Dataset":[],"FAQPage":[],"Movie":[],"Person":[],"Product":[],"ProductReview":[],"Car":[],"Recipe":[],"Service":[],"SoftwareApplication":[],"WebPage":[]},"graphName":"","isEnabled":true},"graphs":[],"defaultGraph":"","defaultPostTypeGraph":""},"schema_type":null,"schema_type_options":null,"pillar_content":false,"robots_default":true,"robots_noindex":false,"robots_noarchive":false,"robots_nosnippet":false,"robots_nofollow":false,"robots_noimageindex":false,"robots_noodp":false,"robots_notranslate":false,"robots_max_snippet":null,"robots_max_videopreview":null,"robots_max_imagepreview":"none","priority":null,"frequency":null,"local_seo":null,"seo_analyzer_scan_date":"2026-06-01 19:47:03","breadcrumb_settings":null,"limit_modified_date":false,"open_ai":null,"ai":null,"created":"2020-11-14 22:53:46","updated":"2026-06-01 19:47:03","focus_keyword":null,"additional_keywords":null,"truseo_locale":null},"aioseo_breadcrumb":"<div class=\"aioseo-breadcrumbs\"><span class=\"aioseo-breadcrumb\">\n\t<a href=\"https:\/\/www.eldigitaldeasturias.com\/noticias\" title=\"Home\">Home<\/a>\n<\/span><span class=\"aioseo-breadcrumb-separator\">\u2013<\/span><span class=\"aioseo-breadcrumb\">\n\t<a href=\"https:\/\/www.eldigitaldeasturias.com\/noticias\/category\/actualidad\/\" title=\"Actualidad\">Actualidad<\/a>\n<\/span><span class=\"aioseo-breadcrumb-separator\">\u2013<\/span><span class=\"aioseo-breadcrumb\">\n\t<a href=\"https:\/\/www.eldigitaldeasturias.com\/noticias\/la-vuelta-espera-el-si-de-nairo-quintana-para-completar-un-gran-cartel\/\" title=\"La Vuelta espera el \u00abs\u00ed\u00bb de Nairo Quintana para completar \u00abun gran cartel\u00bb\">La Vuelta espera el \u00abs\u00ed\u00bb de Nairo Quintana para completar \u00abun gran cartel\u00bb<\/a>\n<\/span><\/div>","aioseo_breadcrumb_json":[{"label":"Home","link":"https:\/\/www.eldigitaldeasturias.com\/noticias"},{"label":"Actualidad","link":"https:\/\/www.eldigitaldeasturias.com\/noticias\/category\/actualidad\/"},{"label":"La Vuelta espera el \u00abs\u00ed\u00bb de Nairo Quintana para completar \u00abun gran cartel\u00bb","link":"https:\/\/www.eldigitaldeasturias.com\/noticias\/la-vuelta-espera-el-si-de-nairo-quintana-para-completar-un-gran-cartel\/"}],"_links":{"self":[{"href":"https:\/\/www.eldigitaldeasturias.com\/noticias\/wp-json\/wp\/v2\/posts\/477840","targetHints":{"allow":["GET"]}}],"collection":[{"href":"https:\/\/www.eldigitaldeasturias.com\/noticias\/wp-json\/wp\/v2\/posts"}],"about":[{"href":"https:\/\/www.eldigitaldeasturias.com\/noticias\/wp-json\/wp\/v2\/types\/post"}],"author":[{"embeddable":true,"href":"https:\/\/www.eldigitaldeasturias.com\/noticias\/wp-json\/wp\/v2\/users\/1"}],"replies":[{"embeddable":true,"href":"https:\/\/www.eldigitaldeasturias.com\/noticias\/wp-json\/wp\/v2\/comments?post=477840"}],"version-history":[{"count":0,"href":"https:\/\/www.eldigitaldeasturias.com\/noticias\/wp-json\/wp\/v2\/posts\/477840\/revisions"}],"wp:featuredmedia":[{"embeddable":true,"href":"https:\/\/www.eldigitaldeasturias.com\/noticias\/wp-json\/wp\/v2\/media\/1132184"}],"wp:attachment":[{"href":"https:\/\/www.eldigitaldeasturias.com\/noticias\/wp-json\/wp\/v2\/media?parent=477840"}],"wp:term":[{"taxonomy":"category","embeddable":true,"href":"https:\/\/www.eldigitaldeasturias.com\/noticias\/wp-json\/wp\/v2\/categories?post=477840"},{"taxonomy":"post_tag","embeddable":true,"href":"https:\/\/www.eldigitaldeasturias.com\/noticias\/wp-json\/wp\/v2\/tags?post=477840"}],"curies":[{"name":"wp","href":"https:\/\/api.w.org\/{rel}","templated":true}]}}