{"id":477837,"date":"2014-01-24T04:23:08","date_gmt":"2014-01-24T05:23:08","guid":{"rendered":"http:\/\/www.eldigitaldeasturias.com\/noticias\/?p=477837"},"modified":"2014-01-24T04:23:08","modified_gmt":"2014-01-24T05:23:08","slug":"panama-estudia-aplicar-medidas-retaliatorias-a-colombia-por-aranceles","status":"publish","type":"post","link":"https:\/\/www.eldigitaldeasturias.com\/noticias\/panama-estudia-aplicar-medidas-retaliatorias-a-colombia-por-aranceles\/","title":{"rendered":"Panam\u00e1 estudia aplicar medidas \u00abretaliatorias\u00bb a Colombia por aranceles"},"content":{"rendered":"<p><img loading=\"lazy\" decoding=\"async\" class=\"alignleft size-medium wp-image-477838\" alt=\"5870686w\" src=\"https:\/\/www.eldigitaldeasturias.com\/noticias\/wp-content\/uploads\/2014\/01\/5870686w-360x240.jpg\" width=\"360\" height=\"240\" \/>Panam\u00e1, 23 ene (EFE).- Panam\u00e1 estudia la posible aplicaci\u00f3n de medidas \u00abretaliatorias\u00bb a Colombia por el cobro \u00abilegal\u00bb de un arancel extraordinario a algunas reexportaciones de la paname\u00f1a Zona Libre de Col\u00f3n, asegur\u00f3 hoy el ministro de la Presidencia, Roberto Henr\u00edquez.<\/p>\n<p>El ministro paname\u00f1o se refiri\u00f3 a una decisi\u00f3n del Gobierno de Colombia de \u00abrenovar\u00bb por dos a\u00f1os un decreto que establece un arancel de 10 % a textiles y calzados que salen de la Zona Libre de Col\u00f3n, adem\u00e1s de un cargo de cinco d\u00f3lares por cada contenedor.<\/p>\n<p>\u00abNos ha ca\u00eddo tan mal esta acci\u00f3n de Colombia que en el Gobierno (paname\u00f1o) se est\u00e1 hablando de medidas retaliatorias\u00bb, declar\u00f3 Henr\u00edquez en una entrevista con la cadena paname\u00f1a TVN.<\/p>\n<p>Panam\u00e1 piensa que \u00abColombia est\u00e1 abusando\u00bb al aplicar unos aranceles extraordinarios \u00abcuyo nivel es totalmente ilegal\u00bb porque est\u00e1 \u00abpor encima del m\u00e1ximo que establece la Organizaci\u00f3n Mundial de Comercio (OMC)\u00bb, a\u00f1adi\u00f3 Henr\u00edquez.<\/p>\n<p>Indic\u00f3 que la posible aplicaci\u00f3n de medidas de retorsi\u00f3n se estudia mientras Panam\u00e1 prosigue un proceso ante la OMC por el caso de los aranceles colombianos.<\/p>\n<p>La viceministra paname\u00f1a de Negociaciones Comerciales Internacionales del Ministerio de Comercio e Industrias, Diana Salazar, dijo ayer que no tiene informaci\u00f3n oficial sobre la medida colombiana de prorrogar por dos a\u00f1os los aranceles, pero aclar\u00f3 que ello no impedir\u00e1 que se prosiga el proceso ante el panel arbitral de la OMC.<\/p>\n<p>Salazar inform\u00f3 que Panam\u00e1 est\u00e1 a la espera de una reuni\u00f3n que defina el calendario para tratar el conflicto comercial, tras el nombramiento del grupo arbitral el pasado 15 de enero.<\/p>\n<p>La viceministra agreg\u00f3 que el grupo arbitral est\u00e1 compuesto por un delegado uruguayo, quien preside el panel, adem\u00e1s de un representante mexicano y otro chileno, cuyos nombres no precis\u00f3.<\/p>\n<p>Panam\u00e1 y Colombia firmaron en septiembre pasado un tratado de libre comercio (TLC) que agilizar\u00e1 el ingreso del pa\u00eds centroamericano a la Alianza del Pac\u00edfico, que integran el pa\u00eds andino junto a Per\u00fa, Chile y M\u00e9xico.<\/p>\n<p>Los empresarios de la Zona Libre de Col\u00f3n criticaron en su momento al Gobierno de Panam\u00e1 por gestionar un TLC precisamente con un pa\u00eds que aplica medidas proteccionistas que perjudican el comercio internacional.<\/p>\n<p>La Zona Libre de Col\u00f3n es considerada la m\u00e1s importante del mundo despu\u00e9s de Hong Kong, y representa el 8 % del producto interno bruto de Panam\u00e1.<\/p>\n<p>Maneja importaciones que proceden en su mayor\u00eda de China, Malasia, Estados Unidos, Hong Kong, Taiw\u00e1n y Jap\u00f3n, que tienen como destino final, principalmente, pa\u00edses de toda Am\u00e9rica.<\/p>\n","protected":false},"excerpt":{"rendered":"<p>Panam\u00e1, 23 ene (EFE).- Panam\u00e1 estudia la posible aplicaci\u00f3n de medidas \u00abretaliatorias\u00bb a Colombia por el cobro \u00abilegal\u00bb de un arancel extraordinario a algunas reexportaciones de la paname\u00f1a Zona Libre de Col\u00f3n, asegur\u00f3 hoy el ministro de la Presidencia, Roberto Henr\u00edquez. El ministro paname\u00f1o se refiri\u00f3 a una decisi\u00f3n del Gobierno de Colombia de \u00abrenovar\u00bb [&hellip;]<\/p>\n","protected":false},"author":1,"featured_media":1132184,"comment_status":"closed","ping_status":"open","sticky":false,"template":"","format":"standard","meta":{"footnotes":""},"categories":[1],"tags":[],"class_list":["post-477837","post","type-post","status-publish","format-standard","has-post-thumbnail","hentry","category-actualidad"],"aioseo_notices":[],"aioseo_head":"\n\t\t<!-- All in One SEO Pro 5.0.1 - aioseo.com -->\n\t<meta name=\"description\" content=\"Panam\u00e1, 23 ene (EFE).- Panam\u00e1 estudia la posible aplicaci\u00f3n de medidas &quot;retaliatorias&quot; a Colombia por el cobro &quot;ilegal&quot; de un arancel extraordinario a algunas reexportaciones de la paname\u00f1a Zona Libre de Col\u00f3n, asegur\u00f3 hoy el ministro de la Presidencia, Roberto Henr\u00edquez. El ministro paname\u00f1o se refiri\u00f3 a una decisi\u00f3n del Gobierno de Colombia de &quot;renovar&quot;\" \/>\n\t<meta name=\"robots\" content=\"max-image-preview:large\" \/>\n\t<meta name=\"author\" content=\"El Digital de Asturias\"\/>\n\t<meta name=\"google-site-verification\" content=\"UA-38556648-1\" \/>\n\t<meta name=\"msvalidate.01\" content=\"7dfe9f3f1b24437ab69f4f2559babe99\" \/>\n\t<meta name=\"keywords\" content=\"actualidad\" \/>\n\t<link rel=\"canonical\" href=\"https:\/\/www.eldigitaldeasturias.com\/noticias\/panama-estudia-aplicar-medidas-retaliatorias-a-colombia-por-aranceles\/\" \/>\n\t<meta name=\"generator\" content=\"All in One SEO Pro (AIOSEO) 5.0.1\" \/>\n\t\t<meta property=\"og:locale\" content=\"es_ES\" \/>\n\t\t<meta property=\"og:site_name\" content=\"El Digital de Asturias\" \/>\n\t\t<meta property=\"og:type\" content=\"article\" \/>\n\t\t<meta property=\"og:title\" content=\"Panam\u00e1 estudia aplicar medidas \u00abretaliatorias\u00bb a Colombia por aranceles - El Digital de Asturias\" \/>\n\t\t<meta property=\"og:description\" content=\"Panam\u00e1, 23 ene (EFE).- Panam\u00e1 estudia la posible aplicaci\u00f3n de medidas &quot;retaliatorias&quot; a Colombia por el cobro &quot;ilegal&quot; de un arancel extraordinario a algunas reexportaciones de la paname\u00f1a Zona Libre de Col\u00f3n, asegur\u00f3 hoy el ministro de la Presidencia, Roberto Henr\u00edquez. El ministro paname\u00f1o se refiri\u00f3 a una decisi\u00f3n del Gobierno de Colombia de &quot;renovar&quot;\" \/>\n\t\t<meta property=\"og:url\" content=\"https:\/\/www.eldigitaldeasturias.com\/noticias\/panama-estudia-aplicar-medidas-retaliatorias-a-colombia-por-aranceles\/\" \/>\n\t\t<meta property=\"og:image\" content=\"https:\/\/www.eldigitaldeasturias.com\/noticias\/wp-content\/uploads\/2026\/06\/Contenidos.jpg\" \/>\n\t\t<meta property=\"og:image:secure_url\" content=\"https:\/\/www.eldigitaldeasturias.com\/noticias\/wp-content\/uploads\/2026\/06\/Contenidos.jpg\" \/>\n\t\t<meta property=\"og:image:width\" content=\"1265\" \/>\n\t\t<meta property=\"og:image:height\" content=\"697\" \/>\n\t\t<meta property=\"article:tag\" content=\"actualidad\" \/>\n\t\t<meta property=\"article:published_time\" content=\"2014-01-24T05:23:08+00:00\" \/>\n\t\t<meta property=\"article:modified_time\" content=\"2014-01-24T05:23:08+00:00\" \/>\n\t\t<meta property=\"article:publisher\" content=\"https:\/\/facebook.com\/eldigitaldeasturias\" \/>\n\t\t<meta name=\"twitter:card\" content=\"summary_large_image\" \/>\n\t\t<meta name=\"twitter:title\" content=\"Panam\u00e1 estudia aplicar medidas \u00abretaliatorias\u00bb a Colombia por aranceles - El Digital de Asturias\" \/>\n\t\t<meta name=\"twitter:description\" content=\"Panam\u00e1, 23 ene (EFE).- Panam\u00e1 estudia la posible aplicaci\u00f3n de medidas &quot;retaliatorias&quot; a Colombia por el cobro &quot;ilegal&quot; de un arancel extraordinario a algunas reexportaciones de la paname\u00f1a Zona Libre de Col\u00f3n, asegur\u00f3 hoy el ministro de la Presidencia, Roberto Henr\u00edquez. El ministro paname\u00f1o se refiri\u00f3 a una decisi\u00f3n del Gobierno de Colombia de &quot;renovar&quot;\" \/>\n\t\t<meta name=\"twitter:image\" content=\"https:\/\/www.eldigitaldeasturias.com\/noticias\/wp-content\/uploads\/2026\/06\/Contenidos.jpg\" \/>\n\t\t<meta name=\"twitter:label1\" content=\"Escrito por\" \/>\n\t\t<meta name=\"twitter:data1\" content=\"El Digital de Asturias\" \/>\n\t\t<meta name=\"twitter:label2\" content=\"Tiempo de lectura estimado\" \/>\n\t\t<meta name=\"twitter:data2\" content=\"2 minutos\" \/>\n\t\t<script type=\"application\/ld+json\" class=\"aioseo-schema\">\n\t\t\t{\"@context\":\"https:\\\/\\\/schema.org\",\"@graph\":[{\"@type\":\"BlogPosting\",\"@id\":\"https:\\\/\\\/www.eldigitaldeasturias.com\\\/noticias\\\/panama-estudia-aplicar-medidas-retaliatorias-a-colombia-por-aranceles\\\/#blogposting\",\"name\":\"Panam\\u00e1 estudia aplicar medidas \\u00abretaliatorias\\u00bb a Colombia por aranceles - El Digital de Asturias\",\"headline\":\"Panam\\u00e1 estudia aplicar medidas \\u00abretaliatorias\\u00bb a Colombia por aranceles\",\"author\":{\"@id\":\"https:\\\/\\\/www.eldigitaldeasturias.com\\\/noticias\\\/author\\\/admin\\\/#author\"},\"publisher\":{\"@id\":\"https:\\\/\\\/www.eldigitaldeasturias.com\\\/noticias\\\/#organization\"},\"image\":{\"@type\":\"ImageObject\",\"url\":\"https:\\\/\\\/www.eldigitaldeasturias.com\\\/noticias\\\/wp-content\\\/uploads\\\/2026\\\/06\\\/Contenidos.jpg\",\"width\":1265,\"height\":697,\"caption\":\"Contenidos\"},\"datePublished\":\"2014-01-24T04:23:08+01:00\",\"dateModified\":\"2014-01-24T04:23:08+01:00\",\"inLanguage\":\"es-ES\",\"mainEntityOfPage\":{\"@id\":\"https:\\\/\\\/www.eldigitaldeasturias.com\\\/noticias\\\/panama-estudia-aplicar-medidas-retaliatorias-a-colombia-por-aranceles\\\/#webpage\"},\"isPartOf\":{\"@id\":\"https:\\\/\\\/www.eldigitaldeasturias.com\\\/noticias\\\/panama-estudia-aplicar-medidas-retaliatorias-a-colombia-por-aranceles\\\/#webpage\"},\"articleSection\":\"Actualidad\"},{\"@type\":\"BreadcrumbList\",\"@id\":\"https:\\\/\\\/www.eldigitaldeasturias.com\\\/noticias\\\/panama-estudia-aplicar-medidas-retaliatorias-a-colombia-por-aranceles\\\/#breadcrumblist\",\"itemListElement\":[{\"@type\":\"ListItem\",\"@id\":\"https:\\\/\\\/www.eldigitaldeasturias.com\\\/noticias#listItem\",\"position\":1,\"name\":\"Home\",\"item\":\"https:\\\/\\\/www.eldigitaldeasturias.com\\\/noticias\",\"nextItem\":{\"@type\":\"ListItem\",\"@id\":\"https:\\\/\\\/www.eldigitaldeasturias.com\\\/noticias\\\/category\\\/actualidad\\\/#listItem\",\"name\":\"Actualidad\"}},{\"@type\":\"ListItem\",\"@id\":\"https:\\\/\\\/www.eldigitaldeasturias.com\\\/noticias\\\/category\\\/actualidad\\\/#listItem\",\"position\":2,\"name\":\"Actualidad\",\"item\":\"https:\\\/\\\/www.eldigitaldeasturias.com\\\/noticias\\\/category\\\/actualidad\\\/\",\"nextItem\":{\"@type\":\"ListItem\",\"@id\":\"https:\\\/\\\/www.eldigitaldeasturias.com\\\/noticias\\\/panama-estudia-aplicar-medidas-retaliatorias-a-colombia-por-aranceles\\\/#listItem\",\"name\":\"Panam\\u00e1 estudia aplicar medidas \\u00abretaliatorias\\u00bb a Colombia por aranceles\"},\"previousItem\":{\"@type\":\"ListItem\",\"@id\":\"https:\\\/\\\/www.eldigitaldeasturias.com\\\/noticias#listItem\",\"name\":\"Home\"}},{\"@type\":\"ListItem\",\"@id\":\"https:\\\/\\\/www.eldigitaldeasturias.com\\\/noticias\\\/panama-estudia-aplicar-medidas-retaliatorias-a-colombia-por-aranceles\\\/#listItem\",\"position\":3,\"name\":\"Panam\\u00e1 estudia aplicar medidas \\u00abretaliatorias\\u00bb a Colombia por aranceles\",\"previousItem\":{\"@type\":\"ListItem\",\"@id\":\"https:\\\/\\\/www.eldigitaldeasturias.com\\\/noticias\\\/category\\\/actualidad\\\/#listItem\",\"name\":\"Actualidad\"}}]},{\"@type\":\"Organization\",\"@id\":\"https:\\\/\\\/www.eldigitaldeasturias.com\\\/noticias\\\/#organization\",\"name\":\"El Digital de Asturias\",\"description\":\"Hemeroteca\",\"url\":\"https:\\\/\\\/www.eldigitaldeasturias.com\\\/noticias\\\/\",\"email\":\"info@eldigitaldeasturias.com\",\"telephone\":\"+34652131393\",\"logo\":{\"@type\":\"ImageObject\",\"url\":\"https:\\\/\\\/www.eldigitaldeasturias.com\\\/noticias\\\/wp-content\\\/uploads\\\/2020\\\/12\\\/EDA.jpg\",\"@id\":\"https:\\\/\\\/www.eldigitaldeasturias.com\\\/noticias\\\/panama-estudia-aplicar-medidas-retaliatorias-a-colombia-por-aranceles\\\/#organizationLogo\"},\"image\":{\"@id\":\"https:\\\/\\\/www.eldigitaldeasturias.com\\\/noticias\\\/panama-estudia-aplicar-medidas-retaliatorias-a-colombia-por-aranceles\\\/#organizationLogo\"},\"sameAs\":[\"https:\\\/\\\/facebook.com\\\/eldigitaldeasturias\",\"https:\\\/\\\/www.youtube.com\\\/channel\\\/UCZP-2wLEB9Rv6erhFmqVnvg\"],\"address\":{\"@id\":\"https:\\\/\\\/www.eldigitaldeasturias.com\\\/noticias\\\/#postaladdress\",\"@type\":\"PostalAddress\",\"streetAddress\":\"san antonio 4\",\"postalCode\":\"33430\",\"addressLocality\":\"Cand\\u00e1s\",\"addressRegion\":\"Asturias\",\"addressCountry\":\"ES\"}},{\"@type\":\"Person\",\"@id\":\"https:\\\/\\\/www.eldigitaldeasturias.com\\\/noticias\\\/author\\\/admin\\\/#author\",\"url\":\"https:\\\/\\\/www.eldigitaldeasturias.com\\\/noticias\\\/author\\\/admin\\\/\",\"name\":\"El Digital de Asturias\",\"image\":{\"@type\":\"ImageObject\",\"@id\":\"https:\\\/\\\/www.eldigitaldeasturias.com\\\/noticias\\\/panama-estudia-aplicar-medidas-retaliatorias-a-colombia-por-aranceles\\\/#authorImage\",\"url\":\"https:\\\/\\\/secure.gravatar.com\\\/avatar\\\/df2aeffc32bcd13f8d26072ef8a91b623d677766deac7f97ca815868cd41bf5e?s=96&d=mm&r=g\",\"width\":96,\"height\":96,\"caption\":\"El Digital de Asturias\"}},{\"@type\":\"WebPage\",\"@id\":\"https:\\\/\\\/www.eldigitaldeasturias.com\\\/noticias\\\/panama-estudia-aplicar-medidas-retaliatorias-a-colombia-por-aranceles\\\/#webpage\",\"url\":\"https:\\\/\\\/www.eldigitaldeasturias.com\\\/noticias\\\/panama-estudia-aplicar-medidas-retaliatorias-a-colombia-por-aranceles\\\/\",\"name\":\"Panam\\u00e1 estudia aplicar medidas \\u00abretaliatorias\\u00bb a Colombia por aranceles - El Digital de Asturias\",\"description\":\"Panam\\u00e1, 23 ene (EFE).- Panam\\u00e1 estudia la posible aplicaci\\u00f3n de medidas \\\"retaliatorias\\\" a Colombia por el cobro \\\"ilegal\\\" de un arancel extraordinario a algunas reexportaciones de la paname\\u00f1a Zona Libre de Col\\u00f3n, asegur\\u00f3 hoy el ministro de la Presidencia, Roberto Henr\\u00edquez. El ministro paname\\u00f1o se refiri\\u00f3 a una decisi\\u00f3n del Gobierno de Colombia de \\\"renovar\\\"\",\"inLanguage\":\"es-ES\",\"isPartOf\":{\"@id\":\"https:\\\/\\\/www.eldigitaldeasturias.com\\\/noticias\\\/#website\"},\"breadcrumb\":{\"@id\":\"https:\\\/\\\/www.eldigitaldeasturias.com\\\/noticias\\\/panama-estudia-aplicar-medidas-retaliatorias-a-colombia-por-aranceles\\\/#breadcrumblist\"},\"author\":{\"@id\":\"https:\\\/\\\/www.eldigitaldeasturias.com\\\/noticias\\\/author\\\/admin\\\/#author\"},\"creator\":{\"@id\":\"https:\\\/\\\/www.eldigitaldeasturias.com\\\/noticias\\\/author\\\/admin\\\/#author\"},\"image\":{\"@type\":\"ImageObject\",\"url\":\"https:\\\/\\\/www.eldigitaldeasturias.com\\\/noticias\\\/wp-content\\\/uploads\\\/2026\\\/06\\\/Contenidos.jpg\",\"@id\":\"https:\\\/\\\/www.eldigitaldeasturias.com\\\/noticias\\\/panama-estudia-aplicar-medidas-retaliatorias-a-colombia-por-aranceles\\\/#mainImage\",\"width\":1265,\"height\":697,\"caption\":\"Contenidos\"},\"primaryImageOfPage\":{\"@id\":\"https:\\\/\\\/www.eldigitaldeasturias.com\\\/noticias\\\/panama-estudia-aplicar-medidas-retaliatorias-a-colombia-por-aranceles\\\/#mainImage\"},\"datePublished\":\"2014-01-24T04:23:08+01:00\",\"dateModified\":\"2014-01-24T04:23:08+01:00\"},{\"@type\":\"WebSite\",\"@id\":\"https:\\\/\\\/www.eldigitaldeasturias.com\\\/noticias\\\/#website\",\"url\":\"https:\\\/\\\/www.eldigitaldeasturias.com\\\/noticias\\\/\",\"name\":\"El Digital de Asturias - Diario de actualidad y noticias\",\"alternateName\":\"El Digital de Asturias - Diario de actualidad y noticias\",\"description\":\"Hemeroteca\",\"inLanguage\":\"es-ES\",\"publisher\":{\"@id\":\"https:\\\/\\\/www.eldigitaldeasturias.com\\\/noticias\\\/#organization\"}}]}\n\t\t<\/script>\n\t\t<!-- All in One SEO Pro -->\r\n\t\t<title>Panam\u00e1 estudia aplicar medidas \u00abretaliatorias\u00bb a Colombia por aranceles - El Digital de Asturias<\/title>\n\n","aioseo_head_json":{"title":"Panam\u00e1 estudia aplicar medidas \u00abretaliatorias\u00bb a Colombia por aranceles - El Digital de Asturias","description":"Panam\u00e1, 23 ene (EFE).- Panam\u00e1 estudia la posible aplicaci\u00f3n de medidas \"retaliatorias\" a Colombia por el cobro \"ilegal\" de un arancel extraordinario a algunas reexportaciones de la paname\u00f1a Zona Libre de Col\u00f3n, asegur\u00f3 hoy el ministro de la Presidencia, Roberto Henr\u00edquez. El ministro paname\u00f1o se refiri\u00f3 a una decisi\u00f3n del Gobierno de Colombia de \"renovar\"","canonical_url":"https:\/\/www.eldigitaldeasturias.com\/noticias\/panama-estudia-aplicar-medidas-retaliatorias-a-colombia-por-aranceles\/","robots":"max-image-preview:large","keywords":"actualidad","webmasterTools":{"google-site-verification":"UA-38556648-1","msvalidate.01":"7dfe9f3f1b24437ab69f4f2559babe99","miscellaneous":""},"schema":{"@context":"https:\/\/schema.org","@graph":[{"@type":"BlogPosting","@id":"https:\/\/www.eldigitaldeasturias.com\/noticias\/panama-estudia-aplicar-medidas-retaliatorias-a-colombia-por-aranceles\/#blogposting","name":"Panam\u00e1 estudia aplicar medidas \u00abretaliatorias\u00bb a Colombia por aranceles - El Digital de Asturias","headline":"Panam\u00e1 estudia aplicar medidas \u00abretaliatorias\u00bb a Colombia por aranceles","author":{"@id":"https:\/\/www.eldigitaldeasturias.com\/noticias\/author\/admin\/#author"},"publisher":{"@id":"https:\/\/www.eldigitaldeasturias.com\/noticias\/#organization"},"image":{"@type":"ImageObject","url":"https:\/\/www.eldigitaldeasturias.com\/noticias\/wp-content\/uploads\/2026\/06\/Contenidos.jpg","width":1265,"height":697,"caption":"Contenidos"},"datePublished":"2014-01-24T04:23:08+01:00","dateModified":"2014-01-24T04:23:08+01:00","inLanguage":"es-ES","mainEntityOfPage":{"@id":"https:\/\/www.eldigitaldeasturias.com\/noticias\/panama-estudia-aplicar-medidas-retaliatorias-a-colombia-por-aranceles\/#webpage"},"isPartOf":{"@id":"https:\/\/www.eldigitaldeasturias.com\/noticias\/panama-estudia-aplicar-medidas-retaliatorias-a-colombia-por-aranceles\/#webpage"},"articleSection":"Actualidad"},{"@type":"BreadcrumbList","@id":"https:\/\/www.eldigitaldeasturias.com\/noticias\/panama-estudia-aplicar-medidas-retaliatorias-a-colombia-por-aranceles\/#breadcrumblist","itemListElement":[{"@type":"ListItem","@id":"https:\/\/www.eldigitaldeasturias.com\/noticias#listItem","position":1,"name":"Home","item":"https:\/\/www.eldigitaldeasturias.com\/noticias","nextItem":{"@type":"ListItem","@id":"https:\/\/www.eldigitaldeasturias.com\/noticias\/category\/actualidad\/#listItem","name":"Actualidad"}},{"@type":"ListItem","@id":"https:\/\/www.eldigitaldeasturias.com\/noticias\/category\/actualidad\/#listItem","position":2,"name":"Actualidad","item":"https:\/\/www.eldigitaldeasturias.com\/noticias\/category\/actualidad\/","nextItem":{"@type":"ListItem","@id":"https:\/\/www.eldigitaldeasturias.com\/noticias\/panama-estudia-aplicar-medidas-retaliatorias-a-colombia-por-aranceles\/#listItem","name":"Panam\u00e1 estudia aplicar medidas \u00abretaliatorias\u00bb a Colombia por aranceles"},"previousItem":{"@type":"ListItem","@id":"https:\/\/www.eldigitaldeasturias.com\/noticias#listItem","name":"Home"}},{"@type":"ListItem","@id":"https:\/\/www.eldigitaldeasturias.com\/noticias\/panama-estudia-aplicar-medidas-retaliatorias-a-colombia-por-aranceles\/#listItem","position":3,"name":"Panam\u00e1 estudia aplicar medidas \u00abretaliatorias\u00bb a Colombia por aranceles","previousItem":{"@type":"ListItem","@id":"https:\/\/www.eldigitaldeasturias.com\/noticias\/category\/actualidad\/#listItem","name":"Actualidad"}}]},{"@type":"Organization","@id":"https:\/\/www.eldigitaldeasturias.com\/noticias\/#organization","name":"El Digital de Asturias","description":"Hemeroteca","url":"https:\/\/www.eldigitaldeasturias.com\/noticias\/","email":"info@eldigitaldeasturias.com","telephone":"+34652131393","logo":{"@type":"ImageObject","url":"https:\/\/www.eldigitaldeasturias.com\/noticias\/wp-content\/uploads\/2020\/12\/EDA.jpg","@id":"https:\/\/www.eldigitaldeasturias.com\/noticias\/panama-estudia-aplicar-medidas-retaliatorias-a-colombia-por-aranceles\/#organizationLogo"},"image":{"@id":"https:\/\/www.eldigitaldeasturias.com\/noticias\/panama-estudia-aplicar-medidas-retaliatorias-a-colombia-por-aranceles\/#organizationLogo"},"sameAs":["https:\/\/facebook.com\/eldigitaldeasturias","https:\/\/www.youtube.com\/channel\/UCZP-2wLEB9Rv6erhFmqVnvg"],"address":{"@id":"https:\/\/www.eldigitaldeasturias.com\/noticias\/#postaladdress","@type":"PostalAddress","streetAddress":"san antonio 4","postalCode":"33430","addressLocality":"Cand\u00e1s","addressRegion":"Asturias","addressCountry":"ES"}},{"@type":"Person","@id":"https:\/\/www.eldigitaldeasturias.com\/noticias\/author\/admin\/#author","url":"https:\/\/www.eldigitaldeasturias.com\/noticias\/author\/admin\/","name":"El Digital de Asturias","image":{"@type":"ImageObject","@id":"https:\/\/www.eldigitaldeasturias.com\/noticias\/panama-estudia-aplicar-medidas-retaliatorias-a-colombia-por-aranceles\/#authorImage","url":"https:\/\/secure.gravatar.com\/avatar\/df2aeffc32bcd13f8d26072ef8a91b623d677766deac7f97ca815868cd41bf5e?s=96&d=mm&r=g","width":96,"height":96,"caption":"El Digital de Asturias"}},{"@type":"WebPage","@id":"https:\/\/www.eldigitaldeasturias.com\/noticias\/panama-estudia-aplicar-medidas-retaliatorias-a-colombia-por-aranceles\/#webpage","url":"https:\/\/www.eldigitaldeasturias.com\/noticias\/panama-estudia-aplicar-medidas-retaliatorias-a-colombia-por-aranceles\/","name":"Panam\u00e1 estudia aplicar medidas \u00abretaliatorias\u00bb a Colombia por aranceles - El Digital de Asturias","description":"Panam\u00e1, 23 ene (EFE).- Panam\u00e1 estudia la posible aplicaci\u00f3n de medidas \"retaliatorias\" a Colombia por el cobro \"ilegal\" de un arancel extraordinario a algunas reexportaciones de la paname\u00f1a Zona Libre de Col\u00f3n, asegur\u00f3 hoy el ministro de la Presidencia, Roberto Henr\u00edquez. El ministro paname\u00f1o se refiri\u00f3 a una decisi\u00f3n del Gobierno de Colombia de \"renovar\"","inLanguage":"es-ES","isPartOf":{"@id":"https:\/\/www.eldigitaldeasturias.com\/noticias\/#website"},"breadcrumb":{"@id":"https:\/\/www.eldigitaldeasturias.com\/noticias\/panama-estudia-aplicar-medidas-retaliatorias-a-colombia-por-aranceles\/#breadcrumblist"},"author":{"@id":"https:\/\/www.eldigitaldeasturias.com\/noticias\/author\/admin\/#author"},"creator":{"@id":"https:\/\/www.eldigitaldeasturias.com\/noticias\/author\/admin\/#author"},"image":{"@type":"ImageObject","url":"https:\/\/www.eldigitaldeasturias.com\/noticias\/wp-content\/uploads\/2026\/06\/Contenidos.jpg","@id":"https:\/\/www.eldigitaldeasturias.com\/noticias\/panama-estudia-aplicar-medidas-retaliatorias-a-colombia-por-aranceles\/#mainImage","width":1265,"height":697,"caption":"Contenidos"},"primaryImageOfPage":{"@id":"https:\/\/www.eldigitaldeasturias.com\/noticias\/panama-estudia-aplicar-medidas-retaliatorias-a-colombia-por-aranceles\/#mainImage"},"datePublished":"2014-01-24T04:23:08+01:00","dateModified":"2014-01-24T04:23:08+01:00"},{"@type":"WebSite","@id":"https:\/\/www.eldigitaldeasturias.com\/noticias\/#website","url":"https:\/\/www.eldigitaldeasturias.com\/noticias\/","name":"El Digital de Asturias - Diario de actualidad y noticias","alternateName":"El Digital de Asturias - Diario de actualidad y noticias","description":"Hemeroteca","inLanguage":"es-ES","publisher":{"@id":"https:\/\/www.eldigitaldeasturias.com\/noticias\/#organization"}}]},"og:locale":"es_ES","og:site_name":"El Digital de Asturias","og:type":"article","og:title":"Panam\u00e1 estudia aplicar medidas \u00abretaliatorias\u00bb a Colombia por aranceles - El Digital de Asturias","og:description":"Panam\u00e1, 23 ene (EFE).- Panam\u00e1 estudia la posible aplicaci\u00f3n de medidas &quot;retaliatorias&quot; a Colombia por el cobro &quot;ilegal&quot; de un arancel extraordinario a algunas reexportaciones de la paname\u00f1a Zona Libre de Col\u00f3n, asegur\u00f3 hoy el ministro de la Presidencia, Roberto Henr\u00edquez. El ministro paname\u00f1o se refiri\u00f3 a una decisi\u00f3n del Gobierno de Colombia de &quot;renovar&quot;","og:url":"https:\/\/www.eldigitaldeasturias.com\/noticias\/panama-estudia-aplicar-medidas-retaliatorias-a-colombia-por-aranceles\/","og:image":"https:\/\/www.eldigitaldeasturias.com\/noticias\/wp-content\/uploads\/2026\/06\/Contenidos.jpg","og:image:secure_url":"https:\/\/www.eldigitaldeasturias.com\/noticias\/wp-content\/uploads\/2026\/06\/Contenidos.jpg","og:image:width":1265,"og:image:height":697,"article:tag":["actualidad"],"article:published_time":"2014-01-24T05:23:08+00:00","article:modified_time":"2014-01-24T05:23:08+00:00","article:publisher":"https:\/\/facebook.com\/eldigitaldeasturias","twitter:card":"summary_large_image","twitter:title":"Panam\u00e1 estudia aplicar medidas \u00abretaliatorias\u00bb a Colombia por aranceles - El Digital de Asturias","twitter:description":"Panam\u00e1, 23 ene (EFE).- Panam\u00e1 estudia la posible aplicaci\u00f3n de medidas &quot;retaliatorias&quot; a Colombia por el cobro &quot;ilegal&quot; de un arancel extraordinario a algunas reexportaciones de la paname\u00f1a Zona Libre de Col\u00f3n, asegur\u00f3 hoy el ministro de la Presidencia, Roberto Henr\u00edquez. El ministro paname\u00f1o se refiri\u00f3 a una decisi\u00f3n del Gobierno de Colombia de &quot;renovar&quot;","twitter:image":"https:\/\/www.eldigitaldeasturias.com\/noticias\/wp-content\/uploads\/2026\/06\/Contenidos.jpg","twitter:label1":"Escrito por","twitter:data1":"El Digital de Asturias","twitter:label2":"Tiempo de lectura estimado","twitter:data2":"2 minutos"},"aioseo_meta_data":{"post_id":"477837","title":null,"description":null,"keywords":null,"keyphrases":null,"primary_term":null,"canonical_url":null,"og_title":null,"og_description":null,"og_object_type":"default","og_image_type":"default","og_image_url":null,"og_image_width":null,"og_image_height":null,"og_image_custom_url":null,"og_image_custom_fields":null,"og_video":null,"og_custom_url":null,"og_article_section":null,"og_article_tags":null,"twitter_use_og":true,"twitter_card":"default","twitter_image_type":"default","twitter_image_url":null,"twitter_image_custom_url":null,"twitter_image_custom_fields":null,"twitter_title":null,"twitter_description":null,"schema":{"blockGraphs":[],"customGraphs":[],"default":{"data":{"Article":[],"Course":[],"Dataset":[],"FAQPage":[],"Movie":[],"Person":[],"Product":[],"ProductReview":[],"Car":[],"Recipe":[],"Service":[],"SoftwareApplication":[],"WebPage":[]},"graphName":"","isEnabled":true},"graphs":[],"defaultGraph":"","defaultPostTypeGraph":""},"schema_type":null,"schema_type_options":null,"pillar_content":false,"robots_default":true,"robots_noindex":false,"robots_noarchive":false,"robots_nosnippet":false,"robots_nofollow":false,"robots_noimageindex":false,"robots_noodp":false,"robots_notranslate":false,"robots_max_snippet":null,"robots_max_videopreview":null,"robots_max_imagepreview":"none","priority":null,"frequency":null,"local_seo":null,"seo_analyzer_scan_date":"2026-06-01 19:44:55","breadcrumb_settings":null,"limit_modified_date":false,"open_ai":null,"ai":null,"created":"2020-11-14 22:53:46","updated":"2026-06-01 19:44:55","focus_keyword":null,"additional_keywords":null,"truseo_locale":null},"aioseo_breadcrumb":"<div class=\"aioseo-breadcrumbs\"><span class=\"aioseo-breadcrumb\">\n\t<a href=\"https:\/\/www.eldigitaldeasturias.com\/noticias\" title=\"Home\">Home<\/a>\n<\/span><span class=\"aioseo-breadcrumb-separator\">\u2013<\/span><span class=\"aioseo-breadcrumb\">\n\t<a href=\"https:\/\/www.eldigitaldeasturias.com\/noticias\/category\/actualidad\/\" title=\"Actualidad\">Actualidad<\/a>\n<\/span><span class=\"aioseo-breadcrumb-separator\">\u2013<\/span><span class=\"aioseo-breadcrumb\">\n\t<a href=\"https:\/\/www.eldigitaldeasturias.com\/noticias\/panama-estudia-aplicar-medidas-retaliatorias-a-colombia-por-aranceles\/\" title=\"Panam\u00e1 estudia aplicar medidas \u00abretaliatorias\u00bb a Colombia por aranceles\">Panam\u00e1 estudia aplicar medidas \u00abretaliatorias\u00bb a Colombia por aranceles<\/a>\n<\/span><\/div>","aioseo_breadcrumb_json":[{"label":"Home","link":"https:\/\/www.eldigitaldeasturias.com\/noticias"},{"label":"Actualidad","link":"https:\/\/www.eldigitaldeasturias.com\/noticias\/category\/actualidad\/"},{"label":"Panam\u00e1 estudia aplicar medidas \u00abretaliatorias\u00bb a Colombia por aranceles","link":"https:\/\/www.eldigitaldeasturias.com\/noticias\/panama-estudia-aplicar-medidas-retaliatorias-a-colombia-por-aranceles\/"}],"_links":{"self":[{"href":"https:\/\/www.eldigitaldeasturias.com\/noticias\/wp-json\/wp\/v2\/posts\/477837","targetHints":{"allow":["GET"]}}],"collection":[{"href":"https:\/\/www.eldigitaldeasturias.com\/noticias\/wp-json\/wp\/v2\/posts"}],"about":[{"href":"https:\/\/www.eldigitaldeasturias.com\/noticias\/wp-json\/wp\/v2\/types\/post"}],"author":[{"embeddable":true,"href":"https:\/\/www.eldigitaldeasturias.com\/noticias\/wp-json\/wp\/v2\/users\/1"}],"replies":[{"embeddable":true,"href":"https:\/\/www.eldigitaldeasturias.com\/noticias\/wp-json\/wp\/v2\/comments?post=477837"}],"version-history":[{"count":0,"href":"https:\/\/www.eldigitaldeasturias.com\/noticias\/wp-json\/wp\/v2\/posts\/477837\/revisions"}],"wp:featuredmedia":[{"embeddable":true,"href":"https:\/\/www.eldigitaldeasturias.com\/noticias\/wp-json\/wp\/v2\/media\/1132184"}],"wp:attachment":[{"href":"https:\/\/www.eldigitaldeasturias.com\/noticias\/wp-json\/wp\/v2\/media?parent=477837"}],"wp:term":[{"taxonomy":"category","embeddable":true,"href":"https:\/\/www.eldigitaldeasturias.com\/noticias\/wp-json\/wp\/v2\/categories?post=477837"},{"taxonomy":"post_tag","embeddable":true,"href":"https:\/\/www.eldigitaldeasturias.com\/noticias\/wp-json\/wp\/v2\/tags?post=477837"}],"curies":[{"name":"wp","href":"https:\/\/api.w.org\/{rel}","templated":true}]}}