{"id":477822,"date":"2014-01-24T04:15:24","date_gmt":"2014-01-24T05:15:24","guid":{"rendered":"http:\/\/www.eldigitaldeasturias.com\/noticias\/?p=477822"},"modified":"2014-01-24T04:15:24","modified_gmt":"2014-01-24T05:15:24","slug":"lara-ve-obsceno-triunfalismo-del-gobierno-ante-la-perdida-de-200-000-empleos","status":"publish","type":"post","link":"https:\/\/www.eldigitaldeasturias.com\/noticias\/lara-ve-obsceno-triunfalismo-del-gobierno-ante-la-perdida-de-200-000-empleos\/","title":{"rendered":"Lara ve obsceno triunfalismo del Gobierno ante la p\u00e9rdida de 200.000 empleos"},"content":{"rendered":"<p><img loading=\"lazy\" decoding=\"async\" class=\"alignleft size-medium wp-image-477823\" alt=\"5870697w\" src=\"https:\/\/www.eldigitaldeasturias.com\/noticias\/wp-content\/uploads\/2014\/01\/5870697w-360x259.jpg\" width=\"360\" height=\"259\" \/>Madrid, 23 ene (EFE).- El l\u00edder de IU, Cayo Lara, ha calificado de \u00abobscenidad\u00bb el tono de \u00abtriunfalismo\u00bb del Gobierno al asegurar que se ha reducido el paro cuando lo cierto es que casi se destruyeron 200.000 puestos de trabajo el a\u00f1o pasado y hay 620.000 desempleados m\u00e1s que cuando Mariano Rajoy lleg\u00f3 al Gobierno.<\/p>\n<p>Lara, en una comparecencia en el Congreso, ha afirmado que \u00abes falso\u00bb que la cifra de parados bajara en 69.000 personas en 2013, seg\u00fan la Encuesta de Poblaci\u00f3n Activa (EPA), porque esa disminuci\u00f3n se debe a que hay m\u00e1s personas que se han ido al extranjero a buscar trabajo y hay tambi\u00e9n m\u00e1s trabajadores que han dejado de buscar y, por tanto, pasan a ser \u00abinactivos\u00bb.<\/p>\n<p>No se ha creado empleo, ha asegurado el coordinador federal de IU, quien tambi\u00e9n ha llamado la atenci\u00f3n sobre la \u00abnueva figura\u00bb que est\u00e1 surgiendo en el mercado laboral, la de \u00abtrabajadores pobres con contrato\u00bb debido a los \u00absalarios irrisorios\u00bb que se est\u00e1n pagando en este momento y a la precarizaci\u00f3n del trabajo puesto que se est\u00e1 sustituyendo empleo fijo por parcial.<\/p>\n<p>Otro de los aspectos relevantes que ha comentado Cayo Lara de la EPA es el aumento del n\u00famero de hogares en los que no trabaja ning\u00fan miembro de la familia y que alcanza casi a los dos millones.<\/p>\n<p>Y todo este \u00abdesastre\u00bb, Cayo Lara lo ha atribuido a la reforma laboral, la de este Gobierno y el anterior, ya que por sexto a\u00f1o consecutivo, ha recalcado Lara, se sigue destruyendo empleo.<\/p>\n<p>Ha advertido en este contexto de que la precariedad, la \u00abpenuria\u00bb de la gente por falta de trabajo o por un trabajo de escasa remuneraci\u00f3n es un \u00abcaldo de cultivo\u00bb para que la conflictividad social se dispare y el \u00faltimo ejemplo ha sido lo ocurrido en el barrio burgal\u00e9s de Gamonal.<\/p>\n","protected":false},"excerpt":{"rendered":"<p>Madrid, 23 ene (EFE).- El l\u00edder de IU, Cayo Lara, ha calificado de \u00abobscenidad\u00bb el tono de \u00abtriunfalismo\u00bb del Gobierno al asegurar que se ha reducido el paro cuando lo cierto es que casi se destruyeron 200.000 puestos de trabajo el a\u00f1o pasado y hay 620.000 desempleados m\u00e1s que cuando Mariano Rajoy lleg\u00f3 al Gobierno. [&hellip;]<\/p>\n","protected":false},"author":1,"featured_media":1132184,"comment_status":"closed","ping_status":"open","sticky":false,"template":"","format":"standard","meta":{"footnotes":""},"categories":[1],"tags":[],"class_list":["post-477822","post","type-post","status-publish","format-standard","has-post-thumbnail","hentry","category-actualidad"],"aioseo_notices":[],"aioseo_head":"\n\t\t<!-- All in One SEO Pro 5.0.1 - aioseo.com -->\n\t<meta name=\"description\" content=\"Madrid, 23 ene (EFE).- El l\u00edder de IU, Cayo Lara, ha calificado de &quot;obscenidad&quot; el tono de &quot;triunfalismo&quot; del Gobierno al asegurar que se ha reducido el paro cuando lo cierto es que casi se destruyeron 200.000 puestos de trabajo el a\u00f1o pasado y hay 620.000 desempleados m\u00e1s que cuando Mariano Rajoy lleg\u00f3 al Gobierno.\" \/>\n\t<meta name=\"robots\" content=\"max-image-preview:large\" \/>\n\t<meta name=\"author\" content=\"El Digital de Asturias\"\/>\n\t<meta name=\"google-site-verification\" content=\"UA-38556648-1\" \/>\n\t<meta name=\"msvalidate.01\" content=\"7dfe9f3f1b24437ab69f4f2559babe99\" \/>\n\t<meta name=\"keywords\" content=\"actualidad\" \/>\n\t<link rel=\"canonical\" href=\"https:\/\/www.eldigitaldeasturias.com\/noticias\/lara-ve-obsceno-triunfalismo-del-gobierno-ante-la-perdida-de-200-000-empleos\/\" \/>\n\t<meta name=\"generator\" content=\"All in One SEO Pro (AIOSEO) 5.0.1\" \/>\n\t\t<meta property=\"og:locale\" content=\"es_ES\" \/>\n\t\t<meta property=\"og:site_name\" content=\"El Digital de Asturias\" \/>\n\t\t<meta property=\"og:type\" content=\"article\" \/>\n\t\t<meta property=\"og:title\" content=\"Lara ve obsceno triunfalismo del Gobierno ante la p\u00e9rdida de 200.000 empleos - El Digital de Asturias\" \/>\n\t\t<meta property=\"og:description\" content=\"Madrid, 23 ene (EFE).- El l\u00edder de IU, Cayo Lara, ha calificado de &quot;obscenidad&quot; el tono de &quot;triunfalismo&quot; del Gobierno al asegurar que se ha reducido el paro cuando lo cierto es que casi se destruyeron 200.000 puestos de trabajo el a\u00f1o pasado y hay 620.000 desempleados m\u00e1s que cuando Mariano Rajoy lleg\u00f3 al Gobierno.\" \/>\n\t\t<meta property=\"og:url\" content=\"https:\/\/www.eldigitaldeasturias.com\/noticias\/lara-ve-obsceno-triunfalismo-del-gobierno-ante-la-perdida-de-200-000-empleos\/\" \/>\n\t\t<meta property=\"og:image\" content=\"https:\/\/www.eldigitaldeasturias.com\/noticias\/wp-content\/uploads\/2026\/06\/Contenidos.jpg\" \/>\n\t\t<meta property=\"og:image:secure_url\" content=\"https:\/\/www.eldigitaldeasturias.com\/noticias\/wp-content\/uploads\/2026\/06\/Contenidos.jpg\" \/>\n\t\t<meta property=\"og:image:width\" content=\"1265\" \/>\n\t\t<meta property=\"og:image:height\" content=\"697\" \/>\n\t\t<meta property=\"article:tag\" content=\"actualidad\" \/>\n\t\t<meta property=\"article:published_time\" content=\"2014-01-24T05:15:24+00:00\" \/>\n\t\t<meta property=\"article:modified_time\" content=\"2014-01-24T05:15:24+00:00\" \/>\n\t\t<meta property=\"article:publisher\" content=\"https:\/\/facebook.com\/eldigitaldeasturias\" \/>\n\t\t<meta name=\"twitter:card\" content=\"summary_large_image\" \/>\n\t\t<meta name=\"twitter:title\" content=\"Lara ve obsceno triunfalismo del Gobierno ante la p\u00e9rdida de 200.000 empleos - El Digital de Asturias\" \/>\n\t\t<meta name=\"twitter:description\" content=\"Madrid, 23 ene (EFE).- El l\u00edder de IU, Cayo Lara, ha calificado de &quot;obscenidad&quot; el tono de &quot;triunfalismo&quot; del Gobierno al asegurar que se ha reducido el paro cuando lo cierto es que casi se destruyeron 200.000 puestos de trabajo el a\u00f1o pasado y hay 620.000 desempleados m\u00e1s que cuando Mariano Rajoy lleg\u00f3 al Gobierno.\" \/>\n\t\t<meta name=\"twitter:image\" content=\"https:\/\/www.eldigitaldeasturias.com\/noticias\/wp-content\/uploads\/2026\/06\/Contenidos.jpg\" \/>\n\t\t<meta name=\"twitter:label1\" content=\"Escrito por\" \/>\n\t\t<meta name=\"twitter:data1\" content=\"El Digital de Asturias\" \/>\n\t\t<meta name=\"twitter:label2\" content=\"Tiempo de lectura estimado\" \/>\n\t\t<meta name=\"twitter:data2\" content=\"2 minutos\" \/>\n\t\t<script type=\"application\/ld+json\" class=\"aioseo-schema\">\n\t\t\t{\"@context\":\"https:\\\/\\\/schema.org\",\"@graph\":[{\"@type\":\"BlogPosting\",\"@id\":\"https:\\\/\\\/www.eldigitaldeasturias.com\\\/noticias\\\/lara-ve-obsceno-triunfalismo-del-gobierno-ante-la-perdida-de-200-000-empleos\\\/#blogposting\",\"name\":\"Lara ve obsceno triunfalismo del Gobierno ante la p\\u00e9rdida de 200.000 empleos - El Digital de Asturias\",\"headline\":\"Lara ve obsceno triunfalismo del Gobierno ante la p\\u00e9rdida de 200.000 empleos\",\"author\":{\"@id\":\"https:\\\/\\\/www.eldigitaldeasturias.com\\\/noticias\\\/author\\\/admin\\\/#author\"},\"publisher\":{\"@id\":\"https:\\\/\\\/www.eldigitaldeasturias.com\\\/noticias\\\/#organization\"},\"image\":{\"@type\":\"ImageObject\",\"url\":\"https:\\\/\\\/www.eldigitaldeasturias.com\\\/noticias\\\/wp-content\\\/uploads\\\/2026\\\/06\\\/Contenidos.jpg\",\"width\":1265,\"height\":697,\"caption\":\"Contenidos\"},\"datePublished\":\"2014-01-24T04:15:24+01:00\",\"dateModified\":\"2014-01-24T04:15:24+01:00\",\"inLanguage\":\"es-ES\",\"mainEntityOfPage\":{\"@id\":\"https:\\\/\\\/www.eldigitaldeasturias.com\\\/noticias\\\/lara-ve-obsceno-triunfalismo-del-gobierno-ante-la-perdida-de-200-000-empleos\\\/#webpage\"},\"isPartOf\":{\"@id\":\"https:\\\/\\\/www.eldigitaldeasturias.com\\\/noticias\\\/lara-ve-obsceno-triunfalismo-del-gobierno-ante-la-perdida-de-200-000-empleos\\\/#webpage\"},\"articleSection\":\"Actualidad\"},{\"@type\":\"BreadcrumbList\",\"@id\":\"https:\\\/\\\/www.eldigitaldeasturias.com\\\/noticias\\\/lara-ve-obsceno-triunfalismo-del-gobierno-ante-la-perdida-de-200-000-empleos\\\/#breadcrumblist\",\"itemListElement\":[{\"@type\":\"ListItem\",\"@id\":\"https:\\\/\\\/www.eldigitaldeasturias.com\\\/noticias#listItem\",\"position\":1,\"name\":\"Home\",\"item\":\"https:\\\/\\\/www.eldigitaldeasturias.com\\\/noticias\",\"nextItem\":{\"@type\":\"ListItem\",\"@id\":\"https:\\\/\\\/www.eldigitaldeasturias.com\\\/noticias\\\/category\\\/actualidad\\\/#listItem\",\"name\":\"Actualidad\"}},{\"@type\":\"ListItem\",\"@id\":\"https:\\\/\\\/www.eldigitaldeasturias.com\\\/noticias\\\/category\\\/actualidad\\\/#listItem\",\"position\":2,\"name\":\"Actualidad\",\"item\":\"https:\\\/\\\/www.eldigitaldeasturias.com\\\/noticias\\\/category\\\/actualidad\\\/\",\"nextItem\":{\"@type\":\"ListItem\",\"@id\":\"https:\\\/\\\/www.eldigitaldeasturias.com\\\/noticias\\\/lara-ve-obsceno-triunfalismo-del-gobierno-ante-la-perdida-de-200-000-empleos\\\/#listItem\",\"name\":\"Lara ve obsceno triunfalismo del Gobierno ante la p\\u00e9rdida de 200.000 empleos\"},\"previousItem\":{\"@type\":\"ListItem\",\"@id\":\"https:\\\/\\\/www.eldigitaldeasturias.com\\\/noticias#listItem\",\"name\":\"Home\"}},{\"@type\":\"ListItem\",\"@id\":\"https:\\\/\\\/www.eldigitaldeasturias.com\\\/noticias\\\/lara-ve-obsceno-triunfalismo-del-gobierno-ante-la-perdida-de-200-000-empleos\\\/#listItem\",\"position\":3,\"name\":\"Lara ve obsceno triunfalismo del Gobierno ante la p\\u00e9rdida de 200.000 empleos\",\"previousItem\":{\"@type\":\"ListItem\",\"@id\":\"https:\\\/\\\/www.eldigitaldeasturias.com\\\/noticias\\\/category\\\/actualidad\\\/#listItem\",\"name\":\"Actualidad\"}}]},{\"@type\":\"Organization\",\"@id\":\"https:\\\/\\\/www.eldigitaldeasturias.com\\\/noticias\\\/#organization\",\"name\":\"El Digital de Asturias\",\"description\":\"Hemeroteca\",\"url\":\"https:\\\/\\\/www.eldigitaldeasturias.com\\\/noticias\\\/\",\"email\":\"info@eldigitaldeasturias.com\",\"telephone\":\"+34652131393\",\"logo\":{\"@type\":\"ImageObject\",\"url\":\"https:\\\/\\\/www.eldigitaldeasturias.com\\\/noticias\\\/wp-content\\\/uploads\\\/2020\\\/12\\\/EDA.jpg\",\"@id\":\"https:\\\/\\\/www.eldigitaldeasturias.com\\\/noticias\\\/lara-ve-obsceno-triunfalismo-del-gobierno-ante-la-perdida-de-200-000-empleos\\\/#organizationLogo\"},\"image\":{\"@id\":\"https:\\\/\\\/www.eldigitaldeasturias.com\\\/noticias\\\/lara-ve-obsceno-triunfalismo-del-gobierno-ante-la-perdida-de-200-000-empleos\\\/#organizationLogo\"},\"sameAs\":[\"https:\\\/\\\/facebook.com\\\/eldigitaldeasturias\",\"https:\\\/\\\/www.youtube.com\\\/channel\\\/UCZP-2wLEB9Rv6erhFmqVnvg\"],\"address\":{\"@id\":\"https:\\\/\\\/www.eldigitaldeasturias.com\\\/noticias\\\/#postaladdress\",\"@type\":\"PostalAddress\",\"streetAddress\":\"san antonio 4\",\"postalCode\":\"33430\",\"addressLocality\":\"Cand\\u00e1s\",\"addressRegion\":\"Asturias\",\"addressCountry\":\"ES\"}},{\"@type\":\"Person\",\"@id\":\"https:\\\/\\\/www.eldigitaldeasturias.com\\\/noticias\\\/author\\\/admin\\\/#author\",\"url\":\"https:\\\/\\\/www.eldigitaldeasturias.com\\\/noticias\\\/author\\\/admin\\\/\",\"name\":\"El Digital de Asturias\",\"image\":{\"@type\":\"ImageObject\",\"@id\":\"https:\\\/\\\/www.eldigitaldeasturias.com\\\/noticias\\\/lara-ve-obsceno-triunfalismo-del-gobierno-ante-la-perdida-de-200-000-empleos\\\/#authorImage\",\"url\":\"https:\\\/\\\/secure.gravatar.com\\\/avatar\\\/df2aeffc32bcd13f8d26072ef8a91b623d677766deac7f97ca815868cd41bf5e?s=96&d=mm&r=g\",\"width\":96,\"height\":96,\"caption\":\"El Digital de Asturias\"}},{\"@type\":\"WebPage\",\"@id\":\"https:\\\/\\\/www.eldigitaldeasturias.com\\\/noticias\\\/lara-ve-obsceno-triunfalismo-del-gobierno-ante-la-perdida-de-200-000-empleos\\\/#webpage\",\"url\":\"https:\\\/\\\/www.eldigitaldeasturias.com\\\/noticias\\\/lara-ve-obsceno-triunfalismo-del-gobierno-ante-la-perdida-de-200-000-empleos\\\/\",\"name\":\"Lara ve obsceno triunfalismo del Gobierno ante la p\\u00e9rdida de 200.000 empleos - El Digital de Asturias\",\"description\":\"Madrid, 23 ene (EFE).- El l\\u00edder de IU, Cayo Lara, ha calificado de \\\"obscenidad\\\" el tono de \\\"triunfalismo\\\" del Gobierno al asegurar que se ha reducido el paro cuando lo cierto es que casi se destruyeron 200.000 puestos de trabajo el a\\u00f1o pasado y hay 620.000 desempleados m\\u00e1s que cuando Mariano Rajoy lleg\\u00f3 al Gobierno.\",\"inLanguage\":\"es-ES\",\"isPartOf\":{\"@id\":\"https:\\\/\\\/www.eldigitaldeasturias.com\\\/noticias\\\/#website\"},\"breadcrumb\":{\"@id\":\"https:\\\/\\\/www.eldigitaldeasturias.com\\\/noticias\\\/lara-ve-obsceno-triunfalismo-del-gobierno-ante-la-perdida-de-200-000-empleos\\\/#breadcrumblist\"},\"author\":{\"@id\":\"https:\\\/\\\/www.eldigitaldeasturias.com\\\/noticias\\\/author\\\/admin\\\/#author\"},\"creator\":{\"@id\":\"https:\\\/\\\/www.eldigitaldeasturias.com\\\/noticias\\\/author\\\/admin\\\/#author\"},\"image\":{\"@type\":\"ImageObject\",\"url\":\"https:\\\/\\\/www.eldigitaldeasturias.com\\\/noticias\\\/wp-content\\\/uploads\\\/2026\\\/06\\\/Contenidos.jpg\",\"@id\":\"https:\\\/\\\/www.eldigitaldeasturias.com\\\/noticias\\\/lara-ve-obsceno-triunfalismo-del-gobierno-ante-la-perdida-de-200-000-empleos\\\/#mainImage\",\"width\":1265,\"height\":697,\"caption\":\"Contenidos\"},\"primaryImageOfPage\":{\"@id\":\"https:\\\/\\\/www.eldigitaldeasturias.com\\\/noticias\\\/lara-ve-obsceno-triunfalismo-del-gobierno-ante-la-perdida-de-200-000-empleos\\\/#mainImage\"},\"datePublished\":\"2014-01-24T04:15:24+01:00\",\"dateModified\":\"2014-01-24T04:15:24+01:00\"},{\"@type\":\"WebSite\",\"@id\":\"https:\\\/\\\/www.eldigitaldeasturias.com\\\/noticias\\\/#website\",\"url\":\"https:\\\/\\\/www.eldigitaldeasturias.com\\\/noticias\\\/\",\"name\":\"El Digital de Asturias - Diario de actualidad y noticias\",\"alternateName\":\"El Digital de Asturias - Diario de actualidad y noticias\",\"description\":\"Hemeroteca\",\"inLanguage\":\"es-ES\",\"publisher\":{\"@id\":\"https:\\\/\\\/www.eldigitaldeasturias.com\\\/noticias\\\/#organization\"}}]}\n\t\t<\/script>\n\t\t<!-- All in One SEO Pro -->\r\n\t\t<title>Lara ve obsceno triunfalismo del Gobierno ante la p\u00e9rdida de 200.000 empleos - El Digital de Asturias<\/title>\n\n","aioseo_head_json":{"title":"Lara ve obsceno triunfalismo del Gobierno ante la p\u00e9rdida de 200.000 empleos - El Digital de Asturias","description":"Madrid, 23 ene (EFE).- El l\u00edder de IU, Cayo Lara, ha calificado de \"obscenidad\" el tono de \"triunfalismo\" del Gobierno al asegurar que se ha reducido el paro cuando lo cierto es que casi se destruyeron 200.000 puestos de trabajo el a\u00f1o pasado y hay 620.000 desempleados m\u00e1s que cuando Mariano Rajoy lleg\u00f3 al Gobierno.","canonical_url":"https:\/\/www.eldigitaldeasturias.com\/noticias\/lara-ve-obsceno-triunfalismo-del-gobierno-ante-la-perdida-de-200-000-empleos\/","robots":"max-image-preview:large","keywords":"actualidad","webmasterTools":{"google-site-verification":"UA-38556648-1","msvalidate.01":"7dfe9f3f1b24437ab69f4f2559babe99","miscellaneous":""},"schema":{"@context":"https:\/\/schema.org","@graph":[{"@type":"BlogPosting","@id":"https:\/\/www.eldigitaldeasturias.com\/noticias\/lara-ve-obsceno-triunfalismo-del-gobierno-ante-la-perdida-de-200-000-empleos\/#blogposting","name":"Lara ve obsceno triunfalismo del Gobierno ante la p\u00e9rdida de 200.000 empleos - El Digital de Asturias","headline":"Lara ve obsceno triunfalismo del Gobierno ante la p\u00e9rdida de 200.000 empleos","author":{"@id":"https:\/\/www.eldigitaldeasturias.com\/noticias\/author\/admin\/#author"},"publisher":{"@id":"https:\/\/www.eldigitaldeasturias.com\/noticias\/#organization"},"image":{"@type":"ImageObject","url":"https:\/\/www.eldigitaldeasturias.com\/noticias\/wp-content\/uploads\/2026\/06\/Contenidos.jpg","width":1265,"height":697,"caption":"Contenidos"},"datePublished":"2014-01-24T04:15:24+01:00","dateModified":"2014-01-24T04:15:24+01:00","inLanguage":"es-ES","mainEntityOfPage":{"@id":"https:\/\/www.eldigitaldeasturias.com\/noticias\/lara-ve-obsceno-triunfalismo-del-gobierno-ante-la-perdida-de-200-000-empleos\/#webpage"},"isPartOf":{"@id":"https:\/\/www.eldigitaldeasturias.com\/noticias\/lara-ve-obsceno-triunfalismo-del-gobierno-ante-la-perdida-de-200-000-empleos\/#webpage"},"articleSection":"Actualidad"},{"@type":"BreadcrumbList","@id":"https:\/\/www.eldigitaldeasturias.com\/noticias\/lara-ve-obsceno-triunfalismo-del-gobierno-ante-la-perdida-de-200-000-empleos\/#breadcrumblist","itemListElement":[{"@type":"ListItem","@id":"https:\/\/www.eldigitaldeasturias.com\/noticias#listItem","position":1,"name":"Home","item":"https:\/\/www.eldigitaldeasturias.com\/noticias","nextItem":{"@type":"ListItem","@id":"https:\/\/www.eldigitaldeasturias.com\/noticias\/category\/actualidad\/#listItem","name":"Actualidad"}},{"@type":"ListItem","@id":"https:\/\/www.eldigitaldeasturias.com\/noticias\/category\/actualidad\/#listItem","position":2,"name":"Actualidad","item":"https:\/\/www.eldigitaldeasturias.com\/noticias\/category\/actualidad\/","nextItem":{"@type":"ListItem","@id":"https:\/\/www.eldigitaldeasturias.com\/noticias\/lara-ve-obsceno-triunfalismo-del-gobierno-ante-la-perdida-de-200-000-empleos\/#listItem","name":"Lara ve obsceno triunfalismo del Gobierno ante la p\u00e9rdida de 200.000 empleos"},"previousItem":{"@type":"ListItem","@id":"https:\/\/www.eldigitaldeasturias.com\/noticias#listItem","name":"Home"}},{"@type":"ListItem","@id":"https:\/\/www.eldigitaldeasturias.com\/noticias\/lara-ve-obsceno-triunfalismo-del-gobierno-ante-la-perdida-de-200-000-empleos\/#listItem","position":3,"name":"Lara ve obsceno triunfalismo del Gobierno ante la p\u00e9rdida de 200.000 empleos","previousItem":{"@type":"ListItem","@id":"https:\/\/www.eldigitaldeasturias.com\/noticias\/category\/actualidad\/#listItem","name":"Actualidad"}}]},{"@type":"Organization","@id":"https:\/\/www.eldigitaldeasturias.com\/noticias\/#organization","name":"El Digital de Asturias","description":"Hemeroteca","url":"https:\/\/www.eldigitaldeasturias.com\/noticias\/","email":"info@eldigitaldeasturias.com","telephone":"+34652131393","logo":{"@type":"ImageObject","url":"https:\/\/www.eldigitaldeasturias.com\/noticias\/wp-content\/uploads\/2020\/12\/EDA.jpg","@id":"https:\/\/www.eldigitaldeasturias.com\/noticias\/lara-ve-obsceno-triunfalismo-del-gobierno-ante-la-perdida-de-200-000-empleos\/#organizationLogo"},"image":{"@id":"https:\/\/www.eldigitaldeasturias.com\/noticias\/lara-ve-obsceno-triunfalismo-del-gobierno-ante-la-perdida-de-200-000-empleos\/#organizationLogo"},"sameAs":["https:\/\/facebook.com\/eldigitaldeasturias","https:\/\/www.youtube.com\/channel\/UCZP-2wLEB9Rv6erhFmqVnvg"],"address":{"@id":"https:\/\/www.eldigitaldeasturias.com\/noticias\/#postaladdress","@type":"PostalAddress","streetAddress":"san antonio 4","postalCode":"33430","addressLocality":"Cand\u00e1s","addressRegion":"Asturias","addressCountry":"ES"}},{"@type":"Person","@id":"https:\/\/www.eldigitaldeasturias.com\/noticias\/author\/admin\/#author","url":"https:\/\/www.eldigitaldeasturias.com\/noticias\/author\/admin\/","name":"El Digital de Asturias","image":{"@type":"ImageObject","@id":"https:\/\/www.eldigitaldeasturias.com\/noticias\/lara-ve-obsceno-triunfalismo-del-gobierno-ante-la-perdida-de-200-000-empleos\/#authorImage","url":"https:\/\/secure.gravatar.com\/avatar\/df2aeffc32bcd13f8d26072ef8a91b623d677766deac7f97ca815868cd41bf5e?s=96&d=mm&r=g","width":96,"height":96,"caption":"El Digital de Asturias"}},{"@type":"WebPage","@id":"https:\/\/www.eldigitaldeasturias.com\/noticias\/lara-ve-obsceno-triunfalismo-del-gobierno-ante-la-perdida-de-200-000-empleos\/#webpage","url":"https:\/\/www.eldigitaldeasturias.com\/noticias\/lara-ve-obsceno-triunfalismo-del-gobierno-ante-la-perdida-de-200-000-empleos\/","name":"Lara ve obsceno triunfalismo del Gobierno ante la p\u00e9rdida de 200.000 empleos - El Digital de Asturias","description":"Madrid, 23 ene (EFE).- El l\u00edder de IU, Cayo Lara, ha calificado de \"obscenidad\" el tono de \"triunfalismo\" del Gobierno al asegurar que se ha reducido el paro cuando lo cierto es que casi se destruyeron 200.000 puestos de trabajo el a\u00f1o pasado y hay 620.000 desempleados m\u00e1s que cuando Mariano Rajoy lleg\u00f3 al Gobierno.","inLanguage":"es-ES","isPartOf":{"@id":"https:\/\/www.eldigitaldeasturias.com\/noticias\/#website"},"breadcrumb":{"@id":"https:\/\/www.eldigitaldeasturias.com\/noticias\/lara-ve-obsceno-triunfalismo-del-gobierno-ante-la-perdida-de-200-000-empleos\/#breadcrumblist"},"author":{"@id":"https:\/\/www.eldigitaldeasturias.com\/noticias\/author\/admin\/#author"},"creator":{"@id":"https:\/\/www.eldigitaldeasturias.com\/noticias\/author\/admin\/#author"},"image":{"@type":"ImageObject","url":"https:\/\/www.eldigitaldeasturias.com\/noticias\/wp-content\/uploads\/2026\/06\/Contenidos.jpg","@id":"https:\/\/www.eldigitaldeasturias.com\/noticias\/lara-ve-obsceno-triunfalismo-del-gobierno-ante-la-perdida-de-200-000-empleos\/#mainImage","width":1265,"height":697,"caption":"Contenidos"},"primaryImageOfPage":{"@id":"https:\/\/www.eldigitaldeasturias.com\/noticias\/lara-ve-obsceno-triunfalismo-del-gobierno-ante-la-perdida-de-200-000-empleos\/#mainImage"},"datePublished":"2014-01-24T04:15:24+01:00","dateModified":"2014-01-24T04:15:24+01:00"},{"@type":"WebSite","@id":"https:\/\/www.eldigitaldeasturias.com\/noticias\/#website","url":"https:\/\/www.eldigitaldeasturias.com\/noticias\/","name":"El Digital de Asturias - Diario de actualidad y noticias","alternateName":"El Digital de Asturias - Diario de actualidad y noticias","description":"Hemeroteca","inLanguage":"es-ES","publisher":{"@id":"https:\/\/www.eldigitaldeasturias.com\/noticias\/#organization"}}]},"og:locale":"es_ES","og:site_name":"El Digital de Asturias","og:type":"article","og:title":"Lara ve obsceno triunfalismo del Gobierno ante la p\u00e9rdida de 200.000 empleos - El Digital de Asturias","og:description":"Madrid, 23 ene (EFE).- El l\u00edder de IU, Cayo Lara, ha calificado de &quot;obscenidad&quot; el tono de &quot;triunfalismo&quot; del Gobierno al asegurar que se ha reducido el paro cuando lo cierto es que casi se destruyeron 200.000 puestos de trabajo el a\u00f1o pasado y hay 620.000 desempleados m\u00e1s que cuando Mariano Rajoy lleg\u00f3 al Gobierno.","og:url":"https:\/\/www.eldigitaldeasturias.com\/noticias\/lara-ve-obsceno-triunfalismo-del-gobierno-ante-la-perdida-de-200-000-empleos\/","og:image":"https:\/\/www.eldigitaldeasturias.com\/noticias\/wp-content\/uploads\/2026\/06\/Contenidos.jpg","og:image:secure_url":"https:\/\/www.eldigitaldeasturias.com\/noticias\/wp-content\/uploads\/2026\/06\/Contenidos.jpg","og:image:width":1265,"og:image:height":697,"article:tag":["actualidad"],"article:published_time":"2014-01-24T05:15:24+00:00","article:modified_time":"2014-01-24T05:15:24+00:00","article:publisher":"https:\/\/facebook.com\/eldigitaldeasturias","twitter:card":"summary_large_image","twitter:title":"Lara ve obsceno triunfalismo del Gobierno ante la p\u00e9rdida de 200.000 empleos - El Digital de Asturias","twitter:description":"Madrid, 23 ene (EFE).- El l\u00edder de IU, Cayo Lara, ha calificado de &quot;obscenidad&quot; el tono de &quot;triunfalismo&quot; del Gobierno al asegurar que se ha reducido el paro cuando lo cierto es que casi se destruyeron 200.000 puestos de trabajo el a\u00f1o pasado y hay 620.000 desempleados m\u00e1s que cuando Mariano Rajoy lleg\u00f3 al Gobierno.","twitter:image":"https:\/\/www.eldigitaldeasturias.com\/noticias\/wp-content\/uploads\/2026\/06\/Contenidos.jpg","twitter:label1":"Escrito por","twitter:data1":"El Digital de Asturias","twitter:label2":"Tiempo de lectura estimado","twitter:data2":"2 minutos"},"aioseo_meta_data":{"post_id":"477822","title":null,"description":null,"keywords":null,"keyphrases":null,"primary_term":null,"canonical_url":null,"og_title":null,"og_description":null,"og_object_type":"default","og_image_type":"default","og_image_url":null,"og_image_width":null,"og_image_height":null,"og_image_custom_url":null,"og_image_custom_fields":null,"og_video":null,"og_custom_url":null,"og_article_section":null,"og_article_tags":null,"twitter_use_og":true,"twitter_card":"default","twitter_image_type":"default","twitter_image_url":null,"twitter_image_custom_url":null,"twitter_image_custom_fields":null,"twitter_title":null,"twitter_description":null,"schema":{"blockGraphs":[],"customGraphs":[],"default":{"data":{"Article":[],"Course":[],"Dataset":[],"FAQPage":[],"Movie":[],"Person":[],"Product":[],"ProductReview":[],"Car":[],"Recipe":[],"Service":[],"SoftwareApplication":[],"WebPage":[]},"graphName":"","isEnabled":true},"graphs":[],"defaultGraph":"","defaultPostTypeGraph":""},"schema_type":null,"schema_type_options":null,"pillar_content":false,"robots_default":true,"robots_noindex":false,"robots_noarchive":false,"robots_nosnippet":false,"robots_nofollow":false,"robots_noimageindex":false,"robots_noodp":false,"robots_notranslate":false,"robots_max_snippet":null,"robots_max_videopreview":null,"robots_max_imagepreview":"none","priority":null,"frequency":null,"local_seo":null,"seo_analyzer_scan_date":"2026-06-01 19:42:59","breadcrumb_settings":null,"limit_modified_date":false,"open_ai":null,"ai":null,"created":"2020-11-14 22:53:46","updated":"2026-06-01 19:42:59","focus_keyword":null,"additional_keywords":null,"truseo_locale":null},"aioseo_breadcrumb":"<div class=\"aioseo-breadcrumbs\"><span class=\"aioseo-breadcrumb\">\n\t<a href=\"https:\/\/www.eldigitaldeasturias.com\/noticias\" title=\"Home\">Home<\/a>\n<\/span><span class=\"aioseo-breadcrumb-separator\">\u2013<\/span><span class=\"aioseo-breadcrumb\">\n\t<a href=\"https:\/\/www.eldigitaldeasturias.com\/noticias\/category\/actualidad\/\" title=\"Actualidad\">Actualidad<\/a>\n<\/span><span class=\"aioseo-breadcrumb-separator\">\u2013<\/span><span class=\"aioseo-breadcrumb\">\n\t<a href=\"https:\/\/www.eldigitaldeasturias.com\/noticias\/lara-ve-obsceno-triunfalismo-del-gobierno-ante-la-perdida-de-200-000-empleos\/\" title=\"Lara ve obsceno triunfalismo del Gobierno ante la p\u00e9rdida de 200.000 empleos\">Lara ve obsceno triunfalismo del Gobierno ante la p\u00e9rdida de 200.000 empleos<\/a>\n<\/span><\/div>","aioseo_breadcrumb_json":[{"label":"Home","link":"https:\/\/www.eldigitaldeasturias.com\/noticias"},{"label":"Actualidad","link":"https:\/\/www.eldigitaldeasturias.com\/noticias\/category\/actualidad\/"},{"label":"Lara ve obsceno triunfalismo del Gobierno ante la p\u00e9rdida de 200.000 empleos","link":"https:\/\/www.eldigitaldeasturias.com\/noticias\/lara-ve-obsceno-triunfalismo-del-gobierno-ante-la-perdida-de-200-000-empleos\/"}],"_links":{"self":[{"href":"https:\/\/www.eldigitaldeasturias.com\/noticias\/wp-json\/wp\/v2\/posts\/477822","targetHints":{"allow":["GET"]}}],"collection":[{"href":"https:\/\/www.eldigitaldeasturias.com\/noticias\/wp-json\/wp\/v2\/posts"}],"about":[{"href":"https:\/\/www.eldigitaldeasturias.com\/noticias\/wp-json\/wp\/v2\/types\/post"}],"author":[{"embeddable":true,"href":"https:\/\/www.eldigitaldeasturias.com\/noticias\/wp-json\/wp\/v2\/users\/1"}],"replies":[{"embeddable":true,"href":"https:\/\/www.eldigitaldeasturias.com\/noticias\/wp-json\/wp\/v2\/comments?post=477822"}],"version-history":[{"count":0,"href":"https:\/\/www.eldigitaldeasturias.com\/noticias\/wp-json\/wp\/v2\/posts\/477822\/revisions"}],"wp:featuredmedia":[{"embeddable":true,"href":"https:\/\/www.eldigitaldeasturias.com\/noticias\/wp-json\/wp\/v2\/media\/1132184"}],"wp:attachment":[{"href":"https:\/\/www.eldigitaldeasturias.com\/noticias\/wp-json\/wp\/v2\/media?parent=477822"}],"wp:term":[{"taxonomy":"category","embeddable":true,"href":"https:\/\/www.eldigitaldeasturias.com\/noticias\/wp-json\/wp\/v2\/categories?post=477822"},{"taxonomy":"post_tag","embeddable":true,"href":"https:\/\/www.eldigitaldeasturias.com\/noticias\/wp-json\/wp\/v2\/tags?post=477822"}],"curies":[{"name":"wp","href":"https:\/\/api.w.org\/{rel}","templated":true}]}}