{"id":477816,"date":"2014-01-24T04:12:25","date_gmt":"2014-01-24T05:12:25","guid":{"rendered":"http:\/\/www.eldigitaldeasturias.com\/noticias\/?p=477816"},"modified":"2014-01-24T04:12:25","modified_gmt":"2014-01-24T05:12:25","slug":"autonomos-lamentan-la-destruccion-de-9-000-empleos-por-cuenta-propia-en-2013","status":"publish","type":"post","link":"https:\/\/www.eldigitaldeasturias.com\/noticias\/autonomos-lamentan-la-destruccion-de-9-000-empleos-por-cuenta-propia-en-2013\/","title":{"rendered":"Aut\u00f3nomos lamentan la destrucci\u00f3n de 9.000 empleos por cuenta propia en 2013"},"content":{"rendered":"<p><img loading=\"lazy\" decoding=\"async\" class=\"alignleft size-medium wp-image-477817\" alt=\"5870403w\" src=\"https:\/\/www.eldigitaldeasturias.com\/noticias\/wp-content\/uploads\/2014\/01\/5870403w-360x239.jpg\" width=\"360\" height=\"239\" \/>Madrid, 23 ene (EFE).- Las principales asociaciones de aut\u00f3nomos han lamentado los datos aportados hoy en la Encuesta de Poblaci\u00f3n Activa (EPA), que muestran que se han destruido 9.000 empleos por cuenta propia durante 2013.<\/p>\n<p>La Uni\u00f3n de Profesionales y Trabajadores Aut\u00f3nomos (UPTA) se ha lamentado de que, ni siquiera los trabajadores por cuenta propia, que hab\u00edan resistido mejor la ca\u00edda del empleo en 2012, hayan conseguido mantener el n\u00famero de ocupados al cierre de 2013.<\/p>\n<p>En este sentido, el secretario general de UPTA, Sebasti\u00e1n Reyna, ha manifestado que la situaci\u00f3n es \u00abpreocupante\u00bb y muestra que hay a\u00fan mucha desconfianza entre los inversores, algo que continuar\u00e1 hasta que comience a funcionar la financiaci\u00f3n, aumente el consumo y se implanten ayudas e incentivos al emprendimiento.<\/p>\n<p>La Federaci\u00f3n Nacional de Asociaciones de Trabajadores Aut\u00f3nomos (ATA), por su parte, ha cuestionado los datos que aporta la EPA porque, a su juicio, \u00abno deja de ser una encuesta\u00bb y \u00abno refleja la evoluci\u00f3n que est\u00e1 teniendo este colectivo\u00bb.<\/p>\n<p>As\u00ed, el presidente de ATA, Lorenzo Amor, ha expuesto que mientras que el n\u00famero de aut\u00f3nomos afiliados a la Seguridad Social aument\u00f3 en 28.815 trabajadores en 2013, la EPA muestra un descenso en 9.000 personas, algo \u00abdif\u00edcil de encajar y de entender\u00bb.<\/p>\n<p>La Uni\u00f3n de Asociaciones de Trabajadores Aut\u00f3nomos y Emprendedores (UATAE) ha calificado de \u00abnegativos\u00bb los datos conocidos hoy porque suponen \u00abun jarro de agua fr\u00eda\u00bb en relaci\u00f3n a las expectativas de aumento de aut\u00f3nomos que arrojaban los datos del Ministerio de Empleo y Seguridad Social.<\/p>\n<p>La secretaria general de UATAE ha considerado \u00abespecialmente negativa\u00bb el descenso del n\u00famero de aut\u00f3nomos empleadores, que son 8.800 menos que un a\u00f1o antes, porque este dato supone que, adem\u00e1s de su puesto de trabajo, se ha destruido el de toda la plantilla a su cargo.<\/p>\n","protected":false},"excerpt":{"rendered":"<p>Madrid, 23 ene (EFE).- Las principales asociaciones de aut\u00f3nomos han lamentado los datos aportados hoy en la Encuesta de Poblaci\u00f3n Activa (EPA), que muestran que se han destruido 9.000 empleos por cuenta propia durante 2013. La Uni\u00f3n de Profesionales y Trabajadores Aut\u00f3nomos (UPTA) se ha lamentado de que, ni siquiera los trabajadores por cuenta propia, [&hellip;]<\/p>\n","protected":false},"author":1,"featured_media":1132184,"comment_status":"closed","ping_status":"open","sticky":false,"template":"","format":"standard","meta":{"footnotes":""},"categories":[1],"tags":[],"class_list":["post-477816","post","type-post","status-publish","format-standard","has-post-thumbnail","hentry","category-actualidad"],"aioseo_notices":[],"aioseo_head":"\n\t\t<!-- All in One SEO Pro 5.0.1 - aioseo.com -->\n\t<meta name=\"description\" content=\"Madrid, 23 ene (EFE).- Las principales asociaciones de aut\u00f3nomos han lamentado los datos aportados hoy en la Encuesta de Poblaci\u00f3n Activa (EPA), que muestran que se han destruido 9.000 empleos por cuenta propia durante 2013. La Uni\u00f3n de Profesionales y Trabajadores Aut\u00f3nomos (UPTA) se ha lamentado de que, ni siquiera los trabajadores por cuenta propia,\" \/>\n\t<meta name=\"robots\" content=\"max-image-preview:large\" \/>\n\t<meta name=\"author\" content=\"El Digital de Asturias\"\/>\n\t<meta name=\"google-site-verification\" content=\"UA-38556648-1\" \/>\n\t<meta name=\"msvalidate.01\" content=\"7dfe9f3f1b24437ab69f4f2559babe99\" \/>\n\t<meta name=\"keywords\" content=\"actualidad\" \/>\n\t<link rel=\"canonical\" href=\"https:\/\/www.eldigitaldeasturias.com\/noticias\/autonomos-lamentan-la-destruccion-de-9-000-empleos-por-cuenta-propia-en-2013\/\" \/>\n\t<meta name=\"generator\" content=\"All in One SEO Pro (AIOSEO) 5.0.1\" \/>\n\t\t<meta property=\"og:locale\" content=\"es_ES\" \/>\n\t\t<meta property=\"og:site_name\" content=\"El Digital de Asturias\" \/>\n\t\t<meta property=\"og:type\" content=\"article\" \/>\n\t\t<meta property=\"og:title\" content=\"Aut\u00f3nomos lamentan la destrucci\u00f3n de 9.000 empleos por cuenta propia en 2013 - El Digital de Asturias\" \/>\n\t\t<meta property=\"og:description\" content=\"Madrid, 23 ene (EFE).- Las principales asociaciones de aut\u00f3nomos han lamentado los datos aportados hoy en la Encuesta de Poblaci\u00f3n Activa (EPA), que muestran que se han destruido 9.000 empleos por cuenta propia durante 2013. La Uni\u00f3n de Profesionales y Trabajadores Aut\u00f3nomos (UPTA) se ha lamentado de que, ni siquiera los trabajadores por cuenta propia,\" \/>\n\t\t<meta property=\"og:url\" content=\"https:\/\/www.eldigitaldeasturias.com\/noticias\/autonomos-lamentan-la-destruccion-de-9-000-empleos-por-cuenta-propia-en-2013\/\" \/>\n\t\t<meta property=\"og:image\" content=\"https:\/\/www.eldigitaldeasturias.com\/noticias\/wp-content\/uploads\/2026\/06\/Contenidos.jpg\" \/>\n\t\t<meta property=\"og:image:secure_url\" content=\"https:\/\/www.eldigitaldeasturias.com\/noticias\/wp-content\/uploads\/2026\/06\/Contenidos.jpg\" \/>\n\t\t<meta property=\"og:image:width\" content=\"1265\" \/>\n\t\t<meta property=\"og:image:height\" content=\"697\" \/>\n\t\t<meta property=\"article:tag\" content=\"actualidad\" \/>\n\t\t<meta property=\"article:published_time\" content=\"2014-01-24T05:12:25+00:00\" \/>\n\t\t<meta property=\"article:modified_time\" content=\"2014-01-24T05:12:25+00:00\" \/>\n\t\t<meta property=\"article:publisher\" content=\"https:\/\/facebook.com\/eldigitaldeasturias\" \/>\n\t\t<meta name=\"twitter:card\" content=\"summary_large_image\" \/>\n\t\t<meta name=\"twitter:title\" content=\"Aut\u00f3nomos lamentan la destrucci\u00f3n de 9.000 empleos por cuenta propia en 2013 - El Digital de Asturias\" \/>\n\t\t<meta name=\"twitter:description\" content=\"Madrid, 23 ene (EFE).- Las principales asociaciones de aut\u00f3nomos han lamentado los datos aportados hoy en la Encuesta de Poblaci\u00f3n Activa (EPA), que muestran que se han destruido 9.000 empleos por cuenta propia durante 2013. La Uni\u00f3n de Profesionales y Trabajadores Aut\u00f3nomos (UPTA) se ha lamentado de que, ni siquiera los trabajadores por cuenta propia,\" \/>\n\t\t<meta name=\"twitter:image\" content=\"https:\/\/www.eldigitaldeasturias.com\/noticias\/wp-content\/uploads\/2026\/06\/Contenidos.jpg\" \/>\n\t\t<meta name=\"twitter:label1\" content=\"Escrito por\" \/>\n\t\t<meta name=\"twitter:data1\" content=\"El Digital de Asturias\" \/>\n\t\t<meta name=\"twitter:label2\" content=\"Tiempo de lectura estimado\" \/>\n\t\t<meta name=\"twitter:data2\" content=\"2 minutos\" \/>\n\t\t<script type=\"application\/ld+json\" class=\"aioseo-schema\">\n\t\t\t{\"@context\":\"https:\\\/\\\/schema.org\",\"@graph\":[{\"@type\":\"BlogPosting\",\"@id\":\"https:\\\/\\\/www.eldigitaldeasturias.com\\\/noticias\\\/autonomos-lamentan-la-destruccion-de-9-000-empleos-por-cuenta-propia-en-2013\\\/#blogposting\",\"name\":\"Aut\\u00f3nomos lamentan la destrucci\\u00f3n de 9.000 empleos por cuenta propia en 2013 - El Digital de Asturias\",\"headline\":\"Aut\\u00f3nomos lamentan la destrucci\\u00f3n de 9.000 empleos por cuenta propia en 2013\",\"author\":{\"@id\":\"https:\\\/\\\/www.eldigitaldeasturias.com\\\/noticias\\\/author\\\/admin\\\/#author\"},\"publisher\":{\"@id\":\"https:\\\/\\\/www.eldigitaldeasturias.com\\\/noticias\\\/#organization\"},\"image\":{\"@type\":\"ImageObject\",\"url\":\"https:\\\/\\\/www.eldigitaldeasturias.com\\\/noticias\\\/wp-content\\\/uploads\\\/2026\\\/06\\\/Contenidos.jpg\",\"width\":1265,\"height\":697,\"caption\":\"Contenidos\"},\"datePublished\":\"2014-01-24T04:12:25+01:00\",\"dateModified\":\"2014-01-24T04:12:25+01:00\",\"inLanguage\":\"es-ES\",\"mainEntityOfPage\":{\"@id\":\"https:\\\/\\\/www.eldigitaldeasturias.com\\\/noticias\\\/autonomos-lamentan-la-destruccion-de-9-000-empleos-por-cuenta-propia-en-2013\\\/#webpage\"},\"isPartOf\":{\"@id\":\"https:\\\/\\\/www.eldigitaldeasturias.com\\\/noticias\\\/autonomos-lamentan-la-destruccion-de-9-000-empleos-por-cuenta-propia-en-2013\\\/#webpage\"},\"articleSection\":\"Actualidad\"},{\"@type\":\"BreadcrumbList\",\"@id\":\"https:\\\/\\\/www.eldigitaldeasturias.com\\\/noticias\\\/autonomos-lamentan-la-destruccion-de-9-000-empleos-por-cuenta-propia-en-2013\\\/#breadcrumblist\",\"itemListElement\":[{\"@type\":\"ListItem\",\"@id\":\"https:\\\/\\\/www.eldigitaldeasturias.com\\\/noticias#listItem\",\"position\":1,\"name\":\"Home\",\"item\":\"https:\\\/\\\/www.eldigitaldeasturias.com\\\/noticias\",\"nextItem\":{\"@type\":\"ListItem\",\"@id\":\"https:\\\/\\\/www.eldigitaldeasturias.com\\\/noticias\\\/category\\\/actualidad\\\/#listItem\",\"name\":\"Actualidad\"}},{\"@type\":\"ListItem\",\"@id\":\"https:\\\/\\\/www.eldigitaldeasturias.com\\\/noticias\\\/category\\\/actualidad\\\/#listItem\",\"position\":2,\"name\":\"Actualidad\",\"item\":\"https:\\\/\\\/www.eldigitaldeasturias.com\\\/noticias\\\/category\\\/actualidad\\\/\",\"nextItem\":{\"@type\":\"ListItem\",\"@id\":\"https:\\\/\\\/www.eldigitaldeasturias.com\\\/noticias\\\/autonomos-lamentan-la-destruccion-de-9-000-empleos-por-cuenta-propia-en-2013\\\/#listItem\",\"name\":\"Aut\\u00f3nomos lamentan la destrucci\\u00f3n de 9.000 empleos por cuenta propia en 2013\"},\"previousItem\":{\"@type\":\"ListItem\",\"@id\":\"https:\\\/\\\/www.eldigitaldeasturias.com\\\/noticias#listItem\",\"name\":\"Home\"}},{\"@type\":\"ListItem\",\"@id\":\"https:\\\/\\\/www.eldigitaldeasturias.com\\\/noticias\\\/autonomos-lamentan-la-destruccion-de-9-000-empleos-por-cuenta-propia-en-2013\\\/#listItem\",\"position\":3,\"name\":\"Aut\\u00f3nomos lamentan la destrucci\\u00f3n de 9.000 empleos por cuenta propia en 2013\",\"previousItem\":{\"@type\":\"ListItem\",\"@id\":\"https:\\\/\\\/www.eldigitaldeasturias.com\\\/noticias\\\/category\\\/actualidad\\\/#listItem\",\"name\":\"Actualidad\"}}]},{\"@type\":\"Organization\",\"@id\":\"https:\\\/\\\/www.eldigitaldeasturias.com\\\/noticias\\\/#organization\",\"name\":\"El Digital de Asturias\",\"description\":\"Hemeroteca\",\"url\":\"https:\\\/\\\/www.eldigitaldeasturias.com\\\/noticias\\\/\",\"email\":\"info@eldigitaldeasturias.com\",\"telephone\":\"+34652131393\",\"logo\":{\"@type\":\"ImageObject\",\"url\":\"https:\\\/\\\/www.eldigitaldeasturias.com\\\/noticias\\\/wp-content\\\/uploads\\\/2020\\\/12\\\/EDA.jpg\",\"@id\":\"https:\\\/\\\/www.eldigitaldeasturias.com\\\/noticias\\\/autonomos-lamentan-la-destruccion-de-9-000-empleos-por-cuenta-propia-en-2013\\\/#organizationLogo\"},\"image\":{\"@id\":\"https:\\\/\\\/www.eldigitaldeasturias.com\\\/noticias\\\/autonomos-lamentan-la-destruccion-de-9-000-empleos-por-cuenta-propia-en-2013\\\/#organizationLogo\"},\"sameAs\":[\"https:\\\/\\\/facebook.com\\\/eldigitaldeasturias\",\"https:\\\/\\\/www.youtube.com\\\/channel\\\/UCZP-2wLEB9Rv6erhFmqVnvg\"],\"address\":{\"@id\":\"https:\\\/\\\/www.eldigitaldeasturias.com\\\/noticias\\\/#postaladdress\",\"@type\":\"PostalAddress\",\"streetAddress\":\"san antonio 4\",\"postalCode\":\"33430\",\"addressLocality\":\"Cand\\u00e1s\",\"addressRegion\":\"Asturias\",\"addressCountry\":\"ES\"}},{\"@type\":\"Person\",\"@id\":\"https:\\\/\\\/www.eldigitaldeasturias.com\\\/noticias\\\/author\\\/admin\\\/#author\",\"url\":\"https:\\\/\\\/www.eldigitaldeasturias.com\\\/noticias\\\/author\\\/admin\\\/\",\"name\":\"El Digital de Asturias\",\"image\":{\"@type\":\"ImageObject\",\"@id\":\"https:\\\/\\\/www.eldigitaldeasturias.com\\\/noticias\\\/autonomos-lamentan-la-destruccion-de-9-000-empleos-por-cuenta-propia-en-2013\\\/#authorImage\",\"url\":\"https:\\\/\\\/secure.gravatar.com\\\/avatar\\\/df2aeffc32bcd13f8d26072ef8a91b623d677766deac7f97ca815868cd41bf5e?s=96&d=mm&r=g\",\"width\":96,\"height\":96,\"caption\":\"El Digital de Asturias\"}},{\"@type\":\"WebPage\",\"@id\":\"https:\\\/\\\/www.eldigitaldeasturias.com\\\/noticias\\\/autonomos-lamentan-la-destruccion-de-9-000-empleos-por-cuenta-propia-en-2013\\\/#webpage\",\"url\":\"https:\\\/\\\/www.eldigitaldeasturias.com\\\/noticias\\\/autonomos-lamentan-la-destruccion-de-9-000-empleos-por-cuenta-propia-en-2013\\\/\",\"name\":\"Aut\\u00f3nomos lamentan la destrucci\\u00f3n de 9.000 empleos por cuenta propia en 2013 - El Digital de Asturias\",\"description\":\"Madrid, 23 ene (EFE).- Las principales asociaciones de aut\\u00f3nomos han lamentado los datos aportados hoy en la Encuesta de Poblaci\\u00f3n Activa (EPA), que muestran que se han destruido 9.000 empleos por cuenta propia durante 2013. La Uni\\u00f3n de Profesionales y Trabajadores Aut\\u00f3nomos (UPTA) se ha lamentado de que, ni siquiera los trabajadores por cuenta propia,\",\"inLanguage\":\"es-ES\",\"isPartOf\":{\"@id\":\"https:\\\/\\\/www.eldigitaldeasturias.com\\\/noticias\\\/#website\"},\"breadcrumb\":{\"@id\":\"https:\\\/\\\/www.eldigitaldeasturias.com\\\/noticias\\\/autonomos-lamentan-la-destruccion-de-9-000-empleos-por-cuenta-propia-en-2013\\\/#breadcrumblist\"},\"author\":{\"@id\":\"https:\\\/\\\/www.eldigitaldeasturias.com\\\/noticias\\\/author\\\/admin\\\/#author\"},\"creator\":{\"@id\":\"https:\\\/\\\/www.eldigitaldeasturias.com\\\/noticias\\\/author\\\/admin\\\/#author\"},\"image\":{\"@type\":\"ImageObject\",\"url\":\"https:\\\/\\\/www.eldigitaldeasturias.com\\\/noticias\\\/wp-content\\\/uploads\\\/2026\\\/06\\\/Contenidos.jpg\",\"@id\":\"https:\\\/\\\/www.eldigitaldeasturias.com\\\/noticias\\\/autonomos-lamentan-la-destruccion-de-9-000-empleos-por-cuenta-propia-en-2013\\\/#mainImage\",\"width\":1265,\"height\":697,\"caption\":\"Contenidos\"},\"primaryImageOfPage\":{\"@id\":\"https:\\\/\\\/www.eldigitaldeasturias.com\\\/noticias\\\/autonomos-lamentan-la-destruccion-de-9-000-empleos-por-cuenta-propia-en-2013\\\/#mainImage\"},\"datePublished\":\"2014-01-24T04:12:25+01:00\",\"dateModified\":\"2014-01-24T04:12:25+01:00\"},{\"@type\":\"WebSite\",\"@id\":\"https:\\\/\\\/www.eldigitaldeasturias.com\\\/noticias\\\/#website\",\"url\":\"https:\\\/\\\/www.eldigitaldeasturias.com\\\/noticias\\\/\",\"name\":\"El Digital de Asturias - Diario de actualidad y noticias\",\"alternateName\":\"El Digital de Asturias - Diario de actualidad y noticias\",\"description\":\"Hemeroteca\",\"inLanguage\":\"es-ES\",\"publisher\":{\"@id\":\"https:\\\/\\\/www.eldigitaldeasturias.com\\\/noticias\\\/#organization\"}}]}\n\t\t<\/script>\n\t\t<!-- All in One SEO Pro -->\r\n\t\t<title>Aut\u00f3nomos lamentan la destrucci\u00f3n de 9.000 empleos por cuenta propia en 2013 - El Digital de Asturias<\/title>\n\n","aioseo_head_json":{"title":"Aut\u00f3nomos lamentan la destrucci\u00f3n de 9.000 empleos por cuenta propia en 2013 - El Digital de Asturias","description":"Madrid, 23 ene (EFE).- Las principales asociaciones de aut\u00f3nomos han lamentado los datos aportados hoy en la Encuesta de Poblaci\u00f3n Activa (EPA), que muestran que se han destruido 9.000 empleos por cuenta propia durante 2013. La Uni\u00f3n de Profesionales y Trabajadores Aut\u00f3nomos (UPTA) se ha lamentado de que, ni siquiera los trabajadores por cuenta propia,","canonical_url":"https:\/\/www.eldigitaldeasturias.com\/noticias\/autonomos-lamentan-la-destruccion-de-9-000-empleos-por-cuenta-propia-en-2013\/","robots":"max-image-preview:large","keywords":"actualidad","webmasterTools":{"google-site-verification":"UA-38556648-1","msvalidate.01":"7dfe9f3f1b24437ab69f4f2559babe99","miscellaneous":""},"schema":{"@context":"https:\/\/schema.org","@graph":[{"@type":"BlogPosting","@id":"https:\/\/www.eldigitaldeasturias.com\/noticias\/autonomos-lamentan-la-destruccion-de-9-000-empleos-por-cuenta-propia-en-2013\/#blogposting","name":"Aut\u00f3nomos lamentan la destrucci\u00f3n de 9.000 empleos por cuenta propia en 2013 - El Digital de Asturias","headline":"Aut\u00f3nomos lamentan la destrucci\u00f3n de 9.000 empleos por cuenta propia en 2013","author":{"@id":"https:\/\/www.eldigitaldeasturias.com\/noticias\/author\/admin\/#author"},"publisher":{"@id":"https:\/\/www.eldigitaldeasturias.com\/noticias\/#organization"},"image":{"@type":"ImageObject","url":"https:\/\/www.eldigitaldeasturias.com\/noticias\/wp-content\/uploads\/2026\/06\/Contenidos.jpg","width":1265,"height":697,"caption":"Contenidos"},"datePublished":"2014-01-24T04:12:25+01:00","dateModified":"2014-01-24T04:12:25+01:00","inLanguage":"es-ES","mainEntityOfPage":{"@id":"https:\/\/www.eldigitaldeasturias.com\/noticias\/autonomos-lamentan-la-destruccion-de-9-000-empleos-por-cuenta-propia-en-2013\/#webpage"},"isPartOf":{"@id":"https:\/\/www.eldigitaldeasturias.com\/noticias\/autonomos-lamentan-la-destruccion-de-9-000-empleos-por-cuenta-propia-en-2013\/#webpage"},"articleSection":"Actualidad"},{"@type":"BreadcrumbList","@id":"https:\/\/www.eldigitaldeasturias.com\/noticias\/autonomos-lamentan-la-destruccion-de-9-000-empleos-por-cuenta-propia-en-2013\/#breadcrumblist","itemListElement":[{"@type":"ListItem","@id":"https:\/\/www.eldigitaldeasturias.com\/noticias#listItem","position":1,"name":"Home","item":"https:\/\/www.eldigitaldeasturias.com\/noticias","nextItem":{"@type":"ListItem","@id":"https:\/\/www.eldigitaldeasturias.com\/noticias\/category\/actualidad\/#listItem","name":"Actualidad"}},{"@type":"ListItem","@id":"https:\/\/www.eldigitaldeasturias.com\/noticias\/category\/actualidad\/#listItem","position":2,"name":"Actualidad","item":"https:\/\/www.eldigitaldeasturias.com\/noticias\/category\/actualidad\/","nextItem":{"@type":"ListItem","@id":"https:\/\/www.eldigitaldeasturias.com\/noticias\/autonomos-lamentan-la-destruccion-de-9-000-empleos-por-cuenta-propia-en-2013\/#listItem","name":"Aut\u00f3nomos lamentan la destrucci\u00f3n de 9.000 empleos por cuenta propia en 2013"},"previousItem":{"@type":"ListItem","@id":"https:\/\/www.eldigitaldeasturias.com\/noticias#listItem","name":"Home"}},{"@type":"ListItem","@id":"https:\/\/www.eldigitaldeasturias.com\/noticias\/autonomos-lamentan-la-destruccion-de-9-000-empleos-por-cuenta-propia-en-2013\/#listItem","position":3,"name":"Aut\u00f3nomos lamentan la destrucci\u00f3n de 9.000 empleos por cuenta propia en 2013","previousItem":{"@type":"ListItem","@id":"https:\/\/www.eldigitaldeasturias.com\/noticias\/category\/actualidad\/#listItem","name":"Actualidad"}}]},{"@type":"Organization","@id":"https:\/\/www.eldigitaldeasturias.com\/noticias\/#organization","name":"El Digital de Asturias","description":"Hemeroteca","url":"https:\/\/www.eldigitaldeasturias.com\/noticias\/","email":"info@eldigitaldeasturias.com","telephone":"+34652131393","logo":{"@type":"ImageObject","url":"https:\/\/www.eldigitaldeasturias.com\/noticias\/wp-content\/uploads\/2020\/12\/EDA.jpg","@id":"https:\/\/www.eldigitaldeasturias.com\/noticias\/autonomos-lamentan-la-destruccion-de-9-000-empleos-por-cuenta-propia-en-2013\/#organizationLogo"},"image":{"@id":"https:\/\/www.eldigitaldeasturias.com\/noticias\/autonomos-lamentan-la-destruccion-de-9-000-empleos-por-cuenta-propia-en-2013\/#organizationLogo"},"sameAs":["https:\/\/facebook.com\/eldigitaldeasturias","https:\/\/www.youtube.com\/channel\/UCZP-2wLEB9Rv6erhFmqVnvg"],"address":{"@id":"https:\/\/www.eldigitaldeasturias.com\/noticias\/#postaladdress","@type":"PostalAddress","streetAddress":"san antonio 4","postalCode":"33430","addressLocality":"Cand\u00e1s","addressRegion":"Asturias","addressCountry":"ES"}},{"@type":"Person","@id":"https:\/\/www.eldigitaldeasturias.com\/noticias\/author\/admin\/#author","url":"https:\/\/www.eldigitaldeasturias.com\/noticias\/author\/admin\/","name":"El Digital de Asturias","image":{"@type":"ImageObject","@id":"https:\/\/www.eldigitaldeasturias.com\/noticias\/autonomos-lamentan-la-destruccion-de-9-000-empleos-por-cuenta-propia-en-2013\/#authorImage","url":"https:\/\/secure.gravatar.com\/avatar\/df2aeffc32bcd13f8d26072ef8a91b623d677766deac7f97ca815868cd41bf5e?s=96&d=mm&r=g","width":96,"height":96,"caption":"El Digital de Asturias"}},{"@type":"WebPage","@id":"https:\/\/www.eldigitaldeasturias.com\/noticias\/autonomos-lamentan-la-destruccion-de-9-000-empleos-por-cuenta-propia-en-2013\/#webpage","url":"https:\/\/www.eldigitaldeasturias.com\/noticias\/autonomos-lamentan-la-destruccion-de-9-000-empleos-por-cuenta-propia-en-2013\/","name":"Aut\u00f3nomos lamentan la destrucci\u00f3n de 9.000 empleos por cuenta propia en 2013 - El Digital de Asturias","description":"Madrid, 23 ene (EFE).- Las principales asociaciones de aut\u00f3nomos han lamentado los datos aportados hoy en la Encuesta de Poblaci\u00f3n Activa (EPA), que muestran que se han destruido 9.000 empleos por cuenta propia durante 2013. La Uni\u00f3n de Profesionales y Trabajadores Aut\u00f3nomos (UPTA) se ha lamentado de que, ni siquiera los trabajadores por cuenta propia,","inLanguage":"es-ES","isPartOf":{"@id":"https:\/\/www.eldigitaldeasturias.com\/noticias\/#website"},"breadcrumb":{"@id":"https:\/\/www.eldigitaldeasturias.com\/noticias\/autonomos-lamentan-la-destruccion-de-9-000-empleos-por-cuenta-propia-en-2013\/#breadcrumblist"},"author":{"@id":"https:\/\/www.eldigitaldeasturias.com\/noticias\/author\/admin\/#author"},"creator":{"@id":"https:\/\/www.eldigitaldeasturias.com\/noticias\/author\/admin\/#author"},"image":{"@type":"ImageObject","url":"https:\/\/www.eldigitaldeasturias.com\/noticias\/wp-content\/uploads\/2026\/06\/Contenidos.jpg","@id":"https:\/\/www.eldigitaldeasturias.com\/noticias\/autonomos-lamentan-la-destruccion-de-9-000-empleos-por-cuenta-propia-en-2013\/#mainImage","width":1265,"height":697,"caption":"Contenidos"},"primaryImageOfPage":{"@id":"https:\/\/www.eldigitaldeasturias.com\/noticias\/autonomos-lamentan-la-destruccion-de-9-000-empleos-por-cuenta-propia-en-2013\/#mainImage"},"datePublished":"2014-01-24T04:12:25+01:00","dateModified":"2014-01-24T04:12:25+01:00"},{"@type":"WebSite","@id":"https:\/\/www.eldigitaldeasturias.com\/noticias\/#website","url":"https:\/\/www.eldigitaldeasturias.com\/noticias\/","name":"El Digital de Asturias - Diario de actualidad y noticias","alternateName":"El Digital de Asturias - Diario de actualidad y noticias","description":"Hemeroteca","inLanguage":"es-ES","publisher":{"@id":"https:\/\/www.eldigitaldeasturias.com\/noticias\/#organization"}}]},"og:locale":"es_ES","og:site_name":"El Digital de Asturias","og:type":"article","og:title":"Aut\u00f3nomos lamentan la destrucci\u00f3n de 9.000 empleos por cuenta propia en 2013 - El Digital de Asturias","og:description":"Madrid, 23 ene (EFE).- Las principales asociaciones de aut\u00f3nomos han lamentado los datos aportados hoy en la Encuesta de Poblaci\u00f3n Activa (EPA), que muestran que se han destruido 9.000 empleos por cuenta propia durante 2013. La Uni\u00f3n de Profesionales y Trabajadores Aut\u00f3nomos (UPTA) se ha lamentado de que, ni siquiera los trabajadores por cuenta propia,","og:url":"https:\/\/www.eldigitaldeasturias.com\/noticias\/autonomos-lamentan-la-destruccion-de-9-000-empleos-por-cuenta-propia-en-2013\/","og:image":"https:\/\/www.eldigitaldeasturias.com\/noticias\/wp-content\/uploads\/2026\/06\/Contenidos.jpg","og:image:secure_url":"https:\/\/www.eldigitaldeasturias.com\/noticias\/wp-content\/uploads\/2026\/06\/Contenidos.jpg","og:image:width":1265,"og:image:height":697,"article:tag":["actualidad"],"article:published_time":"2014-01-24T05:12:25+00:00","article:modified_time":"2014-01-24T05:12:25+00:00","article:publisher":"https:\/\/facebook.com\/eldigitaldeasturias","twitter:card":"summary_large_image","twitter:title":"Aut\u00f3nomos lamentan la destrucci\u00f3n de 9.000 empleos por cuenta propia en 2013 - El Digital de Asturias","twitter:description":"Madrid, 23 ene (EFE).- Las principales asociaciones de aut\u00f3nomos han lamentado los datos aportados hoy en la Encuesta de Poblaci\u00f3n Activa (EPA), que muestran que se han destruido 9.000 empleos por cuenta propia durante 2013. La Uni\u00f3n de Profesionales y Trabajadores Aut\u00f3nomos (UPTA) se ha lamentado de que, ni siquiera los trabajadores por cuenta propia,","twitter:image":"https:\/\/www.eldigitaldeasturias.com\/noticias\/wp-content\/uploads\/2026\/06\/Contenidos.jpg","twitter:label1":"Escrito por","twitter:data1":"El Digital de Asturias","twitter:label2":"Tiempo de lectura estimado","twitter:data2":"2 minutos"},"aioseo_meta_data":{"post_id":"477816","title":null,"description":null,"keywords":null,"keyphrases":null,"primary_term":null,"canonical_url":null,"og_title":null,"og_description":null,"og_object_type":"default","og_image_type":"default","og_image_url":null,"og_image_width":null,"og_image_height":null,"og_image_custom_url":null,"og_image_custom_fields":null,"og_video":null,"og_custom_url":null,"og_article_section":null,"og_article_tags":null,"twitter_use_og":true,"twitter_card":"default","twitter_image_type":"default","twitter_image_url":null,"twitter_image_custom_url":null,"twitter_image_custom_fields":null,"twitter_title":null,"twitter_description":null,"schema":{"blockGraphs":[],"customGraphs":[],"default":{"data":{"Article":[],"Course":[],"Dataset":[],"FAQPage":[],"Movie":[],"Person":[],"Product":[],"ProductReview":[],"Car":[],"Recipe":[],"Service":[],"SoftwareApplication":[],"WebPage":[]},"graphName":"","isEnabled":true},"graphs":[],"defaultGraph":"","defaultPostTypeGraph":""},"schema_type":null,"schema_type_options":null,"pillar_content":false,"robots_default":true,"robots_noindex":false,"robots_noarchive":false,"robots_nosnippet":false,"robots_nofollow":false,"robots_noimageindex":false,"robots_noodp":false,"robots_notranslate":false,"robots_max_snippet":null,"robots_max_videopreview":null,"robots_max_imagepreview":"none","priority":null,"frequency":null,"local_seo":null,"seo_analyzer_scan_date":"2026-06-01 19:40:56","breadcrumb_settings":null,"limit_modified_date":false,"open_ai":null,"ai":null,"created":"2020-11-14 22:53:46","updated":"2026-06-01 19:40:56","focus_keyword":null,"additional_keywords":null,"truseo_locale":null},"aioseo_breadcrumb":"<div class=\"aioseo-breadcrumbs\"><span class=\"aioseo-breadcrumb\">\n\t<a href=\"https:\/\/www.eldigitaldeasturias.com\/noticias\" title=\"Home\">Home<\/a>\n<\/span><span class=\"aioseo-breadcrumb-separator\">\u2013<\/span><span class=\"aioseo-breadcrumb\">\n\t<a href=\"https:\/\/www.eldigitaldeasturias.com\/noticias\/category\/actualidad\/\" title=\"Actualidad\">Actualidad<\/a>\n<\/span><span class=\"aioseo-breadcrumb-separator\">\u2013<\/span><span class=\"aioseo-breadcrumb\">\n\t<a href=\"https:\/\/www.eldigitaldeasturias.com\/noticias\/autonomos-lamentan-la-destruccion-de-9-000-empleos-por-cuenta-propia-en-2013\/\" title=\"Aut\u00f3nomos lamentan la destrucci\u00f3n de 9.000 empleos por cuenta propia en 2013\">Aut\u00f3nomos lamentan la destrucci\u00f3n de 9.000 empleos por cuenta propia en 2013<\/a>\n<\/span><\/div>","aioseo_breadcrumb_json":[{"label":"Home","link":"https:\/\/www.eldigitaldeasturias.com\/noticias"},{"label":"Actualidad","link":"https:\/\/www.eldigitaldeasturias.com\/noticias\/category\/actualidad\/"},{"label":"Aut\u00f3nomos lamentan la destrucci\u00f3n de 9.000 empleos por cuenta propia en 2013","link":"https:\/\/www.eldigitaldeasturias.com\/noticias\/autonomos-lamentan-la-destruccion-de-9-000-empleos-por-cuenta-propia-en-2013\/"}],"_links":{"self":[{"href":"https:\/\/www.eldigitaldeasturias.com\/noticias\/wp-json\/wp\/v2\/posts\/477816","targetHints":{"allow":["GET"]}}],"collection":[{"href":"https:\/\/www.eldigitaldeasturias.com\/noticias\/wp-json\/wp\/v2\/posts"}],"about":[{"href":"https:\/\/www.eldigitaldeasturias.com\/noticias\/wp-json\/wp\/v2\/types\/post"}],"author":[{"embeddable":true,"href":"https:\/\/www.eldigitaldeasturias.com\/noticias\/wp-json\/wp\/v2\/users\/1"}],"replies":[{"embeddable":true,"href":"https:\/\/www.eldigitaldeasturias.com\/noticias\/wp-json\/wp\/v2\/comments?post=477816"}],"version-history":[{"count":0,"href":"https:\/\/www.eldigitaldeasturias.com\/noticias\/wp-json\/wp\/v2\/posts\/477816\/revisions"}],"wp:featuredmedia":[{"embeddable":true,"href":"https:\/\/www.eldigitaldeasturias.com\/noticias\/wp-json\/wp\/v2\/media\/1132184"}],"wp:attachment":[{"href":"https:\/\/www.eldigitaldeasturias.com\/noticias\/wp-json\/wp\/v2\/media?parent=477816"}],"wp:term":[{"taxonomy":"category","embeddable":true,"href":"https:\/\/www.eldigitaldeasturias.com\/noticias\/wp-json\/wp\/v2\/categories?post=477816"},{"taxonomy":"post_tag","embeddable":true,"href":"https:\/\/www.eldigitaldeasturias.com\/noticias\/wp-json\/wp\/v2\/tags?post=477816"}],"curies":[{"name":"wp","href":"https:\/\/api.w.org\/{rel}","templated":true}]}}