{"id":477804,"date":"2014-01-24T04:07:28","date_gmt":"2014-01-24T05:07:28","guid":{"rendered":"http:\/\/www.eldigitaldeasturias.com\/noticias\/?p=477804"},"modified":"2014-01-24T04:07:28","modified_gmt":"2014-01-24T05:07:28","slug":"el-cardenal-scherer-dice-no-tener-conocimiento-de-fraudes-en-la-entidad-vaticana","status":"publish","type":"post","link":"https:\/\/www.eldigitaldeasturias.com\/noticias\/el-cardenal-scherer-dice-no-tener-conocimiento-de-fraudes-en-la-entidad-vaticana\/","title":{"rendered":"El cardenal Scherer dice no tener conocimiento de fraudes en la entidad vaticana"},"content":{"rendered":"<p><img loading=\"lazy\" decoding=\"async\" class=\"alignleft size-medium wp-image-477805\" alt=\"5870684w\" src=\"https:\/\/www.eldigitaldeasturias.com\/noticias\/wp-content\/uploads\/2014\/01\/5870684w-360x240.jpg\" width=\"360\" height=\"240\" \/>Sao Paulo, 23 ene (EFE).- El cardenal brasile\u00f1o Odilo Scherer, sustituido recientemente por el papa Francisco de la comisi\u00f3n cardenalicia que vigila el banco vaticano, afirm\u00f3 en una entrevista a un diario de Brasil que no ten\u00eda conocimiento de fraudes o desv\u00edos de dinero en la entidad vaticana.<\/p>\n<p>\u00abNo tengo conocimiento (de actividades deshonestas). Lo que s\u00ed que se es que hay un control mucho m\u00e1s severo en cuanto a la apertura de cuentas, el movimiento de capitales\u00bb, afirm\u00f3 Scherer en una entrevista concedida al diario \u00abFolha de S.Paulo\u00bb.<\/p>\n<p>El pasado 15 de enero, el papa Francisco renov\u00f3 con nuevos miembros el mandato de la Comisi\u00f3n cardenalicia creada por Benedicto XVI para vigilar el Instituto para las Obras de Religi\u00f3n (IOR), el llamado banco vaticano, meses despu\u00e9s de los esc\u00e1ndalos financieros surgidos en el seno de la entidad.<\/p>\n<p>Scherer, arzobispo de Sao Paulo, dijo no sentirse sorprendido por la decisi\u00f3n del papa, pero lament\u00f3 que se haya realizado una asociaci\u00f3n \u00abinjustificada\u00bb entre los cambios llevados a cabo por el pont\u00edfice y los esc\u00e1ndalos de la Iglesia.<\/p>\n<p>\u00abCreo que fue hecha injustificadamente una asociaci\u00f3n entre una cosa y otra. Fue una decisi\u00f3n aut\u00f3noma y soberana del papa. No tengo nada que decir, s\u00f3lo agradecer. Estoy absolutamente tranquilo con los cambios. \u00c9stos est\u00e1n ocurriendo en toda la Santa Sede. Son absolutamente normales cuando hay cambios de Gobierno\u00bb, apunt\u00f3.<\/p>\n<p>Asegur\u00f3 que de lo que s\u00ed se sinti\u00f3 sorprendido fue de la \u00abfacilidad con que se deducen cosas a partir de informaciones totalmente sin veracidad\u00bb y a\u00f1adi\u00f3 que no es la primera vez en que se cuestiona el papel del IOR.<\/p>\n<p>\u00abHace unos a\u00f1os hubo una aprehensi\u00f3n de algunos millones de euros por el Banco Central de Italia. Despu\u00e9s la justicia liber\u00f3 el dinero porque no hab\u00eda irregularidad, era una venta de patrimonio. Lo triste es que se hizo alarde de que hubo lavado de dinero, de que el Ior estaba procediendo como para\u00edso fiscal\u00bb, precis\u00f3.<\/p>\n<p>Para el cardenal, ello no quiere decir que \u00abno hayan hechos\u00bb, pero, a su juicio, \u00abes preciso verificar\u00bb y \u00abes lo que est\u00e1 siendo hecho\u00bb.<\/p>\n<p>\u00abEl control sobre el IOR no est\u00e1 empezando ahora. El papa Bendicto XVI ya hab\u00eda bajado \u00f3rdenes para adecuar la gesti\u00f3n a las normas de transparencia, a las cuestiones de cuentas oscuras, de lavado de dinero. Es un esfuerzo que viene de m\u00e1s tiempo y que debe ser constante\u00bb, coment\u00f3.<\/p>\n<p>En su opini\u00f3n, \u00abdone hay dinero, hay tentaci\u00f3n\u00bb y \u00abla gesti\u00f3n de los recursos de la iglesia deber recibir atenci\u00f3n para que no haya ninguna deshonestidad\u00bb.<\/p>\n<p>Tambi\u00e9n este mes, el prelado italiano Nunzio Scarano, arrestado en junio por un delito de lavado de dinero, volvi\u00f3 a recibir una nueva orden de detenci\u00f3n domiciliaria por m\u00e1s cargos en relaci\u00f3n con las irregularidades cometidas en la gesti\u00f3n del IOR.<\/p>\n","protected":false},"excerpt":{"rendered":"<p>Sao Paulo, 23 ene (EFE).- El cardenal brasile\u00f1o Odilo Scherer, sustituido recientemente por el papa Francisco de la comisi\u00f3n cardenalicia que vigila el banco vaticano, afirm\u00f3 en una entrevista a un diario de Brasil que no ten\u00eda conocimiento de fraudes o desv\u00edos de dinero en la entidad vaticana. \u00abNo tengo conocimiento (de actividades deshonestas). Lo [&hellip;]<\/p>\n","protected":false},"author":1,"featured_media":1132184,"comment_status":"closed","ping_status":"open","sticky":false,"template":"","format":"standard","meta":{"footnotes":""},"categories":[1],"tags":[],"class_list":["post-477804","post","type-post","status-publish","format-standard","has-post-thumbnail","hentry","category-actualidad"],"aioseo_notices":[],"aioseo_head":"\n\t\t<!-- All in One SEO Pro 5.0.1 - aioseo.com -->\n\t<meta name=\"description\" content=\"Sao Paulo, 23 ene (EFE).- El cardenal brasile\u00f1o Odilo Scherer, sustituido recientemente por el papa Francisco de la comisi\u00f3n cardenalicia que vigila el banco vaticano, afirm\u00f3 en una entrevista a un diario de Brasil que no ten\u00eda conocimiento de fraudes o desv\u00edos de dinero en la entidad vaticana. &quot;No tengo conocimiento (de actividades deshonestas). Lo\" \/>\n\t<meta name=\"robots\" content=\"max-image-preview:large\" \/>\n\t<meta name=\"author\" content=\"El Digital de Asturias\"\/>\n\t<meta name=\"google-site-verification\" content=\"UA-38556648-1\" \/>\n\t<meta name=\"msvalidate.01\" content=\"7dfe9f3f1b24437ab69f4f2559babe99\" \/>\n\t<meta name=\"keywords\" content=\"actualidad\" \/>\n\t<link rel=\"canonical\" href=\"https:\/\/www.eldigitaldeasturias.com\/noticias\/el-cardenal-scherer-dice-no-tener-conocimiento-de-fraudes-en-la-entidad-vaticana\/\" \/>\n\t<meta name=\"generator\" content=\"All in One SEO Pro (AIOSEO) 5.0.1\" \/>\n\t\t<meta property=\"og:locale\" content=\"es_ES\" \/>\n\t\t<meta property=\"og:site_name\" content=\"El Digital de Asturias\" \/>\n\t\t<meta property=\"og:type\" content=\"article\" \/>\n\t\t<meta property=\"og:title\" content=\"El cardenal Scherer dice no tener conocimiento de fraudes en la entidad vaticana - El Digital de Asturias\" \/>\n\t\t<meta property=\"og:description\" content=\"Sao Paulo, 23 ene (EFE).- El cardenal brasile\u00f1o Odilo Scherer, sustituido recientemente por el papa Francisco de la comisi\u00f3n cardenalicia que vigila el banco vaticano, afirm\u00f3 en una entrevista a un diario de Brasil que no ten\u00eda conocimiento de fraudes o desv\u00edos de dinero en la entidad vaticana. &quot;No tengo conocimiento (de actividades deshonestas). Lo\" \/>\n\t\t<meta property=\"og:url\" content=\"https:\/\/www.eldigitaldeasturias.com\/noticias\/el-cardenal-scherer-dice-no-tener-conocimiento-de-fraudes-en-la-entidad-vaticana\/\" \/>\n\t\t<meta property=\"og:image\" content=\"https:\/\/www.eldigitaldeasturias.com\/noticias\/wp-content\/uploads\/2026\/06\/Contenidos.jpg\" \/>\n\t\t<meta property=\"og:image:secure_url\" content=\"https:\/\/www.eldigitaldeasturias.com\/noticias\/wp-content\/uploads\/2026\/06\/Contenidos.jpg\" \/>\n\t\t<meta property=\"og:image:width\" content=\"1265\" \/>\n\t\t<meta property=\"og:image:height\" content=\"697\" \/>\n\t\t<meta property=\"article:tag\" content=\"actualidad\" \/>\n\t\t<meta property=\"article:published_time\" content=\"2014-01-24T05:07:28+00:00\" \/>\n\t\t<meta property=\"article:modified_time\" content=\"2014-01-24T05:07:28+00:00\" \/>\n\t\t<meta property=\"article:publisher\" content=\"https:\/\/facebook.com\/eldigitaldeasturias\" \/>\n\t\t<meta name=\"twitter:card\" content=\"summary_large_image\" \/>\n\t\t<meta name=\"twitter:title\" content=\"El cardenal Scherer dice no tener conocimiento de fraudes en la entidad vaticana - El Digital de Asturias\" \/>\n\t\t<meta name=\"twitter:description\" content=\"Sao Paulo, 23 ene (EFE).- El cardenal brasile\u00f1o Odilo Scherer, sustituido recientemente por el papa Francisco de la comisi\u00f3n cardenalicia que vigila el banco vaticano, afirm\u00f3 en una entrevista a un diario de Brasil que no ten\u00eda conocimiento de fraudes o desv\u00edos de dinero en la entidad vaticana. &quot;No tengo conocimiento (de actividades deshonestas). Lo\" \/>\n\t\t<meta name=\"twitter:image\" content=\"https:\/\/www.eldigitaldeasturias.com\/noticias\/wp-content\/uploads\/2026\/06\/Contenidos.jpg\" \/>\n\t\t<meta name=\"twitter:label1\" content=\"Escrito por\" \/>\n\t\t<meta name=\"twitter:data1\" content=\"El Digital de Asturias\" \/>\n\t\t<meta name=\"twitter:label2\" content=\"Tiempo de lectura estimado\" \/>\n\t\t<meta name=\"twitter:data2\" content=\"3 minutos\" \/>\n\t\t<script type=\"application\/ld+json\" class=\"aioseo-schema\">\n\t\t\t{\"@context\":\"https:\\\/\\\/schema.org\",\"@graph\":[{\"@type\":\"BlogPosting\",\"@id\":\"https:\\\/\\\/www.eldigitaldeasturias.com\\\/noticias\\\/el-cardenal-scherer-dice-no-tener-conocimiento-de-fraudes-en-la-entidad-vaticana\\\/#blogposting\",\"name\":\"El cardenal Scherer dice no tener conocimiento de fraudes en la entidad vaticana - El Digital de Asturias\",\"headline\":\"El cardenal Scherer dice no tener conocimiento de fraudes en la entidad vaticana\",\"author\":{\"@id\":\"https:\\\/\\\/www.eldigitaldeasturias.com\\\/noticias\\\/author\\\/admin\\\/#author\"},\"publisher\":{\"@id\":\"https:\\\/\\\/www.eldigitaldeasturias.com\\\/noticias\\\/#organization\"},\"image\":{\"@type\":\"ImageObject\",\"url\":\"https:\\\/\\\/www.eldigitaldeasturias.com\\\/noticias\\\/wp-content\\\/uploads\\\/2026\\\/06\\\/Contenidos.jpg\",\"width\":1265,\"height\":697,\"caption\":\"Contenidos\"},\"datePublished\":\"2014-01-24T04:07:28+01:00\",\"dateModified\":\"2014-01-24T04:07:28+01:00\",\"inLanguage\":\"es-ES\",\"mainEntityOfPage\":{\"@id\":\"https:\\\/\\\/www.eldigitaldeasturias.com\\\/noticias\\\/el-cardenal-scherer-dice-no-tener-conocimiento-de-fraudes-en-la-entidad-vaticana\\\/#webpage\"},\"isPartOf\":{\"@id\":\"https:\\\/\\\/www.eldigitaldeasturias.com\\\/noticias\\\/el-cardenal-scherer-dice-no-tener-conocimiento-de-fraudes-en-la-entidad-vaticana\\\/#webpage\"},\"articleSection\":\"Actualidad\"},{\"@type\":\"BreadcrumbList\",\"@id\":\"https:\\\/\\\/www.eldigitaldeasturias.com\\\/noticias\\\/el-cardenal-scherer-dice-no-tener-conocimiento-de-fraudes-en-la-entidad-vaticana\\\/#breadcrumblist\",\"itemListElement\":[{\"@type\":\"ListItem\",\"@id\":\"https:\\\/\\\/www.eldigitaldeasturias.com\\\/noticias#listItem\",\"position\":1,\"name\":\"Home\",\"item\":\"https:\\\/\\\/www.eldigitaldeasturias.com\\\/noticias\",\"nextItem\":{\"@type\":\"ListItem\",\"@id\":\"https:\\\/\\\/www.eldigitaldeasturias.com\\\/noticias\\\/category\\\/actualidad\\\/#listItem\",\"name\":\"Actualidad\"}},{\"@type\":\"ListItem\",\"@id\":\"https:\\\/\\\/www.eldigitaldeasturias.com\\\/noticias\\\/category\\\/actualidad\\\/#listItem\",\"position\":2,\"name\":\"Actualidad\",\"item\":\"https:\\\/\\\/www.eldigitaldeasturias.com\\\/noticias\\\/category\\\/actualidad\\\/\",\"nextItem\":{\"@type\":\"ListItem\",\"@id\":\"https:\\\/\\\/www.eldigitaldeasturias.com\\\/noticias\\\/el-cardenal-scherer-dice-no-tener-conocimiento-de-fraudes-en-la-entidad-vaticana\\\/#listItem\",\"name\":\"El cardenal Scherer dice no tener conocimiento de fraudes en la entidad vaticana\"},\"previousItem\":{\"@type\":\"ListItem\",\"@id\":\"https:\\\/\\\/www.eldigitaldeasturias.com\\\/noticias#listItem\",\"name\":\"Home\"}},{\"@type\":\"ListItem\",\"@id\":\"https:\\\/\\\/www.eldigitaldeasturias.com\\\/noticias\\\/el-cardenal-scherer-dice-no-tener-conocimiento-de-fraudes-en-la-entidad-vaticana\\\/#listItem\",\"position\":3,\"name\":\"El cardenal Scherer dice no tener conocimiento de fraudes en la entidad vaticana\",\"previousItem\":{\"@type\":\"ListItem\",\"@id\":\"https:\\\/\\\/www.eldigitaldeasturias.com\\\/noticias\\\/category\\\/actualidad\\\/#listItem\",\"name\":\"Actualidad\"}}]},{\"@type\":\"Organization\",\"@id\":\"https:\\\/\\\/www.eldigitaldeasturias.com\\\/noticias\\\/#organization\",\"name\":\"El Digital de Asturias\",\"description\":\"Hemeroteca\",\"url\":\"https:\\\/\\\/www.eldigitaldeasturias.com\\\/noticias\\\/\",\"email\":\"info@eldigitaldeasturias.com\",\"telephone\":\"+34652131393\",\"logo\":{\"@type\":\"ImageObject\",\"url\":\"https:\\\/\\\/www.eldigitaldeasturias.com\\\/noticias\\\/wp-content\\\/uploads\\\/2020\\\/12\\\/EDA.jpg\",\"@id\":\"https:\\\/\\\/www.eldigitaldeasturias.com\\\/noticias\\\/el-cardenal-scherer-dice-no-tener-conocimiento-de-fraudes-en-la-entidad-vaticana\\\/#organizationLogo\"},\"image\":{\"@id\":\"https:\\\/\\\/www.eldigitaldeasturias.com\\\/noticias\\\/el-cardenal-scherer-dice-no-tener-conocimiento-de-fraudes-en-la-entidad-vaticana\\\/#organizationLogo\"},\"sameAs\":[\"https:\\\/\\\/facebook.com\\\/eldigitaldeasturias\",\"https:\\\/\\\/www.youtube.com\\\/channel\\\/UCZP-2wLEB9Rv6erhFmqVnvg\"],\"address\":{\"@id\":\"https:\\\/\\\/www.eldigitaldeasturias.com\\\/noticias\\\/#postaladdress\",\"@type\":\"PostalAddress\",\"streetAddress\":\"san antonio 4\",\"postalCode\":\"33430\",\"addressLocality\":\"Cand\\u00e1s\",\"addressRegion\":\"Asturias\",\"addressCountry\":\"ES\"}},{\"@type\":\"Person\",\"@id\":\"https:\\\/\\\/www.eldigitaldeasturias.com\\\/noticias\\\/author\\\/admin\\\/#author\",\"url\":\"https:\\\/\\\/www.eldigitaldeasturias.com\\\/noticias\\\/author\\\/admin\\\/\",\"name\":\"El Digital de Asturias\",\"image\":{\"@type\":\"ImageObject\",\"@id\":\"https:\\\/\\\/www.eldigitaldeasturias.com\\\/noticias\\\/el-cardenal-scherer-dice-no-tener-conocimiento-de-fraudes-en-la-entidad-vaticana\\\/#authorImage\",\"url\":\"https:\\\/\\\/secure.gravatar.com\\\/avatar\\\/df2aeffc32bcd13f8d26072ef8a91b623d677766deac7f97ca815868cd41bf5e?s=96&d=mm&r=g\",\"width\":96,\"height\":96,\"caption\":\"El Digital de Asturias\"}},{\"@type\":\"WebPage\",\"@id\":\"https:\\\/\\\/www.eldigitaldeasturias.com\\\/noticias\\\/el-cardenal-scherer-dice-no-tener-conocimiento-de-fraudes-en-la-entidad-vaticana\\\/#webpage\",\"url\":\"https:\\\/\\\/www.eldigitaldeasturias.com\\\/noticias\\\/el-cardenal-scherer-dice-no-tener-conocimiento-de-fraudes-en-la-entidad-vaticana\\\/\",\"name\":\"El cardenal Scherer dice no tener conocimiento de fraudes en la entidad vaticana - El Digital de Asturias\",\"description\":\"Sao Paulo, 23 ene (EFE).- El cardenal brasile\\u00f1o Odilo Scherer, sustituido recientemente por el papa Francisco de la comisi\\u00f3n cardenalicia que vigila el banco vaticano, afirm\\u00f3 en una entrevista a un diario de Brasil que no ten\\u00eda conocimiento de fraudes o desv\\u00edos de dinero en la entidad vaticana. \\\"No tengo conocimiento (de actividades deshonestas). Lo\",\"inLanguage\":\"es-ES\",\"isPartOf\":{\"@id\":\"https:\\\/\\\/www.eldigitaldeasturias.com\\\/noticias\\\/#website\"},\"breadcrumb\":{\"@id\":\"https:\\\/\\\/www.eldigitaldeasturias.com\\\/noticias\\\/el-cardenal-scherer-dice-no-tener-conocimiento-de-fraudes-en-la-entidad-vaticana\\\/#breadcrumblist\"},\"author\":{\"@id\":\"https:\\\/\\\/www.eldigitaldeasturias.com\\\/noticias\\\/author\\\/admin\\\/#author\"},\"creator\":{\"@id\":\"https:\\\/\\\/www.eldigitaldeasturias.com\\\/noticias\\\/author\\\/admin\\\/#author\"},\"image\":{\"@type\":\"ImageObject\",\"url\":\"https:\\\/\\\/www.eldigitaldeasturias.com\\\/noticias\\\/wp-content\\\/uploads\\\/2026\\\/06\\\/Contenidos.jpg\",\"@id\":\"https:\\\/\\\/www.eldigitaldeasturias.com\\\/noticias\\\/el-cardenal-scherer-dice-no-tener-conocimiento-de-fraudes-en-la-entidad-vaticana\\\/#mainImage\",\"width\":1265,\"height\":697,\"caption\":\"Contenidos\"},\"primaryImageOfPage\":{\"@id\":\"https:\\\/\\\/www.eldigitaldeasturias.com\\\/noticias\\\/el-cardenal-scherer-dice-no-tener-conocimiento-de-fraudes-en-la-entidad-vaticana\\\/#mainImage\"},\"datePublished\":\"2014-01-24T04:07:28+01:00\",\"dateModified\":\"2014-01-24T04:07:28+01:00\"},{\"@type\":\"WebSite\",\"@id\":\"https:\\\/\\\/www.eldigitaldeasturias.com\\\/noticias\\\/#website\",\"url\":\"https:\\\/\\\/www.eldigitaldeasturias.com\\\/noticias\\\/\",\"name\":\"El Digital de Asturias - Diario de actualidad y noticias\",\"alternateName\":\"El Digital de Asturias - Diario de actualidad y noticias\",\"description\":\"Hemeroteca\",\"inLanguage\":\"es-ES\",\"publisher\":{\"@id\":\"https:\\\/\\\/www.eldigitaldeasturias.com\\\/noticias\\\/#organization\"}}]}\n\t\t<\/script>\n\t\t<!-- All in One SEO Pro -->\r\n\t\t<title>El cardenal Scherer dice no tener conocimiento de fraudes en la entidad vaticana - El Digital de Asturias<\/title>\n\n","aioseo_head_json":{"title":"El cardenal Scherer dice no tener conocimiento de fraudes en la entidad vaticana - El Digital de Asturias","description":"Sao Paulo, 23 ene (EFE).- El cardenal brasile\u00f1o Odilo Scherer, sustituido recientemente por el papa Francisco de la comisi\u00f3n cardenalicia que vigila el banco vaticano, afirm\u00f3 en una entrevista a un diario de Brasil que no ten\u00eda conocimiento de fraudes o desv\u00edos de dinero en la entidad vaticana. \"No tengo conocimiento (de actividades deshonestas). Lo","canonical_url":"https:\/\/www.eldigitaldeasturias.com\/noticias\/el-cardenal-scherer-dice-no-tener-conocimiento-de-fraudes-en-la-entidad-vaticana\/","robots":"max-image-preview:large","keywords":"actualidad","webmasterTools":{"google-site-verification":"UA-38556648-1","msvalidate.01":"7dfe9f3f1b24437ab69f4f2559babe99","miscellaneous":""},"schema":{"@context":"https:\/\/schema.org","@graph":[{"@type":"BlogPosting","@id":"https:\/\/www.eldigitaldeasturias.com\/noticias\/el-cardenal-scherer-dice-no-tener-conocimiento-de-fraudes-en-la-entidad-vaticana\/#blogposting","name":"El cardenal Scherer dice no tener conocimiento de fraudes en la entidad vaticana - El Digital de Asturias","headline":"El cardenal Scherer dice no tener conocimiento de fraudes en la entidad vaticana","author":{"@id":"https:\/\/www.eldigitaldeasturias.com\/noticias\/author\/admin\/#author"},"publisher":{"@id":"https:\/\/www.eldigitaldeasturias.com\/noticias\/#organization"},"image":{"@type":"ImageObject","url":"https:\/\/www.eldigitaldeasturias.com\/noticias\/wp-content\/uploads\/2026\/06\/Contenidos.jpg","width":1265,"height":697,"caption":"Contenidos"},"datePublished":"2014-01-24T04:07:28+01:00","dateModified":"2014-01-24T04:07:28+01:00","inLanguage":"es-ES","mainEntityOfPage":{"@id":"https:\/\/www.eldigitaldeasturias.com\/noticias\/el-cardenal-scherer-dice-no-tener-conocimiento-de-fraudes-en-la-entidad-vaticana\/#webpage"},"isPartOf":{"@id":"https:\/\/www.eldigitaldeasturias.com\/noticias\/el-cardenal-scherer-dice-no-tener-conocimiento-de-fraudes-en-la-entidad-vaticana\/#webpage"},"articleSection":"Actualidad"},{"@type":"BreadcrumbList","@id":"https:\/\/www.eldigitaldeasturias.com\/noticias\/el-cardenal-scherer-dice-no-tener-conocimiento-de-fraudes-en-la-entidad-vaticana\/#breadcrumblist","itemListElement":[{"@type":"ListItem","@id":"https:\/\/www.eldigitaldeasturias.com\/noticias#listItem","position":1,"name":"Home","item":"https:\/\/www.eldigitaldeasturias.com\/noticias","nextItem":{"@type":"ListItem","@id":"https:\/\/www.eldigitaldeasturias.com\/noticias\/category\/actualidad\/#listItem","name":"Actualidad"}},{"@type":"ListItem","@id":"https:\/\/www.eldigitaldeasturias.com\/noticias\/category\/actualidad\/#listItem","position":2,"name":"Actualidad","item":"https:\/\/www.eldigitaldeasturias.com\/noticias\/category\/actualidad\/","nextItem":{"@type":"ListItem","@id":"https:\/\/www.eldigitaldeasturias.com\/noticias\/el-cardenal-scherer-dice-no-tener-conocimiento-de-fraudes-en-la-entidad-vaticana\/#listItem","name":"El cardenal Scherer dice no tener conocimiento de fraudes en la entidad vaticana"},"previousItem":{"@type":"ListItem","@id":"https:\/\/www.eldigitaldeasturias.com\/noticias#listItem","name":"Home"}},{"@type":"ListItem","@id":"https:\/\/www.eldigitaldeasturias.com\/noticias\/el-cardenal-scherer-dice-no-tener-conocimiento-de-fraudes-en-la-entidad-vaticana\/#listItem","position":3,"name":"El cardenal Scherer dice no tener conocimiento de fraudes en la entidad vaticana","previousItem":{"@type":"ListItem","@id":"https:\/\/www.eldigitaldeasturias.com\/noticias\/category\/actualidad\/#listItem","name":"Actualidad"}}]},{"@type":"Organization","@id":"https:\/\/www.eldigitaldeasturias.com\/noticias\/#organization","name":"El Digital de Asturias","description":"Hemeroteca","url":"https:\/\/www.eldigitaldeasturias.com\/noticias\/","email":"info@eldigitaldeasturias.com","telephone":"+34652131393","logo":{"@type":"ImageObject","url":"https:\/\/www.eldigitaldeasturias.com\/noticias\/wp-content\/uploads\/2020\/12\/EDA.jpg","@id":"https:\/\/www.eldigitaldeasturias.com\/noticias\/el-cardenal-scherer-dice-no-tener-conocimiento-de-fraudes-en-la-entidad-vaticana\/#organizationLogo"},"image":{"@id":"https:\/\/www.eldigitaldeasturias.com\/noticias\/el-cardenal-scherer-dice-no-tener-conocimiento-de-fraudes-en-la-entidad-vaticana\/#organizationLogo"},"sameAs":["https:\/\/facebook.com\/eldigitaldeasturias","https:\/\/www.youtube.com\/channel\/UCZP-2wLEB9Rv6erhFmqVnvg"],"address":{"@id":"https:\/\/www.eldigitaldeasturias.com\/noticias\/#postaladdress","@type":"PostalAddress","streetAddress":"san antonio 4","postalCode":"33430","addressLocality":"Cand\u00e1s","addressRegion":"Asturias","addressCountry":"ES"}},{"@type":"Person","@id":"https:\/\/www.eldigitaldeasturias.com\/noticias\/author\/admin\/#author","url":"https:\/\/www.eldigitaldeasturias.com\/noticias\/author\/admin\/","name":"El Digital de Asturias","image":{"@type":"ImageObject","@id":"https:\/\/www.eldigitaldeasturias.com\/noticias\/el-cardenal-scherer-dice-no-tener-conocimiento-de-fraudes-en-la-entidad-vaticana\/#authorImage","url":"https:\/\/secure.gravatar.com\/avatar\/df2aeffc32bcd13f8d26072ef8a91b623d677766deac7f97ca815868cd41bf5e?s=96&d=mm&r=g","width":96,"height":96,"caption":"El Digital de Asturias"}},{"@type":"WebPage","@id":"https:\/\/www.eldigitaldeasturias.com\/noticias\/el-cardenal-scherer-dice-no-tener-conocimiento-de-fraudes-en-la-entidad-vaticana\/#webpage","url":"https:\/\/www.eldigitaldeasturias.com\/noticias\/el-cardenal-scherer-dice-no-tener-conocimiento-de-fraudes-en-la-entidad-vaticana\/","name":"El cardenal Scherer dice no tener conocimiento de fraudes en la entidad vaticana - El Digital de Asturias","description":"Sao Paulo, 23 ene (EFE).- El cardenal brasile\u00f1o Odilo Scherer, sustituido recientemente por el papa Francisco de la comisi\u00f3n cardenalicia que vigila el banco vaticano, afirm\u00f3 en una entrevista a un diario de Brasil que no ten\u00eda conocimiento de fraudes o desv\u00edos de dinero en la entidad vaticana. \"No tengo conocimiento (de actividades deshonestas). Lo","inLanguage":"es-ES","isPartOf":{"@id":"https:\/\/www.eldigitaldeasturias.com\/noticias\/#website"},"breadcrumb":{"@id":"https:\/\/www.eldigitaldeasturias.com\/noticias\/el-cardenal-scherer-dice-no-tener-conocimiento-de-fraudes-en-la-entidad-vaticana\/#breadcrumblist"},"author":{"@id":"https:\/\/www.eldigitaldeasturias.com\/noticias\/author\/admin\/#author"},"creator":{"@id":"https:\/\/www.eldigitaldeasturias.com\/noticias\/author\/admin\/#author"},"image":{"@type":"ImageObject","url":"https:\/\/www.eldigitaldeasturias.com\/noticias\/wp-content\/uploads\/2026\/06\/Contenidos.jpg","@id":"https:\/\/www.eldigitaldeasturias.com\/noticias\/el-cardenal-scherer-dice-no-tener-conocimiento-de-fraudes-en-la-entidad-vaticana\/#mainImage","width":1265,"height":697,"caption":"Contenidos"},"primaryImageOfPage":{"@id":"https:\/\/www.eldigitaldeasturias.com\/noticias\/el-cardenal-scherer-dice-no-tener-conocimiento-de-fraudes-en-la-entidad-vaticana\/#mainImage"},"datePublished":"2014-01-24T04:07:28+01:00","dateModified":"2014-01-24T04:07:28+01:00"},{"@type":"WebSite","@id":"https:\/\/www.eldigitaldeasturias.com\/noticias\/#website","url":"https:\/\/www.eldigitaldeasturias.com\/noticias\/","name":"El Digital de Asturias - Diario de actualidad y noticias","alternateName":"El Digital de Asturias - Diario de actualidad y noticias","description":"Hemeroteca","inLanguage":"es-ES","publisher":{"@id":"https:\/\/www.eldigitaldeasturias.com\/noticias\/#organization"}}]},"og:locale":"es_ES","og:site_name":"El Digital de Asturias","og:type":"article","og:title":"El cardenal Scherer dice no tener conocimiento de fraudes en la entidad vaticana - El Digital de Asturias","og:description":"Sao Paulo, 23 ene (EFE).- El cardenal brasile\u00f1o Odilo Scherer, sustituido recientemente por el papa Francisco de la comisi\u00f3n cardenalicia que vigila el banco vaticano, afirm\u00f3 en una entrevista a un diario de Brasil que no ten\u00eda conocimiento de fraudes o desv\u00edos de dinero en la entidad vaticana. &quot;No tengo conocimiento (de actividades deshonestas). Lo","og:url":"https:\/\/www.eldigitaldeasturias.com\/noticias\/el-cardenal-scherer-dice-no-tener-conocimiento-de-fraudes-en-la-entidad-vaticana\/","og:image":"https:\/\/www.eldigitaldeasturias.com\/noticias\/wp-content\/uploads\/2026\/06\/Contenidos.jpg","og:image:secure_url":"https:\/\/www.eldigitaldeasturias.com\/noticias\/wp-content\/uploads\/2026\/06\/Contenidos.jpg","og:image:width":1265,"og:image:height":697,"article:tag":["actualidad"],"article:published_time":"2014-01-24T05:07:28+00:00","article:modified_time":"2014-01-24T05:07:28+00:00","article:publisher":"https:\/\/facebook.com\/eldigitaldeasturias","twitter:card":"summary_large_image","twitter:title":"El cardenal Scherer dice no tener conocimiento de fraudes en la entidad vaticana - El Digital de Asturias","twitter:description":"Sao Paulo, 23 ene (EFE).- El cardenal brasile\u00f1o Odilo Scherer, sustituido recientemente por el papa Francisco de la comisi\u00f3n cardenalicia que vigila el banco vaticano, afirm\u00f3 en una entrevista a un diario de Brasil que no ten\u00eda conocimiento de fraudes o desv\u00edos de dinero en la entidad vaticana. &quot;No tengo conocimiento (de actividades deshonestas). Lo","twitter:image":"https:\/\/www.eldigitaldeasturias.com\/noticias\/wp-content\/uploads\/2026\/06\/Contenidos.jpg","twitter:label1":"Escrito por","twitter:data1":"El Digital de Asturias","twitter:label2":"Tiempo de lectura estimado","twitter:data2":"3 minutos"},"aioseo_meta_data":{"post_id":"477804","title":null,"description":null,"keywords":null,"keyphrases":null,"primary_term":null,"canonical_url":null,"og_title":null,"og_description":null,"og_object_type":"default","og_image_type":"default","og_image_url":null,"og_image_width":null,"og_image_height":null,"og_image_custom_url":null,"og_image_custom_fields":null,"og_video":null,"og_custom_url":null,"og_article_section":null,"og_article_tags":null,"twitter_use_og":true,"twitter_card":"default","twitter_image_type":"default","twitter_image_url":null,"twitter_image_custom_url":null,"twitter_image_custom_fields":null,"twitter_title":null,"twitter_description":null,"schema":{"blockGraphs":[],"customGraphs":[],"default":{"data":{"Article":[],"Course":[],"Dataset":[],"FAQPage":[],"Movie":[],"Person":[],"Product":[],"ProductReview":[],"Car":[],"Recipe":[],"Service":[],"SoftwareApplication":[],"WebPage":[]},"graphName":"","isEnabled":true},"graphs":[],"defaultGraph":"","defaultPostTypeGraph":""},"schema_type":null,"schema_type_options":null,"pillar_content":false,"robots_default":true,"robots_noindex":false,"robots_noarchive":false,"robots_nosnippet":false,"robots_nofollow":false,"robots_noimageindex":false,"robots_noodp":false,"robots_notranslate":false,"robots_max_snippet":null,"robots_max_videopreview":null,"robots_max_imagepreview":"none","priority":null,"frequency":null,"local_seo":null,"seo_analyzer_scan_date":"2026-06-01 19:38:51","breadcrumb_settings":null,"limit_modified_date":false,"open_ai":null,"ai":null,"created":"2020-11-14 22:53:46","updated":"2026-06-01 19:38:51","focus_keyword":null,"additional_keywords":null,"truseo_locale":null},"aioseo_breadcrumb":"<div class=\"aioseo-breadcrumbs\"><span class=\"aioseo-breadcrumb\">\n\t<a href=\"https:\/\/www.eldigitaldeasturias.com\/noticias\" title=\"Home\">Home<\/a>\n<\/span><span class=\"aioseo-breadcrumb-separator\">\u2013<\/span><span class=\"aioseo-breadcrumb\">\n\t<a href=\"https:\/\/www.eldigitaldeasturias.com\/noticias\/category\/actualidad\/\" title=\"Actualidad\">Actualidad<\/a>\n<\/span><span class=\"aioseo-breadcrumb-separator\">\u2013<\/span><span class=\"aioseo-breadcrumb\">\n\t<a href=\"https:\/\/www.eldigitaldeasturias.com\/noticias\/el-cardenal-scherer-dice-no-tener-conocimiento-de-fraudes-en-la-entidad-vaticana\/\" title=\"El cardenal Scherer dice no tener conocimiento de fraudes en la entidad vaticana\">El cardenal Scherer dice no tener conocimiento de fraudes en la entidad vaticana<\/a>\n<\/span><\/div>","aioseo_breadcrumb_json":[{"label":"Home","link":"https:\/\/www.eldigitaldeasturias.com\/noticias"},{"label":"Actualidad","link":"https:\/\/www.eldigitaldeasturias.com\/noticias\/category\/actualidad\/"},{"label":"El cardenal Scherer dice no tener conocimiento de fraudes en la entidad vaticana","link":"https:\/\/www.eldigitaldeasturias.com\/noticias\/el-cardenal-scherer-dice-no-tener-conocimiento-de-fraudes-en-la-entidad-vaticana\/"}],"_links":{"self":[{"href":"https:\/\/www.eldigitaldeasturias.com\/noticias\/wp-json\/wp\/v2\/posts\/477804","targetHints":{"allow":["GET"]}}],"collection":[{"href":"https:\/\/www.eldigitaldeasturias.com\/noticias\/wp-json\/wp\/v2\/posts"}],"about":[{"href":"https:\/\/www.eldigitaldeasturias.com\/noticias\/wp-json\/wp\/v2\/types\/post"}],"author":[{"embeddable":true,"href":"https:\/\/www.eldigitaldeasturias.com\/noticias\/wp-json\/wp\/v2\/users\/1"}],"replies":[{"embeddable":true,"href":"https:\/\/www.eldigitaldeasturias.com\/noticias\/wp-json\/wp\/v2\/comments?post=477804"}],"version-history":[{"count":0,"href":"https:\/\/www.eldigitaldeasturias.com\/noticias\/wp-json\/wp\/v2\/posts\/477804\/revisions"}],"wp:featuredmedia":[{"embeddable":true,"href":"https:\/\/www.eldigitaldeasturias.com\/noticias\/wp-json\/wp\/v2\/media\/1132184"}],"wp:attachment":[{"href":"https:\/\/www.eldigitaldeasturias.com\/noticias\/wp-json\/wp\/v2\/media?parent=477804"}],"wp:term":[{"taxonomy":"category","embeddable":true,"href":"https:\/\/www.eldigitaldeasturias.com\/noticias\/wp-json\/wp\/v2\/categories?post=477804"},{"taxonomy":"post_tag","embeddable":true,"href":"https:\/\/www.eldigitaldeasturias.com\/noticias\/wp-json\/wp\/v2\/tags?post=477804"}],"curies":[{"name":"wp","href":"https:\/\/api.w.org\/{rel}","templated":true}]}}