{"id":477788,"date":"2014-01-24T04:01:17","date_gmt":"2014-01-24T05:01:17","guid":{"rendered":"http:\/\/www.eldigitaldeasturias.com\/noticias\/?p=477788"},"modified":"2014-01-24T04:01:17","modified_gmt":"2014-01-24T05:01:17","slug":"wert-afirma-que-la-comision-europea-ha-bendecido-la-estrategia-de-espana-en-erasmus","status":"publish","type":"post","link":"https:\/\/www.eldigitaldeasturias.com\/noticias\/wert-afirma-que-la-comision-europea-ha-bendecido-la-estrategia-de-espana-en-erasmus\/","title":{"rendered":"Wert afirma que la Comisi\u00f3n Europea ha \u00abbendecido\u00bb la estrategia de Espa\u00f1a en Erasmus"},"content":{"rendered":"<p><img loading=\"lazy\" decoding=\"async\" class=\"alignleft size-medium wp-image-477789\" alt=\"5870659w\" src=\"https:\/\/www.eldigitaldeasturias.com\/noticias\/wp-content\/uploads\/2014\/01\/5870659w-360x239.jpg\" width=\"360\" height=\"239\" \/>M\u00e1laga, 23 ene (EFE).- El ministro de Educaci\u00f3n, Cultura y Deporte, Jos\u00e9 Ignacio Wert, ha destacado hoy que la Comisi\u00f3n Europea ha \u00abaprobado, validado y bendecido las estrategias\u00bb que el Gobierno espa\u00f1ol est\u00e1 siguiendo en el programa Erasmus, para el que considera que se ha encontrado \u00abla mejor soluci\u00f3n posible\u00bb.<\/p>\n<p>Wert, que ha asistido a un almuerzo del C\u00edrculo Mercantil de M\u00e1laga, ha resaltado a los periodistas que \u00abla contribuci\u00f3n espa\u00f1ola, la cofinanciaci\u00f3n con cargo a los Presupuestos del Estado, y as\u00ed va a ser tambi\u00e9n en este ejercicio, es la m\u00e1s alta de todos los pa\u00edses de la UE\u00bb.<\/p>\n<p>Ha a\u00f1adido que, \u00abevidentemente, ante una situaci\u00f3n como la que hay en Espa\u00f1a con exigencias de consolidaci\u00f3n fiscal como las que hay, mantener el n\u00famero de beneficiarios del programa Erasmus tiene que hacerse sobre la base de reducir la duraci\u00f3n de las estancias, que por otra parte es exactamente la duraci\u00f3n que tienen las estancias en todos los pa\u00edses europeos\u00bb.<\/p>\n<p>El titular de Educaci\u00f3n ha apuntado asimismo que \u00abhay la posibilidad de flexibilizar esa duraci\u00f3n sobre la base de la utilizaci\u00f3n de los fondos, que se han m\u00e1s que doblado, que se ponen a disposici\u00f3n de las universidades para la administraci\u00f3n del programa Erasmus, de tal forma que todo se puede acomodar\u00bb.<\/p>\n<p>\u00abCreo que hemos encontrado, y as\u00ed lo ha reconocido expl\u00edcitamente la Comisi\u00f3n Europea, la mejor soluci\u00f3n posible, y vamos a conseguir que en la pr\u00f3xima convocatoria haya tantos estudiantes espa\u00f1oles de Erasmus como ha habido en la \u00faltima\u00bb, ha insistido el ministro.<\/p>\n<p>Al pregunt\u00e1rsele si se siente aliviado al haber cedido el protagonismo en las \u00faltimas semanas al ministro de Justicia, Alberto Ruiz-Gallard\u00f3n, Wert ha asegurado que tiene \u00abla m\u00e1xima solidaridad\u00bb con todos sus \u00abcompa\u00f1eros de gabinete\u00bb.<\/p>\n<p>\u00abEsto de que nos pasamos unos a otros la presi\u00f3n como los defensas no es as\u00ed, y todos somos solidarios con el trabajo de todos\u00bb, ha reiterado el ministro de Educaci\u00f3n, Cultura y Deporte.<\/p>\n","protected":false},"excerpt":{"rendered":"<p>M\u00e1laga, 23 ene (EFE).- El ministro de Educaci\u00f3n, Cultura y Deporte, Jos\u00e9 Ignacio Wert, ha destacado hoy que la Comisi\u00f3n Europea ha \u00abaprobado, validado y bendecido las estrategias\u00bb que el Gobierno espa\u00f1ol est\u00e1 siguiendo en el programa Erasmus, para el que considera que se ha encontrado \u00abla mejor soluci\u00f3n posible\u00bb. Wert, que ha asistido a [&hellip;]<\/p>\n","protected":false},"author":1,"featured_media":1132184,"comment_status":"closed","ping_status":"open","sticky":false,"template":"","format":"standard","meta":{"footnotes":""},"categories":[1],"tags":[],"class_list":["post-477788","post","type-post","status-publish","format-standard","has-post-thumbnail","hentry","category-actualidad"],"aioseo_notices":[],"aioseo_head":"\n\t\t<!-- All in One SEO Pro 5.0.1 - aioseo.com -->\n\t<meta name=\"description\" content=\"M\u00e1laga, 23 ene (EFE).- El ministro de Educaci\u00f3n, Cultura y Deporte, Jos\u00e9 Ignacio Wert, ha destacado hoy que la Comisi\u00f3n Europea ha &quot;aprobado, validado y bendecido las estrategias&quot; que el Gobierno espa\u00f1ol est\u00e1 siguiendo en el programa Erasmus, para el que considera que se ha encontrado &quot;la mejor soluci\u00f3n posible&quot;. Wert, que ha asistido a\" \/>\n\t<meta name=\"robots\" content=\"max-image-preview:large\" \/>\n\t<meta name=\"author\" content=\"El Digital de Asturias\"\/>\n\t<meta name=\"google-site-verification\" content=\"UA-38556648-1\" \/>\n\t<meta name=\"msvalidate.01\" content=\"7dfe9f3f1b24437ab69f4f2559babe99\" \/>\n\t<meta name=\"keywords\" content=\"actualidad\" \/>\n\t<link rel=\"canonical\" href=\"https:\/\/www.eldigitaldeasturias.com\/noticias\/wert-afirma-que-la-comision-europea-ha-bendecido-la-estrategia-de-espana-en-erasmus\/\" \/>\n\t<meta name=\"generator\" content=\"All in One SEO Pro (AIOSEO) 5.0.1\" \/>\n\t\t<meta property=\"og:locale\" content=\"es_ES\" \/>\n\t\t<meta property=\"og:site_name\" content=\"El Digital de Asturias\" \/>\n\t\t<meta property=\"og:type\" content=\"article\" \/>\n\t\t<meta property=\"og:title\" content=\"Wert afirma que la Comisi\u00f3n Europea ha \u00abbendecido\u00bb la estrategia de Espa\u00f1a en Erasmus - El Digital de Asturias\" \/>\n\t\t<meta property=\"og:description\" content=\"M\u00e1laga, 23 ene (EFE).- El ministro de Educaci\u00f3n, Cultura y Deporte, Jos\u00e9 Ignacio Wert, ha destacado hoy que la Comisi\u00f3n Europea ha &quot;aprobado, validado y bendecido las estrategias&quot; que el Gobierno espa\u00f1ol est\u00e1 siguiendo en el programa Erasmus, para el que considera que se ha encontrado &quot;la mejor soluci\u00f3n posible&quot;. Wert, que ha asistido a\" \/>\n\t\t<meta property=\"og:url\" content=\"https:\/\/www.eldigitaldeasturias.com\/noticias\/wert-afirma-que-la-comision-europea-ha-bendecido-la-estrategia-de-espana-en-erasmus\/\" \/>\n\t\t<meta property=\"og:image\" content=\"https:\/\/www.eldigitaldeasturias.com\/noticias\/wp-content\/uploads\/2026\/06\/Contenidos.jpg\" \/>\n\t\t<meta property=\"og:image:secure_url\" content=\"https:\/\/www.eldigitaldeasturias.com\/noticias\/wp-content\/uploads\/2026\/06\/Contenidos.jpg\" \/>\n\t\t<meta property=\"og:image:width\" content=\"1265\" \/>\n\t\t<meta property=\"og:image:height\" content=\"697\" \/>\n\t\t<meta property=\"article:tag\" content=\"actualidad\" \/>\n\t\t<meta property=\"article:published_time\" content=\"2014-01-24T05:01:17+00:00\" \/>\n\t\t<meta property=\"article:modified_time\" content=\"2014-01-24T05:01:17+00:00\" \/>\n\t\t<meta property=\"article:publisher\" content=\"https:\/\/facebook.com\/eldigitaldeasturias\" \/>\n\t\t<meta name=\"twitter:card\" content=\"summary_large_image\" \/>\n\t\t<meta name=\"twitter:title\" content=\"Wert afirma que la Comisi\u00f3n Europea ha \u00abbendecido\u00bb la estrategia de Espa\u00f1a en Erasmus - El Digital de Asturias\" \/>\n\t\t<meta name=\"twitter:description\" content=\"M\u00e1laga, 23 ene (EFE).- El ministro de Educaci\u00f3n, Cultura y Deporte, Jos\u00e9 Ignacio Wert, ha destacado hoy que la Comisi\u00f3n Europea ha &quot;aprobado, validado y bendecido las estrategias&quot; que el Gobierno espa\u00f1ol est\u00e1 siguiendo en el programa Erasmus, para el que considera que se ha encontrado &quot;la mejor soluci\u00f3n posible&quot;. Wert, que ha asistido a\" \/>\n\t\t<meta name=\"twitter:image\" content=\"https:\/\/www.eldigitaldeasturias.com\/noticias\/wp-content\/uploads\/2026\/06\/Contenidos.jpg\" \/>\n\t\t<meta name=\"twitter:label1\" content=\"Escrito por\" \/>\n\t\t<meta name=\"twitter:data1\" content=\"El Digital de Asturias\" \/>\n\t\t<meta name=\"twitter:label2\" content=\"Tiempo de lectura estimado\" \/>\n\t\t<meta name=\"twitter:data2\" content=\"2 minutos\" \/>\n\t\t<script type=\"application\/ld+json\" class=\"aioseo-schema\">\n\t\t\t{\"@context\":\"https:\\\/\\\/schema.org\",\"@graph\":[{\"@type\":\"BlogPosting\",\"@id\":\"https:\\\/\\\/www.eldigitaldeasturias.com\\\/noticias\\\/wert-afirma-que-la-comision-europea-ha-bendecido-la-estrategia-de-espana-en-erasmus\\\/#blogposting\",\"name\":\"Wert afirma que la Comisi\\u00f3n Europea ha \\u00abbendecido\\u00bb la estrategia de Espa\\u00f1a en Erasmus - El Digital de Asturias\",\"headline\":\"Wert afirma que la Comisi\\u00f3n Europea ha \\u00abbendecido\\u00bb la estrategia de Espa\\u00f1a en Erasmus\",\"author\":{\"@id\":\"https:\\\/\\\/www.eldigitaldeasturias.com\\\/noticias\\\/author\\\/admin\\\/#author\"},\"publisher\":{\"@id\":\"https:\\\/\\\/www.eldigitaldeasturias.com\\\/noticias\\\/#organization\"},\"image\":{\"@type\":\"ImageObject\",\"url\":\"https:\\\/\\\/www.eldigitaldeasturias.com\\\/noticias\\\/wp-content\\\/uploads\\\/2026\\\/06\\\/Contenidos.jpg\",\"width\":1265,\"height\":697,\"caption\":\"Contenidos\"},\"datePublished\":\"2014-01-24T04:01:17+01:00\",\"dateModified\":\"2014-01-24T04:01:17+01:00\",\"inLanguage\":\"es-ES\",\"mainEntityOfPage\":{\"@id\":\"https:\\\/\\\/www.eldigitaldeasturias.com\\\/noticias\\\/wert-afirma-que-la-comision-europea-ha-bendecido-la-estrategia-de-espana-en-erasmus\\\/#webpage\"},\"isPartOf\":{\"@id\":\"https:\\\/\\\/www.eldigitaldeasturias.com\\\/noticias\\\/wert-afirma-que-la-comision-europea-ha-bendecido-la-estrategia-de-espana-en-erasmus\\\/#webpage\"},\"articleSection\":\"Actualidad\"},{\"@type\":\"BreadcrumbList\",\"@id\":\"https:\\\/\\\/www.eldigitaldeasturias.com\\\/noticias\\\/wert-afirma-que-la-comision-europea-ha-bendecido-la-estrategia-de-espana-en-erasmus\\\/#breadcrumblist\",\"itemListElement\":[{\"@type\":\"ListItem\",\"@id\":\"https:\\\/\\\/www.eldigitaldeasturias.com\\\/noticias#listItem\",\"position\":1,\"name\":\"Home\",\"item\":\"https:\\\/\\\/www.eldigitaldeasturias.com\\\/noticias\",\"nextItem\":{\"@type\":\"ListItem\",\"@id\":\"https:\\\/\\\/www.eldigitaldeasturias.com\\\/noticias\\\/category\\\/actualidad\\\/#listItem\",\"name\":\"Actualidad\"}},{\"@type\":\"ListItem\",\"@id\":\"https:\\\/\\\/www.eldigitaldeasturias.com\\\/noticias\\\/category\\\/actualidad\\\/#listItem\",\"position\":2,\"name\":\"Actualidad\",\"item\":\"https:\\\/\\\/www.eldigitaldeasturias.com\\\/noticias\\\/category\\\/actualidad\\\/\",\"nextItem\":{\"@type\":\"ListItem\",\"@id\":\"https:\\\/\\\/www.eldigitaldeasturias.com\\\/noticias\\\/wert-afirma-que-la-comision-europea-ha-bendecido-la-estrategia-de-espana-en-erasmus\\\/#listItem\",\"name\":\"Wert afirma que la Comisi\\u00f3n Europea ha \\u00abbendecido\\u00bb la estrategia de Espa\\u00f1a en Erasmus\"},\"previousItem\":{\"@type\":\"ListItem\",\"@id\":\"https:\\\/\\\/www.eldigitaldeasturias.com\\\/noticias#listItem\",\"name\":\"Home\"}},{\"@type\":\"ListItem\",\"@id\":\"https:\\\/\\\/www.eldigitaldeasturias.com\\\/noticias\\\/wert-afirma-que-la-comision-europea-ha-bendecido-la-estrategia-de-espana-en-erasmus\\\/#listItem\",\"position\":3,\"name\":\"Wert afirma que la Comisi\\u00f3n Europea ha \\u00abbendecido\\u00bb la estrategia de Espa\\u00f1a en Erasmus\",\"previousItem\":{\"@type\":\"ListItem\",\"@id\":\"https:\\\/\\\/www.eldigitaldeasturias.com\\\/noticias\\\/category\\\/actualidad\\\/#listItem\",\"name\":\"Actualidad\"}}]},{\"@type\":\"Organization\",\"@id\":\"https:\\\/\\\/www.eldigitaldeasturias.com\\\/noticias\\\/#organization\",\"name\":\"El Digital de Asturias\",\"description\":\"Hemeroteca\",\"url\":\"https:\\\/\\\/www.eldigitaldeasturias.com\\\/noticias\\\/\",\"email\":\"info@eldigitaldeasturias.com\",\"telephone\":\"+34652131393\",\"logo\":{\"@type\":\"ImageObject\",\"url\":\"https:\\\/\\\/www.eldigitaldeasturias.com\\\/noticias\\\/wp-content\\\/uploads\\\/2020\\\/12\\\/EDA.jpg\",\"@id\":\"https:\\\/\\\/www.eldigitaldeasturias.com\\\/noticias\\\/wert-afirma-que-la-comision-europea-ha-bendecido-la-estrategia-de-espana-en-erasmus\\\/#organizationLogo\"},\"image\":{\"@id\":\"https:\\\/\\\/www.eldigitaldeasturias.com\\\/noticias\\\/wert-afirma-que-la-comision-europea-ha-bendecido-la-estrategia-de-espana-en-erasmus\\\/#organizationLogo\"},\"sameAs\":[\"https:\\\/\\\/facebook.com\\\/eldigitaldeasturias\",\"https:\\\/\\\/www.youtube.com\\\/channel\\\/UCZP-2wLEB9Rv6erhFmqVnvg\"],\"address\":{\"@id\":\"https:\\\/\\\/www.eldigitaldeasturias.com\\\/noticias\\\/#postaladdress\",\"@type\":\"PostalAddress\",\"streetAddress\":\"san antonio 4\",\"postalCode\":\"33430\",\"addressLocality\":\"Cand\\u00e1s\",\"addressRegion\":\"Asturias\",\"addressCountry\":\"ES\"}},{\"@type\":\"Person\",\"@id\":\"https:\\\/\\\/www.eldigitaldeasturias.com\\\/noticias\\\/author\\\/admin\\\/#author\",\"url\":\"https:\\\/\\\/www.eldigitaldeasturias.com\\\/noticias\\\/author\\\/admin\\\/\",\"name\":\"El Digital de Asturias\",\"image\":{\"@type\":\"ImageObject\",\"@id\":\"https:\\\/\\\/www.eldigitaldeasturias.com\\\/noticias\\\/wert-afirma-que-la-comision-europea-ha-bendecido-la-estrategia-de-espana-en-erasmus\\\/#authorImage\",\"url\":\"https:\\\/\\\/secure.gravatar.com\\\/avatar\\\/df2aeffc32bcd13f8d26072ef8a91b623d677766deac7f97ca815868cd41bf5e?s=96&d=mm&r=g\",\"width\":96,\"height\":96,\"caption\":\"El Digital de Asturias\"}},{\"@type\":\"WebPage\",\"@id\":\"https:\\\/\\\/www.eldigitaldeasturias.com\\\/noticias\\\/wert-afirma-que-la-comision-europea-ha-bendecido-la-estrategia-de-espana-en-erasmus\\\/#webpage\",\"url\":\"https:\\\/\\\/www.eldigitaldeasturias.com\\\/noticias\\\/wert-afirma-que-la-comision-europea-ha-bendecido-la-estrategia-de-espana-en-erasmus\\\/\",\"name\":\"Wert afirma que la Comisi\\u00f3n Europea ha \\u00abbendecido\\u00bb la estrategia de Espa\\u00f1a en Erasmus - El Digital de Asturias\",\"description\":\"M\\u00e1laga, 23 ene (EFE).- El ministro de Educaci\\u00f3n, Cultura y Deporte, Jos\\u00e9 Ignacio Wert, ha destacado hoy que la Comisi\\u00f3n Europea ha \\\"aprobado, validado y bendecido las estrategias\\\" que el Gobierno espa\\u00f1ol est\\u00e1 siguiendo en el programa Erasmus, para el que considera que se ha encontrado \\\"la mejor soluci\\u00f3n posible\\\". Wert, que ha asistido a\",\"inLanguage\":\"es-ES\",\"isPartOf\":{\"@id\":\"https:\\\/\\\/www.eldigitaldeasturias.com\\\/noticias\\\/#website\"},\"breadcrumb\":{\"@id\":\"https:\\\/\\\/www.eldigitaldeasturias.com\\\/noticias\\\/wert-afirma-que-la-comision-europea-ha-bendecido-la-estrategia-de-espana-en-erasmus\\\/#breadcrumblist\"},\"author\":{\"@id\":\"https:\\\/\\\/www.eldigitaldeasturias.com\\\/noticias\\\/author\\\/admin\\\/#author\"},\"creator\":{\"@id\":\"https:\\\/\\\/www.eldigitaldeasturias.com\\\/noticias\\\/author\\\/admin\\\/#author\"},\"image\":{\"@type\":\"ImageObject\",\"url\":\"https:\\\/\\\/www.eldigitaldeasturias.com\\\/noticias\\\/wp-content\\\/uploads\\\/2026\\\/06\\\/Contenidos.jpg\",\"@id\":\"https:\\\/\\\/www.eldigitaldeasturias.com\\\/noticias\\\/wert-afirma-que-la-comision-europea-ha-bendecido-la-estrategia-de-espana-en-erasmus\\\/#mainImage\",\"width\":1265,\"height\":697,\"caption\":\"Contenidos\"},\"primaryImageOfPage\":{\"@id\":\"https:\\\/\\\/www.eldigitaldeasturias.com\\\/noticias\\\/wert-afirma-que-la-comision-europea-ha-bendecido-la-estrategia-de-espana-en-erasmus\\\/#mainImage\"},\"datePublished\":\"2014-01-24T04:01:17+01:00\",\"dateModified\":\"2014-01-24T04:01:17+01:00\"},{\"@type\":\"WebSite\",\"@id\":\"https:\\\/\\\/www.eldigitaldeasturias.com\\\/noticias\\\/#website\",\"url\":\"https:\\\/\\\/www.eldigitaldeasturias.com\\\/noticias\\\/\",\"name\":\"El Digital de Asturias - Diario de actualidad y noticias\",\"alternateName\":\"El Digital de Asturias - Diario de actualidad y noticias\",\"description\":\"Hemeroteca\",\"inLanguage\":\"es-ES\",\"publisher\":{\"@id\":\"https:\\\/\\\/www.eldigitaldeasturias.com\\\/noticias\\\/#organization\"}}]}\n\t\t<\/script>\n\t\t<!-- All in One SEO Pro -->\r\n\t\t<title>Wert afirma que la Comisi\u00f3n Europea ha \u00abbendecido\u00bb la estrategia de Espa\u00f1a en Erasmus - El Digital de Asturias<\/title>\n\n","aioseo_head_json":{"title":"Wert afirma que la Comisi\u00f3n Europea ha \u00abbendecido\u00bb la estrategia de Espa\u00f1a en Erasmus - El Digital de Asturias","description":"M\u00e1laga, 23 ene (EFE).- El ministro de Educaci\u00f3n, Cultura y Deporte, Jos\u00e9 Ignacio Wert, ha destacado hoy que la Comisi\u00f3n Europea ha \"aprobado, validado y bendecido las estrategias\" que el Gobierno espa\u00f1ol est\u00e1 siguiendo en el programa Erasmus, para el que considera que se ha encontrado \"la mejor soluci\u00f3n posible\". Wert, que ha asistido a","canonical_url":"https:\/\/www.eldigitaldeasturias.com\/noticias\/wert-afirma-que-la-comision-europea-ha-bendecido-la-estrategia-de-espana-en-erasmus\/","robots":"max-image-preview:large","keywords":"actualidad","webmasterTools":{"google-site-verification":"UA-38556648-1","msvalidate.01":"7dfe9f3f1b24437ab69f4f2559babe99","miscellaneous":""},"schema":{"@context":"https:\/\/schema.org","@graph":[{"@type":"BlogPosting","@id":"https:\/\/www.eldigitaldeasturias.com\/noticias\/wert-afirma-que-la-comision-europea-ha-bendecido-la-estrategia-de-espana-en-erasmus\/#blogposting","name":"Wert afirma que la Comisi\u00f3n Europea ha \u00abbendecido\u00bb la estrategia de Espa\u00f1a en Erasmus - El Digital de Asturias","headline":"Wert afirma que la Comisi\u00f3n Europea ha \u00abbendecido\u00bb la estrategia de Espa\u00f1a en Erasmus","author":{"@id":"https:\/\/www.eldigitaldeasturias.com\/noticias\/author\/admin\/#author"},"publisher":{"@id":"https:\/\/www.eldigitaldeasturias.com\/noticias\/#organization"},"image":{"@type":"ImageObject","url":"https:\/\/www.eldigitaldeasturias.com\/noticias\/wp-content\/uploads\/2026\/06\/Contenidos.jpg","width":1265,"height":697,"caption":"Contenidos"},"datePublished":"2014-01-24T04:01:17+01:00","dateModified":"2014-01-24T04:01:17+01:00","inLanguage":"es-ES","mainEntityOfPage":{"@id":"https:\/\/www.eldigitaldeasturias.com\/noticias\/wert-afirma-que-la-comision-europea-ha-bendecido-la-estrategia-de-espana-en-erasmus\/#webpage"},"isPartOf":{"@id":"https:\/\/www.eldigitaldeasturias.com\/noticias\/wert-afirma-que-la-comision-europea-ha-bendecido-la-estrategia-de-espana-en-erasmus\/#webpage"},"articleSection":"Actualidad"},{"@type":"BreadcrumbList","@id":"https:\/\/www.eldigitaldeasturias.com\/noticias\/wert-afirma-que-la-comision-europea-ha-bendecido-la-estrategia-de-espana-en-erasmus\/#breadcrumblist","itemListElement":[{"@type":"ListItem","@id":"https:\/\/www.eldigitaldeasturias.com\/noticias#listItem","position":1,"name":"Home","item":"https:\/\/www.eldigitaldeasturias.com\/noticias","nextItem":{"@type":"ListItem","@id":"https:\/\/www.eldigitaldeasturias.com\/noticias\/category\/actualidad\/#listItem","name":"Actualidad"}},{"@type":"ListItem","@id":"https:\/\/www.eldigitaldeasturias.com\/noticias\/category\/actualidad\/#listItem","position":2,"name":"Actualidad","item":"https:\/\/www.eldigitaldeasturias.com\/noticias\/category\/actualidad\/","nextItem":{"@type":"ListItem","@id":"https:\/\/www.eldigitaldeasturias.com\/noticias\/wert-afirma-que-la-comision-europea-ha-bendecido-la-estrategia-de-espana-en-erasmus\/#listItem","name":"Wert afirma que la Comisi\u00f3n Europea ha \u00abbendecido\u00bb la estrategia de Espa\u00f1a en Erasmus"},"previousItem":{"@type":"ListItem","@id":"https:\/\/www.eldigitaldeasturias.com\/noticias#listItem","name":"Home"}},{"@type":"ListItem","@id":"https:\/\/www.eldigitaldeasturias.com\/noticias\/wert-afirma-que-la-comision-europea-ha-bendecido-la-estrategia-de-espana-en-erasmus\/#listItem","position":3,"name":"Wert afirma que la Comisi\u00f3n Europea ha \u00abbendecido\u00bb la estrategia de Espa\u00f1a en Erasmus","previousItem":{"@type":"ListItem","@id":"https:\/\/www.eldigitaldeasturias.com\/noticias\/category\/actualidad\/#listItem","name":"Actualidad"}}]},{"@type":"Organization","@id":"https:\/\/www.eldigitaldeasturias.com\/noticias\/#organization","name":"El Digital de Asturias","description":"Hemeroteca","url":"https:\/\/www.eldigitaldeasturias.com\/noticias\/","email":"info@eldigitaldeasturias.com","telephone":"+34652131393","logo":{"@type":"ImageObject","url":"https:\/\/www.eldigitaldeasturias.com\/noticias\/wp-content\/uploads\/2020\/12\/EDA.jpg","@id":"https:\/\/www.eldigitaldeasturias.com\/noticias\/wert-afirma-que-la-comision-europea-ha-bendecido-la-estrategia-de-espana-en-erasmus\/#organizationLogo"},"image":{"@id":"https:\/\/www.eldigitaldeasturias.com\/noticias\/wert-afirma-que-la-comision-europea-ha-bendecido-la-estrategia-de-espana-en-erasmus\/#organizationLogo"},"sameAs":["https:\/\/facebook.com\/eldigitaldeasturias","https:\/\/www.youtube.com\/channel\/UCZP-2wLEB9Rv6erhFmqVnvg"],"address":{"@id":"https:\/\/www.eldigitaldeasturias.com\/noticias\/#postaladdress","@type":"PostalAddress","streetAddress":"san antonio 4","postalCode":"33430","addressLocality":"Cand\u00e1s","addressRegion":"Asturias","addressCountry":"ES"}},{"@type":"Person","@id":"https:\/\/www.eldigitaldeasturias.com\/noticias\/author\/admin\/#author","url":"https:\/\/www.eldigitaldeasturias.com\/noticias\/author\/admin\/","name":"El Digital de Asturias","image":{"@type":"ImageObject","@id":"https:\/\/www.eldigitaldeasturias.com\/noticias\/wert-afirma-que-la-comision-europea-ha-bendecido-la-estrategia-de-espana-en-erasmus\/#authorImage","url":"https:\/\/secure.gravatar.com\/avatar\/df2aeffc32bcd13f8d26072ef8a91b623d677766deac7f97ca815868cd41bf5e?s=96&d=mm&r=g","width":96,"height":96,"caption":"El Digital de Asturias"}},{"@type":"WebPage","@id":"https:\/\/www.eldigitaldeasturias.com\/noticias\/wert-afirma-que-la-comision-europea-ha-bendecido-la-estrategia-de-espana-en-erasmus\/#webpage","url":"https:\/\/www.eldigitaldeasturias.com\/noticias\/wert-afirma-que-la-comision-europea-ha-bendecido-la-estrategia-de-espana-en-erasmus\/","name":"Wert afirma que la Comisi\u00f3n Europea ha \u00abbendecido\u00bb la estrategia de Espa\u00f1a en Erasmus - El Digital de Asturias","description":"M\u00e1laga, 23 ene (EFE).- El ministro de Educaci\u00f3n, Cultura y Deporte, Jos\u00e9 Ignacio Wert, ha destacado hoy que la Comisi\u00f3n Europea ha \"aprobado, validado y bendecido las estrategias\" que el Gobierno espa\u00f1ol est\u00e1 siguiendo en el programa Erasmus, para el que considera que se ha encontrado \"la mejor soluci\u00f3n posible\". Wert, que ha asistido a","inLanguage":"es-ES","isPartOf":{"@id":"https:\/\/www.eldigitaldeasturias.com\/noticias\/#website"},"breadcrumb":{"@id":"https:\/\/www.eldigitaldeasturias.com\/noticias\/wert-afirma-que-la-comision-europea-ha-bendecido-la-estrategia-de-espana-en-erasmus\/#breadcrumblist"},"author":{"@id":"https:\/\/www.eldigitaldeasturias.com\/noticias\/author\/admin\/#author"},"creator":{"@id":"https:\/\/www.eldigitaldeasturias.com\/noticias\/author\/admin\/#author"},"image":{"@type":"ImageObject","url":"https:\/\/www.eldigitaldeasturias.com\/noticias\/wp-content\/uploads\/2026\/06\/Contenidos.jpg","@id":"https:\/\/www.eldigitaldeasturias.com\/noticias\/wert-afirma-que-la-comision-europea-ha-bendecido-la-estrategia-de-espana-en-erasmus\/#mainImage","width":1265,"height":697,"caption":"Contenidos"},"primaryImageOfPage":{"@id":"https:\/\/www.eldigitaldeasturias.com\/noticias\/wert-afirma-que-la-comision-europea-ha-bendecido-la-estrategia-de-espana-en-erasmus\/#mainImage"},"datePublished":"2014-01-24T04:01:17+01:00","dateModified":"2014-01-24T04:01:17+01:00"},{"@type":"WebSite","@id":"https:\/\/www.eldigitaldeasturias.com\/noticias\/#website","url":"https:\/\/www.eldigitaldeasturias.com\/noticias\/","name":"El Digital de Asturias - Diario de actualidad y noticias","alternateName":"El Digital de Asturias - Diario de actualidad y noticias","description":"Hemeroteca","inLanguage":"es-ES","publisher":{"@id":"https:\/\/www.eldigitaldeasturias.com\/noticias\/#organization"}}]},"og:locale":"es_ES","og:site_name":"El Digital de Asturias","og:type":"article","og:title":"Wert afirma que la Comisi\u00f3n Europea ha \u00abbendecido\u00bb la estrategia de Espa\u00f1a en Erasmus - El Digital de Asturias","og:description":"M\u00e1laga, 23 ene (EFE).- El ministro de Educaci\u00f3n, Cultura y Deporte, Jos\u00e9 Ignacio Wert, ha destacado hoy que la Comisi\u00f3n Europea ha &quot;aprobado, validado y bendecido las estrategias&quot; que el Gobierno espa\u00f1ol est\u00e1 siguiendo en el programa Erasmus, para el que considera que se ha encontrado &quot;la mejor soluci\u00f3n posible&quot;. Wert, que ha asistido a","og:url":"https:\/\/www.eldigitaldeasturias.com\/noticias\/wert-afirma-que-la-comision-europea-ha-bendecido-la-estrategia-de-espana-en-erasmus\/","og:image":"https:\/\/www.eldigitaldeasturias.com\/noticias\/wp-content\/uploads\/2026\/06\/Contenidos.jpg","og:image:secure_url":"https:\/\/www.eldigitaldeasturias.com\/noticias\/wp-content\/uploads\/2026\/06\/Contenidos.jpg","og:image:width":1265,"og:image:height":697,"article:tag":["actualidad"],"article:published_time":"2014-01-24T05:01:17+00:00","article:modified_time":"2014-01-24T05:01:17+00:00","article:publisher":"https:\/\/facebook.com\/eldigitaldeasturias","twitter:card":"summary_large_image","twitter:title":"Wert afirma que la Comisi\u00f3n Europea ha \u00abbendecido\u00bb la estrategia de Espa\u00f1a en Erasmus - El Digital de Asturias","twitter:description":"M\u00e1laga, 23 ene (EFE).- El ministro de Educaci\u00f3n, Cultura y Deporte, Jos\u00e9 Ignacio Wert, ha destacado hoy que la Comisi\u00f3n Europea ha &quot;aprobado, validado y bendecido las estrategias&quot; que el Gobierno espa\u00f1ol est\u00e1 siguiendo en el programa Erasmus, para el que considera que se ha encontrado &quot;la mejor soluci\u00f3n posible&quot;. Wert, que ha asistido a","twitter:image":"https:\/\/www.eldigitaldeasturias.com\/noticias\/wp-content\/uploads\/2026\/06\/Contenidos.jpg","twitter:label1":"Escrito por","twitter:data1":"El Digital de Asturias","twitter:label2":"Tiempo de lectura estimado","twitter:data2":"2 minutos"},"aioseo_meta_data":{"post_id":"477788","title":null,"description":null,"keywords":null,"keyphrases":null,"primary_term":null,"canonical_url":null,"og_title":null,"og_description":null,"og_object_type":"default","og_image_type":"default","og_image_url":null,"og_image_width":null,"og_image_height":null,"og_image_custom_url":null,"og_image_custom_fields":null,"og_video":null,"og_custom_url":null,"og_article_section":null,"og_article_tags":null,"twitter_use_og":true,"twitter_card":"default","twitter_image_type":"default","twitter_image_url":null,"twitter_image_custom_url":null,"twitter_image_custom_fields":null,"twitter_title":null,"twitter_description":null,"schema":{"blockGraphs":[],"customGraphs":[],"default":{"data":{"Article":[],"Course":[],"Dataset":[],"FAQPage":[],"Movie":[],"Person":[],"Product":[],"ProductReview":[],"Car":[],"Recipe":[],"Service":[],"SoftwareApplication":[],"WebPage":[]},"graphName":"","isEnabled":true},"graphs":[],"defaultGraph":"","defaultPostTypeGraph":""},"schema_type":null,"schema_type_options":null,"pillar_content":false,"robots_default":true,"robots_noindex":false,"robots_noarchive":false,"robots_nosnippet":false,"robots_nofollow":false,"robots_noimageindex":false,"robots_noodp":false,"robots_notranslate":false,"robots_max_snippet":null,"robots_max_videopreview":null,"robots_max_imagepreview":"none","priority":null,"frequency":null,"local_seo":null,"seo_analyzer_scan_date":"2026-06-01 19:37:04","breadcrumb_settings":null,"limit_modified_date":false,"open_ai":null,"ai":null,"created":"2020-11-14 22:53:46","updated":"2026-06-01 19:37:04","focus_keyword":null,"additional_keywords":null,"truseo_locale":null},"aioseo_breadcrumb":"<div class=\"aioseo-breadcrumbs\"><span class=\"aioseo-breadcrumb\">\n\t<a href=\"https:\/\/www.eldigitaldeasturias.com\/noticias\" title=\"Home\">Home<\/a>\n<\/span><span class=\"aioseo-breadcrumb-separator\">\u2013<\/span><span class=\"aioseo-breadcrumb\">\n\t<a href=\"https:\/\/www.eldigitaldeasturias.com\/noticias\/category\/actualidad\/\" title=\"Actualidad\">Actualidad<\/a>\n<\/span><span class=\"aioseo-breadcrumb-separator\">\u2013<\/span><span class=\"aioseo-breadcrumb\">\n\t<a href=\"https:\/\/www.eldigitaldeasturias.com\/noticias\/wert-afirma-que-la-comision-europea-ha-bendecido-la-estrategia-de-espana-en-erasmus\/\" title=\"Wert afirma que la Comisi\u00f3n Europea ha \u00abbendecido\u00bb la estrategia de Espa\u00f1a en Erasmus\">Wert afirma que la Comisi\u00f3n Europea ha \u00abbendecido\u00bb la estrategia de Espa\u00f1a en Erasmus<\/a>\n<\/span><\/div>","aioseo_breadcrumb_json":[{"label":"Home","link":"https:\/\/www.eldigitaldeasturias.com\/noticias"},{"label":"Actualidad","link":"https:\/\/www.eldigitaldeasturias.com\/noticias\/category\/actualidad\/"},{"label":"Wert afirma que la Comisi\u00f3n Europea ha \u00abbendecido\u00bb la estrategia de Espa\u00f1a en Erasmus","link":"https:\/\/www.eldigitaldeasturias.com\/noticias\/wert-afirma-que-la-comision-europea-ha-bendecido-la-estrategia-de-espana-en-erasmus\/"}],"_links":{"self":[{"href":"https:\/\/www.eldigitaldeasturias.com\/noticias\/wp-json\/wp\/v2\/posts\/477788","targetHints":{"allow":["GET"]}}],"collection":[{"href":"https:\/\/www.eldigitaldeasturias.com\/noticias\/wp-json\/wp\/v2\/posts"}],"about":[{"href":"https:\/\/www.eldigitaldeasturias.com\/noticias\/wp-json\/wp\/v2\/types\/post"}],"author":[{"embeddable":true,"href":"https:\/\/www.eldigitaldeasturias.com\/noticias\/wp-json\/wp\/v2\/users\/1"}],"replies":[{"embeddable":true,"href":"https:\/\/www.eldigitaldeasturias.com\/noticias\/wp-json\/wp\/v2\/comments?post=477788"}],"version-history":[{"count":0,"href":"https:\/\/www.eldigitaldeasturias.com\/noticias\/wp-json\/wp\/v2\/posts\/477788\/revisions"}],"wp:featuredmedia":[{"embeddable":true,"href":"https:\/\/www.eldigitaldeasturias.com\/noticias\/wp-json\/wp\/v2\/media\/1132184"}],"wp:attachment":[{"href":"https:\/\/www.eldigitaldeasturias.com\/noticias\/wp-json\/wp\/v2\/media?parent=477788"}],"wp:term":[{"taxonomy":"category","embeddable":true,"href":"https:\/\/www.eldigitaldeasturias.com\/noticias\/wp-json\/wp\/v2\/categories?post=477788"},{"taxonomy":"post_tag","embeddable":true,"href":"https:\/\/www.eldigitaldeasturias.com\/noticias\/wp-json\/wp\/v2\/tags?post=477788"}],"curies":[{"name":"wp","href":"https:\/\/api.w.org\/{rel}","templated":true}]}}