{"id":477782,"date":"2014-01-24T03:59:00","date_gmt":"2014-01-24T04:59:00","guid":{"rendered":"http:\/\/www.eldigitaldeasturias.com\/noticias\/?p=477782"},"modified":"2014-01-24T03:59:00","modified_gmt":"2014-01-24T04:59:00","slug":"iberia-abre-una-nueva-sala-vip-en-la-t4-para-atender-la-llegada-de-vuelos-de-largo-radio","status":"publish","type":"post","link":"https:\/\/www.eldigitaldeasturias.com\/noticias\/iberia-abre-una-nueva-sala-vip-en-la-t4-para-atender-la-llegada-de-vuelos-de-largo-radio\/","title":{"rendered":"Iberia abre una nueva sala VIP en la T4 para atender la llegada de vuelos de largo radio"},"content":{"rendered":"<p><img loading=\"lazy\" decoding=\"async\" class=\"alignleft size-medium wp-image-477783\" alt=\"5870652w\" src=\"https:\/\/www.eldigitaldeasturias.com\/noticias\/wp-content\/uploads\/2014\/01\/5870652w-360x239.jpg\" width=\"360\" height=\"239\" \/>Madrid, 23 ene (EFE).- Iberia contin\u00faa a la espera de llegar a un acuerdo con los agentes sociales para estudiar la posible apertura de nuevas rutas, mientras potencia su transformaci\u00f3n comercial y de atenci\u00f3n al cliente con la apertura de una nueva sala de descanso para clientes preferentes en la T4 de Barajas.<\/p>\n<p>As\u00ed lo ha anunciado hoy en el estand de Iberia en Fitur, Dimitris Bountolos, director de Experiencia del Cliente, quien ha detallado que esta sala, de 700 metros cuadrados, se abrir\u00e1 el pr\u00f3ximo 1 de marzo en la zona p\u00fablica de llegadas de la T4 para que puedan utilizarla los pasajeros preferentes de los vuelos intercontinentales.<\/p>\n<p>\u00abSe trata de un servicio licitado por Aena, que Iberia dar\u00e1 a sus mejores clientes a la llegada de los vuelos de largo radio y estar\u00e1 dotada de duchas y wifi al nivel de otros aeropuertos del mundo\u00bb.<\/p>\n<p>Bountolos ha destacado tambi\u00e9n que gracias a las mejoras emprendidas por Iberia, en el marco del programa Agora, se ha conseguido reducir en diez minutos los tiempos m\u00ednimos de conexi\u00f3n en la T4, que ahora son de 45 minutos en la terminal principal y de 55 entre vuelos del edificio sat\u00e9lite.<\/p>\n<p>Tambi\u00e9n ha destacado la acogida del servicio \u00abMyBagTag\u00bb, por el que Iberia se ha convertido en la primera compa\u00f1\u00eda del mundo que permite a los viajeros imprimir la etiqueta de facturaci\u00f3n del equipaje a trav\u00e9s de internet.<\/p>\n<p>Seg\u00fan sus datos, el pasado verano lleg\u00f3 a ser utilizado por un 30 % de los viajeros, principalmente familias y estudiantes.<\/p>\n<p>En el proceso de transformaci\u00f3n comercial y de imagen, Iberia est\u00e1 renovando la flota y los interiores de sus aviones y hasta la fecha ha recibido de f\u00e1brica cinco nuevos Airbus 330 y reformado seis Airbus 340\/600.<\/p>\n<p>Seg\u00fan las previsiones, el pr\u00f3ximo viernes llegar\u00e1 a Madrid el sexto avi\u00f3n A330, que \u00abno s\u00f3lo incorpora los nuevos interiores, sino la nueva imagen de marca\u00bb.<\/p>\n<p>La compa\u00f1\u00eda asegura que la puesta en marcha de todos estos servicios ha contribuido a que la T4 haya sido considerada en 2013 como \u00abla tercera mejor terminal del mundo\u00bb, por la consultora Skytrax y la aerol\u00ednea se haya colocado en el tercer lugar en puntualidad el pasado mes de diciembre.<\/p>\n","protected":false},"excerpt":{"rendered":"<p>Madrid, 23 ene (EFE).- Iberia contin\u00faa a la espera de llegar a un acuerdo con los agentes sociales para estudiar la posible apertura de nuevas rutas, mientras potencia su transformaci\u00f3n comercial y de atenci\u00f3n al cliente con la apertura de una nueva sala de descanso para clientes preferentes en la T4 de Barajas. As\u00ed lo [&hellip;]<\/p>\n","protected":false},"author":1,"featured_media":0,"comment_status":"closed","ping_status":"open","sticky":false,"template":"","format":"standard","meta":{"footnotes":""},"categories":[148],"tags":[],"class_list":["post-477782","post","type-post","status-publish","format-standard","hentry","category-turismo"],"aioseo_notices":[],"aioseo_head":"\n\t\t<!-- All in One SEO Pro 4.9.6.2 - aioseo.com -->\n\t<meta name=\"description\" content=\"Madrid, 23 ene (EFE).- Iberia contin\u00faa a la espera de llegar a un acuerdo con los agentes sociales para estudiar la posible apertura de nuevas rutas, mientras potencia su transformaci\u00f3n comercial y de atenci\u00f3n al cliente con la apertura de una nueva sala de descanso para clientes preferentes en la T4 de Barajas. As\u00ed lo\" \/>\n\t<meta name=\"robots\" content=\"max-image-preview:large\" \/>\n\t<meta name=\"author\" content=\"El Digital de Asturias\"\/>\n\t<meta name=\"google-site-verification\" content=\"UA-38556648-1\" \/>\n\t<meta name=\"msvalidate.01\" content=\"7dfe9f3f1b24437ab69f4f2559babe99\" \/>\n\t<meta name=\"keywords\" content=\"turismo\" \/>\n\t<link rel=\"canonical\" href=\"https:\/\/www.eldigitaldeasturias.com\/noticias\/iberia-abre-una-nueva-sala-vip-en-la-t4-para-atender-la-llegada-de-vuelos-de-largo-radio\/\" \/>\n\t<meta name=\"generator\" content=\"All in One SEO Pro (AIOSEO) 4.9.6.2\" \/>\n\t\t<meta property=\"og:locale\" content=\"es_ES\" \/>\n\t\t<meta property=\"og:site_name\" content=\"El Digital de Asturias\" \/>\n\t\t<meta property=\"og:type\" content=\"article\" \/>\n\t\t<meta property=\"og:title\" content=\"Iberia abre una nueva sala VIP en la T4 para atender la llegada de vuelos de largo radio - El Digital de Asturias\" \/>\n\t\t<meta property=\"og:description\" content=\"Madrid, 23 ene (EFE).- Iberia contin\u00faa a la espera de llegar a un acuerdo con los agentes sociales para estudiar la posible apertura de nuevas rutas, mientras potencia su transformaci\u00f3n comercial y de atenci\u00f3n al cliente con la apertura de una nueva sala de descanso para clientes preferentes en la T4 de Barajas. As\u00ed lo\" \/>\n\t\t<meta property=\"og:url\" content=\"https:\/\/www.eldigitaldeasturias.com\/noticias\/iberia-abre-una-nueva-sala-vip-en-la-t4-para-atender-la-llegada-de-vuelos-de-largo-radio\/\" \/>\n\t\t<meta property=\"article:tag\" content=\"turismo\" \/>\n\t\t<meta property=\"article:published_time\" content=\"2014-01-24T04:59:00+00:00\" \/>\n\t\t<meta property=\"article:modified_time\" content=\"2014-01-24T04:59:00+00:00\" \/>\n\t\t<meta property=\"article:publisher\" content=\"https:\/\/facebook.com\/eldigitaldeasturias\" \/>\n\t\t<meta name=\"twitter:card\" content=\"summary_large_image\" \/>\n\t\t<meta name=\"twitter:title\" content=\"Iberia abre una nueva sala VIP en la T4 para atender la llegada de vuelos de largo radio - El Digital de Asturias\" \/>\n\t\t<meta name=\"twitter:description\" content=\"Madrid, 23 ene (EFE).- Iberia contin\u00faa a la espera de llegar a un acuerdo con los agentes sociales para estudiar la posible apertura de nuevas rutas, mientras potencia su transformaci\u00f3n comercial y de atenci\u00f3n al cliente con la apertura de una nueva sala de descanso para clientes preferentes en la T4 de Barajas. As\u00ed lo\" \/>\n\t\t<meta name=\"twitter:label1\" content=\"Escrito por\" \/>\n\t\t<meta name=\"twitter:data1\" content=\"El Digital de Asturias\" \/>\n\t\t<meta name=\"twitter:label2\" content=\"Tiempo de lectura estimado\" \/>\n\t\t<meta name=\"twitter:data2\" content=\"2 minutos\" \/>\n\t\t<script type=\"application\/ld+json\" class=\"aioseo-schema\">\n\t\t\t{\"@context\":\"https:\\\/\\\/schema.org\",\"@graph\":[{\"@type\":\"BlogPosting\",\"@id\":\"https:\\\/\\\/www.eldigitaldeasturias.com\\\/noticias\\\/iberia-abre-una-nueva-sala-vip-en-la-t4-para-atender-la-llegada-de-vuelos-de-largo-radio\\\/#blogposting\",\"name\":\"Iberia abre una nueva sala VIP en la T4 para atender la llegada de vuelos de largo radio - El Digital de Asturias\",\"headline\":\"Iberia abre una nueva sala VIP en la T4 para atender la llegada de vuelos de largo radio\",\"author\":{\"@id\":\"https:\\\/\\\/www.eldigitaldeasturias.com\\\/noticias\\\/author\\\/admin\\\/#author\"},\"publisher\":{\"@id\":\"https:\\\/\\\/www.eldigitaldeasturias.com\\\/noticias\\\/#organization\"},\"image\":{\"@type\":\"ImageObject\",\"url\":\"http:\\\/\\\/www.eldigitaldeasturias.com\\\/noticias\\\/wp-content\\\/uploads\\\/2014\\\/01\\\/5870652w-360x239.jpg\",\"@id\":\"https:\\\/\\\/www.eldigitaldeasturias.com\\\/noticias\\\/iberia-abre-una-nueva-sala-vip-en-la-t4-para-atender-la-llegada-de-vuelos-de-largo-radio\\\/#articleImage\"},\"datePublished\":\"2014-01-24T03:59:00+01:00\",\"dateModified\":\"2014-01-24T03:59:00+01:00\",\"inLanguage\":\"es-ES\",\"mainEntityOfPage\":{\"@id\":\"https:\\\/\\\/www.eldigitaldeasturias.com\\\/noticias\\\/iberia-abre-una-nueva-sala-vip-en-la-t4-para-atender-la-llegada-de-vuelos-de-largo-radio\\\/#webpage\"},\"isPartOf\":{\"@id\":\"https:\\\/\\\/www.eldigitaldeasturias.com\\\/noticias\\\/iberia-abre-una-nueva-sala-vip-en-la-t4-para-atender-la-llegada-de-vuelos-de-largo-radio\\\/#webpage\"},\"articleSection\":\"Turismo\"},{\"@type\":\"BreadcrumbList\",\"@id\":\"https:\\\/\\\/www.eldigitaldeasturias.com\\\/noticias\\\/iberia-abre-una-nueva-sala-vip-en-la-t4-para-atender-la-llegada-de-vuelos-de-largo-radio\\\/#breadcrumblist\",\"itemListElement\":[{\"@type\":\"ListItem\",\"@id\":\"https:\\\/\\\/www.eldigitaldeasturias.com\\\/noticias#listItem\",\"position\":1,\"name\":\"Home\",\"item\":\"https:\\\/\\\/www.eldigitaldeasturias.com\\\/noticias\",\"nextItem\":{\"@type\":\"ListItem\",\"@id\":\"https:\\\/\\\/www.eldigitaldeasturias.com\\\/noticias\\\/category\\\/turismo\\\/#listItem\",\"name\":\"Turismo\"}},{\"@type\":\"ListItem\",\"@id\":\"https:\\\/\\\/www.eldigitaldeasturias.com\\\/noticias\\\/category\\\/turismo\\\/#listItem\",\"position\":2,\"name\":\"Turismo\",\"item\":\"https:\\\/\\\/www.eldigitaldeasturias.com\\\/noticias\\\/category\\\/turismo\\\/\",\"nextItem\":{\"@type\":\"ListItem\",\"@id\":\"https:\\\/\\\/www.eldigitaldeasturias.com\\\/noticias\\\/iberia-abre-una-nueva-sala-vip-en-la-t4-para-atender-la-llegada-de-vuelos-de-largo-radio\\\/#listItem\",\"name\":\"Iberia abre una nueva sala VIP en la T4 para atender la llegada de vuelos de largo radio\"},\"previousItem\":{\"@type\":\"ListItem\",\"@id\":\"https:\\\/\\\/www.eldigitaldeasturias.com\\\/noticias#listItem\",\"name\":\"Home\"}},{\"@type\":\"ListItem\",\"@id\":\"https:\\\/\\\/www.eldigitaldeasturias.com\\\/noticias\\\/iberia-abre-una-nueva-sala-vip-en-la-t4-para-atender-la-llegada-de-vuelos-de-largo-radio\\\/#listItem\",\"position\":3,\"name\":\"Iberia abre una nueva sala VIP en la T4 para atender la llegada de vuelos de largo radio\",\"previousItem\":{\"@type\":\"ListItem\",\"@id\":\"https:\\\/\\\/www.eldigitaldeasturias.com\\\/noticias\\\/category\\\/turismo\\\/#listItem\",\"name\":\"Turismo\"}}]},{\"@type\":\"Organization\",\"@id\":\"https:\\\/\\\/www.eldigitaldeasturias.com\\\/noticias\\\/#organization\",\"name\":\"El Digital de Asturias\",\"description\":\"Hemeroteca\",\"url\":\"https:\\\/\\\/www.eldigitaldeasturias.com\\\/noticias\\\/\",\"email\":\"info@eldigitaldeasturias.com\",\"telephone\":\"+34652131393\",\"logo\":{\"@type\":\"ImageObject\",\"url\":\"https:\\\/\\\/www.eldigitaldeasturias.com\\\/noticias\\\/wp-content\\\/uploads\\\/2020\\\/12\\\/EDA.jpg\",\"@id\":\"https:\\\/\\\/www.eldigitaldeasturias.com\\\/noticias\\\/iberia-abre-una-nueva-sala-vip-en-la-t4-para-atender-la-llegada-de-vuelos-de-largo-radio\\\/#organizationLogo\",\"width\":649,\"height\":297},\"image\":{\"@id\":\"https:\\\/\\\/www.eldigitaldeasturias.com\\\/noticias\\\/iberia-abre-una-nueva-sala-vip-en-la-t4-para-atender-la-llegada-de-vuelos-de-largo-radio\\\/#organizationLogo\"},\"sameAs\":[\"https:\\\/\\\/facebook.com\\\/eldigitaldeasturias\",\"https:\\\/\\\/www.youtube.com\\\/channel\\\/UCZP-2wLEB9Rv6erhFmqVnvg\"],\"address\":{\"@id\":\"https:\\\/\\\/www.eldigitaldeasturias.com\\\/noticias\\\/#postaladdress\",\"@type\":\"PostalAddress\",\"streetAddress\":\"san antonio 4,\",\"postalCode\":\"33430\",\"addressLocality\":\"Cand\\u00e1s\",\"addressRegion\":\"Asturias\",\"addressCountry\":\"ES\"}},{\"@type\":\"Person\",\"@id\":\"https:\\\/\\\/www.eldigitaldeasturias.com\\\/noticias\\\/author\\\/admin\\\/#author\",\"url\":\"https:\\\/\\\/www.eldigitaldeasturias.com\\\/noticias\\\/author\\\/admin\\\/\",\"name\":\"El Digital de Asturias\",\"image\":{\"@type\":\"ImageObject\",\"@id\":\"https:\\\/\\\/www.eldigitaldeasturias.com\\\/noticias\\\/iberia-abre-una-nueva-sala-vip-en-la-t4-para-atender-la-llegada-de-vuelos-de-largo-radio\\\/#authorImage\",\"url\":\"https:\\\/\\\/www.eldigitaldeasturias.com\\\/noticias\\\/wp-content\\\/litespeed\\\/avatar\\\/18677e78aa0546b92d9dbf31ec7d7668.jpg?ver=1776685526\",\"width\":96,\"height\":96,\"caption\":\"El Digital de Asturias\"}},{\"@type\":\"WebPage\",\"@id\":\"https:\\\/\\\/www.eldigitaldeasturias.com\\\/noticias\\\/iberia-abre-una-nueva-sala-vip-en-la-t4-para-atender-la-llegada-de-vuelos-de-largo-radio\\\/#webpage\",\"url\":\"https:\\\/\\\/www.eldigitaldeasturias.com\\\/noticias\\\/iberia-abre-una-nueva-sala-vip-en-la-t4-para-atender-la-llegada-de-vuelos-de-largo-radio\\\/\",\"name\":\"Iberia abre una nueva sala VIP en la T4 para atender la llegada de vuelos de largo radio - El Digital de Asturias\",\"description\":\"Madrid, 23 ene (EFE).- Iberia contin\\u00faa a la espera de llegar a un acuerdo con los agentes sociales para estudiar la posible apertura de nuevas rutas, mientras potencia su transformaci\\u00f3n comercial y de atenci\\u00f3n al cliente con la apertura de una nueva sala de descanso para clientes preferentes en la T4 de Barajas. As\\u00ed lo\",\"inLanguage\":\"es-ES\",\"isPartOf\":{\"@id\":\"https:\\\/\\\/www.eldigitaldeasturias.com\\\/noticias\\\/#website\"},\"breadcrumb\":{\"@id\":\"https:\\\/\\\/www.eldigitaldeasturias.com\\\/noticias\\\/iberia-abre-una-nueva-sala-vip-en-la-t4-para-atender-la-llegada-de-vuelos-de-largo-radio\\\/#breadcrumblist\"},\"author\":{\"@id\":\"https:\\\/\\\/www.eldigitaldeasturias.com\\\/noticias\\\/author\\\/admin\\\/#author\"},\"creator\":{\"@id\":\"https:\\\/\\\/www.eldigitaldeasturias.com\\\/noticias\\\/author\\\/admin\\\/#author\"},\"datePublished\":\"2014-01-24T03:59:00+01:00\",\"dateModified\":\"2014-01-24T03:59:00+01:00\"},{\"@type\":\"WebSite\",\"@id\":\"https:\\\/\\\/www.eldigitaldeasturias.com\\\/noticias\\\/#website\",\"url\":\"https:\\\/\\\/www.eldigitaldeasturias.com\\\/noticias\\\/\",\"name\":\"El Digital de Asturias - Diario de actualidad y noticias\",\"alternateName\":\"El Digital de Asturias - Diario de actualidad y noticias\",\"description\":\"Hemeroteca\",\"inLanguage\":\"es-ES\",\"publisher\":{\"@id\":\"https:\\\/\\\/www.eldigitaldeasturias.com\\\/noticias\\\/#organization\"}}]}\n\t\t<\/script>\n\t\t<!-- All in One SEO Pro -->\r\n\t\t<title>Iberia abre una nueva sala VIP en la T4 para atender la llegada de vuelos de largo radio - El Digital de Asturias<\/title>\n\n","aioseo_head_json":{"title":"Iberia abre una nueva sala VIP en la T4 para atender la llegada de vuelos de largo radio - El Digital de Asturias","description":"Madrid, 23 ene (EFE).- Iberia contin\u00faa a la espera de llegar a un acuerdo con los agentes sociales para estudiar la posible apertura de nuevas rutas, mientras potencia su transformaci\u00f3n comercial y de atenci\u00f3n al cliente con la apertura de una nueva sala de descanso para clientes preferentes en la T4 de Barajas. As\u00ed lo","canonical_url":"https:\/\/www.eldigitaldeasturias.com\/noticias\/iberia-abre-una-nueva-sala-vip-en-la-t4-para-atender-la-llegada-de-vuelos-de-largo-radio\/","robots":"max-image-preview:large","keywords":"turismo","webmasterTools":{"google-site-verification":"UA-38556648-1","msvalidate.01":"7dfe9f3f1b24437ab69f4f2559babe99","miscellaneous":""},"schema":{"@context":"https:\/\/schema.org","@graph":[{"@type":"BlogPosting","@id":"https:\/\/www.eldigitaldeasturias.com\/noticias\/iberia-abre-una-nueva-sala-vip-en-la-t4-para-atender-la-llegada-de-vuelos-de-largo-radio\/#blogposting","name":"Iberia abre una nueva sala VIP en la T4 para atender la llegada de vuelos de largo radio - El Digital de Asturias","headline":"Iberia abre una nueva sala VIP en la T4 para atender la llegada de vuelos de largo radio","author":{"@id":"https:\/\/www.eldigitaldeasturias.com\/noticias\/author\/admin\/#author"},"publisher":{"@id":"https:\/\/www.eldigitaldeasturias.com\/noticias\/#organization"},"image":{"@type":"ImageObject","url":"http:\/\/www.eldigitaldeasturias.com\/noticias\/wp-content\/uploads\/2014\/01\/5870652w-360x239.jpg","@id":"https:\/\/www.eldigitaldeasturias.com\/noticias\/iberia-abre-una-nueva-sala-vip-en-la-t4-para-atender-la-llegada-de-vuelos-de-largo-radio\/#articleImage"},"datePublished":"2014-01-24T03:59:00+01:00","dateModified":"2014-01-24T03:59:00+01:00","inLanguage":"es-ES","mainEntityOfPage":{"@id":"https:\/\/www.eldigitaldeasturias.com\/noticias\/iberia-abre-una-nueva-sala-vip-en-la-t4-para-atender-la-llegada-de-vuelos-de-largo-radio\/#webpage"},"isPartOf":{"@id":"https:\/\/www.eldigitaldeasturias.com\/noticias\/iberia-abre-una-nueva-sala-vip-en-la-t4-para-atender-la-llegada-de-vuelos-de-largo-radio\/#webpage"},"articleSection":"Turismo"},{"@type":"BreadcrumbList","@id":"https:\/\/www.eldigitaldeasturias.com\/noticias\/iberia-abre-una-nueva-sala-vip-en-la-t4-para-atender-la-llegada-de-vuelos-de-largo-radio\/#breadcrumblist","itemListElement":[{"@type":"ListItem","@id":"https:\/\/www.eldigitaldeasturias.com\/noticias#listItem","position":1,"name":"Home","item":"https:\/\/www.eldigitaldeasturias.com\/noticias","nextItem":{"@type":"ListItem","@id":"https:\/\/www.eldigitaldeasturias.com\/noticias\/category\/turismo\/#listItem","name":"Turismo"}},{"@type":"ListItem","@id":"https:\/\/www.eldigitaldeasturias.com\/noticias\/category\/turismo\/#listItem","position":2,"name":"Turismo","item":"https:\/\/www.eldigitaldeasturias.com\/noticias\/category\/turismo\/","nextItem":{"@type":"ListItem","@id":"https:\/\/www.eldigitaldeasturias.com\/noticias\/iberia-abre-una-nueva-sala-vip-en-la-t4-para-atender-la-llegada-de-vuelos-de-largo-radio\/#listItem","name":"Iberia abre una nueva sala VIP en la T4 para atender la llegada de vuelos de largo radio"},"previousItem":{"@type":"ListItem","@id":"https:\/\/www.eldigitaldeasturias.com\/noticias#listItem","name":"Home"}},{"@type":"ListItem","@id":"https:\/\/www.eldigitaldeasturias.com\/noticias\/iberia-abre-una-nueva-sala-vip-en-la-t4-para-atender-la-llegada-de-vuelos-de-largo-radio\/#listItem","position":3,"name":"Iberia abre una nueva sala VIP en la T4 para atender la llegada de vuelos de largo radio","previousItem":{"@type":"ListItem","@id":"https:\/\/www.eldigitaldeasturias.com\/noticias\/category\/turismo\/#listItem","name":"Turismo"}}]},{"@type":"Organization","@id":"https:\/\/www.eldigitaldeasturias.com\/noticias\/#organization","name":"El Digital de Asturias","description":"Hemeroteca","url":"https:\/\/www.eldigitaldeasturias.com\/noticias\/","email":"info@eldigitaldeasturias.com","telephone":"+34652131393","logo":{"@type":"ImageObject","url":"https:\/\/www.eldigitaldeasturias.com\/noticias\/wp-content\/uploads\/2020\/12\/EDA.jpg","@id":"https:\/\/www.eldigitaldeasturias.com\/noticias\/iberia-abre-una-nueva-sala-vip-en-la-t4-para-atender-la-llegada-de-vuelos-de-largo-radio\/#organizationLogo","width":649,"height":297},"image":{"@id":"https:\/\/www.eldigitaldeasturias.com\/noticias\/iberia-abre-una-nueva-sala-vip-en-la-t4-para-atender-la-llegada-de-vuelos-de-largo-radio\/#organizationLogo"},"sameAs":["https:\/\/facebook.com\/eldigitaldeasturias","https:\/\/www.youtube.com\/channel\/UCZP-2wLEB9Rv6erhFmqVnvg"],"address":{"@id":"https:\/\/www.eldigitaldeasturias.com\/noticias\/#postaladdress","@type":"PostalAddress","streetAddress":"san antonio 4,","postalCode":"33430","addressLocality":"Cand\u00e1s","addressRegion":"Asturias","addressCountry":"ES"}},{"@type":"Person","@id":"https:\/\/www.eldigitaldeasturias.com\/noticias\/author\/admin\/#author","url":"https:\/\/www.eldigitaldeasturias.com\/noticias\/author\/admin\/","name":"El Digital de Asturias","image":{"@type":"ImageObject","@id":"https:\/\/www.eldigitaldeasturias.com\/noticias\/iberia-abre-una-nueva-sala-vip-en-la-t4-para-atender-la-llegada-de-vuelos-de-largo-radio\/#authorImage","url":"https:\/\/www.eldigitaldeasturias.com\/noticias\/wp-content\/litespeed\/avatar\/18677e78aa0546b92d9dbf31ec7d7668.jpg?ver=1776685526","width":96,"height":96,"caption":"El Digital de Asturias"}},{"@type":"WebPage","@id":"https:\/\/www.eldigitaldeasturias.com\/noticias\/iberia-abre-una-nueva-sala-vip-en-la-t4-para-atender-la-llegada-de-vuelos-de-largo-radio\/#webpage","url":"https:\/\/www.eldigitaldeasturias.com\/noticias\/iberia-abre-una-nueva-sala-vip-en-la-t4-para-atender-la-llegada-de-vuelos-de-largo-radio\/","name":"Iberia abre una nueva sala VIP en la T4 para atender la llegada de vuelos de largo radio - El Digital de Asturias","description":"Madrid, 23 ene (EFE).- Iberia contin\u00faa a la espera de llegar a un acuerdo con los agentes sociales para estudiar la posible apertura de nuevas rutas, mientras potencia su transformaci\u00f3n comercial y de atenci\u00f3n al cliente con la apertura de una nueva sala de descanso para clientes preferentes en la T4 de Barajas. As\u00ed lo","inLanguage":"es-ES","isPartOf":{"@id":"https:\/\/www.eldigitaldeasturias.com\/noticias\/#website"},"breadcrumb":{"@id":"https:\/\/www.eldigitaldeasturias.com\/noticias\/iberia-abre-una-nueva-sala-vip-en-la-t4-para-atender-la-llegada-de-vuelos-de-largo-radio\/#breadcrumblist"},"author":{"@id":"https:\/\/www.eldigitaldeasturias.com\/noticias\/author\/admin\/#author"},"creator":{"@id":"https:\/\/www.eldigitaldeasturias.com\/noticias\/author\/admin\/#author"},"datePublished":"2014-01-24T03:59:00+01:00","dateModified":"2014-01-24T03:59:00+01:00"},{"@type":"WebSite","@id":"https:\/\/www.eldigitaldeasturias.com\/noticias\/#website","url":"https:\/\/www.eldigitaldeasturias.com\/noticias\/","name":"El Digital de Asturias - Diario de actualidad y noticias","alternateName":"El Digital de Asturias - Diario de actualidad y noticias","description":"Hemeroteca","inLanguage":"es-ES","publisher":{"@id":"https:\/\/www.eldigitaldeasturias.com\/noticias\/#organization"}}]},"og:locale":"es_ES","og:site_name":"El Digital de Asturias","og:type":"article","og:title":"Iberia abre una nueva sala VIP en la T4 para atender la llegada de vuelos de largo radio - El Digital de Asturias","og:description":"Madrid, 23 ene (EFE).- Iberia contin\u00faa a la espera de llegar a un acuerdo con los agentes sociales para estudiar la posible apertura de nuevas rutas, mientras potencia su transformaci\u00f3n comercial y de atenci\u00f3n al cliente con la apertura de una nueva sala de descanso para clientes preferentes en la T4 de Barajas. As\u00ed lo","og:url":"https:\/\/www.eldigitaldeasturias.com\/noticias\/iberia-abre-una-nueva-sala-vip-en-la-t4-para-atender-la-llegada-de-vuelos-de-largo-radio\/","article:tag":["turismo"],"article:published_time":"2014-01-24T04:59:00+00:00","article:modified_time":"2014-01-24T04:59:00+00:00","article:publisher":"https:\/\/facebook.com\/eldigitaldeasturias","twitter:card":"summary_large_image","twitter:title":"Iberia abre una nueva sala VIP en la T4 para atender la llegada de vuelos de largo radio - El Digital de Asturias","twitter:description":"Madrid, 23 ene (EFE).- Iberia contin\u00faa a la espera de llegar a un acuerdo con los agentes sociales para estudiar la posible apertura de nuevas rutas, mientras potencia su transformaci\u00f3n comercial y de atenci\u00f3n al cliente con la apertura de una nueva sala de descanso para clientes preferentes en la T4 de Barajas. As\u00ed lo","twitter:label1":"Escrito por","twitter:data1":"El Digital de Asturias","twitter:label2":"Tiempo de lectura estimado","twitter:data2":"2 minutos"},"aioseo_meta_data":{"post_id":"477782","title":null,"description":null,"keywords":null,"keyphrases":null,"primary_term":null,"canonical_url":null,"og_title":null,"og_description":null,"og_object_type":"default","og_image_type":"default","og_image_url":null,"og_image_width":null,"og_image_height":null,"og_image_custom_url":null,"og_image_custom_fields":null,"og_video":null,"og_custom_url":null,"og_article_section":null,"og_article_tags":null,"twitter_use_og":true,"twitter_card":"default","twitter_image_type":"default","twitter_image_url":null,"twitter_image_custom_url":null,"twitter_image_custom_fields":null,"twitter_title":null,"twitter_description":null,"schema":{"blockGraphs":[],"customGraphs":[],"default":{"data":{"Article":[],"Course":[],"Dataset":[],"FAQPage":[],"Movie":[],"Person":[],"Product":[],"ProductReview":[],"Car":[],"Recipe":[],"Service":[],"SoftwareApplication":[],"WebPage":[]},"graphName":"","isEnabled":true},"graphs":[]},"schema_type":null,"schema_type_options":null,"pillar_content":false,"robots_default":true,"robots_noindex":false,"robots_noarchive":false,"robots_nosnippet":false,"robots_nofollow":false,"robots_noimageindex":false,"robots_noodp":false,"robots_notranslate":false,"robots_max_snippet":null,"robots_max_videopreview":null,"robots_max_imagepreview":"none","priority":null,"frequency":null,"local_seo":null,"seo_analyzer_scan_date":"2025-08-26 02:25:57","breadcrumb_settings":null,"limit_modified_date":false,"open_ai":null,"ai":null,"created":"2020-11-14 22:53:46","updated":"2025-08-26 02:25:57"},"aioseo_breadcrumb":"<div class=\"aioseo-breadcrumbs\"><span class=\"aioseo-breadcrumb\">\n\t<a href=\"https:\/\/www.eldigitaldeasturias.com\/noticias\" title=\"Home\">Home<\/a>\n<\/span><span class=\"aioseo-breadcrumb-separator\">\u2013<\/span><span class=\"aioseo-breadcrumb\">\n\t<a href=\"https:\/\/www.eldigitaldeasturias.com\/noticias\/category\/turismo\/\" title=\"Turismo\">Turismo<\/a>\n<\/span><span class=\"aioseo-breadcrumb-separator\">\u2013<\/span><span class=\"aioseo-breadcrumb\">\n\t<a href=\"https:\/\/www.eldigitaldeasturias.com\/noticias\/iberia-abre-una-nueva-sala-vip-en-la-t4-para-atender-la-llegada-de-vuelos-de-largo-radio\/\" title=\"Iberia abre una nueva sala VIP en la T4 para atender la llegada de vuelos de largo radio\">Iberia abre una nueva sala VIP en la T4 para atender la llegada de vuelos de largo radio<\/a>\n<\/span><\/div>","aioseo_breadcrumb_json":[{"label":"Home","link":"https:\/\/www.eldigitaldeasturias.com\/noticias"},{"label":"Turismo","link":"https:\/\/www.eldigitaldeasturias.com\/noticias\/category\/turismo\/"},{"label":"Iberia abre una nueva sala VIP en la T4 para atender la llegada de vuelos de largo radio","link":"https:\/\/www.eldigitaldeasturias.com\/noticias\/iberia-abre-una-nueva-sala-vip-en-la-t4-para-atender-la-llegada-de-vuelos-de-largo-radio\/"}],"_links":{"self":[{"href":"https:\/\/www.eldigitaldeasturias.com\/noticias\/wp-json\/wp\/v2\/posts\/477782","targetHints":{"allow":["GET"]}}],"collection":[{"href":"https:\/\/www.eldigitaldeasturias.com\/noticias\/wp-json\/wp\/v2\/posts"}],"about":[{"href":"https:\/\/www.eldigitaldeasturias.com\/noticias\/wp-json\/wp\/v2\/types\/post"}],"author":[{"embeddable":true,"href":"https:\/\/www.eldigitaldeasturias.com\/noticias\/wp-json\/wp\/v2\/users\/1"}],"replies":[{"embeddable":true,"href":"https:\/\/www.eldigitaldeasturias.com\/noticias\/wp-json\/wp\/v2\/comments?post=477782"}],"version-history":[{"count":0,"href":"https:\/\/www.eldigitaldeasturias.com\/noticias\/wp-json\/wp\/v2\/posts\/477782\/revisions"}],"wp:attachment":[{"href":"https:\/\/www.eldigitaldeasturias.com\/noticias\/wp-json\/wp\/v2\/media?parent=477782"}],"wp:term":[{"taxonomy":"category","embeddable":true,"href":"https:\/\/www.eldigitaldeasturias.com\/noticias\/wp-json\/wp\/v2\/categories?post=477782"},{"taxonomy":"post_tag","embeddable":true,"href":"https:\/\/www.eldigitaldeasturias.com\/noticias\/wp-json\/wp\/v2\/tags?post=477782"}],"curies":[{"name":"wp","href":"https:\/\/api.w.org\/{rel}","templated":true}]}}