{"id":477770,"date":"2014-01-24T03:52:57","date_gmt":"2014-01-24T04:52:57","guid":{"rendered":"http:\/\/www.eldigitaldeasturias.com\/noticias\/?p=477770"},"modified":"2014-01-24T03:52:57","modified_gmt":"2014-01-24T04:52:57","slug":"saenz-de-santamaria-asegura-que-la-epa-demuestra-que-vamos-cambiando-camino","status":"publish","type":"post","link":"https:\/\/www.eldigitaldeasturias.com\/noticias\/saenz-de-santamaria-asegura-que-la-epa-demuestra-que-vamos-cambiando-camino\/","title":{"rendered":"S\u00e1enz de Santamar\u00eda asegura que la EPA demuestra que \u00abvamos cambiando camino\u00bb"},"content":{"rendered":"<p><img loading=\"lazy\" decoding=\"async\" class=\"alignleft size-medium wp-image-477771\" alt=\"5870525w\" src=\"https:\/\/www.eldigitaldeasturias.com\/noticias\/wp-content\/uploads\/2014\/01\/5870525w-360x239.jpg\" width=\"360\" height=\"239\" \/>Madrid, 23 ene (EFE).- La vicepresidenta del Gobierno, Soraya S\u00e1enz de Santamar\u00eda, ha asegurado hoy que el dato de la Encuesta de Poblaci\u00f3n Activa (EPA) que se ha conocido hoy demuestra que \u00abvamos cambiando camino\u00bb, que \u00abcambiamos las tendencias\u00bb y que \u00abempezamos a recortar el desempleo poco a poco\u00bb pero con \u00abmuch\u00edsimo esfuerzo\u00bb.<\/p>\n<p>En declaraciones en el estand de Castilla y Le\u00f3n en Fitur donde se ha presentado a Valladolid como primera ciudad en el mundo en medir distancias en kilocalor\u00edas, la vicepresidenta ha dicho que \u00aben Valladolid se hace camino quemando kilocalor\u00edas\u00bb, en la provincia se hace camino \u00abcon Delibes\u00bb y en Espa\u00f1a \u00abproyectando nuestro turismo y nuestro pa\u00eds\u00bb.<\/p>\n<p>\u00abEsa es la manera de hacer las cosas, caminando, haciendo reformas para el crecimiento, aprovechando lo bueno que tiene Espa\u00f1a, todas sus ciudades, todos sus pueblos, toda su gente, para volver a colocarnos donde siempre tenemos que estar\u00bb.<\/p>\n<p>S\u00e1enz de Santamar\u00eda ha dicho que la tarea que corresponde ahora es la de demostrar que todo el potencial que hay en Espa\u00f1a y que est\u00e1 \u00abpermitiendo crecer y salir de la crisis\u00bb, en referencia al turismo, abre nuevos terrenos y nuevos escenarios \u00abpara la salud y el bienestar\u00bb.<\/p>\n<p>Tras agradecer que se le haya permitido hoy volver a Valladolid desde Madrid, ha dicho que tienen \u00abuna de las provincias y regiones m\u00e1s ricas en muchos aspectos tur\u00edsticos\u00bb y se ha referido a sus catedrales, ciudades, historia o vinos, y ello es necesario transmitirlo, ya que \u00abmuchos otros sitios con mucho menos han logrado en otros momentos instalarse m\u00e1s\u00bb.<\/p>\n<p>Ha a\u00f1adido que cualquiera que va a Valladolid, y \u00abel AVE permite hacerlo en menos de una hora, vuelve encantado\u00bb de lo que \u00abha podido ver, comer, beber -con moderaci\u00f3n-\u00ab, pero sobre todo de \u00ablo que ha podido vivir\u00bb.<\/p>\n<p>La vicepresidenta ha subrayado \u00abel esfuerzo conjunto y compartido de un pa\u00eds\u00bb que \u00aba trav\u00e9s de toda su hosteler\u00eda, de todos sus servicios p\u00fablicos\u00bb ser\u00e1 capaz de volver a instalarse \u00aben un lugar de referencia en el mundo\u00bb.<\/p>\n<p>La iniciativa de Valladolid, una \u00abde las ciudades que m\u00e1s futuro tiene\u00bb seg\u00fan S\u00e1enz de Santamar\u00eda, de medir las distancias en kilocalor\u00edas \u00abtiene todo\u00bb porque es buena para los que viven en esta ciudad y quieren seguir conoci\u00e9ndola porque siempre hay cosas nuevas por descubrir y adem\u00e1s con la \u00abexcusa de la salud se puede mejorar la calidad de vida\u00bb y disfrutar despu\u00e9s de caminar de \u00ablos vinos y los pinchos\u00bb.<\/p>\n<p>Asimismo, la iniciativa permitir\u00e1 recuperar el contacto con la calle y poder \u00abreflexionar con uno mismo\u00bb mientras se camina y de compartir muchas cosas cuando se pasea con alguien.<\/p>\n<p>Por su parte, el alcalde de Valladolid, Francisco Javier Le\u00f3n de la Riva, que ha agradecido la disposici\u00f3n de la vicepresidenta para acudir al acto, ha presentado el proyecto que pretende \u00abanimar a la gente a caminar\u00bb y a abandonar los h\u00e1bitos sedentarios.<\/p>\n<p>El alcalde vallisoletano ha comentado que ser\u00e1n los primeros que emitan una receta especial que a trav\u00e9s de su Colegio Oficial de M\u00e9dicos prescribir\u00e1 caminar a todos aquellos pacientes que lo necesiten.<\/p>\n<p>Valladolid se ha unido en este proyecto a Walking is Good, el primer movimiento global que mide las distancias en kilocalor\u00edas, que invita a los ciudadanos a caminar por las calles y a realizar circuitos tur\u00edsticos por las ciudades.<\/p>\n<p>De este modo, Valladolid se convierte en la primer ciudad del mundo en colocar los elementos de se\u00f1alizaci\u00f3n que muestran, de una forma ilustrada, los puntos principales y su distancia en kilocalor\u00edas.<\/p>\n","protected":false},"excerpt":{"rendered":"<p>Madrid, 23 ene (EFE).- La vicepresidenta del Gobierno, Soraya S\u00e1enz de Santamar\u00eda, ha asegurado hoy que el dato de la Encuesta de Poblaci\u00f3n Activa (EPA) que se ha conocido hoy demuestra que \u00abvamos cambiando camino\u00bb, que \u00abcambiamos las tendencias\u00bb y que \u00abempezamos a recortar el desempleo poco a poco\u00bb pero con \u00abmuch\u00edsimo esfuerzo\u00bb. En declaraciones [&hellip;]<\/p>\n","protected":false},"author":1,"featured_media":1132184,"comment_status":"closed","ping_status":"open","sticky":false,"template":"","format":"standard","meta":{"footnotes":""},"categories":[1],"tags":[],"class_list":["post-477770","post","type-post","status-publish","format-standard","has-post-thumbnail","hentry","category-actualidad"],"aioseo_notices":[],"aioseo_head":"\n\t\t<!-- All in One SEO Pro 5.0.1 - aioseo.com -->\n\t<meta name=\"description\" content=\"Madrid, 23 ene (EFE).- La vicepresidenta del Gobierno, Soraya S\u00e1enz de Santamar\u00eda, ha asegurado hoy que el dato de la Encuesta de Poblaci\u00f3n Activa (EPA) que se ha conocido hoy demuestra que &quot;vamos cambiando camino&quot;, que &quot;cambiamos las tendencias&quot; y que &quot;empezamos a recortar el desempleo poco a poco&quot; pero con &quot;much\u00edsimo esfuerzo&quot;. En declaraciones\" \/>\n\t<meta name=\"robots\" content=\"max-image-preview:large\" \/>\n\t<meta name=\"author\" content=\"El Digital de Asturias\"\/>\n\t<meta name=\"google-site-verification\" content=\"UA-38556648-1\" \/>\n\t<meta name=\"msvalidate.01\" content=\"7dfe9f3f1b24437ab69f4f2559babe99\" \/>\n\t<meta name=\"keywords\" content=\"actualidad\" \/>\n\t<link rel=\"canonical\" href=\"https:\/\/www.eldigitaldeasturias.com\/noticias\/saenz-de-santamaria-asegura-que-la-epa-demuestra-que-vamos-cambiando-camino\/\" \/>\n\t<meta name=\"generator\" content=\"All in One SEO Pro (AIOSEO) 5.0.1\" \/>\n\t\t<meta property=\"og:locale\" content=\"es_ES\" \/>\n\t\t<meta property=\"og:site_name\" content=\"El Digital de Asturias\" \/>\n\t\t<meta property=\"og:type\" content=\"article\" \/>\n\t\t<meta property=\"og:title\" content=\"S\u00e1enz de Santamar\u00eda asegura que la EPA demuestra que \u00abvamos cambiando camino\u00bb - El Digital de Asturias\" \/>\n\t\t<meta property=\"og:description\" content=\"Madrid, 23 ene (EFE).- La vicepresidenta del Gobierno, Soraya S\u00e1enz de Santamar\u00eda, ha asegurado hoy que el dato de la Encuesta de Poblaci\u00f3n Activa (EPA) que se ha conocido hoy demuestra que &quot;vamos cambiando camino&quot;, que &quot;cambiamos las tendencias&quot; y que &quot;empezamos a recortar el desempleo poco a poco&quot; pero con &quot;much\u00edsimo esfuerzo&quot;. En declaraciones\" \/>\n\t\t<meta property=\"og:url\" content=\"https:\/\/www.eldigitaldeasturias.com\/noticias\/saenz-de-santamaria-asegura-que-la-epa-demuestra-que-vamos-cambiando-camino\/\" \/>\n\t\t<meta property=\"og:image\" content=\"https:\/\/www.eldigitaldeasturias.com\/noticias\/wp-content\/uploads\/2026\/06\/Contenidos.jpg\" \/>\n\t\t<meta property=\"og:image:secure_url\" content=\"https:\/\/www.eldigitaldeasturias.com\/noticias\/wp-content\/uploads\/2026\/06\/Contenidos.jpg\" \/>\n\t\t<meta property=\"og:image:width\" content=\"1265\" \/>\n\t\t<meta property=\"og:image:height\" content=\"697\" \/>\n\t\t<meta property=\"article:tag\" content=\"actualidad\" \/>\n\t\t<meta property=\"article:published_time\" content=\"2014-01-24T04:52:57+00:00\" \/>\n\t\t<meta property=\"article:modified_time\" content=\"2014-01-24T04:52:57+00:00\" \/>\n\t\t<meta property=\"article:publisher\" content=\"https:\/\/facebook.com\/eldigitaldeasturias\" \/>\n\t\t<meta name=\"twitter:card\" content=\"summary_large_image\" \/>\n\t\t<meta name=\"twitter:title\" content=\"S\u00e1enz de Santamar\u00eda asegura que la EPA demuestra que \u00abvamos cambiando camino\u00bb - El Digital de Asturias\" \/>\n\t\t<meta name=\"twitter:description\" content=\"Madrid, 23 ene (EFE).- La vicepresidenta del Gobierno, Soraya S\u00e1enz de Santamar\u00eda, ha asegurado hoy que el dato de la Encuesta de Poblaci\u00f3n Activa (EPA) que se ha conocido hoy demuestra que &quot;vamos cambiando camino&quot;, que &quot;cambiamos las tendencias&quot; y que &quot;empezamos a recortar el desempleo poco a poco&quot; pero con &quot;much\u00edsimo esfuerzo&quot;. En declaraciones\" \/>\n\t\t<meta name=\"twitter:image\" content=\"https:\/\/www.eldigitaldeasturias.com\/noticias\/wp-content\/uploads\/2026\/06\/Contenidos.jpg\" \/>\n\t\t<meta name=\"twitter:label1\" content=\"Escrito por\" \/>\n\t\t<meta name=\"twitter:data1\" content=\"El Digital de Asturias\" \/>\n\t\t<meta name=\"twitter:label2\" content=\"Tiempo de lectura estimado\" \/>\n\t\t<meta name=\"twitter:data2\" content=\"3 minutos\" \/>\n\t\t<script type=\"application\/ld+json\" class=\"aioseo-schema\">\n\t\t\t{\"@context\":\"https:\\\/\\\/schema.org\",\"@graph\":[{\"@type\":\"BlogPosting\",\"@id\":\"https:\\\/\\\/www.eldigitaldeasturias.com\\\/noticias\\\/saenz-de-santamaria-asegura-que-la-epa-demuestra-que-vamos-cambiando-camino\\\/#blogposting\",\"name\":\"S\\u00e1enz de Santamar\\u00eda asegura que la EPA demuestra que \\u00abvamos cambiando camino\\u00bb - El Digital de Asturias\",\"headline\":\"S\\u00e1enz de Santamar\\u00eda asegura que la EPA demuestra que \\u00abvamos cambiando camino\\u00bb\",\"author\":{\"@id\":\"https:\\\/\\\/www.eldigitaldeasturias.com\\\/noticias\\\/author\\\/admin\\\/#author\"},\"publisher\":{\"@id\":\"https:\\\/\\\/www.eldigitaldeasturias.com\\\/noticias\\\/#organization\"},\"image\":{\"@type\":\"ImageObject\",\"url\":\"https:\\\/\\\/www.eldigitaldeasturias.com\\\/noticias\\\/wp-content\\\/uploads\\\/2026\\\/06\\\/Contenidos.jpg\",\"width\":1265,\"height\":697,\"caption\":\"Contenidos\"},\"datePublished\":\"2014-01-24T03:52:57+01:00\",\"dateModified\":\"2014-01-24T03:52:57+01:00\",\"inLanguage\":\"es-ES\",\"mainEntityOfPage\":{\"@id\":\"https:\\\/\\\/www.eldigitaldeasturias.com\\\/noticias\\\/saenz-de-santamaria-asegura-que-la-epa-demuestra-que-vamos-cambiando-camino\\\/#webpage\"},\"isPartOf\":{\"@id\":\"https:\\\/\\\/www.eldigitaldeasturias.com\\\/noticias\\\/saenz-de-santamaria-asegura-que-la-epa-demuestra-que-vamos-cambiando-camino\\\/#webpage\"},\"articleSection\":\"Actualidad\"},{\"@type\":\"BreadcrumbList\",\"@id\":\"https:\\\/\\\/www.eldigitaldeasturias.com\\\/noticias\\\/saenz-de-santamaria-asegura-que-la-epa-demuestra-que-vamos-cambiando-camino\\\/#breadcrumblist\",\"itemListElement\":[{\"@type\":\"ListItem\",\"@id\":\"https:\\\/\\\/www.eldigitaldeasturias.com\\\/noticias#listItem\",\"position\":1,\"name\":\"Home\",\"item\":\"https:\\\/\\\/www.eldigitaldeasturias.com\\\/noticias\",\"nextItem\":{\"@type\":\"ListItem\",\"@id\":\"https:\\\/\\\/www.eldigitaldeasturias.com\\\/noticias\\\/category\\\/actualidad\\\/#listItem\",\"name\":\"Actualidad\"}},{\"@type\":\"ListItem\",\"@id\":\"https:\\\/\\\/www.eldigitaldeasturias.com\\\/noticias\\\/category\\\/actualidad\\\/#listItem\",\"position\":2,\"name\":\"Actualidad\",\"item\":\"https:\\\/\\\/www.eldigitaldeasturias.com\\\/noticias\\\/category\\\/actualidad\\\/\",\"nextItem\":{\"@type\":\"ListItem\",\"@id\":\"https:\\\/\\\/www.eldigitaldeasturias.com\\\/noticias\\\/saenz-de-santamaria-asegura-que-la-epa-demuestra-que-vamos-cambiando-camino\\\/#listItem\",\"name\":\"S\\u00e1enz de Santamar\\u00eda asegura que la EPA demuestra que \\u00abvamos cambiando camino\\u00bb\"},\"previousItem\":{\"@type\":\"ListItem\",\"@id\":\"https:\\\/\\\/www.eldigitaldeasturias.com\\\/noticias#listItem\",\"name\":\"Home\"}},{\"@type\":\"ListItem\",\"@id\":\"https:\\\/\\\/www.eldigitaldeasturias.com\\\/noticias\\\/saenz-de-santamaria-asegura-que-la-epa-demuestra-que-vamos-cambiando-camino\\\/#listItem\",\"position\":3,\"name\":\"S\\u00e1enz de Santamar\\u00eda asegura que la EPA demuestra que \\u00abvamos cambiando camino\\u00bb\",\"previousItem\":{\"@type\":\"ListItem\",\"@id\":\"https:\\\/\\\/www.eldigitaldeasturias.com\\\/noticias\\\/category\\\/actualidad\\\/#listItem\",\"name\":\"Actualidad\"}}]},{\"@type\":\"Organization\",\"@id\":\"https:\\\/\\\/www.eldigitaldeasturias.com\\\/noticias\\\/#organization\",\"name\":\"El Digital de Asturias\",\"description\":\"Hemeroteca\",\"url\":\"https:\\\/\\\/www.eldigitaldeasturias.com\\\/noticias\\\/\",\"email\":\"info@eldigitaldeasturias.com\",\"telephone\":\"+34652131393\",\"logo\":{\"@type\":\"ImageObject\",\"url\":\"https:\\\/\\\/www.eldigitaldeasturias.com\\\/noticias\\\/wp-content\\\/uploads\\\/2020\\\/12\\\/EDA.jpg\",\"@id\":\"https:\\\/\\\/www.eldigitaldeasturias.com\\\/noticias\\\/saenz-de-santamaria-asegura-que-la-epa-demuestra-que-vamos-cambiando-camino\\\/#organizationLogo\"},\"image\":{\"@id\":\"https:\\\/\\\/www.eldigitaldeasturias.com\\\/noticias\\\/saenz-de-santamaria-asegura-que-la-epa-demuestra-que-vamos-cambiando-camino\\\/#organizationLogo\"},\"sameAs\":[\"https:\\\/\\\/facebook.com\\\/eldigitaldeasturias\",\"https:\\\/\\\/www.youtube.com\\\/channel\\\/UCZP-2wLEB9Rv6erhFmqVnvg\"],\"address\":{\"@id\":\"https:\\\/\\\/www.eldigitaldeasturias.com\\\/noticias\\\/#postaladdress\",\"@type\":\"PostalAddress\",\"streetAddress\":\"san antonio 4\",\"postalCode\":\"33430\",\"addressLocality\":\"Cand\\u00e1s\",\"addressRegion\":\"Asturias\",\"addressCountry\":\"ES\"}},{\"@type\":\"Person\",\"@id\":\"https:\\\/\\\/www.eldigitaldeasturias.com\\\/noticias\\\/author\\\/admin\\\/#author\",\"url\":\"https:\\\/\\\/www.eldigitaldeasturias.com\\\/noticias\\\/author\\\/admin\\\/\",\"name\":\"El Digital de Asturias\",\"image\":{\"@type\":\"ImageObject\",\"@id\":\"https:\\\/\\\/www.eldigitaldeasturias.com\\\/noticias\\\/saenz-de-santamaria-asegura-que-la-epa-demuestra-que-vamos-cambiando-camino\\\/#authorImage\",\"url\":\"https:\\\/\\\/secure.gravatar.com\\\/avatar\\\/df2aeffc32bcd13f8d26072ef8a91b623d677766deac7f97ca815868cd41bf5e?s=96&d=mm&r=g\",\"width\":96,\"height\":96,\"caption\":\"El Digital de Asturias\"}},{\"@type\":\"WebPage\",\"@id\":\"https:\\\/\\\/www.eldigitaldeasturias.com\\\/noticias\\\/saenz-de-santamaria-asegura-que-la-epa-demuestra-que-vamos-cambiando-camino\\\/#webpage\",\"url\":\"https:\\\/\\\/www.eldigitaldeasturias.com\\\/noticias\\\/saenz-de-santamaria-asegura-que-la-epa-demuestra-que-vamos-cambiando-camino\\\/\",\"name\":\"S\\u00e1enz de Santamar\\u00eda asegura que la EPA demuestra que \\u00abvamos cambiando camino\\u00bb - El Digital de Asturias\",\"description\":\"Madrid, 23 ene (EFE).- La vicepresidenta del Gobierno, Soraya S\\u00e1enz de Santamar\\u00eda, ha asegurado hoy que el dato de la Encuesta de Poblaci\\u00f3n Activa (EPA) que se ha conocido hoy demuestra que \\\"vamos cambiando camino\\\", que \\\"cambiamos las tendencias\\\" y que \\\"empezamos a recortar el desempleo poco a poco\\\" pero con \\\"much\\u00edsimo esfuerzo\\\". En declaraciones\",\"inLanguage\":\"es-ES\",\"isPartOf\":{\"@id\":\"https:\\\/\\\/www.eldigitaldeasturias.com\\\/noticias\\\/#website\"},\"breadcrumb\":{\"@id\":\"https:\\\/\\\/www.eldigitaldeasturias.com\\\/noticias\\\/saenz-de-santamaria-asegura-que-la-epa-demuestra-que-vamos-cambiando-camino\\\/#breadcrumblist\"},\"author\":{\"@id\":\"https:\\\/\\\/www.eldigitaldeasturias.com\\\/noticias\\\/author\\\/admin\\\/#author\"},\"creator\":{\"@id\":\"https:\\\/\\\/www.eldigitaldeasturias.com\\\/noticias\\\/author\\\/admin\\\/#author\"},\"image\":{\"@type\":\"ImageObject\",\"url\":\"https:\\\/\\\/www.eldigitaldeasturias.com\\\/noticias\\\/wp-content\\\/uploads\\\/2026\\\/06\\\/Contenidos.jpg\",\"@id\":\"https:\\\/\\\/www.eldigitaldeasturias.com\\\/noticias\\\/saenz-de-santamaria-asegura-que-la-epa-demuestra-que-vamos-cambiando-camino\\\/#mainImage\",\"width\":1265,\"height\":697,\"caption\":\"Contenidos\"},\"primaryImageOfPage\":{\"@id\":\"https:\\\/\\\/www.eldigitaldeasturias.com\\\/noticias\\\/saenz-de-santamaria-asegura-que-la-epa-demuestra-que-vamos-cambiando-camino\\\/#mainImage\"},\"datePublished\":\"2014-01-24T03:52:57+01:00\",\"dateModified\":\"2014-01-24T03:52:57+01:00\"},{\"@type\":\"WebSite\",\"@id\":\"https:\\\/\\\/www.eldigitaldeasturias.com\\\/noticias\\\/#website\",\"url\":\"https:\\\/\\\/www.eldigitaldeasturias.com\\\/noticias\\\/\",\"name\":\"El Digital de Asturias - Diario de actualidad y noticias\",\"alternateName\":\"El Digital de Asturias - Diario de actualidad y noticias\",\"description\":\"Hemeroteca\",\"inLanguage\":\"es-ES\",\"publisher\":{\"@id\":\"https:\\\/\\\/www.eldigitaldeasturias.com\\\/noticias\\\/#organization\"}}]}\n\t\t<\/script>\n\t\t<!-- All in One SEO Pro -->\r\n\t\t<title>S\u00e1enz de Santamar\u00eda asegura que la EPA demuestra que \u00abvamos cambiando camino\u00bb - El Digital de Asturias<\/title>\n\n","aioseo_head_json":{"title":"S\u00e1enz de Santamar\u00eda asegura que la EPA demuestra que \u00abvamos cambiando camino\u00bb - El Digital de Asturias","description":"Madrid, 23 ene (EFE).- La vicepresidenta del Gobierno, Soraya S\u00e1enz de Santamar\u00eda, ha asegurado hoy que el dato de la Encuesta de Poblaci\u00f3n Activa (EPA) que se ha conocido hoy demuestra que \"vamos cambiando camino\", que \"cambiamos las tendencias\" y que \"empezamos a recortar el desempleo poco a poco\" pero con \"much\u00edsimo esfuerzo\". En declaraciones","canonical_url":"https:\/\/www.eldigitaldeasturias.com\/noticias\/saenz-de-santamaria-asegura-que-la-epa-demuestra-que-vamos-cambiando-camino\/","robots":"max-image-preview:large","keywords":"actualidad","webmasterTools":{"google-site-verification":"UA-38556648-1","msvalidate.01":"7dfe9f3f1b24437ab69f4f2559babe99","miscellaneous":""},"schema":{"@context":"https:\/\/schema.org","@graph":[{"@type":"BlogPosting","@id":"https:\/\/www.eldigitaldeasturias.com\/noticias\/saenz-de-santamaria-asegura-que-la-epa-demuestra-que-vamos-cambiando-camino\/#blogposting","name":"S\u00e1enz de Santamar\u00eda asegura que la EPA demuestra que \u00abvamos cambiando camino\u00bb - El Digital de Asturias","headline":"S\u00e1enz de Santamar\u00eda asegura que la EPA demuestra que \u00abvamos cambiando camino\u00bb","author":{"@id":"https:\/\/www.eldigitaldeasturias.com\/noticias\/author\/admin\/#author"},"publisher":{"@id":"https:\/\/www.eldigitaldeasturias.com\/noticias\/#organization"},"image":{"@type":"ImageObject","url":"https:\/\/www.eldigitaldeasturias.com\/noticias\/wp-content\/uploads\/2026\/06\/Contenidos.jpg","width":1265,"height":697,"caption":"Contenidos"},"datePublished":"2014-01-24T03:52:57+01:00","dateModified":"2014-01-24T03:52:57+01:00","inLanguage":"es-ES","mainEntityOfPage":{"@id":"https:\/\/www.eldigitaldeasturias.com\/noticias\/saenz-de-santamaria-asegura-que-la-epa-demuestra-que-vamos-cambiando-camino\/#webpage"},"isPartOf":{"@id":"https:\/\/www.eldigitaldeasturias.com\/noticias\/saenz-de-santamaria-asegura-que-la-epa-demuestra-que-vamos-cambiando-camino\/#webpage"},"articleSection":"Actualidad"},{"@type":"BreadcrumbList","@id":"https:\/\/www.eldigitaldeasturias.com\/noticias\/saenz-de-santamaria-asegura-que-la-epa-demuestra-que-vamos-cambiando-camino\/#breadcrumblist","itemListElement":[{"@type":"ListItem","@id":"https:\/\/www.eldigitaldeasturias.com\/noticias#listItem","position":1,"name":"Home","item":"https:\/\/www.eldigitaldeasturias.com\/noticias","nextItem":{"@type":"ListItem","@id":"https:\/\/www.eldigitaldeasturias.com\/noticias\/category\/actualidad\/#listItem","name":"Actualidad"}},{"@type":"ListItem","@id":"https:\/\/www.eldigitaldeasturias.com\/noticias\/category\/actualidad\/#listItem","position":2,"name":"Actualidad","item":"https:\/\/www.eldigitaldeasturias.com\/noticias\/category\/actualidad\/","nextItem":{"@type":"ListItem","@id":"https:\/\/www.eldigitaldeasturias.com\/noticias\/saenz-de-santamaria-asegura-que-la-epa-demuestra-que-vamos-cambiando-camino\/#listItem","name":"S\u00e1enz de Santamar\u00eda asegura que la EPA demuestra que \u00abvamos cambiando camino\u00bb"},"previousItem":{"@type":"ListItem","@id":"https:\/\/www.eldigitaldeasturias.com\/noticias#listItem","name":"Home"}},{"@type":"ListItem","@id":"https:\/\/www.eldigitaldeasturias.com\/noticias\/saenz-de-santamaria-asegura-que-la-epa-demuestra-que-vamos-cambiando-camino\/#listItem","position":3,"name":"S\u00e1enz de Santamar\u00eda asegura que la EPA demuestra que \u00abvamos cambiando camino\u00bb","previousItem":{"@type":"ListItem","@id":"https:\/\/www.eldigitaldeasturias.com\/noticias\/category\/actualidad\/#listItem","name":"Actualidad"}}]},{"@type":"Organization","@id":"https:\/\/www.eldigitaldeasturias.com\/noticias\/#organization","name":"El Digital de Asturias","description":"Hemeroteca","url":"https:\/\/www.eldigitaldeasturias.com\/noticias\/","email":"info@eldigitaldeasturias.com","telephone":"+34652131393","logo":{"@type":"ImageObject","url":"https:\/\/www.eldigitaldeasturias.com\/noticias\/wp-content\/uploads\/2020\/12\/EDA.jpg","@id":"https:\/\/www.eldigitaldeasturias.com\/noticias\/saenz-de-santamaria-asegura-que-la-epa-demuestra-que-vamos-cambiando-camino\/#organizationLogo"},"image":{"@id":"https:\/\/www.eldigitaldeasturias.com\/noticias\/saenz-de-santamaria-asegura-que-la-epa-demuestra-que-vamos-cambiando-camino\/#organizationLogo"},"sameAs":["https:\/\/facebook.com\/eldigitaldeasturias","https:\/\/www.youtube.com\/channel\/UCZP-2wLEB9Rv6erhFmqVnvg"],"address":{"@id":"https:\/\/www.eldigitaldeasturias.com\/noticias\/#postaladdress","@type":"PostalAddress","streetAddress":"san antonio 4","postalCode":"33430","addressLocality":"Cand\u00e1s","addressRegion":"Asturias","addressCountry":"ES"}},{"@type":"Person","@id":"https:\/\/www.eldigitaldeasturias.com\/noticias\/author\/admin\/#author","url":"https:\/\/www.eldigitaldeasturias.com\/noticias\/author\/admin\/","name":"El Digital de Asturias","image":{"@type":"ImageObject","@id":"https:\/\/www.eldigitaldeasturias.com\/noticias\/saenz-de-santamaria-asegura-que-la-epa-demuestra-que-vamos-cambiando-camino\/#authorImage","url":"https:\/\/secure.gravatar.com\/avatar\/df2aeffc32bcd13f8d26072ef8a91b623d677766deac7f97ca815868cd41bf5e?s=96&d=mm&r=g","width":96,"height":96,"caption":"El Digital de Asturias"}},{"@type":"WebPage","@id":"https:\/\/www.eldigitaldeasturias.com\/noticias\/saenz-de-santamaria-asegura-que-la-epa-demuestra-que-vamos-cambiando-camino\/#webpage","url":"https:\/\/www.eldigitaldeasturias.com\/noticias\/saenz-de-santamaria-asegura-que-la-epa-demuestra-que-vamos-cambiando-camino\/","name":"S\u00e1enz de Santamar\u00eda asegura que la EPA demuestra que \u00abvamos cambiando camino\u00bb - El Digital de Asturias","description":"Madrid, 23 ene (EFE).- La vicepresidenta del Gobierno, Soraya S\u00e1enz de Santamar\u00eda, ha asegurado hoy que el dato de la Encuesta de Poblaci\u00f3n Activa (EPA) que se ha conocido hoy demuestra que \"vamos cambiando camino\", que \"cambiamos las tendencias\" y que \"empezamos a recortar el desempleo poco a poco\" pero con \"much\u00edsimo esfuerzo\". En declaraciones","inLanguage":"es-ES","isPartOf":{"@id":"https:\/\/www.eldigitaldeasturias.com\/noticias\/#website"},"breadcrumb":{"@id":"https:\/\/www.eldigitaldeasturias.com\/noticias\/saenz-de-santamaria-asegura-que-la-epa-demuestra-que-vamos-cambiando-camino\/#breadcrumblist"},"author":{"@id":"https:\/\/www.eldigitaldeasturias.com\/noticias\/author\/admin\/#author"},"creator":{"@id":"https:\/\/www.eldigitaldeasturias.com\/noticias\/author\/admin\/#author"},"image":{"@type":"ImageObject","url":"https:\/\/www.eldigitaldeasturias.com\/noticias\/wp-content\/uploads\/2026\/06\/Contenidos.jpg","@id":"https:\/\/www.eldigitaldeasturias.com\/noticias\/saenz-de-santamaria-asegura-que-la-epa-demuestra-que-vamos-cambiando-camino\/#mainImage","width":1265,"height":697,"caption":"Contenidos"},"primaryImageOfPage":{"@id":"https:\/\/www.eldigitaldeasturias.com\/noticias\/saenz-de-santamaria-asegura-que-la-epa-demuestra-que-vamos-cambiando-camino\/#mainImage"},"datePublished":"2014-01-24T03:52:57+01:00","dateModified":"2014-01-24T03:52:57+01:00"},{"@type":"WebSite","@id":"https:\/\/www.eldigitaldeasturias.com\/noticias\/#website","url":"https:\/\/www.eldigitaldeasturias.com\/noticias\/","name":"El Digital de Asturias - Diario de actualidad y noticias","alternateName":"El Digital de Asturias - Diario de actualidad y noticias","description":"Hemeroteca","inLanguage":"es-ES","publisher":{"@id":"https:\/\/www.eldigitaldeasturias.com\/noticias\/#organization"}}]},"og:locale":"es_ES","og:site_name":"El Digital de Asturias","og:type":"article","og:title":"S\u00e1enz de Santamar\u00eda asegura que la EPA demuestra que \u00abvamos cambiando camino\u00bb - El Digital de Asturias","og:description":"Madrid, 23 ene (EFE).- La vicepresidenta del Gobierno, Soraya S\u00e1enz de Santamar\u00eda, ha asegurado hoy que el dato de la Encuesta de Poblaci\u00f3n Activa (EPA) que se ha conocido hoy demuestra que &quot;vamos cambiando camino&quot;, que &quot;cambiamos las tendencias&quot; y que &quot;empezamos a recortar el desempleo poco a poco&quot; pero con &quot;much\u00edsimo esfuerzo&quot;. En declaraciones","og:url":"https:\/\/www.eldigitaldeasturias.com\/noticias\/saenz-de-santamaria-asegura-que-la-epa-demuestra-que-vamos-cambiando-camino\/","og:image":"https:\/\/www.eldigitaldeasturias.com\/noticias\/wp-content\/uploads\/2026\/06\/Contenidos.jpg","og:image:secure_url":"https:\/\/www.eldigitaldeasturias.com\/noticias\/wp-content\/uploads\/2026\/06\/Contenidos.jpg","og:image:width":1265,"og:image:height":697,"article:tag":["actualidad"],"article:published_time":"2014-01-24T04:52:57+00:00","article:modified_time":"2014-01-24T04:52:57+00:00","article:publisher":"https:\/\/facebook.com\/eldigitaldeasturias","twitter:card":"summary_large_image","twitter:title":"S\u00e1enz de Santamar\u00eda asegura que la EPA demuestra que \u00abvamos cambiando camino\u00bb - El Digital de Asturias","twitter:description":"Madrid, 23 ene (EFE).- La vicepresidenta del Gobierno, Soraya S\u00e1enz de Santamar\u00eda, ha asegurado hoy que el dato de la Encuesta de Poblaci\u00f3n Activa (EPA) que se ha conocido hoy demuestra que &quot;vamos cambiando camino&quot;, que &quot;cambiamos las tendencias&quot; y que &quot;empezamos a recortar el desempleo poco a poco&quot; pero con &quot;much\u00edsimo esfuerzo&quot;. En declaraciones","twitter:image":"https:\/\/www.eldigitaldeasturias.com\/noticias\/wp-content\/uploads\/2026\/06\/Contenidos.jpg","twitter:label1":"Escrito por","twitter:data1":"El Digital de Asturias","twitter:label2":"Tiempo de lectura estimado","twitter:data2":"3 minutos"},"aioseo_meta_data":{"post_id":"477770","title":null,"description":null,"keywords":null,"keyphrases":null,"primary_term":null,"canonical_url":null,"og_title":null,"og_description":null,"og_object_type":"default","og_image_type":"default","og_image_url":null,"og_image_width":null,"og_image_height":null,"og_image_custom_url":null,"og_image_custom_fields":null,"og_video":null,"og_custom_url":null,"og_article_section":null,"og_article_tags":null,"twitter_use_og":true,"twitter_card":"default","twitter_image_type":"default","twitter_image_url":null,"twitter_image_custom_url":null,"twitter_image_custom_fields":null,"twitter_title":null,"twitter_description":null,"schema":{"blockGraphs":[],"customGraphs":[],"default":{"data":{"Article":[],"Course":[],"Dataset":[],"FAQPage":[],"Movie":[],"Person":[],"Product":[],"ProductReview":[],"Car":[],"Recipe":[],"Service":[],"SoftwareApplication":[],"WebPage":[]},"graphName":"","isEnabled":true},"graphs":[]},"schema_type":null,"schema_type_options":null,"pillar_content":false,"robots_default":true,"robots_noindex":false,"robots_noarchive":false,"robots_nosnippet":false,"robots_nofollow":false,"robots_noimageindex":false,"robots_noodp":false,"robots_notranslate":false,"robots_max_snippet":null,"robots_max_videopreview":null,"robots_max_imagepreview":"none","priority":null,"frequency":null,"local_seo":null,"seo_analyzer_scan_date":"2026-06-01 19:34:57","breadcrumb_settings":null,"limit_modified_date":false,"open_ai":null,"ai":null,"created":"2020-11-14 22:53:46","updated":"2026-06-01 19:34:57","focus_keyword":null,"additional_keywords":null,"truseo_locale":null},"aioseo_breadcrumb":"<div class=\"aioseo-breadcrumbs\"><span class=\"aioseo-breadcrumb\">\n\t<a href=\"https:\/\/www.eldigitaldeasturias.com\/noticias\" title=\"Home\">Home<\/a>\n<\/span><span class=\"aioseo-breadcrumb-separator\">\u2013<\/span><span class=\"aioseo-breadcrumb\">\n\t<a href=\"https:\/\/www.eldigitaldeasturias.com\/noticias\/category\/actualidad\/\" title=\"Actualidad\">Actualidad<\/a>\n<\/span><span class=\"aioseo-breadcrumb-separator\">\u2013<\/span><span class=\"aioseo-breadcrumb\">\n\t<a href=\"https:\/\/www.eldigitaldeasturias.com\/noticias\/saenz-de-santamaria-asegura-que-la-epa-demuestra-que-vamos-cambiando-camino\/\" title=\"S\u00e1enz de Santamar\u00eda asegura que la EPA demuestra que \u00abvamos cambiando camino\u00bb\">S\u00e1enz de Santamar\u00eda asegura que la EPA demuestra que \u00abvamos cambiando camino\u00bb<\/a>\n<\/span><\/div>","aioseo_breadcrumb_json":[{"label":"Home","link":"https:\/\/www.eldigitaldeasturias.com\/noticias"},{"label":"Actualidad","link":"https:\/\/www.eldigitaldeasturias.com\/noticias\/category\/actualidad\/"},{"label":"S\u00e1enz de Santamar\u00eda asegura que la EPA demuestra que \u00abvamos cambiando camino\u00bb","link":"https:\/\/www.eldigitaldeasturias.com\/noticias\/saenz-de-santamaria-asegura-que-la-epa-demuestra-que-vamos-cambiando-camino\/"}],"_links":{"self":[{"href":"https:\/\/www.eldigitaldeasturias.com\/noticias\/wp-json\/wp\/v2\/posts\/477770","targetHints":{"allow":["GET"]}}],"collection":[{"href":"https:\/\/www.eldigitaldeasturias.com\/noticias\/wp-json\/wp\/v2\/posts"}],"about":[{"href":"https:\/\/www.eldigitaldeasturias.com\/noticias\/wp-json\/wp\/v2\/types\/post"}],"author":[{"embeddable":true,"href":"https:\/\/www.eldigitaldeasturias.com\/noticias\/wp-json\/wp\/v2\/users\/1"}],"replies":[{"embeddable":true,"href":"https:\/\/www.eldigitaldeasturias.com\/noticias\/wp-json\/wp\/v2\/comments?post=477770"}],"version-history":[{"count":0,"href":"https:\/\/www.eldigitaldeasturias.com\/noticias\/wp-json\/wp\/v2\/posts\/477770\/revisions"}],"wp:featuredmedia":[{"embeddable":true,"href":"https:\/\/www.eldigitaldeasturias.com\/noticias\/wp-json\/wp\/v2\/media\/1132184"}],"wp:attachment":[{"href":"https:\/\/www.eldigitaldeasturias.com\/noticias\/wp-json\/wp\/v2\/media?parent=477770"}],"wp:term":[{"taxonomy":"category","embeddable":true,"href":"https:\/\/www.eldigitaldeasturias.com\/noticias\/wp-json\/wp\/v2\/categories?post=477770"},{"taxonomy":"post_tag","embeddable":true,"href":"https:\/\/www.eldigitaldeasturias.com\/noticias\/wp-json\/wp\/v2\/tags?post=477770"}],"curies":[{"name":"wp","href":"https:\/\/api.w.org\/{rel}","templated":true}]}}