{"id":477760,"date":"2014-01-23T22:21:57","date_gmt":"2014-01-23T23:21:57","guid":{"rendered":"http:\/\/www.eldigitaldeasturias.com\/noticias\/?p=477760"},"modified":"2014-01-23T22:22:51","modified_gmt":"2014-01-23T23:22:51","slug":"mujica-hablara-con-santos-y-las-farc-en-cuba-despues-de-cumbre-de-la-celac","status":"publish","type":"post","link":"https:\/\/www.eldigitaldeasturias.com\/noticias\/mujica-hablara-con-santos-y-las-farc-en-cuba-despues-de-cumbre-de-la-celac\/","title":{"rendered":"Mujica hablar\u00e1 con Santos y las FARC en Cuba despu\u00e9s de Cumbre de la Celac"},"content":{"rendered":"<p><img loading=\"lazy\" decoding=\"async\" class=\"alignleft size-medium wp-image-477761\" alt=\"5870592w\" src=\"https:\/\/www.eldigitaldeasturias.com\/noticias\/wp-content\/uploads\/2014\/01\/5870592w-360x247.jpg\" width=\"360\" height=\"247\" \/>Montevideo, 23 ene (EFE).- El presidente de Uruguay, Jos\u00e9 Mujica, anunci\u00f3 que pretende reunirse con su hom\u00f3logo colombiano, Juan Manuel Santos, y con representantes de la guerrilla de las FARC en Cuba, despu\u00e9s de participar en la II Cumbre de la Celac, que se celebrar\u00e1 en La Habana la pr\u00f3xima semana.<\/p>\n<p>\u00abMe voy a quedar unos d\u00edas despu\u00e9s de la Cumbre. Y voy a hablar con el presidente Juan Manuel Santos y con las FARC (Fuerzas Armadas Revolucionarias de Colombia\u00bb, dijo en declaraciones exclusivas al semanario uruguayo B\u00fasqueda, publicadas hoy.<\/p>\n<p>Fuentes de la Presidencia consultadas por Efe no pudieron confirmar ese extremo, aunque s\u00ed que el gobernante viajar\u00e1 a la cita multilateral y que lo har\u00e1 acompa\u00f1ado de su ministro de Relaciones Exteriores, Luis Almagro.<\/p>\n<p>Mujica explic\u00f3 a B\u00fasqueda que quiere \u00abseguir ayudando nuevamente y en concreto para que se acelere el proceso de negociaci\u00f3n y sientan el aliento moral de que la causa en que est\u00e1n metidos merece sin duda alguna todo el respaldo\u00bb.<\/p>\n<p>\u00abNunca antes, desde hace 50 a\u00f1os, en que empez\u00f3 ese enfrentamiento, se estuvo tan cerca de concretar la paz. Ese es un objetivo superior y merece todo el apoyo\u00bb, recalc\u00f3.<\/p>\n<p>La reuni\u00f3n de la Comunidad de Estados Latinoamericanos y Caribe\u00f1os (Celac) se celebra los d\u00edas 28 y 29 de enero en la capital cubana.<\/p>\n<p>El mandatario uruguayo se ha convertido en los \u00faltimos meses en uno de los principales animadores externos del proceso de paz iniciado el a\u00f1o pasado por el Gobierno colombiano y las FARC, alentando con sus comentarios y acciones al di\u00e1logo para que el proceso llegue a buen puerto.<\/p>\n<p>Se ha reunido por separado con Santos en Colombia y con representantes de las FARC en Cuba, sede de las conversaciones de paz, e incluso esta cuesti\u00f3n fue el tema central de la entrevista que sostuvo el a\u00f1o pasado en el Vaticano con el papa Francisco, al que invit\u00f3 a involucrarse en el asunto.<\/p>\n<p>Adem\u00e1s, ha ofrecido Uruguay como sede de un eventual proceso de negociaci\u00f3n similar entre el Gobierno colombiano y el Ej\u00e9rcito de Liberaci\u00f3n Nacional (ELN), la segunda guerrilla del pa\u00eds.<\/p>\n<p>Mujica lider\u00f3 la guerrilla uruguaya de los tupamaros, que en los a\u00f1os 1960 y 1970 cometi\u00f3 asaltos, secuestros, atentados y asesinatos en una \u00e9poca de alta conflictividad social previa a la dictadura (1973-1985), per\u00edodo en el que fue neutralizada por la polic\u00eda y las Fuerzas Armadas.<\/p>\n<p>El actual mandatario, de 78 a\u00f1os y perteneciente al bloque izquierdista Frente Amplio, estuvo preso durante catorce a\u00f1os.<\/p>\n<p>Al restituirse la democracia en el pa\u00eds en 1985 se incorpor\u00f3 a la vida pol\u00edtica, lo que le permiti\u00f3 llegar a ser diputado, senador, ministro de Agricultura, Ganader\u00eda y Pesca, y finalmente presidente en 2010 tras ganar las elecciones del a\u00f1o anterior.<\/p>\n","protected":false},"excerpt":{"rendered":"<p>Montevideo, 23 ene (EFE).- El presidente de Uruguay, Jos\u00e9 Mujica, anunci\u00f3 que pretende reunirse con su hom\u00f3logo colombiano, Juan Manuel Santos, y con representantes de la guerrilla de las FARC en Cuba, despu\u00e9s de participar en la II Cumbre de la Celac, que se celebrar\u00e1 en La Habana la pr\u00f3xima semana. \u00abMe voy a quedar [&hellip;]<\/p>\n","protected":false},"author":1,"featured_media":1132184,"comment_status":"closed","ping_status":"open","sticky":false,"template":"","format":"standard","meta":{"footnotes":""},"categories":[1],"tags":[],"class_list":["post-477760","post","type-post","status-publish","format-standard","has-post-thumbnail","hentry","category-actualidad"],"aioseo_notices":[],"aioseo_head":"\n\t\t<!-- All in One SEO Pro 5.0.1 - aioseo.com -->\n\t<meta name=\"description\" content=\"Montevideo, 23 ene (EFE).- El presidente de Uruguay, Jos\u00e9 Mujica, anunci\u00f3 que pretende reunirse con su hom\u00f3logo colombiano, Juan Manuel Santos, y con representantes de la guerrilla de las FARC en Cuba, despu\u00e9s de participar en la II Cumbre de la Celac, que se celebrar\u00e1 en La Habana la pr\u00f3xima semana. &quot;Me voy a quedar\" \/>\n\t<meta name=\"robots\" content=\"max-image-preview:large\" \/>\n\t<meta name=\"author\" content=\"El Digital de Asturias\"\/>\n\t<meta name=\"google-site-verification\" content=\"UA-38556648-1\" \/>\n\t<meta name=\"msvalidate.01\" content=\"7dfe9f3f1b24437ab69f4f2559babe99\" \/>\n\t<meta name=\"keywords\" content=\"actualidad\" \/>\n\t<link rel=\"canonical\" href=\"https:\/\/www.eldigitaldeasturias.com\/noticias\/mujica-hablara-con-santos-y-las-farc-en-cuba-despues-de-cumbre-de-la-celac\/\" \/>\n\t<meta name=\"generator\" content=\"All in One SEO Pro (AIOSEO) 5.0.1\" \/>\n\t\t<meta property=\"og:locale\" content=\"es_ES\" \/>\n\t\t<meta property=\"og:site_name\" content=\"El Digital de Asturias\" \/>\n\t\t<meta property=\"og:type\" content=\"article\" \/>\n\t\t<meta property=\"og:title\" content=\"Mujica hablar\u00e1 con Santos y las FARC en Cuba despu\u00e9s de Cumbre de la Celac - El Digital de Asturias\" \/>\n\t\t<meta property=\"og:description\" content=\"Montevideo, 23 ene (EFE).- El presidente de Uruguay, Jos\u00e9 Mujica, anunci\u00f3 que pretende reunirse con su hom\u00f3logo colombiano, Juan Manuel Santos, y con representantes de la guerrilla de las FARC en Cuba, despu\u00e9s de participar en la II Cumbre de la Celac, que se celebrar\u00e1 en La Habana la pr\u00f3xima semana. &quot;Me voy a quedar\" \/>\n\t\t<meta property=\"og:url\" content=\"https:\/\/www.eldigitaldeasturias.com\/noticias\/mujica-hablara-con-santos-y-las-farc-en-cuba-despues-de-cumbre-de-la-celac\/\" \/>\n\t\t<meta property=\"og:image\" content=\"https:\/\/www.eldigitaldeasturias.com\/noticias\/wp-content\/uploads\/2026\/06\/Contenidos.jpg\" \/>\n\t\t<meta property=\"og:image:secure_url\" content=\"https:\/\/www.eldigitaldeasturias.com\/noticias\/wp-content\/uploads\/2026\/06\/Contenidos.jpg\" \/>\n\t\t<meta property=\"og:image:width\" content=\"1265\" \/>\n\t\t<meta property=\"og:image:height\" content=\"697\" \/>\n\t\t<meta property=\"article:tag\" content=\"actualidad\" \/>\n\t\t<meta property=\"article:published_time\" content=\"2014-01-23T23:21:57+00:00\" \/>\n\t\t<meta property=\"article:modified_time\" content=\"2014-01-23T23:22:51+00:00\" \/>\n\t\t<meta property=\"article:publisher\" content=\"https:\/\/facebook.com\/eldigitaldeasturias\" \/>\n\t\t<meta name=\"twitter:card\" content=\"summary_large_image\" \/>\n\t\t<meta name=\"twitter:title\" content=\"Mujica hablar\u00e1 con Santos y las FARC en Cuba despu\u00e9s de Cumbre de la Celac - El Digital de Asturias\" \/>\n\t\t<meta name=\"twitter:description\" content=\"Montevideo, 23 ene (EFE).- El presidente de Uruguay, Jos\u00e9 Mujica, anunci\u00f3 que pretende reunirse con su hom\u00f3logo colombiano, Juan Manuel Santos, y con representantes de la guerrilla de las FARC en Cuba, despu\u00e9s de participar en la II Cumbre de la Celac, que se celebrar\u00e1 en La Habana la pr\u00f3xima semana. &quot;Me voy a quedar\" \/>\n\t\t<meta name=\"twitter:image\" content=\"https:\/\/www.eldigitaldeasturias.com\/noticias\/wp-content\/uploads\/2026\/06\/Contenidos.jpg\" \/>\n\t\t<meta name=\"twitter:label1\" content=\"Escrito por\" \/>\n\t\t<meta name=\"twitter:data1\" content=\"El Digital de Asturias\" \/>\n\t\t<meta name=\"twitter:label2\" content=\"Tiempo de lectura estimado\" \/>\n\t\t<meta name=\"twitter:data2\" content=\"2 minutos\" \/>\n\t\t<script type=\"application\/ld+json\" class=\"aioseo-schema\">\n\t\t\t{\"@context\":\"https:\\\/\\\/schema.org\",\"@graph\":[{\"@type\":\"BlogPosting\",\"@id\":\"https:\\\/\\\/www.eldigitaldeasturias.com\\\/noticias\\\/mujica-hablara-con-santos-y-las-farc-en-cuba-despues-de-cumbre-de-la-celac\\\/#blogposting\",\"name\":\"Mujica hablar\\u00e1 con Santos y las FARC en Cuba despu\\u00e9s de Cumbre de la Celac - El Digital de Asturias\",\"headline\":\"Mujica hablar\\u00e1 con Santos y las FARC en Cuba despu\\u00e9s de Cumbre de la Celac\",\"author\":{\"@id\":\"https:\\\/\\\/www.eldigitaldeasturias.com\\\/noticias\\\/author\\\/admin\\\/#author\"},\"publisher\":{\"@id\":\"https:\\\/\\\/www.eldigitaldeasturias.com\\\/noticias\\\/#organization\"},\"image\":{\"@type\":\"ImageObject\",\"url\":\"https:\\\/\\\/www.eldigitaldeasturias.com\\\/noticias\\\/wp-content\\\/uploads\\\/2026\\\/06\\\/Contenidos.jpg\",\"width\":1265,\"height\":697,\"caption\":\"Contenidos\"},\"datePublished\":\"2014-01-23T22:21:57+01:00\",\"dateModified\":\"2014-01-23T22:22:51+01:00\",\"inLanguage\":\"es-ES\",\"mainEntityOfPage\":{\"@id\":\"https:\\\/\\\/www.eldigitaldeasturias.com\\\/noticias\\\/mujica-hablara-con-santos-y-las-farc-en-cuba-despues-de-cumbre-de-la-celac\\\/#webpage\"},\"isPartOf\":{\"@id\":\"https:\\\/\\\/www.eldigitaldeasturias.com\\\/noticias\\\/mujica-hablara-con-santos-y-las-farc-en-cuba-despues-de-cumbre-de-la-celac\\\/#webpage\"},\"articleSection\":\"Actualidad\"},{\"@type\":\"BreadcrumbList\",\"@id\":\"https:\\\/\\\/www.eldigitaldeasturias.com\\\/noticias\\\/mujica-hablara-con-santos-y-las-farc-en-cuba-despues-de-cumbre-de-la-celac\\\/#breadcrumblist\",\"itemListElement\":[{\"@type\":\"ListItem\",\"@id\":\"https:\\\/\\\/www.eldigitaldeasturias.com\\\/noticias#listItem\",\"position\":1,\"name\":\"Home\",\"item\":\"https:\\\/\\\/www.eldigitaldeasturias.com\\\/noticias\",\"nextItem\":{\"@type\":\"ListItem\",\"@id\":\"https:\\\/\\\/www.eldigitaldeasturias.com\\\/noticias\\\/category\\\/actualidad\\\/#listItem\",\"name\":\"Actualidad\"}},{\"@type\":\"ListItem\",\"@id\":\"https:\\\/\\\/www.eldigitaldeasturias.com\\\/noticias\\\/category\\\/actualidad\\\/#listItem\",\"position\":2,\"name\":\"Actualidad\",\"item\":\"https:\\\/\\\/www.eldigitaldeasturias.com\\\/noticias\\\/category\\\/actualidad\\\/\",\"nextItem\":{\"@type\":\"ListItem\",\"@id\":\"https:\\\/\\\/www.eldigitaldeasturias.com\\\/noticias\\\/mujica-hablara-con-santos-y-las-farc-en-cuba-despues-de-cumbre-de-la-celac\\\/#listItem\",\"name\":\"Mujica hablar\\u00e1 con Santos y las FARC en Cuba despu\\u00e9s de Cumbre de la Celac\"},\"previousItem\":{\"@type\":\"ListItem\",\"@id\":\"https:\\\/\\\/www.eldigitaldeasturias.com\\\/noticias#listItem\",\"name\":\"Home\"}},{\"@type\":\"ListItem\",\"@id\":\"https:\\\/\\\/www.eldigitaldeasturias.com\\\/noticias\\\/mujica-hablara-con-santos-y-las-farc-en-cuba-despues-de-cumbre-de-la-celac\\\/#listItem\",\"position\":3,\"name\":\"Mujica hablar\\u00e1 con Santos y las FARC en Cuba despu\\u00e9s de Cumbre de la Celac\",\"previousItem\":{\"@type\":\"ListItem\",\"@id\":\"https:\\\/\\\/www.eldigitaldeasturias.com\\\/noticias\\\/category\\\/actualidad\\\/#listItem\",\"name\":\"Actualidad\"}}]},{\"@type\":\"Organization\",\"@id\":\"https:\\\/\\\/www.eldigitaldeasturias.com\\\/noticias\\\/#organization\",\"name\":\"El Digital de Asturias\",\"description\":\"Hemeroteca\",\"url\":\"https:\\\/\\\/www.eldigitaldeasturias.com\\\/noticias\\\/\",\"email\":\"info@eldigitaldeasturias.com\",\"telephone\":\"+34652131393\",\"logo\":{\"@type\":\"ImageObject\",\"url\":\"https:\\\/\\\/www.eldigitaldeasturias.com\\\/noticias\\\/wp-content\\\/uploads\\\/2020\\\/12\\\/EDA.jpg\",\"@id\":\"https:\\\/\\\/www.eldigitaldeasturias.com\\\/noticias\\\/mujica-hablara-con-santos-y-las-farc-en-cuba-despues-de-cumbre-de-la-celac\\\/#organizationLogo\"},\"image\":{\"@id\":\"https:\\\/\\\/www.eldigitaldeasturias.com\\\/noticias\\\/mujica-hablara-con-santos-y-las-farc-en-cuba-despues-de-cumbre-de-la-celac\\\/#organizationLogo\"},\"sameAs\":[\"https:\\\/\\\/facebook.com\\\/eldigitaldeasturias\",\"https:\\\/\\\/www.youtube.com\\\/channel\\\/UCZP-2wLEB9Rv6erhFmqVnvg\"],\"address\":{\"@id\":\"https:\\\/\\\/www.eldigitaldeasturias.com\\\/noticias\\\/#postaladdress\",\"@type\":\"PostalAddress\",\"streetAddress\":\"san antonio 4\",\"postalCode\":\"33430\",\"addressLocality\":\"Cand\\u00e1s\",\"addressRegion\":\"Asturias\",\"addressCountry\":\"ES\"}},{\"@type\":\"Person\",\"@id\":\"https:\\\/\\\/www.eldigitaldeasturias.com\\\/noticias\\\/author\\\/admin\\\/#author\",\"url\":\"https:\\\/\\\/www.eldigitaldeasturias.com\\\/noticias\\\/author\\\/admin\\\/\",\"name\":\"El Digital de Asturias\",\"image\":{\"@type\":\"ImageObject\",\"@id\":\"https:\\\/\\\/www.eldigitaldeasturias.com\\\/noticias\\\/mujica-hablara-con-santos-y-las-farc-en-cuba-despues-de-cumbre-de-la-celac\\\/#authorImage\",\"url\":\"https:\\\/\\\/secure.gravatar.com\\\/avatar\\\/df2aeffc32bcd13f8d26072ef8a91b623d677766deac7f97ca815868cd41bf5e?s=96&d=mm&r=g\",\"width\":96,\"height\":96,\"caption\":\"El Digital de Asturias\"}},{\"@type\":\"WebPage\",\"@id\":\"https:\\\/\\\/www.eldigitaldeasturias.com\\\/noticias\\\/mujica-hablara-con-santos-y-las-farc-en-cuba-despues-de-cumbre-de-la-celac\\\/#webpage\",\"url\":\"https:\\\/\\\/www.eldigitaldeasturias.com\\\/noticias\\\/mujica-hablara-con-santos-y-las-farc-en-cuba-despues-de-cumbre-de-la-celac\\\/\",\"name\":\"Mujica hablar\\u00e1 con Santos y las FARC en Cuba despu\\u00e9s de Cumbre de la Celac - El Digital de Asturias\",\"description\":\"Montevideo, 23 ene (EFE).- El presidente de Uruguay, Jos\\u00e9 Mujica, anunci\\u00f3 que pretende reunirse con su hom\\u00f3logo colombiano, Juan Manuel Santos, y con representantes de la guerrilla de las FARC en Cuba, despu\\u00e9s de participar en la II Cumbre de la Celac, que se celebrar\\u00e1 en La Habana la pr\\u00f3xima semana. \\\"Me voy a quedar\",\"inLanguage\":\"es-ES\",\"isPartOf\":{\"@id\":\"https:\\\/\\\/www.eldigitaldeasturias.com\\\/noticias\\\/#website\"},\"breadcrumb\":{\"@id\":\"https:\\\/\\\/www.eldigitaldeasturias.com\\\/noticias\\\/mujica-hablara-con-santos-y-las-farc-en-cuba-despues-de-cumbre-de-la-celac\\\/#breadcrumblist\"},\"author\":{\"@id\":\"https:\\\/\\\/www.eldigitaldeasturias.com\\\/noticias\\\/author\\\/admin\\\/#author\"},\"creator\":{\"@id\":\"https:\\\/\\\/www.eldigitaldeasturias.com\\\/noticias\\\/author\\\/admin\\\/#author\"},\"image\":{\"@type\":\"ImageObject\",\"url\":\"https:\\\/\\\/www.eldigitaldeasturias.com\\\/noticias\\\/wp-content\\\/uploads\\\/2026\\\/06\\\/Contenidos.jpg\",\"@id\":\"https:\\\/\\\/www.eldigitaldeasturias.com\\\/noticias\\\/mujica-hablara-con-santos-y-las-farc-en-cuba-despues-de-cumbre-de-la-celac\\\/#mainImage\",\"width\":1265,\"height\":697,\"caption\":\"Contenidos\"},\"primaryImageOfPage\":{\"@id\":\"https:\\\/\\\/www.eldigitaldeasturias.com\\\/noticias\\\/mujica-hablara-con-santos-y-las-farc-en-cuba-despues-de-cumbre-de-la-celac\\\/#mainImage\"},\"datePublished\":\"2014-01-23T22:21:57+01:00\",\"dateModified\":\"2014-01-23T22:22:51+01:00\"},{\"@type\":\"WebSite\",\"@id\":\"https:\\\/\\\/www.eldigitaldeasturias.com\\\/noticias\\\/#website\",\"url\":\"https:\\\/\\\/www.eldigitaldeasturias.com\\\/noticias\\\/\",\"name\":\"El Digital de Asturias - Diario de actualidad y noticias\",\"alternateName\":\"El Digital de Asturias - Diario de actualidad y noticias\",\"description\":\"Hemeroteca\",\"inLanguage\":\"es-ES\",\"publisher\":{\"@id\":\"https:\\\/\\\/www.eldigitaldeasturias.com\\\/noticias\\\/#organization\"}}]}\n\t\t<\/script>\n\t\t<!-- All in One SEO Pro -->\r\n\t\t<title>Mujica hablar\u00e1 con Santos y las FARC en Cuba despu\u00e9s de Cumbre de la Celac - El Digital de Asturias<\/title>\n\n","aioseo_head_json":{"title":"Mujica hablar\u00e1 con Santos y las FARC en Cuba despu\u00e9s de Cumbre de la Celac - El Digital de Asturias","description":"Montevideo, 23 ene (EFE).- El presidente de Uruguay, Jos\u00e9 Mujica, anunci\u00f3 que pretende reunirse con su hom\u00f3logo colombiano, Juan Manuel Santos, y con representantes de la guerrilla de las FARC en Cuba, despu\u00e9s de participar en la II Cumbre de la Celac, que se celebrar\u00e1 en La Habana la pr\u00f3xima semana. \"Me voy a quedar","canonical_url":"https:\/\/www.eldigitaldeasturias.com\/noticias\/mujica-hablara-con-santos-y-las-farc-en-cuba-despues-de-cumbre-de-la-celac\/","robots":"max-image-preview:large","keywords":"actualidad","webmasterTools":{"google-site-verification":"UA-38556648-1","msvalidate.01":"7dfe9f3f1b24437ab69f4f2559babe99","miscellaneous":""},"schema":{"@context":"https:\/\/schema.org","@graph":[{"@type":"BlogPosting","@id":"https:\/\/www.eldigitaldeasturias.com\/noticias\/mujica-hablara-con-santos-y-las-farc-en-cuba-despues-de-cumbre-de-la-celac\/#blogposting","name":"Mujica hablar\u00e1 con Santos y las FARC en Cuba despu\u00e9s de Cumbre de la Celac - El Digital de Asturias","headline":"Mujica hablar\u00e1 con Santos y las FARC en Cuba despu\u00e9s de Cumbre de la Celac","author":{"@id":"https:\/\/www.eldigitaldeasturias.com\/noticias\/author\/admin\/#author"},"publisher":{"@id":"https:\/\/www.eldigitaldeasturias.com\/noticias\/#organization"},"image":{"@type":"ImageObject","url":"https:\/\/www.eldigitaldeasturias.com\/noticias\/wp-content\/uploads\/2026\/06\/Contenidos.jpg","width":1265,"height":697,"caption":"Contenidos"},"datePublished":"2014-01-23T22:21:57+01:00","dateModified":"2014-01-23T22:22:51+01:00","inLanguage":"es-ES","mainEntityOfPage":{"@id":"https:\/\/www.eldigitaldeasturias.com\/noticias\/mujica-hablara-con-santos-y-las-farc-en-cuba-despues-de-cumbre-de-la-celac\/#webpage"},"isPartOf":{"@id":"https:\/\/www.eldigitaldeasturias.com\/noticias\/mujica-hablara-con-santos-y-las-farc-en-cuba-despues-de-cumbre-de-la-celac\/#webpage"},"articleSection":"Actualidad"},{"@type":"BreadcrumbList","@id":"https:\/\/www.eldigitaldeasturias.com\/noticias\/mujica-hablara-con-santos-y-las-farc-en-cuba-despues-de-cumbre-de-la-celac\/#breadcrumblist","itemListElement":[{"@type":"ListItem","@id":"https:\/\/www.eldigitaldeasturias.com\/noticias#listItem","position":1,"name":"Home","item":"https:\/\/www.eldigitaldeasturias.com\/noticias","nextItem":{"@type":"ListItem","@id":"https:\/\/www.eldigitaldeasturias.com\/noticias\/category\/actualidad\/#listItem","name":"Actualidad"}},{"@type":"ListItem","@id":"https:\/\/www.eldigitaldeasturias.com\/noticias\/category\/actualidad\/#listItem","position":2,"name":"Actualidad","item":"https:\/\/www.eldigitaldeasturias.com\/noticias\/category\/actualidad\/","nextItem":{"@type":"ListItem","@id":"https:\/\/www.eldigitaldeasturias.com\/noticias\/mujica-hablara-con-santos-y-las-farc-en-cuba-despues-de-cumbre-de-la-celac\/#listItem","name":"Mujica hablar\u00e1 con Santos y las FARC en Cuba despu\u00e9s de Cumbre de la Celac"},"previousItem":{"@type":"ListItem","@id":"https:\/\/www.eldigitaldeasturias.com\/noticias#listItem","name":"Home"}},{"@type":"ListItem","@id":"https:\/\/www.eldigitaldeasturias.com\/noticias\/mujica-hablara-con-santos-y-las-farc-en-cuba-despues-de-cumbre-de-la-celac\/#listItem","position":3,"name":"Mujica hablar\u00e1 con Santos y las FARC en Cuba despu\u00e9s de Cumbre de la Celac","previousItem":{"@type":"ListItem","@id":"https:\/\/www.eldigitaldeasturias.com\/noticias\/category\/actualidad\/#listItem","name":"Actualidad"}}]},{"@type":"Organization","@id":"https:\/\/www.eldigitaldeasturias.com\/noticias\/#organization","name":"El Digital de Asturias","description":"Hemeroteca","url":"https:\/\/www.eldigitaldeasturias.com\/noticias\/","email":"info@eldigitaldeasturias.com","telephone":"+34652131393","logo":{"@type":"ImageObject","url":"https:\/\/www.eldigitaldeasturias.com\/noticias\/wp-content\/uploads\/2020\/12\/EDA.jpg","@id":"https:\/\/www.eldigitaldeasturias.com\/noticias\/mujica-hablara-con-santos-y-las-farc-en-cuba-despues-de-cumbre-de-la-celac\/#organizationLogo"},"image":{"@id":"https:\/\/www.eldigitaldeasturias.com\/noticias\/mujica-hablara-con-santos-y-las-farc-en-cuba-despues-de-cumbre-de-la-celac\/#organizationLogo"},"sameAs":["https:\/\/facebook.com\/eldigitaldeasturias","https:\/\/www.youtube.com\/channel\/UCZP-2wLEB9Rv6erhFmqVnvg"],"address":{"@id":"https:\/\/www.eldigitaldeasturias.com\/noticias\/#postaladdress","@type":"PostalAddress","streetAddress":"san antonio 4","postalCode":"33430","addressLocality":"Cand\u00e1s","addressRegion":"Asturias","addressCountry":"ES"}},{"@type":"Person","@id":"https:\/\/www.eldigitaldeasturias.com\/noticias\/author\/admin\/#author","url":"https:\/\/www.eldigitaldeasturias.com\/noticias\/author\/admin\/","name":"El Digital de Asturias","image":{"@type":"ImageObject","@id":"https:\/\/www.eldigitaldeasturias.com\/noticias\/mujica-hablara-con-santos-y-las-farc-en-cuba-despues-de-cumbre-de-la-celac\/#authorImage","url":"https:\/\/secure.gravatar.com\/avatar\/df2aeffc32bcd13f8d26072ef8a91b623d677766deac7f97ca815868cd41bf5e?s=96&d=mm&r=g","width":96,"height":96,"caption":"El Digital de Asturias"}},{"@type":"WebPage","@id":"https:\/\/www.eldigitaldeasturias.com\/noticias\/mujica-hablara-con-santos-y-las-farc-en-cuba-despues-de-cumbre-de-la-celac\/#webpage","url":"https:\/\/www.eldigitaldeasturias.com\/noticias\/mujica-hablara-con-santos-y-las-farc-en-cuba-despues-de-cumbre-de-la-celac\/","name":"Mujica hablar\u00e1 con Santos y las FARC en Cuba despu\u00e9s de Cumbre de la Celac - El Digital de Asturias","description":"Montevideo, 23 ene (EFE).- El presidente de Uruguay, Jos\u00e9 Mujica, anunci\u00f3 que pretende reunirse con su hom\u00f3logo colombiano, Juan Manuel Santos, y con representantes de la guerrilla de las FARC en Cuba, despu\u00e9s de participar en la II Cumbre de la Celac, que se celebrar\u00e1 en La Habana la pr\u00f3xima semana. \"Me voy a quedar","inLanguage":"es-ES","isPartOf":{"@id":"https:\/\/www.eldigitaldeasturias.com\/noticias\/#website"},"breadcrumb":{"@id":"https:\/\/www.eldigitaldeasturias.com\/noticias\/mujica-hablara-con-santos-y-las-farc-en-cuba-despues-de-cumbre-de-la-celac\/#breadcrumblist"},"author":{"@id":"https:\/\/www.eldigitaldeasturias.com\/noticias\/author\/admin\/#author"},"creator":{"@id":"https:\/\/www.eldigitaldeasturias.com\/noticias\/author\/admin\/#author"},"image":{"@type":"ImageObject","url":"https:\/\/www.eldigitaldeasturias.com\/noticias\/wp-content\/uploads\/2026\/06\/Contenidos.jpg","@id":"https:\/\/www.eldigitaldeasturias.com\/noticias\/mujica-hablara-con-santos-y-las-farc-en-cuba-despues-de-cumbre-de-la-celac\/#mainImage","width":1265,"height":697,"caption":"Contenidos"},"primaryImageOfPage":{"@id":"https:\/\/www.eldigitaldeasturias.com\/noticias\/mujica-hablara-con-santos-y-las-farc-en-cuba-despues-de-cumbre-de-la-celac\/#mainImage"},"datePublished":"2014-01-23T22:21:57+01:00","dateModified":"2014-01-23T22:22:51+01:00"},{"@type":"WebSite","@id":"https:\/\/www.eldigitaldeasturias.com\/noticias\/#website","url":"https:\/\/www.eldigitaldeasturias.com\/noticias\/","name":"El Digital de Asturias - Diario de actualidad y noticias","alternateName":"El Digital de Asturias - Diario de actualidad y noticias","description":"Hemeroteca","inLanguage":"es-ES","publisher":{"@id":"https:\/\/www.eldigitaldeasturias.com\/noticias\/#organization"}}]},"og:locale":"es_ES","og:site_name":"El Digital de Asturias","og:type":"article","og:title":"Mujica hablar\u00e1 con Santos y las FARC en Cuba despu\u00e9s de Cumbre de la Celac - El Digital de Asturias","og:description":"Montevideo, 23 ene (EFE).- El presidente de Uruguay, Jos\u00e9 Mujica, anunci\u00f3 que pretende reunirse con su hom\u00f3logo colombiano, Juan Manuel Santos, y con representantes de la guerrilla de las FARC en Cuba, despu\u00e9s de participar en la II Cumbre de la Celac, que se celebrar\u00e1 en La Habana la pr\u00f3xima semana. &quot;Me voy a quedar","og:url":"https:\/\/www.eldigitaldeasturias.com\/noticias\/mujica-hablara-con-santos-y-las-farc-en-cuba-despues-de-cumbre-de-la-celac\/","og:image":"https:\/\/www.eldigitaldeasturias.com\/noticias\/wp-content\/uploads\/2026\/06\/Contenidos.jpg","og:image:secure_url":"https:\/\/www.eldigitaldeasturias.com\/noticias\/wp-content\/uploads\/2026\/06\/Contenidos.jpg","og:image:width":1265,"og:image:height":697,"article:tag":["actualidad"],"article:published_time":"2014-01-23T23:21:57+00:00","article:modified_time":"2014-01-23T23:22:51+00:00","article:publisher":"https:\/\/facebook.com\/eldigitaldeasturias","twitter:card":"summary_large_image","twitter:title":"Mujica hablar\u00e1 con Santos y las FARC en Cuba despu\u00e9s de Cumbre de la Celac - El Digital de Asturias","twitter:description":"Montevideo, 23 ene (EFE).- El presidente de Uruguay, Jos\u00e9 Mujica, anunci\u00f3 que pretende reunirse con su hom\u00f3logo colombiano, Juan Manuel Santos, y con representantes de la guerrilla de las FARC en Cuba, despu\u00e9s de participar en la II Cumbre de la Celac, que se celebrar\u00e1 en La Habana la pr\u00f3xima semana. &quot;Me voy a quedar","twitter:image":"https:\/\/www.eldigitaldeasturias.com\/noticias\/wp-content\/uploads\/2026\/06\/Contenidos.jpg","twitter:label1":"Escrito por","twitter:data1":"El Digital de Asturias","twitter:label2":"Tiempo de lectura estimado","twitter:data2":"2 minutos"},"aioseo_meta_data":{"post_id":"477760","title":null,"description":null,"keywords":null,"keyphrases":null,"primary_term":null,"canonical_url":null,"og_title":null,"og_description":null,"og_object_type":"default","og_image_type":"default","og_image_url":null,"og_image_width":null,"og_image_height":null,"og_image_custom_url":null,"og_image_custom_fields":null,"og_video":null,"og_custom_url":null,"og_article_section":null,"og_article_tags":null,"twitter_use_og":true,"twitter_card":"default","twitter_image_type":"default","twitter_image_url":null,"twitter_image_custom_url":null,"twitter_image_custom_fields":null,"twitter_title":null,"twitter_description":null,"schema":{"blockGraphs":[],"customGraphs":[],"default":{"data":{"Article":[],"Course":[],"Dataset":[],"FAQPage":[],"Movie":[],"Person":[],"Product":[],"ProductReview":[],"Car":[],"Recipe":[],"Service":[],"SoftwareApplication":[],"WebPage":[]},"graphName":"","isEnabled":true},"graphs":[],"defaultGraph":"","defaultPostTypeGraph":""},"schema_type":null,"schema_type_options":null,"pillar_content":false,"robots_default":true,"robots_noindex":false,"robots_noarchive":false,"robots_nosnippet":false,"robots_nofollow":false,"robots_noimageindex":false,"robots_noodp":false,"robots_notranslate":false,"robots_max_snippet":null,"robots_max_videopreview":null,"robots_max_imagepreview":"none","priority":null,"frequency":null,"local_seo":null,"seo_analyzer_scan_date":"2026-06-01 19:32:54","breadcrumb_settings":null,"limit_modified_date":false,"open_ai":null,"ai":null,"created":"2020-11-14 22:53:46","updated":"2026-06-01 19:32:54","focus_keyword":null,"additional_keywords":null,"truseo_locale":null},"aioseo_breadcrumb":"<div class=\"aioseo-breadcrumbs\"><span class=\"aioseo-breadcrumb\">\n\t<a href=\"https:\/\/www.eldigitaldeasturias.com\/noticias\" title=\"Home\">Home<\/a>\n<\/span><span class=\"aioseo-breadcrumb-separator\">\u2013<\/span><span class=\"aioseo-breadcrumb\">\n\t<a href=\"https:\/\/www.eldigitaldeasturias.com\/noticias\/category\/actualidad\/\" title=\"Actualidad\">Actualidad<\/a>\n<\/span><span class=\"aioseo-breadcrumb-separator\">\u2013<\/span><span class=\"aioseo-breadcrumb\">\n\t<a href=\"https:\/\/www.eldigitaldeasturias.com\/noticias\/mujica-hablara-con-santos-y-las-farc-en-cuba-despues-de-cumbre-de-la-celac\/\" title=\"Mujica hablar\u00e1 con Santos y las FARC en Cuba despu\u00e9s de Cumbre de la Celac\">Mujica hablar\u00e1 con Santos y las FARC en Cuba despu\u00e9s de Cumbre de la Celac<\/a>\n<\/span><\/div>","aioseo_breadcrumb_json":[{"label":"Home","link":"https:\/\/www.eldigitaldeasturias.com\/noticias"},{"label":"Actualidad","link":"https:\/\/www.eldigitaldeasturias.com\/noticias\/category\/actualidad\/"},{"label":"Mujica hablar\u00e1 con Santos y las FARC en Cuba despu\u00e9s de Cumbre de la Celac","link":"https:\/\/www.eldigitaldeasturias.com\/noticias\/mujica-hablara-con-santos-y-las-farc-en-cuba-despues-de-cumbre-de-la-celac\/"}],"_links":{"self":[{"href":"https:\/\/www.eldigitaldeasturias.com\/noticias\/wp-json\/wp\/v2\/posts\/477760","targetHints":{"allow":["GET"]}}],"collection":[{"href":"https:\/\/www.eldigitaldeasturias.com\/noticias\/wp-json\/wp\/v2\/posts"}],"about":[{"href":"https:\/\/www.eldigitaldeasturias.com\/noticias\/wp-json\/wp\/v2\/types\/post"}],"author":[{"embeddable":true,"href":"https:\/\/www.eldigitaldeasturias.com\/noticias\/wp-json\/wp\/v2\/users\/1"}],"replies":[{"embeddable":true,"href":"https:\/\/www.eldigitaldeasturias.com\/noticias\/wp-json\/wp\/v2\/comments?post=477760"}],"version-history":[{"count":0,"href":"https:\/\/www.eldigitaldeasturias.com\/noticias\/wp-json\/wp\/v2\/posts\/477760\/revisions"}],"wp:featuredmedia":[{"embeddable":true,"href":"https:\/\/www.eldigitaldeasturias.com\/noticias\/wp-json\/wp\/v2\/media\/1132184"}],"wp:attachment":[{"href":"https:\/\/www.eldigitaldeasturias.com\/noticias\/wp-json\/wp\/v2\/media?parent=477760"}],"wp:term":[{"taxonomy":"category","embeddable":true,"href":"https:\/\/www.eldigitaldeasturias.com\/noticias\/wp-json\/wp\/v2\/categories?post=477760"},{"taxonomy":"post_tag","embeddable":true,"href":"https:\/\/www.eldigitaldeasturias.com\/noticias\/wp-json\/wp\/v2\/tags?post=477760"}],"curies":[{"name":"wp","href":"https:\/\/api.w.org\/{rel}","templated":true}]}}