{"id":477754,"date":"2014-01-23T22:16:59","date_gmt":"2014-01-23T23:16:59","guid":{"rendered":"http:\/\/www.eldigitaldeasturias.com\/noticias\/?p=477754"},"modified":"2014-01-23T22:16:59","modified_gmt":"2014-01-23T23:16:59","slug":"susana-diaz-quiere-que-los-datos-turisticos-positivos-se-conviertan-en-empleo","status":"publish","type":"post","link":"https:\/\/www.eldigitaldeasturias.com\/noticias\/susana-diaz-quiere-que-los-datos-turisticos-positivos-se-conviertan-en-empleo\/","title":{"rendered":"Susana D\u00edaz quiere que los datos tur\u00edsticos positivos se conviertan en empleo"},"content":{"rendered":"<p><img loading=\"lazy\" decoding=\"async\" class=\"alignleft size-medium wp-image-477755\" alt=\"5870596w\" src=\"https:\/\/www.eldigitaldeasturias.com\/noticias\/wp-content\/uploads\/2014\/01\/5870596w-360x222.jpg\" width=\"360\" height=\"222\" \/>Madrid, 23 ene (EFE).- La presidenta de la Junta de Andaluc\u00eda, Susana D\u00edaz, ha abogado hoy por lograr trasladar a \u00abempleo estable\u00bb los datos tur\u00edsticos que prev\u00e9n para 2014 y que les permiten ser \u00abmoderadamente optimistas\u00bb y ha apostado por reactivar sectores como la construcci\u00f3n y la miner\u00eda.<\/p>\n<p>En declaraciones en el estand de la Junta de Andaluc\u00eda en Fitur, D\u00edaz ha dicho hoy que es necesario poner todos los activos econ\u00f3micos al servicio de la creaci\u00f3n de empleo.<\/p>\n<p>Aunque hay sectores \u00abtradicionales como el turismo que tienen que tirar\u00bb de la econom\u00eda, hay que recuperar otros sectores \u00abolvidados durante la crisis\u00bb como la construcci\u00f3n y la miner\u00eda, mientras que hay que posicionarse en \u00abeconom\u00eda digital o econom\u00eda azul\u00bb y ha mencionado el caso de C\u00e1diz como una \u00abprioridad\u00bb.<\/p>\n<p>D\u00edaz ha destacado que el a\u00f1o 2013 se ha cerrado en Andaluc\u00eda con 22,5 millones de turistas, lo que ha supuesto un incremento del 4,1 por ciento, mientras que los establecimientos hoteleros recibieron 14,9 millones de viajeros, con un incremento del 3,3 por ciento.<\/p>\n","protected":false},"excerpt":{"rendered":"<p>Madrid, 23 ene (EFE).- La presidenta de la Junta de Andaluc\u00eda, Susana D\u00edaz, ha abogado hoy por lograr trasladar a \u00abempleo estable\u00bb los datos tur\u00edsticos que prev\u00e9n para 2014 y que les permiten ser \u00abmoderadamente optimistas\u00bb y ha apostado por reactivar sectores como la construcci\u00f3n y la miner\u00eda. En declaraciones en el estand de la [&hellip;]<\/p>\n","protected":false},"author":1,"featured_media":0,"comment_status":"closed","ping_status":"open","sticky":false,"template":"","format":"standard","meta":{"footnotes":""},"categories":[148],"tags":[],"class_list":["post-477754","post","type-post","status-publish","format-standard","hentry","category-turismo"],"aioseo_notices":[],"aioseo_head":"\n\t\t<!-- All in One SEO Pro 4.9.6.2 - aioseo.com -->\n\t<meta name=\"description\" content=\"Madrid, 23 ene (EFE).- La presidenta de la Junta de Andaluc\u00eda, Susana D\u00edaz, ha abogado hoy por lograr trasladar a &quot;empleo estable&quot; los datos tur\u00edsticos que prev\u00e9n para 2014 y que les permiten ser &quot;moderadamente optimistas&quot; y ha apostado por reactivar sectores como la construcci\u00f3n y la miner\u00eda. En declaraciones en el estand de la\" \/>\n\t<meta name=\"robots\" content=\"max-image-preview:large\" \/>\n\t<meta name=\"author\" content=\"El Digital de Asturias\"\/>\n\t<meta name=\"google-site-verification\" content=\"UA-38556648-1\" \/>\n\t<meta name=\"msvalidate.01\" content=\"7dfe9f3f1b24437ab69f4f2559babe99\" \/>\n\t<meta name=\"keywords\" content=\"turismo\" \/>\n\t<link rel=\"canonical\" href=\"https:\/\/www.eldigitaldeasturias.com\/noticias\/susana-diaz-quiere-que-los-datos-turisticos-positivos-se-conviertan-en-empleo\/\" \/>\n\t<meta name=\"generator\" content=\"All in One SEO Pro (AIOSEO) 4.9.6.2\" \/>\n\t\t<meta property=\"og:locale\" content=\"es_ES\" \/>\n\t\t<meta property=\"og:site_name\" content=\"El Digital de Asturias\" \/>\n\t\t<meta property=\"og:type\" content=\"article\" \/>\n\t\t<meta property=\"og:title\" content=\"Susana D\u00edaz quiere que los datos tur\u00edsticos positivos se conviertan en empleo - El Digital de Asturias\" \/>\n\t\t<meta property=\"og:description\" content=\"Madrid, 23 ene (EFE).- La presidenta de la Junta de Andaluc\u00eda, Susana D\u00edaz, ha abogado hoy por lograr trasladar a &quot;empleo estable&quot; los datos tur\u00edsticos que prev\u00e9n para 2014 y que les permiten ser &quot;moderadamente optimistas&quot; y ha apostado por reactivar sectores como la construcci\u00f3n y la miner\u00eda. En declaraciones en el estand de la\" \/>\n\t\t<meta property=\"og:url\" content=\"https:\/\/www.eldigitaldeasturias.com\/noticias\/susana-diaz-quiere-que-los-datos-turisticos-positivos-se-conviertan-en-empleo\/\" \/>\n\t\t<meta property=\"article:tag\" content=\"turismo\" \/>\n\t\t<meta property=\"article:published_time\" content=\"2014-01-23T23:16:59+00:00\" \/>\n\t\t<meta property=\"article:modified_time\" content=\"2014-01-23T23:16:59+00:00\" \/>\n\t\t<meta property=\"article:publisher\" content=\"https:\/\/facebook.com\/eldigitaldeasturias\" \/>\n\t\t<meta name=\"twitter:card\" content=\"summary_large_image\" \/>\n\t\t<meta name=\"twitter:title\" content=\"Susana D\u00edaz quiere que los datos tur\u00edsticos positivos se conviertan en empleo - El Digital de Asturias\" \/>\n\t\t<meta name=\"twitter:description\" content=\"Madrid, 23 ene (EFE).- La presidenta de la Junta de Andaluc\u00eda, Susana D\u00edaz, ha abogado hoy por lograr trasladar a &quot;empleo estable&quot; los datos tur\u00edsticos que prev\u00e9n para 2014 y que les permiten ser &quot;moderadamente optimistas&quot; y ha apostado por reactivar sectores como la construcci\u00f3n y la miner\u00eda. En declaraciones en el estand de la\" \/>\n\t\t<meta name=\"twitter:label1\" content=\"Escrito por\" \/>\n\t\t<meta name=\"twitter:data1\" content=\"El Digital de Asturias\" \/>\n\t\t<meta name=\"twitter:label2\" content=\"Tiempo de lectura estimado\" \/>\n\t\t<meta name=\"twitter:data2\" content=\"1 minuto\" \/>\n\t\t<script type=\"application\/ld+json\" class=\"aioseo-schema\">\n\t\t\t{\"@context\":\"https:\\\/\\\/schema.org\",\"@graph\":[{\"@type\":\"BlogPosting\",\"@id\":\"https:\\\/\\\/www.eldigitaldeasturias.com\\\/noticias\\\/susana-diaz-quiere-que-los-datos-turisticos-positivos-se-conviertan-en-empleo\\\/#blogposting\",\"name\":\"Susana D\\u00edaz quiere que los datos tur\\u00edsticos positivos se conviertan en empleo - El Digital de Asturias\",\"headline\":\"Susana D\\u00edaz quiere que los datos tur\\u00edsticos positivos se conviertan en empleo\",\"author\":{\"@id\":\"https:\\\/\\\/www.eldigitaldeasturias.com\\\/noticias\\\/author\\\/admin\\\/#author\"},\"publisher\":{\"@id\":\"https:\\\/\\\/www.eldigitaldeasturias.com\\\/noticias\\\/#organization\"},\"image\":{\"@type\":\"ImageObject\",\"url\":\"http:\\\/\\\/www.eldigitaldeasturias.com\\\/noticias\\\/wp-content\\\/uploads\\\/2014\\\/01\\\/5870596w-360x222.jpg\",\"@id\":\"https:\\\/\\\/www.eldigitaldeasturias.com\\\/noticias\\\/susana-diaz-quiere-que-los-datos-turisticos-positivos-se-conviertan-en-empleo\\\/#articleImage\"},\"datePublished\":\"2014-01-23T22:16:59+01:00\",\"dateModified\":\"2014-01-23T22:16:59+01:00\",\"inLanguage\":\"es-ES\",\"mainEntityOfPage\":{\"@id\":\"https:\\\/\\\/www.eldigitaldeasturias.com\\\/noticias\\\/susana-diaz-quiere-que-los-datos-turisticos-positivos-se-conviertan-en-empleo\\\/#webpage\"},\"isPartOf\":{\"@id\":\"https:\\\/\\\/www.eldigitaldeasturias.com\\\/noticias\\\/susana-diaz-quiere-que-los-datos-turisticos-positivos-se-conviertan-en-empleo\\\/#webpage\"},\"articleSection\":\"Turismo\"},{\"@type\":\"BreadcrumbList\",\"@id\":\"https:\\\/\\\/www.eldigitaldeasturias.com\\\/noticias\\\/susana-diaz-quiere-que-los-datos-turisticos-positivos-se-conviertan-en-empleo\\\/#breadcrumblist\",\"itemListElement\":[{\"@type\":\"ListItem\",\"@id\":\"https:\\\/\\\/www.eldigitaldeasturias.com\\\/noticias#listItem\",\"position\":1,\"name\":\"Home\",\"item\":\"https:\\\/\\\/www.eldigitaldeasturias.com\\\/noticias\",\"nextItem\":{\"@type\":\"ListItem\",\"@id\":\"https:\\\/\\\/www.eldigitaldeasturias.com\\\/noticias\\\/category\\\/turismo\\\/#listItem\",\"name\":\"Turismo\"}},{\"@type\":\"ListItem\",\"@id\":\"https:\\\/\\\/www.eldigitaldeasturias.com\\\/noticias\\\/category\\\/turismo\\\/#listItem\",\"position\":2,\"name\":\"Turismo\",\"item\":\"https:\\\/\\\/www.eldigitaldeasturias.com\\\/noticias\\\/category\\\/turismo\\\/\",\"nextItem\":{\"@type\":\"ListItem\",\"@id\":\"https:\\\/\\\/www.eldigitaldeasturias.com\\\/noticias\\\/susana-diaz-quiere-que-los-datos-turisticos-positivos-se-conviertan-en-empleo\\\/#listItem\",\"name\":\"Susana D\\u00edaz quiere que los datos tur\\u00edsticos positivos se conviertan en empleo\"},\"previousItem\":{\"@type\":\"ListItem\",\"@id\":\"https:\\\/\\\/www.eldigitaldeasturias.com\\\/noticias#listItem\",\"name\":\"Home\"}},{\"@type\":\"ListItem\",\"@id\":\"https:\\\/\\\/www.eldigitaldeasturias.com\\\/noticias\\\/susana-diaz-quiere-que-los-datos-turisticos-positivos-se-conviertan-en-empleo\\\/#listItem\",\"position\":3,\"name\":\"Susana D\\u00edaz quiere que los datos tur\\u00edsticos positivos se conviertan en empleo\",\"previousItem\":{\"@type\":\"ListItem\",\"@id\":\"https:\\\/\\\/www.eldigitaldeasturias.com\\\/noticias\\\/category\\\/turismo\\\/#listItem\",\"name\":\"Turismo\"}}]},{\"@type\":\"Organization\",\"@id\":\"https:\\\/\\\/www.eldigitaldeasturias.com\\\/noticias\\\/#organization\",\"name\":\"El Digital de Asturias\",\"description\":\"Hemeroteca\",\"url\":\"https:\\\/\\\/www.eldigitaldeasturias.com\\\/noticias\\\/\",\"email\":\"info@eldigitaldeasturias.com\",\"telephone\":\"+34652131393\",\"logo\":{\"@type\":\"ImageObject\",\"url\":\"https:\\\/\\\/www.eldigitaldeasturias.com\\\/noticias\\\/wp-content\\\/uploads\\\/2020\\\/12\\\/EDA.jpg\",\"@id\":\"https:\\\/\\\/www.eldigitaldeasturias.com\\\/noticias\\\/susana-diaz-quiere-que-los-datos-turisticos-positivos-se-conviertan-en-empleo\\\/#organizationLogo\",\"width\":649,\"height\":297},\"image\":{\"@id\":\"https:\\\/\\\/www.eldigitaldeasturias.com\\\/noticias\\\/susana-diaz-quiere-que-los-datos-turisticos-positivos-se-conviertan-en-empleo\\\/#organizationLogo\"},\"sameAs\":[\"https:\\\/\\\/facebook.com\\\/eldigitaldeasturias\",\"https:\\\/\\\/www.youtube.com\\\/channel\\\/UCZP-2wLEB9Rv6erhFmqVnvg\"],\"address\":{\"@id\":\"https:\\\/\\\/www.eldigitaldeasturias.com\\\/noticias\\\/#postaladdress\",\"@type\":\"PostalAddress\",\"streetAddress\":\"san antonio 4,\",\"postalCode\":\"33430\",\"addressLocality\":\"Cand\\u00e1s\",\"addressRegion\":\"Asturias\",\"addressCountry\":\"ES\"}},{\"@type\":\"Person\",\"@id\":\"https:\\\/\\\/www.eldigitaldeasturias.com\\\/noticias\\\/author\\\/admin\\\/#author\",\"url\":\"https:\\\/\\\/www.eldigitaldeasturias.com\\\/noticias\\\/author\\\/admin\\\/\",\"name\":\"El Digital de Asturias\",\"image\":{\"@type\":\"ImageObject\",\"@id\":\"https:\\\/\\\/www.eldigitaldeasturias.com\\\/noticias\\\/susana-diaz-quiere-que-los-datos-turisticos-positivos-se-conviertan-en-empleo\\\/#authorImage\",\"url\":\"https:\\\/\\\/www.eldigitaldeasturias.com\\\/noticias\\\/wp-content\\\/litespeed\\\/avatar\\\/18677e78aa0546b92d9dbf31ec7d7668.jpg?ver=1776685526\",\"width\":96,\"height\":96,\"caption\":\"El Digital de Asturias\"}},{\"@type\":\"WebPage\",\"@id\":\"https:\\\/\\\/www.eldigitaldeasturias.com\\\/noticias\\\/susana-diaz-quiere-que-los-datos-turisticos-positivos-se-conviertan-en-empleo\\\/#webpage\",\"url\":\"https:\\\/\\\/www.eldigitaldeasturias.com\\\/noticias\\\/susana-diaz-quiere-que-los-datos-turisticos-positivos-se-conviertan-en-empleo\\\/\",\"name\":\"Susana D\\u00edaz quiere que los datos tur\\u00edsticos positivos se conviertan en empleo - El Digital de Asturias\",\"description\":\"Madrid, 23 ene (EFE).- La presidenta de la Junta de Andaluc\\u00eda, Susana D\\u00edaz, ha abogado hoy por lograr trasladar a \\\"empleo estable\\\" los datos tur\\u00edsticos que prev\\u00e9n para 2014 y que les permiten ser \\\"moderadamente optimistas\\\" y ha apostado por reactivar sectores como la construcci\\u00f3n y la miner\\u00eda. En declaraciones en el estand de la\",\"inLanguage\":\"es-ES\",\"isPartOf\":{\"@id\":\"https:\\\/\\\/www.eldigitaldeasturias.com\\\/noticias\\\/#website\"},\"breadcrumb\":{\"@id\":\"https:\\\/\\\/www.eldigitaldeasturias.com\\\/noticias\\\/susana-diaz-quiere-que-los-datos-turisticos-positivos-se-conviertan-en-empleo\\\/#breadcrumblist\"},\"author\":{\"@id\":\"https:\\\/\\\/www.eldigitaldeasturias.com\\\/noticias\\\/author\\\/admin\\\/#author\"},\"creator\":{\"@id\":\"https:\\\/\\\/www.eldigitaldeasturias.com\\\/noticias\\\/author\\\/admin\\\/#author\"},\"datePublished\":\"2014-01-23T22:16:59+01:00\",\"dateModified\":\"2014-01-23T22:16:59+01:00\"},{\"@type\":\"WebSite\",\"@id\":\"https:\\\/\\\/www.eldigitaldeasturias.com\\\/noticias\\\/#website\",\"url\":\"https:\\\/\\\/www.eldigitaldeasturias.com\\\/noticias\\\/\",\"name\":\"El Digital de Asturias - Diario de actualidad y noticias\",\"alternateName\":\"El Digital de Asturias - Diario de actualidad y noticias\",\"description\":\"Hemeroteca\",\"inLanguage\":\"es-ES\",\"publisher\":{\"@id\":\"https:\\\/\\\/www.eldigitaldeasturias.com\\\/noticias\\\/#organization\"}}]}\n\t\t<\/script>\n\t\t<!-- All in One SEO Pro -->\r\n\t\t<title>Susana D\u00edaz quiere que los datos tur\u00edsticos positivos se conviertan en empleo - El Digital de Asturias<\/title>\n\n","aioseo_head_json":{"title":"Susana D\u00edaz quiere que los datos tur\u00edsticos positivos se conviertan en empleo - El Digital de Asturias","description":"Madrid, 23 ene (EFE).- La presidenta de la Junta de Andaluc\u00eda, Susana D\u00edaz, ha abogado hoy por lograr trasladar a \"empleo estable\" los datos tur\u00edsticos que prev\u00e9n para 2014 y que les permiten ser \"moderadamente optimistas\" y ha apostado por reactivar sectores como la construcci\u00f3n y la miner\u00eda. En declaraciones en el estand de la","canonical_url":"https:\/\/www.eldigitaldeasturias.com\/noticias\/susana-diaz-quiere-que-los-datos-turisticos-positivos-se-conviertan-en-empleo\/","robots":"max-image-preview:large","keywords":"turismo","webmasterTools":{"google-site-verification":"UA-38556648-1","msvalidate.01":"7dfe9f3f1b24437ab69f4f2559babe99","miscellaneous":""},"schema":{"@context":"https:\/\/schema.org","@graph":[{"@type":"BlogPosting","@id":"https:\/\/www.eldigitaldeasturias.com\/noticias\/susana-diaz-quiere-que-los-datos-turisticos-positivos-se-conviertan-en-empleo\/#blogposting","name":"Susana D\u00edaz quiere que los datos tur\u00edsticos positivos se conviertan en empleo - El Digital de Asturias","headline":"Susana D\u00edaz quiere que los datos tur\u00edsticos positivos se conviertan en empleo","author":{"@id":"https:\/\/www.eldigitaldeasturias.com\/noticias\/author\/admin\/#author"},"publisher":{"@id":"https:\/\/www.eldigitaldeasturias.com\/noticias\/#organization"},"image":{"@type":"ImageObject","url":"http:\/\/www.eldigitaldeasturias.com\/noticias\/wp-content\/uploads\/2014\/01\/5870596w-360x222.jpg","@id":"https:\/\/www.eldigitaldeasturias.com\/noticias\/susana-diaz-quiere-que-los-datos-turisticos-positivos-se-conviertan-en-empleo\/#articleImage"},"datePublished":"2014-01-23T22:16:59+01:00","dateModified":"2014-01-23T22:16:59+01:00","inLanguage":"es-ES","mainEntityOfPage":{"@id":"https:\/\/www.eldigitaldeasturias.com\/noticias\/susana-diaz-quiere-que-los-datos-turisticos-positivos-se-conviertan-en-empleo\/#webpage"},"isPartOf":{"@id":"https:\/\/www.eldigitaldeasturias.com\/noticias\/susana-diaz-quiere-que-los-datos-turisticos-positivos-se-conviertan-en-empleo\/#webpage"},"articleSection":"Turismo"},{"@type":"BreadcrumbList","@id":"https:\/\/www.eldigitaldeasturias.com\/noticias\/susana-diaz-quiere-que-los-datos-turisticos-positivos-se-conviertan-en-empleo\/#breadcrumblist","itemListElement":[{"@type":"ListItem","@id":"https:\/\/www.eldigitaldeasturias.com\/noticias#listItem","position":1,"name":"Home","item":"https:\/\/www.eldigitaldeasturias.com\/noticias","nextItem":{"@type":"ListItem","@id":"https:\/\/www.eldigitaldeasturias.com\/noticias\/category\/turismo\/#listItem","name":"Turismo"}},{"@type":"ListItem","@id":"https:\/\/www.eldigitaldeasturias.com\/noticias\/category\/turismo\/#listItem","position":2,"name":"Turismo","item":"https:\/\/www.eldigitaldeasturias.com\/noticias\/category\/turismo\/","nextItem":{"@type":"ListItem","@id":"https:\/\/www.eldigitaldeasturias.com\/noticias\/susana-diaz-quiere-que-los-datos-turisticos-positivos-se-conviertan-en-empleo\/#listItem","name":"Susana D\u00edaz quiere que los datos tur\u00edsticos positivos se conviertan en empleo"},"previousItem":{"@type":"ListItem","@id":"https:\/\/www.eldigitaldeasturias.com\/noticias#listItem","name":"Home"}},{"@type":"ListItem","@id":"https:\/\/www.eldigitaldeasturias.com\/noticias\/susana-diaz-quiere-que-los-datos-turisticos-positivos-se-conviertan-en-empleo\/#listItem","position":3,"name":"Susana D\u00edaz quiere que los datos tur\u00edsticos positivos se conviertan en empleo","previousItem":{"@type":"ListItem","@id":"https:\/\/www.eldigitaldeasturias.com\/noticias\/category\/turismo\/#listItem","name":"Turismo"}}]},{"@type":"Organization","@id":"https:\/\/www.eldigitaldeasturias.com\/noticias\/#organization","name":"El Digital de Asturias","description":"Hemeroteca","url":"https:\/\/www.eldigitaldeasturias.com\/noticias\/","email":"info@eldigitaldeasturias.com","telephone":"+34652131393","logo":{"@type":"ImageObject","url":"https:\/\/www.eldigitaldeasturias.com\/noticias\/wp-content\/uploads\/2020\/12\/EDA.jpg","@id":"https:\/\/www.eldigitaldeasturias.com\/noticias\/susana-diaz-quiere-que-los-datos-turisticos-positivos-se-conviertan-en-empleo\/#organizationLogo","width":649,"height":297},"image":{"@id":"https:\/\/www.eldigitaldeasturias.com\/noticias\/susana-diaz-quiere-que-los-datos-turisticos-positivos-se-conviertan-en-empleo\/#organizationLogo"},"sameAs":["https:\/\/facebook.com\/eldigitaldeasturias","https:\/\/www.youtube.com\/channel\/UCZP-2wLEB9Rv6erhFmqVnvg"],"address":{"@id":"https:\/\/www.eldigitaldeasturias.com\/noticias\/#postaladdress","@type":"PostalAddress","streetAddress":"san antonio 4,","postalCode":"33430","addressLocality":"Cand\u00e1s","addressRegion":"Asturias","addressCountry":"ES"}},{"@type":"Person","@id":"https:\/\/www.eldigitaldeasturias.com\/noticias\/author\/admin\/#author","url":"https:\/\/www.eldigitaldeasturias.com\/noticias\/author\/admin\/","name":"El Digital de Asturias","image":{"@type":"ImageObject","@id":"https:\/\/www.eldigitaldeasturias.com\/noticias\/susana-diaz-quiere-que-los-datos-turisticos-positivos-se-conviertan-en-empleo\/#authorImage","url":"https:\/\/www.eldigitaldeasturias.com\/noticias\/wp-content\/litespeed\/avatar\/18677e78aa0546b92d9dbf31ec7d7668.jpg?ver=1776685526","width":96,"height":96,"caption":"El Digital de Asturias"}},{"@type":"WebPage","@id":"https:\/\/www.eldigitaldeasturias.com\/noticias\/susana-diaz-quiere-que-los-datos-turisticos-positivos-se-conviertan-en-empleo\/#webpage","url":"https:\/\/www.eldigitaldeasturias.com\/noticias\/susana-diaz-quiere-que-los-datos-turisticos-positivos-se-conviertan-en-empleo\/","name":"Susana D\u00edaz quiere que los datos tur\u00edsticos positivos se conviertan en empleo - El Digital de Asturias","description":"Madrid, 23 ene (EFE).- La presidenta de la Junta de Andaluc\u00eda, Susana D\u00edaz, ha abogado hoy por lograr trasladar a \"empleo estable\" los datos tur\u00edsticos que prev\u00e9n para 2014 y que les permiten ser \"moderadamente optimistas\" y ha apostado por reactivar sectores como la construcci\u00f3n y la miner\u00eda. En declaraciones en el estand de la","inLanguage":"es-ES","isPartOf":{"@id":"https:\/\/www.eldigitaldeasturias.com\/noticias\/#website"},"breadcrumb":{"@id":"https:\/\/www.eldigitaldeasturias.com\/noticias\/susana-diaz-quiere-que-los-datos-turisticos-positivos-se-conviertan-en-empleo\/#breadcrumblist"},"author":{"@id":"https:\/\/www.eldigitaldeasturias.com\/noticias\/author\/admin\/#author"},"creator":{"@id":"https:\/\/www.eldigitaldeasturias.com\/noticias\/author\/admin\/#author"},"datePublished":"2014-01-23T22:16:59+01:00","dateModified":"2014-01-23T22:16:59+01:00"},{"@type":"WebSite","@id":"https:\/\/www.eldigitaldeasturias.com\/noticias\/#website","url":"https:\/\/www.eldigitaldeasturias.com\/noticias\/","name":"El Digital de Asturias - Diario de actualidad y noticias","alternateName":"El Digital de Asturias - Diario de actualidad y noticias","description":"Hemeroteca","inLanguage":"es-ES","publisher":{"@id":"https:\/\/www.eldigitaldeasturias.com\/noticias\/#organization"}}]},"og:locale":"es_ES","og:site_name":"El Digital de Asturias","og:type":"article","og:title":"Susana D\u00edaz quiere que los datos tur\u00edsticos positivos se conviertan en empleo - El Digital de Asturias","og:description":"Madrid, 23 ene (EFE).- La presidenta de la Junta de Andaluc\u00eda, Susana D\u00edaz, ha abogado hoy por lograr trasladar a &quot;empleo estable&quot; los datos tur\u00edsticos que prev\u00e9n para 2014 y que les permiten ser &quot;moderadamente optimistas&quot; y ha apostado por reactivar sectores como la construcci\u00f3n y la miner\u00eda. En declaraciones en el estand de la","og:url":"https:\/\/www.eldigitaldeasturias.com\/noticias\/susana-diaz-quiere-que-los-datos-turisticos-positivos-se-conviertan-en-empleo\/","article:tag":["turismo"],"article:published_time":"2014-01-23T23:16:59+00:00","article:modified_time":"2014-01-23T23:16:59+00:00","article:publisher":"https:\/\/facebook.com\/eldigitaldeasturias","twitter:card":"summary_large_image","twitter:title":"Susana D\u00edaz quiere que los datos tur\u00edsticos positivos se conviertan en empleo - El Digital de Asturias","twitter:description":"Madrid, 23 ene (EFE).- La presidenta de la Junta de Andaluc\u00eda, Susana D\u00edaz, ha abogado hoy por lograr trasladar a &quot;empleo estable&quot; los datos tur\u00edsticos que prev\u00e9n para 2014 y que les permiten ser &quot;moderadamente optimistas&quot; y ha apostado por reactivar sectores como la construcci\u00f3n y la miner\u00eda. En declaraciones en el estand de la","twitter:label1":"Escrito por","twitter:data1":"El Digital de Asturias","twitter:label2":"Tiempo de lectura estimado","twitter:data2":"1 minuto"},"aioseo_meta_data":{"post_id":"477754","title":null,"description":null,"keywords":null,"keyphrases":null,"primary_term":null,"canonical_url":null,"og_title":null,"og_description":null,"og_object_type":"default","og_image_type":"default","og_image_url":null,"og_image_width":null,"og_image_height":null,"og_image_custom_url":null,"og_image_custom_fields":null,"og_video":null,"og_custom_url":null,"og_article_section":null,"og_article_tags":null,"twitter_use_og":true,"twitter_card":"default","twitter_image_type":"default","twitter_image_url":null,"twitter_image_custom_url":null,"twitter_image_custom_fields":null,"twitter_title":null,"twitter_description":null,"schema":{"blockGraphs":[],"customGraphs":[],"default":{"data":{"Article":[],"Course":[],"Dataset":[],"FAQPage":[],"Movie":[],"Person":[],"Product":[],"ProductReview":[],"Car":[],"Recipe":[],"Service":[],"SoftwareApplication":[],"WebPage":[]},"graphName":"","isEnabled":true},"graphs":[],"defaultGraph":"","defaultPostTypeGraph":""},"schema_type":null,"schema_type_options":null,"pillar_content":false,"robots_default":true,"robots_noindex":false,"robots_noarchive":false,"robots_nosnippet":false,"robots_nofollow":false,"robots_noimageindex":false,"robots_noodp":false,"robots_notranslate":false,"robots_max_snippet":null,"robots_max_videopreview":null,"robots_max_imagepreview":"none","priority":null,"frequency":null,"local_seo":null,"seo_analyzer_scan_date":"2025-08-26 02:21:49","breadcrumb_settings":null,"limit_modified_date":false,"open_ai":null,"ai":null,"created":"2020-11-14 22:53:46","updated":"2025-08-26 02:21:49"},"aioseo_breadcrumb":"<div class=\"aioseo-breadcrumbs\"><span class=\"aioseo-breadcrumb\">\n\t<a href=\"https:\/\/www.eldigitaldeasturias.com\/noticias\" title=\"Home\">Home<\/a>\n<\/span><span class=\"aioseo-breadcrumb-separator\">\u2013<\/span><span class=\"aioseo-breadcrumb\">\n\t<a href=\"https:\/\/www.eldigitaldeasturias.com\/noticias\/category\/turismo\/\" title=\"Turismo\">Turismo<\/a>\n<\/span><span class=\"aioseo-breadcrumb-separator\">\u2013<\/span><span class=\"aioseo-breadcrumb\">\n\t<a href=\"https:\/\/www.eldigitaldeasturias.com\/noticias\/susana-diaz-quiere-que-los-datos-turisticos-positivos-se-conviertan-en-empleo\/\" title=\"Susana D\u00edaz quiere que los datos tur\u00edsticos positivos se conviertan en empleo\">Susana D\u00edaz quiere que los datos tur\u00edsticos positivos se conviertan en empleo<\/a>\n<\/span><\/div>","aioseo_breadcrumb_json":[{"label":"Home","link":"https:\/\/www.eldigitaldeasturias.com\/noticias"},{"label":"Turismo","link":"https:\/\/www.eldigitaldeasturias.com\/noticias\/category\/turismo\/"},{"label":"Susana D\u00edaz quiere que los datos tur\u00edsticos positivos se conviertan en empleo","link":"https:\/\/www.eldigitaldeasturias.com\/noticias\/susana-diaz-quiere-que-los-datos-turisticos-positivos-se-conviertan-en-empleo\/"}],"_links":{"self":[{"href":"https:\/\/www.eldigitaldeasturias.com\/noticias\/wp-json\/wp\/v2\/posts\/477754","targetHints":{"allow":["GET"]}}],"collection":[{"href":"https:\/\/www.eldigitaldeasturias.com\/noticias\/wp-json\/wp\/v2\/posts"}],"about":[{"href":"https:\/\/www.eldigitaldeasturias.com\/noticias\/wp-json\/wp\/v2\/types\/post"}],"author":[{"embeddable":true,"href":"https:\/\/www.eldigitaldeasturias.com\/noticias\/wp-json\/wp\/v2\/users\/1"}],"replies":[{"embeddable":true,"href":"https:\/\/www.eldigitaldeasturias.com\/noticias\/wp-json\/wp\/v2\/comments?post=477754"}],"version-history":[{"count":0,"href":"https:\/\/www.eldigitaldeasturias.com\/noticias\/wp-json\/wp\/v2\/posts\/477754\/revisions"}],"wp:attachment":[{"href":"https:\/\/www.eldigitaldeasturias.com\/noticias\/wp-json\/wp\/v2\/media?parent=477754"}],"wp:term":[{"taxonomy":"category","embeddable":true,"href":"https:\/\/www.eldigitaldeasturias.com\/noticias\/wp-json\/wp\/v2\/categories?post=477754"},{"taxonomy":"post_tag","embeddable":true,"href":"https:\/\/www.eldigitaldeasturias.com\/noticias\/wp-json\/wp\/v2\/tags?post=477754"}],"curies":[{"name":"wp","href":"https:\/\/api.w.org\/{rel}","templated":true}]}}