{"id":477751,"date":"2014-01-23T22:15:37","date_gmt":"2014-01-23T23:15:37","guid":{"rendered":"http:\/\/www.eldigitaldeasturias.com\/noticias\/?p=477751"},"modified":"2014-01-23T22:15:37","modified_gmt":"2014-01-23T23:15:37","slug":"pizzi-opina-que-canales-no-puede-decir-que-se-va-por-no-jugar-un-partido","status":"publish","type":"post","link":"https:\/\/www.eldigitaldeasturias.com\/noticias\/pizzi-opina-que-canales-no-puede-decir-que-se-va-por-no-jugar-un-partido\/","title":{"rendered":"Pizzi opina que \u00abCanales no puede decir que se va por no jugar un partido\u00bb"},"content":{"rendered":"<p><img loading=\"lazy\" decoding=\"async\" class=\"alignleft size-medium wp-image-477752\" alt=\"5870591w\" src=\"https:\/\/www.eldigitaldeasturias.com\/noticias\/wp-content\/uploads\/2014\/01\/5870591w-360x283.jpg\" width=\"360\" height=\"283\" \/>Valencia, 23 ene (EFE).- Juan Antonio Pizzi, entrenador hispano argentino del Valencia, afirm\u00f3 hoy en rueda de prensa que el centrocampista Sergio Canales \u00abno puede decir que se va por no jugar un partido\u00bb, y le inst\u00f3 a que siga con el trabajo para respetar al equipo.<\/p>\n<p>Canales ha sido habitual en las alineaciones del Valencia desde el inicio de la temporada y en los cinco encuentros en los que Pizzi ha dirigido al equipo tan s\u00f3lo lo ha sido en una ocasi\u00f3n.<\/p>\n<p>Canales jug\u00f3 los noventa minutos del partido del Valencia en Bala\u00eddos ante el Celta y los veinte minutos finales del encuentro de Copa del Rey en Mestalla ante el Atl\u00e9tico de Madrid. En los otros tres, dos de ellos los m\u00e1s recientes, no ha jugado.<\/p>\n<p>\u00abCuando el entrenador decide que no es el momento de que juegue, el jugador no puede decir que se va. Tiene que luchar para seguir mejorando. Los clubes tienen sus estructuras y hay que respetarlas\u00bb, asegur\u00f3 el t\u00e9cnico.<\/p>\n<p>Pizzi remarc\u00f3 que Canales tiene las cualidades necesarias para jugar en un equipo que quiere ser protagonista. \u00abNo se trata de que ante la primera adversidad que tiene un futbolista diga &#8216;ya est\u00e1: no jugu\u00e9 uno o dos partidos y me voy&#8217;. Es una profesi\u00f3n en la que los planteles se confeccionan de varios jugadores\u00bb, continu\u00f3.<\/p>\n<p>El entrenador del Valencia volvi\u00f3 a recordar que no se plantea salidas de jugadores y que est\u00e1 m\u00e1s convencido que antes de que no tienen \u00abposibilidades\u00bb de desprenderse de ning\u00fan jugador.<\/p>\n<p>\u00abEl plantel es muy corto y la necesidad que tenemos de todos es absoluta. No hemos valorado, de momento, prescindir de ninguno\u00bb, remarc\u00f3.<\/p>\n<p>Pizzi coment\u00f3 que la direcci\u00f3n deportiva no le ha manifestado que sea necesario traspasar a ning\u00fan jugador. \u00abEl club est\u00e1 enfocado hacia otra situaci\u00f3n que todo el mundo conoce -la venta del club-. Si hay ofertas irrechazables por el tema econ\u00f3mico o situaciones personales, el club las valorar\u00e1\u00bb, afirm\u00f3.<\/p>\n<p>Asimismo, Pizzi, que confes\u00f3 que cada vez es m\u00e1s complicado traer refuerzos, explic\u00f3 que poco a poco conoce mejor las armas de los futbolistas de su plantilla.<\/p>\n<p>\u00abVoy descubriendo virtudes de los jugadores y c\u00f3mo se desempe\u00f1an. Todos los que est\u00e1n y los que se dice en los medios que se pueden ir me van mostrando cosas que me interesa que tenga mi equipo\u00bb, afirm\u00f3.<\/p>\n<p>El entrenador del equipo valencianista tambi\u00e9n habl\u00f3 del presidente Amadeo Salvo, que fue el que lo fich\u00f3. \u00abLo veo ambicioso y con ganas de poner al club donde se merece\u00bb, asegur\u00f3.<\/p>\n<p>Respecto a la asamblea informativa de ma\u00f1ana en Mestalla para explicar el estado de la cuesti\u00f3n de la venta del club, Pizzi ve \u00abacertado\u00bb que los mandatarios expliquen la situaci\u00f3n a sus socios y aficionados aunque no cree que afecte a la plantilla.<\/p>\n<p>\u00abLos futbolistas est\u00e1n tranquilos y son conscientes de que se tienen que preocupar de la parte deportiva. Lo dem\u00e1s no depende de ellos. Confiamos en que las decisiones que tome el club y el presidente ser\u00e1n las mejores para la plantilla y para el cuerpo t\u00e9cnico\u00bb, dijo.<\/p>\n<p>Respecto al Espanyol, rival de este s\u00e1bado en Mestalla, indic\u00f3 que espera que haga cambios en la alineaci\u00f3n para repartir esfuerzos entre las diferentes competiciones que disputa.<\/p>\n<p>\u00abViene con una seguidilla de partidos similar a la nuestra pero acentuada con la Copa del Rey del martes. Tienen un t\u00e9cnico de primer nivel mundial y que hace bastante tiempo que est\u00e1 en la Liga y adem\u00e1s cuenta con individualidades que son determinantes como Sergio Garc\u00eda o C\u00f3rdoba\u00bb, concluy\u00f3.<\/p>\n","protected":false},"excerpt":{"rendered":"<p>Valencia, 23 ene (EFE).- Juan Antonio Pizzi, entrenador hispano argentino del Valencia, afirm\u00f3 hoy en rueda de prensa que el centrocampista Sergio Canales \u00abno puede decir que se va por no jugar un partido\u00bb, y le inst\u00f3 a que siga con el trabajo para respetar al equipo. Canales ha sido habitual en las alineaciones del [&hellip;]<\/p>\n","protected":false},"author":1,"featured_media":1132184,"comment_status":"closed","ping_status":"open","sticky":false,"template":"","format":"standard","meta":{"footnotes":""},"categories":[1],"tags":[],"class_list":["post-477751","post","type-post","status-publish","format-standard","has-post-thumbnail","hentry","category-actualidad"],"aioseo_notices":[],"aioseo_head":"\n\t\t<!-- All in One SEO Pro 5.0.1 - aioseo.com -->\n\t<meta name=\"description\" content=\"Valencia, 23 ene (EFE).- Juan Antonio Pizzi, entrenador hispano argentino del Valencia, afirm\u00f3 hoy en rueda de prensa que el centrocampista Sergio Canales &quot;no puede decir que se va por no jugar un partido&quot;, y le inst\u00f3 a que siga con el trabajo para respetar al equipo. Canales ha sido habitual en las alineaciones del\" \/>\n\t<meta name=\"robots\" content=\"max-image-preview:large\" \/>\n\t<meta name=\"author\" content=\"El Digital de Asturias\"\/>\n\t<meta name=\"google-site-verification\" content=\"UA-38556648-1\" \/>\n\t<meta name=\"msvalidate.01\" content=\"7dfe9f3f1b24437ab69f4f2559babe99\" \/>\n\t<meta name=\"keywords\" content=\"actualidad\" \/>\n\t<link rel=\"canonical\" href=\"https:\/\/www.eldigitaldeasturias.com\/noticias\/pizzi-opina-que-canales-no-puede-decir-que-se-va-por-no-jugar-un-partido\/\" \/>\n\t<meta name=\"generator\" content=\"All in One SEO Pro (AIOSEO) 5.0.1\" \/>\n\t\t<meta property=\"og:locale\" content=\"es_ES\" \/>\n\t\t<meta property=\"og:site_name\" content=\"El Digital de Asturias\" \/>\n\t\t<meta property=\"og:type\" content=\"article\" \/>\n\t\t<meta property=\"og:title\" content=\"Pizzi opina que \u00abCanales no puede decir que se va por no jugar un partido\u00bb - El Digital de Asturias\" \/>\n\t\t<meta property=\"og:description\" content=\"Valencia, 23 ene (EFE).- Juan Antonio Pizzi, entrenador hispano argentino del Valencia, afirm\u00f3 hoy en rueda de prensa que el centrocampista Sergio Canales &quot;no puede decir que se va por no jugar un partido&quot;, y le inst\u00f3 a que siga con el trabajo para respetar al equipo. Canales ha sido habitual en las alineaciones del\" \/>\n\t\t<meta property=\"og:url\" content=\"https:\/\/www.eldigitaldeasturias.com\/noticias\/pizzi-opina-que-canales-no-puede-decir-que-se-va-por-no-jugar-un-partido\/\" \/>\n\t\t<meta property=\"og:image\" content=\"https:\/\/www.eldigitaldeasturias.com\/noticias\/wp-content\/uploads\/2026\/06\/Contenidos.jpg\" \/>\n\t\t<meta property=\"og:image:secure_url\" content=\"https:\/\/www.eldigitaldeasturias.com\/noticias\/wp-content\/uploads\/2026\/06\/Contenidos.jpg\" \/>\n\t\t<meta property=\"og:image:width\" content=\"1265\" \/>\n\t\t<meta property=\"og:image:height\" content=\"697\" \/>\n\t\t<meta property=\"article:tag\" content=\"actualidad\" \/>\n\t\t<meta property=\"article:published_time\" content=\"2014-01-23T23:15:37+00:00\" \/>\n\t\t<meta property=\"article:modified_time\" content=\"2014-01-23T23:15:37+00:00\" \/>\n\t\t<meta property=\"article:publisher\" content=\"https:\/\/facebook.com\/eldigitaldeasturias\" \/>\n\t\t<meta name=\"twitter:card\" content=\"summary_large_image\" \/>\n\t\t<meta name=\"twitter:title\" content=\"Pizzi opina que \u00abCanales no puede decir que se va por no jugar un partido\u00bb - El Digital de Asturias\" \/>\n\t\t<meta name=\"twitter:description\" content=\"Valencia, 23 ene (EFE).- Juan Antonio Pizzi, entrenador hispano argentino del Valencia, afirm\u00f3 hoy en rueda de prensa que el centrocampista Sergio Canales &quot;no puede decir que se va por no jugar un partido&quot;, y le inst\u00f3 a que siga con el trabajo para respetar al equipo. Canales ha sido habitual en las alineaciones del\" \/>\n\t\t<meta name=\"twitter:image\" content=\"https:\/\/www.eldigitaldeasturias.com\/noticias\/wp-content\/uploads\/2026\/06\/Contenidos.jpg\" \/>\n\t\t<meta name=\"twitter:label1\" content=\"Escrito por\" \/>\n\t\t<meta name=\"twitter:data1\" content=\"El Digital de Asturias\" \/>\n\t\t<meta name=\"twitter:label2\" content=\"Tiempo de lectura estimado\" \/>\n\t\t<meta name=\"twitter:data2\" content=\"3 minutos\" \/>\n\t\t<script type=\"application\/ld+json\" class=\"aioseo-schema\">\n\t\t\t{\"@context\":\"https:\\\/\\\/schema.org\",\"@graph\":[{\"@type\":\"BlogPosting\",\"@id\":\"https:\\\/\\\/www.eldigitaldeasturias.com\\\/noticias\\\/pizzi-opina-que-canales-no-puede-decir-que-se-va-por-no-jugar-un-partido\\\/#blogposting\",\"name\":\"Pizzi opina que \\u00abCanales no puede decir que se va por no jugar un partido\\u00bb - El Digital de Asturias\",\"headline\":\"Pizzi opina que \\u00abCanales no puede decir que se va por no jugar un partido\\u00bb\",\"author\":{\"@id\":\"https:\\\/\\\/www.eldigitaldeasturias.com\\\/noticias\\\/author\\\/admin\\\/#author\"},\"publisher\":{\"@id\":\"https:\\\/\\\/www.eldigitaldeasturias.com\\\/noticias\\\/#organization\"},\"image\":{\"@type\":\"ImageObject\",\"url\":\"https:\\\/\\\/www.eldigitaldeasturias.com\\\/noticias\\\/wp-content\\\/uploads\\\/2026\\\/06\\\/Contenidos.jpg\",\"width\":1265,\"height\":697,\"caption\":\"Contenidos\"},\"datePublished\":\"2014-01-23T22:15:37+01:00\",\"dateModified\":\"2014-01-23T22:15:37+01:00\",\"inLanguage\":\"es-ES\",\"mainEntityOfPage\":{\"@id\":\"https:\\\/\\\/www.eldigitaldeasturias.com\\\/noticias\\\/pizzi-opina-que-canales-no-puede-decir-que-se-va-por-no-jugar-un-partido\\\/#webpage\"},\"isPartOf\":{\"@id\":\"https:\\\/\\\/www.eldigitaldeasturias.com\\\/noticias\\\/pizzi-opina-que-canales-no-puede-decir-que-se-va-por-no-jugar-un-partido\\\/#webpage\"},\"articleSection\":\"Actualidad\"},{\"@type\":\"BreadcrumbList\",\"@id\":\"https:\\\/\\\/www.eldigitaldeasturias.com\\\/noticias\\\/pizzi-opina-que-canales-no-puede-decir-que-se-va-por-no-jugar-un-partido\\\/#breadcrumblist\",\"itemListElement\":[{\"@type\":\"ListItem\",\"@id\":\"https:\\\/\\\/www.eldigitaldeasturias.com\\\/noticias#listItem\",\"position\":1,\"name\":\"Home\",\"item\":\"https:\\\/\\\/www.eldigitaldeasturias.com\\\/noticias\",\"nextItem\":{\"@type\":\"ListItem\",\"@id\":\"https:\\\/\\\/www.eldigitaldeasturias.com\\\/noticias\\\/category\\\/actualidad\\\/#listItem\",\"name\":\"Actualidad\"}},{\"@type\":\"ListItem\",\"@id\":\"https:\\\/\\\/www.eldigitaldeasturias.com\\\/noticias\\\/category\\\/actualidad\\\/#listItem\",\"position\":2,\"name\":\"Actualidad\",\"item\":\"https:\\\/\\\/www.eldigitaldeasturias.com\\\/noticias\\\/category\\\/actualidad\\\/\",\"nextItem\":{\"@type\":\"ListItem\",\"@id\":\"https:\\\/\\\/www.eldigitaldeasturias.com\\\/noticias\\\/pizzi-opina-que-canales-no-puede-decir-que-se-va-por-no-jugar-un-partido\\\/#listItem\",\"name\":\"Pizzi opina que \\u00abCanales no puede decir que se va por no jugar un partido\\u00bb\"},\"previousItem\":{\"@type\":\"ListItem\",\"@id\":\"https:\\\/\\\/www.eldigitaldeasturias.com\\\/noticias#listItem\",\"name\":\"Home\"}},{\"@type\":\"ListItem\",\"@id\":\"https:\\\/\\\/www.eldigitaldeasturias.com\\\/noticias\\\/pizzi-opina-que-canales-no-puede-decir-que-se-va-por-no-jugar-un-partido\\\/#listItem\",\"position\":3,\"name\":\"Pizzi opina que \\u00abCanales no puede decir que se va por no jugar un partido\\u00bb\",\"previousItem\":{\"@type\":\"ListItem\",\"@id\":\"https:\\\/\\\/www.eldigitaldeasturias.com\\\/noticias\\\/category\\\/actualidad\\\/#listItem\",\"name\":\"Actualidad\"}}]},{\"@type\":\"Organization\",\"@id\":\"https:\\\/\\\/www.eldigitaldeasturias.com\\\/noticias\\\/#organization\",\"name\":\"El Digital de Asturias\",\"description\":\"Hemeroteca\",\"url\":\"https:\\\/\\\/www.eldigitaldeasturias.com\\\/noticias\\\/\",\"email\":\"info@eldigitaldeasturias.com\",\"telephone\":\"+34652131393\",\"logo\":{\"@type\":\"ImageObject\",\"url\":\"https:\\\/\\\/www.eldigitaldeasturias.com\\\/noticias\\\/wp-content\\\/uploads\\\/2020\\\/12\\\/EDA.jpg\",\"@id\":\"https:\\\/\\\/www.eldigitaldeasturias.com\\\/noticias\\\/pizzi-opina-que-canales-no-puede-decir-que-se-va-por-no-jugar-un-partido\\\/#organizationLogo\"},\"image\":{\"@id\":\"https:\\\/\\\/www.eldigitaldeasturias.com\\\/noticias\\\/pizzi-opina-que-canales-no-puede-decir-que-se-va-por-no-jugar-un-partido\\\/#organizationLogo\"},\"sameAs\":[\"https:\\\/\\\/facebook.com\\\/eldigitaldeasturias\",\"https:\\\/\\\/www.youtube.com\\\/channel\\\/UCZP-2wLEB9Rv6erhFmqVnvg\"],\"address\":{\"@id\":\"https:\\\/\\\/www.eldigitaldeasturias.com\\\/noticias\\\/#postaladdress\",\"@type\":\"PostalAddress\",\"streetAddress\":\"san antonio 4\",\"postalCode\":\"33430\",\"addressLocality\":\"Cand\\u00e1s\",\"addressRegion\":\"Asturias\",\"addressCountry\":\"ES\"}},{\"@type\":\"Person\",\"@id\":\"https:\\\/\\\/www.eldigitaldeasturias.com\\\/noticias\\\/author\\\/admin\\\/#author\",\"url\":\"https:\\\/\\\/www.eldigitaldeasturias.com\\\/noticias\\\/author\\\/admin\\\/\",\"name\":\"El Digital de Asturias\",\"image\":{\"@type\":\"ImageObject\",\"@id\":\"https:\\\/\\\/www.eldigitaldeasturias.com\\\/noticias\\\/pizzi-opina-que-canales-no-puede-decir-que-se-va-por-no-jugar-un-partido\\\/#authorImage\",\"url\":\"https:\\\/\\\/secure.gravatar.com\\\/avatar\\\/df2aeffc32bcd13f8d26072ef8a91b623d677766deac7f97ca815868cd41bf5e?s=96&d=mm&r=g\",\"width\":96,\"height\":96,\"caption\":\"El Digital de Asturias\"}},{\"@type\":\"WebPage\",\"@id\":\"https:\\\/\\\/www.eldigitaldeasturias.com\\\/noticias\\\/pizzi-opina-que-canales-no-puede-decir-que-se-va-por-no-jugar-un-partido\\\/#webpage\",\"url\":\"https:\\\/\\\/www.eldigitaldeasturias.com\\\/noticias\\\/pizzi-opina-que-canales-no-puede-decir-que-se-va-por-no-jugar-un-partido\\\/\",\"name\":\"Pizzi opina que \\u00abCanales no puede decir que se va por no jugar un partido\\u00bb - El Digital de Asturias\",\"description\":\"Valencia, 23 ene (EFE).- Juan Antonio Pizzi, entrenador hispano argentino del Valencia, afirm\\u00f3 hoy en rueda de prensa que el centrocampista Sergio Canales \\\"no puede decir que se va por no jugar un partido\\\", y le inst\\u00f3 a que siga con el trabajo para respetar al equipo. Canales ha sido habitual en las alineaciones del\",\"inLanguage\":\"es-ES\",\"isPartOf\":{\"@id\":\"https:\\\/\\\/www.eldigitaldeasturias.com\\\/noticias\\\/#website\"},\"breadcrumb\":{\"@id\":\"https:\\\/\\\/www.eldigitaldeasturias.com\\\/noticias\\\/pizzi-opina-que-canales-no-puede-decir-que-se-va-por-no-jugar-un-partido\\\/#breadcrumblist\"},\"author\":{\"@id\":\"https:\\\/\\\/www.eldigitaldeasturias.com\\\/noticias\\\/author\\\/admin\\\/#author\"},\"creator\":{\"@id\":\"https:\\\/\\\/www.eldigitaldeasturias.com\\\/noticias\\\/author\\\/admin\\\/#author\"},\"image\":{\"@type\":\"ImageObject\",\"url\":\"https:\\\/\\\/www.eldigitaldeasturias.com\\\/noticias\\\/wp-content\\\/uploads\\\/2026\\\/06\\\/Contenidos.jpg\",\"@id\":\"https:\\\/\\\/www.eldigitaldeasturias.com\\\/noticias\\\/pizzi-opina-que-canales-no-puede-decir-que-se-va-por-no-jugar-un-partido\\\/#mainImage\",\"width\":1265,\"height\":697,\"caption\":\"Contenidos\"},\"primaryImageOfPage\":{\"@id\":\"https:\\\/\\\/www.eldigitaldeasturias.com\\\/noticias\\\/pizzi-opina-que-canales-no-puede-decir-que-se-va-por-no-jugar-un-partido\\\/#mainImage\"},\"datePublished\":\"2014-01-23T22:15:37+01:00\",\"dateModified\":\"2014-01-23T22:15:37+01:00\"},{\"@type\":\"WebSite\",\"@id\":\"https:\\\/\\\/www.eldigitaldeasturias.com\\\/noticias\\\/#website\",\"url\":\"https:\\\/\\\/www.eldigitaldeasturias.com\\\/noticias\\\/\",\"name\":\"El Digital de Asturias - Diario de actualidad y noticias\",\"alternateName\":\"El Digital de Asturias - Diario de actualidad y noticias\",\"description\":\"Hemeroteca\",\"inLanguage\":\"es-ES\",\"publisher\":{\"@id\":\"https:\\\/\\\/www.eldigitaldeasturias.com\\\/noticias\\\/#organization\"}}]}\n\t\t<\/script>\n\t\t<!-- All in One SEO Pro -->\r\n\t\t<title>Pizzi opina que \u00abCanales no puede decir que se va por no jugar un partido\u00bb - El Digital de Asturias<\/title>\n\n","aioseo_head_json":{"title":"Pizzi opina que \u00abCanales no puede decir que se va por no jugar un partido\u00bb - El Digital de Asturias","description":"Valencia, 23 ene (EFE).- Juan Antonio Pizzi, entrenador hispano argentino del Valencia, afirm\u00f3 hoy en rueda de prensa que el centrocampista Sergio Canales \"no puede decir que se va por no jugar un partido\", y le inst\u00f3 a que siga con el trabajo para respetar al equipo. Canales ha sido habitual en las alineaciones del","canonical_url":"https:\/\/www.eldigitaldeasturias.com\/noticias\/pizzi-opina-que-canales-no-puede-decir-que-se-va-por-no-jugar-un-partido\/","robots":"max-image-preview:large","keywords":"actualidad","webmasterTools":{"google-site-verification":"UA-38556648-1","msvalidate.01":"7dfe9f3f1b24437ab69f4f2559babe99","miscellaneous":""},"schema":{"@context":"https:\/\/schema.org","@graph":[{"@type":"BlogPosting","@id":"https:\/\/www.eldigitaldeasturias.com\/noticias\/pizzi-opina-que-canales-no-puede-decir-que-se-va-por-no-jugar-un-partido\/#blogposting","name":"Pizzi opina que \u00abCanales no puede decir que se va por no jugar un partido\u00bb - El Digital de Asturias","headline":"Pizzi opina que \u00abCanales no puede decir que se va por no jugar un partido\u00bb","author":{"@id":"https:\/\/www.eldigitaldeasturias.com\/noticias\/author\/admin\/#author"},"publisher":{"@id":"https:\/\/www.eldigitaldeasturias.com\/noticias\/#organization"},"image":{"@type":"ImageObject","url":"https:\/\/www.eldigitaldeasturias.com\/noticias\/wp-content\/uploads\/2026\/06\/Contenidos.jpg","width":1265,"height":697,"caption":"Contenidos"},"datePublished":"2014-01-23T22:15:37+01:00","dateModified":"2014-01-23T22:15:37+01:00","inLanguage":"es-ES","mainEntityOfPage":{"@id":"https:\/\/www.eldigitaldeasturias.com\/noticias\/pizzi-opina-que-canales-no-puede-decir-que-se-va-por-no-jugar-un-partido\/#webpage"},"isPartOf":{"@id":"https:\/\/www.eldigitaldeasturias.com\/noticias\/pizzi-opina-que-canales-no-puede-decir-que-se-va-por-no-jugar-un-partido\/#webpage"},"articleSection":"Actualidad"},{"@type":"BreadcrumbList","@id":"https:\/\/www.eldigitaldeasturias.com\/noticias\/pizzi-opina-que-canales-no-puede-decir-que-se-va-por-no-jugar-un-partido\/#breadcrumblist","itemListElement":[{"@type":"ListItem","@id":"https:\/\/www.eldigitaldeasturias.com\/noticias#listItem","position":1,"name":"Home","item":"https:\/\/www.eldigitaldeasturias.com\/noticias","nextItem":{"@type":"ListItem","@id":"https:\/\/www.eldigitaldeasturias.com\/noticias\/category\/actualidad\/#listItem","name":"Actualidad"}},{"@type":"ListItem","@id":"https:\/\/www.eldigitaldeasturias.com\/noticias\/category\/actualidad\/#listItem","position":2,"name":"Actualidad","item":"https:\/\/www.eldigitaldeasturias.com\/noticias\/category\/actualidad\/","nextItem":{"@type":"ListItem","@id":"https:\/\/www.eldigitaldeasturias.com\/noticias\/pizzi-opina-que-canales-no-puede-decir-que-se-va-por-no-jugar-un-partido\/#listItem","name":"Pizzi opina que \u00abCanales no puede decir que se va por no jugar un partido\u00bb"},"previousItem":{"@type":"ListItem","@id":"https:\/\/www.eldigitaldeasturias.com\/noticias#listItem","name":"Home"}},{"@type":"ListItem","@id":"https:\/\/www.eldigitaldeasturias.com\/noticias\/pizzi-opina-que-canales-no-puede-decir-que-se-va-por-no-jugar-un-partido\/#listItem","position":3,"name":"Pizzi opina que \u00abCanales no puede decir que se va por no jugar un partido\u00bb","previousItem":{"@type":"ListItem","@id":"https:\/\/www.eldigitaldeasturias.com\/noticias\/category\/actualidad\/#listItem","name":"Actualidad"}}]},{"@type":"Organization","@id":"https:\/\/www.eldigitaldeasturias.com\/noticias\/#organization","name":"El Digital de Asturias","description":"Hemeroteca","url":"https:\/\/www.eldigitaldeasturias.com\/noticias\/","email":"info@eldigitaldeasturias.com","telephone":"+34652131393","logo":{"@type":"ImageObject","url":"https:\/\/www.eldigitaldeasturias.com\/noticias\/wp-content\/uploads\/2020\/12\/EDA.jpg","@id":"https:\/\/www.eldigitaldeasturias.com\/noticias\/pizzi-opina-que-canales-no-puede-decir-que-se-va-por-no-jugar-un-partido\/#organizationLogo"},"image":{"@id":"https:\/\/www.eldigitaldeasturias.com\/noticias\/pizzi-opina-que-canales-no-puede-decir-que-se-va-por-no-jugar-un-partido\/#organizationLogo"},"sameAs":["https:\/\/facebook.com\/eldigitaldeasturias","https:\/\/www.youtube.com\/channel\/UCZP-2wLEB9Rv6erhFmqVnvg"],"address":{"@id":"https:\/\/www.eldigitaldeasturias.com\/noticias\/#postaladdress","@type":"PostalAddress","streetAddress":"san antonio 4","postalCode":"33430","addressLocality":"Cand\u00e1s","addressRegion":"Asturias","addressCountry":"ES"}},{"@type":"Person","@id":"https:\/\/www.eldigitaldeasturias.com\/noticias\/author\/admin\/#author","url":"https:\/\/www.eldigitaldeasturias.com\/noticias\/author\/admin\/","name":"El Digital de Asturias","image":{"@type":"ImageObject","@id":"https:\/\/www.eldigitaldeasturias.com\/noticias\/pizzi-opina-que-canales-no-puede-decir-que-se-va-por-no-jugar-un-partido\/#authorImage","url":"https:\/\/secure.gravatar.com\/avatar\/df2aeffc32bcd13f8d26072ef8a91b623d677766deac7f97ca815868cd41bf5e?s=96&d=mm&r=g","width":96,"height":96,"caption":"El Digital de Asturias"}},{"@type":"WebPage","@id":"https:\/\/www.eldigitaldeasturias.com\/noticias\/pizzi-opina-que-canales-no-puede-decir-que-se-va-por-no-jugar-un-partido\/#webpage","url":"https:\/\/www.eldigitaldeasturias.com\/noticias\/pizzi-opina-que-canales-no-puede-decir-que-se-va-por-no-jugar-un-partido\/","name":"Pizzi opina que \u00abCanales no puede decir que se va por no jugar un partido\u00bb - El Digital de Asturias","description":"Valencia, 23 ene (EFE).- Juan Antonio Pizzi, entrenador hispano argentino del Valencia, afirm\u00f3 hoy en rueda de prensa que el centrocampista Sergio Canales \"no puede decir que se va por no jugar un partido\", y le inst\u00f3 a que siga con el trabajo para respetar al equipo. Canales ha sido habitual en las alineaciones del","inLanguage":"es-ES","isPartOf":{"@id":"https:\/\/www.eldigitaldeasturias.com\/noticias\/#website"},"breadcrumb":{"@id":"https:\/\/www.eldigitaldeasturias.com\/noticias\/pizzi-opina-que-canales-no-puede-decir-que-se-va-por-no-jugar-un-partido\/#breadcrumblist"},"author":{"@id":"https:\/\/www.eldigitaldeasturias.com\/noticias\/author\/admin\/#author"},"creator":{"@id":"https:\/\/www.eldigitaldeasturias.com\/noticias\/author\/admin\/#author"},"image":{"@type":"ImageObject","url":"https:\/\/www.eldigitaldeasturias.com\/noticias\/wp-content\/uploads\/2026\/06\/Contenidos.jpg","@id":"https:\/\/www.eldigitaldeasturias.com\/noticias\/pizzi-opina-que-canales-no-puede-decir-que-se-va-por-no-jugar-un-partido\/#mainImage","width":1265,"height":697,"caption":"Contenidos"},"primaryImageOfPage":{"@id":"https:\/\/www.eldigitaldeasturias.com\/noticias\/pizzi-opina-que-canales-no-puede-decir-que-se-va-por-no-jugar-un-partido\/#mainImage"},"datePublished":"2014-01-23T22:15:37+01:00","dateModified":"2014-01-23T22:15:37+01:00"},{"@type":"WebSite","@id":"https:\/\/www.eldigitaldeasturias.com\/noticias\/#website","url":"https:\/\/www.eldigitaldeasturias.com\/noticias\/","name":"El Digital de Asturias - Diario de actualidad y noticias","alternateName":"El Digital de Asturias - Diario de actualidad y noticias","description":"Hemeroteca","inLanguage":"es-ES","publisher":{"@id":"https:\/\/www.eldigitaldeasturias.com\/noticias\/#organization"}}]},"og:locale":"es_ES","og:site_name":"El Digital de Asturias","og:type":"article","og:title":"Pizzi opina que \u00abCanales no puede decir que se va por no jugar un partido\u00bb - El Digital de Asturias","og:description":"Valencia, 23 ene (EFE).- Juan Antonio Pizzi, entrenador hispano argentino del Valencia, afirm\u00f3 hoy en rueda de prensa que el centrocampista Sergio Canales &quot;no puede decir que se va por no jugar un partido&quot;, y le inst\u00f3 a que siga con el trabajo para respetar al equipo. Canales ha sido habitual en las alineaciones del","og:url":"https:\/\/www.eldigitaldeasturias.com\/noticias\/pizzi-opina-que-canales-no-puede-decir-que-se-va-por-no-jugar-un-partido\/","og:image":"https:\/\/www.eldigitaldeasturias.com\/noticias\/wp-content\/uploads\/2026\/06\/Contenidos.jpg","og:image:secure_url":"https:\/\/www.eldigitaldeasturias.com\/noticias\/wp-content\/uploads\/2026\/06\/Contenidos.jpg","og:image:width":1265,"og:image:height":697,"article:tag":["actualidad"],"article:published_time":"2014-01-23T23:15:37+00:00","article:modified_time":"2014-01-23T23:15:37+00:00","article:publisher":"https:\/\/facebook.com\/eldigitaldeasturias","twitter:card":"summary_large_image","twitter:title":"Pizzi opina que \u00abCanales no puede decir que se va por no jugar un partido\u00bb - El Digital de Asturias","twitter:description":"Valencia, 23 ene (EFE).- Juan Antonio Pizzi, entrenador hispano argentino del Valencia, afirm\u00f3 hoy en rueda de prensa que el centrocampista Sergio Canales &quot;no puede decir que se va por no jugar un partido&quot;, y le inst\u00f3 a que siga con el trabajo para respetar al equipo. Canales ha sido habitual en las alineaciones del","twitter:image":"https:\/\/www.eldigitaldeasturias.com\/noticias\/wp-content\/uploads\/2026\/06\/Contenidos.jpg","twitter:label1":"Escrito por","twitter:data1":"El Digital de Asturias","twitter:label2":"Tiempo de lectura estimado","twitter:data2":"3 minutos"},"aioseo_meta_data":{"post_id":"477751","title":null,"description":null,"keywords":null,"keyphrases":null,"primary_term":null,"canonical_url":null,"og_title":null,"og_description":null,"og_object_type":"default","og_image_type":"default","og_image_url":null,"og_image_width":null,"og_image_height":null,"og_image_custom_url":null,"og_image_custom_fields":null,"og_video":null,"og_custom_url":null,"og_article_section":null,"og_article_tags":null,"twitter_use_og":true,"twitter_card":"default","twitter_image_type":"default","twitter_image_url":null,"twitter_image_custom_url":null,"twitter_image_custom_fields":null,"twitter_title":null,"twitter_description":null,"schema":{"blockGraphs":[],"customGraphs":[],"default":{"data":{"Article":[],"Course":[],"Dataset":[],"FAQPage":[],"Movie":[],"Person":[],"Product":[],"ProductReview":[],"Car":[],"Recipe":[],"Service":[],"SoftwareApplication":[],"WebPage":[]},"graphName":"","isEnabled":true},"graphs":[],"defaultGraph":"","defaultPostTypeGraph":""},"schema_type":null,"schema_type_options":null,"pillar_content":false,"robots_default":true,"robots_noindex":false,"robots_noarchive":false,"robots_nosnippet":false,"robots_nofollow":false,"robots_noimageindex":false,"robots_noodp":false,"robots_notranslate":false,"robots_max_snippet":null,"robots_max_videopreview":null,"robots_max_imagepreview":"none","priority":null,"frequency":null,"local_seo":null,"seo_analyzer_scan_date":"2026-06-01 19:29:53","breadcrumb_settings":null,"limit_modified_date":false,"open_ai":null,"ai":null,"created":"2020-11-14 22:53:46","updated":"2026-06-01 19:29:53","focus_keyword":null,"additional_keywords":null,"truseo_locale":null},"aioseo_breadcrumb":"<div class=\"aioseo-breadcrumbs\"><span class=\"aioseo-breadcrumb\">\n\t<a href=\"https:\/\/www.eldigitaldeasturias.com\/noticias\" title=\"Home\">Home<\/a>\n<\/span><span class=\"aioseo-breadcrumb-separator\">\u2013<\/span><span class=\"aioseo-breadcrumb\">\n\t<a href=\"https:\/\/www.eldigitaldeasturias.com\/noticias\/category\/actualidad\/\" title=\"Actualidad\">Actualidad<\/a>\n<\/span><span class=\"aioseo-breadcrumb-separator\">\u2013<\/span><span class=\"aioseo-breadcrumb\">\n\t<a href=\"https:\/\/www.eldigitaldeasturias.com\/noticias\/pizzi-opina-que-canales-no-puede-decir-que-se-va-por-no-jugar-un-partido\/\" title=\"Pizzi opina que \u00abCanales no puede decir que se va por no jugar un partido\u00bb\">Pizzi opina que \u00abCanales no puede decir que se va por no jugar un partido\u00bb<\/a>\n<\/span><\/div>","aioseo_breadcrumb_json":[{"label":"Home","link":"https:\/\/www.eldigitaldeasturias.com\/noticias"},{"label":"Actualidad","link":"https:\/\/www.eldigitaldeasturias.com\/noticias\/category\/actualidad\/"},{"label":"Pizzi opina que \u00abCanales no puede decir que se va por no jugar un partido\u00bb","link":"https:\/\/www.eldigitaldeasturias.com\/noticias\/pizzi-opina-que-canales-no-puede-decir-que-se-va-por-no-jugar-un-partido\/"}],"_links":{"self":[{"href":"https:\/\/www.eldigitaldeasturias.com\/noticias\/wp-json\/wp\/v2\/posts\/477751","targetHints":{"allow":["GET"]}}],"collection":[{"href":"https:\/\/www.eldigitaldeasturias.com\/noticias\/wp-json\/wp\/v2\/posts"}],"about":[{"href":"https:\/\/www.eldigitaldeasturias.com\/noticias\/wp-json\/wp\/v2\/types\/post"}],"author":[{"embeddable":true,"href":"https:\/\/www.eldigitaldeasturias.com\/noticias\/wp-json\/wp\/v2\/users\/1"}],"replies":[{"embeddable":true,"href":"https:\/\/www.eldigitaldeasturias.com\/noticias\/wp-json\/wp\/v2\/comments?post=477751"}],"version-history":[{"count":0,"href":"https:\/\/www.eldigitaldeasturias.com\/noticias\/wp-json\/wp\/v2\/posts\/477751\/revisions"}],"wp:featuredmedia":[{"embeddable":true,"href":"https:\/\/www.eldigitaldeasturias.com\/noticias\/wp-json\/wp\/v2\/media\/1132184"}],"wp:attachment":[{"href":"https:\/\/www.eldigitaldeasturias.com\/noticias\/wp-json\/wp\/v2\/media?parent=477751"}],"wp:term":[{"taxonomy":"category","embeddable":true,"href":"https:\/\/www.eldigitaldeasturias.com\/noticias\/wp-json\/wp\/v2\/categories?post=477751"},{"taxonomy":"post_tag","embeddable":true,"href":"https:\/\/www.eldigitaldeasturias.com\/noticias\/wp-json\/wp\/v2\/tags?post=477751"}],"curies":[{"name":"wp","href":"https:\/\/api.w.org\/{rel}","templated":true}]}}