{"id":477736,"date":"2014-01-23T22:08:04","date_gmt":"2014-01-23T23:08:04","guid":{"rendered":"http:\/\/www.eldigitaldeasturias.com\/noticias\/?p=477736"},"modified":"2014-01-23T22:08:04","modified_gmt":"2014-01-23T23:08:04","slug":"vidorreta-dice-que-estan-a-tiempo-de-enmendar-la-situacion","status":"publish","type":"post","link":"https:\/\/www.eldigitaldeasturias.com\/noticias\/vidorreta-dice-que-estan-a-tiempo-de-enmendar-la-situacion\/","title":{"rendered":"Vidorreta dice que est\u00e1n \u00aba tiempo de enmendar la situaci\u00f3n\u00bb"},"content":{"rendered":"<p><img loading=\"lazy\" decoding=\"async\" class=\"alignleft size-medium wp-image-477737\" alt=\"5870581w\" src=\"https:\/\/www.eldigitaldeasturias.com\/noticias\/wp-content\/uploads\/2014\/01\/5870581w-360x262.jpg\" width=\"360\" height=\"262\" \/>Madrid, 23 ene (EFE).- El entrenador de Tuenti M\u00f3vil Estudiantes Txus Vidorreta mostr\u00f3 su confianza en que su equipo, pen\u00faltimo clasificado con s\u00f3lo tres victorias en diecis\u00e9is encuentros, pueda crecer en las pr\u00f3ximas semanas a partir de la solidez defensiva y abandonar pr\u00f3ximamente los puestos de descenso de la Liga Endesa.<\/p>\n<p>\u00abUn equipo que, con medios limitados, quiere cumplir con sus objetivos tiene que defender a tope, con las ideas claras\u00bb, indic\u00f3 Vidorreta en la rueda de prensa previa al partido ante el Guip\u00fazcoa Basket. \u00abEstamos a tiempo de enmendar la situaci\u00f3n\u00bb, agreg\u00f3.<\/p>\n<p>El t\u00e9cnico, al que la situaci\u00f3n del Estudiantes le recuerda a la que vivi\u00f3 con el Lucentum dos a\u00f1os atr\u00e1s, tom\u00f3 como ejemplo a su pr\u00f3ximo rival, \u00abun equipo con una plantilla en la que solo contin\u00faan tres jugadores con rol importante del a\u00f1o pasado y con muchos jugadores nuevos, pero que defienden tan bien que les permite estar luchando por la Copa\u00bb.<\/p>\n<p>Para Vidorreta, el conjunto madrile\u00f1o debe apostar por \u00abdefender duro toda la segunda vuelta\u00bb y continuar con la l\u00ednea marcada ante el Barcelona, pese a la derrota. \u00abVen\u00edan de superar los 100 puntos contra Valladolid y rozarlos contra UCAM Murcia y se quedaron en 73. Por ah\u00ed est\u00e1 el camino marcado en defensa\u00bb, abund\u00f3.<\/p>\n<p>\u00abLa mejor\u00eda que estamos viendo en muchos jugadores con respecto al inicio de temporada es suficiente para competir con Guip\u00fazcoa\u00bb, analiz\u00f3 Vidorreta, \u00abpero debemos ponerlo todo para que la cosa no se quede en competir, sino ganar\u00bb.<\/p>\n<p>Ante el cuadro vasco, uno de los mejores del campeonato defensivamente, el t\u00e9cnico estudiantil podr\u00e1 contar con Marko Banic y Dejan Ivanov, que superaron sus molestias, y con Xavi Rabaseda, cuya aportaci\u00f3n destac\u00f3 Vidorreta.<\/p>\n<p>\u00abEs uno de los jugadores que est\u00e1 liderando al equipo defensivamente y todos deseamos que ese trabajo que est\u00e1 haciendo se refrende con un buen partido ofensivo, porque su trabajo se lo merece\u00bb, subray\u00f3.<\/p>\n<p>Preguntado por nuevas incorporaciones, Vidorreta coment\u00f3: \u00abEstamos en el mercado desde hace tiempo, pero lo que hacemos principalmente es reforzar la confianza de nuestros jugadores\u00bb.<\/p>\n<p>\u00abEllos son conscientes de que el equipo hay que rematarlo, porque sal\u00edamos con una plantilla muy corta por nuestras limitaciones presupuestarias\u00bb, indic\u00f3. \u00abBuscamos jugadores que puedan acoplarse al grupo r\u00e1pido y que nos hagan un poquito mejores\u00bb, concluy\u00f3.<\/p>\n","protected":false},"excerpt":{"rendered":"<p>Madrid, 23 ene (EFE).- El entrenador de Tuenti M\u00f3vil Estudiantes Txus Vidorreta mostr\u00f3 su confianza en que su equipo, pen\u00faltimo clasificado con s\u00f3lo tres victorias en diecis\u00e9is encuentros, pueda crecer en las pr\u00f3ximas semanas a partir de la solidez defensiva y abandonar pr\u00f3ximamente los puestos de descenso de la Liga Endesa. \u00abUn equipo que, con [&hellip;]<\/p>\n","protected":false},"author":1,"featured_media":1132184,"comment_status":"closed","ping_status":"open","sticky":false,"template":"","format":"standard","meta":{"footnotes":""},"categories":[1],"tags":[],"class_list":["post-477736","post","type-post","status-publish","format-standard","has-post-thumbnail","hentry","category-actualidad"],"aioseo_notices":[],"aioseo_head":"\n\t\t<!-- All in One SEO Pro 5.0.1 - aioseo.com -->\n\t<meta name=\"description\" content=\"Madrid, 23 ene (EFE).- El entrenador de Tuenti M\u00f3vil Estudiantes Txus Vidorreta mostr\u00f3 su confianza en que su equipo, pen\u00faltimo clasificado con s\u00f3lo tres victorias en diecis\u00e9is encuentros, pueda crecer en las pr\u00f3ximas semanas a partir de la solidez defensiva y abandonar pr\u00f3ximamente los puestos de descenso de la Liga Endesa. &quot;Un equipo que, con\" \/>\n\t<meta name=\"robots\" content=\"max-image-preview:large\" \/>\n\t<meta name=\"author\" content=\"El Digital de Asturias\"\/>\n\t<meta name=\"google-site-verification\" content=\"UA-38556648-1\" \/>\n\t<meta name=\"msvalidate.01\" content=\"7dfe9f3f1b24437ab69f4f2559babe99\" \/>\n\t<meta name=\"keywords\" content=\"actualidad\" \/>\n\t<link rel=\"canonical\" href=\"https:\/\/www.eldigitaldeasturias.com\/noticias\/vidorreta-dice-que-estan-a-tiempo-de-enmendar-la-situacion\/\" \/>\n\t<meta name=\"generator\" content=\"All in One SEO Pro (AIOSEO) 5.0.1\" \/>\n\t\t<meta property=\"og:locale\" content=\"es_ES\" \/>\n\t\t<meta property=\"og:site_name\" content=\"El Digital de Asturias\" \/>\n\t\t<meta property=\"og:type\" content=\"article\" \/>\n\t\t<meta property=\"og:title\" content=\"Vidorreta dice que est\u00e1n \u00aba tiempo de enmendar la situaci\u00f3n\u00bb - El Digital de Asturias\" \/>\n\t\t<meta property=\"og:description\" content=\"Madrid, 23 ene (EFE).- El entrenador de Tuenti M\u00f3vil Estudiantes Txus Vidorreta mostr\u00f3 su confianza en que su equipo, pen\u00faltimo clasificado con s\u00f3lo tres victorias en diecis\u00e9is encuentros, pueda crecer en las pr\u00f3ximas semanas a partir de la solidez defensiva y abandonar pr\u00f3ximamente los puestos de descenso de la Liga Endesa. &quot;Un equipo que, con\" \/>\n\t\t<meta property=\"og:url\" content=\"https:\/\/www.eldigitaldeasturias.com\/noticias\/vidorreta-dice-que-estan-a-tiempo-de-enmendar-la-situacion\/\" \/>\n\t\t<meta property=\"og:image\" content=\"https:\/\/www.eldigitaldeasturias.com\/noticias\/wp-content\/uploads\/2026\/06\/Contenidos.jpg\" \/>\n\t\t<meta property=\"og:image:secure_url\" content=\"https:\/\/www.eldigitaldeasturias.com\/noticias\/wp-content\/uploads\/2026\/06\/Contenidos.jpg\" \/>\n\t\t<meta property=\"og:image:width\" content=\"1265\" \/>\n\t\t<meta property=\"og:image:height\" content=\"697\" \/>\n\t\t<meta property=\"article:tag\" content=\"actualidad\" \/>\n\t\t<meta property=\"article:published_time\" content=\"2014-01-23T23:08:04+00:00\" \/>\n\t\t<meta property=\"article:modified_time\" content=\"2014-01-23T23:08:04+00:00\" \/>\n\t\t<meta property=\"article:publisher\" content=\"https:\/\/facebook.com\/eldigitaldeasturias\" \/>\n\t\t<meta name=\"twitter:card\" content=\"summary_large_image\" \/>\n\t\t<meta name=\"twitter:title\" content=\"Vidorreta dice que est\u00e1n \u00aba tiempo de enmendar la situaci\u00f3n\u00bb - El Digital de Asturias\" \/>\n\t\t<meta name=\"twitter:description\" content=\"Madrid, 23 ene (EFE).- El entrenador de Tuenti M\u00f3vil Estudiantes Txus Vidorreta mostr\u00f3 su confianza en que su equipo, pen\u00faltimo clasificado con s\u00f3lo tres victorias en diecis\u00e9is encuentros, pueda crecer en las pr\u00f3ximas semanas a partir de la solidez defensiva y abandonar pr\u00f3ximamente los puestos de descenso de la Liga Endesa. &quot;Un equipo que, con\" \/>\n\t\t<meta name=\"twitter:image\" content=\"https:\/\/www.eldigitaldeasturias.com\/noticias\/wp-content\/uploads\/2026\/06\/Contenidos.jpg\" \/>\n\t\t<meta name=\"twitter:label1\" content=\"Escrito por\" \/>\n\t\t<meta name=\"twitter:data1\" content=\"El Digital de Asturias\" \/>\n\t\t<meta name=\"twitter:label2\" content=\"Tiempo de lectura estimado\" \/>\n\t\t<meta name=\"twitter:data2\" content=\"2 minutos\" \/>\n\t\t<script type=\"application\/ld+json\" class=\"aioseo-schema\">\n\t\t\t{\"@context\":\"https:\\\/\\\/schema.org\",\"@graph\":[{\"@type\":\"BlogPosting\",\"@id\":\"https:\\\/\\\/www.eldigitaldeasturias.com\\\/noticias\\\/vidorreta-dice-que-estan-a-tiempo-de-enmendar-la-situacion\\\/#blogposting\",\"name\":\"Vidorreta dice que est\\u00e1n \\u00aba tiempo de enmendar la situaci\\u00f3n\\u00bb - El Digital de Asturias\",\"headline\":\"Vidorreta dice que est\\u00e1n \\u00aba tiempo de enmendar la situaci\\u00f3n\\u00bb\",\"author\":{\"@id\":\"https:\\\/\\\/www.eldigitaldeasturias.com\\\/noticias\\\/author\\\/admin\\\/#author\"},\"publisher\":{\"@id\":\"https:\\\/\\\/www.eldigitaldeasturias.com\\\/noticias\\\/#organization\"},\"image\":{\"@type\":\"ImageObject\",\"url\":\"https:\\\/\\\/www.eldigitaldeasturias.com\\\/noticias\\\/wp-content\\\/uploads\\\/2026\\\/06\\\/Contenidos.jpg\",\"width\":1265,\"height\":697,\"caption\":\"Contenidos\"},\"datePublished\":\"2014-01-23T22:08:04+01:00\",\"dateModified\":\"2014-01-23T22:08:04+01:00\",\"inLanguage\":\"es-ES\",\"mainEntityOfPage\":{\"@id\":\"https:\\\/\\\/www.eldigitaldeasturias.com\\\/noticias\\\/vidorreta-dice-que-estan-a-tiempo-de-enmendar-la-situacion\\\/#webpage\"},\"isPartOf\":{\"@id\":\"https:\\\/\\\/www.eldigitaldeasturias.com\\\/noticias\\\/vidorreta-dice-que-estan-a-tiempo-de-enmendar-la-situacion\\\/#webpage\"},\"articleSection\":\"Actualidad\"},{\"@type\":\"BreadcrumbList\",\"@id\":\"https:\\\/\\\/www.eldigitaldeasturias.com\\\/noticias\\\/vidorreta-dice-que-estan-a-tiempo-de-enmendar-la-situacion\\\/#breadcrumblist\",\"itemListElement\":[{\"@type\":\"ListItem\",\"@id\":\"https:\\\/\\\/www.eldigitaldeasturias.com\\\/noticias#listItem\",\"position\":1,\"name\":\"Home\",\"item\":\"https:\\\/\\\/www.eldigitaldeasturias.com\\\/noticias\",\"nextItem\":{\"@type\":\"ListItem\",\"@id\":\"https:\\\/\\\/www.eldigitaldeasturias.com\\\/noticias\\\/category\\\/actualidad\\\/#listItem\",\"name\":\"Actualidad\"}},{\"@type\":\"ListItem\",\"@id\":\"https:\\\/\\\/www.eldigitaldeasturias.com\\\/noticias\\\/category\\\/actualidad\\\/#listItem\",\"position\":2,\"name\":\"Actualidad\",\"item\":\"https:\\\/\\\/www.eldigitaldeasturias.com\\\/noticias\\\/category\\\/actualidad\\\/\",\"nextItem\":{\"@type\":\"ListItem\",\"@id\":\"https:\\\/\\\/www.eldigitaldeasturias.com\\\/noticias\\\/vidorreta-dice-que-estan-a-tiempo-de-enmendar-la-situacion\\\/#listItem\",\"name\":\"Vidorreta dice que est\\u00e1n \\u00aba tiempo de enmendar la situaci\\u00f3n\\u00bb\"},\"previousItem\":{\"@type\":\"ListItem\",\"@id\":\"https:\\\/\\\/www.eldigitaldeasturias.com\\\/noticias#listItem\",\"name\":\"Home\"}},{\"@type\":\"ListItem\",\"@id\":\"https:\\\/\\\/www.eldigitaldeasturias.com\\\/noticias\\\/vidorreta-dice-que-estan-a-tiempo-de-enmendar-la-situacion\\\/#listItem\",\"position\":3,\"name\":\"Vidorreta dice que est\\u00e1n \\u00aba tiempo de enmendar la situaci\\u00f3n\\u00bb\",\"previousItem\":{\"@type\":\"ListItem\",\"@id\":\"https:\\\/\\\/www.eldigitaldeasturias.com\\\/noticias\\\/category\\\/actualidad\\\/#listItem\",\"name\":\"Actualidad\"}}]},{\"@type\":\"Organization\",\"@id\":\"https:\\\/\\\/www.eldigitaldeasturias.com\\\/noticias\\\/#organization\",\"name\":\"El Digital de Asturias\",\"description\":\"Hemeroteca\",\"url\":\"https:\\\/\\\/www.eldigitaldeasturias.com\\\/noticias\\\/\",\"email\":\"info@eldigitaldeasturias.com\",\"telephone\":\"+34652131393\",\"logo\":{\"@type\":\"ImageObject\",\"url\":\"https:\\\/\\\/www.eldigitaldeasturias.com\\\/noticias\\\/wp-content\\\/uploads\\\/2020\\\/12\\\/EDA.jpg\",\"@id\":\"https:\\\/\\\/www.eldigitaldeasturias.com\\\/noticias\\\/vidorreta-dice-que-estan-a-tiempo-de-enmendar-la-situacion\\\/#organizationLogo\"},\"image\":{\"@id\":\"https:\\\/\\\/www.eldigitaldeasturias.com\\\/noticias\\\/vidorreta-dice-que-estan-a-tiempo-de-enmendar-la-situacion\\\/#organizationLogo\"},\"sameAs\":[\"https:\\\/\\\/facebook.com\\\/eldigitaldeasturias\",\"https:\\\/\\\/www.youtube.com\\\/channel\\\/UCZP-2wLEB9Rv6erhFmqVnvg\"],\"address\":{\"@id\":\"https:\\\/\\\/www.eldigitaldeasturias.com\\\/noticias\\\/#postaladdress\",\"@type\":\"PostalAddress\",\"streetAddress\":\"san antonio 4\",\"postalCode\":\"33430\",\"addressLocality\":\"Cand\\u00e1s\",\"addressRegion\":\"Asturias\",\"addressCountry\":\"ES\"}},{\"@type\":\"Person\",\"@id\":\"https:\\\/\\\/www.eldigitaldeasturias.com\\\/noticias\\\/author\\\/admin\\\/#author\",\"url\":\"https:\\\/\\\/www.eldigitaldeasturias.com\\\/noticias\\\/author\\\/admin\\\/\",\"name\":\"El Digital de Asturias\",\"image\":{\"@type\":\"ImageObject\",\"@id\":\"https:\\\/\\\/www.eldigitaldeasturias.com\\\/noticias\\\/vidorreta-dice-que-estan-a-tiempo-de-enmendar-la-situacion\\\/#authorImage\",\"url\":\"https:\\\/\\\/secure.gravatar.com\\\/avatar\\\/df2aeffc32bcd13f8d26072ef8a91b623d677766deac7f97ca815868cd41bf5e?s=96&d=mm&r=g\",\"width\":96,\"height\":96,\"caption\":\"El Digital de Asturias\"}},{\"@type\":\"WebPage\",\"@id\":\"https:\\\/\\\/www.eldigitaldeasturias.com\\\/noticias\\\/vidorreta-dice-que-estan-a-tiempo-de-enmendar-la-situacion\\\/#webpage\",\"url\":\"https:\\\/\\\/www.eldigitaldeasturias.com\\\/noticias\\\/vidorreta-dice-que-estan-a-tiempo-de-enmendar-la-situacion\\\/\",\"name\":\"Vidorreta dice que est\\u00e1n \\u00aba tiempo de enmendar la situaci\\u00f3n\\u00bb - El Digital de Asturias\",\"description\":\"Madrid, 23 ene (EFE).- El entrenador de Tuenti M\\u00f3vil Estudiantes Txus Vidorreta mostr\\u00f3 su confianza en que su equipo, pen\\u00faltimo clasificado con s\\u00f3lo tres victorias en diecis\\u00e9is encuentros, pueda crecer en las pr\\u00f3ximas semanas a partir de la solidez defensiva y abandonar pr\\u00f3ximamente los puestos de descenso de la Liga Endesa. \\\"Un equipo que, con\",\"inLanguage\":\"es-ES\",\"isPartOf\":{\"@id\":\"https:\\\/\\\/www.eldigitaldeasturias.com\\\/noticias\\\/#website\"},\"breadcrumb\":{\"@id\":\"https:\\\/\\\/www.eldigitaldeasturias.com\\\/noticias\\\/vidorreta-dice-que-estan-a-tiempo-de-enmendar-la-situacion\\\/#breadcrumblist\"},\"author\":{\"@id\":\"https:\\\/\\\/www.eldigitaldeasturias.com\\\/noticias\\\/author\\\/admin\\\/#author\"},\"creator\":{\"@id\":\"https:\\\/\\\/www.eldigitaldeasturias.com\\\/noticias\\\/author\\\/admin\\\/#author\"},\"image\":{\"@type\":\"ImageObject\",\"url\":\"https:\\\/\\\/www.eldigitaldeasturias.com\\\/noticias\\\/wp-content\\\/uploads\\\/2026\\\/06\\\/Contenidos.jpg\",\"@id\":\"https:\\\/\\\/www.eldigitaldeasturias.com\\\/noticias\\\/vidorreta-dice-que-estan-a-tiempo-de-enmendar-la-situacion\\\/#mainImage\",\"width\":1265,\"height\":697,\"caption\":\"Contenidos\"},\"primaryImageOfPage\":{\"@id\":\"https:\\\/\\\/www.eldigitaldeasturias.com\\\/noticias\\\/vidorreta-dice-que-estan-a-tiempo-de-enmendar-la-situacion\\\/#mainImage\"},\"datePublished\":\"2014-01-23T22:08:04+01:00\",\"dateModified\":\"2014-01-23T22:08:04+01:00\"},{\"@type\":\"WebSite\",\"@id\":\"https:\\\/\\\/www.eldigitaldeasturias.com\\\/noticias\\\/#website\",\"url\":\"https:\\\/\\\/www.eldigitaldeasturias.com\\\/noticias\\\/\",\"name\":\"El Digital de Asturias - Diario de actualidad y noticias\",\"alternateName\":\"El Digital de Asturias - Diario de actualidad y noticias\",\"description\":\"Hemeroteca\",\"inLanguage\":\"es-ES\",\"publisher\":{\"@id\":\"https:\\\/\\\/www.eldigitaldeasturias.com\\\/noticias\\\/#organization\"}}]}\n\t\t<\/script>\n\t\t<!-- All in One SEO Pro -->\r\n\t\t<title>Vidorreta dice que est\u00e1n \u00aba tiempo de enmendar la situaci\u00f3n\u00bb - El Digital de Asturias<\/title>\n\n","aioseo_head_json":{"title":"Vidorreta dice que est\u00e1n \u00aba tiempo de enmendar la situaci\u00f3n\u00bb - El Digital de Asturias","description":"Madrid, 23 ene (EFE).- El entrenador de Tuenti M\u00f3vil Estudiantes Txus Vidorreta mostr\u00f3 su confianza en que su equipo, pen\u00faltimo clasificado con s\u00f3lo tres victorias en diecis\u00e9is encuentros, pueda crecer en las pr\u00f3ximas semanas a partir de la solidez defensiva y abandonar pr\u00f3ximamente los puestos de descenso de la Liga Endesa. \"Un equipo que, con","canonical_url":"https:\/\/www.eldigitaldeasturias.com\/noticias\/vidorreta-dice-que-estan-a-tiempo-de-enmendar-la-situacion\/","robots":"max-image-preview:large","keywords":"actualidad","webmasterTools":{"google-site-verification":"UA-38556648-1","msvalidate.01":"7dfe9f3f1b24437ab69f4f2559babe99","miscellaneous":""},"schema":{"@context":"https:\/\/schema.org","@graph":[{"@type":"BlogPosting","@id":"https:\/\/www.eldigitaldeasturias.com\/noticias\/vidorreta-dice-que-estan-a-tiempo-de-enmendar-la-situacion\/#blogposting","name":"Vidorreta dice que est\u00e1n \u00aba tiempo de enmendar la situaci\u00f3n\u00bb - El Digital de Asturias","headline":"Vidorreta dice que est\u00e1n \u00aba tiempo de enmendar la situaci\u00f3n\u00bb","author":{"@id":"https:\/\/www.eldigitaldeasturias.com\/noticias\/author\/admin\/#author"},"publisher":{"@id":"https:\/\/www.eldigitaldeasturias.com\/noticias\/#organization"},"image":{"@type":"ImageObject","url":"https:\/\/www.eldigitaldeasturias.com\/noticias\/wp-content\/uploads\/2026\/06\/Contenidos.jpg","width":1265,"height":697,"caption":"Contenidos"},"datePublished":"2014-01-23T22:08:04+01:00","dateModified":"2014-01-23T22:08:04+01:00","inLanguage":"es-ES","mainEntityOfPage":{"@id":"https:\/\/www.eldigitaldeasturias.com\/noticias\/vidorreta-dice-que-estan-a-tiempo-de-enmendar-la-situacion\/#webpage"},"isPartOf":{"@id":"https:\/\/www.eldigitaldeasturias.com\/noticias\/vidorreta-dice-que-estan-a-tiempo-de-enmendar-la-situacion\/#webpage"},"articleSection":"Actualidad"},{"@type":"BreadcrumbList","@id":"https:\/\/www.eldigitaldeasturias.com\/noticias\/vidorreta-dice-que-estan-a-tiempo-de-enmendar-la-situacion\/#breadcrumblist","itemListElement":[{"@type":"ListItem","@id":"https:\/\/www.eldigitaldeasturias.com\/noticias#listItem","position":1,"name":"Home","item":"https:\/\/www.eldigitaldeasturias.com\/noticias","nextItem":{"@type":"ListItem","@id":"https:\/\/www.eldigitaldeasturias.com\/noticias\/category\/actualidad\/#listItem","name":"Actualidad"}},{"@type":"ListItem","@id":"https:\/\/www.eldigitaldeasturias.com\/noticias\/category\/actualidad\/#listItem","position":2,"name":"Actualidad","item":"https:\/\/www.eldigitaldeasturias.com\/noticias\/category\/actualidad\/","nextItem":{"@type":"ListItem","@id":"https:\/\/www.eldigitaldeasturias.com\/noticias\/vidorreta-dice-que-estan-a-tiempo-de-enmendar-la-situacion\/#listItem","name":"Vidorreta dice que est\u00e1n \u00aba tiempo de enmendar la situaci\u00f3n\u00bb"},"previousItem":{"@type":"ListItem","@id":"https:\/\/www.eldigitaldeasturias.com\/noticias#listItem","name":"Home"}},{"@type":"ListItem","@id":"https:\/\/www.eldigitaldeasturias.com\/noticias\/vidorreta-dice-que-estan-a-tiempo-de-enmendar-la-situacion\/#listItem","position":3,"name":"Vidorreta dice que est\u00e1n \u00aba tiempo de enmendar la situaci\u00f3n\u00bb","previousItem":{"@type":"ListItem","@id":"https:\/\/www.eldigitaldeasturias.com\/noticias\/category\/actualidad\/#listItem","name":"Actualidad"}}]},{"@type":"Organization","@id":"https:\/\/www.eldigitaldeasturias.com\/noticias\/#organization","name":"El Digital de Asturias","description":"Hemeroteca","url":"https:\/\/www.eldigitaldeasturias.com\/noticias\/","email":"info@eldigitaldeasturias.com","telephone":"+34652131393","logo":{"@type":"ImageObject","url":"https:\/\/www.eldigitaldeasturias.com\/noticias\/wp-content\/uploads\/2020\/12\/EDA.jpg","@id":"https:\/\/www.eldigitaldeasturias.com\/noticias\/vidorreta-dice-que-estan-a-tiempo-de-enmendar-la-situacion\/#organizationLogo"},"image":{"@id":"https:\/\/www.eldigitaldeasturias.com\/noticias\/vidorreta-dice-que-estan-a-tiempo-de-enmendar-la-situacion\/#organizationLogo"},"sameAs":["https:\/\/facebook.com\/eldigitaldeasturias","https:\/\/www.youtube.com\/channel\/UCZP-2wLEB9Rv6erhFmqVnvg"],"address":{"@id":"https:\/\/www.eldigitaldeasturias.com\/noticias\/#postaladdress","@type":"PostalAddress","streetAddress":"san antonio 4","postalCode":"33430","addressLocality":"Cand\u00e1s","addressRegion":"Asturias","addressCountry":"ES"}},{"@type":"Person","@id":"https:\/\/www.eldigitaldeasturias.com\/noticias\/author\/admin\/#author","url":"https:\/\/www.eldigitaldeasturias.com\/noticias\/author\/admin\/","name":"El Digital de Asturias","image":{"@type":"ImageObject","@id":"https:\/\/www.eldigitaldeasturias.com\/noticias\/vidorreta-dice-que-estan-a-tiempo-de-enmendar-la-situacion\/#authorImage","url":"https:\/\/secure.gravatar.com\/avatar\/df2aeffc32bcd13f8d26072ef8a91b623d677766deac7f97ca815868cd41bf5e?s=96&d=mm&r=g","width":96,"height":96,"caption":"El Digital de Asturias"}},{"@type":"WebPage","@id":"https:\/\/www.eldigitaldeasturias.com\/noticias\/vidorreta-dice-que-estan-a-tiempo-de-enmendar-la-situacion\/#webpage","url":"https:\/\/www.eldigitaldeasturias.com\/noticias\/vidorreta-dice-que-estan-a-tiempo-de-enmendar-la-situacion\/","name":"Vidorreta dice que est\u00e1n \u00aba tiempo de enmendar la situaci\u00f3n\u00bb - El Digital de Asturias","description":"Madrid, 23 ene (EFE).- El entrenador de Tuenti M\u00f3vil Estudiantes Txus Vidorreta mostr\u00f3 su confianza en que su equipo, pen\u00faltimo clasificado con s\u00f3lo tres victorias en diecis\u00e9is encuentros, pueda crecer en las pr\u00f3ximas semanas a partir de la solidez defensiva y abandonar pr\u00f3ximamente los puestos de descenso de la Liga Endesa. \"Un equipo que, con","inLanguage":"es-ES","isPartOf":{"@id":"https:\/\/www.eldigitaldeasturias.com\/noticias\/#website"},"breadcrumb":{"@id":"https:\/\/www.eldigitaldeasturias.com\/noticias\/vidorreta-dice-que-estan-a-tiempo-de-enmendar-la-situacion\/#breadcrumblist"},"author":{"@id":"https:\/\/www.eldigitaldeasturias.com\/noticias\/author\/admin\/#author"},"creator":{"@id":"https:\/\/www.eldigitaldeasturias.com\/noticias\/author\/admin\/#author"},"image":{"@type":"ImageObject","url":"https:\/\/www.eldigitaldeasturias.com\/noticias\/wp-content\/uploads\/2026\/06\/Contenidos.jpg","@id":"https:\/\/www.eldigitaldeasturias.com\/noticias\/vidorreta-dice-que-estan-a-tiempo-de-enmendar-la-situacion\/#mainImage","width":1265,"height":697,"caption":"Contenidos"},"primaryImageOfPage":{"@id":"https:\/\/www.eldigitaldeasturias.com\/noticias\/vidorreta-dice-que-estan-a-tiempo-de-enmendar-la-situacion\/#mainImage"},"datePublished":"2014-01-23T22:08:04+01:00","dateModified":"2014-01-23T22:08:04+01:00"},{"@type":"WebSite","@id":"https:\/\/www.eldigitaldeasturias.com\/noticias\/#website","url":"https:\/\/www.eldigitaldeasturias.com\/noticias\/","name":"El Digital de Asturias - Diario de actualidad y noticias","alternateName":"El Digital de Asturias - Diario de actualidad y noticias","description":"Hemeroteca","inLanguage":"es-ES","publisher":{"@id":"https:\/\/www.eldigitaldeasturias.com\/noticias\/#organization"}}]},"og:locale":"es_ES","og:site_name":"El Digital de Asturias","og:type":"article","og:title":"Vidorreta dice que est\u00e1n \u00aba tiempo de enmendar la situaci\u00f3n\u00bb - El Digital de Asturias","og:description":"Madrid, 23 ene (EFE).- El entrenador de Tuenti M\u00f3vil Estudiantes Txus Vidorreta mostr\u00f3 su confianza en que su equipo, pen\u00faltimo clasificado con s\u00f3lo tres victorias en diecis\u00e9is encuentros, pueda crecer en las pr\u00f3ximas semanas a partir de la solidez defensiva y abandonar pr\u00f3ximamente los puestos de descenso de la Liga Endesa. &quot;Un equipo que, con","og:url":"https:\/\/www.eldigitaldeasturias.com\/noticias\/vidorreta-dice-que-estan-a-tiempo-de-enmendar-la-situacion\/","og:image":"https:\/\/www.eldigitaldeasturias.com\/noticias\/wp-content\/uploads\/2026\/06\/Contenidos.jpg","og:image:secure_url":"https:\/\/www.eldigitaldeasturias.com\/noticias\/wp-content\/uploads\/2026\/06\/Contenidos.jpg","og:image:width":1265,"og:image:height":697,"article:tag":["actualidad"],"article:published_time":"2014-01-23T23:08:04+00:00","article:modified_time":"2014-01-23T23:08:04+00:00","article:publisher":"https:\/\/facebook.com\/eldigitaldeasturias","twitter:card":"summary_large_image","twitter:title":"Vidorreta dice que est\u00e1n \u00aba tiempo de enmendar la situaci\u00f3n\u00bb - El Digital de Asturias","twitter:description":"Madrid, 23 ene (EFE).- El entrenador de Tuenti M\u00f3vil Estudiantes Txus Vidorreta mostr\u00f3 su confianza en que su equipo, pen\u00faltimo clasificado con s\u00f3lo tres victorias en diecis\u00e9is encuentros, pueda crecer en las pr\u00f3ximas semanas a partir de la solidez defensiva y abandonar pr\u00f3ximamente los puestos de descenso de la Liga Endesa. &quot;Un equipo que, con","twitter:image":"https:\/\/www.eldigitaldeasturias.com\/noticias\/wp-content\/uploads\/2026\/06\/Contenidos.jpg","twitter:label1":"Escrito por","twitter:data1":"El Digital de Asturias","twitter:label2":"Tiempo de lectura estimado","twitter:data2":"2 minutos"},"aioseo_meta_data":{"post_id":"477736","title":null,"description":null,"keywords":null,"keyphrases":null,"primary_term":null,"canonical_url":null,"og_title":null,"og_description":null,"og_object_type":"default","og_image_type":"default","og_image_url":null,"og_image_width":null,"og_image_height":null,"og_image_custom_url":null,"og_image_custom_fields":null,"og_video":null,"og_custom_url":null,"og_article_section":null,"og_article_tags":null,"twitter_use_og":true,"twitter_card":"default","twitter_image_type":"default","twitter_image_url":null,"twitter_image_custom_url":null,"twitter_image_custom_fields":null,"twitter_title":null,"twitter_description":null,"schema":{"blockGraphs":[],"customGraphs":[],"default":{"data":{"Article":[],"Course":[],"Dataset":[],"FAQPage":[],"Movie":[],"Person":[],"Product":[],"ProductReview":[],"Car":[],"Recipe":[],"Service":[],"SoftwareApplication":[],"WebPage":[]},"graphName":"","isEnabled":true},"graphs":[],"defaultGraph":"","defaultPostTypeGraph":""},"schema_type":null,"schema_type_options":null,"pillar_content":false,"robots_default":true,"robots_noindex":false,"robots_noarchive":false,"robots_nosnippet":false,"robots_nofollow":false,"robots_noimageindex":false,"robots_noodp":false,"robots_notranslate":false,"robots_max_snippet":null,"robots_max_videopreview":null,"robots_max_imagepreview":"none","priority":null,"frequency":null,"local_seo":null,"seo_analyzer_scan_date":"2026-06-01 19:28:08","breadcrumb_settings":null,"limit_modified_date":false,"open_ai":null,"ai":null,"created":"2020-11-14 22:53:46","updated":"2026-06-01 19:28:08","focus_keyword":null,"additional_keywords":null,"truseo_locale":null},"aioseo_breadcrumb":"<div class=\"aioseo-breadcrumbs\"><span class=\"aioseo-breadcrumb\">\n\t<a href=\"https:\/\/www.eldigitaldeasturias.com\/noticias\" title=\"Home\">Home<\/a>\n<\/span><span class=\"aioseo-breadcrumb-separator\">\u2013<\/span><span class=\"aioseo-breadcrumb\">\n\t<a href=\"https:\/\/www.eldigitaldeasturias.com\/noticias\/category\/actualidad\/\" title=\"Actualidad\">Actualidad<\/a>\n<\/span><span class=\"aioseo-breadcrumb-separator\">\u2013<\/span><span class=\"aioseo-breadcrumb\">\n\t<a href=\"https:\/\/www.eldigitaldeasturias.com\/noticias\/vidorreta-dice-que-estan-a-tiempo-de-enmendar-la-situacion\/\" title=\"Vidorreta dice que est\u00e1n \u00aba tiempo de enmendar la situaci\u00f3n\u00bb\">Vidorreta dice que est\u00e1n \u00aba tiempo de enmendar la situaci\u00f3n\u00bb<\/a>\n<\/span><\/div>","aioseo_breadcrumb_json":[{"label":"Home","link":"https:\/\/www.eldigitaldeasturias.com\/noticias"},{"label":"Actualidad","link":"https:\/\/www.eldigitaldeasturias.com\/noticias\/category\/actualidad\/"},{"label":"Vidorreta dice que est\u00e1n \u00aba tiempo de enmendar la situaci\u00f3n\u00bb","link":"https:\/\/www.eldigitaldeasturias.com\/noticias\/vidorreta-dice-que-estan-a-tiempo-de-enmendar-la-situacion\/"}],"_links":{"self":[{"href":"https:\/\/www.eldigitaldeasturias.com\/noticias\/wp-json\/wp\/v2\/posts\/477736","targetHints":{"allow":["GET"]}}],"collection":[{"href":"https:\/\/www.eldigitaldeasturias.com\/noticias\/wp-json\/wp\/v2\/posts"}],"about":[{"href":"https:\/\/www.eldigitaldeasturias.com\/noticias\/wp-json\/wp\/v2\/types\/post"}],"author":[{"embeddable":true,"href":"https:\/\/www.eldigitaldeasturias.com\/noticias\/wp-json\/wp\/v2\/users\/1"}],"replies":[{"embeddable":true,"href":"https:\/\/www.eldigitaldeasturias.com\/noticias\/wp-json\/wp\/v2\/comments?post=477736"}],"version-history":[{"count":0,"href":"https:\/\/www.eldigitaldeasturias.com\/noticias\/wp-json\/wp\/v2\/posts\/477736\/revisions"}],"wp:featuredmedia":[{"embeddable":true,"href":"https:\/\/www.eldigitaldeasturias.com\/noticias\/wp-json\/wp\/v2\/media\/1132184"}],"wp:attachment":[{"href":"https:\/\/www.eldigitaldeasturias.com\/noticias\/wp-json\/wp\/v2\/media?parent=477736"}],"wp:term":[{"taxonomy":"category","embeddable":true,"href":"https:\/\/www.eldigitaldeasturias.com\/noticias\/wp-json\/wp\/v2\/categories?post=477736"},{"taxonomy":"post_tag","embeddable":true,"href":"https:\/\/www.eldigitaldeasturias.com\/noticias\/wp-json\/wp\/v2\/tags?post=477736"}],"curies":[{"name":"wp","href":"https:\/\/api.w.org\/{rel}","templated":true}]}}