{"id":477733,"date":"2014-01-23T22:06:48","date_gmt":"2014-01-23T23:06:48","guid":{"rendered":"http:\/\/www.eldigitaldeasturias.com\/noticias\/?p=477733"},"modified":"2014-01-23T22:06:48","modified_gmt":"2014-01-23T23:06:48","slug":"muere-la-quinta-persona-en-dos-semanas-en-protestas-en-sudafrica","status":"publish","type":"post","link":"https:\/\/www.eldigitaldeasturias.com\/noticias\/muere-la-quinta-persona-en-dos-semanas-en-protestas-en-sudafrica\/","title":{"rendered":"Muere la quinta persona en dos semanas en protestas en Sud\u00e1frica"},"content":{"rendered":"<p><img loading=\"lazy\" decoding=\"async\" class=\"alignleft size-medium wp-image-477734\" alt=\"5870569w\" src=\"https:\/\/www.eldigitaldeasturias.com\/noticias\/wp-content\/uploads\/2014\/01\/5870569w-360x244.jpg\" width=\"360\" height=\"244\" \/>Johannesburgo, 23 ene (EFE).- Un hombre muri\u00f3 hoy tras ser alcanzado por disparos de la Polic\u00eda en la localidad de Rooderpoort (Johannesburgo), durante una protesta por la evacuaci\u00f3n de un grupo de residentes, que denuncian que no se les han ofrecido viviendas alternativas, por la apertura de un proyecto minero.<\/p>\n<p>La Polic\u00eda confirm\u00f3 el fallecimiento, el quinto en dos semanas ocurrido en protestas ciudadanas en Sud\u00e1frica.<\/p>\n<p>Tras indicar en un primer momento que no conoc\u00eda el origen del disparo que acab\u00f3 con la vida del manifestante, la Polic\u00eda confirm\u00f3 que fue un agente el que mat\u00f3 a Tshepo Babuseng, de 28 a\u00f1os.<\/p>\n<p>Vecinos de la zona hab\u00edan asegurado previamente a la emisora de radio Eyewitness News que el hombre, que falleci\u00f3 en el hospital, fue alcanzado por disparos de los uniformados.<\/p>\n<p>\u00abNos dispar\u00f3 tres veces y salimos corriendo. Cuando se acerc\u00f3 a Tshepo par\u00f3 su veh\u00edculo y le dispar\u00f3\u00bb, relat\u00f3 un testigo sobre la muerte de Babuseng, que cantaba y bailaba -al modo de las protestas pol\u00edticas sudafricanas- junto a otros residentes cuando fue alcanzado por la bala.<\/p>\n<p>Por su parte, el portavoz policial Katlego Mogale dijo que los manifestantes, que seg\u00fan esta versi\u00f3n lanzaron piedras a los agentes y se echaron encima de su veh\u00edculo, algo que niegan los vecinos.<\/p>\n<p>Los manifestantes cortaron dos carreteras con neum\u00e1ticos incendiados y piedras.<\/p>\n<p>La Polic\u00eda ha efectuado 24 detenciones durante la protesta, que ha continuado frente al domicilio de Babuseng.<\/p>\n<p>Mientras tanto, en el antiguo gueto negro de Alexandra (en el norte de Johannesburgo) grupos de vecinos se concentraron en las calles y quemaron neum\u00e1ticos para denunciar m\u00e1s evacuaciones forzadas en el barrio.<\/p>\n<p>Cuatro personas murieron tambi\u00e9n por la acci\u00f3n de la Polic\u00eda durante la represi\u00f3n de una protesta por el corte del agua corriente en la localidad de Brits (provincia del Noroeste).<\/p>\n<p>La actuaci\u00f3n de las fuerzas del orden en este tipo de manifestaciones ha sido duramente criticada en Sud\u00e1frica, que en agosto de 2012 vivi\u00f3 el peor incidente de este tipo al matar a tiros la Polic\u00eda a 34 mineros en Marikana (Noroeste), durante una huelga sindical.<\/p>\n<p>Los analistas temen que la tensi\u00f3n en los barrios m\u00e1s desfavorecidos de Sud\u00e1frica se incremente este a\u00f1o, debido a la celebraci\u00f3n de elecciones y la lucha sobre el terreno de los partidos por el control de estas \u00e1reas.<\/p>\n<p>Seg\u00fan Amnist\u00eda Internacional (AI), la Direcci\u00f3n Independiente de Investigaci\u00f3n de la Polic\u00eda (IPID, en sus siglas en ingl\u00e9s) recibi\u00f3, entre abril de 2011 y marzo de 2012, hasta 720 notificaciones de muertes bajo custodia policial o con implicaci\u00f3n de las fuerzas del orden.<\/p>\n","protected":false},"excerpt":{"rendered":"<p>Johannesburgo, 23 ene (EFE).- Un hombre muri\u00f3 hoy tras ser alcanzado por disparos de la Polic\u00eda en la localidad de Rooderpoort (Johannesburgo), durante una protesta por la evacuaci\u00f3n de un grupo de residentes, que denuncian que no se les han ofrecido viviendas alternativas, por la apertura de un proyecto minero. La Polic\u00eda confirm\u00f3 el fallecimiento, [&hellip;]<\/p>\n","protected":false},"author":1,"featured_media":1132184,"comment_status":"closed","ping_status":"open","sticky":false,"template":"","format":"standard","meta":{"footnotes":""},"categories":[1],"tags":[],"class_list":["post-477733","post","type-post","status-publish","format-standard","has-post-thumbnail","hentry","category-actualidad"],"aioseo_notices":[],"aioseo_head":"\n\t\t<!-- All in One SEO Pro 5.0.1 - aioseo.com -->\n\t<meta name=\"description\" content=\"Johannesburgo, 23 ene (EFE).- Un hombre muri\u00f3 hoy tras ser alcanzado por disparos de la Polic\u00eda en la localidad de Rooderpoort (Johannesburgo), durante una protesta por la evacuaci\u00f3n de un grupo de residentes, que denuncian que no se les han ofrecido viviendas alternativas, por la apertura de un proyecto minero. La Polic\u00eda confirm\u00f3 el fallecimiento,\" \/>\n\t<meta name=\"robots\" content=\"max-image-preview:large\" \/>\n\t<meta name=\"author\" content=\"El Digital de Asturias\"\/>\n\t<meta name=\"google-site-verification\" content=\"UA-38556648-1\" \/>\n\t<meta name=\"msvalidate.01\" content=\"7dfe9f3f1b24437ab69f4f2559babe99\" \/>\n\t<meta name=\"keywords\" content=\"actualidad\" \/>\n\t<link rel=\"canonical\" href=\"https:\/\/www.eldigitaldeasturias.com\/noticias\/muere-la-quinta-persona-en-dos-semanas-en-protestas-en-sudafrica\/\" \/>\n\t<meta name=\"generator\" content=\"All in One SEO Pro (AIOSEO) 5.0.1\" \/>\n\t\t<meta property=\"og:locale\" content=\"es_ES\" \/>\n\t\t<meta property=\"og:site_name\" content=\"El Digital de Asturias\" \/>\n\t\t<meta property=\"og:type\" content=\"article\" \/>\n\t\t<meta property=\"og:title\" content=\"Muere la quinta persona en dos semanas en protestas en Sud\u00e1frica - El Digital de Asturias\" \/>\n\t\t<meta property=\"og:description\" content=\"Johannesburgo, 23 ene (EFE).- Un hombre muri\u00f3 hoy tras ser alcanzado por disparos de la Polic\u00eda en la localidad de Rooderpoort (Johannesburgo), durante una protesta por la evacuaci\u00f3n de un grupo de residentes, que denuncian que no se les han ofrecido viviendas alternativas, por la apertura de un proyecto minero. La Polic\u00eda confirm\u00f3 el fallecimiento,\" \/>\n\t\t<meta property=\"og:url\" content=\"https:\/\/www.eldigitaldeasturias.com\/noticias\/muere-la-quinta-persona-en-dos-semanas-en-protestas-en-sudafrica\/\" \/>\n\t\t<meta property=\"og:image\" content=\"https:\/\/www.eldigitaldeasturias.com\/noticias\/wp-content\/uploads\/2026\/06\/Contenidos.jpg\" \/>\n\t\t<meta property=\"og:image:secure_url\" content=\"https:\/\/www.eldigitaldeasturias.com\/noticias\/wp-content\/uploads\/2026\/06\/Contenidos.jpg\" \/>\n\t\t<meta property=\"og:image:width\" content=\"1265\" \/>\n\t\t<meta property=\"og:image:height\" content=\"697\" \/>\n\t\t<meta property=\"article:tag\" content=\"actualidad\" \/>\n\t\t<meta property=\"article:published_time\" content=\"2014-01-23T23:06:48+00:00\" \/>\n\t\t<meta property=\"article:modified_time\" content=\"2014-01-23T23:06:48+00:00\" \/>\n\t\t<meta property=\"article:publisher\" content=\"https:\/\/facebook.com\/eldigitaldeasturias\" \/>\n\t\t<meta name=\"twitter:card\" content=\"summary_large_image\" \/>\n\t\t<meta name=\"twitter:title\" content=\"Muere la quinta persona en dos semanas en protestas en Sud\u00e1frica - El Digital de Asturias\" \/>\n\t\t<meta name=\"twitter:description\" content=\"Johannesburgo, 23 ene (EFE).- Un hombre muri\u00f3 hoy tras ser alcanzado por disparos de la Polic\u00eda en la localidad de Rooderpoort (Johannesburgo), durante una protesta por la evacuaci\u00f3n de un grupo de residentes, que denuncian que no se les han ofrecido viviendas alternativas, por la apertura de un proyecto minero. La Polic\u00eda confirm\u00f3 el fallecimiento,\" \/>\n\t\t<meta name=\"twitter:image\" content=\"https:\/\/www.eldigitaldeasturias.com\/noticias\/wp-content\/uploads\/2026\/06\/Contenidos.jpg\" \/>\n\t\t<meta name=\"twitter:label1\" content=\"Escrito por\" \/>\n\t\t<meta name=\"twitter:data1\" content=\"El Digital de Asturias\" \/>\n\t\t<meta name=\"twitter:label2\" content=\"Tiempo de lectura estimado\" \/>\n\t\t<meta name=\"twitter:data2\" content=\"2 minutos\" \/>\n\t\t<script type=\"application\/ld+json\" class=\"aioseo-schema\">\n\t\t\t{\"@context\":\"https:\\\/\\\/schema.org\",\"@graph\":[{\"@type\":\"BlogPosting\",\"@id\":\"https:\\\/\\\/www.eldigitaldeasturias.com\\\/noticias\\\/muere-la-quinta-persona-en-dos-semanas-en-protestas-en-sudafrica\\\/#blogposting\",\"name\":\"Muere la quinta persona en dos semanas en protestas en Sud\\u00e1frica - El Digital de Asturias\",\"headline\":\"Muere la quinta persona en dos semanas en protestas en Sud\\u00e1frica\",\"author\":{\"@id\":\"https:\\\/\\\/www.eldigitaldeasturias.com\\\/noticias\\\/author\\\/admin\\\/#author\"},\"publisher\":{\"@id\":\"https:\\\/\\\/www.eldigitaldeasturias.com\\\/noticias\\\/#organization\"},\"image\":{\"@type\":\"ImageObject\",\"url\":\"https:\\\/\\\/www.eldigitaldeasturias.com\\\/noticias\\\/wp-content\\\/uploads\\\/2026\\\/06\\\/Contenidos.jpg\",\"width\":1265,\"height\":697,\"caption\":\"Contenidos\"},\"datePublished\":\"2014-01-23T22:06:48+01:00\",\"dateModified\":\"2014-01-23T22:06:48+01:00\",\"inLanguage\":\"es-ES\",\"mainEntityOfPage\":{\"@id\":\"https:\\\/\\\/www.eldigitaldeasturias.com\\\/noticias\\\/muere-la-quinta-persona-en-dos-semanas-en-protestas-en-sudafrica\\\/#webpage\"},\"isPartOf\":{\"@id\":\"https:\\\/\\\/www.eldigitaldeasturias.com\\\/noticias\\\/muere-la-quinta-persona-en-dos-semanas-en-protestas-en-sudafrica\\\/#webpage\"},\"articleSection\":\"Actualidad\"},{\"@type\":\"BreadcrumbList\",\"@id\":\"https:\\\/\\\/www.eldigitaldeasturias.com\\\/noticias\\\/muere-la-quinta-persona-en-dos-semanas-en-protestas-en-sudafrica\\\/#breadcrumblist\",\"itemListElement\":[{\"@type\":\"ListItem\",\"@id\":\"https:\\\/\\\/www.eldigitaldeasturias.com\\\/noticias#listItem\",\"position\":1,\"name\":\"Home\",\"item\":\"https:\\\/\\\/www.eldigitaldeasturias.com\\\/noticias\",\"nextItem\":{\"@type\":\"ListItem\",\"@id\":\"https:\\\/\\\/www.eldigitaldeasturias.com\\\/noticias\\\/category\\\/actualidad\\\/#listItem\",\"name\":\"Actualidad\"}},{\"@type\":\"ListItem\",\"@id\":\"https:\\\/\\\/www.eldigitaldeasturias.com\\\/noticias\\\/category\\\/actualidad\\\/#listItem\",\"position\":2,\"name\":\"Actualidad\",\"item\":\"https:\\\/\\\/www.eldigitaldeasturias.com\\\/noticias\\\/category\\\/actualidad\\\/\",\"nextItem\":{\"@type\":\"ListItem\",\"@id\":\"https:\\\/\\\/www.eldigitaldeasturias.com\\\/noticias\\\/muere-la-quinta-persona-en-dos-semanas-en-protestas-en-sudafrica\\\/#listItem\",\"name\":\"Muere la quinta persona en dos semanas en protestas en Sud\\u00e1frica\"},\"previousItem\":{\"@type\":\"ListItem\",\"@id\":\"https:\\\/\\\/www.eldigitaldeasturias.com\\\/noticias#listItem\",\"name\":\"Home\"}},{\"@type\":\"ListItem\",\"@id\":\"https:\\\/\\\/www.eldigitaldeasturias.com\\\/noticias\\\/muere-la-quinta-persona-en-dos-semanas-en-protestas-en-sudafrica\\\/#listItem\",\"position\":3,\"name\":\"Muere la quinta persona en dos semanas en protestas en Sud\\u00e1frica\",\"previousItem\":{\"@type\":\"ListItem\",\"@id\":\"https:\\\/\\\/www.eldigitaldeasturias.com\\\/noticias\\\/category\\\/actualidad\\\/#listItem\",\"name\":\"Actualidad\"}}]},{\"@type\":\"Organization\",\"@id\":\"https:\\\/\\\/www.eldigitaldeasturias.com\\\/noticias\\\/#organization\",\"name\":\"El Digital de Asturias\",\"description\":\"Hemeroteca\",\"url\":\"https:\\\/\\\/www.eldigitaldeasturias.com\\\/noticias\\\/\",\"email\":\"info@eldigitaldeasturias.com\",\"telephone\":\"+34652131393\",\"logo\":{\"@type\":\"ImageObject\",\"url\":\"https:\\\/\\\/www.eldigitaldeasturias.com\\\/noticias\\\/wp-content\\\/uploads\\\/2020\\\/12\\\/EDA.jpg\",\"@id\":\"https:\\\/\\\/www.eldigitaldeasturias.com\\\/noticias\\\/muere-la-quinta-persona-en-dos-semanas-en-protestas-en-sudafrica\\\/#organizationLogo\"},\"image\":{\"@id\":\"https:\\\/\\\/www.eldigitaldeasturias.com\\\/noticias\\\/muere-la-quinta-persona-en-dos-semanas-en-protestas-en-sudafrica\\\/#organizationLogo\"},\"sameAs\":[\"https:\\\/\\\/facebook.com\\\/eldigitaldeasturias\",\"https:\\\/\\\/www.youtube.com\\\/channel\\\/UCZP-2wLEB9Rv6erhFmqVnvg\"],\"address\":{\"@id\":\"https:\\\/\\\/www.eldigitaldeasturias.com\\\/noticias\\\/#postaladdress\",\"@type\":\"PostalAddress\",\"streetAddress\":\"san antonio 4\",\"postalCode\":\"33430\",\"addressLocality\":\"Cand\\u00e1s\",\"addressRegion\":\"Asturias\",\"addressCountry\":\"ES\"}},{\"@type\":\"Person\",\"@id\":\"https:\\\/\\\/www.eldigitaldeasturias.com\\\/noticias\\\/author\\\/admin\\\/#author\",\"url\":\"https:\\\/\\\/www.eldigitaldeasturias.com\\\/noticias\\\/author\\\/admin\\\/\",\"name\":\"El Digital de Asturias\",\"image\":{\"@type\":\"ImageObject\",\"@id\":\"https:\\\/\\\/www.eldigitaldeasturias.com\\\/noticias\\\/muere-la-quinta-persona-en-dos-semanas-en-protestas-en-sudafrica\\\/#authorImage\",\"url\":\"https:\\\/\\\/secure.gravatar.com\\\/avatar\\\/df2aeffc32bcd13f8d26072ef8a91b623d677766deac7f97ca815868cd41bf5e?s=96&d=mm&r=g\",\"width\":96,\"height\":96,\"caption\":\"El Digital de Asturias\"}},{\"@type\":\"WebPage\",\"@id\":\"https:\\\/\\\/www.eldigitaldeasturias.com\\\/noticias\\\/muere-la-quinta-persona-en-dos-semanas-en-protestas-en-sudafrica\\\/#webpage\",\"url\":\"https:\\\/\\\/www.eldigitaldeasturias.com\\\/noticias\\\/muere-la-quinta-persona-en-dos-semanas-en-protestas-en-sudafrica\\\/\",\"name\":\"Muere la quinta persona en dos semanas en protestas en Sud\\u00e1frica - El Digital de Asturias\",\"description\":\"Johannesburgo, 23 ene (EFE).- Un hombre muri\\u00f3 hoy tras ser alcanzado por disparos de la Polic\\u00eda en la localidad de Rooderpoort (Johannesburgo), durante una protesta por la evacuaci\\u00f3n de un grupo de residentes, que denuncian que no se les han ofrecido viviendas alternativas, por la apertura de un proyecto minero. La Polic\\u00eda confirm\\u00f3 el fallecimiento,\",\"inLanguage\":\"es-ES\",\"isPartOf\":{\"@id\":\"https:\\\/\\\/www.eldigitaldeasturias.com\\\/noticias\\\/#website\"},\"breadcrumb\":{\"@id\":\"https:\\\/\\\/www.eldigitaldeasturias.com\\\/noticias\\\/muere-la-quinta-persona-en-dos-semanas-en-protestas-en-sudafrica\\\/#breadcrumblist\"},\"author\":{\"@id\":\"https:\\\/\\\/www.eldigitaldeasturias.com\\\/noticias\\\/author\\\/admin\\\/#author\"},\"creator\":{\"@id\":\"https:\\\/\\\/www.eldigitaldeasturias.com\\\/noticias\\\/author\\\/admin\\\/#author\"},\"image\":{\"@type\":\"ImageObject\",\"url\":\"https:\\\/\\\/www.eldigitaldeasturias.com\\\/noticias\\\/wp-content\\\/uploads\\\/2026\\\/06\\\/Contenidos.jpg\",\"@id\":\"https:\\\/\\\/www.eldigitaldeasturias.com\\\/noticias\\\/muere-la-quinta-persona-en-dos-semanas-en-protestas-en-sudafrica\\\/#mainImage\",\"width\":1265,\"height\":697,\"caption\":\"Contenidos\"},\"primaryImageOfPage\":{\"@id\":\"https:\\\/\\\/www.eldigitaldeasturias.com\\\/noticias\\\/muere-la-quinta-persona-en-dos-semanas-en-protestas-en-sudafrica\\\/#mainImage\"},\"datePublished\":\"2014-01-23T22:06:48+01:00\",\"dateModified\":\"2014-01-23T22:06:48+01:00\"},{\"@type\":\"WebSite\",\"@id\":\"https:\\\/\\\/www.eldigitaldeasturias.com\\\/noticias\\\/#website\",\"url\":\"https:\\\/\\\/www.eldigitaldeasturias.com\\\/noticias\\\/\",\"name\":\"El Digital de Asturias - Diario de actualidad y noticias\",\"alternateName\":\"El Digital de Asturias - Diario de actualidad y noticias\",\"description\":\"Hemeroteca\",\"inLanguage\":\"es-ES\",\"publisher\":{\"@id\":\"https:\\\/\\\/www.eldigitaldeasturias.com\\\/noticias\\\/#organization\"}}]}\n\t\t<\/script>\n\t\t<!-- All in One SEO Pro -->\r\n\t\t<title>Muere la quinta persona en dos semanas en protestas en Sud\u00e1frica - El Digital de Asturias<\/title>\n\n","aioseo_head_json":{"title":"Muere la quinta persona en dos semanas en protestas en Sud\u00e1frica - El Digital de Asturias","description":"Johannesburgo, 23 ene (EFE).- Un hombre muri\u00f3 hoy tras ser alcanzado por disparos de la Polic\u00eda en la localidad de Rooderpoort (Johannesburgo), durante una protesta por la evacuaci\u00f3n de un grupo de residentes, que denuncian que no se les han ofrecido viviendas alternativas, por la apertura de un proyecto minero. La Polic\u00eda confirm\u00f3 el fallecimiento,","canonical_url":"https:\/\/www.eldigitaldeasturias.com\/noticias\/muere-la-quinta-persona-en-dos-semanas-en-protestas-en-sudafrica\/","robots":"max-image-preview:large","keywords":"actualidad","webmasterTools":{"google-site-verification":"UA-38556648-1","msvalidate.01":"7dfe9f3f1b24437ab69f4f2559babe99","miscellaneous":""},"schema":{"@context":"https:\/\/schema.org","@graph":[{"@type":"BlogPosting","@id":"https:\/\/www.eldigitaldeasturias.com\/noticias\/muere-la-quinta-persona-en-dos-semanas-en-protestas-en-sudafrica\/#blogposting","name":"Muere la quinta persona en dos semanas en protestas en Sud\u00e1frica - El Digital de Asturias","headline":"Muere la quinta persona en dos semanas en protestas en Sud\u00e1frica","author":{"@id":"https:\/\/www.eldigitaldeasturias.com\/noticias\/author\/admin\/#author"},"publisher":{"@id":"https:\/\/www.eldigitaldeasturias.com\/noticias\/#organization"},"image":{"@type":"ImageObject","url":"https:\/\/www.eldigitaldeasturias.com\/noticias\/wp-content\/uploads\/2026\/06\/Contenidos.jpg","width":1265,"height":697,"caption":"Contenidos"},"datePublished":"2014-01-23T22:06:48+01:00","dateModified":"2014-01-23T22:06:48+01:00","inLanguage":"es-ES","mainEntityOfPage":{"@id":"https:\/\/www.eldigitaldeasturias.com\/noticias\/muere-la-quinta-persona-en-dos-semanas-en-protestas-en-sudafrica\/#webpage"},"isPartOf":{"@id":"https:\/\/www.eldigitaldeasturias.com\/noticias\/muere-la-quinta-persona-en-dos-semanas-en-protestas-en-sudafrica\/#webpage"},"articleSection":"Actualidad"},{"@type":"BreadcrumbList","@id":"https:\/\/www.eldigitaldeasturias.com\/noticias\/muere-la-quinta-persona-en-dos-semanas-en-protestas-en-sudafrica\/#breadcrumblist","itemListElement":[{"@type":"ListItem","@id":"https:\/\/www.eldigitaldeasturias.com\/noticias#listItem","position":1,"name":"Home","item":"https:\/\/www.eldigitaldeasturias.com\/noticias","nextItem":{"@type":"ListItem","@id":"https:\/\/www.eldigitaldeasturias.com\/noticias\/category\/actualidad\/#listItem","name":"Actualidad"}},{"@type":"ListItem","@id":"https:\/\/www.eldigitaldeasturias.com\/noticias\/category\/actualidad\/#listItem","position":2,"name":"Actualidad","item":"https:\/\/www.eldigitaldeasturias.com\/noticias\/category\/actualidad\/","nextItem":{"@type":"ListItem","@id":"https:\/\/www.eldigitaldeasturias.com\/noticias\/muere-la-quinta-persona-en-dos-semanas-en-protestas-en-sudafrica\/#listItem","name":"Muere la quinta persona en dos semanas en protestas en Sud\u00e1frica"},"previousItem":{"@type":"ListItem","@id":"https:\/\/www.eldigitaldeasturias.com\/noticias#listItem","name":"Home"}},{"@type":"ListItem","@id":"https:\/\/www.eldigitaldeasturias.com\/noticias\/muere-la-quinta-persona-en-dos-semanas-en-protestas-en-sudafrica\/#listItem","position":3,"name":"Muere la quinta persona en dos semanas en protestas en Sud\u00e1frica","previousItem":{"@type":"ListItem","@id":"https:\/\/www.eldigitaldeasturias.com\/noticias\/category\/actualidad\/#listItem","name":"Actualidad"}}]},{"@type":"Organization","@id":"https:\/\/www.eldigitaldeasturias.com\/noticias\/#organization","name":"El Digital de Asturias","description":"Hemeroteca","url":"https:\/\/www.eldigitaldeasturias.com\/noticias\/","email":"info@eldigitaldeasturias.com","telephone":"+34652131393","logo":{"@type":"ImageObject","url":"https:\/\/www.eldigitaldeasturias.com\/noticias\/wp-content\/uploads\/2020\/12\/EDA.jpg","@id":"https:\/\/www.eldigitaldeasturias.com\/noticias\/muere-la-quinta-persona-en-dos-semanas-en-protestas-en-sudafrica\/#organizationLogo"},"image":{"@id":"https:\/\/www.eldigitaldeasturias.com\/noticias\/muere-la-quinta-persona-en-dos-semanas-en-protestas-en-sudafrica\/#organizationLogo"},"sameAs":["https:\/\/facebook.com\/eldigitaldeasturias","https:\/\/www.youtube.com\/channel\/UCZP-2wLEB9Rv6erhFmqVnvg"],"address":{"@id":"https:\/\/www.eldigitaldeasturias.com\/noticias\/#postaladdress","@type":"PostalAddress","streetAddress":"san antonio 4","postalCode":"33430","addressLocality":"Cand\u00e1s","addressRegion":"Asturias","addressCountry":"ES"}},{"@type":"Person","@id":"https:\/\/www.eldigitaldeasturias.com\/noticias\/author\/admin\/#author","url":"https:\/\/www.eldigitaldeasturias.com\/noticias\/author\/admin\/","name":"El Digital de Asturias","image":{"@type":"ImageObject","@id":"https:\/\/www.eldigitaldeasturias.com\/noticias\/muere-la-quinta-persona-en-dos-semanas-en-protestas-en-sudafrica\/#authorImage","url":"https:\/\/secure.gravatar.com\/avatar\/df2aeffc32bcd13f8d26072ef8a91b623d677766deac7f97ca815868cd41bf5e?s=96&d=mm&r=g","width":96,"height":96,"caption":"El Digital de Asturias"}},{"@type":"WebPage","@id":"https:\/\/www.eldigitaldeasturias.com\/noticias\/muere-la-quinta-persona-en-dos-semanas-en-protestas-en-sudafrica\/#webpage","url":"https:\/\/www.eldigitaldeasturias.com\/noticias\/muere-la-quinta-persona-en-dos-semanas-en-protestas-en-sudafrica\/","name":"Muere la quinta persona en dos semanas en protestas en Sud\u00e1frica - El Digital de Asturias","description":"Johannesburgo, 23 ene (EFE).- Un hombre muri\u00f3 hoy tras ser alcanzado por disparos de la Polic\u00eda en la localidad de Rooderpoort (Johannesburgo), durante una protesta por la evacuaci\u00f3n de un grupo de residentes, que denuncian que no se les han ofrecido viviendas alternativas, por la apertura de un proyecto minero. La Polic\u00eda confirm\u00f3 el fallecimiento,","inLanguage":"es-ES","isPartOf":{"@id":"https:\/\/www.eldigitaldeasturias.com\/noticias\/#website"},"breadcrumb":{"@id":"https:\/\/www.eldigitaldeasturias.com\/noticias\/muere-la-quinta-persona-en-dos-semanas-en-protestas-en-sudafrica\/#breadcrumblist"},"author":{"@id":"https:\/\/www.eldigitaldeasturias.com\/noticias\/author\/admin\/#author"},"creator":{"@id":"https:\/\/www.eldigitaldeasturias.com\/noticias\/author\/admin\/#author"},"image":{"@type":"ImageObject","url":"https:\/\/www.eldigitaldeasturias.com\/noticias\/wp-content\/uploads\/2026\/06\/Contenidos.jpg","@id":"https:\/\/www.eldigitaldeasturias.com\/noticias\/muere-la-quinta-persona-en-dos-semanas-en-protestas-en-sudafrica\/#mainImage","width":1265,"height":697,"caption":"Contenidos"},"primaryImageOfPage":{"@id":"https:\/\/www.eldigitaldeasturias.com\/noticias\/muere-la-quinta-persona-en-dos-semanas-en-protestas-en-sudafrica\/#mainImage"},"datePublished":"2014-01-23T22:06:48+01:00","dateModified":"2014-01-23T22:06:48+01:00"},{"@type":"WebSite","@id":"https:\/\/www.eldigitaldeasturias.com\/noticias\/#website","url":"https:\/\/www.eldigitaldeasturias.com\/noticias\/","name":"El Digital de Asturias - Diario de actualidad y noticias","alternateName":"El Digital de Asturias - Diario de actualidad y noticias","description":"Hemeroteca","inLanguage":"es-ES","publisher":{"@id":"https:\/\/www.eldigitaldeasturias.com\/noticias\/#organization"}}]},"og:locale":"es_ES","og:site_name":"El Digital de Asturias","og:type":"article","og:title":"Muere la quinta persona en dos semanas en protestas en Sud\u00e1frica - El Digital de Asturias","og:description":"Johannesburgo, 23 ene (EFE).- Un hombre muri\u00f3 hoy tras ser alcanzado por disparos de la Polic\u00eda en la localidad de Rooderpoort (Johannesburgo), durante una protesta por la evacuaci\u00f3n de un grupo de residentes, que denuncian que no se les han ofrecido viviendas alternativas, por la apertura de un proyecto minero. La Polic\u00eda confirm\u00f3 el fallecimiento,","og:url":"https:\/\/www.eldigitaldeasturias.com\/noticias\/muere-la-quinta-persona-en-dos-semanas-en-protestas-en-sudafrica\/","og:image":"https:\/\/www.eldigitaldeasturias.com\/noticias\/wp-content\/uploads\/2026\/06\/Contenidos.jpg","og:image:secure_url":"https:\/\/www.eldigitaldeasturias.com\/noticias\/wp-content\/uploads\/2026\/06\/Contenidos.jpg","og:image:width":1265,"og:image:height":697,"article:tag":["actualidad"],"article:published_time":"2014-01-23T23:06:48+00:00","article:modified_time":"2014-01-23T23:06:48+00:00","article:publisher":"https:\/\/facebook.com\/eldigitaldeasturias","twitter:card":"summary_large_image","twitter:title":"Muere la quinta persona en dos semanas en protestas en Sud\u00e1frica - El Digital de Asturias","twitter:description":"Johannesburgo, 23 ene (EFE).- Un hombre muri\u00f3 hoy tras ser alcanzado por disparos de la Polic\u00eda en la localidad de Rooderpoort (Johannesburgo), durante una protesta por la evacuaci\u00f3n de un grupo de residentes, que denuncian que no se les han ofrecido viviendas alternativas, por la apertura de un proyecto minero. La Polic\u00eda confirm\u00f3 el fallecimiento,","twitter:image":"https:\/\/www.eldigitaldeasturias.com\/noticias\/wp-content\/uploads\/2026\/06\/Contenidos.jpg","twitter:label1":"Escrito por","twitter:data1":"El Digital de Asturias","twitter:label2":"Tiempo de lectura estimado","twitter:data2":"2 minutos"},"aioseo_meta_data":{"post_id":"477733","title":null,"description":null,"keywords":null,"keyphrases":null,"primary_term":null,"canonical_url":null,"og_title":null,"og_description":null,"og_object_type":"default","og_image_type":"default","og_image_url":null,"og_image_width":null,"og_image_height":null,"og_image_custom_url":null,"og_image_custom_fields":null,"og_video":null,"og_custom_url":null,"og_article_section":null,"og_article_tags":null,"twitter_use_og":true,"twitter_card":"default","twitter_image_type":"default","twitter_image_url":null,"twitter_image_custom_url":null,"twitter_image_custom_fields":null,"twitter_title":null,"twitter_description":null,"schema":{"blockGraphs":[],"customGraphs":[],"default":{"data":{"Article":[],"Course":[],"Dataset":[],"FAQPage":[],"Movie":[],"Person":[],"Product":[],"ProductReview":[],"Car":[],"Recipe":[],"Service":[],"SoftwareApplication":[],"WebPage":[]},"graphName":"","isEnabled":true},"graphs":[],"defaultGraph":"","defaultPostTypeGraph":""},"schema_type":null,"schema_type_options":null,"pillar_content":false,"robots_default":true,"robots_noindex":false,"robots_noarchive":false,"robots_nosnippet":false,"robots_nofollow":false,"robots_noimageindex":false,"robots_noodp":false,"robots_notranslate":false,"robots_max_snippet":null,"robots_max_videopreview":null,"robots_max_imagepreview":"none","priority":null,"frequency":null,"local_seo":null,"seo_analyzer_scan_date":"2026-06-01 19:28:07","breadcrumb_settings":null,"limit_modified_date":false,"open_ai":null,"ai":null,"created":"2020-11-14 22:53:46","updated":"2026-06-01 19:28:07","focus_keyword":null,"additional_keywords":null,"truseo_locale":null},"aioseo_breadcrumb":"<div class=\"aioseo-breadcrumbs\"><span class=\"aioseo-breadcrumb\">\n\t<a href=\"https:\/\/www.eldigitaldeasturias.com\/noticias\" title=\"Home\">Home<\/a>\n<\/span><span class=\"aioseo-breadcrumb-separator\">\u2013<\/span><span class=\"aioseo-breadcrumb\">\n\t<a href=\"https:\/\/www.eldigitaldeasturias.com\/noticias\/category\/actualidad\/\" title=\"Actualidad\">Actualidad<\/a>\n<\/span><span class=\"aioseo-breadcrumb-separator\">\u2013<\/span><span class=\"aioseo-breadcrumb\">\n\t<a href=\"https:\/\/www.eldigitaldeasturias.com\/noticias\/muere-la-quinta-persona-en-dos-semanas-en-protestas-en-sudafrica\/\" title=\"Muere la quinta persona en dos semanas en protestas en Sud\u00e1frica\">Muere la quinta persona en dos semanas en protestas en Sud\u00e1frica<\/a>\n<\/span><\/div>","aioseo_breadcrumb_json":[{"label":"Home","link":"https:\/\/www.eldigitaldeasturias.com\/noticias"},{"label":"Actualidad","link":"https:\/\/www.eldigitaldeasturias.com\/noticias\/category\/actualidad\/"},{"label":"Muere la quinta persona en dos semanas en protestas en Sud\u00e1frica","link":"https:\/\/www.eldigitaldeasturias.com\/noticias\/muere-la-quinta-persona-en-dos-semanas-en-protestas-en-sudafrica\/"}],"_links":{"self":[{"href":"https:\/\/www.eldigitaldeasturias.com\/noticias\/wp-json\/wp\/v2\/posts\/477733","targetHints":{"allow":["GET"]}}],"collection":[{"href":"https:\/\/www.eldigitaldeasturias.com\/noticias\/wp-json\/wp\/v2\/posts"}],"about":[{"href":"https:\/\/www.eldigitaldeasturias.com\/noticias\/wp-json\/wp\/v2\/types\/post"}],"author":[{"embeddable":true,"href":"https:\/\/www.eldigitaldeasturias.com\/noticias\/wp-json\/wp\/v2\/users\/1"}],"replies":[{"embeddable":true,"href":"https:\/\/www.eldigitaldeasturias.com\/noticias\/wp-json\/wp\/v2\/comments?post=477733"}],"version-history":[{"count":0,"href":"https:\/\/www.eldigitaldeasturias.com\/noticias\/wp-json\/wp\/v2\/posts\/477733\/revisions"}],"wp:featuredmedia":[{"embeddable":true,"href":"https:\/\/www.eldigitaldeasturias.com\/noticias\/wp-json\/wp\/v2\/media\/1132184"}],"wp:attachment":[{"href":"https:\/\/www.eldigitaldeasturias.com\/noticias\/wp-json\/wp\/v2\/media?parent=477733"}],"wp:term":[{"taxonomy":"category","embeddable":true,"href":"https:\/\/www.eldigitaldeasturias.com\/noticias\/wp-json\/wp\/v2\/categories?post=477733"},{"taxonomy":"post_tag","embeddable":true,"href":"https:\/\/www.eldigitaldeasturias.com\/noticias\/wp-json\/wp\/v2\/tags?post=477733"}],"curies":[{"name":"wp","href":"https:\/\/api.w.org\/{rel}","templated":true}]}}