{"id":477730,"date":"2014-01-23T22:05:10","date_gmt":"2014-01-23T23:05:10","guid":{"rendered":"http:\/\/www.eldigitaldeasturias.com\/noticias\/?p=477730"},"modified":"2014-01-23T22:05:12","modified_gmt":"2014-01-23T23:05:12","slug":"la-austriaca-goergl-se-apunta-el-superg-de-cortina-por-cuatro-centesimas","status":"publish","type":"post","link":"https:\/\/www.eldigitaldeasturias.com\/noticias\/la-austriaca-goergl-se-apunta-el-superg-de-cortina-por-cuatro-centesimas\/","title":{"rendered":"La austr\u00edaca Goergl se apunta el SuperG de Cortina por cuatro cent\u00e9simas"},"content":{"rendered":"<p><img loading=\"lazy\" decoding=\"async\" class=\"alignleft size-medium wp-image-477731\" alt=\"5870566w\" src=\"https:\/\/www.eldigitaldeasturias.com\/noticias\/wp-content\/uploads\/2014\/01\/5870566w-360x239.jpg\" width=\"360\" height=\"239\" \/>Redacci\u00f3n deportes, 23 ene (EFE).- La austr\u00edaca Elisabeth Goergl se ha impuesto hoy en el supergigante de Cortina d&#8217;Ampezzo, de la Copa del Mundo femenina de esqu\u00ed alpino, por tan solo cuatro cent\u00e9simas de ventaja sobre la alemana Maria Hoefl-Riesch.<\/p>\n<p>Goergl, que hace unos d\u00edas gan\u00f3 el descenso de Altenmarkt, marc\u00f3 un crono de 1:24.23, con el que super\u00f3 a Hoefl-Riesch, en tanto que complet\u00f3 el podio, a 0.34, la tambi\u00e9n austr\u00edaca Nicole Hosp.<\/p>\n<p>La esquiadora germana consolid\u00f3 el liderato en la general de la Copa del Mundo, en la que ahora dispone de 107 puntos de diferencia respecto a otra austr\u00edaca, Anna Fenninger.<\/p>\n<p>La espa\u00f1ola Carolina Ruiz, que tiene esperanzas de luchar por las medallas en los Juegos Ol\u00edmpicos de inverno de Sochi, concluy\u00f3 en la trig\u00e9sima posici\u00f3n.<\/p>\n<p>&nbsp;<\/p>\n<p>&#8211; Clasificaci\u00f3n del Supergigante de Cortina d&#8217;Ampezzo:<\/p>\n<p>.1. Elisabeth G\u00f6rgl (AUT) 1:24.23<\/p>\n<p>.2. Maria H\u00f6fl-Riesch (GER) 1:24.27<\/p>\n<p>.3. Nicole Hosp (AUT) 1:24.57<\/p>\n<p>.4. Tina Weirather (LIE) 1:24.92<\/p>\n<p>.5. Anna Fenninger (AUT) 1:24.97<\/p>\n<p>.6. Tina Maze (SLO) 1:25.15<\/p>\n<p>.7. Julia Mancuso (USA) 1:25.21<\/p>\n<p>.8. Verena Stuffer (ITA) 1:25.47<\/p>\n<p>.9. Stacey Cook (USA) 1:25.48<\/p>\n<p>10. Kajsa Kling (SWE) 1:25.50<\/p>\n<p>30. Carolina Ruiz (ESP) 1:26.58<\/p>\n<p>&nbsp;<\/p>\n<p>&#8211; Clasificaci\u00f3n general de la Copa del Mundo:<\/p>\n<p>.1. Maria Hoefl-Riesch (GER) 861<\/p>\n<p>.2. Anna Fenninger (AUT) 754<\/p>\n<p>.3. Tina Weirather (LIE) 723<\/p>\n<p>.4. Lara Gut (SUI) 620<\/p>\n<p>.5. Mikaela Shiffrin (USA) 614<\/p>\n<p>.6. Tina Maze (SLO) 573<\/p>\n<p>.7. Marie-Mich\u00e8le Gagnon (CAN) 453<\/p>\n<p>.8. Elisabeth Goergl (AUT) 431<\/p>\n<p>.9. Nicole Hosp (AUT) 405<\/p>\n<p>10. Maria Pietilae-Holmner (SUE) 373<\/p>\n<p>38. Carolina Ruiz-Castillo (ESP) 107<\/p>\n<p>&nbsp;<\/p>\n<p>&#8211; General de supergigante:<\/p>\n<p>.1. Lara Gut (SUI) 248<\/p>\n<p>.2. Anna Fenninger (AUT) 245<\/p>\n<p>.3. Tina Weirather (LIE) 230<\/p>\n<p>.4. Elisabeth Goergl (AUT) 200<\/p>\n<p>.5. Nicole Hosp (AUT) 187.<\/p>\n","protected":false},"excerpt":{"rendered":"<p>Redacci\u00f3n deportes, 23 ene (EFE).- La austr\u00edaca Elisabeth Goergl se ha impuesto hoy en el supergigante de Cortina d&#8217;Ampezzo, de la Copa del Mundo femenina de esqu\u00ed alpino, por tan solo cuatro cent\u00e9simas de ventaja sobre la alemana Maria Hoefl-Riesch. Goergl, que hace unos d\u00edas gan\u00f3 el descenso de Altenmarkt, marc\u00f3 un crono de 1:24.23, [&hellip;]<\/p>\n","protected":false},"author":1,"featured_media":1132184,"comment_status":"closed","ping_status":"open","sticky":false,"template":"","format":"standard","meta":{"footnotes":""},"categories":[1],"tags":[],"class_list":["post-477730","post","type-post","status-publish","format-standard","has-post-thumbnail","hentry","category-actualidad"],"aioseo_notices":[],"aioseo_head":"\n\t\t<!-- All in One SEO Pro 5.0.1 - aioseo.com -->\n\t<meta name=\"description\" content=\"Redacci\u00f3n deportes, 23 ene (EFE).- La austr\u00edaca Elisabeth Goergl se ha impuesto hoy en el supergigante de Cortina d&#039;Ampezzo, de la Copa del Mundo femenina de esqu\u00ed alpino, por tan solo cuatro cent\u00e9simas de ventaja sobre la alemana Maria Hoefl-Riesch. Goergl, que hace unos d\u00edas gan\u00f3 el descenso de Altenmarkt, marc\u00f3 un crono de 1:24.23,\" \/>\n\t<meta name=\"robots\" content=\"max-image-preview:large\" \/>\n\t<meta name=\"author\" content=\"El Digital de Asturias\"\/>\n\t<meta name=\"google-site-verification\" content=\"UA-38556648-1\" \/>\n\t<meta name=\"msvalidate.01\" content=\"7dfe9f3f1b24437ab69f4f2559babe99\" \/>\n\t<meta name=\"keywords\" content=\"actualidad\" \/>\n\t<link rel=\"canonical\" href=\"https:\/\/www.eldigitaldeasturias.com\/noticias\/la-austriaca-goergl-se-apunta-el-superg-de-cortina-por-cuatro-centesimas\/\" \/>\n\t<meta name=\"generator\" content=\"All in One SEO Pro (AIOSEO) 5.0.1\" \/>\n\t\t<meta property=\"og:locale\" content=\"es_ES\" \/>\n\t\t<meta property=\"og:site_name\" content=\"El Digital de Asturias\" \/>\n\t\t<meta property=\"og:type\" content=\"article\" \/>\n\t\t<meta property=\"og:title\" content=\"La austr\u00edaca Goergl se apunta el SuperG de Cortina por cuatro cent\u00e9simas - El Digital de Asturias\" \/>\n\t\t<meta property=\"og:description\" content=\"Redacci\u00f3n deportes, 23 ene (EFE).- La austr\u00edaca Elisabeth Goergl se ha impuesto hoy en el supergigante de Cortina d&#039;Ampezzo, de la Copa del Mundo femenina de esqu\u00ed alpino, por tan solo cuatro cent\u00e9simas de ventaja sobre la alemana Maria Hoefl-Riesch. Goergl, que hace unos d\u00edas gan\u00f3 el descenso de Altenmarkt, marc\u00f3 un crono de 1:24.23,\" \/>\n\t\t<meta property=\"og:url\" content=\"https:\/\/www.eldigitaldeasturias.com\/noticias\/la-austriaca-goergl-se-apunta-el-superg-de-cortina-por-cuatro-centesimas\/\" \/>\n\t\t<meta property=\"og:image\" content=\"https:\/\/www.eldigitaldeasturias.com\/noticias\/wp-content\/uploads\/2026\/06\/Contenidos.jpg\" \/>\n\t\t<meta property=\"og:image:secure_url\" content=\"https:\/\/www.eldigitaldeasturias.com\/noticias\/wp-content\/uploads\/2026\/06\/Contenidos.jpg\" \/>\n\t\t<meta property=\"og:image:width\" content=\"1265\" \/>\n\t\t<meta property=\"og:image:height\" content=\"697\" \/>\n\t\t<meta property=\"article:tag\" content=\"actualidad\" \/>\n\t\t<meta property=\"article:published_time\" content=\"2014-01-23T23:05:10+00:00\" \/>\n\t\t<meta property=\"article:modified_time\" content=\"2014-01-23T23:05:12+00:00\" \/>\n\t\t<meta property=\"article:publisher\" content=\"https:\/\/facebook.com\/eldigitaldeasturias\" \/>\n\t\t<meta name=\"twitter:card\" content=\"summary_large_image\" \/>\n\t\t<meta name=\"twitter:title\" content=\"La austr\u00edaca Goergl se apunta el SuperG de Cortina por cuatro cent\u00e9simas - El Digital de Asturias\" \/>\n\t\t<meta name=\"twitter:description\" content=\"Redacci\u00f3n deportes, 23 ene (EFE).- La austr\u00edaca Elisabeth Goergl se ha impuesto hoy en el supergigante de Cortina d&#039;Ampezzo, de la Copa del Mundo femenina de esqu\u00ed alpino, por tan solo cuatro cent\u00e9simas de ventaja sobre la alemana Maria Hoefl-Riesch. Goergl, que hace unos d\u00edas gan\u00f3 el descenso de Altenmarkt, marc\u00f3 un crono de 1:24.23,\" \/>\n\t\t<meta name=\"twitter:image\" content=\"https:\/\/www.eldigitaldeasturias.com\/noticias\/wp-content\/uploads\/2026\/06\/Contenidos.jpg\" \/>\n\t\t<meta name=\"twitter:label1\" content=\"Escrito por\" \/>\n\t\t<meta name=\"twitter:data1\" content=\"El Digital de Asturias\" \/>\n\t\t<meta name=\"twitter:label2\" content=\"Tiempo de lectura estimado\" \/>\n\t\t<meta name=\"twitter:data2\" content=\"1 minuto\" \/>\n\t\t<script type=\"application\/ld+json\" class=\"aioseo-schema\">\n\t\t\t{\"@context\":\"https:\\\/\\\/schema.org\",\"@graph\":[{\"@type\":\"BlogPosting\",\"@id\":\"https:\\\/\\\/www.eldigitaldeasturias.com\\\/noticias\\\/la-austriaca-goergl-se-apunta-el-superg-de-cortina-por-cuatro-centesimas\\\/#blogposting\",\"name\":\"La austr\\u00edaca Goergl se apunta el SuperG de Cortina por cuatro cent\\u00e9simas - El Digital de Asturias\",\"headline\":\"La austr\\u00edaca Goergl se apunta el SuperG de Cortina por cuatro cent\\u00e9simas\",\"author\":{\"@id\":\"https:\\\/\\\/www.eldigitaldeasturias.com\\\/noticias\\\/author\\\/admin\\\/#author\"},\"publisher\":{\"@id\":\"https:\\\/\\\/www.eldigitaldeasturias.com\\\/noticias\\\/#organization\"},\"image\":{\"@type\":\"ImageObject\",\"url\":\"https:\\\/\\\/www.eldigitaldeasturias.com\\\/noticias\\\/wp-content\\\/uploads\\\/2026\\\/06\\\/Contenidos.jpg\",\"width\":1265,\"height\":697,\"caption\":\"Contenidos\"},\"datePublished\":\"2014-01-23T22:05:10+01:00\",\"dateModified\":\"2014-01-23T22:05:12+01:00\",\"inLanguage\":\"es-ES\",\"mainEntityOfPage\":{\"@id\":\"https:\\\/\\\/www.eldigitaldeasturias.com\\\/noticias\\\/la-austriaca-goergl-se-apunta-el-superg-de-cortina-por-cuatro-centesimas\\\/#webpage\"},\"isPartOf\":{\"@id\":\"https:\\\/\\\/www.eldigitaldeasturias.com\\\/noticias\\\/la-austriaca-goergl-se-apunta-el-superg-de-cortina-por-cuatro-centesimas\\\/#webpage\"},\"articleSection\":\"Actualidad\"},{\"@type\":\"BreadcrumbList\",\"@id\":\"https:\\\/\\\/www.eldigitaldeasturias.com\\\/noticias\\\/la-austriaca-goergl-se-apunta-el-superg-de-cortina-por-cuatro-centesimas\\\/#breadcrumblist\",\"itemListElement\":[{\"@type\":\"ListItem\",\"@id\":\"https:\\\/\\\/www.eldigitaldeasturias.com\\\/noticias#listItem\",\"position\":1,\"name\":\"Home\",\"item\":\"https:\\\/\\\/www.eldigitaldeasturias.com\\\/noticias\",\"nextItem\":{\"@type\":\"ListItem\",\"@id\":\"https:\\\/\\\/www.eldigitaldeasturias.com\\\/noticias\\\/category\\\/actualidad\\\/#listItem\",\"name\":\"Actualidad\"}},{\"@type\":\"ListItem\",\"@id\":\"https:\\\/\\\/www.eldigitaldeasturias.com\\\/noticias\\\/category\\\/actualidad\\\/#listItem\",\"position\":2,\"name\":\"Actualidad\",\"item\":\"https:\\\/\\\/www.eldigitaldeasturias.com\\\/noticias\\\/category\\\/actualidad\\\/\",\"nextItem\":{\"@type\":\"ListItem\",\"@id\":\"https:\\\/\\\/www.eldigitaldeasturias.com\\\/noticias\\\/la-austriaca-goergl-se-apunta-el-superg-de-cortina-por-cuatro-centesimas\\\/#listItem\",\"name\":\"La austr\\u00edaca Goergl se apunta el SuperG de Cortina por cuatro cent\\u00e9simas\"},\"previousItem\":{\"@type\":\"ListItem\",\"@id\":\"https:\\\/\\\/www.eldigitaldeasturias.com\\\/noticias#listItem\",\"name\":\"Home\"}},{\"@type\":\"ListItem\",\"@id\":\"https:\\\/\\\/www.eldigitaldeasturias.com\\\/noticias\\\/la-austriaca-goergl-se-apunta-el-superg-de-cortina-por-cuatro-centesimas\\\/#listItem\",\"position\":3,\"name\":\"La austr\\u00edaca Goergl se apunta el SuperG de Cortina por cuatro cent\\u00e9simas\",\"previousItem\":{\"@type\":\"ListItem\",\"@id\":\"https:\\\/\\\/www.eldigitaldeasturias.com\\\/noticias\\\/category\\\/actualidad\\\/#listItem\",\"name\":\"Actualidad\"}}]},{\"@type\":\"Organization\",\"@id\":\"https:\\\/\\\/www.eldigitaldeasturias.com\\\/noticias\\\/#organization\",\"name\":\"El Digital de Asturias\",\"description\":\"Hemeroteca\",\"url\":\"https:\\\/\\\/www.eldigitaldeasturias.com\\\/noticias\\\/\",\"email\":\"info@eldigitaldeasturias.com\",\"telephone\":\"+34652131393\",\"logo\":{\"@type\":\"ImageObject\",\"url\":\"https:\\\/\\\/www.eldigitaldeasturias.com\\\/noticias\\\/wp-content\\\/uploads\\\/2020\\\/12\\\/EDA.jpg\",\"@id\":\"https:\\\/\\\/www.eldigitaldeasturias.com\\\/noticias\\\/la-austriaca-goergl-se-apunta-el-superg-de-cortina-por-cuatro-centesimas\\\/#organizationLogo\"},\"image\":{\"@id\":\"https:\\\/\\\/www.eldigitaldeasturias.com\\\/noticias\\\/la-austriaca-goergl-se-apunta-el-superg-de-cortina-por-cuatro-centesimas\\\/#organizationLogo\"},\"sameAs\":[\"https:\\\/\\\/facebook.com\\\/eldigitaldeasturias\",\"https:\\\/\\\/www.youtube.com\\\/channel\\\/UCZP-2wLEB9Rv6erhFmqVnvg\"],\"address\":{\"@id\":\"https:\\\/\\\/www.eldigitaldeasturias.com\\\/noticias\\\/#postaladdress\",\"@type\":\"PostalAddress\",\"streetAddress\":\"san antonio 4\",\"postalCode\":\"33430\",\"addressLocality\":\"Cand\\u00e1s\",\"addressRegion\":\"Asturias\",\"addressCountry\":\"ES\"}},{\"@type\":\"Person\",\"@id\":\"https:\\\/\\\/www.eldigitaldeasturias.com\\\/noticias\\\/author\\\/admin\\\/#author\",\"url\":\"https:\\\/\\\/www.eldigitaldeasturias.com\\\/noticias\\\/author\\\/admin\\\/\",\"name\":\"El Digital de Asturias\",\"image\":{\"@type\":\"ImageObject\",\"@id\":\"https:\\\/\\\/www.eldigitaldeasturias.com\\\/noticias\\\/la-austriaca-goergl-se-apunta-el-superg-de-cortina-por-cuatro-centesimas\\\/#authorImage\",\"url\":\"https:\\\/\\\/secure.gravatar.com\\\/avatar\\\/df2aeffc32bcd13f8d26072ef8a91b623d677766deac7f97ca815868cd41bf5e?s=96&d=mm&r=g\",\"width\":96,\"height\":96,\"caption\":\"El Digital de Asturias\"}},{\"@type\":\"WebPage\",\"@id\":\"https:\\\/\\\/www.eldigitaldeasturias.com\\\/noticias\\\/la-austriaca-goergl-se-apunta-el-superg-de-cortina-por-cuatro-centesimas\\\/#webpage\",\"url\":\"https:\\\/\\\/www.eldigitaldeasturias.com\\\/noticias\\\/la-austriaca-goergl-se-apunta-el-superg-de-cortina-por-cuatro-centesimas\\\/\",\"name\":\"La austr\\u00edaca Goergl se apunta el SuperG de Cortina por cuatro cent\\u00e9simas - El Digital de Asturias\",\"description\":\"Redacci\\u00f3n deportes, 23 ene (EFE).- La austr\\u00edaca Elisabeth Goergl se ha impuesto hoy en el supergigante de Cortina d'Ampezzo, de la Copa del Mundo femenina de esqu\\u00ed alpino, por tan solo cuatro cent\\u00e9simas de ventaja sobre la alemana Maria Hoefl-Riesch. Goergl, que hace unos d\\u00edas gan\\u00f3 el descenso de Altenmarkt, marc\\u00f3 un crono de 1:24.23,\",\"inLanguage\":\"es-ES\",\"isPartOf\":{\"@id\":\"https:\\\/\\\/www.eldigitaldeasturias.com\\\/noticias\\\/#website\"},\"breadcrumb\":{\"@id\":\"https:\\\/\\\/www.eldigitaldeasturias.com\\\/noticias\\\/la-austriaca-goergl-se-apunta-el-superg-de-cortina-por-cuatro-centesimas\\\/#breadcrumblist\"},\"author\":{\"@id\":\"https:\\\/\\\/www.eldigitaldeasturias.com\\\/noticias\\\/author\\\/admin\\\/#author\"},\"creator\":{\"@id\":\"https:\\\/\\\/www.eldigitaldeasturias.com\\\/noticias\\\/author\\\/admin\\\/#author\"},\"image\":{\"@type\":\"ImageObject\",\"url\":\"https:\\\/\\\/www.eldigitaldeasturias.com\\\/noticias\\\/wp-content\\\/uploads\\\/2026\\\/06\\\/Contenidos.jpg\",\"@id\":\"https:\\\/\\\/www.eldigitaldeasturias.com\\\/noticias\\\/la-austriaca-goergl-se-apunta-el-superg-de-cortina-por-cuatro-centesimas\\\/#mainImage\",\"width\":1265,\"height\":697,\"caption\":\"Contenidos\"},\"primaryImageOfPage\":{\"@id\":\"https:\\\/\\\/www.eldigitaldeasturias.com\\\/noticias\\\/la-austriaca-goergl-se-apunta-el-superg-de-cortina-por-cuatro-centesimas\\\/#mainImage\"},\"datePublished\":\"2014-01-23T22:05:10+01:00\",\"dateModified\":\"2014-01-23T22:05:12+01:00\"},{\"@type\":\"WebSite\",\"@id\":\"https:\\\/\\\/www.eldigitaldeasturias.com\\\/noticias\\\/#website\",\"url\":\"https:\\\/\\\/www.eldigitaldeasturias.com\\\/noticias\\\/\",\"name\":\"El Digital de Asturias - Diario de actualidad y noticias\",\"alternateName\":\"El Digital de Asturias - Diario de actualidad y noticias\",\"description\":\"Hemeroteca\",\"inLanguage\":\"es-ES\",\"publisher\":{\"@id\":\"https:\\\/\\\/www.eldigitaldeasturias.com\\\/noticias\\\/#organization\"}}]}\n\t\t<\/script>\n\t\t<!-- All in One SEO Pro -->\r\n\t\t<title>La austr\u00edaca Goergl se apunta el SuperG de Cortina por cuatro cent\u00e9simas - El Digital de Asturias<\/title>\n\n","aioseo_head_json":{"title":"La austr\u00edaca Goergl se apunta el SuperG de Cortina por cuatro cent\u00e9simas - El Digital de Asturias","description":"Redacci\u00f3n deportes, 23 ene (EFE).- La austr\u00edaca Elisabeth Goergl se ha impuesto hoy en el supergigante de Cortina d'Ampezzo, de la Copa del Mundo femenina de esqu\u00ed alpino, por tan solo cuatro cent\u00e9simas de ventaja sobre la alemana Maria Hoefl-Riesch. Goergl, que hace unos d\u00edas gan\u00f3 el descenso de Altenmarkt, marc\u00f3 un crono de 1:24.23,","canonical_url":"https:\/\/www.eldigitaldeasturias.com\/noticias\/la-austriaca-goergl-se-apunta-el-superg-de-cortina-por-cuatro-centesimas\/","robots":"max-image-preview:large","keywords":"actualidad","webmasterTools":{"google-site-verification":"UA-38556648-1","msvalidate.01":"7dfe9f3f1b24437ab69f4f2559babe99","miscellaneous":""},"schema":{"@context":"https:\/\/schema.org","@graph":[{"@type":"BlogPosting","@id":"https:\/\/www.eldigitaldeasturias.com\/noticias\/la-austriaca-goergl-se-apunta-el-superg-de-cortina-por-cuatro-centesimas\/#blogposting","name":"La austr\u00edaca Goergl se apunta el SuperG de Cortina por cuatro cent\u00e9simas - El Digital de Asturias","headline":"La austr\u00edaca Goergl se apunta el SuperG de Cortina por cuatro cent\u00e9simas","author":{"@id":"https:\/\/www.eldigitaldeasturias.com\/noticias\/author\/admin\/#author"},"publisher":{"@id":"https:\/\/www.eldigitaldeasturias.com\/noticias\/#organization"},"image":{"@type":"ImageObject","url":"https:\/\/www.eldigitaldeasturias.com\/noticias\/wp-content\/uploads\/2026\/06\/Contenidos.jpg","width":1265,"height":697,"caption":"Contenidos"},"datePublished":"2014-01-23T22:05:10+01:00","dateModified":"2014-01-23T22:05:12+01:00","inLanguage":"es-ES","mainEntityOfPage":{"@id":"https:\/\/www.eldigitaldeasturias.com\/noticias\/la-austriaca-goergl-se-apunta-el-superg-de-cortina-por-cuatro-centesimas\/#webpage"},"isPartOf":{"@id":"https:\/\/www.eldigitaldeasturias.com\/noticias\/la-austriaca-goergl-se-apunta-el-superg-de-cortina-por-cuatro-centesimas\/#webpage"},"articleSection":"Actualidad"},{"@type":"BreadcrumbList","@id":"https:\/\/www.eldigitaldeasturias.com\/noticias\/la-austriaca-goergl-se-apunta-el-superg-de-cortina-por-cuatro-centesimas\/#breadcrumblist","itemListElement":[{"@type":"ListItem","@id":"https:\/\/www.eldigitaldeasturias.com\/noticias#listItem","position":1,"name":"Home","item":"https:\/\/www.eldigitaldeasturias.com\/noticias","nextItem":{"@type":"ListItem","@id":"https:\/\/www.eldigitaldeasturias.com\/noticias\/category\/actualidad\/#listItem","name":"Actualidad"}},{"@type":"ListItem","@id":"https:\/\/www.eldigitaldeasturias.com\/noticias\/category\/actualidad\/#listItem","position":2,"name":"Actualidad","item":"https:\/\/www.eldigitaldeasturias.com\/noticias\/category\/actualidad\/","nextItem":{"@type":"ListItem","@id":"https:\/\/www.eldigitaldeasturias.com\/noticias\/la-austriaca-goergl-se-apunta-el-superg-de-cortina-por-cuatro-centesimas\/#listItem","name":"La austr\u00edaca Goergl se apunta el SuperG de Cortina por cuatro cent\u00e9simas"},"previousItem":{"@type":"ListItem","@id":"https:\/\/www.eldigitaldeasturias.com\/noticias#listItem","name":"Home"}},{"@type":"ListItem","@id":"https:\/\/www.eldigitaldeasturias.com\/noticias\/la-austriaca-goergl-se-apunta-el-superg-de-cortina-por-cuatro-centesimas\/#listItem","position":3,"name":"La austr\u00edaca Goergl se apunta el SuperG de Cortina por cuatro cent\u00e9simas","previousItem":{"@type":"ListItem","@id":"https:\/\/www.eldigitaldeasturias.com\/noticias\/category\/actualidad\/#listItem","name":"Actualidad"}}]},{"@type":"Organization","@id":"https:\/\/www.eldigitaldeasturias.com\/noticias\/#organization","name":"El Digital de Asturias","description":"Hemeroteca","url":"https:\/\/www.eldigitaldeasturias.com\/noticias\/","email":"info@eldigitaldeasturias.com","telephone":"+34652131393","logo":{"@type":"ImageObject","url":"https:\/\/www.eldigitaldeasturias.com\/noticias\/wp-content\/uploads\/2020\/12\/EDA.jpg","@id":"https:\/\/www.eldigitaldeasturias.com\/noticias\/la-austriaca-goergl-se-apunta-el-superg-de-cortina-por-cuatro-centesimas\/#organizationLogo"},"image":{"@id":"https:\/\/www.eldigitaldeasturias.com\/noticias\/la-austriaca-goergl-se-apunta-el-superg-de-cortina-por-cuatro-centesimas\/#organizationLogo"},"sameAs":["https:\/\/facebook.com\/eldigitaldeasturias","https:\/\/www.youtube.com\/channel\/UCZP-2wLEB9Rv6erhFmqVnvg"],"address":{"@id":"https:\/\/www.eldigitaldeasturias.com\/noticias\/#postaladdress","@type":"PostalAddress","streetAddress":"san antonio 4","postalCode":"33430","addressLocality":"Cand\u00e1s","addressRegion":"Asturias","addressCountry":"ES"}},{"@type":"Person","@id":"https:\/\/www.eldigitaldeasturias.com\/noticias\/author\/admin\/#author","url":"https:\/\/www.eldigitaldeasturias.com\/noticias\/author\/admin\/","name":"El Digital de Asturias","image":{"@type":"ImageObject","@id":"https:\/\/www.eldigitaldeasturias.com\/noticias\/la-austriaca-goergl-se-apunta-el-superg-de-cortina-por-cuatro-centesimas\/#authorImage","url":"https:\/\/secure.gravatar.com\/avatar\/df2aeffc32bcd13f8d26072ef8a91b623d677766deac7f97ca815868cd41bf5e?s=96&d=mm&r=g","width":96,"height":96,"caption":"El Digital de Asturias"}},{"@type":"WebPage","@id":"https:\/\/www.eldigitaldeasturias.com\/noticias\/la-austriaca-goergl-se-apunta-el-superg-de-cortina-por-cuatro-centesimas\/#webpage","url":"https:\/\/www.eldigitaldeasturias.com\/noticias\/la-austriaca-goergl-se-apunta-el-superg-de-cortina-por-cuatro-centesimas\/","name":"La austr\u00edaca Goergl se apunta el SuperG de Cortina por cuatro cent\u00e9simas - El Digital de Asturias","description":"Redacci\u00f3n deportes, 23 ene (EFE).- La austr\u00edaca Elisabeth Goergl se ha impuesto hoy en el supergigante de Cortina d'Ampezzo, de la Copa del Mundo femenina de esqu\u00ed alpino, por tan solo cuatro cent\u00e9simas de ventaja sobre la alemana Maria Hoefl-Riesch. Goergl, que hace unos d\u00edas gan\u00f3 el descenso de Altenmarkt, marc\u00f3 un crono de 1:24.23,","inLanguage":"es-ES","isPartOf":{"@id":"https:\/\/www.eldigitaldeasturias.com\/noticias\/#website"},"breadcrumb":{"@id":"https:\/\/www.eldigitaldeasturias.com\/noticias\/la-austriaca-goergl-se-apunta-el-superg-de-cortina-por-cuatro-centesimas\/#breadcrumblist"},"author":{"@id":"https:\/\/www.eldigitaldeasturias.com\/noticias\/author\/admin\/#author"},"creator":{"@id":"https:\/\/www.eldigitaldeasturias.com\/noticias\/author\/admin\/#author"},"image":{"@type":"ImageObject","url":"https:\/\/www.eldigitaldeasturias.com\/noticias\/wp-content\/uploads\/2026\/06\/Contenidos.jpg","@id":"https:\/\/www.eldigitaldeasturias.com\/noticias\/la-austriaca-goergl-se-apunta-el-superg-de-cortina-por-cuatro-centesimas\/#mainImage","width":1265,"height":697,"caption":"Contenidos"},"primaryImageOfPage":{"@id":"https:\/\/www.eldigitaldeasturias.com\/noticias\/la-austriaca-goergl-se-apunta-el-superg-de-cortina-por-cuatro-centesimas\/#mainImage"},"datePublished":"2014-01-23T22:05:10+01:00","dateModified":"2014-01-23T22:05:12+01:00"},{"@type":"WebSite","@id":"https:\/\/www.eldigitaldeasturias.com\/noticias\/#website","url":"https:\/\/www.eldigitaldeasturias.com\/noticias\/","name":"El Digital de Asturias - Diario de actualidad y noticias","alternateName":"El Digital de Asturias - Diario de actualidad y noticias","description":"Hemeroteca","inLanguage":"es-ES","publisher":{"@id":"https:\/\/www.eldigitaldeasturias.com\/noticias\/#organization"}}]},"og:locale":"es_ES","og:site_name":"El Digital de Asturias","og:type":"article","og:title":"La austr\u00edaca Goergl se apunta el SuperG de Cortina por cuatro cent\u00e9simas - El Digital de Asturias","og:description":"Redacci\u00f3n deportes, 23 ene (EFE).- La austr\u00edaca Elisabeth Goergl se ha impuesto hoy en el supergigante de Cortina d'Ampezzo, de la Copa del Mundo femenina de esqu\u00ed alpino, por tan solo cuatro cent\u00e9simas de ventaja sobre la alemana Maria Hoefl-Riesch. Goergl, que hace unos d\u00edas gan\u00f3 el descenso de Altenmarkt, marc\u00f3 un crono de 1:24.23,","og:url":"https:\/\/www.eldigitaldeasturias.com\/noticias\/la-austriaca-goergl-se-apunta-el-superg-de-cortina-por-cuatro-centesimas\/","og:image":"https:\/\/www.eldigitaldeasturias.com\/noticias\/wp-content\/uploads\/2026\/06\/Contenidos.jpg","og:image:secure_url":"https:\/\/www.eldigitaldeasturias.com\/noticias\/wp-content\/uploads\/2026\/06\/Contenidos.jpg","og:image:width":1265,"og:image:height":697,"article:tag":["actualidad"],"article:published_time":"2014-01-23T23:05:10+00:00","article:modified_time":"2014-01-23T23:05:12+00:00","article:publisher":"https:\/\/facebook.com\/eldigitaldeasturias","twitter:card":"summary_large_image","twitter:title":"La austr\u00edaca Goergl se apunta el SuperG de Cortina por cuatro cent\u00e9simas - El Digital de Asturias","twitter:description":"Redacci\u00f3n deportes, 23 ene (EFE).- La austr\u00edaca Elisabeth Goergl se ha impuesto hoy en el supergigante de Cortina d'Ampezzo, de la Copa del Mundo femenina de esqu\u00ed alpino, por tan solo cuatro cent\u00e9simas de ventaja sobre la alemana Maria Hoefl-Riesch. Goergl, que hace unos d\u00edas gan\u00f3 el descenso de Altenmarkt, marc\u00f3 un crono de 1:24.23,","twitter:image":"https:\/\/www.eldigitaldeasturias.com\/noticias\/wp-content\/uploads\/2026\/06\/Contenidos.jpg","twitter:label1":"Escrito por","twitter:data1":"El Digital de Asturias","twitter:label2":"Tiempo de lectura estimado","twitter:data2":"1 minuto"},"aioseo_meta_data":{"post_id":"477730","title":null,"description":null,"keywords":null,"keyphrases":null,"primary_term":null,"canonical_url":null,"og_title":null,"og_description":null,"og_object_type":"default","og_image_type":"default","og_image_url":null,"og_image_width":null,"og_image_height":null,"og_image_custom_url":null,"og_image_custom_fields":null,"og_video":null,"og_custom_url":null,"og_article_section":null,"og_article_tags":null,"twitter_use_og":true,"twitter_card":"default","twitter_image_type":"default","twitter_image_url":null,"twitter_image_custom_url":null,"twitter_image_custom_fields":null,"twitter_title":null,"twitter_description":null,"schema":{"blockGraphs":[],"customGraphs":[],"default":{"data":{"Article":[],"Course":[],"Dataset":[],"FAQPage":[],"Movie":[],"Person":[],"Product":[],"ProductReview":[],"Car":[],"Recipe":[],"Service":[],"SoftwareApplication":[],"WebPage":[]},"graphName":"","isEnabled":true},"graphs":[],"defaultGraph":"","defaultPostTypeGraph":""},"schema_type":null,"schema_type_options":null,"pillar_content":false,"robots_default":true,"robots_noindex":false,"robots_noarchive":false,"robots_nosnippet":false,"robots_nofollow":false,"robots_noimageindex":false,"robots_noodp":false,"robots_notranslate":false,"robots_max_snippet":null,"robots_max_videopreview":null,"robots_max_imagepreview":"none","priority":null,"frequency":null,"local_seo":null,"seo_analyzer_scan_date":"2026-06-01 19:26:10","breadcrumb_settings":null,"limit_modified_date":false,"open_ai":null,"ai":null,"created":"2020-11-14 22:53:46","updated":"2026-06-01 19:26:10","focus_keyword":null,"additional_keywords":null,"truseo_locale":null},"aioseo_breadcrumb":"<div class=\"aioseo-breadcrumbs\"><span class=\"aioseo-breadcrumb\">\n\t<a href=\"https:\/\/www.eldigitaldeasturias.com\/noticias\" title=\"Home\">Home<\/a>\n<\/span><span class=\"aioseo-breadcrumb-separator\">\u2013<\/span><span class=\"aioseo-breadcrumb\">\n\t<a href=\"https:\/\/www.eldigitaldeasturias.com\/noticias\/category\/actualidad\/\" title=\"Actualidad\">Actualidad<\/a>\n<\/span><span class=\"aioseo-breadcrumb-separator\">\u2013<\/span><span class=\"aioseo-breadcrumb\">\n\t<a href=\"https:\/\/www.eldigitaldeasturias.com\/noticias\/la-austriaca-goergl-se-apunta-el-superg-de-cortina-por-cuatro-centesimas\/\" title=\"La austr\u00edaca Goergl se apunta el SuperG de Cortina por cuatro cent\u00e9simas\">La austr\u00edaca Goergl se apunta el SuperG de Cortina por cuatro cent\u00e9simas<\/a>\n<\/span><\/div>","aioseo_breadcrumb_json":[{"label":"Home","link":"https:\/\/www.eldigitaldeasturias.com\/noticias"},{"label":"Actualidad","link":"https:\/\/www.eldigitaldeasturias.com\/noticias\/category\/actualidad\/"},{"label":"La austr\u00edaca Goergl se apunta el SuperG de Cortina por cuatro cent\u00e9simas","link":"https:\/\/www.eldigitaldeasturias.com\/noticias\/la-austriaca-goergl-se-apunta-el-superg-de-cortina-por-cuatro-centesimas\/"}],"_links":{"self":[{"href":"https:\/\/www.eldigitaldeasturias.com\/noticias\/wp-json\/wp\/v2\/posts\/477730","targetHints":{"allow":["GET"]}}],"collection":[{"href":"https:\/\/www.eldigitaldeasturias.com\/noticias\/wp-json\/wp\/v2\/posts"}],"about":[{"href":"https:\/\/www.eldigitaldeasturias.com\/noticias\/wp-json\/wp\/v2\/types\/post"}],"author":[{"embeddable":true,"href":"https:\/\/www.eldigitaldeasturias.com\/noticias\/wp-json\/wp\/v2\/users\/1"}],"replies":[{"embeddable":true,"href":"https:\/\/www.eldigitaldeasturias.com\/noticias\/wp-json\/wp\/v2\/comments?post=477730"}],"version-history":[{"count":0,"href":"https:\/\/www.eldigitaldeasturias.com\/noticias\/wp-json\/wp\/v2\/posts\/477730\/revisions"}],"wp:featuredmedia":[{"embeddable":true,"href":"https:\/\/www.eldigitaldeasturias.com\/noticias\/wp-json\/wp\/v2\/media\/1132184"}],"wp:attachment":[{"href":"https:\/\/www.eldigitaldeasturias.com\/noticias\/wp-json\/wp\/v2\/media?parent=477730"}],"wp:term":[{"taxonomy":"category","embeddable":true,"href":"https:\/\/www.eldigitaldeasturias.com\/noticias\/wp-json\/wp\/v2\/categories?post=477730"},{"taxonomy":"post_tag","embeddable":true,"href":"https:\/\/www.eldigitaldeasturias.com\/noticias\/wp-json\/wp\/v2\/tags?post=477730"}],"curies":[{"name":"wp","href":"https:\/\/api.w.org\/{rel}","templated":true}]}}