{"id":477724,"date":"2014-01-23T21:59:04","date_gmt":"2014-01-23T22:59:04","guid":{"rendered":"http:\/\/www.eldigitaldeasturias.com\/noticias\/?p=477724"},"modified":"2014-01-23T21:59:04","modified_gmt":"2014-01-23T22:59:04","slug":"el-pp-pedira-al-gobierno-que-baje-el-irpf-por-debajo-de-como-estaba-en-2012","status":"publish","type":"post","link":"https:\/\/www.eldigitaldeasturias.com\/noticias\/el-pp-pedira-al-gobierno-que-baje-el-irpf-por-debajo-de-como-estaba-en-2012\/","title":{"rendered":"El PP pedir\u00e1 al Gobierno que baje el IRPF por debajo de como estaba en 2012"},"content":{"rendered":"<p><img loading=\"lazy\" decoding=\"async\" class=\"alignleft size-medium wp-image-477725\" alt=\"5870330w\" src=\"https:\/\/www.eldigitaldeasturias.com\/noticias\/wp-content\/uploads\/2014\/01\/5870330w-360x254.jpg\" width=\"360\" height=\"254\" \/>Madrid, 23 ene (EFE).- El Partido Popular pedir\u00e1 al Gobierno que baje el Impuesto sobre la Renta de las Personas F\u00edsicas (IRPF) por debajo del nivel en el que estaba en 2012, cuando lo subi\u00f3, como as\u00ed constar\u00e1 en la ponencia econ\u00f3mica que el partido presentar\u00e1 en su convenci\u00f3n nacional.<\/p>\n<p>El vicesecretario general de Organizaci\u00f3n del partido, Carlos Floriano, ha explicado en un encuentro informativo que los populares har\u00e1n este reclamo en esta ponencia que por otro lado pondr\u00e1 en valor las reformas hechas y proclamar\u00e1 que ahora que se ha \u00abrecuperado la econom\u00eda de Espa\u00f1a\u00bb hay que \u00abrecuperar la econom\u00eda de los espa\u00f1oles\u00bb.<\/p>\n<p>Lo que el PP propone en este texto, ha explicado Floriano, es \u00abdesactivar de forma paulatina y progresiva\u00bb el \u00abrecargo temporal\u00bb del IRPF que aprob\u00f3 el Gobierno de Mariano Rajoy, para que al final se vea \u00ababsolutamente amortiguado\u00bb.<\/p>\n<p>Y a preguntas de los periodistas ha apostado por bajar el IRPF m\u00e1s de lo que subi\u00f3 en 2012 al se\u00f1alar que la carga tributaria que ten\u00edan los espa\u00f1oles entonces \u00abno debe de ser el l\u00edmite\u00bb, porque de lo que se trata es de mejorar el poder adquisitivo de los ciudadanos para que ayuden a que siga mejorando la econom\u00eda.<\/p>\n<p>Para el PP, \u00abcuanto m\u00e1s se puedan bajar los impuestos mejor\u00bb, ha se\u00f1alado Floriano, quien no obstante ha recordado que debe tenerse siempre en cuenta el control de las cuentas p\u00fablicas.<\/p>\n<p>En este encuentro, el dirigente popular ha hablado de otras propuestas econ\u00f3micas de la ponencia, como la de pedir al Ejecutivo que obligue a la banca a tener un sistema de preaviso de un m\u00ednimo de tres meses a los aut\u00f3nomos o pymes a los que vaya a cortar o disminuir sus l\u00edneas de cr\u00e9dito, para que tengan tiempo de reordenar sus costes o buscar otras fuentes de financiaci\u00f3n.<\/p>\n<p>Carlos Floriano ha expuesto los ejes de la ponencia que dirige, junto a tres de los dirigentes que trabajan con \u00e9l en el texto: el secretario general del PP canario, Asier Antonio G\u00f3mez, el alcalde de Ja\u00e9n y presidente provincial del partido, Jos\u00e9 Enrique Fern\u00e1ndez, y el alcalde de Santander y presidente de la FEMP, I\u00f1igo de la Serna.<\/p>\n<p>El PP subrayar\u00e1 en la convenci\u00f3n -que se celebra del 31 de enero al 2 de febrero en Valladolid- que todos los espa\u00f1oles, con el Gobierno, han hecho un gran esfuerzo para recuperar la econom\u00eda que ha sido reconocido \u00aben todo el mundo\u00bb, y lo ha hecho \u00absin tocar\u00bb la educaci\u00f3n o la sanidad y \u00abgarantizando\u00bb los servicios b\u00e1sicos.<\/p>\n<p>El partido, no obstante, \u00abno est\u00e1 satisfecho, ni mucho menos\u00bb, y por eso ahora apuesta por \u00abrecuperar la econom\u00eda de las familias\u00bb, una estrategia que Floriano ha contrapuesto a la del Gobierno de Jos\u00e9 Luis Rodr\u00edguez Zapatero.<\/p>\n<p>En su opini\u00f3n, el anterior Gobierno trat\u00f3 de afrontar la crisis intentando recuperar primero la econom\u00eda de los ciudadanos, con medidas como la rebaja fiscal de 400 euros que lo que hicieron fue \u00abperjudicar\u00bb a la econom\u00eda del conjunto del pa\u00eds.<\/p>\n<p>El PP cree no obstante que ya ha llegado el momento de ayudar directamente a las familias, con una reforma fiscal que alivie sus cargas tributarias.<\/p>\n<p>Floriano ha recordado que la reforma fiscal que va a aprobar el Gobierno va a cambiar el sistema tributario en general, y no s\u00f3lo el IRPF, y est\u00e1 convencido, como ayer prometi\u00f3 el ministro de Hacienda, Crist\u00f3bal Montoro, de que no se va a volver a subir el IVA, aunque a preguntas de los periodistas no ha querido aventurarse sobre si bajar\u00e1.<\/p>\n<p>La reforma adem\u00e1s va pareja al nuevo modelo de financiaci\u00f3n auton\u00f3mica que tienen que acordarse tambi\u00e9n este a\u00f1o, y tambi\u00e9n al de financiaci\u00f3n local, porque primero se van a revisar todos los tributos de todas las administraciones y despu\u00e9s se abordar\u00e1n dichos modelos.<\/p>\n<p>Otro de los aspectos en los que se centra la ponencia es en el cr\u00e9dito. Se reconoce que la financiaci\u00f3n sigue sin llegar a aut\u00f3nomos y pymes, y por eso se pedir\u00e1n medidas para favorecerla, toda vez que el sistema financiero \u00abya est\u00e1 saneado\u00bb.<\/p>\n<p>Adem\u00e1s del sistema de preaviso ya mencionado, el PP propondr\u00e1 en su ponencia econ\u00f3mica que el Instituto de Cr\u00e9dito Oficial sea una \u00abentidad de apoyo\u00bb y \u00abno tanto un prestador directo\u00bb.<\/p>\n<p>Tras recordar que el ICO concedi\u00f3 el a\u00f1o pasado 13.884 millones euros en 190.000 operaciones de pr\u00e9stamo, Floriano ha se\u00f1alado que este ejercicio debe aumentar la financiaci\u00f3n de proyectos \u00abno s\u00f3lo de manera directa sino estando presente en las operaciones de cr\u00e9dito que soliciten las pymes\u00bb.<\/p>\n<p>Tambi\u00e9n estar\u00e1 presente en este texto la I+D+i: los populares quieren que se bonifiquen las cuotas a la seguridad social del personal investigador para incentivar la inversi\u00f3n privada en este campo.<\/p>\n","protected":false},"excerpt":{"rendered":"<p>Madrid, 23 ene (EFE).- El Partido Popular pedir\u00e1 al Gobierno que baje el Impuesto sobre la Renta de las Personas F\u00edsicas (IRPF) por debajo del nivel en el que estaba en 2012, cuando lo subi\u00f3, como as\u00ed constar\u00e1 en la ponencia econ\u00f3mica que el partido presentar\u00e1 en su convenci\u00f3n nacional. El vicesecretario general de Organizaci\u00f3n [&hellip;]<\/p>\n","protected":false},"author":1,"featured_media":1132184,"comment_status":"closed","ping_status":"open","sticky":false,"template":"","format":"standard","meta":{"footnotes":""},"categories":[1],"tags":[],"class_list":["post-477724","post","type-post","status-publish","format-standard","has-post-thumbnail","hentry","category-actualidad"],"aioseo_notices":[],"aioseo_head":"\n\t\t<!-- All in One SEO Pro 5.0.1 - aioseo.com -->\n\t<meta name=\"description\" content=\"Madrid, 23 ene (EFE).- El Partido Popular pedir\u00e1 al Gobierno que baje el Impuesto sobre la Renta de las Personas F\u00edsicas (IRPF) por debajo del nivel en el que estaba en 2012, cuando lo subi\u00f3, como as\u00ed constar\u00e1 en la ponencia econ\u00f3mica que el partido presentar\u00e1 en su convenci\u00f3n nacional. El vicesecretario general de Organizaci\u00f3n\" \/>\n\t<meta name=\"robots\" content=\"max-image-preview:large\" \/>\n\t<meta name=\"author\" content=\"El Digital de Asturias\"\/>\n\t<meta name=\"google-site-verification\" content=\"UA-38556648-1\" \/>\n\t<meta name=\"msvalidate.01\" content=\"7dfe9f3f1b24437ab69f4f2559babe99\" \/>\n\t<meta name=\"keywords\" content=\"actualidad\" \/>\n\t<link rel=\"canonical\" href=\"https:\/\/www.eldigitaldeasturias.com\/noticias\/el-pp-pedira-al-gobierno-que-baje-el-irpf-por-debajo-de-como-estaba-en-2012\/\" \/>\n\t<meta name=\"generator\" content=\"All in One SEO Pro (AIOSEO) 5.0.1\" \/>\n\t\t<meta property=\"og:locale\" content=\"es_ES\" \/>\n\t\t<meta property=\"og:site_name\" content=\"El Digital de Asturias\" \/>\n\t\t<meta property=\"og:type\" content=\"article\" \/>\n\t\t<meta property=\"og:title\" content=\"El PP pedir\u00e1 al Gobierno que baje el IRPF por debajo de como estaba en 2012 - El Digital de Asturias\" \/>\n\t\t<meta property=\"og:description\" content=\"Madrid, 23 ene (EFE).- El Partido Popular pedir\u00e1 al Gobierno que baje el Impuesto sobre la Renta de las Personas F\u00edsicas (IRPF) por debajo del nivel en el que estaba en 2012, cuando lo subi\u00f3, como as\u00ed constar\u00e1 en la ponencia econ\u00f3mica que el partido presentar\u00e1 en su convenci\u00f3n nacional. El vicesecretario general de Organizaci\u00f3n\" \/>\n\t\t<meta property=\"og:url\" content=\"https:\/\/www.eldigitaldeasturias.com\/noticias\/el-pp-pedira-al-gobierno-que-baje-el-irpf-por-debajo-de-como-estaba-en-2012\/\" \/>\n\t\t<meta property=\"og:image\" content=\"https:\/\/www.eldigitaldeasturias.com\/noticias\/wp-content\/uploads\/2026\/06\/Contenidos.jpg\" \/>\n\t\t<meta property=\"og:image:secure_url\" content=\"https:\/\/www.eldigitaldeasturias.com\/noticias\/wp-content\/uploads\/2026\/06\/Contenidos.jpg\" \/>\n\t\t<meta property=\"og:image:width\" content=\"1265\" \/>\n\t\t<meta property=\"og:image:height\" content=\"697\" \/>\n\t\t<meta property=\"article:tag\" content=\"actualidad\" \/>\n\t\t<meta property=\"article:published_time\" content=\"2014-01-23T22:59:04+00:00\" \/>\n\t\t<meta property=\"article:modified_time\" content=\"2014-01-23T22:59:04+00:00\" \/>\n\t\t<meta property=\"article:publisher\" content=\"https:\/\/facebook.com\/eldigitaldeasturias\" \/>\n\t\t<meta name=\"twitter:card\" content=\"summary_large_image\" \/>\n\t\t<meta name=\"twitter:title\" content=\"El PP pedir\u00e1 al Gobierno que baje el IRPF por debajo de como estaba en 2012 - El Digital de Asturias\" \/>\n\t\t<meta name=\"twitter:description\" content=\"Madrid, 23 ene (EFE).- El Partido Popular pedir\u00e1 al Gobierno que baje el Impuesto sobre la Renta de las Personas F\u00edsicas (IRPF) por debajo del nivel en el que estaba en 2012, cuando lo subi\u00f3, como as\u00ed constar\u00e1 en la ponencia econ\u00f3mica que el partido presentar\u00e1 en su convenci\u00f3n nacional. El vicesecretario general de Organizaci\u00f3n\" \/>\n\t\t<meta name=\"twitter:image\" content=\"https:\/\/www.eldigitaldeasturias.com\/noticias\/wp-content\/uploads\/2026\/06\/Contenidos.jpg\" \/>\n\t\t<meta name=\"twitter:label1\" content=\"Escrito por\" \/>\n\t\t<meta name=\"twitter:data1\" content=\"El Digital de Asturias\" \/>\n\t\t<meta name=\"twitter:label2\" content=\"Tiempo de lectura estimado\" \/>\n\t\t<meta name=\"twitter:data2\" content=\"4 minutos\" \/>\n\t\t<script type=\"application\/ld+json\" class=\"aioseo-schema\">\n\t\t\t{\"@context\":\"https:\\\/\\\/schema.org\",\"@graph\":[{\"@type\":\"BlogPosting\",\"@id\":\"https:\\\/\\\/www.eldigitaldeasturias.com\\\/noticias\\\/el-pp-pedira-al-gobierno-que-baje-el-irpf-por-debajo-de-como-estaba-en-2012\\\/#blogposting\",\"name\":\"El PP pedir\\u00e1 al Gobierno que baje el IRPF por debajo de como estaba en 2012 - El Digital de Asturias\",\"headline\":\"El PP pedir\\u00e1 al Gobierno que baje el IRPF por debajo de como estaba en 2012\",\"author\":{\"@id\":\"https:\\\/\\\/www.eldigitaldeasturias.com\\\/noticias\\\/author\\\/admin\\\/#author\"},\"publisher\":{\"@id\":\"https:\\\/\\\/www.eldigitaldeasturias.com\\\/noticias\\\/#organization\"},\"image\":{\"@type\":\"ImageObject\",\"url\":\"https:\\\/\\\/www.eldigitaldeasturias.com\\\/noticias\\\/wp-content\\\/uploads\\\/2026\\\/06\\\/Contenidos.jpg\",\"width\":1265,\"height\":697,\"caption\":\"Contenidos\"},\"datePublished\":\"2014-01-23T21:59:04+01:00\",\"dateModified\":\"2014-01-23T21:59:04+01:00\",\"inLanguage\":\"es-ES\",\"mainEntityOfPage\":{\"@id\":\"https:\\\/\\\/www.eldigitaldeasturias.com\\\/noticias\\\/el-pp-pedira-al-gobierno-que-baje-el-irpf-por-debajo-de-como-estaba-en-2012\\\/#webpage\"},\"isPartOf\":{\"@id\":\"https:\\\/\\\/www.eldigitaldeasturias.com\\\/noticias\\\/el-pp-pedira-al-gobierno-que-baje-el-irpf-por-debajo-de-como-estaba-en-2012\\\/#webpage\"},\"articleSection\":\"Actualidad\"},{\"@type\":\"BreadcrumbList\",\"@id\":\"https:\\\/\\\/www.eldigitaldeasturias.com\\\/noticias\\\/el-pp-pedira-al-gobierno-que-baje-el-irpf-por-debajo-de-como-estaba-en-2012\\\/#breadcrumblist\",\"itemListElement\":[{\"@type\":\"ListItem\",\"@id\":\"https:\\\/\\\/www.eldigitaldeasturias.com\\\/noticias#listItem\",\"position\":1,\"name\":\"Home\",\"item\":\"https:\\\/\\\/www.eldigitaldeasturias.com\\\/noticias\",\"nextItem\":{\"@type\":\"ListItem\",\"@id\":\"https:\\\/\\\/www.eldigitaldeasturias.com\\\/noticias\\\/category\\\/actualidad\\\/#listItem\",\"name\":\"Actualidad\"}},{\"@type\":\"ListItem\",\"@id\":\"https:\\\/\\\/www.eldigitaldeasturias.com\\\/noticias\\\/category\\\/actualidad\\\/#listItem\",\"position\":2,\"name\":\"Actualidad\",\"item\":\"https:\\\/\\\/www.eldigitaldeasturias.com\\\/noticias\\\/category\\\/actualidad\\\/\",\"nextItem\":{\"@type\":\"ListItem\",\"@id\":\"https:\\\/\\\/www.eldigitaldeasturias.com\\\/noticias\\\/el-pp-pedira-al-gobierno-que-baje-el-irpf-por-debajo-de-como-estaba-en-2012\\\/#listItem\",\"name\":\"El PP pedir\\u00e1 al Gobierno que baje el IRPF por debajo de como estaba en 2012\"},\"previousItem\":{\"@type\":\"ListItem\",\"@id\":\"https:\\\/\\\/www.eldigitaldeasturias.com\\\/noticias#listItem\",\"name\":\"Home\"}},{\"@type\":\"ListItem\",\"@id\":\"https:\\\/\\\/www.eldigitaldeasturias.com\\\/noticias\\\/el-pp-pedira-al-gobierno-que-baje-el-irpf-por-debajo-de-como-estaba-en-2012\\\/#listItem\",\"position\":3,\"name\":\"El PP pedir\\u00e1 al Gobierno que baje el IRPF por debajo de como estaba en 2012\",\"previousItem\":{\"@type\":\"ListItem\",\"@id\":\"https:\\\/\\\/www.eldigitaldeasturias.com\\\/noticias\\\/category\\\/actualidad\\\/#listItem\",\"name\":\"Actualidad\"}}]},{\"@type\":\"Organization\",\"@id\":\"https:\\\/\\\/www.eldigitaldeasturias.com\\\/noticias\\\/#organization\",\"name\":\"El Digital de Asturias\",\"description\":\"Hemeroteca\",\"url\":\"https:\\\/\\\/www.eldigitaldeasturias.com\\\/noticias\\\/\",\"email\":\"info@eldigitaldeasturias.com\",\"telephone\":\"+34652131393\",\"logo\":{\"@type\":\"ImageObject\",\"url\":\"https:\\\/\\\/www.eldigitaldeasturias.com\\\/noticias\\\/wp-content\\\/uploads\\\/2020\\\/12\\\/EDA.jpg\",\"@id\":\"https:\\\/\\\/www.eldigitaldeasturias.com\\\/noticias\\\/el-pp-pedira-al-gobierno-que-baje-el-irpf-por-debajo-de-como-estaba-en-2012\\\/#organizationLogo\"},\"image\":{\"@id\":\"https:\\\/\\\/www.eldigitaldeasturias.com\\\/noticias\\\/el-pp-pedira-al-gobierno-que-baje-el-irpf-por-debajo-de-como-estaba-en-2012\\\/#organizationLogo\"},\"sameAs\":[\"https:\\\/\\\/facebook.com\\\/eldigitaldeasturias\",\"https:\\\/\\\/www.youtube.com\\\/channel\\\/UCZP-2wLEB9Rv6erhFmqVnvg\"],\"address\":{\"@id\":\"https:\\\/\\\/www.eldigitaldeasturias.com\\\/noticias\\\/#postaladdress\",\"@type\":\"PostalAddress\",\"streetAddress\":\"san antonio 4\",\"postalCode\":\"33430\",\"addressLocality\":\"Cand\\u00e1s\",\"addressRegion\":\"Asturias\",\"addressCountry\":\"ES\"}},{\"@type\":\"Person\",\"@id\":\"https:\\\/\\\/www.eldigitaldeasturias.com\\\/noticias\\\/author\\\/admin\\\/#author\",\"url\":\"https:\\\/\\\/www.eldigitaldeasturias.com\\\/noticias\\\/author\\\/admin\\\/\",\"name\":\"El Digital de Asturias\",\"image\":{\"@type\":\"ImageObject\",\"@id\":\"https:\\\/\\\/www.eldigitaldeasturias.com\\\/noticias\\\/el-pp-pedira-al-gobierno-que-baje-el-irpf-por-debajo-de-como-estaba-en-2012\\\/#authorImage\",\"url\":\"https:\\\/\\\/secure.gravatar.com\\\/avatar\\\/df2aeffc32bcd13f8d26072ef8a91b623d677766deac7f97ca815868cd41bf5e?s=96&d=mm&r=g\",\"width\":96,\"height\":96,\"caption\":\"El Digital de Asturias\"}},{\"@type\":\"WebPage\",\"@id\":\"https:\\\/\\\/www.eldigitaldeasturias.com\\\/noticias\\\/el-pp-pedira-al-gobierno-que-baje-el-irpf-por-debajo-de-como-estaba-en-2012\\\/#webpage\",\"url\":\"https:\\\/\\\/www.eldigitaldeasturias.com\\\/noticias\\\/el-pp-pedira-al-gobierno-que-baje-el-irpf-por-debajo-de-como-estaba-en-2012\\\/\",\"name\":\"El PP pedir\\u00e1 al Gobierno que baje el IRPF por debajo de como estaba en 2012 - El Digital de Asturias\",\"description\":\"Madrid, 23 ene (EFE).- El Partido Popular pedir\\u00e1 al Gobierno que baje el Impuesto sobre la Renta de las Personas F\\u00edsicas (IRPF) por debajo del nivel en el que estaba en 2012, cuando lo subi\\u00f3, como as\\u00ed constar\\u00e1 en la ponencia econ\\u00f3mica que el partido presentar\\u00e1 en su convenci\\u00f3n nacional. El vicesecretario general de Organizaci\\u00f3n\",\"inLanguage\":\"es-ES\",\"isPartOf\":{\"@id\":\"https:\\\/\\\/www.eldigitaldeasturias.com\\\/noticias\\\/#website\"},\"breadcrumb\":{\"@id\":\"https:\\\/\\\/www.eldigitaldeasturias.com\\\/noticias\\\/el-pp-pedira-al-gobierno-que-baje-el-irpf-por-debajo-de-como-estaba-en-2012\\\/#breadcrumblist\"},\"author\":{\"@id\":\"https:\\\/\\\/www.eldigitaldeasturias.com\\\/noticias\\\/author\\\/admin\\\/#author\"},\"creator\":{\"@id\":\"https:\\\/\\\/www.eldigitaldeasturias.com\\\/noticias\\\/author\\\/admin\\\/#author\"},\"image\":{\"@type\":\"ImageObject\",\"url\":\"https:\\\/\\\/www.eldigitaldeasturias.com\\\/noticias\\\/wp-content\\\/uploads\\\/2026\\\/06\\\/Contenidos.jpg\",\"@id\":\"https:\\\/\\\/www.eldigitaldeasturias.com\\\/noticias\\\/el-pp-pedira-al-gobierno-que-baje-el-irpf-por-debajo-de-como-estaba-en-2012\\\/#mainImage\",\"width\":1265,\"height\":697,\"caption\":\"Contenidos\"},\"primaryImageOfPage\":{\"@id\":\"https:\\\/\\\/www.eldigitaldeasturias.com\\\/noticias\\\/el-pp-pedira-al-gobierno-que-baje-el-irpf-por-debajo-de-como-estaba-en-2012\\\/#mainImage\"},\"datePublished\":\"2014-01-23T21:59:04+01:00\",\"dateModified\":\"2014-01-23T21:59:04+01:00\"},{\"@type\":\"WebSite\",\"@id\":\"https:\\\/\\\/www.eldigitaldeasturias.com\\\/noticias\\\/#website\",\"url\":\"https:\\\/\\\/www.eldigitaldeasturias.com\\\/noticias\\\/\",\"name\":\"El Digital de Asturias - Diario de actualidad y noticias\",\"alternateName\":\"El Digital de Asturias - Diario de actualidad y noticias\",\"description\":\"Hemeroteca\",\"inLanguage\":\"es-ES\",\"publisher\":{\"@id\":\"https:\\\/\\\/www.eldigitaldeasturias.com\\\/noticias\\\/#organization\"}}]}\n\t\t<\/script>\n\t\t<!-- All in One SEO Pro -->\r\n\t\t<title>El PP pedir\u00e1 al Gobierno que baje el IRPF por debajo de como estaba en 2012 - El Digital de Asturias<\/title>\n\n","aioseo_head_json":{"title":"El PP pedir\u00e1 al Gobierno que baje el IRPF por debajo de como estaba en 2012 - El Digital de Asturias","description":"Madrid, 23 ene (EFE).- El Partido Popular pedir\u00e1 al Gobierno que baje el Impuesto sobre la Renta de las Personas F\u00edsicas (IRPF) por debajo del nivel en el que estaba en 2012, cuando lo subi\u00f3, como as\u00ed constar\u00e1 en la ponencia econ\u00f3mica que el partido presentar\u00e1 en su convenci\u00f3n nacional. El vicesecretario general de Organizaci\u00f3n","canonical_url":"https:\/\/www.eldigitaldeasturias.com\/noticias\/el-pp-pedira-al-gobierno-que-baje-el-irpf-por-debajo-de-como-estaba-en-2012\/","robots":"max-image-preview:large","keywords":"actualidad","webmasterTools":{"google-site-verification":"UA-38556648-1","msvalidate.01":"7dfe9f3f1b24437ab69f4f2559babe99","miscellaneous":""},"schema":{"@context":"https:\/\/schema.org","@graph":[{"@type":"BlogPosting","@id":"https:\/\/www.eldigitaldeasturias.com\/noticias\/el-pp-pedira-al-gobierno-que-baje-el-irpf-por-debajo-de-como-estaba-en-2012\/#blogposting","name":"El PP pedir\u00e1 al Gobierno que baje el IRPF por debajo de como estaba en 2012 - El Digital de Asturias","headline":"El PP pedir\u00e1 al Gobierno que baje el IRPF por debajo de como estaba en 2012","author":{"@id":"https:\/\/www.eldigitaldeasturias.com\/noticias\/author\/admin\/#author"},"publisher":{"@id":"https:\/\/www.eldigitaldeasturias.com\/noticias\/#organization"},"image":{"@type":"ImageObject","url":"https:\/\/www.eldigitaldeasturias.com\/noticias\/wp-content\/uploads\/2026\/06\/Contenidos.jpg","width":1265,"height":697,"caption":"Contenidos"},"datePublished":"2014-01-23T21:59:04+01:00","dateModified":"2014-01-23T21:59:04+01:00","inLanguage":"es-ES","mainEntityOfPage":{"@id":"https:\/\/www.eldigitaldeasturias.com\/noticias\/el-pp-pedira-al-gobierno-que-baje-el-irpf-por-debajo-de-como-estaba-en-2012\/#webpage"},"isPartOf":{"@id":"https:\/\/www.eldigitaldeasturias.com\/noticias\/el-pp-pedira-al-gobierno-que-baje-el-irpf-por-debajo-de-como-estaba-en-2012\/#webpage"},"articleSection":"Actualidad"},{"@type":"BreadcrumbList","@id":"https:\/\/www.eldigitaldeasturias.com\/noticias\/el-pp-pedira-al-gobierno-que-baje-el-irpf-por-debajo-de-como-estaba-en-2012\/#breadcrumblist","itemListElement":[{"@type":"ListItem","@id":"https:\/\/www.eldigitaldeasturias.com\/noticias#listItem","position":1,"name":"Home","item":"https:\/\/www.eldigitaldeasturias.com\/noticias","nextItem":{"@type":"ListItem","@id":"https:\/\/www.eldigitaldeasturias.com\/noticias\/category\/actualidad\/#listItem","name":"Actualidad"}},{"@type":"ListItem","@id":"https:\/\/www.eldigitaldeasturias.com\/noticias\/category\/actualidad\/#listItem","position":2,"name":"Actualidad","item":"https:\/\/www.eldigitaldeasturias.com\/noticias\/category\/actualidad\/","nextItem":{"@type":"ListItem","@id":"https:\/\/www.eldigitaldeasturias.com\/noticias\/el-pp-pedira-al-gobierno-que-baje-el-irpf-por-debajo-de-como-estaba-en-2012\/#listItem","name":"El PP pedir\u00e1 al Gobierno que baje el IRPF por debajo de como estaba en 2012"},"previousItem":{"@type":"ListItem","@id":"https:\/\/www.eldigitaldeasturias.com\/noticias#listItem","name":"Home"}},{"@type":"ListItem","@id":"https:\/\/www.eldigitaldeasturias.com\/noticias\/el-pp-pedira-al-gobierno-que-baje-el-irpf-por-debajo-de-como-estaba-en-2012\/#listItem","position":3,"name":"El PP pedir\u00e1 al Gobierno que baje el IRPF por debajo de como estaba en 2012","previousItem":{"@type":"ListItem","@id":"https:\/\/www.eldigitaldeasturias.com\/noticias\/category\/actualidad\/#listItem","name":"Actualidad"}}]},{"@type":"Organization","@id":"https:\/\/www.eldigitaldeasturias.com\/noticias\/#organization","name":"El Digital de Asturias","description":"Hemeroteca","url":"https:\/\/www.eldigitaldeasturias.com\/noticias\/","email":"info@eldigitaldeasturias.com","telephone":"+34652131393","logo":{"@type":"ImageObject","url":"https:\/\/www.eldigitaldeasturias.com\/noticias\/wp-content\/uploads\/2020\/12\/EDA.jpg","@id":"https:\/\/www.eldigitaldeasturias.com\/noticias\/el-pp-pedira-al-gobierno-que-baje-el-irpf-por-debajo-de-como-estaba-en-2012\/#organizationLogo"},"image":{"@id":"https:\/\/www.eldigitaldeasturias.com\/noticias\/el-pp-pedira-al-gobierno-que-baje-el-irpf-por-debajo-de-como-estaba-en-2012\/#organizationLogo"},"sameAs":["https:\/\/facebook.com\/eldigitaldeasturias","https:\/\/www.youtube.com\/channel\/UCZP-2wLEB9Rv6erhFmqVnvg"],"address":{"@id":"https:\/\/www.eldigitaldeasturias.com\/noticias\/#postaladdress","@type":"PostalAddress","streetAddress":"san antonio 4","postalCode":"33430","addressLocality":"Cand\u00e1s","addressRegion":"Asturias","addressCountry":"ES"}},{"@type":"Person","@id":"https:\/\/www.eldigitaldeasturias.com\/noticias\/author\/admin\/#author","url":"https:\/\/www.eldigitaldeasturias.com\/noticias\/author\/admin\/","name":"El Digital de Asturias","image":{"@type":"ImageObject","@id":"https:\/\/www.eldigitaldeasturias.com\/noticias\/el-pp-pedira-al-gobierno-que-baje-el-irpf-por-debajo-de-como-estaba-en-2012\/#authorImage","url":"https:\/\/secure.gravatar.com\/avatar\/df2aeffc32bcd13f8d26072ef8a91b623d677766deac7f97ca815868cd41bf5e?s=96&d=mm&r=g","width":96,"height":96,"caption":"El Digital de Asturias"}},{"@type":"WebPage","@id":"https:\/\/www.eldigitaldeasturias.com\/noticias\/el-pp-pedira-al-gobierno-que-baje-el-irpf-por-debajo-de-como-estaba-en-2012\/#webpage","url":"https:\/\/www.eldigitaldeasturias.com\/noticias\/el-pp-pedira-al-gobierno-que-baje-el-irpf-por-debajo-de-como-estaba-en-2012\/","name":"El PP pedir\u00e1 al Gobierno que baje el IRPF por debajo de como estaba en 2012 - El Digital de Asturias","description":"Madrid, 23 ene (EFE).- El Partido Popular pedir\u00e1 al Gobierno que baje el Impuesto sobre la Renta de las Personas F\u00edsicas (IRPF) por debajo del nivel en el que estaba en 2012, cuando lo subi\u00f3, como as\u00ed constar\u00e1 en la ponencia econ\u00f3mica que el partido presentar\u00e1 en su convenci\u00f3n nacional. El vicesecretario general de Organizaci\u00f3n","inLanguage":"es-ES","isPartOf":{"@id":"https:\/\/www.eldigitaldeasturias.com\/noticias\/#website"},"breadcrumb":{"@id":"https:\/\/www.eldigitaldeasturias.com\/noticias\/el-pp-pedira-al-gobierno-que-baje-el-irpf-por-debajo-de-como-estaba-en-2012\/#breadcrumblist"},"author":{"@id":"https:\/\/www.eldigitaldeasturias.com\/noticias\/author\/admin\/#author"},"creator":{"@id":"https:\/\/www.eldigitaldeasturias.com\/noticias\/author\/admin\/#author"},"image":{"@type":"ImageObject","url":"https:\/\/www.eldigitaldeasturias.com\/noticias\/wp-content\/uploads\/2026\/06\/Contenidos.jpg","@id":"https:\/\/www.eldigitaldeasturias.com\/noticias\/el-pp-pedira-al-gobierno-que-baje-el-irpf-por-debajo-de-como-estaba-en-2012\/#mainImage","width":1265,"height":697,"caption":"Contenidos"},"primaryImageOfPage":{"@id":"https:\/\/www.eldigitaldeasturias.com\/noticias\/el-pp-pedira-al-gobierno-que-baje-el-irpf-por-debajo-de-como-estaba-en-2012\/#mainImage"},"datePublished":"2014-01-23T21:59:04+01:00","dateModified":"2014-01-23T21:59:04+01:00"},{"@type":"WebSite","@id":"https:\/\/www.eldigitaldeasturias.com\/noticias\/#website","url":"https:\/\/www.eldigitaldeasturias.com\/noticias\/","name":"El Digital de Asturias - Diario de actualidad y noticias","alternateName":"El Digital de Asturias - Diario de actualidad y noticias","description":"Hemeroteca","inLanguage":"es-ES","publisher":{"@id":"https:\/\/www.eldigitaldeasturias.com\/noticias\/#organization"}}]},"og:locale":"es_ES","og:site_name":"El Digital de Asturias","og:type":"article","og:title":"El PP pedir\u00e1 al Gobierno que baje el IRPF por debajo de como estaba en 2012 - El Digital de Asturias","og:description":"Madrid, 23 ene (EFE).- El Partido Popular pedir\u00e1 al Gobierno que baje el Impuesto sobre la Renta de las Personas F\u00edsicas (IRPF) por debajo del nivel en el que estaba en 2012, cuando lo subi\u00f3, como as\u00ed constar\u00e1 en la ponencia econ\u00f3mica que el partido presentar\u00e1 en su convenci\u00f3n nacional. El vicesecretario general de Organizaci\u00f3n","og:url":"https:\/\/www.eldigitaldeasturias.com\/noticias\/el-pp-pedira-al-gobierno-que-baje-el-irpf-por-debajo-de-como-estaba-en-2012\/","og:image":"https:\/\/www.eldigitaldeasturias.com\/noticias\/wp-content\/uploads\/2026\/06\/Contenidos.jpg","og:image:secure_url":"https:\/\/www.eldigitaldeasturias.com\/noticias\/wp-content\/uploads\/2026\/06\/Contenidos.jpg","og:image:width":1265,"og:image:height":697,"article:tag":["actualidad"],"article:published_time":"2014-01-23T22:59:04+00:00","article:modified_time":"2014-01-23T22:59:04+00:00","article:publisher":"https:\/\/facebook.com\/eldigitaldeasturias","twitter:card":"summary_large_image","twitter:title":"El PP pedir\u00e1 al Gobierno que baje el IRPF por debajo de como estaba en 2012 - El Digital de Asturias","twitter:description":"Madrid, 23 ene (EFE).- El Partido Popular pedir\u00e1 al Gobierno que baje el Impuesto sobre la Renta de las Personas F\u00edsicas (IRPF) por debajo del nivel en el que estaba en 2012, cuando lo subi\u00f3, como as\u00ed constar\u00e1 en la ponencia econ\u00f3mica que el partido presentar\u00e1 en su convenci\u00f3n nacional. El vicesecretario general de Organizaci\u00f3n","twitter:image":"https:\/\/www.eldigitaldeasturias.com\/noticias\/wp-content\/uploads\/2026\/06\/Contenidos.jpg","twitter:label1":"Escrito por","twitter:data1":"El Digital de Asturias","twitter:label2":"Tiempo de lectura estimado","twitter:data2":"4 minutos"},"aioseo_meta_data":{"post_id":"477724","title":null,"description":null,"keywords":null,"keyphrases":null,"primary_term":null,"canonical_url":null,"og_title":null,"og_description":null,"og_object_type":"default","og_image_type":"default","og_image_url":null,"og_image_width":null,"og_image_height":null,"og_image_custom_url":null,"og_image_custom_fields":null,"og_video":null,"og_custom_url":null,"og_article_section":null,"og_article_tags":null,"twitter_use_og":true,"twitter_card":"default","twitter_image_type":"default","twitter_image_url":null,"twitter_image_custom_url":null,"twitter_image_custom_fields":null,"twitter_title":null,"twitter_description":null,"schema":{"blockGraphs":[],"customGraphs":[],"default":{"data":{"Article":[],"Course":[],"Dataset":[],"FAQPage":[],"Movie":[],"Person":[],"Product":[],"ProductReview":[],"Car":[],"Recipe":[],"Service":[],"SoftwareApplication":[],"WebPage":[]},"graphName":"","isEnabled":true},"graphs":[],"defaultGraph":"","defaultPostTypeGraph":""},"schema_type":null,"schema_type_options":null,"pillar_content":false,"robots_default":true,"robots_noindex":false,"robots_noarchive":false,"robots_nosnippet":false,"robots_nofollow":false,"robots_noimageindex":false,"robots_noodp":false,"robots_notranslate":false,"robots_max_snippet":null,"robots_max_videopreview":null,"robots_max_imagepreview":"none","priority":null,"frequency":null,"local_seo":null,"seo_analyzer_scan_date":"2026-06-01 19:26:09","breadcrumb_settings":null,"limit_modified_date":false,"open_ai":null,"ai":null,"created":"2020-11-14 22:53:46","updated":"2026-06-01 19:26:09","focus_keyword":null,"additional_keywords":null,"truseo_locale":null},"aioseo_breadcrumb":"<div class=\"aioseo-breadcrumbs\"><span class=\"aioseo-breadcrumb\">\n\t<a href=\"https:\/\/www.eldigitaldeasturias.com\/noticias\" title=\"Home\">Home<\/a>\n<\/span><span class=\"aioseo-breadcrumb-separator\">\u2013<\/span><span class=\"aioseo-breadcrumb\">\n\t<a href=\"https:\/\/www.eldigitaldeasturias.com\/noticias\/category\/actualidad\/\" title=\"Actualidad\">Actualidad<\/a>\n<\/span><span class=\"aioseo-breadcrumb-separator\">\u2013<\/span><span class=\"aioseo-breadcrumb\">\n\t<a href=\"https:\/\/www.eldigitaldeasturias.com\/noticias\/el-pp-pedira-al-gobierno-que-baje-el-irpf-por-debajo-de-como-estaba-en-2012\/\" title=\"El PP pedir\u00e1 al Gobierno que baje el IRPF por debajo de como estaba en 2012\">El PP pedir\u00e1 al Gobierno que baje el IRPF por debajo de como estaba en 2012<\/a>\n<\/span><\/div>","aioseo_breadcrumb_json":[{"label":"Home","link":"https:\/\/www.eldigitaldeasturias.com\/noticias"},{"label":"Actualidad","link":"https:\/\/www.eldigitaldeasturias.com\/noticias\/category\/actualidad\/"},{"label":"El PP pedir\u00e1 al Gobierno que baje el IRPF por debajo de como estaba en 2012","link":"https:\/\/www.eldigitaldeasturias.com\/noticias\/el-pp-pedira-al-gobierno-que-baje-el-irpf-por-debajo-de-como-estaba-en-2012\/"}],"_links":{"self":[{"href":"https:\/\/www.eldigitaldeasturias.com\/noticias\/wp-json\/wp\/v2\/posts\/477724","targetHints":{"allow":["GET"]}}],"collection":[{"href":"https:\/\/www.eldigitaldeasturias.com\/noticias\/wp-json\/wp\/v2\/posts"}],"about":[{"href":"https:\/\/www.eldigitaldeasturias.com\/noticias\/wp-json\/wp\/v2\/types\/post"}],"author":[{"embeddable":true,"href":"https:\/\/www.eldigitaldeasturias.com\/noticias\/wp-json\/wp\/v2\/users\/1"}],"replies":[{"embeddable":true,"href":"https:\/\/www.eldigitaldeasturias.com\/noticias\/wp-json\/wp\/v2\/comments?post=477724"}],"version-history":[{"count":0,"href":"https:\/\/www.eldigitaldeasturias.com\/noticias\/wp-json\/wp\/v2\/posts\/477724\/revisions"}],"wp:featuredmedia":[{"embeddable":true,"href":"https:\/\/www.eldigitaldeasturias.com\/noticias\/wp-json\/wp\/v2\/media\/1132184"}],"wp:attachment":[{"href":"https:\/\/www.eldigitaldeasturias.com\/noticias\/wp-json\/wp\/v2\/media?parent=477724"}],"wp:term":[{"taxonomy":"category","embeddable":true,"href":"https:\/\/www.eldigitaldeasturias.com\/noticias\/wp-json\/wp\/v2\/categories?post=477724"},{"taxonomy":"post_tag","embeddable":true,"href":"https:\/\/www.eldigitaldeasturias.com\/noticias\/wp-json\/wp\/v2\/tags?post=477724"}],"curies":[{"name":"wp","href":"https:\/\/api.w.org\/{rel}","templated":true}]}}