{"id":477718,"date":"2014-01-23T21:56:17","date_gmt":"2014-01-23T22:56:17","guid":{"rendered":"http:\/\/www.eldigitaldeasturias.com\/noticias\/?p=477718"},"modified":"2014-01-23T21:56:17","modified_gmt":"2014-01-23T22:56:17","slug":"van-rompuy-felicita-a-espana-por-su-salida-del-programa-financiero","status":"publish","type":"post","link":"https:\/\/www.eldigitaldeasturias.com\/noticias\/van-rompuy-felicita-a-espana-por-su-salida-del-programa-financiero\/","title":{"rendered":"Van Rompuy felicita a Espa\u00f1a por su salida del programa financiero"},"content":{"rendered":"<p><img loading=\"lazy\" decoding=\"async\" class=\"alignleft size-medium wp-image-477719\" alt=\"5870545w\" src=\"https:\/\/www.eldigitaldeasturias.com\/noticias\/wp-content\/uploads\/2014\/01\/5870545w-360x232.jpg\" width=\"360\" height=\"232\" \/>Bruselas, 23 ene (EFE).- El presidente del Consejo Europeo, Herman Van Rompuy, felicit\u00f3 hoy a Espa\u00f1a por haber abandonado la pasada medianoche el programa de asistencia financiera que solicit\u00f3 a sus socios comunitarios para sanear su banca.<\/p>\n<p>Es un \u00abbuen d\u00eda para Espa\u00f1a y para Europa: felicidades a Espa\u00f1a por su salida del programa de apoyo al sector financiero\u00bb, afirm\u00f3 Van Rompuy en sendos mensajes escritos en espa\u00f1ol e ingl\u00e9s en la red social Twitter.<\/p>\n<p>El pr\u00e9stamo de hasta 100.000 millones de euros concedido a Espa\u00f1a, del que el pa\u00eds finalmente ha empleado 41.300 millones para reestructurar su sector financiero, expir\u00f3 esta medianoche tras 18 meses en los que se han ido cumpliendo las condiciones pactadas con Madrid, seg\u00fan destac\u00f3 este mi\u00e9rcoles el vicepresidente econ\u00f3mico de la Comisi\u00f3n Europea (CE), Olli Rehn.<\/p>\n<p>Rehn recalc\u00f3 que a la vista de las reformas emprendidas tanto a nivel estructural como para sanear la banca espa\u00f1ola, se puede concluir que el programa \u00abha funcionado\u00bb, pero advirti\u00f3 tambi\u00e9n que el pa\u00eds se enfrenta a\u00fan a \u00abretos considerables\u00bb y que \u00abno debe caerse en la complacencia\u00bb.<\/p>\n<p>El vicepresidente de la CE destac\u00f3 la necesidad de que Espa\u00f1a prosiga la aplicaci\u00f3n de las reformas puestas en marcha y el camino de la reducci\u00f3n del d\u00e9ficit p\u00fablico, junto a la contenci\u00f3n de la escalada de la deuda p\u00fablica.<\/p>\n<p>El alto nivel de desempleo se mantiene \u00abdram\u00e1ticamente alto\u00bb, recalc\u00f3 Rehn, por lo que los esfuerzos deben proseguir para reducir la tasa de paro de manera constante y sostenible.<\/p>\n<p>Precisamente hoy se han dado a conocer los \u00faltimos datos de la Encuesta de Poblaci\u00f3n Activa (EPA), que revelan que el n\u00famero de parados baj\u00f3 en 69.000 en 2013, hasta 5.896.300 personas, llevando la tasa de desempleo hasta el 26,03 % de la poblaci\u00f3n activa, en la primera ca\u00edda anual del total de parados desde 2007.<\/p>\n<p>Sin embargo, el a\u00f1o pasado se mantuvo la destrucci\u00f3n de empleo, con 198.900 ocupados menos, de manera que el total de trabajadores retrocedi\u00f3 a 16.758.200 personas y la tasa de actividad se situ\u00f3 en el 59,43 % de la poblaci\u00f3n activa.<\/p>\n","protected":false},"excerpt":{"rendered":"<p>Bruselas, 23 ene (EFE).- El presidente del Consejo Europeo, Herman Van Rompuy, felicit\u00f3 hoy a Espa\u00f1a por haber abandonado la pasada medianoche el programa de asistencia financiera que solicit\u00f3 a sus socios comunitarios para sanear su banca. Es un \u00abbuen d\u00eda para Espa\u00f1a y para Europa: felicidades a Espa\u00f1a por su salida del programa de [&hellip;]<\/p>\n","protected":false},"author":1,"featured_media":1132184,"comment_status":"closed","ping_status":"open","sticky":false,"template":"","format":"standard","meta":{"footnotes":""},"categories":[1],"tags":[],"class_list":["post-477718","post","type-post","status-publish","format-standard","has-post-thumbnail","hentry","category-actualidad"],"aioseo_notices":[],"aioseo_head":"\n\t\t<!-- All in One SEO Pro 5.0.1 - aioseo.com -->\n\t<meta name=\"description\" content=\"Bruselas, 23 ene (EFE).- El presidente del Consejo Europeo, Herman Van Rompuy, felicit\u00f3 hoy a Espa\u00f1a por haber abandonado la pasada medianoche el programa de asistencia financiera que solicit\u00f3 a sus socios comunitarios para sanear su banca. Es un &quot;buen d\u00eda para Espa\u00f1a y para Europa: felicidades a Espa\u00f1a por su salida del programa de\" \/>\n\t<meta name=\"robots\" content=\"max-image-preview:large\" \/>\n\t<meta name=\"author\" content=\"El Digital de Asturias\"\/>\n\t<meta name=\"google-site-verification\" content=\"UA-38556648-1\" \/>\n\t<meta name=\"msvalidate.01\" content=\"7dfe9f3f1b24437ab69f4f2559babe99\" \/>\n\t<meta name=\"keywords\" content=\"actualidad\" \/>\n\t<link rel=\"canonical\" href=\"https:\/\/www.eldigitaldeasturias.com\/noticias\/van-rompuy-felicita-a-espana-por-su-salida-del-programa-financiero\/\" \/>\n\t<meta name=\"generator\" content=\"All in One SEO Pro (AIOSEO) 5.0.1\" \/>\n\t\t<meta property=\"og:locale\" content=\"es_ES\" \/>\n\t\t<meta property=\"og:site_name\" content=\"El Digital de Asturias\" \/>\n\t\t<meta property=\"og:type\" content=\"article\" \/>\n\t\t<meta property=\"og:title\" content=\"Van Rompuy felicita a Espa\u00f1a por su salida del programa financiero - El Digital de Asturias\" \/>\n\t\t<meta property=\"og:description\" content=\"Bruselas, 23 ene (EFE).- El presidente del Consejo Europeo, Herman Van Rompuy, felicit\u00f3 hoy a Espa\u00f1a por haber abandonado la pasada medianoche el programa de asistencia financiera que solicit\u00f3 a sus socios comunitarios para sanear su banca. Es un &quot;buen d\u00eda para Espa\u00f1a y para Europa: felicidades a Espa\u00f1a por su salida del programa de\" \/>\n\t\t<meta property=\"og:url\" content=\"https:\/\/www.eldigitaldeasturias.com\/noticias\/van-rompuy-felicita-a-espana-por-su-salida-del-programa-financiero\/\" \/>\n\t\t<meta property=\"og:image\" content=\"https:\/\/www.eldigitaldeasturias.com\/noticias\/wp-content\/uploads\/2026\/06\/Contenidos.jpg\" \/>\n\t\t<meta property=\"og:image:secure_url\" content=\"https:\/\/www.eldigitaldeasturias.com\/noticias\/wp-content\/uploads\/2026\/06\/Contenidos.jpg\" \/>\n\t\t<meta property=\"og:image:width\" content=\"1265\" \/>\n\t\t<meta property=\"og:image:height\" content=\"697\" \/>\n\t\t<meta property=\"article:tag\" content=\"actualidad\" \/>\n\t\t<meta property=\"article:published_time\" content=\"2014-01-23T22:56:17+00:00\" \/>\n\t\t<meta property=\"article:modified_time\" content=\"2014-01-23T22:56:17+00:00\" \/>\n\t\t<meta property=\"article:publisher\" content=\"https:\/\/facebook.com\/eldigitaldeasturias\" \/>\n\t\t<meta name=\"twitter:card\" content=\"summary_large_image\" \/>\n\t\t<meta name=\"twitter:title\" content=\"Van Rompuy felicita a Espa\u00f1a por su salida del programa financiero - El Digital de Asturias\" \/>\n\t\t<meta name=\"twitter:description\" content=\"Bruselas, 23 ene (EFE).- El presidente del Consejo Europeo, Herman Van Rompuy, felicit\u00f3 hoy a Espa\u00f1a por haber abandonado la pasada medianoche el programa de asistencia financiera que solicit\u00f3 a sus socios comunitarios para sanear su banca. Es un &quot;buen d\u00eda para Espa\u00f1a y para Europa: felicidades a Espa\u00f1a por su salida del programa de\" \/>\n\t\t<meta name=\"twitter:image\" content=\"https:\/\/www.eldigitaldeasturias.com\/noticias\/wp-content\/uploads\/2026\/06\/Contenidos.jpg\" \/>\n\t\t<meta name=\"twitter:label1\" content=\"Escrito por\" \/>\n\t\t<meta name=\"twitter:data1\" content=\"El Digital de Asturias\" \/>\n\t\t<meta name=\"twitter:label2\" content=\"Tiempo de lectura estimado\" \/>\n\t\t<meta name=\"twitter:data2\" content=\"2 minutos\" \/>\n\t\t<script type=\"application\/ld+json\" class=\"aioseo-schema\">\n\t\t\t{\"@context\":\"https:\\\/\\\/schema.org\",\"@graph\":[{\"@type\":\"BlogPosting\",\"@id\":\"https:\\\/\\\/www.eldigitaldeasturias.com\\\/noticias\\\/van-rompuy-felicita-a-espana-por-su-salida-del-programa-financiero\\\/#blogposting\",\"name\":\"Van Rompuy felicita a Espa\\u00f1a por su salida del programa financiero - El Digital de Asturias\",\"headline\":\"Van Rompuy felicita a Espa\\u00f1a por su salida del programa financiero\",\"author\":{\"@id\":\"https:\\\/\\\/www.eldigitaldeasturias.com\\\/noticias\\\/author\\\/admin\\\/#author\"},\"publisher\":{\"@id\":\"https:\\\/\\\/www.eldigitaldeasturias.com\\\/noticias\\\/#organization\"},\"image\":{\"@type\":\"ImageObject\",\"url\":\"https:\\\/\\\/www.eldigitaldeasturias.com\\\/noticias\\\/wp-content\\\/uploads\\\/2026\\\/06\\\/Contenidos.jpg\",\"width\":1265,\"height\":697,\"caption\":\"Contenidos\"},\"datePublished\":\"2014-01-23T21:56:17+01:00\",\"dateModified\":\"2014-01-23T21:56:17+01:00\",\"inLanguage\":\"es-ES\",\"mainEntityOfPage\":{\"@id\":\"https:\\\/\\\/www.eldigitaldeasturias.com\\\/noticias\\\/van-rompuy-felicita-a-espana-por-su-salida-del-programa-financiero\\\/#webpage\"},\"isPartOf\":{\"@id\":\"https:\\\/\\\/www.eldigitaldeasturias.com\\\/noticias\\\/van-rompuy-felicita-a-espana-por-su-salida-del-programa-financiero\\\/#webpage\"},\"articleSection\":\"Actualidad\"},{\"@type\":\"BreadcrumbList\",\"@id\":\"https:\\\/\\\/www.eldigitaldeasturias.com\\\/noticias\\\/van-rompuy-felicita-a-espana-por-su-salida-del-programa-financiero\\\/#breadcrumblist\",\"itemListElement\":[{\"@type\":\"ListItem\",\"@id\":\"https:\\\/\\\/www.eldigitaldeasturias.com\\\/noticias#listItem\",\"position\":1,\"name\":\"Home\",\"item\":\"https:\\\/\\\/www.eldigitaldeasturias.com\\\/noticias\",\"nextItem\":{\"@type\":\"ListItem\",\"@id\":\"https:\\\/\\\/www.eldigitaldeasturias.com\\\/noticias\\\/category\\\/actualidad\\\/#listItem\",\"name\":\"Actualidad\"}},{\"@type\":\"ListItem\",\"@id\":\"https:\\\/\\\/www.eldigitaldeasturias.com\\\/noticias\\\/category\\\/actualidad\\\/#listItem\",\"position\":2,\"name\":\"Actualidad\",\"item\":\"https:\\\/\\\/www.eldigitaldeasturias.com\\\/noticias\\\/category\\\/actualidad\\\/\",\"nextItem\":{\"@type\":\"ListItem\",\"@id\":\"https:\\\/\\\/www.eldigitaldeasturias.com\\\/noticias\\\/van-rompuy-felicita-a-espana-por-su-salida-del-programa-financiero\\\/#listItem\",\"name\":\"Van Rompuy felicita a Espa\\u00f1a por su salida del programa financiero\"},\"previousItem\":{\"@type\":\"ListItem\",\"@id\":\"https:\\\/\\\/www.eldigitaldeasturias.com\\\/noticias#listItem\",\"name\":\"Home\"}},{\"@type\":\"ListItem\",\"@id\":\"https:\\\/\\\/www.eldigitaldeasturias.com\\\/noticias\\\/van-rompuy-felicita-a-espana-por-su-salida-del-programa-financiero\\\/#listItem\",\"position\":3,\"name\":\"Van Rompuy felicita a Espa\\u00f1a por su salida del programa financiero\",\"previousItem\":{\"@type\":\"ListItem\",\"@id\":\"https:\\\/\\\/www.eldigitaldeasturias.com\\\/noticias\\\/category\\\/actualidad\\\/#listItem\",\"name\":\"Actualidad\"}}]},{\"@type\":\"Organization\",\"@id\":\"https:\\\/\\\/www.eldigitaldeasturias.com\\\/noticias\\\/#organization\",\"name\":\"El Digital de Asturias\",\"description\":\"Hemeroteca\",\"url\":\"https:\\\/\\\/www.eldigitaldeasturias.com\\\/noticias\\\/\",\"email\":\"info@eldigitaldeasturias.com\",\"telephone\":\"+34652131393\",\"logo\":{\"@type\":\"ImageObject\",\"url\":\"https:\\\/\\\/www.eldigitaldeasturias.com\\\/noticias\\\/wp-content\\\/uploads\\\/2020\\\/12\\\/EDA.jpg\",\"@id\":\"https:\\\/\\\/www.eldigitaldeasturias.com\\\/noticias\\\/van-rompuy-felicita-a-espana-por-su-salida-del-programa-financiero\\\/#organizationLogo\"},\"image\":{\"@id\":\"https:\\\/\\\/www.eldigitaldeasturias.com\\\/noticias\\\/van-rompuy-felicita-a-espana-por-su-salida-del-programa-financiero\\\/#organizationLogo\"},\"sameAs\":[\"https:\\\/\\\/facebook.com\\\/eldigitaldeasturias\",\"https:\\\/\\\/www.youtube.com\\\/channel\\\/UCZP-2wLEB9Rv6erhFmqVnvg\"],\"address\":{\"@id\":\"https:\\\/\\\/www.eldigitaldeasturias.com\\\/noticias\\\/#postaladdress\",\"@type\":\"PostalAddress\",\"streetAddress\":\"san antonio 4\",\"postalCode\":\"33430\",\"addressLocality\":\"Cand\\u00e1s\",\"addressRegion\":\"Asturias\",\"addressCountry\":\"ES\"}},{\"@type\":\"Person\",\"@id\":\"https:\\\/\\\/www.eldigitaldeasturias.com\\\/noticias\\\/author\\\/admin\\\/#author\",\"url\":\"https:\\\/\\\/www.eldigitaldeasturias.com\\\/noticias\\\/author\\\/admin\\\/\",\"name\":\"El Digital de Asturias\",\"image\":{\"@type\":\"ImageObject\",\"@id\":\"https:\\\/\\\/www.eldigitaldeasturias.com\\\/noticias\\\/van-rompuy-felicita-a-espana-por-su-salida-del-programa-financiero\\\/#authorImage\",\"url\":\"https:\\\/\\\/secure.gravatar.com\\\/avatar\\\/df2aeffc32bcd13f8d26072ef8a91b623d677766deac7f97ca815868cd41bf5e?s=96&d=mm&r=g\",\"width\":96,\"height\":96,\"caption\":\"El Digital de Asturias\"}},{\"@type\":\"WebPage\",\"@id\":\"https:\\\/\\\/www.eldigitaldeasturias.com\\\/noticias\\\/van-rompuy-felicita-a-espana-por-su-salida-del-programa-financiero\\\/#webpage\",\"url\":\"https:\\\/\\\/www.eldigitaldeasturias.com\\\/noticias\\\/van-rompuy-felicita-a-espana-por-su-salida-del-programa-financiero\\\/\",\"name\":\"Van Rompuy felicita a Espa\\u00f1a por su salida del programa financiero - El Digital de Asturias\",\"description\":\"Bruselas, 23 ene (EFE).- El presidente del Consejo Europeo, Herman Van Rompuy, felicit\\u00f3 hoy a Espa\\u00f1a por haber abandonado la pasada medianoche el programa de asistencia financiera que solicit\\u00f3 a sus socios comunitarios para sanear su banca. Es un \\\"buen d\\u00eda para Espa\\u00f1a y para Europa: felicidades a Espa\\u00f1a por su salida del programa de\",\"inLanguage\":\"es-ES\",\"isPartOf\":{\"@id\":\"https:\\\/\\\/www.eldigitaldeasturias.com\\\/noticias\\\/#website\"},\"breadcrumb\":{\"@id\":\"https:\\\/\\\/www.eldigitaldeasturias.com\\\/noticias\\\/van-rompuy-felicita-a-espana-por-su-salida-del-programa-financiero\\\/#breadcrumblist\"},\"author\":{\"@id\":\"https:\\\/\\\/www.eldigitaldeasturias.com\\\/noticias\\\/author\\\/admin\\\/#author\"},\"creator\":{\"@id\":\"https:\\\/\\\/www.eldigitaldeasturias.com\\\/noticias\\\/author\\\/admin\\\/#author\"},\"image\":{\"@type\":\"ImageObject\",\"url\":\"https:\\\/\\\/www.eldigitaldeasturias.com\\\/noticias\\\/wp-content\\\/uploads\\\/2026\\\/06\\\/Contenidos.jpg\",\"@id\":\"https:\\\/\\\/www.eldigitaldeasturias.com\\\/noticias\\\/van-rompuy-felicita-a-espana-por-su-salida-del-programa-financiero\\\/#mainImage\",\"width\":1265,\"height\":697,\"caption\":\"Contenidos\"},\"primaryImageOfPage\":{\"@id\":\"https:\\\/\\\/www.eldigitaldeasturias.com\\\/noticias\\\/van-rompuy-felicita-a-espana-por-su-salida-del-programa-financiero\\\/#mainImage\"},\"datePublished\":\"2014-01-23T21:56:17+01:00\",\"dateModified\":\"2014-01-23T21:56:17+01:00\"},{\"@type\":\"WebSite\",\"@id\":\"https:\\\/\\\/www.eldigitaldeasturias.com\\\/noticias\\\/#website\",\"url\":\"https:\\\/\\\/www.eldigitaldeasturias.com\\\/noticias\\\/\",\"name\":\"El Digital de Asturias - Diario de actualidad y noticias\",\"alternateName\":\"El Digital de Asturias - Diario de actualidad y noticias\",\"description\":\"Hemeroteca\",\"inLanguage\":\"es-ES\",\"publisher\":{\"@id\":\"https:\\\/\\\/www.eldigitaldeasturias.com\\\/noticias\\\/#organization\"}}]}\n\t\t<\/script>\n\t\t<!-- All in One SEO Pro -->\r\n\t\t<title>Van Rompuy felicita a Espa\u00f1a por su salida del programa financiero - El Digital de Asturias<\/title>\n\n","aioseo_head_json":{"title":"Van Rompuy felicita a Espa\u00f1a por su salida del programa financiero - El Digital de Asturias","description":"Bruselas, 23 ene (EFE).- El presidente del Consejo Europeo, Herman Van Rompuy, felicit\u00f3 hoy a Espa\u00f1a por haber abandonado la pasada medianoche el programa de asistencia financiera que solicit\u00f3 a sus socios comunitarios para sanear su banca. Es un \"buen d\u00eda para Espa\u00f1a y para Europa: felicidades a Espa\u00f1a por su salida del programa de","canonical_url":"https:\/\/www.eldigitaldeasturias.com\/noticias\/van-rompuy-felicita-a-espana-por-su-salida-del-programa-financiero\/","robots":"max-image-preview:large","keywords":"actualidad","webmasterTools":{"google-site-verification":"UA-38556648-1","msvalidate.01":"7dfe9f3f1b24437ab69f4f2559babe99","miscellaneous":""},"schema":{"@context":"https:\/\/schema.org","@graph":[{"@type":"BlogPosting","@id":"https:\/\/www.eldigitaldeasturias.com\/noticias\/van-rompuy-felicita-a-espana-por-su-salida-del-programa-financiero\/#blogposting","name":"Van Rompuy felicita a Espa\u00f1a por su salida del programa financiero - El Digital de Asturias","headline":"Van Rompuy felicita a Espa\u00f1a por su salida del programa financiero","author":{"@id":"https:\/\/www.eldigitaldeasturias.com\/noticias\/author\/admin\/#author"},"publisher":{"@id":"https:\/\/www.eldigitaldeasturias.com\/noticias\/#organization"},"image":{"@type":"ImageObject","url":"https:\/\/www.eldigitaldeasturias.com\/noticias\/wp-content\/uploads\/2026\/06\/Contenidos.jpg","width":1265,"height":697,"caption":"Contenidos"},"datePublished":"2014-01-23T21:56:17+01:00","dateModified":"2014-01-23T21:56:17+01:00","inLanguage":"es-ES","mainEntityOfPage":{"@id":"https:\/\/www.eldigitaldeasturias.com\/noticias\/van-rompuy-felicita-a-espana-por-su-salida-del-programa-financiero\/#webpage"},"isPartOf":{"@id":"https:\/\/www.eldigitaldeasturias.com\/noticias\/van-rompuy-felicita-a-espana-por-su-salida-del-programa-financiero\/#webpage"},"articleSection":"Actualidad"},{"@type":"BreadcrumbList","@id":"https:\/\/www.eldigitaldeasturias.com\/noticias\/van-rompuy-felicita-a-espana-por-su-salida-del-programa-financiero\/#breadcrumblist","itemListElement":[{"@type":"ListItem","@id":"https:\/\/www.eldigitaldeasturias.com\/noticias#listItem","position":1,"name":"Home","item":"https:\/\/www.eldigitaldeasturias.com\/noticias","nextItem":{"@type":"ListItem","@id":"https:\/\/www.eldigitaldeasturias.com\/noticias\/category\/actualidad\/#listItem","name":"Actualidad"}},{"@type":"ListItem","@id":"https:\/\/www.eldigitaldeasturias.com\/noticias\/category\/actualidad\/#listItem","position":2,"name":"Actualidad","item":"https:\/\/www.eldigitaldeasturias.com\/noticias\/category\/actualidad\/","nextItem":{"@type":"ListItem","@id":"https:\/\/www.eldigitaldeasturias.com\/noticias\/van-rompuy-felicita-a-espana-por-su-salida-del-programa-financiero\/#listItem","name":"Van Rompuy felicita a Espa\u00f1a por su salida del programa financiero"},"previousItem":{"@type":"ListItem","@id":"https:\/\/www.eldigitaldeasturias.com\/noticias#listItem","name":"Home"}},{"@type":"ListItem","@id":"https:\/\/www.eldigitaldeasturias.com\/noticias\/van-rompuy-felicita-a-espana-por-su-salida-del-programa-financiero\/#listItem","position":3,"name":"Van Rompuy felicita a Espa\u00f1a por su salida del programa financiero","previousItem":{"@type":"ListItem","@id":"https:\/\/www.eldigitaldeasturias.com\/noticias\/category\/actualidad\/#listItem","name":"Actualidad"}}]},{"@type":"Organization","@id":"https:\/\/www.eldigitaldeasturias.com\/noticias\/#organization","name":"El Digital de Asturias","description":"Hemeroteca","url":"https:\/\/www.eldigitaldeasturias.com\/noticias\/","email":"info@eldigitaldeasturias.com","telephone":"+34652131393","logo":{"@type":"ImageObject","url":"https:\/\/www.eldigitaldeasturias.com\/noticias\/wp-content\/uploads\/2020\/12\/EDA.jpg","@id":"https:\/\/www.eldigitaldeasturias.com\/noticias\/van-rompuy-felicita-a-espana-por-su-salida-del-programa-financiero\/#organizationLogo"},"image":{"@id":"https:\/\/www.eldigitaldeasturias.com\/noticias\/van-rompuy-felicita-a-espana-por-su-salida-del-programa-financiero\/#organizationLogo"},"sameAs":["https:\/\/facebook.com\/eldigitaldeasturias","https:\/\/www.youtube.com\/channel\/UCZP-2wLEB9Rv6erhFmqVnvg"],"address":{"@id":"https:\/\/www.eldigitaldeasturias.com\/noticias\/#postaladdress","@type":"PostalAddress","streetAddress":"san antonio 4","postalCode":"33430","addressLocality":"Cand\u00e1s","addressRegion":"Asturias","addressCountry":"ES"}},{"@type":"Person","@id":"https:\/\/www.eldigitaldeasturias.com\/noticias\/author\/admin\/#author","url":"https:\/\/www.eldigitaldeasturias.com\/noticias\/author\/admin\/","name":"El Digital de Asturias","image":{"@type":"ImageObject","@id":"https:\/\/www.eldigitaldeasturias.com\/noticias\/van-rompuy-felicita-a-espana-por-su-salida-del-programa-financiero\/#authorImage","url":"https:\/\/secure.gravatar.com\/avatar\/df2aeffc32bcd13f8d26072ef8a91b623d677766deac7f97ca815868cd41bf5e?s=96&d=mm&r=g","width":96,"height":96,"caption":"El Digital de Asturias"}},{"@type":"WebPage","@id":"https:\/\/www.eldigitaldeasturias.com\/noticias\/van-rompuy-felicita-a-espana-por-su-salida-del-programa-financiero\/#webpage","url":"https:\/\/www.eldigitaldeasturias.com\/noticias\/van-rompuy-felicita-a-espana-por-su-salida-del-programa-financiero\/","name":"Van Rompuy felicita a Espa\u00f1a por su salida del programa financiero - El Digital de Asturias","description":"Bruselas, 23 ene (EFE).- El presidente del Consejo Europeo, Herman Van Rompuy, felicit\u00f3 hoy a Espa\u00f1a por haber abandonado la pasada medianoche el programa de asistencia financiera que solicit\u00f3 a sus socios comunitarios para sanear su banca. Es un \"buen d\u00eda para Espa\u00f1a y para Europa: felicidades a Espa\u00f1a por su salida del programa de","inLanguage":"es-ES","isPartOf":{"@id":"https:\/\/www.eldigitaldeasturias.com\/noticias\/#website"},"breadcrumb":{"@id":"https:\/\/www.eldigitaldeasturias.com\/noticias\/van-rompuy-felicita-a-espana-por-su-salida-del-programa-financiero\/#breadcrumblist"},"author":{"@id":"https:\/\/www.eldigitaldeasturias.com\/noticias\/author\/admin\/#author"},"creator":{"@id":"https:\/\/www.eldigitaldeasturias.com\/noticias\/author\/admin\/#author"},"image":{"@type":"ImageObject","url":"https:\/\/www.eldigitaldeasturias.com\/noticias\/wp-content\/uploads\/2026\/06\/Contenidos.jpg","@id":"https:\/\/www.eldigitaldeasturias.com\/noticias\/van-rompuy-felicita-a-espana-por-su-salida-del-programa-financiero\/#mainImage","width":1265,"height":697,"caption":"Contenidos"},"primaryImageOfPage":{"@id":"https:\/\/www.eldigitaldeasturias.com\/noticias\/van-rompuy-felicita-a-espana-por-su-salida-del-programa-financiero\/#mainImage"},"datePublished":"2014-01-23T21:56:17+01:00","dateModified":"2014-01-23T21:56:17+01:00"},{"@type":"WebSite","@id":"https:\/\/www.eldigitaldeasturias.com\/noticias\/#website","url":"https:\/\/www.eldigitaldeasturias.com\/noticias\/","name":"El Digital de Asturias - Diario de actualidad y noticias","alternateName":"El Digital de Asturias - Diario de actualidad y noticias","description":"Hemeroteca","inLanguage":"es-ES","publisher":{"@id":"https:\/\/www.eldigitaldeasturias.com\/noticias\/#organization"}}]},"og:locale":"es_ES","og:site_name":"El Digital de Asturias","og:type":"article","og:title":"Van Rompuy felicita a Espa\u00f1a por su salida del programa financiero - El Digital de Asturias","og:description":"Bruselas, 23 ene (EFE).- El presidente del Consejo Europeo, Herman Van Rompuy, felicit\u00f3 hoy a Espa\u00f1a por haber abandonado la pasada medianoche el programa de asistencia financiera que solicit\u00f3 a sus socios comunitarios para sanear su banca. Es un &quot;buen d\u00eda para Espa\u00f1a y para Europa: felicidades a Espa\u00f1a por su salida del programa de","og:url":"https:\/\/www.eldigitaldeasturias.com\/noticias\/van-rompuy-felicita-a-espana-por-su-salida-del-programa-financiero\/","og:image":"https:\/\/www.eldigitaldeasturias.com\/noticias\/wp-content\/uploads\/2026\/06\/Contenidos.jpg","og:image:secure_url":"https:\/\/www.eldigitaldeasturias.com\/noticias\/wp-content\/uploads\/2026\/06\/Contenidos.jpg","og:image:width":1265,"og:image:height":697,"article:tag":["actualidad"],"article:published_time":"2014-01-23T22:56:17+00:00","article:modified_time":"2014-01-23T22:56:17+00:00","article:publisher":"https:\/\/facebook.com\/eldigitaldeasturias","twitter:card":"summary_large_image","twitter:title":"Van Rompuy felicita a Espa\u00f1a por su salida del programa financiero - El Digital de Asturias","twitter:description":"Bruselas, 23 ene (EFE).- El presidente del Consejo Europeo, Herman Van Rompuy, felicit\u00f3 hoy a Espa\u00f1a por haber abandonado la pasada medianoche el programa de asistencia financiera que solicit\u00f3 a sus socios comunitarios para sanear su banca. Es un &quot;buen d\u00eda para Espa\u00f1a y para Europa: felicidades a Espa\u00f1a por su salida del programa de","twitter:image":"https:\/\/www.eldigitaldeasturias.com\/noticias\/wp-content\/uploads\/2026\/06\/Contenidos.jpg","twitter:label1":"Escrito por","twitter:data1":"El Digital de Asturias","twitter:label2":"Tiempo de lectura estimado","twitter:data2":"2 minutos"},"aioseo_meta_data":{"post_id":"477718","title":null,"description":null,"keywords":null,"keyphrases":null,"primary_term":null,"canonical_url":null,"og_title":null,"og_description":null,"og_object_type":"default","og_image_type":"default","og_image_url":null,"og_image_width":null,"og_image_height":null,"og_image_custom_url":null,"og_image_custom_fields":null,"og_video":null,"og_custom_url":null,"og_article_section":null,"og_article_tags":null,"twitter_use_og":true,"twitter_card":"default","twitter_image_type":"default","twitter_image_url":null,"twitter_image_custom_url":null,"twitter_image_custom_fields":null,"twitter_title":null,"twitter_description":null,"schema":{"blockGraphs":[],"customGraphs":[],"default":{"data":{"Article":[],"Course":[],"Dataset":[],"FAQPage":[],"Movie":[],"Person":[],"Product":[],"ProductReview":[],"Car":[],"Recipe":[],"Service":[],"SoftwareApplication":[],"WebPage":[]},"graphName":"","isEnabled":true},"graphs":[],"defaultGraph":"","defaultPostTypeGraph":""},"schema_type":null,"schema_type_options":null,"pillar_content":false,"robots_default":true,"robots_noindex":false,"robots_noarchive":false,"robots_nosnippet":false,"robots_nofollow":false,"robots_noimageindex":false,"robots_noodp":false,"robots_notranslate":false,"robots_max_snippet":null,"robots_max_videopreview":null,"robots_max_imagepreview":"none","priority":null,"frequency":null,"local_seo":null,"seo_analyzer_scan_date":"2026-06-01 19:24:01","breadcrumb_settings":null,"limit_modified_date":false,"open_ai":null,"ai":null,"created":"2020-11-14 22:53:46","updated":"2026-06-01 19:24:01","focus_keyword":null,"additional_keywords":null,"truseo_locale":null},"aioseo_breadcrumb":"<div class=\"aioseo-breadcrumbs\"><span class=\"aioseo-breadcrumb\">\n\t<a href=\"https:\/\/www.eldigitaldeasturias.com\/noticias\" title=\"Home\">Home<\/a>\n<\/span><span class=\"aioseo-breadcrumb-separator\">\u2013<\/span><span class=\"aioseo-breadcrumb\">\n\t<a href=\"https:\/\/www.eldigitaldeasturias.com\/noticias\/category\/actualidad\/\" title=\"Actualidad\">Actualidad<\/a>\n<\/span><span class=\"aioseo-breadcrumb-separator\">\u2013<\/span><span class=\"aioseo-breadcrumb\">\n\t<a href=\"https:\/\/www.eldigitaldeasturias.com\/noticias\/van-rompuy-felicita-a-espana-por-su-salida-del-programa-financiero\/\" title=\"Van Rompuy felicita a Espa\u00f1a por su salida del programa financiero\">Van Rompuy felicita a Espa\u00f1a por su salida del programa financiero<\/a>\n<\/span><\/div>","aioseo_breadcrumb_json":[{"label":"Home","link":"https:\/\/www.eldigitaldeasturias.com\/noticias"},{"label":"Actualidad","link":"https:\/\/www.eldigitaldeasturias.com\/noticias\/category\/actualidad\/"},{"label":"Van Rompuy felicita a Espa\u00f1a por su salida del programa financiero","link":"https:\/\/www.eldigitaldeasturias.com\/noticias\/van-rompuy-felicita-a-espana-por-su-salida-del-programa-financiero\/"}],"_links":{"self":[{"href":"https:\/\/www.eldigitaldeasturias.com\/noticias\/wp-json\/wp\/v2\/posts\/477718","targetHints":{"allow":["GET"]}}],"collection":[{"href":"https:\/\/www.eldigitaldeasturias.com\/noticias\/wp-json\/wp\/v2\/posts"}],"about":[{"href":"https:\/\/www.eldigitaldeasturias.com\/noticias\/wp-json\/wp\/v2\/types\/post"}],"author":[{"embeddable":true,"href":"https:\/\/www.eldigitaldeasturias.com\/noticias\/wp-json\/wp\/v2\/users\/1"}],"replies":[{"embeddable":true,"href":"https:\/\/www.eldigitaldeasturias.com\/noticias\/wp-json\/wp\/v2\/comments?post=477718"}],"version-history":[{"count":0,"href":"https:\/\/www.eldigitaldeasturias.com\/noticias\/wp-json\/wp\/v2\/posts\/477718\/revisions"}],"wp:featuredmedia":[{"embeddable":true,"href":"https:\/\/www.eldigitaldeasturias.com\/noticias\/wp-json\/wp\/v2\/media\/1132184"}],"wp:attachment":[{"href":"https:\/\/www.eldigitaldeasturias.com\/noticias\/wp-json\/wp\/v2\/media?parent=477718"}],"wp:term":[{"taxonomy":"category","embeddable":true,"href":"https:\/\/www.eldigitaldeasturias.com\/noticias\/wp-json\/wp\/v2\/categories?post=477718"},{"taxonomy":"post_tag","embeddable":true,"href":"https:\/\/www.eldigitaldeasturias.com\/noticias\/wp-json\/wp\/v2\/tags?post=477718"}],"curies":[{"name":"wp","href":"https:\/\/api.w.org\/{rel}","templated":true}]}}