{"id":477712,"date":"2014-01-23T21:52:28","date_gmt":"2014-01-23T22:52:28","guid":{"rendered":"http:\/\/www.eldigitaldeasturias.com\/noticias\/?p=477712"},"modified":"2014-01-23T21:52:28","modified_gmt":"2014-01-23T22:52:28","slug":"fabregas-afirma-que-martino-no-le-pide-cosas-que-sabe-que-no-puede-hacer","status":"publish","type":"post","link":"https:\/\/www.eldigitaldeasturias.com\/noticias\/fabregas-afirma-que-martino-no-le-pide-cosas-que-sabe-que-no-puede-hacer\/","title":{"rendered":"F\u00e0bregas afirma que Martino no le pide cosas que sabe que no puede hacer"},"content":{"rendered":"<p><img loading=\"lazy\" decoding=\"async\" class=\"alignleft size-medium wp-image-477713\" alt=\"5870537w\" src=\"https:\/\/www.eldigitaldeasturias.com\/noticias\/wp-content\/uploads\/2014\/01\/5870537w-360x228.jpg\" width=\"360\" height=\"228\" \/>Barcelona, 23 ene (EFE).- En su tercera temporada en el club que lo vio crecer, Cesc F\u00e0bregas reconoce estar en el momento m\u00e1s dulce desde que aterriz\u00f3 en el Barcelona, una mejora que no duda en atribuir a la llegada de Gerardo &#8216;Tata&#8217; Martino, de quien asegura que no le pide cosas que sabe que no puede hacer.<\/p>\n<p>En una entrevista concedida a Efe, el centrocampista catal\u00e1n dice haber encontrado \u00abla regularidad\u00bb gracias a la \u00abconfianza\u00bb que le ha dado el t\u00e9cnico argentino, con el que est\u00e1 convencido de que la escuadra azulgrana \u00abmejorar\u00e1\u00bb para luchar por todos los t\u00edtulos.<\/p>\n<p>\u00abMartino me ha aportado confianza, siempre ha cre\u00eddo en m\u00ed y sabe qu\u00e9 tipo de jugador soy. No me pide cosas que sabe que no puedo hacer. Siempre intenta explotar mis virtudes\u00bb, asevera el volante, de 26 a\u00f1os.<\/p>\n<p>Por ello, considera que esta temporada ha encontrado la regularidad que le falt\u00f3 con Pep Guardiola y Tito Vilanova: \u00abDe los \u00faltimos 16 partidos he jugado 15 y eso para m\u00ed es muy bueno, porque no estoy jugando un partido s\u00ed y otro no. Estoy jugando entre 80 y 90 minutos por partido y me siento m\u00e1s importante dentro del equipo\u00bb.<\/p>\n<p>Una confianza que ha ganado ya sea jugando de &#8216;falso&#8217; nueve o de volante -\u00abmi posici\u00f3n favorita\u00bb, cuenta-, si bien resalta que su progresi\u00f3n y \u00abresponsabilidad\u00bb dentro del equipo depende \u00abde mantener la consistencia\u00bb y sumar \u00abm\u00e1s actuaciones y m\u00e1s minutos\u00bb durante lo que queda de temporada.<\/p>\n<p>\u00abSiento que los compa\u00f1eros conf\u00edan m\u00e1s en m\u00ed y f\u00edsicamente me siento m\u00e1s fuerte\u00bb, indica F\u00e0bregas, quien ve al equipo en una progresi\u00f3n ascendente, a pesar de que ve \u00abcasi imposible\u00bb que se logre el nivel de excelencia al que se lleg\u00f3 con Pep Guardiola de entrenador.<\/p>\n<p>En este sentido, se muestra cr\u00edtico con una parte de la afici\u00f3n al asegurar: \u00abTodos sabemos que no todo el mundo es suficientemente paciente\u00bb, ya que \u00abmucha gente quiere que juguemos como lo hac\u00edamos con Guardiola\u00bb.<\/p>\n<p>\u00abEn ese Bar\u00e7a hab\u00eda muchos jugadores como Abidal, Eto&#8217;o, Thierry Henry, Toure Yaya, que ya no est\u00e1n. Eran muy fuertes f\u00edsicamente y daban algo que ahora no tenemos. Eran r\u00e1pidos y t\u00e1cticamente buenos\u00bb, asevera.<\/p>\n<p>Pese a ello, F\u00e0bregas defiende que la plantilla actual tiene \u00abotro estilo con otro tipo de jugadores\u00bb y puntualiza, en este sentido, que, \u00abtras un periodo de adaptaci\u00f3n con Martino, se est\u00e1 viendo \u00abuna muy buena versi\u00f3n\u00bb del Barcelona.<\/p>\n<p>La \u00abmejor versi\u00f3n\u00bb del Bar\u00e7a, seg\u00fan Cesc, llega a menos de un mes de la eliminatoria de octavos de final ante el Manchester City, un duelo \u00abmuy dif\u00edcil\u00bb ante un conjunto \u00abmuy ofensivo\u00bb, si bien prefiere afrontar el futuro partido a partido.<\/p>\n<p>En el horizonte del jugador de Arenys de Mar est\u00e1 el reto de disputar el pr\u00f3ximo verano en Brasil el que ser\u00eda su tercer Mundial con tan solo 27 a\u00f1os.<\/p>\n<p>Confiesa que su rol en el equipo de Vicente del Bosque \u00abha crecido mucho\u00bb en los \u00faltimos cuatro a\u00f1os y se siente \u00abprivilegiado\u00bb de tener opciones de disputar el que considera que es el torneo \u00abm\u00e1s importante\u00bb para un jugador.<\/p>\n<p>Sobre las selecciones favoritas para discutirle el t\u00edtulo a la selecci\u00f3n espa\u00f1ola, Cesc sostiene que Argentina puede ser uno de los rivales a tener en cuenta porque ve a su compa\u00f1ero Leo Messi \u00abmuy mentalizado\u00bb para ganar una Copa del Mundo.<\/p>\n<p>\u00abCreo que un jugador como Messi se debe retirar con un Mundial. Me sabe mal decirlo porque yo quiero que Espa\u00f1a los gane todos, pero merecerlo, se lo merece, por todo lo que ha dado al f\u00fatbol\u00bb, a\u00f1adi\u00f3.<\/p>\n<p>No obstante, Cesc sue\u00f1a con \u00abganar dos Mundiales seguidos y entrar en la historia del f\u00fatbol\u00bb por segunda vez consecutiva.<\/p>\n","protected":false},"excerpt":{"rendered":"<p>Barcelona, 23 ene (EFE).- En su tercera temporada en el club que lo vio crecer, Cesc F\u00e0bregas reconoce estar en el momento m\u00e1s dulce desde que aterriz\u00f3 en el Barcelona, una mejora que no duda en atribuir a la llegada de Gerardo &#8216;Tata&#8217; Martino, de quien asegura que no le pide cosas que sabe que [&hellip;]<\/p>\n","protected":false},"author":1,"featured_media":1132184,"comment_status":"closed","ping_status":"open","sticky":false,"template":"","format":"standard","meta":{"footnotes":""},"categories":[1],"tags":[],"class_list":["post-477712","post","type-post","status-publish","format-standard","has-post-thumbnail","hentry","category-actualidad"],"aioseo_notices":[],"aioseo_head":"\n\t\t<!-- All in One SEO Pro 5.0.1 - aioseo.com -->\n\t<meta name=\"description\" content=\"Barcelona, 23 ene (EFE).- En su tercera temporada en el club que lo vio crecer, Cesc F\u00e0bregas reconoce estar en el momento m\u00e1s dulce desde que aterriz\u00f3 en el Barcelona, una mejora que no duda en atribuir a la llegada de Gerardo &#039;Tata&#039; Martino, de quien asegura que no le pide cosas que sabe que\" \/>\n\t<meta name=\"robots\" content=\"max-image-preview:large\" \/>\n\t<meta name=\"author\" content=\"El Digital de Asturias\"\/>\n\t<meta name=\"google-site-verification\" content=\"UA-38556648-1\" \/>\n\t<meta name=\"msvalidate.01\" content=\"7dfe9f3f1b24437ab69f4f2559babe99\" \/>\n\t<meta name=\"keywords\" content=\"actualidad\" \/>\n\t<link rel=\"canonical\" href=\"https:\/\/www.eldigitaldeasturias.com\/noticias\/fabregas-afirma-que-martino-no-le-pide-cosas-que-sabe-que-no-puede-hacer\/\" \/>\n\t<meta name=\"generator\" content=\"All in One SEO Pro (AIOSEO) 5.0.1\" \/>\n\t\t<meta property=\"og:locale\" content=\"es_ES\" \/>\n\t\t<meta property=\"og:site_name\" content=\"El Digital de Asturias\" \/>\n\t\t<meta property=\"og:type\" content=\"article\" \/>\n\t\t<meta property=\"og:title\" content=\"F\u00e0bregas afirma que Martino no le pide cosas que sabe que no puede hacer - El Digital de Asturias\" \/>\n\t\t<meta property=\"og:description\" content=\"Barcelona, 23 ene (EFE).- En su tercera temporada en el club que lo vio crecer, Cesc F\u00e0bregas reconoce estar en el momento m\u00e1s dulce desde que aterriz\u00f3 en el Barcelona, una mejora que no duda en atribuir a la llegada de Gerardo &#039;Tata&#039; Martino, de quien asegura que no le pide cosas que sabe que\" \/>\n\t\t<meta property=\"og:url\" content=\"https:\/\/www.eldigitaldeasturias.com\/noticias\/fabregas-afirma-que-martino-no-le-pide-cosas-que-sabe-que-no-puede-hacer\/\" \/>\n\t\t<meta property=\"og:image\" content=\"https:\/\/www.eldigitaldeasturias.com\/noticias\/wp-content\/uploads\/2026\/06\/Contenidos.jpg\" \/>\n\t\t<meta property=\"og:image:secure_url\" content=\"https:\/\/www.eldigitaldeasturias.com\/noticias\/wp-content\/uploads\/2026\/06\/Contenidos.jpg\" \/>\n\t\t<meta property=\"og:image:width\" content=\"1265\" \/>\n\t\t<meta property=\"og:image:height\" content=\"697\" \/>\n\t\t<meta property=\"article:tag\" content=\"actualidad\" \/>\n\t\t<meta property=\"article:published_time\" content=\"2014-01-23T22:52:28+00:00\" \/>\n\t\t<meta property=\"article:modified_time\" content=\"2014-01-23T22:52:28+00:00\" \/>\n\t\t<meta property=\"article:publisher\" content=\"https:\/\/facebook.com\/eldigitaldeasturias\" \/>\n\t\t<meta name=\"twitter:card\" content=\"summary_large_image\" \/>\n\t\t<meta name=\"twitter:title\" content=\"F\u00e0bregas afirma que Martino no le pide cosas que sabe que no puede hacer - El Digital de Asturias\" \/>\n\t\t<meta name=\"twitter:description\" content=\"Barcelona, 23 ene (EFE).- En su tercera temporada en el club que lo vio crecer, Cesc F\u00e0bregas reconoce estar en el momento m\u00e1s dulce desde que aterriz\u00f3 en el Barcelona, una mejora que no duda en atribuir a la llegada de Gerardo &#039;Tata&#039; Martino, de quien asegura que no le pide cosas que sabe que\" \/>\n\t\t<meta name=\"twitter:image\" content=\"https:\/\/www.eldigitaldeasturias.com\/noticias\/wp-content\/uploads\/2026\/06\/Contenidos.jpg\" \/>\n\t\t<meta name=\"twitter:label1\" content=\"Escrito por\" \/>\n\t\t<meta name=\"twitter:data1\" content=\"El Digital de Asturias\" \/>\n\t\t<meta name=\"twitter:label2\" content=\"Tiempo de lectura estimado\" \/>\n\t\t<meta name=\"twitter:data2\" content=\"3 minutos\" \/>\n\t\t<script type=\"application\/ld+json\" class=\"aioseo-schema\">\n\t\t\t{\"@context\":\"https:\\\/\\\/schema.org\",\"@graph\":[{\"@type\":\"BlogPosting\",\"@id\":\"https:\\\/\\\/www.eldigitaldeasturias.com\\\/noticias\\\/fabregas-afirma-que-martino-no-le-pide-cosas-que-sabe-que-no-puede-hacer\\\/#blogposting\",\"name\":\"F\\u00e0bregas afirma que Martino no le pide cosas que sabe que no puede hacer - El Digital de Asturias\",\"headline\":\"F\\u00e0bregas afirma que Martino no le pide cosas que sabe que no puede hacer\",\"author\":{\"@id\":\"https:\\\/\\\/www.eldigitaldeasturias.com\\\/noticias\\\/author\\\/admin\\\/#author\"},\"publisher\":{\"@id\":\"https:\\\/\\\/www.eldigitaldeasturias.com\\\/noticias\\\/#organization\"},\"image\":{\"@type\":\"ImageObject\",\"url\":\"https:\\\/\\\/www.eldigitaldeasturias.com\\\/noticias\\\/wp-content\\\/uploads\\\/2026\\\/06\\\/Contenidos.jpg\",\"width\":1265,\"height\":697,\"caption\":\"Contenidos\"},\"datePublished\":\"2014-01-23T21:52:28+01:00\",\"dateModified\":\"2014-01-23T21:52:28+01:00\",\"inLanguage\":\"es-ES\",\"mainEntityOfPage\":{\"@id\":\"https:\\\/\\\/www.eldigitaldeasturias.com\\\/noticias\\\/fabregas-afirma-que-martino-no-le-pide-cosas-que-sabe-que-no-puede-hacer\\\/#webpage\"},\"isPartOf\":{\"@id\":\"https:\\\/\\\/www.eldigitaldeasturias.com\\\/noticias\\\/fabregas-afirma-que-martino-no-le-pide-cosas-que-sabe-que-no-puede-hacer\\\/#webpage\"},\"articleSection\":\"Actualidad\"},{\"@type\":\"BreadcrumbList\",\"@id\":\"https:\\\/\\\/www.eldigitaldeasturias.com\\\/noticias\\\/fabregas-afirma-que-martino-no-le-pide-cosas-que-sabe-que-no-puede-hacer\\\/#breadcrumblist\",\"itemListElement\":[{\"@type\":\"ListItem\",\"@id\":\"https:\\\/\\\/www.eldigitaldeasturias.com\\\/noticias#listItem\",\"position\":1,\"name\":\"Home\",\"item\":\"https:\\\/\\\/www.eldigitaldeasturias.com\\\/noticias\",\"nextItem\":{\"@type\":\"ListItem\",\"@id\":\"https:\\\/\\\/www.eldigitaldeasturias.com\\\/noticias\\\/category\\\/actualidad\\\/#listItem\",\"name\":\"Actualidad\"}},{\"@type\":\"ListItem\",\"@id\":\"https:\\\/\\\/www.eldigitaldeasturias.com\\\/noticias\\\/category\\\/actualidad\\\/#listItem\",\"position\":2,\"name\":\"Actualidad\",\"item\":\"https:\\\/\\\/www.eldigitaldeasturias.com\\\/noticias\\\/category\\\/actualidad\\\/\",\"nextItem\":{\"@type\":\"ListItem\",\"@id\":\"https:\\\/\\\/www.eldigitaldeasturias.com\\\/noticias\\\/fabregas-afirma-que-martino-no-le-pide-cosas-que-sabe-que-no-puede-hacer\\\/#listItem\",\"name\":\"F\\u00e0bregas afirma que Martino no le pide cosas que sabe que no puede hacer\"},\"previousItem\":{\"@type\":\"ListItem\",\"@id\":\"https:\\\/\\\/www.eldigitaldeasturias.com\\\/noticias#listItem\",\"name\":\"Home\"}},{\"@type\":\"ListItem\",\"@id\":\"https:\\\/\\\/www.eldigitaldeasturias.com\\\/noticias\\\/fabregas-afirma-que-martino-no-le-pide-cosas-que-sabe-que-no-puede-hacer\\\/#listItem\",\"position\":3,\"name\":\"F\\u00e0bregas afirma que Martino no le pide cosas que sabe que no puede hacer\",\"previousItem\":{\"@type\":\"ListItem\",\"@id\":\"https:\\\/\\\/www.eldigitaldeasturias.com\\\/noticias\\\/category\\\/actualidad\\\/#listItem\",\"name\":\"Actualidad\"}}]},{\"@type\":\"Organization\",\"@id\":\"https:\\\/\\\/www.eldigitaldeasturias.com\\\/noticias\\\/#organization\",\"name\":\"El Digital de Asturias\",\"description\":\"Hemeroteca\",\"url\":\"https:\\\/\\\/www.eldigitaldeasturias.com\\\/noticias\\\/\",\"email\":\"info@eldigitaldeasturias.com\",\"telephone\":\"+34652131393\",\"logo\":{\"@type\":\"ImageObject\",\"url\":\"https:\\\/\\\/www.eldigitaldeasturias.com\\\/noticias\\\/wp-content\\\/uploads\\\/2020\\\/12\\\/EDA.jpg\",\"@id\":\"https:\\\/\\\/www.eldigitaldeasturias.com\\\/noticias\\\/fabregas-afirma-que-martino-no-le-pide-cosas-que-sabe-que-no-puede-hacer\\\/#organizationLogo\"},\"image\":{\"@id\":\"https:\\\/\\\/www.eldigitaldeasturias.com\\\/noticias\\\/fabregas-afirma-que-martino-no-le-pide-cosas-que-sabe-que-no-puede-hacer\\\/#organizationLogo\"},\"sameAs\":[\"https:\\\/\\\/facebook.com\\\/eldigitaldeasturias\",\"https:\\\/\\\/www.youtube.com\\\/channel\\\/UCZP-2wLEB9Rv6erhFmqVnvg\"],\"address\":{\"@id\":\"https:\\\/\\\/www.eldigitaldeasturias.com\\\/noticias\\\/#postaladdress\",\"@type\":\"PostalAddress\",\"streetAddress\":\"san antonio 4\",\"postalCode\":\"33430\",\"addressLocality\":\"Cand\\u00e1s\",\"addressRegion\":\"Asturias\",\"addressCountry\":\"ES\"}},{\"@type\":\"Person\",\"@id\":\"https:\\\/\\\/www.eldigitaldeasturias.com\\\/noticias\\\/author\\\/admin\\\/#author\",\"url\":\"https:\\\/\\\/www.eldigitaldeasturias.com\\\/noticias\\\/author\\\/admin\\\/\",\"name\":\"El Digital de Asturias\",\"image\":{\"@type\":\"ImageObject\",\"@id\":\"https:\\\/\\\/www.eldigitaldeasturias.com\\\/noticias\\\/fabregas-afirma-que-martino-no-le-pide-cosas-que-sabe-que-no-puede-hacer\\\/#authorImage\",\"url\":\"https:\\\/\\\/secure.gravatar.com\\\/avatar\\\/df2aeffc32bcd13f8d26072ef8a91b623d677766deac7f97ca815868cd41bf5e?s=96&d=mm&r=g\",\"width\":96,\"height\":96,\"caption\":\"El Digital de Asturias\"}},{\"@type\":\"WebPage\",\"@id\":\"https:\\\/\\\/www.eldigitaldeasturias.com\\\/noticias\\\/fabregas-afirma-que-martino-no-le-pide-cosas-que-sabe-que-no-puede-hacer\\\/#webpage\",\"url\":\"https:\\\/\\\/www.eldigitaldeasturias.com\\\/noticias\\\/fabregas-afirma-que-martino-no-le-pide-cosas-que-sabe-que-no-puede-hacer\\\/\",\"name\":\"F\\u00e0bregas afirma que Martino no le pide cosas que sabe que no puede hacer - El Digital de Asturias\",\"description\":\"Barcelona, 23 ene (EFE).- En su tercera temporada en el club que lo vio crecer, Cesc F\\u00e0bregas reconoce estar en el momento m\\u00e1s dulce desde que aterriz\\u00f3 en el Barcelona, una mejora que no duda en atribuir a la llegada de Gerardo 'Tata' Martino, de quien asegura que no le pide cosas que sabe que\",\"inLanguage\":\"es-ES\",\"isPartOf\":{\"@id\":\"https:\\\/\\\/www.eldigitaldeasturias.com\\\/noticias\\\/#website\"},\"breadcrumb\":{\"@id\":\"https:\\\/\\\/www.eldigitaldeasturias.com\\\/noticias\\\/fabregas-afirma-que-martino-no-le-pide-cosas-que-sabe-que-no-puede-hacer\\\/#breadcrumblist\"},\"author\":{\"@id\":\"https:\\\/\\\/www.eldigitaldeasturias.com\\\/noticias\\\/author\\\/admin\\\/#author\"},\"creator\":{\"@id\":\"https:\\\/\\\/www.eldigitaldeasturias.com\\\/noticias\\\/author\\\/admin\\\/#author\"},\"image\":{\"@type\":\"ImageObject\",\"url\":\"https:\\\/\\\/www.eldigitaldeasturias.com\\\/noticias\\\/wp-content\\\/uploads\\\/2026\\\/06\\\/Contenidos.jpg\",\"@id\":\"https:\\\/\\\/www.eldigitaldeasturias.com\\\/noticias\\\/fabregas-afirma-que-martino-no-le-pide-cosas-que-sabe-que-no-puede-hacer\\\/#mainImage\",\"width\":1265,\"height\":697,\"caption\":\"Contenidos\"},\"primaryImageOfPage\":{\"@id\":\"https:\\\/\\\/www.eldigitaldeasturias.com\\\/noticias\\\/fabregas-afirma-que-martino-no-le-pide-cosas-que-sabe-que-no-puede-hacer\\\/#mainImage\"},\"datePublished\":\"2014-01-23T21:52:28+01:00\",\"dateModified\":\"2014-01-23T21:52:28+01:00\"},{\"@type\":\"WebSite\",\"@id\":\"https:\\\/\\\/www.eldigitaldeasturias.com\\\/noticias\\\/#website\",\"url\":\"https:\\\/\\\/www.eldigitaldeasturias.com\\\/noticias\\\/\",\"name\":\"El Digital de Asturias - Diario de actualidad y noticias\",\"alternateName\":\"El Digital de Asturias - Diario de actualidad y noticias\",\"description\":\"Hemeroteca\",\"inLanguage\":\"es-ES\",\"publisher\":{\"@id\":\"https:\\\/\\\/www.eldigitaldeasturias.com\\\/noticias\\\/#organization\"}}]}\n\t\t<\/script>\n\t\t<!-- All in One SEO Pro -->\r\n\t\t<title>F\u00e0bregas afirma que Martino no le pide cosas que sabe que no puede hacer - El Digital de Asturias<\/title>\n\n","aioseo_head_json":{"title":"F\u00e0bregas afirma que Martino no le pide cosas que sabe que no puede hacer - El Digital de Asturias","description":"Barcelona, 23 ene (EFE).- En su tercera temporada en el club que lo vio crecer, Cesc F\u00e0bregas reconoce estar en el momento m\u00e1s dulce desde que aterriz\u00f3 en el Barcelona, una mejora que no duda en atribuir a la llegada de Gerardo 'Tata' Martino, de quien asegura que no le pide cosas que sabe que","canonical_url":"https:\/\/www.eldigitaldeasturias.com\/noticias\/fabregas-afirma-que-martino-no-le-pide-cosas-que-sabe-que-no-puede-hacer\/","robots":"max-image-preview:large","keywords":"actualidad","webmasterTools":{"google-site-verification":"UA-38556648-1","msvalidate.01":"7dfe9f3f1b24437ab69f4f2559babe99","miscellaneous":""},"schema":{"@context":"https:\/\/schema.org","@graph":[{"@type":"BlogPosting","@id":"https:\/\/www.eldigitaldeasturias.com\/noticias\/fabregas-afirma-que-martino-no-le-pide-cosas-que-sabe-que-no-puede-hacer\/#blogposting","name":"F\u00e0bregas afirma que Martino no le pide cosas que sabe que no puede hacer - El Digital de Asturias","headline":"F\u00e0bregas afirma que Martino no le pide cosas que sabe que no puede hacer","author":{"@id":"https:\/\/www.eldigitaldeasturias.com\/noticias\/author\/admin\/#author"},"publisher":{"@id":"https:\/\/www.eldigitaldeasturias.com\/noticias\/#organization"},"image":{"@type":"ImageObject","url":"https:\/\/www.eldigitaldeasturias.com\/noticias\/wp-content\/uploads\/2026\/06\/Contenidos.jpg","width":1265,"height":697,"caption":"Contenidos"},"datePublished":"2014-01-23T21:52:28+01:00","dateModified":"2014-01-23T21:52:28+01:00","inLanguage":"es-ES","mainEntityOfPage":{"@id":"https:\/\/www.eldigitaldeasturias.com\/noticias\/fabregas-afirma-que-martino-no-le-pide-cosas-que-sabe-que-no-puede-hacer\/#webpage"},"isPartOf":{"@id":"https:\/\/www.eldigitaldeasturias.com\/noticias\/fabregas-afirma-que-martino-no-le-pide-cosas-que-sabe-que-no-puede-hacer\/#webpage"},"articleSection":"Actualidad"},{"@type":"BreadcrumbList","@id":"https:\/\/www.eldigitaldeasturias.com\/noticias\/fabregas-afirma-que-martino-no-le-pide-cosas-que-sabe-que-no-puede-hacer\/#breadcrumblist","itemListElement":[{"@type":"ListItem","@id":"https:\/\/www.eldigitaldeasturias.com\/noticias#listItem","position":1,"name":"Home","item":"https:\/\/www.eldigitaldeasturias.com\/noticias","nextItem":{"@type":"ListItem","@id":"https:\/\/www.eldigitaldeasturias.com\/noticias\/category\/actualidad\/#listItem","name":"Actualidad"}},{"@type":"ListItem","@id":"https:\/\/www.eldigitaldeasturias.com\/noticias\/category\/actualidad\/#listItem","position":2,"name":"Actualidad","item":"https:\/\/www.eldigitaldeasturias.com\/noticias\/category\/actualidad\/","nextItem":{"@type":"ListItem","@id":"https:\/\/www.eldigitaldeasturias.com\/noticias\/fabregas-afirma-que-martino-no-le-pide-cosas-que-sabe-que-no-puede-hacer\/#listItem","name":"F\u00e0bregas afirma que Martino no le pide cosas que sabe que no puede hacer"},"previousItem":{"@type":"ListItem","@id":"https:\/\/www.eldigitaldeasturias.com\/noticias#listItem","name":"Home"}},{"@type":"ListItem","@id":"https:\/\/www.eldigitaldeasturias.com\/noticias\/fabregas-afirma-que-martino-no-le-pide-cosas-que-sabe-que-no-puede-hacer\/#listItem","position":3,"name":"F\u00e0bregas afirma que Martino no le pide cosas que sabe que no puede hacer","previousItem":{"@type":"ListItem","@id":"https:\/\/www.eldigitaldeasturias.com\/noticias\/category\/actualidad\/#listItem","name":"Actualidad"}}]},{"@type":"Organization","@id":"https:\/\/www.eldigitaldeasturias.com\/noticias\/#organization","name":"El Digital de Asturias","description":"Hemeroteca","url":"https:\/\/www.eldigitaldeasturias.com\/noticias\/","email":"info@eldigitaldeasturias.com","telephone":"+34652131393","logo":{"@type":"ImageObject","url":"https:\/\/www.eldigitaldeasturias.com\/noticias\/wp-content\/uploads\/2020\/12\/EDA.jpg","@id":"https:\/\/www.eldigitaldeasturias.com\/noticias\/fabregas-afirma-que-martino-no-le-pide-cosas-que-sabe-que-no-puede-hacer\/#organizationLogo"},"image":{"@id":"https:\/\/www.eldigitaldeasturias.com\/noticias\/fabregas-afirma-que-martino-no-le-pide-cosas-que-sabe-que-no-puede-hacer\/#organizationLogo"},"sameAs":["https:\/\/facebook.com\/eldigitaldeasturias","https:\/\/www.youtube.com\/channel\/UCZP-2wLEB9Rv6erhFmqVnvg"],"address":{"@id":"https:\/\/www.eldigitaldeasturias.com\/noticias\/#postaladdress","@type":"PostalAddress","streetAddress":"san antonio 4","postalCode":"33430","addressLocality":"Cand\u00e1s","addressRegion":"Asturias","addressCountry":"ES"}},{"@type":"Person","@id":"https:\/\/www.eldigitaldeasturias.com\/noticias\/author\/admin\/#author","url":"https:\/\/www.eldigitaldeasturias.com\/noticias\/author\/admin\/","name":"El Digital de Asturias","image":{"@type":"ImageObject","@id":"https:\/\/www.eldigitaldeasturias.com\/noticias\/fabregas-afirma-que-martino-no-le-pide-cosas-que-sabe-que-no-puede-hacer\/#authorImage","url":"https:\/\/secure.gravatar.com\/avatar\/df2aeffc32bcd13f8d26072ef8a91b623d677766deac7f97ca815868cd41bf5e?s=96&d=mm&r=g","width":96,"height":96,"caption":"El Digital de Asturias"}},{"@type":"WebPage","@id":"https:\/\/www.eldigitaldeasturias.com\/noticias\/fabregas-afirma-que-martino-no-le-pide-cosas-que-sabe-que-no-puede-hacer\/#webpage","url":"https:\/\/www.eldigitaldeasturias.com\/noticias\/fabregas-afirma-que-martino-no-le-pide-cosas-que-sabe-que-no-puede-hacer\/","name":"F\u00e0bregas afirma que Martino no le pide cosas que sabe que no puede hacer - El Digital de Asturias","description":"Barcelona, 23 ene (EFE).- En su tercera temporada en el club que lo vio crecer, Cesc F\u00e0bregas reconoce estar en el momento m\u00e1s dulce desde que aterriz\u00f3 en el Barcelona, una mejora que no duda en atribuir a la llegada de Gerardo 'Tata' Martino, de quien asegura que no le pide cosas que sabe que","inLanguage":"es-ES","isPartOf":{"@id":"https:\/\/www.eldigitaldeasturias.com\/noticias\/#website"},"breadcrumb":{"@id":"https:\/\/www.eldigitaldeasturias.com\/noticias\/fabregas-afirma-que-martino-no-le-pide-cosas-que-sabe-que-no-puede-hacer\/#breadcrumblist"},"author":{"@id":"https:\/\/www.eldigitaldeasturias.com\/noticias\/author\/admin\/#author"},"creator":{"@id":"https:\/\/www.eldigitaldeasturias.com\/noticias\/author\/admin\/#author"},"image":{"@type":"ImageObject","url":"https:\/\/www.eldigitaldeasturias.com\/noticias\/wp-content\/uploads\/2026\/06\/Contenidos.jpg","@id":"https:\/\/www.eldigitaldeasturias.com\/noticias\/fabregas-afirma-que-martino-no-le-pide-cosas-que-sabe-que-no-puede-hacer\/#mainImage","width":1265,"height":697,"caption":"Contenidos"},"primaryImageOfPage":{"@id":"https:\/\/www.eldigitaldeasturias.com\/noticias\/fabregas-afirma-que-martino-no-le-pide-cosas-que-sabe-que-no-puede-hacer\/#mainImage"},"datePublished":"2014-01-23T21:52:28+01:00","dateModified":"2014-01-23T21:52:28+01:00"},{"@type":"WebSite","@id":"https:\/\/www.eldigitaldeasturias.com\/noticias\/#website","url":"https:\/\/www.eldigitaldeasturias.com\/noticias\/","name":"El Digital de Asturias - Diario de actualidad y noticias","alternateName":"El Digital de Asturias - Diario de actualidad y noticias","description":"Hemeroteca","inLanguage":"es-ES","publisher":{"@id":"https:\/\/www.eldigitaldeasturias.com\/noticias\/#organization"}}]},"og:locale":"es_ES","og:site_name":"El Digital de Asturias","og:type":"article","og:title":"F\u00e0bregas afirma que Martino no le pide cosas que sabe que no puede hacer - El Digital de Asturias","og:description":"Barcelona, 23 ene (EFE).- En su tercera temporada en el club que lo vio crecer, Cesc F\u00e0bregas reconoce estar en el momento m\u00e1s dulce desde que aterriz\u00f3 en el Barcelona, una mejora que no duda en atribuir a la llegada de Gerardo 'Tata' Martino, de quien asegura que no le pide cosas que sabe que","og:url":"https:\/\/www.eldigitaldeasturias.com\/noticias\/fabregas-afirma-que-martino-no-le-pide-cosas-que-sabe-que-no-puede-hacer\/","og:image":"https:\/\/www.eldigitaldeasturias.com\/noticias\/wp-content\/uploads\/2026\/06\/Contenidos.jpg","og:image:secure_url":"https:\/\/www.eldigitaldeasturias.com\/noticias\/wp-content\/uploads\/2026\/06\/Contenidos.jpg","og:image:width":1265,"og:image:height":697,"article:tag":["actualidad"],"article:published_time":"2014-01-23T22:52:28+00:00","article:modified_time":"2014-01-23T22:52:28+00:00","article:publisher":"https:\/\/facebook.com\/eldigitaldeasturias","twitter:card":"summary_large_image","twitter:title":"F\u00e0bregas afirma que Martino no le pide cosas que sabe que no puede hacer - El Digital de Asturias","twitter:description":"Barcelona, 23 ene (EFE).- En su tercera temporada en el club que lo vio crecer, Cesc F\u00e0bregas reconoce estar en el momento m\u00e1s dulce desde que aterriz\u00f3 en el Barcelona, una mejora que no duda en atribuir a la llegada de Gerardo 'Tata' Martino, de quien asegura que no le pide cosas que sabe que","twitter:image":"https:\/\/www.eldigitaldeasturias.com\/noticias\/wp-content\/uploads\/2026\/06\/Contenidos.jpg","twitter:label1":"Escrito por","twitter:data1":"El Digital de Asturias","twitter:label2":"Tiempo de lectura estimado","twitter:data2":"3 minutos"},"aioseo_meta_data":{"post_id":"477712","title":null,"description":null,"keywords":null,"keyphrases":null,"primary_term":null,"canonical_url":null,"og_title":null,"og_description":null,"og_object_type":"default","og_image_type":"default","og_image_url":null,"og_image_width":null,"og_image_height":null,"og_image_custom_url":null,"og_image_custom_fields":null,"og_video":null,"og_custom_url":null,"og_article_section":null,"og_article_tags":null,"twitter_use_og":true,"twitter_card":"default","twitter_image_type":"default","twitter_image_url":null,"twitter_image_custom_url":null,"twitter_image_custom_fields":null,"twitter_title":null,"twitter_description":null,"schema":{"blockGraphs":[],"customGraphs":[],"default":{"data":{"Article":[],"Course":[],"Dataset":[],"FAQPage":[],"Movie":[],"Person":[],"Product":[],"ProductReview":[],"Car":[],"Recipe":[],"Service":[],"SoftwareApplication":[],"WebPage":[]},"graphName":"","isEnabled":true},"graphs":[],"defaultGraph":"","defaultPostTypeGraph":""},"schema_type":null,"schema_type_options":null,"pillar_content":false,"robots_default":true,"robots_noindex":false,"robots_noarchive":false,"robots_nosnippet":false,"robots_nofollow":false,"robots_noimageindex":false,"robots_noodp":false,"robots_notranslate":false,"robots_max_snippet":null,"robots_max_videopreview":null,"robots_max_imagepreview":"none","priority":null,"frequency":null,"local_seo":null,"seo_analyzer_scan_date":"2026-06-01 19:24:00","breadcrumb_settings":null,"limit_modified_date":false,"open_ai":null,"ai":null,"created":"2020-11-14 22:53:46","updated":"2026-06-01 19:24:00","focus_keyword":null,"additional_keywords":null,"truseo_locale":null},"aioseo_breadcrumb":"<div class=\"aioseo-breadcrumbs\"><span class=\"aioseo-breadcrumb\">\n\t<a href=\"https:\/\/www.eldigitaldeasturias.com\/noticias\" title=\"Home\">Home<\/a>\n<\/span><span class=\"aioseo-breadcrumb-separator\">\u2013<\/span><span class=\"aioseo-breadcrumb\">\n\t<a href=\"https:\/\/www.eldigitaldeasturias.com\/noticias\/category\/actualidad\/\" title=\"Actualidad\">Actualidad<\/a>\n<\/span><span class=\"aioseo-breadcrumb-separator\">\u2013<\/span><span class=\"aioseo-breadcrumb\">\n\t<a href=\"https:\/\/www.eldigitaldeasturias.com\/noticias\/fabregas-afirma-que-martino-no-le-pide-cosas-que-sabe-que-no-puede-hacer\/\" title=\"F\u00e0bregas afirma que Martino no le pide cosas que sabe que no puede hacer\">F\u00e0bregas afirma que Martino no le pide cosas que sabe que no puede hacer<\/a>\n<\/span><\/div>","aioseo_breadcrumb_json":[{"label":"Home","link":"https:\/\/www.eldigitaldeasturias.com\/noticias"},{"label":"Actualidad","link":"https:\/\/www.eldigitaldeasturias.com\/noticias\/category\/actualidad\/"},{"label":"F\u00e0bregas afirma que Martino no le pide cosas que sabe que no puede hacer","link":"https:\/\/www.eldigitaldeasturias.com\/noticias\/fabregas-afirma-que-martino-no-le-pide-cosas-que-sabe-que-no-puede-hacer\/"}],"_links":{"self":[{"href":"https:\/\/www.eldigitaldeasturias.com\/noticias\/wp-json\/wp\/v2\/posts\/477712","targetHints":{"allow":["GET"]}}],"collection":[{"href":"https:\/\/www.eldigitaldeasturias.com\/noticias\/wp-json\/wp\/v2\/posts"}],"about":[{"href":"https:\/\/www.eldigitaldeasturias.com\/noticias\/wp-json\/wp\/v2\/types\/post"}],"author":[{"embeddable":true,"href":"https:\/\/www.eldigitaldeasturias.com\/noticias\/wp-json\/wp\/v2\/users\/1"}],"replies":[{"embeddable":true,"href":"https:\/\/www.eldigitaldeasturias.com\/noticias\/wp-json\/wp\/v2\/comments?post=477712"}],"version-history":[{"count":0,"href":"https:\/\/www.eldigitaldeasturias.com\/noticias\/wp-json\/wp\/v2\/posts\/477712\/revisions"}],"wp:featuredmedia":[{"embeddable":true,"href":"https:\/\/www.eldigitaldeasturias.com\/noticias\/wp-json\/wp\/v2\/media\/1132184"}],"wp:attachment":[{"href":"https:\/\/www.eldigitaldeasturias.com\/noticias\/wp-json\/wp\/v2\/media?parent=477712"}],"wp:term":[{"taxonomy":"category","embeddable":true,"href":"https:\/\/www.eldigitaldeasturias.com\/noticias\/wp-json\/wp\/v2\/categories?post=477712"},{"taxonomy":"post_tag","embeddable":true,"href":"https:\/\/www.eldigitaldeasturias.com\/noticias\/wp-json\/wp\/v2\/tags?post=477712"}],"curies":[{"name":"wp","href":"https:\/\/api.w.org\/{rel}","templated":true}]}}