{"id":477709,"date":"2014-01-23T21:50:52","date_gmt":"2014-01-23T22:50:52","guid":{"rendered":"http:\/\/www.eldigitaldeasturias.com\/noticias\/?p=477709"},"modified":"2014-01-23T21:50:52","modified_gmt":"2014-01-23T22:50:52","slug":"los-trabajadores-vuelven-a-parar-el-metro-de-lisboa-por-tercera-vez-este-mes","status":"publish","type":"post","link":"https:\/\/www.eldigitaldeasturias.com\/noticias\/los-trabajadores-vuelven-a-parar-el-metro-de-lisboa-por-tercera-vez-este-mes\/","title":{"rendered":"Los trabajadores vuelven a parar el metro de Lisboa por tercera vez este mes"},"content":{"rendered":"<p><img loading=\"lazy\" decoding=\"async\" class=\"alignleft size-medium wp-image-477710\" alt=\"5870538w\" src=\"https:\/\/www.eldigitaldeasturias.com\/noticias\/wp-content\/uploads\/2014\/01\/5870538w-360x239.jpg\" width=\"360\" height=\"239\" \/>Lisboa, 23 ene (EFE).- La huelga parcial convocada por los trabajadores del metro de Lisboa volvi\u00f3 a parar el servicio durante las primeras horas de la ma\u00f1ana, por tercera vez este mes de enero, en protesta por la pol\u00edtica de ajustes del Gobierno luso.<\/p>\n<p>Las estaciones de metro amanecieron cerradas hoy y la circulaci\u00f3n de convoyes no recuper\u00f3 la normalidad hasta las 10.30 horas GMT despu\u00e9s de cuatro horas suspendida, seg\u00fan inform\u00f3 la propia compa\u00f1\u00eda.<\/p>\n<p>La jornada de paros forma parte del calendario de movilizaciones establecido por los sindicatos del sector, que mantienen su objetivo de paralizar el servicio una vez por semana.<\/p>\n<p>Los trabajadores justifican esta postura por los recortes incluidos en los Presupuestos Generales del Estado de 2014, aprobados con el apoyo de los partidos que conforman la alianza conservadora en el Gobierno y el voto en contra de la oposici\u00f3n de izquierdas.<\/p>\n<p>En el texto se incluyen varios ajustes destinados a los empleados del sector p\u00fablico, entre ellos una rebaja salarial.<\/p>\n<p>La protesta tambi\u00e9n pretende servir como se\u00f1al de rechazo a una posible privatizaci\u00f3n de la empresa p\u00fablica que actualmente gestiona el servicio del suburbano lisboeta, que arrastra fuertes deudas.<\/p>\n<p>Portavoces sindicales se\u00f1alaron que la adhesi\u00f3n a la huelga parcial de hoy fue \u00abelevada\u00bb, sin dar cifras concretas, mientras que desde la compa\u00f1\u00eda declinaron proporcionar datos sobre el seguimiento.<\/p>\n<p>El sector de los transportes p\u00fablicos se ha convertido en uno de los m\u00e1s activos en el enfrentamiento con el Ejecutivo conservador luso, que justifica su pol\u00edtica de ajustes por la necesidad de reducir el d\u00e9ficit para cumplir con los l\u00edmites acordados con la UE y el Fondo Monetario Internacional (FMI) a cambio del rescate concedido al pa\u00eds en 2011.<\/p>\n<p>En el caso del metro de Lisboa, las jornadas de movilizaci\u00f3n fueron ya una constante el pasado ejercicio, cuando tambi\u00e9n se introdujeron severos cortes del gasto p\u00fablico.<\/p>\n<p>La paralizaci\u00f3n del servicio a primera hora de la ma\u00f1ana ha provocado las quejas de los usuarios y de los comercios instalados en sus estaciones, y la empresa que gestiona el servicio cuantific\u00f3 el impacto de estos paros de cuatro horas en cerca de 200.000 euros.<\/p>\n<p>El suburbano lisboeta cuenta con cuatro l\u00edneas, m\u00e1s de medio centenar de estaciones y transporta diariamente a cerca de 450.000 personas, seg\u00fan datos de la compa\u00f1\u00eda.<\/p>\n","protected":false},"excerpt":{"rendered":"<p>Lisboa, 23 ene (EFE).- La huelga parcial convocada por los trabajadores del metro de Lisboa volvi\u00f3 a parar el servicio durante las primeras horas de la ma\u00f1ana, por tercera vez este mes de enero, en protesta por la pol\u00edtica de ajustes del Gobierno luso. Las estaciones de metro amanecieron cerradas hoy y la circulaci\u00f3n de [&hellip;]<\/p>\n","protected":false},"author":1,"featured_media":1132184,"comment_status":"closed","ping_status":"open","sticky":false,"template":"","format":"standard","meta":{"footnotes":""},"categories":[1],"tags":[],"class_list":["post-477709","post","type-post","status-publish","format-standard","has-post-thumbnail","hentry","category-actualidad"],"aioseo_notices":[],"aioseo_head":"\n\t\t<!-- All in One SEO Pro 5.0.1 - aioseo.com -->\n\t<meta name=\"description\" content=\"Lisboa, 23 ene (EFE).- La huelga parcial convocada por los trabajadores del metro de Lisboa volvi\u00f3 a parar el servicio durante las primeras horas de la ma\u00f1ana, por tercera vez este mes de enero, en protesta por la pol\u00edtica de ajustes del Gobierno luso. Las estaciones de metro amanecieron cerradas hoy y la circulaci\u00f3n de\" \/>\n\t<meta name=\"robots\" content=\"max-image-preview:large\" \/>\n\t<meta name=\"author\" content=\"El Digital de Asturias\"\/>\n\t<meta name=\"google-site-verification\" content=\"UA-38556648-1\" \/>\n\t<meta name=\"msvalidate.01\" content=\"7dfe9f3f1b24437ab69f4f2559babe99\" \/>\n\t<meta name=\"keywords\" content=\"actualidad\" \/>\n\t<link rel=\"canonical\" href=\"https:\/\/www.eldigitaldeasturias.com\/noticias\/los-trabajadores-vuelven-a-parar-el-metro-de-lisboa-por-tercera-vez-este-mes\/\" \/>\n\t<meta name=\"generator\" content=\"All in One SEO Pro (AIOSEO) 5.0.1\" \/>\n\t\t<meta property=\"og:locale\" content=\"es_ES\" \/>\n\t\t<meta property=\"og:site_name\" content=\"El Digital de Asturias\" \/>\n\t\t<meta property=\"og:type\" content=\"article\" \/>\n\t\t<meta property=\"og:title\" content=\"Los trabajadores vuelven a parar el metro de Lisboa por tercera vez este mes - El Digital de Asturias\" \/>\n\t\t<meta property=\"og:description\" content=\"Lisboa, 23 ene (EFE).- La huelga parcial convocada por los trabajadores del metro de Lisboa volvi\u00f3 a parar el servicio durante las primeras horas de la ma\u00f1ana, por tercera vez este mes de enero, en protesta por la pol\u00edtica de ajustes del Gobierno luso. Las estaciones de metro amanecieron cerradas hoy y la circulaci\u00f3n de\" \/>\n\t\t<meta property=\"og:url\" content=\"https:\/\/www.eldigitaldeasturias.com\/noticias\/los-trabajadores-vuelven-a-parar-el-metro-de-lisboa-por-tercera-vez-este-mes\/\" \/>\n\t\t<meta property=\"og:image\" content=\"https:\/\/www.eldigitaldeasturias.com\/noticias\/wp-content\/uploads\/2026\/06\/Contenidos.jpg\" \/>\n\t\t<meta property=\"og:image:secure_url\" content=\"https:\/\/www.eldigitaldeasturias.com\/noticias\/wp-content\/uploads\/2026\/06\/Contenidos.jpg\" \/>\n\t\t<meta property=\"og:image:width\" content=\"1265\" \/>\n\t\t<meta property=\"og:image:height\" content=\"697\" \/>\n\t\t<meta property=\"article:tag\" content=\"actualidad\" \/>\n\t\t<meta property=\"article:published_time\" content=\"2014-01-23T22:50:52+00:00\" \/>\n\t\t<meta property=\"article:modified_time\" content=\"2014-01-23T22:50:52+00:00\" \/>\n\t\t<meta property=\"article:publisher\" content=\"https:\/\/facebook.com\/eldigitaldeasturias\" \/>\n\t\t<meta name=\"twitter:card\" content=\"summary_large_image\" \/>\n\t\t<meta name=\"twitter:title\" content=\"Los trabajadores vuelven a parar el metro de Lisboa por tercera vez este mes - El Digital de Asturias\" \/>\n\t\t<meta name=\"twitter:description\" content=\"Lisboa, 23 ene (EFE).- La huelga parcial convocada por los trabajadores del metro de Lisboa volvi\u00f3 a parar el servicio durante las primeras horas de la ma\u00f1ana, por tercera vez este mes de enero, en protesta por la pol\u00edtica de ajustes del Gobierno luso. Las estaciones de metro amanecieron cerradas hoy y la circulaci\u00f3n de\" \/>\n\t\t<meta name=\"twitter:image\" content=\"https:\/\/www.eldigitaldeasturias.com\/noticias\/wp-content\/uploads\/2026\/06\/Contenidos.jpg\" \/>\n\t\t<meta name=\"twitter:label1\" content=\"Escrito por\" \/>\n\t\t<meta name=\"twitter:data1\" content=\"El Digital de Asturias\" \/>\n\t\t<meta name=\"twitter:label2\" content=\"Tiempo de lectura estimado\" \/>\n\t\t<meta name=\"twitter:data2\" content=\"2 minutos\" \/>\n\t\t<script type=\"application\/ld+json\" class=\"aioseo-schema\">\n\t\t\t{\"@context\":\"https:\\\/\\\/schema.org\",\"@graph\":[{\"@type\":\"BlogPosting\",\"@id\":\"https:\\\/\\\/www.eldigitaldeasturias.com\\\/noticias\\\/los-trabajadores-vuelven-a-parar-el-metro-de-lisboa-por-tercera-vez-este-mes\\\/#blogposting\",\"name\":\"Los trabajadores vuelven a parar el metro de Lisboa por tercera vez este mes - El Digital de Asturias\",\"headline\":\"Los trabajadores vuelven a parar el metro de Lisboa por tercera vez este mes\",\"author\":{\"@id\":\"https:\\\/\\\/www.eldigitaldeasturias.com\\\/noticias\\\/author\\\/admin\\\/#author\"},\"publisher\":{\"@id\":\"https:\\\/\\\/www.eldigitaldeasturias.com\\\/noticias\\\/#organization\"},\"image\":{\"@type\":\"ImageObject\",\"url\":\"https:\\\/\\\/www.eldigitaldeasturias.com\\\/noticias\\\/wp-content\\\/uploads\\\/2026\\\/06\\\/Contenidos.jpg\",\"width\":1265,\"height\":697,\"caption\":\"Contenidos\"},\"datePublished\":\"2014-01-23T21:50:52+01:00\",\"dateModified\":\"2014-01-23T21:50:52+01:00\",\"inLanguage\":\"es-ES\",\"mainEntityOfPage\":{\"@id\":\"https:\\\/\\\/www.eldigitaldeasturias.com\\\/noticias\\\/los-trabajadores-vuelven-a-parar-el-metro-de-lisboa-por-tercera-vez-este-mes\\\/#webpage\"},\"isPartOf\":{\"@id\":\"https:\\\/\\\/www.eldigitaldeasturias.com\\\/noticias\\\/los-trabajadores-vuelven-a-parar-el-metro-de-lisboa-por-tercera-vez-este-mes\\\/#webpage\"},\"articleSection\":\"Actualidad\"},{\"@type\":\"BreadcrumbList\",\"@id\":\"https:\\\/\\\/www.eldigitaldeasturias.com\\\/noticias\\\/los-trabajadores-vuelven-a-parar-el-metro-de-lisboa-por-tercera-vez-este-mes\\\/#breadcrumblist\",\"itemListElement\":[{\"@type\":\"ListItem\",\"@id\":\"https:\\\/\\\/www.eldigitaldeasturias.com\\\/noticias#listItem\",\"position\":1,\"name\":\"Home\",\"item\":\"https:\\\/\\\/www.eldigitaldeasturias.com\\\/noticias\",\"nextItem\":{\"@type\":\"ListItem\",\"@id\":\"https:\\\/\\\/www.eldigitaldeasturias.com\\\/noticias\\\/category\\\/actualidad\\\/#listItem\",\"name\":\"Actualidad\"}},{\"@type\":\"ListItem\",\"@id\":\"https:\\\/\\\/www.eldigitaldeasturias.com\\\/noticias\\\/category\\\/actualidad\\\/#listItem\",\"position\":2,\"name\":\"Actualidad\",\"item\":\"https:\\\/\\\/www.eldigitaldeasturias.com\\\/noticias\\\/category\\\/actualidad\\\/\",\"nextItem\":{\"@type\":\"ListItem\",\"@id\":\"https:\\\/\\\/www.eldigitaldeasturias.com\\\/noticias\\\/los-trabajadores-vuelven-a-parar-el-metro-de-lisboa-por-tercera-vez-este-mes\\\/#listItem\",\"name\":\"Los trabajadores vuelven a parar el metro de Lisboa por tercera vez este mes\"},\"previousItem\":{\"@type\":\"ListItem\",\"@id\":\"https:\\\/\\\/www.eldigitaldeasturias.com\\\/noticias#listItem\",\"name\":\"Home\"}},{\"@type\":\"ListItem\",\"@id\":\"https:\\\/\\\/www.eldigitaldeasturias.com\\\/noticias\\\/los-trabajadores-vuelven-a-parar-el-metro-de-lisboa-por-tercera-vez-este-mes\\\/#listItem\",\"position\":3,\"name\":\"Los trabajadores vuelven a parar el metro de Lisboa por tercera vez este mes\",\"previousItem\":{\"@type\":\"ListItem\",\"@id\":\"https:\\\/\\\/www.eldigitaldeasturias.com\\\/noticias\\\/category\\\/actualidad\\\/#listItem\",\"name\":\"Actualidad\"}}]},{\"@type\":\"Organization\",\"@id\":\"https:\\\/\\\/www.eldigitaldeasturias.com\\\/noticias\\\/#organization\",\"name\":\"El Digital de Asturias\",\"description\":\"Hemeroteca\",\"url\":\"https:\\\/\\\/www.eldigitaldeasturias.com\\\/noticias\\\/\",\"email\":\"info@eldigitaldeasturias.com\",\"telephone\":\"+34652131393\",\"logo\":{\"@type\":\"ImageObject\",\"url\":\"https:\\\/\\\/www.eldigitaldeasturias.com\\\/noticias\\\/wp-content\\\/uploads\\\/2020\\\/12\\\/EDA.jpg\",\"@id\":\"https:\\\/\\\/www.eldigitaldeasturias.com\\\/noticias\\\/los-trabajadores-vuelven-a-parar-el-metro-de-lisboa-por-tercera-vez-este-mes\\\/#organizationLogo\"},\"image\":{\"@id\":\"https:\\\/\\\/www.eldigitaldeasturias.com\\\/noticias\\\/los-trabajadores-vuelven-a-parar-el-metro-de-lisboa-por-tercera-vez-este-mes\\\/#organizationLogo\"},\"sameAs\":[\"https:\\\/\\\/facebook.com\\\/eldigitaldeasturias\",\"https:\\\/\\\/www.youtube.com\\\/channel\\\/UCZP-2wLEB9Rv6erhFmqVnvg\"],\"address\":{\"@id\":\"https:\\\/\\\/www.eldigitaldeasturias.com\\\/noticias\\\/#postaladdress\",\"@type\":\"PostalAddress\",\"streetAddress\":\"san antonio 4\",\"postalCode\":\"33430\",\"addressLocality\":\"Cand\\u00e1s\",\"addressRegion\":\"Asturias\",\"addressCountry\":\"ES\"}},{\"@type\":\"Person\",\"@id\":\"https:\\\/\\\/www.eldigitaldeasturias.com\\\/noticias\\\/author\\\/admin\\\/#author\",\"url\":\"https:\\\/\\\/www.eldigitaldeasturias.com\\\/noticias\\\/author\\\/admin\\\/\",\"name\":\"El Digital de Asturias\",\"image\":{\"@type\":\"ImageObject\",\"@id\":\"https:\\\/\\\/www.eldigitaldeasturias.com\\\/noticias\\\/los-trabajadores-vuelven-a-parar-el-metro-de-lisboa-por-tercera-vez-este-mes\\\/#authorImage\",\"url\":\"https:\\\/\\\/secure.gravatar.com\\\/avatar\\\/df2aeffc32bcd13f8d26072ef8a91b623d677766deac7f97ca815868cd41bf5e?s=96&d=mm&r=g\",\"width\":96,\"height\":96,\"caption\":\"El Digital de Asturias\"}},{\"@type\":\"WebPage\",\"@id\":\"https:\\\/\\\/www.eldigitaldeasturias.com\\\/noticias\\\/los-trabajadores-vuelven-a-parar-el-metro-de-lisboa-por-tercera-vez-este-mes\\\/#webpage\",\"url\":\"https:\\\/\\\/www.eldigitaldeasturias.com\\\/noticias\\\/los-trabajadores-vuelven-a-parar-el-metro-de-lisboa-por-tercera-vez-este-mes\\\/\",\"name\":\"Los trabajadores vuelven a parar el metro de Lisboa por tercera vez este mes - El Digital de Asturias\",\"description\":\"Lisboa, 23 ene (EFE).- La huelga parcial convocada por los trabajadores del metro de Lisboa volvi\\u00f3 a parar el servicio durante las primeras horas de la ma\\u00f1ana, por tercera vez este mes de enero, en protesta por la pol\\u00edtica de ajustes del Gobierno luso. Las estaciones de metro amanecieron cerradas hoy y la circulaci\\u00f3n de\",\"inLanguage\":\"es-ES\",\"isPartOf\":{\"@id\":\"https:\\\/\\\/www.eldigitaldeasturias.com\\\/noticias\\\/#website\"},\"breadcrumb\":{\"@id\":\"https:\\\/\\\/www.eldigitaldeasturias.com\\\/noticias\\\/los-trabajadores-vuelven-a-parar-el-metro-de-lisboa-por-tercera-vez-este-mes\\\/#breadcrumblist\"},\"author\":{\"@id\":\"https:\\\/\\\/www.eldigitaldeasturias.com\\\/noticias\\\/author\\\/admin\\\/#author\"},\"creator\":{\"@id\":\"https:\\\/\\\/www.eldigitaldeasturias.com\\\/noticias\\\/author\\\/admin\\\/#author\"},\"image\":{\"@type\":\"ImageObject\",\"url\":\"https:\\\/\\\/www.eldigitaldeasturias.com\\\/noticias\\\/wp-content\\\/uploads\\\/2026\\\/06\\\/Contenidos.jpg\",\"@id\":\"https:\\\/\\\/www.eldigitaldeasturias.com\\\/noticias\\\/los-trabajadores-vuelven-a-parar-el-metro-de-lisboa-por-tercera-vez-este-mes\\\/#mainImage\",\"width\":1265,\"height\":697,\"caption\":\"Contenidos\"},\"primaryImageOfPage\":{\"@id\":\"https:\\\/\\\/www.eldigitaldeasturias.com\\\/noticias\\\/los-trabajadores-vuelven-a-parar-el-metro-de-lisboa-por-tercera-vez-este-mes\\\/#mainImage\"},\"datePublished\":\"2014-01-23T21:50:52+01:00\",\"dateModified\":\"2014-01-23T21:50:52+01:00\"},{\"@type\":\"WebSite\",\"@id\":\"https:\\\/\\\/www.eldigitaldeasturias.com\\\/noticias\\\/#website\",\"url\":\"https:\\\/\\\/www.eldigitaldeasturias.com\\\/noticias\\\/\",\"name\":\"El Digital de Asturias - Diario de actualidad y noticias\",\"alternateName\":\"El Digital de Asturias - Diario de actualidad y noticias\",\"description\":\"Hemeroteca\",\"inLanguage\":\"es-ES\",\"publisher\":{\"@id\":\"https:\\\/\\\/www.eldigitaldeasturias.com\\\/noticias\\\/#organization\"}}]}\n\t\t<\/script>\n\t\t<!-- All in One SEO Pro -->\r\n\t\t<title>Los trabajadores vuelven a parar el metro de Lisboa por tercera vez este mes - El Digital de Asturias<\/title>\n\n","aioseo_head_json":{"title":"Los trabajadores vuelven a parar el metro de Lisboa por tercera vez este mes - El Digital de Asturias","description":"Lisboa, 23 ene (EFE).- La huelga parcial convocada por los trabajadores del metro de Lisboa volvi\u00f3 a parar el servicio durante las primeras horas de la ma\u00f1ana, por tercera vez este mes de enero, en protesta por la pol\u00edtica de ajustes del Gobierno luso. Las estaciones de metro amanecieron cerradas hoy y la circulaci\u00f3n de","canonical_url":"https:\/\/www.eldigitaldeasturias.com\/noticias\/los-trabajadores-vuelven-a-parar-el-metro-de-lisboa-por-tercera-vez-este-mes\/","robots":"max-image-preview:large","keywords":"actualidad","webmasterTools":{"google-site-verification":"UA-38556648-1","msvalidate.01":"7dfe9f3f1b24437ab69f4f2559babe99","miscellaneous":""},"schema":{"@context":"https:\/\/schema.org","@graph":[{"@type":"BlogPosting","@id":"https:\/\/www.eldigitaldeasturias.com\/noticias\/los-trabajadores-vuelven-a-parar-el-metro-de-lisboa-por-tercera-vez-este-mes\/#blogposting","name":"Los trabajadores vuelven a parar el metro de Lisboa por tercera vez este mes - El Digital de Asturias","headline":"Los trabajadores vuelven a parar el metro de Lisboa por tercera vez este mes","author":{"@id":"https:\/\/www.eldigitaldeasturias.com\/noticias\/author\/admin\/#author"},"publisher":{"@id":"https:\/\/www.eldigitaldeasturias.com\/noticias\/#organization"},"image":{"@type":"ImageObject","url":"https:\/\/www.eldigitaldeasturias.com\/noticias\/wp-content\/uploads\/2026\/06\/Contenidos.jpg","width":1265,"height":697,"caption":"Contenidos"},"datePublished":"2014-01-23T21:50:52+01:00","dateModified":"2014-01-23T21:50:52+01:00","inLanguage":"es-ES","mainEntityOfPage":{"@id":"https:\/\/www.eldigitaldeasturias.com\/noticias\/los-trabajadores-vuelven-a-parar-el-metro-de-lisboa-por-tercera-vez-este-mes\/#webpage"},"isPartOf":{"@id":"https:\/\/www.eldigitaldeasturias.com\/noticias\/los-trabajadores-vuelven-a-parar-el-metro-de-lisboa-por-tercera-vez-este-mes\/#webpage"},"articleSection":"Actualidad"},{"@type":"BreadcrumbList","@id":"https:\/\/www.eldigitaldeasturias.com\/noticias\/los-trabajadores-vuelven-a-parar-el-metro-de-lisboa-por-tercera-vez-este-mes\/#breadcrumblist","itemListElement":[{"@type":"ListItem","@id":"https:\/\/www.eldigitaldeasturias.com\/noticias#listItem","position":1,"name":"Home","item":"https:\/\/www.eldigitaldeasturias.com\/noticias","nextItem":{"@type":"ListItem","@id":"https:\/\/www.eldigitaldeasturias.com\/noticias\/category\/actualidad\/#listItem","name":"Actualidad"}},{"@type":"ListItem","@id":"https:\/\/www.eldigitaldeasturias.com\/noticias\/category\/actualidad\/#listItem","position":2,"name":"Actualidad","item":"https:\/\/www.eldigitaldeasturias.com\/noticias\/category\/actualidad\/","nextItem":{"@type":"ListItem","@id":"https:\/\/www.eldigitaldeasturias.com\/noticias\/los-trabajadores-vuelven-a-parar-el-metro-de-lisboa-por-tercera-vez-este-mes\/#listItem","name":"Los trabajadores vuelven a parar el metro de Lisboa por tercera vez este mes"},"previousItem":{"@type":"ListItem","@id":"https:\/\/www.eldigitaldeasturias.com\/noticias#listItem","name":"Home"}},{"@type":"ListItem","@id":"https:\/\/www.eldigitaldeasturias.com\/noticias\/los-trabajadores-vuelven-a-parar-el-metro-de-lisboa-por-tercera-vez-este-mes\/#listItem","position":3,"name":"Los trabajadores vuelven a parar el metro de Lisboa por tercera vez este mes","previousItem":{"@type":"ListItem","@id":"https:\/\/www.eldigitaldeasturias.com\/noticias\/category\/actualidad\/#listItem","name":"Actualidad"}}]},{"@type":"Organization","@id":"https:\/\/www.eldigitaldeasturias.com\/noticias\/#organization","name":"El Digital de Asturias","description":"Hemeroteca","url":"https:\/\/www.eldigitaldeasturias.com\/noticias\/","email":"info@eldigitaldeasturias.com","telephone":"+34652131393","logo":{"@type":"ImageObject","url":"https:\/\/www.eldigitaldeasturias.com\/noticias\/wp-content\/uploads\/2020\/12\/EDA.jpg","@id":"https:\/\/www.eldigitaldeasturias.com\/noticias\/los-trabajadores-vuelven-a-parar-el-metro-de-lisboa-por-tercera-vez-este-mes\/#organizationLogo"},"image":{"@id":"https:\/\/www.eldigitaldeasturias.com\/noticias\/los-trabajadores-vuelven-a-parar-el-metro-de-lisboa-por-tercera-vez-este-mes\/#organizationLogo"},"sameAs":["https:\/\/facebook.com\/eldigitaldeasturias","https:\/\/www.youtube.com\/channel\/UCZP-2wLEB9Rv6erhFmqVnvg"],"address":{"@id":"https:\/\/www.eldigitaldeasturias.com\/noticias\/#postaladdress","@type":"PostalAddress","streetAddress":"san antonio 4","postalCode":"33430","addressLocality":"Cand\u00e1s","addressRegion":"Asturias","addressCountry":"ES"}},{"@type":"Person","@id":"https:\/\/www.eldigitaldeasturias.com\/noticias\/author\/admin\/#author","url":"https:\/\/www.eldigitaldeasturias.com\/noticias\/author\/admin\/","name":"El Digital de Asturias","image":{"@type":"ImageObject","@id":"https:\/\/www.eldigitaldeasturias.com\/noticias\/los-trabajadores-vuelven-a-parar-el-metro-de-lisboa-por-tercera-vez-este-mes\/#authorImage","url":"https:\/\/secure.gravatar.com\/avatar\/df2aeffc32bcd13f8d26072ef8a91b623d677766deac7f97ca815868cd41bf5e?s=96&d=mm&r=g","width":96,"height":96,"caption":"El Digital de Asturias"}},{"@type":"WebPage","@id":"https:\/\/www.eldigitaldeasturias.com\/noticias\/los-trabajadores-vuelven-a-parar-el-metro-de-lisboa-por-tercera-vez-este-mes\/#webpage","url":"https:\/\/www.eldigitaldeasturias.com\/noticias\/los-trabajadores-vuelven-a-parar-el-metro-de-lisboa-por-tercera-vez-este-mes\/","name":"Los trabajadores vuelven a parar el metro de Lisboa por tercera vez este mes - El Digital de Asturias","description":"Lisboa, 23 ene (EFE).- La huelga parcial convocada por los trabajadores del metro de Lisboa volvi\u00f3 a parar el servicio durante las primeras horas de la ma\u00f1ana, por tercera vez este mes de enero, en protesta por la pol\u00edtica de ajustes del Gobierno luso. Las estaciones de metro amanecieron cerradas hoy y la circulaci\u00f3n de","inLanguage":"es-ES","isPartOf":{"@id":"https:\/\/www.eldigitaldeasturias.com\/noticias\/#website"},"breadcrumb":{"@id":"https:\/\/www.eldigitaldeasturias.com\/noticias\/los-trabajadores-vuelven-a-parar-el-metro-de-lisboa-por-tercera-vez-este-mes\/#breadcrumblist"},"author":{"@id":"https:\/\/www.eldigitaldeasturias.com\/noticias\/author\/admin\/#author"},"creator":{"@id":"https:\/\/www.eldigitaldeasturias.com\/noticias\/author\/admin\/#author"},"image":{"@type":"ImageObject","url":"https:\/\/www.eldigitaldeasturias.com\/noticias\/wp-content\/uploads\/2026\/06\/Contenidos.jpg","@id":"https:\/\/www.eldigitaldeasturias.com\/noticias\/los-trabajadores-vuelven-a-parar-el-metro-de-lisboa-por-tercera-vez-este-mes\/#mainImage","width":1265,"height":697,"caption":"Contenidos"},"primaryImageOfPage":{"@id":"https:\/\/www.eldigitaldeasturias.com\/noticias\/los-trabajadores-vuelven-a-parar-el-metro-de-lisboa-por-tercera-vez-este-mes\/#mainImage"},"datePublished":"2014-01-23T21:50:52+01:00","dateModified":"2014-01-23T21:50:52+01:00"},{"@type":"WebSite","@id":"https:\/\/www.eldigitaldeasturias.com\/noticias\/#website","url":"https:\/\/www.eldigitaldeasturias.com\/noticias\/","name":"El Digital de Asturias - Diario de actualidad y noticias","alternateName":"El Digital de Asturias - Diario de actualidad y noticias","description":"Hemeroteca","inLanguage":"es-ES","publisher":{"@id":"https:\/\/www.eldigitaldeasturias.com\/noticias\/#organization"}}]},"og:locale":"es_ES","og:site_name":"El Digital de Asturias","og:type":"article","og:title":"Los trabajadores vuelven a parar el metro de Lisboa por tercera vez este mes - El Digital de Asturias","og:description":"Lisboa, 23 ene (EFE).- La huelga parcial convocada por los trabajadores del metro de Lisboa volvi\u00f3 a parar el servicio durante las primeras horas de la ma\u00f1ana, por tercera vez este mes de enero, en protesta por la pol\u00edtica de ajustes del Gobierno luso. Las estaciones de metro amanecieron cerradas hoy y la circulaci\u00f3n de","og:url":"https:\/\/www.eldigitaldeasturias.com\/noticias\/los-trabajadores-vuelven-a-parar-el-metro-de-lisboa-por-tercera-vez-este-mes\/","og:image":"https:\/\/www.eldigitaldeasturias.com\/noticias\/wp-content\/uploads\/2026\/06\/Contenidos.jpg","og:image:secure_url":"https:\/\/www.eldigitaldeasturias.com\/noticias\/wp-content\/uploads\/2026\/06\/Contenidos.jpg","og:image:width":1265,"og:image:height":697,"article:tag":["actualidad"],"article:published_time":"2014-01-23T22:50:52+00:00","article:modified_time":"2014-01-23T22:50:52+00:00","article:publisher":"https:\/\/facebook.com\/eldigitaldeasturias","twitter:card":"summary_large_image","twitter:title":"Los trabajadores vuelven a parar el metro de Lisboa por tercera vez este mes - El Digital de Asturias","twitter:description":"Lisboa, 23 ene (EFE).- La huelga parcial convocada por los trabajadores del metro de Lisboa volvi\u00f3 a parar el servicio durante las primeras horas de la ma\u00f1ana, por tercera vez este mes de enero, en protesta por la pol\u00edtica de ajustes del Gobierno luso. Las estaciones de metro amanecieron cerradas hoy y la circulaci\u00f3n de","twitter:image":"https:\/\/www.eldigitaldeasturias.com\/noticias\/wp-content\/uploads\/2026\/06\/Contenidos.jpg","twitter:label1":"Escrito por","twitter:data1":"El Digital de Asturias","twitter:label2":"Tiempo de lectura estimado","twitter:data2":"2 minutos"},"aioseo_meta_data":{"post_id":"477709","title":null,"description":null,"keywords":null,"keyphrases":null,"primary_term":null,"canonical_url":null,"og_title":null,"og_description":null,"og_object_type":"default","og_image_type":"default","og_image_url":null,"og_image_width":null,"og_image_height":null,"og_image_custom_url":null,"og_image_custom_fields":null,"og_video":null,"og_custom_url":null,"og_article_section":null,"og_article_tags":null,"twitter_use_og":true,"twitter_card":"default","twitter_image_type":"default","twitter_image_url":null,"twitter_image_custom_url":null,"twitter_image_custom_fields":null,"twitter_title":null,"twitter_description":null,"schema":{"blockGraphs":[],"customGraphs":[],"default":{"data":{"Article":[],"Course":[],"Dataset":[],"FAQPage":[],"Movie":[],"Person":[],"Product":[],"ProductReview":[],"Car":[],"Recipe":[],"Service":[],"SoftwareApplication":[],"WebPage":[]},"graphName":"","isEnabled":true},"graphs":[],"defaultGraph":"","defaultPostTypeGraph":""},"schema_type":null,"schema_type_options":null,"pillar_content":false,"robots_default":true,"robots_noindex":false,"robots_noarchive":false,"robots_nosnippet":false,"robots_nofollow":false,"robots_noimageindex":false,"robots_noodp":false,"robots_notranslate":false,"robots_max_snippet":null,"robots_max_videopreview":null,"robots_max_imagepreview":"none","priority":null,"frequency":null,"local_seo":null,"seo_analyzer_scan_date":"2026-06-01 19:23:59","breadcrumb_settings":null,"limit_modified_date":false,"open_ai":null,"ai":null,"created":"2020-11-14 22:53:46","updated":"2026-06-01 19:23:59","focus_keyword":null,"additional_keywords":null,"truseo_locale":null},"aioseo_breadcrumb":"<div class=\"aioseo-breadcrumbs\"><span class=\"aioseo-breadcrumb\">\n\t<a href=\"https:\/\/www.eldigitaldeasturias.com\/noticias\" title=\"Home\">Home<\/a>\n<\/span><span class=\"aioseo-breadcrumb-separator\">\u2013<\/span><span class=\"aioseo-breadcrumb\">\n\t<a href=\"https:\/\/www.eldigitaldeasturias.com\/noticias\/category\/actualidad\/\" title=\"Actualidad\">Actualidad<\/a>\n<\/span><span class=\"aioseo-breadcrumb-separator\">\u2013<\/span><span class=\"aioseo-breadcrumb\">\n\t<a href=\"https:\/\/www.eldigitaldeasturias.com\/noticias\/los-trabajadores-vuelven-a-parar-el-metro-de-lisboa-por-tercera-vez-este-mes\/\" title=\"Los trabajadores vuelven a parar el metro de Lisboa por tercera vez este mes\">Los trabajadores vuelven a parar el metro de Lisboa por tercera vez este mes<\/a>\n<\/span><\/div>","aioseo_breadcrumb_json":[{"label":"Home","link":"https:\/\/www.eldigitaldeasturias.com\/noticias"},{"label":"Actualidad","link":"https:\/\/www.eldigitaldeasturias.com\/noticias\/category\/actualidad\/"},{"label":"Los trabajadores vuelven a parar el metro de Lisboa por tercera vez este mes","link":"https:\/\/www.eldigitaldeasturias.com\/noticias\/los-trabajadores-vuelven-a-parar-el-metro-de-lisboa-por-tercera-vez-este-mes\/"}],"_links":{"self":[{"href":"https:\/\/www.eldigitaldeasturias.com\/noticias\/wp-json\/wp\/v2\/posts\/477709","targetHints":{"allow":["GET"]}}],"collection":[{"href":"https:\/\/www.eldigitaldeasturias.com\/noticias\/wp-json\/wp\/v2\/posts"}],"about":[{"href":"https:\/\/www.eldigitaldeasturias.com\/noticias\/wp-json\/wp\/v2\/types\/post"}],"author":[{"embeddable":true,"href":"https:\/\/www.eldigitaldeasturias.com\/noticias\/wp-json\/wp\/v2\/users\/1"}],"replies":[{"embeddable":true,"href":"https:\/\/www.eldigitaldeasturias.com\/noticias\/wp-json\/wp\/v2\/comments?post=477709"}],"version-history":[{"count":0,"href":"https:\/\/www.eldigitaldeasturias.com\/noticias\/wp-json\/wp\/v2\/posts\/477709\/revisions"}],"wp:featuredmedia":[{"embeddable":true,"href":"https:\/\/www.eldigitaldeasturias.com\/noticias\/wp-json\/wp\/v2\/media\/1132184"}],"wp:attachment":[{"href":"https:\/\/www.eldigitaldeasturias.com\/noticias\/wp-json\/wp\/v2\/media?parent=477709"}],"wp:term":[{"taxonomy":"category","embeddable":true,"href":"https:\/\/www.eldigitaldeasturias.com\/noticias\/wp-json\/wp\/v2\/categories?post=477709"},{"taxonomy":"post_tag","embeddable":true,"href":"https:\/\/www.eldigitaldeasturias.com\/noticias\/wp-json\/wp\/v2\/tags?post=477709"}],"curies":[{"name":"wp","href":"https:\/\/api.w.org\/{rel}","templated":true}]}}