{"id":477700,"date":"2014-01-23T21:26:22","date_gmt":"2014-01-23T22:26:22","guid":{"rendered":"http:\/\/www.eldigitaldeasturias.com\/noticias\/?p=477700"},"modified":"2014-01-23T21:26:22","modified_gmt":"2014-01-23T22:26:22","slug":"sofiane-feghouli-con-un-flemon-se-suma-a-la-ausencia-de-helder-postiga","status":"publish","type":"post","link":"https:\/\/www.eldigitaldeasturias.com\/noticias\/sofiane-feghouli-con-un-flemon-se-suma-a-la-ausencia-de-helder-postiga\/","title":{"rendered":"Sofiane Feghouli, con un flem\u00f3n, se suma a la ausencia de H\u00e9lder Postiga"},"content":{"rendered":"<p><img loading=\"lazy\" decoding=\"async\" class=\"alignleft size-medium wp-image-477701\" alt=\"5870526w\" src=\"https:\/\/www.eldigitaldeasturias.com\/noticias\/wp-content\/uploads\/2014\/01\/5870526w-360x212.jpg\" width=\"360\" height=\"212\" \/>Valencia, 23 ene (EFE).- La plantilla del Valencia se entren\u00f3 hoy con las ausencias del argelino Sofiane Feghouli, que padece un flem\u00f3n, y del portugu\u00e9s H\u00e9lder Postiga, que contin\u00faa con la recuperaci\u00f3n de una lumbalgia.<\/p>\n<p>Ambos jugadores se han ejercitado en el interior del gimnasio de la ciudad deportiva de Paterna y en funci\u00f3n de su evoluci\u00f3n en las pr\u00f3ximas horas se decidir\u00e1 si llegar\u00e1n al encuentro del s\u00e1bado frente al Espanyol.<\/p>\n<p>Alejandro Richino, preparador f\u00edsico de la primera plantilla del Valencia, planific\u00f3 para la jornada de hoy una sesi\u00f3n de apenas 45 minutos para que la plantilla se recuperara del exigente trabajo f\u00edsico que desarroll\u00f3 en los d\u00edas previos.<\/p>\n","protected":false},"excerpt":{"rendered":"<p>Valencia, 23 ene (EFE).- La plantilla del Valencia se entren\u00f3 hoy con las ausencias del argelino Sofiane Feghouli, que padece un flem\u00f3n, y del portugu\u00e9s H\u00e9lder Postiga, que contin\u00faa con la recuperaci\u00f3n de una lumbalgia. Ambos jugadores se han ejercitado en el interior del gimnasio de la ciudad deportiva de Paterna y en funci\u00f3n de [&hellip;]<\/p>\n","protected":false},"author":1,"featured_media":1132184,"comment_status":"closed","ping_status":"open","sticky":false,"template":"","format":"standard","meta":{"footnotes":""},"categories":[1],"tags":[],"class_list":["post-477700","post","type-post","status-publish","format-standard","has-post-thumbnail","hentry","category-actualidad"],"aioseo_notices":[],"aioseo_head":"\n\t\t<!-- All in One SEO Pro 5.0.1 - aioseo.com -->\n\t<meta name=\"description\" content=\"Valencia, 23 ene (EFE).- La plantilla del Valencia se entren\u00f3 hoy con las ausencias del argelino Sofiane Feghouli, que padece un flem\u00f3n, y del portugu\u00e9s H\u00e9lder Postiga, que contin\u00faa con la recuperaci\u00f3n de una lumbalgia. Ambos jugadores se han ejercitado en el interior del gimnasio de la ciudad deportiva de Paterna y en funci\u00f3n de\" \/>\n\t<meta name=\"robots\" content=\"max-image-preview:large\" \/>\n\t<meta name=\"author\" content=\"El Digital de Asturias\"\/>\n\t<meta name=\"google-site-verification\" content=\"UA-38556648-1\" \/>\n\t<meta name=\"msvalidate.01\" content=\"7dfe9f3f1b24437ab69f4f2559babe99\" \/>\n\t<meta name=\"keywords\" content=\"actualidad\" \/>\n\t<link rel=\"canonical\" href=\"https:\/\/www.eldigitaldeasturias.com\/noticias\/sofiane-feghouli-con-un-flemon-se-suma-a-la-ausencia-de-helder-postiga\/\" \/>\n\t<meta name=\"generator\" content=\"All in One SEO Pro (AIOSEO) 5.0.1\" \/>\n\t\t<meta property=\"og:locale\" content=\"es_ES\" \/>\n\t\t<meta property=\"og:site_name\" content=\"El Digital de Asturias\" \/>\n\t\t<meta property=\"og:type\" content=\"article\" \/>\n\t\t<meta property=\"og:title\" content=\"Sofiane Feghouli, con un flem\u00f3n, se suma a la ausencia de H\u00e9lder Postiga - El Digital de Asturias\" \/>\n\t\t<meta property=\"og:description\" content=\"Valencia, 23 ene (EFE).- La plantilla del Valencia se entren\u00f3 hoy con las ausencias del argelino Sofiane Feghouli, que padece un flem\u00f3n, y del portugu\u00e9s H\u00e9lder Postiga, que contin\u00faa con la recuperaci\u00f3n de una lumbalgia. Ambos jugadores se han ejercitado en el interior del gimnasio de la ciudad deportiva de Paterna y en funci\u00f3n de\" \/>\n\t\t<meta property=\"og:url\" content=\"https:\/\/www.eldigitaldeasturias.com\/noticias\/sofiane-feghouli-con-un-flemon-se-suma-a-la-ausencia-de-helder-postiga\/\" \/>\n\t\t<meta property=\"og:image\" content=\"https:\/\/www.eldigitaldeasturias.com\/noticias\/wp-content\/uploads\/2026\/06\/Contenidos.jpg\" \/>\n\t\t<meta property=\"og:image:secure_url\" content=\"https:\/\/www.eldigitaldeasturias.com\/noticias\/wp-content\/uploads\/2026\/06\/Contenidos.jpg\" \/>\n\t\t<meta property=\"og:image:width\" content=\"1265\" \/>\n\t\t<meta property=\"og:image:height\" content=\"697\" \/>\n\t\t<meta property=\"article:tag\" content=\"actualidad\" \/>\n\t\t<meta property=\"article:published_time\" content=\"2014-01-23T22:26:22+00:00\" \/>\n\t\t<meta property=\"article:modified_time\" content=\"2014-01-23T22:26:22+00:00\" \/>\n\t\t<meta property=\"article:publisher\" content=\"https:\/\/facebook.com\/eldigitaldeasturias\" \/>\n\t\t<meta name=\"twitter:card\" content=\"summary_large_image\" \/>\n\t\t<meta name=\"twitter:title\" content=\"Sofiane Feghouli, con un flem\u00f3n, se suma a la ausencia de H\u00e9lder Postiga - El Digital de Asturias\" \/>\n\t\t<meta name=\"twitter:description\" content=\"Valencia, 23 ene (EFE).- La plantilla del Valencia se entren\u00f3 hoy con las ausencias del argelino Sofiane Feghouli, que padece un flem\u00f3n, y del portugu\u00e9s H\u00e9lder Postiga, que contin\u00faa con la recuperaci\u00f3n de una lumbalgia. Ambos jugadores se han ejercitado en el interior del gimnasio de la ciudad deportiva de Paterna y en funci\u00f3n de\" \/>\n\t\t<meta name=\"twitter:image\" content=\"https:\/\/www.eldigitaldeasturias.com\/noticias\/wp-content\/uploads\/2026\/06\/Contenidos.jpg\" \/>\n\t\t<meta name=\"twitter:label1\" content=\"Escrito por\" \/>\n\t\t<meta name=\"twitter:data1\" content=\"El Digital de Asturias\" \/>\n\t\t<meta name=\"twitter:label2\" content=\"Tiempo de lectura estimado\" \/>\n\t\t<meta name=\"twitter:data2\" content=\"1 minuto\" \/>\n\t\t<script type=\"application\/ld+json\" class=\"aioseo-schema\">\n\t\t\t{\"@context\":\"https:\\\/\\\/schema.org\",\"@graph\":[{\"@type\":\"BlogPosting\",\"@id\":\"https:\\\/\\\/www.eldigitaldeasturias.com\\\/noticias\\\/sofiane-feghouli-con-un-flemon-se-suma-a-la-ausencia-de-helder-postiga\\\/#blogposting\",\"name\":\"Sofiane Feghouli, con un flem\\u00f3n, se suma a la ausencia de H\\u00e9lder Postiga - El Digital de Asturias\",\"headline\":\"Sofiane Feghouli, con un flem\\u00f3n, se suma a la ausencia de H\\u00e9lder Postiga\",\"author\":{\"@id\":\"https:\\\/\\\/www.eldigitaldeasturias.com\\\/noticias\\\/author\\\/admin\\\/#author\"},\"publisher\":{\"@id\":\"https:\\\/\\\/www.eldigitaldeasturias.com\\\/noticias\\\/#organization\"},\"image\":{\"@type\":\"ImageObject\",\"url\":\"https:\\\/\\\/www.eldigitaldeasturias.com\\\/noticias\\\/wp-content\\\/uploads\\\/2026\\\/06\\\/Contenidos.jpg\",\"width\":1265,\"height\":697,\"caption\":\"Contenidos\"},\"datePublished\":\"2014-01-23T21:26:22+01:00\",\"dateModified\":\"2014-01-23T21:26:22+01:00\",\"inLanguage\":\"es-ES\",\"mainEntityOfPage\":{\"@id\":\"https:\\\/\\\/www.eldigitaldeasturias.com\\\/noticias\\\/sofiane-feghouli-con-un-flemon-se-suma-a-la-ausencia-de-helder-postiga\\\/#webpage\"},\"isPartOf\":{\"@id\":\"https:\\\/\\\/www.eldigitaldeasturias.com\\\/noticias\\\/sofiane-feghouli-con-un-flemon-se-suma-a-la-ausencia-de-helder-postiga\\\/#webpage\"},\"articleSection\":\"Actualidad\"},{\"@type\":\"BreadcrumbList\",\"@id\":\"https:\\\/\\\/www.eldigitaldeasturias.com\\\/noticias\\\/sofiane-feghouli-con-un-flemon-se-suma-a-la-ausencia-de-helder-postiga\\\/#breadcrumblist\",\"itemListElement\":[{\"@type\":\"ListItem\",\"@id\":\"https:\\\/\\\/www.eldigitaldeasturias.com\\\/noticias#listItem\",\"position\":1,\"name\":\"Home\",\"item\":\"https:\\\/\\\/www.eldigitaldeasturias.com\\\/noticias\",\"nextItem\":{\"@type\":\"ListItem\",\"@id\":\"https:\\\/\\\/www.eldigitaldeasturias.com\\\/noticias\\\/category\\\/actualidad\\\/#listItem\",\"name\":\"Actualidad\"}},{\"@type\":\"ListItem\",\"@id\":\"https:\\\/\\\/www.eldigitaldeasturias.com\\\/noticias\\\/category\\\/actualidad\\\/#listItem\",\"position\":2,\"name\":\"Actualidad\",\"item\":\"https:\\\/\\\/www.eldigitaldeasturias.com\\\/noticias\\\/category\\\/actualidad\\\/\",\"nextItem\":{\"@type\":\"ListItem\",\"@id\":\"https:\\\/\\\/www.eldigitaldeasturias.com\\\/noticias\\\/sofiane-feghouli-con-un-flemon-se-suma-a-la-ausencia-de-helder-postiga\\\/#listItem\",\"name\":\"Sofiane Feghouli, con un flem\\u00f3n, se suma a la ausencia de H\\u00e9lder Postiga\"},\"previousItem\":{\"@type\":\"ListItem\",\"@id\":\"https:\\\/\\\/www.eldigitaldeasturias.com\\\/noticias#listItem\",\"name\":\"Home\"}},{\"@type\":\"ListItem\",\"@id\":\"https:\\\/\\\/www.eldigitaldeasturias.com\\\/noticias\\\/sofiane-feghouli-con-un-flemon-se-suma-a-la-ausencia-de-helder-postiga\\\/#listItem\",\"position\":3,\"name\":\"Sofiane Feghouli, con un flem\\u00f3n, se suma a la ausencia de H\\u00e9lder Postiga\",\"previousItem\":{\"@type\":\"ListItem\",\"@id\":\"https:\\\/\\\/www.eldigitaldeasturias.com\\\/noticias\\\/category\\\/actualidad\\\/#listItem\",\"name\":\"Actualidad\"}}]},{\"@type\":\"Organization\",\"@id\":\"https:\\\/\\\/www.eldigitaldeasturias.com\\\/noticias\\\/#organization\",\"name\":\"El Digital de Asturias\",\"description\":\"Hemeroteca\",\"url\":\"https:\\\/\\\/www.eldigitaldeasturias.com\\\/noticias\\\/\",\"email\":\"info@eldigitaldeasturias.com\",\"telephone\":\"+34652131393\",\"logo\":{\"@type\":\"ImageObject\",\"url\":\"https:\\\/\\\/www.eldigitaldeasturias.com\\\/noticias\\\/wp-content\\\/uploads\\\/2020\\\/12\\\/EDA.jpg\",\"@id\":\"https:\\\/\\\/www.eldigitaldeasturias.com\\\/noticias\\\/sofiane-feghouli-con-un-flemon-se-suma-a-la-ausencia-de-helder-postiga\\\/#organizationLogo\"},\"image\":{\"@id\":\"https:\\\/\\\/www.eldigitaldeasturias.com\\\/noticias\\\/sofiane-feghouli-con-un-flemon-se-suma-a-la-ausencia-de-helder-postiga\\\/#organizationLogo\"},\"sameAs\":[\"https:\\\/\\\/facebook.com\\\/eldigitaldeasturias\",\"https:\\\/\\\/www.youtube.com\\\/channel\\\/UCZP-2wLEB9Rv6erhFmqVnvg\"],\"address\":{\"@id\":\"https:\\\/\\\/www.eldigitaldeasturias.com\\\/noticias\\\/#postaladdress\",\"@type\":\"PostalAddress\",\"streetAddress\":\"san antonio 4\",\"postalCode\":\"33430\",\"addressLocality\":\"Cand\\u00e1s\",\"addressRegion\":\"Asturias\",\"addressCountry\":\"ES\"}},{\"@type\":\"Person\",\"@id\":\"https:\\\/\\\/www.eldigitaldeasturias.com\\\/noticias\\\/author\\\/admin\\\/#author\",\"url\":\"https:\\\/\\\/www.eldigitaldeasturias.com\\\/noticias\\\/author\\\/admin\\\/\",\"name\":\"El Digital de Asturias\",\"image\":{\"@type\":\"ImageObject\",\"@id\":\"https:\\\/\\\/www.eldigitaldeasturias.com\\\/noticias\\\/sofiane-feghouli-con-un-flemon-se-suma-a-la-ausencia-de-helder-postiga\\\/#authorImage\",\"url\":\"https:\\\/\\\/secure.gravatar.com\\\/avatar\\\/df2aeffc32bcd13f8d26072ef8a91b623d677766deac7f97ca815868cd41bf5e?s=96&d=mm&r=g\",\"width\":96,\"height\":96,\"caption\":\"El Digital de Asturias\"}},{\"@type\":\"WebPage\",\"@id\":\"https:\\\/\\\/www.eldigitaldeasturias.com\\\/noticias\\\/sofiane-feghouli-con-un-flemon-se-suma-a-la-ausencia-de-helder-postiga\\\/#webpage\",\"url\":\"https:\\\/\\\/www.eldigitaldeasturias.com\\\/noticias\\\/sofiane-feghouli-con-un-flemon-se-suma-a-la-ausencia-de-helder-postiga\\\/\",\"name\":\"Sofiane Feghouli, con un flem\\u00f3n, se suma a la ausencia de H\\u00e9lder Postiga - El Digital de Asturias\",\"description\":\"Valencia, 23 ene (EFE).- La plantilla del Valencia se entren\\u00f3 hoy con las ausencias del argelino Sofiane Feghouli, que padece un flem\\u00f3n, y del portugu\\u00e9s H\\u00e9lder Postiga, que contin\\u00faa con la recuperaci\\u00f3n de una lumbalgia. Ambos jugadores se han ejercitado en el interior del gimnasio de la ciudad deportiva de Paterna y en funci\\u00f3n de\",\"inLanguage\":\"es-ES\",\"isPartOf\":{\"@id\":\"https:\\\/\\\/www.eldigitaldeasturias.com\\\/noticias\\\/#website\"},\"breadcrumb\":{\"@id\":\"https:\\\/\\\/www.eldigitaldeasturias.com\\\/noticias\\\/sofiane-feghouli-con-un-flemon-se-suma-a-la-ausencia-de-helder-postiga\\\/#breadcrumblist\"},\"author\":{\"@id\":\"https:\\\/\\\/www.eldigitaldeasturias.com\\\/noticias\\\/author\\\/admin\\\/#author\"},\"creator\":{\"@id\":\"https:\\\/\\\/www.eldigitaldeasturias.com\\\/noticias\\\/author\\\/admin\\\/#author\"},\"image\":{\"@type\":\"ImageObject\",\"url\":\"https:\\\/\\\/www.eldigitaldeasturias.com\\\/noticias\\\/wp-content\\\/uploads\\\/2026\\\/06\\\/Contenidos.jpg\",\"@id\":\"https:\\\/\\\/www.eldigitaldeasturias.com\\\/noticias\\\/sofiane-feghouli-con-un-flemon-se-suma-a-la-ausencia-de-helder-postiga\\\/#mainImage\",\"width\":1265,\"height\":697,\"caption\":\"Contenidos\"},\"primaryImageOfPage\":{\"@id\":\"https:\\\/\\\/www.eldigitaldeasturias.com\\\/noticias\\\/sofiane-feghouli-con-un-flemon-se-suma-a-la-ausencia-de-helder-postiga\\\/#mainImage\"},\"datePublished\":\"2014-01-23T21:26:22+01:00\",\"dateModified\":\"2014-01-23T21:26:22+01:00\"},{\"@type\":\"WebSite\",\"@id\":\"https:\\\/\\\/www.eldigitaldeasturias.com\\\/noticias\\\/#website\",\"url\":\"https:\\\/\\\/www.eldigitaldeasturias.com\\\/noticias\\\/\",\"name\":\"El Digital de Asturias - Diario de actualidad y noticias\",\"alternateName\":\"El Digital de Asturias - Diario de actualidad y noticias\",\"description\":\"Hemeroteca\",\"inLanguage\":\"es-ES\",\"publisher\":{\"@id\":\"https:\\\/\\\/www.eldigitaldeasturias.com\\\/noticias\\\/#organization\"}}]}\n\t\t<\/script>\n\t\t<!-- All in One SEO Pro -->\r\n\t\t<title>Sofiane Feghouli, con un flem\u00f3n, se suma a la ausencia de H\u00e9lder Postiga - El Digital de Asturias<\/title>\n\n","aioseo_head_json":{"title":"Sofiane Feghouli, con un flem\u00f3n, se suma a la ausencia de H\u00e9lder Postiga - El Digital de Asturias","description":"Valencia, 23 ene (EFE).- La plantilla del Valencia se entren\u00f3 hoy con las ausencias del argelino Sofiane Feghouli, que padece un flem\u00f3n, y del portugu\u00e9s H\u00e9lder Postiga, que contin\u00faa con la recuperaci\u00f3n de una lumbalgia. Ambos jugadores se han ejercitado en el interior del gimnasio de la ciudad deportiva de Paterna y en funci\u00f3n de","canonical_url":"https:\/\/www.eldigitaldeasturias.com\/noticias\/sofiane-feghouli-con-un-flemon-se-suma-a-la-ausencia-de-helder-postiga\/","robots":"max-image-preview:large","keywords":"actualidad","webmasterTools":{"google-site-verification":"UA-38556648-1","msvalidate.01":"7dfe9f3f1b24437ab69f4f2559babe99","miscellaneous":""},"schema":{"@context":"https:\/\/schema.org","@graph":[{"@type":"BlogPosting","@id":"https:\/\/www.eldigitaldeasturias.com\/noticias\/sofiane-feghouli-con-un-flemon-se-suma-a-la-ausencia-de-helder-postiga\/#blogposting","name":"Sofiane Feghouli, con un flem\u00f3n, se suma a la ausencia de H\u00e9lder Postiga - El Digital de Asturias","headline":"Sofiane Feghouli, con un flem\u00f3n, se suma a la ausencia de H\u00e9lder Postiga","author":{"@id":"https:\/\/www.eldigitaldeasturias.com\/noticias\/author\/admin\/#author"},"publisher":{"@id":"https:\/\/www.eldigitaldeasturias.com\/noticias\/#organization"},"image":{"@type":"ImageObject","url":"https:\/\/www.eldigitaldeasturias.com\/noticias\/wp-content\/uploads\/2026\/06\/Contenidos.jpg","width":1265,"height":697,"caption":"Contenidos"},"datePublished":"2014-01-23T21:26:22+01:00","dateModified":"2014-01-23T21:26:22+01:00","inLanguage":"es-ES","mainEntityOfPage":{"@id":"https:\/\/www.eldigitaldeasturias.com\/noticias\/sofiane-feghouli-con-un-flemon-se-suma-a-la-ausencia-de-helder-postiga\/#webpage"},"isPartOf":{"@id":"https:\/\/www.eldigitaldeasturias.com\/noticias\/sofiane-feghouli-con-un-flemon-se-suma-a-la-ausencia-de-helder-postiga\/#webpage"},"articleSection":"Actualidad"},{"@type":"BreadcrumbList","@id":"https:\/\/www.eldigitaldeasturias.com\/noticias\/sofiane-feghouli-con-un-flemon-se-suma-a-la-ausencia-de-helder-postiga\/#breadcrumblist","itemListElement":[{"@type":"ListItem","@id":"https:\/\/www.eldigitaldeasturias.com\/noticias#listItem","position":1,"name":"Home","item":"https:\/\/www.eldigitaldeasturias.com\/noticias","nextItem":{"@type":"ListItem","@id":"https:\/\/www.eldigitaldeasturias.com\/noticias\/category\/actualidad\/#listItem","name":"Actualidad"}},{"@type":"ListItem","@id":"https:\/\/www.eldigitaldeasturias.com\/noticias\/category\/actualidad\/#listItem","position":2,"name":"Actualidad","item":"https:\/\/www.eldigitaldeasturias.com\/noticias\/category\/actualidad\/","nextItem":{"@type":"ListItem","@id":"https:\/\/www.eldigitaldeasturias.com\/noticias\/sofiane-feghouli-con-un-flemon-se-suma-a-la-ausencia-de-helder-postiga\/#listItem","name":"Sofiane Feghouli, con un flem\u00f3n, se suma a la ausencia de H\u00e9lder Postiga"},"previousItem":{"@type":"ListItem","@id":"https:\/\/www.eldigitaldeasturias.com\/noticias#listItem","name":"Home"}},{"@type":"ListItem","@id":"https:\/\/www.eldigitaldeasturias.com\/noticias\/sofiane-feghouli-con-un-flemon-se-suma-a-la-ausencia-de-helder-postiga\/#listItem","position":3,"name":"Sofiane Feghouli, con un flem\u00f3n, se suma a la ausencia de H\u00e9lder Postiga","previousItem":{"@type":"ListItem","@id":"https:\/\/www.eldigitaldeasturias.com\/noticias\/category\/actualidad\/#listItem","name":"Actualidad"}}]},{"@type":"Organization","@id":"https:\/\/www.eldigitaldeasturias.com\/noticias\/#organization","name":"El Digital de Asturias","description":"Hemeroteca","url":"https:\/\/www.eldigitaldeasturias.com\/noticias\/","email":"info@eldigitaldeasturias.com","telephone":"+34652131393","logo":{"@type":"ImageObject","url":"https:\/\/www.eldigitaldeasturias.com\/noticias\/wp-content\/uploads\/2020\/12\/EDA.jpg","@id":"https:\/\/www.eldigitaldeasturias.com\/noticias\/sofiane-feghouli-con-un-flemon-se-suma-a-la-ausencia-de-helder-postiga\/#organizationLogo"},"image":{"@id":"https:\/\/www.eldigitaldeasturias.com\/noticias\/sofiane-feghouli-con-un-flemon-se-suma-a-la-ausencia-de-helder-postiga\/#organizationLogo"},"sameAs":["https:\/\/facebook.com\/eldigitaldeasturias","https:\/\/www.youtube.com\/channel\/UCZP-2wLEB9Rv6erhFmqVnvg"],"address":{"@id":"https:\/\/www.eldigitaldeasturias.com\/noticias\/#postaladdress","@type":"PostalAddress","streetAddress":"san antonio 4","postalCode":"33430","addressLocality":"Cand\u00e1s","addressRegion":"Asturias","addressCountry":"ES"}},{"@type":"Person","@id":"https:\/\/www.eldigitaldeasturias.com\/noticias\/author\/admin\/#author","url":"https:\/\/www.eldigitaldeasturias.com\/noticias\/author\/admin\/","name":"El Digital de Asturias","image":{"@type":"ImageObject","@id":"https:\/\/www.eldigitaldeasturias.com\/noticias\/sofiane-feghouli-con-un-flemon-se-suma-a-la-ausencia-de-helder-postiga\/#authorImage","url":"https:\/\/secure.gravatar.com\/avatar\/df2aeffc32bcd13f8d26072ef8a91b623d677766deac7f97ca815868cd41bf5e?s=96&d=mm&r=g","width":96,"height":96,"caption":"El Digital de Asturias"}},{"@type":"WebPage","@id":"https:\/\/www.eldigitaldeasturias.com\/noticias\/sofiane-feghouli-con-un-flemon-se-suma-a-la-ausencia-de-helder-postiga\/#webpage","url":"https:\/\/www.eldigitaldeasturias.com\/noticias\/sofiane-feghouli-con-un-flemon-se-suma-a-la-ausencia-de-helder-postiga\/","name":"Sofiane Feghouli, con un flem\u00f3n, se suma a la ausencia de H\u00e9lder Postiga - El Digital de Asturias","description":"Valencia, 23 ene (EFE).- La plantilla del Valencia se entren\u00f3 hoy con las ausencias del argelino Sofiane Feghouli, que padece un flem\u00f3n, y del portugu\u00e9s H\u00e9lder Postiga, que contin\u00faa con la recuperaci\u00f3n de una lumbalgia. Ambos jugadores se han ejercitado en el interior del gimnasio de la ciudad deportiva de Paterna y en funci\u00f3n de","inLanguage":"es-ES","isPartOf":{"@id":"https:\/\/www.eldigitaldeasturias.com\/noticias\/#website"},"breadcrumb":{"@id":"https:\/\/www.eldigitaldeasturias.com\/noticias\/sofiane-feghouli-con-un-flemon-se-suma-a-la-ausencia-de-helder-postiga\/#breadcrumblist"},"author":{"@id":"https:\/\/www.eldigitaldeasturias.com\/noticias\/author\/admin\/#author"},"creator":{"@id":"https:\/\/www.eldigitaldeasturias.com\/noticias\/author\/admin\/#author"},"image":{"@type":"ImageObject","url":"https:\/\/www.eldigitaldeasturias.com\/noticias\/wp-content\/uploads\/2026\/06\/Contenidos.jpg","@id":"https:\/\/www.eldigitaldeasturias.com\/noticias\/sofiane-feghouli-con-un-flemon-se-suma-a-la-ausencia-de-helder-postiga\/#mainImage","width":1265,"height":697,"caption":"Contenidos"},"primaryImageOfPage":{"@id":"https:\/\/www.eldigitaldeasturias.com\/noticias\/sofiane-feghouli-con-un-flemon-se-suma-a-la-ausencia-de-helder-postiga\/#mainImage"},"datePublished":"2014-01-23T21:26:22+01:00","dateModified":"2014-01-23T21:26:22+01:00"},{"@type":"WebSite","@id":"https:\/\/www.eldigitaldeasturias.com\/noticias\/#website","url":"https:\/\/www.eldigitaldeasturias.com\/noticias\/","name":"El Digital de Asturias - Diario de actualidad y noticias","alternateName":"El Digital de Asturias - Diario de actualidad y noticias","description":"Hemeroteca","inLanguage":"es-ES","publisher":{"@id":"https:\/\/www.eldigitaldeasturias.com\/noticias\/#organization"}}]},"og:locale":"es_ES","og:site_name":"El Digital de Asturias","og:type":"article","og:title":"Sofiane Feghouli, con un flem\u00f3n, se suma a la ausencia de H\u00e9lder Postiga - El Digital de Asturias","og:description":"Valencia, 23 ene (EFE).- La plantilla del Valencia se entren\u00f3 hoy con las ausencias del argelino Sofiane Feghouli, que padece un flem\u00f3n, y del portugu\u00e9s H\u00e9lder Postiga, que contin\u00faa con la recuperaci\u00f3n de una lumbalgia. Ambos jugadores se han ejercitado en el interior del gimnasio de la ciudad deportiva de Paterna y en funci\u00f3n de","og:url":"https:\/\/www.eldigitaldeasturias.com\/noticias\/sofiane-feghouli-con-un-flemon-se-suma-a-la-ausencia-de-helder-postiga\/","og:image":"https:\/\/www.eldigitaldeasturias.com\/noticias\/wp-content\/uploads\/2026\/06\/Contenidos.jpg","og:image:secure_url":"https:\/\/www.eldigitaldeasturias.com\/noticias\/wp-content\/uploads\/2026\/06\/Contenidos.jpg","og:image:width":1265,"og:image:height":697,"article:tag":["actualidad"],"article:published_time":"2014-01-23T22:26:22+00:00","article:modified_time":"2014-01-23T22:26:22+00:00","article:publisher":"https:\/\/facebook.com\/eldigitaldeasturias","twitter:card":"summary_large_image","twitter:title":"Sofiane Feghouli, con un flem\u00f3n, se suma a la ausencia de H\u00e9lder Postiga - El Digital de Asturias","twitter:description":"Valencia, 23 ene (EFE).- La plantilla del Valencia se entren\u00f3 hoy con las ausencias del argelino Sofiane Feghouli, que padece un flem\u00f3n, y del portugu\u00e9s H\u00e9lder Postiga, que contin\u00faa con la recuperaci\u00f3n de una lumbalgia. Ambos jugadores se han ejercitado en el interior del gimnasio de la ciudad deportiva de Paterna y en funci\u00f3n de","twitter:image":"https:\/\/www.eldigitaldeasturias.com\/noticias\/wp-content\/uploads\/2026\/06\/Contenidos.jpg","twitter:label1":"Escrito por","twitter:data1":"El Digital de Asturias","twitter:label2":"Tiempo de lectura estimado","twitter:data2":"1 minuto"},"aioseo_meta_data":{"post_id":"477700","title":null,"description":null,"keywords":null,"keyphrases":null,"primary_term":null,"canonical_url":null,"og_title":null,"og_description":null,"og_object_type":"default","og_image_type":"default","og_image_url":null,"og_image_width":null,"og_image_height":null,"og_image_custom_url":null,"og_image_custom_fields":null,"og_video":null,"og_custom_url":null,"og_article_section":null,"og_article_tags":null,"twitter_use_og":true,"twitter_card":"default","twitter_image_type":"default","twitter_image_url":null,"twitter_image_custom_url":null,"twitter_image_custom_fields":null,"twitter_title":null,"twitter_description":null,"schema":{"blockGraphs":[],"customGraphs":[],"default":{"data":{"Article":[],"Course":[],"Dataset":[],"FAQPage":[],"Movie":[],"Person":[],"Product":[],"ProductReview":[],"Car":[],"Recipe":[],"Service":[],"SoftwareApplication":[],"WebPage":[]},"graphName":"","isEnabled":true},"graphs":[],"defaultGraph":"","defaultPostTypeGraph":""},"schema_type":null,"schema_type_options":null,"pillar_content":false,"robots_default":true,"robots_noindex":false,"robots_noarchive":false,"robots_nosnippet":false,"robots_nofollow":false,"robots_noimageindex":false,"robots_noodp":false,"robots_notranslate":false,"robots_max_snippet":null,"robots_max_videopreview":null,"robots_max_imagepreview":"none","priority":null,"frequency":null,"local_seo":null,"seo_analyzer_scan_date":"2026-06-01 19:22:07","breadcrumb_settings":null,"limit_modified_date":false,"open_ai":null,"ai":null,"created":"2020-11-14 22:53:46","updated":"2026-06-01 19:22:07","focus_keyword":null,"additional_keywords":null,"truseo_locale":null},"aioseo_breadcrumb":"<div class=\"aioseo-breadcrumbs\"><span class=\"aioseo-breadcrumb\">\n\t<a href=\"https:\/\/www.eldigitaldeasturias.com\/noticias\" title=\"Home\">Home<\/a>\n<\/span><span class=\"aioseo-breadcrumb-separator\">\u2013<\/span><span class=\"aioseo-breadcrumb\">\n\t<a href=\"https:\/\/www.eldigitaldeasturias.com\/noticias\/category\/actualidad\/\" title=\"Actualidad\">Actualidad<\/a>\n<\/span><span class=\"aioseo-breadcrumb-separator\">\u2013<\/span><span class=\"aioseo-breadcrumb\">\n\t<a href=\"https:\/\/www.eldigitaldeasturias.com\/noticias\/sofiane-feghouli-con-un-flemon-se-suma-a-la-ausencia-de-helder-postiga\/\" title=\"Sofiane Feghouli, con un flem\u00f3n, se suma a la ausencia de H\u00e9lder Postiga\">Sofiane Feghouli, con un flem\u00f3n, se suma a la ausencia de H\u00e9lder Postiga<\/a>\n<\/span><\/div>","aioseo_breadcrumb_json":[{"label":"Home","link":"https:\/\/www.eldigitaldeasturias.com\/noticias"},{"label":"Actualidad","link":"https:\/\/www.eldigitaldeasturias.com\/noticias\/category\/actualidad\/"},{"label":"Sofiane Feghouli, con un flem\u00f3n, se suma a la ausencia de H\u00e9lder Postiga","link":"https:\/\/www.eldigitaldeasturias.com\/noticias\/sofiane-feghouli-con-un-flemon-se-suma-a-la-ausencia-de-helder-postiga\/"}],"_links":{"self":[{"href":"https:\/\/www.eldigitaldeasturias.com\/noticias\/wp-json\/wp\/v2\/posts\/477700","targetHints":{"allow":["GET"]}}],"collection":[{"href":"https:\/\/www.eldigitaldeasturias.com\/noticias\/wp-json\/wp\/v2\/posts"}],"about":[{"href":"https:\/\/www.eldigitaldeasturias.com\/noticias\/wp-json\/wp\/v2\/types\/post"}],"author":[{"embeddable":true,"href":"https:\/\/www.eldigitaldeasturias.com\/noticias\/wp-json\/wp\/v2\/users\/1"}],"replies":[{"embeddable":true,"href":"https:\/\/www.eldigitaldeasturias.com\/noticias\/wp-json\/wp\/v2\/comments?post=477700"}],"version-history":[{"count":0,"href":"https:\/\/www.eldigitaldeasturias.com\/noticias\/wp-json\/wp\/v2\/posts\/477700\/revisions"}],"wp:featuredmedia":[{"embeddable":true,"href":"https:\/\/www.eldigitaldeasturias.com\/noticias\/wp-json\/wp\/v2\/media\/1132184"}],"wp:attachment":[{"href":"https:\/\/www.eldigitaldeasturias.com\/noticias\/wp-json\/wp\/v2\/media?parent=477700"}],"wp:term":[{"taxonomy":"category","embeddable":true,"href":"https:\/\/www.eldigitaldeasturias.com\/noticias\/wp-json\/wp\/v2\/categories?post=477700"},{"taxonomy":"post_tag","embeddable":true,"href":"https:\/\/www.eldigitaldeasturias.com\/noticias\/wp-json\/wp\/v2\/tags?post=477700"}],"curies":[{"name":"wp","href":"https:\/\/api.w.org\/{rel}","templated":true}]}}