{"id":477694,"date":"2014-01-23T21:23:50","date_gmt":"2014-01-23T22:23:50","guid":{"rendered":"http:\/\/www.eldigitaldeasturias.com\/noticias\/?p=477694"},"modified":"2014-01-23T21:23:50","modified_gmt":"2014-01-23T22:23:50","slug":"la-economia-espanola-deja-atras-un-ano-de-recesion","status":"publish","type":"post","link":"https:\/\/www.eldigitaldeasturias.com\/noticias\/la-economia-espanola-deja-atras-un-ano-de-recesion\/","title":{"rendered":"La econom\u00eda espa\u00f1ola deja atr\u00e1s un a\u00f1o de recesi\u00f3n"},"content":{"rendered":"<p><img loading=\"lazy\" decoding=\"async\" class=\"alignleft size-medium wp-image-477695\" alt=\"5869898w\" src=\"https:\/\/www.eldigitaldeasturias.com\/noticias\/wp-content\/uploads\/2014\/01\/5869898w-360x236.jpg\" width=\"360\" height=\"236\" \/>Madrid, 23 ene (EFE).- La econom\u00eda espa\u00f1ola ha dejado atr\u00e1s un a\u00f1o de recesi\u00f3n en el que el PIB ha ca\u00eddo en conjunto un 1,2 %, si bien la evoluci\u00f3n ha ido mejorando gradualmente trimestre a trimestre hasta registrar un avance del 0,3 % entre octubre y diciembre, atribuible a la recuperaci\u00f3n de la demanda dom\u00e9stica.<\/p>\n<p>Son las estimaciones publicadas hoy por el Banco de Espa\u00f1a para el cierre de 2013, que coinciden con lo adelantado hace unos d\u00edas por el ministro de Econom\u00eda y Competitividad, Luis de Guindos, quien augur\u00f3 que la ca\u00edda de 2013 ser\u00eda una d\u00e9cima inferior a lo inicialmente pronosticado (1,3 %).<\/p>\n<p>La entidad se\u00f1ala en su bolet\u00edn econ\u00f3mico mensual que la salida de la recesi\u00f3n en la que se hab\u00eda reca\u00eddo a comienzos de 2011 ha sido posible por el alivio de las tensiones en los mercados financieros, la progresiva normalizaci\u00f3n de la financiaci\u00f3n externa, el aumento de la confianza y el mejor comportamiento del mercado de trabajo.<\/p>\n<p>A\u00f1ade que la ca\u00edda del 1,2 % en 2013 refleja el efecto arrastre derivado del pronunciado retroceso de la actividad al final de 2012 y explica que es consecuencia de un descenso de la demanda nacional (consumo e inversi\u00f3n) de 2,8 puntos, suavizado en parte por el avance de la demanda exterior (exportaciones) de 1,6 puntos.<\/p>\n<p>No obstante, a lo largo de los cuatro trimestres del a\u00f1o el patr\u00f3n ha ido cambiando, ya que en los tres primeros la fortaleza del sector exterior permiti\u00f3 mitigar la paralizaci\u00f3n de la actividad interna, mientras que en el \u00faltimo ha sido la demanda dom\u00e9stica la que ha compensado la nula contribuci\u00f3n al PIB del saldo neto exterior.<\/p>\n<p>La entidad explica que en el cuarto trimestre las exportaciones han mostrado menos dinamismo, pues la mejora de los mercados del \u00e1rea del euro no ha podido contrarrestar la ralentizaci\u00f3n de las econom\u00edas emergentes.<\/p>\n<p>A futuro pronostica un \u00abrenovado vigor\u00bb de las ventas al exterior, puesto que prev\u00e9 la recuperaci\u00f3n del comercio mundial a lo largo de 2014 y que siga aumentando la competitividad y el n\u00famero de empresas exportadoras, aunque tambi\u00e9n ve probable un repunte de las importaciones.<\/p>\n<p>Las compras al exterior ya han aumentado en el cuarto trimestre como consecuencia de la recuperaci\u00f3n del consumo nacional, que ha mantenido un comportamiento \u00abrelativamente din\u00e1mico\u00bb con un avance del 0,4 %, gracias a una mejor evoluci\u00f3n del empleo que ha ayudado a fortalecer la confianza de los consumidores.<\/p>\n<p>La inversi\u00f3n se ha \u00abavivado moderadamente\u00bb y podr\u00eda haber crecido hasta un 2 % entre octubre y diciembre, en tanto que el retroceso de la construcci\u00f3n se ha \u00abcontenido significativamente\u00bb, hasta el punto de que la inversi\u00f3n en este sector podr\u00eda haber registrado su primera tasa intertrimestral positiva en m\u00e1s de dos a\u00f1os \u00abasociada a un cierto repunte de la obra civil\u00bb, se\u00f1ala el bolet\u00edn.<\/p>\n<p>Respecto al trabajo, destaca que la ca\u00edda anual del n\u00famero de ocupados en t\u00e9rminos de contabilidad nacional se habr\u00eda moderado notablemente, hasta descender el 1,5 %, aunque incide en que en este caso -como ocurre con el PIB anual- las cifras reflejan \u00abun notable efecto arrastre\u00bb motivado por el negativo comportamiento del empleo en el tramo final de 2012.<\/p>\n<p>Como consecuencia de la evoluci\u00f3n de la actividad y el empleo, el avance de la productividad se habr\u00eda ralentizado por sexto trimestre consecutivo, hasta el 1,5 %.<\/p>\n<p>Para el promedio del a\u00f1o estima una moderaci\u00f3n de la remuneraci\u00f3n por asalariado y una ca\u00edda de los costes laborales unitarios del entorno del 1,4 %, lo que \u00abhabr\u00eda permitido la continuaci\u00f3n del proceso de recuperaci\u00f3n de la competitividad\u00bb.<\/p>\n<p>Sobre la oferta destaca que se ha ido atenuando la ca\u00edda de todas las ramas productivas, pero se\u00f1ala que en promedio anual la actividad ha sido inferior a la del a\u00f1o precedente.<\/p>\n","protected":false},"excerpt":{"rendered":"<p>Madrid, 23 ene (EFE).- La econom\u00eda espa\u00f1ola ha dejado atr\u00e1s un a\u00f1o de recesi\u00f3n en el que el PIB ha ca\u00eddo en conjunto un 1,2 %, si bien la evoluci\u00f3n ha ido mejorando gradualmente trimestre a trimestre hasta registrar un avance del 0,3 % entre octubre y diciembre, atribuible a la recuperaci\u00f3n de la demanda [&hellip;]<\/p>\n","protected":false},"author":1,"featured_media":1132184,"comment_status":"closed","ping_status":"open","sticky":false,"template":"","format":"standard","meta":{"footnotes":""},"categories":[1],"tags":[],"class_list":["post-477694","post","type-post","status-publish","format-standard","has-post-thumbnail","hentry","category-actualidad"],"aioseo_notices":[],"aioseo_head":"\n\t\t<!-- All in One SEO Pro 5.0.1 - aioseo.com -->\n\t<meta name=\"description\" content=\"Madrid, 23 ene (EFE).- La econom\u00eda espa\u00f1ola ha dejado atr\u00e1s un a\u00f1o de recesi\u00f3n en el que el PIB ha ca\u00eddo en conjunto un 1,2 %, si bien la evoluci\u00f3n ha ido mejorando gradualmente trimestre a trimestre hasta registrar un avance del 0,3 % entre octubre y diciembre, atribuible a la recuperaci\u00f3n de la demanda\" \/>\n\t<meta name=\"robots\" content=\"max-image-preview:large\" \/>\n\t<meta name=\"author\" content=\"El Digital de Asturias\"\/>\n\t<meta name=\"google-site-verification\" content=\"UA-38556648-1\" \/>\n\t<meta name=\"msvalidate.01\" content=\"7dfe9f3f1b24437ab69f4f2559babe99\" \/>\n\t<meta name=\"keywords\" content=\"actualidad\" \/>\n\t<link rel=\"canonical\" href=\"https:\/\/www.eldigitaldeasturias.com\/noticias\/la-economia-espanola-deja-atras-un-ano-de-recesion\/\" \/>\n\t<meta name=\"generator\" content=\"All in One SEO Pro (AIOSEO) 5.0.1\" \/>\n\t\t<meta property=\"og:locale\" content=\"es_ES\" \/>\n\t\t<meta property=\"og:site_name\" content=\"El Digital de Asturias\" \/>\n\t\t<meta property=\"og:type\" content=\"article\" \/>\n\t\t<meta property=\"og:title\" content=\"La econom\u00eda espa\u00f1ola deja atr\u00e1s un a\u00f1o de recesi\u00f3n - El Digital de Asturias\" \/>\n\t\t<meta property=\"og:description\" content=\"Madrid, 23 ene (EFE).- La econom\u00eda espa\u00f1ola ha dejado atr\u00e1s un a\u00f1o de recesi\u00f3n en el que el PIB ha ca\u00eddo en conjunto un 1,2 %, si bien la evoluci\u00f3n ha ido mejorando gradualmente trimestre a trimestre hasta registrar un avance del 0,3 % entre octubre y diciembre, atribuible a la recuperaci\u00f3n de la demanda\" \/>\n\t\t<meta property=\"og:url\" content=\"https:\/\/www.eldigitaldeasturias.com\/noticias\/la-economia-espanola-deja-atras-un-ano-de-recesion\/\" \/>\n\t\t<meta property=\"og:image\" content=\"https:\/\/www.eldigitaldeasturias.com\/noticias\/wp-content\/uploads\/2026\/06\/Contenidos.jpg\" \/>\n\t\t<meta property=\"og:image:secure_url\" content=\"https:\/\/www.eldigitaldeasturias.com\/noticias\/wp-content\/uploads\/2026\/06\/Contenidos.jpg\" \/>\n\t\t<meta property=\"og:image:width\" content=\"1265\" \/>\n\t\t<meta property=\"og:image:height\" content=\"697\" \/>\n\t\t<meta property=\"article:tag\" content=\"actualidad\" \/>\n\t\t<meta property=\"article:published_time\" content=\"2014-01-23T22:23:50+00:00\" \/>\n\t\t<meta property=\"article:modified_time\" content=\"2014-01-23T22:23:50+00:00\" \/>\n\t\t<meta property=\"article:publisher\" content=\"https:\/\/facebook.com\/eldigitaldeasturias\" \/>\n\t\t<meta name=\"twitter:card\" content=\"summary_large_image\" \/>\n\t\t<meta name=\"twitter:title\" content=\"La econom\u00eda espa\u00f1ola deja atr\u00e1s un a\u00f1o de recesi\u00f3n - El Digital de Asturias\" \/>\n\t\t<meta name=\"twitter:description\" content=\"Madrid, 23 ene (EFE).- La econom\u00eda espa\u00f1ola ha dejado atr\u00e1s un a\u00f1o de recesi\u00f3n en el que el PIB ha ca\u00eddo en conjunto un 1,2 %, si bien la evoluci\u00f3n ha ido mejorando gradualmente trimestre a trimestre hasta registrar un avance del 0,3 % entre octubre y diciembre, atribuible a la recuperaci\u00f3n de la demanda\" \/>\n\t\t<meta name=\"twitter:image\" content=\"https:\/\/www.eldigitaldeasturias.com\/noticias\/wp-content\/uploads\/2026\/06\/Contenidos.jpg\" \/>\n\t\t<meta name=\"twitter:label1\" content=\"Escrito por\" \/>\n\t\t<meta name=\"twitter:data1\" content=\"El Digital de Asturias\" \/>\n\t\t<meta name=\"twitter:label2\" content=\"Tiempo de lectura estimado\" \/>\n\t\t<meta name=\"twitter:data2\" content=\"3 minutos\" \/>\n\t\t<script type=\"application\/ld+json\" class=\"aioseo-schema\">\n\t\t\t{\"@context\":\"https:\\\/\\\/schema.org\",\"@graph\":[{\"@type\":\"BlogPosting\",\"@id\":\"https:\\\/\\\/www.eldigitaldeasturias.com\\\/noticias\\\/la-economia-espanola-deja-atras-un-ano-de-recesion\\\/#blogposting\",\"name\":\"La econom\\u00eda espa\\u00f1ola deja atr\\u00e1s un a\\u00f1o de recesi\\u00f3n - El Digital de Asturias\",\"headline\":\"La econom\\u00eda espa\\u00f1ola deja atr\\u00e1s un a\\u00f1o de recesi\\u00f3n\",\"author\":{\"@id\":\"https:\\\/\\\/www.eldigitaldeasturias.com\\\/noticias\\\/author\\\/admin\\\/#author\"},\"publisher\":{\"@id\":\"https:\\\/\\\/www.eldigitaldeasturias.com\\\/noticias\\\/#organization\"},\"image\":{\"@type\":\"ImageObject\",\"url\":\"https:\\\/\\\/www.eldigitaldeasturias.com\\\/noticias\\\/wp-content\\\/uploads\\\/2026\\\/06\\\/Contenidos.jpg\",\"width\":1265,\"height\":697,\"caption\":\"Contenidos\"},\"datePublished\":\"2014-01-23T21:23:50+01:00\",\"dateModified\":\"2014-01-23T21:23:50+01:00\",\"inLanguage\":\"es-ES\",\"mainEntityOfPage\":{\"@id\":\"https:\\\/\\\/www.eldigitaldeasturias.com\\\/noticias\\\/la-economia-espanola-deja-atras-un-ano-de-recesion\\\/#webpage\"},\"isPartOf\":{\"@id\":\"https:\\\/\\\/www.eldigitaldeasturias.com\\\/noticias\\\/la-economia-espanola-deja-atras-un-ano-de-recesion\\\/#webpage\"},\"articleSection\":\"Actualidad\"},{\"@type\":\"BreadcrumbList\",\"@id\":\"https:\\\/\\\/www.eldigitaldeasturias.com\\\/noticias\\\/la-economia-espanola-deja-atras-un-ano-de-recesion\\\/#breadcrumblist\",\"itemListElement\":[{\"@type\":\"ListItem\",\"@id\":\"https:\\\/\\\/www.eldigitaldeasturias.com\\\/noticias#listItem\",\"position\":1,\"name\":\"Home\",\"item\":\"https:\\\/\\\/www.eldigitaldeasturias.com\\\/noticias\",\"nextItem\":{\"@type\":\"ListItem\",\"@id\":\"https:\\\/\\\/www.eldigitaldeasturias.com\\\/noticias\\\/category\\\/actualidad\\\/#listItem\",\"name\":\"Actualidad\"}},{\"@type\":\"ListItem\",\"@id\":\"https:\\\/\\\/www.eldigitaldeasturias.com\\\/noticias\\\/category\\\/actualidad\\\/#listItem\",\"position\":2,\"name\":\"Actualidad\",\"item\":\"https:\\\/\\\/www.eldigitaldeasturias.com\\\/noticias\\\/category\\\/actualidad\\\/\",\"nextItem\":{\"@type\":\"ListItem\",\"@id\":\"https:\\\/\\\/www.eldigitaldeasturias.com\\\/noticias\\\/la-economia-espanola-deja-atras-un-ano-de-recesion\\\/#listItem\",\"name\":\"La econom\\u00eda espa\\u00f1ola deja atr\\u00e1s un a\\u00f1o de recesi\\u00f3n\"},\"previousItem\":{\"@type\":\"ListItem\",\"@id\":\"https:\\\/\\\/www.eldigitaldeasturias.com\\\/noticias#listItem\",\"name\":\"Home\"}},{\"@type\":\"ListItem\",\"@id\":\"https:\\\/\\\/www.eldigitaldeasturias.com\\\/noticias\\\/la-economia-espanola-deja-atras-un-ano-de-recesion\\\/#listItem\",\"position\":3,\"name\":\"La econom\\u00eda espa\\u00f1ola deja atr\\u00e1s un a\\u00f1o de recesi\\u00f3n\",\"previousItem\":{\"@type\":\"ListItem\",\"@id\":\"https:\\\/\\\/www.eldigitaldeasturias.com\\\/noticias\\\/category\\\/actualidad\\\/#listItem\",\"name\":\"Actualidad\"}}]},{\"@type\":\"Organization\",\"@id\":\"https:\\\/\\\/www.eldigitaldeasturias.com\\\/noticias\\\/#organization\",\"name\":\"El Digital de Asturias\",\"description\":\"Hemeroteca\",\"url\":\"https:\\\/\\\/www.eldigitaldeasturias.com\\\/noticias\\\/\",\"email\":\"info@eldigitaldeasturias.com\",\"telephone\":\"+34652131393\",\"logo\":{\"@type\":\"ImageObject\",\"url\":\"https:\\\/\\\/www.eldigitaldeasturias.com\\\/noticias\\\/wp-content\\\/uploads\\\/2020\\\/12\\\/EDA.jpg\",\"@id\":\"https:\\\/\\\/www.eldigitaldeasturias.com\\\/noticias\\\/la-economia-espanola-deja-atras-un-ano-de-recesion\\\/#organizationLogo\"},\"image\":{\"@id\":\"https:\\\/\\\/www.eldigitaldeasturias.com\\\/noticias\\\/la-economia-espanola-deja-atras-un-ano-de-recesion\\\/#organizationLogo\"},\"sameAs\":[\"https:\\\/\\\/facebook.com\\\/eldigitaldeasturias\",\"https:\\\/\\\/www.youtube.com\\\/channel\\\/UCZP-2wLEB9Rv6erhFmqVnvg\"],\"address\":{\"@id\":\"https:\\\/\\\/www.eldigitaldeasturias.com\\\/noticias\\\/#postaladdress\",\"@type\":\"PostalAddress\",\"streetAddress\":\"san antonio 4\",\"postalCode\":\"33430\",\"addressLocality\":\"Cand\\u00e1s\",\"addressRegion\":\"Asturias\",\"addressCountry\":\"ES\"}},{\"@type\":\"Person\",\"@id\":\"https:\\\/\\\/www.eldigitaldeasturias.com\\\/noticias\\\/author\\\/admin\\\/#author\",\"url\":\"https:\\\/\\\/www.eldigitaldeasturias.com\\\/noticias\\\/author\\\/admin\\\/\",\"name\":\"El Digital de Asturias\",\"image\":{\"@type\":\"ImageObject\",\"@id\":\"https:\\\/\\\/www.eldigitaldeasturias.com\\\/noticias\\\/la-economia-espanola-deja-atras-un-ano-de-recesion\\\/#authorImage\",\"url\":\"https:\\\/\\\/secure.gravatar.com\\\/avatar\\\/df2aeffc32bcd13f8d26072ef8a91b623d677766deac7f97ca815868cd41bf5e?s=96&d=mm&r=g\",\"width\":96,\"height\":96,\"caption\":\"El Digital de Asturias\"}},{\"@type\":\"WebPage\",\"@id\":\"https:\\\/\\\/www.eldigitaldeasturias.com\\\/noticias\\\/la-economia-espanola-deja-atras-un-ano-de-recesion\\\/#webpage\",\"url\":\"https:\\\/\\\/www.eldigitaldeasturias.com\\\/noticias\\\/la-economia-espanola-deja-atras-un-ano-de-recesion\\\/\",\"name\":\"La econom\\u00eda espa\\u00f1ola deja atr\\u00e1s un a\\u00f1o de recesi\\u00f3n - El Digital de Asturias\",\"description\":\"Madrid, 23 ene (EFE).- La econom\\u00eda espa\\u00f1ola ha dejado atr\\u00e1s un a\\u00f1o de recesi\\u00f3n en el que el PIB ha ca\\u00eddo en conjunto un 1,2 %, si bien la evoluci\\u00f3n ha ido mejorando gradualmente trimestre a trimestre hasta registrar un avance del 0,3 % entre octubre y diciembre, atribuible a la recuperaci\\u00f3n de la demanda\",\"inLanguage\":\"es-ES\",\"isPartOf\":{\"@id\":\"https:\\\/\\\/www.eldigitaldeasturias.com\\\/noticias\\\/#website\"},\"breadcrumb\":{\"@id\":\"https:\\\/\\\/www.eldigitaldeasturias.com\\\/noticias\\\/la-economia-espanola-deja-atras-un-ano-de-recesion\\\/#breadcrumblist\"},\"author\":{\"@id\":\"https:\\\/\\\/www.eldigitaldeasturias.com\\\/noticias\\\/author\\\/admin\\\/#author\"},\"creator\":{\"@id\":\"https:\\\/\\\/www.eldigitaldeasturias.com\\\/noticias\\\/author\\\/admin\\\/#author\"},\"image\":{\"@type\":\"ImageObject\",\"url\":\"https:\\\/\\\/www.eldigitaldeasturias.com\\\/noticias\\\/wp-content\\\/uploads\\\/2026\\\/06\\\/Contenidos.jpg\",\"@id\":\"https:\\\/\\\/www.eldigitaldeasturias.com\\\/noticias\\\/la-economia-espanola-deja-atras-un-ano-de-recesion\\\/#mainImage\",\"width\":1265,\"height\":697,\"caption\":\"Contenidos\"},\"primaryImageOfPage\":{\"@id\":\"https:\\\/\\\/www.eldigitaldeasturias.com\\\/noticias\\\/la-economia-espanola-deja-atras-un-ano-de-recesion\\\/#mainImage\"},\"datePublished\":\"2014-01-23T21:23:50+01:00\",\"dateModified\":\"2014-01-23T21:23:50+01:00\"},{\"@type\":\"WebSite\",\"@id\":\"https:\\\/\\\/www.eldigitaldeasturias.com\\\/noticias\\\/#website\",\"url\":\"https:\\\/\\\/www.eldigitaldeasturias.com\\\/noticias\\\/\",\"name\":\"El Digital de Asturias - Diario de actualidad y noticias\",\"alternateName\":\"El Digital de Asturias - Diario de actualidad y noticias\",\"description\":\"Hemeroteca\",\"inLanguage\":\"es-ES\",\"publisher\":{\"@id\":\"https:\\\/\\\/www.eldigitaldeasturias.com\\\/noticias\\\/#organization\"}}]}\n\t\t<\/script>\n\t\t<!-- All in One SEO Pro -->\r\n\t\t<title>La econom\u00eda espa\u00f1ola deja atr\u00e1s un a\u00f1o de recesi\u00f3n - El Digital de Asturias<\/title>\n\n","aioseo_head_json":{"title":"La econom\u00eda espa\u00f1ola deja atr\u00e1s un a\u00f1o de recesi\u00f3n - El Digital de Asturias","description":"Madrid, 23 ene (EFE).- La econom\u00eda espa\u00f1ola ha dejado atr\u00e1s un a\u00f1o de recesi\u00f3n en el que el PIB ha ca\u00eddo en conjunto un 1,2 %, si bien la evoluci\u00f3n ha ido mejorando gradualmente trimestre a trimestre hasta registrar un avance del 0,3 % entre octubre y diciembre, atribuible a la recuperaci\u00f3n de la demanda","canonical_url":"https:\/\/www.eldigitaldeasturias.com\/noticias\/la-economia-espanola-deja-atras-un-ano-de-recesion\/","robots":"max-image-preview:large","keywords":"actualidad","webmasterTools":{"google-site-verification":"UA-38556648-1","msvalidate.01":"7dfe9f3f1b24437ab69f4f2559babe99","miscellaneous":""},"schema":{"@context":"https:\/\/schema.org","@graph":[{"@type":"BlogPosting","@id":"https:\/\/www.eldigitaldeasturias.com\/noticias\/la-economia-espanola-deja-atras-un-ano-de-recesion\/#blogposting","name":"La econom\u00eda espa\u00f1ola deja atr\u00e1s un a\u00f1o de recesi\u00f3n - El Digital de Asturias","headline":"La econom\u00eda espa\u00f1ola deja atr\u00e1s un a\u00f1o de recesi\u00f3n","author":{"@id":"https:\/\/www.eldigitaldeasturias.com\/noticias\/author\/admin\/#author"},"publisher":{"@id":"https:\/\/www.eldigitaldeasturias.com\/noticias\/#organization"},"image":{"@type":"ImageObject","url":"https:\/\/www.eldigitaldeasturias.com\/noticias\/wp-content\/uploads\/2026\/06\/Contenidos.jpg","width":1265,"height":697,"caption":"Contenidos"},"datePublished":"2014-01-23T21:23:50+01:00","dateModified":"2014-01-23T21:23:50+01:00","inLanguage":"es-ES","mainEntityOfPage":{"@id":"https:\/\/www.eldigitaldeasturias.com\/noticias\/la-economia-espanola-deja-atras-un-ano-de-recesion\/#webpage"},"isPartOf":{"@id":"https:\/\/www.eldigitaldeasturias.com\/noticias\/la-economia-espanola-deja-atras-un-ano-de-recesion\/#webpage"},"articleSection":"Actualidad"},{"@type":"BreadcrumbList","@id":"https:\/\/www.eldigitaldeasturias.com\/noticias\/la-economia-espanola-deja-atras-un-ano-de-recesion\/#breadcrumblist","itemListElement":[{"@type":"ListItem","@id":"https:\/\/www.eldigitaldeasturias.com\/noticias#listItem","position":1,"name":"Home","item":"https:\/\/www.eldigitaldeasturias.com\/noticias","nextItem":{"@type":"ListItem","@id":"https:\/\/www.eldigitaldeasturias.com\/noticias\/category\/actualidad\/#listItem","name":"Actualidad"}},{"@type":"ListItem","@id":"https:\/\/www.eldigitaldeasturias.com\/noticias\/category\/actualidad\/#listItem","position":2,"name":"Actualidad","item":"https:\/\/www.eldigitaldeasturias.com\/noticias\/category\/actualidad\/","nextItem":{"@type":"ListItem","@id":"https:\/\/www.eldigitaldeasturias.com\/noticias\/la-economia-espanola-deja-atras-un-ano-de-recesion\/#listItem","name":"La econom\u00eda espa\u00f1ola deja atr\u00e1s un a\u00f1o de recesi\u00f3n"},"previousItem":{"@type":"ListItem","@id":"https:\/\/www.eldigitaldeasturias.com\/noticias#listItem","name":"Home"}},{"@type":"ListItem","@id":"https:\/\/www.eldigitaldeasturias.com\/noticias\/la-economia-espanola-deja-atras-un-ano-de-recesion\/#listItem","position":3,"name":"La econom\u00eda espa\u00f1ola deja atr\u00e1s un a\u00f1o de recesi\u00f3n","previousItem":{"@type":"ListItem","@id":"https:\/\/www.eldigitaldeasturias.com\/noticias\/category\/actualidad\/#listItem","name":"Actualidad"}}]},{"@type":"Organization","@id":"https:\/\/www.eldigitaldeasturias.com\/noticias\/#organization","name":"El Digital de Asturias","description":"Hemeroteca","url":"https:\/\/www.eldigitaldeasturias.com\/noticias\/","email":"info@eldigitaldeasturias.com","telephone":"+34652131393","logo":{"@type":"ImageObject","url":"https:\/\/www.eldigitaldeasturias.com\/noticias\/wp-content\/uploads\/2020\/12\/EDA.jpg","@id":"https:\/\/www.eldigitaldeasturias.com\/noticias\/la-economia-espanola-deja-atras-un-ano-de-recesion\/#organizationLogo"},"image":{"@id":"https:\/\/www.eldigitaldeasturias.com\/noticias\/la-economia-espanola-deja-atras-un-ano-de-recesion\/#organizationLogo"},"sameAs":["https:\/\/facebook.com\/eldigitaldeasturias","https:\/\/www.youtube.com\/channel\/UCZP-2wLEB9Rv6erhFmqVnvg"],"address":{"@id":"https:\/\/www.eldigitaldeasturias.com\/noticias\/#postaladdress","@type":"PostalAddress","streetAddress":"san antonio 4","postalCode":"33430","addressLocality":"Cand\u00e1s","addressRegion":"Asturias","addressCountry":"ES"}},{"@type":"Person","@id":"https:\/\/www.eldigitaldeasturias.com\/noticias\/author\/admin\/#author","url":"https:\/\/www.eldigitaldeasturias.com\/noticias\/author\/admin\/","name":"El Digital de Asturias","image":{"@type":"ImageObject","@id":"https:\/\/www.eldigitaldeasturias.com\/noticias\/la-economia-espanola-deja-atras-un-ano-de-recesion\/#authorImage","url":"https:\/\/secure.gravatar.com\/avatar\/df2aeffc32bcd13f8d26072ef8a91b623d677766deac7f97ca815868cd41bf5e?s=96&d=mm&r=g","width":96,"height":96,"caption":"El Digital de Asturias"}},{"@type":"WebPage","@id":"https:\/\/www.eldigitaldeasturias.com\/noticias\/la-economia-espanola-deja-atras-un-ano-de-recesion\/#webpage","url":"https:\/\/www.eldigitaldeasturias.com\/noticias\/la-economia-espanola-deja-atras-un-ano-de-recesion\/","name":"La econom\u00eda espa\u00f1ola deja atr\u00e1s un a\u00f1o de recesi\u00f3n - El Digital de Asturias","description":"Madrid, 23 ene (EFE).- La econom\u00eda espa\u00f1ola ha dejado atr\u00e1s un a\u00f1o de recesi\u00f3n en el que el PIB ha ca\u00eddo en conjunto un 1,2 %, si bien la evoluci\u00f3n ha ido mejorando gradualmente trimestre a trimestre hasta registrar un avance del 0,3 % entre octubre y diciembre, atribuible a la recuperaci\u00f3n de la demanda","inLanguage":"es-ES","isPartOf":{"@id":"https:\/\/www.eldigitaldeasturias.com\/noticias\/#website"},"breadcrumb":{"@id":"https:\/\/www.eldigitaldeasturias.com\/noticias\/la-economia-espanola-deja-atras-un-ano-de-recesion\/#breadcrumblist"},"author":{"@id":"https:\/\/www.eldigitaldeasturias.com\/noticias\/author\/admin\/#author"},"creator":{"@id":"https:\/\/www.eldigitaldeasturias.com\/noticias\/author\/admin\/#author"},"image":{"@type":"ImageObject","url":"https:\/\/www.eldigitaldeasturias.com\/noticias\/wp-content\/uploads\/2026\/06\/Contenidos.jpg","@id":"https:\/\/www.eldigitaldeasturias.com\/noticias\/la-economia-espanola-deja-atras-un-ano-de-recesion\/#mainImage","width":1265,"height":697,"caption":"Contenidos"},"primaryImageOfPage":{"@id":"https:\/\/www.eldigitaldeasturias.com\/noticias\/la-economia-espanola-deja-atras-un-ano-de-recesion\/#mainImage"},"datePublished":"2014-01-23T21:23:50+01:00","dateModified":"2014-01-23T21:23:50+01:00"},{"@type":"WebSite","@id":"https:\/\/www.eldigitaldeasturias.com\/noticias\/#website","url":"https:\/\/www.eldigitaldeasturias.com\/noticias\/","name":"El Digital de Asturias - Diario de actualidad y noticias","alternateName":"El Digital de Asturias - Diario de actualidad y noticias","description":"Hemeroteca","inLanguage":"es-ES","publisher":{"@id":"https:\/\/www.eldigitaldeasturias.com\/noticias\/#organization"}}]},"og:locale":"es_ES","og:site_name":"El Digital de Asturias","og:type":"article","og:title":"La econom\u00eda espa\u00f1ola deja atr\u00e1s un a\u00f1o de recesi\u00f3n - El Digital de Asturias","og:description":"Madrid, 23 ene (EFE).- La econom\u00eda espa\u00f1ola ha dejado atr\u00e1s un a\u00f1o de recesi\u00f3n en el que el PIB ha ca\u00eddo en conjunto un 1,2 %, si bien la evoluci\u00f3n ha ido mejorando gradualmente trimestre a trimestre hasta registrar un avance del 0,3 % entre octubre y diciembre, atribuible a la recuperaci\u00f3n de la demanda","og:url":"https:\/\/www.eldigitaldeasturias.com\/noticias\/la-economia-espanola-deja-atras-un-ano-de-recesion\/","og:image":"https:\/\/www.eldigitaldeasturias.com\/noticias\/wp-content\/uploads\/2026\/06\/Contenidos.jpg","og:image:secure_url":"https:\/\/www.eldigitaldeasturias.com\/noticias\/wp-content\/uploads\/2026\/06\/Contenidos.jpg","og:image:width":1265,"og:image:height":697,"article:tag":["actualidad"],"article:published_time":"2014-01-23T22:23:50+00:00","article:modified_time":"2014-01-23T22:23:50+00:00","article:publisher":"https:\/\/facebook.com\/eldigitaldeasturias","twitter:card":"summary_large_image","twitter:title":"La econom\u00eda espa\u00f1ola deja atr\u00e1s un a\u00f1o de recesi\u00f3n - El Digital de Asturias","twitter:description":"Madrid, 23 ene (EFE).- La econom\u00eda espa\u00f1ola ha dejado atr\u00e1s un a\u00f1o de recesi\u00f3n en el que el PIB ha ca\u00eddo en conjunto un 1,2 %, si bien la evoluci\u00f3n ha ido mejorando gradualmente trimestre a trimestre hasta registrar un avance del 0,3 % entre octubre y diciembre, atribuible a la recuperaci\u00f3n de la demanda","twitter:image":"https:\/\/www.eldigitaldeasturias.com\/noticias\/wp-content\/uploads\/2026\/06\/Contenidos.jpg","twitter:label1":"Escrito por","twitter:data1":"El Digital de Asturias","twitter:label2":"Tiempo de lectura estimado","twitter:data2":"3 minutos"},"aioseo_meta_data":{"post_id":"477694","title":null,"description":null,"keywords":null,"keyphrases":null,"primary_term":null,"canonical_url":null,"og_title":null,"og_description":null,"og_object_type":"default","og_image_type":"default","og_image_url":null,"og_image_width":null,"og_image_height":null,"og_image_custom_url":null,"og_image_custom_fields":null,"og_video":null,"og_custom_url":null,"og_article_section":null,"og_article_tags":null,"twitter_use_og":true,"twitter_card":"default","twitter_image_type":"default","twitter_image_url":null,"twitter_image_custom_url":null,"twitter_image_custom_fields":null,"twitter_title":null,"twitter_description":null,"schema":{"blockGraphs":[],"customGraphs":[],"default":{"data":{"Article":[],"Course":[],"Dataset":[],"FAQPage":[],"Movie":[],"Person":[],"Product":[],"ProductReview":[],"Car":[],"Recipe":[],"Service":[],"SoftwareApplication":[],"WebPage":[]},"graphName":"","isEnabled":true},"graphs":[],"defaultGraph":"","defaultPostTypeGraph":""},"schema_type":null,"schema_type_options":null,"pillar_content":false,"robots_default":true,"robots_noindex":false,"robots_noarchive":false,"robots_nosnippet":false,"robots_nofollow":false,"robots_noimageindex":false,"robots_noodp":false,"robots_notranslate":false,"robots_max_snippet":null,"robots_max_videopreview":null,"robots_max_imagepreview":"none","priority":null,"frequency":null,"local_seo":null,"seo_analyzer_scan_date":"2026-06-01 19:19:59","breadcrumb_settings":null,"limit_modified_date":false,"open_ai":null,"ai":null,"created":"2020-11-14 22:53:46","updated":"2026-06-01 19:19:59","focus_keyword":null,"additional_keywords":null,"truseo_locale":null},"aioseo_breadcrumb":"<div class=\"aioseo-breadcrumbs\"><span class=\"aioseo-breadcrumb\">\n\t<a href=\"https:\/\/www.eldigitaldeasturias.com\/noticias\" title=\"Home\">Home<\/a>\n<\/span><span class=\"aioseo-breadcrumb-separator\">\u2013<\/span><span class=\"aioseo-breadcrumb\">\n\t<a href=\"https:\/\/www.eldigitaldeasturias.com\/noticias\/category\/actualidad\/\" title=\"Actualidad\">Actualidad<\/a>\n<\/span><span class=\"aioseo-breadcrumb-separator\">\u2013<\/span><span class=\"aioseo-breadcrumb\">\n\t<a href=\"https:\/\/www.eldigitaldeasturias.com\/noticias\/la-economia-espanola-deja-atras-un-ano-de-recesion\/\" title=\"La econom\u00eda espa\u00f1ola deja atr\u00e1s un a\u00f1o de recesi\u00f3n\">La econom\u00eda espa\u00f1ola deja atr\u00e1s un a\u00f1o de recesi\u00f3n<\/a>\n<\/span><\/div>","aioseo_breadcrumb_json":[{"label":"Home","link":"https:\/\/www.eldigitaldeasturias.com\/noticias"},{"label":"Actualidad","link":"https:\/\/www.eldigitaldeasturias.com\/noticias\/category\/actualidad\/"},{"label":"La econom\u00eda espa\u00f1ola deja atr\u00e1s un a\u00f1o de recesi\u00f3n","link":"https:\/\/www.eldigitaldeasturias.com\/noticias\/la-economia-espanola-deja-atras-un-ano-de-recesion\/"}],"_links":{"self":[{"href":"https:\/\/www.eldigitaldeasturias.com\/noticias\/wp-json\/wp\/v2\/posts\/477694","targetHints":{"allow":["GET"]}}],"collection":[{"href":"https:\/\/www.eldigitaldeasturias.com\/noticias\/wp-json\/wp\/v2\/posts"}],"about":[{"href":"https:\/\/www.eldigitaldeasturias.com\/noticias\/wp-json\/wp\/v2\/types\/post"}],"author":[{"embeddable":true,"href":"https:\/\/www.eldigitaldeasturias.com\/noticias\/wp-json\/wp\/v2\/users\/1"}],"replies":[{"embeddable":true,"href":"https:\/\/www.eldigitaldeasturias.com\/noticias\/wp-json\/wp\/v2\/comments?post=477694"}],"version-history":[{"count":0,"href":"https:\/\/www.eldigitaldeasturias.com\/noticias\/wp-json\/wp\/v2\/posts\/477694\/revisions"}],"wp:featuredmedia":[{"embeddable":true,"href":"https:\/\/www.eldigitaldeasturias.com\/noticias\/wp-json\/wp\/v2\/media\/1132184"}],"wp:attachment":[{"href":"https:\/\/www.eldigitaldeasturias.com\/noticias\/wp-json\/wp\/v2\/media?parent=477694"}],"wp:term":[{"taxonomy":"category","embeddable":true,"href":"https:\/\/www.eldigitaldeasturias.com\/noticias\/wp-json\/wp\/v2\/categories?post=477694"},{"taxonomy":"post_tag","embeddable":true,"href":"https:\/\/www.eldigitaldeasturias.com\/noticias\/wp-json\/wp\/v2\/tags?post=477694"}],"curies":[{"name":"wp","href":"https:\/\/api.w.org\/{rel}","templated":true}]}}