{"id":477685,"date":"2014-01-23T21:19:57","date_gmt":"2014-01-23T22:19:57","guid":{"rendered":"http:\/\/www.eldigitaldeasturias.com\/noticias\/?p=477685"},"modified":"2014-01-23T21:19:57","modified_gmt":"2014-01-23T22:19:57","slug":"marruecos-rechaza-la-observacion-electoral-internacional-porque-no-somos-sudan","status":"publish","type":"post","link":"https:\/\/www.eldigitaldeasturias.com\/noticias\/marruecos-rechaza-la-observacion-electoral-internacional-porque-no-somos-sudan\/","title":{"rendered":"Marruecos rechaza la observaci\u00f3n electoral internacional \u00abporque no somos Sud\u00e1n\u00bb"},"content":{"rendered":"<p><img loading=\"lazy\" decoding=\"async\" class=\"alignleft size-medium wp-image-477686\" alt=\"5870482w\" src=\"https:\/\/www.eldigitaldeasturias.com\/noticias\/wp-content\/uploads\/2014\/01\/5870482w-360x239.jpg\" width=\"360\" height=\"239\" \/>Rabat, 23 ene (EFE).- El ministro de Interior marroqu\u00ed, Mohamed Hasad, descart\u00f3 solicitar la supervisi\u00f3n de elecciones por parte de organismos internacionales argumentando que su pa\u00eds no es como Sud\u00e1n, seg\u00fan relata hoy el diario local Al Masae.<\/p>\n<p>\u00abNo somos un pa\u00eds como Sud\u00e1n, por ejemplo, para que vengan organismos internacionales a supervisar las elecciones\u00bb dijo Hasad comentando una propuesta de ley del islamista Partido Justicia y Desarrollo (PJD, en el Gobierno).<\/p>\n<p>El ministro de Interior marroqu\u00ed, que hizo estas declaraciones ayer en la Comisi\u00f3n Parlamentaria de Interior y Juntas Territoriales en el Parlamento, explic\u00f3 que \u00abno se sabe quien est\u00e1 detr\u00e1s de estos organismos\u00bb consider\u00f3 que la supervisi\u00f3n de elecciones es un asunto complicado.<\/p>\n<p>El Consejo Nacional de Derechos Humanos (CNDH) es el organismo oficial encargado de organizar las formas de supervisi\u00f3n imparcial de las elecciones y facilitar tarjetas a observadores nacionales e internacionales; estos \u00faltimos son casi inexistentes.<\/p>\n<p>La propuesta de ley del PJD contempla abrir la puerta a los organismos internacionales que gozan de una credibilidad para supervisar las elecciones en Marruecos, concretamente los organismos dependientes de la Organizaci\u00f3n de las Naciones Unidas (ONU).<\/p>\n<p>El PJD gan\u00f3 las pasadas elecciones de 2011, muy por delante de los dem\u00e1s partidos, y obtuvo 109 esca\u00f1os de los 390 en liza, pero los analistas consideran que con un reparto de circunscripciones distinto, podr\u00eda haber obtenido muchos m\u00e1s esca\u00f1os.<\/p>\n<p>Marruecos tiene previsto organizar las elecciones municipales en 2015 -que ya fueron retrasadas desde el a\u00f1o 2012 a la espera de finalizar las leyes electorales- y las legislativas en 2016.<\/p>\n","protected":false},"excerpt":{"rendered":"<p>Rabat, 23 ene (EFE).- El ministro de Interior marroqu\u00ed, Mohamed Hasad, descart\u00f3 solicitar la supervisi\u00f3n de elecciones por parte de organismos internacionales argumentando que su pa\u00eds no es como Sud\u00e1n, seg\u00fan relata hoy el diario local Al Masae. \u00abNo somos un pa\u00eds como Sud\u00e1n, por ejemplo, para que vengan organismos internacionales a supervisar las elecciones\u00bb [&hellip;]<\/p>\n","protected":false},"author":1,"featured_media":1132184,"comment_status":"closed","ping_status":"open","sticky":false,"template":"","format":"standard","meta":{"footnotes":""},"categories":[1],"tags":[],"class_list":["post-477685","post","type-post","status-publish","format-standard","has-post-thumbnail","hentry","category-actualidad"],"aioseo_notices":[],"aioseo_head":"\n\t\t<!-- All in One SEO Pro 5.0.1 - aioseo.com -->\n\t<meta name=\"description\" content=\"Rabat, 23 ene (EFE).- El ministro de Interior marroqu\u00ed, Mohamed Hasad, descart\u00f3 solicitar la supervisi\u00f3n de elecciones por parte de organismos internacionales argumentando que su pa\u00eds no es como Sud\u00e1n, seg\u00fan relata hoy el diario local Al Masae. &quot;No somos un pa\u00eds como Sud\u00e1n, por ejemplo, para que vengan organismos internacionales a supervisar las elecciones&quot;\" \/>\n\t<meta name=\"robots\" content=\"max-image-preview:large\" \/>\n\t<meta name=\"author\" content=\"El Digital de Asturias\"\/>\n\t<meta name=\"google-site-verification\" content=\"UA-38556648-1\" \/>\n\t<meta name=\"msvalidate.01\" content=\"7dfe9f3f1b24437ab69f4f2559babe99\" \/>\n\t<meta name=\"keywords\" content=\"actualidad\" \/>\n\t<link rel=\"canonical\" href=\"https:\/\/www.eldigitaldeasturias.com\/noticias\/marruecos-rechaza-la-observacion-electoral-internacional-porque-no-somos-sudan\/\" \/>\n\t<meta name=\"generator\" content=\"All in One SEO Pro (AIOSEO) 5.0.1\" \/>\n\t\t<meta property=\"og:locale\" content=\"es_ES\" \/>\n\t\t<meta property=\"og:site_name\" content=\"El Digital de Asturias\" \/>\n\t\t<meta property=\"og:type\" content=\"article\" \/>\n\t\t<meta property=\"og:title\" content=\"Marruecos rechaza la observaci\u00f3n electoral internacional \u00abporque no somos Sud\u00e1n\u00bb - El Digital de Asturias\" \/>\n\t\t<meta property=\"og:description\" content=\"Rabat, 23 ene (EFE).- El ministro de Interior marroqu\u00ed, Mohamed Hasad, descart\u00f3 solicitar la supervisi\u00f3n de elecciones por parte de organismos internacionales argumentando que su pa\u00eds no es como Sud\u00e1n, seg\u00fan relata hoy el diario local Al Masae. &quot;No somos un pa\u00eds como Sud\u00e1n, por ejemplo, para que vengan organismos internacionales a supervisar las elecciones&quot;\" \/>\n\t\t<meta property=\"og:url\" content=\"https:\/\/www.eldigitaldeasturias.com\/noticias\/marruecos-rechaza-la-observacion-electoral-internacional-porque-no-somos-sudan\/\" \/>\n\t\t<meta property=\"og:image\" content=\"https:\/\/www.eldigitaldeasturias.com\/noticias\/wp-content\/uploads\/2026\/06\/Contenidos.jpg\" \/>\n\t\t<meta property=\"og:image:secure_url\" content=\"https:\/\/www.eldigitaldeasturias.com\/noticias\/wp-content\/uploads\/2026\/06\/Contenidos.jpg\" \/>\n\t\t<meta property=\"og:image:width\" content=\"1265\" \/>\n\t\t<meta property=\"og:image:height\" content=\"697\" \/>\n\t\t<meta property=\"article:tag\" content=\"actualidad\" \/>\n\t\t<meta property=\"article:published_time\" content=\"2014-01-23T22:19:57+00:00\" \/>\n\t\t<meta property=\"article:modified_time\" content=\"2014-01-23T22:19:57+00:00\" \/>\n\t\t<meta property=\"article:publisher\" content=\"https:\/\/facebook.com\/eldigitaldeasturias\" \/>\n\t\t<meta name=\"twitter:card\" content=\"summary_large_image\" \/>\n\t\t<meta name=\"twitter:title\" content=\"Marruecos rechaza la observaci\u00f3n electoral internacional \u00abporque no somos Sud\u00e1n\u00bb - El Digital de Asturias\" \/>\n\t\t<meta name=\"twitter:description\" content=\"Rabat, 23 ene (EFE).- El ministro de Interior marroqu\u00ed, Mohamed Hasad, descart\u00f3 solicitar la supervisi\u00f3n de elecciones por parte de organismos internacionales argumentando que su pa\u00eds no es como Sud\u00e1n, seg\u00fan relata hoy el diario local Al Masae. &quot;No somos un pa\u00eds como Sud\u00e1n, por ejemplo, para que vengan organismos internacionales a supervisar las elecciones&quot;\" \/>\n\t\t<meta name=\"twitter:image\" content=\"https:\/\/www.eldigitaldeasturias.com\/noticias\/wp-content\/uploads\/2026\/06\/Contenidos.jpg\" \/>\n\t\t<meta name=\"twitter:label1\" content=\"Escrito por\" \/>\n\t\t<meta name=\"twitter:data1\" content=\"El Digital de Asturias\" \/>\n\t\t<meta name=\"twitter:label2\" content=\"Tiempo de lectura estimado\" \/>\n\t\t<meta name=\"twitter:data2\" content=\"1 minuto\" \/>\n\t\t<script type=\"application\/ld+json\" class=\"aioseo-schema\">\n\t\t\t{\"@context\":\"https:\\\/\\\/schema.org\",\"@graph\":[{\"@type\":\"BlogPosting\",\"@id\":\"https:\\\/\\\/www.eldigitaldeasturias.com\\\/noticias\\\/marruecos-rechaza-la-observacion-electoral-internacional-porque-no-somos-sudan\\\/#blogposting\",\"name\":\"Marruecos rechaza la observaci\\u00f3n electoral internacional \\u00abporque no somos Sud\\u00e1n\\u00bb - El Digital de Asturias\",\"headline\":\"Marruecos rechaza la observaci\\u00f3n electoral internacional \\u00abporque no somos Sud\\u00e1n\\u00bb\",\"author\":{\"@id\":\"https:\\\/\\\/www.eldigitaldeasturias.com\\\/noticias\\\/author\\\/admin\\\/#author\"},\"publisher\":{\"@id\":\"https:\\\/\\\/www.eldigitaldeasturias.com\\\/noticias\\\/#organization\"},\"image\":{\"@type\":\"ImageObject\",\"url\":\"https:\\\/\\\/www.eldigitaldeasturias.com\\\/noticias\\\/wp-content\\\/uploads\\\/2026\\\/06\\\/Contenidos.jpg\",\"width\":1265,\"height\":697,\"caption\":\"Contenidos\"},\"datePublished\":\"2014-01-23T21:19:57+01:00\",\"dateModified\":\"2014-01-23T21:19:57+01:00\",\"inLanguage\":\"es-ES\",\"mainEntityOfPage\":{\"@id\":\"https:\\\/\\\/www.eldigitaldeasturias.com\\\/noticias\\\/marruecos-rechaza-la-observacion-electoral-internacional-porque-no-somos-sudan\\\/#webpage\"},\"isPartOf\":{\"@id\":\"https:\\\/\\\/www.eldigitaldeasturias.com\\\/noticias\\\/marruecos-rechaza-la-observacion-electoral-internacional-porque-no-somos-sudan\\\/#webpage\"},\"articleSection\":\"Actualidad\"},{\"@type\":\"BreadcrumbList\",\"@id\":\"https:\\\/\\\/www.eldigitaldeasturias.com\\\/noticias\\\/marruecos-rechaza-la-observacion-electoral-internacional-porque-no-somos-sudan\\\/#breadcrumblist\",\"itemListElement\":[{\"@type\":\"ListItem\",\"@id\":\"https:\\\/\\\/www.eldigitaldeasturias.com\\\/noticias#listItem\",\"position\":1,\"name\":\"Home\",\"item\":\"https:\\\/\\\/www.eldigitaldeasturias.com\\\/noticias\",\"nextItem\":{\"@type\":\"ListItem\",\"@id\":\"https:\\\/\\\/www.eldigitaldeasturias.com\\\/noticias\\\/category\\\/actualidad\\\/#listItem\",\"name\":\"Actualidad\"}},{\"@type\":\"ListItem\",\"@id\":\"https:\\\/\\\/www.eldigitaldeasturias.com\\\/noticias\\\/category\\\/actualidad\\\/#listItem\",\"position\":2,\"name\":\"Actualidad\",\"item\":\"https:\\\/\\\/www.eldigitaldeasturias.com\\\/noticias\\\/category\\\/actualidad\\\/\",\"nextItem\":{\"@type\":\"ListItem\",\"@id\":\"https:\\\/\\\/www.eldigitaldeasturias.com\\\/noticias\\\/marruecos-rechaza-la-observacion-electoral-internacional-porque-no-somos-sudan\\\/#listItem\",\"name\":\"Marruecos rechaza la observaci\\u00f3n electoral internacional \\u00abporque no somos Sud\\u00e1n\\u00bb\"},\"previousItem\":{\"@type\":\"ListItem\",\"@id\":\"https:\\\/\\\/www.eldigitaldeasturias.com\\\/noticias#listItem\",\"name\":\"Home\"}},{\"@type\":\"ListItem\",\"@id\":\"https:\\\/\\\/www.eldigitaldeasturias.com\\\/noticias\\\/marruecos-rechaza-la-observacion-electoral-internacional-porque-no-somos-sudan\\\/#listItem\",\"position\":3,\"name\":\"Marruecos rechaza la observaci\\u00f3n electoral internacional \\u00abporque no somos Sud\\u00e1n\\u00bb\",\"previousItem\":{\"@type\":\"ListItem\",\"@id\":\"https:\\\/\\\/www.eldigitaldeasturias.com\\\/noticias\\\/category\\\/actualidad\\\/#listItem\",\"name\":\"Actualidad\"}}]},{\"@type\":\"Organization\",\"@id\":\"https:\\\/\\\/www.eldigitaldeasturias.com\\\/noticias\\\/#organization\",\"name\":\"El Digital de Asturias\",\"description\":\"Hemeroteca\",\"url\":\"https:\\\/\\\/www.eldigitaldeasturias.com\\\/noticias\\\/\",\"email\":\"info@eldigitaldeasturias.com\",\"telephone\":\"+34652131393\",\"logo\":{\"@type\":\"ImageObject\",\"url\":\"https:\\\/\\\/www.eldigitaldeasturias.com\\\/noticias\\\/wp-content\\\/uploads\\\/2020\\\/12\\\/EDA.jpg\",\"@id\":\"https:\\\/\\\/www.eldigitaldeasturias.com\\\/noticias\\\/marruecos-rechaza-la-observacion-electoral-internacional-porque-no-somos-sudan\\\/#organizationLogo\"},\"image\":{\"@id\":\"https:\\\/\\\/www.eldigitaldeasturias.com\\\/noticias\\\/marruecos-rechaza-la-observacion-electoral-internacional-porque-no-somos-sudan\\\/#organizationLogo\"},\"sameAs\":[\"https:\\\/\\\/facebook.com\\\/eldigitaldeasturias\",\"https:\\\/\\\/www.youtube.com\\\/channel\\\/UCZP-2wLEB9Rv6erhFmqVnvg\"],\"address\":{\"@id\":\"https:\\\/\\\/www.eldigitaldeasturias.com\\\/noticias\\\/#postaladdress\",\"@type\":\"PostalAddress\",\"streetAddress\":\"san antonio 4\",\"postalCode\":\"33430\",\"addressLocality\":\"Cand\\u00e1s\",\"addressRegion\":\"Asturias\",\"addressCountry\":\"ES\"}},{\"@type\":\"Person\",\"@id\":\"https:\\\/\\\/www.eldigitaldeasturias.com\\\/noticias\\\/author\\\/admin\\\/#author\",\"url\":\"https:\\\/\\\/www.eldigitaldeasturias.com\\\/noticias\\\/author\\\/admin\\\/\",\"name\":\"El Digital de Asturias\",\"image\":{\"@type\":\"ImageObject\",\"@id\":\"https:\\\/\\\/www.eldigitaldeasturias.com\\\/noticias\\\/marruecos-rechaza-la-observacion-electoral-internacional-porque-no-somos-sudan\\\/#authorImage\",\"url\":\"https:\\\/\\\/secure.gravatar.com\\\/avatar\\\/df2aeffc32bcd13f8d26072ef8a91b623d677766deac7f97ca815868cd41bf5e?s=96&d=mm&r=g\",\"width\":96,\"height\":96,\"caption\":\"El Digital de Asturias\"}},{\"@type\":\"WebPage\",\"@id\":\"https:\\\/\\\/www.eldigitaldeasturias.com\\\/noticias\\\/marruecos-rechaza-la-observacion-electoral-internacional-porque-no-somos-sudan\\\/#webpage\",\"url\":\"https:\\\/\\\/www.eldigitaldeasturias.com\\\/noticias\\\/marruecos-rechaza-la-observacion-electoral-internacional-porque-no-somos-sudan\\\/\",\"name\":\"Marruecos rechaza la observaci\\u00f3n electoral internacional \\u00abporque no somos Sud\\u00e1n\\u00bb - El Digital de Asturias\",\"description\":\"Rabat, 23 ene (EFE).- El ministro de Interior marroqu\\u00ed, Mohamed Hasad, descart\\u00f3 solicitar la supervisi\\u00f3n de elecciones por parte de organismos internacionales argumentando que su pa\\u00eds no es como Sud\\u00e1n, seg\\u00fan relata hoy el diario local Al Masae. \\\"No somos un pa\\u00eds como Sud\\u00e1n, por ejemplo, para que vengan organismos internacionales a supervisar las elecciones\\\"\",\"inLanguage\":\"es-ES\",\"isPartOf\":{\"@id\":\"https:\\\/\\\/www.eldigitaldeasturias.com\\\/noticias\\\/#website\"},\"breadcrumb\":{\"@id\":\"https:\\\/\\\/www.eldigitaldeasturias.com\\\/noticias\\\/marruecos-rechaza-la-observacion-electoral-internacional-porque-no-somos-sudan\\\/#breadcrumblist\"},\"author\":{\"@id\":\"https:\\\/\\\/www.eldigitaldeasturias.com\\\/noticias\\\/author\\\/admin\\\/#author\"},\"creator\":{\"@id\":\"https:\\\/\\\/www.eldigitaldeasturias.com\\\/noticias\\\/author\\\/admin\\\/#author\"},\"image\":{\"@type\":\"ImageObject\",\"url\":\"https:\\\/\\\/www.eldigitaldeasturias.com\\\/noticias\\\/wp-content\\\/uploads\\\/2026\\\/06\\\/Contenidos.jpg\",\"@id\":\"https:\\\/\\\/www.eldigitaldeasturias.com\\\/noticias\\\/marruecos-rechaza-la-observacion-electoral-internacional-porque-no-somos-sudan\\\/#mainImage\",\"width\":1265,\"height\":697,\"caption\":\"Contenidos\"},\"primaryImageOfPage\":{\"@id\":\"https:\\\/\\\/www.eldigitaldeasturias.com\\\/noticias\\\/marruecos-rechaza-la-observacion-electoral-internacional-porque-no-somos-sudan\\\/#mainImage\"},\"datePublished\":\"2014-01-23T21:19:57+01:00\",\"dateModified\":\"2014-01-23T21:19:57+01:00\"},{\"@type\":\"WebSite\",\"@id\":\"https:\\\/\\\/www.eldigitaldeasturias.com\\\/noticias\\\/#website\",\"url\":\"https:\\\/\\\/www.eldigitaldeasturias.com\\\/noticias\\\/\",\"name\":\"El Digital de Asturias - Diario de actualidad y noticias\",\"alternateName\":\"El Digital de Asturias - Diario de actualidad y noticias\",\"description\":\"Hemeroteca\",\"inLanguage\":\"es-ES\",\"publisher\":{\"@id\":\"https:\\\/\\\/www.eldigitaldeasturias.com\\\/noticias\\\/#organization\"}}]}\n\t\t<\/script>\n\t\t<!-- All in One SEO Pro -->\r\n\t\t<title>Marruecos rechaza la observaci\u00f3n electoral internacional \u00abporque no somos Sud\u00e1n\u00bb - El Digital de Asturias<\/title>\n\n","aioseo_head_json":{"title":"Marruecos rechaza la observaci\u00f3n electoral internacional \u00abporque no somos Sud\u00e1n\u00bb - El Digital de Asturias","description":"Rabat, 23 ene (EFE).- El ministro de Interior marroqu\u00ed, Mohamed Hasad, descart\u00f3 solicitar la supervisi\u00f3n de elecciones por parte de organismos internacionales argumentando que su pa\u00eds no es como Sud\u00e1n, seg\u00fan relata hoy el diario local Al Masae. \"No somos un pa\u00eds como Sud\u00e1n, por ejemplo, para que vengan organismos internacionales a supervisar las elecciones\"","canonical_url":"https:\/\/www.eldigitaldeasturias.com\/noticias\/marruecos-rechaza-la-observacion-electoral-internacional-porque-no-somos-sudan\/","robots":"max-image-preview:large","keywords":"actualidad","webmasterTools":{"google-site-verification":"UA-38556648-1","msvalidate.01":"7dfe9f3f1b24437ab69f4f2559babe99","miscellaneous":""},"schema":{"@context":"https:\/\/schema.org","@graph":[{"@type":"BlogPosting","@id":"https:\/\/www.eldigitaldeasturias.com\/noticias\/marruecos-rechaza-la-observacion-electoral-internacional-porque-no-somos-sudan\/#blogposting","name":"Marruecos rechaza la observaci\u00f3n electoral internacional \u00abporque no somos Sud\u00e1n\u00bb - El Digital de Asturias","headline":"Marruecos rechaza la observaci\u00f3n electoral internacional \u00abporque no somos Sud\u00e1n\u00bb","author":{"@id":"https:\/\/www.eldigitaldeasturias.com\/noticias\/author\/admin\/#author"},"publisher":{"@id":"https:\/\/www.eldigitaldeasturias.com\/noticias\/#organization"},"image":{"@type":"ImageObject","url":"https:\/\/www.eldigitaldeasturias.com\/noticias\/wp-content\/uploads\/2026\/06\/Contenidos.jpg","width":1265,"height":697,"caption":"Contenidos"},"datePublished":"2014-01-23T21:19:57+01:00","dateModified":"2014-01-23T21:19:57+01:00","inLanguage":"es-ES","mainEntityOfPage":{"@id":"https:\/\/www.eldigitaldeasturias.com\/noticias\/marruecos-rechaza-la-observacion-electoral-internacional-porque-no-somos-sudan\/#webpage"},"isPartOf":{"@id":"https:\/\/www.eldigitaldeasturias.com\/noticias\/marruecos-rechaza-la-observacion-electoral-internacional-porque-no-somos-sudan\/#webpage"},"articleSection":"Actualidad"},{"@type":"BreadcrumbList","@id":"https:\/\/www.eldigitaldeasturias.com\/noticias\/marruecos-rechaza-la-observacion-electoral-internacional-porque-no-somos-sudan\/#breadcrumblist","itemListElement":[{"@type":"ListItem","@id":"https:\/\/www.eldigitaldeasturias.com\/noticias#listItem","position":1,"name":"Home","item":"https:\/\/www.eldigitaldeasturias.com\/noticias","nextItem":{"@type":"ListItem","@id":"https:\/\/www.eldigitaldeasturias.com\/noticias\/category\/actualidad\/#listItem","name":"Actualidad"}},{"@type":"ListItem","@id":"https:\/\/www.eldigitaldeasturias.com\/noticias\/category\/actualidad\/#listItem","position":2,"name":"Actualidad","item":"https:\/\/www.eldigitaldeasturias.com\/noticias\/category\/actualidad\/","nextItem":{"@type":"ListItem","@id":"https:\/\/www.eldigitaldeasturias.com\/noticias\/marruecos-rechaza-la-observacion-electoral-internacional-porque-no-somos-sudan\/#listItem","name":"Marruecos rechaza la observaci\u00f3n electoral internacional \u00abporque no somos Sud\u00e1n\u00bb"},"previousItem":{"@type":"ListItem","@id":"https:\/\/www.eldigitaldeasturias.com\/noticias#listItem","name":"Home"}},{"@type":"ListItem","@id":"https:\/\/www.eldigitaldeasturias.com\/noticias\/marruecos-rechaza-la-observacion-electoral-internacional-porque-no-somos-sudan\/#listItem","position":3,"name":"Marruecos rechaza la observaci\u00f3n electoral internacional \u00abporque no somos Sud\u00e1n\u00bb","previousItem":{"@type":"ListItem","@id":"https:\/\/www.eldigitaldeasturias.com\/noticias\/category\/actualidad\/#listItem","name":"Actualidad"}}]},{"@type":"Organization","@id":"https:\/\/www.eldigitaldeasturias.com\/noticias\/#organization","name":"El Digital de Asturias","description":"Hemeroteca","url":"https:\/\/www.eldigitaldeasturias.com\/noticias\/","email":"info@eldigitaldeasturias.com","telephone":"+34652131393","logo":{"@type":"ImageObject","url":"https:\/\/www.eldigitaldeasturias.com\/noticias\/wp-content\/uploads\/2020\/12\/EDA.jpg","@id":"https:\/\/www.eldigitaldeasturias.com\/noticias\/marruecos-rechaza-la-observacion-electoral-internacional-porque-no-somos-sudan\/#organizationLogo"},"image":{"@id":"https:\/\/www.eldigitaldeasturias.com\/noticias\/marruecos-rechaza-la-observacion-electoral-internacional-porque-no-somos-sudan\/#organizationLogo"},"sameAs":["https:\/\/facebook.com\/eldigitaldeasturias","https:\/\/www.youtube.com\/channel\/UCZP-2wLEB9Rv6erhFmqVnvg"],"address":{"@id":"https:\/\/www.eldigitaldeasturias.com\/noticias\/#postaladdress","@type":"PostalAddress","streetAddress":"san antonio 4","postalCode":"33430","addressLocality":"Cand\u00e1s","addressRegion":"Asturias","addressCountry":"ES"}},{"@type":"Person","@id":"https:\/\/www.eldigitaldeasturias.com\/noticias\/author\/admin\/#author","url":"https:\/\/www.eldigitaldeasturias.com\/noticias\/author\/admin\/","name":"El Digital de Asturias","image":{"@type":"ImageObject","@id":"https:\/\/www.eldigitaldeasturias.com\/noticias\/marruecos-rechaza-la-observacion-electoral-internacional-porque-no-somos-sudan\/#authorImage","url":"https:\/\/secure.gravatar.com\/avatar\/df2aeffc32bcd13f8d26072ef8a91b623d677766deac7f97ca815868cd41bf5e?s=96&d=mm&r=g","width":96,"height":96,"caption":"El Digital de Asturias"}},{"@type":"WebPage","@id":"https:\/\/www.eldigitaldeasturias.com\/noticias\/marruecos-rechaza-la-observacion-electoral-internacional-porque-no-somos-sudan\/#webpage","url":"https:\/\/www.eldigitaldeasturias.com\/noticias\/marruecos-rechaza-la-observacion-electoral-internacional-porque-no-somos-sudan\/","name":"Marruecos rechaza la observaci\u00f3n electoral internacional \u00abporque no somos Sud\u00e1n\u00bb - El Digital de Asturias","description":"Rabat, 23 ene (EFE).- El ministro de Interior marroqu\u00ed, Mohamed Hasad, descart\u00f3 solicitar la supervisi\u00f3n de elecciones por parte de organismos internacionales argumentando que su pa\u00eds no es como Sud\u00e1n, seg\u00fan relata hoy el diario local Al Masae. \"No somos un pa\u00eds como Sud\u00e1n, por ejemplo, para que vengan organismos internacionales a supervisar las elecciones\"","inLanguage":"es-ES","isPartOf":{"@id":"https:\/\/www.eldigitaldeasturias.com\/noticias\/#website"},"breadcrumb":{"@id":"https:\/\/www.eldigitaldeasturias.com\/noticias\/marruecos-rechaza-la-observacion-electoral-internacional-porque-no-somos-sudan\/#breadcrumblist"},"author":{"@id":"https:\/\/www.eldigitaldeasturias.com\/noticias\/author\/admin\/#author"},"creator":{"@id":"https:\/\/www.eldigitaldeasturias.com\/noticias\/author\/admin\/#author"},"image":{"@type":"ImageObject","url":"https:\/\/www.eldigitaldeasturias.com\/noticias\/wp-content\/uploads\/2026\/06\/Contenidos.jpg","@id":"https:\/\/www.eldigitaldeasturias.com\/noticias\/marruecos-rechaza-la-observacion-electoral-internacional-porque-no-somos-sudan\/#mainImage","width":1265,"height":697,"caption":"Contenidos"},"primaryImageOfPage":{"@id":"https:\/\/www.eldigitaldeasturias.com\/noticias\/marruecos-rechaza-la-observacion-electoral-internacional-porque-no-somos-sudan\/#mainImage"},"datePublished":"2014-01-23T21:19:57+01:00","dateModified":"2014-01-23T21:19:57+01:00"},{"@type":"WebSite","@id":"https:\/\/www.eldigitaldeasturias.com\/noticias\/#website","url":"https:\/\/www.eldigitaldeasturias.com\/noticias\/","name":"El Digital de Asturias - Diario de actualidad y noticias","alternateName":"El Digital de Asturias - Diario de actualidad y noticias","description":"Hemeroteca","inLanguage":"es-ES","publisher":{"@id":"https:\/\/www.eldigitaldeasturias.com\/noticias\/#organization"}}]},"og:locale":"es_ES","og:site_name":"El Digital de Asturias","og:type":"article","og:title":"Marruecos rechaza la observaci\u00f3n electoral internacional \u00abporque no somos Sud\u00e1n\u00bb - El Digital de Asturias","og:description":"Rabat, 23 ene (EFE).- El ministro de Interior marroqu\u00ed, Mohamed Hasad, descart\u00f3 solicitar la supervisi\u00f3n de elecciones por parte de organismos internacionales argumentando que su pa\u00eds no es como Sud\u00e1n, seg\u00fan relata hoy el diario local Al Masae. &quot;No somos un pa\u00eds como Sud\u00e1n, por ejemplo, para que vengan organismos internacionales a supervisar las elecciones&quot;","og:url":"https:\/\/www.eldigitaldeasturias.com\/noticias\/marruecos-rechaza-la-observacion-electoral-internacional-porque-no-somos-sudan\/","og:image":"https:\/\/www.eldigitaldeasturias.com\/noticias\/wp-content\/uploads\/2026\/06\/Contenidos.jpg","og:image:secure_url":"https:\/\/www.eldigitaldeasturias.com\/noticias\/wp-content\/uploads\/2026\/06\/Contenidos.jpg","og:image:width":1265,"og:image:height":697,"article:tag":["actualidad"],"article:published_time":"2014-01-23T22:19:57+00:00","article:modified_time":"2014-01-23T22:19:57+00:00","article:publisher":"https:\/\/facebook.com\/eldigitaldeasturias","twitter:card":"summary_large_image","twitter:title":"Marruecos rechaza la observaci\u00f3n electoral internacional \u00abporque no somos Sud\u00e1n\u00bb - El Digital de Asturias","twitter:description":"Rabat, 23 ene (EFE).- El ministro de Interior marroqu\u00ed, Mohamed Hasad, descart\u00f3 solicitar la supervisi\u00f3n de elecciones por parte de organismos internacionales argumentando que su pa\u00eds no es como Sud\u00e1n, seg\u00fan relata hoy el diario local Al Masae. &quot;No somos un pa\u00eds como Sud\u00e1n, por ejemplo, para que vengan organismos internacionales a supervisar las elecciones&quot;","twitter:image":"https:\/\/www.eldigitaldeasturias.com\/noticias\/wp-content\/uploads\/2026\/06\/Contenidos.jpg","twitter:label1":"Escrito por","twitter:data1":"El Digital de Asturias","twitter:label2":"Tiempo de lectura estimado","twitter:data2":"1 minuto"},"aioseo_meta_data":{"post_id":"477685","title":null,"description":null,"keywords":null,"keyphrases":null,"primary_term":null,"canonical_url":null,"og_title":null,"og_description":null,"og_object_type":"default","og_image_type":"default","og_image_url":null,"og_image_width":null,"og_image_height":null,"og_image_custom_url":null,"og_image_custom_fields":null,"og_video":null,"og_custom_url":null,"og_article_section":null,"og_article_tags":null,"twitter_use_og":true,"twitter_card":"default","twitter_image_type":"default","twitter_image_url":null,"twitter_image_custom_url":null,"twitter_image_custom_fields":null,"twitter_title":null,"twitter_description":null,"schema":{"blockGraphs":[],"customGraphs":[],"default":{"data":{"Article":[],"Course":[],"Dataset":[],"FAQPage":[],"Movie":[],"Person":[],"Product":[],"ProductReview":[],"Car":[],"Recipe":[],"Service":[],"SoftwareApplication":[],"WebPage":[]},"graphName":"","isEnabled":true},"graphs":[],"defaultGraph":"","defaultPostTypeGraph":""},"schema_type":null,"schema_type_options":null,"pillar_content":false,"robots_default":true,"robots_noindex":false,"robots_noarchive":false,"robots_nosnippet":false,"robots_nofollow":false,"robots_noimageindex":false,"robots_noodp":false,"robots_notranslate":false,"robots_max_snippet":null,"robots_max_videopreview":null,"robots_max_imagepreview":"none","priority":null,"frequency":null,"local_seo":null,"seo_analyzer_scan_date":"2026-06-01 19:17:52","breadcrumb_settings":null,"limit_modified_date":false,"open_ai":null,"ai":null,"created":"2020-11-14 22:53:46","updated":"2026-06-01 19:17:52","focus_keyword":null,"additional_keywords":null,"truseo_locale":null},"aioseo_breadcrumb":"<div class=\"aioseo-breadcrumbs\"><span class=\"aioseo-breadcrumb\">\n\t<a href=\"https:\/\/www.eldigitaldeasturias.com\/noticias\" title=\"Home\">Home<\/a>\n<\/span><span class=\"aioseo-breadcrumb-separator\">\u2013<\/span><span class=\"aioseo-breadcrumb\">\n\t<a href=\"https:\/\/www.eldigitaldeasturias.com\/noticias\/category\/actualidad\/\" title=\"Actualidad\">Actualidad<\/a>\n<\/span><span class=\"aioseo-breadcrumb-separator\">\u2013<\/span><span class=\"aioseo-breadcrumb\">\n\t<a href=\"https:\/\/www.eldigitaldeasturias.com\/noticias\/marruecos-rechaza-la-observacion-electoral-internacional-porque-no-somos-sudan\/\" title=\"Marruecos rechaza la observaci\u00f3n electoral internacional \u00abporque no somos Sud\u00e1n\u00bb\">Marruecos rechaza la observaci\u00f3n electoral internacional \u00abporque no somos Sud\u00e1n\u00bb<\/a>\n<\/span><\/div>","aioseo_breadcrumb_json":[{"label":"Home","link":"https:\/\/www.eldigitaldeasturias.com\/noticias"},{"label":"Actualidad","link":"https:\/\/www.eldigitaldeasturias.com\/noticias\/category\/actualidad\/"},{"label":"Marruecos rechaza la observaci\u00f3n electoral internacional \u00abporque no somos Sud\u00e1n\u00bb","link":"https:\/\/www.eldigitaldeasturias.com\/noticias\/marruecos-rechaza-la-observacion-electoral-internacional-porque-no-somos-sudan\/"}],"_links":{"self":[{"href":"https:\/\/www.eldigitaldeasturias.com\/noticias\/wp-json\/wp\/v2\/posts\/477685","targetHints":{"allow":["GET"]}}],"collection":[{"href":"https:\/\/www.eldigitaldeasturias.com\/noticias\/wp-json\/wp\/v2\/posts"}],"about":[{"href":"https:\/\/www.eldigitaldeasturias.com\/noticias\/wp-json\/wp\/v2\/types\/post"}],"author":[{"embeddable":true,"href":"https:\/\/www.eldigitaldeasturias.com\/noticias\/wp-json\/wp\/v2\/users\/1"}],"replies":[{"embeddable":true,"href":"https:\/\/www.eldigitaldeasturias.com\/noticias\/wp-json\/wp\/v2\/comments?post=477685"}],"version-history":[{"count":0,"href":"https:\/\/www.eldigitaldeasturias.com\/noticias\/wp-json\/wp\/v2\/posts\/477685\/revisions"}],"wp:featuredmedia":[{"embeddable":true,"href":"https:\/\/www.eldigitaldeasturias.com\/noticias\/wp-json\/wp\/v2\/media\/1132184"}],"wp:attachment":[{"href":"https:\/\/www.eldigitaldeasturias.com\/noticias\/wp-json\/wp\/v2\/media?parent=477685"}],"wp:term":[{"taxonomy":"category","embeddable":true,"href":"https:\/\/www.eldigitaldeasturias.com\/noticias\/wp-json\/wp\/v2\/categories?post=477685"},{"taxonomy":"post_tag","embeddable":true,"href":"https:\/\/www.eldigitaldeasturias.com\/noticias\/wp-json\/wp\/v2\/tags?post=477685"}],"curies":[{"name":"wp","href":"https:\/\/api.w.org\/{rel}","templated":true}]}}