{"id":477681,"date":"2014-01-23T21:18:23","date_gmt":"2014-01-23T22:18:23","guid":{"rendered":"http:\/\/www.eldigitaldeasturias.com\/noticias\/?p=477681"},"modified":"2014-01-23T21:18:45","modified_gmt":"2014-01-23T22:18:45","slug":"el-presidente-del-coi-dice-que-rio-tiene-que-cambiar-el-transporte-de-cara-a-las-olimpiadas","status":"publish","type":"post","link":"https:\/\/www.eldigitaldeasturias.com\/noticias\/el-presidente-del-coi-dice-que-rio-tiene-que-cambiar-el-transporte-de-cara-a-las-olimpiadas\/","title":{"rendered":"El presidente del COI dice que R\u00edo tiene que cambiar el transporte de cara a las Olimpiadas"},"content":{"rendered":"<p><img loading=\"lazy\" decoding=\"async\" class=\"alignleft size-medium wp-image-477682\" alt=\"5870477w\" src=\"https:\/\/www.eldigitaldeasturias.com\/noticias\/wp-content\/uploads\/2014\/01\/5870477w-360x239.jpg\" width=\"360\" height=\"239\" \/>R\u00edo de Janeiro, 23 ene (EFE).- El presidente del Comit\u00e9 Ol\u00edmpico Internacional (COI), Thomas Bach, afirm\u00f3 en un diario brasile\u00f1o que R\u00edo de Janeiro necesita \u00abtransformaciones en todo su sistema de transporte\u00bb de cara a los Juegos Ol\u00edmpicos de 2016.<\/p>\n<p>\u00abLos Juegos pueden funcionar como un excelente catalizador para esa transformaci\u00f3n, para ese cambio. Ese ser\u00eda uno de los mayores legados de los Juegos para los cariocas\u00bb, apunt\u00f3 Bach en una entrevista publicada hoy por el diario \u00abO Globo\u00bb.<\/p>\n<p>El presidente del COI realiz\u00f3 estas declaraciones un d\u00eda despu\u00e9s de que un tren descarrilara en R\u00edo de Janeiro, un accidente que no caus\u00f3 heridos, pero que afect\u00f3 a miles de personas que habitualmente utilizan este medio de transporte para desplazarse.<\/p>\n<p>Bach se mostr\u00f3 confiado en que Brasil conseguir\u00e1 resolver ese tipo de problemas a tiempo y destac\u00f3 el compromiso por parte del Gobierno, a todos los niveles, para llevar adelante las modificaciones necesarias para albergar las Olimpiadas.<\/p>\n<p>\u00abHay una gran uni\u00f3n entre esos tres diferentes niveles de Gobierno, y por eso que estoy seguro que en las pr\u00f3ximas semanas, en los pr\u00f3ximos meses, veremos un nuevo dinamismo en los preparativos\u00bb, asegur\u00f3.<\/p>\n<p>Cuestionado sobre el atraso de algunas obras, el presidente del COI asever\u00f3 que ninguna ciudad sede, de momento, estuvo lista dos a\u00f1os y medio antes de los Juegos.<\/p>\n<p>\u00abA\u00fan tenemos dos a\u00f1os y medio por delante. Si cada d\u00eda fuese utilizado adecuadamente &#8211; y no tenemos duda de que as\u00ed ser\u00e1-, entonces todo estar\u00e1 listo\u00bb, a\u00f1adi\u00f3.<\/p>\n<p>El pasado lunes Bach se reuni\u00f3 con la presidenta brasile\u00f1a Dilma Rousseff, a quien apremi\u00f3 para que se terminen a tiempo las obras.<\/p>\n<p>El presidente tambi\u00e9n hizo referencia al legado que dejar\u00e1n las Olimpiadas y afirm\u00f3 que con su celebraci\u00f3n, \u00abhabr\u00e1 mejor\u00edas en el sistema de transporte, en la construcci\u00f3n de unidades de viviendas, en los hoteles y en la infraestructura, que atraer\u00e1n m\u00e1s turistas, generando m\u00e1s empleos\u00bb.<\/p>\n<p>Para el presidente, este legado puede disuadir las protestas.<\/p>\n<p>\u00abNo creo que hayan protestas, pero necesitamos, tanto nosotros como el Comit\u00e9 Organizador, difundir el mensaje de que habr\u00e1 este legado. La poblaci\u00f3n necesita saber cu\u00e1nto van a beneficiar los juegos. Estoy seguro que, si los juegos de 2016 tienen \u00e9xito, R\u00edo quedar\u00e1 en una situaci\u00f3n parecida a la de Barcelona\u00bb, dijo.<\/p>\n","protected":false},"excerpt":{"rendered":"<p>R\u00edo de Janeiro, 23 ene (EFE).- El presidente del Comit\u00e9 Ol\u00edmpico Internacional (COI), Thomas Bach, afirm\u00f3 en un diario brasile\u00f1o que R\u00edo de Janeiro necesita \u00abtransformaciones en todo su sistema de transporte\u00bb de cara a los Juegos Ol\u00edmpicos de 2016. \u00abLos Juegos pueden funcionar como un excelente catalizador para esa transformaci\u00f3n, para ese cambio. Ese [&hellip;]<\/p>\n","protected":false},"author":1,"featured_media":1132184,"comment_status":"closed","ping_status":"open","sticky":false,"template":"","format":"standard","meta":{"footnotes":""},"categories":[1],"tags":[],"class_list":["post-477681","post","type-post","status-publish","format-standard","has-post-thumbnail","hentry","category-actualidad"],"aioseo_notices":[],"aioseo_head":"\n\t\t<!-- All in One SEO Pro 5.0.1 - aioseo.com -->\n\t<meta name=\"description\" content=\"R\u00edo de Janeiro, 23 ene (EFE).- El presidente del Comit\u00e9 Ol\u00edmpico Internacional (COI), Thomas Bach, afirm\u00f3 en un diario brasile\u00f1o que R\u00edo de Janeiro necesita &quot;transformaciones en todo su sistema de transporte&quot; de cara a los Juegos Ol\u00edmpicos de 2016. &quot;Los Juegos pueden funcionar como un excelente catalizador para esa transformaci\u00f3n, para ese cambio. Ese\" \/>\n\t<meta name=\"robots\" content=\"max-image-preview:large\" \/>\n\t<meta name=\"author\" content=\"El Digital de Asturias\"\/>\n\t<meta name=\"google-site-verification\" content=\"UA-38556648-1\" \/>\n\t<meta name=\"msvalidate.01\" content=\"7dfe9f3f1b24437ab69f4f2559babe99\" \/>\n\t<meta name=\"keywords\" content=\"actualidad\" \/>\n\t<link rel=\"canonical\" href=\"https:\/\/www.eldigitaldeasturias.com\/noticias\/el-presidente-del-coi-dice-que-rio-tiene-que-cambiar-el-transporte-de-cara-a-las-olimpiadas\/\" \/>\n\t<meta name=\"generator\" content=\"All in One SEO Pro (AIOSEO) 5.0.1\" \/>\n\t\t<meta property=\"og:locale\" content=\"es_ES\" \/>\n\t\t<meta property=\"og:site_name\" content=\"El Digital de Asturias\" \/>\n\t\t<meta property=\"og:type\" content=\"article\" \/>\n\t\t<meta property=\"og:title\" content=\"El presidente del COI dice que R\u00edo tiene que cambiar el transporte de cara a las Olimpiadas - El Digital de Asturias\" \/>\n\t\t<meta property=\"og:description\" content=\"R\u00edo de Janeiro, 23 ene (EFE).- El presidente del Comit\u00e9 Ol\u00edmpico Internacional (COI), Thomas Bach, afirm\u00f3 en un diario brasile\u00f1o que R\u00edo de Janeiro necesita &quot;transformaciones en todo su sistema de transporte&quot; de cara a los Juegos Ol\u00edmpicos de 2016. &quot;Los Juegos pueden funcionar como un excelente catalizador para esa transformaci\u00f3n, para ese cambio. Ese\" \/>\n\t\t<meta property=\"og:url\" content=\"https:\/\/www.eldigitaldeasturias.com\/noticias\/el-presidente-del-coi-dice-que-rio-tiene-que-cambiar-el-transporte-de-cara-a-las-olimpiadas\/\" \/>\n\t\t<meta property=\"og:image\" content=\"https:\/\/www.eldigitaldeasturias.com\/noticias\/wp-content\/uploads\/2026\/06\/Contenidos.jpg\" \/>\n\t\t<meta property=\"og:image:secure_url\" content=\"https:\/\/www.eldigitaldeasturias.com\/noticias\/wp-content\/uploads\/2026\/06\/Contenidos.jpg\" \/>\n\t\t<meta property=\"og:image:width\" content=\"1265\" \/>\n\t\t<meta property=\"og:image:height\" content=\"697\" \/>\n\t\t<meta property=\"article:tag\" content=\"actualidad\" \/>\n\t\t<meta property=\"article:published_time\" content=\"2014-01-23T22:18:23+00:00\" \/>\n\t\t<meta property=\"article:modified_time\" content=\"2014-01-23T22:18:45+00:00\" \/>\n\t\t<meta property=\"article:publisher\" content=\"https:\/\/facebook.com\/eldigitaldeasturias\" \/>\n\t\t<meta name=\"twitter:card\" content=\"summary_large_image\" \/>\n\t\t<meta name=\"twitter:title\" content=\"El presidente del COI dice que R\u00edo tiene que cambiar el transporte de cara a las Olimpiadas - El Digital de Asturias\" \/>\n\t\t<meta name=\"twitter:description\" content=\"R\u00edo de Janeiro, 23 ene (EFE).- El presidente del Comit\u00e9 Ol\u00edmpico Internacional (COI), Thomas Bach, afirm\u00f3 en un diario brasile\u00f1o que R\u00edo de Janeiro necesita &quot;transformaciones en todo su sistema de transporte&quot; de cara a los Juegos Ol\u00edmpicos de 2016. &quot;Los Juegos pueden funcionar como un excelente catalizador para esa transformaci\u00f3n, para ese cambio. Ese\" \/>\n\t\t<meta name=\"twitter:image\" content=\"https:\/\/www.eldigitaldeasturias.com\/noticias\/wp-content\/uploads\/2026\/06\/Contenidos.jpg\" \/>\n\t\t<meta name=\"twitter:label1\" content=\"Escrito por\" \/>\n\t\t<meta name=\"twitter:data1\" content=\"El Digital de Asturias\" \/>\n\t\t<meta name=\"twitter:label2\" content=\"Tiempo de lectura estimado\" \/>\n\t\t<meta name=\"twitter:data2\" content=\"2 minutos\" \/>\n\t\t<script type=\"application\/ld+json\" class=\"aioseo-schema\">\n\t\t\t{\"@context\":\"https:\\\/\\\/schema.org\",\"@graph\":[{\"@type\":\"BlogPosting\",\"@id\":\"https:\\\/\\\/www.eldigitaldeasturias.com\\\/noticias\\\/el-presidente-del-coi-dice-que-rio-tiene-que-cambiar-el-transporte-de-cara-a-las-olimpiadas\\\/#blogposting\",\"name\":\"El presidente del COI dice que R\\u00edo tiene que cambiar el transporte de cara a las Olimpiadas - El Digital de Asturias\",\"headline\":\"El presidente del COI dice que R\\u00edo tiene que cambiar el transporte de cara a las Olimpiadas\",\"author\":{\"@id\":\"https:\\\/\\\/www.eldigitaldeasturias.com\\\/noticias\\\/author\\\/admin\\\/#author\"},\"publisher\":{\"@id\":\"https:\\\/\\\/www.eldigitaldeasturias.com\\\/noticias\\\/#organization\"},\"image\":{\"@type\":\"ImageObject\",\"url\":\"https:\\\/\\\/www.eldigitaldeasturias.com\\\/noticias\\\/wp-content\\\/uploads\\\/2026\\\/06\\\/Contenidos.jpg\",\"width\":1265,\"height\":697,\"caption\":\"Contenidos\"},\"datePublished\":\"2014-01-23T21:18:23+01:00\",\"dateModified\":\"2014-01-23T21:18:45+01:00\",\"inLanguage\":\"es-ES\",\"mainEntityOfPage\":{\"@id\":\"https:\\\/\\\/www.eldigitaldeasturias.com\\\/noticias\\\/el-presidente-del-coi-dice-que-rio-tiene-que-cambiar-el-transporte-de-cara-a-las-olimpiadas\\\/#webpage\"},\"isPartOf\":{\"@id\":\"https:\\\/\\\/www.eldigitaldeasturias.com\\\/noticias\\\/el-presidente-del-coi-dice-que-rio-tiene-que-cambiar-el-transporte-de-cara-a-las-olimpiadas\\\/#webpage\"},\"articleSection\":\"Actualidad\"},{\"@type\":\"BreadcrumbList\",\"@id\":\"https:\\\/\\\/www.eldigitaldeasturias.com\\\/noticias\\\/el-presidente-del-coi-dice-que-rio-tiene-que-cambiar-el-transporte-de-cara-a-las-olimpiadas\\\/#breadcrumblist\",\"itemListElement\":[{\"@type\":\"ListItem\",\"@id\":\"https:\\\/\\\/www.eldigitaldeasturias.com\\\/noticias#listItem\",\"position\":1,\"name\":\"Home\",\"item\":\"https:\\\/\\\/www.eldigitaldeasturias.com\\\/noticias\",\"nextItem\":{\"@type\":\"ListItem\",\"@id\":\"https:\\\/\\\/www.eldigitaldeasturias.com\\\/noticias\\\/category\\\/actualidad\\\/#listItem\",\"name\":\"Actualidad\"}},{\"@type\":\"ListItem\",\"@id\":\"https:\\\/\\\/www.eldigitaldeasturias.com\\\/noticias\\\/category\\\/actualidad\\\/#listItem\",\"position\":2,\"name\":\"Actualidad\",\"item\":\"https:\\\/\\\/www.eldigitaldeasturias.com\\\/noticias\\\/category\\\/actualidad\\\/\",\"nextItem\":{\"@type\":\"ListItem\",\"@id\":\"https:\\\/\\\/www.eldigitaldeasturias.com\\\/noticias\\\/el-presidente-del-coi-dice-que-rio-tiene-que-cambiar-el-transporte-de-cara-a-las-olimpiadas\\\/#listItem\",\"name\":\"El presidente del COI dice que R\\u00edo tiene que cambiar el transporte de cara a las Olimpiadas\"},\"previousItem\":{\"@type\":\"ListItem\",\"@id\":\"https:\\\/\\\/www.eldigitaldeasturias.com\\\/noticias#listItem\",\"name\":\"Home\"}},{\"@type\":\"ListItem\",\"@id\":\"https:\\\/\\\/www.eldigitaldeasturias.com\\\/noticias\\\/el-presidente-del-coi-dice-que-rio-tiene-que-cambiar-el-transporte-de-cara-a-las-olimpiadas\\\/#listItem\",\"position\":3,\"name\":\"El presidente del COI dice que R\\u00edo tiene que cambiar el transporte de cara a las Olimpiadas\",\"previousItem\":{\"@type\":\"ListItem\",\"@id\":\"https:\\\/\\\/www.eldigitaldeasturias.com\\\/noticias\\\/category\\\/actualidad\\\/#listItem\",\"name\":\"Actualidad\"}}]},{\"@type\":\"Organization\",\"@id\":\"https:\\\/\\\/www.eldigitaldeasturias.com\\\/noticias\\\/#organization\",\"name\":\"El Digital de Asturias\",\"description\":\"Hemeroteca\",\"url\":\"https:\\\/\\\/www.eldigitaldeasturias.com\\\/noticias\\\/\",\"email\":\"info@eldigitaldeasturias.com\",\"telephone\":\"+34652131393\",\"logo\":{\"@type\":\"ImageObject\",\"url\":\"https:\\\/\\\/www.eldigitaldeasturias.com\\\/noticias\\\/wp-content\\\/uploads\\\/2020\\\/12\\\/EDA.jpg\",\"@id\":\"https:\\\/\\\/www.eldigitaldeasturias.com\\\/noticias\\\/el-presidente-del-coi-dice-que-rio-tiene-que-cambiar-el-transporte-de-cara-a-las-olimpiadas\\\/#organizationLogo\"},\"image\":{\"@id\":\"https:\\\/\\\/www.eldigitaldeasturias.com\\\/noticias\\\/el-presidente-del-coi-dice-que-rio-tiene-que-cambiar-el-transporte-de-cara-a-las-olimpiadas\\\/#organizationLogo\"},\"sameAs\":[\"https:\\\/\\\/facebook.com\\\/eldigitaldeasturias\",\"https:\\\/\\\/www.youtube.com\\\/channel\\\/UCZP-2wLEB9Rv6erhFmqVnvg\"],\"address\":{\"@id\":\"https:\\\/\\\/www.eldigitaldeasturias.com\\\/noticias\\\/#postaladdress\",\"@type\":\"PostalAddress\",\"streetAddress\":\"san antonio 4\",\"postalCode\":\"33430\",\"addressLocality\":\"Cand\\u00e1s\",\"addressRegion\":\"Asturias\",\"addressCountry\":\"ES\"}},{\"@type\":\"Person\",\"@id\":\"https:\\\/\\\/www.eldigitaldeasturias.com\\\/noticias\\\/author\\\/admin\\\/#author\",\"url\":\"https:\\\/\\\/www.eldigitaldeasturias.com\\\/noticias\\\/author\\\/admin\\\/\",\"name\":\"El Digital de Asturias\",\"image\":{\"@type\":\"ImageObject\",\"@id\":\"https:\\\/\\\/www.eldigitaldeasturias.com\\\/noticias\\\/el-presidente-del-coi-dice-que-rio-tiene-que-cambiar-el-transporte-de-cara-a-las-olimpiadas\\\/#authorImage\",\"url\":\"https:\\\/\\\/secure.gravatar.com\\\/avatar\\\/df2aeffc32bcd13f8d26072ef8a91b623d677766deac7f97ca815868cd41bf5e?s=96&d=mm&r=g\",\"width\":96,\"height\":96,\"caption\":\"El Digital de Asturias\"}},{\"@type\":\"WebPage\",\"@id\":\"https:\\\/\\\/www.eldigitaldeasturias.com\\\/noticias\\\/el-presidente-del-coi-dice-que-rio-tiene-que-cambiar-el-transporte-de-cara-a-las-olimpiadas\\\/#webpage\",\"url\":\"https:\\\/\\\/www.eldigitaldeasturias.com\\\/noticias\\\/el-presidente-del-coi-dice-que-rio-tiene-que-cambiar-el-transporte-de-cara-a-las-olimpiadas\\\/\",\"name\":\"El presidente del COI dice que R\\u00edo tiene que cambiar el transporte de cara a las Olimpiadas - El Digital de Asturias\",\"description\":\"R\\u00edo de Janeiro, 23 ene (EFE).- El presidente del Comit\\u00e9 Ol\\u00edmpico Internacional (COI), Thomas Bach, afirm\\u00f3 en un diario brasile\\u00f1o que R\\u00edo de Janeiro necesita \\\"transformaciones en todo su sistema de transporte\\\" de cara a los Juegos Ol\\u00edmpicos de 2016. \\\"Los Juegos pueden funcionar como un excelente catalizador para esa transformaci\\u00f3n, para ese cambio. Ese\",\"inLanguage\":\"es-ES\",\"isPartOf\":{\"@id\":\"https:\\\/\\\/www.eldigitaldeasturias.com\\\/noticias\\\/#website\"},\"breadcrumb\":{\"@id\":\"https:\\\/\\\/www.eldigitaldeasturias.com\\\/noticias\\\/el-presidente-del-coi-dice-que-rio-tiene-que-cambiar-el-transporte-de-cara-a-las-olimpiadas\\\/#breadcrumblist\"},\"author\":{\"@id\":\"https:\\\/\\\/www.eldigitaldeasturias.com\\\/noticias\\\/author\\\/admin\\\/#author\"},\"creator\":{\"@id\":\"https:\\\/\\\/www.eldigitaldeasturias.com\\\/noticias\\\/author\\\/admin\\\/#author\"},\"image\":{\"@type\":\"ImageObject\",\"url\":\"https:\\\/\\\/www.eldigitaldeasturias.com\\\/noticias\\\/wp-content\\\/uploads\\\/2026\\\/06\\\/Contenidos.jpg\",\"@id\":\"https:\\\/\\\/www.eldigitaldeasturias.com\\\/noticias\\\/el-presidente-del-coi-dice-que-rio-tiene-que-cambiar-el-transporte-de-cara-a-las-olimpiadas\\\/#mainImage\",\"width\":1265,\"height\":697,\"caption\":\"Contenidos\"},\"primaryImageOfPage\":{\"@id\":\"https:\\\/\\\/www.eldigitaldeasturias.com\\\/noticias\\\/el-presidente-del-coi-dice-que-rio-tiene-que-cambiar-el-transporte-de-cara-a-las-olimpiadas\\\/#mainImage\"},\"datePublished\":\"2014-01-23T21:18:23+01:00\",\"dateModified\":\"2014-01-23T21:18:45+01:00\"},{\"@type\":\"WebSite\",\"@id\":\"https:\\\/\\\/www.eldigitaldeasturias.com\\\/noticias\\\/#website\",\"url\":\"https:\\\/\\\/www.eldigitaldeasturias.com\\\/noticias\\\/\",\"name\":\"El Digital de Asturias - Diario de actualidad y noticias\",\"alternateName\":\"El Digital de Asturias - Diario de actualidad y noticias\",\"description\":\"Hemeroteca\",\"inLanguage\":\"es-ES\",\"publisher\":{\"@id\":\"https:\\\/\\\/www.eldigitaldeasturias.com\\\/noticias\\\/#organization\"}}]}\n\t\t<\/script>\n\t\t<!-- All in One SEO Pro -->\r\n\t\t<title>El presidente del COI dice que R\u00edo tiene que cambiar el transporte de cara a las Olimpiadas - El Digital de Asturias<\/title>\n\n","aioseo_head_json":{"title":"El presidente del COI dice que R\u00edo tiene que cambiar el transporte de cara a las Olimpiadas - El Digital de Asturias","description":"R\u00edo de Janeiro, 23 ene (EFE).- El presidente del Comit\u00e9 Ol\u00edmpico Internacional (COI), Thomas Bach, afirm\u00f3 en un diario brasile\u00f1o que R\u00edo de Janeiro necesita \"transformaciones en todo su sistema de transporte\" de cara a los Juegos Ol\u00edmpicos de 2016. \"Los Juegos pueden funcionar como un excelente catalizador para esa transformaci\u00f3n, para ese cambio. Ese","canonical_url":"https:\/\/www.eldigitaldeasturias.com\/noticias\/el-presidente-del-coi-dice-que-rio-tiene-que-cambiar-el-transporte-de-cara-a-las-olimpiadas\/","robots":"max-image-preview:large","keywords":"actualidad","webmasterTools":{"google-site-verification":"UA-38556648-1","msvalidate.01":"7dfe9f3f1b24437ab69f4f2559babe99","miscellaneous":""},"schema":{"@context":"https:\/\/schema.org","@graph":[{"@type":"BlogPosting","@id":"https:\/\/www.eldigitaldeasturias.com\/noticias\/el-presidente-del-coi-dice-que-rio-tiene-que-cambiar-el-transporte-de-cara-a-las-olimpiadas\/#blogposting","name":"El presidente del COI dice que R\u00edo tiene que cambiar el transporte de cara a las Olimpiadas - El Digital de Asturias","headline":"El presidente del COI dice que R\u00edo tiene que cambiar el transporte de cara a las Olimpiadas","author":{"@id":"https:\/\/www.eldigitaldeasturias.com\/noticias\/author\/admin\/#author"},"publisher":{"@id":"https:\/\/www.eldigitaldeasturias.com\/noticias\/#organization"},"image":{"@type":"ImageObject","url":"https:\/\/www.eldigitaldeasturias.com\/noticias\/wp-content\/uploads\/2026\/06\/Contenidos.jpg","width":1265,"height":697,"caption":"Contenidos"},"datePublished":"2014-01-23T21:18:23+01:00","dateModified":"2014-01-23T21:18:45+01:00","inLanguage":"es-ES","mainEntityOfPage":{"@id":"https:\/\/www.eldigitaldeasturias.com\/noticias\/el-presidente-del-coi-dice-que-rio-tiene-que-cambiar-el-transporte-de-cara-a-las-olimpiadas\/#webpage"},"isPartOf":{"@id":"https:\/\/www.eldigitaldeasturias.com\/noticias\/el-presidente-del-coi-dice-que-rio-tiene-que-cambiar-el-transporte-de-cara-a-las-olimpiadas\/#webpage"},"articleSection":"Actualidad"},{"@type":"BreadcrumbList","@id":"https:\/\/www.eldigitaldeasturias.com\/noticias\/el-presidente-del-coi-dice-que-rio-tiene-que-cambiar-el-transporte-de-cara-a-las-olimpiadas\/#breadcrumblist","itemListElement":[{"@type":"ListItem","@id":"https:\/\/www.eldigitaldeasturias.com\/noticias#listItem","position":1,"name":"Home","item":"https:\/\/www.eldigitaldeasturias.com\/noticias","nextItem":{"@type":"ListItem","@id":"https:\/\/www.eldigitaldeasturias.com\/noticias\/category\/actualidad\/#listItem","name":"Actualidad"}},{"@type":"ListItem","@id":"https:\/\/www.eldigitaldeasturias.com\/noticias\/category\/actualidad\/#listItem","position":2,"name":"Actualidad","item":"https:\/\/www.eldigitaldeasturias.com\/noticias\/category\/actualidad\/","nextItem":{"@type":"ListItem","@id":"https:\/\/www.eldigitaldeasturias.com\/noticias\/el-presidente-del-coi-dice-que-rio-tiene-que-cambiar-el-transporte-de-cara-a-las-olimpiadas\/#listItem","name":"El presidente del COI dice que R\u00edo tiene que cambiar el transporte de cara a las Olimpiadas"},"previousItem":{"@type":"ListItem","@id":"https:\/\/www.eldigitaldeasturias.com\/noticias#listItem","name":"Home"}},{"@type":"ListItem","@id":"https:\/\/www.eldigitaldeasturias.com\/noticias\/el-presidente-del-coi-dice-que-rio-tiene-que-cambiar-el-transporte-de-cara-a-las-olimpiadas\/#listItem","position":3,"name":"El presidente del COI dice que R\u00edo tiene que cambiar el transporte de cara a las Olimpiadas","previousItem":{"@type":"ListItem","@id":"https:\/\/www.eldigitaldeasturias.com\/noticias\/category\/actualidad\/#listItem","name":"Actualidad"}}]},{"@type":"Organization","@id":"https:\/\/www.eldigitaldeasturias.com\/noticias\/#organization","name":"El Digital de Asturias","description":"Hemeroteca","url":"https:\/\/www.eldigitaldeasturias.com\/noticias\/","email":"info@eldigitaldeasturias.com","telephone":"+34652131393","logo":{"@type":"ImageObject","url":"https:\/\/www.eldigitaldeasturias.com\/noticias\/wp-content\/uploads\/2020\/12\/EDA.jpg","@id":"https:\/\/www.eldigitaldeasturias.com\/noticias\/el-presidente-del-coi-dice-que-rio-tiene-que-cambiar-el-transporte-de-cara-a-las-olimpiadas\/#organizationLogo"},"image":{"@id":"https:\/\/www.eldigitaldeasturias.com\/noticias\/el-presidente-del-coi-dice-que-rio-tiene-que-cambiar-el-transporte-de-cara-a-las-olimpiadas\/#organizationLogo"},"sameAs":["https:\/\/facebook.com\/eldigitaldeasturias","https:\/\/www.youtube.com\/channel\/UCZP-2wLEB9Rv6erhFmqVnvg"],"address":{"@id":"https:\/\/www.eldigitaldeasturias.com\/noticias\/#postaladdress","@type":"PostalAddress","streetAddress":"san antonio 4","postalCode":"33430","addressLocality":"Cand\u00e1s","addressRegion":"Asturias","addressCountry":"ES"}},{"@type":"Person","@id":"https:\/\/www.eldigitaldeasturias.com\/noticias\/author\/admin\/#author","url":"https:\/\/www.eldigitaldeasturias.com\/noticias\/author\/admin\/","name":"El Digital de Asturias","image":{"@type":"ImageObject","@id":"https:\/\/www.eldigitaldeasturias.com\/noticias\/el-presidente-del-coi-dice-que-rio-tiene-que-cambiar-el-transporte-de-cara-a-las-olimpiadas\/#authorImage","url":"https:\/\/secure.gravatar.com\/avatar\/df2aeffc32bcd13f8d26072ef8a91b623d677766deac7f97ca815868cd41bf5e?s=96&d=mm&r=g","width":96,"height":96,"caption":"El Digital de Asturias"}},{"@type":"WebPage","@id":"https:\/\/www.eldigitaldeasturias.com\/noticias\/el-presidente-del-coi-dice-que-rio-tiene-que-cambiar-el-transporte-de-cara-a-las-olimpiadas\/#webpage","url":"https:\/\/www.eldigitaldeasturias.com\/noticias\/el-presidente-del-coi-dice-que-rio-tiene-que-cambiar-el-transporte-de-cara-a-las-olimpiadas\/","name":"El presidente del COI dice que R\u00edo tiene que cambiar el transporte de cara a las Olimpiadas - El Digital de Asturias","description":"R\u00edo de Janeiro, 23 ene (EFE).- El presidente del Comit\u00e9 Ol\u00edmpico Internacional (COI), Thomas Bach, afirm\u00f3 en un diario brasile\u00f1o que R\u00edo de Janeiro necesita \"transformaciones en todo su sistema de transporte\" de cara a los Juegos Ol\u00edmpicos de 2016. \"Los Juegos pueden funcionar como un excelente catalizador para esa transformaci\u00f3n, para ese cambio. Ese","inLanguage":"es-ES","isPartOf":{"@id":"https:\/\/www.eldigitaldeasturias.com\/noticias\/#website"},"breadcrumb":{"@id":"https:\/\/www.eldigitaldeasturias.com\/noticias\/el-presidente-del-coi-dice-que-rio-tiene-que-cambiar-el-transporte-de-cara-a-las-olimpiadas\/#breadcrumblist"},"author":{"@id":"https:\/\/www.eldigitaldeasturias.com\/noticias\/author\/admin\/#author"},"creator":{"@id":"https:\/\/www.eldigitaldeasturias.com\/noticias\/author\/admin\/#author"},"image":{"@type":"ImageObject","url":"https:\/\/www.eldigitaldeasturias.com\/noticias\/wp-content\/uploads\/2026\/06\/Contenidos.jpg","@id":"https:\/\/www.eldigitaldeasturias.com\/noticias\/el-presidente-del-coi-dice-que-rio-tiene-que-cambiar-el-transporte-de-cara-a-las-olimpiadas\/#mainImage","width":1265,"height":697,"caption":"Contenidos"},"primaryImageOfPage":{"@id":"https:\/\/www.eldigitaldeasturias.com\/noticias\/el-presidente-del-coi-dice-que-rio-tiene-que-cambiar-el-transporte-de-cara-a-las-olimpiadas\/#mainImage"},"datePublished":"2014-01-23T21:18:23+01:00","dateModified":"2014-01-23T21:18:45+01:00"},{"@type":"WebSite","@id":"https:\/\/www.eldigitaldeasturias.com\/noticias\/#website","url":"https:\/\/www.eldigitaldeasturias.com\/noticias\/","name":"El Digital de Asturias - Diario de actualidad y noticias","alternateName":"El Digital de Asturias - Diario de actualidad y noticias","description":"Hemeroteca","inLanguage":"es-ES","publisher":{"@id":"https:\/\/www.eldigitaldeasturias.com\/noticias\/#organization"}}]},"og:locale":"es_ES","og:site_name":"El Digital de Asturias","og:type":"article","og:title":"El presidente del COI dice que R\u00edo tiene que cambiar el transporte de cara a las Olimpiadas - El Digital de Asturias","og:description":"R\u00edo de Janeiro, 23 ene (EFE).- El presidente del Comit\u00e9 Ol\u00edmpico Internacional (COI), Thomas Bach, afirm\u00f3 en un diario brasile\u00f1o que R\u00edo de Janeiro necesita &quot;transformaciones en todo su sistema de transporte&quot; de cara a los Juegos Ol\u00edmpicos de 2016. &quot;Los Juegos pueden funcionar como un excelente catalizador para esa transformaci\u00f3n, para ese cambio. Ese","og:url":"https:\/\/www.eldigitaldeasturias.com\/noticias\/el-presidente-del-coi-dice-que-rio-tiene-que-cambiar-el-transporte-de-cara-a-las-olimpiadas\/","og:image":"https:\/\/www.eldigitaldeasturias.com\/noticias\/wp-content\/uploads\/2026\/06\/Contenidos.jpg","og:image:secure_url":"https:\/\/www.eldigitaldeasturias.com\/noticias\/wp-content\/uploads\/2026\/06\/Contenidos.jpg","og:image:width":1265,"og:image:height":697,"article:tag":["actualidad"],"article:published_time":"2014-01-23T22:18:23+00:00","article:modified_time":"2014-01-23T22:18:45+00:00","article:publisher":"https:\/\/facebook.com\/eldigitaldeasturias","twitter:card":"summary_large_image","twitter:title":"El presidente del COI dice que R\u00edo tiene que cambiar el transporte de cara a las Olimpiadas - El Digital de Asturias","twitter:description":"R\u00edo de Janeiro, 23 ene (EFE).- El presidente del Comit\u00e9 Ol\u00edmpico Internacional (COI), Thomas Bach, afirm\u00f3 en un diario brasile\u00f1o que R\u00edo de Janeiro necesita &quot;transformaciones en todo su sistema de transporte&quot; de cara a los Juegos Ol\u00edmpicos de 2016. &quot;Los Juegos pueden funcionar como un excelente catalizador para esa transformaci\u00f3n, para ese cambio. Ese","twitter:image":"https:\/\/www.eldigitaldeasturias.com\/noticias\/wp-content\/uploads\/2026\/06\/Contenidos.jpg","twitter:label1":"Escrito por","twitter:data1":"El Digital de Asturias","twitter:label2":"Tiempo de lectura estimado","twitter:data2":"2 minutos"},"aioseo_meta_data":{"post_id":"477681","title":null,"description":null,"keywords":null,"keyphrases":null,"primary_term":null,"canonical_url":null,"og_title":null,"og_description":null,"og_object_type":"default","og_image_type":"default","og_image_url":null,"og_image_width":null,"og_image_height":null,"og_image_custom_url":null,"og_image_custom_fields":null,"og_video":null,"og_custom_url":null,"og_article_section":null,"og_article_tags":null,"twitter_use_og":true,"twitter_card":"default","twitter_image_type":"default","twitter_image_url":null,"twitter_image_custom_url":null,"twitter_image_custom_fields":null,"twitter_title":null,"twitter_description":null,"schema":{"blockGraphs":[],"customGraphs":[],"default":{"data":{"Article":[],"Course":[],"Dataset":[],"FAQPage":[],"Movie":[],"Person":[],"Product":[],"ProductReview":[],"Car":[],"Recipe":[],"Service":[],"SoftwareApplication":[],"WebPage":[]},"graphName":"","isEnabled":true},"graphs":[],"defaultGraph":"","defaultPostTypeGraph":""},"schema_type":null,"schema_type_options":null,"pillar_content":false,"robots_default":true,"robots_noindex":false,"robots_noarchive":false,"robots_nosnippet":false,"robots_nofollow":false,"robots_noimageindex":false,"robots_noodp":false,"robots_notranslate":false,"robots_max_snippet":null,"robots_max_videopreview":null,"robots_max_imagepreview":"none","priority":null,"frequency":null,"local_seo":null,"seo_analyzer_scan_date":"2026-06-01 19:19:56","breadcrumb_settings":null,"limit_modified_date":false,"open_ai":null,"ai":null,"created":"2020-11-14 22:53:46","updated":"2026-06-01 19:19:56","focus_keyword":null,"additional_keywords":null,"truseo_locale":null},"aioseo_breadcrumb":"<div class=\"aioseo-breadcrumbs\"><span class=\"aioseo-breadcrumb\">\n\t<a href=\"https:\/\/www.eldigitaldeasturias.com\/noticias\" title=\"Home\">Home<\/a>\n<\/span><span class=\"aioseo-breadcrumb-separator\">\u2013<\/span><span class=\"aioseo-breadcrumb\">\n\t<a href=\"https:\/\/www.eldigitaldeasturias.com\/noticias\/category\/actualidad\/\" title=\"Actualidad\">Actualidad<\/a>\n<\/span><span class=\"aioseo-breadcrumb-separator\">\u2013<\/span><span class=\"aioseo-breadcrumb\">\n\t<a href=\"https:\/\/www.eldigitaldeasturias.com\/noticias\/el-presidente-del-coi-dice-que-rio-tiene-que-cambiar-el-transporte-de-cara-a-las-olimpiadas\/\" title=\"El presidente del COI dice que R\u00edo tiene que cambiar el transporte de cara a las Olimpiadas\">El presidente del COI dice que R\u00edo tiene que cambiar el transporte de cara a las Olimpiadas<\/a>\n<\/span><\/div>","aioseo_breadcrumb_json":[{"label":"Home","link":"https:\/\/www.eldigitaldeasturias.com\/noticias"},{"label":"Actualidad","link":"https:\/\/www.eldigitaldeasturias.com\/noticias\/category\/actualidad\/"},{"label":"El presidente del COI dice que R\u00edo tiene que cambiar el transporte de cara a las Olimpiadas","link":"https:\/\/www.eldigitaldeasturias.com\/noticias\/el-presidente-del-coi-dice-que-rio-tiene-que-cambiar-el-transporte-de-cara-a-las-olimpiadas\/"}],"_links":{"self":[{"href":"https:\/\/www.eldigitaldeasturias.com\/noticias\/wp-json\/wp\/v2\/posts\/477681","targetHints":{"allow":["GET"]}}],"collection":[{"href":"https:\/\/www.eldigitaldeasturias.com\/noticias\/wp-json\/wp\/v2\/posts"}],"about":[{"href":"https:\/\/www.eldigitaldeasturias.com\/noticias\/wp-json\/wp\/v2\/types\/post"}],"author":[{"embeddable":true,"href":"https:\/\/www.eldigitaldeasturias.com\/noticias\/wp-json\/wp\/v2\/users\/1"}],"replies":[{"embeddable":true,"href":"https:\/\/www.eldigitaldeasturias.com\/noticias\/wp-json\/wp\/v2\/comments?post=477681"}],"version-history":[{"count":0,"href":"https:\/\/www.eldigitaldeasturias.com\/noticias\/wp-json\/wp\/v2\/posts\/477681\/revisions"}],"wp:featuredmedia":[{"embeddable":true,"href":"https:\/\/www.eldigitaldeasturias.com\/noticias\/wp-json\/wp\/v2\/media\/1132184"}],"wp:attachment":[{"href":"https:\/\/www.eldigitaldeasturias.com\/noticias\/wp-json\/wp\/v2\/media?parent=477681"}],"wp:term":[{"taxonomy":"category","embeddable":true,"href":"https:\/\/www.eldigitaldeasturias.com\/noticias\/wp-json\/wp\/v2\/categories?post=477681"},{"taxonomy":"post_tag","embeddable":true,"href":"https:\/\/www.eldigitaldeasturias.com\/noticias\/wp-json\/wp\/v2\/tags?post=477681"}],"curies":[{"name":"wp","href":"https:\/\/api.w.org\/{rel}","templated":true}]}}