{"id":477672,"date":"2014-01-23T21:14:46","date_gmt":"2014-01-23T22:14:46","guid":{"rendered":"http:\/\/www.eldigitaldeasturias.com\/noticias\/?p=477672"},"modified":"2014-01-23T21:14:46","modified_gmt":"2014-01-23T22:14:46","slug":"mesquida-teme-que-el-censo-previo-de-las-primarias-limite-la-participacion","status":"publish","type":"post","link":"https:\/\/www.eldigitaldeasturias.com\/noticias\/mesquida-teme-que-el-censo-previo-de-las-primarias-limite-la-participacion\/","title":{"rendered":"Mesquida teme que el censo previo de las primarias limite la participaci\u00f3n"},"content":{"rendered":"<p><img loading=\"lazy\" decoding=\"async\" class=\"alignleft size-medium wp-image-477673\" alt=\"5870371w\" src=\"https:\/\/www.eldigitaldeasturias.com\/noticias\/wp-content\/uploads\/2014\/01\/5870371w-360x267.jpg\" width=\"360\" height=\"267\" \/>Madrid, 23 ene (EFE).- El ex director general de la Polic\u00eda y de la Guardia Civil Joan Mesquida preferir\u00eda que las primarias abiertas del PSOE para elegir al candidato a la Moncloa no fueran con un censo previo, que puede coartar la participaci\u00f3n al obligar a los interesados a inscribirse en un registro d\u00edas antes de ir a votar.<\/p>\n<p>Mesquida ha presentado en rueda de prensa su libro, \u00abSocialismo siglo XXI. La izquierda del futuro\u00bb, en el que apuesta por una \u00abrevoluci\u00f3n controlada\u00bb del programa socialdem\u00f3crata cl\u00e1sico para adaptarlo a los tiempos actuales.<\/p>\n<p>No ha querido aclarar si tiene intenci\u00f3n de presentarse a las primarias nacionales, o incluso a las auton\u00f3micas de Baleares, ni tampoco ha desvelado si cuenta con apoyos de pesos pesados del partido -entre los que se habla de Jos\u00e9 Bono- en el caso de que decidiera dar un paso en alguno de esos sentidos.<\/p>\n<p>La decisi\u00f3n la tomar\u00e1 m\u00e1s adelante, despu\u00e9s de una reflexi\u00f3n en la que tendr\u00e1 en cuenta las circunstancias externas y las suyas propias, si bien ha dejado claro que \u00e9l est\u00e1 a favor de a mayor participaci\u00f3n posible y, con esa premisa, \u00ablo l\u00f3gico es participar\u00bb. \u00ab\u00bfCon qu\u00e9 dorsal?, pues no lo s\u00e9\u00bb, ha precisado.<\/p>\n<p>A su juicio, ning\u00fan hipot\u00e9tico candidato juega con ventaja en estas elecciones primarias por ser m\u00e1s o menos conocido y ha argumentado que \u00e9l nunca hab\u00eda o\u00eddo hablar de Jos\u00e9 Luis Rodr\u00edguez Zapatero hasta que \u00e9ste anunci\u00f3 que se presentaba al congreso federal del a\u00f1o 2000.<\/p>\n<p>\u00abYo no me considero un &#8216;outsider&#8217; de un partido en el que llevo militando alrededor de 30 a\u00f1os\u00bb, ha subrayado.<\/p>\n<p>Tampoco se ha pronunciado sobre ninguno de los supuestos aspirantes que suenan ni sobre si el secretario general del PSOE, Alfredo P\u00e9rez Rubalcaba, deber\u00eda presentarse o no, si bien ha opinado que \u00abno es bueno que una persona nazca en un coche oficial y se jubile en un coche oficial\u00bb.<\/p>\n<p>No obstante, tambi\u00e9n ha considerado que en pol\u00edtica \u00ablo importante no es tener futuro, sino tener pasado\u00bb, porque demuestra qu\u00e9 ha hecho cada uno cuando ha estado en un puesto de gesti\u00f3n y cu\u00e1l han sido los resultados.<\/p>\n<p>As\u00ed las cosas, cuando alg\u00fan compa\u00f1ero de partido le pregunta sobre qui\u00e9n ser\u00eda m\u00e1s id\u00f3neo, su mensaje es: \u00abVotad trayectoria si es posible y no os dej\u00e9is obnubilar por un discurso m\u00e1s o menos brillante, que se lo pueden haber preparado otros y haber aprendido de memoria\u00bb.<\/p>\n<p>Hace varios meses el tambi\u00e9n ex secretario de Estado de Turismo present\u00f3 una plataforma ciudadana, \u00abformapartedelasoluci\u00f3n.es\u00bb, que pretende \u00abremover conciencias\u00bb, canalizar la indignaci\u00f3n hacia la acci\u00f3n, aportar ideas y recibir soluciones para liderarlas.<\/p>\n<p>Desde su partido, ha explicado, le han hecho llegar la \u00absugerencia\u00bb de que haga lo que haga no deteriore la imagen del PSOE, algo que, seg\u00fan ha defendido, nunca ha hecho.<\/p>\n<p>En el libro, Mesquida habla sobre qu\u00e9 Europa se requiere, sobre la necesidad de superar los enfrentamientos nacionalistas para avanzar hacia un modelo territorial federal, sobre la corrupci\u00f3n y sobre la recuperaci\u00f3n de los espacios p\u00fablicos y el debate colectivo, entre otros asuntos.<\/p>\n","protected":false},"excerpt":{"rendered":"<p>Madrid, 23 ene (EFE).- El ex director general de la Polic\u00eda y de la Guardia Civil Joan Mesquida preferir\u00eda que las primarias abiertas del PSOE para elegir al candidato a la Moncloa no fueran con un censo previo, que puede coartar la participaci\u00f3n al obligar a los interesados a inscribirse en un registro d\u00edas antes [&hellip;]<\/p>\n","protected":false},"author":1,"featured_media":1132184,"comment_status":"closed","ping_status":"open","sticky":false,"template":"","format":"standard","meta":{"footnotes":""},"categories":[1],"tags":[],"class_list":["post-477672","post","type-post","status-publish","format-standard","has-post-thumbnail","hentry","category-actualidad"],"aioseo_notices":[],"aioseo_head":"\n\t\t<!-- All in One SEO Pro 5.0.1 - aioseo.com -->\n\t<meta name=\"description\" content=\"Madrid, 23 ene (EFE).- El ex director general de la Polic\u00eda y de la Guardia Civil Joan Mesquida preferir\u00eda que las primarias abiertas del PSOE para elegir al candidato a la Moncloa no fueran con un censo previo, que puede coartar la participaci\u00f3n al obligar a los interesados a inscribirse en un registro d\u00edas antes\" \/>\n\t<meta name=\"robots\" content=\"max-image-preview:large\" \/>\n\t<meta name=\"author\" content=\"El Digital de Asturias\"\/>\n\t<meta name=\"google-site-verification\" content=\"UA-38556648-1\" \/>\n\t<meta name=\"msvalidate.01\" content=\"7dfe9f3f1b24437ab69f4f2559babe99\" \/>\n\t<meta name=\"keywords\" content=\"actualidad\" \/>\n\t<link rel=\"canonical\" href=\"https:\/\/www.eldigitaldeasturias.com\/noticias\/mesquida-teme-que-el-censo-previo-de-las-primarias-limite-la-participacion\/\" \/>\n\t<meta name=\"generator\" content=\"All in One SEO Pro (AIOSEO) 5.0.1\" \/>\n\t\t<meta property=\"og:locale\" content=\"es_ES\" \/>\n\t\t<meta property=\"og:site_name\" content=\"El Digital de Asturias\" \/>\n\t\t<meta property=\"og:type\" content=\"article\" \/>\n\t\t<meta property=\"og:title\" content=\"Mesquida teme que el censo previo de las primarias limite la participaci\u00f3n - El Digital de Asturias\" \/>\n\t\t<meta property=\"og:description\" content=\"Madrid, 23 ene (EFE).- El ex director general de la Polic\u00eda y de la Guardia Civil Joan Mesquida preferir\u00eda que las primarias abiertas del PSOE para elegir al candidato a la Moncloa no fueran con un censo previo, que puede coartar la participaci\u00f3n al obligar a los interesados a inscribirse en un registro d\u00edas antes\" \/>\n\t\t<meta property=\"og:url\" content=\"https:\/\/www.eldigitaldeasturias.com\/noticias\/mesquida-teme-que-el-censo-previo-de-las-primarias-limite-la-participacion\/\" \/>\n\t\t<meta property=\"og:image\" content=\"https:\/\/www.eldigitaldeasturias.com\/noticias\/wp-content\/uploads\/2026\/06\/Contenidos.jpg\" \/>\n\t\t<meta property=\"og:image:secure_url\" content=\"https:\/\/www.eldigitaldeasturias.com\/noticias\/wp-content\/uploads\/2026\/06\/Contenidos.jpg\" \/>\n\t\t<meta property=\"og:image:width\" content=\"1265\" \/>\n\t\t<meta property=\"og:image:height\" content=\"697\" \/>\n\t\t<meta property=\"article:tag\" content=\"actualidad\" \/>\n\t\t<meta property=\"article:published_time\" content=\"2014-01-23T22:14:46+00:00\" \/>\n\t\t<meta property=\"article:modified_time\" content=\"2014-01-23T22:14:46+00:00\" \/>\n\t\t<meta property=\"article:publisher\" content=\"https:\/\/facebook.com\/eldigitaldeasturias\" \/>\n\t\t<meta name=\"twitter:card\" content=\"summary_large_image\" \/>\n\t\t<meta name=\"twitter:title\" content=\"Mesquida teme que el censo previo de las primarias limite la participaci\u00f3n - El Digital de Asturias\" \/>\n\t\t<meta name=\"twitter:description\" content=\"Madrid, 23 ene (EFE).- El ex director general de la Polic\u00eda y de la Guardia Civil Joan Mesquida preferir\u00eda que las primarias abiertas del PSOE para elegir al candidato a la Moncloa no fueran con un censo previo, que puede coartar la participaci\u00f3n al obligar a los interesados a inscribirse en un registro d\u00edas antes\" \/>\n\t\t<meta name=\"twitter:image\" content=\"https:\/\/www.eldigitaldeasturias.com\/noticias\/wp-content\/uploads\/2026\/06\/Contenidos.jpg\" \/>\n\t\t<meta name=\"twitter:label1\" content=\"Escrito por\" \/>\n\t\t<meta name=\"twitter:data1\" content=\"El Digital de Asturias\" \/>\n\t\t<meta name=\"twitter:label2\" content=\"Tiempo de lectura estimado\" \/>\n\t\t<meta name=\"twitter:data2\" content=\"3 minutos\" \/>\n\t\t<script type=\"application\/ld+json\" class=\"aioseo-schema\">\n\t\t\t{\"@context\":\"https:\\\/\\\/schema.org\",\"@graph\":[{\"@type\":\"BlogPosting\",\"@id\":\"https:\\\/\\\/www.eldigitaldeasturias.com\\\/noticias\\\/mesquida-teme-que-el-censo-previo-de-las-primarias-limite-la-participacion\\\/#blogposting\",\"name\":\"Mesquida teme que el censo previo de las primarias limite la participaci\\u00f3n - El Digital de Asturias\",\"headline\":\"Mesquida teme que el censo previo de las primarias limite la participaci\\u00f3n\",\"author\":{\"@id\":\"https:\\\/\\\/www.eldigitaldeasturias.com\\\/noticias\\\/author\\\/admin\\\/#author\"},\"publisher\":{\"@id\":\"https:\\\/\\\/www.eldigitaldeasturias.com\\\/noticias\\\/#organization\"},\"image\":{\"@type\":\"ImageObject\",\"url\":\"https:\\\/\\\/www.eldigitaldeasturias.com\\\/noticias\\\/wp-content\\\/uploads\\\/2026\\\/06\\\/Contenidos.jpg\",\"width\":1265,\"height\":697,\"caption\":\"Contenidos\"},\"datePublished\":\"2014-01-23T21:14:46+01:00\",\"dateModified\":\"2014-01-23T21:14:46+01:00\",\"inLanguage\":\"es-ES\",\"mainEntityOfPage\":{\"@id\":\"https:\\\/\\\/www.eldigitaldeasturias.com\\\/noticias\\\/mesquida-teme-que-el-censo-previo-de-las-primarias-limite-la-participacion\\\/#webpage\"},\"isPartOf\":{\"@id\":\"https:\\\/\\\/www.eldigitaldeasturias.com\\\/noticias\\\/mesquida-teme-que-el-censo-previo-de-las-primarias-limite-la-participacion\\\/#webpage\"},\"articleSection\":\"Actualidad\"},{\"@type\":\"BreadcrumbList\",\"@id\":\"https:\\\/\\\/www.eldigitaldeasturias.com\\\/noticias\\\/mesquida-teme-que-el-censo-previo-de-las-primarias-limite-la-participacion\\\/#breadcrumblist\",\"itemListElement\":[{\"@type\":\"ListItem\",\"@id\":\"https:\\\/\\\/www.eldigitaldeasturias.com\\\/noticias#listItem\",\"position\":1,\"name\":\"Home\",\"item\":\"https:\\\/\\\/www.eldigitaldeasturias.com\\\/noticias\",\"nextItem\":{\"@type\":\"ListItem\",\"@id\":\"https:\\\/\\\/www.eldigitaldeasturias.com\\\/noticias\\\/category\\\/actualidad\\\/#listItem\",\"name\":\"Actualidad\"}},{\"@type\":\"ListItem\",\"@id\":\"https:\\\/\\\/www.eldigitaldeasturias.com\\\/noticias\\\/category\\\/actualidad\\\/#listItem\",\"position\":2,\"name\":\"Actualidad\",\"item\":\"https:\\\/\\\/www.eldigitaldeasturias.com\\\/noticias\\\/category\\\/actualidad\\\/\",\"nextItem\":{\"@type\":\"ListItem\",\"@id\":\"https:\\\/\\\/www.eldigitaldeasturias.com\\\/noticias\\\/mesquida-teme-que-el-censo-previo-de-las-primarias-limite-la-participacion\\\/#listItem\",\"name\":\"Mesquida teme que el censo previo de las primarias limite la participaci\\u00f3n\"},\"previousItem\":{\"@type\":\"ListItem\",\"@id\":\"https:\\\/\\\/www.eldigitaldeasturias.com\\\/noticias#listItem\",\"name\":\"Home\"}},{\"@type\":\"ListItem\",\"@id\":\"https:\\\/\\\/www.eldigitaldeasturias.com\\\/noticias\\\/mesquida-teme-que-el-censo-previo-de-las-primarias-limite-la-participacion\\\/#listItem\",\"position\":3,\"name\":\"Mesquida teme que el censo previo de las primarias limite la participaci\\u00f3n\",\"previousItem\":{\"@type\":\"ListItem\",\"@id\":\"https:\\\/\\\/www.eldigitaldeasturias.com\\\/noticias\\\/category\\\/actualidad\\\/#listItem\",\"name\":\"Actualidad\"}}]},{\"@type\":\"Organization\",\"@id\":\"https:\\\/\\\/www.eldigitaldeasturias.com\\\/noticias\\\/#organization\",\"name\":\"El Digital de Asturias\",\"description\":\"Hemeroteca\",\"url\":\"https:\\\/\\\/www.eldigitaldeasturias.com\\\/noticias\\\/\",\"email\":\"info@eldigitaldeasturias.com\",\"telephone\":\"+34652131393\",\"logo\":{\"@type\":\"ImageObject\",\"url\":\"https:\\\/\\\/www.eldigitaldeasturias.com\\\/noticias\\\/wp-content\\\/uploads\\\/2020\\\/12\\\/EDA.jpg\",\"@id\":\"https:\\\/\\\/www.eldigitaldeasturias.com\\\/noticias\\\/mesquida-teme-que-el-censo-previo-de-las-primarias-limite-la-participacion\\\/#organizationLogo\"},\"image\":{\"@id\":\"https:\\\/\\\/www.eldigitaldeasturias.com\\\/noticias\\\/mesquida-teme-que-el-censo-previo-de-las-primarias-limite-la-participacion\\\/#organizationLogo\"},\"sameAs\":[\"https:\\\/\\\/facebook.com\\\/eldigitaldeasturias\",\"https:\\\/\\\/www.youtube.com\\\/channel\\\/UCZP-2wLEB9Rv6erhFmqVnvg\"],\"address\":{\"@id\":\"https:\\\/\\\/www.eldigitaldeasturias.com\\\/noticias\\\/#postaladdress\",\"@type\":\"PostalAddress\",\"streetAddress\":\"san antonio 4\",\"postalCode\":\"33430\",\"addressLocality\":\"Cand\\u00e1s\",\"addressRegion\":\"Asturias\",\"addressCountry\":\"ES\"}},{\"@type\":\"Person\",\"@id\":\"https:\\\/\\\/www.eldigitaldeasturias.com\\\/noticias\\\/author\\\/admin\\\/#author\",\"url\":\"https:\\\/\\\/www.eldigitaldeasturias.com\\\/noticias\\\/author\\\/admin\\\/\",\"name\":\"El Digital de Asturias\",\"image\":{\"@type\":\"ImageObject\",\"@id\":\"https:\\\/\\\/www.eldigitaldeasturias.com\\\/noticias\\\/mesquida-teme-que-el-censo-previo-de-las-primarias-limite-la-participacion\\\/#authorImage\",\"url\":\"https:\\\/\\\/secure.gravatar.com\\\/avatar\\\/df2aeffc32bcd13f8d26072ef8a91b623d677766deac7f97ca815868cd41bf5e?s=96&d=mm&r=g\",\"width\":96,\"height\":96,\"caption\":\"El Digital de Asturias\"}},{\"@type\":\"WebPage\",\"@id\":\"https:\\\/\\\/www.eldigitaldeasturias.com\\\/noticias\\\/mesquida-teme-que-el-censo-previo-de-las-primarias-limite-la-participacion\\\/#webpage\",\"url\":\"https:\\\/\\\/www.eldigitaldeasturias.com\\\/noticias\\\/mesquida-teme-que-el-censo-previo-de-las-primarias-limite-la-participacion\\\/\",\"name\":\"Mesquida teme que el censo previo de las primarias limite la participaci\\u00f3n - El Digital de Asturias\",\"description\":\"Madrid, 23 ene (EFE).- El ex director general de la Polic\\u00eda y de la Guardia Civil Joan Mesquida preferir\\u00eda que las primarias abiertas del PSOE para elegir al candidato a la Moncloa no fueran con un censo previo, que puede coartar la participaci\\u00f3n al obligar a los interesados a inscribirse en un registro d\\u00edas antes\",\"inLanguage\":\"es-ES\",\"isPartOf\":{\"@id\":\"https:\\\/\\\/www.eldigitaldeasturias.com\\\/noticias\\\/#website\"},\"breadcrumb\":{\"@id\":\"https:\\\/\\\/www.eldigitaldeasturias.com\\\/noticias\\\/mesquida-teme-que-el-censo-previo-de-las-primarias-limite-la-participacion\\\/#breadcrumblist\"},\"author\":{\"@id\":\"https:\\\/\\\/www.eldigitaldeasturias.com\\\/noticias\\\/author\\\/admin\\\/#author\"},\"creator\":{\"@id\":\"https:\\\/\\\/www.eldigitaldeasturias.com\\\/noticias\\\/author\\\/admin\\\/#author\"},\"image\":{\"@type\":\"ImageObject\",\"url\":\"https:\\\/\\\/www.eldigitaldeasturias.com\\\/noticias\\\/wp-content\\\/uploads\\\/2026\\\/06\\\/Contenidos.jpg\",\"@id\":\"https:\\\/\\\/www.eldigitaldeasturias.com\\\/noticias\\\/mesquida-teme-que-el-censo-previo-de-las-primarias-limite-la-participacion\\\/#mainImage\",\"width\":1265,\"height\":697,\"caption\":\"Contenidos\"},\"primaryImageOfPage\":{\"@id\":\"https:\\\/\\\/www.eldigitaldeasturias.com\\\/noticias\\\/mesquida-teme-que-el-censo-previo-de-las-primarias-limite-la-participacion\\\/#mainImage\"},\"datePublished\":\"2014-01-23T21:14:46+01:00\",\"dateModified\":\"2014-01-23T21:14:46+01:00\"},{\"@type\":\"WebSite\",\"@id\":\"https:\\\/\\\/www.eldigitaldeasturias.com\\\/noticias\\\/#website\",\"url\":\"https:\\\/\\\/www.eldigitaldeasturias.com\\\/noticias\\\/\",\"name\":\"El Digital de Asturias - Diario de actualidad y noticias\",\"alternateName\":\"El Digital de Asturias - Diario de actualidad y noticias\",\"description\":\"Hemeroteca\",\"inLanguage\":\"es-ES\",\"publisher\":{\"@id\":\"https:\\\/\\\/www.eldigitaldeasturias.com\\\/noticias\\\/#organization\"}}]}\n\t\t<\/script>\n\t\t<!-- All in One SEO Pro -->\r\n\t\t<title>Mesquida teme que el censo previo de las primarias limite la participaci\u00f3n - El Digital de Asturias<\/title>\n\n","aioseo_head_json":{"title":"Mesquida teme que el censo previo de las primarias limite la participaci\u00f3n - El Digital de Asturias","description":"Madrid, 23 ene (EFE).- El ex director general de la Polic\u00eda y de la Guardia Civil Joan Mesquida preferir\u00eda que las primarias abiertas del PSOE para elegir al candidato a la Moncloa no fueran con un censo previo, que puede coartar la participaci\u00f3n al obligar a los interesados a inscribirse en un registro d\u00edas antes","canonical_url":"https:\/\/www.eldigitaldeasturias.com\/noticias\/mesquida-teme-que-el-censo-previo-de-las-primarias-limite-la-participacion\/","robots":"max-image-preview:large","keywords":"actualidad","webmasterTools":{"google-site-verification":"UA-38556648-1","msvalidate.01":"7dfe9f3f1b24437ab69f4f2559babe99","miscellaneous":""},"schema":{"@context":"https:\/\/schema.org","@graph":[{"@type":"BlogPosting","@id":"https:\/\/www.eldigitaldeasturias.com\/noticias\/mesquida-teme-que-el-censo-previo-de-las-primarias-limite-la-participacion\/#blogposting","name":"Mesquida teme que el censo previo de las primarias limite la participaci\u00f3n - El Digital de Asturias","headline":"Mesquida teme que el censo previo de las primarias limite la participaci\u00f3n","author":{"@id":"https:\/\/www.eldigitaldeasturias.com\/noticias\/author\/admin\/#author"},"publisher":{"@id":"https:\/\/www.eldigitaldeasturias.com\/noticias\/#organization"},"image":{"@type":"ImageObject","url":"https:\/\/www.eldigitaldeasturias.com\/noticias\/wp-content\/uploads\/2026\/06\/Contenidos.jpg","width":1265,"height":697,"caption":"Contenidos"},"datePublished":"2014-01-23T21:14:46+01:00","dateModified":"2014-01-23T21:14:46+01:00","inLanguage":"es-ES","mainEntityOfPage":{"@id":"https:\/\/www.eldigitaldeasturias.com\/noticias\/mesquida-teme-que-el-censo-previo-de-las-primarias-limite-la-participacion\/#webpage"},"isPartOf":{"@id":"https:\/\/www.eldigitaldeasturias.com\/noticias\/mesquida-teme-que-el-censo-previo-de-las-primarias-limite-la-participacion\/#webpage"},"articleSection":"Actualidad"},{"@type":"BreadcrumbList","@id":"https:\/\/www.eldigitaldeasturias.com\/noticias\/mesquida-teme-que-el-censo-previo-de-las-primarias-limite-la-participacion\/#breadcrumblist","itemListElement":[{"@type":"ListItem","@id":"https:\/\/www.eldigitaldeasturias.com\/noticias#listItem","position":1,"name":"Home","item":"https:\/\/www.eldigitaldeasturias.com\/noticias","nextItem":{"@type":"ListItem","@id":"https:\/\/www.eldigitaldeasturias.com\/noticias\/category\/actualidad\/#listItem","name":"Actualidad"}},{"@type":"ListItem","@id":"https:\/\/www.eldigitaldeasturias.com\/noticias\/category\/actualidad\/#listItem","position":2,"name":"Actualidad","item":"https:\/\/www.eldigitaldeasturias.com\/noticias\/category\/actualidad\/","nextItem":{"@type":"ListItem","@id":"https:\/\/www.eldigitaldeasturias.com\/noticias\/mesquida-teme-que-el-censo-previo-de-las-primarias-limite-la-participacion\/#listItem","name":"Mesquida teme que el censo previo de las primarias limite la participaci\u00f3n"},"previousItem":{"@type":"ListItem","@id":"https:\/\/www.eldigitaldeasturias.com\/noticias#listItem","name":"Home"}},{"@type":"ListItem","@id":"https:\/\/www.eldigitaldeasturias.com\/noticias\/mesquida-teme-que-el-censo-previo-de-las-primarias-limite-la-participacion\/#listItem","position":3,"name":"Mesquida teme que el censo previo de las primarias limite la participaci\u00f3n","previousItem":{"@type":"ListItem","@id":"https:\/\/www.eldigitaldeasturias.com\/noticias\/category\/actualidad\/#listItem","name":"Actualidad"}}]},{"@type":"Organization","@id":"https:\/\/www.eldigitaldeasturias.com\/noticias\/#organization","name":"El Digital de Asturias","description":"Hemeroteca","url":"https:\/\/www.eldigitaldeasturias.com\/noticias\/","email":"info@eldigitaldeasturias.com","telephone":"+34652131393","logo":{"@type":"ImageObject","url":"https:\/\/www.eldigitaldeasturias.com\/noticias\/wp-content\/uploads\/2020\/12\/EDA.jpg","@id":"https:\/\/www.eldigitaldeasturias.com\/noticias\/mesquida-teme-que-el-censo-previo-de-las-primarias-limite-la-participacion\/#organizationLogo"},"image":{"@id":"https:\/\/www.eldigitaldeasturias.com\/noticias\/mesquida-teme-que-el-censo-previo-de-las-primarias-limite-la-participacion\/#organizationLogo"},"sameAs":["https:\/\/facebook.com\/eldigitaldeasturias","https:\/\/www.youtube.com\/channel\/UCZP-2wLEB9Rv6erhFmqVnvg"],"address":{"@id":"https:\/\/www.eldigitaldeasturias.com\/noticias\/#postaladdress","@type":"PostalAddress","streetAddress":"san antonio 4","postalCode":"33430","addressLocality":"Cand\u00e1s","addressRegion":"Asturias","addressCountry":"ES"}},{"@type":"Person","@id":"https:\/\/www.eldigitaldeasturias.com\/noticias\/author\/admin\/#author","url":"https:\/\/www.eldigitaldeasturias.com\/noticias\/author\/admin\/","name":"El Digital de Asturias","image":{"@type":"ImageObject","@id":"https:\/\/www.eldigitaldeasturias.com\/noticias\/mesquida-teme-que-el-censo-previo-de-las-primarias-limite-la-participacion\/#authorImage","url":"https:\/\/secure.gravatar.com\/avatar\/df2aeffc32bcd13f8d26072ef8a91b623d677766deac7f97ca815868cd41bf5e?s=96&d=mm&r=g","width":96,"height":96,"caption":"El Digital de Asturias"}},{"@type":"WebPage","@id":"https:\/\/www.eldigitaldeasturias.com\/noticias\/mesquida-teme-que-el-censo-previo-de-las-primarias-limite-la-participacion\/#webpage","url":"https:\/\/www.eldigitaldeasturias.com\/noticias\/mesquida-teme-que-el-censo-previo-de-las-primarias-limite-la-participacion\/","name":"Mesquida teme que el censo previo de las primarias limite la participaci\u00f3n - El Digital de Asturias","description":"Madrid, 23 ene (EFE).- El ex director general de la Polic\u00eda y de la Guardia Civil Joan Mesquida preferir\u00eda que las primarias abiertas del PSOE para elegir al candidato a la Moncloa no fueran con un censo previo, que puede coartar la participaci\u00f3n al obligar a los interesados a inscribirse en un registro d\u00edas antes","inLanguage":"es-ES","isPartOf":{"@id":"https:\/\/www.eldigitaldeasturias.com\/noticias\/#website"},"breadcrumb":{"@id":"https:\/\/www.eldigitaldeasturias.com\/noticias\/mesquida-teme-que-el-censo-previo-de-las-primarias-limite-la-participacion\/#breadcrumblist"},"author":{"@id":"https:\/\/www.eldigitaldeasturias.com\/noticias\/author\/admin\/#author"},"creator":{"@id":"https:\/\/www.eldigitaldeasturias.com\/noticias\/author\/admin\/#author"},"image":{"@type":"ImageObject","url":"https:\/\/www.eldigitaldeasturias.com\/noticias\/wp-content\/uploads\/2026\/06\/Contenidos.jpg","@id":"https:\/\/www.eldigitaldeasturias.com\/noticias\/mesquida-teme-que-el-censo-previo-de-las-primarias-limite-la-participacion\/#mainImage","width":1265,"height":697,"caption":"Contenidos"},"primaryImageOfPage":{"@id":"https:\/\/www.eldigitaldeasturias.com\/noticias\/mesquida-teme-que-el-censo-previo-de-las-primarias-limite-la-participacion\/#mainImage"},"datePublished":"2014-01-23T21:14:46+01:00","dateModified":"2014-01-23T21:14:46+01:00"},{"@type":"WebSite","@id":"https:\/\/www.eldigitaldeasturias.com\/noticias\/#website","url":"https:\/\/www.eldigitaldeasturias.com\/noticias\/","name":"El Digital de Asturias - Diario de actualidad y noticias","alternateName":"El Digital de Asturias - Diario de actualidad y noticias","description":"Hemeroteca","inLanguage":"es-ES","publisher":{"@id":"https:\/\/www.eldigitaldeasturias.com\/noticias\/#organization"}}]},"og:locale":"es_ES","og:site_name":"El Digital de Asturias","og:type":"article","og:title":"Mesquida teme que el censo previo de las primarias limite la participaci\u00f3n - El Digital de Asturias","og:description":"Madrid, 23 ene (EFE).- El ex director general de la Polic\u00eda y de la Guardia Civil Joan Mesquida preferir\u00eda que las primarias abiertas del PSOE para elegir al candidato a la Moncloa no fueran con un censo previo, que puede coartar la participaci\u00f3n al obligar a los interesados a inscribirse en un registro d\u00edas antes","og:url":"https:\/\/www.eldigitaldeasturias.com\/noticias\/mesquida-teme-que-el-censo-previo-de-las-primarias-limite-la-participacion\/","og:image":"https:\/\/www.eldigitaldeasturias.com\/noticias\/wp-content\/uploads\/2026\/06\/Contenidos.jpg","og:image:secure_url":"https:\/\/www.eldigitaldeasturias.com\/noticias\/wp-content\/uploads\/2026\/06\/Contenidos.jpg","og:image:width":1265,"og:image:height":697,"article:tag":["actualidad"],"article:published_time":"2014-01-23T22:14:46+00:00","article:modified_time":"2014-01-23T22:14:46+00:00","article:publisher":"https:\/\/facebook.com\/eldigitaldeasturias","twitter:card":"summary_large_image","twitter:title":"Mesquida teme que el censo previo de las primarias limite la participaci\u00f3n - El Digital de Asturias","twitter:description":"Madrid, 23 ene (EFE).- El ex director general de la Polic\u00eda y de la Guardia Civil Joan Mesquida preferir\u00eda que las primarias abiertas del PSOE para elegir al candidato a la Moncloa no fueran con un censo previo, que puede coartar la participaci\u00f3n al obligar a los interesados a inscribirse en un registro d\u00edas antes","twitter:image":"https:\/\/www.eldigitaldeasturias.com\/noticias\/wp-content\/uploads\/2026\/06\/Contenidos.jpg","twitter:label1":"Escrito por","twitter:data1":"El Digital de Asturias","twitter:label2":"Tiempo de lectura estimado","twitter:data2":"3 minutos"},"aioseo_meta_data":{"post_id":"477672","title":null,"description":null,"keywords":null,"keyphrases":null,"primary_term":null,"canonical_url":null,"og_title":null,"og_description":null,"og_object_type":"default","og_image_type":"default","og_image_url":null,"og_image_width":null,"og_image_height":null,"og_image_custom_url":null,"og_image_custom_fields":null,"og_video":null,"og_custom_url":null,"og_article_section":null,"og_article_tags":null,"twitter_use_og":true,"twitter_card":"default","twitter_image_type":"default","twitter_image_url":null,"twitter_image_custom_url":null,"twitter_image_custom_fields":null,"twitter_title":null,"twitter_description":null,"schema":{"blockGraphs":[],"customGraphs":[],"default":{"data":{"Article":[],"Course":[],"Dataset":[],"FAQPage":[],"Movie":[],"Person":[],"Product":[],"ProductReview":[],"Car":[],"Recipe":[],"Service":[],"SoftwareApplication":[],"WebPage":[]},"graphName":"","isEnabled":true},"graphs":[],"defaultGraph":"","defaultPostTypeGraph":""},"schema_type":null,"schema_type_options":null,"pillar_content":false,"robots_default":true,"robots_noindex":false,"robots_noarchive":false,"robots_nosnippet":false,"robots_nofollow":false,"robots_noimageindex":false,"robots_noodp":false,"robots_notranslate":false,"robots_max_snippet":null,"robots_max_videopreview":null,"robots_max_imagepreview":"none","priority":null,"frequency":null,"local_seo":null,"seo_analyzer_scan_date":"2026-06-01 19:17:50","breadcrumb_settings":null,"limit_modified_date":false,"open_ai":null,"ai":null,"created":"2020-11-14 22:53:46","updated":"2026-06-01 19:17:50","focus_keyword":null,"additional_keywords":null,"truseo_locale":null},"aioseo_breadcrumb":"<div class=\"aioseo-breadcrumbs\"><span class=\"aioseo-breadcrumb\">\n\t<a href=\"https:\/\/www.eldigitaldeasturias.com\/noticias\" title=\"Home\">Home<\/a>\n<\/span><span class=\"aioseo-breadcrumb-separator\">\u2013<\/span><span class=\"aioseo-breadcrumb\">\n\t<a href=\"https:\/\/www.eldigitaldeasturias.com\/noticias\/category\/actualidad\/\" title=\"Actualidad\">Actualidad<\/a>\n<\/span><span class=\"aioseo-breadcrumb-separator\">\u2013<\/span><span class=\"aioseo-breadcrumb\">\n\t<a href=\"https:\/\/www.eldigitaldeasturias.com\/noticias\/mesquida-teme-que-el-censo-previo-de-las-primarias-limite-la-participacion\/\" title=\"Mesquida teme que el censo previo de las primarias limite la participaci\u00f3n\">Mesquida teme que el censo previo de las primarias limite la participaci\u00f3n<\/a>\n<\/span><\/div>","aioseo_breadcrumb_json":[{"label":"Home","link":"https:\/\/www.eldigitaldeasturias.com\/noticias"},{"label":"Actualidad","link":"https:\/\/www.eldigitaldeasturias.com\/noticias\/category\/actualidad\/"},{"label":"Mesquida teme que el censo previo de las primarias limite la participaci\u00f3n","link":"https:\/\/www.eldigitaldeasturias.com\/noticias\/mesquida-teme-que-el-censo-previo-de-las-primarias-limite-la-participacion\/"}],"_links":{"self":[{"href":"https:\/\/www.eldigitaldeasturias.com\/noticias\/wp-json\/wp\/v2\/posts\/477672","targetHints":{"allow":["GET"]}}],"collection":[{"href":"https:\/\/www.eldigitaldeasturias.com\/noticias\/wp-json\/wp\/v2\/posts"}],"about":[{"href":"https:\/\/www.eldigitaldeasturias.com\/noticias\/wp-json\/wp\/v2\/types\/post"}],"author":[{"embeddable":true,"href":"https:\/\/www.eldigitaldeasturias.com\/noticias\/wp-json\/wp\/v2\/users\/1"}],"replies":[{"embeddable":true,"href":"https:\/\/www.eldigitaldeasturias.com\/noticias\/wp-json\/wp\/v2\/comments?post=477672"}],"version-history":[{"count":0,"href":"https:\/\/www.eldigitaldeasturias.com\/noticias\/wp-json\/wp\/v2\/posts\/477672\/revisions"}],"wp:featuredmedia":[{"embeddable":true,"href":"https:\/\/www.eldigitaldeasturias.com\/noticias\/wp-json\/wp\/v2\/media\/1132184"}],"wp:attachment":[{"href":"https:\/\/www.eldigitaldeasturias.com\/noticias\/wp-json\/wp\/v2\/media?parent=477672"}],"wp:term":[{"taxonomy":"category","embeddable":true,"href":"https:\/\/www.eldigitaldeasturias.com\/noticias\/wp-json\/wp\/v2\/categories?post=477672"},{"taxonomy":"post_tag","embeddable":true,"href":"https:\/\/www.eldigitaldeasturias.com\/noticias\/wp-json\/wp\/v2\/tags?post=477672"}],"curies":[{"name":"wp","href":"https:\/\/api.w.org\/{rel}","templated":true}]}}