{"id":477624,"date":"2014-01-23T18:19:59","date_gmt":"2014-01-23T19:19:59","guid":{"rendered":"http:\/\/www.eldigitaldeasturias.com\/noticias\/?p=477624"},"modified":"2014-01-23T18:19:59","modified_gmt":"2014-01-23T19:19:59","slug":"los-trabajadores-de-empresas-asturianas-en-crisis-crean-un-frente-de-resistencia","status":"publish","type":"post","link":"https:\/\/www.eldigitaldeasturias.com\/noticias\/los-trabajadores-de-empresas-asturianas-en-crisis-crean-un-frente-de-resistencia\/","title":{"rendered":"Los trabajadores de empresas Asturianas en crisis crean un frente de resistencia"},"content":{"rendered":"<p><img loading=\"lazy\" decoding=\"async\" class=\"alignleft size-medium wp-image-684\" alt=\"tenneco\" src=\"https:\/\/www.eldigitaldeasturias.com\/noticias\/wp-content\/uploads\/2013\/09\/tenneco-360x288.jpg\" width=\"360\" height=\"288\" \/>Gij\u00f3n, 23 ene (EFE).- Trabajadores de empresas de Asturias afectadas por cierres, despidos o reestructuraciones han acordado hoy en Gij\u00f3n crear un frente de resistencia en defensa del empleo.<\/p>\n<p>La resoluci\u00f3n se ha adoptado en una asamblea celebrada en las instalaciones de la f\u00e1brica de amortiguadores de Tenneco con la participaci\u00f3n de representantes de una decena de compa\u00f1\u00edas.<\/p>\n<p>Los trabajadores resolvieron apoyar las movilizaciones y acciones que convoque cada uno de los distintos colectivos y la primera se realizar\u00e1 el pr\u00f3ximo 31 de enero frente al Tribunal Superior de Justicia de Asturias.<\/p>\n<p>La concentraci\u00f3n ante las dependencias judiciales se realizar\u00e1 en apoyo a los empleados de Tenneco en el momento en que se celebra la vista del recurso contra el Expediente de Regulaci\u00f3n de Empleo para toda la plantilla de la f\u00e1brica de Gij\u00f3n.<\/p>\n<p>Hoy en la asamblea han participado trabajadores y despedidos de Cocinas Asturianas, Benito Sistemas, Cajastur, Subcontratas de Hunosa, C\u00e9brano, Fundici\u00f3n Nodular, la lavanderia del Hospital de Cabue\u00f1es, la F\u00e1brica de Armas de Trubia, Matadero de Nore\u00f1a, Tenneco y Coca Cola, y afectados por la intoxicaci\u00f3n con mercurio de Asturiana de Zinc.<\/p>\n<p>El delegado sindical de CC.OO. en Tenneco Cesar Gonz\u00e1lez ha asegurado que la iniciativa de crear un \u00abfrente com\u00fan\u00bb es una \u00abnecesidad\u00bb de los trabajadores que se concreta fuera de las siglas de sindicatos y de partidos pol\u00edticos.<\/p>\n<p>Gonz\u00e1lez ha asegurado que el prop\u00f3sito es \u00abponerle cara a los conflictos\u00bb para recabar \u00abapoyo social\u00bb en un momento de \u00abgravedad extrema\u00bb porque la legislaci\u00f3n \u00abfavorece el expolio y perjudica a los trabajadores\u00bb.<\/p>\n<p>Eliseo G\u00f3mez, ex empleado de Fundici\u00f3n Nodular, ha afirmado que toda la plantilla de esta firma ha sido despedida como consecuencia de la crisis por la burbuja inmobiliaria ante la \u00abpasividad de los pol\u00edticos que no hicieron nada\u00bb.<\/p>\n<p>Javier \u00c1lvarez, uno de los 55 despedidos de la F\u00e1brica de Armas ha acusado a las centrales sindicales de llevar a cabo \u00abuna negociaci\u00f3n nefasta\u00bb del Expediente de Regulaci\u00f3n de Empleo.<\/p>\n<p>El delegado de la CSI en Cajastur-Liberbank, Marco Antu\u00f1a, ha exhortado a los asistentes a \u00abponer la cara y el cuerpo a los conflictos para evitar la desertizaci\u00f3n y el cierre de empresas\u00bb.<\/p>\n<p>\u00abEn Cajastur se ha realizado el ERE m\u00e1s brutal de todo el sistema bancario con reducci\u00f3n de salarios en m\u00e1s del 60 por ciento y se est\u00e1n preparando despidos\u00bb, ha destacado.<\/p>\n<p>Antu\u00f1a ha agregado que la privatizaci\u00f3n de la entidad financiera asturiana ha sido \u00abel mayor atraco a la sociedad espa\u00f1ola, que se ha ejecutado con el apoyo de los dirigentes pol\u00edticos\u00bb.<\/p>\n<p>Alexis Riesgo, de Benito Sistemas, ha explicado que la firma ha despedido a 81 trabajadores por \u00abfalta de liquidez\u00bb a causa de la negativa de los bancos a dar cr\u00e9ditos y de la \u00abmala gesti\u00f3n\u00bb de la direcci\u00f3n.<\/p>\n<p>Jes\u00fas Gonz\u00e1lez, de las subcontratas de Hunosa, ha denunciado que desde el a\u00f1o 2012 han sido despedidos 110 trabajadores, a partir del momento en que finaliz\u00f3 la huelga de la miner\u00eda.<\/p>\n<p>Israel Garc\u00eda, de Asturvega,\u00a0 ha anunciado que se iniciar\u00e1n movilizaciones contra la decisi\u00f3n de Coca Cola de cerrar las plantas de Alicante, Palma de Mallorca, Madrid y Asturias, que emplean a 1.253 personas.<\/p>\n<p>Francisco Gallardo, uno de los afectados por intoxicaci\u00f3n con mercurio de Asturiana de Cinc ha dicho que los servicios sanitarios del Principado de Asturias han apoyado a la compa\u00f1\u00eda para minimizar las consecuencias del problema.<\/p>\n<p>Ha asegurado que controles sobre los niveles de mercurio realizados fuera de Asturias revelan niveles muy superiores a los que se han hecho en el SESPA.<\/p>\n<p>Ana Sol\u00eds, de la lavander\u00eda del Hospital de Cabue\u00f1es, ha indicado que el turno de tarde en el que se lavaba la ropa del Hospital de San Agust\u00edn, de Avil\u00e9s, ha sido cerrado para \u00abque se beneficie\u00bb une empresa de Cant\u00e1bria.<\/p>\n<p>\u00abNo es verdad lo que dice el consejero Faustino Blanco de que la maquinaria esta obsoleta y que repararla cuesta 2 millones de euros, porque el turno ma\u00f1ana esta trabajando perfectamente con ella\u00bb, ha asegurado.<\/p>\n<p>Sol\u00eds ha dicho no comprender por que motivo el SESPA, \u00abteniendo una lavander\u00eda en Cabue\u00f1es permite que muchos hospitales trabajen con empresas privadas\u00bb.<\/p>\n<p>Seg\u00fan ha explicado, el estudio preliminar realizado antes de que se dispusiera la apertura del turno tarde hab\u00eda determinado que el Hospital San Agust\u00edn ahorrar\u00eda unos 180.000 euros.<\/p>\n","protected":false},"excerpt":{"rendered":"<p>Gij\u00f3n, 23 ene (EFE).- Trabajadores de empresas de Asturias afectadas por cierres, despidos o reestructuraciones han acordado hoy en Gij\u00f3n crear un frente de resistencia en defensa del empleo. La resoluci\u00f3n se ha adoptado en una asamblea celebrada en las instalaciones de la f\u00e1brica de amortiguadores de Tenneco con la participaci\u00f3n de representantes de una [&hellip;]<\/p>\n","protected":false},"author":1,"featured_media":1132184,"comment_status":"closed","ping_status":"open","sticky":false,"template":"","format":"standard","meta":{"footnotes":""},"categories":[1,12],"tags":[],"class_list":["post-477624","post","type-post","status-publish","format-standard","has-post-thumbnail","hentry","category-actualidad","category-actualidad-asturias"],"aioseo_notices":[],"aioseo_head":"\n\t\t<!-- All in One SEO Pro 5.0.1 - aioseo.com -->\n\t<meta name=\"description\" content=\"Gij\u00f3n, 23 ene (EFE).- Trabajadores de empresas de Asturias afectadas por cierres, despidos o reestructuraciones han acordado hoy en Gij\u00f3n crear un frente de resistencia en defensa del empleo. La resoluci\u00f3n se ha adoptado en una asamblea celebrada en las instalaciones de la f\u00e1brica de amortiguadores de Tenneco con la participaci\u00f3n de representantes de una\" \/>\n\t<meta name=\"robots\" content=\"max-image-preview:large\" \/>\n\t<meta name=\"author\" content=\"El Digital de Asturias\"\/>\n\t<meta name=\"google-site-verification\" content=\"UA-38556648-1\" \/>\n\t<meta name=\"msvalidate.01\" content=\"7dfe9f3f1b24437ab69f4f2559babe99\" \/>\n\t<meta name=\"keywords\" content=\"actualidad,actualidad asturias\" \/>\n\t<link rel=\"canonical\" href=\"https:\/\/www.eldigitaldeasturias.com\/noticias\/los-trabajadores-de-empresas-asturianas-en-crisis-crean-un-frente-de-resistencia\/\" \/>\n\t<meta name=\"generator\" content=\"All in One SEO Pro (AIOSEO) 5.0.1\" \/>\n\t\t<meta property=\"og:locale\" content=\"es_ES\" \/>\n\t\t<meta property=\"og:site_name\" content=\"El Digital de Asturias\" \/>\n\t\t<meta property=\"og:type\" content=\"article\" \/>\n\t\t<meta property=\"og:title\" content=\"Los trabajadores de empresas Asturianas en crisis crean un frente de resistencia - El Digital de Asturias\" \/>\n\t\t<meta property=\"og:description\" content=\"Gij\u00f3n, 23 ene (EFE).- Trabajadores de empresas de Asturias afectadas por cierres, despidos o reestructuraciones han acordado hoy en Gij\u00f3n crear un frente de resistencia en defensa del empleo. La resoluci\u00f3n se ha adoptado en una asamblea celebrada en las instalaciones de la f\u00e1brica de amortiguadores de Tenneco con la participaci\u00f3n de representantes de una\" \/>\n\t\t<meta property=\"og:url\" content=\"https:\/\/www.eldigitaldeasturias.com\/noticias\/los-trabajadores-de-empresas-asturianas-en-crisis-crean-un-frente-de-resistencia\/\" \/>\n\t\t<meta property=\"og:image\" content=\"https:\/\/www.eldigitaldeasturias.com\/noticias\/wp-content\/uploads\/2026\/06\/Contenidos.jpg\" \/>\n\t\t<meta property=\"og:image:secure_url\" content=\"https:\/\/www.eldigitaldeasturias.com\/noticias\/wp-content\/uploads\/2026\/06\/Contenidos.jpg\" \/>\n\t\t<meta property=\"og:image:width\" content=\"1265\" \/>\n\t\t<meta property=\"og:image:height\" content=\"697\" \/>\n\t\t<meta property=\"article:tag\" content=\"actualidad\" \/>\n\t\t<meta property=\"article:tag\" content=\"actualidad asturias\" \/>\n\t\t<meta property=\"article:published_time\" content=\"2014-01-23T19:19:59+00:00\" \/>\n\t\t<meta property=\"article:modified_time\" content=\"2014-01-23T19:19:59+00:00\" \/>\n\t\t<meta property=\"article:publisher\" content=\"https:\/\/facebook.com\/eldigitaldeasturias\" \/>\n\t\t<meta name=\"twitter:card\" content=\"summary_large_image\" \/>\n\t\t<meta name=\"twitter:title\" content=\"Los trabajadores de empresas Asturianas en crisis crean un frente de resistencia - El Digital de Asturias\" \/>\n\t\t<meta name=\"twitter:description\" content=\"Gij\u00f3n, 23 ene (EFE).- Trabajadores de empresas de Asturias afectadas por cierres, despidos o reestructuraciones han acordado hoy en Gij\u00f3n crear un frente de resistencia en defensa del empleo. La resoluci\u00f3n se ha adoptado en una asamblea celebrada en las instalaciones de la f\u00e1brica de amortiguadores de Tenneco con la participaci\u00f3n de representantes de una\" \/>\n\t\t<meta name=\"twitter:image\" content=\"https:\/\/www.eldigitaldeasturias.com\/noticias\/wp-content\/uploads\/2026\/06\/Contenidos.jpg\" \/>\n\t\t<meta name=\"twitter:label1\" content=\"Escrito por\" \/>\n\t\t<meta name=\"twitter:data1\" content=\"El Digital de Asturias\" \/>\n\t\t<meta name=\"twitter:label2\" content=\"Tiempo de lectura estimado\" \/>\n\t\t<meta name=\"twitter:data2\" content=\"4 minutos\" \/>\n\t\t<script type=\"application\/ld+json\" class=\"aioseo-schema\">\n\t\t\t{\"@context\":\"https:\\\/\\\/schema.org\",\"@graph\":[{\"@type\":\"BlogPosting\",\"@id\":\"https:\\\/\\\/www.eldigitaldeasturias.com\\\/noticias\\\/los-trabajadores-de-empresas-asturianas-en-crisis-crean-un-frente-de-resistencia\\\/#blogposting\",\"name\":\"Los trabajadores de empresas Asturianas en crisis crean un frente de resistencia - El Digital de Asturias\",\"headline\":\"Los trabajadores de empresas Asturianas en crisis crean un frente de resistencia\",\"author\":{\"@id\":\"https:\\\/\\\/www.eldigitaldeasturias.com\\\/noticias\\\/author\\\/admin\\\/#author\"},\"publisher\":{\"@id\":\"https:\\\/\\\/www.eldigitaldeasturias.com\\\/noticias\\\/#organization\"},\"image\":{\"@type\":\"ImageObject\",\"url\":\"https:\\\/\\\/www.eldigitaldeasturias.com\\\/noticias\\\/wp-content\\\/uploads\\\/2026\\\/06\\\/Contenidos.jpg\",\"width\":1265,\"height\":697,\"caption\":\"Contenidos\"},\"datePublished\":\"2014-01-23T18:19:59+01:00\",\"dateModified\":\"2014-01-23T18:19:59+01:00\",\"inLanguage\":\"es-ES\",\"mainEntityOfPage\":{\"@id\":\"https:\\\/\\\/www.eldigitaldeasturias.com\\\/noticias\\\/los-trabajadores-de-empresas-asturianas-en-crisis-crean-un-frente-de-resistencia\\\/#webpage\"},\"isPartOf\":{\"@id\":\"https:\\\/\\\/www.eldigitaldeasturias.com\\\/noticias\\\/los-trabajadores-de-empresas-asturianas-en-crisis-crean-un-frente-de-resistencia\\\/#webpage\"},\"articleSection\":\"Actualidad, Actualidad Asturias\"},{\"@type\":\"BreadcrumbList\",\"@id\":\"https:\\\/\\\/www.eldigitaldeasturias.com\\\/noticias\\\/los-trabajadores-de-empresas-asturianas-en-crisis-crean-un-frente-de-resistencia\\\/#breadcrumblist\",\"itemListElement\":[{\"@type\":\"ListItem\",\"@id\":\"https:\\\/\\\/www.eldigitaldeasturias.com\\\/noticias#listItem\",\"position\":1,\"name\":\"Home\",\"item\":\"https:\\\/\\\/www.eldigitaldeasturias.com\\\/noticias\",\"nextItem\":{\"@type\":\"ListItem\",\"@id\":\"https:\\\/\\\/www.eldigitaldeasturias.com\\\/noticias\\\/category\\\/actualidad\\\/#listItem\",\"name\":\"Actualidad\"}},{\"@type\":\"ListItem\",\"@id\":\"https:\\\/\\\/www.eldigitaldeasturias.com\\\/noticias\\\/category\\\/actualidad\\\/#listItem\",\"position\":2,\"name\":\"Actualidad\",\"item\":\"https:\\\/\\\/www.eldigitaldeasturias.com\\\/noticias\\\/category\\\/actualidad\\\/\",\"nextItem\":{\"@type\":\"ListItem\",\"@id\":\"https:\\\/\\\/www.eldigitaldeasturias.com\\\/noticias\\\/los-trabajadores-de-empresas-asturianas-en-crisis-crean-un-frente-de-resistencia\\\/#listItem\",\"name\":\"Los trabajadores de empresas Asturianas en crisis crean un frente de resistencia\"},\"previousItem\":{\"@type\":\"ListItem\",\"@id\":\"https:\\\/\\\/www.eldigitaldeasturias.com\\\/noticias#listItem\",\"name\":\"Home\"}},{\"@type\":\"ListItem\",\"@id\":\"https:\\\/\\\/www.eldigitaldeasturias.com\\\/noticias\\\/los-trabajadores-de-empresas-asturianas-en-crisis-crean-un-frente-de-resistencia\\\/#listItem\",\"position\":3,\"name\":\"Los trabajadores de empresas Asturianas en crisis crean un frente de resistencia\",\"previousItem\":{\"@type\":\"ListItem\",\"@id\":\"https:\\\/\\\/www.eldigitaldeasturias.com\\\/noticias\\\/category\\\/actualidad\\\/#listItem\",\"name\":\"Actualidad\"}}]},{\"@type\":\"Organization\",\"@id\":\"https:\\\/\\\/www.eldigitaldeasturias.com\\\/noticias\\\/#organization\",\"name\":\"El Digital de Asturias\",\"description\":\"Hemeroteca\",\"url\":\"https:\\\/\\\/www.eldigitaldeasturias.com\\\/noticias\\\/\",\"email\":\"info@eldigitaldeasturias.com\",\"telephone\":\"+34652131393\",\"logo\":{\"@type\":\"ImageObject\",\"url\":\"https:\\\/\\\/www.eldigitaldeasturias.com\\\/noticias\\\/wp-content\\\/uploads\\\/2020\\\/12\\\/EDA.jpg\",\"@id\":\"https:\\\/\\\/www.eldigitaldeasturias.com\\\/noticias\\\/los-trabajadores-de-empresas-asturianas-en-crisis-crean-un-frente-de-resistencia\\\/#organizationLogo\"},\"image\":{\"@id\":\"https:\\\/\\\/www.eldigitaldeasturias.com\\\/noticias\\\/los-trabajadores-de-empresas-asturianas-en-crisis-crean-un-frente-de-resistencia\\\/#organizationLogo\"},\"sameAs\":[\"https:\\\/\\\/facebook.com\\\/eldigitaldeasturias\",\"https:\\\/\\\/www.youtube.com\\\/channel\\\/UCZP-2wLEB9Rv6erhFmqVnvg\"],\"address\":{\"@id\":\"https:\\\/\\\/www.eldigitaldeasturias.com\\\/noticias\\\/#postaladdress\",\"@type\":\"PostalAddress\",\"streetAddress\":\"san antonio 4\",\"postalCode\":\"33430\",\"addressLocality\":\"Cand\\u00e1s\",\"addressRegion\":\"Asturias\",\"addressCountry\":\"ES\"}},{\"@type\":\"Person\",\"@id\":\"https:\\\/\\\/www.eldigitaldeasturias.com\\\/noticias\\\/author\\\/admin\\\/#author\",\"url\":\"https:\\\/\\\/www.eldigitaldeasturias.com\\\/noticias\\\/author\\\/admin\\\/\",\"name\":\"El Digital de Asturias\",\"image\":{\"@type\":\"ImageObject\",\"@id\":\"https:\\\/\\\/www.eldigitaldeasturias.com\\\/noticias\\\/los-trabajadores-de-empresas-asturianas-en-crisis-crean-un-frente-de-resistencia\\\/#authorImage\",\"url\":\"https:\\\/\\\/secure.gravatar.com\\\/avatar\\\/df2aeffc32bcd13f8d26072ef8a91b623d677766deac7f97ca815868cd41bf5e?s=96&d=mm&r=g\",\"width\":96,\"height\":96,\"caption\":\"El Digital de Asturias\"}},{\"@type\":\"WebPage\",\"@id\":\"https:\\\/\\\/www.eldigitaldeasturias.com\\\/noticias\\\/los-trabajadores-de-empresas-asturianas-en-crisis-crean-un-frente-de-resistencia\\\/#webpage\",\"url\":\"https:\\\/\\\/www.eldigitaldeasturias.com\\\/noticias\\\/los-trabajadores-de-empresas-asturianas-en-crisis-crean-un-frente-de-resistencia\\\/\",\"name\":\"Los trabajadores de empresas Asturianas en crisis crean un frente de resistencia - El Digital de Asturias\",\"description\":\"Gij\\u00f3n, 23 ene (EFE).- Trabajadores de empresas de Asturias afectadas por cierres, despidos o reestructuraciones han acordado hoy en Gij\\u00f3n crear un frente de resistencia en defensa del empleo. La resoluci\\u00f3n se ha adoptado en una asamblea celebrada en las instalaciones de la f\\u00e1brica de amortiguadores de Tenneco con la participaci\\u00f3n de representantes de una\",\"inLanguage\":\"es-ES\",\"isPartOf\":{\"@id\":\"https:\\\/\\\/www.eldigitaldeasturias.com\\\/noticias\\\/#website\"},\"breadcrumb\":{\"@id\":\"https:\\\/\\\/www.eldigitaldeasturias.com\\\/noticias\\\/los-trabajadores-de-empresas-asturianas-en-crisis-crean-un-frente-de-resistencia\\\/#breadcrumblist\"},\"author\":{\"@id\":\"https:\\\/\\\/www.eldigitaldeasturias.com\\\/noticias\\\/author\\\/admin\\\/#author\"},\"creator\":{\"@id\":\"https:\\\/\\\/www.eldigitaldeasturias.com\\\/noticias\\\/author\\\/admin\\\/#author\"},\"image\":{\"@type\":\"ImageObject\",\"url\":\"https:\\\/\\\/www.eldigitaldeasturias.com\\\/noticias\\\/wp-content\\\/uploads\\\/2026\\\/06\\\/Contenidos.jpg\",\"@id\":\"https:\\\/\\\/www.eldigitaldeasturias.com\\\/noticias\\\/los-trabajadores-de-empresas-asturianas-en-crisis-crean-un-frente-de-resistencia\\\/#mainImage\",\"width\":1265,\"height\":697,\"caption\":\"Contenidos\"},\"primaryImageOfPage\":{\"@id\":\"https:\\\/\\\/www.eldigitaldeasturias.com\\\/noticias\\\/los-trabajadores-de-empresas-asturianas-en-crisis-crean-un-frente-de-resistencia\\\/#mainImage\"},\"datePublished\":\"2014-01-23T18:19:59+01:00\",\"dateModified\":\"2014-01-23T18:19:59+01:00\"},{\"@type\":\"WebSite\",\"@id\":\"https:\\\/\\\/www.eldigitaldeasturias.com\\\/noticias\\\/#website\",\"url\":\"https:\\\/\\\/www.eldigitaldeasturias.com\\\/noticias\\\/\",\"name\":\"El Digital de Asturias - Diario de actualidad y noticias\",\"alternateName\":\"El Digital de Asturias - Diario de actualidad y noticias\",\"description\":\"Hemeroteca\",\"inLanguage\":\"es-ES\",\"publisher\":{\"@id\":\"https:\\\/\\\/www.eldigitaldeasturias.com\\\/noticias\\\/#organization\"}}]}\n\t\t<\/script>\n\t\t<!-- All in One SEO Pro -->\r\n\t\t<title>Los trabajadores de empresas Asturianas en crisis crean un frente de resistencia - El Digital de Asturias<\/title>\n\n","aioseo_head_json":{"title":"Los trabajadores de empresas Asturianas en crisis crean un frente de resistencia - El Digital de Asturias","description":"Gij\u00f3n, 23 ene (EFE).- Trabajadores de empresas de Asturias afectadas por cierres, despidos o reestructuraciones han acordado hoy en Gij\u00f3n crear un frente de resistencia en defensa del empleo. La resoluci\u00f3n se ha adoptado en una asamblea celebrada en las instalaciones de la f\u00e1brica de amortiguadores de Tenneco con la participaci\u00f3n de representantes de una","canonical_url":"https:\/\/www.eldigitaldeasturias.com\/noticias\/los-trabajadores-de-empresas-asturianas-en-crisis-crean-un-frente-de-resistencia\/","robots":"max-image-preview:large","keywords":"actualidad,actualidad asturias","webmasterTools":{"google-site-verification":"UA-38556648-1","msvalidate.01":"7dfe9f3f1b24437ab69f4f2559babe99","miscellaneous":""},"schema":{"@context":"https:\/\/schema.org","@graph":[{"@type":"BlogPosting","@id":"https:\/\/www.eldigitaldeasturias.com\/noticias\/los-trabajadores-de-empresas-asturianas-en-crisis-crean-un-frente-de-resistencia\/#blogposting","name":"Los trabajadores de empresas Asturianas en crisis crean un frente de resistencia - El Digital de Asturias","headline":"Los trabajadores de empresas Asturianas en crisis crean un frente de resistencia","author":{"@id":"https:\/\/www.eldigitaldeasturias.com\/noticias\/author\/admin\/#author"},"publisher":{"@id":"https:\/\/www.eldigitaldeasturias.com\/noticias\/#organization"},"image":{"@type":"ImageObject","url":"https:\/\/www.eldigitaldeasturias.com\/noticias\/wp-content\/uploads\/2026\/06\/Contenidos.jpg","width":1265,"height":697,"caption":"Contenidos"},"datePublished":"2014-01-23T18:19:59+01:00","dateModified":"2014-01-23T18:19:59+01:00","inLanguage":"es-ES","mainEntityOfPage":{"@id":"https:\/\/www.eldigitaldeasturias.com\/noticias\/los-trabajadores-de-empresas-asturianas-en-crisis-crean-un-frente-de-resistencia\/#webpage"},"isPartOf":{"@id":"https:\/\/www.eldigitaldeasturias.com\/noticias\/los-trabajadores-de-empresas-asturianas-en-crisis-crean-un-frente-de-resistencia\/#webpage"},"articleSection":"Actualidad, Actualidad Asturias"},{"@type":"BreadcrumbList","@id":"https:\/\/www.eldigitaldeasturias.com\/noticias\/los-trabajadores-de-empresas-asturianas-en-crisis-crean-un-frente-de-resistencia\/#breadcrumblist","itemListElement":[{"@type":"ListItem","@id":"https:\/\/www.eldigitaldeasturias.com\/noticias#listItem","position":1,"name":"Home","item":"https:\/\/www.eldigitaldeasturias.com\/noticias","nextItem":{"@type":"ListItem","@id":"https:\/\/www.eldigitaldeasturias.com\/noticias\/category\/actualidad\/#listItem","name":"Actualidad"}},{"@type":"ListItem","@id":"https:\/\/www.eldigitaldeasturias.com\/noticias\/category\/actualidad\/#listItem","position":2,"name":"Actualidad","item":"https:\/\/www.eldigitaldeasturias.com\/noticias\/category\/actualidad\/","nextItem":{"@type":"ListItem","@id":"https:\/\/www.eldigitaldeasturias.com\/noticias\/los-trabajadores-de-empresas-asturianas-en-crisis-crean-un-frente-de-resistencia\/#listItem","name":"Los trabajadores de empresas Asturianas en crisis crean un frente de resistencia"},"previousItem":{"@type":"ListItem","@id":"https:\/\/www.eldigitaldeasturias.com\/noticias#listItem","name":"Home"}},{"@type":"ListItem","@id":"https:\/\/www.eldigitaldeasturias.com\/noticias\/los-trabajadores-de-empresas-asturianas-en-crisis-crean-un-frente-de-resistencia\/#listItem","position":3,"name":"Los trabajadores de empresas Asturianas en crisis crean un frente de resistencia","previousItem":{"@type":"ListItem","@id":"https:\/\/www.eldigitaldeasturias.com\/noticias\/category\/actualidad\/#listItem","name":"Actualidad"}}]},{"@type":"Organization","@id":"https:\/\/www.eldigitaldeasturias.com\/noticias\/#organization","name":"El Digital de Asturias","description":"Hemeroteca","url":"https:\/\/www.eldigitaldeasturias.com\/noticias\/","email":"info@eldigitaldeasturias.com","telephone":"+34652131393","logo":{"@type":"ImageObject","url":"https:\/\/www.eldigitaldeasturias.com\/noticias\/wp-content\/uploads\/2020\/12\/EDA.jpg","@id":"https:\/\/www.eldigitaldeasturias.com\/noticias\/los-trabajadores-de-empresas-asturianas-en-crisis-crean-un-frente-de-resistencia\/#organizationLogo"},"image":{"@id":"https:\/\/www.eldigitaldeasturias.com\/noticias\/los-trabajadores-de-empresas-asturianas-en-crisis-crean-un-frente-de-resistencia\/#organizationLogo"},"sameAs":["https:\/\/facebook.com\/eldigitaldeasturias","https:\/\/www.youtube.com\/channel\/UCZP-2wLEB9Rv6erhFmqVnvg"],"address":{"@id":"https:\/\/www.eldigitaldeasturias.com\/noticias\/#postaladdress","@type":"PostalAddress","streetAddress":"san antonio 4","postalCode":"33430","addressLocality":"Cand\u00e1s","addressRegion":"Asturias","addressCountry":"ES"}},{"@type":"Person","@id":"https:\/\/www.eldigitaldeasturias.com\/noticias\/author\/admin\/#author","url":"https:\/\/www.eldigitaldeasturias.com\/noticias\/author\/admin\/","name":"El Digital de Asturias","image":{"@type":"ImageObject","@id":"https:\/\/www.eldigitaldeasturias.com\/noticias\/los-trabajadores-de-empresas-asturianas-en-crisis-crean-un-frente-de-resistencia\/#authorImage","url":"https:\/\/secure.gravatar.com\/avatar\/df2aeffc32bcd13f8d26072ef8a91b623d677766deac7f97ca815868cd41bf5e?s=96&d=mm&r=g","width":96,"height":96,"caption":"El Digital de Asturias"}},{"@type":"WebPage","@id":"https:\/\/www.eldigitaldeasturias.com\/noticias\/los-trabajadores-de-empresas-asturianas-en-crisis-crean-un-frente-de-resistencia\/#webpage","url":"https:\/\/www.eldigitaldeasturias.com\/noticias\/los-trabajadores-de-empresas-asturianas-en-crisis-crean-un-frente-de-resistencia\/","name":"Los trabajadores de empresas Asturianas en crisis crean un frente de resistencia - El Digital de Asturias","description":"Gij\u00f3n, 23 ene (EFE).- Trabajadores de empresas de Asturias afectadas por cierres, despidos o reestructuraciones han acordado hoy en Gij\u00f3n crear un frente de resistencia en defensa del empleo. La resoluci\u00f3n se ha adoptado en una asamblea celebrada en las instalaciones de la f\u00e1brica de amortiguadores de Tenneco con la participaci\u00f3n de representantes de una","inLanguage":"es-ES","isPartOf":{"@id":"https:\/\/www.eldigitaldeasturias.com\/noticias\/#website"},"breadcrumb":{"@id":"https:\/\/www.eldigitaldeasturias.com\/noticias\/los-trabajadores-de-empresas-asturianas-en-crisis-crean-un-frente-de-resistencia\/#breadcrumblist"},"author":{"@id":"https:\/\/www.eldigitaldeasturias.com\/noticias\/author\/admin\/#author"},"creator":{"@id":"https:\/\/www.eldigitaldeasturias.com\/noticias\/author\/admin\/#author"},"image":{"@type":"ImageObject","url":"https:\/\/www.eldigitaldeasturias.com\/noticias\/wp-content\/uploads\/2026\/06\/Contenidos.jpg","@id":"https:\/\/www.eldigitaldeasturias.com\/noticias\/los-trabajadores-de-empresas-asturianas-en-crisis-crean-un-frente-de-resistencia\/#mainImage","width":1265,"height":697,"caption":"Contenidos"},"primaryImageOfPage":{"@id":"https:\/\/www.eldigitaldeasturias.com\/noticias\/los-trabajadores-de-empresas-asturianas-en-crisis-crean-un-frente-de-resistencia\/#mainImage"},"datePublished":"2014-01-23T18:19:59+01:00","dateModified":"2014-01-23T18:19:59+01:00"},{"@type":"WebSite","@id":"https:\/\/www.eldigitaldeasturias.com\/noticias\/#website","url":"https:\/\/www.eldigitaldeasturias.com\/noticias\/","name":"El Digital de Asturias - Diario de actualidad y noticias","alternateName":"El Digital de Asturias - Diario de actualidad y noticias","description":"Hemeroteca","inLanguage":"es-ES","publisher":{"@id":"https:\/\/www.eldigitaldeasturias.com\/noticias\/#organization"}}]},"og:locale":"es_ES","og:site_name":"El Digital de Asturias","og:type":"article","og:title":"Los trabajadores de empresas Asturianas en crisis crean un frente de resistencia - El Digital de Asturias","og:description":"Gij\u00f3n, 23 ene (EFE).- Trabajadores de empresas de Asturias afectadas por cierres, despidos o reestructuraciones han acordado hoy en Gij\u00f3n crear un frente de resistencia en defensa del empleo. La resoluci\u00f3n se ha adoptado en una asamblea celebrada en las instalaciones de la f\u00e1brica de amortiguadores de Tenneco con la participaci\u00f3n de representantes de una","og:url":"https:\/\/www.eldigitaldeasturias.com\/noticias\/los-trabajadores-de-empresas-asturianas-en-crisis-crean-un-frente-de-resistencia\/","og:image":"https:\/\/www.eldigitaldeasturias.com\/noticias\/wp-content\/uploads\/2026\/06\/Contenidos.jpg","og:image:secure_url":"https:\/\/www.eldigitaldeasturias.com\/noticias\/wp-content\/uploads\/2026\/06\/Contenidos.jpg","og:image:width":1265,"og:image:height":697,"article:tag":["actualidad","actualidad asturias"],"article:published_time":"2014-01-23T19:19:59+00:00","article:modified_time":"2014-01-23T19:19:59+00:00","article:publisher":"https:\/\/facebook.com\/eldigitaldeasturias","twitter:card":"summary_large_image","twitter:title":"Los trabajadores de empresas Asturianas en crisis crean un frente de resistencia - El Digital de Asturias","twitter:description":"Gij\u00f3n, 23 ene (EFE).- Trabajadores de empresas de Asturias afectadas por cierres, despidos o reestructuraciones han acordado hoy en Gij\u00f3n crear un frente de resistencia en defensa del empleo. La resoluci\u00f3n se ha adoptado en una asamblea celebrada en las instalaciones de la f\u00e1brica de amortiguadores de Tenneco con la participaci\u00f3n de representantes de una","twitter:image":"https:\/\/www.eldigitaldeasturias.com\/noticias\/wp-content\/uploads\/2026\/06\/Contenidos.jpg","twitter:label1":"Escrito por","twitter:data1":"El Digital de Asturias","twitter:label2":"Tiempo de lectura estimado","twitter:data2":"4 minutos"},"aioseo_meta_data":{"post_id":"477624","title":null,"description":null,"keywords":null,"keyphrases":null,"primary_term":null,"canonical_url":null,"og_title":null,"og_description":null,"og_object_type":"default","og_image_type":"default","og_image_url":null,"og_image_width":null,"og_image_height":null,"og_image_custom_url":null,"og_image_custom_fields":null,"og_video":null,"og_custom_url":null,"og_article_section":null,"og_article_tags":null,"twitter_use_og":true,"twitter_card":"default","twitter_image_type":"default","twitter_image_url":null,"twitter_image_custom_url":null,"twitter_image_custom_fields":null,"twitter_title":null,"twitter_description":null,"schema":{"blockGraphs":[],"customGraphs":[],"default":{"data":{"Article":[],"Course":[],"Dataset":[],"FAQPage":[],"Movie":[],"Person":[],"Product":[],"ProductReview":[],"Car":[],"Recipe":[],"Service":[],"SoftwareApplication":[],"WebPage":[]},"graphName":"","isEnabled":true},"graphs":[],"defaultGraph":"","defaultPostTypeGraph":""},"schema_type":null,"schema_type_options":null,"pillar_content":false,"robots_default":true,"robots_noindex":false,"robots_noarchive":false,"robots_nosnippet":false,"robots_nofollow":false,"robots_noimageindex":false,"robots_noodp":false,"robots_notranslate":false,"robots_max_snippet":null,"robots_max_videopreview":null,"robots_max_imagepreview":"none","priority":null,"frequency":null,"local_seo":null,"seo_analyzer_scan_date":"2026-06-01 19:05:54","breadcrumb_settings":null,"limit_modified_date":false,"open_ai":null,"ai":null,"created":"2020-11-14 22:53:45","updated":"2026-06-01 19:05:54","focus_keyword":null,"additional_keywords":null,"truseo_locale":null},"aioseo_breadcrumb":"<div class=\"aioseo-breadcrumbs\"><span class=\"aioseo-breadcrumb\">\n\t<a href=\"https:\/\/www.eldigitaldeasturias.com\/noticias\" title=\"Home\">Home<\/a>\n<\/span><span class=\"aioseo-breadcrumb-separator\">\u2013<\/span><span class=\"aioseo-breadcrumb\">\n\t<a href=\"https:\/\/www.eldigitaldeasturias.com\/noticias\/category\/actualidad\/\" title=\"Actualidad\">Actualidad<\/a>\n<\/span><span class=\"aioseo-breadcrumb-separator\">\u2013<\/span><span class=\"aioseo-breadcrumb\">\n\t<a href=\"https:\/\/www.eldigitaldeasturias.com\/noticias\/los-trabajadores-de-empresas-asturianas-en-crisis-crean-un-frente-de-resistencia\/\" title=\"Los trabajadores de empresas Asturianas en crisis crean un frente de resistencia\">Los trabajadores de empresas Asturianas en crisis crean un frente de resistencia<\/a>\n<\/span><\/div>","aioseo_breadcrumb_json":[{"label":"Home","link":"https:\/\/www.eldigitaldeasturias.com\/noticias"},{"label":"Actualidad","link":"https:\/\/www.eldigitaldeasturias.com\/noticias\/category\/actualidad\/"},{"label":"Los trabajadores de empresas Asturianas en crisis crean un frente de resistencia","link":"https:\/\/www.eldigitaldeasturias.com\/noticias\/los-trabajadores-de-empresas-asturianas-en-crisis-crean-un-frente-de-resistencia\/"}],"_links":{"self":[{"href":"https:\/\/www.eldigitaldeasturias.com\/noticias\/wp-json\/wp\/v2\/posts\/477624","targetHints":{"allow":["GET"]}}],"collection":[{"href":"https:\/\/www.eldigitaldeasturias.com\/noticias\/wp-json\/wp\/v2\/posts"}],"about":[{"href":"https:\/\/www.eldigitaldeasturias.com\/noticias\/wp-json\/wp\/v2\/types\/post"}],"author":[{"embeddable":true,"href":"https:\/\/www.eldigitaldeasturias.com\/noticias\/wp-json\/wp\/v2\/users\/1"}],"replies":[{"embeddable":true,"href":"https:\/\/www.eldigitaldeasturias.com\/noticias\/wp-json\/wp\/v2\/comments?post=477624"}],"version-history":[{"count":0,"href":"https:\/\/www.eldigitaldeasturias.com\/noticias\/wp-json\/wp\/v2\/posts\/477624\/revisions"}],"wp:featuredmedia":[{"embeddable":true,"href":"https:\/\/www.eldigitaldeasturias.com\/noticias\/wp-json\/wp\/v2\/media\/1132184"}],"wp:attachment":[{"href":"https:\/\/www.eldigitaldeasturias.com\/noticias\/wp-json\/wp\/v2\/media?parent=477624"}],"wp:term":[{"taxonomy":"category","embeddable":true,"href":"https:\/\/www.eldigitaldeasturias.com\/noticias\/wp-json\/wp\/v2\/categories?post=477624"},{"taxonomy":"post_tag","embeddable":true,"href":"https:\/\/www.eldigitaldeasturias.com\/noticias\/wp-json\/wp\/v2\/tags?post=477624"}],"curies":[{"name":"wp","href":"https:\/\/api.w.org\/{rel}","templated":true}]}}