{"id":477622,"date":"2014-01-23T18:17:40","date_gmt":"2014-01-23T19:17:40","guid":{"rendered":"http:\/\/www.eldigitaldeasturias.com\/noticias\/?p=477622"},"modified":"2014-01-23T18:17:40","modified_gmt":"2014-01-23T19:17:40","slug":"continua-el-ascenso-de-la-epidemia-de-gripe-en-asturias","status":"publish","type":"post","link":"https:\/\/www.eldigitaldeasturias.com\/noticias\/continua-el-ascenso-de-la-epidemia-de-gripe-en-asturias\/","title":{"rendered":"Contin\u00faa el ascenso de la epidemia de gripe en Asturias"},"content":{"rendered":"<p><img loading=\"lazy\" decoding=\"async\" class=\"alignleft size-medium wp-image-438770\" alt=\"cabue\u00f1es\" src=\"https:\/\/www.eldigitaldeasturias.com\/noticias\/wp-content\/uploads\/2013\/10\/cabue\u00f1es-360x270.jpg\" width=\"360\" height=\"270\" \/>Madrid, 23 ene (EFE).- La epidemia de gripe contin\u00faa en la fase de ascenso, hasta alcanzar los 283 casos por cien mil habitantes, aunque no es una situaci\u00f3n especialmente llamativa, ha declarado a Efe el director del Centro de Coordinaci\u00f3n de Alertas y Emergencias Sanitarias del Ministerio de Sanidad, Fernando Sim\u00f3n.<\/p>\n<p>Seg\u00fan datos del Sistema de Vigilancia de la Gripe en Espa\u00f1a de la tercera semana del a\u00f1o (del 13 al 19 de enero), el virus predominante es el del tipo A, mientras que contin\u00faa la disminuci\u00f3n del VRS.<\/p>\n<p>Hasta ahora, se han notificado 540 casos graves hospitalizados confirmados de gripe en 15 comunidades y 29 defunciones por el virus A, en las que s\u00f3lo dos de los fallecidos no ten\u00edan otras patolog\u00edas, seg\u00fan Sim\u00f3n.<\/p>\n<p>Ha precisado que el tipo A causa m\u00e1s hospitalizaciones y la mortalidad es \u00abla esperada\u00bb.<\/p>\n<p>No hay nada de extraordinario en la incidencia de la enfermedad en comparaci\u00f3n con a\u00f1os anteriores: \u00abSe est\u00e1 comportando como esperar\u00edamos\u00bb, ha enfatizado Sim\u00f3n.<\/p>\n<p>El informe peri\u00f3dico del Instituto de Salud Carlos III explica que la evoluci\u00f3n de la actividad gripal es \u00abcreciente\u00bb en la mayor\u00eda de las comunidades.<\/p>\n<p>La difusi\u00f3n de la enfermedad aumenta con respecto a la semana previa, con un nivel \u00abmedio\u00bb de intensidad de actividad gripal; un nivel epid\u00e9mico en fase de \u00abdifusi\u00f3n\u00bb y una evoluci\u00f3n \u00abcreciente\u00bb.<\/p>\n<p>El aumento de la incidencia es estad\u00edsticamente significativo en todos los grupos de edad, especialmente en menores de 15 a\u00f1os.<\/p>\n<p>Quince de las comunidades se encuentran en nivel de epidemia: Andaluc\u00eda, Arag\u00f3n, Asturias, Baleares, Cantabria, Castilla-La Mancha, Catalu\u00f1a, Castilla y Le\u00f3n, Comunidad Valenciana, Extremadura, Madrid, Navarra, Pa\u00eds Vasco y La Rioja.<\/p>\n<p>La incidencia es \u00ablocal\u00bb en Melilla y \u00abespor\u00e1dica\u00bb en Ceuta.<\/p>\n<p>El aumento de la circulaci\u00f3n de virus gripales se asocia a la circulaci\u00f3n mixta de los de gripe A (H1N1 y H3N2).<\/p>\n<p>En esta semana ha comenzado la onda epid\u00e9mica en Canarias y Melilla, mientras que contin\u00faa en valores preepid\u00e9micos en Ceuta.<\/p>\n<p>Casi la mitad de los fallecidos (48 %) era mayores de 64 a\u00f1os y el 71 % de los susceptibles de haber sido vacunados (17 de 24) no lo hab\u00eda sido, se\u00f1ala el informe.<\/p>\n<p>Entre los casos graves hospitalizados, el 52 % son hombres; el 56 % de todos los ingresados son adultos j\u00f3venes y de mediana edad, seguido por los mayores de 64 a\u00f1os (32 %).<\/p>\n<p>El 77 % de 458 pacientes estudiados presentaba factores de riesgo de complicaciones de gripe, siendo los mas prevalentes la diabetes mellitus y la enfermedad pulmonar cr\u00f3nica (21 %), seguidas de la enfermedad cardiovascular cr\u00f3nica (20 %) y la inmunodeficiencia (18 %).<\/p>\n<p>El 71 % de 321 enfermos graves susceptibles de ser vacunados no hab\u00edan recibido la antrigripal de esta temporada.<\/p>\n<p>Los virus de la gripe A caracterizados por el Centro Nacional de Microbiolog\u00eda \u00abestar\u00edan cubiertos con la vacuna de esta temporada\u00bb, dice el informe.<\/p>\n<p>Sanidad insiste en la prevenci\u00f3n con medidas de higiene como lavarse las manos a menudo y no estrecharlas a nadie despu\u00e9s de estornudar.<\/p>\n","protected":false},"excerpt":{"rendered":"<p>Madrid, 23 ene (EFE).- La epidemia de gripe contin\u00faa en la fase de ascenso, hasta alcanzar los 283 casos por cien mil habitantes, aunque no es una situaci\u00f3n especialmente llamativa, ha declarado a Efe el director del Centro de Coordinaci\u00f3n de Alertas y Emergencias Sanitarias del Ministerio de Sanidad, Fernando Sim\u00f3n. Seg\u00fan datos del Sistema [&hellip;]<\/p>\n","protected":false},"author":1,"featured_media":438770,"comment_status":"closed","ping_status":"open","sticky":false,"template":"","format":"standard","meta":{"footnotes":""},"categories":[1,12],"tags":[],"class_list":["post-477622","post","type-post","status-publish","format-standard","has-post-thumbnail","hentry","category-actualidad","category-actualidad-asturias"],"aioseo_notices":[],"aioseo_head":"\n\t\t<!-- All in One SEO Pro 5.0.1 - aioseo.com -->\n\t<meta name=\"description\" content=\"Madrid, 23 ene (EFE).- La epidemia de gripe contin\u00faa en la fase de ascenso, hasta alcanzar los 283 casos por cien mil habitantes, aunque no es una situaci\u00f3n especialmente llamativa, ha declarado a Efe el director del Centro de Coordinaci\u00f3n de Alertas y Emergencias Sanitarias del Ministerio de Sanidad, Fernando Sim\u00f3n. Seg\u00fan datos del Sistema\" \/>\n\t<meta name=\"robots\" content=\"max-image-preview:large\" \/>\n\t<meta name=\"author\" content=\"El Digital de Asturias\"\/>\n\t<meta name=\"google-site-verification\" content=\"UA-38556648-1\" \/>\n\t<meta name=\"msvalidate.01\" content=\"7dfe9f3f1b24437ab69f4f2559babe99\" \/>\n\t<meta name=\"keywords\" content=\"actualidad,actualidad asturias\" \/>\n\t<link rel=\"canonical\" href=\"https:\/\/www.eldigitaldeasturias.com\/noticias\/continua-el-ascenso-de-la-epidemia-de-gripe-en-asturias\/\" \/>\n\t<meta name=\"generator\" content=\"All in One SEO Pro (AIOSEO) 5.0.1\" \/>\n\t\t<meta property=\"og:locale\" content=\"es_ES\" \/>\n\t\t<meta property=\"og:site_name\" content=\"El Digital de Asturias\" \/>\n\t\t<meta property=\"og:type\" content=\"article\" \/>\n\t\t<meta property=\"og:title\" content=\"Contin\u00faa el ascenso de la epidemia de gripe en Asturias - El Digital de Asturias\" \/>\n\t\t<meta property=\"og:description\" content=\"Madrid, 23 ene (EFE).- La epidemia de gripe contin\u00faa en la fase de ascenso, hasta alcanzar los 283 casos por cien mil habitantes, aunque no es una situaci\u00f3n especialmente llamativa, ha declarado a Efe el director del Centro de Coordinaci\u00f3n de Alertas y Emergencias Sanitarias del Ministerio de Sanidad, Fernando Sim\u00f3n. Seg\u00fan datos del Sistema\" \/>\n\t\t<meta property=\"og:url\" content=\"https:\/\/www.eldigitaldeasturias.com\/noticias\/continua-el-ascenso-de-la-epidemia-de-gripe-en-asturias\/\" \/>\n\t\t<meta property=\"article:tag\" content=\"actualidad\" \/>\n\t\t<meta property=\"article:tag\" content=\"actualidad asturias\" \/>\n\t\t<meta property=\"article:published_time\" content=\"2014-01-23T19:17:40+00:00\" \/>\n\t\t<meta property=\"article:modified_time\" content=\"2014-01-23T19:17:40+00:00\" \/>\n\t\t<meta property=\"article:publisher\" content=\"https:\/\/facebook.com\/eldigitaldeasturias\" \/>\n\t\t<meta name=\"twitter:card\" content=\"summary_large_image\" \/>\n\t\t<meta name=\"twitter:title\" content=\"Contin\u00faa el ascenso de la epidemia de gripe en Asturias - El Digital de Asturias\" \/>\n\t\t<meta name=\"twitter:description\" content=\"Madrid, 23 ene (EFE).- La epidemia de gripe contin\u00faa en la fase de ascenso, hasta alcanzar los 283 casos por cien mil habitantes, aunque no es una situaci\u00f3n especialmente llamativa, ha declarado a Efe el director del Centro de Coordinaci\u00f3n de Alertas y Emergencias Sanitarias del Ministerio de Sanidad, Fernando Sim\u00f3n. Seg\u00fan datos del Sistema\" \/>\n\t\t<meta name=\"twitter:label1\" content=\"Escrito por\" \/>\n\t\t<meta name=\"twitter:data1\" content=\"El Digital de Asturias\" \/>\n\t\t<meta name=\"twitter:label2\" content=\"Tiempo de lectura estimado\" \/>\n\t\t<meta name=\"twitter:data2\" content=\"3 minutos\" \/>\n\t\t<script type=\"application\/ld+json\" class=\"aioseo-schema\">\n\t\t\t{\"@context\":\"https:\\\/\\\/schema.org\",\"@graph\":[{\"@type\":\"BlogPosting\",\"@id\":\"https:\\\/\\\/www.eldigitaldeasturias.com\\\/noticias\\\/continua-el-ascenso-de-la-epidemia-de-gripe-en-asturias\\\/#blogposting\",\"name\":\"Contin\\u00faa el ascenso de la epidemia de gripe en Asturias - El Digital de Asturias\",\"headline\":\"Contin\\u00faa el ascenso de la epidemia de gripe en Asturias\",\"author\":{\"@id\":\"https:\\\/\\\/www.eldigitaldeasturias.com\\\/noticias\\\/author\\\/admin\\\/#author\"},\"publisher\":{\"@id\":\"https:\\\/\\\/www.eldigitaldeasturias.com\\\/noticias\\\/#organization\"},\"image\":{\"@type\":\"ImageObject\",\"url\":438770},\"datePublished\":\"2014-01-23T18:17:40+01:00\",\"dateModified\":\"2014-01-23T18:17:40+01:00\",\"inLanguage\":\"es-ES\",\"mainEntityOfPage\":{\"@id\":\"https:\\\/\\\/www.eldigitaldeasturias.com\\\/noticias\\\/continua-el-ascenso-de-la-epidemia-de-gripe-en-asturias\\\/#webpage\"},\"isPartOf\":{\"@id\":\"https:\\\/\\\/www.eldigitaldeasturias.com\\\/noticias\\\/continua-el-ascenso-de-la-epidemia-de-gripe-en-asturias\\\/#webpage\"},\"articleSection\":\"Actualidad, Actualidad Asturias\"},{\"@type\":\"BreadcrumbList\",\"@id\":\"https:\\\/\\\/www.eldigitaldeasturias.com\\\/noticias\\\/continua-el-ascenso-de-la-epidemia-de-gripe-en-asturias\\\/#breadcrumblist\",\"itemListElement\":[{\"@type\":\"ListItem\",\"@id\":\"https:\\\/\\\/www.eldigitaldeasturias.com\\\/noticias#listItem\",\"position\":1,\"name\":\"Home\",\"item\":\"https:\\\/\\\/www.eldigitaldeasturias.com\\\/noticias\",\"nextItem\":{\"@type\":\"ListItem\",\"@id\":\"https:\\\/\\\/www.eldigitaldeasturias.com\\\/noticias\\\/category\\\/actualidad\\\/#listItem\",\"name\":\"Actualidad\"}},{\"@type\":\"ListItem\",\"@id\":\"https:\\\/\\\/www.eldigitaldeasturias.com\\\/noticias\\\/category\\\/actualidad\\\/#listItem\",\"position\":2,\"name\":\"Actualidad\",\"item\":\"https:\\\/\\\/www.eldigitaldeasturias.com\\\/noticias\\\/category\\\/actualidad\\\/\",\"nextItem\":{\"@type\":\"ListItem\",\"@id\":\"https:\\\/\\\/www.eldigitaldeasturias.com\\\/noticias\\\/continua-el-ascenso-de-la-epidemia-de-gripe-en-asturias\\\/#listItem\",\"name\":\"Contin\\u00faa el ascenso de la epidemia de gripe en Asturias\"},\"previousItem\":{\"@type\":\"ListItem\",\"@id\":\"https:\\\/\\\/www.eldigitaldeasturias.com\\\/noticias#listItem\",\"name\":\"Home\"}},{\"@type\":\"ListItem\",\"@id\":\"https:\\\/\\\/www.eldigitaldeasturias.com\\\/noticias\\\/continua-el-ascenso-de-la-epidemia-de-gripe-en-asturias\\\/#listItem\",\"position\":3,\"name\":\"Contin\\u00faa el ascenso de la epidemia de gripe en Asturias\",\"previousItem\":{\"@type\":\"ListItem\",\"@id\":\"https:\\\/\\\/www.eldigitaldeasturias.com\\\/noticias\\\/category\\\/actualidad\\\/#listItem\",\"name\":\"Actualidad\"}}]},{\"@type\":\"Organization\",\"@id\":\"https:\\\/\\\/www.eldigitaldeasturias.com\\\/noticias\\\/#organization\",\"name\":\"El Digital de Asturias\",\"description\":\"Hemeroteca\",\"url\":\"https:\\\/\\\/www.eldigitaldeasturias.com\\\/noticias\\\/\",\"email\":\"info@eldigitaldeasturias.com\",\"telephone\":\"+34652131393\",\"logo\":{\"@type\":\"ImageObject\",\"url\":\"https:\\\/\\\/www.eldigitaldeasturias.com\\\/noticias\\\/wp-content\\\/uploads\\\/2020\\\/12\\\/EDA.jpg\",\"@id\":\"https:\\\/\\\/www.eldigitaldeasturias.com\\\/noticias\\\/continua-el-ascenso-de-la-epidemia-de-gripe-en-asturias\\\/#organizationLogo\"},\"image\":{\"@id\":\"https:\\\/\\\/www.eldigitaldeasturias.com\\\/noticias\\\/continua-el-ascenso-de-la-epidemia-de-gripe-en-asturias\\\/#organizationLogo\"},\"sameAs\":[\"https:\\\/\\\/facebook.com\\\/eldigitaldeasturias\",\"https:\\\/\\\/www.youtube.com\\\/channel\\\/UCZP-2wLEB9Rv6erhFmqVnvg\"],\"address\":{\"@id\":\"https:\\\/\\\/www.eldigitaldeasturias.com\\\/noticias\\\/#postaladdress\",\"@type\":\"PostalAddress\",\"streetAddress\":\"san antonio 4\",\"postalCode\":\"33430\",\"addressLocality\":\"Cand\\u00e1s\",\"addressRegion\":\"Asturias\",\"addressCountry\":\"ES\"}},{\"@type\":\"Person\",\"@id\":\"https:\\\/\\\/www.eldigitaldeasturias.com\\\/noticias\\\/author\\\/admin\\\/#author\",\"url\":\"https:\\\/\\\/www.eldigitaldeasturias.com\\\/noticias\\\/author\\\/admin\\\/\",\"name\":\"El Digital de Asturias\",\"image\":{\"@type\":\"ImageObject\",\"@id\":\"https:\\\/\\\/www.eldigitaldeasturias.com\\\/noticias\\\/continua-el-ascenso-de-la-epidemia-de-gripe-en-asturias\\\/#authorImage\",\"url\":\"https:\\\/\\\/secure.gravatar.com\\\/avatar\\\/df2aeffc32bcd13f8d26072ef8a91b623d677766deac7f97ca815868cd41bf5e?s=96&d=mm&r=g\",\"width\":96,\"height\":96,\"caption\":\"El Digital de Asturias\"}},{\"@type\":\"WebPage\",\"@id\":\"https:\\\/\\\/www.eldigitaldeasturias.com\\\/noticias\\\/continua-el-ascenso-de-la-epidemia-de-gripe-en-asturias\\\/#webpage\",\"url\":\"https:\\\/\\\/www.eldigitaldeasturias.com\\\/noticias\\\/continua-el-ascenso-de-la-epidemia-de-gripe-en-asturias\\\/\",\"name\":\"Contin\\u00faa el ascenso de la epidemia de gripe en Asturias - El Digital de Asturias\",\"description\":\"Madrid, 23 ene (EFE).- La epidemia de gripe contin\\u00faa en la fase de ascenso, hasta alcanzar los 283 casos por cien mil habitantes, aunque no es una situaci\\u00f3n especialmente llamativa, ha declarado a Efe el director del Centro de Coordinaci\\u00f3n de Alertas y Emergencias Sanitarias del Ministerio de Sanidad, Fernando Sim\\u00f3n. Seg\\u00fan datos del Sistema\",\"inLanguage\":\"es-ES\",\"isPartOf\":{\"@id\":\"https:\\\/\\\/www.eldigitaldeasturias.com\\\/noticias\\\/#website\"},\"breadcrumb\":{\"@id\":\"https:\\\/\\\/www.eldigitaldeasturias.com\\\/noticias\\\/continua-el-ascenso-de-la-epidemia-de-gripe-en-asturias\\\/#breadcrumblist\"},\"author\":{\"@id\":\"https:\\\/\\\/www.eldigitaldeasturias.com\\\/noticias\\\/author\\\/admin\\\/#author\"},\"creator\":{\"@id\":\"https:\\\/\\\/www.eldigitaldeasturias.com\\\/noticias\\\/author\\\/admin\\\/#author\"},\"image\":{\"@type\":\"ImageObject\",\"url\":438770,\"@id\":\"https:\\\/\\\/www.eldigitaldeasturias.com\\\/noticias\\\/continua-el-ascenso-de-la-epidemia-de-gripe-en-asturias\\\/#mainImage\"},\"primaryImageOfPage\":{\"@id\":\"https:\\\/\\\/www.eldigitaldeasturias.com\\\/noticias\\\/continua-el-ascenso-de-la-epidemia-de-gripe-en-asturias\\\/#mainImage\"},\"datePublished\":\"2014-01-23T18:17:40+01:00\",\"dateModified\":\"2014-01-23T18:17:40+01:00\"},{\"@type\":\"WebSite\",\"@id\":\"https:\\\/\\\/www.eldigitaldeasturias.com\\\/noticias\\\/#website\",\"url\":\"https:\\\/\\\/www.eldigitaldeasturias.com\\\/noticias\\\/\",\"name\":\"El Digital de Asturias - Diario de actualidad y noticias\",\"alternateName\":\"El Digital de Asturias - Diario de actualidad y noticias\",\"description\":\"Hemeroteca\",\"inLanguage\":\"es-ES\",\"publisher\":{\"@id\":\"https:\\\/\\\/www.eldigitaldeasturias.com\\\/noticias\\\/#organization\"}}]}\n\t\t<\/script>\n\t\t<!-- All in One SEO Pro -->\r\n\t\t<title>Contin\u00faa el ascenso de la epidemia de gripe en Asturias - El Digital de Asturias<\/title>\n\n","aioseo_head_json":{"title":"Contin\u00faa el ascenso de la epidemia de gripe en Asturias - El Digital de Asturias","description":"Madrid, 23 ene (EFE).- La epidemia de gripe contin\u00faa en la fase de ascenso, hasta alcanzar los 283 casos por cien mil habitantes, aunque no es una situaci\u00f3n especialmente llamativa, ha declarado a Efe el director del Centro de Coordinaci\u00f3n de Alertas y Emergencias Sanitarias del Ministerio de Sanidad, Fernando Sim\u00f3n. Seg\u00fan datos del Sistema","canonical_url":"https:\/\/www.eldigitaldeasturias.com\/noticias\/continua-el-ascenso-de-la-epidemia-de-gripe-en-asturias\/","robots":"max-image-preview:large","keywords":"actualidad,actualidad asturias","webmasterTools":{"google-site-verification":"UA-38556648-1","msvalidate.01":"7dfe9f3f1b24437ab69f4f2559babe99","miscellaneous":""},"schema":{"@context":"https:\/\/schema.org","@graph":[{"@type":"BlogPosting","@id":"https:\/\/www.eldigitaldeasturias.com\/noticias\/continua-el-ascenso-de-la-epidemia-de-gripe-en-asturias\/#blogposting","name":"Contin\u00faa el ascenso de la epidemia de gripe en Asturias - El Digital de Asturias","headline":"Contin\u00faa el ascenso de la epidemia de gripe en Asturias","author":{"@id":"https:\/\/www.eldigitaldeasturias.com\/noticias\/author\/admin\/#author"},"publisher":{"@id":"https:\/\/www.eldigitaldeasturias.com\/noticias\/#organization"},"image":{"@type":"ImageObject","url":438770},"datePublished":"2014-01-23T18:17:40+01:00","dateModified":"2014-01-23T18:17:40+01:00","inLanguage":"es-ES","mainEntityOfPage":{"@id":"https:\/\/www.eldigitaldeasturias.com\/noticias\/continua-el-ascenso-de-la-epidemia-de-gripe-en-asturias\/#webpage"},"isPartOf":{"@id":"https:\/\/www.eldigitaldeasturias.com\/noticias\/continua-el-ascenso-de-la-epidemia-de-gripe-en-asturias\/#webpage"},"articleSection":"Actualidad, Actualidad Asturias"},{"@type":"BreadcrumbList","@id":"https:\/\/www.eldigitaldeasturias.com\/noticias\/continua-el-ascenso-de-la-epidemia-de-gripe-en-asturias\/#breadcrumblist","itemListElement":[{"@type":"ListItem","@id":"https:\/\/www.eldigitaldeasturias.com\/noticias#listItem","position":1,"name":"Home","item":"https:\/\/www.eldigitaldeasturias.com\/noticias","nextItem":{"@type":"ListItem","@id":"https:\/\/www.eldigitaldeasturias.com\/noticias\/category\/actualidad\/#listItem","name":"Actualidad"}},{"@type":"ListItem","@id":"https:\/\/www.eldigitaldeasturias.com\/noticias\/category\/actualidad\/#listItem","position":2,"name":"Actualidad","item":"https:\/\/www.eldigitaldeasturias.com\/noticias\/category\/actualidad\/","nextItem":{"@type":"ListItem","@id":"https:\/\/www.eldigitaldeasturias.com\/noticias\/continua-el-ascenso-de-la-epidemia-de-gripe-en-asturias\/#listItem","name":"Contin\u00faa el ascenso de la epidemia de gripe en Asturias"},"previousItem":{"@type":"ListItem","@id":"https:\/\/www.eldigitaldeasturias.com\/noticias#listItem","name":"Home"}},{"@type":"ListItem","@id":"https:\/\/www.eldigitaldeasturias.com\/noticias\/continua-el-ascenso-de-la-epidemia-de-gripe-en-asturias\/#listItem","position":3,"name":"Contin\u00faa el ascenso de la epidemia de gripe en Asturias","previousItem":{"@type":"ListItem","@id":"https:\/\/www.eldigitaldeasturias.com\/noticias\/category\/actualidad\/#listItem","name":"Actualidad"}}]},{"@type":"Organization","@id":"https:\/\/www.eldigitaldeasturias.com\/noticias\/#organization","name":"El Digital de Asturias","description":"Hemeroteca","url":"https:\/\/www.eldigitaldeasturias.com\/noticias\/","email":"info@eldigitaldeasturias.com","telephone":"+34652131393","logo":{"@type":"ImageObject","url":"https:\/\/www.eldigitaldeasturias.com\/noticias\/wp-content\/uploads\/2020\/12\/EDA.jpg","@id":"https:\/\/www.eldigitaldeasturias.com\/noticias\/continua-el-ascenso-de-la-epidemia-de-gripe-en-asturias\/#organizationLogo"},"image":{"@id":"https:\/\/www.eldigitaldeasturias.com\/noticias\/continua-el-ascenso-de-la-epidemia-de-gripe-en-asturias\/#organizationLogo"},"sameAs":["https:\/\/facebook.com\/eldigitaldeasturias","https:\/\/www.youtube.com\/channel\/UCZP-2wLEB9Rv6erhFmqVnvg"],"address":{"@id":"https:\/\/www.eldigitaldeasturias.com\/noticias\/#postaladdress","@type":"PostalAddress","streetAddress":"san antonio 4","postalCode":"33430","addressLocality":"Cand\u00e1s","addressRegion":"Asturias","addressCountry":"ES"}},{"@type":"Person","@id":"https:\/\/www.eldigitaldeasturias.com\/noticias\/author\/admin\/#author","url":"https:\/\/www.eldigitaldeasturias.com\/noticias\/author\/admin\/","name":"El Digital de Asturias","image":{"@type":"ImageObject","@id":"https:\/\/www.eldigitaldeasturias.com\/noticias\/continua-el-ascenso-de-la-epidemia-de-gripe-en-asturias\/#authorImage","url":"https:\/\/secure.gravatar.com\/avatar\/df2aeffc32bcd13f8d26072ef8a91b623d677766deac7f97ca815868cd41bf5e?s=96&d=mm&r=g","width":96,"height":96,"caption":"El Digital de Asturias"}},{"@type":"WebPage","@id":"https:\/\/www.eldigitaldeasturias.com\/noticias\/continua-el-ascenso-de-la-epidemia-de-gripe-en-asturias\/#webpage","url":"https:\/\/www.eldigitaldeasturias.com\/noticias\/continua-el-ascenso-de-la-epidemia-de-gripe-en-asturias\/","name":"Contin\u00faa el ascenso de la epidemia de gripe en Asturias - El Digital de Asturias","description":"Madrid, 23 ene (EFE).- La epidemia de gripe contin\u00faa en la fase de ascenso, hasta alcanzar los 283 casos por cien mil habitantes, aunque no es una situaci\u00f3n especialmente llamativa, ha declarado a Efe el director del Centro de Coordinaci\u00f3n de Alertas y Emergencias Sanitarias del Ministerio de Sanidad, Fernando Sim\u00f3n. Seg\u00fan datos del Sistema","inLanguage":"es-ES","isPartOf":{"@id":"https:\/\/www.eldigitaldeasturias.com\/noticias\/#website"},"breadcrumb":{"@id":"https:\/\/www.eldigitaldeasturias.com\/noticias\/continua-el-ascenso-de-la-epidemia-de-gripe-en-asturias\/#breadcrumblist"},"author":{"@id":"https:\/\/www.eldigitaldeasturias.com\/noticias\/author\/admin\/#author"},"creator":{"@id":"https:\/\/www.eldigitaldeasturias.com\/noticias\/author\/admin\/#author"},"image":{"@type":"ImageObject","url":438770,"@id":"https:\/\/www.eldigitaldeasturias.com\/noticias\/continua-el-ascenso-de-la-epidemia-de-gripe-en-asturias\/#mainImage"},"primaryImageOfPage":{"@id":"https:\/\/www.eldigitaldeasturias.com\/noticias\/continua-el-ascenso-de-la-epidemia-de-gripe-en-asturias\/#mainImage"},"datePublished":"2014-01-23T18:17:40+01:00","dateModified":"2014-01-23T18:17:40+01:00"},{"@type":"WebSite","@id":"https:\/\/www.eldigitaldeasturias.com\/noticias\/#website","url":"https:\/\/www.eldigitaldeasturias.com\/noticias\/","name":"El Digital de Asturias - Diario de actualidad y noticias","alternateName":"El Digital de Asturias - Diario de actualidad y noticias","description":"Hemeroteca","inLanguage":"es-ES","publisher":{"@id":"https:\/\/www.eldigitaldeasturias.com\/noticias\/#organization"}}]},"og:locale":"es_ES","og:site_name":"El Digital de Asturias","og:type":"article","og:title":"Contin\u00faa el ascenso de la epidemia de gripe en Asturias - El Digital de Asturias","og:description":"Madrid, 23 ene (EFE).- La epidemia de gripe contin\u00faa en la fase de ascenso, hasta alcanzar los 283 casos por cien mil habitantes, aunque no es una situaci\u00f3n especialmente llamativa, ha declarado a Efe el director del Centro de Coordinaci\u00f3n de Alertas y Emergencias Sanitarias del Ministerio de Sanidad, Fernando Sim\u00f3n. Seg\u00fan datos del Sistema","og:url":"https:\/\/www.eldigitaldeasturias.com\/noticias\/continua-el-ascenso-de-la-epidemia-de-gripe-en-asturias\/","article:tag":["actualidad","actualidad asturias"],"article:published_time":"2014-01-23T19:17:40+00:00","article:modified_time":"2014-01-23T19:17:40+00:00","article:publisher":"https:\/\/facebook.com\/eldigitaldeasturias","twitter:card":"summary_large_image","twitter:title":"Contin\u00faa el ascenso de la epidemia de gripe en Asturias - El Digital de Asturias","twitter:description":"Madrid, 23 ene (EFE).- La epidemia de gripe contin\u00faa en la fase de ascenso, hasta alcanzar los 283 casos por cien mil habitantes, aunque no es una situaci\u00f3n especialmente llamativa, ha declarado a Efe el director del Centro de Coordinaci\u00f3n de Alertas y Emergencias Sanitarias del Ministerio de Sanidad, Fernando Sim\u00f3n. Seg\u00fan datos del Sistema","twitter:label1":"Escrito por","twitter:data1":"El Digital de Asturias","twitter:label2":"Tiempo de lectura estimado","twitter:data2":"3 minutos"},"aioseo_meta_data":{"post_id":"477622","title":null,"description":null,"keywords":null,"keyphrases":null,"primary_term":null,"canonical_url":null,"og_title":null,"og_description":null,"og_object_type":"default","og_image_type":"default","og_image_url":null,"og_image_width":null,"og_image_height":null,"og_image_custom_url":null,"og_image_custom_fields":null,"og_video":null,"og_custom_url":null,"og_article_section":null,"og_article_tags":null,"twitter_use_og":true,"twitter_card":"default","twitter_image_type":"default","twitter_image_url":null,"twitter_image_custom_url":null,"twitter_image_custom_fields":null,"twitter_title":null,"twitter_description":null,"schema":{"blockGraphs":[],"customGraphs":[],"default":{"data":{"Article":[],"Course":[],"Dataset":[],"FAQPage":[],"Movie":[],"Person":[],"Product":[],"ProductReview":[],"Car":[],"Recipe":[],"Service":[],"SoftwareApplication":[],"WebPage":[]},"graphName":"","isEnabled":true},"graphs":[],"defaultGraph":"","defaultPostTypeGraph":""},"schema_type":null,"schema_type_options":null,"pillar_content":false,"robots_default":true,"robots_noindex":false,"robots_noarchive":false,"robots_nosnippet":false,"robots_nofollow":false,"robots_noimageindex":false,"robots_noodp":false,"robots_notranslate":false,"robots_max_snippet":null,"robots_max_videopreview":null,"robots_max_imagepreview":"none","priority":null,"frequency":null,"local_seo":null,"seo_analyzer_scan_date":"2026-06-01 19:05:52","breadcrumb_settings":null,"limit_modified_date":false,"open_ai":null,"ai":null,"created":"2020-11-14 22:53:45","updated":"2026-06-01 19:05:52","focus_keyword":null,"additional_keywords":null,"truseo_locale":null},"aioseo_breadcrumb":"<div class=\"aioseo-breadcrumbs\"><span class=\"aioseo-breadcrumb\">\n\t<a href=\"https:\/\/www.eldigitaldeasturias.com\/noticias\" title=\"Home\">Home<\/a>\n<\/span><span class=\"aioseo-breadcrumb-separator\">\u2013<\/span><span class=\"aioseo-breadcrumb\">\n\t<a href=\"https:\/\/www.eldigitaldeasturias.com\/noticias\/category\/actualidad\/\" title=\"Actualidad\">Actualidad<\/a>\n<\/span><span class=\"aioseo-breadcrumb-separator\">\u2013<\/span><span class=\"aioseo-breadcrumb\">\n\t<a href=\"https:\/\/www.eldigitaldeasturias.com\/noticias\/continua-el-ascenso-de-la-epidemia-de-gripe-en-asturias\/\" title=\"Contin\u00faa el ascenso de la epidemia de gripe en Asturias\">Contin\u00faa el ascenso de la epidemia de gripe en Asturias<\/a>\n<\/span><\/div>","aioseo_breadcrumb_json":[{"label":"Home","link":"https:\/\/www.eldigitaldeasturias.com\/noticias"},{"label":"Actualidad","link":"https:\/\/www.eldigitaldeasturias.com\/noticias\/category\/actualidad\/"},{"label":"Contin\u00faa el ascenso de la epidemia de gripe en Asturias","link":"https:\/\/www.eldigitaldeasturias.com\/noticias\/continua-el-ascenso-de-la-epidemia-de-gripe-en-asturias\/"}],"_links":{"self":[{"href":"https:\/\/www.eldigitaldeasturias.com\/noticias\/wp-json\/wp\/v2\/posts\/477622","targetHints":{"allow":["GET"]}}],"collection":[{"href":"https:\/\/www.eldigitaldeasturias.com\/noticias\/wp-json\/wp\/v2\/posts"}],"about":[{"href":"https:\/\/www.eldigitaldeasturias.com\/noticias\/wp-json\/wp\/v2\/types\/post"}],"author":[{"embeddable":true,"href":"https:\/\/www.eldigitaldeasturias.com\/noticias\/wp-json\/wp\/v2\/users\/1"}],"replies":[{"embeddable":true,"href":"https:\/\/www.eldigitaldeasturias.com\/noticias\/wp-json\/wp\/v2\/comments?post=477622"}],"version-history":[{"count":0,"href":"https:\/\/www.eldigitaldeasturias.com\/noticias\/wp-json\/wp\/v2\/posts\/477622\/revisions"}],"wp:attachment":[{"href":"https:\/\/www.eldigitaldeasturias.com\/noticias\/wp-json\/wp\/v2\/media?parent=477622"}],"wp:term":[{"taxonomy":"category","embeddable":true,"href":"https:\/\/www.eldigitaldeasturias.com\/noticias\/wp-json\/wp\/v2\/categories?post=477622"},{"taxonomy":"post_tag","embeddable":true,"href":"https:\/\/www.eldigitaldeasturias.com\/noticias\/wp-json\/wp\/v2\/tags?post=477622"}],"curies":[{"name":"wp","href":"https:\/\/api.w.org\/{rel}","templated":true}]}}