{"id":477618,"date":"2014-01-23T18:14:19","date_gmt":"2014-01-23T19:14:19","guid":{"rendered":"http:\/\/www.eldigitaldeasturias.com\/noticias\/?p=477618"},"modified":"2014-01-23T18:14:19","modified_gmt":"2014-01-23T19:14:19","slug":"el-sporting-recupera-lesionados-para-el-partido-ante-el-recreativo","status":"publish","type":"post","link":"https:\/\/www.eldigitaldeasturias.com\/noticias\/el-sporting-recupera-lesionados-para-el-partido-ante-el-recreativo\/","title":{"rendered":"El Sporting recupera lesionados para el partido ante el Recreativo"},"content":{"rendered":"<p><img loading=\"lazy\" decoding=\"async\" class=\"alignleft size-medium wp-image-438679\" alt=\"sandoval\" src=\"https:\/\/www.eldigitaldeasturias.com\/noticias\/wp-content\/uploads\/2013\/10\/sandoval-360x183.jpg\" width=\"360\" height=\"183\" \/>Gij\u00f3n, 23 ene (EFE).- Todos los jugadores lesionados del Sporting se han entrenado hoy con aparente normalidad lo que hace prever que el t\u00e9cnico Jos\u00e9 Ram\u00f3n Sandoval pueda contar con Alex Barrera, Canella y Santi Jara para recibir el domingo al Recreativo de Huelva.<\/p>\n<p>La plantilla rojiblanca se ha ejercitado esta ma\u00f1ana en Mareo en una sesi\u00f3n en la que participaron todos los lesionados incluido Cristian Bustos si bien \u00e9ste a\u00fan tendr\u00e1 que esperar un par de semanas m\u00e1s para estar a disposici\u00f3n del entrenador.<\/p>\n<p>Alex Barrera y Santo Jara tuvieron que ser sustituidos en el transcurso del partido ante el Castilla el primero tras una fuerte entrada que le produjo un esguince de tobillo y el segundo con una sobrecarga en los adductores lo mismo que Canella si bien \u00e9ste pudo finalizar el partido y los tres iniciaron la semana trabajando con el recuperador para tratar de estar listos para el domingo.<\/p>\n<p>Sandoval deber\u00e1 hacer cambios en el equipo titular ya que no podr\u00e1 contar con Iv\u00e1n Hern\u00e1ndez, Lora, Carmona y Nacho Cases por lo que la baja de alguno de los lesionados hubiera complicado a\u00fan m\u00e1s la formaci\u00f3n del equipo titular en un partido ante un rival de la zona alta de la clasificaci\u00f3n.<\/p>\n<p>El t\u00e9cnico rojiblanco aguardar\u00e1 hasta el s\u00e1bado para tras consultar a los servicios m\u00e9dicos para decidir si convoca a los lesionados si bien todo hace indicar que los tres estar\u00e1n a su disposici\u00f3n para este encuentro.<\/p>\n<p>En la plantilla rojiblanca milita un jugador nacido en Huelva, Hugo Fraile, si bien \u00e9l mismo reconoce que \u00abfue algo casual\u00bb, y que est\u00e1 a la espera de la evoluci\u00f3n de Santi Jara ya que, en caso de que \u00e9ste no se recupere, ser\u00eda la principal opci\u00f3n para volver a la titularidad en la que empez\u00f3 la temporada.<\/p>\n<p>\u00abSiempre tengo la esperanza de volver al once, pero Santi Jara lo est\u00e1 haciendo muy bien\u00bb, ha admitido el futbolista, que achaca la p\u00e9rdida de la titularidad a problemas f\u00edsicos que le impidi\u00f3 \u00abresponder a lo que quer\u00eda el entrenador\u00bb<\/p>\n<p>Fraile considera \u00abanecd\u00f3tico\u00bb que el Sporting est\u00e9 l\u00edder pese a que \u00abverse primero es un plus de confianza\u00bb y ha asegurado que \u00abser\u00eda una equivocaci\u00f3n ir pensando m\u00e1s all\u00e1 de cada jornada\u00bb.<\/p>\n<p>A su juicio, \u00abjuegue quien juegue, lo que importa es el Sporting y quien salte al terreno de juego hay que apoyarle\u00bb destacando que \u00abScepovic y Lekic est\u00e1n finos de cara al gol\u00bb a la vez que recalca que \u00absalvo el Alav\u00e9s nadie ha sido mejor en toda la primera vuelta\u00bb.<\/p>\n<p>El Sporting afronta una parte del calendario en el que se medir\u00e1 con rivales directos en la lucha por las dos plazas de ascenso directo como el Recreativo de Huelva el pr\u00f3ximo domingo o el Deportivo de la Coru\u00f1a y el \u00c9ibar que marcar\u00e1n las aspiraciones futuras de los rojiblancos.<\/p>\n","protected":false},"excerpt":{"rendered":"<p>Gij\u00f3n, 23 ene (EFE).- Todos los jugadores lesionados del Sporting se han entrenado hoy con aparente normalidad lo que hace prever que el t\u00e9cnico Jos\u00e9 Ram\u00f3n Sandoval pueda contar con Alex Barrera, Canella y Santi Jara para recibir el domingo al Recreativo de Huelva. La plantilla rojiblanca se ha ejercitado esta ma\u00f1ana en Mareo en [&hellip;]<\/p>\n","protected":false},"author":1,"featured_media":438679,"comment_status":"closed","ping_status":"open","sticky":false,"template":"","format":"standard","meta":{"footnotes":""},"categories":[1],"tags":[],"class_list":["post-477618","post","type-post","status-publish","format-standard","has-post-thumbnail","hentry","category-actualidad"],"aioseo_notices":[],"aioseo_head":"\n\t\t<!-- All in One SEO Pro 5.0.1 - aioseo.com -->\n\t<meta name=\"description\" content=\"Gij\u00f3n, 23 ene (EFE).- Todos los jugadores lesionados del Sporting se han entrenado hoy con aparente normalidad lo que hace prever que el t\u00e9cnico Jos\u00e9 Ram\u00f3n Sandoval pueda contar con Alex Barrera, Canella y Santi Jara para recibir el domingo al Recreativo de Huelva. La plantilla rojiblanca se ha ejercitado esta ma\u00f1ana en Mareo en\" \/>\n\t<meta name=\"robots\" content=\"max-image-preview:large\" \/>\n\t<meta name=\"author\" content=\"El Digital de Asturias\"\/>\n\t<meta name=\"google-site-verification\" content=\"UA-38556648-1\" \/>\n\t<meta name=\"msvalidate.01\" content=\"7dfe9f3f1b24437ab69f4f2559babe99\" \/>\n\t<meta name=\"keywords\" content=\"actualidad\" \/>\n\t<link rel=\"canonical\" href=\"https:\/\/www.eldigitaldeasturias.com\/noticias\/el-sporting-recupera-lesionados-para-el-partido-ante-el-recreativo\/\" \/>\n\t<meta name=\"generator\" content=\"All in One SEO Pro (AIOSEO) 5.0.1\" \/>\n\t\t<meta property=\"og:locale\" content=\"es_ES\" \/>\n\t\t<meta property=\"og:site_name\" content=\"El Digital de Asturias\" \/>\n\t\t<meta property=\"og:type\" content=\"article\" \/>\n\t\t<meta property=\"og:title\" content=\"El Sporting recupera lesionados para el partido ante el Recreativo - El Digital de Asturias\" \/>\n\t\t<meta property=\"og:description\" content=\"Gij\u00f3n, 23 ene (EFE).- Todos los jugadores lesionados del Sporting se han entrenado hoy con aparente normalidad lo que hace prever que el t\u00e9cnico Jos\u00e9 Ram\u00f3n Sandoval pueda contar con Alex Barrera, Canella y Santi Jara para recibir el domingo al Recreativo de Huelva. La plantilla rojiblanca se ha ejercitado esta ma\u00f1ana en Mareo en\" \/>\n\t\t<meta property=\"og:url\" content=\"https:\/\/www.eldigitaldeasturias.com\/noticias\/el-sporting-recupera-lesionados-para-el-partido-ante-el-recreativo\/\" \/>\n\t\t<meta property=\"article:tag\" content=\"actualidad\" \/>\n\t\t<meta property=\"article:published_time\" content=\"2014-01-23T19:14:19+00:00\" \/>\n\t\t<meta property=\"article:modified_time\" content=\"2014-01-23T19:14:19+00:00\" \/>\n\t\t<meta property=\"article:publisher\" content=\"https:\/\/facebook.com\/eldigitaldeasturias\" \/>\n\t\t<meta name=\"twitter:card\" content=\"summary_large_image\" \/>\n\t\t<meta name=\"twitter:title\" content=\"El Sporting recupera lesionados para el partido ante el Recreativo - El Digital de Asturias\" \/>\n\t\t<meta name=\"twitter:description\" content=\"Gij\u00f3n, 23 ene (EFE).- Todos los jugadores lesionados del Sporting se han entrenado hoy con aparente normalidad lo que hace prever que el t\u00e9cnico Jos\u00e9 Ram\u00f3n Sandoval pueda contar con Alex Barrera, Canella y Santi Jara para recibir el domingo al Recreativo de Huelva. La plantilla rojiblanca se ha ejercitado esta ma\u00f1ana en Mareo en\" \/>\n\t\t<meta name=\"twitter:label1\" content=\"Escrito por\" \/>\n\t\t<meta name=\"twitter:data1\" content=\"El Digital de Asturias\" \/>\n\t\t<meta name=\"twitter:label2\" content=\"Tiempo de lectura estimado\" \/>\n\t\t<meta name=\"twitter:data2\" content=\"3 minutos\" \/>\n\t\t<script type=\"application\/ld+json\" class=\"aioseo-schema\">\n\t\t\t{\"@context\":\"https:\\\/\\\/schema.org\",\"@graph\":[{\"@type\":\"BlogPosting\",\"@id\":\"https:\\\/\\\/www.eldigitaldeasturias.com\\\/noticias\\\/el-sporting-recupera-lesionados-para-el-partido-ante-el-recreativo\\\/#blogposting\",\"name\":\"El Sporting recupera lesionados para el partido ante el Recreativo - El Digital de Asturias\",\"headline\":\"El Sporting recupera lesionados para el partido ante el Recreativo\",\"author\":{\"@id\":\"https:\\\/\\\/www.eldigitaldeasturias.com\\\/noticias\\\/author\\\/admin\\\/#author\"},\"publisher\":{\"@id\":\"https:\\\/\\\/www.eldigitaldeasturias.com\\\/noticias\\\/#organization\"},\"image\":{\"@type\":\"ImageObject\",\"url\":438679},\"datePublished\":\"2014-01-23T18:14:19+01:00\",\"dateModified\":\"2014-01-23T18:14:19+01:00\",\"inLanguage\":\"es-ES\",\"mainEntityOfPage\":{\"@id\":\"https:\\\/\\\/www.eldigitaldeasturias.com\\\/noticias\\\/el-sporting-recupera-lesionados-para-el-partido-ante-el-recreativo\\\/#webpage\"},\"isPartOf\":{\"@id\":\"https:\\\/\\\/www.eldigitaldeasturias.com\\\/noticias\\\/el-sporting-recupera-lesionados-para-el-partido-ante-el-recreativo\\\/#webpage\"},\"articleSection\":\"Actualidad\"},{\"@type\":\"BreadcrumbList\",\"@id\":\"https:\\\/\\\/www.eldigitaldeasturias.com\\\/noticias\\\/el-sporting-recupera-lesionados-para-el-partido-ante-el-recreativo\\\/#breadcrumblist\",\"itemListElement\":[{\"@type\":\"ListItem\",\"@id\":\"https:\\\/\\\/www.eldigitaldeasturias.com\\\/noticias#listItem\",\"position\":1,\"name\":\"Home\",\"item\":\"https:\\\/\\\/www.eldigitaldeasturias.com\\\/noticias\",\"nextItem\":{\"@type\":\"ListItem\",\"@id\":\"https:\\\/\\\/www.eldigitaldeasturias.com\\\/noticias\\\/category\\\/actualidad\\\/#listItem\",\"name\":\"Actualidad\"}},{\"@type\":\"ListItem\",\"@id\":\"https:\\\/\\\/www.eldigitaldeasturias.com\\\/noticias\\\/category\\\/actualidad\\\/#listItem\",\"position\":2,\"name\":\"Actualidad\",\"item\":\"https:\\\/\\\/www.eldigitaldeasturias.com\\\/noticias\\\/category\\\/actualidad\\\/\",\"nextItem\":{\"@type\":\"ListItem\",\"@id\":\"https:\\\/\\\/www.eldigitaldeasturias.com\\\/noticias\\\/el-sporting-recupera-lesionados-para-el-partido-ante-el-recreativo\\\/#listItem\",\"name\":\"El Sporting recupera lesionados para el partido ante el Recreativo\"},\"previousItem\":{\"@type\":\"ListItem\",\"@id\":\"https:\\\/\\\/www.eldigitaldeasturias.com\\\/noticias#listItem\",\"name\":\"Home\"}},{\"@type\":\"ListItem\",\"@id\":\"https:\\\/\\\/www.eldigitaldeasturias.com\\\/noticias\\\/el-sporting-recupera-lesionados-para-el-partido-ante-el-recreativo\\\/#listItem\",\"position\":3,\"name\":\"El Sporting recupera lesionados para el partido ante el Recreativo\",\"previousItem\":{\"@type\":\"ListItem\",\"@id\":\"https:\\\/\\\/www.eldigitaldeasturias.com\\\/noticias\\\/category\\\/actualidad\\\/#listItem\",\"name\":\"Actualidad\"}}]},{\"@type\":\"Organization\",\"@id\":\"https:\\\/\\\/www.eldigitaldeasturias.com\\\/noticias\\\/#organization\",\"name\":\"El Digital de Asturias\",\"description\":\"Hemeroteca\",\"url\":\"https:\\\/\\\/www.eldigitaldeasturias.com\\\/noticias\\\/\",\"email\":\"info@eldigitaldeasturias.com\",\"telephone\":\"+34652131393\",\"logo\":{\"@type\":\"ImageObject\",\"url\":\"https:\\\/\\\/www.eldigitaldeasturias.com\\\/noticias\\\/wp-content\\\/uploads\\\/2020\\\/12\\\/EDA.jpg\",\"@id\":\"https:\\\/\\\/www.eldigitaldeasturias.com\\\/noticias\\\/el-sporting-recupera-lesionados-para-el-partido-ante-el-recreativo\\\/#organizationLogo\"},\"image\":{\"@id\":\"https:\\\/\\\/www.eldigitaldeasturias.com\\\/noticias\\\/el-sporting-recupera-lesionados-para-el-partido-ante-el-recreativo\\\/#organizationLogo\"},\"sameAs\":[\"https:\\\/\\\/facebook.com\\\/eldigitaldeasturias\",\"https:\\\/\\\/www.youtube.com\\\/channel\\\/UCZP-2wLEB9Rv6erhFmqVnvg\"],\"address\":{\"@id\":\"https:\\\/\\\/www.eldigitaldeasturias.com\\\/noticias\\\/#postaladdress\",\"@type\":\"PostalAddress\",\"streetAddress\":\"san antonio 4\",\"postalCode\":\"33430\",\"addressLocality\":\"Cand\\u00e1s\",\"addressRegion\":\"Asturias\",\"addressCountry\":\"ES\"}},{\"@type\":\"Person\",\"@id\":\"https:\\\/\\\/www.eldigitaldeasturias.com\\\/noticias\\\/author\\\/admin\\\/#author\",\"url\":\"https:\\\/\\\/www.eldigitaldeasturias.com\\\/noticias\\\/author\\\/admin\\\/\",\"name\":\"El Digital de Asturias\",\"image\":{\"@type\":\"ImageObject\",\"@id\":\"https:\\\/\\\/www.eldigitaldeasturias.com\\\/noticias\\\/el-sporting-recupera-lesionados-para-el-partido-ante-el-recreativo\\\/#authorImage\",\"url\":\"https:\\\/\\\/secure.gravatar.com\\\/avatar\\\/df2aeffc32bcd13f8d26072ef8a91b623d677766deac7f97ca815868cd41bf5e?s=96&d=mm&r=g\",\"width\":96,\"height\":96,\"caption\":\"El Digital de Asturias\"}},{\"@type\":\"WebPage\",\"@id\":\"https:\\\/\\\/www.eldigitaldeasturias.com\\\/noticias\\\/el-sporting-recupera-lesionados-para-el-partido-ante-el-recreativo\\\/#webpage\",\"url\":\"https:\\\/\\\/www.eldigitaldeasturias.com\\\/noticias\\\/el-sporting-recupera-lesionados-para-el-partido-ante-el-recreativo\\\/\",\"name\":\"El Sporting recupera lesionados para el partido ante el Recreativo - El Digital de Asturias\",\"description\":\"Gij\\u00f3n, 23 ene (EFE).- Todos los jugadores lesionados del Sporting se han entrenado hoy con aparente normalidad lo que hace prever que el t\\u00e9cnico Jos\\u00e9 Ram\\u00f3n Sandoval pueda contar con Alex Barrera, Canella y Santi Jara para recibir el domingo al Recreativo de Huelva. La plantilla rojiblanca se ha ejercitado esta ma\\u00f1ana en Mareo en\",\"inLanguage\":\"es-ES\",\"isPartOf\":{\"@id\":\"https:\\\/\\\/www.eldigitaldeasturias.com\\\/noticias\\\/#website\"},\"breadcrumb\":{\"@id\":\"https:\\\/\\\/www.eldigitaldeasturias.com\\\/noticias\\\/el-sporting-recupera-lesionados-para-el-partido-ante-el-recreativo\\\/#breadcrumblist\"},\"author\":{\"@id\":\"https:\\\/\\\/www.eldigitaldeasturias.com\\\/noticias\\\/author\\\/admin\\\/#author\"},\"creator\":{\"@id\":\"https:\\\/\\\/www.eldigitaldeasturias.com\\\/noticias\\\/author\\\/admin\\\/#author\"},\"image\":{\"@type\":\"ImageObject\",\"url\":438679,\"@id\":\"https:\\\/\\\/www.eldigitaldeasturias.com\\\/noticias\\\/el-sporting-recupera-lesionados-para-el-partido-ante-el-recreativo\\\/#mainImage\"},\"primaryImageOfPage\":{\"@id\":\"https:\\\/\\\/www.eldigitaldeasturias.com\\\/noticias\\\/el-sporting-recupera-lesionados-para-el-partido-ante-el-recreativo\\\/#mainImage\"},\"datePublished\":\"2014-01-23T18:14:19+01:00\",\"dateModified\":\"2014-01-23T18:14:19+01:00\"},{\"@type\":\"WebSite\",\"@id\":\"https:\\\/\\\/www.eldigitaldeasturias.com\\\/noticias\\\/#website\",\"url\":\"https:\\\/\\\/www.eldigitaldeasturias.com\\\/noticias\\\/\",\"name\":\"El Digital de Asturias - Diario de actualidad y noticias\",\"alternateName\":\"El Digital de Asturias - Diario de actualidad y noticias\",\"description\":\"Hemeroteca\",\"inLanguage\":\"es-ES\",\"publisher\":{\"@id\":\"https:\\\/\\\/www.eldigitaldeasturias.com\\\/noticias\\\/#organization\"}}]}\n\t\t<\/script>\n\t\t<!-- All in One SEO Pro -->\r\n\t\t<title>El Sporting recupera lesionados para el partido ante el Recreativo - El Digital de Asturias<\/title>\n\n","aioseo_head_json":{"title":"El Sporting recupera lesionados para el partido ante el Recreativo - El Digital de Asturias","description":"Gij\u00f3n, 23 ene (EFE).- Todos los jugadores lesionados del Sporting se han entrenado hoy con aparente normalidad lo que hace prever que el t\u00e9cnico Jos\u00e9 Ram\u00f3n Sandoval pueda contar con Alex Barrera, Canella y Santi Jara para recibir el domingo al Recreativo de Huelva. La plantilla rojiblanca se ha ejercitado esta ma\u00f1ana en Mareo en","canonical_url":"https:\/\/www.eldigitaldeasturias.com\/noticias\/el-sporting-recupera-lesionados-para-el-partido-ante-el-recreativo\/","robots":"max-image-preview:large","keywords":"actualidad","webmasterTools":{"google-site-verification":"UA-38556648-1","msvalidate.01":"7dfe9f3f1b24437ab69f4f2559babe99","miscellaneous":""},"schema":{"@context":"https:\/\/schema.org","@graph":[{"@type":"BlogPosting","@id":"https:\/\/www.eldigitaldeasturias.com\/noticias\/el-sporting-recupera-lesionados-para-el-partido-ante-el-recreativo\/#blogposting","name":"El Sporting recupera lesionados para el partido ante el Recreativo - El Digital de Asturias","headline":"El Sporting recupera lesionados para el partido ante el Recreativo","author":{"@id":"https:\/\/www.eldigitaldeasturias.com\/noticias\/author\/admin\/#author"},"publisher":{"@id":"https:\/\/www.eldigitaldeasturias.com\/noticias\/#organization"},"image":{"@type":"ImageObject","url":438679},"datePublished":"2014-01-23T18:14:19+01:00","dateModified":"2014-01-23T18:14:19+01:00","inLanguage":"es-ES","mainEntityOfPage":{"@id":"https:\/\/www.eldigitaldeasturias.com\/noticias\/el-sporting-recupera-lesionados-para-el-partido-ante-el-recreativo\/#webpage"},"isPartOf":{"@id":"https:\/\/www.eldigitaldeasturias.com\/noticias\/el-sporting-recupera-lesionados-para-el-partido-ante-el-recreativo\/#webpage"},"articleSection":"Actualidad"},{"@type":"BreadcrumbList","@id":"https:\/\/www.eldigitaldeasturias.com\/noticias\/el-sporting-recupera-lesionados-para-el-partido-ante-el-recreativo\/#breadcrumblist","itemListElement":[{"@type":"ListItem","@id":"https:\/\/www.eldigitaldeasturias.com\/noticias#listItem","position":1,"name":"Home","item":"https:\/\/www.eldigitaldeasturias.com\/noticias","nextItem":{"@type":"ListItem","@id":"https:\/\/www.eldigitaldeasturias.com\/noticias\/category\/actualidad\/#listItem","name":"Actualidad"}},{"@type":"ListItem","@id":"https:\/\/www.eldigitaldeasturias.com\/noticias\/category\/actualidad\/#listItem","position":2,"name":"Actualidad","item":"https:\/\/www.eldigitaldeasturias.com\/noticias\/category\/actualidad\/","nextItem":{"@type":"ListItem","@id":"https:\/\/www.eldigitaldeasturias.com\/noticias\/el-sporting-recupera-lesionados-para-el-partido-ante-el-recreativo\/#listItem","name":"El Sporting recupera lesionados para el partido ante el Recreativo"},"previousItem":{"@type":"ListItem","@id":"https:\/\/www.eldigitaldeasturias.com\/noticias#listItem","name":"Home"}},{"@type":"ListItem","@id":"https:\/\/www.eldigitaldeasturias.com\/noticias\/el-sporting-recupera-lesionados-para-el-partido-ante-el-recreativo\/#listItem","position":3,"name":"El Sporting recupera lesionados para el partido ante el Recreativo","previousItem":{"@type":"ListItem","@id":"https:\/\/www.eldigitaldeasturias.com\/noticias\/category\/actualidad\/#listItem","name":"Actualidad"}}]},{"@type":"Organization","@id":"https:\/\/www.eldigitaldeasturias.com\/noticias\/#organization","name":"El Digital de Asturias","description":"Hemeroteca","url":"https:\/\/www.eldigitaldeasturias.com\/noticias\/","email":"info@eldigitaldeasturias.com","telephone":"+34652131393","logo":{"@type":"ImageObject","url":"https:\/\/www.eldigitaldeasturias.com\/noticias\/wp-content\/uploads\/2020\/12\/EDA.jpg","@id":"https:\/\/www.eldigitaldeasturias.com\/noticias\/el-sporting-recupera-lesionados-para-el-partido-ante-el-recreativo\/#organizationLogo"},"image":{"@id":"https:\/\/www.eldigitaldeasturias.com\/noticias\/el-sporting-recupera-lesionados-para-el-partido-ante-el-recreativo\/#organizationLogo"},"sameAs":["https:\/\/facebook.com\/eldigitaldeasturias","https:\/\/www.youtube.com\/channel\/UCZP-2wLEB9Rv6erhFmqVnvg"],"address":{"@id":"https:\/\/www.eldigitaldeasturias.com\/noticias\/#postaladdress","@type":"PostalAddress","streetAddress":"san antonio 4","postalCode":"33430","addressLocality":"Cand\u00e1s","addressRegion":"Asturias","addressCountry":"ES"}},{"@type":"Person","@id":"https:\/\/www.eldigitaldeasturias.com\/noticias\/author\/admin\/#author","url":"https:\/\/www.eldigitaldeasturias.com\/noticias\/author\/admin\/","name":"El Digital de Asturias","image":{"@type":"ImageObject","@id":"https:\/\/www.eldigitaldeasturias.com\/noticias\/el-sporting-recupera-lesionados-para-el-partido-ante-el-recreativo\/#authorImage","url":"https:\/\/secure.gravatar.com\/avatar\/df2aeffc32bcd13f8d26072ef8a91b623d677766deac7f97ca815868cd41bf5e?s=96&d=mm&r=g","width":96,"height":96,"caption":"El Digital de Asturias"}},{"@type":"WebPage","@id":"https:\/\/www.eldigitaldeasturias.com\/noticias\/el-sporting-recupera-lesionados-para-el-partido-ante-el-recreativo\/#webpage","url":"https:\/\/www.eldigitaldeasturias.com\/noticias\/el-sporting-recupera-lesionados-para-el-partido-ante-el-recreativo\/","name":"El Sporting recupera lesionados para el partido ante el Recreativo - El Digital de Asturias","description":"Gij\u00f3n, 23 ene (EFE).- Todos los jugadores lesionados del Sporting se han entrenado hoy con aparente normalidad lo que hace prever que el t\u00e9cnico Jos\u00e9 Ram\u00f3n Sandoval pueda contar con Alex Barrera, Canella y Santi Jara para recibir el domingo al Recreativo de Huelva. La plantilla rojiblanca se ha ejercitado esta ma\u00f1ana en Mareo en","inLanguage":"es-ES","isPartOf":{"@id":"https:\/\/www.eldigitaldeasturias.com\/noticias\/#website"},"breadcrumb":{"@id":"https:\/\/www.eldigitaldeasturias.com\/noticias\/el-sporting-recupera-lesionados-para-el-partido-ante-el-recreativo\/#breadcrumblist"},"author":{"@id":"https:\/\/www.eldigitaldeasturias.com\/noticias\/author\/admin\/#author"},"creator":{"@id":"https:\/\/www.eldigitaldeasturias.com\/noticias\/author\/admin\/#author"},"image":{"@type":"ImageObject","url":438679,"@id":"https:\/\/www.eldigitaldeasturias.com\/noticias\/el-sporting-recupera-lesionados-para-el-partido-ante-el-recreativo\/#mainImage"},"primaryImageOfPage":{"@id":"https:\/\/www.eldigitaldeasturias.com\/noticias\/el-sporting-recupera-lesionados-para-el-partido-ante-el-recreativo\/#mainImage"},"datePublished":"2014-01-23T18:14:19+01:00","dateModified":"2014-01-23T18:14:19+01:00"},{"@type":"WebSite","@id":"https:\/\/www.eldigitaldeasturias.com\/noticias\/#website","url":"https:\/\/www.eldigitaldeasturias.com\/noticias\/","name":"El Digital de Asturias - Diario de actualidad y noticias","alternateName":"El Digital de Asturias - Diario de actualidad y noticias","description":"Hemeroteca","inLanguage":"es-ES","publisher":{"@id":"https:\/\/www.eldigitaldeasturias.com\/noticias\/#organization"}}]},"og:locale":"es_ES","og:site_name":"El Digital de Asturias","og:type":"article","og:title":"El Sporting recupera lesionados para el partido ante el Recreativo - El Digital de Asturias","og:description":"Gij\u00f3n, 23 ene (EFE).- Todos los jugadores lesionados del Sporting se han entrenado hoy con aparente normalidad lo que hace prever que el t\u00e9cnico Jos\u00e9 Ram\u00f3n Sandoval pueda contar con Alex Barrera, Canella y Santi Jara para recibir el domingo al Recreativo de Huelva. La plantilla rojiblanca se ha ejercitado esta ma\u00f1ana en Mareo en","og:url":"https:\/\/www.eldigitaldeasturias.com\/noticias\/el-sporting-recupera-lesionados-para-el-partido-ante-el-recreativo\/","article:tag":["actualidad"],"article:published_time":"2014-01-23T19:14:19+00:00","article:modified_time":"2014-01-23T19:14:19+00:00","article:publisher":"https:\/\/facebook.com\/eldigitaldeasturias","twitter:card":"summary_large_image","twitter:title":"El Sporting recupera lesionados para el partido ante el Recreativo - El Digital de Asturias","twitter:description":"Gij\u00f3n, 23 ene (EFE).- Todos los jugadores lesionados del Sporting se han entrenado hoy con aparente normalidad lo que hace prever que el t\u00e9cnico Jos\u00e9 Ram\u00f3n Sandoval pueda contar con Alex Barrera, Canella y Santi Jara para recibir el domingo al Recreativo de Huelva. La plantilla rojiblanca se ha ejercitado esta ma\u00f1ana en Mareo en","twitter:label1":"Escrito por","twitter:data1":"El Digital de Asturias","twitter:label2":"Tiempo de lectura estimado","twitter:data2":"3 minutos"},"aioseo_meta_data":{"post_id":"477618","title":null,"description":null,"keywords":null,"keyphrases":null,"primary_term":null,"canonical_url":null,"og_title":null,"og_description":null,"og_object_type":"default","og_image_type":"default","og_image_url":null,"og_image_width":null,"og_image_height":null,"og_image_custom_url":null,"og_image_custom_fields":null,"og_video":null,"og_custom_url":null,"og_article_section":null,"og_article_tags":null,"twitter_use_og":true,"twitter_card":"default","twitter_image_type":"default","twitter_image_url":null,"twitter_image_custom_url":null,"twitter_image_custom_fields":null,"twitter_title":null,"twitter_description":null,"schema":{"blockGraphs":[],"customGraphs":[],"default":{"data":{"Article":[],"Course":[],"Dataset":[],"FAQPage":[],"Movie":[],"Person":[],"Product":[],"ProductReview":[],"Car":[],"Recipe":[],"Service":[],"SoftwareApplication":[],"WebPage":[]},"graphName":"","isEnabled":true},"graphs":[],"defaultGraph":"","defaultPostTypeGraph":""},"schema_type":null,"schema_type_options":null,"pillar_content":false,"robots_default":true,"robots_noindex":false,"robots_noarchive":false,"robots_nosnippet":false,"robots_nofollow":false,"robots_noimageindex":false,"robots_noodp":false,"robots_notranslate":false,"robots_max_snippet":null,"robots_max_videopreview":null,"robots_max_imagepreview":"none","priority":null,"frequency":null,"local_seo":null,"seo_analyzer_scan_date":"2026-06-01 19:04:10","breadcrumb_settings":null,"limit_modified_date":false,"open_ai":null,"ai":null,"created":"2020-11-14 22:53:45","updated":"2026-06-01 19:04:10","focus_keyword":null,"additional_keywords":null,"truseo_locale":null},"aioseo_breadcrumb":"<div class=\"aioseo-breadcrumbs\"><span class=\"aioseo-breadcrumb\">\n\t<a href=\"https:\/\/www.eldigitaldeasturias.com\/noticias\" title=\"Home\">Home<\/a>\n<\/span><span class=\"aioseo-breadcrumb-separator\">\u2013<\/span><span class=\"aioseo-breadcrumb\">\n\t<a href=\"https:\/\/www.eldigitaldeasturias.com\/noticias\/category\/actualidad\/\" title=\"Actualidad\">Actualidad<\/a>\n<\/span><span class=\"aioseo-breadcrumb-separator\">\u2013<\/span><span class=\"aioseo-breadcrumb\">\n\t<a href=\"https:\/\/www.eldigitaldeasturias.com\/noticias\/el-sporting-recupera-lesionados-para-el-partido-ante-el-recreativo\/\" title=\"El Sporting recupera lesionados para el partido ante el Recreativo\">El Sporting recupera lesionados para el partido ante el Recreativo<\/a>\n<\/span><\/div>","aioseo_breadcrumb_json":[{"label":"Home","link":"https:\/\/www.eldigitaldeasturias.com\/noticias"},{"label":"Actualidad","link":"https:\/\/www.eldigitaldeasturias.com\/noticias\/category\/actualidad\/"},{"label":"El Sporting recupera lesionados para el partido ante el Recreativo","link":"https:\/\/www.eldigitaldeasturias.com\/noticias\/el-sporting-recupera-lesionados-para-el-partido-ante-el-recreativo\/"}],"_links":{"self":[{"href":"https:\/\/www.eldigitaldeasturias.com\/noticias\/wp-json\/wp\/v2\/posts\/477618","targetHints":{"allow":["GET"]}}],"collection":[{"href":"https:\/\/www.eldigitaldeasturias.com\/noticias\/wp-json\/wp\/v2\/posts"}],"about":[{"href":"https:\/\/www.eldigitaldeasturias.com\/noticias\/wp-json\/wp\/v2\/types\/post"}],"author":[{"embeddable":true,"href":"https:\/\/www.eldigitaldeasturias.com\/noticias\/wp-json\/wp\/v2\/users\/1"}],"replies":[{"embeddable":true,"href":"https:\/\/www.eldigitaldeasturias.com\/noticias\/wp-json\/wp\/v2\/comments?post=477618"}],"version-history":[{"count":0,"href":"https:\/\/www.eldigitaldeasturias.com\/noticias\/wp-json\/wp\/v2\/posts\/477618\/revisions"}],"wp:attachment":[{"href":"https:\/\/www.eldigitaldeasturias.com\/noticias\/wp-json\/wp\/v2\/media?parent=477618"}],"wp:term":[{"taxonomy":"category","embeddable":true,"href":"https:\/\/www.eldigitaldeasturias.com\/noticias\/wp-json\/wp\/v2\/categories?post=477618"},{"taxonomy":"post_tag","embeddable":true,"href":"https:\/\/www.eldigitaldeasturias.com\/noticias\/wp-json\/wp\/v2\/tags?post=477618"}],"curies":[{"name":"wp","href":"https:\/\/api.w.org\/{rel}","templated":true}]}}