{"id":477594,"date":"2014-01-23T17:47:34","date_gmt":"2014-01-23T18:47:34","guid":{"rendered":"http:\/\/www.eldigitaldeasturias.com\/noticias\/?p=477594"},"modified":"2014-01-23T17:47:34","modified_gmt":"2014-01-23T18:47:34","slug":"abogada-de-la-ue-pide-multar-a-espana-con-50-millones-por-ayudas-a-empresas-vascas","status":"publish","type":"post","link":"https:\/\/www.eldigitaldeasturias.com\/noticias\/abogada-de-la-ue-pide-multar-a-espana-con-50-millones-por-ayudas-a-empresas-vascas\/","title":{"rendered":"Abogada de la UE pide multar a Espa\u00f1a con 50 millones por ayudas a empresas vascas"},"content":{"rendered":"<p><img loading=\"lazy\" decoding=\"async\" class=\"alignleft size-medium wp-image-477595\" alt=\"5869976w\" src=\"https:\/\/www.eldigitaldeasturias.com\/noticias\/wp-content\/uploads\/2014\/01\/5869976w-360x230.jpg\" width=\"360\" height=\"230\" \/>Bruselas, 23 ene (EFE).- La abogada general del Tribunal de Justicia de la Uni\u00f3n Europea Eleanor Sharpston recomend\u00f3 hoy imponer una multa de 50 millones de euros a Espa\u00f1a por no recuperar a tiempo las ayudas concedidas en los a\u00f1os noventa a empresas del Pa\u00eds Vasco, que fueron declaradas ilegales.<\/p>\n<p>La jurista comunitaria da la raz\u00f3n por tanto a la Comisi\u00f3n Europea (CE), que hab\u00eda solicitado la imposici\u00f3n de una sanci\u00f3n financiera contra Espa\u00f1a, aunque reduce la cuant\u00eda frente a lo que hab\u00eda solicitado Bruselas, unos 64 millones de euros.<\/p>\n<p>Sharpston considera que 50 millones ya es una cuant\u00eda importante, con suficiente car\u00e1cter disuasorio, y destaca que si el Tribunal finalmente est\u00e1 de acuerdo con su recomendaci\u00f3n e impone esta sanci\u00f3n, ser\u00eda la suma a tanto alzado m\u00e1s elevada impuesta hasta ahora por los jueces de Luxemburgo.<\/p>\n<p>En su opini\u00f3n, Espa\u00f1a merece una multa de esta magnitud porque tanto la cuant\u00eda de las ayudas ilegales como la demora en su recuperaci\u00f3n son considerables, y porque la infracci\u00f3n reviste tal gravedad como para afectar al comercio entre los Estados miembros durante un largo per\u00edodo de tiempo.<\/p>\n<p>La abogada se\u00f1ala adem\u00e1s que parece que las autoridades espa\u00f1olas han dedicado gran cantidad de tiempo y de energ\u00eda a intentar aminorar las cantidades que deb\u00edan recuperarse, a menudo aportando detalles excesivos que entra\u00f1aban m\u00e1s dilaciones.<\/p>\n<p>De hecho, la recuperaci\u00f3n no comenz\u00f3 a llevarse a cabo de forma significativa hasta que pasaron m\u00e1s de cuatro a\u00f1os desde la sentencia de 2006, en la que el Tribunal de Justicia declar\u00f3 las ayudas ilegales y pidi\u00f3 su recuperaci\u00f3n.<\/p>\n<p>La m\u00e1xima instancia judicial comunitaria declar\u00f3 ilegal en 2006 el antiguo r\u00e9gimen fiscal del Pa\u00eds Vasco, conocido como \u00abvacaciones fiscales vascas\u00bb, y pidi\u00f3 que los beneficiarios devolvieran las ayudas.<\/p>\n<p>Las ventajas fiscales, que nunca fueron notificadas a la CE, consistieron en un cr\u00e9dito para las empresas del 45 % del importe de ciertas inversiones y una reducci\u00f3n de la base imponible.<\/p>\n<p>Fueron concedidas en \u00c1lava, Vizcaya y Guip\u00fazcoa entre 1994 y 1997 y estuvieron en vigor hasta alrededor del a\u00f1o 2000.<\/p>\n<p>Espa\u00f1a y la CE, que denunci\u00f3 el caso ante el Tribunal de Justicia, protagonizaron un extenso litigio en el que tuvieron numerosos desencuentros, sobre todo acerca de la recuperaci\u00f3n de las ayudas.<\/p>\n<p>Bruselas consider\u00f3 en 2011 que los beneficiarios a\u00fan no hab\u00edan devuelto las ayudas y decidi\u00f3 pedir al Tribunal de Justicia que impusiese una multa a Espa\u00f1a de cerca de 65 millones de euros.<\/p>\n<p>La abogada general subray\u00f3 en su recomendaci\u00f3n de hoy el hecho de que Espa\u00f1a hubiese reconocido que una gran parte de la recuperaci\u00f3n de las ayudas tuvo lugar tras esa solicitud de multa de la CE en 2011.<\/p>\n<p>La Comisi\u00f3n, por su parte, inform\u00f3 al pasado mes de octubre al Tribunal de que ya se hab\u00edan recuperado totalmente las ayudas y concret\u00f3 que el \u00faltimo pago se efectu\u00f3 el d\u00eda 15 de ese mes.<\/p>\n<p>Espa\u00f1a y la Comisi\u00f3n mantuvieron posturas enfrentadas con respecto al c\u00e1lculo y al importe total de las ayudas que proced\u00eda recuperar.<\/p>\n<p>Sin embargo, Espa\u00f1a accedi\u00f3 finalmente a recuperar la cantidad que ped\u00eda Bruselas con el prop\u00f3sito de limitar cualquier multa que pudiera imponer el Tribunal.<\/p>\n<p>La recomendaci\u00f3n de la abogada general no tiene car\u00e1cter vinculante, si bien el Tribunal de Justicia suele tener este tipo de aportaciones en cuenta a la hora de dictar sentencia.<\/p>\n<p>La decisi\u00f3n final del Tribunal sobre este caso podr\u00e1 demorarse a\u00fan varios meses y contra ella no cabe recurso.<\/p>\n","protected":false},"excerpt":{"rendered":"<p>Bruselas, 23 ene (EFE).- La abogada general del Tribunal de Justicia de la Uni\u00f3n Europea Eleanor Sharpston recomend\u00f3 hoy imponer una multa de 50 millones de euros a Espa\u00f1a por no recuperar a tiempo las ayudas concedidas en los a\u00f1os noventa a empresas del Pa\u00eds Vasco, que fueron declaradas ilegales. La jurista comunitaria da la [&hellip;]<\/p>\n","protected":false},"author":1,"featured_media":1132184,"comment_status":"closed","ping_status":"open","sticky":false,"template":"","format":"standard","meta":{"footnotes":""},"categories":[1],"tags":[],"class_list":["post-477594","post","type-post","status-publish","format-standard","has-post-thumbnail","hentry","category-actualidad"],"aioseo_notices":[],"aioseo_head":"\n\t\t<!-- All in One SEO Pro 5.0.1 - aioseo.com -->\n\t<meta name=\"description\" content=\"Bruselas, 23 ene (EFE).- La abogada general del Tribunal de Justicia de la Uni\u00f3n Europea Eleanor Sharpston recomend\u00f3 hoy imponer una multa de 50 millones de euros a Espa\u00f1a por no recuperar a tiempo las ayudas concedidas en los a\u00f1os noventa a empresas del Pa\u00eds Vasco, que fueron declaradas ilegales. La jurista comunitaria da la\" \/>\n\t<meta name=\"robots\" content=\"max-image-preview:large\" \/>\n\t<meta name=\"author\" content=\"El Digital de Asturias\"\/>\n\t<meta name=\"google-site-verification\" content=\"UA-38556648-1\" \/>\n\t<meta name=\"msvalidate.01\" content=\"7dfe9f3f1b24437ab69f4f2559babe99\" \/>\n\t<meta name=\"keywords\" content=\"actualidad\" \/>\n\t<link rel=\"canonical\" href=\"https:\/\/www.eldigitaldeasturias.com\/noticias\/abogada-de-la-ue-pide-multar-a-espana-con-50-millones-por-ayudas-a-empresas-vascas\/\" \/>\n\t<meta name=\"generator\" content=\"All in One SEO Pro (AIOSEO) 5.0.1\" \/>\n\t\t<meta property=\"og:locale\" content=\"es_ES\" \/>\n\t\t<meta property=\"og:site_name\" content=\"El Digital de Asturias\" \/>\n\t\t<meta property=\"og:type\" content=\"article\" \/>\n\t\t<meta property=\"og:title\" content=\"Abogada de la UE pide multar a Espa\u00f1a con 50 millones por ayudas a empresas vascas - El Digital de Asturias\" \/>\n\t\t<meta property=\"og:description\" content=\"Bruselas, 23 ene (EFE).- La abogada general del Tribunal de Justicia de la Uni\u00f3n Europea Eleanor Sharpston recomend\u00f3 hoy imponer una multa de 50 millones de euros a Espa\u00f1a por no recuperar a tiempo las ayudas concedidas en los a\u00f1os noventa a empresas del Pa\u00eds Vasco, que fueron declaradas ilegales. La jurista comunitaria da la\" \/>\n\t\t<meta property=\"og:url\" content=\"https:\/\/www.eldigitaldeasturias.com\/noticias\/abogada-de-la-ue-pide-multar-a-espana-con-50-millones-por-ayudas-a-empresas-vascas\/\" \/>\n\t\t<meta property=\"og:image\" content=\"https:\/\/www.eldigitaldeasturias.com\/noticias\/wp-content\/uploads\/2026\/06\/Contenidos.jpg\" \/>\n\t\t<meta property=\"og:image:secure_url\" content=\"https:\/\/www.eldigitaldeasturias.com\/noticias\/wp-content\/uploads\/2026\/06\/Contenidos.jpg\" \/>\n\t\t<meta property=\"og:image:width\" content=\"1265\" \/>\n\t\t<meta property=\"og:image:height\" content=\"697\" \/>\n\t\t<meta property=\"article:tag\" content=\"actualidad\" \/>\n\t\t<meta property=\"article:published_time\" content=\"2014-01-23T18:47:34+00:00\" \/>\n\t\t<meta property=\"article:modified_time\" content=\"2014-01-23T18:47:34+00:00\" \/>\n\t\t<meta property=\"article:publisher\" content=\"https:\/\/facebook.com\/eldigitaldeasturias\" \/>\n\t\t<meta name=\"twitter:card\" content=\"summary_large_image\" \/>\n\t\t<meta name=\"twitter:title\" content=\"Abogada de la UE pide multar a Espa\u00f1a con 50 millones por ayudas a empresas vascas - El Digital de Asturias\" \/>\n\t\t<meta name=\"twitter:description\" content=\"Bruselas, 23 ene (EFE).- La abogada general del Tribunal de Justicia de la Uni\u00f3n Europea Eleanor Sharpston recomend\u00f3 hoy imponer una multa de 50 millones de euros a Espa\u00f1a por no recuperar a tiempo las ayudas concedidas en los a\u00f1os noventa a empresas del Pa\u00eds Vasco, que fueron declaradas ilegales. La jurista comunitaria da la\" \/>\n\t\t<meta name=\"twitter:image\" content=\"https:\/\/www.eldigitaldeasturias.com\/noticias\/wp-content\/uploads\/2026\/06\/Contenidos.jpg\" \/>\n\t\t<meta name=\"twitter:label1\" content=\"Escrito por\" \/>\n\t\t<meta name=\"twitter:data1\" content=\"El Digital de Asturias\" \/>\n\t\t<meta name=\"twitter:label2\" content=\"Tiempo de lectura estimado\" \/>\n\t\t<meta name=\"twitter:data2\" content=\"3 minutos\" \/>\n\t\t<script type=\"application\/ld+json\" class=\"aioseo-schema\">\n\t\t\t{\"@context\":\"https:\\\/\\\/schema.org\",\"@graph\":[{\"@type\":\"BlogPosting\",\"@id\":\"https:\\\/\\\/www.eldigitaldeasturias.com\\\/noticias\\\/abogada-de-la-ue-pide-multar-a-espana-con-50-millones-por-ayudas-a-empresas-vascas\\\/#blogposting\",\"name\":\"Abogada de la UE pide multar a Espa\\u00f1a con 50 millones por ayudas a empresas vascas - El Digital de Asturias\",\"headline\":\"Abogada de la UE pide multar a Espa\\u00f1a con 50 millones por ayudas a empresas vascas\",\"author\":{\"@id\":\"https:\\\/\\\/www.eldigitaldeasturias.com\\\/noticias\\\/author\\\/admin\\\/#author\"},\"publisher\":{\"@id\":\"https:\\\/\\\/www.eldigitaldeasturias.com\\\/noticias\\\/#organization\"},\"image\":{\"@type\":\"ImageObject\",\"url\":\"https:\\\/\\\/www.eldigitaldeasturias.com\\\/noticias\\\/wp-content\\\/uploads\\\/2026\\\/06\\\/Contenidos.jpg\",\"width\":1265,\"height\":697,\"caption\":\"Contenidos\"},\"datePublished\":\"2014-01-23T17:47:34+01:00\",\"dateModified\":\"2014-01-23T17:47:34+01:00\",\"inLanguage\":\"es-ES\",\"mainEntityOfPage\":{\"@id\":\"https:\\\/\\\/www.eldigitaldeasturias.com\\\/noticias\\\/abogada-de-la-ue-pide-multar-a-espana-con-50-millones-por-ayudas-a-empresas-vascas\\\/#webpage\"},\"isPartOf\":{\"@id\":\"https:\\\/\\\/www.eldigitaldeasturias.com\\\/noticias\\\/abogada-de-la-ue-pide-multar-a-espana-con-50-millones-por-ayudas-a-empresas-vascas\\\/#webpage\"},\"articleSection\":\"Actualidad\"},{\"@type\":\"BreadcrumbList\",\"@id\":\"https:\\\/\\\/www.eldigitaldeasturias.com\\\/noticias\\\/abogada-de-la-ue-pide-multar-a-espana-con-50-millones-por-ayudas-a-empresas-vascas\\\/#breadcrumblist\",\"itemListElement\":[{\"@type\":\"ListItem\",\"@id\":\"https:\\\/\\\/www.eldigitaldeasturias.com\\\/noticias#listItem\",\"position\":1,\"name\":\"Home\",\"item\":\"https:\\\/\\\/www.eldigitaldeasturias.com\\\/noticias\",\"nextItem\":{\"@type\":\"ListItem\",\"@id\":\"https:\\\/\\\/www.eldigitaldeasturias.com\\\/noticias\\\/category\\\/actualidad\\\/#listItem\",\"name\":\"Actualidad\"}},{\"@type\":\"ListItem\",\"@id\":\"https:\\\/\\\/www.eldigitaldeasturias.com\\\/noticias\\\/category\\\/actualidad\\\/#listItem\",\"position\":2,\"name\":\"Actualidad\",\"item\":\"https:\\\/\\\/www.eldigitaldeasturias.com\\\/noticias\\\/category\\\/actualidad\\\/\",\"nextItem\":{\"@type\":\"ListItem\",\"@id\":\"https:\\\/\\\/www.eldigitaldeasturias.com\\\/noticias\\\/abogada-de-la-ue-pide-multar-a-espana-con-50-millones-por-ayudas-a-empresas-vascas\\\/#listItem\",\"name\":\"Abogada de la UE pide multar a Espa\\u00f1a con 50 millones por ayudas a empresas vascas\"},\"previousItem\":{\"@type\":\"ListItem\",\"@id\":\"https:\\\/\\\/www.eldigitaldeasturias.com\\\/noticias#listItem\",\"name\":\"Home\"}},{\"@type\":\"ListItem\",\"@id\":\"https:\\\/\\\/www.eldigitaldeasturias.com\\\/noticias\\\/abogada-de-la-ue-pide-multar-a-espana-con-50-millones-por-ayudas-a-empresas-vascas\\\/#listItem\",\"position\":3,\"name\":\"Abogada de la UE pide multar a Espa\\u00f1a con 50 millones por ayudas a empresas vascas\",\"previousItem\":{\"@type\":\"ListItem\",\"@id\":\"https:\\\/\\\/www.eldigitaldeasturias.com\\\/noticias\\\/category\\\/actualidad\\\/#listItem\",\"name\":\"Actualidad\"}}]},{\"@type\":\"Organization\",\"@id\":\"https:\\\/\\\/www.eldigitaldeasturias.com\\\/noticias\\\/#organization\",\"name\":\"El Digital de Asturias\",\"description\":\"Hemeroteca\",\"url\":\"https:\\\/\\\/www.eldigitaldeasturias.com\\\/noticias\\\/\",\"email\":\"info@eldigitaldeasturias.com\",\"telephone\":\"+34652131393\",\"logo\":{\"@type\":\"ImageObject\",\"url\":\"https:\\\/\\\/www.eldigitaldeasturias.com\\\/noticias\\\/wp-content\\\/uploads\\\/2020\\\/12\\\/EDA.jpg\",\"@id\":\"https:\\\/\\\/www.eldigitaldeasturias.com\\\/noticias\\\/abogada-de-la-ue-pide-multar-a-espana-con-50-millones-por-ayudas-a-empresas-vascas\\\/#organizationLogo\"},\"image\":{\"@id\":\"https:\\\/\\\/www.eldigitaldeasturias.com\\\/noticias\\\/abogada-de-la-ue-pide-multar-a-espana-con-50-millones-por-ayudas-a-empresas-vascas\\\/#organizationLogo\"},\"sameAs\":[\"https:\\\/\\\/facebook.com\\\/eldigitaldeasturias\",\"https:\\\/\\\/www.youtube.com\\\/channel\\\/UCZP-2wLEB9Rv6erhFmqVnvg\"],\"address\":{\"@id\":\"https:\\\/\\\/www.eldigitaldeasturias.com\\\/noticias\\\/#postaladdress\",\"@type\":\"PostalAddress\",\"streetAddress\":\"san antonio 4\",\"postalCode\":\"33430\",\"addressLocality\":\"Cand\\u00e1s\",\"addressRegion\":\"Asturias\",\"addressCountry\":\"ES\"}},{\"@type\":\"Person\",\"@id\":\"https:\\\/\\\/www.eldigitaldeasturias.com\\\/noticias\\\/author\\\/admin\\\/#author\",\"url\":\"https:\\\/\\\/www.eldigitaldeasturias.com\\\/noticias\\\/author\\\/admin\\\/\",\"name\":\"El Digital de Asturias\",\"image\":{\"@type\":\"ImageObject\",\"@id\":\"https:\\\/\\\/www.eldigitaldeasturias.com\\\/noticias\\\/abogada-de-la-ue-pide-multar-a-espana-con-50-millones-por-ayudas-a-empresas-vascas\\\/#authorImage\",\"url\":\"https:\\\/\\\/secure.gravatar.com\\\/avatar\\\/df2aeffc32bcd13f8d26072ef8a91b623d677766deac7f97ca815868cd41bf5e?s=96&d=mm&r=g\",\"width\":96,\"height\":96,\"caption\":\"El Digital de Asturias\"}},{\"@type\":\"WebPage\",\"@id\":\"https:\\\/\\\/www.eldigitaldeasturias.com\\\/noticias\\\/abogada-de-la-ue-pide-multar-a-espana-con-50-millones-por-ayudas-a-empresas-vascas\\\/#webpage\",\"url\":\"https:\\\/\\\/www.eldigitaldeasturias.com\\\/noticias\\\/abogada-de-la-ue-pide-multar-a-espana-con-50-millones-por-ayudas-a-empresas-vascas\\\/\",\"name\":\"Abogada de la UE pide multar a Espa\\u00f1a con 50 millones por ayudas a empresas vascas - El Digital de Asturias\",\"description\":\"Bruselas, 23 ene (EFE).- La abogada general del Tribunal de Justicia de la Uni\\u00f3n Europea Eleanor Sharpston recomend\\u00f3 hoy imponer una multa de 50 millones de euros a Espa\\u00f1a por no recuperar a tiempo las ayudas concedidas en los a\\u00f1os noventa a empresas del Pa\\u00eds Vasco, que fueron declaradas ilegales. La jurista comunitaria da la\",\"inLanguage\":\"es-ES\",\"isPartOf\":{\"@id\":\"https:\\\/\\\/www.eldigitaldeasturias.com\\\/noticias\\\/#website\"},\"breadcrumb\":{\"@id\":\"https:\\\/\\\/www.eldigitaldeasturias.com\\\/noticias\\\/abogada-de-la-ue-pide-multar-a-espana-con-50-millones-por-ayudas-a-empresas-vascas\\\/#breadcrumblist\"},\"author\":{\"@id\":\"https:\\\/\\\/www.eldigitaldeasturias.com\\\/noticias\\\/author\\\/admin\\\/#author\"},\"creator\":{\"@id\":\"https:\\\/\\\/www.eldigitaldeasturias.com\\\/noticias\\\/author\\\/admin\\\/#author\"},\"image\":{\"@type\":\"ImageObject\",\"url\":\"https:\\\/\\\/www.eldigitaldeasturias.com\\\/noticias\\\/wp-content\\\/uploads\\\/2026\\\/06\\\/Contenidos.jpg\",\"@id\":\"https:\\\/\\\/www.eldigitaldeasturias.com\\\/noticias\\\/abogada-de-la-ue-pide-multar-a-espana-con-50-millones-por-ayudas-a-empresas-vascas\\\/#mainImage\",\"width\":1265,\"height\":697,\"caption\":\"Contenidos\"},\"primaryImageOfPage\":{\"@id\":\"https:\\\/\\\/www.eldigitaldeasturias.com\\\/noticias\\\/abogada-de-la-ue-pide-multar-a-espana-con-50-millones-por-ayudas-a-empresas-vascas\\\/#mainImage\"},\"datePublished\":\"2014-01-23T17:47:34+01:00\",\"dateModified\":\"2014-01-23T17:47:34+01:00\"},{\"@type\":\"WebSite\",\"@id\":\"https:\\\/\\\/www.eldigitaldeasturias.com\\\/noticias\\\/#website\",\"url\":\"https:\\\/\\\/www.eldigitaldeasturias.com\\\/noticias\\\/\",\"name\":\"El Digital de Asturias - Diario de actualidad y noticias\",\"alternateName\":\"El Digital de Asturias - Diario de actualidad y noticias\",\"description\":\"Hemeroteca\",\"inLanguage\":\"es-ES\",\"publisher\":{\"@id\":\"https:\\\/\\\/www.eldigitaldeasturias.com\\\/noticias\\\/#organization\"}}]}\n\t\t<\/script>\n\t\t<!-- All in One SEO Pro -->\r\n\t\t<title>Abogada de la UE pide multar a Espa\u00f1a con 50 millones por ayudas a empresas vascas - El Digital de Asturias<\/title>\n\n","aioseo_head_json":{"title":"Abogada de la UE pide multar a Espa\u00f1a con 50 millones por ayudas a empresas vascas - El Digital de Asturias","description":"Bruselas, 23 ene (EFE).- La abogada general del Tribunal de Justicia de la Uni\u00f3n Europea Eleanor Sharpston recomend\u00f3 hoy imponer una multa de 50 millones de euros a Espa\u00f1a por no recuperar a tiempo las ayudas concedidas en los a\u00f1os noventa a empresas del Pa\u00eds Vasco, que fueron declaradas ilegales. La jurista comunitaria da la","canonical_url":"https:\/\/www.eldigitaldeasturias.com\/noticias\/abogada-de-la-ue-pide-multar-a-espana-con-50-millones-por-ayudas-a-empresas-vascas\/","robots":"max-image-preview:large","keywords":"actualidad","webmasterTools":{"google-site-verification":"UA-38556648-1","msvalidate.01":"7dfe9f3f1b24437ab69f4f2559babe99","miscellaneous":""},"schema":{"@context":"https:\/\/schema.org","@graph":[{"@type":"BlogPosting","@id":"https:\/\/www.eldigitaldeasturias.com\/noticias\/abogada-de-la-ue-pide-multar-a-espana-con-50-millones-por-ayudas-a-empresas-vascas\/#blogposting","name":"Abogada de la UE pide multar a Espa\u00f1a con 50 millones por ayudas a empresas vascas - El Digital de Asturias","headline":"Abogada de la UE pide multar a Espa\u00f1a con 50 millones por ayudas a empresas vascas","author":{"@id":"https:\/\/www.eldigitaldeasturias.com\/noticias\/author\/admin\/#author"},"publisher":{"@id":"https:\/\/www.eldigitaldeasturias.com\/noticias\/#organization"},"image":{"@type":"ImageObject","url":"https:\/\/www.eldigitaldeasturias.com\/noticias\/wp-content\/uploads\/2026\/06\/Contenidos.jpg","width":1265,"height":697,"caption":"Contenidos"},"datePublished":"2014-01-23T17:47:34+01:00","dateModified":"2014-01-23T17:47:34+01:00","inLanguage":"es-ES","mainEntityOfPage":{"@id":"https:\/\/www.eldigitaldeasturias.com\/noticias\/abogada-de-la-ue-pide-multar-a-espana-con-50-millones-por-ayudas-a-empresas-vascas\/#webpage"},"isPartOf":{"@id":"https:\/\/www.eldigitaldeasturias.com\/noticias\/abogada-de-la-ue-pide-multar-a-espana-con-50-millones-por-ayudas-a-empresas-vascas\/#webpage"},"articleSection":"Actualidad"},{"@type":"BreadcrumbList","@id":"https:\/\/www.eldigitaldeasturias.com\/noticias\/abogada-de-la-ue-pide-multar-a-espana-con-50-millones-por-ayudas-a-empresas-vascas\/#breadcrumblist","itemListElement":[{"@type":"ListItem","@id":"https:\/\/www.eldigitaldeasturias.com\/noticias#listItem","position":1,"name":"Home","item":"https:\/\/www.eldigitaldeasturias.com\/noticias","nextItem":{"@type":"ListItem","@id":"https:\/\/www.eldigitaldeasturias.com\/noticias\/category\/actualidad\/#listItem","name":"Actualidad"}},{"@type":"ListItem","@id":"https:\/\/www.eldigitaldeasturias.com\/noticias\/category\/actualidad\/#listItem","position":2,"name":"Actualidad","item":"https:\/\/www.eldigitaldeasturias.com\/noticias\/category\/actualidad\/","nextItem":{"@type":"ListItem","@id":"https:\/\/www.eldigitaldeasturias.com\/noticias\/abogada-de-la-ue-pide-multar-a-espana-con-50-millones-por-ayudas-a-empresas-vascas\/#listItem","name":"Abogada de la UE pide multar a Espa\u00f1a con 50 millones por ayudas a empresas vascas"},"previousItem":{"@type":"ListItem","@id":"https:\/\/www.eldigitaldeasturias.com\/noticias#listItem","name":"Home"}},{"@type":"ListItem","@id":"https:\/\/www.eldigitaldeasturias.com\/noticias\/abogada-de-la-ue-pide-multar-a-espana-con-50-millones-por-ayudas-a-empresas-vascas\/#listItem","position":3,"name":"Abogada de la UE pide multar a Espa\u00f1a con 50 millones por ayudas a empresas vascas","previousItem":{"@type":"ListItem","@id":"https:\/\/www.eldigitaldeasturias.com\/noticias\/category\/actualidad\/#listItem","name":"Actualidad"}}]},{"@type":"Organization","@id":"https:\/\/www.eldigitaldeasturias.com\/noticias\/#organization","name":"El Digital de Asturias","description":"Hemeroteca","url":"https:\/\/www.eldigitaldeasturias.com\/noticias\/","email":"info@eldigitaldeasturias.com","telephone":"+34652131393","logo":{"@type":"ImageObject","url":"https:\/\/www.eldigitaldeasturias.com\/noticias\/wp-content\/uploads\/2020\/12\/EDA.jpg","@id":"https:\/\/www.eldigitaldeasturias.com\/noticias\/abogada-de-la-ue-pide-multar-a-espana-con-50-millones-por-ayudas-a-empresas-vascas\/#organizationLogo"},"image":{"@id":"https:\/\/www.eldigitaldeasturias.com\/noticias\/abogada-de-la-ue-pide-multar-a-espana-con-50-millones-por-ayudas-a-empresas-vascas\/#organizationLogo"},"sameAs":["https:\/\/facebook.com\/eldigitaldeasturias","https:\/\/www.youtube.com\/channel\/UCZP-2wLEB9Rv6erhFmqVnvg"],"address":{"@id":"https:\/\/www.eldigitaldeasturias.com\/noticias\/#postaladdress","@type":"PostalAddress","streetAddress":"san antonio 4","postalCode":"33430","addressLocality":"Cand\u00e1s","addressRegion":"Asturias","addressCountry":"ES"}},{"@type":"Person","@id":"https:\/\/www.eldigitaldeasturias.com\/noticias\/author\/admin\/#author","url":"https:\/\/www.eldigitaldeasturias.com\/noticias\/author\/admin\/","name":"El Digital de Asturias","image":{"@type":"ImageObject","@id":"https:\/\/www.eldigitaldeasturias.com\/noticias\/abogada-de-la-ue-pide-multar-a-espana-con-50-millones-por-ayudas-a-empresas-vascas\/#authorImage","url":"https:\/\/secure.gravatar.com\/avatar\/df2aeffc32bcd13f8d26072ef8a91b623d677766deac7f97ca815868cd41bf5e?s=96&d=mm&r=g","width":96,"height":96,"caption":"El Digital de Asturias"}},{"@type":"WebPage","@id":"https:\/\/www.eldigitaldeasturias.com\/noticias\/abogada-de-la-ue-pide-multar-a-espana-con-50-millones-por-ayudas-a-empresas-vascas\/#webpage","url":"https:\/\/www.eldigitaldeasturias.com\/noticias\/abogada-de-la-ue-pide-multar-a-espana-con-50-millones-por-ayudas-a-empresas-vascas\/","name":"Abogada de la UE pide multar a Espa\u00f1a con 50 millones por ayudas a empresas vascas - El Digital de Asturias","description":"Bruselas, 23 ene (EFE).- La abogada general del Tribunal de Justicia de la Uni\u00f3n Europea Eleanor Sharpston recomend\u00f3 hoy imponer una multa de 50 millones de euros a Espa\u00f1a por no recuperar a tiempo las ayudas concedidas en los a\u00f1os noventa a empresas del Pa\u00eds Vasco, que fueron declaradas ilegales. La jurista comunitaria da la","inLanguage":"es-ES","isPartOf":{"@id":"https:\/\/www.eldigitaldeasturias.com\/noticias\/#website"},"breadcrumb":{"@id":"https:\/\/www.eldigitaldeasturias.com\/noticias\/abogada-de-la-ue-pide-multar-a-espana-con-50-millones-por-ayudas-a-empresas-vascas\/#breadcrumblist"},"author":{"@id":"https:\/\/www.eldigitaldeasturias.com\/noticias\/author\/admin\/#author"},"creator":{"@id":"https:\/\/www.eldigitaldeasturias.com\/noticias\/author\/admin\/#author"},"image":{"@type":"ImageObject","url":"https:\/\/www.eldigitaldeasturias.com\/noticias\/wp-content\/uploads\/2026\/06\/Contenidos.jpg","@id":"https:\/\/www.eldigitaldeasturias.com\/noticias\/abogada-de-la-ue-pide-multar-a-espana-con-50-millones-por-ayudas-a-empresas-vascas\/#mainImage","width":1265,"height":697,"caption":"Contenidos"},"primaryImageOfPage":{"@id":"https:\/\/www.eldigitaldeasturias.com\/noticias\/abogada-de-la-ue-pide-multar-a-espana-con-50-millones-por-ayudas-a-empresas-vascas\/#mainImage"},"datePublished":"2014-01-23T17:47:34+01:00","dateModified":"2014-01-23T17:47:34+01:00"},{"@type":"WebSite","@id":"https:\/\/www.eldigitaldeasturias.com\/noticias\/#website","url":"https:\/\/www.eldigitaldeasturias.com\/noticias\/","name":"El Digital de Asturias - Diario de actualidad y noticias","alternateName":"El Digital de Asturias - Diario de actualidad y noticias","description":"Hemeroteca","inLanguage":"es-ES","publisher":{"@id":"https:\/\/www.eldigitaldeasturias.com\/noticias\/#organization"}}]},"og:locale":"es_ES","og:site_name":"El Digital de Asturias","og:type":"article","og:title":"Abogada de la UE pide multar a Espa\u00f1a con 50 millones por ayudas a empresas vascas - El Digital de Asturias","og:description":"Bruselas, 23 ene (EFE).- La abogada general del Tribunal de Justicia de la Uni\u00f3n Europea Eleanor Sharpston recomend\u00f3 hoy imponer una multa de 50 millones de euros a Espa\u00f1a por no recuperar a tiempo las ayudas concedidas en los a\u00f1os noventa a empresas del Pa\u00eds Vasco, que fueron declaradas ilegales. La jurista comunitaria da la","og:url":"https:\/\/www.eldigitaldeasturias.com\/noticias\/abogada-de-la-ue-pide-multar-a-espana-con-50-millones-por-ayudas-a-empresas-vascas\/","og:image":"https:\/\/www.eldigitaldeasturias.com\/noticias\/wp-content\/uploads\/2026\/06\/Contenidos.jpg","og:image:secure_url":"https:\/\/www.eldigitaldeasturias.com\/noticias\/wp-content\/uploads\/2026\/06\/Contenidos.jpg","og:image:width":1265,"og:image:height":697,"article:tag":["actualidad"],"article:published_time":"2014-01-23T18:47:34+00:00","article:modified_time":"2014-01-23T18:47:34+00:00","article:publisher":"https:\/\/facebook.com\/eldigitaldeasturias","twitter:card":"summary_large_image","twitter:title":"Abogada de la UE pide multar a Espa\u00f1a con 50 millones por ayudas a empresas vascas - El Digital de Asturias","twitter:description":"Bruselas, 23 ene (EFE).- La abogada general del Tribunal de Justicia de la Uni\u00f3n Europea Eleanor Sharpston recomend\u00f3 hoy imponer una multa de 50 millones de euros a Espa\u00f1a por no recuperar a tiempo las ayudas concedidas en los a\u00f1os noventa a empresas del Pa\u00eds Vasco, que fueron declaradas ilegales. La jurista comunitaria da la","twitter:image":"https:\/\/www.eldigitaldeasturias.com\/noticias\/wp-content\/uploads\/2026\/06\/Contenidos.jpg","twitter:label1":"Escrito por","twitter:data1":"El Digital de Asturias","twitter:label2":"Tiempo de lectura estimado","twitter:data2":"3 minutos"},"aioseo_meta_data":{"post_id":"477594","title":null,"description":null,"keywords":null,"keyphrases":null,"primary_term":null,"canonical_url":null,"og_title":null,"og_description":null,"og_object_type":"default","og_image_type":"default","og_image_url":null,"og_image_width":null,"og_image_height":null,"og_image_custom_url":null,"og_image_custom_fields":null,"og_video":null,"og_custom_url":null,"og_article_section":null,"og_article_tags":null,"twitter_use_og":true,"twitter_card":"default","twitter_image_type":"default","twitter_image_url":null,"twitter_image_custom_url":null,"twitter_image_custom_fields":null,"twitter_title":null,"twitter_description":null,"schema":{"blockGraphs":[],"customGraphs":[],"default":{"data":{"Article":[],"Course":[],"Dataset":[],"FAQPage":[],"Movie":[],"Person":[],"Product":[],"ProductReview":[],"Car":[],"Recipe":[],"Service":[],"SoftwareApplication":[],"WebPage":[]},"graphName":"","isEnabled":true},"graphs":[],"defaultGraph":"","defaultPostTypeGraph":""},"schema_type":null,"schema_type_options":null,"pillar_content":false,"robots_default":true,"robots_noindex":false,"robots_noarchive":false,"robots_nosnippet":false,"robots_nofollow":false,"robots_noimageindex":false,"robots_noodp":false,"robots_notranslate":false,"robots_max_snippet":null,"robots_max_videopreview":null,"robots_max_imagepreview":"none","priority":null,"frequency":null,"local_seo":null,"seo_analyzer_scan_date":"2026-06-01 18:59:46","breadcrumb_settings":null,"limit_modified_date":false,"open_ai":null,"ai":null,"created":"2020-11-14 22:53:45","updated":"2026-06-01 18:59:46","focus_keyword":null,"additional_keywords":null,"truseo_locale":null},"aioseo_breadcrumb":"<div class=\"aioseo-breadcrumbs\"><span class=\"aioseo-breadcrumb\">\n\t<a href=\"https:\/\/www.eldigitaldeasturias.com\/noticias\" title=\"Home\">Home<\/a>\n<\/span><span class=\"aioseo-breadcrumb-separator\">\u2013<\/span><span class=\"aioseo-breadcrumb\">\n\t<a href=\"https:\/\/www.eldigitaldeasturias.com\/noticias\/category\/actualidad\/\" title=\"Actualidad\">Actualidad<\/a>\n<\/span><span class=\"aioseo-breadcrumb-separator\">\u2013<\/span><span class=\"aioseo-breadcrumb\">\n\t<a href=\"https:\/\/www.eldigitaldeasturias.com\/noticias\/abogada-de-la-ue-pide-multar-a-espana-con-50-millones-por-ayudas-a-empresas-vascas\/\" title=\"Abogada de la UE pide multar a Espa\u00f1a con 50 millones por ayudas a empresas vascas\">Abogada de la UE pide multar a Espa\u00f1a con 50 millones por ayudas a empresas vascas<\/a>\n<\/span><\/div>","aioseo_breadcrumb_json":[{"label":"Home","link":"https:\/\/www.eldigitaldeasturias.com\/noticias"},{"label":"Actualidad","link":"https:\/\/www.eldigitaldeasturias.com\/noticias\/category\/actualidad\/"},{"label":"Abogada de la UE pide multar a Espa\u00f1a con 50 millones por ayudas a empresas vascas","link":"https:\/\/www.eldigitaldeasturias.com\/noticias\/abogada-de-la-ue-pide-multar-a-espana-con-50-millones-por-ayudas-a-empresas-vascas\/"}],"_links":{"self":[{"href":"https:\/\/www.eldigitaldeasturias.com\/noticias\/wp-json\/wp\/v2\/posts\/477594","targetHints":{"allow":["GET"]}}],"collection":[{"href":"https:\/\/www.eldigitaldeasturias.com\/noticias\/wp-json\/wp\/v2\/posts"}],"about":[{"href":"https:\/\/www.eldigitaldeasturias.com\/noticias\/wp-json\/wp\/v2\/types\/post"}],"author":[{"embeddable":true,"href":"https:\/\/www.eldigitaldeasturias.com\/noticias\/wp-json\/wp\/v2\/users\/1"}],"replies":[{"embeddable":true,"href":"https:\/\/www.eldigitaldeasturias.com\/noticias\/wp-json\/wp\/v2\/comments?post=477594"}],"version-history":[{"count":0,"href":"https:\/\/www.eldigitaldeasturias.com\/noticias\/wp-json\/wp\/v2\/posts\/477594\/revisions"}],"wp:featuredmedia":[{"embeddable":true,"href":"https:\/\/www.eldigitaldeasturias.com\/noticias\/wp-json\/wp\/v2\/media\/1132184"}],"wp:attachment":[{"href":"https:\/\/www.eldigitaldeasturias.com\/noticias\/wp-json\/wp\/v2\/media?parent=477594"}],"wp:term":[{"taxonomy":"category","embeddable":true,"href":"https:\/\/www.eldigitaldeasturias.com\/noticias\/wp-json\/wp\/v2\/categories?post=477594"},{"taxonomy":"post_tag","embeddable":true,"href":"https:\/\/www.eldigitaldeasturias.com\/noticias\/wp-json\/wp\/v2\/tags?post=477594"}],"curies":[{"name":"wp","href":"https:\/\/api.w.org\/{rel}","templated":true}]}}