{"id":477588,"date":"2014-01-23T17:44:32","date_gmt":"2014-01-23T18:44:32","guid":{"rendered":"http:\/\/www.eldigitaldeasturias.com\/noticias\/?p=477588"},"modified":"2014-01-23T17:44:32","modified_gmt":"2014-01-23T18:44:32","slug":"el-psoe-pide-avances-a-la-conferencia-de-paz-sobre-siria-tras-un-inicio-preocupante","status":"publish","type":"post","link":"https:\/\/www.eldigitaldeasturias.com\/noticias\/el-psoe-pide-avances-a-la-conferencia-de-paz-sobre-siria-tras-un-inicio-preocupante\/","title":{"rendered":"El PSOE pide avances a la Conferencia de Paz sobre Siria tras un inicio preocupante"},"content":{"rendered":"<p><img loading=\"lazy\" decoding=\"async\" class=\"alignleft size-medium wp-image-477589\" alt=\"5870322w\" src=\"https:\/\/www.eldigitaldeasturias.com\/noticias\/wp-content\/uploads\/2014\/01\/5870322w-360x180.jpg\" width=\"360\" height=\"180\" \/>Madrid, 23 ene (EFE).- La vicesecretaria general del PSOE, Elena Valenciano, ha expresado hoy la preocupaci\u00f3n de su partido por el \u00abinicio poco alentador\u00bb de la Conferencia de Paz de Ginebra sobre Siria y ha instado a que en ella haya avances que lleven la esperanza al pueblo sirio.<\/p>\n<p>Valenciano, en un comunicado, ha se\u00f1alado que en la primera jornada de esa conferencia se constataron ayer \u00abposturas en apariencia irreconciliables que auguran un dif\u00edcil camino\u00bb en esta crucial negociaci\u00f3n entre representantes del r\u00e9gimen y de la oposici\u00f3n de Siria.<\/p>\n<p>\u00abLa tarea es tan compleja que cualquier peque\u00f1o avance va a costar esfuerzos enormes, pero toda larga marcha se inicia con un peque\u00f1o paso, y el hecho de que ambas partes se hayan sentado, junto a Naciones Unidas y la comunidad internacional, en una misma mesa, es un gesto que abre una rendija a la esperanza\u00bb, ha a\u00f1adido.<\/p>\n<p>La dirigente socialista ha destacado como \u00abelemento positivo\u00bb que ambas partes \u00abse hayan comprometido a seguir dialogando a pesar de la distancia y el enfrentamiento\u00bb, y ha juzgado necesario que \u00abno se levanten de la silla\u00bb hasta lograr avances sustanciales.<\/p>\n<p>A su juicio, la comunidad internacional debe acompa\u00f1ar esa tarea y hacer del fin de la guerra civil en Siria su prioridad, redoblando sus esfuerzos de presi\u00f3n e intermediaci\u00f3n.<\/p>\n<p>Elena Valenciano ha reiterado el apoyo del PSOE a una \u00absoluci\u00f3n pol\u00edtica y pac\u00edfica, fundamentada en el di\u00e1logo y la reconciliaci\u00f3n nacional, y que conduzca a una transici\u00f3n que cumpla con las leg\u00edtimas aspiraciones del pueblo sirio\u00bb.<\/p>\n<p>Asimismo, reclama que se investiguen las torturas que un reciente informe jur\u00eddico atribuye al r\u00e9gimen sirio y que se lleve ante la justicia a los responsables de las \u00abgrav\u00edsimas violaciones\u00bb de derechos humanos en el pa\u00eds.<\/p>\n","protected":false},"excerpt":{"rendered":"<p>Madrid, 23 ene (EFE).- La vicesecretaria general del PSOE, Elena Valenciano, ha expresado hoy la preocupaci\u00f3n de su partido por el \u00abinicio poco alentador\u00bb de la Conferencia de Paz de Ginebra sobre Siria y ha instado a que en ella haya avances que lleven la esperanza al pueblo sirio. Valenciano, en un comunicado, ha se\u00f1alado [&hellip;]<\/p>\n","protected":false},"author":1,"featured_media":1132184,"comment_status":"closed","ping_status":"open","sticky":false,"template":"","format":"standard","meta":{"footnotes":""},"categories":[1],"tags":[],"class_list":["post-477588","post","type-post","status-publish","format-standard","has-post-thumbnail","hentry","category-actualidad"],"aioseo_notices":[],"aioseo_head":"\n\t\t<!-- All in One SEO Pro 5.0.1 - aioseo.com -->\n\t<meta name=\"description\" content=\"Madrid, 23 ene (EFE).- La vicesecretaria general del PSOE, Elena Valenciano, ha expresado hoy la preocupaci\u00f3n de su partido por el &quot;inicio poco alentador&quot; de la Conferencia de Paz de Ginebra sobre Siria y ha instado a que en ella haya avances que lleven la esperanza al pueblo sirio. Valenciano, en un comunicado, ha se\u00f1alado\" \/>\n\t<meta name=\"robots\" content=\"max-image-preview:large\" \/>\n\t<meta name=\"author\" content=\"El Digital de Asturias\"\/>\n\t<meta name=\"google-site-verification\" content=\"UA-38556648-1\" \/>\n\t<meta name=\"msvalidate.01\" content=\"7dfe9f3f1b24437ab69f4f2559babe99\" \/>\n\t<meta name=\"keywords\" content=\"actualidad\" \/>\n\t<link rel=\"canonical\" href=\"https:\/\/www.eldigitaldeasturias.com\/noticias\/el-psoe-pide-avances-a-la-conferencia-de-paz-sobre-siria-tras-un-inicio-preocupante\/\" \/>\n\t<meta name=\"generator\" content=\"All in One SEO Pro (AIOSEO) 5.0.1\" \/>\n\t\t<meta property=\"og:locale\" content=\"es_ES\" \/>\n\t\t<meta property=\"og:site_name\" content=\"El Digital de Asturias\" \/>\n\t\t<meta property=\"og:type\" content=\"article\" \/>\n\t\t<meta property=\"og:title\" content=\"El PSOE pide avances a la Conferencia de Paz sobre Siria tras un inicio preocupante - El Digital de Asturias\" \/>\n\t\t<meta property=\"og:description\" content=\"Madrid, 23 ene (EFE).- La vicesecretaria general del PSOE, Elena Valenciano, ha expresado hoy la preocupaci\u00f3n de su partido por el &quot;inicio poco alentador&quot; de la Conferencia de Paz de Ginebra sobre Siria y ha instado a que en ella haya avances que lleven la esperanza al pueblo sirio. Valenciano, en un comunicado, ha se\u00f1alado\" \/>\n\t\t<meta property=\"og:url\" content=\"https:\/\/www.eldigitaldeasturias.com\/noticias\/el-psoe-pide-avances-a-la-conferencia-de-paz-sobre-siria-tras-un-inicio-preocupante\/\" \/>\n\t\t<meta property=\"og:image\" content=\"https:\/\/www.eldigitaldeasturias.com\/noticias\/wp-content\/uploads\/2026\/06\/Contenidos.jpg\" \/>\n\t\t<meta property=\"og:image:secure_url\" content=\"https:\/\/www.eldigitaldeasturias.com\/noticias\/wp-content\/uploads\/2026\/06\/Contenidos.jpg\" \/>\n\t\t<meta property=\"og:image:width\" content=\"1265\" \/>\n\t\t<meta property=\"og:image:height\" content=\"697\" \/>\n\t\t<meta property=\"article:tag\" content=\"actualidad\" \/>\n\t\t<meta property=\"article:published_time\" content=\"2014-01-23T18:44:32+00:00\" \/>\n\t\t<meta property=\"article:modified_time\" content=\"2014-01-23T18:44:32+00:00\" \/>\n\t\t<meta property=\"article:publisher\" content=\"https:\/\/facebook.com\/eldigitaldeasturias\" \/>\n\t\t<meta name=\"twitter:card\" content=\"summary_large_image\" \/>\n\t\t<meta name=\"twitter:title\" content=\"El PSOE pide avances a la Conferencia de Paz sobre Siria tras un inicio preocupante - El Digital de Asturias\" \/>\n\t\t<meta name=\"twitter:description\" content=\"Madrid, 23 ene (EFE).- La vicesecretaria general del PSOE, Elena Valenciano, ha expresado hoy la preocupaci\u00f3n de su partido por el &quot;inicio poco alentador&quot; de la Conferencia de Paz de Ginebra sobre Siria y ha instado a que en ella haya avances que lleven la esperanza al pueblo sirio. Valenciano, en un comunicado, ha se\u00f1alado\" \/>\n\t\t<meta name=\"twitter:image\" content=\"https:\/\/www.eldigitaldeasturias.com\/noticias\/wp-content\/uploads\/2026\/06\/Contenidos.jpg\" \/>\n\t\t<meta name=\"twitter:label1\" content=\"Escrito por\" \/>\n\t\t<meta name=\"twitter:data1\" content=\"El Digital de Asturias\" \/>\n\t\t<meta name=\"twitter:label2\" content=\"Tiempo de lectura estimado\" \/>\n\t\t<meta name=\"twitter:data2\" content=\"2 minutos\" \/>\n\t\t<script type=\"application\/ld+json\" class=\"aioseo-schema\">\n\t\t\t{\"@context\":\"https:\\\/\\\/schema.org\",\"@graph\":[{\"@type\":\"BlogPosting\",\"@id\":\"https:\\\/\\\/www.eldigitaldeasturias.com\\\/noticias\\\/el-psoe-pide-avances-a-la-conferencia-de-paz-sobre-siria-tras-un-inicio-preocupante\\\/#blogposting\",\"name\":\"El PSOE pide avances a la Conferencia de Paz sobre Siria tras un inicio preocupante - El Digital de Asturias\",\"headline\":\"El PSOE pide avances a la Conferencia de Paz sobre Siria tras un inicio preocupante\",\"author\":{\"@id\":\"https:\\\/\\\/www.eldigitaldeasturias.com\\\/noticias\\\/author\\\/admin\\\/#author\"},\"publisher\":{\"@id\":\"https:\\\/\\\/www.eldigitaldeasturias.com\\\/noticias\\\/#organization\"},\"image\":{\"@type\":\"ImageObject\",\"url\":\"https:\\\/\\\/www.eldigitaldeasturias.com\\\/noticias\\\/wp-content\\\/uploads\\\/2026\\\/06\\\/Contenidos.jpg\",\"width\":1265,\"height\":697,\"caption\":\"Contenidos\"},\"datePublished\":\"2014-01-23T17:44:32+01:00\",\"dateModified\":\"2014-01-23T17:44:32+01:00\",\"inLanguage\":\"es-ES\",\"mainEntityOfPage\":{\"@id\":\"https:\\\/\\\/www.eldigitaldeasturias.com\\\/noticias\\\/el-psoe-pide-avances-a-la-conferencia-de-paz-sobre-siria-tras-un-inicio-preocupante\\\/#webpage\"},\"isPartOf\":{\"@id\":\"https:\\\/\\\/www.eldigitaldeasturias.com\\\/noticias\\\/el-psoe-pide-avances-a-la-conferencia-de-paz-sobre-siria-tras-un-inicio-preocupante\\\/#webpage\"},\"articleSection\":\"Actualidad\"},{\"@type\":\"BreadcrumbList\",\"@id\":\"https:\\\/\\\/www.eldigitaldeasturias.com\\\/noticias\\\/el-psoe-pide-avances-a-la-conferencia-de-paz-sobre-siria-tras-un-inicio-preocupante\\\/#breadcrumblist\",\"itemListElement\":[{\"@type\":\"ListItem\",\"@id\":\"https:\\\/\\\/www.eldigitaldeasturias.com\\\/noticias#listItem\",\"position\":1,\"name\":\"Home\",\"item\":\"https:\\\/\\\/www.eldigitaldeasturias.com\\\/noticias\",\"nextItem\":{\"@type\":\"ListItem\",\"@id\":\"https:\\\/\\\/www.eldigitaldeasturias.com\\\/noticias\\\/category\\\/actualidad\\\/#listItem\",\"name\":\"Actualidad\"}},{\"@type\":\"ListItem\",\"@id\":\"https:\\\/\\\/www.eldigitaldeasturias.com\\\/noticias\\\/category\\\/actualidad\\\/#listItem\",\"position\":2,\"name\":\"Actualidad\",\"item\":\"https:\\\/\\\/www.eldigitaldeasturias.com\\\/noticias\\\/category\\\/actualidad\\\/\",\"nextItem\":{\"@type\":\"ListItem\",\"@id\":\"https:\\\/\\\/www.eldigitaldeasturias.com\\\/noticias\\\/el-psoe-pide-avances-a-la-conferencia-de-paz-sobre-siria-tras-un-inicio-preocupante\\\/#listItem\",\"name\":\"El PSOE pide avances a la Conferencia de Paz sobre Siria tras un inicio preocupante\"},\"previousItem\":{\"@type\":\"ListItem\",\"@id\":\"https:\\\/\\\/www.eldigitaldeasturias.com\\\/noticias#listItem\",\"name\":\"Home\"}},{\"@type\":\"ListItem\",\"@id\":\"https:\\\/\\\/www.eldigitaldeasturias.com\\\/noticias\\\/el-psoe-pide-avances-a-la-conferencia-de-paz-sobre-siria-tras-un-inicio-preocupante\\\/#listItem\",\"position\":3,\"name\":\"El PSOE pide avances a la Conferencia de Paz sobre Siria tras un inicio preocupante\",\"previousItem\":{\"@type\":\"ListItem\",\"@id\":\"https:\\\/\\\/www.eldigitaldeasturias.com\\\/noticias\\\/category\\\/actualidad\\\/#listItem\",\"name\":\"Actualidad\"}}]},{\"@type\":\"Organization\",\"@id\":\"https:\\\/\\\/www.eldigitaldeasturias.com\\\/noticias\\\/#organization\",\"name\":\"El Digital de Asturias\",\"description\":\"Hemeroteca\",\"url\":\"https:\\\/\\\/www.eldigitaldeasturias.com\\\/noticias\\\/\",\"email\":\"info@eldigitaldeasturias.com\",\"telephone\":\"+34652131393\",\"logo\":{\"@type\":\"ImageObject\",\"url\":\"https:\\\/\\\/www.eldigitaldeasturias.com\\\/noticias\\\/wp-content\\\/uploads\\\/2020\\\/12\\\/EDA.jpg\",\"@id\":\"https:\\\/\\\/www.eldigitaldeasturias.com\\\/noticias\\\/el-psoe-pide-avances-a-la-conferencia-de-paz-sobre-siria-tras-un-inicio-preocupante\\\/#organizationLogo\"},\"image\":{\"@id\":\"https:\\\/\\\/www.eldigitaldeasturias.com\\\/noticias\\\/el-psoe-pide-avances-a-la-conferencia-de-paz-sobre-siria-tras-un-inicio-preocupante\\\/#organizationLogo\"},\"sameAs\":[\"https:\\\/\\\/facebook.com\\\/eldigitaldeasturias\",\"https:\\\/\\\/www.youtube.com\\\/channel\\\/UCZP-2wLEB9Rv6erhFmqVnvg\"],\"address\":{\"@id\":\"https:\\\/\\\/www.eldigitaldeasturias.com\\\/noticias\\\/#postaladdress\",\"@type\":\"PostalAddress\",\"streetAddress\":\"san antonio 4\",\"postalCode\":\"33430\",\"addressLocality\":\"Cand\\u00e1s\",\"addressRegion\":\"Asturias\",\"addressCountry\":\"ES\"}},{\"@type\":\"Person\",\"@id\":\"https:\\\/\\\/www.eldigitaldeasturias.com\\\/noticias\\\/author\\\/admin\\\/#author\",\"url\":\"https:\\\/\\\/www.eldigitaldeasturias.com\\\/noticias\\\/author\\\/admin\\\/\",\"name\":\"El Digital de Asturias\",\"image\":{\"@type\":\"ImageObject\",\"@id\":\"https:\\\/\\\/www.eldigitaldeasturias.com\\\/noticias\\\/el-psoe-pide-avances-a-la-conferencia-de-paz-sobre-siria-tras-un-inicio-preocupante\\\/#authorImage\",\"url\":\"https:\\\/\\\/secure.gravatar.com\\\/avatar\\\/df2aeffc32bcd13f8d26072ef8a91b623d677766deac7f97ca815868cd41bf5e?s=96&d=mm&r=g\",\"width\":96,\"height\":96,\"caption\":\"El Digital de Asturias\"}},{\"@type\":\"WebPage\",\"@id\":\"https:\\\/\\\/www.eldigitaldeasturias.com\\\/noticias\\\/el-psoe-pide-avances-a-la-conferencia-de-paz-sobre-siria-tras-un-inicio-preocupante\\\/#webpage\",\"url\":\"https:\\\/\\\/www.eldigitaldeasturias.com\\\/noticias\\\/el-psoe-pide-avances-a-la-conferencia-de-paz-sobre-siria-tras-un-inicio-preocupante\\\/\",\"name\":\"El PSOE pide avances a la Conferencia de Paz sobre Siria tras un inicio preocupante - El Digital de Asturias\",\"description\":\"Madrid, 23 ene (EFE).- La vicesecretaria general del PSOE, Elena Valenciano, ha expresado hoy la preocupaci\\u00f3n de su partido por el \\\"inicio poco alentador\\\" de la Conferencia de Paz de Ginebra sobre Siria y ha instado a que en ella haya avances que lleven la esperanza al pueblo sirio. Valenciano, en un comunicado, ha se\\u00f1alado\",\"inLanguage\":\"es-ES\",\"isPartOf\":{\"@id\":\"https:\\\/\\\/www.eldigitaldeasturias.com\\\/noticias\\\/#website\"},\"breadcrumb\":{\"@id\":\"https:\\\/\\\/www.eldigitaldeasturias.com\\\/noticias\\\/el-psoe-pide-avances-a-la-conferencia-de-paz-sobre-siria-tras-un-inicio-preocupante\\\/#breadcrumblist\"},\"author\":{\"@id\":\"https:\\\/\\\/www.eldigitaldeasturias.com\\\/noticias\\\/author\\\/admin\\\/#author\"},\"creator\":{\"@id\":\"https:\\\/\\\/www.eldigitaldeasturias.com\\\/noticias\\\/author\\\/admin\\\/#author\"},\"image\":{\"@type\":\"ImageObject\",\"url\":\"https:\\\/\\\/www.eldigitaldeasturias.com\\\/noticias\\\/wp-content\\\/uploads\\\/2026\\\/06\\\/Contenidos.jpg\",\"@id\":\"https:\\\/\\\/www.eldigitaldeasturias.com\\\/noticias\\\/el-psoe-pide-avances-a-la-conferencia-de-paz-sobre-siria-tras-un-inicio-preocupante\\\/#mainImage\",\"width\":1265,\"height\":697,\"caption\":\"Contenidos\"},\"primaryImageOfPage\":{\"@id\":\"https:\\\/\\\/www.eldigitaldeasturias.com\\\/noticias\\\/el-psoe-pide-avances-a-la-conferencia-de-paz-sobre-siria-tras-un-inicio-preocupante\\\/#mainImage\"},\"datePublished\":\"2014-01-23T17:44:32+01:00\",\"dateModified\":\"2014-01-23T17:44:32+01:00\"},{\"@type\":\"WebSite\",\"@id\":\"https:\\\/\\\/www.eldigitaldeasturias.com\\\/noticias\\\/#website\",\"url\":\"https:\\\/\\\/www.eldigitaldeasturias.com\\\/noticias\\\/\",\"name\":\"El Digital de Asturias - Diario de actualidad y noticias\",\"alternateName\":\"El Digital de Asturias - Diario de actualidad y noticias\",\"description\":\"Hemeroteca\",\"inLanguage\":\"es-ES\",\"publisher\":{\"@id\":\"https:\\\/\\\/www.eldigitaldeasturias.com\\\/noticias\\\/#organization\"}}]}\n\t\t<\/script>\n\t\t<!-- All in One SEO Pro -->\r\n\t\t<title>El PSOE pide avances a la Conferencia de Paz sobre Siria tras un inicio preocupante - El Digital de Asturias<\/title>\n\n","aioseo_head_json":{"title":"El PSOE pide avances a la Conferencia de Paz sobre Siria tras un inicio preocupante - El Digital de Asturias","description":"Madrid, 23 ene (EFE).- La vicesecretaria general del PSOE, Elena Valenciano, ha expresado hoy la preocupaci\u00f3n de su partido por el \"inicio poco alentador\" de la Conferencia de Paz de Ginebra sobre Siria y ha instado a que en ella haya avances que lleven la esperanza al pueblo sirio. Valenciano, en un comunicado, ha se\u00f1alado","canonical_url":"https:\/\/www.eldigitaldeasturias.com\/noticias\/el-psoe-pide-avances-a-la-conferencia-de-paz-sobre-siria-tras-un-inicio-preocupante\/","robots":"max-image-preview:large","keywords":"actualidad","webmasterTools":{"google-site-verification":"UA-38556648-1","msvalidate.01":"7dfe9f3f1b24437ab69f4f2559babe99","miscellaneous":""},"schema":{"@context":"https:\/\/schema.org","@graph":[{"@type":"BlogPosting","@id":"https:\/\/www.eldigitaldeasturias.com\/noticias\/el-psoe-pide-avances-a-la-conferencia-de-paz-sobre-siria-tras-un-inicio-preocupante\/#blogposting","name":"El PSOE pide avances a la Conferencia de Paz sobre Siria tras un inicio preocupante - El Digital de Asturias","headline":"El PSOE pide avances a la Conferencia de Paz sobre Siria tras un inicio preocupante","author":{"@id":"https:\/\/www.eldigitaldeasturias.com\/noticias\/author\/admin\/#author"},"publisher":{"@id":"https:\/\/www.eldigitaldeasturias.com\/noticias\/#organization"},"image":{"@type":"ImageObject","url":"https:\/\/www.eldigitaldeasturias.com\/noticias\/wp-content\/uploads\/2026\/06\/Contenidos.jpg","width":1265,"height":697,"caption":"Contenidos"},"datePublished":"2014-01-23T17:44:32+01:00","dateModified":"2014-01-23T17:44:32+01:00","inLanguage":"es-ES","mainEntityOfPage":{"@id":"https:\/\/www.eldigitaldeasturias.com\/noticias\/el-psoe-pide-avances-a-la-conferencia-de-paz-sobre-siria-tras-un-inicio-preocupante\/#webpage"},"isPartOf":{"@id":"https:\/\/www.eldigitaldeasturias.com\/noticias\/el-psoe-pide-avances-a-la-conferencia-de-paz-sobre-siria-tras-un-inicio-preocupante\/#webpage"},"articleSection":"Actualidad"},{"@type":"BreadcrumbList","@id":"https:\/\/www.eldigitaldeasturias.com\/noticias\/el-psoe-pide-avances-a-la-conferencia-de-paz-sobre-siria-tras-un-inicio-preocupante\/#breadcrumblist","itemListElement":[{"@type":"ListItem","@id":"https:\/\/www.eldigitaldeasturias.com\/noticias#listItem","position":1,"name":"Home","item":"https:\/\/www.eldigitaldeasturias.com\/noticias","nextItem":{"@type":"ListItem","@id":"https:\/\/www.eldigitaldeasturias.com\/noticias\/category\/actualidad\/#listItem","name":"Actualidad"}},{"@type":"ListItem","@id":"https:\/\/www.eldigitaldeasturias.com\/noticias\/category\/actualidad\/#listItem","position":2,"name":"Actualidad","item":"https:\/\/www.eldigitaldeasturias.com\/noticias\/category\/actualidad\/","nextItem":{"@type":"ListItem","@id":"https:\/\/www.eldigitaldeasturias.com\/noticias\/el-psoe-pide-avances-a-la-conferencia-de-paz-sobre-siria-tras-un-inicio-preocupante\/#listItem","name":"El PSOE pide avances a la Conferencia de Paz sobre Siria tras un inicio preocupante"},"previousItem":{"@type":"ListItem","@id":"https:\/\/www.eldigitaldeasturias.com\/noticias#listItem","name":"Home"}},{"@type":"ListItem","@id":"https:\/\/www.eldigitaldeasturias.com\/noticias\/el-psoe-pide-avances-a-la-conferencia-de-paz-sobre-siria-tras-un-inicio-preocupante\/#listItem","position":3,"name":"El PSOE pide avances a la Conferencia de Paz sobre Siria tras un inicio preocupante","previousItem":{"@type":"ListItem","@id":"https:\/\/www.eldigitaldeasturias.com\/noticias\/category\/actualidad\/#listItem","name":"Actualidad"}}]},{"@type":"Organization","@id":"https:\/\/www.eldigitaldeasturias.com\/noticias\/#organization","name":"El Digital de Asturias","description":"Hemeroteca","url":"https:\/\/www.eldigitaldeasturias.com\/noticias\/","email":"info@eldigitaldeasturias.com","telephone":"+34652131393","logo":{"@type":"ImageObject","url":"https:\/\/www.eldigitaldeasturias.com\/noticias\/wp-content\/uploads\/2020\/12\/EDA.jpg","@id":"https:\/\/www.eldigitaldeasturias.com\/noticias\/el-psoe-pide-avances-a-la-conferencia-de-paz-sobre-siria-tras-un-inicio-preocupante\/#organizationLogo"},"image":{"@id":"https:\/\/www.eldigitaldeasturias.com\/noticias\/el-psoe-pide-avances-a-la-conferencia-de-paz-sobre-siria-tras-un-inicio-preocupante\/#organizationLogo"},"sameAs":["https:\/\/facebook.com\/eldigitaldeasturias","https:\/\/www.youtube.com\/channel\/UCZP-2wLEB9Rv6erhFmqVnvg"],"address":{"@id":"https:\/\/www.eldigitaldeasturias.com\/noticias\/#postaladdress","@type":"PostalAddress","streetAddress":"san antonio 4","postalCode":"33430","addressLocality":"Cand\u00e1s","addressRegion":"Asturias","addressCountry":"ES"}},{"@type":"Person","@id":"https:\/\/www.eldigitaldeasturias.com\/noticias\/author\/admin\/#author","url":"https:\/\/www.eldigitaldeasturias.com\/noticias\/author\/admin\/","name":"El Digital de Asturias","image":{"@type":"ImageObject","@id":"https:\/\/www.eldigitaldeasturias.com\/noticias\/el-psoe-pide-avances-a-la-conferencia-de-paz-sobre-siria-tras-un-inicio-preocupante\/#authorImage","url":"https:\/\/secure.gravatar.com\/avatar\/df2aeffc32bcd13f8d26072ef8a91b623d677766deac7f97ca815868cd41bf5e?s=96&d=mm&r=g","width":96,"height":96,"caption":"El Digital de Asturias"}},{"@type":"WebPage","@id":"https:\/\/www.eldigitaldeasturias.com\/noticias\/el-psoe-pide-avances-a-la-conferencia-de-paz-sobre-siria-tras-un-inicio-preocupante\/#webpage","url":"https:\/\/www.eldigitaldeasturias.com\/noticias\/el-psoe-pide-avances-a-la-conferencia-de-paz-sobre-siria-tras-un-inicio-preocupante\/","name":"El PSOE pide avances a la Conferencia de Paz sobre Siria tras un inicio preocupante - El Digital de Asturias","description":"Madrid, 23 ene (EFE).- La vicesecretaria general del PSOE, Elena Valenciano, ha expresado hoy la preocupaci\u00f3n de su partido por el \"inicio poco alentador\" de la Conferencia de Paz de Ginebra sobre Siria y ha instado a que en ella haya avances que lleven la esperanza al pueblo sirio. Valenciano, en un comunicado, ha se\u00f1alado","inLanguage":"es-ES","isPartOf":{"@id":"https:\/\/www.eldigitaldeasturias.com\/noticias\/#website"},"breadcrumb":{"@id":"https:\/\/www.eldigitaldeasturias.com\/noticias\/el-psoe-pide-avances-a-la-conferencia-de-paz-sobre-siria-tras-un-inicio-preocupante\/#breadcrumblist"},"author":{"@id":"https:\/\/www.eldigitaldeasturias.com\/noticias\/author\/admin\/#author"},"creator":{"@id":"https:\/\/www.eldigitaldeasturias.com\/noticias\/author\/admin\/#author"},"image":{"@type":"ImageObject","url":"https:\/\/www.eldigitaldeasturias.com\/noticias\/wp-content\/uploads\/2026\/06\/Contenidos.jpg","@id":"https:\/\/www.eldigitaldeasturias.com\/noticias\/el-psoe-pide-avances-a-la-conferencia-de-paz-sobre-siria-tras-un-inicio-preocupante\/#mainImage","width":1265,"height":697,"caption":"Contenidos"},"primaryImageOfPage":{"@id":"https:\/\/www.eldigitaldeasturias.com\/noticias\/el-psoe-pide-avances-a-la-conferencia-de-paz-sobre-siria-tras-un-inicio-preocupante\/#mainImage"},"datePublished":"2014-01-23T17:44:32+01:00","dateModified":"2014-01-23T17:44:32+01:00"},{"@type":"WebSite","@id":"https:\/\/www.eldigitaldeasturias.com\/noticias\/#website","url":"https:\/\/www.eldigitaldeasturias.com\/noticias\/","name":"El Digital de Asturias - Diario de actualidad y noticias","alternateName":"El Digital de Asturias - Diario de actualidad y noticias","description":"Hemeroteca","inLanguage":"es-ES","publisher":{"@id":"https:\/\/www.eldigitaldeasturias.com\/noticias\/#organization"}}]},"og:locale":"es_ES","og:site_name":"El Digital de Asturias","og:type":"article","og:title":"El PSOE pide avances a la Conferencia de Paz sobre Siria tras un inicio preocupante - El Digital de Asturias","og:description":"Madrid, 23 ene (EFE).- La vicesecretaria general del PSOE, Elena Valenciano, ha expresado hoy la preocupaci\u00f3n de su partido por el &quot;inicio poco alentador&quot; de la Conferencia de Paz de Ginebra sobre Siria y ha instado a que en ella haya avances que lleven la esperanza al pueblo sirio. Valenciano, en un comunicado, ha se\u00f1alado","og:url":"https:\/\/www.eldigitaldeasturias.com\/noticias\/el-psoe-pide-avances-a-la-conferencia-de-paz-sobre-siria-tras-un-inicio-preocupante\/","og:image":"https:\/\/www.eldigitaldeasturias.com\/noticias\/wp-content\/uploads\/2026\/06\/Contenidos.jpg","og:image:secure_url":"https:\/\/www.eldigitaldeasturias.com\/noticias\/wp-content\/uploads\/2026\/06\/Contenidos.jpg","og:image:width":1265,"og:image:height":697,"article:tag":["actualidad"],"article:published_time":"2014-01-23T18:44:32+00:00","article:modified_time":"2014-01-23T18:44:32+00:00","article:publisher":"https:\/\/facebook.com\/eldigitaldeasturias","twitter:card":"summary_large_image","twitter:title":"El PSOE pide avances a la Conferencia de Paz sobre Siria tras un inicio preocupante - El Digital de Asturias","twitter:description":"Madrid, 23 ene (EFE).- La vicesecretaria general del PSOE, Elena Valenciano, ha expresado hoy la preocupaci\u00f3n de su partido por el &quot;inicio poco alentador&quot; de la Conferencia de Paz de Ginebra sobre Siria y ha instado a que en ella haya avances que lleven la esperanza al pueblo sirio. Valenciano, en un comunicado, ha se\u00f1alado","twitter:image":"https:\/\/www.eldigitaldeasturias.com\/noticias\/wp-content\/uploads\/2026\/06\/Contenidos.jpg","twitter:label1":"Escrito por","twitter:data1":"El Digital de Asturias","twitter:label2":"Tiempo de lectura estimado","twitter:data2":"2 minutos"},"aioseo_meta_data":{"post_id":"477588","title":null,"description":null,"keywords":null,"keyphrases":null,"primary_term":null,"canonical_url":null,"og_title":null,"og_description":null,"og_object_type":"default","og_image_type":"default","og_image_url":null,"og_image_width":null,"og_image_height":null,"og_image_custom_url":null,"og_image_custom_fields":null,"og_video":null,"og_custom_url":null,"og_article_section":null,"og_article_tags":null,"twitter_use_og":true,"twitter_card":"default","twitter_image_type":"default","twitter_image_url":null,"twitter_image_custom_url":null,"twitter_image_custom_fields":null,"twitter_title":null,"twitter_description":null,"schema":{"blockGraphs":[],"customGraphs":[],"default":{"data":{"Article":[],"Course":[],"Dataset":[],"FAQPage":[],"Movie":[],"Person":[],"Product":[],"ProductReview":[],"Car":[],"Recipe":[],"Service":[],"SoftwareApplication":[],"WebPage":[]},"graphName":"","isEnabled":true},"graphs":[],"defaultGraph":"","defaultPostTypeGraph":""},"schema_type":null,"schema_type_options":null,"pillar_content":false,"robots_default":true,"robots_noindex":false,"robots_noarchive":false,"robots_nosnippet":false,"robots_nofollow":false,"robots_noimageindex":false,"robots_noodp":false,"robots_notranslate":false,"robots_max_snippet":null,"robots_max_videopreview":null,"robots_max_imagepreview":"none","priority":null,"frequency":null,"local_seo":null,"seo_analyzer_scan_date":"2026-06-01 18:57:57","breadcrumb_settings":null,"limit_modified_date":false,"open_ai":null,"ai":null,"created":"2020-11-14 22:53:45","updated":"2026-06-01 18:57:57","focus_keyword":null,"additional_keywords":null,"truseo_locale":null},"aioseo_breadcrumb":"<div class=\"aioseo-breadcrumbs\"><span class=\"aioseo-breadcrumb\">\n\t<a href=\"https:\/\/www.eldigitaldeasturias.com\/noticias\" title=\"Home\">Home<\/a>\n<\/span><span class=\"aioseo-breadcrumb-separator\">\u2013<\/span><span class=\"aioseo-breadcrumb\">\n\t<a href=\"https:\/\/www.eldigitaldeasturias.com\/noticias\/category\/actualidad\/\" title=\"Actualidad\">Actualidad<\/a>\n<\/span><span class=\"aioseo-breadcrumb-separator\">\u2013<\/span><span class=\"aioseo-breadcrumb\">\n\t<a href=\"https:\/\/www.eldigitaldeasturias.com\/noticias\/el-psoe-pide-avances-a-la-conferencia-de-paz-sobre-siria-tras-un-inicio-preocupante\/\" title=\"El PSOE pide avances a la Conferencia de Paz sobre Siria tras un inicio preocupante\">El PSOE pide avances a la Conferencia de Paz sobre Siria tras un inicio preocupante<\/a>\n<\/span><\/div>","aioseo_breadcrumb_json":[{"label":"Home","link":"https:\/\/www.eldigitaldeasturias.com\/noticias"},{"label":"Actualidad","link":"https:\/\/www.eldigitaldeasturias.com\/noticias\/category\/actualidad\/"},{"label":"El PSOE pide avances a la Conferencia de Paz sobre Siria tras un inicio preocupante","link":"https:\/\/www.eldigitaldeasturias.com\/noticias\/el-psoe-pide-avances-a-la-conferencia-de-paz-sobre-siria-tras-un-inicio-preocupante\/"}],"_links":{"self":[{"href":"https:\/\/www.eldigitaldeasturias.com\/noticias\/wp-json\/wp\/v2\/posts\/477588","targetHints":{"allow":["GET"]}}],"collection":[{"href":"https:\/\/www.eldigitaldeasturias.com\/noticias\/wp-json\/wp\/v2\/posts"}],"about":[{"href":"https:\/\/www.eldigitaldeasturias.com\/noticias\/wp-json\/wp\/v2\/types\/post"}],"author":[{"embeddable":true,"href":"https:\/\/www.eldigitaldeasturias.com\/noticias\/wp-json\/wp\/v2\/users\/1"}],"replies":[{"embeddable":true,"href":"https:\/\/www.eldigitaldeasturias.com\/noticias\/wp-json\/wp\/v2\/comments?post=477588"}],"version-history":[{"count":0,"href":"https:\/\/www.eldigitaldeasturias.com\/noticias\/wp-json\/wp\/v2\/posts\/477588\/revisions"}],"wp:featuredmedia":[{"embeddable":true,"href":"https:\/\/www.eldigitaldeasturias.com\/noticias\/wp-json\/wp\/v2\/media\/1132184"}],"wp:attachment":[{"href":"https:\/\/www.eldigitaldeasturias.com\/noticias\/wp-json\/wp\/v2\/media?parent=477588"}],"wp:term":[{"taxonomy":"category","embeddable":true,"href":"https:\/\/www.eldigitaldeasturias.com\/noticias\/wp-json\/wp\/v2\/categories?post=477588"},{"taxonomy":"post_tag","embeddable":true,"href":"https:\/\/www.eldigitaldeasturias.com\/noticias\/wp-json\/wp\/v2\/tags?post=477588"}],"curies":[{"name":"wp","href":"https:\/\/api.w.org\/{rel}","templated":true}]}}