{"id":477573,"date":"2014-01-23T17:37:13","date_gmt":"2014-01-23T18:37:13","guid":{"rendered":"http:\/\/www.eldigitaldeasturias.com\/noticias\/?p=477573"},"modified":"2014-01-23T17:37:13","modified_gmt":"2014-01-23T18:37:13","slug":"dignidad-y-justicia-pide-la-prohibicion-de-la-marcha-de-apoyo-a-zulueta-para-manana-en-bilbao","status":"publish","type":"post","link":"https:\/\/www.eldigitaldeasturias.com\/noticias\/dignidad-y-justicia-pide-la-prohibicion-de-la-marcha-de-apoyo-a-zulueta-para-manana-en-bilbao\/","title":{"rendered":"Dignidad y Justicia pide la prohibici\u00f3n de la marcha de apoyo a Zulueta para ma\u00f1ana en Bilbao"},"content":{"rendered":"<p><img loading=\"lazy\" decoding=\"async\" class=\"alignleft size-medium wp-image-477574\" alt=\"5870265w\" src=\"https:\/\/www.eldigitaldeasturias.com\/noticias\/wp-content\/uploads\/2014\/01\/5870265w-360x302.jpg\" width=\"360\" height=\"302\" \/>Madrid, 23 ene (EFE).- La asociaci\u00f3n Dignidad y Justicia (DyJ) ha pedido hoy en la Audiencia Nacional la prohibici\u00f3n de la manifestaci\u00f3n convocada para ma\u00f1ana en Bilbao en apoyo a las abogadas Arantza Zulueta y Aitziber Sagarminaga, en prisi\u00f3n tras su detenci\u00f3n en la operaci\u00f3n Jaque contra el frente de c\u00e1rceles de ETA.<\/p>\n<p>La asociaci\u00f3n que preside Daniel Portero ha hecho esta solicitud en un escrito dirigido al juez de guardia en la Audiencia Nacional (que esta semana es Fernando Andreu), en el que reclama que pida a la Polic\u00eda, Guardia Civil y Ertzaintza para que a la \u00abmayor urgencia\u00bb emitan informes sobre la manifestaci\u00f3n, convocada a las 19.30 horas en la Plaza de Santiago de Bilbao.<\/p>\n<p>Dignidad y Justicia se une as\u00ed a la petici\u00f3n de prohibici\u00f3n de esta marcha que al inicio de la semana formularon la Asociaci\u00f3n V\u00edctimas del Terrorismo (AVT) y la Asociaci\u00f3n Plataforma de Apoyo a las V\u00edctimas del Terrorismo (APAVT), al considerar que pudiera ser constitutiva de un delito de enaltecimiento del terrorismo.<\/p>\n<p>En su escrito, DyJ denuncia que el entorno de ETA \u00abaprovecha la solidez democr\u00e1tica de nuestro ordenamiento jur\u00eddico y las libertades que ofrece el Estado de derecho espa\u00f1ol, para realizar actos de enaltecimiento y humillaci\u00f3n a las v\u00edctimas\u00bb, con apariencia de marcha o manifestaci\u00f3n l\u00edcita en los que se ensalza a los presos de la banda.<\/p>\n<p>En este sentido recuerda que son muchas las ocasiones en las que \u00aba priori\u00bb no se observan indicios de delito y motivos para prohibir estas convocatorias, \u00abpara m\u00e1s tarde ser lo que realmente son exhibiciones p\u00fablicas de fotos de terroristas acompa\u00f1ada de v\u00edtores y c\u00e1nticos a favor de ETA\u00bb.<\/p>\n<p>Por todo ello, reclama la prohibici\u00f3n de esta marcha \u00abante la posibilidad de que en dicha marcha se muestren fotograf\u00edas como en otras ocasiones\u00bb que supongan un delito de enaltecimiento del terrorismo \u00aby se proceda contra otros hechos no relatados en este escrito presumiblemente delictivos tales como: resistencia y desobediencia, obstrucci\u00f3n a la justicia, menosprecio y humillaci\u00f3n de sus v\u00edctimas u otros hechos constitutivos de delito o sanci\u00f3n\u00bb.<\/p>\n","protected":false},"excerpt":{"rendered":"<p>Madrid, 23 ene (EFE).- La asociaci\u00f3n Dignidad y Justicia (DyJ) ha pedido hoy en la Audiencia Nacional la prohibici\u00f3n de la manifestaci\u00f3n convocada para ma\u00f1ana en Bilbao en apoyo a las abogadas Arantza Zulueta y Aitziber Sagarminaga, en prisi\u00f3n tras su detenci\u00f3n en la operaci\u00f3n Jaque contra el frente de c\u00e1rceles de ETA. La asociaci\u00f3n [&hellip;]<\/p>\n","protected":false},"author":1,"featured_media":1132184,"comment_status":"closed","ping_status":"open","sticky":false,"template":"","format":"standard","meta":{"footnotes":""},"categories":[1],"tags":[],"class_list":["post-477573","post","type-post","status-publish","format-standard","has-post-thumbnail","hentry","category-actualidad"],"aioseo_notices":[],"aioseo_head":"\n\t\t<!-- All in One SEO Pro 5.0.1 - aioseo.com -->\n\t<meta name=\"description\" content=\"Madrid, 23 ene (EFE).- La asociaci\u00f3n Dignidad y Justicia (DyJ) ha pedido hoy en la Audiencia Nacional la prohibici\u00f3n de la manifestaci\u00f3n convocada para ma\u00f1ana en Bilbao en apoyo a las abogadas Arantza Zulueta y Aitziber Sagarminaga, en prisi\u00f3n tras su detenci\u00f3n en la operaci\u00f3n Jaque contra el frente de c\u00e1rceles de ETA. La asociaci\u00f3n\" \/>\n\t<meta name=\"robots\" content=\"max-image-preview:large\" \/>\n\t<meta name=\"author\" content=\"El Digital de Asturias\"\/>\n\t<meta name=\"google-site-verification\" content=\"UA-38556648-1\" \/>\n\t<meta name=\"msvalidate.01\" content=\"7dfe9f3f1b24437ab69f4f2559babe99\" \/>\n\t<meta name=\"keywords\" content=\"actualidad\" \/>\n\t<link rel=\"canonical\" href=\"https:\/\/www.eldigitaldeasturias.com\/noticias\/dignidad-y-justicia-pide-la-prohibicion-de-la-marcha-de-apoyo-a-zulueta-para-manana-en-bilbao\/\" \/>\n\t<meta name=\"generator\" content=\"All in One SEO Pro (AIOSEO) 5.0.1\" \/>\n\t\t<meta property=\"og:locale\" content=\"es_ES\" \/>\n\t\t<meta property=\"og:site_name\" content=\"El Digital de Asturias\" \/>\n\t\t<meta property=\"og:type\" content=\"article\" \/>\n\t\t<meta property=\"og:title\" content=\"Dignidad y Justicia pide la prohibici\u00f3n de la marcha de apoyo a Zulueta para ma\u00f1ana en Bilbao - El Digital de Asturias\" \/>\n\t\t<meta property=\"og:description\" content=\"Madrid, 23 ene (EFE).- La asociaci\u00f3n Dignidad y Justicia (DyJ) ha pedido hoy en la Audiencia Nacional la prohibici\u00f3n de la manifestaci\u00f3n convocada para ma\u00f1ana en Bilbao en apoyo a las abogadas Arantza Zulueta y Aitziber Sagarminaga, en prisi\u00f3n tras su detenci\u00f3n en la operaci\u00f3n Jaque contra el frente de c\u00e1rceles de ETA. La asociaci\u00f3n\" \/>\n\t\t<meta property=\"og:url\" content=\"https:\/\/www.eldigitaldeasturias.com\/noticias\/dignidad-y-justicia-pide-la-prohibicion-de-la-marcha-de-apoyo-a-zulueta-para-manana-en-bilbao\/\" \/>\n\t\t<meta property=\"og:image\" content=\"https:\/\/www.eldigitaldeasturias.com\/noticias\/wp-content\/uploads\/2026\/06\/Contenidos.jpg\" \/>\n\t\t<meta property=\"og:image:secure_url\" content=\"https:\/\/www.eldigitaldeasturias.com\/noticias\/wp-content\/uploads\/2026\/06\/Contenidos.jpg\" \/>\n\t\t<meta property=\"og:image:width\" content=\"1265\" \/>\n\t\t<meta property=\"og:image:height\" content=\"697\" \/>\n\t\t<meta property=\"article:tag\" content=\"actualidad\" \/>\n\t\t<meta property=\"article:published_time\" content=\"2014-01-23T18:37:13+00:00\" \/>\n\t\t<meta property=\"article:modified_time\" content=\"2014-01-23T18:37:13+00:00\" \/>\n\t\t<meta property=\"article:publisher\" content=\"https:\/\/facebook.com\/eldigitaldeasturias\" \/>\n\t\t<meta name=\"twitter:card\" content=\"summary_large_image\" \/>\n\t\t<meta name=\"twitter:title\" content=\"Dignidad y Justicia pide la prohibici\u00f3n de la marcha de apoyo a Zulueta para ma\u00f1ana en Bilbao - El Digital de Asturias\" \/>\n\t\t<meta name=\"twitter:description\" content=\"Madrid, 23 ene (EFE).- La asociaci\u00f3n Dignidad y Justicia (DyJ) ha pedido hoy en la Audiencia Nacional la prohibici\u00f3n de la manifestaci\u00f3n convocada para ma\u00f1ana en Bilbao en apoyo a las abogadas Arantza Zulueta y Aitziber Sagarminaga, en prisi\u00f3n tras su detenci\u00f3n en la operaci\u00f3n Jaque contra el frente de c\u00e1rceles de ETA. La asociaci\u00f3n\" \/>\n\t\t<meta name=\"twitter:image\" content=\"https:\/\/www.eldigitaldeasturias.com\/noticias\/wp-content\/uploads\/2026\/06\/Contenidos.jpg\" \/>\n\t\t<meta name=\"twitter:label1\" content=\"Escrito por\" \/>\n\t\t<meta name=\"twitter:data1\" content=\"El Digital de Asturias\" \/>\n\t\t<meta name=\"twitter:label2\" content=\"Tiempo de lectura estimado\" \/>\n\t\t<meta name=\"twitter:data2\" content=\"2 minutos\" \/>\n\t\t<script type=\"application\/ld+json\" class=\"aioseo-schema\">\n\t\t\t{\"@context\":\"https:\\\/\\\/schema.org\",\"@graph\":[{\"@type\":\"BlogPosting\",\"@id\":\"https:\\\/\\\/www.eldigitaldeasturias.com\\\/noticias\\\/dignidad-y-justicia-pide-la-prohibicion-de-la-marcha-de-apoyo-a-zulueta-para-manana-en-bilbao\\\/#blogposting\",\"name\":\"Dignidad y Justicia pide la prohibici\\u00f3n de la marcha de apoyo a Zulueta para ma\\u00f1ana en Bilbao - El Digital de Asturias\",\"headline\":\"Dignidad y Justicia pide la prohibici\\u00f3n de la marcha de apoyo a Zulueta para ma\\u00f1ana en Bilbao\",\"author\":{\"@id\":\"https:\\\/\\\/www.eldigitaldeasturias.com\\\/noticias\\\/author\\\/admin\\\/#author\"},\"publisher\":{\"@id\":\"https:\\\/\\\/www.eldigitaldeasturias.com\\\/noticias\\\/#organization\"},\"image\":{\"@type\":\"ImageObject\",\"url\":\"https:\\\/\\\/www.eldigitaldeasturias.com\\\/noticias\\\/wp-content\\\/uploads\\\/2026\\\/06\\\/Contenidos.jpg\",\"width\":1265,\"height\":697,\"caption\":\"Contenidos\"},\"datePublished\":\"2014-01-23T17:37:13+01:00\",\"dateModified\":\"2014-01-23T17:37:13+01:00\",\"inLanguage\":\"es-ES\",\"mainEntityOfPage\":{\"@id\":\"https:\\\/\\\/www.eldigitaldeasturias.com\\\/noticias\\\/dignidad-y-justicia-pide-la-prohibicion-de-la-marcha-de-apoyo-a-zulueta-para-manana-en-bilbao\\\/#webpage\"},\"isPartOf\":{\"@id\":\"https:\\\/\\\/www.eldigitaldeasturias.com\\\/noticias\\\/dignidad-y-justicia-pide-la-prohibicion-de-la-marcha-de-apoyo-a-zulueta-para-manana-en-bilbao\\\/#webpage\"},\"articleSection\":\"Actualidad\"},{\"@type\":\"BreadcrumbList\",\"@id\":\"https:\\\/\\\/www.eldigitaldeasturias.com\\\/noticias\\\/dignidad-y-justicia-pide-la-prohibicion-de-la-marcha-de-apoyo-a-zulueta-para-manana-en-bilbao\\\/#breadcrumblist\",\"itemListElement\":[{\"@type\":\"ListItem\",\"@id\":\"https:\\\/\\\/www.eldigitaldeasturias.com\\\/noticias#listItem\",\"position\":1,\"name\":\"Home\",\"item\":\"https:\\\/\\\/www.eldigitaldeasturias.com\\\/noticias\",\"nextItem\":{\"@type\":\"ListItem\",\"@id\":\"https:\\\/\\\/www.eldigitaldeasturias.com\\\/noticias\\\/category\\\/actualidad\\\/#listItem\",\"name\":\"Actualidad\"}},{\"@type\":\"ListItem\",\"@id\":\"https:\\\/\\\/www.eldigitaldeasturias.com\\\/noticias\\\/category\\\/actualidad\\\/#listItem\",\"position\":2,\"name\":\"Actualidad\",\"item\":\"https:\\\/\\\/www.eldigitaldeasturias.com\\\/noticias\\\/category\\\/actualidad\\\/\",\"nextItem\":{\"@type\":\"ListItem\",\"@id\":\"https:\\\/\\\/www.eldigitaldeasturias.com\\\/noticias\\\/dignidad-y-justicia-pide-la-prohibicion-de-la-marcha-de-apoyo-a-zulueta-para-manana-en-bilbao\\\/#listItem\",\"name\":\"Dignidad y Justicia pide la prohibici\\u00f3n de la marcha de apoyo a Zulueta para ma\\u00f1ana en Bilbao\"},\"previousItem\":{\"@type\":\"ListItem\",\"@id\":\"https:\\\/\\\/www.eldigitaldeasturias.com\\\/noticias#listItem\",\"name\":\"Home\"}},{\"@type\":\"ListItem\",\"@id\":\"https:\\\/\\\/www.eldigitaldeasturias.com\\\/noticias\\\/dignidad-y-justicia-pide-la-prohibicion-de-la-marcha-de-apoyo-a-zulueta-para-manana-en-bilbao\\\/#listItem\",\"position\":3,\"name\":\"Dignidad y Justicia pide la prohibici\\u00f3n de la marcha de apoyo a Zulueta para ma\\u00f1ana en Bilbao\",\"previousItem\":{\"@type\":\"ListItem\",\"@id\":\"https:\\\/\\\/www.eldigitaldeasturias.com\\\/noticias\\\/category\\\/actualidad\\\/#listItem\",\"name\":\"Actualidad\"}}]},{\"@type\":\"Organization\",\"@id\":\"https:\\\/\\\/www.eldigitaldeasturias.com\\\/noticias\\\/#organization\",\"name\":\"El Digital de Asturias\",\"description\":\"Hemeroteca\",\"url\":\"https:\\\/\\\/www.eldigitaldeasturias.com\\\/noticias\\\/\",\"email\":\"info@eldigitaldeasturias.com\",\"telephone\":\"+34652131393\",\"logo\":{\"@type\":\"ImageObject\",\"url\":\"https:\\\/\\\/www.eldigitaldeasturias.com\\\/noticias\\\/wp-content\\\/uploads\\\/2020\\\/12\\\/EDA.jpg\",\"@id\":\"https:\\\/\\\/www.eldigitaldeasturias.com\\\/noticias\\\/dignidad-y-justicia-pide-la-prohibicion-de-la-marcha-de-apoyo-a-zulueta-para-manana-en-bilbao\\\/#organizationLogo\"},\"image\":{\"@id\":\"https:\\\/\\\/www.eldigitaldeasturias.com\\\/noticias\\\/dignidad-y-justicia-pide-la-prohibicion-de-la-marcha-de-apoyo-a-zulueta-para-manana-en-bilbao\\\/#organizationLogo\"},\"sameAs\":[\"https:\\\/\\\/facebook.com\\\/eldigitaldeasturias\",\"https:\\\/\\\/www.youtube.com\\\/channel\\\/UCZP-2wLEB9Rv6erhFmqVnvg\"],\"address\":{\"@id\":\"https:\\\/\\\/www.eldigitaldeasturias.com\\\/noticias\\\/#postaladdress\",\"@type\":\"PostalAddress\",\"streetAddress\":\"san antonio 4\",\"postalCode\":\"33430\",\"addressLocality\":\"Cand\\u00e1s\",\"addressRegion\":\"Asturias\",\"addressCountry\":\"ES\"}},{\"@type\":\"Person\",\"@id\":\"https:\\\/\\\/www.eldigitaldeasturias.com\\\/noticias\\\/author\\\/admin\\\/#author\",\"url\":\"https:\\\/\\\/www.eldigitaldeasturias.com\\\/noticias\\\/author\\\/admin\\\/\",\"name\":\"El Digital de Asturias\",\"image\":{\"@type\":\"ImageObject\",\"@id\":\"https:\\\/\\\/www.eldigitaldeasturias.com\\\/noticias\\\/dignidad-y-justicia-pide-la-prohibicion-de-la-marcha-de-apoyo-a-zulueta-para-manana-en-bilbao\\\/#authorImage\",\"url\":\"https:\\\/\\\/secure.gravatar.com\\\/avatar\\\/df2aeffc32bcd13f8d26072ef8a91b623d677766deac7f97ca815868cd41bf5e?s=96&d=mm&r=g\",\"width\":96,\"height\":96,\"caption\":\"El Digital de Asturias\"}},{\"@type\":\"WebPage\",\"@id\":\"https:\\\/\\\/www.eldigitaldeasturias.com\\\/noticias\\\/dignidad-y-justicia-pide-la-prohibicion-de-la-marcha-de-apoyo-a-zulueta-para-manana-en-bilbao\\\/#webpage\",\"url\":\"https:\\\/\\\/www.eldigitaldeasturias.com\\\/noticias\\\/dignidad-y-justicia-pide-la-prohibicion-de-la-marcha-de-apoyo-a-zulueta-para-manana-en-bilbao\\\/\",\"name\":\"Dignidad y Justicia pide la prohibici\\u00f3n de la marcha de apoyo a Zulueta para ma\\u00f1ana en Bilbao - El Digital de Asturias\",\"description\":\"Madrid, 23 ene (EFE).- La asociaci\\u00f3n Dignidad y Justicia (DyJ) ha pedido hoy en la Audiencia Nacional la prohibici\\u00f3n de la manifestaci\\u00f3n convocada para ma\\u00f1ana en Bilbao en apoyo a las abogadas Arantza Zulueta y Aitziber Sagarminaga, en prisi\\u00f3n tras su detenci\\u00f3n en la operaci\\u00f3n Jaque contra el frente de c\\u00e1rceles de ETA. La asociaci\\u00f3n\",\"inLanguage\":\"es-ES\",\"isPartOf\":{\"@id\":\"https:\\\/\\\/www.eldigitaldeasturias.com\\\/noticias\\\/#website\"},\"breadcrumb\":{\"@id\":\"https:\\\/\\\/www.eldigitaldeasturias.com\\\/noticias\\\/dignidad-y-justicia-pide-la-prohibicion-de-la-marcha-de-apoyo-a-zulueta-para-manana-en-bilbao\\\/#breadcrumblist\"},\"author\":{\"@id\":\"https:\\\/\\\/www.eldigitaldeasturias.com\\\/noticias\\\/author\\\/admin\\\/#author\"},\"creator\":{\"@id\":\"https:\\\/\\\/www.eldigitaldeasturias.com\\\/noticias\\\/author\\\/admin\\\/#author\"},\"image\":{\"@type\":\"ImageObject\",\"url\":\"https:\\\/\\\/www.eldigitaldeasturias.com\\\/noticias\\\/wp-content\\\/uploads\\\/2026\\\/06\\\/Contenidos.jpg\",\"@id\":\"https:\\\/\\\/www.eldigitaldeasturias.com\\\/noticias\\\/dignidad-y-justicia-pide-la-prohibicion-de-la-marcha-de-apoyo-a-zulueta-para-manana-en-bilbao\\\/#mainImage\",\"width\":1265,\"height\":697,\"caption\":\"Contenidos\"},\"primaryImageOfPage\":{\"@id\":\"https:\\\/\\\/www.eldigitaldeasturias.com\\\/noticias\\\/dignidad-y-justicia-pide-la-prohibicion-de-la-marcha-de-apoyo-a-zulueta-para-manana-en-bilbao\\\/#mainImage\"},\"datePublished\":\"2014-01-23T17:37:13+01:00\",\"dateModified\":\"2014-01-23T17:37:13+01:00\"},{\"@type\":\"WebSite\",\"@id\":\"https:\\\/\\\/www.eldigitaldeasturias.com\\\/noticias\\\/#website\",\"url\":\"https:\\\/\\\/www.eldigitaldeasturias.com\\\/noticias\\\/\",\"name\":\"El Digital de Asturias - Diario de actualidad y noticias\",\"alternateName\":\"El Digital de Asturias - Diario de actualidad y noticias\",\"description\":\"Hemeroteca\",\"inLanguage\":\"es-ES\",\"publisher\":{\"@id\":\"https:\\\/\\\/www.eldigitaldeasturias.com\\\/noticias\\\/#organization\"}}]}\n\t\t<\/script>\n\t\t<!-- All in One SEO Pro -->\r\n\t\t<title>Dignidad y Justicia pide la prohibici\u00f3n de la marcha de apoyo a Zulueta para ma\u00f1ana en Bilbao - El Digital de Asturias<\/title>\n\n","aioseo_head_json":{"title":"Dignidad y Justicia pide la prohibici\u00f3n de la marcha de apoyo a Zulueta para ma\u00f1ana en Bilbao - El Digital de Asturias","description":"Madrid, 23 ene (EFE).- La asociaci\u00f3n Dignidad y Justicia (DyJ) ha pedido hoy en la Audiencia Nacional la prohibici\u00f3n de la manifestaci\u00f3n convocada para ma\u00f1ana en Bilbao en apoyo a las abogadas Arantza Zulueta y Aitziber Sagarminaga, en prisi\u00f3n tras su detenci\u00f3n en la operaci\u00f3n Jaque contra el frente de c\u00e1rceles de ETA. La asociaci\u00f3n","canonical_url":"https:\/\/www.eldigitaldeasturias.com\/noticias\/dignidad-y-justicia-pide-la-prohibicion-de-la-marcha-de-apoyo-a-zulueta-para-manana-en-bilbao\/","robots":"max-image-preview:large","keywords":"actualidad","webmasterTools":{"google-site-verification":"UA-38556648-1","msvalidate.01":"7dfe9f3f1b24437ab69f4f2559babe99","miscellaneous":""},"schema":{"@context":"https:\/\/schema.org","@graph":[{"@type":"BlogPosting","@id":"https:\/\/www.eldigitaldeasturias.com\/noticias\/dignidad-y-justicia-pide-la-prohibicion-de-la-marcha-de-apoyo-a-zulueta-para-manana-en-bilbao\/#blogposting","name":"Dignidad y Justicia pide la prohibici\u00f3n de la marcha de apoyo a Zulueta para ma\u00f1ana en Bilbao - El Digital de Asturias","headline":"Dignidad y Justicia pide la prohibici\u00f3n de la marcha de apoyo a Zulueta para ma\u00f1ana en Bilbao","author":{"@id":"https:\/\/www.eldigitaldeasturias.com\/noticias\/author\/admin\/#author"},"publisher":{"@id":"https:\/\/www.eldigitaldeasturias.com\/noticias\/#organization"},"image":{"@type":"ImageObject","url":"https:\/\/www.eldigitaldeasturias.com\/noticias\/wp-content\/uploads\/2026\/06\/Contenidos.jpg","width":1265,"height":697,"caption":"Contenidos"},"datePublished":"2014-01-23T17:37:13+01:00","dateModified":"2014-01-23T17:37:13+01:00","inLanguage":"es-ES","mainEntityOfPage":{"@id":"https:\/\/www.eldigitaldeasturias.com\/noticias\/dignidad-y-justicia-pide-la-prohibicion-de-la-marcha-de-apoyo-a-zulueta-para-manana-en-bilbao\/#webpage"},"isPartOf":{"@id":"https:\/\/www.eldigitaldeasturias.com\/noticias\/dignidad-y-justicia-pide-la-prohibicion-de-la-marcha-de-apoyo-a-zulueta-para-manana-en-bilbao\/#webpage"},"articleSection":"Actualidad"},{"@type":"BreadcrumbList","@id":"https:\/\/www.eldigitaldeasturias.com\/noticias\/dignidad-y-justicia-pide-la-prohibicion-de-la-marcha-de-apoyo-a-zulueta-para-manana-en-bilbao\/#breadcrumblist","itemListElement":[{"@type":"ListItem","@id":"https:\/\/www.eldigitaldeasturias.com\/noticias#listItem","position":1,"name":"Home","item":"https:\/\/www.eldigitaldeasturias.com\/noticias","nextItem":{"@type":"ListItem","@id":"https:\/\/www.eldigitaldeasturias.com\/noticias\/category\/actualidad\/#listItem","name":"Actualidad"}},{"@type":"ListItem","@id":"https:\/\/www.eldigitaldeasturias.com\/noticias\/category\/actualidad\/#listItem","position":2,"name":"Actualidad","item":"https:\/\/www.eldigitaldeasturias.com\/noticias\/category\/actualidad\/","nextItem":{"@type":"ListItem","@id":"https:\/\/www.eldigitaldeasturias.com\/noticias\/dignidad-y-justicia-pide-la-prohibicion-de-la-marcha-de-apoyo-a-zulueta-para-manana-en-bilbao\/#listItem","name":"Dignidad y Justicia pide la prohibici\u00f3n de la marcha de apoyo a Zulueta para ma\u00f1ana en Bilbao"},"previousItem":{"@type":"ListItem","@id":"https:\/\/www.eldigitaldeasturias.com\/noticias#listItem","name":"Home"}},{"@type":"ListItem","@id":"https:\/\/www.eldigitaldeasturias.com\/noticias\/dignidad-y-justicia-pide-la-prohibicion-de-la-marcha-de-apoyo-a-zulueta-para-manana-en-bilbao\/#listItem","position":3,"name":"Dignidad y Justicia pide la prohibici\u00f3n de la marcha de apoyo a Zulueta para ma\u00f1ana en Bilbao","previousItem":{"@type":"ListItem","@id":"https:\/\/www.eldigitaldeasturias.com\/noticias\/category\/actualidad\/#listItem","name":"Actualidad"}}]},{"@type":"Organization","@id":"https:\/\/www.eldigitaldeasturias.com\/noticias\/#organization","name":"El Digital de Asturias","description":"Hemeroteca","url":"https:\/\/www.eldigitaldeasturias.com\/noticias\/","email":"info@eldigitaldeasturias.com","telephone":"+34652131393","logo":{"@type":"ImageObject","url":"https:\/\/www.eldigitaldeasturias.com\/noticias\/wp-content\/uploads\/2020\/12\/EDA.jpg","@id":"https:\/\/www.eldigitaldeasturias.com\/noticias\/dignidad-y-justicia-pide-la-prohibicion-de-la-marcha-de-apoyo-a-zulueta-para-manana-en-bilbao\/#organizationLogo"},"image":{"@id":"https:\/\/www.eldigitaldeasturias.com\/noticias\/dignidad-y-justicia-pide-la-prohibicion-de-la-marcha-de-apoyo-a-zulueta-para-manana-en-bilbao\/#organizationLogo"},"sameAs":["https:\/\/facebook.com\/eldigitaldeasturias","https:\/\/www.youtube.com\/channel\/UCZP-2wLEB9Rv6erhFmqVnvg"],"address":{"@id":"https:\/\/www.eldigitaldeasturias.com\/noticias\/#postaladdress","@type":"PostalAddress","streetAddress":"san antonio 4","postalCode":"33430","addressLocality":"Cand\u00e1s","addressRegion":"Asturias","addressCountry":"ES"}},{"@type":"Person","@id":"https:\/\/www.eldigitaldeasturias.com\/noticias\/author\/admin\/#author","url":"https:\/\/www.eldigitaldeasturias.com\/noticias\/author\/admin\/","name":"El Digital de Asturias","image":{"@type":"ImageObject","@id":"https:\/\/www.eldigitaldeasturias.com\/noticias\/dignidad-y-justicia-pide-la-prohibicion-de-la-marcha-de-apoyo-a-zulueta-para-manana-en-bilbao\/#authorImage","url":"https:\/\/secure.gravatar.com\/avatar\/df2aeffc32bcd13f8d26072ef8a91b623d677766deac7f97ca815868cd41bf5e?s=96&d=mm&r=g","width":96,"height":96,"caption":"El Digital de Asturias"}},{"@type":"WebPage","@id":"https:\/\/www.eldigitaldeasturias.com\/noticias\/dignidad-y-justicia-pide-la-prohibicion-de-la-marcha-de-apoyo-a-zulueta-para-manana-en-bilbao\/#webpage","url":"https:\/\/www.eldigitaldeasturias.com\/noticias\/dignidad-y-justicia-pide-la-prohibicion-de-la-marcha-de-apoyo-a-zulueta-para-manana-en-bilbao\/","name":"Dignidad y Justicia pide la prohibici\u00f3n de la marcha de apoyo a Zulueta para ma\u00f1ana en Bilbao - El Digital de Asturias","description":"Madrid, 23 ene (EFE).- La asociaci\u00f3n Dignidad y Justicia (DyJ) ha pedido hoy en la Audiencia Nacional la prohibici\u00f3n de la manifestaci\u00f3n convocada para ma\u00f1ana en Bilbao en apoyo a las abogadas Arantza Zulueta y Aitziber Sagarminaga, en prisi\u00f3n tras su detenci\u00f3n en la operaci\u00f3n Jaque contra el frente de c\u00e1rceles de ETA. La asociaci\u00f3n","inLanguage":"es-ES","isPartOf":{"@id":"https:\/\/www.eldigitaldeasturias.com\/noticias\/#website"},"breadcrumb":{"@id":"https:\/\/www.eldigitaldeasturias.com\/noticias\/dignidad-y-justicia-pide-la-prohibicion-de-la-marcha-de-apoyo-a-zulueta-para-manana-en-bilbao\/#breadcrumblist"},"author":{"@id":"https:\/\/www.eldigitaldeasturias.com\/noticias\/author\/admin\/#author"},"creator":{"@id":"https:\/\/www.eldigitaldeasturias.com\/noticias\/author\/admin\/#author"},"image":{"@type":"ImageObject","url":"https:\/\/www.eldigitaldeasturias.com\/noticias\/wp-content\/uploads\/2026\/06\/Contenidos.jpg","@id":"https:\/\/www.eldigitaldeasturias.com\/noticias\/dignidad-y-justicia-pide-la-prohibicion-de-la-marcha-de-apoyo-a-zulueta-para-manana-en-bilbao\/#mainImage","width":1265,"height":697,"caption":"Contenidos"},"primaryImageOfPage":{"@id":"https:\/\/www.eldigitaldeasturias.com\/noticias\/dignidad-y-justicia-pide-la-prohibicion-de-la-marcha-de-apoyo-a-zulueta-para-manana-en-bilbao\/#mainImage"},"datePublished":"2014-01-23T17:37:13+01:00","dateModified":"2014-01-23T17:37:13+01:00"},{"@type":"WebSite","@id":"https:\/\/www.eldigitaldeasturias.com\/noticias\/#website","url":"https:\/\/www.eldigitaldeasturias.com\/noticias\/","name":"El Digital de Asturias - Diario de actualidad y noticias","alternateName":"El Digital de Asturias - Diario de actualidad y noticias","description":"Hemeroteca","inLanguage":"es-ES","publisher":{"@id":"https:\/\/www.eldigitaldeasturias.com\/noticias\/#organization"}}]},"og:locale":"es_ES","og:site_name":"El Digital de Asturias","og:type":"article","og:title":"Dignidad y Justicia pide la prohibici\u00f3n de la marcha de apoyo a Zulueta para ma\u00f1ana en Bilbao - El Digital de Asturias","og:description":"Madrid, 23 ene (EFE).- La asociaci\u00f3n Dignidad y Justicia (DyJ) ha pedido hoy en la Audiencia Nacional la prohibici\u00f3n de la manifestaci\u00f3n convocada para ma\u00f1ana en Bilbao en apoyo a las abogadas Arantza Zulueta y Aitziber Sagarminaga, en prisi\u00f3n tras su detenci\u00f3n en la operaci\u00f3n Jaque contra el frente de c\u00e1rceles de ETA. La asociaci\u00f3n","og:url":"https:\/\/www.eldigitaldeasturias.com\/noticias\/dignidad-y-justicia-pide-la-prohibicion-de-la-marcha-de-apoyo-a-zulueta-para-manana-en-bilbao\/","og:image":"https:\/\/www.eldigitaldeasturias.com\/noticias\/wp-content\/uploads\/2026\/06\/Contenidos.jpg","og:image:secure_url":"https:\/\/www.eldigitaldeasturias.com\/noticias\/wp-content\/uploads\/2026\/06\/Contenidos.jpg","og:image:width":1265,"og:image:height":697,"article:tag":["actualidad"],"article:published_time":"2014-01-23T18:37:13+00:00","article:modified_time":"2014-01-23T18:37:13+00:00","article:publisher":"https:\/\/facebook.com\/eldigitaldeasturias","twitter:card":"summary_large_image","twitter:title":"Dignidad y Justicia pide la prohibici\u00f3n de la marcha de apoyo a Zulueta para ma\u00f1ana en Bilbao - El Digital de Asturias","twitter:description":"Madrid, 23 ene (EFE).- La asociaci\u00f3n Dignidad y Justicia (DyJ) ha pedido hoy en la Audiencia Nacional la prohibici\u00f3n de la manifestaci\u00f3n convocada para ma\u00f1ana en Bilbao en apoyo a las abogadas Arantza Zulueta y Aitziber Sagarminaga, en prisi\u00f3n tras su detenci\u00f3n en la operaci\u00f3n Jaque contra el frente de c\u00e1rceles de ETA. La asociaci\u00f3n","twitter:image":"https:\/\/www.eldigitaldeasturias.com\/noticias\/wp-content\/uploads\/2026\/06\/Contenidos.jpg","twitter:label1":"Escrito por","twitter:data1":"El Digital de Asturias","twitter:label2":"Tiempo de lectura estimado","twitter:data2":"2 minutos"},"aioseo_meta_data":{"post_id":"477573","title":null,"description":null,"keywords":null,"keyphrases":null,"primary_term":null,"canonical_url":null,"og_title":null,"og_description":null,"og_object_type":"default","og_image_type":"default","og_image_url":null,"og_image_width":null,"og_image_height":null,"og_image_custom_url":null,"og_image_custom_fields":null,"og_video":null,"og_custom_url":null,"og_article_section":null,"og_article_tags":null,"twitter_use_og":true,"twitter_card":"default","twitter_image_type":"default","twitter_image_url":null,"twitter_image_custom_url":null,"twitter_image_custom_fields":null,"twitter_title":null,"twitter_description":null,"schema":{"blockGraphs":[],"customGraphs":[],"default":{"data":{"Article":[],"Course":[],"Dataset":[],"FAQPage":[],"Movie":[],"Person":[],"Product":[],"ProductReview":[],"Car":[],"Recipe":[],"Service":[],"SoftwareApplication":[],"WebPage":[]},"graphName":"","isEnabled":true},"graphs":[],"defaultGraph":"","defaultPostTypeGraph":""},"schema_type":null,"schema_type_options":null,"pillar_content":false,"robots_default":true,"robots_noindex":false,"robots_noarchive":false,"robots_nosnippet":false,"robots_nofollow":false,"robots_noimageindex":false,"robots_noodp":false,"robots_notranslate":false,"robots_max_snippet":null,"robots_max_videopreview":null,"robots_max_imagepreview":"none","priority":null,"frequency":null,"local_seo":null,"seo_analyzer_scan_date":"2026-06-01 18:56:08","breadcrumb_settings":null,"limit_modified_date":false,"open_ai":null,"ai":null,"created":"2020-11-14 22:53:45","updated":"2026-06-01 18:56:08","focus_keyword":null,"additional_keywords":null,"truseo_locale":null},"aioseo_breadcrumb":"<div class=\"aioseo-breadcrumbs\"><span class=\"aioseo-breadcrumb\">\n\t<a href=\"https:\/\/www.eldigitaldeasturias.com\/noticias\" title=\"Home\">Home<\/a>\n<\/span><span class=\"aioseo-breadcrumb-separator\">\u2013<\/span><span class=\"aioseo-breadcrumb\">\n\t<a href=\"https:\/\/www.eldigitaldeasturias.com\/noticias\/category\/actualidad\/\" title=\"Actualidad\">Actualidad<\/a>\n<\/span><span class=\"aioseo-breadcrumb-separator\">\u2013<\/span><span class=\"aioseo-breadcrumb\">\n\t<a href=\"https:\/\/www.eldigitaldeasturias.com\/noticias\/dignidad-y-justicia-pide-la-prohibicion-de-la-marcha-de-apoyo-a-zulueta-para-manana-en-bilbao\/\" title=\"Dignidad y Justicia pide la prohibici\u00f3n de la marcha de apoyo a Zulueta para ma\u00f1ana en Bilbao\">Dignidad y Justicia pide la prohibici\u00f3n de la marcha de apoyo a Zulueta para ma\u00f1ana en Bilbao<\/a>\n<\/span><\/div>","aioseo_breadcrumb_json":[{"label":"Home","link":"https:\/\/www.eldigitaldeasturias.com\/noticias"},{"label":"Actualidad","link":"https:\/\/www.eldigitaldeasturias.com\/noticias\/category\/actualidad\/"},{"label":"Dignidad y Justicia pide la prohibici\u00f3n de la marcha de apoyo a Zulueta para ma\u00f1ana en Bilbao","link":"https:\/\/www.eldigitaldeasturias.com\/noticias\/dignidad-y-justicia-pide-la-prohibicion-de-la-marcha-de-apoyo-a-zulueta-para-manana-en-bilbao\/"}],"_links":{"self":[{"href":"https:\/\/www.eldigitaldeasturias.com\/noticias\/wp-json\/wp\/v2\/posts\/477573","targetHints":{"allow":["GET"]}}],"collection":[{"href":"https:\/\/www.eldigitaldeasturias.com\/noticias\/wp-json\/wp\/v2\/posts"}],"about":[{"href":"https:\/\/www.eldigitaldeasturias.com\/noticias\/wp-json\/wp\/v2\/types\/post"}],"author":[{"embeddable":true,"href":"https:\/\/www.eldigitaldeasturias.com\/noticias\/wp-json\/wp\/v2\/users\/1"}],"replies":[{"embeddable":true,"href":"https:\/\/www.eldigitaldeasturias.com\/noticias\/wp-json\/wp\/v2\/comments?post=477573"}],"version-history":[{"count":0,"href":"https:\/\/www.eldigitaldeasturias.com\/noticias\/wp-json\/wp\/v2\/posts\/477573\/revisions"}],"wp:featuredmedia":[{"embeddable":true,"href":"https:\/\/www.eldigitaldeasturias.com\/noticias\/wp-json\/wp\/v2\/media\/1132184"}],"wp:attachment":[{"href":"https:\/\/www.eldigitaldeasturias.com\/noticias\/wp-json\/wp\/v2\/media?parent=477573"}],"wp:term":[{"taxonomy":"category","embeddable":true,"href":"https:\/\/www.eldigitaldeasturias.com\/noticias\/wp-json\/wp\/v2\/categories?post=477573"},{"taxonomy":"post_tag","embeddable":true,"href":"https:\/\/www.eldigitaldeasturias.com\/noticias\/wp-json\/wp\/v2\/tags?post=477573"}],"curies":[{"name":"wp","href":"https:\/\/api.w.org\/{rel}","templated":true}]}}