{"id":477561,"date":"2014-01-23T17:31:54","date_gmt":"2014-01-23T18:31:54","guid":{"rendered":"http:\/\/www.eldigitaldeasturias.com\/noticias\/?p=477561"},"modified":"2014-01-23T17:31:54","modified_gmt":"2014-01-23T18:31:54","slug":"consuelo-ordonez-afirma-que-con-la-gestion-de-este-gobierno-matar-ha-servido","status":"publish","type":"post","link":"https:\/\/www.eldigitaldeasturias.com\/noticias\/consuelo-ordonez-afirma-que-con-la-gestion-de-este-gobierno-matar-ha-servido\/","title":{"rendered":"Consuelo Ord\u00f3\u00f1ez afirma que con la gesti\u00f3n de este Gobierno, \u00abmatar ha servido\u00bb"},"content":{"rendered":"<p><img loading=\"lazy\" decoding=\"async\" class=\"alignleft size-medium wp-image-477562\" alt=\"5870238w\" src=\"https:\/\/www.eldigitaldeasturias.com\/noticias\/wp-content\/uploads\/2014\/01\/5870238w-360x254.jpg\" width=\"360\" height=\"254\" \/>Bilbao, 23 ene (EFE).- Consuelo Ord\u00f3\u00f1ez, hermana del dirigente del PP asesinado por ETA Gregorio Ord\u00f3\u00f1ez, ha recordado hoy que su hermano dec\u00eda que \u00abnunca servir\u00e1 de nada matar\u00bb, pero, ha opinado, se est\u00e1 viendo que \u00abcon la gesti\u00f3n de este Gobierno est\u00e1 sirviendo y de mucho\u00bb.<\/p>\n<p>Ord\u00f3\u00f1ez, en declaraciones a Radio Euskadi, se ha pronunciado sobre la coincidencia hoy, el d\u00eda que se cumplen 19 a\u00f1os del asesinato de su hermano, de un acto de homenaje a las v\u00edctimas del terrorismo organizado por el PP en San Sebasti\u00e1n con la ofrenda floral anual que se le tributa a Ord\u00f3\u00f1ez en el cementerio de Polloe de San Sebasti\u00e1n, que ser\u00e1 una hora antes.<\/p>\n<p>Ord\u00f3\u00f1ez ha reconocido su malestar por el acto simult\u00e1neo del PP y el hecho de que no la invitaran a hablar en el mismo: \u00abSe me dieron excusas peregrinas, m\u00e1s insultantes que otra cosa. Es todo un parip\u00e9, si no quieren que intervenga porque no les gusta lo que decimos, porque no estamos adiestradas, no puedo ir (al acto del PP)\u00bb.<\/p>\n<p>\u00abNo voy a estar viendo c\u00f3mo interviene la presidenta de la fundaci\u00f3n de v\u00edctimas, que es la \u00fanica que no deber\u00eda ir por su cargo, porque es un acto pol\u00edtico, y al familiar al que se pretende homenajear ese d\u00eda se le veta. No se puede hacer partidismo con las v\u00edctimas, eso es una indecencia, se ve que m\u00e1s que un homenaje es otra cosa\u00bb, ha subrayado.<\/p>\n<p>Consuelo Ord\u00f3\u00f1ez ha explicado que de haber sido invitada a hablar, iba a decir las palabras que ahora va a pronunciar en la ofrenda floral: \u00abIba a criticar a este Gobierno con las frases de mi hermano. S\u00f3lo con decir lo que dec\u00eda mi hermano queda en evidencia la gesti\u00f3n antiterrorista de este Gobierno\u00bb.<\/p>\n<p>\u00abMi hermano dec\u00eda: &#8216;nunca servir\u00e1 de nada matar&#8217;, y estamos viendo que con la gesti\u00f3n de este Gobierno est\u00e1 sirviendo y de mucho. Est\u00e1n consiguiendo sin matar lo que no hab\u00eda conseguido matando\u00bb, ha lamentado.<\/p>\n","protected":false},"excerpt":{"rendered":"<p>Bilbao, 23 ene (EFE).- Consuelo Ord\u00f3\u00f1ez, hermana del dirigente del PP asesinado por ETA Gregorio Ord\u00f3\u00f1ez, ha recordado hoy que su hermano dec\u00eda que \u00abnunca servir\u00e1 de nada matar\u00bb, pero, ha opinado, se est\u00e1 viendo que \u00abcon la gesti\u00f3n de este Gobierno est\u00e1 sirviendo y de mucho\u00bb. Ord\u00f3\u00f1ez, en declaraciones a Radio Euskadi, se ha [&hellip;]<\/p>\n","protected":false},"author":1,"featured_media":1132184,"comment_status":"closed","ping_status":"open","sticky":false,"template":"","format":"standard","meta":{"footnotes":""},"categories":[1],"tags":[],"class_list":["post-477561","post","type-post","status-publish","format-standard","has-post-thumbnail","hentry","category-actualidad"],"aioseo_notices":[],"aioseo_head":"\n\t\t<!-- All in One SEO Pro 5.0.1 - aioseo.com -->\n\t<meta name=\"description\" content=\"Bilbao, 23 ene (EFE).- Consuelo Ord\u00f3\u00f1ez, hermana del dirigente del PP asesinado por ETA Gregorio Ord\u00f3\u00f1ez, ha recordado hoy que su hermano dec\u00eda que &quot;nunca servir\u00e1 de nada matar&quot;, pero, ha opinado, se est\u00e1 viendo que &quot;con la gesti\u00f3n de este Gobierno est\u00e1 sirviendo y de mucho&quot;. Ord\u00f3\u00f1ez, en declaraciones a Radio Euskadi, se ha\" \/>\n\t<meta name=\"robots\" content=\"max-image-preview:large\" \/>\n\t<meta name=\"author\" content=\"El Digital de Asturias\"\/>\n\t<meta name=\"google-site-verification\" content=\"UA-38556648-1\" \/>\n\t<meta name=\"msvalidate.01\" content=\"7dfe9f3f1b24437ab69f4f2559babe99\" \/>\n\t<meta name=\"keywords\" content=\"actualidad\" \/>\n\t<link rel=\"canonical\" href=\"https:\/\/www.eldigitaldeasturias.com\/noticias\/consuelo-ordonez-afirma-que-con-la-gestion-de-este-gobierno-matar-ha-servido\/\" \/>\n\t<meta name=\"generator\" content=\"All in One SEO Pro (AIOSEO) 5.0.1\" \/>\n\t\t<meta property=\"og:locale\" content=\"es_ES\" \/>\n\t\t<meta property=\"og:site_name\" content=\"El Digital de Asturias\" \/>\n\t\t<meta property=\"og:type\" content=\"article\" \/>\n\t\t<meta property=\"og:title\" content=\"Consuelo Ord\u00f3\u00f1ez afirma que con la gesti\u00f3n de este Gobierno, \u00abmatar ha servido\u00bb - El Digital de Asturias\" \/>\n\t\t<meta property=\"og:description\" content=\"Bilbao, 23 ene (EFE).- Consuelo Ord\u00f3\u00f1ez, hermana del dirigente del PP asesinado por ETA Gregorio Ord\u00f3\u00f1ez, ha recordado hoy que su hermano dec\u00eda que &quot;nunca servir\u00e1 de nada matar&quot;, pero, ha opinado, se est\u00e1 viendo que &quot;con la gesti\u00f3n de este Gobierno est\u00e1 sirviendo y de mucho&quot;. Ord\u00f3\u00f1ez, en declaraciones a Radio Euskadi, se ha\" \/>\n\t\t<meta property=\"og:url\" content=\"https:\/\/www.eldigitaldeasturias.com\/noticias\/consuelo-ordonez-afirma-que-con-la-gestion-de-este-gobierno-matar-ha-servido\/\" \/>\n\t\t<meta property=\"og:image\" content=\"https:\/\/www.eldigitaldeasturias.com\/noticias\/wp-content\/uploads\/2026\/06\/Contenidos.jpg\" \/>\n\t\t<meta property=\"og:image:secure_url\" content=\"https:\/\/www.eldigitaldeasturias.com\/noticias\/wp-content\/uploads\/2026\/06\/Contenidos.jpg\" \/>\n\t\t<meta property=\"og:image:width\" content=\"1265\" \/>\n\t\t<meta property=\"og:image:height\" content=\"697\" \/>\n\t\t<meta property=\"article:tag\" content=\"actualidad\" \/>\n\t\t<meta property=\"article:published_time\" content=\"2014-01-23T18:31:54+00:00\" \/>\n\t\t<meta property=\"article:modified_time\" content=\"2014-01-23T18:31:54+00:00\" \/>\n\t\t<meta property=\"article:publisher\" content=\"https:\/\/facebook.com\/eldigitaldeasturias\" \/>\n\t\t<meta name=\"twitter:card\" content=\"summary_large_image\" \/>\n\t\t<meta name=\"twitter:title\" content=\"Consuelo Ord\u00f3\u00f1ez afirma que con la gesti\u00f3n de este Gobierno, \u00abmatar ha servido\u00bb - El Digital de Asturias\" \/>\n\t\t<meta name=\"twitter:description\" content=\"Bilbao, 23 ene (EFE).- Consuelo Ord\u00f3\u00f1ez, hermana del dirigente del PP asesinado por ETA Gregorio Ord\u00f3\u00f1ez, ha recordado hoy que su hermano dec\u00eda que &quot;nunca servir\u00e1 de nada matar&quot;, pero, ha opinado, se est\u00e1 viendo que &quot;con la gesti\u00f3n de este Gobierno est\u00e1 sirviendo y de mucho&quot;. Ord\u00f3\u00f1ez, en declaraciones a Radio Euskadi, se ha\" \/>\n\t\t<meta name=\"twitter:image\" content=\"https:\/\/www.eldigitaldeasturias.com\/noticias\/wp-content\/uploads\/2026\/06\/Contenidos.jpg\" \/>\n\t\t<meta name=\"twitter:label1\" content=\"Escrito por\" \/>\n\t\t<meta name=\"twitter:data1\" content=\"El Digital de Asturias\" \/>\n\t\t<meta name=\"twitter:label2\" content=\"Tiempo de lectura estimado\" \/>\n\t\t<meta name=\"twitter:data2\" content=\"2 minutos\" \/>\n\t\t<script type=\"application\/ld+json\" class=\"aioseo-schema\">\n\t\t\t{\"@context\":\"https:\\\/\\\/schema.org\",\"@graph\":[{\"@type\":\"BlogPosting\",\"@id\":\"https:\\\/\\\/www.eldigitaldeasturias.com\\\/noticias\\\/consuelo-ordonez-afirma-que-con-la-gestion-de-este-gobierno-matar-ha-servido\\\/#blogposting\",\"name\":\"Consuelo Ord\\u00f3\\u00f1ez afirma que con la gesti\\u00f3n de este Gobierno, \\u00abmatar ha servido\\u00bb - El Digital de Asturias\",\"headline\":\"Consuelo Ord\\u00f3\\u00f1ez afirma que con la gesti\\u00f3n de este Gobierno, \\u00abmatar ha servido\\u00bb\",\"author\":{\"@id\":\"https:\\\/\\\/www.eldigitaldeasturias.com\\\/noticias\\\/author\\\/admin\\\/#author\"},\"publisher\":{\"@id\":\"https:\\\/\\\/www.eldigitaldeasturias.com\\\/noticias\\\/#organization\"},\"image\":{\"@type\":\"ImageObject\",\"url\":\"https:\\\/\\\/www.eldigitaldeasturias.com\\\/noticias\\\/wp-content\\\/uploads\\\/2026\\\/06\\\/Contenidos.jpg\",\"width\":1265,\"height\":697,\"caption\":\"Contenidos\"},\"datePublished\":\"2014-01-23T17:31:54+01:00\",\"dateModified\":\"2014-01-23T17:31:54+01:00\",\"inLanguage\":\"es-ES\",\"mainEntityOfPage\":{\"@id\":\"https:\\\/\\\/www.eldigitaldeasturias.com\\\/noticias\\\/consuelo-ordonez-afirma-que-con-la-gestion-de-este-gobierno-matar-ha-servido\\\/#webpage\"},\"isPartOf\":{\"@id\":\"https:\\\/\\\/www.eldigitaldeasturias.com\\\/noticias\\\/consuelo-ordonez-afirma-que-con-la-gestion-de-este-gobierno-matar-ha-servido\\\/#webpage\"},\"articleSection\":\"Actualidad\"},{\"@type\":\"BreadcrumbList\",\"@id\":\"https:\\\/\\\/www.eldigitaldeasturias.com\\\/noticias\\\/consuelo-ordonez-afirma-que-con-la-gestion-de-este-gobierno-matar-ha-servido\\\/#breadcrumblist\",\"itemListElement\":[{\"@type\":\"ListItem\",\"@id\":\"https:\\\/\\\/www.eldigitaldeasturias.com\\\/noticias#listItem\",\"position\":1,\"name\":\"Home\",\"item\":\"https:\\\/\\\/www.eldigitaldeasturias.com\\\/noticias\",\"nextItem\":{\"@type\":\"ListItem\",\"@id\":\"https:\\\/\\\/www.eldigitaldeasturias.com\\\/noticias\\\/category\\\/actualidad\\\/#listItem\",\"name\":\"Actualidad\"}},{\"@type\":\"ListItem\",\"@id\":\"https:\\\/\\\/www.eldigitaldeasturias.com\\\/noticias\\\/category\\\/actualidad\\\/#listItem\",\"position\":2,\"name\":\"Actualidad\",\"item\":\"https:\\\/\\\/www.eldigitaldeasturias.com\\\/noticias\\\/category\\\/actualidad\\\/\",\"nextItem\":{\"@type\":\"ListItem\",\"@id\":\"https:\\\/\\\/www.eldigitaldeasturias.com\\\/noticias\\\/consuelo-ordonez-afirma-que-con-la-gestion-de-este-gobierno-matar-ha-servido\\\/#listItem\",\"name\":\"Consuelo Ord\\u00f3\\u00f1ez afirma que con la gesti\\u00f3n de este Gobierno, \\u00abmatar ha servido\\u00bb\"},\"previousItem\":{\"@type\":\"ListItem\",\"@id\":\"https:\\\/\\\/www.eldigitaldeasturias.com\\\/noticias#listItem\",\"name\":\"Home\"}},{\"@type\":\"ListItem\",\"@id\":\"https:\\\/\\\/www.eldigitaldeasturias.com\\\/noticias\\\/consuelo-ordonez-afirma-que-con-la-gestion-de-este-gobierno-matar-ha-servido\\\/#listItem\",\"position\":3,\"name\":\"Consuelo Ord\\u00f3\\u00f1ez afirma que con la gesti\\u00f3n de este Gobierno, \\u00abmatar ha servido\\u00bb\",\"previousItem\":{\"@type\":\"ListItem\",\"@id\":\"https:\\\/\\\/www.eldigitaldeasturias.com\\\/noticias\\\/category\\\/actualidad\\\/#listItem\",\"name\":\"Actualidad\"}}]},{\"@type\":\"Organization\",\"@id\":\"https:\\\/\\\/www.eldigitaldeasturias.com\\\/noticias\\\/#organization\",\"name\":\"El Digital de Asturias\",\"description\":\"Hemeroteca\",\"url\":\"https:\\\/\\\/www.eldigitaldeasturias.com\\\/noticias\\\/\",\"email\":\"info@eldigitaldeasturias.com\",\"telephone\":\"+34652131393\",\"logo\":{\"@type\":\"ImageObject\",\"url\":\"https:\\\/\\\/www.eldigitaldeasturias.com\\\/noticias\\\/wp-content\\\/uploads\\\/2020\\\/12\\\/EDA.jpg\",\"@id\":\"https:\\\/\\\/www.eldigitaldeasturias.com\\\/noticias\\\/consuelo-ordonez-afirma-que-con-la-gestion-de-este-gobierno-matar-ha-servido\\\/#organizationLogo\"},\"image\":{\"@id\":\"https:\\\/\\\/www.eldigitaldeasturias.com\\\/noticias\\\/consuelo-ordonez-afirma-que-con-la-gestion-de-este-gobierno-matar-ha-servido\\\/#organizationLogo\"},\"sameAs\":[\"https:\\\/\\\/facebook.com\\\/eldigitaldeasturias\",\"https:\\\/\\\/www.youtube.com\\\/channel\\\/UCZP-2wLEB9Rv6erhFmqVnvg\"],\"address\":{\"@id\":\"https:\\\/\\\/www.eldigitaldeasturias.com\\\/noticias\\\/#postaladdress\",\"@type\":\"PostalAddress\",\"streetAddress\":\"san antonio 4\",\"postalCode\":\"33430\",\"addressLocality\":\"Cand\\u00e1s\",\"addressRegion\":\"Asturias\",\"addressCountry\":\"ES\"}},{\"@type\":\"Person\",\"@id\":\"https:\\\/\\\/www.eldigitaldeasturias.com\\\/noticias\\\/author\\\/admin\\\/#author\",\"url\":\"https:\\\/\\\/www.eldigitaldeasturias.com\\\/noticias\\\/author\\\/admin\\\/\",\"name\":\"El Digital de Asturias\",\"image\":{\"@type\":\"ImageObject\",\"@id\":\"https:\\\/\\\/www.eldigitaldeasturias.com\\\/noticias\\\/consuelo-ordonez-afirma-que-con-la-gestion-de-este-gobierno-matar-ha-servido\\\/#authorImage\",\"url\":\"https:\\\/\\\/secure.gravatar.com\\\/avatar\\\/df2aeffc32bcd13f8d26072ef8a91b623d677766deac7f97ca815868cd41bf5e?s=96&d=mm&r=g\",\"width\":96,\"height\":96,\"caption\":\"El Digital de Asturias\"}},{\"@type\":\"WebPage\",\"@id\":\"https:\\\/\\\/www.eldigitaldeasturias.com\\\/noticias\\\/consuelo-ordonez-afirma-que-con-la-gestion-de-este-gobierno-matar-ha-servido\\\/#webpage\",\"url\":\"https:\\\/\\\/www.eldigitaldeasturias.com\\\/noticias\\\/consuelo-ordonez-afirma-que-con-la-gestion-de-este-gobierno-matar-ha-servido\\\/\",\"name\":\"Consuelo Ord\\u00f3\\u00f1ez afirma que con la gesti\\u00f3n de este Gobierno, \\u00abmatar ha servido\\u00bb - El Digital de Asturias\",\"description\":\"Bilbao, 23 ene (EFE).- Consuelo Ord\\u00f3\\u00f1ez, hermana del dirigente del PP asesinado por ETA Gregorio Ord\\u00f3\\u00f1ez, ha recordado hoy que su hermano dec\\u00eda que \\\"nunca servir\\u00e1 de nada matar\\\", pero, ha opinado, se est\\u00e1 viendo que \\\"con la gesti\\u00f3n de este Gobierno est\\u00e1 sirviendo y de mucho\\\". Ord\\u00f3\\u00f1ez, en declaraciones a Radio Euskadi, se ha\",\"inLanguage\":\"es-ES\",\"isPartOf\":{\"@id\":\"https:\\\/\\\/www.eldigitaldeasturias.com\\\/noticias\\\/#website\"},\"breadcrumb\":{\"@id\":\"https:\\\/\\\/www.eldigitaldeasturias.com\\\/noticias\\\/consuelo-ordonez-afirma-que-con-la-gestion-de-este-gobierno-matar-ha-servido\\\/#breadcrumblist\"},\"author\":{\"@id\":\"https:\\\/\\\/www.eldigitaldeasturias.com\\\/noticias\\\/author\\\/admin\\\/#author\"},\"creator\":{\"@id\":\"https:\\\/\\\/www.eldigitaldeasturias.com\\\/noticias\\\/author\\\/admin\\\/#author\"},\"image\":{\"@type\":\"ImageObject\",\"url\":\"https:\\\/\\\/www.eldigitaldeasturias.com\\\/noticias\\\/wp-content\\\/uploads\\\/2026\\\/06\\\/Contenidos.jpg\",\"@id\":\"https:\\\/\\\/www.eldigitaldeasturias.com\\\/noticias\\\/consuelo-ordonez-afirma-que-con-la-gestion-de-este-gobierno-matar-ha-servido\\\/#mainImage\",\"width\":1265,\"height\":697,\"caption\":\"Contenidos\"},\"primaryImageOfPage\":{\"@id\":\"https:\\\/\\\/www.eldigitaldeasturias.com\\\/noticias\\\/consuelo-ordonez-afirma-que-con-la-gestion-de-este-gobierno-matar-ha-servido\\\/#mainImage\"},\"datePublished\":\"2014-01-23T17:31:54+01:00\",\"dateModified\":\"2014-01-23T17:31:54+01:00\"},{\"@type\":\"WebSite\",\"@id\":\"https:\\\/\\\/www.eldigitaldeasturias.com\\\/noticias\\\/#website\",\"url\":\"https:\\\/\\\/www.eldigitaldeasturias.com\\\/noticias\\\/\",\"name\":\"El Digital de Asturias - Diario de actualidad y noticias\",\"alternateName\":\"El Digital de Asturias - Diario de actualidad y noticias\",\"description\":\"Hemeroteca\",\"inLanguage\":\"es-ES\",\"publisher\":{\"@id\":\"https:\\\/\\\/www.eldigitaldeasturias.com\\\/noticias\\\/#organization\"}}]}\n\t\t<\/script>\n\t\t<!-- All in One SEO Pro -->\r\n\t\t<title>Consuelo Ord\u00f3\u00f1ez afirma que con la gesti\u00f3n de este Gobierno, \u00abmatar ha servido\u00bb - El Digital de Asturias<\/title>\n\n","aioseo_head_json":{"title":"Consuelo Ord\u00f3\u00f1ez afirma que con la gesti\u00f3n de este Gobierno, \u00abmatar ha servido\u00bb - El Digital de Asturias","description":"Bilbao, 23 ene (EFE).- Consuelo Ord\u00f3\u00f1ez, hermana del dirigente del PP asesinado por ETA Gregorio Ord\u00f3\u00f1ez, ha recordado hoy que su hermano dec\u00eda que \"nunca servir\u00e1 de nada matar\", pero, ha opinado, se est\u00e1 viendo que \"con la gesti\u00f3n de este Gobierno est\u00e1 sirviendo y de mucho\". Ord\u00f3\u00f1ez, en declaraciones a Radio Euskadi, se ha","canonical_url":"https:\/\/www.eldigitaldeasturias.com\/noticias\/consuelo-ordonez-afirma-que-con-la-gestion-de-este-gobierno-matar-ha-servido\/","robots":"max-image-preview:large","keywords":"actualidad","webmasterTools":{"google-site-verification":"UA-38556648-1","msvalidate.01":"7dfe9f3f1b24437ab69f4f2559babe99","miscellaneous":""},"schema":{"@context":"https:\/\/schema.org","@graph":[{"@type":"BlogPosting","@id":"https:\/\/www.eldigitaldeasturias.com\/noticias\/consuelo-ordonez-afirma-que-con-la-gestion-de-este-gobierno-matar-ha-servido\/#blogposting","name":"Consuelo Ord\u00f3\u00f1ez afirma que con la gesti\u00f3n de este Gobierno, \u00abmatar ha servido\u00bb - El Digital de Asturias","headline":"Consuelo Ord\u00f3\u00f1ez afirma que con la gesti\u00f3n de este Gobierno, \u00abmatar ha servido\u00bb","author":{"@id":"https:\/\/www.eldigitaldeasturias.com\/noticias\/author\/admin\/#author"},"publisher":{"@id":"https:\/\/www.eldigitaldeasturias.com\/noticias\/#organization"},"image":{"@type":"ImageObject","url":"https:\/\/www.eldigitaldeasturias.com\/noticias\/wp-content\/uploads\/2026\/06\/Contenidos.jpg","width":1265,"height":697,"caption":"Contenidos"},"datePublished":"2014-01-23T17:31:54+01:00","dateModified":"2014-01-23T17:31:54+01:00","inLanguage":"es-ES","mainEntityOfPage":{"@id":"https:\/\/www.eldigitaldeasturias.com\/noticias\/consuelo-ordonez-afirma-que-con-la-gestion-de-este-gobierno-matar-ha-servido\/#webpage"},"isPartOf":{"@id":"https:\/\/www.eldigitaldeasturias.com\/noticias\/consuelo-ordonez-afirma-que-con-la-gestion-de-este-gobierno-matar-ha-servido\/#webpage"},"articleSection":"Actualidad"},{"@type":"BreadcrumbList","@id":"https:\/\/www.eldigitaldeasturias.com\/noticias\/consuelo-ordonez-afirma-que-con-la-gestion-de-este-gobierno-matar-ha-servido\/#breadcrumblist","itemListElement":[{"@type":"ListItem","@id":"https:\/\/www.eldigitaldeasturias.com\/noticias#listItem","position":1,"name":"Home","item":"https:\/\/www.eldigitaldeasturias.com\/noticias","nextItem":{"@type":"ListItem","@id":"https:\/\/www.eldigitaldeasturias.com\/noticias\/category\/actualidad\/#listItem","name":"Actualidad"}},{"@type":"ListItem","@id":"https:\/\/www.eldigitaldeasturias.com\/noticias\/category\/actualidad\/#listItem","position":2,"name":"Actualidad","item":"https:\/\/www.eldigitaldeasturias.com\/noticias\/category\/actualidad\/","nextItem":{"@type":"ListItem","@id":"https:\/\/www.eldigitaldeasturias.com\/noticias\/consuelo-ordonez-afirma-que-con-la-gestion-de-este-gobierno-matar-ha-servido\/#listItem","name":"Consuelo Ord\u00f3\u00f1ez afirma que con la gesti\u00f3n de este Gobierno, \u00abmatar ha servido\u00bb"},"previousItem":{"@type":"ListItem","@id":"https:\/\/www.eldigitaldeasturias.com\/noticias#listItem","name":"Home"}},{"@type":"ListItem","@id":"https:\/\/www.eldigitaldeasturias.com\/noticias\/consuelo-ordonez-afirma-que-con-la-gestion-de-este-gobierno-matar-ha-servido\/#listItem","position":3,"name":"Consuelo Ord\u00f3\u00f1ez afirma que con la gesti\u00f3n de este Gobierno, \u00abmatar ha servido\u00bb","previousItem":{"@type":"ListItem","@id":"https:\/\/www.eldigitaldeasturias.com\/noticias\/category\/actualidad\/#listItem","name":"Actualidad"}}]},{"@type":"Organization","@id":"https:\/\/www.eldigitaldeasturias.com\/noticias\/#organization","name":"El Digital de Asturias","description":"Hemeroteca","url":"https:\/\/www.eldigitaldeasturias.com\/noticias\/","email":"info@eldigitaldeasturias.com","telephone":"+34652131393","logo":{"@type":"ImageObject","url":"https:\/\/www.eldigitaldeasturias.com\/noticias\/wp-content\/uploads\/2020\/12\/EDA.jpg","@id":"https:\/\/www.eldigitaldeasturias.com\/noticias\/consuelo-ordonez-afirma-que-con-la-gestion-de-este-gobierno-matar-ha-servido\/#organizationLogo"},"image":{"@id":"https:\/\/www.eldigitaldeasturias.com\/noticias\/consuelo-ordonez-afirma-que-con-la-gestion-de-este-gobierno-matar-ha-servido\/#organizationLogo"},"sameAs":["https:\/\/facebook.com\/eldigitaldeasturias","https:\/\/www.youtube.com\/channel\/UCZP-2wLEB9Rv6erhFmqVnvg"],"address":{"@id":"https:\/\/www.eldigitaldeasturias.com\/noticias\/#postaladdress","@type":"PostalAddress","streetAddress":"san antonio 4","postalCode":"33430","addressLocality":"Cand\u00e1s","addressRegion":"Asturias","addressCountry":"ES"}},{"@type":"Person","@id":"https:\/\/www.eldigitaldeasturias.com\/noticias\/author\/admin\/#author","url":"https:\/\/www.eldigitaldeasturias.com\/noticias\/author\/admin\/","name":"El Digital de Asturias","image":{"@type":"ImageObject","@id":"https:\/\/www.eldigitaldeasturias.com\/noticias\/consuelo-ordonez-afirma-que-con-la-gestion-de-este-gobierno-matar-ha-servido\/#authorImage","url":"https:\/\/secure.gravatar.com\/avatar\/df2aeffc32bcd13f8d26072ef8a91b623d677766deac7f97ca815868cd41bf5e?s=96&d=mm&r=g","width":96,"height":96,"caption":"El Digital de Asturias"}},{"@type":"WebPage","@id":"https:\/\/www.eldigitaldeasturias.com\/noticias\/consuelo-ordonez-afirma-que-con-la-gestion-de-este-gobierno-matar-ha-servido\/#webpage","url":"https:\/\/www.eldigitaldeasturias.com\/noticias\/consuelo-ordonez-afirma-que-con-la-gestion-de-este-gobierno-matar-ha-servido\/","name":"Consuelo Ord\u00f3\u00f1ez afirma que con la gesti\u00f3n de este Gobierno, \u00abmatar ha servido\u00bb - El Digital de Asturias","description":"Bilbao, 23 ene (EFE).- Consuelo Ord\u00f3\u00f1ez, hermana del dirigente del PP asesinado por ETA Gregorio Ord\u00f3\u00f1ez, ha recordado hoy que su hermano dec\u00eda que \"nunca servir\u00e1 de nada matar\", pero, ha opinado, se est\u00e1 viendo que \"con la gesti\u00f3n de este Gobierno est\u00e1 sirviendo y de mucho\". Ord\u00f3\u00f1ez, en declaraciones a Radio Euskadi, se ha","inLanguage":"es-ES","isPartOf":{"@id":"https:\/\/www.eldigitaldeasturias.com\/noticias\/#website"},"breadcrumb":{"@id":"https:\/\/www.eldigitaldeasturias.com\/noticias\/consuelo-ordonez-afirma-que-con-la-gestion-de-este-gobierno-matar-ha-servido\/#breadcrumblist"},"author":{"@id":"https:\/\/www.eldigitaldeasturias.com\/noticias\/author\/admin\/#author"},"creator":{"@id":"https:\/\/www.eldigitaldeasturias.com\/noticias\/author\/admin\/#author"},"image":{"@type":"ImageObject","url":"https:\/\/www.eldigitaldeasturias.com\/noticias\/wp-content\/uploads\/2026\/06\/Contenidos.jpg","@id":"https:\/\/www.eldigitaldeasturias.com\/noticias\/consuelo-ordonez-afirma-que-con-la-gestion-de-este-gobierno-matar-ha-servido\/#mainImage","width":1265,"height":697,"caption":"Contenidos"},"primaryImageOfPage":{"@id":"https:\/\/www.eldigitaldeasturias.com\/noticias\/consuelo-ordonez-afirma-que-con-la-gestion-de-este-gobierno-matar-ha-servido\/#mainImage"},"datePublished":"2014-01-23T17:31:54+01:00","dateModified":"2014-01-23T17:31:54+01:00"},{"@type":"WebSite","@id":"https:\/\/www.eldigitaldeasturias.com\/noticias\/#website","url":"https:\/\/www.eldigitaldeasturias.com\/noticias\/","name":"El Digital de Asturias - Diario de actualidad y noticias","alternateName":"El Digital de Asturias - Diario de actualidad y noticias","description":"Hemeroteca","inLanguage":"es-ES","publisher":{"@id":"https:\/\/www.eldigitaldeasturias.com\/noticias\/#organization"}}]},"og:locale":"es_ES","og:site_name":"El Digital de Asturias","og:type":"article","og:title":"Consuelo Ord\u00f3\u00f1ez afirma que con la gesti\u00f3n de este Gobierno, \u00abmatar ha servido\u00bb - El Digital de Asturias","og:description":"Bilbao, 23 ene (EFE).- Consuelo Ord\u00f3\u00f1ez, hermana del dirigente del PP asesinado por ETA Gregorio Ord\u00f3\u00f1ez, ha recordado hoy que su hermano dec\u00eda que &quot;nunca servir\u00e1 de nada matar&quot;, pero, ha opinado, se est\u00e1 viendo que &quot;con la gesti\u00f3n de este Gobierno est\u00e1 sirviendo y de mucho&quot;. Ord\u00f3\u00f1ez, en declaraciones a Radio Euskadi, se ha","og:url":"https:\/\/www.eldigitaldeasturias.com\/noticias\/consuelo-ordonez-afirma-que-con-la-gestion-de-este-gobierno-matar-ha-servido\/","og:image":"https:\/\/www.eldigitaldeasturias.com\/noticias\/wp-content\/uploads\/2026\/06\/Contenidos.jpg","og:image:secure_url":"https:\/\/www.eldigitaldeasturias.com\/noticias\/wp-content\/uploads\/2026\/06\/Contenidos.jpg","og:image:width":1265,"og:image:height":697,"article:tag":["actualidad"],"article:published_time":"2014-01-23T18:31:54+00:00","article:modified_time":"2014-01-23T18:31:54+00:00","article:publisher":"https:\/\/facebook.com\/eldigitaldeasturias","twitter:card":"summary_large_image","twitter:title":"Consuelo Ord\u00f3\u00f1ez afirma que con la gesti\u00f3n de este Gobierno, \u00abmatar ha servido\u00bb - El Digital de Asturias","twitter:description":"Bilbao, 23 ene (EFE).- Consuelo Ord\u00f3\u00f1ez, hermana del dirigente del PP asesinado por ETA Gregorio Ord\u00f3\u00f1ez, ha recordado hoy que su hermano dec\u00eda que &quot;nunca servir\u00e1 de nada matar&quot;, pero, ha opinado, se est\u00e1 viendo que &quot;con la gesti\u00f3n de este Gobierno est\u00e1 sirviendo y de mucho&quot;. Ord\u00f3\u00f1ez, en declaraciones a Radio Euskadi, se ha","twitter:image":"https:\/\/www.eldigitaldeasturias.com\/noticias\/wp-content\/uploads\/2026\/06\/Contenidos.jpg","twitter:label1":"Escrito por","twitter:data1":"El Digital de Asturias","twitter:label2":"Tiempo de lectura estimado","twitter:data2":"2 minutos"},"aioseo_meta_data":{"post_id":"477561","title":null,"description":null,"keywords":null,"keyphrases":null,"primary_term":null,"canonical_url":null,"og_title":null,"og_description":null,"og_object_type":"default","og_image_type":"default","og_image_url":null,"og_image_width":null,"og_image_height":null,"og_image_custom_url":null,"og_image_custom_fields":null,"og_video":null,"og_custom_url":null,"og_article_section":null,"og_article_tags":null,"twitter_use_og":true,"twitter_card":"default","twitter_image_type":"default","twitter_image_url":null,"twitter_image_custom_url":null,"twitter_image_custom_fields":null,"twitter_title":null,"twitter_description":null,"schema":{"blockGraphs":[],"customGraphs":[],"default":{"data":{"Article":[],"Course":[],"Dataset":[],"FAQPage":[],"Movie":[],"Person":[],"Product":[],"ProductReview":[],"Car":[],"Recipe":[],"Service":[],"SoftwareApplication":[],"WebPage":[]},"graphName":"","isEnabled":true},"graphs":[],"defaultGraph":"","defaultPostTypeGraph":""},"schema_type":null,"schema_type_options":null,"pillar_content":false,"robots_default":true,"robots_noindex":false,"robots_noarchive":false,"robots_nosnippet":false,"robots_nofollow":false,"robots_noimageindex":false,"robots_noodp":false,"robots_notranslate":false,"robots_max_snippet":null,"robots_max_videopreview":null,"robots_max_imagepreview":"none","priority":null,"frequency":null,"local_seo":null,"seo_analyzer_scan_date":"2026-06-01 18:53:49","breadcrumb_settings":null,"limit_modified_date":false,"open_ai":null,"ai":null,"created":"2020-11-14 22:53:45","updated":"2026-06-01 18:53:49","focus_keyword":null,"additional_keywords":null,"truseo_locale":null},"aioseo_breadcrumb":"<div class=\"aioseo-breadcrumbs\"><span class=\"aioseo-breadcrumb\">\n\t<a href=\"https:\/\/www.eldigitaldeasturias.com\/noticias\" title=\"Home\">Home<\/a>\n<\/span><span class=\"aioseo-breadcrumb-separator\">\u2013<\/span><span class=\"aioseo-breadcrumb\">\n\t<a href=\"https:\/\/www.eldigitaldeasturias.com\/noticias\/category\/actualidad\/\" title=\"Actualidad\">Actualidad<\/a>\n<\/span><span class=\"aioseo-breadcrumb-separator\">\u2013<\/span><span class=\"aioseo-breadcrumb\">\n\t<a href=\"https:\/\/www.eldigitaldeasturias.com\/noticias\/consuelo-ordonez-afirma-que-con-la-gestion-de-este-gobierno-matar-ha-servido\/\" title=\"Consuelo Ord\u00f3\u00f1ez afirma que con la gesti\u00f3n de este Gobierno, \u00abmatar ha servido\u00bb\">Consuelo Ord\u00f3\u00f1ez afirma que con la gesti\u00f3n de este Gobierno, \u00abmatar ha servido\u00bb<\/a>\n<\/span><\/div>","aioseo_breadcrumb_json":[{"label":"Home","link":"https:\/\/www.eldigitaldeasturias.com\/noticias"},{"label":"Actualidad","link":"https:\/\/www.eldigitaldeasturias.com\/noticias\/category\/actualidad\/"},{"label":"Consuelo Ord\u00f3\u00f1ez afirma que con la gesti\u00f3n de este Gobierno, \u00abmatar ha servido\u00bb","link":"https:\/\/www.eldigitaldeasturias.com\/noticias\/consuelo-ordonez-afirma-que-con-la-gestion-de-este-gobierno-matar-ha-servido\/"}],"_links":{"self":[{"href":"https:\/\/www.eldigitaldeasturias.com\/noticias\/wp-json\/wp\/v2\/posts\/477561","targetHints":{"allow":["GET"]}}],"collection":[{"href":"https:\/\/www.eldigitaldeasturias.com\/noticias\/wp-json\/wp\/v2\/posts"}],"about":[{"href":"https:\/\/www.eldigitaldeasturias.com\/noticias\/wp-json\/wp\/v2\/types\/post"}],"author":[{"embeddable":true,"href":"https:\/\/www.eldigitaldeasturias.com\/noticias\/wp-json\/wp\/v2\/users\/1"}],"replies":[{"embeddable":true,"href":"https:\/\/www.eldigitaldeasturias.com\/noticias\/wp-json\/wp\/v2\/comments?post=477561"}],"version-history":[{"count":0,"href":"https:\/\/www.eldigitaldeasturias.com\/noticias\/wp-json\/wp\/v2\/posts\/477561\/revisions"}],"wp:featuredmedia":[{"embeddable":true,"href":"https:\/\/www.eldigitaldeasturias.com\/noticias\/wp-json\/wp\/v2\/media\/1132184"}],"wp:attachment":[{"href":"https:\/\/www.eldigitaldeasturias.com\/noticias\/wp-json\/wp\/v2\/media?parent=477561"}],"wp:term":[{"taxonomy":"category","embeddable":true,"href":"https:\/\/www.eldigitaldeasturias.com\/noticias\/wp-json\/wp\/v2\/categories?post=477561"},{"taxonomy":"post_tag","embeddable":true,"href":"https:\/\/www.eldigitaldeasturias.com\/noticias\/wp-json\/wp\/v2\/tags?post=477561"}],"curies":[{"name":"wp","href":"https:\/\/api.w.org\/{rel}","templated":true}]}}