{"id":477543,"date":"2014-01-23T16:15:57","date_gmt":"2014-01-23T17:15:57","guid":{"rendered":"http:\/\/www.eldigitaldeasturias.com\/noticias\/?p=477543"},"modified":"2014-01-23T16:16:28","modified_gmt":"2014-01-23T17:16:28","slug":"susana-diaz-mantiene-que-las-balanzas-fiscales-se-utilizan-para-confrontar","status":"publish","type":"post","link":"https:\/\/www.eldigitaldeasturias.com\/noticias\/susana-diaz-mantiene-que-las-balanzas-fiscales-se-utilizan-para-confrontar\/","title":{"rendered":"Susana D\u00edaz mantiene que las balanzas fiscales se utilizan para confrontar"},"content":{"rendered":"<p><img loading=\"lazy\" decoding=\"async\" class=\"alignleft size-medium wp-image-477544\" alt=\"5870173w\" src=\"https:\/\/www.eldigitaldeasturias.com\/noticias\/wp-content\/uploads\/2014\/01\/5870173w-360x222.jpg\" width=\"360\" height=\"222\" \/>Madrid, 23 ene (EFE).- La presidenta de la Junta de Andaluc\u00eda, Susana D\u00edaz, ha mantenido hoy que \u00ablas balanzas fiscales son instrumentos que se utilizan para confrontar\u00bb, a pesar de que la pr\u00f3xima publicaci\u00f3n de las mismas podr\u00edan beneficiar a esta comunidad y a Catalu\u00f1a, seg\u00fan publica hoy un medio de comunicaci\u00f3n.<\/p>\n<p>En declaraciones en Fitur, D\u00edaz ha dicho \u00ab\u00bbNo estoy de acuerdo en utilizar las balanzas fiscales ni cuando nos benefician ni cuando nos perjudican\u00bb, al tiempo que ha a\u00f1adido que puede \u00abhaber muchas\u00bb, ya que depende de \u00abquien\u00bb las haga y con el \u00e1nimo que las haga.<\/p>\n<p>Tras comentar que no sabe si las pr\u00f3ximas balanzas fiscales les beneficiar\u00e1n, ha apelado a la \u00abcoherencia en pol\u00edtica\u00bb, ya que si siempre ha dicho que se \u00abutilizan para confrontar\u00bb, lo sigue manteniendo aunque algunos digan ahora que benefician a Andaluc\u00eda.<\/p>\n<p>En este sentido, ha insistido en que Andaluc\u00eda no recibe lo que les corresponde y \u00abest\u00e1 mal financiada\u00bb porque se \u00abest\u00e1 aplicando mal el sistema de financiaci\u00f3n\u00bb, al igual que en Catalu\u00f1a.<\/p>\n<p>A su juicio, si hay voluntad de corregir las cosas s\u00f3lo hay que hacer lo que se acord\u00f3 en la Conferencia de Presidentes, en el sentido de analizar que se est\u00e1 aplicando mal y corregirlo, ya que de esa manera no ser\u00edan necesarias las balanzas fiscales porque \u00abno habr\u00eda que justificar agravios ni comparaciones entre una comunidad y otra\u00bb.<\/p>\n<p>Ha recordado, que en los tres a\u00f1os contabilizados del sistema de aplicaci\u00f3n, Andaluc\u00eda ha dejado de percibir sobre \u00abdos mil ochocientos millones de euros\u00bb.<\/p>\n","protected":false},"excerpt":{"rendered":"<p>Madrid, 23 ene (EFE).- La presidenta de la Junta de Andaluc\u00eda, Susana D\u00edaz, ha mantenido hoy que \u00ablas balanzas fiscales son instrumentos que se utilizan para confrontar\u00bb, a pesar de que la pr\u00f3xima publicaci\u00f3n de las mismas podr\u00edan beneficiar a esta comunidad y a Catalu\u00f1a, seg\u00fan publica hoy un medio de comunicaci\u00f3n. En declaraciones en [&hellip;]<\/p>\n","protected":false},"author":1,"featured_media":1132184,"comment_status":"closed","ping_status":"open","sticky":false,"template":"","format":"standard","meta":{"footnotes":""},"categories":[1],"tags":[],"class_list":["post-477543","post","type-post","status-publish","format-standard","has-post-thumbnail","hentry","category-actualidad"],"aioseo_notices":[],"aioseo_head":"\n\t\t<!-- All in One SEO Pro 5.0.1 - aioseo.com -->\n\t<meta name=\"description\" content=\"Madrid, 23 ene (EFE).- La presidenta de la Junta de Andaluc\u00eda, Susana D\u00edaz, ha mantenido hoy que &quot;las balanzas fiscales son instrumentos que se utilizan para confrontar&quot;, a pesar de que la pr\u00f3xima publicaci\u00f3n de las mismas podr\u00edan beneficiar a esta comunidad y a Catalu\u00f1a, seg\u00fan publica hoy un medio de comunicaci\u00f3n. En declaraciones en\" \/>\n\t<meta name=\"robots\" content=\"max-image-preview:large\" \/>\n\t<meta name=\"author\" content=\"El Digital de Asturias\"\/>\n\t<meta name=\"google-site-verification\" content=\"UA-38556648-1\" \/>\n\t<meta name=\"msvalidate.01\" content=\"7dfe9f3f1b24437ab69f4f2559babe99\" \/>\n\t<meta name=\"keywords\" content=\"actualidad\" \/>\n\t<link rel=\"canonical\" href=\"https:\/\/www.eldigitaldeasturias.com\/noticias\/susana-diaz-mantiene-que-las-balanzas-fiscales-se-utilizan-para-confrontar\/\" \/>\n\t<meta name=\"generator\" content=\"All in One SEO Pro (AIOSEO) 5.0.1\" \/>\n\t\t<meta property=\"og:locale\" content=\"es_ES\" \/>\n\t\t<meta property=\"og:site_name\" content=\"El Digital de Asturias\" \/>\n\t\t<meta property=\"og:type\" content=\"article\" \/>\n\t\t<meta property=\"og:title\" content=\"Susana D\u00edaz mantiene que las balanzas fiscales se utilizan para confrontar - El Digital de Asturias\" \/>\n\t\t<meta property=\"og:description\" content=\"Madrid, 23 ene (EFE).- La presidenta de la Junta de Andaluc\u00eda, Susana D\u00edaz, ha mantenido hoy que &quot;las balanzas fiscales son instrumentos que se utilizan para confrontar&quot;, a pesar de que la pr\u00f3xima publicaci\u00f3n de las mismas podr\u00edan beneficiar a esta comunidad y a Catalu\u00f1a, seg\u00fan publica hoy un medio de comunicaci\u00f3n. En declaraciones en\" \/>\n\t\t<meta property=\"og:url\" content=\"https:\/\/www.eldigitaldeasturias.com\/noticias\/susana-diaz-mantiene-que-las-balanzas-fiscales-se-utilizan-para-confrontar\/\" \/>\n\t\t<meta property=\"og:image\" content=\"https:\/\/www.eldigitaldeasturias.com\/noticias\/wp-content\/uploads\/2026\/06\/Contenidos.jpg\" \/>\n\t\t<meta property=\"og:image:secure_url\" content=\"https:\/\/www.eldigitaldeasturias.com\/noticias\/wp-content\/uploads\/2026\/06\/Contenidos.jpg\" \/>\n\t\t<meta property=\"og:image:width\" content=\"1265\" \/>\n\t\t<meta property=\"og:image:height\" content=\"697\" \/>\n\t\t<meta property=\"article:tag\" content=\"actualidad\" \/>\n\t\t<meta property=\"article:published_time\" content=\"2014-01-23T17:15:57+00:00\" \/>\n\t\t<meta property=\"article:modified_time\" content=\"2014-01-23T17:16:28+00:00\" \/>\n\t\t<meta property=\"article:publisher\" content=\"https:\/\/facebook.com\/eldigitaldeasturias\" \/>\n\t\t<meta name=\"twitter:card\" content=\"summary_large_image\" \/>\n\t\t<meta name=\"twitter:title\" content=\"Susana D\u00edaz mantiene que las balanzas fiscales se utilizan para confrontar - El Digital de Asturias\" \/>\n\t\t<meta name=\"twitter:description\" content=\"Madrid, 23 ene (EFE).- La presidenta de la Junta de Andaluc\u00eda, Susana D\u00edaz, ha mantenido hoy que &quot;las balanzas fiscales son instrumentos que se utilizan para confrontar&quot;, a pesar de que la pr\u00f3xima publicaci\u00f3n de las mismas podr\u00edan beneficiar a esta comunidad y a Catalu\u00f1a, seg\u00fan publica hoy un medio de comunicaci\u00f3n. En declaraciones en\" \/>\n\t\t<meta name=\"twitter:image\" content=\"https:\/\/www.eldigitaldeasturias.com\/noticias\/wp-content\/uploads\/2026\/06\/Contenidos.jpg\" \/>\n\t\t<meta name=\"twitter:label1\" content=\"Escrito por\" \/>\n\t\t<meta name=\"twitter:data1\" content=\"El Digital de Asturias\" \/>\n\t\t<meta name=\"twitter:label2\" content=\"Tiempo de lectura estimado\" \/>\n\t\t<meta name=\"twitter:data2\" content=\"1 minuto\" \/>\n\t\t<script type=\"application\/ld+json\" class=\"aioseo-schema\">\n\t\t\t{\"@context\":\"https:\\\/\\\/schema.org\",\"@graph\":[{\"@type\":\"BlogPosting\",\"@id\":\"https:\\\/\\\/www.eldigitaldeasturias.com\\\/noticias\\\/susana-diaz-mantiene-que-las-balanzas-fiscales-se-utilizan-para-confrontar\\\/#blogposting\",\"name\":\"Susana D\\u00edaz mantiene que las balanzas fiscales se utilizan para confrontar - El Digital de Asturias\",\"headline\":\"Susana D\\u00edaz mantiene que las balanzas fiscales se utilizan para confrontar\",\"author\":{\"@id\":\"https:\\\/\\\/www.eldigitaldeasturias.com\\\/noticias\\\/author\\\/admin\\\/#author\"},\"publisher\":{\"@id\":\"https:\\\/\\\/www.eldigitaldeasturias.com\\\/noticias\\\/#organization\"},\"image\":{\"@type\":\"ImageObject\",\"url\":\"https:\\\/\\\/www.eldigitaldeasturias.com\\\/noticias\\\/wp-content\\\/uploads\\\/2026\\\/06\\\/Contenidos.jpg\",\"width\":1265,\"height\":697,\"caption\":\"Contenidos\"},\"datePublished\":\"2014-01-23T16:15:57+01:00\",\"dateModified\":\"2014-01-23T16:16:28+01:00\",\"inLanguage\":\"es-ES\",\"mainEntityOfPage\":{\"@id\":\"https:\\\/\\\/www.eldigitaldeasturias.com\\\/noticias\\\/susana-diaz-mantiene-que-las-balanzas-fiscales-se-utilizan-para-confrontar\\\/#webpage\"},\"isPartOf\":{\"@id\":\"https:\\\/\\\/www.eldigitaldeasturias.com\\\/noticias\\\/susana-diaz-mantiene-que-las-balanzas-fiscales-se-utilizan-para-confrontar\\\/#webpage\"},\"articleSection\":\"Actualidad\"},{\"@type\":\"BreadcrumbList\",\"@id\":\"https:\\\/\\\/www.eldigitaldeasturias.com\\\/noticias\\\/susana-diaz-mantiene-que-las-balanzas-fiscales-se-utilizan-para-confrontar\\\/#breadcrumblist\",\"itemListElement\":[{\"@type\":\"ListItem\",\"@id\":\"https:\\\/\\\/www.eldigitaldeasturias.com\\\/noticias#listItem\",\"position\":1,\"name\":\"Home\",\"item\":\"https:\\\/\\\/www.eldigitaldeasturias.com\\\/noticias\",\"nextItem\":{\"@type\":\"ListItem\",\"@id\":\"https:\\\/\\\/www.eldigitaldeasturias.com\\\/noticias\\\/category\\\/actualidad\\\/#listItem\",\"name\":\"Actualidad\"}},{\"@type\":\"ListItem\",\"@id\":\"https:\\\/\\\/www.eldigitaldeasturias.com\\\/noticias\\\/category\\\/actualidad\\\/#listItem\",\"position\":2,\"name\":\"Actualidad\",\"item\":\"https:\\\/\\\/www.eldigitaldeasturias.com\\\/noticias\\\/category\\\/actualidad\\\/\",\"nextItem\":{\"@type\":\"ListItem\",\"@id\":\"https:\\\/\\\/www.eldigitaldeasturias.com\\\/noticias\\\/susana-diaz-mantiene-que-las-balanzas-fiscales-se-utilizan-para-confrontar\\\/#listItem\",\"name\":\"Susana D\\u00edaz mantiene que las balanzas fiscales se utilizan para confrontar\"},\"previousItem\":{\"@type\":\"ListItem\",\"@id\":\"https:\\\/\\\/www.eldigitaldeasturias.com\\\/noticias#listItem\",\"name\":\"Home\"}},{\"@type\":\"ListItem\",\"@id\":\"https:\\\/\\\/www.eldigitaldeasturias.com\\\/noticias\\\/susana-diaz-mantiene-que-las-balanzas-fiscales-se-utilizan-para-confrontar\\\/#listItem\",\"position\":3,\"name\":\"Susana D\\u00edaz mantiene que las balanzas fiscales se utilizan para confrontar\",\"previousItem\":{\"@type\":\"ListItem\",\"@id\":\"https:\\\/\\\/www.eldigitaldeasturias.com\\\/noticias\\\/category\\\/actualidad\\\/#listItem\",\"name\":\"Actualidad\"}}]},{\"@type\":\"Organization\",\"@id\":\"https:\\\/\\\/www.eldigitaldeasturias.com\\\/noticias\\\/#organization\",\"name\":\"El Digital de Asturias\",\"description\":\"Hemeroteca\",\"url\":\"https:\\\/\\\/www.eldigitaldeasturias.com\\\/noticias\\\/\",\"email\":\"info@eldigitaldeasturias.com\",\"telephone\":\"+34652131393\",\"logo\":{\"@type\":\"ImageObject\",\"url\":\"https:\\\/\\\/www.eldigitaldeasturias.com\\\/noticias\\\/wp-content\\\/uploads\\\/2020\\\/12\\\/EDA.jpg\",\"@id\":\"https:\\\/\\\/www.eldigitaldeasturias.com\\\/noticias\\\/susana-diaz-mantiene-que-las-balanzas-fiscales-se-utilizan-para-confrontar\\\/#organizationLogo\"},\"image\":{\"@id\":\"https:\\\/\\\/www.eldigitaldeasturias.com\\\/noticias\\\/susana-diaz-mantiene-que-las-balanzas-fiscales-se-utilizan-para-confrontar\\\/#organizationLogo\"},\"sameAs\":[\"https:\\\/\\\/facebook.com\\\/eldigitaldeasturias\",\"https:\\\/\\\/www.youtube.com\\\/channel\\\/UCZP-2wLEB9Rv6erhFmqVnvg\"],\"address\":{\"@id\":\"https:\\\/\\\/www.eldigitaldeasturias.com\\\/noticias\\\/#postaladdress\",\"@type\":\"PostalAddress\",\"streetAddress\":\"san antonio 4\",\"postalCode\":\"33430\",\"addressLocality\":\"Cand\\u00e1s\",\"addressRegion\":\"Asturias\",\"addressCountry\":\"ES\"}},{\"@type\":\"Person\",\"@id\":\"https:\\\/\\\/www.eldigitaldeasturias.com\\\/noticias\\\/author\\\/admin\\\/#author\",\"url\":\"https:\\\/\\\/www.eldigitaldeasturias.com\\\/noticias\\\/author\\\/admin\\\/\",\"name\":\"El Digital de Asturias\",\"image\":{\"@type\":\"ImageObject\",\"@id\":\"https:\\\/\\\/www.eldigitaldeasturias.com\\\/noticias\\\/susana-diaz-mantiene-que-las-balanzas-fiscales-se-utilizan-para-confrontar\\\/#authorImage\",\"url\":\"https:\\\/\\\/secure.gravatar.com\\\/avatar\\\/df2aeffc32bcd13f8d26072ef8a91b623d677766deac7f97ca815868cd41bf5e?s=96&d=mm&r=g\",\"width\":96,\"height\":96,\"caption\":\"El Digital de Asturias\"}},{\"@type\":\"WebPage\",\"@id\":\"https:\\\/\\\/www.eldigitaldeasturias.com\\\/noticias\\\/susana-diaz-mantiene-que-las-balanzas-fiscales-se-utilizan-para-confrontar\\\/#webpage\",\"url\":\"https:\\\/\\\/www.eldigitaldeasturias.com\\\/noticias\\\/susana-diaz-mantiene-que-las-balanzas-fiscales-se-utilizan-para-confrontar\\\/\",\"name\":\"Susana D\\u00edaz mantiene que las balanzas fiscales se utilizan para confrontar - El Digital de Asturias\",\"description\":\"Madrid, 23 ene (EFE).- La presidenta de la Junta de Andaluc\\u00eda, Susana D\\u00edaz, ha mantenido hoy que \\\"las balanzas fiscales son instrumentos que se utilizan para confrontar\\\", a pesar de que la pr\\u00f3xima publicaci\\u00f3n de las mismas podr\\u00edan beneficiar a esta comunidad y a Catalu\\u00f1a, seg\\u00fan publica hoy un medio de comunicaci\\u00f3n. En declaraciones en\",\"inLanguage\":\"es-ES\",\"isPartOf\":{\"@id\":\"https:\\\/\\\/www.eldigitaldeasturias.com\\\/noticias\\\/#website\"},\"breadcrumb\":{\"@id\":\"https:\\\/\\\/www.eldigitaldeasturias.com\\\/noticias\\\/susana-diaz-mantiene-que-las-balanzas-fiscales-se-utilizan-para-confrontar\\\/#breadcrumblist\"},\"author\":{\"@id\":\"https:\\\/\\\/www.eldigitaldeasturias.com\\\/noticias\\\/author\\\/admin\\\/#author\"},\"creator\":{\"@id\":\"https:\\\/\\\/www.eldigitaldeasturias.com\\\/noticias\\\/author\\\/admin\\\/#author\"},\"image\":{\"@type\":\"ImageObject\",\"url\":\"https:\\\/\\\/www.eldigitaldeasturias.com\\\/noticias\\\/wp-content\\\/uploads\\\/2026\\\/06\\\/Contenidos.jpg\",\"@id\":\"https:\\\/\\\/www.eldigitaldeasturias.com\\\/noticias\\\/susana-diaz-mantiene-que-las-balanzas-fiscales-se-utilizan-para-confrontar\\\/#mainImage\",\"width\":1265,\"height\":697,\"caption\":\"Contenidos\"},\"primaryImageOfPage\":{\"@id\":\"https:\\\/\\\/www.eldigitaldeasturias.com\\\/noticias\\\/susana-diaz-mantiene-que-las-balanzas-fiscales-se-utilizan-para-confrontar\\\/#mainImage\"},\"datePublished\":\"2014-01-23T16:15:57+01:00\",\"dateModified\":\"2014-01-23T16:16:28+01:00\"},{\"@type\":\"WebSite\",\"@id\":\"https:\\\/\\\/www.eldigitaldeasturias.com\\\/noticias\\\/#website\",\"url\":\"https:\\\/\\\/www.eldigitaldeasturias.com\\\/noticias\\\/\",\"name\":\"El Digital de Asturias - Diario de actualidad y noticias\",\"alternateName\":\"El Digital de Asturias - Diario de actualidad y noticias\",\"description\":\"Hemeroteca\",\"inLanguage\":\"es-ES\",\"publisher\":{\"@id\":\"https:\\\/\\\/www.eldigitaldeasturias.com\\\/noticias\\\/#organization\"}}]}\n\t\t<\/script>\n\t\t<!-- All in One SEO Pro -->\r\n\t\t<title>Susana D\u00edaz mantiene que las balanzas fiscales se utilizan para confrontar - El Digital de Asturias<\/title>\n\n","aioseo_head_json":{"title":"Susana D\u00edaz mantiene que las balanzas fiscales se utilizan para confrontar - El Digital de Asturias","description":"Madrid, 23 ene (EFE).- La presidenta de la Junta de Andaluc\u00eda, Susana D\u00edaz, ha mantenido hoy que \"las balanzas fiscales son instrumentos que se utilizan para confrontar\", a pesar de que la pr\u00f3xima publicaci\u00f3n de las mismas podr\u00edan beneficiar a esta comunidad y a Catalu\u00f1a, seg\u00fan publica hoy un medio de comunicaci\u00f3n. En declaraciones en","canonical_url":"https:\/\/www.eldigitaldeasturias.com\/noticias\/susana-diaz-mantiene-que-las-balanzas-fiscales-se-utilizan-para-confrontar\/","robots":"max-image-preview:large","keywords":"actualidad","webmasterTools":{"google-site-verification":"UA-38556648-1","msvalidate.01":"7dfe9f3f1b24437ab69f4f2559babe99","miscellaneous":""},"schema":{"@context":"https:\/\/schema.org","@graph":[{"@type":"BlogPosting","@id":"https:\/\/www.eldigitaldeasturias.com\/noticias\/susana-diaz-mantiene-que-las-balanzas-fiscales-se-utilizan-para-confrontar\/#blogposting","name":"Susana D\u00edaz mantiene que las balanzas fiscales se utilizan para confrontar - El Digital de Asturias","headline":"Susana D\u00edaz mantiene que las balanzas fiscales se utilizan para confrontar","author":{"@id":"https:\/\/www.eldigitaldeasturias.com\/noticias\/author\/admin\/#author"},"publisher":{"@id":"https:\/\/www.eldigitaldeasturias.com\/noticias\/#organization"},"image":{"@type":"ImageObject","url":"https:\/\/www.eldigitaldeasturias.com\/noticias\/wp-content\/uploads\/2026\/06\/Contenidos.jpg","width":1265,"height":697,"caption":"Contenidos"},"datePublished":"2014-01-23T16:15:57+01:00","dateModified":"2014-01-23T16:16:28+01:00","inLanguage":"es-ES","mainEntityOfPage":{"@id":"https:\/\/www.eldigitaldeasturias.com\/noticias\/susana-diaz-mantiene-que-las-balanzas-fiscales-se-utilizan-para-confrontar\/#webpage"},"isPartOf":{"@id":"https:\/\/www.eldigitaldeasturias.com\/noticias\/susana-diaz-mantiene-que-las-balanzas-fiscales-se-utilizan-para-confrontar\/#webpage"},"articleSection":"Actualidad"},{"@type":"BreadcrumbList","@id":"https:\/\/www.eldigitaldeasturias.com\/noticias\/susana-diaz-mantiene-que-las-balanzas-fiscales-se-utilizan-para-confrontar\/#breadcrumblist","itemListElement":[{"@type":"ListItem","@id":"https:\/\/www.eldigitaldeasturias.com\/noticias#listItem","position":1,"name":"Home","item":"https:\/\/www.eldigitaldeasturias.com\/noticias","nextItem":{"@type":"ListItem","@id":"https:\/\/www.eldigitaldeasturias.com\/noticias\/category\/actualidad\/#listItem","name":"Actualidad"}},{"@type":"ListItem","@id":"https:\/\/www.eldigitaldeasturias.com\/noticias\/category\/actualidad\/#listItem","position":2,"name":"Actualidad","item":"https:\/\/www.eldigitaldeasturias.com\/noticias\/category\/actualidad\/","nextItem":{"@type":"ListItem","@id":"https:\/\/www.eldigitaldeasturias.com\/noticias\/susana-diaz-mantiene-que-las-balanzas-fiscales-se-utilizan-para-confrontar\/#listItem","name":"Susana D\u00edaz mantiene que las balanzas fiscales se utilizan para confrontar"},"previousItem":{"@type":"ListItem","@id":"https:\/\/www.eldigitaldeasturias.com\/noticias#listItem","name":"Home"}},{"@type":"ListItem","@id":"https:\/\/www.eldigitaldeasturias.com\/noticias\/susana-diaz-mantiene-que-las-balanzas-fiscales-se-utilizan-para-confrontar\/#listItem","position":3,"name":"Susana D\u00edaz mantiene que las balanzas fiscales se utilizan para confrontar","previousItem":{"@type":"ListItem","@id":"https:\/\/www.eldigitaldeasturias.com\/noticias\/category\/actualidad\/#listItem","name":"Actualidad"}}]},{"@type":"Organization","@id":"https:\/\/www.eldigitaldeasturias.com\/noticias\/#organization","name":"El Digital de Asturias","description":"Hemeroteca","url":"https:\/\/www.eldigitaldeasturias.com\/noticias\/","email":"info@eldigitaldeasturias.com","telephone":"+34652131393","logo":{"@type":"ImageObject","url":"https:\/\/www.eldigitaldeasturias.com\/noticias\/wp-content\/uploads\/2020\/12\/EDA.jpg","@id":"https:\/\/www.eldigitaldeasturias.com\/noticias\/susana-diaz-mantiene-que-las-balanzas-fiscales-se-utilizan-para-confrontar\/#organizationLogo"},"image":{"@id":"https:\/\/www.eldigitaldeasturias.com\/noticias\/susana-diaz-mantiene-que-las-balanzas-fiscales-se-utilizan-para-confrontar\/#organizationLogo"},"sameAs":["https:\/\/facebook.com\/eldigitaldeasturias","https:\/\/www.youtube.com\/channel\/UCZP-2wLEB9Rv6erhFmqVnvg"],"address":{"@id":"https:\/\/www.eldigitaldeasturias.com\/noticias\/#postaladdress","@type":"PostalAddress","streetAddress":"san antonio 4","postalCode":"33430","addressLocality":"Cand\u00e1s","addressRegion":"Asturias","addressCountry":"ES"}},{"@type":"Person","@id":"https:\/\/www.eldigitaldeasturias.com\/noticias\/author\/admin\/#author","url":"https:\/\/www.eldigitaldeasturias.com\/noticias\/author\/admin\/","name":"El Digital de Asturias","image":{"@type":"ImageObject","@id":"https:\/\/www.eldigitaldeasturias.com\/noticias\/susana-diaz-mantiene-que-las-balanzas-fiscales-se-utilizan-para-confrontar\/#authorImage","url":"https:\/\/secure.gravatar.com\/avatar\/df2aeffc32bcd13f8d26072ef8a91b623d677766deac7f97ca815868cd41bf5e?s=96&d=mm&r=g","width":96,"height":96,"caption":"El Digital de Asturias"}},{"@type":"WebPage","@id":"https:\/\/www.eldigitaldeasturias.com\/noticias\/susana-diaz-mantiene-que-las-balanzas-fiscales-se-utilizan-para-confrontar\/#webpage","url":"https:\/\/www.eldigitaldeasturias.com\/noticias\/susana-diaz-mantiene-que-las-balanzas-fiscales-se-utilizan-para-confrontar\/","name":"Susana D\u00edaz mantiene que las balanzas fiscales se utilizan para confrontar - El Digital de Asturias","description":"Madrid, 23 ene (EFE).- La presidenta de la Junta de Andaluc\u00eda, Susana D\u00edaz, ha mantenido hoy que \"las balanzas fiscales son instrumentos que se utilizan para confrontar\", a pesar de que la pr\u00f3xima publicaci\u00f3n de las mismas podr\u00edan beneficiar a esta comunidad y a Catalu\u00f1a, seg\u00fan publica hoy un medio de comunicaci\u00f3n. En declaraciones en","inLanguage":"es-ES","isPartOf":{"@id":"https:\/\/www.eldigitaldeasturias.com\/noticias\/#website"},"breadcrumb":{"@id":"https:\/\/www.eldigitaldeasturias.com\/noticias\/susana-diaz-mantiene-que-las-balanzas-fiscales-se-utilizan-para-confrontar\/#breadcrumblist"},"author":{"@id":"https:\/\/www.eldigitaldeasturias.com\/noticias\/author\/admin\/#author"},"creator":{"@id":"https:\/\/www.eldigitaldeasturias.com\/noticias\/author\/admin\/#author"},"image":{"@type":"ImageObject","url":"https:\/\/www.eldigitaldeasturias.com\/noticias\/wp-content\/uploads\/2026\/06\/Contenidos.jpg","@id":"https:\/\/www.eldigitaldeasturias.com\/noticias\/susana-diaz-mantiene-que-las-balanzas-fiscales-se-utilizan-para-confrontar\/#mainImage","width":1265,"height":697,"caption":"Contenidos"},"primaryImageOfPage":{"@id":"https:\/\/www.eldigitaldeasturias.com\/noticias\/susana-diaz-mantiene-que-las-balanzas-fiscales-se-utilizan-para-confrontar\/#mainImage"},"datePublished":"2014-01-23T16:15:57+01:00","dateModified":"2014-01-23T16:16:28+01:00"},{"@type":"WebSite","@id":"https:\/\/www.eldigitaldeasturias.com\/noticias\/#website","url":"https:\/\/www.eldigitaldeasturias.com\/noticias\/","name":"El Digital de Asturias - Diario de actualidad y noticias","alternateName":"El Digital de Asturias - Diario de actualidad y noticias","description":"Hemeroteca","inLanguage":"es-ES","publisher":{"@id":"https:\/\/www.eldigitaldeasturias.com\/noticias\/#organization"}}]},"og:locale":"es_ES","og:site_name":"El Digital de Asturias","og:type":"article","og:title":"Susana D\u00edaz mantiene que las balanzas fiscales se utilizan para confrontar - El Digital de Asturias","og:description":"Madrid, 23 ene (EFE).- La presidenta de la Junta de Andaluc\u00eda, Susana D\u00edaz, ha mantenido hoy que &quot;las balanzas fiscales son instrumentos que se utilizan para confrontar&quot;, a pesar de que la pr\u00f3xima publicaci\u00f3n de las mismas podr\u00edan beneficiar a esta comunidad y a Catalu\u00f1a, seg\u00fan publica hoy un medio de comunicaci\u00f3n. En declaraciones en","og:url":"https:\/\/www.eldigitaldeasturias.com\/noticias\/susana-diaz-mantiene-que-las-balanzas-fiscales-se-utilizan-para-confrontar\/","og:image":"https:\/\/www.eldigitaldeasturias.com\/noticias\/wp-content\/uploads\/2026\/06\/Contenidos.jpg","og:image:secure_url":"https:\/\/www.eldigitaldeasturias.com\/noticias\/wp-content\/uploads\/2026\/06\/Contenidos.jpg","og:image:width":1265,"og:image:height":697,"article:tag":["actualidad"],"article:published_time":"2014-01-23T17:15:57+00:00","article:modified_time":"2014-01-23T17:16:28+00:00","article:publisher":"https:\/\/facebook.com\/eldigitaldeasturias","twitter:card":"summary_large_image","twitter:title":"Susana D\u00edaz mantiene que las balanzas fiscales se utilizan para confrontar - El Digital de Asturias","twitter:description":"Madrid, 23 ene (EFE).- La presidenta de la Junta de Andaluc\u00eda, Susana D\u00edaz, ha mantenido hoy que &quot;las balanzas fiscales son instrumentos que se utilizan para confrontar&quot;, a pesar de que la pr\u00f3xima publicaci\u00f3n de las mismas podr\u00edan beneficiar a esta comunidad y a Catalu\u00f1a, seg\u00fan publica hoy un medio de comunicaci\u00f3n. En declaraciones en","twitter:image":"https:\/\/www.eldigitaldeasturias.com\/noticias\/wp-content\/uploads\/2026\/06\/Contenidos.jpg","twitter:label1":"Escrito por","twitter:data1":"El Digital de Asturias","twitter:label2":"Tiempo de lectura estimado","twitter:data2":"1 minuto"},"aioseo_meta_data":{"post_id":"477543","title":null,"description":null,"keywords":null,"keyphrases":null,"primary_term":null,"canonical_url":null,"og_title":null,"og_description":null,"og_object_type":"default","og_image_type":"default","og_image_url":null,"og_image_width":null,"og_image_height":null,"og_image_custom_url":null,"og_image_custom_fields":null,"og_video":null,"og_custom_url":null,"og_article_section":null,"og_article_tags":null,"twitter_use_og":true,"twitter_card":"default","twitter_image_type":"default","twitter_image_url":null,"twitter_image_custom_url":null,"twitter_image_custom_fields":null,"twitter_title":null,"twitter_description":null,"schema":{"blockGraphs":[],"customGraphs":[],"default":{"data":{"Article":[],"Course":[],"Dataset":[],"FAQPage":[],"Movie":[],"Person":[],"Product":[],"ProductReview":[],"Car":[],"Recipe":[],"Service":[],"SoftwareApplication":[],"WebPage":[]},"graphName":"","isEnabled":true},"graphs":[],"defaultGraph":"","defaultPostTypeGraph":""},"schema_type":null,"schema_type_options":null,"pillar_content":false,"robots_default":true,"robots_noindex":false,"robots_noarchive":false,"robots_nosnippet":false,"robots_nofollow":false,"robots_noimageindex":false,"robots_noodp":false,"robots_notranslate":false,"robots_max_snippet":null,"robots_max_videopreview":null,"robots_max_imagepreview":"none","priority":null,"frequency":null,"local_seo":null,"seo_analyzer_scan_date":"2026-06-01 18:50:21","breadcrumb_settings":null,"limit_modified_date":false,"open_ai":null,"ai":null,"created":"2020-11-14 22:53:45","updated":"2026-06-01 18:50:21","focus_keyword":null,"additional_keywords":null,"truseo_locale":null},"aioseo_breadcrumb":"<div class=\"aioseo-breadcrumbs\"><span class=\"aioseo-breadcrumb\">\n\t<a href=\"https:\/\/www.eldigitaldeasturias.com\/noticias\" title=\"Home\">Home<\/a>\n<\/span><span class=\"aioseo-breadcrumb-separator\">\u2013<\/span><span class=\"aioseo-breadcrumb\">\n\t<a href=\"https:\/\/www.eldigitaldeasturias.com\/noticias\/category\/actualidad\/\" title=\"Actualidad\">Actualidad<\/a>\n<\/span><span class=\"aioseo-breadcrumb-separator\">\u2013<\/span><span class=\"aioseo-breadcrumb\">\n\t<a href=\"https:\/\/www.eldigitaldeasturias.com\/noticias\/susana-diaz-mantiene-que-las-balanzas-fiscales-se-utilizan-para-confrontar\/\" title=\"Susana D\u00edaz mantiene que las balanzas fiscales se utilizan para confrontar\">Susana D\u00edaz mantiene que las balanzas fiscales se utilizan para confrontar<\/a>\n<\/span><\/div>","aioseo_breadcrumb_json":[{"label":"Home","link":"https:\/\/www.eldigitaldeasturias.com\/noticias"},{"label":"Actualidad","link":"https:\/\/www.eldigitaldeasturias.com\/noticias\/category\/actualidad\/"},{"label":"Susana D\u00edaz mantiene que las balanzas fiscales se utilizan para confrontar","link":"https:\/\/www.eldigitaldeasturias.com\/noticias\/susana-diaz-mantiene-que-las-balanzas-fiscales-se-utilizan-para-confrontar\/"}],"_links":{"self":[{"href":"https:\/\/www.eldigitaldeasturias.com\/noticias\/wp-json\/wp\/v2\/posts\/477543","targetHints":{"allow":["GET"]}}],"collection":[{"href":"https:\/\/www.eldigitaldeasturias.com\/noticias\/wp-json\/wp\/v2\/posts"}],"about":[{"href":"https:\/\/www.eldigitaldeasturias.com\/noticias\/wp-json\/wp\/v2\/types\/post"}],"author":[{"embeddable":true,"href":"https:\/\/www.eldigitaldeasturias.com\/noticias\/wp-json\/wp\/v2\/users\/1"}],"replies":[{"embeddable":true,"href":"https:\/\/www.eldigitaldeasturias.com\/noticias\/wp-json\/wp\/v2\/comments?post=477543"}],"version-history":[{"count":0,"href":"https:\/\/www.eldigitaldeasturias.com\/noticias\/wp-json\/wp\/v2\/posts\/477543\/revisions"}],"wp:featuredmedia":[{"embeddable":true,"href":"https:\/\/www.eldigitaldeasturias.com\/noticias\/wp-json\/wp\/v2\/media\/1132184"}],"wp:attachment":[{"href":"https:\/\/www.eldigitaldeasturias.com\/noticias\/wp-json\/wp\/v2\/media?parent=477543"}],"wp:term":[{"taxonomy":"category","embeddable":true,"href":"https:\/\/www.eldigitaldeasturias.com\/noticias\/wp-json\/wp\/v2\/categories?post=477543"},{"taxonomy":"post_tag","embeddable":true,"href":"https:\/\/www.eldigitaldeasturias.com\/noticias\/wp-json\/wp\/v2\/tags?post=477543"}],"curies":[{"name":"wp","href":"https:\/\/api.w.org\/{rel}","templated":true}]}}