{"id":477503,"date":"2014-01-23T15:35:40","date_gmt":"2014-01-23T16:35:40","guid":{"rendered":"http:\/\/www.eldigitaldeasturias.com\/noticias\/?p=477503"},"modified":"2014-01-23T15:35:40","modified_gmt":"2014-01-23T16:35:40","slug":"el-lider-de-al-qaeda-insta-al-cese-de-la-lucha-entre-los-islamistas-en-siria","status":"publish","type":"post","link":"https:\/\/www.eldigitaldeasturias.com\/noticias\/el-lider-de-al-qaeda-insta-al-cese-de-la-lucha-entre-los-islamistas-en-siria\/","title":{"rendered":"El l\u00edder de Al Qaeda insta al cese de la lucha entre los islamistas en Siria"},"content":{"rendered":"<p><img loading=\"lazy\" decoding=\"async\" class=\"alignleft size-medium wp-image-477504\" alt=\"5869895w\" src=\"https:\/\/www.eldigitaldeasturias.com\/noticias\/wp-content\/uploads\/2014\/01\/5869895w-360x222.jpg\" width=\"360\" height=\"222\" \/>El Cairo, 23 ene (EFE).- El l\u00edder de Al Qaeda, Ayman al Zawahiri, inst\u00f3 hoy a las distintas facciones islamistas y yihadistas que luchan en Siria a que no se enfrenten entre ellas, tras los sangrientos combates que estallaron este mes en el norte de Siria.<\/p>\n<p>En un audio difundido en las \u00faltimas horas en foros utilizados habitualmente por los yihadistas, Zawahiri pidi\u00f3 \u00abparar de manera inmediata la lucha entre los hermanos del islam que se enfrentan contra al r\u00e9gimen del alau\u00ed y asesino (Bachar) Al Asad\u00bb.<\/p>\n<p>Varias facciones rebeldes, la mayor\u00eda de tendencia islamista, combaten al Estado Isl\u00e1mico de Irak y del Levante, vinculado a Al Qaeda, en varias provincias del norte de Siria, lo que ha causado m\u00e1s de 1.000 muertos en ambos bandos.<\/p>\n<p>Los insurgentes islamistas cuentan, adem\u00e1s, con el apoyo del Frente al Nusra, vinculado tambi\u00e9n a Al Qaeda pero rival del Estado Isl\u00e1mico en Siria, donde ambos bandos quieren ser el representante de la organizaci\u00f3n terrorista.<\/p>\n<p>Zawahiri, que anteriormente ya ha tratado, sin \u00e9xito, de poner orden en las filas yihadistas, hizo un llamamiento a todos los grupos que buscan \u00abimponer un r\u00e9gimen isl\u00e1mico justo\u00bb a que cesen su \u00abfetna\u00bb o divisi\u00f3n.<\/p>\n<p>\u00abLa hermandad en el islam que hay entre nosotros es mucho m\u00e1s fuerte que cualquier v\u00ednculo de organizaci\u00f3n. Vuestra uni\u00f3n y colaboraci\u00f3n es m\u00e1s valiosa para nosotros\u00bb, dijo el dirigente de Al Qaeda.<\/p>\n<p>En el breve audio, cuya autenticidad no ha podido ser verificada, Al Zawahiri propuso la formaci\u00f3n de una comisi\u00f3n para dar una salida a esta crisis.<\/p>\n<p>\u00abLas fuerzas yihadistas en Siria, que est\u00e1 arriesgando su vida y su dinero, son nuestros hermanos y no aceptamos que sean tachados de apostatas, blasfemos y traidores\u00bb, subray\u00f3.<\/p>\n<p>El pasado noviembre, Al Zawahiri design\u00f3 al Frente al Nusra como la \u00fanica \u00abfilial de Al Qaeda en Siria, dependiente de la comandancia central\u00bb, y apunt\u00f3 que la actividad del Estado Isl\u00e1mico se delimita a Irak, aunque este grupo se ha mantenido en territorio sirio.<\/p>\n<p>Los principales grupos que se enfrentan al Estado Isl\u00e1mico son el Frente Isl\u00e1mico, principal alianza opositora islamista, el Ej\u00e9rcito Libre Sirio (ELS) y el Ej\u00e9rcito de los Muyahidines.<\/p>\n<p>Estas facciones insurgentes consideran que los yihadistas han cometido violaciones contra el pueblo sirio, como asesinatos y violaciones, por lo que buscan expulsarlos del pa\u00eds.<\/p>\n","protected":false},"excerpt":{"rendered":"<p>El Cairo, 23 ene (EFE).- El l\u00edder de Al Qaeda, Ayman al Zawahiri, inst\u00f3 hoy a las distintas facciones islamistas y yihadistas que luchan en Siria a que no se enfrenten entre ellas, tras los sangrientos combates que estallaron este mes en el norte de Siria. En un audio difundido en las \u00faltimas horas en [&hellip;]<\/p>\n","protected":false},"author":1,"featured_media":1132184,"comment_status":"closed","ping_status":"open","sticky":false,"template":"","format":"standard","meta":{"footnotes":""},"categories":[1],"tags":[],"class_list":["post-477503","post","type-post","status-publish","format-standard","has-post-thumbnail","hentry","category-actualidad"],"aioseo_notices":[],"aioseo_head":"\n\t\t<!-- All in One SEO Pro 5.0.1 - aioseo.com -->\n\t<meta name=\"description\" content=\"El Cairo, 23 ene (EFE).- El l\u00edder de Al Qaeda, Ayman al Zawahiri, inst\u00f3 hoy a las distintas facciones islamistas y yihadistas que luchan en Siria a que no se enfrenten entre ellas, tras los sangrientos combates que estallaron este mes en el norte de Siria. En un audio difundido en las \u00faltimas horas en\" \/>\n\t<meta name=\"robots\" content=\"max-image-preview:large\" \/>\n\t<meta name=\"author\" content=\"El Digital de Asturias\"\/>\n\t<meta name=\"google-site-verification\" content=\"UA-38556648-1\" \/>\n\t<meta name=\"msvalidate.01\" content=\"7dfe9f3f1b24437ab69f4f2559babe99\" \/>\n\t<meta name=\"keywords\" content=\"actualidad\" \/>\n\t<link rel=\"canonical\" href=\"https:\/\/www.eldigitaldeasturias.com\/noticias\/el-lider-de-al-qaeda-insta-al-cese-de-la-lucha-entre-los-islamistas-en-siria\/\" \/>\n\t<meta name=\"generator\" content=\"All in One SEO Pro (AIOSEO) 5.0.1\" \/>\n\t\t<meta property=\"og:locale\" content=\"es_ES\" \/>\n\t\t<meta property=\"og:site_name\" content=\"El Digital de Asturias\" \/>\n\t\t<meta property=\"og:type\" content=\"article\" \/>\n\t\t<meta property=\"og:title\" content=\"El l\u00edder de Al Qaeda insta al cese de la lucha entre los islamistas en Siria - El Digital de Asturias\" \/>\n\t\t<meta property=\"og:description\" content=\"El Cairo, 23 ene (EFE).- El l\u00edder de Al Qaeda, Ayman al Zawahiri, inst\u00f3 hoy a las distintas facciones islamistas y yihadistas que luchan en Siria a que no se enfrenten entre ellas, tras los sangrientos combates que estallaron este mes en el norte de Siria. En un audio difundido en las \u00faltimas horas en\" \/>\n\t\t<meta property=\"og:url\" content=\"https:\/\/www.eldigitaldeasturias.com\/noticias\/el-lider-de-al-qaeda-insta-al-cese-de-la-lucha-entre-los-islamistas-en-siria\/\" \/>\n\t\t<meta property=\"og:image\" content=\"https:\/\/www.eldigitaldeasturias.com\/noticias\/wp-content\/uploads\/2026\/06\/Contenidos.jpg\" \/>\n\t\t<meta property=\"og:image:secure_url\" content=\"https:\/\/www.eldigitaldeasturias.com\/noticias\/wp-content\/uploads\/2026\/06\/Contenidos.jpg\" \/>\n\t\t<meta property=\"og:image:width\" content=\"1265\" \/>\n\t\t<meta property=\"og:image:height\" content=\"697\" \/>\n\t\t<meta property=\"article:tag\" content=\"actualidad\" \/>\n\t\t<meta property=\"article:published_time\" content=\"2014-01-23T16:35:40+00:00\" \/>\n\t\t<meta property=\"article:modified_time\" content=\"2014-01-23T16:35:40+00:00\" \/>\n\t\t<meta property=\"article:publisher\" content=\"https:\/\/facebook.com\/eldigitaldeasturias\" \/>\n\t\t<meta name=\"twitter:card\" content=\"summary_large_image\" \/>\n\t\t<meta name=\"twitter:title\" content=\"El l\u00edder de Al Qaeda insta al cese de la lucha entre los islamistas en Siria - El Digital de Asturias\" \/>\n\t\t<meta name=\"twitter:description\" content=\"El Cairo, 23 ene (EFE).- El l\u00edder de Al Qaeda, Ayman al Zawahiri, inst\u00f3 hoy a las distintas facciones islamistas y yihadistas que luchan en Siria a que no se enfrenten entre ellas, tras los sangrientos combates que estallaron este mes en el norte de Siria. En un audio difundido en las \u00faltimas horas en\" \/>\n\t\t<meta name=\"twitter:image\" content=\"https:\/\/www.eldigitaldeasturias.com\/noticias\/wp-content\/uploads\/2026\/06\/Contenidos.jpg\" \/>\n\t\t<meta name=\"twitter:label1\" content=\"Escrito por\" \/>\n\t\t<meta name=\"twitter:data1\" content=\"El Digital de Asturias\" \/>\n\t\t<meta name=\"twitter:label2\" content=\"Tiempo de lectura estimado\" \/>\n\t\t<meta name=\"twitter:data2\" content=\"2 minutos\" \/>\n\t\t<script type=\"application\/ld+json\" class=\"aioseo-schema\">\n\t\t\t{\"@context\":\"https:\\\/\\\/schema.org\",\"@graph\":[{\"@type\":\"BlogPosting\",\"@id\":\"https:\\\/\\\/www.eldigitaldeasturias.com\\\/noticias\\\/el-lider-de-al-qaeda-insta-al-cese-de-la-lucha-entre-los-islamistas-en-siria\\\/#blogposting\",\"name\":\"El l\\u00edder de Al Qaeda insta al cese de la lucha entre los islamistas en Siria - El Digital de Asturias\",\"headline\":\"El l\\u00edder de Al Qaeda insta al cese de la lucha entre los islamistas en Siria\",\"author\":{\"@id\":\"https:\\\/\\\/www.eldigitaldeasturias.com\\\/noticias\\\/author\\\/admin\\\/#author\"},\"publisher\":{\"@id\":\"https:\\\/\\\/www.eldigitaldeasturias.com\\\/noticias\\\/#organization\"},\"image\":{\"@type\":\"ImageObject\",\"url\":\"https:\\\/\\\/www.eldigitaldeasturias.com\\\/noticias\\\/wp-content\\\/uploads\\\/2026\\\/06\\\/Contenidos.jpg\",\"width\":1265,\"height\":697,\"caption\":\"Contenidos\"},\"datePublished\":\"2014-01-23T15:35:40+01:00\",\"dateModified\":\"2014-01-23T15:35:40+01:00\",\"inLanguage\":\"es-ES\",\"mainEntityOfPage\":{\"@id\":\"https:\\\/\\\/www.eldigitaldeasturias.com\\\/noticias\\\/el-lider-de-al-qaeda-insta-al-cese-de-la-lucha-entre-los-islamistas-en-siria\\\/#webpage\"},\"isPartOf\":{\"@id\":\"https:\\\/\\\/www.eldigitaldeasturias.com\\\/noticias\\\/el-lider-de-al-qaeda-insta-al-cese-de-la-lucha-entre-los-islamistas-en-siria\\\/#webpage\"},\"articleSection\":\"Actualidad\"},{\"@type\":\"BreadcrumbList\",\"@id\":\"https:\\\/\\\/www.eldigitaldeasturias.com\\\/noticias\\\/el-lider-de-al-qaeda-insta-al-cese-de-la-lucha-entre-los-islamistas-en-siria\\\/#breadcrumblist\",\"itemListElement\":[{\"@type\":\"ListItem\",\"@id\":\"https:\\\/\\\/www.eldigitaldeasturias.com\\\/noticias#listItem\",\"position\":1,\"name\":\"Home\",\"item\":\"https:\\\/\\\/www.eldigitaldeasturias.com\\\/noticias\",\"nextItem\":{\"@type\":\"ListItem\",\"@id\":\"https:\\\/\\\/www.eldigitaldeasturias.com\\\/noticias\\\/category\\\/actualidad\\\/#listItem\",\"name\":\"Actualidad\"}},{\"@type\":\"ListItem\",\"@id\":\"https:\\\/\\\/www.eldigitaldeasturias.com\\\/noticias\\\/category\\\/actualidad\\\/#listItem\",\"position\":2,\"name\":\"Actualidad\",\"item\":\"https:\\\/\\\/www.eldigitaldeasturias.com\\\/noticias\\\/category\\\/actualidad\\\/\",\"nextItem\":{\"@type\":\"ListItem\",\"@id\":\"https:\\\/\\\/www.eldigitaldeasturias.com\\\/noticias\\\/el-lider-de-al-qaeda-insta-al-cese-de-la-lucha-entre-los-islamistas-en-siria\\\/#listItem\",\"name\":\"El l\\u00edder de Al Qaeda insta al cese de la lucha entre los islamistas en Siria\"},\"previousItem\":{\"@type\":\"ListItem\",\"@id\":\"https:\\\/\\\/www.eldigitaldeasturias.com\\\/noticias#listItem\",\"name\":\"Home\"}},{\"@type\":\"ListItem\",\"@id\":\"https:\\\/\\\/www.eldigitaldeasturias.com\\\/noticias\\\/el-lider-de-al-qaeda-insta-al-cese-de-la-lucha-entre-los-islamistas-en-siria\\\/#listItem\",\"position\":3,\"name\":\"El l\\u00edder de Al Qaeda insta al cese de la lucha entre los islamistas en Siria\",\"previousItem\":{\"@type\":\"ListItem\",\"@id\":\"https:\\\/\\\/www.eldigitaldeasturias.com\\\/noticias\\\/category\\\/actualidad\\\/#listItem\",\"name\":\"Actualidad\"}}]},{\"@type\":\"Organization\",\"@id\":\"https:\\\/\\\/www.eldigitaldeasturias.com\\\/noticias\\\/#organization\",\"name\":\"El Digital de Asturias\",\"description\":\"Hemeroteca\",\"url\":\"https:\\\/\\\/www.eldigitaldeasturias.com\\\/noticias\\\/\",\"email\":\"info@eldigitaldeasturias.com\",\"telephone\":\"+34652131393\",\"logo\":{\"@type\":\"ImageObject\",\"url\":\"https:\\\/\\\/www.eldigitaldeasturias.com\\\/noticias\\\/wp-content\\\/uploads\\\/2020\\\/12\\\/EDA.jpg\",\"@id\":\"https:\\\/\\\/www.eldigitaldeasturias.com\\\/noticias\\\/el-lider-de-al-qaeda-insta-al-cese-de-la-lucha-entre-los-islamistas-en-siria\\\/#organizationLogo\"},\"image\":{\"@id\":\"https:\\\/\\\/www.eldigitaldeasturias.com\\\/noticias\\\/el-lider-de-al-qaeda-insta-al-cese-de-la-lucha-entre-los-islamistas-en-siria\\\/#organizationLogo\"},\"sameAs\":[\"https:\\\/\\\/facebook.com\\\/eldigitaldeasturias\",\"https:\\\/\\\/www.youtube.com\\\/channel\\\/UCZP-2wLEB9Rv6erhFmqVnvg\"],\"address\":{\"@id\":\"https:\\\/\\\/www.eldigitaldeasturias.com\\\/noticias\\\/#postaladdress\",\"@type\":\"PostalAddress\",\"streetAddress\":\"san antonio 4\",\"postalCode\":\"33430\",\"addressLocality\":\"Cand\\u00e1s\",\"addressRegion\":\"Asturias\",\"addressCountry\":\"ES\"}},{\"@type\":\"Person\",\"@id\":\"https:\\\/\\\/www.eldigitaldeasturias.com\\\/noticias\\\/author\\\/admin\\\/#author\",\"url\":\"https:\\\/\\\/www.eldigitaldeasturias.com\\\/noticias\\\/author\\\/admin\\\/\",\"name\":\"El Digital de Asturias\",\"image\":{\"@type\":\"ImageObject\",\"@id\":\"https:\\\/\\\/www.eldigitaldeasturias.com\\\/noticias\\\/el-lider-de-al-qaeda-insta-al-cese-de-la-lucha-entre-los-islamistas-en-siria\\\/#authorImage\",\"url\":\"https:\\\/\\\/secure.gravatar.com\\\/avatar\\\/df2aeffc32bcd13f8d26072ef8a91b623d677766deac7f97ca815868cd41bf5e?s=96&d=mm&r=g\",\"width\":96,\"height\":96,\"caption\":\"El Digital de Asturias\"}},{\"@type\":\"WebPage\",\"@id\":\"https:\\\/\\\/www.eldigitaldeasturias.com\\\/noticias\\\/el-lider-de-al-qaeda-insta-al-cese-de-la-lucha-entre-los-islamistas-en-siria\\\/#webpage\",\"url\":\"https:\\\/\\\/www.eldigitaldeasturias.com\\\/noticias\\\/el-lider-de-al-qaeda-insta-al-cese-de-la-lucha-entre-los-islamistas-en-siria\\\/\",\"name\":\"El l\\u00edder de Al Qaeda insta al cese de la lucha entre los islamistas en Siria - El Digital de Asturias\",\"description\":\"El Cairo, 23 ene (EFE).- El l\\u00edder de Al Qaeda, Ayman al Zawahiri, inst\\u00f3 hoy a las distintas facciones islamistas y yihadistas que luchan en Siria a que no se enfrenten entre ellas, tras los sangrientos combates que estallaron este mes en el norte de Siria. En un audio difundido en las \\u00faltimas horas en\",\"inLanguage\":\"es-ES\",\"isPartOf\":{\"@id\":\"https:\\\/\\\/www.eldigitaldeasturias.com\\\/noticias\\\/#website\"},\"breadcrumb\":{\"@id\":\"https:\\\/\\\/www.eldigitaldeasturias.com\\\/noticias\\\/el-lider-de-al-qaeda-insta-al-cese-de-la-lucha-entre-los-islamistas-en-siria\\\/#breadcrumblist\"},\"author\":{\"@id\":\"https:\\\/\\\/www.eldigitaldeasturias.com\\\/noticias\\\/author\\\/admin\\\/#author\"},\"creator\":{\"@id\":\"https:\\\/\\\/www.eldigitaldeasturias.com\\\/noticias\\\/author\\\/admin\\\/#author\"},\"image\":{\"@type\":\"ImageObject\",\"url\":\"https:\\\/\\\/www.eldigitaldeasturias.com\\\/noticias\\\/wp-content\\\/uploads\\\/2026\\\/06\\\/Contenidos.jpg\",\"@id\":\"https:\\\/\\\/www.eldigitaldeasturias.com\\\/noticias\\\/el-lider-de-al-qaeda-insta-al-cese-de-la-lucha-entre-los-islamistas-en-siria\\\/#mainImage\",\"width\":1265,\"height\":697,\"caption\":\"Contenidos\"},\"primaryImageOfPage\":{\"@id\":\"https:\\\/\\\/www.eldigitaldeasturias.com\\\/noticias\\\/el-lider-de-al-qaeda-insta-al-cese-de-la-lucha-entre-los-islamistas-en-siria\\\/#mainImage\"},\"datePublished\":\"2014-01-23T15:35:40+01:00\",\"dateModified\":\"2014-01-23T15:35:40+01:00\"},{\"@type\":\"WebSite\",\"@id\":\"https:\\\/\\\/www.eldigitaldeasturias.com\\\/noticias\\\/#website\",\"url\":\"https:\\\/\\\/www.eldigitaldeasturias.com\\\/noticias\\\/\",\"name\":\"El Digital de Asturias - Diario de actualidad y noticias\",\"alternateName\":\"El Digital de Asturias - Diario de actualidad y noticias\",\"description\":\"Hemeroteca\",\"inLanguage\":\"es-ES\",\"publisher\":{\"@id\":\"https:\\\/\\\/www.eldigitaldeasturias.com\\\/noticias\\\/#organization\"}}]}\n\t\t<\/script>\n\t\t<!-- All in One SEO Pro -->\r\n\t\t<title>El l\u00edder de Al Qaeda insta al cese de la lucha entre los islamistas en Siria - El Digital de Asturias<\/title>\n\n","aioseo_head_json":{"title":"El l\u00edder de Al Qaeda insta al cese de la lucha entre los islamistas en Siria - El Digital de Asturias","description":"El Cairo, 23 ene (EFE).- El l\u00edder de Al Qaeda, Ayman al Zawahiri, inst\u00f3 hoy a las distintas facciones islamistas y yihadistas que luchan en Siria a que no se enfrenten entre ellas, tras los sangrientos combates que estallaron este mes en el norte de Siria. En un audio difundido en las \u00faltimas horas en","canonical_url":"https:\/\/www.eldigitaldeasturias.com\/noticias\/el-lider-de-al-qaeda-insta-al-cese-de-la-lucha-entre-los-islamistas-en-siria\/","robots":"max-image-preview:large","keywords":"actualidad","webmasterTools":{"google-site-verification":"UA-38556648-1","msvalidate.01":"7dfe9f3f1b24437ab69f4f2559babe99","miscellaneous":""},"schema":{"@context":"https:\/\/schema.org","@graph":[{"@type":"BlogPosting","@id":"https:\/\/www.eldigitaldeasturias.com\/noticias\/el-lider-de-al-qaeda-insta-al-cese-de-la-lucha-entre-los-islamistas-en-siria\/#blogposting","name":"El l\u00edder de Al Qaeda insta al cese de la lucha entre los islamistas en Siria - El Digital de Asturias","headline":"El l\u00edder de Al Qaeda insta al cese de la lucha entre los islamistas en Siria","author":{"@id":"https:\/\/www.eldigitaldeasturias.com\/noticias\/author\/admin\/#author"},"publisher":{"@id":"https:\/\/www.eldigitaldeasturias.com\/noticias\/#organization"},"image":{"@type":"ImageObject","url":"https:\/\/www.eldigitaldeasturias.com\/noticias\/wp-content\/uploads\/2026\/06\/Contenidos.jpg","width":1265,"height":697,"caption":"Contenidos"},"datePublished":"2014-01-23T15:35:40+01:00","dateModified":"2014-01-23T15:35:40+01:00","inLanguage":"es-ES","mainEntityOfPage":{"@id":"https:\/\/www.eldigitaldeasturias.com\/noticias\/el-lider-de-al-qaeda-insta-al-cese-de-la-lucha-entre-los-islamistas-en-siria\/#webpage"},"isPartOf":{"@id":"https:\/\/www.eldigitaldeasturias.com\/noticias\/el-lider-de-al-qaeda-insta-al-cese-de-la-lucha-entre-los-islamistas-en-siria\/#webpage"},"articleSection":"Actualidad"},{"@type":"BreadcrumbList","@id":"https:\/\/www.eldigitaldeasturias.com\/noticias\/el-lider-de-al-qaeda-insta-al-cese-de-la-lucha-entre-los-islamistas-en-siria\/#breadcrumblist","itemListElement":[{"@type":"ListItem","@id":"https:\/\/www.eldigitaldeasturias.com\/noticias#listItem","position":1,"name":"Home","item":"https:\/\/www.eldigitaldeasturias.com\/noticias","nextItem":{"@type":"ListItem","@id":"https:\/\/www.eldigitaldeasturias.com\/noticias\/category\/actualidad\/#listItem","name":"Actualidad"}},{"@type":"ListItem","@id":"https:\/\/www.eldigitaldeasturias.com\/noticias\/category\/actualidad\/#listItem","position":2,"name":"Actualidad","item":"https:\/\/www.eldigitaldeasturias.com\/noticias\/category\/actualidad\/","nextItem":{"@type":"ListItem","@id":"https:\/\/www.eldigitaldeasturias.com\/noticias\/el-lider-de-al-qaeda-insta-al-cese-de-la-lucha-entre-los-islamistas-en-siria\/#listItem","name":"El l\u00edder de Al Qaeda insta al cese de la lucha entre los islamistas en Siria"},"previousItem":{"@type":"ListItem","@id":"https:\/\/www.eldigitaldeasturias.com\/noticias#listItem","name":"Home"}},{"@type":"ListItem","@id":"https:\/\/www.eldigitaldeasturias.com\/noticias\/el-lider-de-al-qaeda-insta-al-cese-de-la-lucha-entre-los-islamistas-en-siria\/#listItem","position":3,"name":"El l\u00edder de Al Qaeda insta al cese de la lucha entre los islamistas en Siria","previousItem":{"@type":"ListItem","@id":"https:\/\/www.eldigitaldeasturias.com\/noticias\/category\/actualidad\/#listItem","name":"Actualidad"}}]},{"@type":"Organization","@id":"https:\/\/www.eldigitaldeasturias.com\/noticias\/#organization","name":"El Digital de Asturias","description":"Hemeroteca","url":"https:\/\/www.eldigitaldeasturias.com\/noticias\/","email":"info@eldigitaldeasturias.com","telephone":"+34652131393","logo":{"@type":"ImageObject","url":"https:\/\/www.eldigitaldeasturias.com\/noticias\/wp-content\/uploads\/2020\/12\/EDA.jpg","@id":"https:\/\/www.eldigitaldeasturias.com\/noticias\/el-lider-de-al-qaeda-insta-al-cese-de-la-lucha-entre-los-islamistas-en-siria\/#organizationLogo"},"image":{"@id":"https:\/\/www.eldigitaldeasturias.com\/noticias\/el-lider-de-al-qaeda-insta-al-cese-de-la-lucha-entre-los-islamistas-en-siria\/#organizationLogo"},"sameAs":["https:\/\/facebook.com\/eldigitaldeasturias","https:\/\/www.youtube.com\/channel\/UCZP-2wLEB9Rv6erhFmqVnvg"],"address":{"@id":"https:\/\/www.eldigitaldeasturias.com\/noticias\/#postaladdress","@type":"PostalAddress","streetAddress":"san antonio 4","postalCode":"33430","addressLocality":"Cand\u00e1s","addressRegion":"Asturias","addressCountry":"ES"}},{"@type":"Person","@id":"https:\/\/www.eldigitaldeasturias.com\/noticias\/author\/admin\/#author","url":"https:\/\/www.eldigitaldeasturias.com\/noticias\/author\/admin\/","name":"El Digital de Asturias","image":{"@type":"ImageObject","@id":"https:\/\/www.eldigitaldeasturias.com\/noticias\/el-lider-de-al-qaeda-insta-al-cese-de-la-lucha-entre-los-islamistas-en-siria\/#authorImage","url":"https:\/\/secure.gravatar.com\/avatar\/df2aeffc32bcd13f8d26072ef8a91b623d677766deac7f97ca815868cd41bf5e?s=96&d=mm&r=g","width":96,"height":96,"caption":"El Digital de Asturias"}},{"@type":"WebPage","@id":"https:\/\/www.eldigitaldeasturias.com\/noticias\/el-lider-de-al-qaeda-insta-al-cese-de-la-lucha-entre-los-islamistas-en-siria\/#webpage","url":"https:\/\/www.eldigitaldeasturias.com\/noticias\/el-lider-de-al-qaeda-insta-al-cese-de-la-lucha-entre-los-islamistas-en-siria\/","name":"El l\u00edder de Al Qaeda insta al cese de la lucha entre los islamistas en Siria - El Digital de Asturias","description":"El Cairo, 23 ene (EFE).- El l\u00edder de Al Qaeda, Ayman al Zawahiri, inst\u00f3 hoy a las distintas facciones islamistas y yihadistas que luchan en Siria a que no se enfrenten entre ellas, tras los sangrientos combates que estallaron este mes en el norte de Siria. En un audio difundido en las \u00faltimas horas en","inLanguage":"es-ES","isPartOf":{"@id":"https:\/\/www.eldigitaldeasturias.com\/noticias\/#website"},"breadcrumb":{"@id":"https:\/\/www.eldigitaldeasturias.com\/noticias\/el-lider-de-al-qaeda-insta-al-cese-de-la-lucha-entre-los-islamistas-en-siria\/#breadcrumblist"},"author":{"@id":"https:\/\/www.eldigitaldeasturias.com\/noticias\/author\/admin\/#author"},"creator":{"@id":"https:\/\/www.eldigitaldeasturias.com\/noticias\/author\/admin\/#author"},"image":{"@type":"ImageObject","url":"https:\/\/www.eldigitaldeasturias.com\/noticias\/wp-content\/uploads\/2026\/06\/Contenidos.jpg","@id":"https:\/\/www.eldigitaldeasturias.com\/noticias\/el-lider-de-al-qaeda-insta-al-cese-de-la-lucha-entre-los-islamistas-en-siria\/#mainImage","width":1265,"height":697,"caption":"Contenidos"},"primaryImageOfPage":{"@id":"https:\/\/www.eldigitaldeasturias.com\/noticias\/el-lider-de-al-qaeda-insta-al-cese-de-la-lucha-entre-los-islamistas-en-siria\/#mainImage"},"datePublished":"2014-01-23T15:35:40+01:00","dateModified":"2014-01-23T15:35:40+01:00"},{"@type":"WebSite","@id":"https:\/\/www.eldigitaldeasturias.com\/noticias\/#website","url":"https:\/\/www.eldigitaldeasturias.com\/noticias\/","name":"El Digital de Asturias - Diario de actualidad y noticias","alternateName":"El Digital de Asturias - Diario de actualidad y noticias","description":"Hemeroteca","inLanguage":"es-ES","publisher":{"@id":"https:\/\/www.eldigitaldeasturias.com\/noticias\/#organization"}}]},"og:locale":"es_ES","og:site_name":"El Digital de Asturias","og:type":"article","og:title":"El l\u00edder de Al Qaeda insta al cese de la lucha entre los islamistas en Siria - El Digital de Asturias","og:description":"El Cairo, 23 ene (EFE).- El l\u00edder de Al Qaeda, Ayman al Zawahiri, inst\u00f3 hoy a las distintas facciones islamistas y yihadistas que luchan en Siria a que no se enfrenten entre ellas, tras los sangrientos combates que estallaron este mes en el norte de Siria. En un audio difundido en las \u00faltimas horas en","og:url":"https:\/\/www.eldigitaldeasturias.com\/noticias\/el-lider-de-al-qaeda-insta-al-cese-de-la-lucha-entre-los-islamistas-en-siria\/","og:image":"https:\/\/www.eldigitaldeasturias.com\/noticias\/wp-content\/uploads\/2026\/06\/Contenidos.jpg","og:image:secure_url":"https:\/\/www.eldigitaldeasturias.com\/noticias\/wp-content\/uploads\/2026\/06\/Contenidos.jpg","og:image:width":1265,"og:image:height":697,"article:tag":["actualidad"],"article:published_time":"2014-01-23T16:35:40+00:00","article:modified_time":"2014-01-23T16:35:40+00:00","article:publisher":"https:\/\/facebook.com\/eldigitaldeasturias","twitter:card":"summary_large_image","twitter:title":"El l\u00edder de Al Qaeda insta al cese de la lucha entre los islamistas en Siria - El Digital de Asturias","twitter:description":"El Cairo, 23 ene (EFE).- El l\u00edder de Al Qaeda, Ayman al Zawahiri, inst\u00f3 hoy a las distintas facciones islamistas y yihadistas que luchan en Siria a que no se enfrenten entre ellas, tras los sangrientos combates que estallaron este mes en el norte de Siria. En un audio difundido en las \u00faltimas horas en","twitter:image":"https:\/\/www.eldigitaldeasturias.com\/noticias\/wp-content\/uploads\/2026\/06\/Contenidos.jpg","twitter:label1":"Escrito por","twitter:data1":"El Digital de Asturias","twitter:label2":"Tiempo de lectura estimado","twitter:data2":"2 minutos"},"aioseo_meta_data":{"post_id":"477503","title":null,"description":null,"keywords":null,"keyphrases":null,"primary_term":null,"canonical_url":null,"og_title":null,"og_description":null,"og_object_type":"default","og_image_type":"default","og_image_url":null,"og_image_width":null,"og_image_height":null,"og_image_custom_url":null,"og_image_custom_fields":null,"og_video":null,"og_custom_url":null,"og_article_section":null,"og_article_tags":null,"twitter_use_og":true,"twitter_card":"default","twitter_image_type":"default","twitter_image_url":null,"twitter_image_custom_url":null,"twitter_image_custom_fields":null,"twitter_title":null,"twitter_description":null,"schema":{"blockGraphs":[],"customGraphs":[],"default":{"data":{"Article":[],"Course":[],"Dataset":[],"FAQPage":[],"Movie":[],"Person":[],"Product":[],"ProductReview":[],"Car":[],"Recipe":[],"Service":[],"SoftwareApplication":[],"WebPage":[]},"graphName":"","isEnabled":true},"graphs":[],"defaultGraph":"","defaultPostTypeGraph":""},"schema_type":null,"schema_type_options":null,"pillar_content":false,"robots_default":true,"robots_noindex":false,"robots_noarchive":false,"robots_nosnippet":false,"robots_nofollow":false,"robots_noimageindex":false,"robots_noodp":false,"robots_notranslate":false,"robots_max_snippet":null,"robots_max_videopreview":null,"robots_max_imagepreview":"none","priority":null,"frequency":null,"local_seo":null,"seo_analyzer_scan_date":"2026-06-01 18:44:04","breadcrumb_settings":null,"limit_modified_date":false,"open_ai":null,"ai":null,"created":"2020-11-14 22:53:45","updated":"2026-06-01 18:44:04","focus_keyword":null,"additional_keywords":null,"truseo_locale":null},"aioseo_breadcrumb":"<div class=\"aioseo-breadcrumbs\"><span class=\"aioseo-breadcrumb\">\n\t<a href=\"https:\/\/www.eldigitaldeasturias.com\/noticias\" title=\"Home\">Home<\/a>\n<\/span><span class=\"aioseo-breadcrumb-separator\">\u2013<\/span><span class=\"aioseo-breadcrumb\">\n\t<a href=\"https:\/\/www.eldigitaldeasturias.com\/noticias\/category\/actualidad\/\" title=\"Actualidad\">Actualidad<\/a>\n<\/span><span class=\"aioseo-breadcrumb-separator\">\u2013<\/span><span class=\"aioseo-breadcrumb\">\n\t<a href=\"https:\/\/www.eldigitaldeasturias.com\/noticias\/el-lider-de-al-qaeda-insta-al-cese-de-la-lucha-entre-los-islamistas-en-siria\/\" title=\"El l\u00edder de Al Qaeda insta al cese de la lucha entre los islamistas en Siria\">El l\u00edder de Al Qaeda insta al cese de la lucha entre los islamistas en Siria<\/a>\n<\/span><\/div>","aioseo_breadcrumb_json":[{"label":"Home","link":"https:\/\/www.eldigitaldeasturias.com\/noticias"},{"label":"Actualidad","link":"https:\/\/www.eldigitaldeasturias.com\/noticias\/category\/actualidad\/"},{"label":"El l\u00edder de Al Qaeda insta al cese de la lucha entre los islamistas en Siria","link":"https:\/\/www.eldigitaldeasturias.com\/noticias\/el-lider-de-al-qaeda-insta-al-cese-de-la-lucha-entre-los-islamistas-en-siria\/"}],"_links":{"self":[{"href":"https:\/\/www.eldigitaldeasturias.com\/noticias\/wp-json\/wp\/v2\/posts\/477503","targetHints":{"allow":["GET"]}}],"collection":[{"href":"https:\/\/www.eldigitaldeasturias.com\/noticias\/wp-json\/wp\/v2\/posts"}],"about":[{"href":"https:\/\/www.eldigitaldeasturias.com\/noticias\/wp-json\/wp\/v2\/types\/post"}],"author":[{"embeddable":true,"href":"https:\/\/www.eldigitaldeasturias.com\/noticias\/wp-json\/wp\/v2\/users\/1"}],"replies":[{"embeddable":true,"href":"https:\/\/www.eldigitaldeasturias.com\/noticias\/wp-json\/wp\/v2\/comments?post=477503"}],"version-history":[{"count":0,"href":"https:\/\/www.eldigitaldeasturias.com\/noticias\/wp-json\/wp\/v2\/posts\/477503\/revisions"}],"wp:featuredmedia":[{"embeddable":true,"href":"https:\/\/www.eldigitaldeasturias.com\/noticias\/wp-json\/wp\/v2\/media\/1132184"}],"wp:attachment":[{"href":"https:\/\/www.eldigitaldeasturias.com\/noticias\/wp-json\/wp\/v2\/media?parent=477503"}],"wp:term":[{"taxonomy":"category","embeddable":true,"href":"https:\/\/www.eldigitaldeasturias.com\/noticias\/wp-json\/wp\/v2\/categories?post=477503"},{"taxonomy":"post_tag","embeddable":true,"href":"https:\/\/www.eldigitaldeasturias.com\/noticias\/wp-json\/wp\/v2\/tags?post=477503"}],"curies":[{"name":"wp","href":"https:\/\/api.w.org\/{rel}","templated":true}]}}