{"id":477457,"date":"2014-01-23T14:30:41","date_gmt":"2014-01-23T15:30:41","guid":{"rendered":"http:\/\/www.eldigitaldeasturias.com\/noticias\/?p=477457"},"modified":"2014-01-23T14:30:41","modified_gmt":"2014-01-23T15:30:41","slug":"los-talibanes-paquistanies-ponen-a-decenas-de-periodistas-en-su-punto-de-mira","status":"publish","type":"post","link":"https:\/\/www.eldigitaldeasturias.com\/noticias\/los-talibanes-paquistanies-ponen-a-decenas-de-periodistas-en-su-punto-de-mira\/","title":{"rendered":"Los talibanes paquistan\u00edes ponen a decenas de periodistas en su punto de mira"},"content":{"rendered":"<p><img loading=\"lazy\" decoding=\"async\" class=\"alignleft size-medium wp-image-477458\" alt=\"5870019w\" src=\"https:\/\/www.eldigitaldeasturias.com\/noticias\/wp-content\/uploads\/2014\/01\/5870019w-360x225.jpg\" width=\"360\" height=\"225\" \/>Islamabad, 23 ene (EFE).- El principal grupo talib\u00e1n paquistan\u00ed, el TTP, ha puesto abiertamente a los periodistas en su punto de mira e incluso ha hecho p\u00fablica una lista de potenciales objetivos, seg\u00fan una informaci\u00f3n publicada hoy por el diario local Dawn.<\/p>\n<p>El rotativo afirma tener en su poder un documento firmado por la direcci\u00f3n de los insurgentes en el que se incluyen nombres de decenas de reporteros, propietarios de grupos medi\u00e1ticos, presentadores de televisi\u00f3n, entre otros.<\/p>\n<p>La difusi\u00f3n de esta noticia llega cuando a\u00fan no se ha apagado el eco del asesinato la semana pasada de tres trabajadores del canal Express News a manos de pistoleros talibanes en la ciudad meridional de Karachi.<\/p>\n<p>\u00abLos medios mienten continuamente sobre nosotros y nuestros objetivos\u00bb, defiende el n\u00famero dos de los talibanes, Khalid Haqqani, autor del documento en el que se justifican los ataques a reporteros y trabajadores de empresas period\u00edsticas, seg\u00fan Dawn.<\/p>\n<p>Los talibanes acusan a los medios de comunicaci\u00f3n de tomar partido por los \u00abno creyentes\u00bb y contra los musulmanes y los muyahidines en la \u00abguerra del islam\u00bb, as\u00ed como de \u00abpropagar la promiscuidad y el secularismo\u00bb.<\/p>\n<p>En un art\u00edculo publicado hoy en el mismo rotativo, el reputado columnista Cyril Almeida relata que muchos de sus colegas apuntan a Haqqani y a uno de sus seguidores en la regi\u00f3n tribal de Mohmand, Omar Khalid, como los instigadores de los ataques a los medios.<\/p>\n<p>Almeida tambi\u00e9n explica que numerosos periodistas y presentadores han incrementado las medidas de seguridad alrededor de ellos y sus familias, y que las amenazas van desde los directores y due\u00f1os de las cabeceras hasta los reporteros de calle.<\/p>\n<p>Pakist\u00e1n es considerado uno de los pa\u00edses m\u00e1s peligrosos para los que ejercen la profesi\u00f3n period\u00edstica, y el a\u00f1o pasado murieron aqu\u00ed once informadores.<\/p>\n<p>Los periodistas paquistan\u00edes no solo sufren las amenazas de los talibanes, sino que hay frecuentes denuncias de coacciones por parte del aparato de seguridad, vinculado por la organizaci\u00f3n Reporteros Sin Fronteras a agresiones contra reporteros locales.<\/p>\n","protected":false},"excerpt":{"rendered":"<p>Islamabad, 23 ene (EFE).- El principal grupo talib\u00e1n paquistan\u00ed, el TTP, ha puesto abiertamente a los periodistas en su punto de mira e incluso ha hecho p\u00fablica una lista de potenciales objetivos, seg\u00fan una informaci\u00f3n publicada hoy por el diario local Dawn. El rotativo afirma tener en su poder un documento firmado por la direcci\u00f3n [&hellip;]<\/p>\n","protected":false},"author":1,"featured_media":1132184,"comment_status":"closed","ping_status":"open","sticky":false,"template":"","format":"standard","meta":{"footnotes":""},"categories":[1],"tags":[],"class_list":["post-477457","post","type-post","status-publish","format-standard","has-post-thumbnail","hentry","category-actualidad"],"aioseo_notices":[],"aioseo_head":"\n\t\t<!-- All in One SEO Pro 5.0.1 - aioseo.com -->\n\t<meta name=\"description\" content=\"Islamabad, 23 ene (EFE).- El principal grupo talib\u00e1n paquistan\u00ed, el TTP, ha puesto abiertamente a los periodistas en su punto de mira e incluso ha hecho p\u00fablica una lista de potenciales objetivos, seg\u00fan una informaci\u00f3n publicada hoy por el diario local Dawn. El rotativo afirma tener en su poder un documento firmado por la direcci\u00f3n\" \/>\n\t<meta name=\"robots\" content=\"max-image-preview:large\" \/>\n\t<meta name=\"author\" content=\"El Digital de Asturias\"\/>\n\t<meta name=\"google-site-verification\" content=\"UA-38556648-1\" \/>\n\t<meta name=\"msvalidate.01\" content=\"7dfe9f3f1b24437ab69f4f2559babe99\" \/>\n\t<meta name=\"keywords\" content=\"actualidad\" \/>\n\t<link rel=\"canonical\" href=\"https:\/\/www.eldigitaldeasturias.com\/noticias\/los-talibanes-paquistanies-ponen-a-decenas-de-periodistas-en-su-punto-de-mira\/\" \/>\n\t<meta name=\"generator\" content=\"All in One SEO Pro (AIOSEO) 5.0.1\" \/>\n\t\t<meta property=\"og:locale\" content=\"es_ES\" \/>\n\t\t<meta property=\"og:site_name\" content=\"El Digital de Asturias\" \/>\n\t\t<meta property=\"og:type\" content=\"article\" \/>\n\t\t<meta property=\"og:title\" content=\"Los talibanes paquistan\u00edes ponen a decenas de periodistas en su punto de mira - El Digital de Asturias\" \/>\n\t\t<meta property=\"og:description\" content=\"Islamabad, 23 ene (EFE).- El principal grupo talib\u00e1n paquistan\u00ed, el TTP, ha puesto abiertamente a los periodistas en su punto de mira e incluso ha hecho p\u00fablica una lista de potenciales objetivos, seg\u00fan una informaci\u00f3n publicada hoy por el diario local Dawn. El rotativo afirma tener en su poder un documento firmado por la direcci\u00f3n\" \/>\n\t\t<meta property=\"og:url\" content=\"https:\/\/www.eldigitaldeasturias.com\/noticias\/los-talibanes-paquistanies-ponen-a-decenas-de-periodistas-en-su-punto-de-mira\/\" \/>\n\t\t<meta property=\"og:image\" content=\"https:\/\/www.eldigitaldeasturias.com\/noticias\/wp-content\/uploads\/2026\/06\/Contenidos.jpg\" \/>\n\t\t<meta property=\"og:image:secure_url\" content=\"https:\/\/www.eldigitaldeasturias.com\/noticias\/wp-content\/uploads\/2026\/06\/Contenidos.jpg\" \/>\n\t\t<meta property=\"og:image:width\" content=\"1265\" \/>\n\t\t<meta property=\"og:image:height\" content=\"697\" \/>\n\t\t<meta property=\"article:tag\" content=\"actualidad\" \/>\n\t\t<meta property=\"article:published_time\" content=\"2014-01-23T15:30:41+00:00\" \/>\n\t\t<meta property=\"article:modified_time\" content=\"2014-01-23T15:30:41+00:00\" \/>\n\t\t<meta property=\"article:publisher\" content=\"https:\/\/facebook.com\/eldigitaldeasturias\" \/>\n\t\t<meta name=\"twitter:card\" content=\"summary_large_image\" \/>\n\t\t<meta name=\"twitter:title\" content=\"Los talibanes paquistan\u00edes ponen a decenas de periodistas en su punto de mira - El Digital de Asturias\" \/>\n\t\t<meta name=\"twitter:description\" content=\"Islamabad, 23 ene (EFE).- El principal grupo talib\u00e1n paquistan\u00ed, el TTP, ha puesto abiertamente a los periodistas en su punto de mira e incluso ha hecho p\u00fablica una lista de potenciales objetivos, seg\u00fan una informaci\u00f3n publicada hoy por el diario local Dawn. El rotativo afirma tener en su poder un documento firmado por la direcci\u00f3n\" \/>\n\t\t<meta name=\"twitter:image\" content=\"https:\/\/www.eldigitaldeasturias.com\/noticias\/wp-content\/uploads\/2026\/06\/Contenidos.jpg\" \/>\n\t\t<meta name=\"twitter:label1\" content=\"Escrito por\" \/>\n\t\t<meta name=\"twitter:data1\" content=\"El Digital de Asturias\" \/>\n\t\t<meta name=\"twitter:label2\" content=\"Tiempo de lectura estimado\" \/>\n\t\t<meta name=\"twitter:data2\" content=\"2 minutos\" \/>\n\t\t<script type=\"application\/ld+json\" class=\"aioseo-schema\">\n\t\t\t{\"@context\":\"https:\\\/\\\/schema.org\",\"@graph\":[{\"@type\":\"BlogPosting\",\"@id\":\"https:\\\/\\\/www.eldigitaldeasturias.com\\\/noticias\\\/los-talibanes-paquistanies-ponen-a-decenas-de-periodistas-en-su-punto-de-mira\\\/#blogposting\",\"name\":\"Los talibanes paquistan\\u00edes ponen a decenas de periodistas en su punto de mira - El Digital de Asturias\",\"headline\":\"Los talibanes paquistan\\u00edes ponen a decenas de periodistas en su punto de mira\",\"author\":{\"@id\":\"https:\\\/\\\/www.eldigitaldeasturias.com\\\/noticias\\\/author\\\/admin\\\/#author\"},\"publisher\":{\"@id\":\"https:\\\/\\\/www.eldigitaldeasturias.com\\\/noticias\\\/#organization\"},\"image\":{\"@type\":\"ImageObject\",\"url\":\"https:\\\/\\\/www.eldigitaldeasturias.com\\\/noticias\\\/wp-content\\\/uploads\\\/2026\\\/06\\\/Contenidos.jpg\",\"width\":1265,\"height\":697,\"caption\":\"Contenidos\"},\"datePublished\":\"2014-01-23T14:30:41+01:00\",\"dateModified\":\"2014-01-23T14:30:41+01:00\",\"inLanguage\":\"es-ES\",\"mainEntityOfPage\":{\"@id\":\"https:\\\/\\\/www.eldigitaldeasturias.com\\\/noticias\\\/los-talibanes-paquistanies-ponen-a-decenas-de-periodistas-en-su-punto-de-mira\\\/#webpage\"},\"isPartOf\":{\"@id\":\"https:\\\/\\\/www.eldigitaldeasturias.com\\\/noticias\\\/los-talibanes-paquistanies-ponen-a-decenas-de-periodistas-en-su-punto-de-mira\\\/#webpage\"},\"articleSection\":\"Actualidad\"},{\"@type\":\"BreadcrumbList\",\"@id\":\"https:\\\/\\\/www.eldigitaldeasturias.com\\\/noticias\\\/los-talibanes-paquistanies-ponen-a-decenas-de-periodistas-en-su-punto-de-mira\\\/#breadcrumblist\",\"itemListElement\":[{\"@type\":\"ListItem\",\"@id\":\"https:\\\/\\\/www.eldigitaldeasturias.com\\\/noticias#listItem\",\"position\":1,\"name\":\"Home\",\"item\":\"https:\\\/\\\/www.eldigitaldeasturias.com\\\/noticias\",\"nextItem\":{\"@type\":\"ListItem\",\"@id\":\"https:\\\/\\\/www.eldigitaldeasturias.com\\\/noticias\\\/category\\\/actualidad\\\/#listItem\",\"name\":\"Actualidad\"}},{\"@type\":\"ListItem\",\"@id\":\"https:\\\/\\\/www.eldigitaldeasturias.com\\\/noticias\\\/category\\\/actualidad\\\/#listItem\",\"position\":2,\"name\":\"Actualidad\",\"item\":\"https:\\\/\\\/www.eldigitaldeasturias.com\\\/noticias\\\/category\\\/actualidad\\\/\",\"nextItem\":{\"@type\":\"ListItem\",\"@id\":\"https:\\\/\\\/www.eldigitaldeasturias.com\\\/noticias\\\/los-talibanes-paquistanies-ponen-a-decenas-de-periodistas-en-su-punto-de-mira\\\/#listItem\",\"name\":\"Los talibanes paquistan\\u00edes ponen a decenas de periodistas en su punto de mira\"},\"previousItem\":{\"@type\":\"ListItem\",\"@id\":\"https:\\\/\\\/www.eldigitaldeasturias.com\\\/noticias#listItem\",\"name\":\"Home\"}},{\"@type\":\"ListItem\",\"@id\":\"https:\\\/\\\/www.eldigitaldeasturias.com\\\/noticias\\\/los-talibanes-paquistanies-ponen-a-decenas-de-periodistas-en-su-punto-de-mira\\\/#listItem\",\"position\":3,\"name\":\"Los talibanes paquistan\\u00edes ponen a decenas de periodistas en su punto de mira\",\"previousItem\":{\"@type\":\"ListItem\",\"@id\":\"https:\\\/\\\/www.eldigitaldeasturias.com\\\/noticias\\\/category\\\/actualidad\\\/#listItem\",\"name\":\"Actualidad\"}}]},{\"@type\":\"Organization\",\"@id\":\"https:\\\/\\\/www.eldigitaldeasturias.com\\\/noticias\\\/#organization\",\"name\":\"El Digital de Asturias\",\"description\":\"Hemeroteca\",\"url\":\"https:\\\/\\\/www.eldigitaldeasturias.com\\\/noticias\\\/\",\"email\":\"info@eldigitaldeasturias.com\",\"telephone\":\"+34652131393\",\"logo\":{\"@type\":\"ImageObject\",\"url\":\"https:\\\/\\\/www.eldigitaldeasturias.com\\\/noticias\\\/wp-content\\\/uploads\\\/2020\\\/12\\\/EDA.jpg\",\"@id\":\"https:\\\/\\\/www.eldigitaldeasturias.com\\\/noticias\\\/los-talibanes-paquistanies-ponen-a-decenas-de-periodistas-en-su-punto-de-mira\\\/#organizationLogo\"},\"image\":{\"@id\":\"https:\\\/\\\/www.eldigitaldeasturias.com\\\/noticias\\\/los-talibanes-paquistanies-ponen-a-decenas-de-periodistas-en-su-punto-de-mira\\\/#organizationLogo\"},\"sameAs\":[\"https:\\\/\\\/facebook.com\\\/eldigitaldeasturias\",\"https:\\\/\\\/www.youtube.com\\\/channel\\\/UCZP-2wLEB9Rv6erhFmqVnvg\"],\"address\":{\"@id\":\"https:\\\/\\\/www.eldigitaldeasturias.com\\\/noticias\\\/#postaladdress\",\"@type\":\"PostalAddress\",\"streetAddress\":\"san antonio 4\",\"postalCode\":\"33430\",\"addressLocality\":\"Cand\\u00e1s\",\"addressRegion\":\"Asturias\",\"addressCountry\":\"ES\"}},{\"@type\":\"Person\",\"@id\":\"https:\\\/\\\/www.eldigitaldeasturias.com\\\/noticias\\\/author\\\/admin\\\/#author\",\"url\":\"https:\\\/\\\/www.eldigitaldeasturias.com\\\/noticias\\\/author\\\/admin\\\/\",\"name\":\"El Digital de Asturias\",\"image\":{\"@type\":\"ImageObject\",\"@id\":\"https:\\\/\\\/www.eldigitaldeasturias.com\\\/noticias\\\/los-talibanes-paquistanies-ponen-a-decenas-de-periodistas-en-su-punto-de-mira\\\/#authorImage\",\"url\":\"https:\\\/\\\/secure.gravatar.com\\\/avatar\\\/df2aeffc32bcd13f8d26072ef8a91b623d677766deac7f97ca815868cd41bf5e?s=96&d=mm&r=g\",\"width\":96,\"height\":96,\"caption\":\"El Digital de Asturias\"}},{\"@type\":\"WebPage\",\"@id\":\"https:\\\/\\\/www.eldigitaldeasturias.com\\\/noticias\\\/los-talibanes-paquistanies-ponen-a-decenas-de-periodistas-en-su-punto-de-mira\\\/#webpage\",\"url\":\"https:\\\/\\\/www.eldigitaldeasturias.com\\\/noticias\\\/los-talibanes-paquistanies-ponen-a-decenas-de-periodistas-en-su-punto-de-mira\\\/\",\"name\":\"Los talibanes paquistan\\u00edes ponen a decenas de periodistas en su punto de mira - El Digital de Asturias\",\"description\":\"Islamabad, 23 ene (EFE).- El principal grupo talib\\u00e1n paquistan\\u00ed, el TTP, ha puesto abiertamente a los periodistas en su punto de mira e incluso ha hecho p\\u00fablica una lista de potenciales objetivos, seg\\u00fan una informaci\\u00f3n publicada hoy por el diario local Dawn. El rotativo afirma tener en su poder un documento firmado por la direcci\\u00f3n\",\"inLanguage\":\"es-ES\",\"isPartOf\":{\"@id\":\"https:\\\/\\\/www.eldigitaldeasturias.com\\\/noticias\\\/#website\"},\"breadcrumb\":{\"@id\":\"https:\\\/\\\/www.eldigitaldeasturias.com\\\/noticias\\\/los-talibanes-paquistanies-ponen-a-decenas-de-periodistas-en-su-punto-de-mira\\\/#breadcrumblist\"},\"author\":{\"@id\":\"https:\\\/\\\/www.eldigitaldeasturias.com\\\/noticias\\\/author\\\/admin\\\/#author\"},\"creator\":{\"@id\":\"https:\\\/\\\/www.eldigitaldeasturias.com\\\/noticias\\\/author\\\/admin\\\/#author\"},\"image\":{\"@type\":\"ImageObject\",\"url\":\"https:\\\/\\\/www.eldigitaldeasturias.com\\\/noticias\\\/wp-content\\\/uploads\\\/2026\\\/06\\\/Contenidos.jpg\",\"@id\":\"https:\\\/\\\/www.eldigitaldeasturias.com\\\/noticias\\\/los-talibanes-paquistanies-ponen-a-decenas-de-periodistas-en-su-punto-de-mira\\\/#mainImage\",\"width\":1265,\"height\":697,\"caption\":\"Contenidos\"},\"primaryImageOfPage\":{\"@id\":\"https:\\\/\\\/www.eldigitaldeasturias.com\\\/noticias\\\/los-talibanes-paquistanies-ponen-a-decenas-de-periodistas-en-su-punto-de-mira\\\/#mainImage\"},\"datePublished\":\"2014-01-23T14:30:41+01:00\",\"dateModified\":\"2014-01-23T14:30:41+01:00\"},{\"@type\":\"WebSite\",\"@id\":\"https:\\\/\\\/www.eldigitaldeasturias.com\\\/noticias\\\/#website\",\"url\":\"https:\\\/\\\/www.eldigitaldeasturias.com\\\/noticias\\\/\",\"name\":\"El Digital de Asturias - Diario de actualidad y noticias\",\"alternateName\":\"El Digital de Asturias - Diario de actualidad y noticias\",\"description\":\"Hemeroteca\",\"inLanguage\":\"es-ES\",\"publisher\":{\"@id\":\"https:\\\/\\\/www.eldigitaldeasturias.com\\\/noticias\\\/#organization\"}}]}\n\t\t<\/script>\n\t\t<!-- All in One SEO Pro -->\r\n\t\t<title>Los talibanes paquistan\u00edes ponen a decenas de periodistas en su punto de mira - El Digital de Asturias<\/title>\n\n","aioseo_head_json":{"title":"Los talibanes paquistan\u00edes ponen a decenas de periodistas en su punto de mira - El Digital de Asturias","description":"Islamabad, 23 ene (EFE).- El principal grupo talib\u00e1n paquistan\u00ed, el TTP, ha puesto abiertamente a los periodistas en su punto de mira e incluso ha hecho p\u00fablica una lista de potenciales objetivos, seg\u00fan una informaci\u00f3n publicada hoy por el diario local Dawn. El rotativo afirma tener en su poder un documento firmado por la direcci\u00f3n","canonical_url":"https:\/\/www.eldigitaldeasturias.com\/noticias\/los-talibanes-paquistanies-ponen-a-decenas-de-periodistas-en-su-punto-de-mira\/","robots":"max-image-preview:large","keywords":"actualidad","webmasterTools":{"google-site-verification":"UA-38556648-1","msvalidate.01":"7dfe9f3f1b24437ab69f4f2559babe99","miscellaneous":""},"schema":{"@context":"https:\/\/schema.org","@graph":[{"@type":"BlogPosting","@id":"https:\/\/www.eldigitaldeasturias.com\/noticias\/los-talibanes-paquistanies-ponen-a-decenas-de-periodistas-en-su-punto-de-mira\/#blogposting","name":"Los talibanes paquistan\u00edes ponen a decenas de periodistas en su punto de mira - El Digital de Asturias","headline":"Los talibanes paquistan\u00edes ponen a decenas de periodistas en su punto de mira","author":{"@id":"https:\/\/www.eldigitaldeasturias.com\/noticias\/author\/admin\/#author"},"publisher":{"@id":"https:\/\/www.eldigitaldeasturias.com\/noticias\/#organization"},"image":{"@type":"ImageObject","url":"https:\/\/www.eldigitaldeasturias.com\/noticias\/wp-content\/uploads\/2026\/06\/Contenidos.jpg","width":1265,"height":697,"caption":"Contenidos"},"datePublished":"2014-01-23T14:30:41+01:00","dateModified":"2014-01-23T14:30:41+01:00","inLanguage":"es-ES","mainEntityOfPage":{"@id":"https:\/\/www.eldigitaldeasturias.com\/noticias\/los-talibanes-paquistanies-ponen-a-decenas-de-periodistas-en-su-punto-de-mira\/#webpage"},"isPartOf":{"@id":"https:\/\/www.eldigitaldeasturias.com\/noticias\/los-talibanes-paquistanies-ponen-a-decenas-de-periodistas-en-su-punto-de-mira\/#webpage"},"articleSection":"Actualidad"},{"@type":"BreadcrumbList","@id":"https:\/\/www.eldigitaldeasturias.com\/noticias\/los-talibanes-paquistanies-ponen-a-decenas-de-periodistas-en-su-punto-de-mira\/#breadcrumblist","itemListElement":[{"@type":"ListItem","@id":"https:\/\/www.eldigitaldeasturias.com\/noticias#listItem","position":1,"name":"Home","item":"https:\/\/www.eldigitaldeasturias.com\/noticias","nextItem":{"@type":"ListItem","@id":"https:\/\/www.eldigitaldeasturias.com\/noticias\/category\/actualidad\/#listItem","name":"Actualidad"}},{"@type":"ListItem","@id":"https:\/\/www.eldigitaldeasturias.com\/noticias\/category\/actualidad\/#listItem","position":2,"name":"Actualidad","item":"https:\/\/www.eldigitaldeasturias.com\/noticias\/category\/actualidad\/","nextItem":{"@type":"ListItem","@id":"https:\/\/www.eldigitaldeasturias.com\/noticias\/los-talibanes-paquistanies-ponen-a-decenas-de-periodistas-en-su-punto-de-mira\/#listItem","name":"Los talibanes paquistan\u00edes ponen a decenas de periodistas en su punto de mira"},"previousItem":{"@type":"ListItem","@id":"https:\/\/www.eldigitaldeasturias.com\/noticias#listItem","name":"Home"}},{"@type":"ListItem","@id":"https:\/\/www.eldigitaldeasturias.com\/noticias\/los-talibanes-paquistanies-ponen-a-decenas-de-periodistas-en-su-punto-de-mira\/#listItem","position":3,"name":"Los talibanes paquistan\u00edes ponen a decenas de periodistas en su punto de mira","previousItem":{"@type":"ListItem","@id":"https:\/\/www.eldigitaldeasturias.com\/noticias\/category\/actualidad\/#listItem","name":"Actualidad"}}]},{"@type":"Organization","@id":"https:\/\/www.eldigitaldeasturias.com\/noticias\/#organization","name":"El Digital de Asturias","description":"Hemeroteca","url":"https:\/\/www.eldigitaldeasturias.com\/noticias\/","email":"info@eldigitaldeasturias.com","telephone":"+34652131393","logo":{"@type":"ImageObject","url":"https:\/\/www.eldigitaldeasturias.com\/noticias\/wp-content\/uploads\/2020\/12\/EDA.jpg","@id":"https:\/\/www.eldigitaldeasturias.com\/noticias\/los-talibanes-paquistanies-ponen-a-decenas-de-periodistas-en-su-punto-de-mira\/#organizationLogo"},"image":{"@id":"https:\/\/www.eldigitaldeasturias.com\/noticias\/los-talibanes-paquistanies-ponen-a-decenas-de-periodistas-en-su-punto-de-mira\/#organizationLogo"},"sameAs":["https:\/\/facebook.com\/eldigitaldeasturias","https:\/\/www.youtube.com\/channel\/UCZP-2wLEB9Rv6erhFmqVnvg"],"address":{"@id":"https:\/\/www.eldigitaldeasturias.com\/noticias\/#postaladdress","@type":"PostalAddress","streetAddress":"san antonio 4","postalCode":"33430","addressLocality":"Cand\u00e1s","addressRegion":"Asturias","addressCountry":"ES"}},{"@type":"Person","@id":"https:\/\/www.eldigitaldeasturias.com\/noticias\/author\/admin\/#author","url":"https:\/\/www.eldigitaldeasturias.com\/noticias\/author\/admin\/","name":"El Digital de Asturias","image":{"@type":"ImageObject","@id":"https:\/\/www.eldigitaldeasturias.com\/noticias\/los-talibanes-paquistanies-ponen-a-decenas-de-periodistas-en-su-punto-de-mira\/#authorImage","url":"https:\/\/secure.gravatar.com\/avatar\/df2aeffc32bcd13f8d26072ef8a91b623d677766deac7f97ca815868cd41bf5e?s=96&d=mm&r=g","width":96,"height":96,"caption":"El Digital de Asturias"}},{"@type":"WebPage","@id":"https:\/\/www.eldigitaldeasturias.com\/noticias\/los-talibanes-paquistanies-ponen-a-decenas-de-periodistas-en-su-punto-de-mira\/#webpage","url":"https:\/\/www.eldigitaldeasturias.com\/noticias\/los-talibanes-paquistanies-ponen-a-decenas-de-periodistas-en-su-punto-de-mira\/","name":"Los talibanes paquistan\u00edes ponen a decenas de periodistas en su punto de mira - El Digital de Asturias","description":"Islamabad, 23 ene (EFE).- El principal grupo talib\u00e1n paquistan\u00ed, el TTP, ha puesto abiertamente a los periodistas en su punto de mira e incluso ha hecho p\u00fablica una lista de potenciales objetivos, seg\u00fan una informaci\u00f3n publicada hoy por el diario local Dawn. El rotativo afirma tener en su poder un documento firmado por la direcci\u00f3n","inLanguage":"es-ES","isPartOf":{"@id":"https:\/\/www.eldigitaldeasturias.com\/noticias\/#website"},"breadcrumb":{"@id":"https:\/\/www.eldigitaldeasturias.com\/noticias\/los-talibanes-paquistanies-ponen-a-decenas-de-periodistas-en-su-punto-de-mira\/#breadcrumblist"},"author":{"@id":"https:\/\/www.eldigitaldeasturias.com\/noticias\/author\/admin\/#author"},"creator":{"@id":"https:\/\/www.eldigitaldeasturias.com\/noticias\/author\/admin\/#author"},"image":{"@type":"ImageObject","url":"https:\/\/www.eldigitaldeasturias.com\/noticias\/wp-content\/uploads\/2026\/06\/Contenidos.jpg","@id":"https:\/\/www.eldigitaldeasturias.com\/noticias\/los-talibanes-paquistanies-ponen-a-decenas-de-periodistas-en-su-punto-de-mira\/#mainImage","width":1265,"height":697,"caption":"Contenidos"},"primaryImageOfPage":{"@id":"https:\/\/www.eldigitaldeasturias.com\/noticias\/los-talibanes-paquistanies-ponen-a-decenas-de-periodistas-en-su-punto-de-mira\/#mainImage"},"datePublished":"2014-01-23T14:30:41+01:00","dateModified":"2014-01-23T14:30:41+01:00"},{"@type":"WebSite","@id":"https:\/\/www.eldigitaldeasturias.com\/noticias\/#website","url":"https:\/\/www.eldigitaldeasturias.com\/noticias\/","name":"El Digital de Asturias - Diario de actualidad y noticias","alternateName":"El Digital de Asturias - Diario de actualidad y noticias","description":"Hemeroteca","inLanguage":"es-ES","publisher":{"@id":"https:\/\/www.eldigitaldeasturias.com\/noticias\/#organization"}}]},"og:locale":"es_ES","og:site_name":"El Digital de Asturias","og:type":"article","og:title":"Los talibanes paquistan\u00edes ponen a decenas de periodistas en su punto de mira - El Digital de Asturias","og:description":"Islamabad, 23 ene (EFE).- El principal grupo talib\u00e1n paquistan\u00ed, el TTP, ha puesto abiertamente a los periodistas en su punto de mira e incluso ha hecho p\u00fablica una lista de potenciales objetivos, seg\u00fan una informaci\u00f3n publicada hoy por el diario local Dawn. El rotativo afirma tener en su poder un documento firmado por la direcci\u00f3n","og:url":"https:\/\/www.eldigitaldeasturias.com\/noticias\/los-talibanes-paquistanies-ponen-a-decenas-de-periodistas-en-su-punto-de-mira\/","og:image":"https:\/\/www.eldigitaldeasturias.com\/noticias\/wp-content\/uploads\/2026\/06\/Contenidos.jpg","og:image:secure_url":"https:\/\/www.eldigitaldeasturias.com\/noticias\/wp-content\/uploads\/2026\/06\/Contenidos.jpg","og:image:width":1265,"og:image:height":697,"article:tag":["actualidad"],"article:published_time":"2014-01-23T15:30:41+00:00","article:modified_time":"2014-01-23T15:30:41+00:00","article:publisher":"https:\/\/facebook.com\/eldigitaldeasturias","twitter:card":"summary_large_image","twitter:title":"Los talibanes paquistan\u00edes ponen a decenas de periodistas en su punto de mira - El Digital de Asturias","twitter:description":"Islamabad, 23 ene (EFE).- El principal grupo talib\u00e1n paquistan\u00ed, el TTP, ha puesto abiertamente a los periodistas en su punto de mira e incluso ha hecho p\u00fablica una lista de potenciales objetivos, seg\u00fan una informaci\u00f3n publicada hoy por el diario local Dawn. El rotativo afirma tener en su poder un documento firmado por la direcci\u00f3n","twitter:image":"https:\/\/www.eldigitaldeasturias.com\/noticias\/wp-content\/uploads\/2026\/06\/Contenidos.jpg","twitter:label1":"Escrito por","twitter:data1":"El Digital de Asturias","twitter:label2":"Tiempo de lectura estimado","twitter:data2":"2 minutos"},"aioseo_meta_data":{"post_id":"477457","title":null,"description":null,"keywords":null,"keyphrases":null,"primary_term":null,"canonical_url":null,"og_title":null,"og_description":null,"og_object_type":"default","og_image_type":"default","og_image_url":null,"og_image_width":null,"og_image_height":null,"og_image_custom_url":null,"og_image_custom_fields":null,"og_video":null,"og_custom_url":null,"og_article_section":null,"og_article_tags":null,"twitter_use_og":true,"twitter_card":"default","twitter_image_type":"default","twitter_image_url":null,"twitter_image_custom_url":null,"twitter_image_custom_fields":null,"twitter_title":null,"twitter_description":null,"schema":{"blockGraphs":[],"customGraphs":[],"default":{"data":{"Article":[],"Course":[],"Dataset":[],"FAQPage":[],"Movie":[],"Person":[],"Product":[],"ProductReview":[],"Car":[],"Recipe":[],"Service":[],"SoftwareApplication":[],"WebPage":[]},"graphName":"","isEnabled":true},"graphs":[]},"schema_type":null,"schema_type_options":null,"pillar_content":false,"robots_default":true,"robots_noindex":false,"robots_noarchive":false,"robots_nosnippet":false,"robots_nofollow":false,"robots_noimageindex":false,"robots_noodp":false,"robots_notranslate":false,"robots_max_snippet":null,"robots_max_videopreview":null,"robots_max_imagepreview":"none","priority":null,"frequency":null,"local_seo":null,"seo_analyzer_scan_date":"2026-06-01 18:35:52","breadcrumb_settings":null,"limit_modified_date":false,"open_ai":null,"ai":null,"created":"2020-11-14 22:53:45","updated":"2026-06-01 18:35:52","focus_keyword":null,"additional_keywords":null,"truseo_locale":null},"aioseo_breadcrumb":"<div class=\"aioseo-breadcrumbs\"><span class=\"aioseo-breadcrumb\">\n\t<a href=\"https:\/\/www.eldigitaldeasturias.com\/noticias\" title=\"Home\">Home<\/a>\n<\/span><span class=\"aioseo-breadcrumb-separator\">\u2013<\/span><span class=\"aioseo-breadcrumb\">\n\t<a href=\"https:\/\/www.eldigitaldeasturias.com\/noticias\/category\/actualidad\/\" title=\"Actualidad\">Actualidad<\/a>\n<\/span><span class=\"aioseo-breadcrumb-separator\">\u2013<\/span><span class=\"aioseo-breadcrumb\">\n\t<a href=\"https:\/\/www.eldigitaldeasturias.com\/noticias\/los-talibanes-paquistanies-ponen-a-decenas-de-periodistas-en-su-punto-de-mira\/\" title=\"Los talibanes paquistan\u00edes ponen a decenas de periodistas en su punto de mira\">Los talibanes paquistan\u00edes ponen a decenas de periodistas en su punto de mira<\/a>\n<\/span><\/div>","aioseo_breadcrumb_json":[{"label":"Home","link":"https:\/\/www.eldigitaldeasturias.com\/noticias"},{"label":"Actualidad","link":"https:\/\/www.eldigitaldeasturias.com\/noticias\/category\/actualidad\/"},{"label":"Los talibanes paquistan\u00edes ponen a decenas de periodistas en su punto de mira","link":"https:\/\/www.eldigitaldeasturias.com\/noticias\/los-talibanes-paquistanies-ponen-a-decenas-de-periodistas-en-su-punto-de-mira\/"}],"_links":{"self":[{"href":"https:\/\/www.eldigitaldeasturias.com\/noticias\/wp-json\/wp\/v2\/posts\/477457","targetHints":{"allow":["GET"]}}],"collection":[{"href":"https:\/\/www.eldigitaldeasturias.com\/noticias\/wp-json\/wp\/v2\/posts"}],"about":[{"href":"https:\/\/www.eldigitaldeasturias.com\/noticias\/wp-json\/wp\/v2\/types\/post"}],"author":[{"embeddable":true,"href":"https:\/\/www.eldigitaldeasturias.com\/noticias\/wp-json\/wp\/v2\/users\/1"}],"replies":[{"embeddable":true,"href":"https:\/\/www.eldigitaldeasturias.com\/noticias\/wp-json\/wp\/v2\/comments?post=477457"}],"version-history":[{"count":0,"href":"https:\/\/www.eldigitaldeasturias.com\/noticias\/wp-json\/wp\/v2\/posts\/477457\/revisions"}],"wp:featuredmedia":[{"embeddable":true,"href":"https:\/\/www.eldigitaldeasturias.com\/noticias\/wp-json\/wp\/v2\/media\/1132184"}],"wp:attachment":[{"href":"https:\/\/www.eldigitaldeasturias.com\/noticias\/wp-json\/wp\/v2\/media?parent=477457"}],"wp:term":[{"taxonomy":"category","embeddable":true,"href":"https:\/\/www.eldigitaldeasturias.com\/noticias\/wp-json\/wp\/v2\/categories?post=477457"},{"taxonomy":"post_tag","embeddable":true,"href":"https:\/\/www.eldigitaldeasturias.com\/noticias\/wp-json\/wp\/v2\/tags?post=477457"}],"curies":[{"name":"wp","href":"https:\/\/api.w.org\/{rel}","templated":true}]}}