{"id":477451,"date":"2014-01-23T14:22:17","date_gmt":"2014-01-23T15:22:17","guid":{"rendered":"http:\/\/www.eldigitaldeasturias.com\/noticias\/?p=477451"},"modified":"2014-01-23T14:25:56","modified_gmt":"2014-01-23T15:25:56","slug":"el-bayern-reabre-la-bundesliga-con-la-visita-al-borussia-monchengladbach","status":"publish","type":"post","link":"https:\/\/www.eldigitaldeasturias.com\/noticias\/el-bayern-reabre-la-bundesliga-con-la-visita-al-borussia-monchengladbach\/","title":{"rendered":"El Bayern reabre la Bundesliga con la visita al Borussia M\u00f6nchengladbach"},"content":{"rendered":"<p><img loading=\"lazy\" decoding=\"async\" class=\"alignleft size-medium wp-image-477452\" alt=\"5870010w\" src=\"https:\/\/www.eldigitaldeasturias.com\/noticias\/wp-content\/uploads\/2014\/01\/5870010w-360x234.jpg\" width=\"360\" height=\"234\" \/>Berl\u00edn, 23 ene (EFE).- El Bayern de Pep Guardiola reabre ma\u00f1ana la Bundesliga tras la pausa de invierno con una visita al Borussia M\u00f6nchengladbach del venezolano Juan Arango, en un partido que adem\u00e1s es el m\u00e1s atractivo de la d\u00e9cimo octava jornada.<\/p>\n<p>El Bayern es l\u00edder solitario, con siete puntos de ventaja sobre el segundo clasificado, el Bayer Leverkusen, mientras que el Gladbach ha logrado situarse en la tercera posici\u00f3n, con cuatro puntos menos que el equipo de las aspirinas.<\/p>\n<p>Dentro de los cuatro primeros clasificados -el otro es el Borussia Dortmund- el Gladbach es claramente la sorpresa.<\/p>\n<p>Su alto vuelo lo convierte sin duda alguna en un rival dif\u00edcil para el Bayern aunque los b\u00e1varos a lo largo de la primera ronda no mostraron casi debilidades y parten como claros favoritos.<\/p>\n<p>El Leverkusen, mientras tanto, visitar\u00e1 el s\u00e1bado al Friburgo, un equipo que est\u00e1 metido en la lucha por evitar el descenso.<\/p>\n<p>El Dortmund tambi\u00e9n juega el s\u00e1bado en casa contra el Augsburgo y espera poder empezar a recuperar terreno tras los muchos tropiezos que sufri\u00f3 en la primera ronda, en parte debido a la desafortunada racha de lesiones que afect\u00f3 al equipo del oeste de Alemania.<\/p>\n<p>Ante todo, el regreso del central internacional Mats Hummels al equipo da ciertas esperanzas al equipo de J\u00fcrgen Klopp.<\/p>\n<p>La lucha por el t\u00edtulo, con doce puntos menos que el Bayern, ya parece perdida para los de Klopp, cuyos objetivos pasan ahora por recuperar el tercer lugar, que da la clasificaci\u00f3n directa a la Liga de Campeones, o, al menos, mantener el cuarto que le permitir\u00eda jugar la eliminatoria previa.<\/p>\n<p>Con un punto menos que el Dortmund est\u00e1 acechando el Wolfsburgo, que se ha reforzado con el belga proveniente del Chelsea, Kevin De Bruyne, en su lucha por meterse en Europa y, de ser posible, en la Liga de Campeones.<\/p>\n<p>El primer asalto de ese combate por Europa lo dar\u00e1 el Wolfsburgo el s\u00e1bado a domicilio ante el Hannover 96.<\/p>\n<p>Mientras tanto, el Schalke 04, rival del Real Madrid en los octavos de final de la Liga de Campeones, visitar\u00e1 el domingo al Hamburgo, en un duelo de dos presuntos grandes que en esta temporada no han podido cumplir con las expectativas que hab\u00edan generado entre sus seguidores.<\/p>\n<p>El Schalke marcha actualmente s\u00e9ptimo, lo que lo dejar\u00eda fuera de Europa, mientras que el Hamburgo est\u00e1 en el d\u00e9cimo cuarto lugar, m\u00e1s cerca de la zona del descenso que de los puestos que dan acceso a las competiciones europeas.<\/p>\n<p>El siguiente es el programa completo de la jornada:<\/p>\n<p>Viernes:<\/p>\n<p>Borussia M\u00f6nchengladbach-Bayern.<\/p>\n<p>S\u00e1bado:<\/p>\n<p>Friburgo-Bayer Leverkusen, Wolfsburgo-Hannover 96, N\u00faremberg-Hoffenheim, Stuttgart-Maguncia 05, Borussia Dortmund-Augsburgo y Eintracht Frankfurt-Hertha.<\/p>\n<p>Domingo:<\/p>\n<p>Werder Bremen-Eintracht Braunschweig y Hamburgo-Schalke.<\/p>\n","protected":false},"excerpt":{"rendered":"<p>Berl\u00edn, 23 ene (EFE).- El Bayern de Pep Guardiola reabre ma\u00f1ana la Bundesliga tras la pausa de invierno con una visita al Borussia M\u00f6nchengladbach del venezolano Juan Arango, en un partido que adem\u00e1s es el m\u00e1s atractivo de la d\u00e9cimo octava jornada. El Bayern es l\u00edder solitario, con siete puntos de ventaja sobre el segundo [&hellip;]<\/p>\n","protected":false},"author":1,"featured_media":1132184,"comment_status":"closed","ping_status":"open","sticky":false,"template":"","format":"standard","meta":{"footnotes":""},"categories":[1],"tags":[],"class_list":["post-477451","post","type-post","status-publish","format-standard","has-post-thumbnail","hentry","category-actualidad"],"aioseo_notices":[],"aioseo_head":"\n\t\t<!-- All in One SEO Pro 5.0.1 - aioseo.com -->\n\t<meta name=\"description\" content=\"Berl\u00edn, 23 ene (EFE).- El Bayern de Pep Guardiola reabre ma\u00f1ana la Bundesliga tras la pausa de invierno con una visita al Borussia M\u00f6nchengladbach del venezolano Juan Arango, en un partido que adem\u00e1s es el m\u00e1s atractivo de la d\u00e9cimo octava jornada. El Bayern es l\u00edder solitario, con siete puntos de ventaja sobre el segundo\" \/>\n\t<meta name=\"robots\" content=\"max-image-preview:large\" \/>\n\t<meta name=\"author\" content=\"El Digital de Asturias\"\/>\n\t<meta name=\"google-site-verification\" content=\"UA-38556648-1\" \/>\n\t<meta name=\"msvalidate.01\" content=\"7dfe9f3f1b24437ab69f4f2559babe99\" \/>\n\t<meta name=\"keywords\" content=\"actualidad\" \/>\n\t<link rel=\"canonical\" href=\"https:\/\/www.eldigitaldeasturias.com\/noticias\/el-bayern-reabre-la-bundesliga-con-la-visita-al-borussia-monchengladbach\/\" \/>\n\t<meta name=\"generator\" content=\"All in One SEO Pro (AIOSEO) 5.0.1\" \/>\n\t\t<meta property=\"og:locale\" content=\"es_ES\" \/>\n\t\t<meta property=\"og:site_name\" content=\"El Digital de Asturias\" \/>\n\t\t<meta property=\"og:type\" content=\"article\" \/>\n\t\t<meta property=\"og:title\" content=\"El Bayern reabre la Bundesliga con la visita al Borussia M\u00f6nchengladbach - El Digital de Asturias\" \/>\n\t\t<meta property=\"og:description\" content=\"Berl\u00edn, 23 ene (EFE).- El Bayern de Pep Guardiola reabre ma\u00f1ana la Bundesliga tras la pausa de invierno con una visita al Borussia M\u00f6nchengladbach del venezolano Juan Arango, en un partido que adem\u00e1s es el m\u00e1s atractivo de la d\u00e9cimo octava jornada. El Bayern es l\u00edder solitario, con siete puntos de ventaja sobre el segundo\" \/>\n\t\t<meta property=\"og:url\" content=\"https:\/\/www.eldigitaldeasturias.com\/noticias\/el-bayern-reabre-la-bundesliga-con-la-visita-al-borussia-monchengladbach\/\" \/>\n\t\t<meta property=\"og:image\" content=\"https:\/\/www.eldigitaldeasturias.com\/noticias\/wp-content\/uploads\/2026\/06\/Contenidos.jpg\" \/>\n\t\t<meta property=\"og:image:secure_url\" content=\"https:\/\/www.eldigitaldeasturias.com\/noticias\/wp-content\/uploads\/2026\/06\/Contenidos.jpg\" \/>\n\t\t<meta property=\"og:image:width\" content=\"1265\" \/>\n\t\t<meta property=\"og:image:height\" content=\"697\" \/>\n\t\t<meta property=\"article:tag\" content=\"actualidad\" \/>\n\t\t<meta property=\"article:published_time\" content=\"2014-01-23T15:22:17+00:00\" \/>\n\t\t<meta property=\"article:modified_time\" content=\"2014-01-23T15:25:56+00:00\" \/>\n\t\t<meta property=\"article:publisher\" content=\"https:\/\/facebook.com\/eldigitaldeasturias\" \/>\n\t\t<meta name=\"twitter:card\" content=\"summary_large_image\" \/>\n\t\t<meta name=\"twitter:title\" content=\"El Bayern reabre la Bundesliga con la visita al Borussia M\u00f6nchengladbach - El Digital de Asturias\" \/>\n\t\t<meta name=\"twitter:description\" content=\"Berl\u00edn, 23 ene (EFE).- El Bayern de Pep Guardiola reabre ma\u00f1ana la Bundesliga tras la pausa de invierno con una visita al Borussia M\u00f6nchengladbach del venezolano Juan Arango, en un partido que adem\u00e1s es el m\u00e1s atractivo de la d\u00e9cimo octava jornada. El Bayern es l\u00edder solitario, con siete puntos de ventaja sobre el segundo\" \/>\n\t\t<meta name=\"twitter:image\" content=\"https:\/\/www.eldigitaldeasturias.com\/noticias\/wp-content\/uploads\/2026\/06\/Contenidos.jpg\" \/>\n\t\t<meta name=\"twitter:label1\" content=\"Escrito por\" \/>\n\t\t<meta name=\"twitter:data1\" content=\"El Digital de Asturias\" \/>\n\t\t<meta name=\"twitter:label2\" content=\"Tiempo de lectura estimado\" \/>\n\t\t<meta name=\"twitter:data2\" content=\"2 minutos\" \/>\n\t\t<script type=\"application\/ld+json\" class=\"aioseo-schema\">\n\t\t\t{\"@context\":\"https:\\\/\\\/schema.org\",\"@graph\":[{\"@type\":\"BlogPosting\",\"@id\":\"https:\\\/\\\/www.eldigitaldeasturias.com\\\/noticias\\\/el-bayern-reabre-la-bundesliga-con-la-visita-al-borussia-monchengladbach\\\/#blogposting\",\"name\":\"El Bayern reabre la Bundesliga con la visita al Borussia M\\u00f6nchengladbach - El Digital de Asturias\",\"headline\":\"El Bayern reabre la Bundesliga con la visita al Borussia M\\u00f6nchengladbach\",\"author\":{\"@id\":\"https:\\\/\\\/www.eldigitaldeasturias.com\\\/noticias\\\/author\\\/admin\\\/#author\"},\"publisher\":{\"@id\":\"https:\\\/\\\/www.eldigitaldeasturias.com\\\/noticias\\\/#organization\"},\"image\":{\"@type\":\"ImageObject\",\"url\":\"https:\\\/\\\/www.eldigitaldeasturias.com\\\/noticias\\\/wp-content\\\/uploads\\\/2026\\\/06\\\/Contenidos.jpg\",\"width\":1265,\"height\":697,\"caption\":\"Contenidos\"},\"datePublished\":\"2014-01-23T14:22:17+01:00\",\"dateModified\":\"2014-01-23T14:25:56+01:00\",\"inLanguage\":\"es-ES\",\"mainEntityOfPage\":{\"@id\":\"https:\\\/\\\/www.eldigitaldeasturias.com\\\/noticias\\\/el-bayern-reabre-la-bundesliga-con-la-visita-al-borussia-monchengladbach\\\/#webpage\"},\"isPartOf\":{\"@id\":\"https:\\\/\\\/www.eldigitaldeasturias.com\\\/noticias\\\/el-bayern-reabre-la-bundesliga-con-la-visita-al-borussia-monchengladbach\\\/#webpage\"},\"articleSection\":\"Actualidad\"},{\"@type\":\"BreadcrumbList\",\"@id\":\"https:\\\/\\\/www.eldigitaldeasturias.com\\\/noticias\\\/el-bayern-reabre-la-bundesliga-con-la-visita-al-borussia-monchengladbach\\\/#breadcrumblist\",\"itemListElement\":[{\"@type\":\"ListItem\",\"@id\":\"https:\\\/\\\/www.eldigitaldeasturias.com\\\/noticias#listItem\",\"position\":1,\"name\":\"Home\",\"item\":\"https:\\\/\\\/www.eldigitaldeasturias.com\\\/noticias\",\"nextItem\":{\"@type\":\"ListItem\",\"@id\":\"https:\\\/\\\/www.eldigitaldeasturias.com\\\/noticias\\\/category\\\/actualidad\\\/#listItem\",\"name\":\"Actualidad\"}},{\"@type\":\"ListItem\",\"@id\":\"https:\\\/\\\/www.eldigitaldeasturias.com\\\/noticias\\\/category\\\/actualidad\\\/#listItem\",\"position\":2,\"name\":\"Actualidad\",\"item\":\"https:\\\/\\\/www.eldigitaldeasturias.com\\\/noticias\\\/category\\\/actualidad\\\/\",\"nextItem\":{\"@type\":\"ListItem\",\"@id\":\"https:\\\/\\\/www.eldigitaldeasturias.com\\\/noticias\\\/el-bayern-reabre-la-bundesliga-con-la-visita-al-borussia-monchengladbach\\\/#listItem\",\"name\":\"El Bayern reabre la Bundesliga con la visita al Borussia M\\u00f6nchengladbach\"},\"previousItem\":{\"@type\":\"ListItem\",\"@id\":\"https:\\\/\\\/www.eldigitaldeasturias.com\\\/noticias#listItem\",\"name\":\"Home\"}},{\"@type\":\"ListItem\",\"@id\":\"https:\\\/\\\/www.eldigitaldeasturias.com\\\/noticias\\\/el-bayern-reabre-la-bundesliga-con-la-visita-al-borussia-monchengladbach\\\/#listItem\",\"position\":3,\"name\":\"El Bayern reabre la Bundesliga con la visita al Borussia M\\u00f6nchengladbach\",\"previousItem\":{\"@type\":\"ListItem\",\"@id\":\"https:\\\/\\\/www.eldigitaldeasturias.com\\\/noticias\\\/category\\\/actualidad\\\/#listItem\",\"name\":\"Actualidad\"}}]},{\"@type\":\"Organization\",\"@id\":\"https:\\\/\\\/www.eldigitaldeasturias.com\\\/noticias\\\/#organization\",\"name\":\"El Digital de Asturias\",\"description\":\"Hemeroteca\",\"url\":\"https:\\\/\\\/www.eldigitaldeasturias.com\\\/noticias\\\/\",\"email\":\"info@eldigitaldeasturias.com\",\"telephone\":\"+34652131393\",\"logo\":{\"@type\":\"ImageObject\",\"url\":\"https:\\\/\\\/www.eldigitaldeasturias.com\\\/noticias\\\/wp-content\\\/uploads\\\/2020\\\/12\\\/EDA.jpg\",\"@id\":\"https:\\\/\\\/www.eldigitaldeasturias.com\\\/noticias\\\/el-bayern-reabre-la-bundesliga-con-la-visita-al-borussia-monchengladbach\\\/#organizationLogo\"},\"image\":{\"@id\":\"https:\\\/\\\/www.eldigitaldeasturias.com\\\/noticias\\\/el-bayern-reabre-la-bundesliga-con-la-visita-al-borussia-monchengladbach\\\/#organizationLogo\"},\"sameAs\":[\"https:\\\/\\\/facebook.com\\\/eldigitaldeasturias\",\"https:\\\/\\\/www.youtube.com\\\/channel\\\/UCZP-2wLEB9Rv6erhFmqVnvg\"],\"address\":{\"@id\":\"https:\\\/\\\/www.eldigitaldeasturias.com\\\/noticias\\\/#postaladdress\",\"@type\":\"PostalAddress\",\"streetAddress\":\"san antonio 4\",\"postalCode\":\"33430\",\"addressLocality\":\"Cand\\u00e1s\",\"addressRegion\":\"Asturias\",\"addressCountry\":\"ES\"}},{\"@type\":\"Person\",\"@id\":\"https:\\\/\\\/www.eldigitaldeasturias.com\\\/noticias\\\/author\\\/admin\\\/#author\",\"url\":\"https:\\\/\\\/www.eldigitaldeasturias.com\\\/noticias\\\/author\\\/admin\\\/\",\"name\":\"El Digital de Asturias\",\"image\":{\"@type\":\"ImageObject\",\"@id\":\"https:\\\/\\\/www.eldigitaldeasturias.com\\\/noticias\\\/el-bayern-reabre-la-bundesliga-con-la-visita-al-borussia-monchengladbach\\\/#authorImage\",\"url\":\"https:\\\/\\\/secure.gravatar.com\\\/avatar\\\/df2aeffc32bcd13f8d26072ef8a91b623d677766deac7f97ca815868cd41bf5e?s=96&d=mm&r=g\",\"width\":96,\"height\":96,\"caption\":\"El Digital de Asturias\"}},{\"@type\":\"WebPage\",\"@id\":\"https:\\\/\\\/www.eldigitaldeasturias.com\\\/noticias\\\/el-bayern-reabre-la-bundesliga-con-la-visita-al-borussia-monchengladbach\\\/#webpage\",\"url\":\"https:\\\/\\\/www.eldigitaldeasturias.com\\\/noticias\\\/el-bayern-reabre-la-bundesliga-con-la-visita-al-borussia-monchengladbach\\\/\",\"name\":\"El Bayern reabre la Bundesliga con la visita al Borussia M\\u00f6nchengladbach - El Digital de Asturias\",\"description\":\"Berl\\u00edn, 23 ene (EFE).- El Bayern de Pep Guardiola reabre ma\\u00f1ana la Bundesliga tras la pausa de invierno con una visita al Borussia M\\u00f6nchengladbach del venezolano Juan Arango, en un partido que adem\\u00e1s es el m\\u00e1s atractivo de la d\\u00e9cimo octava jornada. El Bayern es l\\u00edder solitario, con siete puntos de ventaja sobre el segundo\",\"inLanguage\":\"es-ES\",\"isPartOf\":{\"@id\":\"https:\\\/\\\/www.eldigitaldeasturias.com\\\/noticias\\\/#website\"},\"breadcrumb\":{\"@id\":\"https:\\\/\\\/www.eldigitaldeasturias.com\\\/noticias\\\/el-bayern-reabre-la-bundesliga-con-la-visita-al-borussia-monchengladbach\\\/#breadcrumblist\"},\"author\":{\"@id\":\"https:\\\/\\\/www.eldigitaldeasturias.com\\\/noticias\\\/author\\\/admin\\\/#author\"},\"creator\":{\"@id\":\"https:\\\/\\\/www.eldigitaldeasturias.com\\\/noticias\\\/author\\\/admin\\\/#author\"},\"image\":{\"@type\":\"ImageObject\",\"url\":\"https:\\\/\\\/www.eldigitaldeasturias.com\\\/noticias\\\/wp-content\\\/uploads\\\/2026\\\/06\\\/Contenidos.jpg\",\"@id\":\"https:\\\/\\\/www.eldigitaldeasturias.com\\\/noticias\\\/el-bayern-reabre-la-bundesliga-con-la-visita-al-borussia-monchengladbach\\\/#mainImage\",\"width\":1265,\"height\":697,\"caption\":\"Contenidos\"},\"primaryImageOfPage\":{\"@id\":\"https:\\\/\\\/www.eldigitaldeasturias.com\\\/noticias\\\/el-bayern-reabre-la-bundesliga-con-la-visita-al-borussia-monchengladbach\\\/#mainImage\"},\"datePublished\":\"2014-01-23T14:22:17+01:00\",\"dateModified\":\"2014-01-23T14:25:56+01:00\"},{\"@type\":\"WebSite\",\"@id\":\"https:\\\/\\\/www.eldigitaldeasturias.com\\\/noticias\\\/#website\",\"url\":\"https:\\\/\\\/www.eldigitaldeasturias.com\\\/noticias\\\/\",\"name\":\"El Digital de Asturias - Diario de actualidad y noticias\",\"alternateName\":\"El Digital de Asturias - Diario de actualidad y noticias\",\"description\":\"Hemeroteca\",\"inLanguage\":\"es-ES\",\"publisher\":{\"@id\":\"https:\\\/\\\/www.eldigitaldeasturias.com\\\/noticias\\\/#organization\"}}]}\n\t\t<\/script>\n\t\t<!-- All in One SEO Pro -->\r\n\t\t<title>El Bayern reabre la Bundesliga con la visita al Borussia M\u00f6nchengladbach - El Digital de Asturias<\/title>\n\n","aioseo_head_json":{"title":"El Bayern reabre la Bundesliga con la visita al Borussia M\u00f6nchengladbach - El Digital de Asturias","description":"Berl\u00edn, 23 ene (EFE).- El Bayern de Pep Guardiola reabre ma\u00f1ana la Bundesliga tras la pausa de invierno con una visita al Borussia M\u00f6nchengladbach del venezolano Juan Arango, en un partido que adem\u00e1s es el m\u00e1s atractivo de la d\u00e9cimo octava jornada. El Bayern es l\u00edder solitario, con siete puntos de ventaja sobre el segundo","canonical_url":"https:\/\/www.eldigitaldeasturias.com\/noticias\/el-bayern-reabre-la-bundesliga-con-la-visita-al-borussia-monchengladbach\/","robots":"max-image-preview:large","keywords":"actualidad","webmasterTools":{"google-site-verification":"UA-38556648-1","msvalidate.01":"7dfe9f3f1b24437ab69f4f2559babe99","miscellaneous":""},"schema":{"@context":"https:\/\/schema.org","@graph":[{"@type":"BlogPosting","@id":"https:\/\/www.eldigitaldeasturias.com\/noticias\/el-bayern-reabre-la-bundesliga-con-la-visita-al-borussia-monchengladbach\/#blogposting","name":"El Bayern reabre la Bundesliga con la visita al Borussia M\u00f6nchengladbach - El Digital de Asturias","headline":"El Bayern reabre la Bundesliga con la visita al Borussia M\u00f6nchengladbach","author":{"@id":"https:\/\/www.eldigitaldeasturias.com\/noticias\/author\/admin\/#author"},"publisher":{"@id":"https:\/\/www.eldigitaldeasturias.com\/noticias\/#organization"},"image":{"@type":"ImageObject","url":"https:\/\/www.eldigitaldeasturias.com\/noticias\/wp-content\/uploads\/2026\/06\/Contenidos.jpg","width":1265,"height":697,"caption":"Contenidos"},"datePublished":"2014-01-23T14:22:17+01:00","dateModified":"2014-01-23T14:25:56+01:00","inLanguage":"es-ES","mainEntityOfPage":{"@id":"https:\/\/www.eldigitaldeasturias.com\/noticias\/el-bayern-reabre-la-bundesliga-con-la-visita-al-borussia-monchengladbach\/#webpage"},"isPartOf":{"@id":"https:\/\/www.eldigitaldeasturias.com\/noticias\/el-bayern-reabre-la-bundesliga-con-la-visita-al-borussia-monchengladbach\/#webpage"},"articleSection":"Actualidad"},{"@type":"BreadcrumbList","@id":"https:\/\/www.eldigitaldeasturias.com\/noticias\/el-bayern-reabre-la-bundesliga-con-la-visita-al-borussia-monchengladbach\/#breadcrumblist","itemListElement":[{"@type":"ListItem","@id":"https:\/\/www.eldigitaldeasturias.com\/noticias#listItem","position":1,"name":"Home","item":"https:\/\/www.eldigitaldeasturias.com\/noticias","nextItem":{"@type":"ListItem","@id":"https:\/\/www.eldigitaldeasturias.com\/noticias\/category\/actualidad\/#listItem","name":"Actualidad"}},{"@type":"ListItem","@id":"https:\/\/www.eldigitaldeasturias.com\/noticias\/category\/actualidad\/#listItem","position":2,"name":"Actualidad","item":"https:\/\/www.eldigitaldeasturias.com\/noticias\/category\/actualidad\/","nextItem":{"@type":"ListItem","@id":"https:\/\/www.eldigitaldeasturias.com\/noticias\/el-bayern-reabre-la-bundesliga-con-la-visita-al-borussia-monchengladbach\/#listItem","name":"El Bayern reabre la Bundesliga con la visita al Borussia M\u00f6nchengladbach"},"previousItem":{"@type":"ListItem","@id":"https:\/\/www.eldigitaldeasturias.com\/noticias#listItem","name":"Home"}},{"@type":"ListItem","@id":"https:\/\/www.eldigitaldeasturias.com\/noticias\/el-bayern-reabre-la-bundesliga-con-la-visita-al-borussia-monchengladbach\/#listItem","position":3,"name":"El Bayern reabre la Bundesliga con la visita al Borussia M\u00f6nchengladbach","previousItem":{"@type":"ListItem","@id":"https:\/\/www.eldigitaldeasturias.com\/noticias\/category\/actualidad\/#listItem","name":"Actualidad"}}]},{"@type":"Organization","@id":"https:\/\/www.eldigitaldeasturias.com\/noticias\/#organization","name":"El Digital de Asturias","description":"Hemeroteca","url":"https:\/\/www.eldigitaldeasturias.com\/noticias\/","email":"info@eldigitaldeasturias.com","telephone":"+34652131393","logo":{"@type":"ImageObject","url":"https:\/\/www.eldigitaldeasturias.com\/noticias\/wp-content\/uploads\/2020\/12\/EDA.jpg","@id":"https:\/\/www.eldigitaldeasturias.com\/noticias\/el-bayern-reabre-la-bundesliga-con-la-visita-al-borussia-monchengladbach\/#organizationLogo"},"image":{"@id":"https:\/\/www.eldigitaldeasturias.com\/noticias\/el-bayern-reabre-la-bundesliga-con-la-visita-al-borussia-monchengladbach\/#organizationLogo"},"sameAs":["https:\/\/facebook.com\/eldigitaldeasturias","https:\/\/www.youtube.com\/channel\/UCZP-2wLEB9Rv6erhFmqVnvg"],"address":{"@id":"https:\/\/www.eldigitaldeasturias.com\/noticias\/#postaladdress","@type":"PostalAddress","streetAddress":"san antonio 4","postalCode":"33430","addressLocality":"Cand\u00e1s","addressRegion":"Asturias","addressCountry":"ES"}},{"@type":"Person","@id":"https:\/\/www.eldigitaldeasturias.com\/noticias\/author\/admin\/#author","url":"https:\/\/www.eldigitaldeasturias.com\/noticias\/author\/admin\/","name":"El Digital de Asturias","image":{"@type":"ImageObject","@id":"https:\/\/www.eldigitaldeasturias.com\/noticias\/el-bayern-reabre-la-bundesliga-con-la-visita-al-borussia-monchengladbach\/#authorImage","url":"https:\/\/secure.gravatar.com\/avatar\/df2aeffc32bcd13f8d26072ef8a91b623d677766deac7f97ca815868cd41bf5e?s=96&d=mm&r=g","width":96,"height":96,"caption":"El Digital de Asturias"}},{"@type":"WebPage","@id":"https:\/\/www.eldigitaldeasturias.com\/noticias\/el-bayern-reabre-la-bundesliga-con-la-visita-al-borussia-monchengladbach\/#webpage","url":"https:\/\/www.eldigitaldeasturias.com\/noticias\/el-bayern-reabre-la-bundesliga-con-la-visita-al-borussia-monchengladbach\/","name":"El Bayern reabre la Bundesliga con la visita al Borussia M\u00f6nchengladbach - El Digital de Asturias","description":"Berl\u00edn, 23 ene (EFE).- El Bayern de Pep Guardiola reabre ma\u00f1ana la Bundesliga tras la pausa de invierno con una visita al Borussia M\u00f6nchengladbach del venezolano Juan Arango, en un partido que adem\u00e1s es el m\u00e1s atractivo de la d\u00e9cimo octava jornada. El Bayern es l\u00edder solitario, con siete puntos de ventaja sobre el segundo","inLanguage":"es-ES","isPartOf":{"@id":"https:\/\/www.eldigitaldeasturias.com\/noticias\/#website"},"breadcrumb":{"@id":"https:\/\/www.eldigitaldeasturias.com\/noticias\/el-bayern-reabre-la-bundesliga-con-la-visita-al-borussia-monchengladbach\/#breadcrumblist"},"author":{"@id":"https:\/\/www.eldigitaldeasturias.com\/noticias\/author\/admin\/#author"},"creator":{"@id":"https:\/\/www.eldigitaldeasturias.com\/noticias\/author\/admin\/#author"},"image":{"@type":"ImageObject","url":"https:\/\/www.eldigitaldeasturias.com\/noticias\/wp-content\/uploads\/2026\/06\/Contenidos.jpg","@id":"https:\/\/www.eldigitaldeasturias.com\/noticias\/el-bayern-reabre-la-bundesliga-con-la-visita-al-borussia-monchengladbach\/#mainImage","width":1265,"height":697,"caption":"Contenidos"},"primaryImageOfPage":{"@id":"https:\/\/www.eldigitaldeasturias.com\/noticias\/el-bayern-reabre-la-bundesliga-con-la-visita-al-borussia-monchengladbach\/#mainImage"},"datePublished":"2014-01-23T14:22:17+01:00","dateModified":"2014-01-23T14:25:56+01:00"},{"@type":"WebSite","@id":"https:\/\/www.eldigitaldeasturias.com\/noticias\/#website","url":"https:\/\/www.eldigitaldeasturias.com\/noticias\/","name":"El Digital de Asturias - Diario de actualidad y noticias","alternateName":"El Digital de Asturias - Diario de actualidad y noticias","description":"Hemeroteca","inLanguage":"es-ES","publisher":{"@id":"https:\/\/www.eldigitaldeasturias.com\/noticias\/#organization"}}]},"og:locale":"es_ES","og:site_name":"El Digital de Asturias","og:type":"article","og:title":"El Bayern reabre la Bundesliga con la visita al Borussia M\u00f6nchengladbach - El Digital de Asturias","og:description":"Berl\u00edn, 23 ene (EFE).- El Bayern de Pep Guardiola reabre ma\u00f1ana la Bundesliga tras la pausa de invierno con una visita al Borussia M\u00f6nchengladbach del venezolano Juan Arango, en un partido que adem\u00e1s es el m\u00e1s atractivo de la d\u00e9cimo octava jornada. El Bayern es l\u00edder solitario, con siete puntos de ventaja sobre el segundo","og:url":"https:\/\/www.eldigitaldeasturias.com\/noticias\/el-bayern-reabre-la-bundesliga-con-la-visita-al-borussia-monchengladbach\/","og:image":"https:\/\/www.eldigitaldeasturias.com\/noticias\/wp-content\/uploads\/2026\/06\/Contenidos.jpg","og:image:secure_url":"https:\/\/www.eldigitaldeasturias.com\/noticias\/wp-content\/uploads\/2026\/06\/Contenidos.jpg","og:image:width":1265,"og:image:height":697,"article:tag":["actualidad"],"article:published_time":"2014-01-23T15:22:17+00:00","article:modified_time":"2014-01-23T15:25:56+00:00","article:publisher":"https:\/\/facebook.com\/eldigitaldeasturias","twitter:card":"summary_large_image","twitter:title":"El Bayern reabre la Bundesliga con la visita al Borussia M\u00f6nchengladbach - El Digital de Asturias","twitter:description":"Berl\u00edn, 23 ene (EFE).- El Bayern de Pep Guardiola reabre ma\u00f1ana la Bundesliga tras la pausa de invierno con una visita al Borussia M\u00f6nchengladbach del venezolano Juan Arango, en un partido que adem\u00e1s es el m\u00e1s atractivo de la d\u00e9cimo octava jornada. El Bayern es l\u00edder solitario, con siete puntos de ventaja sobre el segundo","twitter:image":"https:\/\/www.eldigitaldeasturias.com\/noticias\/wp-content\/uploads\/2026\/06\/Contenidos.jpg","twitter:label1":"Escrito por","twitter:data1":"El Digital de Asturias","twitter:label2":"Tiempo de lectura estimado","twitter:data2":"2 minutos"},"aioseo_meta_data":{"post_id":"477451","title":null,"description":null,"keywords":null,"keyphrases":null,"primary_term":null,"canonical_url":null,"og_title":null,"og_description":null,"og_object_type":"default","og_image_type":"default","og_image_url":null,"og_image_width":null,"og_image_height":null,"og_image_custom_url":null,"og_image_custom_fields":null,"og_video":null,"og_custom_url":null,"og_article_section":null,"og_article_tags":null,"twitter_use_og":true,"twitter_card":"default","twitter_image_type":"default","twitter_image_url":null,"twitter_image_custom_url":null,"twitter_image_custom_fields":null,"twitter_title":null,"twitter_description":null,"schema":{"blockGraphs":[],"customGraphs":[],"default":{"data":{"Article":[],"Course":[],"Dataset":[],"FAQPage":[],"Movie":[],"Person":[],"Product":[],"ProductReview":[],"Car":[],"Recipe":[],"Service":[],"SoftwareApplication":[],"WebPage":[]},"graphName":"","isEnabled":true},"graphs":[],"defaultGraph":"","defaultPostTypeGraph":""},"schema_type":null,"schema_type_options":null,"pillar_content":false,"robots_default":true,"robots_noindex":false,"robots_noarchive":false,"robots_nosnippet":false,"robots_nofollow":false,"robots_noimageindex":false,"robots_noodp":false,"robots_notranslate":false,"robots_max_snippet":null,"robots_max_videopreview":null,"robots_max_imagepreview":"none","priority":null,"frequency":null,"local_seo":null,"seo_analyzer_scan_date":"2026-06-01 18:34:03","breadcrumb_settings":null,"limit_modified_date":false,"open_ai":null,"ai":null,"created":"2020-11-14 22:53:44","updated":"2026-06-01 18:34:03","focus_keyword":null,"additional_keywords":null,"truseo_locale":null},"aioseo_breadcrumb":"<div class=\"aioseo-breadcrumbs\"><span class=\"aioseo-breadcrumb\">\n\t<a href=\"https:\/\/www.eldigitaldeasturias.com\/noticias\" title=\"Home\">Home<\/a>\n<\/span><span class=\"aioseo-breadcrumb-separator\">\u2013<\/span><span class=\"aioseo-breadcrumb\">\n\t<a href=\"https:\/\/www.eldigitaldeasturias.com\/noticias\/category\/actualidad\/\" title=\"Actualidad\">Actualidad<\/a>\n<\/span><span class=\"aioseo-breadcrumb-separator\">\u2013<\/span><span class=\"aioseo-breadcrumb\">\n\t<a href=\"https:\/\/www.eldigitaldeasturias.com\/noticias\/el-bayern-reabre-la-bundesliga-con-la-visita-al-borussia-monchengladbach\/\" title=\"El Bayern reabre la Bundesliga con la visita al Borussia M\u00f6nchengladbach\">El Bayern reabre la Bundesliga con la visita al Borussia M\u00f6nchengladbach<\/a>\n<\/span><\/div>","aioseo_breadcrumb_json":[{"label":"Home","link":"https:\/\/www.eldigitaldeasturias.com\/noticias"},{"label":"Actualidad","link":"https:\/\/www.eldigitaldeasturias.com\/noticias\/category\/actualidad\/"},{"label":"El Bayern reabre la Bundesliga con la visita al Borussia M\u00f6nchengladbach","link":"https:\/\/www.eldigitaldeasturias.com\/noticias\/el-bayern-reabre-la-bundesliga-con-la-visita-al-borussia-monchengladbach\/"}],"_links":{"self":[{"href":"https:\/\/www.eldigitaldeasturias.com\/noticias\/wp-json\/wp\/v2\/posts\/477451","targetHints":{"allow":["GET"]}}],"collection":[{"href":"https:\/\/www.eldigitaldeasturias.com\/noticias\/wp-json\/wp\/v2\/posts"}],"about":[{"href":"https:\/\/www.eldigitaldeasturias.com\/noticias\/wp-json\/wp\/v2\/types\/post"}],"author":[{"embeddable":true,"href":"https:\/\/www.eldigitaldeasturias.com\/noticias\/wp-json\/wp\/v2\/users\/1"}],"replies":[{"embeddable":true,"href":"https:\/\/www.eldigitaldeasturias.com\/noticias\/wp-json\/wp\/v2\/comments?post=477451"}],"version-history":[{"count":0,"href":"https:\/\/www.eldigitaldeasturias.com\/noticias\/wp-json\/wp\/v2\/posts\/477451\/revisions"}],"wp:featuredmedia":[{"embeddable":true,"href":"https:\/\/www.eldigitaldeasturias.com\/noticias\/wp-json\/wp\/v2\/media\/1132184"}],"wp:attachment":[{"href":"https:\/\/www.eldigitaldeasturias.com\/noticias\/wp-json\/wp\/v2\/media?parent=477451"}],"wp:term":[{"taxonomy":"category","embeddable":true,"href":"https:\/\/www.eldigitaldeasturias.com\/noticias\/wp-json\/wp\/v2\/categories?post=477451"},{"taxonomy":"post_tag","embeddable":true,"href":"https:\/\/www.eldigitaldeasturias.com\/noticias\/wp-json\/wp\/v2\/tags?post=477451"}],"curies":[{"name":"wp","href":"https:\/\/api.w.org\/{rel}","templated":true}]}}