{"id":477444,"date":"2014-01-23T14:16:17","date_gmt":"2014-01-23T15:16:17","guid":{"rendered":"http:\/\/www.eldigitaldeasturias.com\/noticias\/?p=477444"},"modified":"2014-01-23T14:16:17","modified_gmt":"2014-01-23T15:16:17","slug":"la-produccion-automovilistica-espanola-crece-un-93-por-ciento-en-2013","status":"publish","type":"post","link":"https:\/\/www.eldigitaldeasturias.com\/noticias\/la-produccion-automovilistica-espanola-crece-un-93-por-ciento-en-2013\/","title":{"rendered":"La producci\u00f3n automovil\u00edstica espa\u00f1ola crece un 9,3 por ciento en 2013"},"content":{"rendered":"<p><img loading=\"lazy\" decoding=\"async\" class=\"alignleft size-medium wp-image-477445\" alt=\"5869952w\" src=\"https:\/\/www.eldigitaldeasturias.com\/noticias\/wp-content\/uploads\/2014\/01\/5869952w-360x245.jpg\" width=\"360\" height=\"245\" \/>Madrid, 23 ene (EFE).- Las f\u00e1bricas de autom\u00f3viles instaladas en Espa\u00f1a cerraron 2103 con una producci\u00f3n de 2.163.338 veh\u00edculos, un 9,3 % m\u00e1s que en 2012, inform\u00f3 hoy la Asociaci\u00f3n Nacional de Fabricantes de Autom\u00f3viles y Camiones (Anfac).<\/p>\n<p>La capacidad productiva espa\u00f1ola sigue a buen ritmo, pues en diciembre estas instalaciones fabriles sacaron de sus l\u00edneas de montaje 134.988 unidades, que suponen un crecimiento interanual del 13,9 %.<\/p>\n<p>Las exportaciones anuales se elevaron a 1.879.974 veh\u00edculos (el 86,9 % de la producci\u00f3n total), registro que implica un crecimiento sobre 2012 del 8,7 %.<\/p>\n<p>En el \u00faltimo mes del a\u00f1o, estas ventas del producto automovil\u00edstico espa\u00f1ol al exterior contabilizaron 116.054 veh\u00edculos (el 85,9 % del total de la producci\u00f3n mensual), cifra que supone un crecimiento sobre diciembre de 2012 del 9,6 %.<\/p>\n<p>Para la fuente informante, el crecimiento fabril de la industria automovil\u00edstica espa\u00f1ola se debe a un \u00abincremento de la demanda de veh\u00edculos\u00bb.<\/p>\n<p>Se cita en este apartado el incremento de exportaciones a pa\u00edses como Estados Unidos, Argelia o Turqu\u00eda.<\/p>\n<p>Otro factor ha sido la influencia de los planes PIVE y PIMA Aire sobre la fabricaci\u00f3n, pues han impulsado en casi 7 puntos porcentuales la adquisici\u00f3n del veh\u00edculo.<\/p>\n<p>De la trayectoria del a\u00f1o da cuenta que solo dos meses (febrero y marzo) hayan retrocedido en los registros productivos de comparativa interanual.<\/p>\n<p>Los fabricantes ya han expuesto que para 2014 la producci\u00f3n automovil\u00edstica espa\u00f1ola debe cerrarse en el orden de los 2,4 millones de veh\u00edculos, cifra transitoria hacia ese objetivo de los 3 millones que se ha fijado para 2016.<\/p>\n<p>En el apartado exterior, Anfac destaca que el super\u00e1vit comercial de los fabricantes de veh\u00edculos supera los 15.000 millones de euros, un crecimiento del 16,5 % respecto al mismo periodo del ano anterior y, a falta de un mes para su contabilidad anual, el valor de las exportaciones del sector casi alcanza los 34.000 millones.<\/p>\n<p>Por segmentos, los turismos han cerrado 2013 con 1.719.700 unidades (el 79,4 % de la producci\u00f3n global), aumentado el registro de 2012 en un 11,7 %. En el mes, la producci\u00f3n se elev\u00f3 a 98.032, con subida del 6,7 %<\/p>\n<p>Los todoterrenos, muy bajos en volumen por sus 34.968 unidades retroceden respecto al a\u00f1o precedente un 37 % y en diciembre, con s\u00f3lo 1.682 lo hacen un 46,7 %.<\/p>\n<p>Los veh\u00edculos industriales sumaron en la totalidad del ejercicio 406.670 unidades, que implican crecer en t\u00e9rminos interanuales un 6,4 %, pero en diciembre demostraron su capacidad para repuntar con 35.274 veh\u00edculos y una subida del 52,3 %.<\/p>\n<p>En cuanto a las exportaciones, en el conjunto del a\u00f1o, los turismos colocaron en el exterior 1.493.731 unidades (el 79,4 % del total exportado), que suponen un avance del 12,6 %.<\/p>\n<p>Los todoterrenos, con 34.300 unidades, casi el total de la producci\u00f3n, reducen el registro un 37,1 % en el a\u00f1o y un 48,6 % en el mes.<\/p>\n<p>Los industriales sacaron al mercado exterior 351.813 veh\u00edculos (+1,2 %) en el a\u00f1o y 25.564 en el mes (+30,9 %).<\/p>\n","protected":false},"excerpt":{"rendered":"<p>Madrid, 23 ene (EFE).- Las f\u00e1bricas de autom\u00f3viles instaladas en Espa\u00f1a cerraron 2103 con una producci\u00f3n de 2.163.338 veh\u00edculos, un 9,3 % m\u00e1s que en 2012, inform\u00f3 hoy la Asociaci\u00f3n Nacional de Fabricantes de Autom\u00f3viles y Camiones (Anfac). La capacidad productiva espa\u00f1ola sigue a buen ritmo, pues en diciembre estas instalaciones fabriles sacaron de sus [&hellip;]<\/p>\n","protected":false},"author":1,"featured_media":1132184,"comment_status":"closed","ping_status":"open","sticky":false,"template":"","format":"standard","meta":{"footnotes":""},"categories":[1],"tags":[],"class_list":["post-477444","post","type-post","status-publish","format-standard","has-post-thumbnail","hentry","category-actualidad"],"aioseo_notices":[],"aioseo_head":"\n\t\t<!-- All in One SEO Pro 5.0.1 - aioseo.com -->\n\t<meta name=\"description\" content=\"Madrid, 23 ene (EFE).- Las f\u00e1bricas de autom\u00f3viles instaladas en Espa\u00f1a cerraron 2103 con una producci\u00f3n de 2.163.338 veh\u00edculos, un 9,3 % m\u00e1s que en 2012, inform\u00f3 hoy la Asociaci\u00f3n Nacional de Fabricantes de Autom\u00f3viles y Camiones (Anfac). La capacidad productiva espa\u00f1ola sigue a buen ritmo, pues en diciembre estas instalaciones fabriles sacaron de sus\" \/>\n\t<meta name=\"robots\" content=\"max-image-preview:large\" \/>\n\t<meta name=\"author\" content=\"El Digital de Asturias\"\/>\n\t<meta name=\"google-site-verification\" content=\"UA-38556648-1\" \/>\n\t<meta name=\"msvalidate.01\" content=\"7dfe9f3f1b24437ab69f4f2559babe99\" \/>\n\t<meta name=\"keywords\" content=\"actualidad\" \/>\n\t<link rel=\"canonical\" href=\"https:\/\/www.eldigitaldeasturias.com\/noticias\/la-produccion-automovilistica-espanola-crece-un-93-por-ciento-en-2013\/\" \/>\n\t<meta name=\"generator\" content=\"All in One SEO Pro (AIOSEO) 5.0.1\" \/>\n\t\t<meta property=\"og:locale\" content=\"es_ES\" \/>\n\t\t<meta property=\"og:site_name\" content=\"El Digital de Asturias\" \/>\n\t\t<meta property=\"og:type\" content=\"article\" \/>\n\t\t<meta property=\"og:title\" content=\"La producci\u00f3n automovil\u00edstica espa\u00f1ola crece un 9,3 por ciento en 2013 - El Digital de Asturias\" \/>\n\t\t<meta property=\"og:description\" content=\"Madrid, 23 ene (EFE).- Las f\u00e1bricas de autom\u00f3viles instaladas en Espa\u00f1a cerraron 2103 con una producci\u00f3n de 2.163.338 veh\u00edculos, un 9,3 % m\u00e1s que en 2012, inform\u00f3 hoy la Asociaci\u00f3n Nacional de Fabricantes de Autom\u00f3viles y Camiones (Anfac). La capacidad productiva espa\u00f1ola sigue a buen ritmo, pues en diciembre estas instalaciones fabriles sacaron de sus\" \/>\n\t\t<meta property=\"og:url\" content=\"https:\/\/www.eldigitaldeasturias.com\/noticias\/la-produccion-automovilistica-espanola-crece-un-93-por-ciento-en-2013\/\" \/>\n\t\t<meta property=\"og:image\" content=\"https:\/\/www.eldigitaldeasturias.com\/noticias\/wp-content\/uploads\/2026\/06\/Contenidos.jpg\" \/>\n\t\t<meta property=\"og:image:secure_url\" content=\"https:\/\/www.eldigitaldeasturias.com\/noticias\/wp-content\/uploads\/2026\/06\/Contenidos.jpg\" \/>\n\t\t<meta property=\"og:image:width\" content=\"1265\" \/>\n\t\t<meta property=\"og:image:height\" content=\"697\" \/>\n\t\t<meta property=\"article:tag\" content=\"actualidad\" \/>\n\t\t<meta property=\"article:published_time\" content=\"2014-01-23T15:16:17+00:00\" \/>\n\t\t<meta property=\"article:modified_time\" content=\"2014-01-23T15:16:17+00:00\" \/>\n\t\t<meta property=\"article:publisher\" content=\"https:\/\/facebook.com\/eldigitaldeasturias\" \/>\n\t\t<meta name=\"twitter:card\" content=\"summary_large_image\" \/>\n\t\t<meta name=\"twitter:title\" content=\"La producci\u00f3n automovil\u00edstica espa\u00f1ola crece un 9,3 por ciento en 2013 - El Digital de Asturias\" \/>\n\t\t<meta name=\"twitter:description\" content=\"Madrid, 23 ene (EFE).- Las f\u00e1bricas de autom\u00f3viles instaladas en Espa\u00f1a cerraron 2103 con una producci\u00f3n de 2.163.338 veh\u00edculos, un 9,3 % m\u00e1s que en 2012, inform\u00f3 hoy la Asociaci\u00f3n Nacional de Fabricantes de Autom\u00f3viles y Camiones (Anfac). La capacidad productiva espa\u00f1ola sigue a buen ritmo, pues en diciembre estas instalaciones fabriles sacaron de sus\" \/>\n\t\t<meta name=\"twitter:image\" content=\"https:\/\/www.eldigitaldeasturias.com\/noticias\/wp-content\/uploads\/2026\/06\/Contenidos.jpg\" \/>\n\t\t<meta name=\"twitter:label1\" content=\"Escrito por\" \/>\n\t\t<meta name=\"twitter:data1\" content=\"El Digital de Asturias\" \/>\n\t\t<meta name=\"twitter:label2\" content=\"Tiempo de lectura estimado\" \/>\n\t\t<meta name=\"twitter:data2\" content=\"2 minutos\" \/>\n\t\t<script type=\"application\/ld+json\" class=\"aioseo-schema\">\n\t\t\t{\"@context\":\"https:\\\/\\\/schema.org\",\"@graph\":[{\"@type\":\"BlogPosting\",\"@id\":\"https:\\\/\\\/www.eldigitaldeasturias.com\\\/noticias\\\/la-produccion-automovilistica-espanola-crece-un-93-por-ciento-en-2013\\\/#blogposting\",\"name\":\"La producci\\u00f3n automovil\\u00edstica espa\\u00f1ola crece un 9,3 por ciento en 2013 - El Digital de Asturias\",\"headline\":\"La producci\\u00f3n automovil\\u00edstica espa\\u00f1ola crece un 9,3 por ciento en 2013\",\"author\":{\"@id\":\"https:\\\/\\\/www.eldigitaldeasturias.com\\\/noticias\\\/author\\\/admin\\\/#author\"},\"publisher\":{\"@id\":\"https:\\\/\\\/www.eldigitaldeasturias.com\\\/noticias\\\/#organization\"},\"image\":{\"@type\":\"ImageObject\",\"url\":\"https:\\\/\\\/www.eldigitaldeasturias.com\\\/noticias\\\/wp-content\\\/uploads\\\/2026\\\/06\\\/Contenidos.jpg\",\"width\":1265,\"height\":697,\"caption\":\"Contenidos\"},\"datePublished\":\"2014-01-23T14:16:17+01:00\",\"dateModified\":\"2014-01-23T14:16:17+01:00\",\"inLanguage\":\"es-ES\",\"mainEntityOfPage\":{\"@id\":\"https:\\\/\\\/www.eldigitaldeasturias.com\\\/noticias\\\/la-produccion-automovilistica-espanola-crece-un-93-por-ciento-en-2013\\\/#webpage\"},\"isPartOf\":{\"@id\":\"https:\\\/\\\/www.eldigitaldeasturias.com\\\/noticias\\\/la-produccion-automovilistica-espanola-crece-un-93-por-ciento-en-2013\\\/#webpage\"},\"articleSection\":\"Actualidad\"},{\"@type\":\"BreadcrumbList\",\"@id\":\"https:\\\/\\\/www.eldigitaldeasturias.com\\\/noticias\\\/la-produccion-automovilistica-espanola-crece-un-93-por-ciento-en-2013\\\/#breadcrumblist\",\"itemListElement\":[{\"@type\":\"ListItem\",\"@id\":\"https:\\\/\\\/www.eldigitaldeasturias.com\\\/noticias#listItem\",\"position\":1,\"name\":\"Home\",\"item\":\"https:\\\/\\\/www.eldigitaldeasturias.com\\\/noticias\",\"nextItem\":{\"@type\":\"ListItem\",\"@id\":\"https:\\\/\\\/www.eldigitaldeasturias.com\\\/noticias\\\/category\\\/actualidad\\\/#listItem\",\"name\":\"Actualidad\"}},{\"@type\":\"ListItem\",\"@id\":\"https:\\\/\\\/www.eldigitaldeasturias.com\\\/noticias\\\/category\\\/actualidad\\\/#listItem\",\"position\":2,\"name\":\"Actualidad\",\"item\":\"https:\\\/\\\/www.eldigitaldeasturias.com\\\/noticias\\\/category\\\/actualidad\\\/\",\"nextItem\":{\"@type\":\"ListItem\",\"@id\":\"https:\\\/\\\/www.eldigitaldeasturias.com\\\/noticias\\\/la-produccion-automovilistica-espanola-crece-un-93-por-ciento-en-2013\\\/#listItem\",\"name\":\"La producci\\u00f3n automovil\\u00edstica espa\\u00f1ola crece un 9,3 por ciento en 2013\"},\"previousItem\":{\"@type\":\"ListItem\",\"@id\":\"https:\\\/\\\/www.eldigitaldeasturias.com\\\/noticias#listItem\",\"name\":\"Home\"}},{\"@type\":\"ListItem\",\"@id\":\"https:\\\/\\\/www.eldigitaldeasturias.com\\\/noticias\\\/la-produccion-automovilistica-espanola-crece-un-93-por-ciento-en-2013\\\/#listItem\",\"position\":3,\"name\":\"La producci\\u00f3n automovil\\u00edstica espa\\u00f1ola crece un 9,3 por ciento en 2013\",\"previousItem\":{\"@type\":\"ListItem\",\"@id\":\"https:\\\/\\\/www.eldigitaldeasturias.com\\\/noticias\\\/category\\\/actualidad\\\/#listItem\",\"name\":\"Actualidad\"}}]},{\"@type\":\"Organization\",\"@id\":\"https:\\\/\\\/www.eldigitaldeasturias.com\\\/noticias\\\/#organization\",\"name\":\"El Digital de Asturias\",\"description\":\"Hemeroteca\",\"url\":\"https:\\\/\\\/www.eldigitaldeasturias.com\\\/noticias\\\/\",\"email\":\"info@eldigitaldeasturias.com\",\"telephone\":\"+34652131393\",\"logo\":{\"@type\":\"ImageObject\",\"url\":\"https:\\\/\\\/www.eldigitaldeasturias.com\\\/noticias\\\/wp-content\\\/uploads\\\/2020\\\/12\\\/EDA.jpg\",\"@id\":\"https:\\\/\\\/www.eldigitaldeasturias.com\\\/noticias\\\/la-produccion-automovilistica-espanola-crece-un-93-por-ciento-en-2013\\\/#organizationLogo\"},\"image\":{\"@id\":\"https:\\\/\\\/www.eldigitaldeasturias.com\\\/noticias\\\/la-produccion-automovilistica-espanola-crece-un-93-por-ciento-en-2013\\\/#organizationLogo\"},\"sameAs\":[\"https:\\\/\\\/facebook.com\\\/eldigitaldeasturias\",\"https:\\\/\\\/www.youtube.com\\\/channel\\\/UCZP-2wLEB9Rv6erhFmqVnvg\"],\"address\":{\"@id\":\"https:\\\/\\\/www.eldigitaldeasturias.com\\\/noticias\\\/#postaladdress\",\"@type\":\"PostalAddress\",\"streetAddress\":\"san antonio 4\",\"postalCode\":\"33430\",\"addressLocality\":\"Cand\\u00e1s\",\"addressRegion\":\"Asturias\",\"addressCountry\":\"ES\"}},{\"@type\":\"Person\",\"@id\":\"https:\\\/\\\/www.eldigitaldeasturias.com\\\/noticias\\\/author\\\/admin\\\/#author\",\"url\":\"https:\\\/\\\/www.eldigitaldeasturias.com\\\/noticias\\\/author\\\/admin\\\/\",\"name\":\"El Digital de Asturias\",\"image\":{\"@type\":\"ImageObject\",\"@id\":\"https:\\\/\\\/www.eldigitaldeasturias.com\\\/noticias\\\/la-produccion-automovilistica-espanola-crece-un-93-por-ciento-en-2013\\\/#authorImage\",\"url\":\"https:\\\/\\\/secure.gravatar.com\\\/avatar\\\/df2aeffc32bcd13f8d26072ef8a91b623d677766deac7f97ca815868cd41bf5e?s=96&d=mm&r=g\",\"width\":96,\"height\":96,\"caption\":\"El Digital de Asturias\"}},{\"@type\":\"WebPage\",\"@id\":\"https:\\\/\\\/www.eldigitaldeasturias.com\\\/noticias\\\/la-produccion-automovilistica-espanola-crece-un-93-por-ciento-en-2013\\\/#webpage\",\"url\":\"https:\\\/\\\/www.eldigitaldeasturias.com\\\/noticias\\\/la-produccion-automovilistica-espanola-crece-un-93-por-ciento-en-2013\\\/\",\"name\":\"La producci\\u00f3n automovil\\u00edstica espa\\u00f1ola crece un 9,3 por ciento en 2013 - El Digital de Asturias\",\"description\":\"Madrid, 23 ene (EFE).- Las f\\u00e1bricas de autom\\u00f3viles instaladas en Espa\\u00f1a cerraron 2103 con una producci\\u00f3n de 2.163.338 veh\\u00edculos, un 9,3 % m\\u00e1s que en 2012, inform\\u00f3 hoy la Asociaci\\u00f3n Nacional de Fabricantes de Autom\\u00f3viles y Camiones (Anfac). La capacidad productiva espa\\u00f1ola sigue a buen ritmo, pues en diciembre estas instalaciones fabriles sacaron de sus\",\"inLanguage\":\"es-ES\",\"isPartOf\":{\"@id\":\"https:\\\/\\\/www.eldigitaldeasturias.com\\\/noticias\\\/#website\"},\"breadcrumb\":{\"@id\":\"https:\\\/\\\/www.eldigitaldeasturias.com\\\/noticias\\\/la-produccion-automovilistica-espanola-crece-un-93-por-ciento-en-2013\\\/#breadcrumblist\"},\"author\":{\"@id\":\"https:\\\/\\\/www.eldigitaldeasturias.com\\\/noticias\\\/author\\\/admin\\\/#author\"},\"creator\":{\"@id\":\"https:\\\/\\\/www.eldigitaldeasturias.com\\\/noticias\\\/author\\\/admin\\\/#author\"},\"image\":{\"@type\":\"ImageObject\",\"url\":\"https:\\\/\\\/www.eldigitaldeasturias.com\\\/noticias\\\/wp-content\\\/uploads\\\/2026\\\/06\\\/Contenidos.jpg\",\"@id\":\"https:\\\/\\\/www.eldigitaldeasturias.com\\\/noticias\\\/la-produccion-automovilistica-espanola-crece-un-93-por-ciento-en-2013\\\/#mainImage\",\"width\":1265,\"height\":697,\"caption\":\"Contenidos\"},\"primaryImageOfPage\":{\"@id\":\"https:\\\/\\\/www.eldigitaldeasturias.com\\\/noticias\\\/la-produccion-automovilistica-espanola-crece-un-93-por-ciento-en-2013\\\/#mainImage\"},\"datePublished\":\"2014-01-23T14:16:17+01:00\",\"dateModified\":\"2014-01-23T14:16:17+01:00\"},{\"@type\":\"WebSite\",\"@id\":\"https:\\\/\\\/www.eldigitaldeasturias.com\\\/noticias\\\/#website\",\"url\":\"https:\\\/\\\/www.eldigitaldeasturias.com\\\/noticias\\\/\",\"name\":\"El Digital de Asturias - Diario de actualidad y noticias\",\"alternateName\":\"El Digital de Asturias - Diario de actualidad y noticias\",\"description\":\"Hemeroteca\",\"inLanguage\":\"es-ES\",\"publisher\":{\"@id\":\"https:\\\/\\\/www.eldigitaldeasturias.com\\\/noticias\\\/#organization\"}}]}\n\t\t<\/script>\n\t\t<!-- All in One SEO Pro -->\r\n\t\t<title>La producci\u00f3n automovil\u00edstica espa\u00f1ola crece un 9,3 por ciento en 2013 - El Digital de Asturias<\/title>\n\n","aioseo_head_json":{"title":"La producci\u00f3n automovil\u00edstica espa\u00f1ola crece un 9,3 por ciento en 2013 - El Digital de Asturias","description":"Madrid, 23 ene (EFE).- Las f\u00e1bricas de autom\u00f3viles instaladas en Espa\u00f1a cerraron 2103 con una producci\u00f3n de 2.163.338 veh\u00edculos, un 9,3 % m\u00e1s que en 2012, inform\u00f3 hoy la Asociaci\u00f3n Nacional de Fabricantes de Autom\u00f3viles y Camiones (Anfac). La capacidad productiva espa\u00f1ola sigue a buen ritmo, pues en diciembre estas instalaciones fabriles sacaron de sus","canonical_url":"https:\/\/www.eldigitaldeasturias.com\/noticias\/la-produccion-automovilistica-espanola-crece-un-93-por-ciento-en-2013\/","robots":"max-image-preview:large","keywords":"actualidad","webmasterTools":{"google-site-verification":"UA-38556648-1","msvalidate.01":"7dfe9f3f1b24437ab69f4f2559babe99","miscellaneous":""},"schema":{"@context":"https:\/\/schema.org","@graph":[{"@type":"BlogPosting","@id":"https:\/\/www.eldigitaldeasturias.com\/noticias\/la-produccion-automovilistica-espanola-crece-un-93-por-ciento-en-2013\/#blogposting","name":"La producci\u00f3n automovil\u00edstica espa\u00f1ola crece un 9,3 por ciento en 2013 - El Digital de Asturias","headline":"La producci\u00f3n automovil\u00edstica espa\u00f1ola crece un 9,3 por ciento en 2013","author":{"@id":"https:\/\/www.eldigitaldeasturias.com\/noticias\/author\/admin\/#author"},"publisher":{"@id":"https:\/\/www.eldigitaldeasturias.com\/noticias\/#organization"},"image":{"@type":"ImageObject","url":"https:\/\/www.eldigitaldeasturias.com\/noticias\/wp-content\/uploads\/2026\/06\/Contenidos.jpg","width":1265,"height":697,"caption":"Contenidos"},"datePublished":"2014-01-23T14:16:17+01:00","dateModified":"2014-01-23T14:16:17+01:00","inLanguage":"es-ES","mainEntityOfPage":{"@id":"https:\/\/www.eldigitaldeasturias.com\/noticias\/la-produccion-automovilistica-espanola-crece-un-93-por-ciento-en-2013\/#webpage"},"isPartOf":{"@id":"https:\/\/www.eldigitaldeasturias.com\/noticias\/la-produccion-automovilistica-espanola-crece-un-93-por-ciento-en-2013\/#webpage"},"articleSection":"Actualidad"},{"@type":"BreadcrumbList","@id":"https:\/\/www.eldigitaldeasturias.com\/noticias\/la-produccion-automovilistica-espanola-crece-un-93-por-ciento-en-2013\/#breadcrumblist","itemListElement":[{"@type":"ListItem","@id":"https:\/\/www.eldigitaldeasturias.com\/noticias#listItem","position":1,"name":"Home","item":"https:\/\/www.eldigitaldeasturias.com\/noticias","nextItem":{"@type":"ListItem","@id":"https:\/\/www.eldigitaldeasturias.com\/noticias\/category\/actualidad\/#listItem","name":"Actualidad"}},{"@type":"ListItem","@id":"https:\/\/www.eldigitaldeasturias.com\/noticias\/category\/actualidad\/#listItem","position":2,"name":"Actualidad","item":"https:\/\/www.eldigitaldeasturias.com\/noticias\/category\/actualidad\/","nextItem":{"@type":"ListItem","@id":"https:\/\/www.eldigitaldeasturias.com\/noticias\/la-produccion-automovilistica-espanola-crece-un-93-por-ciento-en-2013\/#listItem","name":"La producci\u00f3n automovil\u00edstica espa\u00f1ola crece un 9,3 por ciento en 2013"},"previousItem":{"@type":"ListItem","@id":"https:\/\/www.eldigitaldeasturias.com\/noticias#listItem","name":"Home"}},{"@type":"ListItem","@id":"https:\/\/www.eldigitaldeasturias.com\/noticias\/la-produccion-automovilistica-espanola-crece-un-93-por-ciento-en-2013\/#listItem","position":3,"name":"La producci\u00f3n automovil\u00edstica espa\u00f1ola crece un 9,3 por ciento en 2013","previousItem":{"@type":"ListItem","@id":"https:\/\/www.eldigitaldeasturias.com\/noticias\/category\/actualidad\/#listItem","name":"Actualidad"}}]},{"@type":"Organization","@id":"https:\/\/www.eldigitaldeasturias.com\/noticias\/#organization","name":"El Digital de Asturias","description":"Hemeroteca","url":"https:\/\/www.eldigitaldeasturias.com\/noticias\/","email":"info@eldigitaldeasturias.com","telephone":"+34652131393","logo":{"@type":"ImageObject","url":"https:\/\/www.eldigitaldeasturias.com\/noticias\/wp-content\/uploads\/2020\/12\/EDA.jpg","@id":"https:\/\/www.eldigitaldeasturias.com\/noticias\/la-produccion-automovilistica-espanola-crece-un-93-por-ciento-en-2013\/#organizationLogo"},"image":{"@id":"https:\/\/www.eldigitaldeasturias.com\/noticias\/la-produccion-automovilistica-espanola-crece-un-93-por-ciento-en-2013\/#organizationLogo"},"sameAs":["https:\/\/facebook.com\/eldigitaldeasturias","https:\/\/www.youtube.com\/channel\/UCZP-2wLEB9Rv6erhFmqVnvg"],"address":{"@id":"https:\/\/www.eldigitaldeasturias.com\/noticias\/#postaladdress","@type":"PostalAddress","streetAddress":"san antonio 4","postalCode":"33430","addressLocality":"Cand\u00e1s","addressRegion":"Asturias","addressCountry":"ES"}},{"@type":"Person","@id":"https:\/\/www.eldigitaldeasturias.com\/noticias\/author\/admin\/#author","url":"https:\/\/www.eldigitaldeasturias.com\/noticias\/author\/admin\/","name":"El Digital de Asturias","image":{"@type":"ImageObject","@id":"https:\/\/www.eldigitaldeasturias.com\/noticias\/la-produccion-automovilistica-espanola-crece-un-93-por-ciento-en-2013\/#authorImage","url":"https:\/\/secure.gravatar.com\/avatar\/df2aeffc32bcd13f8d26072ef8a91b623d677766deac7f97ca815868cd41bf5e?s=96&d=mm&r=g","width":96,"height":96,"caption":"El Digital de Asturias"}},{"@type":"WebPage","@id":"https:\/\/www.eldigitaldeasturias.com\/noticias\/la-produccion-automovilistica-espanola-crece-un-93-por-ciento-en-2013\/#webpage","url":"https:\/\/www.eldigitaldeasturias.com\/noticias\/la-produccion-automovilistica-espanola-crece-un-93-por-ciento-en-2013\/","name":"La producci\u00f3n automovil\u00edstica espa\u00f1ola crece un 9,3 por ciento en 2013 - El Digital de Asturias","description":"Madrid, 23 ene (EFE).- Las f\u00e1bricas de autom\u00f3viles instaladas en Espa\u00f1a cerraron 2103 con una producci\u00f3n de 2.163.338 veh\u00edculos, un 9,3 % m\u00e1s que en 2012, inform\u00f3 hoy la Asociaci\u00f3n Nacional de Fabricantes de Autom\u00f3viles y Camiones (Anfac). La capacidad productiva espa\u00f1ola sigue a buen ritmo, pues en diciembre estas instalaciones fabriles sacaron de sus","inLanguage":"es-ES","isPartOf":{"@id":"https:\/\/www.eldigitaldeasturias.com\/noticias\/#website"},"breadcrumb":{"@id":"https:\/\/www.eldigitaldeasturias.com\/noticias\/la-produccion-automovilistica-espanola-crece-un-93-por-ciento-en-2013\/#breadcrumblist"},"author":{"@id":"https:\/\/www.eldigitaldeasturias.com\/noticias\/author\/admin\/#author"},"creator":{"@id":"https:\/\/www.eldigitaldeasturias.com\/noticias\/author\/admin\/#author"},"image":{"@type":"ImageObject","url":"https:\/\/www.eldigitaldeasturias.com\/noticias\/wp-content\/uploads\/2026\/06\/Contenidos.jpg","@id":"https:\/\/www.eldigitaldeasturias.com\/noticias\/la-produccion-automovilistica-espanola-crece-un-93-por-ciento-en-2013\/#mainImage","width":1265,"height":697,"caption":"Contenidos"},"primaryImageOfPage":{"@id":"https:\/\/www.eldigitaldeasturias.com\/noticias\/la-produccion-automovilistica-espanola-crece-un-93-por-ciento-en-2013\/#mainImage"},"datePublished":"2014-01-23T14:16:17+01:00","dateModified":"2014-01-23T14:16:17+01:00"},{"@type":"WebSite","@id":"https:\/\/www.eldigitaldeasturias.com\/noticias\/#website","url":"https:\/\/www.eldigitaldeasturias.com\/noticias\/","name":"El Digital de Asturias - Diario de actualidad y noticias","alternateName":"El Digital de Asturias - Diario de actualidad y noticias","description":"Hemeroteca","inLanguage":"es-ES","publisher":{"@id":"https:\/\/www.eldigitaldeasturias.com\/noticias\/#organization"}}]},"og:locale":"es_ES","og:site_name":"El Digital de Asturias","og:type":"article","og:title":"La producci\u00f3n automovil\u00edstica espa\u00f1ola crece un 9,3 por ciento en 2013 - El Digital de Asturias","og:description":"Madrid, 23 ene (EFE).- Las f\u00e1bricas de autom\u00f3viles instaladas en Espa\u00f1a cerraron 2103 con una producci\u00f3n de 2.163.338 veh\u00edculos, un 9,3 % m\u00e1s que en 2012, inform\u00f3 hoy la Asociaci\u00f3n Nacional de Fabricantes de Autom\u00f3viles y Camiones (Anfac). La capacidad productiva espa\u00f1ola sigue a buen ritmo, pues en diciembre estas instalaciones fabriles sacaron de sus","og:url":"https:\/\/www.eldigitaldeasturias.com\/noticias\/la-produccion-automovilistica-espanola-crece-un-93-por-ciento-en-2013\/","og:image":"https:\/\/www.eldigitaldeasturias.com\/noticias\/wp-content\/uploads\/2026\/06\/Contenidos.jpg","og:image:secure_url":"https:\/\/www.eldigitaldeasturias.com\/noticias\/wp-content\/uploads\/2026\/06\/Contenidos.jpg","og:image:width":1265,"og:image:height":697,"article:tag":["actualidad"],"article:published_time":"2014-01-23T15:16:17+00:00","article:modified_time":"2014-01-23T15:16:17+00:00","article:publisher":"https:\/\/facebook.com\/eldigitaldeasturias","twitter:card":"summary_large_image","twitter:title":"La producci\u00f3n automovil\u00edstica espa\u00f1ola crece un 9,3 por ciento en 2013 - El Digital de Asturias","twitter:description":"Madrid, 23 ene (EFE).- Las f\u00e1bricas de autom\u00f3viles instaladas en Espa\u00f1a cerraron 2103 con una producci\u00f3n de 2.163.338 veh\u00edculos, un 9,3 % m\u00e1s que en 2012, inform\u00f3 hoy la Asociaci\u00f3n Nacional de Fabricantes de Autom\u00f3viles y Camiones (Anfac). La capacidad productiva espa\u00f1ola sigue a buen ritmo, pues en diciembre estas instalaciones fabriles sacaron de sus","twitter:image":"https:\/\/www.eldigitaldeasturias.com\/noticias\/wp-content\/uploads\/2026\/06\/Contenidos.jpg","twitter:label1":"Escrito por","twitter:data1":"El Digital de Asturias","twitter:label2":"Tiempo de lectura estimado","twitter:data2":"2 minutos"},"aioseo_meta_data":{"post_id":"477444","title":null,"description":null,"keywords":null,"keyphrases":null,"primary_term":null,"canonical_url":null,"og_title":null,"og_description":null,"og_object_type":"default","og_image_type":"default","og_image_url":null,"og_image_width":null,"og_image_height":null,"og_image_custom_url":null,"og_image_custom_fields":null,"og_video":null,"og_custom_url":null,"og_article_section":null,"og_article_tags":null,"twitter_use_og":true,"twitter_card":"default","twitter_image_type":"default","twitter_image_url":null,"twitter_image_custom_url":null,"twitter_image_custom_fields":null,"twitter_title":null,"twitter_description":null,"schema":{"blockGraphs":[],"customGraphs":[],"default":{"data":{"Article":[],"Course":[],"Dataset":[],"FAQPage":[],"Movie":[],"Person":[],"Product":[],"ProductReview":[],"Car":[],"Recipe":[],"Service":[],"SoftwareApplication":[],"WebPage":[]},"graphName":"","isEnabled":true},"graphs":[],"defaultGraph":"","defaultPostTypeGraph":""},"schema_type":null,"schema_type_options":null,"pillar_content":false,"robots_default":true,"robots_noindex":false,"robots_noarchive":false,"robots_nosnippet":false,"robots_nofollow":false,"robots_noimageindex":false,"robots_noodp":false,"robots_notranslate":false,"robots_max_snippet":null,"robots_max_videopreview":null,"robots_max_imagepreview":"none","priority":null,"frequency":null,"local_seo":null,"seo_analyzer_scan_date":"2026-06-01 18:34:01","breadcrumb_settings":null,"limit_modified_date":false,"open_ai":null,"ai":null,"created":"2020-11-14 22:53:44","updated":"2026-06-01 18:34:01","focus_keyword":null,"additional_keywords":null,"truseo_locale":null},"aioseo_breadcrumb":"<div class=\"aioseo-breadcrumbs\"><span class=\"aioseo-breadcrumb\">\n\t<a href=\"https:\/\/www.eldigitaldeasturias.com\/noticias\" title=\"Home\">Home<\/a>\n<\/span><span class=\"aioseo-breadcrumb-separator\">\u2013<\/span><span class=\"aioseo-breadcrumb\">\n\t<a href=\"https:\/\/www.eldigitaldeasturias.com\/noticias\/category\/actualidad\/\" title=\"Actualidad\">Actualidad<\/a>\n<\/span><span class=\"aioseo-breadcrumb-separator\">\u2013<\/span><span class=\"aioseo-breadcrumb\">\n\t<a href=\"https:\/\/www.eldigitaldeasturias.com\/noticias\/la-produccion-automovilistica-espanola-crece-un-93-por-ciento-en-2013\/\" title=\"La producci\u00f3n automovil\u00edstica espa\u00f1ola crece un 9,3 por ciento en 2013\">La producci\u00f3n automovil\u00edstica espa\u00f1ola crece un 9,3 por ciento en 2013<\/a>\n<\/span><\/div>","aioseo_breadcrumb_json":[{"label":"Home","link":"https:\/\/www.eldigitaldeasturias.com\/noticias"},{"label":"Actualidad","link":"https:\/\/www.eldigitaldeasturias.com\/noticias\/category\/actualidad\/"},{"label":"La producci\u00f3n automovil\u00edstica espa\u00f1ola crece un 9,3 por ciento en 2013","link":"https:\/\/www.eldigitaldeasturias.com\/noticias\/la-produccion-automovilistica-espanola-crece-un-93-por-ciento-en-2013\/"}],"_links":{"self":[{"href":"https:\/\/www.eldigitaldeasturias.com\/noticias\/wp-json\/wp\/v2\/posts\/477444","targetHints":{"allow":["GET"]}}],"collection":[{"href":"https:\/\/www.eldigitaldeasturias.com\/noticias\/wp-json\/wp\/v2\/posts"}],"about":[{"href":"https:\/\/www.eldigitaldeasturias.com\/noticias\/wp-json\/wp\/v2\/types\/post"}],"author":[{"embeddable":true,"href":"https:\/\/www.eldigitaldeasturias.com\/noticias\/wp-json\/wp\/v2\/users\/1"}],"replies":[{"embeddable":true,"href":"https:\/\/www.eldigitaldeasturias.com\/noticias\/wp-json\/wp\/v2\/comments?post=477444"}],"version-history":[{"count":0,"href":"https:\/\/www.eldigitaldeasturias.com\/noticias\/wp-json\/wp\/v2\/posts\/477444\/revisions"}],"wp:featuredmedia":[{"embeddable":true,"href":"https:\/\/www.eldigitaldeasturias.com\/noticias\/wp-json\/wp\/v2\/media\/1132184"}],"wp:attachment":[{"href":"https:\/\/www.eldigitaldeasturias.com\/noticias\/wp-json\/wp\/v2\/media?parent=477444"}],"wp:term":[{"taxonomy":"category","embeddable":true,"href":"https:\/\/www.eldigitaldeasturias.com\/noticias\/wp-json\/wp\/v2\/categories?post=477444"},{"taxonomy":"post_tag","embeddable":true,"href":"https:\/\/www.eldigitaldeasturias.com\/noticias\/wp-json\/wp\/v2\/tags?post=477444"}],"curies":[{"name":"wp","href":"https:\/\/api.w.org\/{rel}","templated":true}]}}